{"id":319773,"date":"2021-12-29T22:02:32","date_gmt":"2021-12-30T01:02:32","guid":{"rendered":"https:\/\/mrnews.com.br\/?p=319773"},"modified":"2021-12-29T22:23:33","modified_gmt":"2021-12-30T01:23:33","slug":"novo-post-criado-em-29-de-dec-de-2021-as-124708-vasconet","status":"publish","type":"post","link":"https:\/\/mrnews.com.br\/index.php\/2021\/12\/29\/novo-post-criado-em-29-de-dec-de-2021-as-124708-vasconet\/","title":{"rendered":"Pesquisador relembra festa de Natal realizada em S\u00e3o Janu\u00e1rio para as crian\u00e7as pobres em 1927"},"content":{"rendered":"<p>Pesquisador relembra festa de Natal realizada em S\u00e3o Janu\u00e1rio para as crian\u00e7as pobres em 1927; ou\u00e7a Ter\u00e7a-feira, 28\/12\/2021 \u2013 17:26 O Vasco da Gama tem uma hist\u00f3ria maravilhosa e cabe nas principais datas comemorativas de qualquer ano. \u00c9poca de Natal tamb\u00e9m foi marcada por grandes eventos em S\u00e3o Janu\u00e1rio, inaugurado em 1927 com os esfor\u00e7os de brasileiros e portugueses simpatizantes da Cruz de Malta.<\/p>\n<p>Naquele ano, conta Henrique Hubner, historiador vasca\u00edno, o rec\u00e9m inaugurado est\u00e1dio da colina recebeu o ent\u00e3o Palestra It\u00e1lia, hoje Palmeiras, para uma partida com os camisas negras, como era chamado o Vasco da Gama naquela \u00e9poca e a vit\u00f3ria do time da casa numa goleada de 4\u00d70.<\/p>\n<p>No dia de Natal, as grandes vasca\u00ednas da sociedade carioca, se cotizaram e fizeram uma linda festa para cerca de 6 mil crian\u00e7as no gramado de S\u00e3o Janu\u00e1rio com direito at\u00e9 um ringue montado para a divers\u00e3o da meninada. Vale a pena ouvir Henrique Hubner e se orgulhar de ser vasca\u00edno.<\/p>\n<p>Ou\u00e7a:<\/p>\n<p><audio id=\"audio-601000-1\" class=\"wp-audio-shortcode\" style=\"width: 100%;\" preload=\"none\" controls=\"controls\">https:\/\/www.tupi.fm\/wp-content\/uploads\/Henrique-Hubner-segunda-271221-Natal-vasco-1927.mp3<\/audio><\/p>\n<p>Fonte: Super R\u00e1dio Tupi<\/p>\n<p>&nbsp;<\/p>\n<h3>Relacionado<\/h3>\n<p>Fonte: <a title=\"vasconet.com.br\/2021\/12\/29\/novo-post-criado-em-29-de-dec-de-2021-as-124708\" href=\"\/\/vasconet.com.br\/2021\/12\/29\/novo-post-criado-em-29-de-dec-de-2021-as-124708\" target=\"_blank\" rel=\"bookmark noopener\"><cite>vasconet.com.br\/2021\/12\/29\/novo-post-criado-em-29-de-dec-de-2021-as-124708<\/cite><\/a><\/p>\n","protected":false},"excerpt":{"rendered":"<p>Pesquisador relembra festa de Natal realizada em S\u00e3o Janu\u00e1rio para as crian\u00e7as pobres em 1927; ou\u00e7a Ter\u00e7a-feira, 28\/12\/2021 \u2013 17:26 O Vasco da Gama tem uma hist\u00f3ria maravilhosa e cabe nas principais datas comemorativas de qualquer ano. \u00c9poca de Natal tamb\u00e9m foi marcada por grandes eventos em S\u00e3o Janu\u00e1rio, inaugurado em 1927 com os esfor\u00e7os &hellip;<\/p>\n","protected":false},"author":1,"featured_media":0,"comment_status":"open","ping_status":"open","sticky":false,"template":"","format":"standard","meta":{"_jetpack_newsletter_access":"","_jetpack_dont_email_post_to_subs":false,"_jetpack_newsletter_tier_id":0,"_jetpack_memberships_contains_paywalled_content":false,"_jetpack_feature_clip_id":0,"_jetpack_memberships_contains_paid_content":false,"footnotes":"","jetpack_post_was_ever_published":false},"categories":[9600],"tags":[],"class_list":["post-319773","post","type-post","status-publish","format-standard","hentry","category-vasco"],"yoast_head":"<!-- This site is optimized with the Yoast SEO plugin v28.4 - https:\/\/yoast.com\/product\/yoast-seo-wordpress\/ -->\n<title>Pesquisador relembra festa de Natal realizada em S\u00e3o Janu\u00e1rio para as crian\u00e7as pobres em 1927<\/title>\n<meta name=\"robots\" content=\"index, follow, max-snippet:-1, max-image-preview:large, max-video-preview:-1\" \/>\n<link rel=\"canonical\" href=\"https:\/\/mrnews.com.br\/index.php\/2021\/12\/29\/novo-post-criado-em-29-de-dec-de-2021-as-124708-vasconet\/\" \/>\n<meta property=\"og:locale\" content=\"pt_BR\" \/>\n<meta property=\"og:type\" content=\"article\" \/>\n<meta property=\"og:title\" content=\"Pesquisador relembra festa de Natal realizada em S\u00e3o Janu\u00e1rio para as crian\u00e7as pobres em 1927\" \/>\n<meta property=\"og:description\" content=\"Pesquisador relembra festa de Natal realizada em S\u00e3o Janu\u00e1rio para as crian\u00e7as pobres em 1927; ou\u00e7a Ter\u00e7a-feira, 28\/12\/2021 \u2013 17:26 O Vasco da Gama tem uma hist\u00f3ria maravilhosa e cabe nas principais datas comemorativas de qualquer ano. \u00c9poca de Natal tamb\u00e9m foi marcada por grandes eventos em S\u00e3o Janu\u00e1rio, inaugurado em 1927 com os esfor\u00e7os &hellip;\" \/>\n<meta property=\"og:url\" content=\"https:\/\/mrnews.com.br\/index.php\/2021\/12\/29\/novo-post-criado-em-29-de-dec-de-2021-as-124708-vasconet\/\" \/>\n<meta property=\"og:site_name\" content=\"MRNews\" \/>\n<meta property=\"article:publisher\" content=\"https:\/\/www.facebook.com\/eaipahpah\/?locale2=pt_BR\" \/>\n<meta property=\"article:published_time\" content=\"2021-12-30T01:02:32+00:00\" \/>\n<meta property=\"article:modified_time\" content=\"2021-12-30T01:23:33+00:00\" \/>\n<meta name=\"author\" content=\"MR News\" \/>\n<meta name=\"twitter:card\" content=\"summary_large_image\" \/>\n<meta name=\"twitter:creator\" content=\"@conspirou\" \/>\n<meta name=\"twitter:site\" content=\"@conspirou\" \/>\n<meta name=\"twitter:label1\" content=\"Escrito por\" \/>\n\t<meta name=\"twitter:data1\" content=\"MR News\" \/>\n\t<meta name=\"twitter:label2\" content=\"Est. tempo de leitura\" \/>\n\t<meta name=\"twitter:data2\" content=\"1 minuto\" \/>\n<script type=\"application\/ld+json\" class=\"yoast-schema-graph\">{\"@context\":\"https:\\\/\\\/schema.org\",\"@graph\":[{\"@type\":\"Article\",\"@id\":\"https:\\\/\\\/mrnews.com.br\\\/index.php\\\/2021\\\/12\\\/29\\\/novo-post-criado-em-29-de-dec-de-2021-as-124708-vasconet\\\/#article\",\"isPartOf\":{\"@id\":\"https:\\\/\\\/mrnews.com.br\\\/index.php\\\/2021\\\/12\\\/29\\\/novo-post-criado-em-29-de-dec-de-2021-as-124708-vasconet\\\/\"},\"author\":{\"name\":\"MR News\",\"@id\":\"https:\\\/\\\/mrnews.com.br\\\/#\\\/schema\\\/person\\\/be3203154562a9f207407861cef7827b\"},\"headline\":\"Pesquisador relembra festa de Natal realizada em S\u00e3o Janu\u00e1rio para as crian\u00e7as pobres em 1927\",\"datePublished\":\"2021-12-30T01:02:32+00:00\",\"dateModified\":\"2021-12-30T01:23:33+00:00\",\"mainEntityOfPage\":{\"@id\":\"https:\\\/\\\/mrnews.com.br\\\/index.php\\\/2021\\\/12\\\/29\\\/novo-post-criado-em-29-de-dec-de-2021-as-124708-vasconet\\\/\"},\"wordCount\":219,\"commentCount\":0,\"publisher\":{\"@id\":\"https:\\\/\\\/mrnews.com.br\\\/#organization\"},\"articleSection\":[\"VASCO\"],\"inLanguage\":\"pt-BR\",\"potentialAction\":[{\"@type\":\"CommentAction\",\"name\":\"Comment\",\"target\":[\"https:\\\/\\\/mrnews.com.br\\\/index.php\\\/2021\\\/12\\\/29\\\/novo-post-criado-em-29-de-dec-de-2021-as-124708-vasconet\\\/#respond\"]}]},{\"@type\":\"WebPage\",\"@id\":\"https:\\\/\\\/mrnews.com.br\\\/index.php\\\/2021\\\/12\\\/29\\\/novo-post-criado-em-29-de-dec-de-2021-as-124708-vasconet\\\/\",\"url\":\"https:\\\/\\\/mrnews.com.br\\\/index.php\\\/2021\\\/12\\\/29\\\/novo-post-criado-em-29-de-dec-de-2021-as-124708-vasconet\\\/\",\"name\":\"Pesquisador relembra festa de Natal realizada em S\u00e3o Janu\u00e1rio para as crian\u00e7as pobres em 1927\",\"isPartOf\":{\"@id\":\"https:\\\/\\\/mrnews.com.br\\\/#website\"},\"datePublished\":\"2021-12-30T01:02:32+00:00\",\"dateModified\":\"2021-12-30T01:23:33+00:00\",\"breadcrumb\":{\"@id\":\"https:\\\/\\\/mrnews.com.br\\\/index.php\\\/2021\\\/12\\\/29\\\/novo-post-criado-em-29-de-dec-de-2021-as-124708-vasconet\\\/#breadcrumb\"},\"inLanguage\":\"pt-BR\",\"potentialAction\":[{\"@type\":\"ReadAction\",\"target\":[\"https:\\\/\\\/mrnews.com.br\\\/index.php\\\/2021\\\/12\\\/29\\\/novo-post-criado-em-29-de-dec-de-2021-as-124708-vasconet\\\/\"]}]},{\"@type\":\"BreadcrumbList\",\"@id\":\"https:\\\/\\\/mrnews.com.br\\\/index.php\\\/2021\\\/12\\\/29\\\/novo-post-criado-em-29-de-dec-de-2021-as-124708-vasconet\\\/#breadcrumb\",\"itemListElement\":[{\"@type\":\"ListItem\",\"position\":1,\"name\":\"In\u00edcio\",\"item\":\"https:\\\/\\\/mrnews.com.br\\\/\"},{\"@type\":\"ListItem\",\"position\":2,\"name\":\"Pesquisador relembra festa de Natal realizada em S\u00e3o Janu\u00e1rio para as crian\u00e7as pobres em 1927\"}]},{\"@type\":\"WebSite\",\"@id\":\"https:\\\/\\\/mrnews.com.br\\\/#website\",\"url\":\"https:\\\/\\\/mrnews.com.br\\\/\",\"name\":\"MRNews\",\"description\":\"MRNews Jogos de hoje da TV, transmiss\u00f5es ao vivo, Not\u00edcias de futebol, Jogos ao vivo, Lives, resumo de novelas, Programa\u00e7\u00e3o da Globo, A Fazenda e BBB\",\"publisher\":{\"@id\":\"https:\\\/\\\/mrnews.com.br\\\/#organization\"},\"potentialAction\":[{\"@type\":\"SearchAction\",\"target\":{\"@type\":\"EntryPoint\",\"urlTemplate\":\"https:\\\/\\\/mrnews.com.br\\\/?s={search_term_string}\"},\"query-input\":{\"@type\":\"PropertyValueSpecification\",\"valueRequired\":true,\"valueName\":\"search_term_string\"}}],\"inLanguage\":\"pt-BR\"},{\"@type\":\"Organization\",\"@id\":\"https:\\\/\\\/mrnews.com.br\\\/#organization\",\"name\":\"MRNews\",\"url\":\"https:\\\/\\\/mrnews.com.br\\\/\",\"logo\":{\"@type\":\"ImageObject\",\"inLanguage\":\"pt-BR\",\"@id\":\"https:\\\/\\\/mrnews.com.br\\\/#\\\/schema\\\/logo\\\/image\\\/\",\"url\":\"https:\\\/\\\/mrnews.com.br\\\/wp-content\\\/uploads\\\/2026\\\/08\\\/MRNEws.png\",\"contentUrl\":\"https:\\\/\\\/mrnews.com.br\\\/wp-content\\\/uploads\\\/2026\\\/08\\\/MRNEws.png\",\"width\":1254,\"height\":1254,\"caption\":\"MRNews\"},\"image\":{\"@id\":\"https:\\\/\\\/mrnews.com.br\\\/#\\\/schema\\\/logo\\\/image\\\/\"},\"sameAs\":[\"https:\\\/\\\/www.facebook.com\\\/eaipahpah\\\/?locale2=pt_BR\",\"https:\\\/\\\/x.com\\\/conspirou\",\"https:\\\/\\\/www.instagram.com\\\/eai_pahpah\",\"https:\\\/\\\/br.pinterest.com\\\/mrnewsn\\\/boards\\\/\",\"https:\\\/\\\/www.youtube.com\\\/channel\\\/UCacgnpznQ61fifLWr1tQ-vA?view_as=subscriber\"]},{\"@type\":\"Person\",\"@id\":\"https:\\\/\\\/mrnews.com.br\\\/#\\\/schema\\\/person\\\/be3203154562a9f207407861cef7827b\",\"name\":\"MR News\",\"image\":{\"@type\":\"ImageObject\",\"inLanguage\":\"pt-BR\",\"@id\":\"https:\\\/\\\/secure.gravatar.com\\\/avatar\\\/04084e6d73c042b8646e7c17b494073bf0ede3ea13c7105cfc45cbbbc28385a4?s=96&d=monsterid&r=g\",\"url\":\"https:\\\/\\\/secure.gravatar.com\\\/avatar\\\/04084e6d73c042b8646e7c17b494073bf0ede3ea13c7105cfc45cbbbc28385a4?s=96&d=monsterid&r=g\",\"contentUrl\":\"https:\\\/\\\/secure.gravatar.com\\\/avatar\\\/04084e6d73c042b8646e7c17b494073bf0ede3ea13c7105cfc45cbbbc28385a4?s=96&d=monsterid&r=g\",\"caption\":\"MR News\"},\"description\":\"Especializado em jornalismo colaborativo pela FTP em n\u00edvel de p\u00f3s-gradua\u00e7\u00e3o. suporte@oimeliga.combr\",\"sameAs\":[\"HUGO R.\",\"Admin\"],\"url\":\"https:\\\/\\\/mrnews.com.br\\\/index.php\\\/author\\\/admin\\\/\"}]}<\/script>\n<!-- \/ Yoast SEO plugin. -->","yoast_head_json":{"title":"Pesquisador relembra festa de Natal realizada em S\u00e3o Janu\u00e1rio para as crian\u00e7as pobres em 1927","robots":{"index":"index","follow":"follow","max-snippet":"max-snippet:-1","max-image-preview":"max-image-preview:large","max-video-preview":"max-video-preview:-1"},"canonical":"https:\/\/mrnews.com.br\/index.php\/2021\/12\/29\/novo-post-criado-em-29-de-dec-de-2021-as-124708-vasconet\/","og_locale":"pt_BR","og_type":"article","og_title":"Pesquisador relembra festa de Natal realizada em S\u00e3o Janu\u00e1rio para as crian\u00e7as pobres em 1927","og_description":"Pesquisador relembra festa de Natal realizada em S\u00e3o Janu\u00e1rio para as crian\u00e7as pobres em 1927; ou\u00e7a Ter\u00e7a-feira, 28\/12\/2021 \u2013 17:26 O Vasco da Gama tem uma hist\u00f3ria maravilhosa e cabe nas principais datas comemorativas de qualquer ano. \u00c9poca de Natal tamb\u00e9m foi marcada por grandes eventos em S\u00e3o Janu\u00e1rio, inaugurado em 1927 com os esfor\u00e7os &hellip;","og_url":"https:\/\/mrnews.com.br\/index.php\/2021\/12\/29\/novo-post-criado-em-29-de-dec-de-2021-as-124708-vasconet\/","og_site_name":"MRNews","article_publisher":"https:\/\/www.facebook.com\/eaipahpah\/?locale2=pt_BR","article_published_time":"2021-12-30T01:02:32+00:00","article_modified_time":"2021-12-30T01:23:33+00:00","author":"MR News","twitter_card":"summary_large_image","twitter_creator":"@conspirou","twitter_site":"@conspirou","twitter_misc":{"Escrito por":"MR News","Est. tempo de leitura":"1 minuto"},"schema":{"@context":"https:\/\/schema.org","@graph":[{"@type":"Article","@id":"https:\/\/mrnews.com.br\/index.php\/2021\/12\/29\/novo-post-criado-em-29-de-dec-de-2021-as-124708-vasconet\/#article","isPartOf":{"@id":"https:\/\/mrnews.com.br\/index.php\/2021\/12\/29\/novo-post-criado-em-29-de-dec-de-2021-as-124708-vasconet\/"},"author":{"name":"MR News","@id":"https:\/\/mrnews.com.br\/#\/schema\/person\/be3203154562a9f207407861cef7827b"},"headline":"Pesquisador relembra festa de Natal realizada em S\u00e3o Janu\u00e1rio para as crian\u00e7as pobres em 1927","datePublished":"2021-12-30T01:02:32+00:00","dateModified":"2021-12-30T01:23:33+00:00","mainEntityOfPage":{"@id":"https:\/\/mrnews.com.br\/index.php\/2021\/12\/29\/novo-post-criado-em-29-de-dec-de-2021-as-124708-vasconet\/"},"wordCount":219,"commentCount":0,"publisher":{"@id":"https:\/\/mrnews.com.br\/#organization"},"articleSection":["VASCO"],"inLanguage":"pt-BR","potentialAction":[{"@type":"CommentAction","name":"Comment","target":["https:\/\/mrnews.com.br\/index.php\/2021\/12\/29\/novo-post-criado-em-29-de-dec-de-2021-as-124708-vasconet\/#respond"]}]},{"@type":"WebPage","@id":"https:\/\/mrnews.com.br\/index.php\/2021\/12\/29\/novo-post-criado-em-29-de-dec-de-2021-as-124708-vasconet\/","url":"https:\/\/mrnews.com.br\/index.php\/2021\/12\/29\/novo-post-criado-em-29-de-dec-de-2021-as-124708-vasconet\/","name":"Pesquisador relembra festa de Natal realizada em S\u00e3o Janu\u00e1rio para as crian\u00e7as pobres em 1927","isPartOf":{"@id":"https:\/\/mrnews.com.br\/#website"},"datePublished":"2021-12-30T01:02:32+00:00","dateModified":"2021-12-30T01:23:33+00:00","breadcrumb":{"@id":"https:\/\/mrnews.com.br\/index.php\/2021\/12\/29\/novo-post-criado-em-29-de-dec-de-2021-as-124708-vasconet\/#breadcrumb"},"inLanguage":"pt-BR","potentialAction":[{"@type":"ReadAction","target":["https:\/\/mrnews.com.br\/index.php\/2021\/12\/29\/novo-post-criado-em-29-de-dec-de-2021-as-124708-vasconet\/"]}]},{"@type":"BreadcrumbList","@id":"https:\/\/mrnews.com.br\/index.php\/2021\/12\/29\/novo-post-criado-em-29-de-dec-de-2021-as-124708-vasconet\/#breadcrumb","itemListElement":[{"@type":"ListItem","position":1,"name":"In\u00edcio","item":"https:\/\/mrnews.com.br\/"},{"@type":"ListItem","position":2,"name":"Pesquisador relembra festa de Natal realizada em S\u00e3o Janu\u00e1rio para as crian\u00e7as pobres em 1927"}]},{"@type":"WebSite","@id":"https:\/\/mrnews.com.br\/#website","url":"https:\/\/mrnews.com.br\/","name":"MRNews","description":"MRNews Jogos de hoje da TV, transmiss\u00f5es ao vivo, Not\u00edcias de futebol, Jogos ao vivo, Lives, resumo de novelas, Programa\u00e7\u00e3o da Globo, A Fazenda e BBB","publisher":{"@id":"https:\/\/mrnews.com.br\/#organization"},"potentialAction":[{"@type":"SearchAction","target":{"@type":"EntryPoint","urlTemplate":"https:\/\/mrnews.com.br\/?s={search_term_string}"},"query-input":{"@type":"PropertyValueSpecification","valueRequired":true,"valueName":"search_term_string"}}],"inLanguage":"pt-BR"},{"@type":"Organization","@id":"https:\/\/mrnews.com.br\/#organization","name":"MRNews","url":"https:\/\/mrnews.com.br\/","logo":{"@type":"ImageObject","inLanguage":"pt-BR","@id":"https:\/\/mrnews.com.br\/#\/schema\/logo\/image\/","url":"https:\/\/mrnews.com.br\/wp-content\/uploads\/2026\/08\/MRNEws.png","contentUrl":"https:\/\/mrnews.com.br\/wp-content\/uploads\/2026\/08\/MRNEws.png","width":1254,"height":1254,"caption":"MRNews"},"image":{"@id":"https:\/\/mrnews.com.br\/#\/schema\/logo\/image\/"},"sameAs":["https:\/\/www.facebook.com\/eaipahpah\/?locale2=pt_BR","https:\/\/x.com\/conspirou","https:\/\/www.instagram.com\/eai_pahpah","https:\/\/br.pinterest.com\/mrnewsn\/boards\/","https:\/\/www.youtube.com\/channel\/UCacgnpznQ61fifLWr1tQ-vA?view_as=subscriber"]},{"@type":"Person","@id":"https:\/\/mrnews.com.br\/#\/schema\/person\/be3203154562a9f207407861cef7827b","name":"MR News","image":{"@type":"ImageObject","inLanguage":"pt-BR","@id":"https:\/\/secure.gravatar.com\/avatar\/04084e6d73c042b8646e7c17b494073bf0ede3ea13c7105cfc45cbbbc28385a4?s=96&d=monsterid&r=g","url":"https:\/\/secure.gravatar.com\/avatar\/04084e6d73c042b8646e7c17b494073bf0ede3ea13c7105cfc45cbbbc28385a4?s=96&d=monsterid&r=g","contentUrl":"https:\/\/secure.gravatar.com\/avatar\/04084e6d73c042b8646e7c17b494073bf0ede3ea13c7105cfc45cbbbc28385a4?s=96&d=monsterid&r=g","caption":"MR News"},"description":"Especializado em jornalismo colaborativo pela FTP em n\u00edvel de p\u00f3s-gradua\u00e7\u00e3o. suporte@oimeliga.combr","sameAs":["HUGO R.","Admin"],"url":"https:\/\/mrnews.com.br\/index.php\/author\/admin\/"}]}},"jetpack_sharing_enabled":true,"jetpack_shortlink":"https:\/\/wp.me\/pa2Qf7-1lbD","amp_enabled":true,"jetpack_featured_media_url":"","_links":{"self":[{"href":"https:\/\/mrnews.com.br\/index.php\/wp-json\/wp\/v2\/posts\/319773","targetHints":{"allow":["GET"]}}],"collection":[{"href":"https:\/\/mrnews.com.br\/index.php\/wp-json\/wp\/v2\/posts"}],"about":[{"href":"https:\/\/mrnews.com.br\/index.php\/wp-json\/wp\/v2\/types\/post"}],"author":[{"embeddable":true,"href":"https:\/\/mrnews.com.br\/index.php\/wp-json\/wp\/v2\/users\/1"}],"replies":[{"embeddable":true,"href":"https:\/\/mrnews.com.br\/index.php\/wp-json\/wp\/v2\/comments?post=319773"}],"version-history":[{"count":0,"href":"https:\/\/mrnews.com.br\/index.php\/wp-json\/wp\/v2\/posts\/319773\/revisions"}],"wp:attachment":[{"href":"https:\/\/mrnews.com.br\/index.php\/wp-json\/wp\/v2\/media?parent=319773"}],"wp:term":[{"taxonomy":"category","embeddable":true,"href":"https:\/\/mrnews.com.br\/index.php\/wp-json\/wp\/v2\/categories?post=319773"},{"taxonomy":"post_tag","embeddable":true,"href":"https:\/\/mrnews.com.br\/index.php\/wp-json\/wp\/v2\/tags?post=319773"}],"curies":[{"name":"wp","href":"https:\/\/api.w.org\/{rel}","templated":true}]}}