{"id":339516,"date":"2022-04-28T21:28:29","date_gmt":"2022-04-29T00:28:29","guid":{"rendered":"https:\/\/mrnews.com.br\/?p=339516"},"modified":"2022-04-28T21:28:29","modified_gmt":"2022-04-29T00:28:29","slug":"menina-de-2-anos-e-encontrada-morta-dentro-de-casa-detalhes-do-crime-sao-perturbadores-foi-ele","status":"publish","type":"post","link":"https:\/\/mrnews.com.br\/index.php\/2022\/04\/28\/menina-de-2-anos-e-encontrada-morta-dentro-de-casa-detalhes-do-crime-sao-perturbadores-foi-ele\/","title":{"rendered":"Menina de 2 anos \u00e9 encontrada morta dentro de casa, detalhes do crime s\u00e3o perturbadores: &#8216;FOI ELE&#8217;"},"content":{"rendered":"<p>De acordo com as informa\u00e7\u00f5es do Corpo de Bombeiros, quando os param\u00e9dicos chegaram no apartamento a m\u00e3e carregava a filha nos bra\u00e7os completamente desesperada, Mait\u00ea foi atacada com uma faca e teve um corte muito grave e muito profundo em seu pesco\u00e7o, inclusive a faca que foi usada no crime j\u00e1 foi apreendida.<\/p>\n<p>&nbsp;<\/p>\n<p>Mait\u00ea Brambila dos Anjos, de apenas 2 anos de idade, foi encontrada morta no apartamento em que ela morava com a sua m\u00e3e e com o seu ex-padrasto, e foi ainda na noite dessa \u00faltima \u00faltima ter\u00e7a-feira, dia 26 de abril, eram por volta das 19 horas e 30 minutos, quando os familiares da crian\u00e7a tiveram que chamar a pol\u00edcia.<\/p>\n<p>A pequena garotinha foi encontrada j\u00e1 sem vida pela sua m\u00e3e, e ela estava deitada em uma cama, embaixo de umas cobertas com um corte em seu pesco\u00e7o, foi o que contou Julio Cezar Matias dos Anjos, que \u00e9 o av\u00f4 paterno de Mait\u00ea.<\/p>\n<p>De acordo com as informa\u00e7\u00f5es do Corpo de Bombeiros, quando os param\u00e9dicos chegaram no apartamento a m\u00e3e carregava a filha nos bra\u00e7os completamente desesperada, Mait\u00ea foi atacada com uma faca e teve um corte muito grave e muito profundo em seu pesco\u00e7o, inclusive a faca que foi usada no crime j\u00e1 foi apreendida.<\/p>\n<div class=\"code-block code-block-3\">\n<div id=\"M788420ScriptRootC1278172_0b247\">\n<div id=\"MarketGidComposite1278172_0b247\">\n<div>\n<div class=\"mgbox\"><\/div>\n<\/div>\n<\/div>\n<\/div>\n<\/div>\n<figure class=\"wp-block-image size-full\"><img decoding=\"async\" class=\"wp-image-2100\" src=\"https:\/\/coisasdecasal.com\/wp-content\/uploads\/2022\/04\/D33C2164-1654-4DED-B917-3984E497C10C.jpeg\" sizes=\"(max-width: 461px) 100vw, 461px\" srcset=\"https:\/\/coisasdecasal.com\/wp-content\/uploads\/2022\/04\/D33C2164-1654-4DED-B917-3984E497C10C.jpeg 461w, https:\/\/coisasdecasal.com\/wp-content\/uploads\/2022\/04\/D33C2164-1654-4DED-B917-3984E497C10C-167x300.jpeg 167w\" alt=\"\" width=\"461\" height=\"826\" \/><\/figure>\n<div class=\"send-web-push-ads\" data-type=\"A\" data-google-query-id=\"CJDdy9OAuPcCFWMG1AodfDACrQ\">\n<p>As informa\u00e7\u00f5es da Pol\u00edcia Militar relatam que a m\u00e3e da crian\u00e7a contou que havia deixado a pequena Mait\u00ea aos cuidados do seu ex-companheiro, para que assim ela pudesse trabalhar. E segundo as informa\u00e7\u00f5es da mulher, eles j\u00e1 estavam separados em torno de dois meses, por\u00e9m o homem continuava a frequentar a casa.<\/p>\n<p>Nessa \u00faltima ter\u00e7a-feira, que foi o dia do crime, o homem pediu para cuidar da crian\u00e7a, e ele falou que a levaria para a creche, pois no caminho queria comprar alguns presentes para a pequena. At\u00e9 ent\u00e3o era um tio da Mait\u00ea que era o respons\u00e1vel para levar ela para a escola.<\/p>\n<p>Na internet e nas redes sociais o pai biol\u00f3gico da pequena Mait\u00ea expressou todo o seu desespero e o tamanho da sua dor com morte tr\u00e1gica da sua filha t\u00e3o pequena, e ele inclusive pediu perd\u00e3o por n\u00e3o ter protegido ela.<\/p>\n<p>Foi na manh\u00e3 dessa \u00faltima quarta-feira, que o ex-padrasto da Mait\u00ea, resolveu se entregar para a pol\u00edcia, foi ele que ligou para a pol\u00edcia e falou exatamente onde ele estava, e se entregou sem nenhuma rea\u00e7\u00e3o. Marcelo Marins, que \u00e9 o delegado respons\u00e1vel pelo caso, falou que o homem estava sem ter para onde ir, ele n\u00e3o tinha absolutamente mais nenhuma sa\u00edda.<\/p>\n<p>Marcelo Marins falou: \u201cLigou para a Pol\u00edcia Militar dando o endere\u00e7o para irem lhe buscar, provavelmente estava com medo de ser linchado, pois, \u00e9 um crime grav\u00edssimo, que choca a popula\u00e7\u00e3o\u201d.<\/p>\n<\/div>\n","protected":false},"excerpt":{"rendered":"<p>De acordo com as informa\u00e7\u00f5es do Corpo de Bombeiros, quando os param\u00e9dicos chegaram no apartamento a m\u00e3e carregava a filha nos bra\u00e7os completamente desesperada, Mait\u00ea foi atacada com uma faca e teve um corte muito grave e muito profundo em seu pesco\u00e7o, inclusive a faca que foi usada no crime j\u00e1 foi apreendida. &nbsp; Mait\u00ea &hellip;<\/p>\n","protected":false},"author":1,"featured_media":0,"comment_status":"open","ping_status":"open","sticky":false,"template":"","format":"standard","meta":{"_jetpack_newsletter_access":"","_jetpack_dont_email_post_to_subs":false,"_jetpack_newsletter_tier_id":0,"_jetpack_memberships_contains_paywalled_content":false,"_jetpack_feature_clip_id":0,"_jetpack_memberships_contains_paid_content":false,"footnotes":"","jetpack_post_was_ever_published":false},"categories":[2,4],"tags":[],"class_list":["post-339516","post","type-post","status-publish","format-standard","hentry","category-entretenimento","category-servicos"],"yoast_head":"<!-- This site is optimized with the Yoast SEO plugin v28.4 - https:\/\/yoast.com\/product\/yoast-seo-wordpress\/ -->\n<title>Menina de 2 anos \u00e9 encontrada morta dentro de casa, detalhes do crime s\u00e3o perturbadores: &#039;FOI ELE&#039;<\/title>\n<meta name=\"robots\" content=\"index, follow, max-snippet:-1, max-image-preview:large, max-video-preview:-1\" \/>\n<link rel=\"canonical\" href=\"https:\/\/mrnews.com.br\/index.php\/2022\/04\/28\/menina-de-2-anos-e-encontrada-morta-dentro-de-casa-detalhes-do-crime-sao-perturbadores-foi-ele\/\" \/>\n<meta property=\"og:locale\" content=\"pt_BR\" \/>\n<meta property=\"og:type\" content=\"article\" \/>\n<meta property=\"og:title\" content=\"Menina de 2 anos \u00e9 encontrada morta dentro de casa, detalhes do crime s\u00e3o perturbadores: &#039;FOI ELE&#039;\" \/>\n<meta property=\"og:description\" content=\"De acordo com as informa\u00e7\u00f5es do Corpo de Bombeiros, quando os param\u00e9dicos chegaram no apartamento a m\u00e3e carregava a filha nos bra\u00e7os completamente desesperada, Mait\u00ea foi atacada com uma faca e teve um corte muito grave e muito profundo em seu pesco\u00e7o, inclusive a faca que foi usada no crime j\u00e1 foi apreendida. &nbsp; Mait\u00ea &hellip;\" \/>\n<meta property=\"og:url\" content=\"https:\/\/mrnews.com.br\/index.php\/2022\/04\/28\/menina-de-2-anos-e-encontrada-morta-dentro-de-casa-detalhes-do-crime-sao-perturbadores-foi-ele\/\" \/>\n<meta property=\"og:site_name\" content=\"MRNews\" \/>\n<meta property=\"article:publisher\" content=\"https:\/\/www.facebook.com\/eaipahpah\/?locale2=pt_BR\" \/>\n<meta property=\"article:published_time\" content=\"2022-04-29T00:28:29+00:00\" \/>\n<meta property=\"og:image\" content=\"https:\/\/mrnews.com.br\/wp-content\/uploads\/2022\/04\/BB1B4236-07E9-4CCC-9C56-2D707CCA0411-1024x538-1.jpeg\" \/>\n\t<meta property=\"og:image:width\" content=\"1024\" \/>\n\t<meta property=\"og:image:height\" content=\"538\" \/>\n\t<meta property=\"og:image:type\" content=\"image\/jpeg\" \/>\n<meta name=\"author\" content=\"MR News\" \/>\n<meta name=\"twitter:card\" content=\"summary_large_image\" \/>\n<meta name=\"twitter:creator\" content=\"@conspirou\" \/>\n<meta name=\"twitter:site\" content=\"@conspirou\" \/>\n<meta name=\"twitter:label1\" content=\"Escrito por\" \/>\n\t<meta name=\"twitter:data1\" content=\"MR News\" \/>\n\t<meta name=\"twitter:label2\" content=\"Est. tempo de leitura\" \/>\n\t<meta name=\"twitter:data2\" content=\"3 minutos\" \/>\n<script type=\"application\/ld+json\" class=\"yoast-schema-graph\">{\"@context\":\"https:\\\/\\\/schema.org\",\"@graph\":[{\"@type\":\"Article\",\"@id\":\"https:\\\/\\\/mrnews.com.br\\\/index.php\\\/2022\\\/04\\\/28\\\/menina-de-2-anos-e-encontrada-morta-dentro-de-casa-detalhes-do-crime-sao-perturbadores-foi-ele\\\/#article\",\"isPartOf\":{\"@id\":\"https:\\\/\\\/mrnews.com.br\\\/index.php\\\/2022\\\/04\\\/28\\\/menina-de-2-anos-e-encontrada-morta-dentro-de-casa-detalhes-do-crime-sao-perturbadores-foi-ele\\\/\"},\"author\":{\"name\":\"MR News\",\"@id\":\"https:\\\/\\\/mrnews.com.br\\\/#\\\/schema\\\/person\\\/be3203154562a9f207407861cef7827b\"},\"headline\":\"Menina de 2 anos \u00e9 encontrada morta dentro de casa, detalhes do crime s\u00e3o perturbadores: &#8216;FOI ELE&#8217;\",\"datePublished\":\"2022-04-29T00:28:29+00:00\",\"mainEntityOfPage\":{\"@id\":\"https:\\\/\\\/mrnews.com.br\\\/index.php\\\/2022\\\/04\\\/28\\\/menina-de-2-anos-e-encontrada-morta-dentro-de-casa-detalhes-do-crime-sao-perturbadores-foi-ele\\\/\"},\"wordCount\":499,\"commentCount\":0,\"publisher\":{\"@id\":\"https:\\\/\\\/mrnews.com.br\\\/#organization\"},\"image\":{\"@id\":\"https:\\\/\\\/mrnews.com.br\\\/index.php\\\/2022\\\/04\\\/28\\\/menina-de-2-anos-e-encontrada-morta-dentro-de-casa-detalhes-do-crime-sao-perturbadores-foi-ele\\\/#primaryimage\"},\"thumbnailUrl\":\"https:\\\/\\\/coisasdecasal.com\\\/wp-content\\\/uploads\\\/2022\\\/04\\\/D33C2164-1654-4DED-B917-3984E497C10C.jpeg\",\"articleSection\":[\"ENTRETENIMENTO\",\"SERVI\u00c7OS\"],\"inLanguage\":\"pt-BR\",\"potentialAction\":[{\"@type\":\"CommentAction\",\"name\":\"Comment\",\"target\":[\"https:\\\/\\\/mrnews.com.br\\\/index.php\\\/2022\\\/04\\\/28\\\/menina-de-2-anos-e-encontrada-morta-dentro-de-casa-detalhes-do-crime-sao-perturbadores-foi-ele\\\/#respond\"]}]},{\"@type\":\"WebPage\",\"@id\":\"https:\\\/\\\/mrnews.com.br\\\/index.php\\\/2022\\\/04\\\/28\\\/menina-de-2-anos-e-encontrada-morta-dentro-de-casa-detalhes-do-crime-sao-perturbadores-foi-ele\\\/\",\"url\":\"https:\\\/\\\/mrnews.com.br\\\/index.php\\\/2022\\\/04\\\/28\\\/menina-de-2-anos-e-encontrada-morta-dentro-de-casa-detalhes-do-crime-sao-perturbadores-foi-ele\\\/\",\"name\":\"Menina de 2 anos \u00e9 encontrada morta dentro de casa, detalhes do crime s\u00e3o perturbadores: 'FOI ELE'\",\"isPartOf\":{\"@id\":\"https:\\\/\\\/mrnews.com.br\\\/#website\"},\"primaryImageOfPage\":{\"@id\":\"https:\\\/\\\/mrnews.com.br\\\/index.php\\\/2022\\\/04\\\/28\\\/menina-de-2-anos-e-encontrada-morta-dentro-de-casa-detalhes-do-crime-sao-perturbadores-foi-ele\\\/#primaryimage\"},\"image\":{\"@id\":\"https:\\\/\\\/mrnews.com.br\\\/index.php\\\/2022\\\/04\\\/28\\\/menina-de-2-anos-e-encontrada-morta-dentro-de-casa-detalhes-do-crime-sao-perturbadores-foi-ele\\\/#primaryimage\"},\"thumbnailUrl\":\"https:\\\/\\\/coisasdecasal.com\\\/wp-content\\\/uploads\\\/2022\\\/04\\\/D33C2164-1654-4DED-B917-3984E497C10C.jpeg\",\"datePublished\":\"2022-04-29T00:28:29+00:00\",\"breadcrumb\":{\"@id\":\"https:\\\/\\\/mrnews.com.br\\\/index.php\\\/2022\\\/04\\\/28\\\/menina-de-2-anos-e-encontrada-morta-dentro-de-casa-detalhes-do-crime-sao-perturbadores-foi-ele\\\/#breadcrumb\"},\"inLanguage\":\"pt-BR\",\"potentialAction\":[{\"@type\":\"ReadAction\",\"target\":[\"https:\\\/\\\/mrnews.com.br\\\/index.php\\\/2022\\\/04\\\/28\\\/menina-de-2-anos-e-encontrada-morta-dentro-de-casa-detalhes-do-crime-sao-perturbadores-foi-ele\\\/\"]}]},{\"@type\":\"ImageObject\",\"inLanguage\":\"pt-BR\",\"@id\":\"https:\\\/\\\/mrnews.com.br\\\/index.php\\\/2022\\\/04\\\/28\\\/menina-de-2-anos-e-encontrada-morta-dentro-de-casa-detalhes-do-crime-sao-perturbadores-foi-ele\\\/#primaryimage\",\"url\":\"https:\\\/\\\/coisasdecasal.com\\\/wp-content\\\/uploads\\\/2022\\\/04\\\/D33C2164-1654-4DED-B917-3984E497C10C.jpeg\",\"contentUrl\":\"https:\\\/\\\/coisasdecasal.com\\\/wp-content\\\/uploads\\\/2022\\\/04\\\/D33C2164-1654-4DED-B917-3984E497C10C.jpeg\"},{\"@type\":\"BreadcrumbList\",\"@id\":\"https:\\\/\\\/mrnews.com.br\\\/index.php\\\/2022\\\/04\\\/28\\\/menina-de-2-anos-e-encontrada-morta-dentro-de-casa-detalhes-do-crime-sao-perturbadores-foi-ele\\\/#breadcrumb\",\"itemListElement\":[{\"@type\":\"ListItem\",\"position\":1,\"name\":\"In\u00edcio\",\"item\":\"https:\\\/\\\/mrnews.com.br\\\/\"},{\"@type\":\"ListItem\",\"position\":2,\"name\":\"Menina de 2 anos \u00e9 encontrada morta dentro de casa, detalhes do crime s\u00e3o perturbadores: &#8216;FOI ELE&#8217;\"}]},{\"@type\":\"WebSite\",\"@id\":\"https:\\\/\\\/mrnews.com.br\\\/#website\",\"url\":\"https:\\\/\\\/mrnews.com.br\\\/\",\"name\":\"MRNews\",\"description\":\"MRNews Jogos de hoje da TV, transmiss\u00f5es ao vivo, Not\u00edcias de futebol, Jogos ao vivo, Lives, resumo de novelas, Programa\u00e7\u00e3o da Globo, A Fazenda e BBB\",\"publisher\":{\"@id\":\"https:\\\/\\\/mrnews.com.br\\\/#organization\"},\"potentialAction\":[{\"@type\":\"SearchAction\",\"target\":{\"@type\":\"EntryPoint\",\"urlTemplate\":\"https:\\\/\\\/mrnews.com.br\\\/?s={search_term_string}\"},\"query-input\":{\"@type\":\"PropertyValueSpecification\",\"valueRequired\":true,\"valueName\":\"search_term_string\"}}],\"inLanguage\":\"pt-BR\"},{\"@type\":\"Organization\",\"@id\":\"https:\\\/\\\/mrnews.com.br\\\/#organization\",\"name\":\"MRNews\",\"url\":\"https:\\\/\\\/mrnews.com.br\\\/\",\"logo\":{\"@type\":\"ImageObject\",\"inLanguage\":\"pt-BR\",\"@id\":\"https:\\\/\\\/mrnews.com.br\\\/#\\\/schema\\\/logo\\\/image\\\/\",\"url\":\"https:\\\/\\\/mrnews.com.br\\\/wp-content\\\/uploads\\\/2026\\\/08\\\/MRNEws.png\",\"contentUrl\":\"https:\\\/\\\/mrnews.com.br\\\/wp-content\\\/uploads\\\/2026\\\/08\\\/MRNEws.png\",\"width\":1254,\"height\":1254,\"caption\":\"MRNews\"},\"image\":{\"@id\":\"https:\\\/\\\/mrnews.com.br\\\/#\\\/schema\\\/logo\\\/image\\\/\"},\"sameAs\":[\"https:\\\/\\\/www.facebook.com\\\/eaipahpah\\\/?locale2=pt_BR\",\"https:\\\/\\\/x.com\\\/conspirou\",\"https:\\\/\\\/www.instagram.com\\\/eai_pahpah\",\"https:\\\/\\\/br.pinterest.com\\\/mrnewsn\\\/boards\\\/\",\"https:\\\/\\\/www.youtube.com\\\/channel\\\/UCacgnpznQ61fifLWr1tQ-vA?view_as=subscriber\"]},{\"@type\":\"Person\",\"@id\":\"https:\\\/\\\/mrnews.com.br\\\/#\\\/schema\\\/person\\\/be3203154562a9f207407861cef7827b\",\"name\":\"MR News\",\"image\":{\"@type\":\"ImageObject\",\"inLanguage\":\"pt-BR\",\"@id\":\"https:\\\/\\\/secure.gravatar.com\\\/avatar\\\/04084e6d73c042b8646e7c17b494073bf0ede3ea13c7105cfc45cbbbc28385a4?s=96&d=monsterid&r=g\",\"url\":\"https:\\\/\\\/secure.gravatar.com\\\/avatar\\\/04084e6d73c042b8646e7c17b494073bf0ede3ea13c7105cfc45cbbbc28385a4?s=96&d=monsterid&r=g\",\"contentUrl\":\"https:\\\/\\\/secure.gravatar.com\\\/avatar\\\/04084e6d73c042b8646e7c17b494073bf0ede3ea13c7105cfc45cbbbc28385a4?s=96&d=monsterid&r=g\",\"caption\":\"MR News\"},\"description\":\"Especializado em jornalismo colaborativo pela FTP em n\u00edvel de p\u00f3s-gradua\u00e7\u00e3o. suporte@oimeliga.combr\",\"sameAs\":[\"HUGO R.\",\"Admin\"],\"url\":\"https:\\\/\\\/mrnews.com.br\\\/index.php\\\/author\\\/admin\\\/\"}]}<\/script>\n<!-- \/ Yoast SEO plugin. -->","yoast_head_json":{"title":"Menina de 2 anos \u00e9 encontrada morta dentro de casa, detalhes do crime s\u00e3o perturbadores: 'FOI ELE'","robots":{"index":"index","follow":"follow","max-snippet":"max-snippet:-1","max-image-preview":"max-image-preview:large","max-video-preview":"max-video-preview:-1"},"canonical":"https:\/\/mrnews.com.br\/index.php\/2022\/04\/28\/menina-de-2-anos-e-encontrada-morta-dentro-de-casa-detalhes-do-crime-sao-perturbadores-foi-ele\/","og_locale":"pt_BR","og_type":"article","og_title":"Menina de 2 anos \u00e9 encontrada morta dentro de casa, detalhes do crime s\u00e3o perturbadores: 'FOI ELE'","og_description":"De acordo com as informa\u00e7\u00f5es do Corpo de Bombeiros, quando os param\u00e9dicos chegaram no apartamento a m\u00e3e carregava a filha nos bra\u00e7os completamente desesperada, Mait\u00ea foi atacada com uma faca e teve um corte muito grave e muito profundo em seu pesco\u00e7o, inclusive a faca que foi usada no crime j\u00e1 foi apreendida. &nbsp; Mait\u00ea &hellip;","og_url":"https:\/\/mrnews.com.br\/index.php\/2022\/04\/28\/menina-de-2-anos-e-encontrada-morta-dentro-de-casa-detalhes-do-crime-sao-perturbadores-foi-ele\/","og_site_name":"MRNews","article_publisher":"https:\/\/www.facebook.com\/eaipahpah\/?locale2=pt_BR","article_published_time":"2022-04-29T00:28:29+00:00","og_image":[{"width":1024,"height":538,"url":"https:\/\/mrnews.com.br\/wp-content\/uploads\/2022\/04\/BB1B4236-07E9-4CCC-9C56-2D707CCA0411-1024x538-1.jpeg","type":"image\/jpeg"}],"author":"MR News","twitter_card":"summary_large_image","twitter_creator":"@conspirou","twitter_site":"@conspirou","twitter_misc":{"Escrito por":"MR News","Est. tempo de leitura":"3 minutos"},"schema":{"@context":"https:\/\/schema.org","@graph":[{"@type":"Article","@id":"https:\/\/mrnews.com.br\/index.php\/2022\/04\/28\/menina-de-2-anos-e-encontrada-morta-dentro-de-casa-detalhes-do-crime-sao-perturbadores-foi-ele\/#article","isPartOf":{"@id":"https:\/\/mrnews.com.br\/index.php\/2022\/04\/28\/menina-de-2-anos-e-encontrada-morta-dentro-de-casa-detalhes-do-crime-sao-perturbadores-foi-ele\/"},"author":{"name":"MR News","@id":"https:\/\/mrnews.com.br\/#\/schema\/person\/be3203154562a9f207407861cef7827b"},"headline":"Menina de 2 anos \u00e9 encontrada morta dentro de casa, detalhes do crime s\u00e3o perturbadores: &#8216;FOI ELE&#8217;","datePublished":"2022-04-29T00:28:29+00:00","mainEntityOfPage":{"@id":"https:\/\/mrnews.com.br\/index.php\/2022\/04\/28\/menina-de-2-anos-e-encontrada-morta-dentro-de-casa-detalhes-do-crime-sao-perturbadores-foi-ele\/"},"wordCount":499,"commentCount":0,"publisher":{"@id":"https:\/\/mrnews.com.br\/#organization"},"image":{"@id":"https:\/\/mrnews.com.br\/index.php\/2022\/04\/28\/menina-de-2-anos-e-encontrada-morta-dentro-de-casa-detalhes-do-crime-sao-perturbadores-foi-ele\/#primaryimage"},"thumbnailUrl":"https:\/\/coisasdecasal.com\/wp-content\/uploads\/2022\/04\/D33C2164-1654-4DED-B917-3984E497C10C.jpeg","articleSection":["ENTRETENIMENTO","SERVI\u00c7OS"],"inLanguage":"pt-BR","potentialAction":[{"@type":"CommentAction","name":"Comment","target":["https:\/\/mrnews.com.br\/index.php\/2022\/04\/28\/menina-de-2-anos-e-encontrada-morta-dentro-de-casa-detalhes-do-crime-sao-perturbadores-foi-ele\/#respond"]}]},{"@type":"WebPage","@id":"https:\/\/mrnews.com.br\/index.php\/2022\/04\/28\/menina-de-2-anos-e-encontrada-morta-dentro-de-casa-detalhes-do-crime-sao-perturbadores-foi-ele\/","url":"https:\/\/mrnews.com.br\/index.php\/2022\/04\/28\/menina-de-2-anos-e-encontrada-morta-dentro-de-casa-detalhes-do-crime-sao-perturbadores-foi-ele\/","name":"Menina de 2 anos \u00e9 encontrada morta dentro de casa, detalhes do crime s\u00e3o perturbadores: 'FOI ELE'","isPartOf":{"@id":"https:\/\/mrnews.com.br\/#website"},"primaryImageOfPage":{"@id":"https:\/\/mrnews.com.br\/index.php\/2022\/04\/28\/menina-de-2-anos-e-encontrada-morta-dentro-de-casa-detalhes-do-crime-sao-perturbadores-foi-ele\/#primaryimage"},"image":{"@id":"https:\/\/mrnews.com.br\/index.php\/2022\/04\/28\/menina-de-2-anos-e-encontrada-morta-dentro-de-casa-detalhes-do-crime-sao-perturbadores-foi-ele\/#primaryimage"},"thumbnailUrl":"https:\/\/coisasdecasal.com\/wp-content\/uploads\/2022\/04\/D33C2164-1654-4DED-B917-3984E497C10C.jpeg","datePublished":"2022-04-29T00:28:29+00:00","breadcrumb":{"@id":"https:\/\/mrnews.com.br\/index.php\/2022\/04\/28\/menina-de-2-anos-e-encontrada-morta-dentro-de-casa-detalhes-do-crime-sao-perturbadores-foi-ele\/#breadcrumb"},"inLanguage":"pt-BR","potentialAction":[{"@type":"ReadAction","target":["https:\/\/mrnews.com.br\/index.php\/2022\/04\/28\/menina-de-2-anos-e-encontrada-morta-dentro-de-casa-detalhes-do-crime-sao-perturbadores-foi-ele\/"]}]},{"@type":"ImageObject","inLanguage":"pt-BR","@id":"https:\/\/mrnews.com.br\/index.php\/2022\/04\/28\/menina-de-2-anos-e-encontrada-morta-dentro-de-casa-detalhes-do-crime-sao-perturbadores-foi-ele\/#primaryimage","url":"https:\/\/coisasdecasal.com\/wp-content\/uploads\/2022\/04\/D33C2164-1654-4DED-B917-3984E497C10C.jpeg","contentUrl":"https:\/\/coisasdecasal.com\/wp-content\/uploads\/2022\/04\/D33C2164-1654-4DED-B917-3984E497C10C.jpeg"},{"@type":"BreadcrumbList","@id":"https:\/\/mrnews.com.br\/index.php\/2022\/04\/28\/menina-de-2-anos-e-encontrada-morta-dentro-de-casa-detalhes-do-crime-sao-perturbadores-foi-ele\/#breadcrumb","itemListElement":[{"@type":"ListItem","position":1,"name":"In\u00edcio","item":"https:\/\/mrnews.com.br\/"},{"@type":"ListItem","position":2,"name":"Menina de 2 anos \u00e9 encontrada morta dentro de casa, detalhes do crime s\u00e3o perturbadores: &#8216;FOI ELE&#8217;"}]},{"@type":"WebSite","@id":"https:\/\/mrnews.com.br\/#website","url":"https:\/\/mrnews.com.br\/","name":"MRNews","description":"MRNews Jogos de hoje da TV, transmiss\u00f5es ao vivo, Not\u00edcias de futebol, Jogos ao vivo, Lives, resumo de novelas, Programa\u00e7\u00e3o da Globo, A Fazenda e BBB","publisher":{"@id":"https:\/\/mrnews.com.br\/#organization"},"potentialAction":[{"@type":"SearchAction","target":{"@type":"EntryPoint","urlTemplate":"https:\/\/mrnews.com.br\/?s={search_term_string}"},"query-input":{"@type":"PropertyValueSpecification","valueRequired":true,"valueName":"search_term_string"}}],"inLanguage":"pt-BR"},{"@type":"Organization","@id":"https:\/\/mrnews.com.br\/#organization","name":"MRNews","url":"https:\/\/mrnews.com.br\/","logo":{"@type":"ImageObject","inLanguage":"pt-BR","@id":"https:\/\/mrnews.com.br\/#\/schema\/logo\/image\/","url":"https:\/\/mrnews.com.br\/wp-content\/uploads\/2026\/08\/MRNEws.png","contentUrl":"https:\/\/mrnews.com.br\/wp-content\/uploads\/2026\/08\/MRNEws.png","width":1254,"height":1254,"caption":"MRNews"},"image":{"@id":"https:\/\/mrnews.com.br\/#\/schema\/logo\/image\/"},"sameAs":["https:\/\/www.facebook.com\/eaipahpah\/?locale2=pt_BR","https:\/\/x.com\/conspirou","https:\/\/www.instagram.com\/eai_pahpah","https:\/\/br.pinterest.com\/mrnewsn\/boards\/","https:\/\/www.youtube.com\/channel\/UCacgnpznQ61fifLWr1tQ-vA?view_as=subscriber"]},{"@type":"Person","@id":"https:\/\/mrnews.com.br\/#\/schema\/person\/be3203154562a9f207407861cef7827b","name":"MR News","image":{"@type":"ImageObject","inLanguage":"pt-BR","@id":"https:\/\/secure.gravatar.com\/avatar\/04084e6d73c042b8646e7c17b494073bf0ede3ea13c7105cfc45cbbbc28385a4?s=96&d=monsterid&r=g","url":"https:\/\/secure.gravatar.com\/avatar\/04084e6d73c042b8646e7c17b494073bf0ede3ea13c7105cfc45cbbbc28385a4?s=96&d=monsterid&r=g","contentUrl":"https:\/\/secure.gravatar.com\/avatar\/04084e6d73c042b8646e7c17b494073bf0ede3ea13c7105cfc45cbbbc28385a4?s=96&d=monsterid&r=g","caption":"MR News"},"description":"Especializado em jornalismo colaborativo pela FTP em n\u00edvel de p\u00f3s-gradua\u00e7\u00e3o. suporte@oimeliga.combr","sameAs":["HUGO R.","Admin"],"url":"https:\/\/mrnews.com.br\/index.php\/author\/admin\/"}]}},"jetpack_sharing_enabled":true,"jetpack_shortlink":"https:\/\/wp.me\/pa2Qf7-1qk4","amp_enabled":true,"jetpack_featured_media_url":"","_links":{"self":[{"href":"https:\/\/mrnews.com.br\/index.php\/wp-json\/wp\/v2\/posts\/339516","targetHints":{"allow":["GET"]}}],"collection":[{"href":"https:\/\/mrnews.com.br\/index.php\/wp-json\/wp\/v2\/posts"}],"about":[{"href":"https:\/\/mrnews.com.br\/index.php\/wp-json\/wp\/v2\/types\/post"}],"author":[{"embeddable":true,"href":"https:\/\/mrnews.com.br\/index.php\/wp-json\/wp\/v2\/users\/1"}],"replies":[{"embeddable":true,"href":"https:\/\/mrnews.com.br\/index.php\/wp-json\/wp\/v2\/comments?post=339516"}],"version-history":[{"count":0,"href":"https:\/\/mrnews.com.br\/index.php\/wp-json\/wp\/v2\/posts\/339516\/revisions"}],"wp:attachment":[{"href":"https:\/\/mrnews.com.br\/index.php\/wp-json\/wp\/v2\/media?parent=339516"}],"wp:term":[{"taxonomy":"category","embeddable":true,"href":"https:\/\/mrnews.com.br\/index.php\/wp-json\/wp\/v2\/categories?post=339516"},{"taxonomy":"post_tag","embeddable":true,"href":"https:\/\/mrnews.com.br\/index.php\/wp-json\/wp\/v2\/tags?post=339516"}],"curies":[{"name":"wp","href":"https:\/\/api.w.org\/{rel}","templated":true}]}}