{"id":341215,"date":"2022-05-09T20:11:21","date_gmt":"2022-05-09T23:11:21","guid":{"rendered":"https:\/\/mrnews.com.br\/?p=341215"},"modified":"2022-05-09T20:11:21","modified_gmt":"2022-05-09T23:11:21","slug":"pai-mata-o-proprio-filho-de-10-anos-no-dia-das-maes-e-escreve-carta-com-o-motivo-nao-da-mais","status":"publish","type":"post","link":"https:\/\/mrnews.com.br\/index.php\/2022\/05\/09\/pai-mata-o-proprio-filho-de-10-anos-no-dia-das-maes-e-escreve-carta-com-o-motivo-nao-da-mais\/","title":{"rendered":"Pai mata o pr\u00f3prio filho de 10 anos no Dia das M\u00e3es e escreve carta com o motivo: &#8216;n\u00e3o d\u00e1 mais&#8217;"},"content":{"rendered":"<p>Esse triste caso aconteceu recentemente, e foi no \u00faltimo domingo dia 8 de maio, na regi\u00e3o de Tucuruvi, Zona Norte de S\u00e3o Paulo. Que um homem de 40 anos de idade tirou a vida do seu pr\u00f3prio filho de 10 anos de idade e logo em seguida a sua tamb\u00e9m.<\/p>\n<p>Esse crime aconteceu em um hotel que fica na Rua Santa Teresa de Jesus. O pai do menino, Jhoathan Jo\u00e3o Pelepenko j\u00e1 estava divorciado da m\u00e3e do seu filho.<\/p>\n<p>Joathan Pelepenko era morador da cidade de Marau, que fica no estado do Rio Grande do Sul, e estava em S\u00e3o Paulo apenas para visitar o filho, chamado Johan Nijou Pelepenko. E logo ap\u00f3s ele cometer o crime contra o seu filho ele tamb\u00e9m tirou a sua pr\u00f3pria vida.<\/p>\n<p>Quem foi o primeiro policial a chegar no local do crime foi o tenente Carvalho, e quando ele chegou na cena do crime disse que encontrou os dois corpos, e os dois inclusive com tiros nas suas cabe\u00e7as.<\/p>\n<p>Desde o ano 2013 os pais do menino, estavam disputando pela sua guarda na justi\u00e7a, mas no momento ele estava sob a guarda da sua m\u00e3e.<\/p>\n<p><img decoding=\"async\" class=\"wp-image-2576\" src=\"https:\/\/coisasdecasal.com\/wp-content\/uploads\/2022\/05\/EECBFAE7-6428-4639-812F-DC1783E84FC0.jpeg\" sizes=\"(max-width: 984px) 100vw, 984px\" srcset=\"https:\/\/coisasdecasal.com\/wp-content\/uploads\/2022\/05\/EECBFAE7-6428-4639-812F-DC1783E84FC0.jpeg 984w, https:\/\/coisasdecasal.com\/wp-content\/uploads\/2022\/05\/EECBFAE7-6428-4639-812F-DC1783E84FC0-300x180.jpeg 300w, https:\/\/coisasdecasal.com\/wp-content\/uploads\/2022\/05\/EECBFAE7-6428-4639-812F-DC1783E84FC0-768x460.jpeg 768w\" alt=\"\" width=\"984\" height=\"590\" \/><br \/>\nSegundo as informa\u00e7\u00f5es que foram passadas pela advogada da m\u00e3e do menino, no dia 4 de maio Pelepenko teria participado de uma audi\u00eancia virtual com a Justi\u00e7a, onde o pedido dele para ficar 1 ano com a guarda da crian\u00e7a no Sul, acabou sendo indeferido pela Justi\u00e7a.<\/p>\n<p>Segundo a defesa da m\u00e3e tamb\u00e9m foi afirmado que o pai nunca teria tido um comportamento violento para justificar esse crime cruel. O filho inclusive costumava passar as f\u00e9rias com o pai em Marau, durante todo o per\u00edodo de recesso escolar.<\/p>\n<p>Segundo as informa\u00e7\u00f5es das testemunhas, Jhonatan Jo\u00e3o Palepenko cometeu esse crime contra o seu pr\u00f3prio filho como uma forma de vingan\u00e7a contra a sua ex-mulher, que havia ganhado na Justi\u00e7a a guarda de Johan. O programa Balan\u00e7o Geral teve com exclusividade acesso \u00e0 carta que foi escrita por Jhoathan antes de cometer esse crime, essa carta foi encontrada pela pol\u00edcia bem pr\u00f3xima aos corpos, do pai e do filho.<\/p>\n<p><iframe src=\"https:\/\/player.r7.com\/video\/i\/6279476d4b49552d14000055\" width=\"560\" height=\"315\" frameborder=\"0\" allowfullscreen=\"allowfullscreen\"><span data-mce-type=\"bookmark\" style=\"display: inline-block; width: 0px; overflow: hidden; line-height: 0;\" class=\"mce_SELRES_start\">\ufeff<\/span><\/iframe><\/p>\n<p>https:\/\/player.r7.com\/video\/i\/6279476d4b49552d14000055<\/p>\n","protected":false},"excerpt":{"rendered":"<p>Esse triste caso aconteceu recentemente, e foi no \u00faltimo domingo dia 8 de maio, na regi\u00e3o de Tucuruvi, Zona Norte de S\u00e3o Paulo. Que um homem de 40 anos de idade tirou a vida do seu pr\u00f3prio filho de 10 anos de idade e logo em seguida a sua tamb\u00e9m. Esse crime aconteceu em um &hellip;<\/p>\n","protected":false},"author":1,"featured_media":0,"comment_status":"open","ping_status":"open","sticky":false,"template":"","format":"standard","meta":{"_jetpack_newsletter_access":"","_jetpack_dont_email_post_to_subs":false,"_jetpack_newsletter_tier_id":0,"_jetpack_memberships_contains_paywalled_content":false,"_jetpack_feature_clip_id":0,"_jetpack_memberships_contains_paid_content":false,"footnotes":"","jetpack_post_was_ever_published":false},"categories":[2,12225],"tags":[],"class_list":["post-341215","post","type-post","status-publish","format-standard","hentry","category-entretenimento","category-noticias"],"yoast_head":"<!-- This site is optimized with the Yoast SEO plugin v28.4 - https:\/\/yoast.com\/product\/yoast-seo-wordpress\/ -->\n<title>Pai mata o pr\u00f3prio filho de 10 anos no Dia das M\u00e3es e escreve carta com o motivo: &#039;n\u00e3o d\u00e1 mais&#039;<\/title>\n<meta name=\"robots\" content=\"index, follow, max-snippet:-1, max-image-preview:large, max-video-preview:-1\" \/>\n<link rel=\"canonical\" href=\"https:\/\/mrnews.com.br\/index.php\/2022\/05\/09\/pai-mata-o-proprio-filho-de-10-anos-no-dia-das-maes-e-escreve-carta-com-o-motivo-nao-da-mais\/\" \/>\n<meta property=\"og:locale\" content=\"pt_BR\" \/>\n<meta property=\"og:type\" content=\"article\" \/>\n<meta property=\"og:title\" content=\"Pai mata o pr\u00f3prio filho de 10 anos no Dia das M\u00e3es e escreve carta com o motivo: &#039;n\u00e3o d\u00e1 mais&#039;\" \/>\n<meta property=\"og:description\" content=\"Esse triste caso aconteceu recentemente, e foi no \u00faltimo domingo dia 8 de maio, na regi\u00e3o de Tucuruvi, Zona Norte de S\u00e3o Paulo. Que um homem de 40 anos de idade tirou a vida do seu pr\u00f3prio filho de 10 anos de idade e logo em seguida a sua tamb\u00e9m. Esse crime aconteceu em um &hellip;\" \/>\n<meta property=\"og:url\" content=\"https:\/\/mrnews.com.br\/index.php\/2022\/05\/09\/pai-mata-o-proprio-filho-de-10-anos-no-dia-das-maes-e-escreve-carta-com-o-motivo-nao-da-mais\/\" \/>\n<meta property=\"og:site_name\" content=\"MRNews\" \/>\n<meta property=\"article:publisher\" content=\"https:\/\/www.facebook.com\/eaipahpah\/?locale2=pt_BR\" \/>\n<meta property=\"article:published_time\" content=\"2022-05-09T23:11:21+00:00\" \/>\n<meta property=\"og:image\" content=\"https:\/\/mrnews.com.br\/wp-content\/uploads\/2022\/05\/Pai-tira-a-vida-do-proprio-filho-de-10-anos-no-Dia-das-Maes-ele-escreveu-carta-com-o-motivo.jpeg\" \/>\n\t<meta property=\"og:image:width\" content=\"1200\" \/>\n\t<meta property=\"og:image:height\" content=\"630\" \/>\n\t<meta property=\"og:image:type\" content=\"image\/jpeg\" \/>\n<meta name=\"author\" content=\"MR News\" \/>\n<meta name=\"twitter:card\" content=\"summary_large_image\" \/>\n<meta name=\"twitter:creator\" content=\"@conspirou\" \/>\n<meta name=\"twitter:site\" content=\"@conspirou\" \/>\n<meta name=\"twitter:label1\" content=\"Escrito por\" \/>\n\t<meta name=\"twitter:data1\" content=\"MR News\" \/>\n\t<meta name=\"twitter:label2\" content=\"Est. tempo de leitura\" \/>\n\t<meta name=\"twitter:data2\" content=\"3 minutos\" \/>\n<script type=\"application\/ld+json\" class=\"yoast-schema-graph\">{\"@context\":\"https:\\\/\\\/schema.org\",\"@graph\":[{\"@type\":\"Article\",\"@id\":\"https:\\\/\\\/mrnews.com.br\\\/index.php\\\/2022\\\/05\\\/09\\\/pai-mata-o-proprio-filho-de-10-anos-no-dia-das-maes-e-escreve-carta-com-o-motivo-nao-da-mais\\\/#article\",\"isPartOf\":{\"@id\":\"https:\\\/\\\/mrnews.com.br\\\/index.php\\\/2022\\\/05\\\/09\\\/pai-mata-o-proprio-filho-de-10-anos-no-dia-das-maes-e-escreve-carta-com-o-motivo-nao-da-mais\\\/\"},\"author\":{\"name\":\"MR News\",\"@id\":\"https:\\\/\\\/mrnews.com.br\\\/#\\\/schema\\\/person\\\/be3203154562a9f207407861cef7827b\"},\"headline\":\"Pai mata o pr\u00f3prio filho de 10 anos no Dia das M\u00e3es e escreve carta com o motivo: &#8216;n\u00e3o d\u00e1 mais&#8217;\",\"datePublished\":\"2022-05-09T23:11:21+00:00\",\"mainEntityOfPage\":{\"@id\":\"https:\\\/\\\/mrnews.com.br\\\/index.php\\\/2022\\\/05\\\/09\\\/pai-mata-o-proprio-filho-de-10-anos-no-dia-das-maes-e-escreve-carta-com-o-motivo-nao-da-mais\\\/\"},\"wordCount\":405,\"commentCount\":0,\"publisher\":{\"@id\":\"https:\\\/\\\/mrnews.com.br\\\/#organization\"},\"image\":{\"@id\":\"https:\\\/\\\/mrnews.com.br\\\/index.php\\\/2022\\\/05\\\/09\\\/pai-mata-o-proprio-filho-de-10-anos-no-dia-das-maes-e-escreve-carta-com-o-motivo-nao-da-mais\\\/#primaryimage\"},\"thumbnailUrl\":\"https:\\\/\\\/coisasdecasal.com\\\/wp-content\\\/uploads\\\/2022\\\/05\\\/EECBFAE7-6428-4639-812F-DC1783E84FC0.jpeg\",\"articleSection\":[\"ENTRETENIMENTO\",\"NOTICIAS\"],\"inLanguage\":\"pt-BR\",\"potentialAction\":[{\"@type\":\"CommentAction\",\"name\":\"Comment\",\"target\":[\"https:\\\/\\\/mrnews.com.br\\\/index.php\\\/2022\\\/05\\\/09\\\/pai-mata-o-proprio-filho-de-10-anos-no-dia-das-maes-e-escreve-carta-com-o-motivo-nao-da-mais\\\/#respond\"]}]},{\"@type\":\"WebPage\",\"@id\":\"https:\\\/\\\/mrnews.com.br\\\/index.php\\\/2022\\\/05\\\/09\\\/pai-mata-o-proprio-filho-de-10-anos-no-dia-das-maes-e-escreve-carta-com-o-motivo-nao-da-mais\\\/\",\"url\":\"https:\\\/\\\/mrnews.com.br\\\/index.php\\\/2022\\\/05\\\/09\\\/pai-mata-o-proprio-filho-de-10-anos-no-dia-das-maes-e-escreve-carta-com-o-motivo-nao-da-mais\\\/\",\"name\":\"Pai mata o pr\u00f3prio filho de 10 anos no Dia das M\u00e3es e escreve carta com o motivo: 'n\u00e3o d\u00e1 mais'\",\"isPartOf\":{\"@id\":\"https:\\\/\\\/mrnews.com.br\\\/#website\"},\"primaryImageOfPage\":{\"@id\":\"https:\\\/\\\/mrnews.com.br\\\/index.php\\\/2022\\\/05\\\/09\\\/pai-mata-o-proprio-filho-de-10-anos-no-dia-das-maes-e-escreve-carta-com-o-motivo-nao-da-mais\\\/#primaryimage\"},\"image\":{\"@id\":\"https:\\\/\\\/mrnews.com.br\\\/index.php\\\/2022\\\/05\\\/09\\\/pai-mata-o-proprio-filho-de-10-anos-no-dia-das-maes-e-escreve-carta-com-o-motivo-nao-da-mais\\\/#primaryimage\"},\"thumbnailUrl\":\"https:\\\/\\\/coisasdecasal.com\\\/wp-content\\\/uploads\\\/2022\\\/05\\\/EECBFAE7-6428-4639-812F-DC1783E84FC0.jpeg\",\"datePublished\":\"2022-05-09T23:11:21+00:00\",\"breadcrumb\":{\"@id\":\"https:\\\/\\\/mrnews.com.br\\\/index.php\\\/2022\\\/05\\\/09\\\/pai-mata-o-proprio-filho-de-10-anos-no-dia-das-maes-e-escreve-carta-com-o-motivo-nao-da-mais\\\/#breadcrumb\"},\"inLanguage\":\"pt-BR\",\"potentialAction\":[{\"@type\":\"ReadAction\",\"target\":[\"https:\\\/\\\/mrnews.com.br\\\/index.php\\\/2022\\\/05\\\/09\\\/pai-mata-o-proprio-filho-de-10-anos-no-dia-das-maes-e-escreve-carta-com-o-motivo-nao-da-mais\\\/\"]}]},{\"@type\":\"ImageObject\",\"inLanguage\":\"pt-BR\",\"@id\":\"https:\\\/\\\/mrnews.com.br\\\/index.php\\\/2022\\\/05\\\/09\\\/pai-mata-o-proprio-filho-de-10-anos-no-dia-das-maes-e-escreve-carta-com-o-motivo-nao-da-mais\\\/#primaryimage\",\"url\":\"https:\\\/\\\/coisasdecasal.com\\\/wp-content\\\/uploads\\\/2022\\\/05\\\/EECBFAE7-6428-4639-812F-DC1783E84FC0.jpeg\",\"contentUrl\":\"https:\\\/\\\/coisasdecasal.com\\\/wp-content\\\/uploads\\\/2022\\\/05\\\/EECBFAE7-6428-4639-812F-DC1783E84FC0.jpeg\"},{\"@type\":\"BreadcrumbList\",\"@id\":\"https:\\\/\\\/mrnews.com.br\\\/index.php\\\/2022\\\/05\\\/09\\\/pai-mata-o-proprio-filho-de-10-anos-no-dia-das-maes-e-escreve-carta-com-o-motivo-nao-da-mais\\\/#breadcrumb\",\"itemListElement\":[{\"@type\":\"ListItem\",\"position\":1,\"name\":\"In\u00edcio\",\"item\":\"https:\\\/\\\/mrnews.com.br\\\/\"},{\"@type\":\"ListItem\",\"position\":2,\"name\":\"Pai mata o pr\u00f3prio filho de 10 anos no Dia das M\u00e3es e escreve carta com o motivo: &#8216;n\u00e3o d\u00e1 mais&#8217;\"}]},{\"@type\":\"WebSite\",\"@id\":\"https:\\\/\\\/mrnews.com.br\\\/#website\",\"url\":\"https:\\\/\\\/mrnews.com.br\\\/\",\"name\":\"MRNews\",\"description\":\"MRNews Jogos de hoje da TV, transmiss\u00f5es ao vivo, Not\u00edcias de futebol, Jogos ao vivo, Lives, resumo de novelas, Programa\u00e7\u00e3o da Globo, A Fazenda e BBB\",\"publisher\":{\"@id\":\"https:\\\/\\\/mrnews.com.br\\\/#organization\"},\"potentialAction\":[{\"@type\":\"SearchAction\",\"target\":{\"@type\":\"EntryPoint\",\"urlTemplate\":\"https:\\\/\\\/mrnews.com.br\\\/?s={search_term_string}\"},\"query-input\":{\"@type\":\"PropertyValueSpecification\",\"valueRequired\":true,\"valueName\":\"search_term_string\"}}],\"inLanguage\":\"pt-BR\"},{\"@type\":\"Organization\",\"@id\":\"https:\\\/\\\/mrnews.com.br\\\/#organization\",\"name\":\"MRNews\",\"url\":\"https:\\\/\\\/mrnews.com.br\\\/\",\"logo\":{\"@type\":\"ImageObject\",\"inLanguage\":\"pt-BR\",\"@id\":\"https:\\\/\\\/mrnews.com.br\\\/#\\\/schema\\\/logo\\\/image\\\/\",\"url\":\"https:\\\/\\\/mrnews.com.br\\\/wp-content\\\/uploads\\\/2026\\\/08\\\/MRNEws.png\",\"contentUrl\":\"https:\\\/\\\/mrnews.com.br\\\/wp-content\\\/uploads\\\/2026\\\/08\\\/MRNEws.png\",\"width\":1254,\"height\":1254,\"caption\":\"MRNews\"},\"image\":{\"@id\":\"https:\\\/\\\/mrnews.com.br\\\/#\\\/schema\\\/logo\\\/image\\\/\"},\"sameAs\":[\"https:\\\/\\\/www.facebook.com\\\/eaipahpah\\\/?locale2=pt_BR\",\"https:\\\/\\\/x.com\\\/conspirou\",\"https:\\\/\\\/www.instagram.com\\\/eai_pahpah\",\"https:\\\/\\\/br.pinterest.com\\\/mrnewsn\\\/boards\\\/\",\"https:\\\/\\\/www.youtube.com\\\/channel\\\/UCacgnpznQ61fifLWr1tQ-vA?view_as=subscriber\"]},{\"@type\":\"Person\",\"@id\":\"https:\\\/\\\/mrnews.com.br\\\/#\\\/schema\\\/person\\\/be3203154562a9f207407861cef7827b\",\"name\":\"MR News\",\"image\":{\"@type\":\"ImageObject\",\"inLanguage\":\"pt-BR\",\"@id\":\"https:\\\/\\\/secure.gravatar.com\\\/avatar\\\/04084e6d73c042b8646e7c17b494073bf0ede3ea13c7105cfc45cbbbc28385a4?s=96&d=monsterid&r=g\",\"url\":\"https:\\\/\\\/secure.gravatar.com\\\/avatar\\\/04084e6d73c042b8646e7c17b494073bf0ede3ea13c7105cfc45cbbbc28385a4?s=96&d=monsterid&r=g\",\"contentUrl\":\"https:\\\/\\\/secure.gravatar.com\\\/avatar\\\/04084e6d73c042b8646e7c17b494073bf0ede3ea13c7105cfc45cbbbc28385a4?s=96&d=monsterid&r=g\",\"caption\":\"MR News\"},\"description\":\"Especializado em jornalismo colaborativo pela FTP em n\u00edvel de p\u00f3s-gradua\u00e7\u00e3o. suporte@oimeliga.combr\",\"sameAs\":[\"HUGO R.\",\"Admin\"],\"url\":\"https:\\\/\\\/mrnews.com.br\\\/index.php\\\/author\\\/admin\\\/\"}]}<\/script>\n<!-- \/ Yoast SEO plugin. -->","yoast_head_json":{"title":"Pai mata o pr\u00f3prio filho de 10 anos no Dia das M\u00e3es e escreve carta com o motivo: 'n\u00e3o d\u00e1 mais'","robots":{"index":"index","follow":"follow","max-snippet":"max-snippet:-1","max-image-preview":"max-image-preview:large","max-video-preview":"max-video-preview:-1"},"canonical":"https:\/\/mrnews.com.br\/index.php\/2022\/05\/09\/pai-mata-o-proprio-filho-de-10-anos-no-dia-das-maes-e-escreve-carta-com-o-motivo-nao-da-mais\/","og_locale":"pt_BR","og_type":"article","og_title":"Pai mata o pr\u00f3prio filho de 10 anos no Dia das M\u00e3es e escreve carta com o motivo: 'n\u00e3o d\u00e1 mais'","og_description":"Esse triste caso aconteceu recentemente, e foi no \u00faltimo domingo dia 8 de maio, na regi\u00e3o de Tucuruvi, Zona Norte de S\u00e3o Paulo. Que um homem de 40 anos de idade tirou a vida do seu pr\u00f3prio filho de 10 anos de idade e logo em seguida a sua tamb\u00e9m. Esse crime aconteceu em um &hellip;","og_url":"https:\/\/mrnews.com.br\/index.php\/2022\/05\/09\/pai-mata-o-proprio-filho-de-10-anos-no-dia-das-maes-e-escreve-carta-com-o-motivo-nao-da-mais\/","og_site_name":"MRNews","article_publisher":"https:\/\/www.facebook.com\/eaipahpah\/?locale2=pt_BR","article_published_time":"2022-05-09T23:11:21+00:00","og_image":[{"width":1200,"height":630,"url":"https:\/\/mrnews.com.br\/wp-content\/uploads\/2022\/05\/Pai-tira-a-vida-do-proprio-filho-de-10-anos-no-Dia-das-Maes-ele-escreveu-carta-com-o-motivo.jpeg","type":"image\/jpeg"}],"author":"MR News","twitter_card":"summary_large_image","twitter_creator":"@conspirou","twitter_site":"@conspirou","twitter_misc":{"Escrito por":"MR News","Est. tempo de leitura":"3 minutos"},"schema":{"@context":"https:\/\/schema.org","@graph":[{"@type":"Article","@id":"https:\/\/mrnews.com.br\/index.php\/2022\/05\/09\/pai-mata-o-proprio-filho-de-10-anos-no-dia-das-maes-e-escreve-carta-com-o-motivo-nao-da-mais\/#article","isPartOf":{"@id":"https:\/\/mrnews.com.br\/index.php\/2022\/05\/09\/pai-mata-o-proprio-filho-de-10-anos-no-dia-das-maes-e-escreve-carta-com-o-motivo-nao-da-mais\/"},"author":{"name":"MR News","@id":"https:\/\/mrnews.com.br\/#\/schema\/person\/be3203154562a9f207407861cef7827b"},"headline":"Pai mata o pr\u00f3prio filho de 10 anos no Dia das M\u00e3es e escreve carta com o motivo: &#8216;n\u00e3o d\u00e1 mais&#8217;","datePublished":"2022-05-09T23:11:21+00:00","mainEntityOfPage":{"@id":"https:\/\/mrnews.com.br\/index.php\/2022\/05\/09\/pai-mata-o-proprio-filho-de-10-anos-no-dia-das-maes-e-escreve-carta-com-o-motivo-nao-da-mais\/"},"wordCount":405,"commentCount":0,"publisher":{"@id":"https:\/\/mrnews.com.br\/#organization"},"image":{"@id":"https:\/\/mrnews.com.br\/index.php\/2022\/05\/09\/pai-mata-o-proprio-filho-de-10-anos-no-dia-das-maes-e-escreve-carta-com-o-motivo-nao-da-mais\/#primaryimage"},"thumbnailUrl":"https:\/\/coisasdecasal.com\/wp-content\/uploads\/2022\/05\/EECBFAE7-6428-4639-812F-DC1783E84FC0.jpeg","articleSection":["ENTRETENIMENTO","NOTICIAS"],"inLanguage":"pt-BR","potentialAction":[{"@type":"CommentAction","name":"Comment","target":["https:\/\/mrnews.com.br\/index.php\/2022\/05\/09\/pai-mata-o-proprio-filho-de-10-anos-no-dia-das-maes-e-escreve-carta-com-o-motivo-nao-da-mais\/#respond"]}]},{"@type":"WebPage","@id":"https:\/\/mrnews.com.br\/index.php\/2022\/05\/09\/pai-mata-o-proprio-filho-de-10-anos-no-dia-das-maes-e-escreve-carta-com-o-motivo-nao-da-mais\/","url":"https:\/\/mrnews.com.br\/index.php\/2022\/05\/09\/pai-mata-o-proprio-filho-de-10-anos-no-dia-das-maes-e-escreve-carta-com-o-motivo-nao-da-mais\/","name":"Pai mata o pr\u00f3prio filho de 10 anos no Dia das M\u00e3es e escreve carta com o motivo: 'n\u00e3o d\u00e1 mais'","isPartOf":{"@id":"https:\/\/mrnews.com.br\/#website"},"primaryImageOfPage":{"@id":"https:\/\/mrnews.com.br\/index.php\/2022\/05\/09\/pai-mata-o-proprio-filho-de-10-anos-no-dia-das-maes-e-escreve-carta-com-o-motivo-nao-da-mais\/#primaryimage"},"image":{"@id":"https:\/\/mrnews.com.br\/index.php\/2022\/05\/09\/pai-mata-o-proprio-filho-de-10-anos-no-dia-das-maes-e-escreve-carta-com-o-motivo-nao-da-mais\/#primaryimage"},"thumbnailUrl":"https:\/\/coisasdecasal.com\/wp-content\/uploads\/2022\/05\/EECBFAE7-6428-4639-812F-DC1783E84FC0.jpeg","datePublished":"2022-05-09T23:11:21+00:00","breadcrumb":{"@id":"https:\/\/mrnews.com.br\/index.php\/2022\/05\/09\/pai-mata-o-proprio-filho-de-10-anos-no-dia-das-maes-e-escreve-carta-com-o-motivo-nao-da-mais\/#breadcrumb"},"inLanguage":"pt-BR","potentialAction":[{"@type":"ReadAction","target":["https:\/\/mrnews.com.br\/index.php\/2022\/05\/09\/pai-mata-o-proprio-filho-de-10-anos-no-dia-das-maes-e-escreve-carta-com-o-motivo-nao-da-mais\/"]}]},{"@type":"ImageObject","inLanguage":"pt-BR","@id":"https:\/\/mrnews.com.br\/index.php\/2022\/05\/09\/pai-mata-o-proprio-filho-de-10-anos-no-dia-das-maes-e-escreve-carta-com-o-motivo-nao-da-mais\/#primaryimage","url":"https:\/\/coisasdecasal.com\/wp-content\/uploads\/2022\/05\/EECBFAE7-6428-4639-812F-DC1783E84FC0.jpeg","contentUrl":"https:\/\/coisasdecasal.com\/wp-content\/uploads\/2022\/05\/EECBFAE7-6428-4639-812F-DC1783E84FC0.jpeg"},{"@type":"BreadcrumbList","@id":"https:\/\/mrnews.com.br\/index.php\/2022\/05\/09\/pai-mata-o-proprio-filho-de-10-anos-no-dia-das-maes-e-escreve-carta-com-o-motivo-nao-da-mais\/#breadcrumb","itemListElement":[{"@type":"ListItem","position":1,"name":"In\u00edcio","item":"https:\/\/mrnews.com.br\/"},{"@type":"ListItem","position":2,"name":"Pai mata o pr\u00f3prio filho de 10 anos no Dia das M\u00e3es e escreve carta com o motivo: &#8216;n\u00e3o d\u00e1 mais&#8217;"}]},{"@type":"WebSite","@id":"https:\/\/mrnews.com.br\/#website","url":"https:\/\/mrnews.com.br\/","name":"MRNews","description":"MRNews Jogos de hoje da TV, transmiss\u00f5es ao vivo, Not\u00edcias de futebol, Jogos ao vivo, Lives, resumo de novelas, Programa\u00e7\u00e3o da Globo, A Fazenda e BBB","publisher":{"@id":"https:\/\/mrnews.com.br\/#organization"},"potentialAction":[{"@type":"SearchAction","target":{"@type":"EntryPoint","urlTemplate":"https:\/\/mrnews.com.br\/?s={search_term_string}"},"query-input":{"@type":"PropertyValueSpecification","valueRequired":true,"valueName":"search_term_string"}}],"inLanguage":"pt-BR"},{"@type":"Organization","@id":"https:\/\/mrnews.com.br\/#organization","name":"MRNews","url":"https:\/\/mrnews.com.br\/","logo":{"@type":"ImageObject","inLanguage":"pt-BR","@id":"https:\/\/mrnews.com.br\/#\/schema\/logo\/image\/","url":"https:\/\/mrnews.com.br\/wp-content\/uploads\/2026\/08\/MRNEws.png","contentUrl":"https:\/\/mrnews.com.br\/wp-content\/uploads\/2026\/08\/MRNEws.png","width":1254,"height":1254,"caption":"MRNews"},"image":{"@id":"https:\/\/mrnews.com.br\/#\/schema\/logo\/image\/"},"sameAs":["https:\/\/www.facebook.com\/eaipahpah\/?locale2=pt_BR","https:\/\/x.com\/conspirou","https:\/\/www.instagram.com\/eai_pahpah","https:\/\/br.pinterest.com\/mrnewsn\/boards\/","https:\/\/www.youtube.com\/channel\/UCacgnpznQ61fifLWr1tQ-vA?view_as=subscriber"]},{"@type":"Person","@id":"https:\/\/mrnews.com.br\/#\/schema\/person\/be3203154562a9f207407861cef7827b","name":"MR News","image":{"@type":"ImageObject","inLanguage":"pt-BR","@id":"https:\/\/secure.gravatar.com\/avatar\/04084e6d73c042b8646e7c17b494073bf0ede3ea13c7105cfc45cbbbc28385a4?s=96&d=monsterid&r=g","url":"https:\/\/secure.gravatar.com\/avatar\/04084e6d73c042b8646e7c17b494073bf0ede3ea13c7105cfc45cbbbc28385a4?s=96&d=monsterid&r=g","contentUrl":"https:\/\/secure.gravatar.com\/avatar\/04084e6d73c042b8646e7c17b494073bf0ede3ea13c7105cfc45cbbbc28385a4?s=96&d=monsterid&r=g","caption":"MR News"},"description":"Especializado em jornalismo colaborativo pela FTP em n\u00edvel de p\u00f3s-gradua\u00e7\u00e3o. suporte@oimeliga.combr","sameAs":["HUGO R.","Admin"],"url":"https:\/\/mrnews.com.br\/index.php\/author\/admin\/"}]}},"jetpack_sharing_enabled":true,"jetpack_shortlink":"https:\/\/wp.me\/pa2Qf7-1qLt","amp_enabled":true,"jetpack_featured_media_url":"","_links":{"self":[{"href":"https:\/\/mrnews.com.br\/index.php\/wp-json\/wp\/v2\/posts\/341215","targetHints":{"allow":["GET"]}}],"collection":[{"href":"https:\/\/mrnews.com.br\/index.php\/wp-json\/wp\/v2\/posts"}],"about":[{"href":"https:\/\/mrnews.com.br\/index.php\/wp-json\/wp\/v2\/types\/post"}],"author":[{"embeddable":true,"href":"https:\/\/mrnews.com.br\/index.php\/wp-json\/wp\/v2\/users\/1"}],"replies":[{"embeddable":true,"href":"https:\/\/mrnews.com.br\/index.php\/wp-json\/wp\/v2\/comments?post=341215"}],"version-history":[{"count":0,"href":"https:\/\/mrnews.com.br\/index.php\/wp-json\/wp\/v2\/posts\/341215\/revisions"}],"wp:attachment":[{"href":"https:\/\/mrnews.com.br\/index.php\/wp-json\/wp\/v2\/media?parent=341215"}],"wp:term":[{"taxonomy":"category","embeddable":true,"href":"https:\/\/mrnews.com.br\/index.php\/wp-json\/wp\/v2\/categories?post=341215"},{"taxonomy":"post_tag","embeddable":true,"href":"https:\/\/mrnews.com.br\/index.php\/wp-json\/wp\/v2\/tags?post=341215"}],"curies":[{"name":"wp","href":"https:\/\/api.w.org\/{rel}","templated":true}]}}