{"id":345092,"date":"2022-05-25T21:44:59","date_gmt":"2022-05-26T00:44:59","guid":{"rendered":"https:\/\/mrnews.com.br\/?p=345092"},"modified":"2022-05-25T21:44:59","modified_gmt":"2022-05-26T00:44:59","slug":"pai-sequestra-filhas-de-6-e-7-anos-e-quando-policia-entra-na-casa-ve-tragedia-pior-crime","status":"publish","type":"post","link":"https:\/\/mrnews.com.br\/index.php\/2022\/05\/25\/pai-sequestra-filhas-de-6-e-7-anos-e-quando-policia-entra-na-casa-ve-tragedia-pior-crime\/","title":{"rendered":"PAI SEQUESTRA FILHAS DE 6 E 7 ANOS E QUANDO POL\u00cdCIA ENTRA NA CASA V\u00ca TRAG\u00c9DIA: &#8216;PIOR CRIME&#8217;"},"content":{"rendered":"<p>A viol\u00eancia no Brasil est\u00e1 espalhada pelo pa\u00eds, em muitos pontos por\u00e9m, estes crimes se sobressaem, por exemplos em cidades maiores, e em estados no norte do pa\u00eds. Infelizmente esta estat\u00edstica aumenta a ca\u00e7ada dia, mostrando o emergente refor\u00e7o na seguran\u00e7a que alguns locais necessitam.<\/p>\n<p>Nesta ter\u00e7a-feira, dia 24 de maio, um crime b\u00e1rbaro seguido de outro, acabou deixando os moradores e pessoas revoltadas, as autoridades nada puderam fazer. Tudo aconteceu na cidade de Taquarituba, localizada no interior de S\u00e3o Paulo, mas j\u00e1 ganha notoriedade em todo solo brasileiro.<\/p>\n<p>O coronel Gon\u00e7alves explicou para o Brasil Urgente de forma ao vivo, oque acontecia, um homem, acabou sequestrando as duas filhas, de 6 e 7 anos de idade, ele as levou para sua casa, aonde as manteve de ref\u00e9m, a pol\u00edcia chegou ao local e agiu com toda a cautela, ele amea\u00e7ava que as mataria.<\/p>\n<p>&nbsp;<\/p>\n<p>Ap\u00f3s muita negocia\u00e7\u00e3o e a pol\u00edcia n\u00e3o perceber movimenta\u00e7\u00e3o das meninas, resolveram entrarem no local a for\u00e7a, a casa fedia a g\u00e1s, o criminoso tamb\u00e9m amea\u00e7ava por fogo na casa e em todos. Para a tristeza de todos as duas meninas j\u00e1 estavam mortas, algo realmente muito triste.<\/p>\n<p>Ela tinham perfura\u00e7\u00f5es no corpo, feitos com um objeto de ponta, n\u00e3o se identificou qual, seus corpos j\u00e1 estavam r\u00edgidos, e a pol\u00edcia desconfia que elas foram mortas logo que o homem entrou no local. Ao invadir o homem foi contido com balas de borracha, e acabou preso finalmente pelos oficiais.<\/p>\n<p>O Brasil Urgente cobriu todo o caso, em tempo real, e trouxemos a mat\u00e9ria completa pra voc\u00ea leitor acompanhar essa triste hist\u00f3ria, no interior de S\u00e3o Paulo. Continue seguindo nosso site e esteja sempre informado sobre os maiores acontecimentos do Brasil e do mundo, compartilhe essa mat\u00e9ria com seus amigos.<\/p>\n<figure class=\"wp-block-embed is-type-video is-provider-youtube wp-block-embed-youtube wp-embed-aspect-16-9 wp-has-aspect-ratio\">\n<div class=\"wp-block-embed__wrapper\"><iframe title=\"Pai mata as duas filhas que fazia de ref\u00e9ns e \u00e9 preso no interior de SP\" src=\"https:\/\/www.youtube.com\/embed\/BWy2v9U2QrA?feature=oembed\" width=\"100%\" height=\"392\" frameborder=\"0\" allowfullscreen=\"allowfullscreen\" data-mce-fragment=\"1\"><\/iframe><\/div>\n<\/figure>\n","protected":false},"excerpt":{"rendered":"<p>A viol\u00eancia no Brasil est\u00e1 espalhada pelo pa\u00eds, em muitos pontos por\u00e9m, estes crimes se sobressaem, por exemplos em cidades maiores, e em estados no norte do pa\u00eds. Infelizmente esta estat\u00edstica aumenta a ca\u00e7ada dia, mostrando o emergente refor\u00e7o na seguran\u00e7a que alguns locais necessitam. Nesta ter\u00e7a-feira, dia 24 de maio, um crime b\u00e1rbaro seguido &hellip;<\/p>\n","protected":false},"author":1,"featured_media":0,"comment_status":"open","ping_status":"open","sticky":false,"template":"","format":"standard","meta":{"_jetpack_newsletter_access":"","_jetpack_dont_email_post_to_subs":false,"_jetpack_newsletter_tier_id":0,"_jetpack_memberships_contains_paywalled_content":false,"_jetpack_feature_clip_id":0,"_jetpack_memberships_contains_paid_content":false,"footnotes":"","jetpack_post_was_ever_published":false},"categories":[2,12225],"tags":[],"class_list":["post-345092","post","type-post","status-publish","format-standard","hentry","category-entretenimento","category-noticias"],"yoast_head":"<!-- This site is optimized with the Yoast SEO plugin v28.4 - https:\/\/yoast.com\/product\/yoast-seo-wordpress\/ -->\n<title>PAI SEQUESTRA FILHAS DE 6 E 7 ANOS E QUANDO POL\u00cdCIA ENTRA NA CASA V\u00ca TRAG\u00c9DIA: &#039;PIOR CRIME&#039;<\/title>\n<meta name=\"robots\" content=\"index, follow, max-snippet:-1, max-image-preview:large, max-video-preview:-1\" \/>\n<link rel=\"canonical\" href=\"https:\/\/mrnews.com.br\/index.php\/2022\/05\/25\/pai-sequestra-filhas-de-6-e-7-anos-e-quando-policia-entra-na-casa-ve-tragedia-pior-crime\/\" \/>\n<meta property=\"og:locale\" content=\"pt_BR\" \/>\n<meta property=\"og:type\" content=\"article\" \/>\n<meta property=\"og:title\" content=\"PAI SEQUESTRA FILHAS DE 6 E 7 ANOS E QUANDO POL\u00cdCIA ENTRA NA CASA V\u00ca TRAG\u00c9DIA: &#039;PIOR CRIME&#039;\" \/>\n<meta property=\"og:description\" content=\"A viol\u00eancia no Brasil est\u00e1 espalhada pelo pa\u00eds, em muitos pontos por\u00e9m, estes crimes se sobressaem, por exemplos em cidades maiores, e em estados no norte do pa\u00eds. Infelizmente esta estat\u00edstica aumenta a ca\u00e7ada dia, mostrando o emergente refor\u00e7o na seguran\u00e7a que alguns locais necessitam. Nesta ter\u00e7a-feira, dia 24 de maio, um crime b\u00e1rbaro seguido &hellip;\" \/>\n<meta property=\"og:url\" content=\"https:\/\/mrnews.com.br\/index.php\/2022\/05\/25\/pai-sequestra-filhas-de-6-e-7-anos-e-quando-policia-entra-na-casa-ve-tragedia-pior-crime\/\" \/>\n<meta property=\"og:site_name\" content=\"MRNews\" \/>\n<meta property=\"article:publisher\" content=\"https:\/\/www.facebook.com\/eaipahpah\/?locale2=pt_BR\" \/>\n<meta property=\"article:published_time\" content=\"2022-05-26T00:44:59+00:00\" \/>\n<meta property=\"og:image\" content=\"https:\/\/mrnews.com.br\/wp-content\/uploads\/2022\/05\/39A60441-359C-4081-923E-0FB6244984F6.jpeg\" \/>\n\t<meta property=\"og:image:width\" content=\"1200\" \/>\n\t<meta property=\"og:image:height\" content=\"630\" \/>\n\t<meta property=\"og:image:type\" content=\"image\/jpeg\" \/>\n<meta name=\"author\" content=\"MR News\" \/>\n<meta name=\"twitter:card\" content=\"summary_large_image\" \/>\n<meta name=\"twitter:creator\" content=\"@conspirou\" \/>\n<meta name=\"twitter:site\" content=\"@conspirou\" \/>\n<meta name=\"twitter:label1\" content=\"Escrito por\" \/>\n\t<meta name=\"twitter:data1\" content=\"MR News\" \/>\n\t<meta name=\"twitter:label2\" content=\"Est. tempo de leitura\" \/>\n\t<meta name=\"twitter:data2\" content=\"2 minutos\" \/>\n<script type=\"application\/ld+json\" class=\"yoast-schema-graph\">{\"@context\":\"https:\\\/\\\/schema.org\",\"@graph\":[{\"@type\":\"Article\",\"@id\":\"https:\\\/\\\/mrnews.com.br\\\/index.php\\\/2022\\\/05\\\/25\\\/pai-sequestra-filhas-de-6-e-7-anos-e-quando-policia-entra-na-casa-ve-tragedia-pior-crime\\\/#article\",\"isPartOf\":{\"@id\":\"https:\\\/\\\/mrnews.com.br\\\/index.php\\\/2022\\\/05\\\/25\\\/pai-sequestra-filhas-de-6-e-7-anos-e-quando-policia-entra-na-casa-ve-tragedia-pior-crime\\\/\"},\"author\":{\"name\":\"MR News\",\"@id\":\"https:\\\/\\\/mrnews.com.br\\\/#\\\/schema\\\/person\\\/be3203154562a9f207407861cef7827b\"},\"headline\":\"PAI SEQUESTRA FILHAS DE 6 E 7 ANOS E QUANDO POL\u00cdCIA ENTRA NA CASA V\u00ca TRAG\u00c9DIA: &#8216;PIOR CRIME&#8217;\",\"datePublished\":\"2022-05-26T00:44:59+00:00\",\"mainEntityOfPage\":{\"@id\":\"https:\\\/\\\/mrnews.com.br\\\/index.php\\\/2022\\\/05\\\/25\\\/pai-sequestra-filhas-de-6-e-7-anos-e-quando-policia-entra-na-casa-ve-tragedia-pior-crime\\\/\"},\"wordCount\":341,\"commentCount\":0,\"publisher\":{\"@id\":\"https:\\\/\\\/mrnews.com.br\\\/#organization\"},\"articleSection\":[\"ENTRETENIMENTO\",\"NOTICIAS\"],\"inLanguage\":\"pt-BR\",\"potentialAction\":[{\"@type\":\"CommentAction\",\"name\":\"Comment\",\"target\":[\"https:\\\/\\\/mrnews.com.br\\\/index.php\\\/2022\\\/05\\\/25\\\/pai-sequestra-filhas-de-6-e-7-anos-e-quando-policia-entra-na-casa-ve-tragedia-pior-crime\\\/#respond\"]}]},{\"@type\":\"WebPage\",\"@id\":\"https:\\\/\\\/mrnews.com.br\\\/index.php\\\/2022\\\/05\\\/25\\\/pai-sequestra-filhas-de-6-e-7-anos-e-quando-policia-entra-na-casa-ve-tragedia-pior-crime\\\/\",\"url\":\"https:\\\/\\\/mrnews.com.br\\\/index.php\\\/2022\\\/05\\\/25\\\/pai-sequestra-filhas-de-6-e-7-anos-e-quando-policia-entra-na-casa-ve-tragedia-pior-crime\\\/\",\"name\":\"PAI SEQUESTRA FILHAS DE 6 E 7 ANOS E QUANDO POL\u00cdCIA ENTRA NA CASA V\u00ca TRAG\u00c9DIA: 'PIOR CRIME'\",\"isPartOf\":{\"@id\":\"https:\\\/\\\/mrnews.com.br\\\/#website\"},\"datePublished\":\"2022-05-26T00:44:59+00:00\",\"breadcrumb\":{\"@id\":\"https:\\\/\\\/mrnews.com.br\\\/index.php\\\/2022\\\/05\\\/25\\\/pai-sequestra-filhas-de-6-e-7-anos-e-quando-policia-entra-na-casa-ve-tragedia-pior-crime\\\/#breadcrumb\"},\"inLanguage\":\"pt-BR\",\"potentialAction\":[{\"@type\":\"ReadAction\",\"target\":[\"https:\\\/\\\/mrnews.com.br\\\/index.php\\\/2022\\\/05\\\/25\\\/pai-sequestra-filhas-de-6-e-7-anos-e-quando-policia-entra-na-casa-ve-tragedia-pior-crime\\\/\"]}]},{\"@type\":\"BreadcrumbList\",\"@id\":\"https:\\\/\\\/mrnews.com.br\\\/index.php\\\/2022\\\/05\\\/25\\\/pai-sequestra-filhas-de-6-e-7-anos-e-quando-policia-entra-na-casa-ve-tragedia-pior-crime\\\/#breadcrumb\",\"itemListElement\":[{\"@type\":\"ListItem\",\"position\":1,\"name\":\"In\u00edcio\",\"item\":\"https:\\\/\\\/mrnews.com.br\\\/\"},{\"@type\":\"ListItem\",\"position\":2,\"name\":\"PAI SEQUESTRA FILHAS DE 6 E 7 ANOS E QUANDO POL\u00cdCIA ENTRA NA CASA V\u00ca TRAG\u00c9DIA: &#8216;PIOR CRIME&#8217;\"}]},{\"@type\":\"WebSite\",\"@id\":\"https:\\\/\\\/mrnews.com.br\\\/#website\",\"url\":\"https:\\\/\\\/mrnews.com.br\\\/\",\"name\":\"MRNews\",\"description\":\"MRNews Jogos de hoje da TV, transmiss\u00f5es ao vivo, Not\u00edcias de futebol, Jogos ao vivo, Lives, resumo de novelas, Programa\u00e7\u00e3o da Globo, A Fazenda e BBB\",\"publisher\":{\"@id\":\"https:\\\/\\\/mrnews.com.br\\\/#organization\"},\"potentialAction\":[{\"@type\":\"SearchAction\",\"target\":{\"@type\":\"EntryPoint\",\"urlTemplate\":\"https:\\\/\\\/mrnews.com.br\\\/?s={search_term_string}\"},\"query-input\":{\"@type\":\"PropertyValueSpecification\",\"valueRequired\":true,\"valueName\":\"search_term_string\"}}],\"inLanguage\":\"pt-BR\"},{\"@type\":\"Organization\",\"@id\":\"https:\\\/\\\/mrnews.com.br\\\/#organization\",\"name\":\"MRNews\",\"url\":\"https:\\\/\\\/mrnews.com.br\\\/\",\"logo\":{\"@type\":\"ImageObject\",\"inLanguage\":\"pt-BR\",\"@id\":\"https:\\\/\\\/mrnews.com.br\\\/#\\\/schema\\\/logo\\\/image\\\/\",\"url\":\"https:\\\/\\\/mrnews.com.br\\\/wp-content\\\/uploads\\\/2026\\\/08\\\/MRNEws.png\",\"contentUrl\":\"https:\\\/\\\/mrnews.com.br\\\/wp-content\\\/uploads\\\/2026\\\/08\\\/MRNEws.png\",\"width\":1254,\"height\":1254,\"caption\":\"MRNews\"},\"image\":{\"@id\":\"https:\\\/\\\/mrnews.com.br\\\/#\\\/schema\\\/logo\\\/image\\\/\"},\"sameAs\":[\"https:\\\/\\\/www.facebook.com\\\/eaipahpah\\\/?locale2=pt_BR\",\"https:\\\/\\\/x.com\\\/conspirou\",\"https:\\\/\\\/www.instagram.com\\\/eai_pahpah\",\"https:\\\/\\\/br.pinterest.com\\\/mrnewsn\\\/boards\\\/\",\"https:\\\/\\\/www.youtube.com\\\/channel\\\/UCacgnpznQ61fifLWr1tQ-vA?view_as=subscriber\"]},{\"@type\":\"Person\",\"@id\":\"https:\\\/\\\/mrnews.com.br\\\/#\\\/schema\\\/person\\\/be3203154562a9f207407861cef7827b\",\"name\":\"MR News\",\"image\":{\"@type\":\"ImageObject\",\"inLanguage\":\"pt-BR\",\"@id\":\"https:\\\/\\\/secure.gravatar.com\\\/avatar\\\/04084e6d73c042b8646e7c17b494073bf0ede3ea13c7105cfc45cbbbc28385a4?s=96&d=monsterid&r=g\",\"url\":\"https:\\\/\\\/secure.gravatar.com\\\/avatar\\\/04084e6d73c042b8646e7c17b494073bf0ede3ea13c7105cfc45cbbbc28385a4?s=96&d=monsterid&r=g\",\"contentUrl\":\"https:\\\/\\\/secure.gravatar.com\\\/avatar\\\/04084e6d73c042b8646e7c17b494073bf0ede3ea13c7105cfc45cbbbc28385a4?s=96&d=monsterid&r=g\",\"caption\":\"MR News\"},\"description\":\"Especializado em jornalismo colaborativo pela FTP em n\u00edvel de p\u00f3s-gradua\u00e7\u00e3o. suporte@oimeliga.combr\",\"sameAs\":[\"HUGO R.\",\"Admin\"],\"url\":\"https:\\\/\\\/mrnews.com.br\\\/index.php\\\/author\\\/admin\\\/\"}]}<\/script>\n<!-- \/ Yoast SEO plugin. -->","yoast_head_json":{"title":"PAI SEQUESTRA FILHAS DE 6 E 7 ANOS E QUANDO POL\u00cdCIA ENTRA NA CASA V\u00ca TRAG\u00c9DIA: 'PIOR CRIME'","robots":{"index":"index","follow":"follow","max-snippet":"max-snippet:-1","max-image-preview":"max-image-preview:large","max-video-preview":"max-video-preview:-1"},"canonical":"https:\/\/mrnews.com.br\/index.php\/2022\/05\/25\/pai-sequestra-filhas-de-6-e-7-anos-e-quando-policia-entra-na-casa-ve-tragedia-pior-crime\/","og_locale":"pt_BR","og_type":"article","og_title":"PAI SEQUESTRA FILHAS DE 6 E 7 ANOS E QUANDO POL\u00cdCIA ENTRA NA CASA V\u00ca TRAG\u00c9DIA: 'PIOR CRIME'","og_description":"A viol\u00eancia no Brasil est\u00e1 espalhada pelo pa\u00eds, em muitos pontos por\u00e9m, estes crimes se sobressaem, por exemplos em cidades maiores, e em estados no norte do pa\u00eds. Infelizmente esta estat\u00edstica aumenta a ca\u00e7ada dia, mostrando o emergente refor\u00e7o na seguran\u00e7a que alguns locais necessitam. Nesta ter\u00e7a-feira, dia 24 de maio, um crime b\u00e1rbaro seguido &hellip;","og_url":"https:\/\/mrnews.com.br\/index.php\/2022\/05\/25\/pai-sequestra-filhas-de-6-e-7-anos-e-quando-policia-entra-na-casa-ve-tragedia-pior-crime\/","og_site_name":"MRNews","article_publisher":"https:\/\/www.facebook.com\/eaipahpah\/?locale2=pt_BR","article_published_time":"2022-05-26T00:44:59+00:00","og_image":[{"width":1200,"height":630,"url":"https:\/\/mrnews.com.br\/wp-content\/uploads\/2022\/05\/39A60441-359C-4081-923E-0FB6244984F6.jpeg","type":"image\/jpeg"}],"author":"MR News","twitter_card":"summary_large_image","twitter_creator":"@conspirou","twitter_site":"@conspirou","twitter_misc":{"Escrito por":"MR News","Est. tempo de leitura":"2 minutos"},"schema":{"@context":"https:\/\/schema.org","@graph":[{"@type":"Article","@id":"https:\/\/mrnews.com.br\/index.php\/2022\/05\/25\/pai-sequestra-filhas-de-6-e-7-anos-e-quando-policia-entra-na-casa-ve-tragedia-pior-crime\/#article","isPartOf":{"@id":"https:\/\/mrnews.com.br\/index.php\/2022\/05\/25\/pai-sequestra-filhas-de-6-e-7-anos-e-quando-policia-entra-na-casa-ve-tragedia-pior-crime\/"},"author":{"name":"MR News","@id":"https:\/\/mrnews.com.br\/#\/schema\/person\/be3203154562a9f207407861cef7827b"},"headline":"PAI SEQUESTRA FILHAS DE 6 E 7 ANOS E QUANDO POL\u00cdCIA ENTRA NA CASA V\u00ca TRAG\u00c9DIA: &#8216;PIOR CRIME&#8217;","datePublished":"2022-05-26T00:44:59+00:00","mainEntityOfPage":{"@id":"https:\/\/mrnews.com.br\/index.php\/2022\/05\/25\/pai-sequestra-filhas-de-6-e-7-anos-e-quando-policia-entra-na-casa-ve-tragedia-pior-crime\/"},"wordCount":341,"commentCount":0,"publisher":{"@id":"https:\/\/mrnews.com.br\/#organization"},"articleSection":["ENTRETENIMENTO","NOTICIAS"],"inLanguage":"pt-BR","potentialAction":[{"@type":"CommentAction","name":"Comment","target":["https:\/\/mrnews.com.br\/index.php\/2022\/05\/25\/pai-sequestra-filhas-de-6-e-7-anos-e-quando-policia-entra-na-casa-ve-tragedia-pior-crime\/#respond"]}]},{"@type":"WebPage","@id":"https:\/\/mrnews.com.br\/index.php\/2022\/05\/25\/pai-sequestra-filhas-de-6-e-7-anos-e-quando-policia-entra-na-casa-ve-tragedia-pior-crime\/","url":"https:\/\/mrnews.com.br\/index.php\/2022\/05\/25\/pai-sequestra-filhas-de-6-e-7-anos-e-quando-policia-entra-na-casa-ve-tragedia-pior-crime\/","name":"PAI SEQUESTRA FILHAS DE 6 E 7 ANOS E QUANDO POL\u00cdCIA ENTRA NA CASA V\u00ca TRAG\u00c9DIA: 'PIOR CRIME'","isPartOf":{"@id":"https:\/\/mrnews.com.br\/#website"},"datePublished":"2022-05-26T00:44:59+00:00","breadcrumb":{"@id":"https:\/\/mrnews.com.br\/index.php\/2022\/05\/25\/pai-sequestra-filhas-de-6-e-7-anos-e-quando-policia-entra-na-casa-ve-tragedia-pior-crime\/#breadcrumb"},"inLanguage":"pt-BR","potentialAction":[{"@type":"ReadAction","target":["https:\/\/mrnews.com.br\/index.php\/2022\/05\/25\/pai-sequestra-filhas-de-6-e-7-anos-e-quando-policia-entra-na-casa-ve-tragedia-pior-crime\/"]}]},{"@type":"BreadcrumbList","@id":"https:\/\/mrnews.com.br\/index.php\/2022\/05\/25\/pai-sequestra-filhas-de-6-e-7-anos-e-quando-policia-entra-na-casa-ve-tragedia-pior-crime\/#breadcrumb","itemListElement":[{"@type":"ListItem","position":1,"name":"In\u00edcio","item":"https:\/\/mrnews.com.br\/"},{"@type":"ListItem","position":2,"name":"PAI SEQUESTRA FILHAS DE 6 E 7 ANOS E QUANDO POL\u00cdCIA ENTRA NA CASA V\u00ca TRAG\u00c9DIA: &#8216;PIOR CRIME&#8217;"}]},{"@type":"WebSite","@id":"https:\/\/mrnews.com.br\/#website","url":"https:\/\/mrnews.com.br\/","name":"MRNews","description":"MRNews Jogos de hoje da TV, transmiss\u00f5es ao vivo, Not\u00edcias de futebol, Jogos ao vivo, Lives, resumo de novelas, Programa\u00e7\u00e3o da Globo, A Fazenda e BBB","publisher":{"@id":"https:\/\/mrnews.com.br\/#organization"},"potentialAction":[{"@type":"SearchAction","target":{"@type":"EntryPoint","urlTemplate":"https:\/\/mrnews.com.br\/?s={search_term_string}"},"query-input":{"@type":"PropertyValueSpecification","valueRequired":true,"valueName":"search_term_string"}}],"inLanguage":"pt-BR"},{"@type":"Organization","@id":"https:\/\/mrnews.com.br\/#organization","name":"MRNews","url":"https:\/\/mrnews.com.br\/","logo":{"@type":"ImageObject","inLanguage":"pt-BR","@id":"https:\/\/mrnews.com.br\/#\/schema\/logo\/image\/","url":"https:\/\/mrnews.com.br\/wp-content\/uploads\/2026\/08\/MRNEws.png","contentUrl":"https:\/\/mrnews.com.br\/wp-content\/uploads\/2026\/08\/MRNEws.png","width":1254,"height":1254,"caption":"MRNews"},"image":{"@id":"https:\/\/mrnews.com.br\/#\/schema\/logo\/image\/"},"sameAs":["https:\/\/www.facebook.com\/eaipahpah\/?locale2=pt_BR","https:\/\/x.com\/conspirou","https:\/\/www.instagram.com\/eai_pahpah","https:\/\/br.pinterest.com\/mrnewsn\/boards\/","https:\/\/www.youtube.com\/channel\/UCacgnpznQ61fifLWr1tQ-vA?view_as=subscriber"]},{"@type":"Person","@id":"https:\/\/mrnews.com.br\/#\/schema\/person\/be3203154562a9f207407861cef7827b","name":"MR News","image":{"@type":"ImageObject","inLanguage":"pt-BR","@id":"https:\/\/secure.gravatar.com\/avatar\/04084e6d73c042b8646e7c17b494073bf0ede3ea13c7105cfc45cbbbc28385a4?s=96&d=monsterid&r=g","url":"https:\/\/secure.gravatar.com\/avatar\/04084e6d73c042b8646e7c17b494073bf0ede3ea13c7105cfc45cbbbc28385a4?s=96&d=monsterid&r=g","contentUrl":"https:\/\/secure.gravatar.com\/avatar\/04084e6d73c042b8646e7c17b494073bf0ede3ea13c7105cfc45cbbbc28385a4?s=96&d=monsterid&r=g","caption":"MR News"},"description":"Especializado em jornalismo colaborativo pela FTP em n\u00edvel de p\u00f3s-gradua\u00e7\u00e3o. suporte@oimeliga.combr","sameAs":["HUGO R.","Admin"],"url":"https:\/\/mrnews.com.br\/index.php\/author\/admin\/"}]}},"jetpack_sharing_enabled":true,"jetpack_shortlink":"https:\/\/wp.me\/pa2Qf7-1rM0","amp_enabled":true,"jetpack_featured_media_url":"","_links":{"self":[{"href":"https:\/\/mrnews.com.br\/index.php\/wp-json\/wp\/v2\/posts\/345092","targetHints":{"allow":["GET"]}}],"collection":[{"href":"https:\/\/mrnews.com.br\/index.php\/wp-json\/wp\/v2\/posts"}],"about":[{"href":"https:\/\/mrnews.com.br\/index.php\/wp-json\/wp\/v2\/types\/post"}],"author":[{"embeddable":true,"href":"https:\/\/mrnews.com.br\/index.php\/wp-json\/wp\/v2\/users\/1"}],"replies":[{"embeddable":true,"href":"https:\/\/mrnews.com.br\/index.php\/wp-json\/wp\/v2\/comments?post=345092"}],"version-history":[{"count":0,"href":"https:\/\/mrnews.com.br\/index.php\/wp-json\/wp\/v2\/posts\/345092\/revisions"}],"wp:attachment":[{"href":"https:\/\/mrnews.com.br\/index.php\/wp-json\/wp\/v2\/media?parent=345092"}],"wp:term":[{"taxonomy":"category","embeddable":true,"href":"https:\/\/mrnews.com.br\/index.php\/wp-json\/wp\/v2\/categories?post=345092"},{"taxonomy":"post_tag","embeddable":true,"href":"https:\/\/mrnews.com.br\/index.php\/wp-json\/wp\/v2\/tags?post=345092"}],"curies":[{"name":"wp","href":"https:\/\/api.w.org\/{rel}","templated":true}]}}