{"id":357989,"date":"2022-07-09T17:12:35","date_gmt":"2022-07-09T20:12:35","guid":{"rendered":"https:\/\/mrnews.com.br\/?p=357989"},"modified":"2022-07-09T17:12:35","modified_gmt":"2022-07-09T20:12:35","slug":"bruna-linzmeyer-chora-a-perda-de-companheira-apos-12-anos-de-uniao-luto","status":"publish","type":"post","link":"https:\/\/mrnews.com.br\/index.php\/2022\/07\/09\/bruna-linzmeyer-chora-a-perda-de-companheira-apos-12-anos-de-uniao-luto\/","title":{"rendered":"Bruna Linzmeyer chora a perda de companheira ap\u00f3s 12 anos de uni\u00e3o: &#8216;LUTO&#8217;"},"content":{"rendered":"<p>A atriz\u00a0<strong>Bruna Linzmeyer<\/strong>\u00a0comoveu os seguidores na tarde desta sexta-feira (08) ao anunciar uma perda significativa em sua fam\u00edlia. Nas redes sociais, la contou que sua cadela de estima\u00e7\u00e3o,\u00a0<strong>Paulina<\/strong>, que estava com ela h\u00e1 12 anos, faleceu.<\/p>\n<p>Em um relato comovente, ela contou que a companheira mudou completamente sua vida, desde o dia em que foi adotada. Ela garantiu que, apesar da tristeza pela partida de Paulina, \u00e9 grata por tudo que viveu com ela ao longo dos anos.<\/p>\n<div class=\"wrapper-banner-amp-1\"><\/div>\n<p><em>\u201cDurante os \u00faltimos anos, ela ocupou meu lugar no sof\u00e1 e, quando eu estava, o lugar dela era no meu colo. A gente adotou ela machucada, assustada e com fome h\u00e1 12 anos, num posto de gasolina, voltando do santu\u00e1rio da Santa Paulina\u201d<\/em>, iniciou ela no relato.<\/p>\n<div class=\"artigo_texto\">\n<p>Em seguida, a artista contou ainda que o nome da cachorrinha se deu por conta do local onde ela foi resgatada:\u00a0<em>\u201cPor isso ela tinha esse nome. Nossa Paulina, nossa polis, partiu anteontem, mas a bichinha se divertiu muito nessa vida, ganhou muito carinho e nos deu muito amor tamb\u00e9m. Eu agrade\u00e7o\u201d<\/em>, finalizou.<\/p>\n<p>Nos coment\u00e1rios da publica\u00e7\u00e3o, a atriz recebeu uma onda de apoio de amigos e seguidores, que deixaram mensagens de carinho e p\u00easames:\u00a0<em>\u201cSinto muito\u201d, \u201cMeus sentimentos\u201d, \u201cD\u00f3i tanto o cora\u00e7\u00e3o, n\u00e9?! Parab\u00e9ns por ter feito a vidinha dela ter dias t\u00e3o bonitos\u201d<\/em>, escreveram alguns deles.<\/p>\n<p>Veja:<\/p>\n<div class=\"wrapper-banner-amp-1\"><\/div>\n<div class=\"instagram\"><iframe class=\"i-amphtml-fill-content\" title=\"Instagram: null\" src=\"https:\/\/www.instagram.com\/p\/Cfwf3QyLCWx\/embed\/?cr=1&amp;v=12\" frameborder=\"0\" scrolling=\"no\" data-mce-fragment=\"1\"><\/iframe><\/div>\n<p>&nbsp;<\/p>\n<h2>RADICALIZOU!<\/h2>\n<p>Recentemente,\u00a0<strong>Bruna Linzmeyer<\/strong>\u00a0aproveitou o momento #TBT\u00a0para refletir sobre a grande mudan\u00e7a que fez no visual.\u00a0Em suma, ela comparou sua caracteriza\u00e7\u00e3o como Madeleine na primeira fase de &#8216;Pantanal&#8217;, onde aparece com os cabelos longos, com sua atual fase, com a cabe\u00e7a quase raspada.<\/p>\n<p><em>&#8220;Eu olho essas fotos e nem me reconhe\u00e7o. Minha cara mudou, n\u00e3o s\u00f3 meu cabelo. Estou viajando muito ou voc\u00eas tamb\u00e9m percebem?&#8221;<\/em>, questionou a atriz. Em seguida, ela tamb\u00e9m aproveitou para comentar que continua assistindo o remake da obra de\u00a0<strong>Benedito Ruy Barbosa<\/strong>, mesmo de fora do pa\u00eds.<\/p>\n<\/div>\n<div class=\"wrapper-banner-amp-1\"><\/div>\n<p>&nbsp;<\/p>\n","protected":false},"excerpt":{"rendered":"<p>A atriz\u00a0Bruna Linzmeyer\u00a0comoveu os seguidores na tarde desta sexta-feira (08) ao anunciar uma perda significativa em sua fam\u00edlia. Nas redes sociais, la contou que sua cadela de estima\u00e7\u00e3o,\u00a0Paulina, que estava com ela h\u00e1 12 anos, faleceu. Em um relato comovente, ela contou que a companheira mudou completamente sua vida, desde o dia em que foi &hellip;<\/p>\n","protected":false},"author":1,"featured_media":357992,"comment_status":"open","ping_status":"open","sticky":false,"template":"","format":"standard","meta":{"_jetpack_memberships_contains_paid_content":false,"footnotes":""},"categories":[2],"tags":[],"class_list":["post-357989","post","type-post","status-publish","format-standard","has-post-thumbnail","hentry","category-entretenimento"],"yoast_head":"<!-- This site is optimized with the Yoast SEO plugin v27.5 - https:\/\/yoast.com\/product\/yoast-seo-wordpress\/ -->\n<title>Bruna Linzmeyer chora a perda de companheira ap\u00f3s 12 anos de uni\u00e3o: &#039;LUTO&#039;<\/title>\n<meta name=\"robots\" content=\"index, follow, max-snippet:-1, max-image-preview:large, max-video-preview:-1\" \/>\n<link rel=\"canonical\" href=\"https:\/\/mrnews.com.br\/index.php\/2022\/07\/09\/bruna-linzmeyer-chora-a-perda-de-companheira-apos-12-anos-de-uniao-luto\/\" \/>\n<meta property=\"og:locale\" content=\"pt_BR\" \/>\n<meta property=\"og:type\" content=\"article\" \/>\n<meta property=\"og:title\" content=\"Bruna Linzmeyer chora a perda de companheira ap\u00f3s 12 anos de uni\u00e3o: &#039;LUTO&#039;\" \/>\n<meta property=\"og:description\" content=\"A atriz\u00a0Bruna Linzmeyer\u00a0comoveu os seguidores na tarde desta sexta-feira (08) ao anunciar uma perda significativa em sua fam\u00edlia. Nas redes sociais, la contou que sua cadela de estima\u00e7\u00e3o,\u00a0Paulina, que estava com ela h\u00e1 12 anos, faleceu. Em um relato comovente, ela contou que a companheira mudou completamente sua vida, desde o dia em que foi &hellip;\" \/>\n<meta property=\"og:url\" content=\"https:\/\/mrnews.com.br\/index.php\/2022\/07\/09\/bruna-linzmeyer-chora-a-perda-de-companheira-apos-12-anos-de-uniao-luto\/\" \/>\n<meta property=\"og:site_name\" content=\"MRNews\" \/>\n<meta property=\"article:publisher\" content=\"https:\/\/www.facebook.com\/eaipahpah\/?locale2=pt_BR\" \/>\n<meta property=\"article:published_time\" content=\"2022-07-09T20:12:35+00:00\" \/>\n<meta property=\"og:image\" content=\"https:\/\/mrnews.com.br\/wp-content\/uploads\/2022\/07\/Screenshot_20220709-171047_Instagram.jpg\" \/>\n\t<meta property=\"og:image:width\" content=\"1079\" \/>\n\t<meta property=\"og:image:height\" content=\"750\" \/>\n\t<meta property=\"og:image:type\" content=\"image\/jpeg\" \/>\n<meta name=\"author\" content=\"MR News\" \/>\n<meta name=\"twitter:card\" content=\"summary_large_image\" \/>\n<meta name=\"twitter:creator\" content=\"@conspirou\" \/>\n<meta name=\"twitter:site\" content=\"@conspirou\" \/>\n<meta name=\"twitter:label1\" content=\"Escrito por\" \/>\n\t<meta name=\"twitter:data1\" content=\"MR News\" \/>\n\t<meta name=\"twitter:label2\" content=\"Est. tempo de leitura\" \/>\n\t<meta name=\"twitter:data2\" content=\"2 minutos\" \/>\n<script type=\"application\/ld+json\" class=\"yoast-schema-graph\">{\"@context\":\"https:\\\/\\\/schema.org\",\"@graph\":[{\"@type\":\"Article\",\"@id\":\"https:\\\/\\\/mrnews.com.br\\\/index.php\\\/2022\\\/07\\\/09\\\/bruna-linzmeyer-chora-a-perda-de-companheira-apos-12-anos-de-uniao-luto\\\/#article\",\"isPartOf\":{\"@id\":\"https:\\\/\\\/mrnews.com.br\\\/index.php\\\/2022\\\/07\\\/09\\\/bruna-linzmeyer-chora-a-perda-de-companheira-apos-12-anos-de-uniao-luto\\\/\"},\"author\":{\"name\":\"MR News\",\"@id\":\"https:\\\/\\\/mrnews.com.br\\\/#\\\/schema\\\/person\\\/be3203154562a9f207407861cef7827b\"},\"headline\":\"Bruna Linzmeyer chora a perda de companheira ap\u00f3s 12 anos de uni\u00e3o: &#8216;LUTO&#8217;\",\"datePublished\":\"2022-07-09T20:12:35+00:00\",\"mainEntityOfPage\":{\"@id\":\"https:\\\/\\\/mrnews.com.br\\\/index.php\\\/2022\\\/07\\\/09\\\/bruna-linzmeyer-chora-a-perda-de-companheira-apos-12-anos-de-uniao-luto\\\/\"},\"wordCount\":354,\"commentCount\":0,\"publisher\":{\"@id\":\"https:\\\/\\\/mrnews.com.br\\\/#organization\"},\"image\":{\"@id\":\"https:\\\/\\\/mrnews.com.br\\\/index.php\\\/2022\\\/07\\\/09\\\/bruna-linzmeyer-chora-a-perda-de-companheira-apos-12-anos-de-uniao-luto\\\/#primaryimage\"},\"thumbnailUrl\":\"https:\\\/\\\/mrnews.com.br\\\/wp-content\\\/uploads\\\/2022\\\/07\\\/Screenshot_20220709-171047_Instagram.jpg\",\"articleSection\":[\"ENTRETENIMENTO\"],\"inLanguage\":\"pt-BR\",\"potentialAction\":[{\"@type\":\"CommentAction\",\"name\":\"Comment\",\"target\":[\"https:\\\/\\\/mrnews.com.br\\\/index.php\\\/2022\\\/07\\\/09\\\/bruna-linzmeyer-chora-a-perda-de-companheira-apos-12-anos-de-uniao-luto\\\/#respond\"]}]},{\"@type\":\"WebPage\",\"@id\":\"https:\\\/\\\/mrnews.com.br\\\/index.php\\\/2022\\\/07\\\/09\\\/bruna-linzmeyer-chora-a-perda-de-companheira-apos-12-anos-de-uniao-luto\\\/\",\"url\":\"https:\\\/\\\/mrnews.com.br\\\/index.php\\\/2022\\\/07\\\/09\\\/bruna-linzmeyer-chora-a-perda-de-companheira-apos-12-anos-de-uniao-luto\\\/\",\"name\":\"Bruna Linzmeyer chora a perda de companheira ap\u00f3s 12 anos de uni\u00e3o: 'LUTO'\",\"isPartOf\":{\"@id\":\"https:\\\/\\\/mrnews.com.br\\\/#website\"},\"primaryImageOfPage\":{\"@id\":\"https:\\\/\\\/mrnews.com.br\\\/index.php\\\/2022\\\/07\\\/09\\\/bruna-linzmeyer-chora-a-perda-de-companheira-apos-12-anos-de-uniao-luto\\\/#primaryimage\"},\"image\":{\"@id\":\"https:\\\/\\\/mrnews.com.br\\\/index.php\\\/2022\\\/07\\\/09\\\/bruna-linzmeyer-chora-a-perda-de-companheira-apos-12-anos-de-uniao-luto\\\/#primaryimage\"},\"thumbnailUrl\":\"https:\\\/\\\/mrnews.com.br\\\/wp-content\\\/uploads\\\/2022\\\/07\\\/Screenshot_20220709-171047_Instagram.jpg\",\"datePublished\":\"2022-07-09T20:12:35+00:00\",\"breadcrumb\":{\"@id\":\"https:\\\/\\\/mrnews.com.br\\\/index.php\\\/2022\\\/07\\\/09\\\/bruna-linzmeyer-chora-a-perda-de-companheira-apos-12-anos-de-uniao-luto\\\/#breadcrumb\"},\"inLanguage\":\"pt-BR\",\"potentialAction\":[{\"@type\":\"ReadAction\",\"target\":[\"https:\\\/\\\/mrnews.com.br\\\/index.php\\\/2022\\\/07\\\/09\\\/bruna-linzmeyer-chora-a-perda-de-companheira-apos-12-anos-de-uniao-luto\\\/\"]}]},{\"@type\":\"ImageObject\",\"inLanguage\":\"pt-BR\",\"@id\":\"https:\\\/\\\/mrnews.com.br\\\/index.php\\\/2022\\\/07\\\/09\\\/bruna-linzmeyer-chora-a-perda-de-companheira-apos-12-anos-de-uniao-luto\\\/#primaryimage\",\"url\":\"https:\\\/\\\/mrnews.com.br\\\/wp-content\\\/uploads\\\/2022\\\/07\\\/Screenshot_20220709-171047_Instagram.jpg\",\"contentUrl\":\"https:\\\/\\\/mrnews.com.br\\\/wp-content\\\/uploads\\\/2022\\\/07\\\/Screenshot_20220709-171047_Instagram.jpg\",\"width\":1079,\"height\":750},{\"@type\":\"BreadcrumbList\",\"@id\":\"https:\\\/\\\/mrnews.com.br\\\/index.php\\\/2022\\\/07\\\/09\\\/bruna-linzmeyer-chora-a-perda-de-companheira-apos-12-anos-de-uniao-luto\\\/#breadcrumb\",\"itemListElement\":[{\"@type\":\"ListItem\",\"position\":1,\"name\":\"In\u00edcio\",\"item\":\"https:\\\/\\\/mrnews.com.br\\\/\"},{\"@type\":\"ListItem\",\"position\":2,\"name\":\"Bruna Linzmeyer chora a perda de companheira ap\u00f3s 12 anos de uni\u00e3o: &#8216;LUTO&#8217;\"}]},{\"@type\":\"WebSite\",\"@id\":\"https:\\\/\\\/mrnews.com.br\\\/#website\",\"url\":\"https:\\\/\\\/mrnews.com.br\\\/\",\"name\":\"MRNews\",\"description\":\"MRNews Jogos de hoje da TV, transmiss\u00f5es ao vivo, Not\u00edcias de futebol, Jogos ao vivo, Lives, resumo de novelas, Programa\u00e7\u00e3o da Globo, A Fazenda e BBB\",\"publisher\":{\"@id\":\"https:\\\/\\\/mrnews.com.br\\\/#organization\"},\"potentialAction\":[{\"@type\":\"SearchAction\",\"target\":{\"@type\":\"EntryPoint\",\"urlTemplate\":\"https:\\\/\\\/mrnews.com.br\\\/?s={search_term_string}\"},\"query-input\":{\"@type\":\"PropertyValueSpecification\",\"valueRequired\":true,\"valueName\":\"search_term_string\"}}],\"inLanguage\":\"pt-BR\"},{\"@type\":\"Organization\",\"@id\":\"https:\\\/\\\/mrnews.com.br\\\/#organization\",\"name\":\"MRNews\",\"url\":\"https:\\\/\\\/mrnews.com.br\\\/\",\"logo\":{\"@type\":\"ImageObject\",\"inLanguage\":\"pt-BR\",\"@id\":\"https:\\\/\\\/mrnews.com.br\\\/#\\\/schema\\\/logo\\\/image\\\/\",\"url\":\"https:\\\/\\\/mrnews.com.br\\\/wp-content\\\/uploads\\\/2019\\\/06\\\/MRNewslogo2.png\",\"contentUrl\":\"https:\\\/\\\/mrnews.com.br\\\/wp-content\\\/uploads\\\/2019\\\/06\\\/MRNewslogo2.png\",\"width\":223,\"height\":58,\"caption\":\"MRNews\"},\"image\":{\"@id\":\"https:\\\/\\\/mrnews.com.br\\\/#\\\/schema\\\/logo\\\/image\\\/\"},\"sameAs\":[\"https:\\\/\\\/www.facebook.com\\\/eaipahpah\\\/?locale2=pt_BR\",\"https:\\\/\\\/x.com\\\/conspirou\",\"https:\\\/\\\/www.instagram.com\\\/eai_pahpah\",\"https:\\\/\\\/br.pinterest.com\\\/mrnewsn\\\/boards\\\/\",\"https:\\\/\\\/www.youtube.com\\\/channel\\\/UCacgnpznQ61fifLWr1tQ-vA?view_as=subscriber\"]},{\"@type\":\"Person\",\"@id\":\"https:\\\/\\\/mrnews.com.br\\\/#\\\/schema\\\/person\\\/be3203154562a9f207407861cef7827b\",\"name\":\"MR News\",\"image\":{\"@type\":\"ImageObject\",\"inLanguage\":\"pt-BR\",\"@id\":\"https:\\\/\\\/secure.gravatar.com\\\/avatar\\\/04084e6d73c042b8646e7c17b494073bf0ede3ea13c7105cfc45cbbbc28385a4?s=96&d=monsterid&r=g\",\"url\":\"https:\\\/\\\/secure.gravatar.com\\\/avatar\\\/04084e6d73c042b8646e7c17b494073bf0ede3ea13c7105cfc45cbbbc28385a4?s=96&d=monsterid&r=g\",\"contentUrl\":\"https:\\\/\\\/secure.gravatar.com\\\/avatar\\\/04084e6d73c042b8646e7c17b494073bf0ede3ea13c7105cfc45cbbbc28385a4?s=96&d=monsterid&r=g\",\"caption\":\"MR News\"},\"description\":\"Especializado em jornalismo colaborativo pela FTP em n\u00edvel de p\u00f3s-gradua\u00e7\u00e3o. suporte@oimeliga.combr\",\"sameAs\":[\"HUGO R.\",\"Admin\"],\"url\":\"https:\\\/\\\/mrnews.com.br\\\/index.php\\\/author\\\/admin\\\/\"}]}<\/script>\n<!-- \/ Yoast SEO plugin. -->","yoast_head_json":{"title":"Bruna Linzmeyer chora a perda de companheira ap\u00f3s 12 anos de uni\u00e3o: 'LUTO'","robots":{"index":"index","follow":"follow","max-snippet":"max-snippet:-1","max-image-preview":"max-image-preview:large","max-video-preview":"max-video-preview:-1"},"canonical":"https:\/\/mrnews.com.br\/index.php\/2022\/07\/09\/bruna-linzmeyer-chora-a-perda-de-companheira-apos-12-anos-de-uniao-luto\/","og_locale":"pt_BR","og_type":"article","og_title":"Bruna Linzmeyer chora a perda de companheira ap\u00f3s 12 anos de uni\u00e3o: 'LUTO'","og_description":"A atriz\u00a0Bruna Linzmeyer\u00a0comoveu os seguidores na tarde desta sexta-feira (08) ao anunciar uma perda significativa em sua fam\u00edlia. Nas redes sociais, la contou que sua cadela de estima\u00e7\u00e3o,\u00a0Paulina, que estava com ela h\u00e1 12 anos, faleceu. Em um relato comovente, ela contou que a companheira mudou completamente sua vida, desde o dia em que foi &hellip;","og_url":"https:\/\/mrnews.com.br\/index.php\/2022\/07\/09\/bruna-linzmeyer-chora-a-perda-de-companheira-apos-12-anos-de-uniao-luto\/","og_site_name":"MRNews","article_publisher":"https:\/\/www.facebook.com\/eaipahpah\/?locale2=pt_BR","article_published_time":"2022-07-09T20:12:35+00:00","og_image":[{"width":1079,"height":750,"url":"https:\/\/mrnews.com.br\/wp-content\/uploads\/2022\/07\/Screenshot_20220709-171047_Instagram.jpg","type":"image\/jpeg"}],"author":"MR News","twitter_card":"summary_large_image","twitter_creator":"@conspirou","twitter_site":"@conspirou","twitter_misc":{"Escrito por":"MR News","Est. tempo de leitura":"2 minutos"},"schema":{"@context":"https:\/\/schema.org","@graph":[{"@type":"Article","@id":"https:\/\/mrnews.com.br\/index.php\/2022\/07\/09\/bruna-linzmeyer-chora-a-perda-de-companheira-apos-12-anos-de-uniao-luto\/#article","isPartOf":{"@id":"https:\/\/mrnews.com.br\/index.php\/2022\/07\/09\/bruna-linzmeyer-chora-a-perda-de-companheira-apos-12-anos-de-uniao-luto\/"},"author":{"name":"MR News","@id":"https:\/\/mrnews.com.br\/#\/schema\/person\/be3203154562a9f207407861cef7827b"},"headline":"Bruna Linzmeyer chora a perda de companheira ap\u00f3s 12 anos de uni\u00e3o: &#8216;LUTO&#8217;","datePublished":"2022-07-09T20:12:35+00:00","mainEntityOfPage":{"@id":"https:\/\/mrnews.com.br\/index.php\/2022\/07\/09\/bruna-linzmeyer-chora-a-perda-de-companheira-apos-12-anos-de-uniao-luto\/"},"wordCount":354,"commentCount":0,"publisher":{"@id":"https:\/\/mrnews.com.br\/#organization"},"image":{"@id":"https:\/\/mrnews.com.br\/index.php\/2022\/07\/09\/bruna-linzmeyer-chora-a-perda-de-companheira-apos-12-anos-de-uniao-luto\/#primaryimage"},"thumbnailUrl":"https:\/\/mrnews.com.br\/wp-content\/uploads\/2022\/07\/Screenshot_20220709-171047_Instagram.jpg","articleSection":["ENTRETENIMENTO"],"inLanguage":"pt-BR","potentialAction":[{"@type":"CommentAction","name":"Comment","target":["https:\/\/mrnews.com.br\/index.php\/2022\/07\/09\/bruna-linzmeyer-chora-a-perda-de-companheira-apos-12-anos-de-uniao-luto\/#respond"]}]},{"@type":"WebPage","@id":"https:\/\/mrnews.com.br\/index.php\/2022\/07\/09\/bruna-linzmeyer-chora-a-perda-de-companheira-apos-12-anos-de-uniao-luto\/","url":"https:\/\/mrnews.com.br\/index.php\/2022\/07\/09\/bruna-linzmeyer-chora-a-perda-de-companheira-apos-12-anos-de-uniao-luto\/","name":"Bruna Linzmeyer chora a perda de companheira ap\u00f3s 12 anos de uni\u00e3o: 'LUTO'","isPartOf":{"@id":"https:\/\/mrnews.com.br\/#website"},"primaryImageOfPage":{"@id":"https:\/\/mrnews.com.br\/index.php\/2022\/07\/09\/bruna-linzmeyer-chora-a-perda-de-companheira-apos-12-anos-de-uniao-luto\/#primaryimage"},"image":{"@id":"https:\/\/mrnews.com.br\/index.php\/2022\/07\/09\/bruna-linzmeyer-chora-a-perda-de-companheira-apos-12-anos-de-uniao-luto\/#primaryimage"},"thumbnailUrl":"https:\/\/mrnews.com.br\/wp-content\/uploads\/2022\/07\/Screenshot_20220709-171047_Instagram.jpg","datePublished":"2022-07-09T20:12:35+00:00","breadcrumb":{"@id":"https:\/\/mrnews.com.br\/index.php\/2022\/07\/09\/bruna-linzmeyer-chora-a-perda-de-companheira-apos-12-anos-de-uniao-luto\/#breadcrumb"},"inLanguage":"pt-BR","potentialAction":[{"@type":"ReadAction","target":["https:\/\/mrnews.com.br\/index.php\/2022\/07\/09\/bruna-linzmeyer-chora-a-perda-de-companheira-apos-12-anos-de-uniao-luto\/"]}]},{"@type":"ImageObject","inLanguage":"pt-BR","@id":"https:\/\/mrnews.com.br\/index.php\/2022\/07\/09\/bruna-linzmeyer-chora-a-perda-de-companheira-apos-12-anos-de-uniao-luto\/#primaryimage","url":"https:\/\/mrnews.com.br\/wp-content\/uploads\/2022\/07\/Screenshot_20220709-171047_Instagram.jpg","contentUrl":"https:\/\/mrnews.com.br\/wp-content\/uploads\/2022\/07\/Screenshot_20220709-171047_Instagram.jpg","width":1079,"height":750},{"@type":"BreadcrumbList","@id":"https:\/\/mrnews.com.br\/index.php\/2022\/07\/09\/bruna-linzmeyer-chora-a-perda-de-companheira-apos-12-anos-de-uniao-luto\/#breadcrumb","itemListElement":[{"@type":"ListItem","position":1,"name":"In\u00edcio","item":"https:\/\/mrnews.com.br\/"},{"@type":"ListItem","position":2,"name":"Bruna Linzmeyer chora a perda de companheira ap\u00f3s 12 anos de uni\u00e3o: &#8216;LUTO&#8217;"}]},{"@type":"WebSite","@id":"https:\/\/mrnews.com.br\/#website","url":"https:\/\/mrnews.com.br\/","name":"MRNews","description":"MRNews Jogos de hoje da TV, transmiss\u00f5es ao vivo, Not\u00edcias de futebol, Jogos ao vivo, Lives, resumo de novelas, Programa\u00e7\u00e3o da Globo, A Fazenda e BBB","publisher":{"@id":"https:\/\/mrnews.com.br\/#organization"},"potentialAction":[{"@type":"SearchAction","target":{"@type":"EntryPoint","urlTemplate":"https:\/\/mrnews.com.br\/?s={search_term_string}"},"query-input":{"@type":"PropertyValueSpecification","valueRequired":true,"valueName":"search_term_string"}}],"inLanguage":"pt-BR"},{"@type":"Organization","@id":"https:\/\/mrnews.com.br\/#organization","name":"MRNews","url":"https:\/\/mrnews.com.br\/","logo":{"@type":"ImageObject","inLanguage":"pt-BR","@id":"https:\/\/mrnews.com.br\/#\/schema\/logo\/image\/","url":"https:\/\/mrnews.com.br\/wp-content\/uploads\/2019\/06\/MRNewslogo2.png","contentUrl":"https:\/\/mrnews.com.br\/wp-content\/uploads\/2019\/06\/MRNewslogo2.png","width":223,"height":58,"caption":"MRNews"},"image":{"@id":"https:\/\/mrnews.com.br\/#\/schema\/logo\/image\/"},"sameAs":["https:\/\/www.facebook.com\/eaipahpah\/?locale2=pt_BR","https:\/\/x.com\/conspirou","https:\/\/www.instagram.com\/eai_pahpah","https:\/\/br.pinterest.com\/mrnewsn\/boards\/","https:\/\/www.youtube.com\/channel\/UCacgnpznQ61fifLWr1tQ-vA?view_as=subscriber"]},{"@type":"Person","@id":"https:\/\/mrnews.com.br\/#\/schema\/person\/be3203154562a9f207407861cef7827b","name":"MR News","image":{"@type":"ImageObject","inLanguage":"pt-BR","@id":"https:\/\/secure.gravatar.com\/avatar\/04084e6d73c042b8646e7c17b494073bf0ede3ea13c7105cfc45cbbbc28385a4?s=96&d=monsterid&r=g","url":"https:\/\/secure.gravatar.com\/avatar\/04084e6d73c042b8646e7c17b494073bf0ede3ea13c7105cfc45cbbbc28385a4?s=96&d=monsterid&r=g","contentUrl":"https:\/\/secure.gravatar.com\/avatar\/04084e6d73c042b8646e7c17b494073bf0ede3ea13c7105cfc45cbbbc28385a4?s=96&d=monsterid&r=g","caption":"MR News"},"description":"Especializado em jornalismo colaborativo pela FTP em n\u00edvel de p\u00f3s-gradua\u00e7\u00e3o. suporte@oimeliga.combr","sameAs":["HUGO R.","Admin"],"url":"https:\/\/mrnews.com.br\/index.php\/author\/admin\/"}]}},"jetpack_featured_media_url":"https:\/\/mrnews.com.br\/wp-content\/uploads\/2022\/07\/Screenshot_20220709-171047_Instagram.jpg","jetpack_sharing_enabled":true,"jetpack_shortlink":"https:\/\/wp.me\/pa2Qf7-1v81","amp_enabled":true,"_links":{"self":[{"href":"https:\/\/mrnews.com.br\/index.php\/wp-json\/wp\/v2\/posts\/357989","targetHints":{"allow":["GET"]}}],"collection":[{"href":"https:\/\/mrnews.com.br\/index.php\/wp-json\/wp\/v2\/posts"}],"about":[{"href":"https:\/\/mrnews.com.br\/index.php\/wp-json\/wp\/v2\/types\/post"}],"author":[{"embeddable":true,"href":"https:\/\/mrnews.com.br\/index.php\/wp-json\/wp\/v2\/users\/1"}],"replies":[{"embeddable":true,"href":"https:\/\/mrnews.com.br\/index.php\/wp-json\/wp\/v2\/comments?post=357989"}],"version-history":[{"count":1,"href":"https:\/\/mrnews.com.br\/index.php\/wp-json\/wp\/v2\/posts\/357989\/revisions"}],"predecessor-version":[{"id":357993,"href":"https:\/\/mrnews.com.br\/index.php\/wp-json\/wp\/v2\/posts\/357989\/revisions\/357993"}],"wp:featuredmedia":[{"embeddable":true,"href":"https:\/\/mrnews.com.br\/index.php\/wp-json\/wp\/v2\/media\/357992"}],"wp:attachment":[{"href":"https:\/\/mrnews.com.br\/index.php\/wp-json\/wp\/v2\/media?parent=357989"}],"wp:term":[{"taxonomy":"category","embeddable":true,"href":"https:\/\/mrnews.com.br\/index.php\/wp-json\/wp\/v2\/categories?post=357989"},{"taxonomy":"post_tag","embeddable":true,"href":"https:\/\/mrnews.com.br\/index.php\/wp-json\/wp\/v2\/tags?post=357989"}],"curies":[{"name":"wp","href":"https:\/\/api.w.org\/{rel}","templated":true}]}}