{"id":358302,"date":"2022-07-11T18:19:26","date_gmt":"2022-07-11T21:19:26","guid":{"rendered":"https:\/\/mrnews.com.br\/?p=358302"},"modified":"2022-07-11T18:19:26","modified_gmt":"2022-07-11T21:19:26","slug":"imagens-fortes-medico-e-flagrado-em-imagens-e-preso-apos-abusar-de-uma-paciente-durante-o-parto","status":"publish","type":"post","link":"https:\/\/mrnews.com.br\/index.php\/2022\/07\/11\/imagens-fortes-medico-e-flagrado-em-imagens-e-preso-apos-abusar-de-uma-paciente-durante-o-parto\/","title":{"rendered":"IMAGENS FORTES: M\u00e9dico \u00e9 flagrado em imagens e preso ap\u00f3s abusar de uma paciente durante o parto"},"content":{"rendered":"<p>Um m\u00e9dico anestesista Giovanni Quintella Bezerra, acabou preso em flagrante durante a \u00faltima madrugada. Ele foi preso pela Delegacia da Mulher de S\u00e3o Jo\u00e3o de Meriti, ap\u00f3s den\u00fancias feitas pelos pr\u00f3prios colegas de trabalho.<\/p>\n<p>Os funcion\u00e1rios que fizeram a denuncia, gravaram as cenas perturbadoras e revoltantes do m\u00e9dico em a\u00e7\u00e3o. Logo a filmagem repercutiu deixando milh\u00f5es de pessoas revoltadas.<\/p>\n<p>Uma paciente estava dopada, para o procedimento de ces\u00e1rea no hospital que fica em Vilar dos Teles, S\u00e3o Jo\u00e3o de Meriri, no estado do Rio de Janeiro. Contudo durante o procedimento de parto, o m\u00e9dico foi filmado abusando da paciente.<\/p>\n<p>Durante a filmagem feitas, os funcion\u00e1rios flagraram o m\u00e9dico colocando suas partes \u00edntimas na boca da paciente. Algo extremamente inaceit\u00e1vel e doentio, rapidamente o caso viralizou na web.<\/p>\n<p>Giovanni era um dos m\u00e9dicos em execu\u00e7\u00e3o do parto, os outros estavam ficados em trazer a crian\u00e7a ao mundo e n\u00e3o se deram conta do que acontecia. Como a parte de cima da mulher fica coberta, eles n\u00e3o perceberam a a\u00e7\u00e3o do m\u00e9dico durante o parto.<\/p>\n<p>Os funcion\u00e1rios que filmassem a cena, falaram que j\u00e1 estavam desconfiados que o m\u00e9dico abusava das pacientes. A outras suspeitas de abuso que vieram \u00e0 tona ap\u00f3s essa ganhar repercuss\u00e3o nacional.<\/p>\n<p>Veja as imagens absurdas que foram gravadas pelos funcion\u00e1rios\u00a0<a href=\"https:\/\/g1.globo.com\/rj\/rio-de-janeiro\/video\/anestesista-e-acusado-de-estuprar-gravida-durante-o-parto-10746426.ghtml\">CLICANDO AQUI!<\/a><\/p>\n<p>O Conselho Regional de Medicina do Estado do Rio de Janeiro, j\u00e1 nesta segunda, dia 11 de julho, abriu um processo para expulsar o m\u00e9dico.<\/p>\n<h2>GLOBO NOTICIOU<\/h2>\n<p>A TV Globo teve acesso ao v\u00eddeo da pris\u00e3o (veja acima). Giovanni foi indiciado por estupro de vulner\u00e1vel, cuja pena varia de 8 a 15 anos de reclus\u00e3o.<\/p>\n<p>O Conselho Regional de Medicina do Estado do Rio de Janeiro (Cremerj) abriu nesta segunda-feira (11) um processo para expulsar Giovanni.<\/p>\n<p>Clovis Bersot Munhoz, presidente do Cremerj, disse que \u201cas cenas s\u00e3o absurdas\u201d.<\/p>\n<p>A Funda\u00e7\u00e3o Sa\u00fade do Estado do Rio de Janeiro e a Secretaria de Estado de Sa\u00fade, a que o Hospital da Mulher de Vilar dos Teles, em S\u00e3o Jo\u00e3o de Meriti, est\u00e1 subordinado, repudiaram em nota a conduta do m\u00e9dico anestesista.<\/p>\n<p>\u201cInformamos que ser\u00e1 aberta uma sindic\u00e2ncia interna para tomar as medidas administrativas, al\u00e9m de notifica\u00e7\u00e3o ao Cremerj. A equipe do Hospital da Mulher Heloneida Studart est\u00e1 prestando todo apoio \u00e0 v\u00edtima e \u00e0 sua fam\u00edlia\u201d, afirmaram.<\/p>\n<p>\u201cEsse comportamento, al\u00e9m de merecer nosso rep\u00fadio, constitui-se em crime, que deve ser punido de acordo com a legisla\u00e7\u00e3o em vigor\u201d, emendaram.<br \/>\nA dire\u00e7\u00e3o do hospital informou que abriu uma sindic\u00e2ncia interna e notificou o Cremerj.<\/p>\n<p>A defesa do anestesista disse que aguarda acesso \u00e0 \u00edntegra dos depoimentos para se manifestar (veja a nota completa mais abaixo).<\/p>\n","protected":false},"excerpt":{"rendered":"<p>Um m\u00e9dico anestesista Giovanni Quintella Bezerra, acabou preso em flagrante durante a \u00faltima madrugada. Ele foi preso pela Delegacia da Mulher de S\u00e3o Jo\u00e3o de Meriti, ap\u00f3s den\u00fancias feitas pelos pr\u00f3prios colegas de trabalho. Os funcion\u00e1rios que fizeram a denuncia, gravaram as cenas perturbadoras e revoltantes do m\u00e9dico em a\u00e7\u00e3o. Logo a filmagem repercutiu deixando &hellip;<\/p>\n","protected":false},"author":1,"featured_media":0,"comment_status":"open","ping_status":"open","sticky":false,"template":"","format":"standard","meta":{"_jetpack_newsletter_access":"","_jetpack_dont_email_post_to_subs":false,"_jetpack_newsletter_tier_id":0,"_jetpack_memberships_contains_paywalled_content":false,"_jetpack_feature_clip_id":0,"_jetpack_memberships_contains_paid_content":false,"footnotes":"","jetpack_post_was_ever_published":false},"categories":[2,12225,12425],"tags":[],"class_list":["post-358302","post","type-post","status-publish","format-standard","hentry","category-entretenimento","category-noticias","category-rio-de-janeiro"],"yoast_head":"<!-- This site is optimized with the Yoast SEO plugin v28.4 - https:\/\/yoast.com\/product\/yoast-seo-wordpress\/ -->\n<title>IMAGENS FORTES: M\u00e9dico \u00e9 flagrado em imagens e preso ap\u00f3s abusar de uma paciente durante o parto<\/title>\n<meta name=\"robots\" content=\"index, follow, max-snippet:-1, max-image-preview:large, max-video-preview:-1\" \/>\n<link rel=\"canonical\" href=\"https:\/\/mrnews.com.br\/index.php\/2022\/07\/11\/imagens-fortes-medico-e-flagrado-em-imagens-e-preso-apos-abusar-de-uma-paciente-durante-o-parto\/\" \/>\n<meta property=\"og:locale\" content=\"pt_BR\" \/>\n<meta property=\"og:type\" content=\"article\" \/>\n<meta property=\"og:title\" content=\"IMAGENS FORTES: M\u00e9dico \u00e9 flagrado em imagens e preso ap\u00f3s abusar de uma paciente durante o parto\" \/>\n<meta property=\"og:description\" content=\"Um m\u00e9dico anestesista Giovanni Quintella Bezerra, acabou preso em flagrante durante a \u00faltima madrugada. Ele foi preso pela Delegacia da Mulher de S\u00e3o Jo\u00e3o de Meriti, ap\u00f3s den\u00fancias feitas pelos pr\u00f3prios colegas de trabalho. Os funcion\u00e1rios que fizeram a denuncia, gravaram as cenas perturbadoras e revoltantes do m\u00e9dico em a\u00e7\u00e3o. Logo a filmagem repercutiu deixando &hellip;\" \/>\n<meta property=\"og:url\" content=\"https:\/\/mrnews.com.br\/index.php\/2022\/07\/11\/imagens-fortes-medico-e-flagrado-em-imagens-e-preso-apos-abusar-de-uma-paciente-durante-o-parto\/\" \/>\n<meta property=\"og:site_name\" content=\"MRNews\" \/>\n<meta property=\"article:publisher\" content=\"https:\/\/www.facebook.com\/eaipahpah\/?locale2=pt_BR\" \/>\n<meta property=\"article:published_time\" content=\"2022-07-11T21:19:26+00:00\" \/>\n<meta property=\"og:image\" content=\"https:\/\/mrnews.com.br\/wp-content\/uploads\/2022\/07\/MEDICO-PRESO-IMAGENS-G1.jpeg\" \/>\n\t<meta property=\"og:image:width\" content=\"696\" \/>\n\t<meta property=\"og:image:height\" content=\"365\" \/>\n\t<meta property=\"og:image:type\" content=\"image\/jpeg\" \/>\n<meta name=\"author\" content=\"MR News\" \/>\n<meta name=\"twitter:card\" content=\"summary_large_image\" \/>\n<meta name=\"twitter:creator\" content=\"@conspirou\" \/>\n<meta name=\"twitter:site\" content=\"@conspirou\" \/>\n<meta name=\"twitter:label1\" content=\"Escrito por\" \/>\n\t<meta name=\"twitter:data1\" content=\"MR News\" \/>\n\t<meta name=\"twitter:label2\" content=\"Est. tempo de leitura\" \/>\n\t<meta name=\"twitter:data2\" content=\"3 minutos\" \/>\n<script type=\"application\/ld+json\" class=\"yoast-schema-graph\">{\"@context\":\"https:\\\/\\\/schema.org\",\"@graph\":[{\"@type\":\"Article\",\"@id\":\"https:\\\/\\\/mrnews.com.br\\\/index.php\\\/2022\\\/07\\\/11\\\/imagens-fortes-medico-e-flagrado-em-imagens-e-preso-apos-abusar-de-uma-paciente-durante-o-parto\\\/#article\",\"isPartOf\":{\"@id\":\"https:\\\/\\\/mrnews.com.br\\\/index.php\\\/2022\\\/07\\\/11\\\/imagens-fortes-medico-e-flagrado-em-imagens-e-preso-apos-abusar-de-uma-paciente-durante-o-parto\\\/\"},\"author\":{\"name\":\"MR News\",\"@id\":\"https:\\\/\\\/mrnews.com.br\\\/#\\\/schema\\\/person\\\/be3203154562a9f207407861cef7827b\"},\"headline\":\"IMAGENS FORTES: M\u00e9dico \u00e9 flagrado em imagens e preso ap\u00f3s abusar de uma paciente durante o parto\",\"datePublished\":\"2022-07-11T21:19:26+00:00\",\"mainEntityOfPage\":{\"@id\":\"https:\\\/\\\/mrnews.com.br\\\/index.php\\\/2022\\\/07\\\/11\\\/imagens-fortes-medico-e-flagrado-em-imagens-e-preso-apos-abusar-de-uma-paciente-durante-o-parto\\\/\"},\"wordCount\":498,\"commentCount\":0,\"publisher\":{\"@id\":\"https:\\\/\\\/mrnews.com.br\\\/#organization\"},\"articleSection\":[\"ENTRETENIMENTO\",\"NOTICIAS\",\"RIO DE JANEIRO\"],\"inLanguage\":\"pt-BR\",\"potentialAction\":[{\"@type\":\"CommentAction\",\"name\":\"Comment\",\"target\":[\"https:\\\/\\\/mrnews.com.br\\\/index.php\\\/2022\\\/07\\\/11\\\/imagens-fortes-medico-e-flagrado-em-imagens-e-preso-apos-abusar-de-uma-paciente-durante-o-parto\\\/#respond\"]}]},{\"@type\":\"WebPage\",\"@id\":\"https:\\\/\\\/mrnews.com.br\\\/index.php\\\/2022\\\/07\\\/11\\\/imagens-fortes-medico-e-flagrado-em-imagens-e-preso-apos-abusar-de-uma-paciente-durante-o-parto\\\/\",\"url\":\"https:\\\/\\\/mrnews.com.br\\\/index.php\\\/2022\\\/07\\\/11\\\/imagens-fortes-medico-e-flagrado-em-imagens-e-preso-apos-abusar-de-uma-paciente-durante-o-parto\\\/\",\"name\":\"IMAGENS FORTES: M\u00e9dico \u00e9 flagrado em imagens e preso ap\u00f3s abusar de uma paciente durante o parto\",\"isPartOf\":{\"@id\":\"https:\\\/\\\/mrnews.com.br\\\/#website\"},\"datePublished\":\"2022-07-11T21:19:26+00:00\",\"breadcrumb\":{\"@id\":\"https:\\\/\\\/mrnews.com.br\\\/index.php\\\/2022\\\/07\\\/11\\\/imagens-fortes-medico-e-flagrado-em-imagens-e-preso-apos-abusar-de-uma-paciente-durante-o-parto\\\/#breadcrumb\"},\"inLanguage\":\"pt-BR\",\"potentialAction\":[{\"@type\":\"ReadAction\",\"target\":[\"https:\\\/\\\/mrnews.com.br\\\/index.php\\\/2022\\\/07\\\/11\\\/imagens-fortes-medico-e-flagrado-em-imagens-e-preso-apos-abusar-de-uma-paciente-durante-o-parto\\\/\"]}]},{\"@type\":\"BreadcrumbList\",\"@id\":\"https:\\\/\\\/mrnews.com.br\\\/index.php\\\/2022\\\/07\\\/11\\\/imagens-fortes-medico-e-flagrado-em-imagens-e-preso-apos-abusar-de-uma-paciente-durante-o-parto\\\/#breadcrumb\",\"itemListElement\":[{\"@type\":\"ListItem\",\"position\":1,\"name\":\"In\u00edcio\",\"item\":\"https:\\\/\\\/mrnews.com.br\\\/\"},{\"@type\":\"ListItem\",\"position\":2,\"name\":\"IMAGENS FORTES: M\u00e9dico \u00e9 flagrado em imagens e preso ap\u00f3s abusar de uma paciente durante o parto\"}]},{\"@type\":\"WebSite\",\"@id\":\"https:\\\/\\\/mrnews.com.br\\\/#website\",\"url\":\"https:\\\/\\\/mrnews.com.br\\\/\",\"name\":\"MRNews\",\"description\":\"MRNews Jogos de hoje da TV, transmiss\u00f5es ao vivo, Not\u00edcias de futebol, Jogos ao vivo, Lives, resumo de novelas, Programa\u00e7\u00e3o da Globo, A Fazenda e BBB\",\"publisher\":{\"@id\":\"https:\\\/\\\/mrnews.com.br\\\/#organization\"},\"potentialAction\":[{\"@type\":\"SearchAction\",\"target\":{\"@type\":\"EntryPoint\",\"urlTemplate\":\"https:\\\/\\\/mrnews.com.br\\\/?s={search_term_string}\"},\"query-input\":{\"@type\":\"PropertyValueSpecification\",\"valueRequired\":true,\"valueName\":\"search_term_string\"}}],\"inLanguage\":\"pt-BR\"},{\"@type\":\"Organization\",\"@id\":\"https:\\\/\\\/mrnews.com.br\\\/#organization\",\"name\":\"MRNews\",\"url\":\"https:\\\/\\\/mrnews.com.br\\\/\",\"logo\":{\"@type\":\"ImageObject\",\"inLanguage\":\"pt-BR\",\"@id\":\"https:\\\/\\\/mrnews.com.br\\\/#\\\/schema\\\/logo\\\/image\\\/\",\"url\":\"https:\\\/\\\/mrnews.com.br\\\/wp-content\\\/uploads\\\/2026\\\/08\\\/MRNEws.png\",\"contentUrl\":\"https:\\\/\\\/mrnews.com.br\\\/wp-content\\\/uploads\\\/2026\\\/08\\\/MRNEws.png\",\"width\":1254,\"height\":1254,\"caption\":\"MRNews\"},\"image\":{\"@id\":\"https:\\\/\\\/mrnews.com.br\\\/#\\\/schema\\\/logo\\\/image\\\/\"},\"sameAs\":[\"https:\\\/\\\/www.facebook.com\\\/eaipahpah\\\/?locale2=pt_BR\",\"https:\\\/\\\/x.com\\\/conspirou\",\"https:\\\/\\\/www.instagram.com\\\/eai_pahpah\",\"https:\\\/\\\/br.pinterest.com\\\/mrnewsn\\\/boards\\\/\",\"https:\\\/\\\/www.youtube.com\\\/channel\\\/UCacgnpznQ61fifLWr1tQ-vA?view_as=subscriber\"]},{\"@type\":\"Person\",\"@id\":\"https:\\\/\\\/mrnews.com.br\\\/#\\\/schema\\\/person\\\/be3203154562a9f207407861cef7827b\",\"name\":\"MR News\",\"image\":{\"@type\":\"ImageObject\",\"inLanguage\":\"pt-BR\",\"@id\":\"https:\\\/\\\/secure.gravatar.com\\\/avatar\\\/04084e6d73c042b8646e7c17b494073bf0ede3ea13c7105cfc45cbbbc28385a4?s=96&d=monsterid&r=g\",\"url\":\"https:\\\/\\\/secure.gravatar.com\\\/avatar\\\/04084e6d73c042b8646e7c17b494073bf0ede3ea13c7105cfc45cbbbc28385a4?s=96&d=monsterid&r=g\",\"contentUrl\":\"https:\\\/\\\/secure.gravatar.com\\\/avatar\\\/04084e6d73c042b8646e7c17b494073bf0ede3ea13c7105cfc45cbbbc28385a4?s=96&d=monsterid&r=g\",\"caption\":\"MR News\"},\"description\":\"Especializado em jornalismo colaborativo pela FTP em n\u00edvel de p\u00f3s-gradua\u00e7\u00e3o. suporte@oimeliga.combr\",\"sameAs\":[\"HUGO R.\",\"Admin\"],\"url\":\"https:\\\/\\\/mrnews.com.br\\\/index.php\\\/author\\\/admin\\\/\"}]}<\/script>\n<!-- \/ Yoast SEO plugin. -->","yoast_head_json":{"title":"IMAGENS FORTES: M\u00e9dico \u00e9 flagrado em imagens e preso ap\u00f3s abusar de uma paciente durante o parto","robots":{"index":"index","follow":"follow","max-snippet":"max-snippet:-1","max-image-preview":"max-image-preview:large","max-video-preview":"max-video-preview:-1"},"canonical":"https:\/\/mrnews.com.br\/index.php\/2022\/07\/11\/imagens-fortes-medico-e-flagrado-em-imagens-e-preso-apos-abusar-de-uma-paciente-durante-o-parto\/","og_locale":"pt_BR","og_type":"article","og_title":"IMAGENS FORTES: M\u00e9dico \u00e9 flagrado em imagens e preso ap\u00f3s abusar de uma paciente durante o parto","og_description":"Um m\u00e9dico anestesista Giovanni Quintella Bezerra, acabou preso em flagrante durante a \u00faltima madrugada. Ele foi preso pela Delegacia da Mulher de S\u00e3o Jo\u00e3o de Meriti, ap\u00f3s den\u00fancias feitas pelos pr\u00f3prios colegas de trabalho. Os funcion\u00e1rios que fizeram a denuncia, gravaram as cenas perturbadoras e revoltantes do m\u00e9dico em a\u00e7\u00e3o. Logo a filmagem repercutiu deixando &hellip;","og_url":"https:\/\/mrnews.com.br\/index.php\/2022\/07\/11\/imagens-fortes-medico-e-flagrado-em-imagens-e-preso-apos-abusar-de-uma-paciente-durante-o-parto\/","og_site_name":"MRNews","article_publisher":"https:\/\/www.facebook.com\/eaipahpah\/?locale2=pt_BR","article_published_time":"2022-07-11T21:19:26+00:00","og_image":[{"width":696,"height":365,"url":"https:\/\/mrnews.com.br\/wp-content\/uploads\/2022\/07\/MEDICO-PRESO-IMAGENS-G1.jpeg","type":"image\/jpeg"}],"author":"MR News","twitter_card":"summary_large_image","twitter_creator":"@conspirou","twitter_site":"@conspirou","twitter_misc":{"Escrito por":"MR News","Est. tempo de leitura":"3 minutos"},"schema":{"@context":"https:\/\/schema.org","@graph":[{"@type":"Article","@id":"https:\/\/mrnews.com.br\/index.php\/2022\/07\/11\/imagens-fortes-medico-e-flagrado-em-imagens-e-preso-apos-abusar-de-uma-paciente-durante-o-parto\/#article","isPartOf":{"@id":"https:\/\/mrnews.com.br\/index.php\/2022\/07\/11\/imagens-fortes-medico-e-flagrado-em-imagens-e-preso-apos-abusar-de-uma-paciente-durante-o-parto\/"},"author":{"name":"MR News","@id":"https:\/\/mrnews.com.br\/#\/schema\/person\/be3203154562a9f207407861cef7827b"},"headline":"IMAGENS FORTES: M\u00e9dico \u00e9 flagrado em imagens e preso ap\u00f3s abusar de uma paciente durante o parto","datePublished":"2022-07-11T21:19:26+00:00","mainEntityOfPage":{"@id":"https:\/\/mrnews.com.br\/index.php\/2022\/07\/11\/imagens-fortes-medico-e-flagrado-em-imagens-e-preso-apos-abusar-de-uma-paciente-durante-o-parto\/"},"wordCount":498,"commentCount":0,"publisher":{"@id":"https:\/\/mrnews.com.br\/#organization"},"articleSection":["ENTRETENIMENTO","NOTICIAS","RIO DE JANEIRO"],"inLanguage":"pt-BR","potentialAction":[{"@type":"CommentAction","name":"Comment","target":["https:\/\/mrnews.com.br\/index.php\/2022\/07\/11\/imagens-fortes-medico-e-flagrado-em-imagens-e-preso-apos-abusar-de-uma-paciente-durante-o-parto\/#respond"]}]},{"@type":"WebPage","@id":"https:\/\/mrnews.com.br\/index.php\/2022\/07\/11\/imagens-fortes-medico-e-flagrado-em-imagens-e-preso-apos-abusar-de-uma-paciente-durante-o-parto\/","url":"https:\/\/mrnews.com.br\/index.php\/2022\/07\/11\/imagens-fortes-medico-e-flagrado-em-imagens-e-preso-apos-abusar-de-uma-paciente-durante-o-parto\/","name":"IMAGENS FORTES: M\u00e9dico \u00e9 flagrado em imagens e preso ap\u00f3s abusar de uma paciente durante o parto","isPartOf":{"@id":"https:\/\/mrnews.com.br\/#website"},"datePublished":"2022-07-11T21:19:26+00:00","breadcrumb":{"@id":"https:\/\/mrnews.com.br\/index.php\/2022\/07\/11\/imagens-fortes-medico-e-flagrado-em-imagens-e-preso-apos-abusar-de-uma-paciente-durante-o-parto\/#breadcrumb"},"inLanguage":"pt-BR","potentialAction":[{"@type":"ReadAction","target":["https:\/\/mrnews.com.br\/index.php\/2022\/07\/11\/imagens-fortes-medico-e-flagrado-em-imagens-e-preso-apos-abusar-de-uma-paciente-durante-o-parto\/"]}]},{"@type":"BreadcrumbList","@id":"https:\/\/mrnews.com.br\/index.php\/2022\/07\/11\/imagens-fortes-medico-e-flagrado-em-imagens-e-preso-apos-abusar-de-uma-paciente-durante-o-parto\/#breadcrumb","itemListElement":[{"@type":"ListItem","position":1,"name":"In\u00edcio","item":"https:\/\/mrnews.com.br\/"},{"@type":"ListItem","position":2,"name":"IMAGENS FORTES: M\u00e9dico \u00e9 flagrado em imagens e preso ap\u00f3s abusar de uma paciente durante o parto"}]},{"@type":"WebSite","@id":"https:\/\/mrnews.com.br\/#website","url":"https:\/\/mrnews.com.br\/","name":"MRNews","description":"MRNews Jogos de hoje da TV, transmiss\u00f5es ao vivo, Not\u00edcias de futebol, Jogos ao vivo, Lives, resumo de novelas, Programa\u00e7\u00e3o da Globo, A Fazenda e BBB","publisher":{"@id":"https:\/\/mrnews.com.br\/#organization"},"potentialAction":[{"@type":"SearchAction","target":{"@type":"EntryPoint","urlTemplate":"https:\/\/mrnews.com.br\/?s={search_term_string}"},"query-input":{"@type":"PropertyValueSpecification","valueRequired":true,"valueName":"search_term_string"}}],"inLanguage":"pt-BR"},{"@type":"Organization","@id":"https:\/\/mrnews.com.br\/#organization","name":"MRNews","url":"https:\/\/mrnews.com.br\/","logo":{"@type":"ImageObject","inLanguage":"pt-BR","@id":"https:\/\/mrnews.com.br\/#\/schema\/logo\/image\/","url":"https:\/\/mrnews.com.br\/wp-content\/uploads\/2026\/08\/MRNEws.png","contentUrl":"https:\/\/mrnews.com.br\/wp-content\/uploads\/2026\/08\/MRNEws.png","width":1254,"height":1254,"caption":"MRNews"},"image":{"@id":"https:\/\/mrnews.com.br\/#\/schema\/logo\/image\/"},"sameAs":["https:\/\/www.facebook.com\/eaipahpah\/?locale2=pt_BR","https:\/\/x.com\/conspirou","https:\/\/www.instagram.com\/eai_pahpah","https:\/\/br.pinterest.com\/mrnewsn\/boards\/","https:\/\/www.youtube.com\/channel\/UCacgnpznQ61fifLWr1tQ-vA?view_as=subscriber"]},{"@type":"Person","@id":"https:\/\/mrnews.com.br\/#\/schema\/person\/be3203154562a9f207407861cef7827b","name":"MR News","image":{"@type":"ImageObject","inLanguage":"pt-BR","@id":"https:\/\/secure.gravatar.com\/avatar\/04084e6d73c042b8646e7c17b494073bf0ede3ea13c7105cfc45cbbbc28385a4?s=96&d=monsterid&r=g","url":"https:\/\/secure.gravatar.com\/avatar\/04084e6d73c042b8646e7c17b494073bf0ede3ea13c7105cfc45cbbbc28385a4?s=96&d=monsterid&r=g","contentUrl":"https:\/\/secure.gravatar.com\/avatar\/04084e6d73c042b8646e7c17b494073bf0ede3ea13c7105cfc45cbbbc28385a4?s=96&d=monsterid&r=g","caption":"MR News"},"description":"Especializado em jornalismo colaborativo pela FTP em n\u00edvel de p\u00f3s-gradua\u00e7\u00e3o. suporte@oimeliga.combr","sameAs":["HUGO R.","Admin"],"url":"https:\/\/mrnews.com.br\/index.php\/author\/admin\/"}]}},"jetpack_sharing_enabled":true,"jetpack_shortlink":"https:\/\/wp.me\/pa2Qf7-1vd4","amp_enabled":true,"jetpack_featured_media_url":"","_links":{"self":[{"href":"https:\/\/mrnews.com.br\/index.php\/wp-json\/wp\/v2\/posts\/358302","targetHints":{"allow":["GET"]}}],"collection":[{"href":"https:\/\/mrnews.com.br\/index.php\/wp-json\/wp\/v2\/posts"}],"about":[{"href":"https:\/\/mrnews.com.br\/index.php\/wp-json\/wp\/v2\/types\/post"}],"author":[{"embeddable":true,"href":"https:\/\/mrnews.com.br\/index.php\/wp-json\/wp\/v2\/users\/1"}],"replies":[{"embeddable":true,"href":"https:\/\/mrnews.com.br\/index.php\/wp-json\/wp\/v2\/comments?post=358302"}],"version-history":[{"count":1,"href":"https:\/\/mrnews.com.br\/index.php\/wp-json\/wp\/v2\/posts\/358302\/revisions"}],"predecessor-version":[{"id":358304,"href":"https:\/\/mrnews.com.br\/index.php\/wp-json\/wp\/v2\/posts\/358302\/revisions\/358304"}],"wp:attachment":[{"href":"https:\/\/mrnews.com.br\/index.php\/wp-json\/wp\/v2\/media?parent=358302"}],"wp:term":[{"taxonomy":"category","embeddable":true,"href":"https:\/\/mrnews.com.br\/index.php\/wp-json\/wp\/v2\/categories?post=358302"},{"taxonomy":"post_tag","embeddable":true,"href":"https:\/\/mrnews.com.br\/index.php\/wp-json\/wp\/v2\/tags?post=358302"}],"curies":[{"name":"wp","href":"https:\/\/api.w.org\/{rel}","templated":true}]}}