{"id":367576,"date":"2022-09-13T21:52:07","date_gmt":"2022-09-14T00:52:07","guid":{"rendered":"https:\/\/mrnews.com.br\/?p=367576"},"modified":"2022-09-13T21:52:07","modified_gmt":"2022-09-14T00:52:07","slug":"reporter-da-globo-pede-oracoes-na-luta-contra-o-cancer-so-quero-ir-pra-casa","status":"publish","type":"post","link":"https:\/\/mrnews.com.br\/index.php\/2022\/09\/13\/reporter-da-globo-pede-oracoes-na-luta-contra-o-cancer-so-quero-ir-pra-casa\/","title":{"rendered":"Rep\u00f3rter da Globo pede ora\u00e7\u00f5es na luta contra o c\u00e2ncer: \u2018S\u00f3 quero ir pra casa\u2019"},"content":{"rendered":"<p>Lutando contra o c\u00e2ncer pela sexta vez, provocado por uma met\u00e1stase no osso da bacia, a jornalista Susana Naspolini fez um post na noite desta segunda-feira (dia 12) informando aos seguidores e f\u00e3s que est\u00e1 internada h\u00e1 quase uma semana na emerg\u00eancia de um hospital.<\/p>\n<p>\u201cAmigos, amigos j\u00e1 s\u00e3o seis dias internada!!! Vim pra emerg\u00eancia e fiquei! Imunidade baixa + infec\u00e7\u00e3o oportunista = antibi\u00f3tico na veia!! E c\u00e1 estou!!!\u201d, legendou uma foto compartilhada em seu perfil no Instagram, em que surge com um sorriso no rosto e lendo um livro.<\/p>\n<p>Em momento de f\u00e9, a rep\u00f3rter, de 49 anos, ainda pediu que seus admiradores e amigos orassem por ela nesse momento t\u00e3o delicado:<\/p>\n<p>\u201c<strong>Adivinhem o que vim pedir pra voc\u00eas: ora\u00e7\u00f5es, torcida e energia positiva! S\u00f3 quero ir pra casa! De m\u00e3os dadas, heim?! Conto com voc\u00eas!!<\/strong>\u201d.<\/p>\n<p>Diante o exposto, Amigos famosos da profissional deixaram mensagens de apoio nos coment\u00e1rios:<\/p>\n<p>\u201c<strong>Continuamos orando firmes e fortes, vibrando por sua cura. Estamos com voc\u00ea. Te amamos<\/strong>\u201d, escreveu a atriz Beth Goulart.<\/p>\n<p>Outro que tamb\u00e9m passou para deixar uma mensagem de otimismo foi o carnavalesco Milton Cunha: \u201c<strong>Conte conosco amada. De m\u00e3os dadas querida!<\/strong>\u201d.<\/p>\n<p>Apresentadora do RJTV, telejornal em que Susana trabalha, Mariana Gross tamb\u00e9m disparou: \u201c<strong>Com voc\u00ea sempre, minha querida. Te aguardando!<\/strong>\u201d.<\/p>\n<p>&nbsp;<\/p>\n<p>O rep\u00f3rter da TV Globo Diego Haidar tamb\u00e9m n\u00e3o ficou de fora e deixou sua mensagem otimista: \u201c<strong>Estamos com vc !! Muita for\u00e7a !! Logo vc vai estar com a gente<\/strong>\u201d.<\/p>\n<p>Vale lembrar que aos 18 anos, Susana teve o primeiro diagn\u00f3stico de c\u00e2ncer, um linfoma de Hodgkin. J\u00e1 aos 37, tomou conhecimento de um tumor maligno na mama e, logo depois, um c\u00e2ncer na tire\u00f3ide. Em 2016, a jornalista enfrentou outro c\u00e2ncer de mama. H\u00e1 dois anos, soube que estava com met\u00e1stase nos ossos e passou a se tratar com quimioterapia oral, tendo avan\u00e7os. Todavia, em mar\u00e7o deste ano, contou no Instagram que precisaria fazer quimioterapia venosa, porque a met\u00e1stase persistia. Na \u00faltima semana de agosto, devido a queda intensa do cabelo em decorr\u00eancia do tratamento, a comunicadora resolveu raspar a cabe\u00e7a e compartilhou o momento em suas redes sociais.<\/p>\n<p>&nbsp;<\/p>\n","protected":false},"excerpt":{"rendered":"<p>Lutando contra o c\u00e2ncer pela sexta vez, provocado por uma met\u00e1stase no osso da bacia, a jornalista Susana Naspolini fez um post na noite desta segunda-feira (dia 12) informando aos seguidores e f\u00e3s que est\u00e1 internada h\u00e1 quase uma semana na emerg\u00eancia de um hospital. \u201cAmigos, amigos j\u00e1 s\u00e3o seis dias internada!!! Vim pra emerg\u00eancia &hellip;<\/p>\n","protected":false},"author":1,"featured_media":367578,"comment_status":"open","ping_status":"open","sticky":false,"template":"","format":"standard","meta":{"_jetpack_memberships_contains_paid_content":false,"footnotes":""},"categories":[2],"tags":[],"class_list":["post-367576","post","type-post","status-publish","format-standard","has-post-thumbnail","hentry","category-entretenimento"],"yoast_head":"<!-- This site is optimized with the Yoast SEO plugin v27.5 - https:\/\/yoast.com\/product\/yoast-seo-wordpress\/ -->\n<title>Rep\u00f3rter da Globo pede ora\u00e7\u00f5es na luta contra o c\u00e2ncer: \u2018S\u00f3 quero ir pra casa\u2019<\/title>\n<meta name=\"robots\" content=\"index, follow, max-snippet:-1, max-image-preview:large, max-video-preview:-1\" \/>\n<link rel=\"canonical\" href=\"https:\/\/mrnews.com.br\/index.php\/2022\/09\/13\/reporter-da-globo-pede-oracoes-na-luta-contra-o-cancer-so-quero-ir-pra-casa\/\" \/>\n<meta property=\"og:locale\" content=\"pt_BR\" \/>\n<meta property=\"og:type\" content=\"article\" \/>\n<meta property=\"og:title\" content=\"Rep\u00f3rter da Globo pede ora\u00e7\u00f5es na luta contra o c\u00e2ncer: \u2018S\u00f3 quero ir pra casa\u2019\" \/>\n<meta property=\"og:description\" content=\"Lutando contra o c\u00e2ncer pela sexta vez, provocado por uma met\u00e1stase no osso da bacia, a jornalista Susana Naspolini fez um post na noite desta segunda-feira (dia 12) informando aos seguidores e f\u00e3s que est\u00e1 internada h\u00e1 quase uma semana na emerg\u00eancia de um hospital. \u201cAmigos, amigos j\u00e1 s\u00e3o seis dias internada!!! Vim pra emerg\u00eancia &hellip;\" \/>\n<meta property=\"og:url\" content=\"https:\/\/mrnews.com.br\/index.php\/2022\/09\/13\/reporter-da-globo-pede-oracoes-na-luta-contra-o-cancer-so-quero-ir-pra-casa\/\" \/>\n<meta property=\"og:site_name\" content=\"MRNews\" \/>\n<meta property=\"article:publisher\" content=\"https:\/\/www.facebook.com\/eaipahpah\/?locale2=pt_BR\" \/>\n<meta property=\"article:published_time\" content=\"2022-09-14T00:52:07+00:00\" \/>\n<meta property=\"og:image\" content=\"https:\/\/mrnews.com.br\/wp-content\/uploads\/2022\/09\/reporte-globo.jpg\" \/>\n\t<meta property=\"og:image:width\" content=\"1200\" \/>\n\t<meta property=\"og:image:height\" content=\"675\" \/>\n\t<meta property=\"og:image:type\" content=\"image\/jpeg\" \/>\n<meta name=\"author\" content=\"MR News\" \/>\n<meta name=\"twitter:card\" content=\"summary_large_image\" \/>\n<meta name=\"twitter:creator\" content=\"@conspirou\" \/>\n<meta name=\"twitter:site\" content=\"@conspirou\" \/>\n<meta name=\"twitter:label1\" content=\"Escrito por\" \/>\n\t<meta name=\"twitter:data1\" content=\"MR News\" \/>\n\t<meta name=\"twitter:label2\" content=\"Est. tempo de leitura\" \/>\n\t<meta name=\"twitter:data2\" content=\"2 minutos\" \/>\n<script type=\"application\/ld+json\" class=\"yoast-schema-graph\">{\"@context\":\"https:\\\/\\\/schema.org\",\"@graph\":[{\"@type\":\"Article\",\"@id\":\"https:\\\/\\\/mrnews.com.br\\\/index.php\\\/2022\\\/09\\\/13\\\/reporter-da-globo-pede-oracoes-na-luta-contra-o-cancer-so-quero-ir-pra-casa\\\/#article\",\"isPartOf\":{\"@id\":\"https:\\\/\\\/mrnews.com.br\\\/index.php\\\/2022\\\/09\\\/13\\\/reporter-da-globo-pede-oracoes-na-luta-contra-o-cancer-so-quero-ir-pra-casa\\\/\"},\"author\":{\"name\":\"MR News\",\"@id\":\"https:\\\/\\\/mrnews.com.br\\\/#\\\/schema\\\/person\\\/be3203154562a9f207407861cef7827b\"},\"headline\":\"Rep\u00f3rter da Globo pede ora\u00e7\u00f5es na luta contra o c\u00e2ncer: \u2018S\u00f3 quero ir pra casa\u2019\",\"datePublished\":\"2022-09-14T00:52:07+00:00\",\"mainEntityOfPage\":{\"@id\":\"https:\\\/\\\/mrnews.com.br\\\/index.php\\\/2022\\\/09\\\/13\\\/reporter-da-globo-pede-oracoes-na-luta-contra-o-cancer-so-quero-ir-pra-casa\\\/\"},\"wordCount\":395,\"commentCount\":0,\"publisher\":{\"@id\":\"https:\\\/\\\/mrnews.com.br\\\/#organization\"},\"image\":{\"@id\":\"https:\\\/\\\/mrnews.com.br\\\/index.php\\\/2022\\\/09\\\/13\\\/reporter-da-globo-pede-oracoes-na-luta-contra-o-cancer-so-quero-ir-pra-casa\\\/#primaryimage\"},\"thumbnailUrl\":\"https:\\\/\\\/mrnews.com.br\\\/wp-content\\\/uploads\\\/2022\\\/09\\\/reporte-globo.jpg\",\"articleSection\":[\"ENTRETENIMENTO\"],\"inLanguage\":\"pt-BR\",\"potentialAction\":[{\"@type\":\"CommentAction\",\"name\":\"Comment\",\"target\":[\"https:\\\/\\\/mrnews.com.br\\\/index.php\\\/2022\\\/09\\\/13\\\/reporter-da-globo-pede-oracoes-na-luta-contra-o-cancer-so-quero-ir-pra-casa\\\/#respond\"]}]},{\"@type\":\"WebPage\",\"@id\":\"https:\\\/\\\/mrnews.com.br\\\/index.php\\\/2022\\\/09\\\/13\\\/reporter-da-globo-pede-oracoes-na-luta-contra-o-cancer-so-quero-ir-pra-casa\\\/\",\"url\":\"https:\\\/\\\/mrnews.com.br\\\/index.php\\\/2022\\\/09\\\/13\\\/reporter-da-globo-pede-oracoes-na-luta-contra-o-cancer-so-quero-ir-pra-casa\\\/\",\"name\":\"Rep\u00f3rter da Globo pede ora\u00e7\u00f5es na luta contra o c\u00e2ncer: \u2018S\u00f3 quero ir pra casa\u2019\",\"isPartOf\":{\"@id\":\"https:\\\/\\\/mrnews.com.br\\\/#website\"},\"primaryImageOfPage\":{\"@id\":\"https:\\\/\\\/mrnews.com.br\\\/index.php\\\/2022\\\/09\\\/13\\\/reporter-da-globo-pede-oracoes-na-luta-contra-o-cancer-so-quero-ir-pra-casa\\\/#primaryimage\"},\"image\":{\"@id\":\"https:\\\/\\\/mrnews.com.br\\\/index.php\\\/2022\\\/09\\\/13\\\/reporter-da-globo-pede-oracoes-na-luta-contra-o-cancer-so-quero-ir-pra-casa\\\/#primaryimage\"},\"thumbnailUrl\":\"https:\\\/\\\/mrnews.com.br\\\/wp-content\\\/uploads\\\/2022\\\/09\\\/reporte-globo.jpg\",\"datePublished\":\"2022-09-14T00:52:07+00:00\",\"breadcrumb\":{\"@id\":\"https:\\\/\\\/mrnews.com.br\\\/index.php\\\/2022\\\/09\\\/13\\\/reporter-da-globo-pede-oracoes-na-luta-contra-o-cancer-so-quero-ir-pra-casa\\\/#breadcrumb\"},\"inLanguage\":\"pt-BR\",\"potentialAction\":[{\"@type\":\"ReadAction\",\"target\":[\"https:\\\/\\\/mrnews.com.br\\\/index.php\\\/2022\\\/09\\\/13\\\/reporter-da-globo-pede-oracoes-na-luta-contra-o-cancer-so-quero-ir-pra-casa\\\/\"]}]},{\"@type\":\"ImageObject\",\"inLanguage\":\"pt-BR\",\"@id\":\"https:\\\/\\\/mrnews.com.br\\\/index.php\\\/2022\\\/09\\\/13\\\/reporter-da-globo-pede-oracoes-na-luta-contra-o-cancer-so-quero-ir-pra-casa\\\/#primaryimage\",\"url\":\"https:\\\/\\\/mrnews.com.br\\\/wp-content\\\/uploads\\\/2022\\\/09\\\/reporte-globo.jpg\",\"contentUrl\":\"https:\\\/\\\/mrnews.com.br\\\/wp-content\\\/uploads\\\/2022\\\/09\\\/reporte-globo.jpg\",\"width\":1200,\"height\":675,\"caption\":\"REPRODU\u00c7\u00c3O INSTAGRAM\"},{\"@type\":\"BreadcrumbList\",\"@id\":\"https:\\\/\\\/mrnews.com.br\\\/index.php\\\/2022\\\/09\\\/13\\\/reporter-da-globo-pede-oracoes-na-luta-contra-o-cancer-so-quero-ir-pra-casa\\\/#breadcrumb\",\"itemListElement\":[{\"@type\":\"ListItem\",\"position\":1,\"name\":\"In\u00edcio\",\"item\":\"https:\\\/\\\/mrnews.com.br\\\/\"},{\"@type\":\"ListItem\",\"position\":2,\"name\":\"Rep\u00f3rter da Globo pede ora\u00e7\u00f5es na luta contra o c\u00e2ncer: \u2018S\u00f3 quero ir pra casa\u2019\"}]},{\"@type\":\"WebSite\",\"@id\":\"https:\\\/\\\/mrnews.com.br\\\/#website\",\"url\":\"https:\\\/\\\/mrnews.com.br\\\/\",\"name\":\"MRNews\",\"description\":\"MRNews Jogos de hoje da TV, transmiss\u00f5es ao vivo, Not\u00edcias de futebol, Jogos ao vivo, Lives, resumo de novelas, Programa\u00e7\u00e3o da Globo, A Fazenda e BBB\",\"publisher\":{\"@id\":\"https:\\\/\\\/mrnews.com.br\\\/#organization\"},\"potentialAction\":[{\"@type\":\"SearchAction\",\"target\":{\"@type\":\"EntryPoint\",\"urlTemplate\":\"https:\\\/\\\/mrnews.com.br\\\/?s={search_term_string}\"},\"query-input\":{\"@type\":\"PropertyValueSpecification\",\"valueRequired\":true,\"valueName\":\"search_term_string\"}}],\"inLanguage\":\"pt-BR\"},{\"@type\":\"Organization\",\"@id\":\"https:\\\/\\\/mrnews.com.br\\\/#organization\",\"name\":\"MRNews\",\"url\":\"https:\\\/\\\/mrnews.com.br\\\/\",\"logo\":{\"@type\":\"ImageObject\",\"inLanguage\":\"pt-BR\",\"@id\":\"https:\\\/\\\/mrnews.com.br\\\/#\\\/schema\\\/logo\\\/image\\\/\",\"url\":\"https:\\\/\\\/mrnews.com.br\\\/wp-content\\\/uploads\\\/2019\\\/06\\\/MRNewslogo2.png\",\"contentUrl\":\"https:\\\/\\\/mrnews.com.br\\\/wp-content\\\/uploads\\\/2019\\\/06\\\/MRNewslogo2.png\",\"width\":223,\"height\":58,\"caption\":\"MRNews\"},\"image\":{\"@id\":\"https:\\\/\\\/mrnews.com.br\\\/#\\\/schema\\\/logo\\\/image\\\/\"},\"sameAs\":[\"https:\\\/\\\/www.facebook.com\\\/eaipahpah\\\/?locale2=pt_BR\",\"https:\\\/\\\/x.com\\\/conspirou\",\"https:\\\/\\\/www.instagram.com\\\/eai_pahpah\",\"https:\\\/\\\/br.pinterest.com\\\/mrnewsn\\\/boards\\\/\",\"https:\\\/\\\/www.youtube.com\\\/channel\\\/UCacgnpznQ61fifLWr1tQ-vA?view_as=subscriber\"]},{\"@type\":\"Person\",\"@id\":\"https:\\\/\\\/mrnews.com.br\\\/#\\\/schema\\\/person\\\/be3203154562a9f207407861cef7827b\",\"name\":\"MR News\",\"image\":{\"@type\":\"ImageObject\",\"inLanguage\":\"pt-BR\",\"@id\":\"https:\\\/\\\/secure.gravatar.com\\\/avatar\\\/04084e6d73c042b8646e7c17b494073bf0ede3ea13c7105cfc45cbbbc28385a4?s=96&d=monsterid&r=g\",\"url\":\"https:\\\/\\\/secure.gravatar.com\\\/avatar\\\/04084e6d73c042b8646e7c17b494073bf0ede3ea13c7105cfc45cbbbc28385a4?s=96&d=monsterid&r=g\",\"contentUrl\":\"https:\\\/\\\/secure.gravatar.com\\\/avatar\\\/04084e6d73c042b8646e7c17b494073bf0ede3ea13c7105cfc45cbbbc28385a4?s=96&d=monsterid&r=g\",\"caption\":\"MR News\"},\"description\":\"Especializado em jornalismo colaborativo pela FTP em n\u00edvel de p\u00f3s-gradua\u00e7\u00e3o. suporte@oimeliga.combr\",\"sameAs\":[\"HUGO R.\",\"Admin\"],\"url\":\"https:\\\/\\\/mrnews.com.br\\\/index.php\\\/author\\\/admin\\\/\"}]}<\/script>\n<!-- \/ Yoast SEO plugin. -->","yoast_head_json":{"title":"Rep\u00f3rter da Globo pede ora\u00e7\u00f5es na luta contra o c\u00e2ncer: \u2018S\u00f3 quero ir pra casa\u2019","robots":{"index":"index","follow":"follow","max-snippet":"max-snippet:-1","max-image-preview":"max-image-preview:large","max-video-preview":"max-video-preview:-1"},"canonical":"https:\/\/mrnews.com.br\/index.php\/2022\/09\/13\/reporter-da-globo-pede-oracoes-na-luta-contra-o-cancer-so-quero-ir-pra-casa\/","og_locale":"pt_BR","og_type":"article","og_title":"Rep\u00f3rter da Globo pede ora\u00e7\u00f5es na luta contra o c\u00e2ncer: \u2018S\u00f3 quero ir pra casa\u2019","og_description":"Lutando contra o c\u00e2ncer pela sexta vez, provocado por uma met\u00e1stase no osso da bacia, a jornalista Susana Naspolini fez um post na noite desta segunda-feira (dia 12) informando aos seguidores e f\u00e3s que est\u00e1 internada h\u00e1 quase uma semana na emerg\u00eancia de um hospital. \u201cAmigos, amigos j\u00e1 s\u00e3o seis dias internada!!! Vim pra emerg\u00eancia &hellip;","og_url":"https:\/\/mrnews.com.br\/index.php\/2022\/09\/13\/reporter-da-globo-pede-oracoes-na-luta-contra-o-cancer-so-quero-ir-pra-casa\/","og_site_name":"MRNews","article_publisher":"https:\/\/www.facebook.com\/eaipahpah\/?locale2=pt_BR","article_published_time":"2022-09-14T00:52:07+00:00","og_image":[{"width":1200,"height":675,"url":"https:\/\/mrnews.com.br\/wp-content\/uploads\/2022\/09\/reporte-globo.jpg","type":"image\/jpeg"}],"author":"MR News","twitter_card":"summary_large_image","twitter_creator":"@conspirou","twitter_site":"@conspirou","twitter_misc":{"Escrito por":"MR News","Est. tempo de leitura":"2 minutos"},"schema":{"@context":"https:\/\/schema.org","@graph":[{"@type":"Article","@id":"https:\/\/mrnews.com.br\/index.php\/2022\/09\/13\/reporter-da-globo-pede-oracoes-na-luta-contra-o-cancer-so-quero-ir-pra-casa\/#article","isPartOf":{"@id":"https:\/\/mrnews.com.br\/index.php\/2022\/09\/13\/reporter-da-globo-pede-oracoes-na-luta-contra-o-cancer-so-quero-ir-pra-casa\/"},"author":{"name":"MR News","@id":"https:\/\/mrnews.com.br\/#\/schema\/person\/be3203154562a9f207407861cef7827b"},"headline":"Rep\u00f3rter da Globo pede ora\u00e7\u00f5es na luta contra o c\u00e2ncer: \u2018S\u00f3 quero ir pra casa\u2019","datePublished":"2022-09-14T00:52:07+00:00","mainEntityOfPage":{"@id":"https:\/\/mrnews.com.br\/index.php\/2022\/09\/13\/reporter-da-globo-pede-oracoes-na-luta-contra-o-cancer-so-quero-ir-pra-casa\/"},"wordCount":395,"commentCount":0,"publisher":{"@id":"https:\/\/mrnews.com.br\/#organization"},"image":{"@id":"https:\/\/mrnews.com.br\/index.php\/2022\/09\/13\/reporter-da-globo-pede-oracoes-na-luta-contra-o-cancer-so-quero-ir-pra-casa\/#primaryimage"},"thumbnailUrl":"https:\/\/mrnews.com.br\/wp-content\/uploads\/2022\/09\/reporte-globo.jpg","articleSection":["ENTRETENIMENTO"],"inLanguage":"pt-BR","potentialAction":[{"@type":"CommentAction","name":"Comment","target":["https:\/\/mrnews.com.br\/index.php\/2022\/09\/13\/reporter-da-globo-pede-oracoes-na-luta-contra-o-cancer-so-quero-ir-pra-casa\/#respond"]}]},{"@type":"WebPage","@id":"https:\/\/mrnews.com.br\/index.php\/2022\/09\/13\/reporter-da-globo-pede-oracoes-na-luta-contra-o-cancer-so-quero-ir-pra-casa\/","url":"https:\/\/mrnews.com.br\/index.php\/2022\/09\/13\/reporter-da-globo-pede-oracoes-na-luta-contra-o-cancer-so-quero-ir-pra-casa\/","name":"Rep\u00f3rter da Globo pede ora\u00e7\u00f5es na luta contra o c\u00e2ncer: \u2018S\u00f3 quero ir pra casa\u2019","isPartOf":{"@id":"https:\/\/mrnews.com.br\/#website"},"primaryImageOfPage":{"@id":"https:\/\/mrnews.com.br\/index.php\/2022\/09\/13\/reporter-da-globo-pede-oracoes-na-luta-contra-o-cancer-so-quero-ir-pra-casa\/#primaryimage"},"image":{"@id":"https:\/\/mrnews.com.br\/index.php\/2022\/09\/13\/reporter-da-globo-pede-oracoes-na-luta-contra-o-cancer-so-quero-ir-pra-casa\/#primaryimage"},"thumbnailUrl":"https:\/\/mrnews.com.br\/wp-content\/uploads\/2022\/09\/reporte-globo.jpg","datePublished":"2022-09-14T00:52:07+00:00","breadcrumb":{"@id":"https:\/\/mrnews.com.br\/index.php\/2022\/09\/13\/reporter-da-globo-pede-oracoes-na-luta-contra-o-cancer-so-quero-ir-pra-casa\/#breadcrumb"},"inLanguage":"pt-BR","potentialAction":[{"@type":"ReadAction","target":["https:\/\/mrnews.com.br\/index.php\/2022\/09\/13\/reporter-da-globo-pede-oracoes-na-luta-contra-o-cancer-so-quero-ir-pra-casa\/"]}]},{"@type":"ImageObject","inLanguage":"pt-BR","@id":"https:\/\/mrnews.com.br\/index.php\/2022\/09\/13\/reporter-da-globo-pede-oracoes-na-luta-contra-o-cancer-so-quero-ir-pra-casa\/#primaryimage","url":"https:\/\/mrnews.com.br\/wp-content\/uploads\/2022\/09\/reporte-globo.jpg","contentUrl":"https:\/\/mrnews.com.br\/wp-content\/uploads\/2022\/09\/reporte-globo.jpg","width":1200,"height":675,"caption":"REPRODU\u00c7\u00c3O INSTAGRAM"},{"@type":"BreadcrumbList","@id":"https:\/\/mrnews.com.br\/index.php\/2022\/09\/13\/reporter-da-globo-pede-oracoes-na-luta-contra-o-cancer-so-quero-ir-pra-casa\/#breadcrumb","itemListElement":[{"@type":"ListItem","position":1,"name":"In\u00edcio","item":"https:\/\/mrnews.com.br\/"},{"@type":"ListItem","position":2,"name":"Rep\u00f3rter da Globo pede ora\u00e7\u00f5es na luta contra o c\u00e2ncer: \u2018S\u00f3 quero ir pra casa\u2019"}]},{"@type":"WebSite","@id":"https:\/\/mrnews.com.br\/#website","url":"https:\/\/mrnews.com.br\/","name":"MRNews","description":"MRNews Jogos de hoje da TV, transmiss\u00f5es ao vivo, Not\u00edcias de futebol, Jogos ao vivo, Lives, resumo de novelas, Programa\u00e7\u00e3o da Globo, A Fazenda e BBB","publisher":{"@id":"https:\/\/mrnews.com.br\/#organization"},"potentialAction":[{"@type":"SearchAction","target":{"@type":"EntryPoint","urlTemplate":"https:\/\/mrnews.com.br\/?s={search_term_string}"},"query-input":{"@type":"PropertyValueSpecification","valueRequired":true,"valueName":"search_term_string"}}],"inLanguage":"pt-BR"},{"@type":"Organization","@id":"https:\/\/mrnews.com.br\/#organization","name":"MRNews","url":"https:\/\/mrnews.com.br\/","logo":{"@type":"ImageObject","inLanguage":"pt-BR","@id":"https:\/\/mrnews.com.br\/#\/schema\/logo\/image\/","url":"https:\/\/mrnews.com.br\/wp-content\/uploads\/2019\/06\/MRNewslogo2.png","contentUrl":"https:\/\/mrnews.com.br\/wp-content\/uploads\/2019\/06\/MRNewslogo2.png","width":223,"height":58,"caption":"MRNews"},"image":{"@id":"https:\/\/mrnews.com.br\/#\/schema\/logo\/image\/"},"sameAs":["https:\/\/www.facebook.com\/eaipahpah\/?locale2=pt_BR","https:\/\/x.com\/conspirou","https:\/\/www.instagram.com\/eai_pahpah","https:\/\/br.pinterest.com\/mrnewsn\/boards\/","https:\/\/www.youtube.com\/channel\/UCacgnpznQ61fifLWr1tQ-vA?view_as=subscriber"]},{"@type":"Person","@id":"https:\/\/mrnews.com.br\/#\/schema\/person\/be3203154562a9f207407861cef7827b","name":"MR News","image":{"@type":"ImageObject","inLanguage":"pt-BR","@id":"https:\/\/secure.gravatar.com\/avatar\/04084e6d73c042b8646e7c17b494073bf0ede3ea13c7105cfc45cbbbc28385a4?s=96&d=monsterid&r=g","url":"https:\/\/secure.gravatar.com\/avatar\/04084e6d73c042b8646e7c17b494073bf0ede3ea13c7105cfc45cbbbc28385a4?s=96&d=monsterid&r=g","contentUrl":"https:\/\/secure.gravatar.com\/avatar\/04084e6d73c042b8646e7c17b494073bf0ede3ea13c7105cfc45cbbbc28385a4?s=96&d=monsterid&r=g","caption":"MR News"},"description":"Especializado em jornalismo colaborativo pela FTP em n\u00edvel de p\u00f3s-gradua\u00e7\u00e3o. suporte@oimeliga.combr","sameAs":["HUGO R.","Admin"],"url":"https:\/\/mrnews.com.br\/index.php\/author\/admin\/"}]}},"jetpack_featured_media_url":"https:\/\/mrnews.com.br\/wp-content\/uploads\/2022\/09\/reporte-globo.jpg","jetpack_sharing_enabled":true,"jetpack_shortlink":"https:\/\/wp.me\/pa2Qf7-1xCE","amp_enabled":true,"_links":{"self":[{"href":"https:\/\/mrnews.com.br\/index.php\/wp-json\/wp\/v2\/posts\/367576","targetHints":{"allow":["GET"]}}],"collection":[{"href":"https:\/\/mrnews.com.br\/index.php\/wp-json\/wp\/v2\/posts"}],"about":[{"href":"https:\/\/mrnews.com.br\/index.php\/wp-json\/wp\/v2\/types\/post"}],"author":[{"embeddable":true,"href":"https:\/\/mrnews.com.br\/index.php\/wp-json\/wp\/v2\/users\/1"}],"replies":[{"embeddable":true,"href":"https:\/\/mrnews.com.br\/index.php\/wp-json\/wp\/v2\/comments?post=367576"}],"version-history":[{"count":1,"href":"https:\/\/mrnews.com.br\/index.php\/wp-json\/wp\/v2\/posts\/367576\/revisions"}],"predecessor-version":[{"id":367579,"href":"https:\/\/mrnews.com.br\/index.php\/wp-json\/wp\/v2\/posts\/367576\/revisions\/367579"}],"wp:featuredmedia":[{"embeddable":true,"href":"https:\/\/mrnews.com.br\/index.php\/wp-json\/wp\/v2\/media\/367578"}],"wp:attachment":[{"href":"https:\/\/mrnews.com.br\/index.php\/wp-json\/wp\/v2\/media?parent=367576"}],"wp:term":[{"taxonomy":"category","embeddable":true,"href":"https:\/\/mrnews.com.br\/index.php\/wp-json\/wp\/v2\/categories?post=367576"},{"taxonomy":"post_tag","embeddable":true,"href":"https:\/\/mrnews.com.br\/index.php\/wp-json\/wp\/v2\/tags?post=367576"}],"curies":[{"name":"wp","href":"https:\/\/api.w.org\/{rel}","templated":true}]}}