{"id":371926,"date":"2022-11-08T10:19:39","date_gmt":"2022-11-08T13:19:39","guid":{"rendered":"https:\/\/mrnews.com.br\/?p=371926"},"modified":"2022-11-08T10:19:39","modified_gmt":"2022-11-08T13:19:39","slug":"foi-um-erro-admite-ex-presidente-da-fifa-sobre-escolha-do-catar-para-sediar-copa-do-mundo","status":"publish","type":"post","link":"https:\/\/mrnews.com.br\/index.php\/2022\/11\/08\/foi-um-erro-admite-ex-presidente-da-fifa-sobre-escolha-do-catar-para-sediar-copa-do-mundo\/","title":{"rendered":"&#8220;Foi um erro&#8221;, admite ex-presidente da FIFA sobre escolha do Catar para sediar Copa do Mundo"},"content":{"rendered":"<p><i><span style=\"font-weight: 400;\">Joseph Blatter confessou que se sente respons\u00e1vel por decis\u00e3o equivocada de levar Mundial ao pa\u00eds do Oriente M\u00e9dio; evento come\u00e7a daqui duas semanas<\/span><\/i><\/p>\n<p>&nbsp;<\/p>\n<p><span style=\"font-weight: 400;\">Com a Copa do Mundo do Catar cada vez mais pr\u00f3xima e meio \u00e0s convoca\u00e7\u00f5es das sele\u00e7\u00f5es participantes, da organiza\u00e7\u00e3o final do calend\u00e1rio e da movimenta\u00e7\u00e3o de toda a ind\u00fastria do esporte \u2013 desde empresas de <\/span><a href=\"https:\/\/www.esportesdasorte.com\/ptb\/bet\/live\"><span style=\"font-weight: 400;\">apostas ao vivo<\/span><\/a><span style=\"font-weight: 400;\"> at\u00e9 transmissoras do evento \u2013, o ex-presidente da FIFA, o su\u00ed\u00e7o Joseph Blatter, surpreendeu o mundo com uma confiss\u00e3o ins\u00f3lita. Em entrevista ao canal su\u00ed\u00e7o <\/span><i><span style=\"font-weight: 400;\">Tamedia<\/span><\/i><span style=\"font-weight: 400;\">, ele disse que a escolha pela sede do Mundial &#8220;foi um erro&#8221;.<\/span><\/p>\n<p>&nbsp;<\/p>\n<p><span style=\"font-weight: 400;\">O que chama aten\u00e7\u00e3o \u00e9 que Blatter n\u00e3o era s\u00f3 o principal mandat\u00e1rio da entidade respons\u00e1vel pela elei\u00e7\u00e3o do Catar como sede da Copa como, al\u00e9m disso, foi o respons\u00e1vel por anunciar, em dezembro de 2010, que o pa\u00eds do Oriente M\u00e9dio receberia o torneio mais importante do futebol mundial.<\/span><\/p>\n<p>&nbsp;<\/p>\n<p><span style=\"font-weight: 400;\">&#8220;O futebol e a Copa s\u00e3o muito grandes para isso. Eu fui o respons\u00e1vel naquele momento, j\u00e1 que era o presidente da FIFA&#8221;, disse ele, que presidiu a entidade entre 1998 e 2015.<\/span><\/p>\n<p>&nbsp;<\/p>\n<p><span style=\"font-weight: 400;\">Ele tamb\u00e9m admitiu que a concorr\u00eancia deveria ter sido vencida pelos Estados Unidos, que se colocava como principal candidato depois da R\u00fassia, que recebeu a Copa em 2018. &#8220;Teria sido um gesto de paz se os dois advers\u00e1rios pol\u00edticos tivessem organizado Mundiais um atr\u00e1s do outro&#8221;, explicou.<\/span><\/p>\n<p>&nbsp;<\/p>\n<p><span style=\"font-weight: 400;\">N\u00e3o \u00e9 a primeira vez, contudo, que Blatter se mostra arrependido com a escolha do Catar para sediar o Mundial de futebol masculino. Em novembro de 2021, em uma entrevista ao jornal franc\u00eas Le Monde, ele j\u00e1 se mostrava resignado com a decis\u00e3o da FIFA. &#8220;N\u00e3o podemos mudar a hist\u00f3ria mais&#8221;, disse ele \u00e0 \u00e9poca.<\/span><\/p>\n<p>&nbsp;<\/p>\n<p><span style=\"font-weight: 400;\">A escolha do Catar foi muito criticada desde o seu an\u00fancio, h\u00e1 mais de uma d\u00e9cada, envolvendo desde esc\u00e2ndalos de corrup\u00e7\u00e3o dentro da FIFA at\u00e9 os chamados de boicote que v\u00e1rias ONGs globais fizeram ao longo desse per\u00edodo como forma de protesto aos problemas envolvendo direitos humanos na organiza\u00e7\u00e3o do evento.<\/span><\/p>\n<p>&nbsp;<\/p>\n<p><span style=\"font-weight: 400;\">As pol\u00eamicas continuam mesmo \u00e0s v\u00e9speras do in\u00edcio do Mundial, no domingo (20), no jogo entre Equador e Catar. Em entrevista ao canal alem\u00e3o ZDF, o embaixador da Copa &#8212; e ex-jogador &#8212; Khalid Salman, deu uma resposta repudi\u00e1vel sobre um assunto que j\u00e1 \u00e9 tema de cr\u00edticas mundo afora: a presen\u00e7a de torcedores LGBTQIA+ nos jogos. &#8220;Muitas coisas v\u00e3o chegar ao nosso pa\u00eds durante a Copa. Falemos dos homossexuais. O mais importante \u00e9 que todos aceitar\u00e3o chegar aqui e, assim, ter\u00e3o que aceitar nossas regras&#8221;, disse.<\/span><\/p>\n<p>&nbsp;<\/p>\n<p><span style=\"font-weight: 400;\">Se \u00e9 mais uma declara\u00e7\u00e3o comum de autoridades cataris sobre o tema, ela ficou ainda pior quando o rep\u00f3rter do canal de televis\u00e3o perguntou sobre a opini\u00e3o de Salman sobre a homossexualidade &#8212; no que o embaixador respondeu achar ser &#8220;haram&#8221;. O termo faz refer\u00eancia ao que \u00e9 proibido e que, no Catar, designa uma pessoa que deve ser castigada. Al\u00e9m disso, replicou que homossexuais t\u00eam &#8220;problema mental&#8221;.<\/span><\/p>\n","protected":false},"excerpt":{"rendered":"<p>Joseph Blatter confessou que se sente respons\u00e1vel por decis\u00e3o equivocada de levar Mundial ao pa\u00eds do Oriente M\u00e9dio; evento come\u00e7a daqui duas semanas &nbsp; Com a Copa do Mundo do Catar cada vez mais pr\u00f3xima e meio \u00e0s convoca\u00e7\u00f5es das sele\u00e7\u00f5es participantes, da organiza\u00e7\u00e3o final do calend\u00e1rio e da movimenta\u00e7\u00e3o de toda a ind\u00fastria do &hellip;<\/p>\n","protected":false},"author":1,"featured_media":0,"comment_status":"open","ping_status":"open","sticky":false,"template":"","format":"standard","meta":{"_jetpack_memberships_contains_paid_content":false,"footnotes":""},"categories":[4587,4],"tags":[],"class_list":["post-371926","post","type-post","status-publish","format-standard","hentry","category-esportes","category-servicos"],"yoast_head":"<!-- This site is optimized with the Yoast SEO plugin v27.5 - https:\/\/yoast.com\/product\/yoast-seo-wordpress\/ -->\n<title>&quot;Foi um erro&quot;, admite ex-presidente da FIFA sobre escolha do Catar para sediar Copa do Mundo<\/title>\n<meta name=\"robots\" content=\"index, follow, max-snippet:-1, max-image-preview:large, max-video-preview:-1\" \/>\n<link rel=\"canonical\" href=\"https:\/\/mrnews.com.br\/index.php\/2022\/11\/08\/foi-um-erro-admite-ex-presidente-da-fifa-sobre-escolha-do-catar-para-sediar-copa-do-mundo\/\" \/>\n<meta property=\"og:locale\" content=\"pt_BR\" \/>\n<meta property=\"og:type\" content=\"article\" \/>\n<meta property=\"og:title\" content=\"&quot;Foi um erro&quot;, admite ex-presidente da FIFA sobre escolha do Catar para sediar Copa do Mundo\" \/>\n<meta property=\"og:description\" content=\"Joseph Blatter confessou que se sente respons\u00e1vel por decis\u00e3o equivocada de levar Mundial ao pa\u00eds do Oriente M\u00e9dio; evento come\u00e7a daqui duas semanas &nbsp; Com a Copa do Mundo do Catar cada vez mais pr\u00f3xima e meio \u00e0s convoca\u00e7\u00f5es das sele\u00e7\u00f5es participantes, da organiza\u00e7\u00e3o final do calend\u00e1rio e da movimenta\u00e7\u00e3o de toda a ind\u00fastria do &hellip;\" \/>\n<meta property=\"og:url\" content=\"https:\/\/mrnews.com.br\/index.php\/2022\/11\/08\/foi-um-erro-admite-ex-presidente-da-fifa-sobre-escolha-do-catar-para-sediar-copa-do-mundo\/\" \/>\n<meta property=\"og:site_name\" content=\"MRNews\" \/>\n<meta property=\"article:publisher\" content=\"https:\/\/www.facebook.com\/eaipahpah\/?locale2=pt_BR\" \/>\n<meta property=\"article:published_time\" content=\"2022-11-08T13:19:39+00:00\" \/>\n<meta name=\"author\" content=\"MR News\" \/>\n<meta name=\"twitter:card\" content=\"summary_large_image\" \/>\n<meta name=\"twitter:creator\" content=\"@conspirou\" \/>\n<meta name=\"twitter:site\" content=\"@conspirou\" \/>\n<meta name=\"twitter:label1\" content=\"Escrito por\" \/>\n\t<meta name=\"twitter:data1\" content=\"MR News\" \/>\n\t<meta name=\"twitter:label2\" content=\"Est. tempo de leitura\" \/>\n\t<meta name=\"twitter:data2\" content=\"3 minutos\" \/>\n<script type=\"application\/ld+json\" class=\"yoast-schema-graph\">{\"@context\":\"https:\\\/\\\/schema.org\",\"@graph\":[{\"@type\":\"Article\",\"@id\":\"https:\\\/\\\/mrnews.com.br\\\/index.php\\\/2022\\\/11\\\/08\\\/foi-um-erro-admite-ex-presidente-da-fifa-sobre-escolha-do-catar-para-sediar-copa-do-mundo\\\/#article\",\"isPartOf\":{\"@id\":\"https:\\\/\\\/mrnews.com.br\\\/index.php\\\/2022\\\/11\\\/08\\\/foi-um-erro-admite-ex-presidente-da-fifa-sobre-escolha-do-catar-para-sediar-copa-do-mundo\\\/\"},\"author\":{\"name\":\"MR News\",\"@id\":\"https:\\\/\\\/mrnews.com.br\\\/#\\\/schema\\\/person\\\/be3203154562a9f207407861cef7827b\"},\"headline\":\"&#8220;Foi um erro&#8221;, admite ex-presidente da FIFA sobre escolha do Catar para sediar Copa do Mundo\",\"datePublished\":\"2022-11-08T13:19:39+00:00\",\"mainEntityOfPage\":{\"@id\":\"https:\\\/\\\/mrnews.com.br\\\/index.php\\\/2022\\\/11\\\/08\\\/foi-um-erro-admite-ex-presidente-da-fifa-sobre-escolha-do-catar-para-sediar-copa-do-mundo\\\/\"},\"wordCount\":563,\"commentCount\":0,\"publisher\":{\"@id\":\"https:\\\/\\\/mrnews.com.br\\\/#organization\"},\"articleSection\":[\"Esportes\",\"SERVI\u00c7OS\"],\"inLanguage\":\"pt-BR\",\"potentialAction\":[{\"@type\":\"CommentAction\",\"name\":\"Comment\",\"target\":[\"https:\\\/\\\/mrnews.com.br\\\/index.php\\\/2022\\\/11\\\/08\\\/foi-um-erro-admite-ex-presidente-da-fifa-sobre-escolha-do-catar-para-sediar-copa-do-mundo\\\/#respond\"]}]},{\"@type\":\"WebPage\",\"@id\":\"https:\\\/\\\/mrnews.com.br\\\/index.php\\\/2022\\\/11\\\/08\\\/foi-um-erro-admite-ex-presidente-da-fifa-sobre-escolha-do-catar-para-sediar-copa-do-mundo\\\/\",\"url\":\"https:\\\/\\\/mrnews.com.br\\\/index.php\\\/2022\\\/11\\\/08\\\/foi-um-erro-admite-ex-presidente-da-fifa-sobre-escolha-do-catar-para-sediar-copa-do-mundo\\\/\",\"name\":\"\\\"Foi um erro\\\", admite ex-presidente da FIFA sobre escolha do Catar para sediar Copa do Mundo\",\"isPartOf\":{\"@id\":\"https:\\\/\\\/mrnews.com.br\\\/#website\"},\"datePublished\":\"2022-11-08T13:19:39+00:00\",\"breadcrumb\":{\"@id\":\"https:\\\/\\\/mrnews.com.br\\\/index.php\\\/2022\\\/11\\\/08\\\/foi-um-erro-admite-ex-presidente-da-fifa-sobre-escolha-do-catar-para-sediar-copa-do-mundo\\\/#breadcrumb\"},\"inLanguage\":\"pt-BR\",\"potentialAction\":[{\"@type\":\"ReadAction\",\"target\":[\"https:\\\/\\\/mrnews.com.br\\\/index.php\\\/2022\\\/11\\\/08\\\/foi-um-erro-admite-ex-presidente-da-fifa-sobre-escolha-do-catar-para-sediar-copa-do-mundo\\\/\"]}]},{\"@type\":\"BreadcrumbList\",\"@id\":\"https:\\\/\\\/mrnews.com.br\\\/index.php\\\/2022\\\/11\\\/08\\\/foi-um-erro-admite-ex-presidente-da-fifa-sobre-escolha-do-catar-para-sediar-copa-do-mundo\\\/#breadcrumb\",\"itemListElement\":[{\"@type\":\"ListItem\",\"position\":1,\"name\":\"In\u00edcio\",\"item\":\"https:\\\/\\\/mrnews.com.br\\\/\"},{\"@type\":\"ListItem\",\"position\":2,\"name\":\"&#8220;Foi um erro&#8221;, admite ex-presidente da FIFA sobre escolha do Catar para sediar Copa do Mundo\"}]},{\"@type\":\"WebSite\",\"@id\":\"https:\\\/\\\/mrnews.com.br\\\/#website\",\"url\":\"https:\\\/\\\/mrnews.com.br\\\/\",\"name\":\"MRNews\",\"description\":\"MRNews Jogos de hoje da TV, transmiss\u00f5es ao vivo, Not\u00edcias de futebol, Jogos ao vivo, Lives, resumo de novelas, Programa\u00e7\u00e3o da Globo, A Fazenda e BBB\",\"publisher\":{\"@id\":\"https:\\\/\\\/mrnews.com.br\\\/#organization\"},\"potentialAction\":[{\"@type\":\"SearchAction\",\"target\":{\"@type\":\"EntryPoint\",\"urlTemplate\":\"https:\\\/\\\/mrnews.com.br\\\/?s={search_term_string}\"},\"query-input\":{\"@type\":\"PropertyValueSpecification\",\"valueRequired\":true,\"valueName\":\"search_term_string\"}}],\"inLanguage\":\"pt-BR\"},{\"@type\":\"Organization\",\"@id\":\"https:\\\/\\\/mrnews.com.br\\\/#organization\",\"name\":\"MRNews\",\"url\":\"https:\\\/\\\/mrnews.com.br\\\/\",\"logo\":{\"@type\":\"ImageObject\",\"inLanguage\":\"pt-BR\",\"@id\":\"https:\\\/\\\/mrnews.com.br\\\/#\\\/schema\\\/logo\\\/image\\\/\",\"url\":\"https:\\\/\\\/mrnews.com.br\\\/wp-content\\\/uploads\\\/2019\\\/06\\\/MRNewslogo2.png\",\"contentUrl\":\"https:\\\/\\\/mrnews.com.br\\\/wp-content\\\/uploads\\\/2019\\\/06\\\/MRNewslogo2.png\",\"width\":223,\"height\":58,\"caption\":\"MRNews\"},\"image\":{\"@id\":\"https:\\\/\\\/mrnews.com.br\\\/#\\\/schema\\\/logo\\\/image\\\/\"},\"sameAs\":[\"https:\\\/\\\/www.facebook.com\\\/eaipahpah\\\/?locale2=pt_BR\",\"https:\\\/\\\/x.com\\\/conspirou\",\"https:\\\/\\\/www.instagram.com\\\/eai_pahpah\",\"https:\\\/\\\/br.pinterest.com\\\/mrnewsn\\\/boards\\\/\",\"https:\\\/\\\/www.youtube.com\\\/channel\\\/UCacgnpznQ61fifLWr1tQ-vA?view_as=subscriber\"]},{\"@type\":\"Person\",\"@id\":\"https:\\\/\\\/mrnews.com.br\\\/#\\\/schema\\\/person\\\/be3203154562a9f207407861cef7827b\",\"name\":\"MR News\",\"image\":{\"@type\":\"ImageObject\",\"inLanguage\":\"pt-BR\",\"@id\":\"https:\\\/\\\/secure.gravatar.com\\\/avatar\\\/04084e6d73c042b8646e7c17b494073bf0ede3ea13c7105cfc45cbbbc28385a4?s=96&d=monsterid&r=g\",\"url\":\"https:\\\/\\\/secure.gravatar.com\\\/avatar\\\/04084e6d73c042b8646e7c17b494073bf0ede3ea13c7105cfc45cbbbc28385a4?s=96&d=monsterid&r=g\",\"contentUrl\":\"https:\\\/\\\/secure.gravatar.com\\\/avatar\\\/04084e6d73c042b8646e7c17b494073bf0ede3ea13c7105cfc45cbbbc28385a4?s=96&d=monsterid&r=g\",\"caption\":\"MR News\"},\"description\":\"Especializado em jornalismo colaborativo pela FTP em n\u00edvel de p\u00f3s-gradua\u00e7\u00e3o. suporte@oimeliga.combr\",\"sameAs\":[\"HUGO R.\",\"Admin\"],\"url\":\"https:\\\/\\\/mrnews.com.br\\\/index.php\\\/author\\\/admin\\\/\"}]}<\/script>\n<!-- \/ Yoast SEO plugin. -->","yoast_head_json":{"title":"\"Foi um erro\", admite ex-presidente da FIFA sobre escolha do Catar para sediar Copa do Mundo","robots":{"index":"index","follow":"follow","max-snippet":"max-snippet:-1","max-image-preview":"max-image-preview:large","max-video-preview":"max-video-preview:-1"},"canonical":"https:\/\/mrnews.com.br\/index.php\/2022\/11\/08\/foi-um-erro-admite-ex-presidente-da-fifa-sobre-escolha-do-catar-para-sediar-copa-do-mundo\/","og_locale":"pt_BR","og_type":"article","og_title":"\"Foi um erro\", admite ex-presidente da FIFA sobre escolha do Catar para sediar Copa do Mundo","og_description":"Joseph Blatter confessou que se sente respons\u00e1vel por decis\u00e3o equivocada de levar Mundial ao pa\u00eds do Oriente M\u00e9dio; evento come\u00e7a daqui duas semanas &nbsp; Com a Copa do Mundo do Catar cada vez mais pr\u00f3xima e meio \u00e0s convoca\u00e7\u00f5es das sele\u00e7\u00f5es participantes, da organiza\u00e7\u00e3o final do calend\u00e1rio e da movimenta\u00e7\u00e3o de toda a ind\u00fastria do &hellip;","og_url":"https:\/\/mrnews.com.br\/index.php\/2022\/11\/08\/foi-um-erro-admite-ex-presidente-da-fifa-sobre-escolha-do-catar-para-sediar-copa-do-mundo\/","og_site_name":"MRNews","article_publisher":"https:\/\/www.facebook.com\/eaipahpah\/?locale2=pt_BR","article_published_time":"2022-11-08T13:19:39+00:00","author":"MR News","twitter_card":"summary_large_image","twitter_creator":"@conspirou","twitter_site":"@conspirou","twitter_misc":{"Escrito por":"MR News","Est. tempo de leitura":"3 minutos"},"schema":{"@context":"https:\/\/schema.org","@graph":[{"@type":"Article","@id":"https:\/\/mrnews.com.br\/index.php\/2022\/11\/08\/foi-um-erro-admite-ex-presidente-da-fifa-sobre-escolha-do-catar-para-sediar-copa-do-mundo\/#article","isPartOf":{"@id":"https:\/\/mrnews.com.br\/index.php\/2022\/11\/08\/foi-um-erro-admite-ex-presidente-da-fifa-sobre-escolha-do-catar-para-sediar-copa-do-mundo\/"},"author":{"name":"MR News","@id":"https:\/\/mrnews.com.br\/#\/schema\/person\/be3203154562a9f207407861cef7827b"},"headline":"&#8220;Foi um erro&#8221;, admite ex-presidente da FIFA sobre escolha do Catar para sediar Copa do Mundo","datePublished":"2022-11-08T13:19:39+00:00","mainEntityOfPage":{"@id":"https:\/\/mrnews.com.br\/index.php\/2022\/11\/08\/foi-um-erro-admite-ex-presidente-da-fifa-sobre-escolha-do-catar-para-sediar-copa-do-mundo\/"},"wordCount":563,"commentCount":0,"publisher":{"@id":"https:\/\/mrnews.com.br\/#organization"},"articleSection":["Esportes","SERVI\u00c7OS"],"inLanguage":"pt-BR","potentialAction":[{"@type":"CommentAction","name":"Comment","target":["https:\/\/mrnews.com.br\/index.php\/2022\/11\/08\/foi-um-erro-admite-ex-presidente-da-fifa-sobre-escolha-do-catar-para-sediar-copa-do-mundo\/#respond"]}]},{"@type":"WebPage","@id":"https:\/\/mrnews.com.br\/index.php\/2022\/11\/08\/foi-um-erro-admite-ex-presidente-da-fifa-sobre-escolha-do-catar-para-sediar-copa-do-mundo\/","url":"https:\/\/mrnews.com.br\/index.php\/2022\/11\/08\/foi-um-erro-admite-ex-presidente-da-fifa-sobre-escolha-do-catar-para-sediar-copa-do-mundo\/","name":"\"Foi um erro\", admite ex-presidente da FIFA sobre escolha do Catar para sediar Copa do Mundo","isPartOf":{"@id":"https:\/\/mrnews.com.br\/#website"},"datePublished":"2022-11-08T13:19:39+00:00","breadcrumb":{"@id":"https:\/\/mrnews.com.br\/index.php\/2022\/11\/08\/foi-um-erro-admite-ex-presidente-da-fifa-sobre-escolha-do-catar-para-sediar-copa-do-mundo\/#breadcrumb"},"inLanguage":"pt-BR","potentialAction":[{"@type":"ReadAction","target":["https:\/\/mrnews.com.br\/index.php\/2022\/11\/08\/foi-um-erro-admite-ex-presidente-da-fifa-sobre-escolha-do-catar-para-sediar-copa-do-mundo\/"]}]},{"@type":"BreadcrumbList","@id":"https:\/\/mrnews.com.br\/index.php\/2022\/11\/08\/foi-um-erro-admite-ex-presidente-da-fifa-sobre-escolha-do-catar-para-sediar-copa-do-mundo\/#breadcrumb","itemListElement":[{"@type":"ListItem","position":1,"name":"In\u00edcio","item":"https:\/\/mrnews.com.br\/"},{"@type":"ListItem","position":2,"name":"&#8220;Foi um erro&#8221;, admite ex-presidente da FIFA sobre escolha do Catar para sediar Copa do Mundo"}]},{"@type":"WebSite","@id":"https:\/\/mrnews.com.br\/#website","url":"https:\/\/mrnews.com.br\/","name":"MRNews","description":"MRNews Jogos de hoje da TV, transmiss\u00f5es ao vivo, Not\u00edcias de futebol, Jogos ao vivo, Lives, resumo de novelas, Programa\u00e7\u00e3o da Globo, A Fazenda e BBB","publisher":{"@id":"https:\/\/mrnews.com.br\/#organization"},"potentialAction":[{"@type":"SearchAction","target":{"@type":"EntryPoint","urlTemplate":"https:\/\/mrnews.com.br\/?s={search_term_string}"},"query-input":{"@type":"PropertyValueSpecification","valueRequired":true,"valueName":"search_term_string"}}],"inLanguage":"pt-BR"},{"@type":"Organization","@id":"https:\/\/mrnews.com.br\/#organization","name":"MRNews","url":"https:\/\/mrnews.com.br\/","logo":{"@type":"ImageObject","inLanguage":"pt-BR","@id":"https:\/\/mrnews.com.br\/#\/schema\/logo\/image\/","url":"https:\/\/mrnews.com.br\/wp-content\/uploads\/2019\/06\/MRNewslogo2.png","contentUrl":"https:\/\/mrnews.com.br\/wp-content\/uploads\/2019\/06\/MRNewslogo2.png","width":223,"height":58,"caption":"MRNews"},"image":{"@id":"https:\/\/mrnews.com.br\/#\/schema\/logo\/image\/"},"sameAs":["https:\/\/www.facebook.com\/eaipahpah\/?locale2=pt_BR","https:\/\/x.com\/conspirou","https:\/\/www.instagram.com\/eai_pahpah","https:\/\/br.pinterest.com\/mrnewsn\/boards\/","https:\/\/www.youtube.com\/channel\/UCacgnpznQ61fifLWr1tQ-vA?view_as=subscriber"]},{"@type":"Person","@id":"https:\/\/mrnews.com.br\/#\/schema\/person\/be3203154562a9f207407861cef7827b","name":"MR News","image":{"@type":"ImageObject","inLanguage":"pt-BR","@id":"https:\/\/secure.gravatar.com\/avatar\/04084e6d73c042b8646e7c17b494073bf0ede3ea13c7105cfc45cbbbc28385a4?s=96&d=monsterid&r=g","url":"https:\/\/secure.gravatar.com\/avatar\/04084e6d73c042b8646e7c17b494073bf0ede3ea13c7105cfc45cbbbc28385a4?s=96&d=monsterid&r=g","contentUrl":"https:\/\/secure.gravatar.com\/avatar\/04084e6d73c042b8646e7c17b494073bf0ede3ea13c7105cfc45cbbbc28385a4?s=96&d=monsterid&r=g","caption":"MR News"},"description":"Especializado em jornalismo colaborativo pela FTP em n\u00edvel de p\u00f3s-gradua\u00e7\u00e3o. suporte@oimeliga.combr","sameAs":["HUGO R.","Admin"],"url":"https:\/\/mrnews.com.br\/index.php\/author\/admin\/"}]}},"jetpack_featured_media_url":"","jetpack_sharing_enabled":true,"jetpack_shortlink":"https:\/\/wp.me\/pa2Qf7-1yKO","amp_enabled":true,"_links":{"self":[{"href":"https:\/\/mrnews.com.br\/index.php\/wp-json\/wp\/v2\/posts\/371926","targetHints":{"allow":["GET"]}}],"collection":[{"href":"https:\/\/mrnews.com.br\/index.php\/wp-json\/wp\/v2\/posts"}],"about":[{"href":"https:\/\/mrnews.com.br\/index.php\/wp-json\/wp\/v2\/types\/post"}],"author":[{"embeddable":true,"href":"https:\/\/mrnews.com.br\/index.php\/wp-json\/wp\/v2\/users\/1"}],"replies":[{"embeddable":true,"href":"https:\/\/mrnews.com.br\/index.php\/wp-json\/wp\/v2\/comments?post=371926"}],"version-history":[{"count":1,"href":"https:\/\/mrnews.com.br\/index.php\/wp-json\/wp\/v2\/posts\/371926\/revisions"}],"predecessor-version":[{"id":371927,"href":"https:\/\/mrnews.com.br\/index.php\/wp-json\/wp\/v2\/posts\/371926\/revisions\/371927"}],"wp:attachment":[{"href":"https:\/\/mrnews.com.br\/index.php\/wp-json\/wp\/v2\/media?parent=371926"}],"wp:term":[{"taxonomy":"category","embeddable":true,"href":"https:\/\/mrnews.com.br\/index.php\/wp-json\/wp\/v2\/categories?post=371926"},{"taxonomy":"post_tag","embeddable":true,"href":"https:\/\/mrnews.com.br\/index.php\/wp-json\/wp\/v2\/tags?post=371926"}],"curies":[{"name":"wp","href":"https:\/\/api.w.org\/{rel}","templated":true}]}}