{"id":372489,"date":"2022-11-13T15:32:40","date_gmt":"2022-11-13T18:32:40","guid":{"rendered":"https:\/\/mrnews.com.br\/?p=372489"},"modified":"2022-11-13T15:32:40","modified_gmt":"2022-11-13T18:32:40","slug":"luiz-inacio-lula-da-silva-da-entrada-em-hospital-e-estado-de-saude-preocupa-coracao","status":"publish","type":"post","link":"https:\/\/mrnews.com.br\/index.php\/2022\/11\/13\/luiz-inacio-lula-da-silva-da-entrada-em-hospital-e-estado-de-saude-preocupa-coracao\/","title":{"rendered":"Luiz In\u00e1cio Lula da Silva d\u00e1 entrada em hospital e estado de sa\u00fade preocupa: &#8216;CORA\u00c7\u00c3O&#8217;"},"content":{"rendered":"<div class=\"title\">\n<div class=\"content-title\">\n<p>Neste s\u00e1bado, o pr\u00f3ximo presidente do Brasil eleito, Luiz In\u00e1cio Lula da Silva do PT, deu entrada no Hospital S\u00edrio Liban\u00eas, localizado na cidade de S\u00e3o Paulo. Seus apoiadores ficaram preocupados com as not\u00edcias que foram divulgadas.<\/p>\n<\/div>\n<p>As primeiras informa\u00e7\u00f5es s\u00e3o que Luiz In\u00e1cio Lula da Silva, est\u00e1 internado e sob os cuidados do cardiologista Roberto Kalil Filho, seu m\u00e9dico particular. O presidente eleito estaria passando por exames do cora\u00e7\u00e3o, informa\u00e7\u00e3o que deixou seus eleitores preocupados.<\/p>\n<p>As informa\u00e7\u00f5es divulgadas pelo hospital S\u00edrio Liban\u00eas, \u00e9 que Luiz In\u00e1cio Lula da Silva, estaria passando por uma bateria de exames, afins de fazer um checkup.<\/p>\n<\/div>\n<p>O presidente eleito pelo PT, tamb\u00e9m far\u00e1 exames de laringe e cora\u00e7\u00e3o como citado a cima. Valem lembrar que Lula j\u00e1 foi diagn\u00f3stico com um c\u00e2ncer e curou ap\u00f3s mais de 30 sess\u00f5es de tratamento contra a doen\u00e7a, por\u00e9m se deve sempre monitorar para a doen\u00e7a n\u00e3o retornar.<\/p>\n<p>A expectativa \u00e9 que o presidente ganhe alta ainda no dia de hoje, por\u00e9m n\u00e3o se pode afirmar isso. Sua assessoria se manifestou atrav\u00e9s de nota oficial, para falar a respeito da entrada do presidente no hospital, alegando que os exames de rotina seriam por conta de uma viajem do presidente ao Egito.<\/p>\n<p>\u201cO presidente eleito Luiz In\u00e1cio Lula da Silva est\u00e1 no hospital S\u00edrio Liban\u00eas para exames de rotina, antes de sua viagem para a Cop27 no Egito\u201d dizia a nota.<\/p>\n<p>Os exames na laringe se d\u00e3o justamente por conta de ser onde o presidente descobriu o c\u00e2ncer. Lula fez uma nasofibroscopia apontou altera\u00e7\u00f5es na garganta causadas pelo esfor\u00e7o vocal, o que pode ser caracterizado como inflama\u00e7\u00e3o. Os exames, no entanto, n\u00e3o identificaram qualquer sinal de que o c\u00e2ncer identificado e tratado por ele em 2011 possa ter voltado.<\/p>\n<p>&nbsp;<\/p>\n<div class=\"content-materia\">\n<div class=\"wrapper\">\n<section class=\"body-content-cb\">\n<article class=\"article tbl-forkorts-article\">\n<div class=\"autor\">\n<div class=\"item\">\n<h2 class=\"sigla\">Vidente que previu &#8220;carta na manga de Bolsonaro&#8221; faz alerta sob posse de Lula: &#8216;N\u00c3O&#8217;<\/h2>\n<\/div>\n<\/div>\n<div class=\"date\"><\/div>\n<div class=\"responsive-img\">\n<picture><source media=\"(max-width: 767px)\" data-srcset=\"https:\/\/midias.correiobraziliense.com.br\/_midias\/jpg\/2022\/11\/11\/360x240\/1_vidente_relatorio-26836852.jpg?20221111181356?20221111181356 360w\" \/><source media=\"(max-width: 1365px)\" data-srcset=\"https:\/\/midias.correiobraziliense.com.br\/_midias\/jpg\/2022\/11\/11\/675x450\/1_vidente_relatorio-26836852.jpg?20221111181356?20221111181356 675w\" \/><source media=\"(min-width: 1366px)\" data-srcset=\"https:\/\/midias.correiobraziliense.com.br\/_midias\/jpg\/2022\/11\/11\/820x547\/1_vidente_relatorio-26836852.jpg?20221111181356?20221111181356 820w\" \/><img decoding=\"async\" class=\"cb-article-destaque\" title=\"Sulamita relaciona as cartas do \" src=\"https:\/\/midias.correiobraziliense.com.br\/_midias\/jpg\/2022\/11\/11\/675x450\/1_vidente_relatorio-26836852.jpg?20221111181356?20221111181356\" alt=\"Sulamita relaciona as cartas do \" data-src=\"https:\/\/midias.correiobraziliense.com.br\/_midias\/jpg\/2022\/11\/11\/675x450\/1_vidente_relatorio-26836852.jpg?20221111181356?20221111181356\" \/><\/picture>\n<div class=\"responsive-img-caption\"><small>Sulamita relaciona as cartas do &#8220;Banco&#8221;, que pede mais tempo com a carta dos &#8220;Peixes&#8221; \u2014 ao qual a cigana diz ser uma carta positiva e que pode ajudar &#8220;para que a &#8216;carta na manga&#8217; seja revelada&#8221; &#8211; (cr\u00e9dito: Reprodu\u00e7\u00e3o\/Youtube Luz de Cigana Sulamita &#8211; OFICIAL)<\/small><\/div>\n<\/div>\n<p class=\"texto\">Em tiragem de carta sobre o\u00a0Relat\u00f3rio das For\u00e7as Armadas que confirma o resultados das elei\u00e7\u00f5es que elegeram Luiz In\u00e1cio Lula da Silva (PT) como o novo presidente do Brasil, nesta sexta-feira (11\/11), a cigana Sulamita, conhecida nas redes sociais por fazer leitura de cartas sobre o per\u00edodo eleitoral, falou sobre o que pode vir a ocorrer nos pr\u00f3ximos dias.<\/p>\n<p class=\"texto\">No primeiro momento, a cigana explicou as cartas centrais dos dois jogos que ela fez, que s\u00e3o sempre as que revelam o que a espiritualidade quer revelar. Em um dos jogos est\u00e1 a carta dos &#8220;Amantes&#8221; \u2014 que segundo Sulamita representa os patriotas.<\/p>\n<ul>\n<li><a href=\"https:\/\/mrnews.com.br\/index.php\/2022\/11\/11\/vidente-revela-algo-importante-sobre-eleicoes-bolsonaro-tem-cartas-na-manga\/\">Vidente fala sobre a transi\u00e7\u00e3o de governo: &#8220;Bolsonaro tem cartas na manga&#8221;<\/a><\/li>\n<\/ul>\n<p class=\"texto\">J\u00e1 a segunda carta \u00e0 qual ela se refere \u00e9 a da &#8220;Carta&#8221;, que ela relaciona com a poss\u00edvel &#8220;carta na manga&#8221; que\u00a0<a href=\"https:\/\/mauaagora.com.br\">Jair Bolsonaro<\/a> (PL) teria e que ela revelou na \u00faltima tiragem de cartas que fez.<\/p>\n<div class=\"teads-inread xs-screen\">\n<div>\n<div class=\"teads-ui-components-label\"><\/div>\n<div id=\"teads0\" class=\"teads-player\"><\/div>\n<\/div>\n<\/div>\n<p class=\"texto\">Ela mostra tamb\u00e9m as cartas da &#8220;Cobra&#8221;, &#8220;Chave&#8221; e &#8220;Caminhos&#8221; e afirma: &#8220;A carta na manga ainda n\u00e3o veio. \u00c9 apenas o comecinho da cortina de fuma\u00e7a que vem por a\u00ed&#8221;, garante a cigana.<\/p>\n<p class=\"texto\">Na sequ\u00eancia, Sulamita relaciona as cartas do &#8220;Banco&#8221;, que pede mais tempo com a carta dos &#8220;Peixes&#8221; \u2014 ao qual a cigana diz ser uma carta positiva e que pode ajudar &#8220;para que a &#8216;carta na manga&#8217; seja revelada&#8221;.<\/p>\n<p class=\"texto\">Ela relaciona\u00a0tamb\u00e9m as cartas da &#8220;Crian\u00e7a&#8221;, &#8220;L\u00edrios&#8221; e &#8220;Sorte&#8221; como: &#8220;Atrav\u00e9s da verdade e da pureza do nosso povo, a felicidade \u00e9 que nosso verde oliva vai poder agir&#8221;, diz enigm\u00e1tica.<\/p>\n<p class=\"texto\">A cigana conclui a leitura do primeiro jogo dizendo que a &#8220;carta da manga&#8221; de Bolsonaro pode ser apenas a &#8220;pontinha do iceberg&#8221; e que, pelas cartas que tirou, o relat\u00f3rio das For\u00e7as Armadas n\u00e3o foi negativo. &#8220;Foi s\u00f3 o come\u00e7o&#8221;, garante.<\/p>\n<p class=\"texto\">No segundo jogo, do qual Sulamita j\u00e1 havia mostrado a carta dos &#8220;Amantes&#8221;, a cigana mostra as cartas do &#8220;Hermit\u00e3o&#8221; (paci\u00eancia), &#8220;Papiza&#8221; (nossa Terra) e a do &#8220;Carro&#8221; ao qual relaciona \u00e0 &#8220;algo passageiro&#8221; e que &#8220;tudo o que est\u00e1 acontecendo est\u00e1 levando ao desfecho&#8221;, afirma.<\/p>\n<p class=\"texto\">Com as \u00faltimas cartas em m\u00e3os, Sulamita mostra a carta do &#8220;Julgamento&#8221; e acentua\u00a0que outros relat\u00f3rios ser\u00e3o feitos sobre as elei\u00e7\u00f5es e que \u00e9 poss\u00edvel que existam outras &#8220;cartas na manga&#8221;.<\/p>\n<div id=\"cb-publicidade-retangulo-interna-3\" class=\"pub-ret\" data-google-query-id=\"COzz4rLjqfsCFTA3uQYddhwO4Q\">\n<div id=\"google_ads_iframe_\/6887\/portal-correioweb\/correiobraziliense-com-br\/brasil-politica\/capa_7__container__\"><\/div>\n<\/div>\n<p class=\"texto\">&#8220;Vai haver uma transforma\u00e7\u00e3o \u2014 casa da &#8220;Morte&#8221; \u2014 o fim de um ciclo vem para obter Justi\u00e7a&#8221;, proclama Sulamita.<\/p>\n<h3>Assista a leitura na \u00edntegra:<\/h3>\n<p class=\"texto\">\u00a0<iframe title=\"YouTube video player\" src=\"https:\/\/www.youtube.com\/embed\/mzGRRGPAuYg\" width=\"560\" height=\"315\" frameborder=\"0\" allowfullscreen=\"allowfullscreen\" data-mce-fragment=\"1\"><\/iframe><\/p>\n<\/article>\n<\/section>\n<\/div>\n<\/div>\n","protected":false},"excerpt":{"rendered":"<p>Neste s\u00e1bado, o pr\u00f3ximo presidente do Brasil eleito, Luiz In\u00e1cio Lula da Silva do PT, deu entrada no Hospital S\u00edrio Liban\u00eas, localizado na cidade de S\u00e3o Paulo. Seus apoiadores ficaram preocupados com as not\u00edcias que foram divulgadas. As primeiras informa\u00e7\u00f5es s\u00e3o que Luiz In\u00e1cio Lula da Silva, est\u00e1 internado e sob os cuidados do cardiologista &hellip;<\/p>\n","protected":false},"author":1,"featured_media":372493,"comment_status":"open","ping_status":"open","sticky":false,"template":"","format":"standard","meta":{"_jetpack_newsletter_access":"","_jetpack_dont_email_post_to_subs":false,"_jetpack_newsletter_tier_id":0,"_jetpack_memberships_contains_paywalled_content":false,"_jetpack_feature_clip_id":0,"_jetpack_memberships_contains_paid_content":false,"footnotes":"","jetpack_post_was_ever_published":false},"categories":[12225,12447],"tags":[],"class_list":["post-372489","post","type-post","status-publish","format-standard","has-post-thumbnail","hentry","category-noticias","category-politica-noticias"],"yoast_head":"<!-- This site is optimized with the Yoast SEO plugin v28.4 - https:\/\/yoast.com\/product\/yoast-seo-wordpress\/ -->\n<title>Luiz In\u00e1cio Lula da Silva d\u00e1 entrada em hospital e estado de sa\u00fade preocupa: &#039;CORA\u00c7\u00c3O&#039;<\/title>\n<meta name=\"robots\" content=\"index, follow, max-snippet:-1, max-image-preview:large, max-video-preview:-1\" \/>\n<link rel=\"canonical\" href=\"https:\/\/mrnews.com.br\/index.php\/2022\/11\/13\/luiz-inacio-lula-da-silva-da-entrada-em-hospital-e-estado-de-saude-preocupa-coracao\/\" \/>\n<meta property=\"og:locale\" content=\"pt_BR\" \/>\n<meta property=\"og:type\" content=\"article\" \/>\n<meta property=\"og:title\" content=\"Luiz In\u00e1cio Lula da Silva d\u00e1 entrada em hospital e estado de sa\u00fade preocupa: &#039;CORA\u00c7\u00c3O&#039;\" \/>\n<meta property=\"og:description\" content=\"Neste s\u00e1bado, o pr\u00f3ximo presidente do Brasil eleito, Luiz In\u00e1cio Lula da Silva do PT, deu entrada no Hospital S\u00edrio Liban\u00eas, localizado na cidade de S\u00e3o Paulo. Seus apoiadores ficaram preocupados com as not\u00edcias que foram divulgadas. As primeiras informa\u00e7\u00f5es s\u00e3o que Luiz In\u00e1cio Lula da Silva, est\u00e1 internado e sob os cuidados do cardiologista &hellip;\" \/>\n<meta property=\"og:url\" content=\"https:\/\/mrnews.com.br\/index.php\/2022\/11\/13\/luiz-inacio-lula-da-silva-da-entrada-em-hospital-e-estado-de-saude-preocupa-coracao\/\" \/>\n<meta property=\"og:site_name\" content=\"MRNews\" \/>\n<meta property=\"article:publisher\" content=\"https:\/\/www.facebook.com\/eaipahpah\/?locale2=pt_BR\" \/>\n<meta property=\"article:published_time\" content=\"2022-11-13T18:32:40+00:00\" \/>\n<meta property=\"og:image\" content=\"https:\/\/mrnews.com.br\/wp-content\/uploads\/2022\/11\/94AB8C91-66F5-4E57-BD19-4E08D27394A4.jpeg\" \/>\n\t<meta property=\"og:image:width\" content=\"1200\" \/>\n\t<meta property=\"og:image:height\" content=\"630\" \/>\n\t<meta property=\"og:image:type\" content=\"image\/jpeg\" \/>\n<meta name=\"author\" content=\"MR News\" \/>\n<meta name=\"twitter:card\" content=\"summary_large_image\" \/>\n<meta name=\"twitter:creator\" content=\"@conspirou\" \/>\n<meta name=\"twitter:site\" content=\"@conspirou\" \/>\n<meta name=\"twitter:label1\" content=\"Escrito por\" \/>\n\t<meta name=\"twitter:data1\" content=\"MR News\" \/>\n\t<meta name=\"twitter:label2\" content=\"Est. tempo de leitura\" \/>\n\t<meta name=\"twitter:data2\" content=\"5 minutos\" \/>\n<script type=\"application\/ld+json\" class=\"yoast-schema-graph\">{\"@context\":\"https:\\\/\\\/schema.org\",\"@graph\":[{\"@type\":\"Article\",\"@id\":\"https:\\\/\\\/mrnews.com.br\\\/index.php\\\/2022\\\/11\\\/13\\\/luiz-inacio-lula-da-silva-da-entrada-em-hospital-e-estado-de-saude-preocupa-coracao\\\/#article\",\"isPartOf\":{\"@id\":\"https:\\\/\\\/mrnews.com.br\\\/index.php\\\/2022\\\/11\\\/13\\\/luiz-inacio-lula-da-silva-da-entrada-em-hospital-e-estado-de-saude-preocupa-coracao\\\/\"},\"author\":{\"name\":\"MR News\",\"@id\":\"https:\\\/\\\/mrnews.com.br\\\/#\\\/schema\\\/person\\\/be3203154562a9f207407861cef7827b\"},\"headline\":\"Luiz In\u00e1cio Lula da Silva d\u00e1 entrada em hospital e estado de sa\u00fade preocupa: &#8216;CORA\u00c7\u00c3O&#8217;\",\"datePublished\":\"2022-11-13T18:32:40+00:00\",\"mainEntityOfPage\":{\"@id\":\"https:\\\/\\\/mrnews.com.br\\\/index.php\\\/2022\\\/11\\\/13\\\/luiz-inacio-lula-da-silva-da-entrada-em-hospital-e-estado-de-saude-preocupa-coracao\\\/\"},\"wordCount\":832,\"commentCount\":0,\"publisher\":{\"@id\":\"https:\\\/\\\/mrnews.com.br\\\/#organization\"},\"image\":{\"@id\":\"https:\\\/\\\/mrnews.com.br\\\/index.php\\\/2022\\\/11\\\/13\\\/luiz-inacio-lula-da-silva-da-entrada-em-hospital-e-estado-de-saude-preocupa-coracao\\\/#primaryimage\"},\"thumbnailUrl\":\"https:\\\/\\\/mrnews.com.br\\\/wp-content\\\/uploads\\\/2022\\\/11\\\/94AB8C91-66F5-4E57-BD19-4E08D27394A4.jpeg\",\"articleSection\":[\"NOTICIAS\",\"Pol\u00edtica\"],\"inLanguage\":\"pt-BR\",\"potentialAction\":[{\"@type\":\"CommentAction\",\"name\":\"Comment\",\"target\":[\"https:\\\/\\\/mrnews.com.br\\\/index.php\\\/2022\\\/11\\\/13\\\/luiz-inacio-lula-da-silva-da-entrada-em-hospital-e-estado-de-saude-preocupa-coracao\\\/#respond\"]}]},{\"@type\":\"WebPage\",\"@id\":\"https:\\\/\\\/mrnews.com.br\\\/index.php\\\/2022\\\/11\\\/13\\\/luiz-inacio-lula-da-silva-da-entrada-em-hospital-e-estado-de-saude-preocupa-coracao\\\/\",\"url\":\"https:\\\/\\\/mrnews.com.br\\\/index.php\\\/2022\\\/11\\\/13\\\/luiz-inacio-lula-da-silva-da-entrada-em-hospital-e-estado-de-saude-preocupa-coracao\\\/\",\"name\":\"Luiz In\u00e1cio Lula da Silva d\u00e1 entrada em hospital e estado de sa\u00fade preocupa: 'CORA\u00c7\u00c3O'\",\"isPartOf\":{\"@id\":\"https:\\\/\\\/mrnews.com.br\\\/#website\"},\"primaryImageOfPage\":{\"@id\":\"https:\\\/\\\/mrnews.com.br\\\/index.php\\\/2022\\\/11\\\/13\\\/luiz-inacio-lula-da-silva-da-entrada-em-hospital-e-estado-de-saude-preocupa-coracao\\\/#primaryimage\"},\"image\":{\"@id\":\"https:\\\/\\\/mrnews.com.br\\\/index.php\\\/2022\\\/11\\\/13\\\/luiz-inacio-lula-da-silva-da-entrada-em-hospital-e-estado-de-saude-preocupa-coracao\\\/#primaryimage\"},\"thumbnailUrl\":\"https:\\\/\\\/mrnews.com.br\\\/wp-content\\\/uploads\\\/2022\\\/11\\\/94AB8C91-66F5-4E57-BD19-4E08D27394A4.jpeg\",\"datePublished\":\"2022-11-13T18:32:40+00:00\",\"breadcrumb\":{\"@id\":\"https:\\\/\\\/mrnews.com.br\\\/index.php\\\/2022\\\/11\\\/13\\\/luiz-inacio-lula-da-silva-da-entrada-em-hospital-e-estado-de-saude-preocupa-coracao\\\/#breadcrumb\"},\"inLanguage\":\"pt-BR\",\"potentialAction\":[{\"@type\":\"ReadAction\",\"target\":[\"https:\\\/\\\/mrnews.com.br\\\/index.php\\\/2022\\\/11\\\/13\\\/luiz-inacio-lula-da-silva-da-entrada-em-hospital-e-estado-de-saude-preocupa-coracao\\\/\"]}]},{\"@type\":\"ImageObject\",\"inLanguage\":\"pt-BR\",\"@id\":\"https:\\\/\\\/mrnews.com.br\\\/index.php\\\/2022\\\/11\\\/13\\\/luiz-inacio-lula-da-silva-da-entrada-em-hospital-e-estado-de-saude-preocupa-coracao\\\/#primaryimage\",\"url\":\"https:\\\/\\\/mrnews.com.br\\\/wp-content\\\/uploads\\\/2022\\\/11\\\/94AB8C91-66F5-4E57-BD19-4E08D27394A4.jpeg\",\"contentUrl\":\"https:\\\/\\\/mrnews.com.br\\\/wp-content\\\/uploads\\\/2022\\\/11\\\/94AB8C91-66F5-4E57-BD19-4E08D27394A4.jpeg\",\"width\":1200,\"height\":630},{\"@type\":\"BreadcrumbList\",\"@id\":\"https:\\\/\\\/mrnews.com.br\\\/index.php\\\/2022\\\/11\\\/13\\\/luiz-inacio-lula-da-silva-da-entrada-em-hospital-e-estado-de-saude-preocupa-coracao\\\/#breadcrumb\",\"itemListElement\":[{\"@type\":\"ListItem\",\"position\":1,\"name\":\"In\u00edcio\",\"item\":\"https:\\\/\\\/mrnews.com.br\\\/\"},{\"@type\":\"ListItem\",\"position\":2,\"name\":\"Luiz In\u00e1cio Lula da Silva d\u00e1 entrada em hospital e estado de sa\u00fade preocupa: &#8216;CORA\u00c7\u00c3O&#8217;\"}]},{\"@type\":\"WebSite\",\"@id\":\"https:\\\/\\\/mrnews.com.br\\\/#website\",\"url\":\"https:\\\/\\\/mrnews.com.br\\\/\",\"name\":\"MRNews\",\"description\":\"MRNews Jogos de hoje da TV, transmiss\u00f5es ao vivo, Not\u00edcias de futebol, Jogos ao vivo, Lives, resumo de novelas, Programa\u00e7\u00e3o da Globo, A Fazenda e BBB\",\"publisher\":{\"@id\":\"https:\\\/\\\/mrnews.com.br\\\/#organization\"},\"potentialAction\":[{\"@type\":\"SearchAction\",\"target\":{\"@type\":\"EntryPoint\",\"urlTemplate\":\"https:\\\/\\\/mrnews.com.br\\\/?s={search_term_string}\"},\"query-input\":{\"@type\":\"PropertyValueSpecification\",\"valueRequired\":true,\"valueName\":\"search_term_string\"}}],\"inLanguage\":\"pt-BR\"},{\"@type\":\"Organization\",\"@id\":\"https:\\\/\\\/mrnews.com.br\\\/#organization\",\"name\":\"MRNews\",\"url\":\"https:\\\/\\\/mrnews.com.br\\\/\",\"logo\":{\"@type\":\"ImageObject\",\"inLanguage\":\"pt-BR\",\"@id\":\"https:\\\/\\\/mrnews.com.br\\\/#\\\/schema\\\/logo\\\/image\\\/\",\"url\":\"https:\\\/\\\/mrnews.com.br\\\/wp-content\\\/uploads\\\/2026\\\/08\\\/MRNEws.png\",\"contentUrl\":\"https:\\\/\\\/mrnews.com.br\\\/wp-content\\\/uploads\\\/2026\\\/08\\\/MRNEws.png\",\"width\":1254,\"height\":1254,\"caption\":\"MRNews\"},\"image\":{\"@id\":\"https:\\\/\\\/mrnews.com.br\\\/#\\\/schema\\\/logo\\\/image\\\/\"},\"sameAs\":[\"https:\\\/\\\/www.facebook.com\\\/eaipahpah\\\/?locale2=pt_BR\",\"https:\\\/\\\/x.com\\\/conspirou\",\"https:\\\/\\\/www.instagram.com\\\/eai_pahpah\",\"https:\\\/\\\/br.pinterest.com\\\/mrnewsn\\\/boards\\\/\",\"https:\\\/\\\/www.youtube.com\\\/channel\\\/UCacgnpznQ61fifLWr1tQ-vA?view_as=subscriber\"]},{\"@type\":\"Person\",\"@id\":\"https:\\\/\\\/mrnews.com.br\\\/#\\\/schema\\\/person\\\/be3203154562a9f207407861cef7827b\",\"name\":\"MR News\",\"image\":{\"@type\":\"ImageObject\",\"inLanguage\":\"pt-BR\",\"@id\":\"https:\\\/\\\/secure.gravatar.com\\\/avatar\\\/04084e6d73c042b8646e7c17b494073bf0ede3ea13c7105cfc45cbbbc28385a4?s=96&d=monsterid&r=g\",\"url\":\"https:\\\/\\\/secure.gravatar.com\\\/avatar\\\/04084e6d73c042b8646e7c17b494073bf0ede3ea13c7105cfc45cbbbc28385a4?s=96&d=monsterid&r=g\",\"contentUrl\":\"https:\\\/\\\/secure.gravatar.com\\\/avatar\\\/04084e6d73c042b8646e7c17b494073bf0ede3ea13c7105cfc45cbbbc28385a4?s=96&d=monsterid&r=g\",\"caption\":\"MR News\"},\"description\":\"Especializado em jornalismo colaborativo pela FTP em n\u00edvel de p\u00f3s-gradua\u00e7\u00e3o. suporte@oimeliga.combr\",\"sameAs\":[\"HUGO R.\",\"Admin\"],\"url\":\"https:\\\/\\\/mrnews.com.br\\\/index.php\\\/author\\\/admin\\\/\"}]}<\/script>\n<!-- \/ Yoast SEO plugin. -->","yoast_head_json":{"title":"Luiz In\u00e1cio Lula da Silva d\u00e1 entrada em hospital e estado de sa\u00fade preocupa: 'CORA\u00c7\u00c3O'","robots":{"index":"index","follow":"follow","max-snippet":"max-snippet:-1","max-image-preview":"max-image-preview:large","max-video-preview":"max-video-preview:-1"},"canonical":"https:\/\/mrnews.com.br\/index.php\/2022\/11\/13\/luiz-inacio-lula-da-silva-da-entrada-em-hospital-e-estado-de-saude-preocupa-coracao\/","og_locale":"pt_BR","og_type":"article","og_title":"Luiz In\u00e1cio Lula da Silva d\u00e1 entrada em hospital e estado de sa\u00fade preocupa: 'CORA\u00c7\u00c3O'","og_description":"Neste s\u00e1bado, o pr\u00f3ximo presidente do Brasil eleito, Luiz In\u00e1cio Lula da Silva do PT, deu entrada no Hospital S\u00edrio Liban\u00eas, localizado na cidade de S\u00e3o Paulo. Seus apoiadores ficaram preocupados com as not\u00edcias que foram divulgadas. As primeiras informa\u00e7\u00f5es s\u00e3o que Luiz In\u00e1cio Lula da Silva, est\u00e1 internado e sob os cuidados do cardiologista &hellip;","og_url":"https:\/\/mrnews.com.br\/index.php\/2022\/11\/13\/luiz-inacio-lula-da-silva-da-entrada-em-hospital-e-estado-de-saude-preocupa-coracao\/","og_site_name":"MRNews","article_publisher":"https:\/\/www.facebook.com\/eaipahpah\/?locale2=pt_BR","article_published_time":"2022-11-13T18:32:40+00:00","og_image":[{"width":1200,"height":630,"url":"https:\/\/mrnews.com.br\/wp-content\/uploads\/2022\/11\/94AB8C91-66F5-4E57-BD19-4E08D27394A4.jpeg","type":"image\/jpeg"}],"author":"MR News","twitter_card":"summary_large_image","twitter_creator":"@conspirou","twitter_site":"@conspirou","twitter_misc":{"Escrito por":"MR News","Est. tempo de leitura":"5 minutos"},"schema":{"@context":"https:\/\/schema.org","@graph":[{"@type":"Article","@id":"https:\/\/mrnews.com.br\/index.php\/2022\/11\/13\/luiz-inacio-lula-da-silva-da-entrada-em-hospital-e-estado-de-saude-preocupa-coracao\/#article","isPartOf":{"@id":"https:\/\/mrnews.com.br\/index.php\/2022\/11\/13\/luiz-inacio-lula-da-silva-da-entrada-em-hospital-e-estado-de-saude-preocupa-coracao\/"},"author":{"name":"MR News","@id":"https:\/\/mrnews.com.br\/#\/schema\/person\/be3203154562a9f207407861cef7827b"},"headline":"Luiz In\u00e1cio Lula da Silva d\u00e1 entrada em hospital e estado de sa\u00fade preocupa: &#8216;CORA\u00c7\u00c3O&#8217;","datePublished":"2022-11-13T18:32:40+00:00","mainEntityOfPage":{"@id":"https:\/\/mrnews.com.br\/index.php\/2022\/11\/13\/luiz-inacio-lula-da-silva-da-entrada-em-hospital-e-estado-de-saude-preocupa-coracao\/"},"wordCount":832,"commentCount":0,"publisher":{"@id":"https:\/\/mrnews.com.br\/#organization"},"image":{"@id":"https:\/\/mrnews.com.br\/index.php\/2022\/11\/13\/luiz-inacio-lula-da-silva-da-entrada-em-hospital-e-estado-de-saude-preocupa-coracao\/#primaryimage"},"thumbnailUrl":"https:\/\/mrnews.com.br\/wp-content\/uploads\/2022\/11\/94AB8C91-66F5-4E57-BD19-4E08D27394A4.jpeg","articleSection":["NOTICIAS","Pol\u00edtica"],"inLanguage":"pt-BR","potentialAction":[{"@type":"CommentAction","name":"Comment","target":["https:\/\/mrnews.com.br\/index.php\/2022\/11\/13\/luiz-inacio-lula-da-silva-da-entrada-em-hospital-e-estado-de-saude-preocupa-coracao\/#respond"]}]},{"@type":"WebPage","@id":"https:\/\/mrnews.com.br\/index.php\/2022\/11\/13\/luiz-inacio-lula-da-silva-da-entrada-em-hospital-e-estado-de-saude-preocupa-coracao\/","url":"https:\/\/mrnews.com.br\/index.php\/2022\/11\/13\/luiz-inacio-lula-da-silva-da-entrada-em-hospital-e-estado-de-saude-preocupa-coracao\/","name":"Luiz In\u00e1cio Lula da Silva d\u00e1 entrada em hospital e estado de sa\u00fade preocupa: 'CORA\u00c7\u00c3O'","isPartOf":{"@id":"https:\/\/mrnews.com.br\/#website"},"primaryImageOfPage":{"@id":"https:\/\/mrnews.com.br\/index.php\/2022\/11\/13\/luiz-inacio-lula-da-silva-da-entrada-em-hospital-e-estado-de-saude-preocupa-coracao\/#primaryimage"},"image":{"@id":"https:\/\/mrnews.com.br\/index.php\/2022\/11\/13\/luiz-inacio-lula-da-silva-da-entrada-em-hospital-e-estado-de-saude-preocupa-coracao\/#primaryimage"},"thumbnailUrl":"https:\/\/mrnews.com.br\/wp-content\/uploads\/2022\/11\/94AB8C91-66F5-4E57-BD19-4E08D27394A4.jpeg","datePublished":"2022-11-13T18:32:40+00:00","breadcrumb":{"@id":"https:\/\/mrnews.com.br\/index.php\/2022\/11\/13\/luiz-inacio-lula-da-silva-da-entrada-em-hospital-e-estado-de-saude-preocupa-coracao\/#breadcrumb"},"inLanguage":"pt-BR","potentialAction":[{"@type":"ReadAction","target":["https:\/\/mrnews.com.br\/index.php\/2022\/11\/13\/luiz-inacio-lula-da-silva-da-entrada-em-hospital-e-estado-de-saude-preocupa-coracao\/"]}]},{"@type":"ImageObject","inLanguage":"pt-BR","@id":"https:\/\/mrnews.com.br\/index.php\/2022\/11\/13\/luiz-inacio-lula-da-silva-da-entrada-em-hospital-e-estado-de-saude-preocupa-coracao\/#primaryimage","url":"https:\/\/mrnews.com.br\/wp-content\/uploads\/2022\/11\/94AB8C91-66F5-4E57-BD19-4E08D27394A4.jpeg","contentUrl":"https:\/\/mrnews.com.br\/wp-content\/uploads\/2022\/11\/94AB8C91-66F5-4E57-BD19-4E08D27394A4.jpeg","width":1200,"height":630},{"@type":"BreadcrumbList","@id":"https:\/\/mrnews.com.br\/index.php\/2022\/11\/13\/luiz-inacio-lula-da-silva-da-entrada-em-hospital-e-estado-de-saude-preocupa-coracao\/#breadcrumb","itemListElement":[{"@type":"ListItem","position":1,"name":"In\u00edcio","item":"https:\/\/mrnews.com.br\/"},{"@type":"ListItem","position":2,"name":"Luiz In\u00e1cio Lula da Silva d\u00e1 entrada em hospital e estado de sa\u00fade preocupa: &#8216;CORA\u00c7\u00c3O&#8217;"}]},{"@type":"WebSite","@id":"https:\/\/mrnews.com.br\/#website","url":"https:\/\/mrnews.com.br\/","name":"MRNews","description":"MRNews Jogos de hoje da TV, transmiss\u00f5es ao vivo, Not\u00edcias de futebol, Jogos ao vivo, Lives, resumo de novelas, Programa\u00e7\u00e3o da Globo, A Fazenda e BBB","publisher":{"@id":"https:\/\/mrnews.com.br\/#organization"},"potentialAction":[{"@type":"SearchAction","target":{"@type":"EntryPoint","urlTemplate":"https:\/\/mrnews.com.br\/?s={search_term_string}"},"query-input":{"@type":"PropertyValueSpecification","valueRequired":true,"valueName":"search_term_string"}}],"inLanguage":"pt-BR"},{"@type":"Organization","@id":"https:\/\/mrnews.com.br\/#organization","name":"MRNews","url":"https:\/\/mrnews.com.br\/","logo":{"@type":"ImageObject","inLanguage":"pt-BR","@id":"https:\/\/mrnews.com.br\/#\/schema\/logo\/image\/","url":"https:\/\/mrnews.com.br\/wp-content\/uploads\/2026\/08\/MRNEws.png","contentUrl":"https:\/\/mrnews.com.br\/wp-content\/uploads\/2026\/08\/MRNEws.png","width":1254,"height":1254,"caption":"MRNews"},"image":{"@id":"https:\/\/mrnews.com.br\/#\/schema\/logo\/image\/"},"sameAs":["https:\/\/www.facebook.com\/eaipahpah\/?locale2=pt_BR","https:\/\/x.com\/conspirou","https:\/\/www.instagram.com\/eai_pahpah","https:\/\/br.pinterest.com\/mrnewsn\/boards\/","https:\/\/www.youtube.com\/channel\/UCacgnpznQ61fifLWr1tQ-vA?view_as=subscriber"]},{"@type":"Person","@id":"https:\/\/mrnews.com.br\/#\/schema\/person\/be3203154562a9f207407861cef7827b","name":"MR News","image":{"@type":"ImageObject","inLanguage":"pt-BR","@id":"https:\/\/secure.gravatar.com\/avatar\/04084e6d73c042b8646e7c17b494073bf0ede3ea13c7105cfc45cbbbc28385a4?s=96&d=monsterid&r=g","url":"https:\/\/secure.gravatar.com\/avatar\/04084e6d73c042b8646e7c17b494073bf0ede3ea13c7105cfc45cbbbc28385a4?s=96&d=monsterid&r=g","contentUrl":"https:\/\/secure.gravatar.com\/avatar\/04084e6d73c042b8646e7c17b494073bf0ede3ea13c7105cfc45cbbbc28385a4?s=96&d=monsterid&r=g","caption":"MR News"},"description":"Especializado em jornalismo colaborativo pela FTP em n\u00edvel de p\u00f3s-gradua\u00e7\u00e3o. suporte@oimeliga.combr","sameAs":["HUGO R.","Admin"],"url":"https:\/\/mrnews.com.br\/index.php\/author\/admin\/"}]}},"jetpack_sharing_enabled":true,"jetpack_shortlink":"https:\/\/wp.me\/pa2Qf7-1yTT","amp_enabled":true,"jetpack_featured_media_url":"https:\/\/mrnews.com.br\/wp-content\/uploads\/2022\/11\/94AB8C91-66F5-4E57-BD19-4E08D27394A4.jpeg","_links":{"self":[{"href":"https:\/\/mrnews.com.br\/index.php\/wp-json\/wp\/v2\/posts\/372489","targetHints":{"allow":["GET"]}}],"collection":[{"href":"https:\/\/mrnews.com.br\/index.php\/wp-json\/wp\/v2\/posts"}],"about":[{"href":"https:\/\/mrnews.com.br\/index.php\/wp-json\/wp\/v2\/types\/post"}],"author":[{"embeddable":true,"href":"https:\/\/mrnews.com.br\/index.php\/wp-json\/wp\/v2\/users\/1"}],"replies":[{"embeddable":true,"href":"https:\/\/mrnews.com.br\/index.php\/wp-json\/wp\/v2\/comments?post=372489"}],"version-history":[{"count":1,"href":"https:\/\/mrnews.com.br\/index.php\/wp-json\/wp\/v2\/posts\/372489\/revisions"}],"predecessor-version":[{"id":372494,"href":"https:\/\/mrnews.com.br\/index.php\/wp-json\/wp\/v2\/posts\/372489\/revisions\/372494"}],"wp:featuredmedia":[{"embeddable":true,"href":"https:\/\/mrnews.com.br\/index.php\/wp-json\/wp\/v2\/media\/372493"}],"wp:attachment":[{"href":"https:\/\/mrnews.com.br\/index.php\/wp-json\/wp\/v2\/media?parent=372489"}],"wp:term":[{"taxonomy":"category","embeddable":true,"href":"https:\/\/mrnews.com.br\/index.php\/wp-json\/wp\/v2\/categories?post=372489"},{"taxonomy":"post_tag","embeddable":true,"href":"https:\/\/mrnews.com.br\/index.php\/wp-json\/wp\/v2\/tags?post=372489"}],"curies":[{"name":"wp","href":"https:\/\/api.w.org\/{rel}","templated":true}]}}