{"id":372942,"date":"2022-11-20T19:11:38","date_gmt":"2022-11-20T22:11:38","guid":{"rendered":"https:\/\/mrnews.com.br\/?p=372942"},"modified":"2022-11-20T19:11:38","modified_gmt":"2022-11-20T22:11:38","slug":"luto-sem-bonner-e-renata-jornal-nacional-da-triste-noticia-envolvendo-lula-e-com-dor-no-coracao","status":"publish","type":"post","link":"https:\/\/mrnews.com.br\/index.php\/2022\/11\/20\/luto-sem-bonner-e-renata-jornal-nacional-da-triste-noticia-envolvendo-lula-e-com-dor-no-coracao\/","title":{"rendered":"LUTO sem Bonner e Renata, Jornal Nacional d\u00e1 triste not\u00edcia envolvendo Lula; \u2018\u00c9 com dor no cora\u00e7\u00e3o\u2026\u2019"},"content":{"rendered":"<div class=\"title\">\n<div class=\"content-title\">\n<p>Como \u00e9 de conhecimento dos brasileiros, os apresentadores William Bonner e Renata Vasconcellos apresentam o \u2018Jornal Nacional\u2019, transmitido pela Rede Globo diuturnamente, trazendo as principais not\u00edcias do Brasil e do mundo. Contudo, uma noite incomum causou estranheza nos telespectadores, ap\u00f3s os \u00e2ncoras do telejornal n\u00e3o estarem presentes.<\/p>\n<p>Na ocasi\u00e3o, o Jornal Nacional foi apresentado por Ana Paula Ara\u00fajo e H\u00e9lter Duarte, que tiveram a responsabilidade de dar uma triste not\u00edcia aos brasileiros. Em clima de luto, o Jornal Nacional informou uma not\u00edcia que envolvia o novo presidente do Brasil, Luiz In\u00e1cio Lula da Silva (PT).<\/p>\n<p>Os apresentadores iniciaram o jornal dando o emblem\u00e1tico \u2018boa noite\u2019 aos brasileiros e, ap\u00f3s, informaram sobre uma triste not\u00edcia j\u00e1 no in\u00edcio do programa. Ana Paula e H\u00e9lter noticiaram que a ex-jogadora de v\u00f4lei, Isabel Salgado, faleceu aos 62 anos de idade, ap\u00f3s ser acometida de uma infec\u00e7\u00e3o no pulm\u00e3o e necessitar ficar internada no Hospital S\u00edrio Liban\u00eas, localizado em S\u00e3o Paulo.<\/p>\n<p>O falecimento de Isabel foi confirmado durante a manh\u00e3 desta \u00faltima quarta-feira (16). Cabe lembrar que, neste momento, a equipe de transi\u00e7\u00e3o do novo governo est\u00e1 sendo organizada por Lula, e Isabel era um dos nomes escolhidos para fazer parte da equipe.<\/p>\n<p>Durante o telejornal, Gal Costa, Isabel Salgado e Rolando Boldrin receberam homenagens dos comunicadores, contando a trajet\u00f3ria dos famosos.<\/p>\n<p>Lula almo\u00e7a com Gilmar Mendes<br \/>\nRecentemente, Lula desembarcou em Lisboa, capital de Portugal, almo\u00e7ando no C\u00edcero Bistr\u00f4, localizado em Campo de Ourique. Na ocasi\u00e3o, Lula teve em sua mesa o ministro do STF (Superior Tribunal Federal) Gilmar Mendes, al\u00e9m do economista Jos\u00e9 Roberto Afonso.<\/p>\n<p>Durante a chegada do petista, Lula recebeu uma multid\u00e3o na porta do estabelecimento, com alguns com bandeirantes do PT. In\u00fameros jovens tamb\u00e9m cantarolavam m\u00fasicas da campanha. Fernanda Haddad, que se candidatou ao governo de S\u00e3o Paulo, foi o primeiro a deixar o local, sendo ovacionado durante sua sa\u00edda.<\/p>\n<blockquote class=\"instagram-media\" data-instgrm-captioned data-instgrm-permalink=\"https:\/\/www.instagram.com\/reel\/ClG2xM2D4Lx\/?utm_source=ig_embed&amp;utm_campaign=loading\" data-instgrm-version=\"14\" style=\" background:#FFF; border:0; border-radius:3px; box-shadow:0 0 1px 0 rgba(0,0,0,0.5),0 1px 10px 0 rgba(0,0,0,0.15); margin: 1px; max-width:500px; min-width:326px; padding:0; width:99.375%; width:-webkit-calc(100% - 2px); width:calc(100% - 2px);\">\n<div style=\"padding:16px;\"> <a href=\"https:\/\/www.instagram.com\/reel\/ClG2xM2D4Lx\/?utm_source=ig_embed&amp;utm_campaign=loading\" style=\" background:#FFFFFF; line-height:0; padding:0 0; text-align:center; text-decoration:none; width:100%;\" target=\"_blank\"> <\/p>\n<div style=\" display: flex; flex-direction: row; align-items: center;\">\n<div style=\"background-color: #F4F4F4; border-radius: 50%; flex-grow: 0; height: 40px; margin-right: 14px; width: 40px;\"><\/div>\n<div style=\"display: flex; flex-direction: column; flex-grow: 1; justify-content: center;\">\n<div style=\" background-color: #F4F4F4; border-radius: 4px; flex-grow: 0; height: 14px; margin-bottom: 6px; width: 100px;\"><\/div>\n<div style=\" background-color: #F4F4F4; border-radius: 4px; flex-grow: 0; height: 14px; width: 60px;\"><\/div>\n<\/div>\n<\/div>\n<div style=\"padding: 19% 0;\"><\/div>\n<div style=\"display:block; height:50px; margin:0 auto 12px; width:50px;\"><svg width=\"50px\" height=\"50px\" viewBox=\"0 0 60 60\" version=\"1.1\" xmlns=\"https:\/\/www.w3.org\/2000\/svg\" xmlns:xlink=\"https:\/\/www.w3.org\/1999\/xlink\"><g stroke=\"none\" stroke-width=\"1\" fill=\"none\" fill-rule=\"evenodd\"><g transform=\"translate(-511.000000, -20.000000)\" fill=\"#000000\"><g><path d=\"M556.869,30.41 C554.814,30.41 553.148,32.076 553.148,34.131 C553.148,36.186 554.814,37.852 556.869,37.852 C558.924,37.852 560.59,36.186 560.59,34.131 C560.59,32.076 558.924,30.41 556.869,30.41 M541,60.657 C535.114,60.657 530.342,55.887 530.342,50 C530.342,44.114 535.114,39.342 541,39.342 C546.887,39.342 551.658,44.114 551.658,50 C551.658,55.887 546.887,60.657 541,60.657 M541,33.886 C532.1,33.886 524.886,41.1 524.886,50 C524.886,58.899 532.1,66.113 541,66.113 C549.9,66.113 557.115,58.899 557.115,50 C557.115,41.1 549.9,33.886 541,33.886 M565.378,62.101 C565.244,65.022 564.756,66.606 564.346,67.663 C563.803,69.06 563.154,70.057 562.106,71.106 C561.058,72.155 560.06,72.803 558.662,73.347 C557.607,73.757 556.021,74.244 553.102,74.378 C549.944,74.521 548.997,74.552 541,74.552 C533.003,74.552 532.056,74.521 528.898,74.378 C525.979,74.244 524.393,73.757 523.338,73.347 C521.94,72.803 520.942,72.155 519.894,71.106 C518.846,70.057 518.197,69.06 517.654,67.663 C517.244,66.606 516.755,65.022 516.623,62.101 C516.479,58.943 516.448,57.996 516.448,50 C516.448,42.003 516.479,41.056 516.623,37.899 C516.755,34.978 517.244,33.391 517.654,32.338 C518.197,30.938 518.846,29.942 519.894,28.894 C520.942,27.846 521.94,27.196 523.338,26.654 C524.393,26.244 525.979,25.756 528.898,25.623 C532.057,25.479 533.004,25.448 541,25.448 C548.997,25.448 549.943,25.479 553.102,25.623 C556.021,25.756 557.607,26.244 558.662,26.654 C560.06,27.196 561.058,27.846 562.106,28.894 C563.154,29.942 563.803,30.938 564.346,32.338 C564.756,33.391 565.244,34.978 565.378,37.899 C565.522,41.056 565.552,42.003 565.552,50 C565.552,57.996 565.522,58.943 565.378,62.101 M570.82,37.631 C570.674,34.438 570.167,32.258 569.425,30.349 C568.659,28.377 567.633,26.702 565.965,25.035 C564.297,23.368 562.623,22.342 560.652,21.575 C558.743,20.834 556.562,20.326 553.369,20.18 C550.169,20.033 549.148,20 541,20 C532.853,20 531.831,20.033 528.631,20.18 C525.438,20.326 523.257,20.834 521.349,21.575 C519.376,22.342 517.703,23.368 516.035,25.035 C514.368,26.702 513.342,28.377 512.574,30.349 C511.834,32.258 511.326,34.438 511.181,37.631 C511.035,40.831 511,41.851 511,50 C511,58.147 511.035,59.17 511.181,62.369 C511.326,65.562 511.834,67.743 512.574,69.651 C513.342,71.625 514.368,73.296 516.035,74.965 C517.703,76.634 519.376,77.658 521.349,78.425 C523.257,79.167 525.438,79.673 528.631,79.82 C531.831,79.965 532.853,80.001 541,80.001 C549.148,80.001 550.169,79.965 553.369,79.82 C556.562,79.673 558.743,79.167 560.652,78.425 C562.623,77.658 564.297,76.634 565.965,74.965 C567.633,73.296 568.659,71.625 569.425,69.651 C570.167,67.743 570.674,65.562 570.82,62.369 C570.966,59.17 571,58.147 571,50 C571,41.851 570.966,40.831 570.82,37.631\"><\/path><\/g><\/g><\/g><\/svg><\/div>\n<div style=\"padding-top: 8px;\">\n<div style=\" color:#3897f0; font-family:Arial,sans-serif; font-size:14px; font-style:normal; font-weight:550; line-height:18px;\">View this post on Instagram<\/div>\n<\/div>\n<div style=\"padding: 12.5% 0;\"><\/div>\n<div style=\"display: flex; flex-direction: row; margin-bottom: 14px; align-items: center;\">\n<div>\n<div style=\"background-color: #F4F4F4; border-radius: 50%; height: 12.5px; width: 12.5px; transform: translateX(0px) translateY(7px);\"><\/div>\n<div style=\"background-color: #F4F4F4; height: 12.5px; transform: rotate(-45deg) translateX(3px) translateY(1px); width: 12.5px; flex-grow: 0; margin-right: 14px; margin-left: 2px;\"><\/div>\n<div style=\"background-color: #F4F4F4; border-radius: 50%; height: 12.5px; width: 12.5px; transform: translateX(9px) translateY(-18px);\"><\/div>\n<\/div>\n<div style=\"margin-left: 8px;\">\n<div style=\" background-color: #F4F4F4; border-radius: 50%; flex-grow: 0; height: 20px; width: 20px;\"><\/div>\n<div style=\" width: 0; height: 0; border-top: 2px solid transparent; border-left: 6px solid #f4f4f4; border-bottom: 2px solid transparent; transform: translateX(16px) translateY(-4px) rotate(30deg)\"><\/div>\n<\/div>\n<div style=\"margin-left: auto;\">\n<div style=\" width: 0px; border-top: 8px solid #F4F4F4; border-right: 8px solid transparent; transform: translateY(16px);\"><\/div>\n<div style=\" background-color: #F4F4F4; flex-grow: 0; height: 12px; width: 16px; transform: translateY(-4px);\"><\/div>\n<div style=\" width: 0; height: 0; border-top: 8px solid #F4F4F4; border-left: 8px solid transparent; transform: translateY(-4px) translateX(8px);\"><\/div>\n<\/div>\n<\/div>\n<div style=\"display: flex; flex-direction: column; flex-grow: 1; justify-content: center; margin-bottom: 24px;\">\n<div style=\" background-color: #F4F4F4; border-radius: 4px; flex-grow: 0; height: 14px; margin-bottom: 6px; width: 224px;\"><\/div>\n<div style=\" background-color: #F4F4F4; border-radius: 4px; flex-grow: 0; height: 14px; width: 144px;\"><\/div>\n<\/div>\n<p><\/a><\/p>\n<p style=\" color:#c9c8cd; font-family:Arial,sans-serif; font-size:14px; line-height:17px; margin-bottom:0; margin-top:8px; overflow:hidden; padding:8px 0 7px; text-align:center; text-overflow:ellipsis; white-space:nowrap;\"><a href=\"https:\/\/www.instagram.com\/reel\/ClG2xM2D4Lx\/?utm_source=ig_embed&amp;utm_campaign=loading\" style=\" color:#c9c8cd; font-family:Arial,sans-serif; font-size:14px; font-style:normal; font-weight:normal; line-height:17px; text-decoration:none;\" target=\"_blank\">A post shared by Correio Braziliense (@correio.braziliense)<\/a><\/p>\n<\/div>\n<\/blockquote>\n<p><script async src=\"\/\/platform.instagram.com\/en_US\/embeds.js\"><\/script><\/p>\n<h2>Grave?! Lula descobre Leucoplasia, entenda o que \u00e9 e saiba mais sobre o quadro cl\u00ednico<\/h2>\n<p>Com os dias contado para viajar para o exterior na condi\u00e7\u00e3o de presidente, o petista Luiz In\u00e1cio da Silva se viu obrigado a passar por uma sequ\u00eancia de exames no Hospital S\u00edrio Liban\u00eas, na cidade de S\u00e3o Paulo.<\/p>\n<p>Por meio de um comunicado, o hospital soltou que Lula se submeteu por uma nova avalia\u00e7\u00e3o cl\u00ednica de rotina, feita por profissionais de diferentes especialidade.<\/p>\n<p>Os resultados dos exames de imagem (ecocardiograma, angiotomografias e uma tomografia, ou PET Scan) demonstram a \u201ccompleta remiss\u00e3o do tumor\u201d na laringe que, em 2011, obrigou Lula a passar por um tratamento que adcionou sess\u00f5es de quimioterapia.<\/p>\n<\/div>\n<p>Desde ent\u00e3o, o petista se submete periodicamente a uma bateria de exames para monitorar seu estado de sa\u00fade.<\/p>\n<p>Um outro exame (nasofibroscopia) realizado para avaliar o estado da mucosa nasal, da laringe e da faringe do petista apontou \u201caltera\u00e7\u00f5es inflamat\u00f3rias decorrentes do esfor\u00e7o vocal e uma pequena \u00e1rea de leucoplasia na laringe\u201d.<\/p>\n<\/div>\n<p>No decorrer de uma entrevista cedida a Ag\u00eancia Brasil, o profissional que presta servi\u00e7o ao petista desde 2011e acompanhou os exames feitos no dia de hoje, afirmando que a pequena les\u00e3o identificada n\u00e3o \u00e9 de grande risco \u00e0 sa\u00fade de Luiz In\u00e1cio Lula da Silva.<\/p>\n<p>\u201cA leucoplasia \u00e9 uma les\u00e3o verrucosa em \u00e1reas de mucosa e que, comumente, ocorre na boca. Costuma ser resultado de alguma forma de irrita\u00e7\u00e3o cr\u00f4nica \u2013 e este processo de irrita\u00e7\u00e3o \u00e0s vezes pode ser muito antigo. Eventualmente, estas les\u00f5es precisam ser acompanhadas e, eventualmente, removidas com procedimentos muito simples. O importante \u00e9 n\u00e3o confundir estas les\u00f5es com tumores\u201d, comentou Katz. \u201c\u00c9 uma les\u00e3o extraordinariamente pequena, superficial e que n\u00e3o nos preocupa\u201d.<\/p>\n<div class=\"title\">\n<div class=\"content-title\">\n<p>&nbsp;<\/p>\n<h2>Luiz In\u00e1cio Lula da Silva d\u00e1 entrada em hospital e estado de sa\u00fade preocupa: &#8216;CORA\u00c7\u00c3O&#8217;<\/h2>\n<p>&nbsp;<\/p>\n<p>Neste s\u00e1bado, o pr\u00f3ximo presidente do Brasil eleito, Luiz In\u00e1cio Lula da Silva do PT, deu entrada no Hospital S\u00edrio Liban\u00eas, localizado na cidade de S\u00e3o Paulo. Seus apoiadores ficaram preocupados com as not\u00edcias que foram divulgadas.<\/p>\n<\/div>\n<p>As primeiras informa\u00e7\u00f5es s\u00e3o que Luiz In\u00e1cio Lula da Silva, est\u00e1 internado e sob os cuidados do cardiologista Roberto Kalil Filho, seu m\u00e9dico particular. O presidente eleito estaria passando por exames do cora\u00e7\u00e3o, informa\u00e7\u00e3o que deixou seus eleitores preocupados.<\/p>\n<p>As informa\u00e7\u00f5es divulgadas pelo hospital S\u00edrio Liban\u00eas, \u00e9 que Luiz In\u00e1cio Lula da Silva, estaria passando por uma bateria de exames, afins de fazer um checkup.<\/p>\n<\/div>\n<p>O presidente eleito pelo PT, tamb\u00e9m far\u00e1 exames de laringe e cora\u00e7\u00e3o como citado a cima. Valem lembrar que Lula j\u00e1 foi diagn\u00f3stico com um c\u00e2ncer e curou ap\u00f3s mais de 30 sess\u00f5es de tratamento contra a doen\u00e7a, por\u00e9m se deve sempre monitorar para a doen\u00e7a n\u00e3o retornar.<\/p>\n<p>A expectativa \u00e9 que o presidente ganhe alta ainda no dia de hoje, por\u00e9m n\u00e3o se pode afirmar isso. Sua assessoria se manifestou atrav\u00e9s de nota oficial, para falar a respeito da entrada do presidente no hospital, alegando que os exames de rotina seriam por conta de uma viajem do presidente ao Egito.<\/p>\n<p>\u201cO presidente eleito Luiz In\u00e1cio Lula da Silva est\u00e1 no hospital S\u00edrio Liban\u00eas para exames de rotina, antes de sua viagem para a Cop27 no Egito\u201d dizia a nota.<\/p>\n<p>Os exames na laringe se d\u00e3o justamente por conta de ser onde o presidente descobriu o c\u00e2ncer. Lula fez uma nasofibroscopia apontou altera\u00e7\u00f5es na garganta causadas pelo esfor\u00e7o vocal, o que pode ser caracterizado como inflama\u00e7\u00e3o. Os exames, no entanto, n\u00e3o identificaram qualquer sinal de que o c\u00e2ncer identificado e tratado por ele em 2011 possa ter voltado.<\/p>\n<p>&nbsp;<\/p>\n<div class=\"content-materia\">\n<div class=\"wrapper\">\n<section class=\"body-content-cb\">\n<article class=\"article tbl-forkorts-article\">\n<div class=\"autor\">\n<div class=\"item\">\n<h2 class=\"sigla\">Vidente que previu &#8220;carta na manga de Bolsonaro&#8221; faz alerta sob posse de Lula: &#8216;N\u00c3O&#8217;<\/h2>\n<\/div>\n<\/div>\n<div class=\"date\"><\/div>\n<div class=\"responsive-img\">\n<picture><source media=\"(max-width: 767px)\" data-srcset=\"https:\/\/midias.correiobraziliense.com.br\/_midias\/jpg\/2022\/11\/11\/360x240\/1_vidente_relatorio-26836852.jpg?20221111181356?20221111181356 360w\" \/><source media=\"(max-width: 1365px)\" data-srcset=\"https:\/\/midias.correiobraziliense.com.br\/_midias\/jpg\/2022\/11\/11\/675x450\/1_vidente_relatorio-26836852.jpg?20221111181356?20221111181356 675w\" \/><source media=\"(min-width: 1366px)\" data-srcset=\"https:\/\/midias.correiobraziliense.com.br\/_midias\/jpg\/2022\/11\/11\/820x547\/1_vidente_relatorio-26836852.jpg?20221111181356?20221111181356 820w\" \/><img decoding=\"async\" class=\"cb-article-destaque\" title=\"Sulamita relaciona as cartas do \" src=\"https:\/\/midias.correiobraziliense.com.br\/_midias\/jpg\/2022\/11\/11\/675x450\/1_vidente_relatorio-26836852.jpg?20221111181356?20221111181356\" alt=\"Sulamita relaciona as cartas do \" data-src=\"https:\/\/midias.correiobraziliense.com.br\/_midias\/jpg\/2022\/11\/11\/675x450\/1_vidente_relatorio-26836852.jpg?20221111181356?20221111181356\" \/><\/picture>\n<div class=\"responsive-img-caption\"><small>Sulamita relaciona as cartas do &#8220;Banco&#8221;, que pede mais tempo com a carta dos &#8220;Peixes&#8221; \u2014 ao qual a cigana diz ser uma carta positiva e que pode ajudar &#8220;para que a &#8216;carta na manga&#8217; seja revelada&#8221; &#8211; (cr\u00e9dito: Reprodu\u00e7\u00e3o\/Youtube Luz de Cigana Sulamita &#8211; OFICIAL)<\/small><\/div>\n<\/div>\n<p class=\"texto\">Em tiragem de carta sobre o\u00a0Relat\u00f3rio das For\u00e7as Armadas que confirma o resultados das elei\u00e7\u00f5es que elegeram Luiz In\u00e1cio Lula da Silva (PT) como o novo presidente do Brasil, nesta sexta-feira (11\/11), a cigana Sulamita, conhecida nas redes sociais por fazer leitura de cartas sobre o per\u00edodo eleitoral, falou sobre o que pode vir a ocorrer nos pr\u00f3ximos dias.<\/p>\n<p class=\"texto\">No primeiro momento, a cigana explicou as cartas centrais dos dois jogos que ela fez, que s\u00e3o sempre as que revelam o que a espiritualidade quer revelar. Em um dos jogos est\u00e1 a carta dos &#8220;Amantes&#8221; \u2014 que segundo Sulamita representa os patriotas.<\/p>\n<ul>\n<li><a href=\"https:\/\/mrnews.com.br\/index.php\/2022\/11\/11\/vidente-revela-algo-importante-sobre-eleicoes-bolsonaro-tem-cartas-na-manga\/\">Vidente fala sobre a transi\u00e7\u00e3o de governo: &#8220;Bolsonaro tem cartas na manga&#8221;<\/a><\/li>\n<\/ul>\n<p class=\"texto\">J\u00e1 a segunda carta \u00e0 qual ela se refere \u00e9 a da &#8220;Carta&#8221;, que ela relaciona com a poss\u00edvel &#8220;carta na manga&#8221; que\u00a0<a href=\"https:\/\/mauaagora.com.br\">Jair Bolsonaro<\/a> (PL) teria e que ela revelou na \u00faltima tiragem de cartas que fez.<\/p>\n<div class=\"teads-inread xs-screen\">\n<div>\n<div class=\"teads-ui-components-label\"><\/div>\n<div id=\"teads0\" class=\"teads-player\"><\/div>\n<\/div>\n<\/div>\n<p class=\"texto\">Ela mostra tamb\u00e9m as cartas da &#8220;Cobra&#8221;, &#8220;Chave&#8221; e &#8220;Caminhos&#8221; e afirma: &#8220;A carta na manga ainda n\u00e3o veio. \u00c9 apenas o comecinho da cortina de fuma\u00e7a que vem por a\u00ed&#8221;, garante a cigana.<\/p>\n<p class=\"texto\">Na sequ\u00eancia, Sulamita relaciona as cartas do &#8220;Banco&#8221;, que pede mais tempo com a carta dos &#8220;Peixes&#8221; \u2014 ao qual a cigana diz ser uma carta positiva e que pode ajudar &#8220;para que a &#8216;carta na manga&#8217; seja revelada&#8221;.<\/p>\n<p class=\"texto\">Ela relaciona\u00a0tamb\u00e9m as cartas da &#8220;Crian\u00e7a&#8221;, &#8220;L\u00edrios&#8221; e &#8220;Sorte&#8221; como: &#8220;Atrav\u00e9s da verdade e da pureza do nosso povo, a felicidade \u00e9 que nosso verde oliva vai poder agir&#8221;, diz enigm\u00e1tica.<\/p>\n<p class=\"texto\">A cigana conclui a leitura do primeiro jogo dizendo que a &#8220;carta da manga&#8221; de Bolsonaro pode ser apenas a &#8220;pontinha do iceberg&#8221; e que, pelas cartas que tirou, o relat\u00f3rio das For\u00e7as Armadas n\u00e3o foi negativo. &#8220;Foi s\u00f3 o come\u00e7o&#8221;, garante.<\/p>\n<p class=\"texto\">No segundo jogo, do qual Sulamita j\u00e1 havia mostrado a carta dos &#8220;Amantes&#8221;, a cigana mostra as cartas do &#8220;Hermit\u00e3o&#8221; (paci\u00eancia), &#8220;Papiza&#8221; (nossa Terra) e a do &#8220;Carro&#8221; ao qual relaciona \u00e0 &#8220;algo passageiro&#8221; e que &#8220;tudo o que est\u00e1 acontecendo est\u00e1 levando ao desfecho&#8221;, afirma.<\/p>\n<p class=\"texto\">Com as \u00faltimas cartas em m\u00e3os, Sulamita mostra a carta do &#8220;Julgamento&#8221; e acentua\u00a0que outros relat\u00f3rios ser\u00e3o feitos sobre as elei\u00e7\u00f5es e que \u00e9 poss\u00edvel que existam outras &#8220;cartas na manga&#8221;.<\/p>\n<div id=\"cb-publicidade-retangulo-interna-3\" class=\"pub-ret\" data-google-query-id=\"COzz4rLjqfsCFTA3uQYddhwO4Q\">\n<div id=\"google_ads_iframe_\/6887\/portal-correioweb\/correiobraziliense-com-br\/brasil-politica\/capa_7__container__\"><\/div>\n<\/div>\n<p class=\"texto\">&#8220;Vai haver uma transforma\u00e7\u00e3o \u2014 casa da &#8220;Morte&#8221; \u2014 o fim de um ciclo vem para obter Justi\u00e7a&#8221;, proclama Sulamita.<\/p>\n<h3>Assista a leitura na \u00edntegra:<\/h3>\n<p class=\"texto\">\u00a0<iframe loading=\"lazy\" title=\"YouTube video player\" src=\"https:\/\/www.youtube.com\/embed\/mzGRRGPAuYg\" width=\"560\" height=\"315\" frameborder=\"0\" allowfullscreen=\"allowfullscreen\" data-mce-fragment=\"1\"><\/iframe><\/p>\n<\/article>\n<\/section>\n<\/div>\n<\/div>\n","protected":false},"excerpt":{"rendered":"<p>Como \u00e9 de conhecimento dos brasileiros, os apresentadores William Bonner e Renata Vasconcellos apresentam o \u2018Jornal Nacional\u2019, transmitido pela Rede Globo diuturnamente, trazendo as principais not\u00edcias do Brasil e do mundo. Contudo, uma noite incomum causou estranheza nos telespectadores, ap\u00f3s os \u00e2ncoras do telejornal n\u00e3o estarem presentes. Na ocasi\u00e3o, o Jornal Nacional foi apresentado por &hellip;<\/p>\n","protected":false},"author":1,"featured_media":372943,"comment_status":"open","ping_status":"open","sticky":false,"template":"","format":"standard","meta":{"_jetpack_memberships_contains_paid_content":false,"footnotes":""},"categories":[12225,12447],"tags":[],"class_list":["post-372942","post","type-post","status-publish","format-standard","has-post-thumbnail","hentry","category-noticias","category-politica-noticias"],"yoast_head":"<!-- This site is optimized with the Yoast SEO plugin v27.5 - https:\/\/yoast.com\/product\/yoast-seo-wordpress\/ -->\n<title>LUTO sem Bonner e Renata, Jornal Nacional d\u00e1 triste not\u00edcia envolvendo Lula; \u2018\u00c9 com dor no cora\u00e7\u00e3o\u2026\u2019<\/title>\n<meta name=\"robots\" content=\"index, follow, max-snippet:-1, max-image-preview:large, max-video-preview:-1\" \/>\n<link rel=\"canonical\" href=\"https:\/\/mrnews.com.br\/index.php\/2022\/11\/20\/luto-sem-bonner-e-renata-jornal-nacional-da-triste-noticia-envolvendo-lula-e-com-dor-no-coracao\/\" \/>\n<meta property=\"og:locale\" content=\"pt_BR\" \/>\n<meta property=\"og:type\" content=\"article\" \/>\n<meta property=\"og:title\" content=\"LUTO sem Bonner e Renata, Jornal Nacional d\u00e1 triste not\u00edcia envolvendo Lula; \u2018\u00c9 com dor no cora\u00e7\u00e3o\u2026\u2019\" \/>\n<meta property=\"og:description\" content=\"Como \u00e9 de conhecimento dos brasileiros, os apresentadores William Bonner e Renata Vasconcellos apresentam o \u2018Jornal Nacional\u2019, transmitido pela Rede Globo diuturnamente, trazendo as principais not\u00edcias do Brasil e do mundo. Contudo, uma noite incomum causou estranheza nos telespectadores, ap\u00f3s os \u00e2ncoras do telejornal n\u00e3o estarem presentes. Na ocasi\u00e3o, o Jornal Nacional foi apresentado por &hellip;\" \/>\n<meta property=\"og:url\" content=\"https:\/\/mrnews.com.br\/index.php\/2022\/11\/20\/luto-sem-bonner-e-renata-jornal-nacional-da-triste-noticia-envolvendo-lula-e-com-dor-no-coracao\/\" \/>\n<meta property=\"og:site_name\" content=\"MRNews\" \/>\n<meta property=\"article:publisher\" content=\"https:\/\/www.facebook.com\/eaipahpah\/?locale2=pt_BR\" \/>\n<meta property=\"article:published_time\" content=\"2022-11-20T22:11:38+00:00\" \/>\n<meta property=\"og:image\" content=\"https:\/\/mrnews.com.br\/wp-content\/uploads\/2022\/11\/luto.jpg\" \/>\n\t<meta property=\"og:image:width\" content=\"696\" \/>\n\t<meta property=\"og:image:height\" content=\"365\" \/>\n\t<meta property=\"og:image:type\" content=\"image\/jpeg\" \/>\n<meta name=\"author\" content=\"MR News\" \/>\n<meta name=\"twitter:card\" content=\"summary_large_image\" \/>\n<meta name=\"twitter:creator\" content=\"@conspirou\" \/>\n<meta name=\"twitter:site\" content=\"@conspirou\" \/>\n<meta name=\"twitter:label1\" content=\"Escrito por\" \/>\n\t<meta name=\"twitter:data1\" content=\"MR News\" \/>\n\t<meta name=\"twitter:label2\" content=\"Est. tempo de leitura\" \/>\n\t<meta name=\"twitter:data2\" content=\"8 minutos\" \/>\n<script type=\"application\/ld+json\" class=\"yoast-schema-graph\">{\"@context\":\"https:\\\/\\\/schema.org\",\"@graph\":[{\"@type\":\"Article\",\"@id\":\"https:\\\/\\\/mrnews.com.br\\\/index.php\\\/2022\\\/11\\\/20\\\/luto-sem-bonner-e-renata-jornal-nacional-da-triste-noticia-envolvendo-lula-e-com-dor-no-coracao\\\/#article\",\"isPartOf\":{\"@id\":\"https:\\\/\\\/mrnews.com.br\\\/index.php\\\/2022\\\/11\\\/20\\\/luto-sem-bonner-e-renata-jornal-nacional-da-triste-noticia-envolvendo-lula-e-com-dor-no-coracao\\\/\"},\"author\":{\"name\":\"MR News\",\"@id\":\"https:\\\/\\\/mrnews.com.br\\\/#\\\/schema\\\/person\\\/be3203154562a9f207407861cef7827b\"},\"headline\":\"LUTO sem Bonner e Renata, Jornal Nacional d\u00e1 triste not\u00edcia envolvendo Lula; \u2018\u00c9 com dor no cora\u00e7\u00e3o\u2026\u2019\",\"datePublished\":\"2022-11-20T22:11:38+00:00\",\"mainEntityOfPage\":{\"@id\":\"https:\\\/\\\/mrnews.com.br\\\/index.php\\\/2022\\\/11\\\/20\\\/luto-sem-bonner-e-renata-jornal-nacional-da-triste-noticia-envolvendo-lula-e-com-dor-no-coracao\\\/\"},\"wordCount\":1527,\"commentCount\":0,\"publisher\":{\"@id\":\"https:\\\/\\\/mrnews.com.br\\\/#organization\"},\"image\":{\"@id\":\"https:\\\/\\\/mrnews.com.br\\\/index.php\\\/2022\\\/11\\\/20\\\/luto-sem-bonner-e-renata-jornal-nacional-da-triste-noticia-envolvendo-lula-e-com-dor-no-coracao\\\/#primaryimage\"},\"thumbnailUrl\":\"https:\\\/\\\/mrnews.com.br\\\/wp-content\\\/uploads\\\/2022\\\/11\\\/luto.jpg\",\"articleSection\":[\"NOTICIAS\",\"Pol\u00edtica\"],\"inLanguage\":\"pt-BR\",\"potentialAction\":[{\"@type\":\"CommentAction\",\"name\":\"Comment\",\"target\":[\"https:\\\/\\\/mrnews.com.br\\\/index.php\\\/2022\\\/11\\\/20\\\/luto-sem-bonner-e-renata-jornal-nacional-da-triste-noticia-envolvendo-lula-e-com-dor-no-coracao\\\/#respond\"]}]},{\"@type\":\"WebPage\",\"@id\":\"https:\\\/\\\/mrnews.com.br\\\/index.php\\\/2022\\\/11\\\/20\\\/luto-sem-bonner-e-renata-jornal-nacional-da-triste-noticia-envolvendo-lula-e-com-dor-no-coracao\\\/\",\"url\":\"https:\\\/\\\/mrnews.com.br\\\/index.php\\\/2022\\\/11\\\/20\\\/luto-sem-bonner-e-renata-jornal-nacional-da-triste-noticia-envolvendo-lula-e-com-dor-no-coracao\\\/\",\"name\":\"LUTO sem Bonner e Renata, Jornal Nacional d\u00e1 triste not\u00edcia envolvendo Lula; \u2018\u00c9 com dor no cora\u00e7\u00e3o\u2026\u2019\",\"isPartOf\":{\"@id\":\"https:\\\/\\\/mrnews.com.br\\\/#website\"},\"primaryImageOfPage\":{\"@id\":\"https:\\\/\\\/mrnews.com.br\\\/index.php\\\/2022\\\/11\\\/20\\\/luto-sem-bonner-e-renata-jornal-nacional-da-triste-noticia-envolvendo-lula-e-com-dor-no-coracao\\\/#primaryimage\"},\"image\":{\"@id\":\"https:\\\/\\\/mrnews.com.br\\\/index.php\\\/2022\\\/11\\\/20\\\/luto-sem-bonner-e-renata-jornal-nacional-da-triste-noticia-envolvendo-lula-e-com-dor-no-coracao\\\/#primaryimage\"},\"thumbnailUrl\":\"https:\\\/\\\/mrnews.com.br\\\/wp-content\\\/uploads\\\/2022\\\/11\\\/luto.jpg\",\"datePublished\":\"2022-11-20T22:11:38+00:00\",\"breadcrumb\":{\"@id\":\"https:\\\/\\\/mrnews.com.br\\\/index.php\\\/2022\\\/11\\\/20\\\/luto-sem-bonner-e-renata-jornal-nacional-da-triste-noticia-envolvendo-lula-e-com-dor-no-coracao\\\/#breadcrumb\"},\"inLanguage\":\"pt-BR\",\"potentialAction\":[{\"@type\":\"ReadAction\",\"target\":[\"https:\\\/\\\/mrnews.com.br\\\/index.php\\\/2022\\\/11\\\/20\\\/luto-sem-bonner-e-renata-jornal-nacional-da-triste-noticia-envolvendo-lula-e-com-dor-no-coracao\\\/\"]}]},{\"@type\":\"ImageObject\",\"inLanguage\":\"pt-BR\",\"@id\":\"https:\\\/\\\/mrnews.com.br\\\/index.php\\\/2022\\\/11\\\/20\\\/luto-sem-bonner-e-renata-jornal-nacional-da-triste-noticia-envolvendo-lula-e-com-dor-no-coracao\\\/#primaryimage\",\"url\":\"https:\\\/\\\/mrnews.com.br\\\/wp-content\\\/uploads\\\/2022\\\/11\\\/luto.jpg\",\"contentUrl\":\"https:\\\/\\\/mrnews.com.br\\\/wp-content\\\/uploads\\\/2022\\\/11\\\/luto.jpg\",\"width\":696,\"height\":365},{\"@type\":\"BreadcrumbList\",\"@id\":\"https:\\\/\\\/mrnews.com.br\\\/index.php\\\/2022\\\/11\\\/20\\\/luto-sem-bonner-e-renata-jornal-nacional-da-triste-noticia-envolvendo-lula-e-com-dor-no-coracao\\\/#breadcrumb\",\"itemListElement\":[{\"@type\":\"ListItem\",\"position\":1,\"name\":\"In\u00edcio\",\"item\":\"https:\\\/\\\/mrnews.com.br\\\/\"},{\"@type\":\"ListItem\",\"position\":2,\"name\":\"LUTO sem Bonner e Renata, Jornal Nacional d\u00e1 triste not\u00edcia envolvendo Lula; \u2018\u00c9 com dor no cora\u00e7\u00e3o\u2026\u2019\"}]},{\"@type\":\"WebSite\",\"@id\":\"https:\\\/\\\/mrnews.com.br\\\/#website\",\"url\":\"https:\\\/\\\/mrnews.com.br\\\/\",\"name\":\"MRNews\",\"description\":\"MRNews Jogos de hoje da TV, transmiss\u00f5es ao vivo, Not\u00edcias de futebol, Jogos ao vivo, Lives, resumo de novelas, Programa\u00e7\u00e3o da Globo, A Fazenda e BBB\",\"publisher\":{\"@id\":\"https:\\\/\\\/mrnews.com.br\\\/#organization\"},\"potentialAction\":[{\"@type\":\"SearchAction\",\"target\":{\"@type\":\"EntryPoint\",\"urlTemplate\":\"https:\\\/\\\/mrnews.com.br\\\/?s={search_term_string}\"},\"query-input\":{\"@type\":\"PropertyValueSpecification\",\"valueRequired\":true,\"valueName\":\"search_term_string\"}}],\"inLanguage\":\"pt-BR\"},{\"@type\":\"Organization\",\"@id\":\"https:\\\/\\\/mrnews.com.br\\\/#organization\",\"name\":\"MRNews\",\"url\":\"https:\\\/\\\/mrnews.com.br\\\/\",\"logo\":{\"@type\":\"ImageObject\",\"inLanguage\":\"pt-BR\",\"@id\":\"https:\\\/\\\/mrnews.com.br\\\/#\\\/schema\\\/logo\\\/image\\\/\",\"url\":\"https:\\\/\\\/mrnews.com.br\\\/wp-content\\\/uploads\\\/2019\\\/06\\\/MRNewslogo2.png\",\"contentUrl\":\"https:\\\/\\\/mrnews.com.br\\\/wp-content\\\/uploads\\\/2019\\\/06\\\/MRNewslogo2.png\",\"width\":223,\"height\":58,\"caption\":\"MRNews\"},\"image\":{\"@id\":\"https:\\\/\\\/mrnews.com.br\\\/#\\\/schema\\\/logo\\\/image\\\/\"},\"sameAs\":[\"https:\\\/\\\/www.facebook.com\\\/eaipahpah\\\/?locale2=pt_BR\",\"https:\\\/\\\/x.com\\\/conspirou\",\"https:\\\/\\\/www.instagram.com\\\/eai_pahpah\",\"https:\\\/\\\/br.pinterest.com\\\/mrnewsn\\\/boards\\\/\",\"https:\\\/\\\/www.youtube.com\\\/channel\\\/UCacgnpznQ61fifLWr1tQ-vA?view_as=subscriber\"]},{\"@type\":\"Person\",\"@id\":\"https:\\\/\\\/mrnews.com.br\\\/#\\\/schema\\\/person\\\/be3203154562a9f207407861cef7827b\",\"name\":\"MR News\",\"image\":{\"@type\":\"ImageObject\",\"inLanguage\":\"pt-BR\",\"@id\":\"https:\\\/\\\/secure.gravatar.com\\\/avatar\\\/04084e6d73c042b8646e7c17b494073bf0ede3ea13c7105cfc45cbbbc28385a4?s=96&d=monsterid&r=g\",\"url\":\"https:\\\/\\\/secure.gravatar.com\\\/avatar\\\/04084e6d73c042b8646e7c17b494073bf0ede3ea13c7105cfc45cbbbc28385a4?s=96&d=monsterid&r=g\",\"contentUrl\":\"https:\\\/\\\/secure.gravatar.com\\\/avatar\\\/04084e6d73c042b8646e7c17b494073bf0ede3ea13c7105cfc45cbbbc28385a4?s=96&d=monsterid&r=g\",\"caption\":\"MR News\"},\"description\":\"Especializado em jornalismo colaborativo pela FTP em n\u00edvel de p\u00f3s-gradua\u00e7\u00e3o. suporte@oimeliga.combr\",\"sameAs\":[\"HUGO R.\",\"Admin\"],\"url\":\"https:\\\/\\\/mrnews.com.br\\\/index.php\\\/author\\\/admin\\\/\"}]}<\/script>\n<!-- \/ Yoast SEO plugin. -->","yoast_head_json":{"title":"LUTO sem Bonner e Renata, Jornal Nacional d\u00e1 triste not\u00edcia envolvendo Lula; \u2018\u00c9 com dor no cora\u00e7\u00e3o\u2026\u2019","robots":{"index":"index","follow":"follow","max-snippet":"max-snippet:-1","max-image-preview":"max-image-preview:large","max-video-preview":"max-video-preview:-1"},"canonical":"https:\/\/mrnews.com.br\/index.php\/2022\/11\/20\/luto-sem-bonner-e-renata-jornal-nacional-da-triste-noticia-envolvendo-lula-e-com-dor-no-coracao\/","og_locale":"pt_BR","og_type":"article","og_title":"LUTO sem Bonner e Renata, Jornal Nacional d\u00e1 triste not\u00edcia envolvendo Lula; \u2018\u00c9 com dor no cora\u00e7\u00e3o\u2026\u2019","og_description":"Como \u00e9 de conhecimento dos brasileiros, os apresentadores William Bonner e Renata Vasconcellos apresentam o \u2018Jornal Nacional\u2019, transmitido pela Rede Globo diuturnamente, trazendo as principais not\u00edcias do Brasil e do mundo. Contudo, uma noite incomum causou estranheza nos telespectadores, ap\u00f3s os \u00e2ncoras do telejornal n\u00e3o estarem presentes. Na ocasi\u00e3o, o Jornal Nacional foi apresentado por &hellip;","og_url":"https:\/\/mrnews.com.br\/index.php\/2022\/11\/20\/luto-sem-bonner-e-renata-jornal-nacional-da-triste-noticia-envolvendo-lula-e-com-dor-no-coracao\/","og_site_name":"MRNews","article_publisher":"https:\/\/www.facebook.com\/eaipahpah\/?locale2=pt_BR","article_published_time":"2022-11-20T22:11:38+00:00","og_image":[{"width":696,"height":365,"url":"https:\/\/mrnews.com.br\/wp-content\/uploads\/2022\/11\/luto.jpg","type":"image\/jpeg"}],"author":"MR News","twitter_card":"summary_large_image","twitter_creator":"@conspirou","twitter_site":"@conspirou","twitter_misc":{"Escrito por":"MR News","Est. tempo de leitura":"8 minutos"},"schema":{"@context":"https:\/\/schema.org","@graph":[{"@type":"Article","@id":"https:\/\/mrnews.com.br\/index.php\/2022\/11\/20\/luto-sem-bonner-e-renata-jornal-nacional-da-triste-noticia-envolvendo-lula-e-com-dor-no-coracao\/#article","isPartOf":{"@id":"https:\/\/mrnews.com.br\/index.php\/2022\/11\/20\/luto-sem-bonner-e-renata-jornal-nacional-da-triste-noticia-envolvendo-lula-e-com-dor-no-coracao\/"},"author":{"name":"MR News","@id":"https:\/\/mrnews.com.br\/#\/schema\/person\/be3203154562a9f207407861cef7827b"},"headline":"LUTO sem Bonner e Renata, Jornal Nacional d\u00e1 triste not\u00edcia envolvendo Lula; \u2018\u00c9 com dor no cora\u00e7\u00e3o\u2026\u2019","datePublished":"2022-11-20T22:11:38+00:00","mainEntityOfPage":{"@id":"https:\/\/mrnews.com.br\/index.php\/2022\/11\/20\/luto-sem-bonner-e-renata-jornal-nacional-da-triste-noticia-envolvendo-lula-e-com-dor-no-coracao\/"},"wordCount":1527,"commentCount":0,"publisher":{"@id":"https:\/\/mrnews.com.br\/#organization"},"image":{"@id":"https:\/\/mrnews.com.br\/index.php\/2022\/11\/20\/luto-sem-bonner-e-renata-jornal-nacional-da-triste-noticia-envolvendo-lula-e-com-dor-no-coracao\/#primaryimage"},"thumbnailUrl":"https:\/\/mrnews.com.br\/wp-content\/uploads\/2022\/11\/luto.jpg","articleSection":["NOTICIAS","Pol\u00edtica"],"inLanguage":"pt-BR","potentialAction":[{"@type":"CommentAction","name":"Comment","target":["https:\/\/mrnews.com.br\/index.php\/2022\/11\/20\/luto-sem-bonner-e-renata-jornal-nacional-da-triste-noticia-envolvendo-lula-e-com-dor-no-coracao\/#respond"]}]},{"@type":"WebPage","@id":"https:\/\/mrnews.com.br\/index.php\/2022\/11\/20\/luto-sem-bonner-e-renata-jornal-nacional-da-triste-noticia-envolvendo-lula-e-com-dor-no-coracao\/","url":"https:\/\/mrnews.com.br\/index.php\/2022\/11\/20\/luto-sem-bonner-e-renata-jornal-nacional-da-triste-noticia-envolvendo-lula-e-com-dor-no-coracao\/","name":"LUTO sem Bonner e Renata, Jornal Nacional d\u00e1 triste not\u00edcia envolvendo Lula; \u2018\u00c9 com dor no cora\u00e7\u00e3o\u2026\u2019","isPartOf":{"@id":"https:\/\/mrnews.com.br\/#website"},"primaryImageOfPage":{"@id":"https:\/\/mrnews.com.br\/index.php\/2022\/11\/20\/luto-sem-bonner-e-renata-jornal-nacional-da-triste-noticia-envolvendo-lula-e-com-dor-no-coracao\/#primaryimage"},"image":{"@id":"https:\/\/mrnews.com.br\/index.php\/2022\/11\/20\/luto-sem-bonner-e-renata-jornal-nacional-da-triste-noticia-envolvendo-lula-e-com-dor-no-coracao\/#primaryimage"},"thumbnailUrl":"https:\/\/mrnews.com.br\/wp-content\/uploads\/2022\/11\/luto.jpg","datePublished":"2022-11-20T22:11:38+00:00","breadcrumb":{"@id":"https:\/\/mrnews.com.br\/index.php\/2022\/11\/20\/luto-sem-bonner-e-renata-jornal-nacional-da-triste-noticia-envolvendo-lula-e-com-dor-no-coracao\/#breadcrumb"},"inLanguage":"pt-BR","potentialAction":[{"@type":"ReadAction","target":["https:\/\/mrnews.com.br\/index.php\/2022\/11\/20\/luto-sem-bonner-e-renata-jornal-nacional-da-triste-noticia-envolvendo-lula-e-com-dor-no-coracao\/"]}]},{"@type":"ImageObject","inLanguage":"pt-BR","@id":"https:\/\/mrnews.com.br\/index.php\/2022\/11\/20\/luto-sem-bonner-e-renata-jornal-nacional-da-triste-noticia-envolvendo-lula-e-com-dor-no-coracao\/#primaryimage","url":"https:\/\/mrnews.com.br\/wp-content\/uploads\/2022\/11\/luto.jpg","contentUrl":"https:\/\/mrnews.com.br\/wp-content\/uploads\/2022\/11\/luto.jpg","width":696,"height":365},{"@type":"BreadcrumbList","@id":"https:\/\/mrnews.com.br\/index.php\/2022\/11\/20\/luto-sem-bonner-e-renata-jornal-nacional-da-triste-noticia-envolvendo-lula-e-com-dor-no-coracao\/#breadcrumb","itemListElement":[{"@type":"ListItem","position":1,"name":"In\u00edcio","item":"https:\/\/mrnews.com.br\/"},{"@type":"ListItem","position":2,"name":"LUTO sem Bonner e Renata, Jornal Nacional d\u00e1 triste not\u00edcia envolvendo Lula; \u2018\u00c9 com dor no cora\u00e7\u00e3o\u2026\u2019"}]},{"@type":"WebSite","@id":"https:\/\/mrnews.com.br\/#website","url":"https:\/\/mrnews.com.br\/","name":"MRNews","description":"MRNews Jogos de hoje da TV, transmiss\u00f5es ao vivo, Not\u00edcias de futebol, Jogos ao vivo, Lives, resumo de novelas, Programa\u00e7\u00e3o da Globo, A Fazenda e BBB","publisher":{"@id":"https:\/\/mrnews.com.br\/#organization"},"potentialAction":[{"@type":"SearchAction","target":{"@type":"EntryPoint","urlTemplate":"https:\/\/mrnews.com.br\/?s={search_term_string}"},"query-input":{"@type":"PropertyValueSpecification","valueRequired":true,"valueName":"search_term_string"}}],"inLanguage":"pt-BR"},{"@type":"Organization","@id":"https:\/\/mrnews.com.br\/#organization","name":"MRNews","url":"https:\/\/mrnews.com.br\/","logo":{"@type":"ImageObject","inLanguage":"pt-BR","@id":"https:\/\/mrnews.com.br\/#\/schema\/logo\/image\/","url":"https:\/\/mrnews.com.br\/wp-content\/uploads\/2019\/06\/MRNewslogo2.png","contentUrl":"https:\/\/mrnews.com.br\/wp-content\/uploads\/2019\/06\/MRNewslogo2.png","width":223,"height":58,"caption":"MRNews"},"image":{"@id":"https:\/\/mrnews.com.br\/#\/schema\/logo\/image\/"},"sameAs":["https:\/\/www.facebook.com\/eaipahpah\/?locale2=pt_BR","https:\/\/x.com\/conspirou","https:\/\/www.instagram.com\/eai_pahpah","https:\/\/br.pinterest.com\/mrnewsn\/boards\/","https:\/\/www.youtube.com\/channel\/UCacgnpznQ61fifLWr1tQ-vA?view_as=subscriber"]},{"@type":"Person","@id":"https:\/\/mrnews.com.br\/#\/schema\/person\/be3203154562a9f207407861cef7827b","name":"MR News","image":{"@type":"ImageObject","inLanguage":"pt-BR","@id":"https:\/\/secure.gravatar.com\/avatar\/04084e6d73c042b8646e7c17b494073bf0ede3ea13c7105cfc45cbbbc28385a4?s=96&d=monsterid&r=g","url":"https:\/\/secure.gravatar.com\/avatar\/04084e6d73c042b8646e7c17b494073bf0ede3ea13c7105cfc45cbbbc28385a4?s=96&d=monsterid&r=g","contentUrl":"https:\/\/secure.gravatar.com\/avatar\/04084e6d73c042b8646e7c17b494073bf0ede3ea13c7105cfc45cbbbc28385a4?s=96&d=monsterid&r=g","caption":"MR News"},"description":"Especializado em jornalismo colaborativo pela FTP em n\u00edvel de p\u00f3s-gradua\u00e7\u00e3o. suporte@oimeliga.combr","sameAs":["HUGO R.","Admin"],"url":"https:\/\/mrnews.com.br\/index.php\/author\/admin\/"}]}},"jetpack_featured_media_url":"https:\/\/mrnews.com.br\/wp-content\/uploads\/2022\/11\/luto.jpg","jetpack_sharing_enabled":true,"jetpack_shortlink":"https:\/\/wp.me\/pa2Qf7-1z1c","amp_enabled":true,"_links":{"self":[{"href":"https:\/\/mrnews.com.br\/index.php\/wp-json\/wp\/v2\/posts\/372942","targetHints":{"allow":["GET"]}}],"collection":[{"href":"https:\/\/mrnews.com.br\/index.php\/wp-json\/wp\/v2\/posts"}],"about":[{"href":"https:\/\/mrnews.com.br\/index.php\/wp-json\/wp\/v2\/types\/post"}],"author":[{"embeddable":true,"href":"https:\/\/mrnews.com.br\/index.php\/wp-json\/wp\/v2\/users\/1"}],"replies":[{"embeddable":true,"href":"https:\/\/mrnews.com.br\/index.php\/wp-json\/wp\/v2\/comments?post=372942"}],"version-history":[{"count":1,"href":"https:\/\/mrnews.com.br\/index.php\/wp-json\/wp\/v2\/posts\/372942\/revisions"}],"predecessor-version":[{"id":372944,"href":"https:\/\/mrnews.com.br\/index.php\/wp-json\/wp\/v2\/posts\/372942\/revisions\/372944"}],"wp:featuredmedia":[{"embeddable":true,"href":"https:\/\/mrnews.com.br\/index.php\/wp-json\/wp\/v2\/media\/372943"}],"wp:attachment":[{"href":"https:\/\/mrnews.com.br\/index.php\/wp-json\/wp\/v2\/media?parent=372942"}],"wp:term":[{"taxonomy":"category","embeddable":true,"href":"https:\/\/mrnews.com.br\/index.php\/wp-json\/wp\/v2\/categories?post=372942"},{"taxonomy":"post_tag","embeddable":true,"href":"https:\/\/mrnews.com.br\/index.php\/wp-json\/wp\/v2\/tags?post=372942"}],"curies":[{"name":"wp","href":"https:\/\/api.w.org\/{rel}","templated":true}]}}