{"id":379632,"date":"2022-12-04T13:59:24","date_gmt":"2022-12-04T16:59:24","guid":{"rendered":"https:\/\/mrnews.com.br\/?p=379632"},"modified":"2022-12-04T13:59:24","modified_gmt":"2022-12-04T16:59:24","slug":"a-fazenda-dra-deolane-esta-fora-do-apos-familia-ameacar-record-tv","status":"publish","type":"post","link":"https:\/\/mrnews.com.br\/index.php\/2022\/12\/04\/a-fazenda-dra-deolane-esta-fora-do-apos-familia-ameacar-record-tv\/","title":{"rendered":"A FAZENDA: DRA DEOLANE EST\u00c1 FORA DO AP\u00d3S FAM\u00cdLIA AMEA\u00c7AR RECORD TV"},"content":{"rendered":"<p>Diante da fuzu\u00ea causado pelas irm\u00e3s de Deolane Bezerra aos arredores das instala\u00e7\u00f5es da Fazenda, localizada em Itapecerica da Serra, na Regi\u00e3o Metropolitana de S\u00e3o Paulo, a dire\u00e7\u00e3o do reality j\u00e1 definiu o futuro da peoa no confinamento. A coluna LeoDias soube que nos pr\u00f3ximos minutos a participante ser\u00e1 acionada pela produ\u00e7\u00e3o. O p\u00fablico n\u00e3o acompanhar\u00e1 absolutamente nada da retirada da participante pela transmiss\u00e3o do PlayPlus.<\/p>\n<p>A equipe m\u00e9dica que atende os participantes do programa atender\u00e1 Solange Bezerra, m\u00e3e de Deolane, que teria passado mal na \u00faltimas horas e deu entrada num hospital da Zona Sul da capital paulista neste s\u00e1bado. Nossa reportagem descobriu que a partir disso, as informa\u00e7\u00f5es sobre a condi\u00e7\u00e3o de sua sa\u00fade ser\u00e3o repassadas a Deolane, que decidir\u00e1 pela sa\u00edda ou n\u00e3o do confinamento. As mesmas informa\u00e7\u00f5es foram confirmadas por Kadu Rodriguez, assessor de imprensa da participante.<\/p>\n<p>Deolane Bezerra deixou &#8220;A Fazenda 2022 &#8221; no come\u00e7o da tarde deste domingo (4), revelou uma de suas irm\u00e3s Daniele Bezerra no Instagram. Desde a noite passada, a fam\u00edlia da advogada vinha agindo pela sa\u00edda da peoa do reality da Record TV. Nesta manh\u00e3, os familiares enviaram um carro de som para Itapecerica da Serra (SP) para avisar Deolane da interna\u00e7\u00e3o da m\u00e3e, Solange.<\/p>\n<p>&#8220;Conseguimos! Deolane j\u00e1 saiu da sede da Record. Ela saiu, n\u00e3o est\u00e1 mais l\u00e1 dentro&#8221;, falou Daniele em v\u00eddeo compartilhado no seu Instagram citando a irm\u00e3, que havia feito amea\u00e7as \u00e0 emissora paulista por conta da Ro\u00e7a falsa, da qual saiu vitoriosa B\u00e1rbara Borges, principal rival de Deolane no jogo.<\/p>\n<p>Na grava\u00e7\u00e3o \u00e9 poss\u00edvel ver a comemora\u00e7\u00e3o de apoiadores da vi\u00fava de MC Kevin perto da sede do reality rural da emissora paulista. Os f\u00e3s da advogada ainda buzinaram em motocicletas para festejarem a sa\u00edda de Deolane da disputa. Pouco antes, Daniele acusou colaboradores da Record de terem bloqueado trecho da estrada que d\u00e1 acesso \u00e0 sede.<\/p>\n<h2>DEOLANE BEZERRA FORA DE &#8216;A FAZENDA 2022&#8217; AP\u00d3S INTERNA\u00c7\u00c3O DA M\u00c3E<\/h2>\n<p>Na tela seguinte de seu Stories, Daniele Bezerra compartilhou um comunicado oficial assinado pelas advogadas Ad\u00e9lia Soares e Tamara Cavalcante confirmando a sa\u00edda de Deolane por conta da interna\u00e7\u00e3o da m\u00e3e em UTI de hospital de S\u00e3o Paulo. Leia na \u00edntegra!<\/p>\n<p>&#8220;A assessoria da dra. Deolane e seu corpo jur\u00eddico nas pessoa da Dra. Ad\u00e9lia Soares e Dra. Tamara Cavalcante, informa que ap\u00f3s notifica\u00e7\u00f5es extrajudiciais e diversas conversas obtiveram \u00eaxito, e a Dra. j\u00e1 saiu da casa ap\u00f3s ser informada sobre o estado de sa\u00fade de sua m\u00e3e, Solange Bezerra. (Que nesse momento se encontra na UTI do Hospital S\u00e3o Luiz, recebendo a assist\u00eancia necess\u00e1ria).<\/p>\n<p>Suas irm\u00e3s est\u00e3o l\u00e1 fora para receb\u00ea-la! Agradecemos desde j\u00e1 todos os f\u00e3s que est\u00e3o desde ontem apoiando, amigos e blogs que t\u00eam passado a verdade dos fatos. Estamos esperando nossa Doutora aqui fora, para que saiba que tem nosso apoio e que o jogo nunca foi justo<\/p>\n","protected":false},"excerpt":{"rendered":"<p>Diante da fuzu\u00ea causado pelas irm\u00e3s de Deolane Bezerra aos arredores das instala\u00e7\u00f5es da Fazenda, localizada em Itapecerica da Serra, na Regi\u00e3o Metropolitana de S\u00e3o Paulo, a dire\u00e7\u00e3o do reality j\u00e1 definiu o futuro da peoa no confinamento. A coluna LeoDias soube que nos pr\u00f3ximos minutos a participante ser\u00e1 acionada pela produ\u00e7\u00e3o. O p\u00fablico n\u00e3o &hellip;<\/p>\n","protected":false},"author":1,"featured_media":379634,"comment_status":"open","ping_status":"open","sticky":false,"template":"","format":"standard","meta":{"_jetpack_memberships_contains_paid_content":false,"footnotes":""},"categories":[2517,2],"tags":[],"class_list":["post-379632","post","type-post","status-publish","format-standard","has-post-thumbnail","hentry","category-a-fazenda","category-entretenimento"],"yoast_head":"<!-- This site is optimized with the Yoast SEO plugin v27.4 - https:\/\/yoast.com\/product\/yoast-seo-wordpress\/ -->\n<title>A FAZENDA: DRA DEOLANE EST\u00c1 FORA DO AP\u00d3S FAM\u00cdLIA AMEA\u00c7AR RECORD TV<\/title>\n<meta name=\"robots\" content=\"index, follow, max-snippet:-1, max-image-preview:large, max-video-preview:-1\" \/>\n<link rel=\"canonical\" href=\"https:\/\/mrnews.com.br\/index.php\/2022\/12\/04\/a-fazenda-dra-deolane-esta-fora-do-apos-familia-ameacar-record-tv\/\" \/>\n<meta property=\"og:locale\" content=\"pt_BR\" \/>\n<meta property=\"og:type\" content=\"article\" \/>\n<meta property=\"og:title\" content=\"A FAZENDA: DRA DEOLANE EST\u00c1 FORA DO AP\u00d3S FAM\u00cdLIA AMEA\u00c7AR RECORD TV\" \/>\n<meta property=\"og:description\" content=\"Diante da fuzu\u00ea causado pelas irm\u00e3s de Deolane Bezerra aos arredores das instala\u00e7\u00f5es da Fazenda, localizada em Itapecerica da Serra, na Regi\u00e3o Metropolitana de S\u00e3o Paulo, a dire\u00e7\u00e3o do reality j\u00e1 definiu o futuro da peoa no confinamento. A coluna LeoDias soube que nos pr\u00f3ximos minutos a participante ser\u00e1 acionada pela produ\u00e7\u00e3o. O p\u00fablico n\u00e3o &hellip;\" \/>\n<meta property=\"og:url\" content=\"https:\/\/mrnews.com.br\/index.php\/2022\/12\/04\/a-fazenda-dra-deolane-esta-fora-do-apos-familia-ameacar-record-tv\/\" \/>\n<meta property=\"og:site_name\" content=\"MRNews\" \/>\n<meta property=\"article:publisher\" content=\"https:\/\/www.facebook.com\/eaipahpah\/?locale2=pt_BR\" \/>\n<meta property=\"article:published_time\" content=\"2022-12-04T16:59:24+00:00\" \/>\n<meta property=\"og:image\" content=\"https:\/\/mrnews.com.br\/wp-content\/uploads\/2022\/12\/Screenshot_20221204_135619.jpg\" \/>\n\t<meta property=\"og:image:width\" content=\"1079\" \/>\n\t<meta property=\"og:image:height\" content=\"716\" \/>\n\t<meta property=\"og:image:type\" content=\"image\/jpeg\" \/>\n<meta name=\"author\" content=\"MR News\" \/>\n<meta name=\"twitter:card\" content=\"summary_large_image\" \/>\n<meta name=\"twitter:creator\" content=\"@conspirou\" \/>\n<meta name=\"twitter:site\" content=\"@conspirou\" \/>\n<meta name=\"twitter:label1\" content=\"Escrito por\" \/>\n\t<meta name=\"twitter:data1\" content=\"MR News\" \/>\n\t<meta name=\"twitter:label2\" content=\"Est. tempo de leitura\" \/>\n\t<meta name=\"twitter:data2\" content=\"3 minutos\" \/>\n<script type=\"application\/ld+json\" class=\"yoast-schema-graph\">{\"@context\":\"https:\\\/\\\/schema.org\",\"@graph\":[{\"@type\":\"Article\",\"@id\":\"https:\\\/\\\/mrnews.com.br\\\/index.php\\\/2022\\\/12\\\/04\\\/a-fazenda-dra-deolane-esta-fora-do-apos-familia-ameacar-record-tv\\\/#article\",\"isPartOf\":{\"@id\":\"https:\\\/\\\/mrnews.com.br\\\/index.php\\\/2022\\\/12\\\/04\\\/a-fazenda-dra-deolane-esta-fora-do-apos-familia-ameacar-record-tv\\\/\"},\"author\":{\"name\":\"MR News\",\"@id\":\"https:\\\/\\\/mrnews.com.br\\\/#\\\/schema\\\/person\\\/be3203154562a9f207407861cef7827b\"},\"headline\":\"A FAZENDA: DRA DEOLANE EST\u00c1 FORA DO AP\u00d3S FAM\u00cdLIA AMEA\u00c7AR RECORD TV\",\"datePublished\":\"2022-12-04T16:59:24+00:00\",\"mainEntityOfPage\":{\"@id\":\"https:\\\/\\\/mrnews.com.br\\\/index.php\\\/2022\\\/12\\\/04\\\/a-fazenda-dra-deolane-esta-fora-do-apos-familia-ameacar-record-tv\\\/\"},\"wordCount\":545,\"commentCount\":0,\"publisher\":{\"@id\":\"https:\\\/\\\/mrnews.com.br\\\/#organization\"},\"image\":{\"@id\":\"https:\\\/\\\/mrnews.com.br\\\/index.php\\\/2022\\\/12\\\/04\\\/a-fazenda-dra-deolane-esta-fora-do-apos-familia-ameacar-record-tv\\\/#primaryimage\"},\"thumbnailUrl\":\"https:\\\/\\\/mrnews.com.br\\\/wp-content\\\/uploads\\\/2022\\\/12\\\/Screenshot_20221204_135619.jpg\",\"articleSection\":[\"A Fazenda\",\"ENTRETENIMENTO\"],\"inLanguage\":\"pt-BR\",\"potentialAction\":[{\"@type\":\"CommentAction\",\"name\":\"Comment\",\"target\":[\"https:\\\/\\\/mrnews.com.br\\\/index.php\\\/2022\\\/12\\\/04\\\/a-fazenda-dra-deolane-esta-fora-do-apos-familia-ameacar-record-tv\\\/#respond\"]}]},{\"@type\":\"WebPage\",\"@id\":\"https:\\\/\\\/mrnews.com.br\\\/index.php\\\/2022\\\/12\\\/04\\\/a-fazenda-dra-deolane-esta-fora-do-apos-familia-ameacar-record-tv\\\/\",\"url\":\"https:\\\/\\\/mrnews.com.br\\\/index.php\\\/2022\\\/12\\\/04\\\/a-fazenda-dra-deolane-esta-fora-do-apos-familia-ameacar-record-tv\\\/\",\"name\":\"A FAZENDA: DRA DEOLANE EST\u00c1 FORA DO AP\u00d3S FAM\u00cdLIA AMEA\u00c7AR RECORD TV\",\"isPartOf\":{\"@id\":\"https:\\\/\\\/mrnews.com.br\\\/#website\"},\"primaryImageOfPage\":{\"@id\":\"https:\\\/\\\/mrnews.com.br\\\/index.php\\\/2022\\\/12\\\/04\\\/a-fazenda-dra-deolane-esta-fora-do-apos-familia-ameacar-record-tv\\\/#primaryimage\"},\"image\":{\"@id\":\"https:\\\/\\\/mrnews.com.br\\\/index.php\\\/2022\\\/12\\\/04\\\/a-fazenda-dra-deolane-esta-fora-do-apos-familia-ameacar-record-tv\\\/#primaryimage\"},\"thumbnailUrl\":\"https:\\\/\\\/mrnews.com.br\\\/wp-content\\\/uploads\\\/2022\\\/12\\\/Screenshot_20221204_135619.jpg\",\"datePublished\":\"2022-12-04T16:59:24+00:00\",\"breadcrumb\":{\"@id\":\"https:\\\/\\\/mrnews.com.br\\\/index.php\\\/2022\\\/12\\\/04\\\/a-fazenda-dra-deolane-esta-fora-do-apos-familia-ameacar-record-tv\\\/#breadcrumb\"},\"inLanguage\":\"pt-BR\",\"potentialAction\":[{\"@type\":\"ReadAction\",\"target\":[\"https:\\\/\\\/mrnews.com.br\\\/index.php\\\/2022\\\/12\\\/04\\\/a-fazenda-dra-deolane-esta-fora-do-apos-familia-ameacar-record-tv\\\/\"]}]},{\"@type\":\"ImageObject\",\"inLanguage\":\"pt-BR\",\"@id\":\"https:\\\/\\\/mrnews.com.br\\\/index.php\\\/2022\\\/12\\\/04\\\/a-fazenda-dra-deolane-esta-fora-do-apos-familia-ameacar-record-tv\\\/#primaryimage\",\"url\":\"https:\\\/\\\/mrnews.com.br\\\/wp-content\\\/uploads\\\/2022\\\/12\\\/Screenshot_20221204_135619.jpg\",\"contentUrl\":\"https:\\\/\\\/mrnews.com.br\\\/wp-content\\\/uploads\\\/2022\\\/12\\\/Screenshot_20221204_135619.jpg\",\"width\":1079,\"height\":716},{\"@type\":\"BreadcrumbList\",\"@id\":\"https:\\\/\\\/mrnews.com.br\\\/index.php\\\/2022\\\/12\\\/04\\\/a-fazenda-dra-deolane-esta-fora-do-apos-familia-ameacar-record-tv\\\/#breadcrumb\",\"itemListElement\":[{\"@type\":\"ListItem\",\"position\":1,\"name\":\"In\u00edcio\",\"item\":\"https:\\\/\\\/mrnews.com.br\\\/\"},{\"@type\":\"ListItem\",\"position\":2,\"name\":\"A FAZENDA: DRA DEOLANE EST\u00c1 FORA DO AP\u00d3S FAM\u00cdLIA AMEA\u00c7AR RECORD TV\"}]},{\"@type\":\"WebSite\",\"@id\":\"https:\\\/\\\/mrnews.com.br\\\/#website\",\"url\":\"https:\\\/\\\/mrnews.com.br\\\/\",\"name\":\"MRNews\",\"description\":\"MRNews Jogos de hoje da TV, transmiss\u00f5es ao vivo, Not\u00edcias de futebol, Jogos ao vivo, Lives, resumo de novelas, Programa\u00e7\u00e3o da Globo, A Fazenda e BBB\",\"publisher\":{\"@id\":\"https:\\\/\\\/mrnews.com.br\\\/#organization\"},\"potentialAction\":[{\"@type\":\"SearchAction\",\"target\":{\"@type\":\"EntryPoint\",\"urlTemplate\":\"https:\\\/\\\/mrnews.com.br\\\/?s={search_term_string}\"},\"query-input\":{\"@type\":\"PropertyValueSpecification\",\"valueRequired\":true,\"valueName\":\"search_term_string\"}}],\"inLanguage\":\"pt-BR\"},{\"@type\":\"Organization\",\"@id\":\"https:\\\/\\\/mrnews.com.br\\\/#organization\",\"name\":\"MRNews\",\"url\":\"https:\\\/\\\/mrnews.com.br\\\/\",\"logo\":{\"@type\":\"ImageObject\",\"inLanguage\":\"pt-BR\",\"@id\":\"https:\\\/\\\/mrnews.com.br\\\/#\\\/schema\\\/logo\\\/image\\\/\",\"url\":\"https:\\\/\\\/mrnews.com.br\\\/wp-content\\\/uploads\\\/2019\\\/06\\\/MRNewslogo2.png\",\"contentUrl\":\"https:\\\/\\\/mrnews.com.br\\\/wp-content\\\/uploads\\\/2019\\\/06\\\/MRNewslogo2.png\",\"width\":223,\"height\":58,\"caption\":\"MRNews\"},\"image\":{\"@id\":\"https:\\\/\\\/mrnews.com.br\\\/#\\\/schema\\\/logo\\\/image\\\/\"},\"sameAs\":[\"https:\\\/\\\/www.facebook.com\\\/eaipahpah\\\/?locale2=pt_BR\",\"https:\\\/\\\/x.com\\\/conspirou\",\"https:\\\/\\\/www.instagram.com\\\/eai_pahpah\",\"https:\\\/\\\/br.pinterest.com\\\/mrnewsn\\\/boards\\\/\",\"https:\\\/\\\/www.youtube.com\\\/channel\\\/UCacgnpznQ61fifLWr1tQ-vA?view_as=subscriber\"]},{\"@type\":\"Person\",\"@id\":\"https:\\\/\\\/mrnews.com.br\\\/#\\\/schema\\\/person\\\/be3203154562a9f207407861cef7827b\",\"name\":\"MR News\",\"image\":{\"@type\":\"ImageObject\",\"inLanguage\":\"pt-BR\",\"@id\":\"https:\\\/\\\/secure.gravatar.com\\\/avatar\\\/04084e6d73c042b8646e7c17b494073bf0ede3ea13c7105cfc45cbbbc28385a4?s=96&d=monsterid&r=g\",\"url\":\"https:\\\/\\\/secure.gravatar.com\\\/avatar\\\/04084e6d73c042b8646e7c17b494073bf0ede3ea13c7105cfc45cbbbc28385a4?s=96&d=monsterid&r=g\",\"contentUrl\":\"https:\\\/\\\/secure.gravatar.com\\\/avatar\\\/04084e6d73c042b8646e7c17b494073bf0ede3ea13c7105cfc45cbbbc28385a4?s=96&d=monsterid&r=g\",\"caption\":\"MR News\"},\"description\":\"Especializado em jornalismo colaborativo pela FTP em n\u00edvel de p\u00f3s-gradua\u00e7\u00e3o. suporte@oimeliga.combr\",\"sameAs\":[\"HUGO R.\",\"Admin\"],\"url\":\"https:\\\/\\\/mrnews.com.br\\\/index.php\\\/author\\\/admin\\\/\"}]}<\/script>\n<!-- \/ Yoast SEO plugin. -->","yoast_head_json":{"title":"A FAZENDA: DRA DEOLANE EST\u00c1 FORA DO AP\u00d3S FAM\u00cdLIA AMEA\u00c7AR RECORD TV","robots":{"index":"index","follow":"follow","max-snippet":"max-snippet:-1","max-image-preview":"max-image-preview:large","max-video-preview":"max-video-preview:-1"},"canonical":"https:\/\/mrnews.com.br\/index.php\/2022\/12\/04\/a-fazenda-dra-deolane-esta-fora-do-apos-familia-ameacar-record-tv\/","og_locale":"pt_BR","og_type":"article","og_title":"A FAZENDA: DRA DEOLANE EST\u00c1 FORA DO AP\u00d3S FAM\u00cdLIA AMEA\u00c7AR RECORD TV","og_description":"Diante da fuzu\u00ea causado pelas irm\u00e3s de Deolane Bezerra aos arredores das instala\u00e7\u00f5es da Fazenda, localizada em Itapecerica da Serra, na Regi\u00e3o Metropolitana de S\u00e3o Paulo, a dire\u00e7\u00e3o do reality j\u00e1 definiu o futuro da peoa no confinamento. A coluna LeoDias soube que nos pr\u00f3ximos minutos a participante ser\u00e1 acionada pela produ\u00e7\u00e3o. O p\u00fablico n\u00e3o &hellip;","og_url":"https:\/\/mrnews.com.br\/index.php\/2022\/12\/04\/a-fazenda-dra-deolane-esta-fora-do-apos-familia-ameacar-record-tv\/","og_site_name":"MRNews","article_publisher":"https:\/\/www.facebook.com\/eaipahpah\/?locale2=pt_BR","article_published_time":"2022-12-04T16:59:24+00:00","og_image":[{"width":1079,"height":716,"url":"https:\/\/mrnews.com.br\/wp-content\/uploads\/2022\/12\/Screenshot_20221204_135619.jpg","type":"image\/jpeg"}],"author":"MR News","twitter_card":"summary_large_image","twitter_creator":"@conspirou","twitter_site":"@conspirou","twitter_misc":{"Escrito por":"MR News","Est. tempo de leitura":"3 minutos"},"schema":{"@context":"https:\/\/schema.org","@graph":[{"@type":"Article","@id":"https:\/\/mrnews.com.br\/index.php\/2022\/12\/04\/a-fazenda-dra-deolane-esta-fora-do-apos-familia-ameacar-record-tv\/#article","isPartOf":{"@id":"https:\/\/mrnews.com.br\/index.php\/2022\/12\/04\/a-fazenda-dra-deolane-esta-fora-do-apos-familia-ameacar-record-tv\/"},"author":{"name":"MR News","@id":"https:\/\/mrnews.com.br\/#\/schema\/person\/be3203154562a9f207407861cef7827b"},"headline":"A FAZENDA: DRA DEOLANE EST\u00c1 FORA DO AP\u00d3S FAM\u00cdLIA AMEA\u00c7AR RECORD TV","datePublished":"2022-12-04T16:59:24+00:00","mainEntityOfPage":{"@id":"https:\/\/mrnews.com.br\/index.php\/2022\/12\/04\/a-fazenda-dra-deolane-esta-fora-do-apos-familia-ameacar-record-tv\/"},"wordCount":545,"commentCount":0,"publisher":{"@id":"https:\/\/mrnews.com.br\/#organization"},"image":{"@id":"https:\/\/mrnews.com.br\/index.php\/2022\/12\/04\/a-fazenda-dra-deolane-esta-fora-do-apos-familia-ameacar-record-tv\/#primaryimage"},"thumbnailUrl":"https:\/\/mrnews.com.br\/wp-content\/uploads\/2022\/12\/Screenshot_20221204_135619.jpg","articleSection":["A Fazenda","ENTRETENIMENTO"],"inLanguage":"pt-BR","potentialAction":[{"@type":"CommentAction","name":"Comment","target":["https:\/\/mrnews.com.br\/index.php\/2022\/12\/04\/a-fazenda-dra-deolane-esta-fora-do-apos-familia-ameacar-record-tv\/#respond"]}]},{"@type":"WebPage","@id":"https:\/\/mrnews.com.br\/index.php\/2022\/12\/04\/a-fazenda-dra-deolane-esta-fora-do-apos-familia-ameacar-record-tv\/","url":"https:\/\/mrnews.com.br\/index.php\/2022\/12\/04\/a-fazenda-dra-deolane-esta-fora-do-apos-familia-ameacar-record-tv\/","name":"A FAZENDA: DRA DEOLANE EST\u00c1 FORA DO AP\u00d3S FAM\u00cdLIA AMEA\u00c7AR RECORD TV","isPartOf":{"@id":"https:\/\/mrnews.com.br\/#website"},"primaryImageOfPage":{"@id":"https:\/\/mrnews.com.br\/index.php\/2022\/12\/04\/a-fazenda-dra-deolane-esta-fora-do-apos-familia-ameacar-record-tv\/#primaryimage"},"image":{"@id":"https:\/\/mrnews.com.br\/index.php\/2022\/12\/04\/a-fazenda-dra-deolane-esta-fora-do-apos-familia-ameacar-record-tv\/#primaryimage"},"thumbnailUrl":"https:\/\/mrnews.com.br\/wp-content\/uploads\/2022\/12\/Screenshot_20221204_135619.jpg","datePublished":"2022-12-04T16:59:24+00:00","breadcrumb":{"@id":"https:\/\/mrnews.com.br\/index.php\/2022\/12\/04\/a-fazenda-dra-deolane-esta-fora-do-apos-familia-ameacar-record-tv\/#breadcrumb"},"inLanguage":"pt-BR","potentialAction":[{"@type":"ReadAction","target":["https:\/\/mrnews.com.br\/index.php\/2022\/12\/04\/a-fazenda-dra-deolane-esta-fora-do-apos-familia-ameacar-record-tv\/"]}]},{"@type":"ImageObject","inLanguage":"pt-BR","@id":"https:\/\/mrnews.com.br\/index.php\/2022\/12\/04\/a-fazenda-dra-deolane-esta-fora-do-apos-familia-ameacar-record-tv\/#primaryimage","url":"https:\/\/mrnews.com.br\/wp-content\/uploads\/2022\/12\/Screenshot_20221204_135619.jpg","contentUrl":"https:\/\/mrnews.com.br\/wp-content\/uploads\/2022\/12\/Screenshot_20221204_135619.jpg","width":1079,"height":716},{"@type":"BreadcrumbList","@id":"https:\/\/mrnews.com.br\/index.php\/2022\/12\/04\/a-fazenda-dra-deolane-esta-fora-do-apos-familia-ameacar-record-tv\/#breadcrumb","itemListElement":[{"@type":"ListItem","position":1,"name":"In\u00edcio","item":"https:\/\/mrnews.com.br\/"},{"@type":"ListItem","position":2,"name":"A FAZENDA: DRA DEOLANE EST\u00c1 FORA DO AP\u00d3S FAM\u00cdLIA AMEA\u00c7AR RECORD TV"}]},{"@type":"WebSite","@id":"https:\/\/mrnews.com.br\/#website","url":"https:\/\/mrnews.com.br\/","name":"MRNews","description":"MRNews Jogos de hoje da TV, transmiss\u00f5es ao vivo, Not\u00edcias de futebol, Jogos ao vivo, Lives, resumo de novelas, Programa\u00e7\u00e3o da Globo, A Fazenda e BBB","publisher":{"@id":"https:\/\/mrnews.com.br\/#organization"},"potentialAction":[{"@type":"SearchAction","target":{"@type":"EntryPoint","urlTemplate":"https:\/\/mrnews.com.br\/?s={search_term_string}"},"query-input":{"@type":"PropertyValueSpecification","valueRequired":true,"valueName":"search_term_string"}}],"inLanguage":"pt-BR"},{"@type":"Organization","@id":"https:\/\/mrnews.com.br\/#organization","name":"MRNews","url":"https:\/\/mrnews.com.br\/","logo":{"@type":"ImageObject","inLanguage":"pt-BR","@id":"https:\/\/mrnews.com.br\/#\/schema\/logo\/image\/","url":"https:\/\/mrnews.com.br\/wp-content\/uploads\/2019\/06\/MRNewslogo2.png","contentUrl":"https:\/\/mrnews.com.br\/wp-content\/uploads\/2019\/06\/MRNewslogo2.png","width":223,"height":58,"caption":"MRNews"},"image":{"@id":"https:\/\/mrnews.com.br\/#\/schema\/logo\/image\/"},"sameAs":["https:\/\/www.facebook.com\/eaipahpah\/?locale2=pt_BR","https:\/\/x.com\/conspirou","https:\/\/www.instagram.com\/eai_pahpah","https:\/\/br.pinterest.com\/mrnewsn\/boards\/","https:\/\/www.youtube.com\/channel\/UCacgnpznQ61fifLWr1tQ-vA?view_as=subscriber"]},{"@type":"Person","@id":"https:\/\/mrnews.com.br\/#\/schema\/person\/be3203154562a9f207407861cef7827b","name":"MR News","image":{"@type":"ImageObject","inLanguage":"pt-BR","@id":"https:\/\/secure.gravatar.com\/avatar\/04084e6d73c042b8646e7c17b494073bf0ede3ea13c7105cfc45cbbbc28385a4?s=96&d=monsterid&r=g","url":"https:\/\/secure.gravatar.com\/avatar\/04084e6d73c042b8646e7c17b494073bf0ede3ea13c7105cfc45cbbbc28385a4?s=96&d=monsterid&r=g","contentUrl":"https:\/\/secure.gravatar.com\/avatar\/04084e6d73c042b8646e7c17b494073bf0ede3ea13c7105cfc45cbbbc28385a4?s=96&d=monsterid&r=g","caption":"MR News"},"description":"Especializado em jornalismo colaborativo pela FTP em n\u00edvel de p\u00f3s-gradua\u00e7\u00e3o. suporte@oimeliga.combr","sameAs":["HUGO R.","Admin"],"url":"https:\/\/mrnews.com.br\/index.php\/author\/admin\/"}]}},"jetpack_featured_media_url":"https:\/\/mrnews.com.br\/wp-content\/uploads\/2022\/12\/Screenshot_20221204_135619.jpg","jetpack_sharing_enabled":true,"jetpack_shortlink":"https:\/\/wp.me\/pa2Qf7-1AL6","amp_enabled":true,"_links":{"self":[{"href":"https:\/\/mrnews.com.br\/index.php\/wp-json\/wp\/v2\/posts\/379632","targetHints":{"allow":["GET"]}}],"collection":[{"href":"https:\/\/mrnews.com.br\/index.php\/wp-json\/wp\/v2\/posts"}],"about":[{"href":"https:\/\/mrnews.com.br\/index.php\/wp-json\/wp\/v2\/types\/post"}],"author":[{"embeddable":true,"href":"https:\/\/mrnews.com.br\/index.php\/wp-json\/wp\/v2\/users\/1"}],"replies":[{"embeddable":true,"href":"https:\/\/mrnews.com.br\/index.php\/wp-json\/wp\/v2\/comments?post=379632"}],"version-history":[{"count":1,"href":"https:\/\/mrnews.com.br\/index.php\/wp-json\/wp\/v2\/posts\/379632\/revisions"}],"predecessor-version":[{"id":379635,"href":"https:\/\/mrnews.com.br\/index.php\/wp-json\/wp\/v2\/posts\/379632\/revisions\/379635"}],"wp:featuredmedia":[{"embeddable":true,"href":"https:\/\/mrnews.com.br\/index.php\/wp-json\/wp\/v2\/media\/379634"}],"wp:attachment":[{"href":"https:\/\/mrnews.com.br\/index.php\/wp-json\/wp\/v2\/media?parent=379632"}],"wp:term":[{"taxonomy":"category","embeddable":true,"href":"https:\/\/mrnews.com.br\/index.php\/wp-json\/wp\/v2\/categories?post=379632"},{"taxonomy":"post_tag","embeddable":true,"href":"https:\/\/mrnews.com.br\/index.php\/wp-json\/wp\/v2\/tags?post=379632"}],"curies":[{"name":"wp","href":"https:\/\/api.w.org\/{rel}","templated":true}]}}