{"id":379636,"date":"2022-12-04T14:46:59","date_gmt":"2022-12-04T17:46:59","guid":{"rendered":"https:\/\/mrnews.com.br\/?p=379636"},"modified":"2022-12-04T14:47:36","modified_gmt":"2022-12-04T17:47:36","slug":"jardine-nega-e-barbieri-deve-mesmo-ser-o-novo-treinador-do-vasco","status":"publish","type":"post","link":"https:\/\/mrnews.com.br\/index.php\/2022\/12\/04\/jardine-nega-e-barbieri-deve-mesmo-ser-o-novo-treinador-do-vasco\/","title":{"rendered":"JARDINE NEGA E BARBIERI DEVE MESMO SER O NOVO TREINADOR DO VASCO"},"content":{"rendered":"<p>Maur\u00edcio Barbieri est\u00e1 mais pr\u00f3ximo do Vasco. A negocia\u00e7\u00e3o, aberta na \u00faltima semana, avan\u00e7ou nos \u00faltimos dias, e o treinador sinalizou positivamente para a proposta do clube. Pessoas envolvidas nas tratativas pregam cautela, mas h\u00e1 um otimismo quanto ao acerto no in\u00edcio da semana, antes da coletiva de imprensa de Paulo Bracks, diretor esportivo do Vasco, marcada para ter\u00e7a-feira.<\/p>\n<p>&nbsp;<\/p>\n<p>https:\/\/youtube.com\/shorts\/9jxTLEdbO3c?feature=share<\/p>\n<p>Barbieri, de 41 anos, trabalhou nas \u00faltimas duas temporadas no Bragantino. No in\u00edcio de novembro ele deixou a equipe paulista. Seu nome foi aprovado pela 777 Partners, e as conversas come\u00e7aram nesta semana, ap\u00f3s o retorno de Paulo Bracks ao Brasil.<\/p>\n<p>O Vasco tamb\u00e9m fez contato com Andr\u00e9 Jardine, mas representantes do treinador campe\u00e3o ol\u00edmpico informaram que o Atl\u00e9tico San Lu\u00eds n\u00e3o iria liber\u00e1-lo neste momento. Com a negativa, o clube intensificou as conversas com Maur\u00edcio Barbieri, que deve assinar contrato ainda nesta semana. A expectativa, em caso de acerto, \u00e9 que ele j\u00e1 esteja presente na reapresenta\u00e7\u00e3o do elenco, adiada para o dia 12 de dezembro. De acordo com o jornalista Ven\u00ea Casagrande, a proposta \u00e9 de dois anos de contrato.<\/p>\n<p>Maur\u00edcio Barbieri iniciou a carreira no Audax. Seu primeiro clube de destaque foi o Flamengo em 2018, quando assumiu ap\u00f3s a demiss\u00e3o de Paulo C\u00e9sar Carpegiani. Sob seu comando, a equipe carioca liderou o Campeonato Brasileiro no primeiro turno, mas perdeu for\u00e7a na reta final, ap\u00f3s a sa\u00edda de Vin\u00edcius J\u00fanior.<\/p>\n<p>Ap\u00f3s o Flamengo, Barbieri passou por Goi\u00e1s, Am\u00e9rica-MG e CSA at\u00e9 chegar ao Bragantino, em setembro de 2020. Ficou dois anos por l\u00e1 e ajudou a equipe paulista a disputar a Libertadores neste ano. Em 2021, o time foi vice-campe\u00e3o da Copa Sul-Americana.<\/p>\n","protected":false},"excerpt":{"rendered":"<p>Maur\u00edcio Barbieri est\u00e1 mais pr\u00f3ximo do Vasco. A negocia\u00e7\u00e3o, aberta na \u00faltima semana, avan\u00e7ou nos \u00faltimos dias, e o treinador sinalizou positivamente para a proposta do clube. Pessoas envolvidas nas tratativas pregam cautela, mas h\u00e1 um otimismo quanto ao acerto no in\u00edcio da semana, antes da coletiva de imprensa de Paulo Bracks, diretor esportivo do &hellip;<\/p>\n","protected":false},"author":1,"featured_media":0,"comment_status":"open","ping_status":"open","sticky":false,"template":"","format":"standard","meta":{"_jetpack_memberships_contains_paid_content":false,"footnotes":""},"categories":[3,9600],"tags":[],"class_list":["post-379636","post","type-post","status-publish","format-standard","hentry","category-esportes1","category-vasco"],"yoast_head":"<!-- This site is optimized with the Yoast SEO plugin v27.4 - https:\/\/yoast.com\/product\/yoast-seo-wordpress\/ -->\n<title>JARDINE NEGA E BARBIERI DEVE MESMO SER O NOVO TREINADOR DO VASCO<\/title>\n<meta name=\"robots\" content=\"index, follow, max-snippet:-1, max-image-preview:large, max-video-preview:-1\" \/>\n<link rel=\"canonical\" href=\"https:\/\/mrnews.com.br\/index.php\/2022\/12\/04\/jardine-nega-e-barbieri-deve-mesmo-ser-o-novo-treinador-do-vasco\/\" \/>\n<meta property=\"og:locale\" content=\"pt_BR\" \/>\n<meta property=\"og:type\" content=\"article\" \/>\n<meta property=\"og:title\" content=\"JARDINE NEGA E BARBIERI DEVE MESMO SER O NOVO TREINADOR DO VASCO\" \/>\n<meta property=\"og:description\" content=\"Maur\u00edcio Barbieri est\u00e1 mais pr\u00f3ximo do Vasco. A negocia\u00e7\u00e3o, aberta na \u00faltima semana, avan\u00e7ou nos \u00faltimos dias, e o treinador sinalizou positivamente para a proposta do clube. Pessoas envolvidas nas tratativas pregam cautela, mas h\u00e1 um otimismo quanto ao acerto no in\u00edcio da semana, antes da coletiva de imprensa de Paulo Bracks, diretor esportivo do &hellip;\" \/>\n<meta property=\"og:url\" content=\"https:\/\/mrnews.com.br\/index.php\/2022\/12\/04\/jardine-nega-e-barbieri-deve-mesmo-ser-o-novo-treinador-do-vasco\/\" \/>\n<meta property=\"og:site_name\" content=\"MRNews\" \/>\n<meta property=\"article:publisher\" content=\"https:\/\/www.facebook.com\/eaipahpah\/?locale2=pt_BR\" \/>\n<meta property=\"article:published_time\" content=\"2022-12-04T17:46:59+00:00\" \/>\n<meta property=\"article:modified_time\" content=\"2022-12-04T17:47:36+00:00\" \/>\n<meta name=\"author\" content=\"MR News\" \/>\n<meta name=\"twitter:card\" content=\"summary_large_image\" \/>\n<meta name=\"twitter:creator\" content=\"@conspirou\" \/>\n<meta name=\"twitter:site\" content=\"@conspirou\" \/>\n<meta name=\"twitter:label1\" content=\"Escrito por\" \/>\n\t<meta name=\"twitter:data1\" content=\"MR News\" \/>\n\t<meta name=\"twitter:label2\" content=\"Est. tempo de leitura\" \/>\n\t<meta name=\"twitter:data2\" content=\"2 minutos\" \/>\n<script type=\"application\/ld+json\" class=\"yoast-schema-graph\">{\"@context\":\"https:\\\/\\\/schema.org\",\"@graph\":[{\"@type\":\"Article\",\"@id\":\"https:\\\/\\\/mrnews.com.br\\\/index.php\\\/2022\\\/12\\\/04\\\/jardine-nega-e-barbieri-deve-mesmo-ser-o-novo-treinador-do-vasco\\\/#article\",\"isPartOf\":{\"@id\":\"https:\\\/\\\/mrnews.com.br\\\/index.php\\\/2022\\\/12\\\/04\\\/jardine-nega-e-barbieri-deve-mesmo-ser-o-novo-treinador-do-vasco\\\/\"},\"author\":{\"name\":\"MR News\",\"@id\":\"https:\\\/\\\/mrnews.com.br\\\/#\\\/schema\\\/person\\\/be3203154562a9f207407861cef7827b\"},\"headline\":\"JARDINE NEGA E BARBIERI DEVE MESMO SER O NOVO TREINADOR DO VASCO\",\"datePublished\":\"2022-12-04T17:46:59+00:00\",\"dateModified\":\"2022-12-04T17:47:36+00:00\",\"mainEntityOfPage\":{\"@id\":\"https:\\\/\\\/mrnews.com.br\\\/index.php\\\/2022\\\/12\\\/04\\\/jardine-nega-e-barbieri-deve-mesmo-ser-o-novo-treinador-do-vasco\\\/\"},\"wordCount\":319,\"commentCount\":0,\"publisher\":{\"@id\":\"https:\\\/\\\/mrnews.com.br\\\/#organization\"},\"articleSection\":[\"ESPORTES\",\"VASCO\"],\"inLanguage\":\"pt-BR\",\"potentialAction\":[{\"@type\":\"CommentAction\",\"name\":\"Comment\",\"target\":[\"https:\\\/\\\/mrnews.com.br\\\/index.php\\\/2022\\\/12\\\/04\\\/jardine-nega-e-barbieri-deve-mesmo-ser-o-novo-treinador-do-vasco\\\/#respond\"]}]},{\"@type\":\"WebPage\",\"@id\":\"https:\\\/\\\/mrnews.com.br\\\/index.php\\\/2022\\\/12\\\/04\\\/jardine-nega-e-barbieri-deve-mesmo-ser-o-novo-treinador-do-vasco\\\/\",\"url\":\"https:\\\/\\\/mrnews.com.br\\\/index.php\\\/2022\\\/12\\\/04\\\/jardine-nega-e-barbieri-deve-mesmo-ser-o-novo-treinador-do-vasco\\\/\",\"name\":\"JARDINE NEGA E BARBIERI DEVE MESMO SER O NOVO TREINADOR DO VASCO\",\"isPartOf\":{\"@id\":\"https:\\\/\\\/mrnews.com.br\\\/#website\"},\"datePublished\":\"2022-12-04T17:46:59+00:00\",\"dateModified\":\"2022-12-04T17:47:36+00:00\",\"breadcrumb\":{\"@id\":\"https:\\\/\\\/mrnews.com.br\\\/index.php\\\/2022\\\/12\\\/04\\\/jardine-nega-e-barbieri-deve-mesmo-ser-o-novo-treinador-do-vasco\\\/#breadcrumb\"},\"inLanguage\":\"pt-BR\",\"potentialAction\":[{\"@type\":\"ReadAction\",\"target\":[\"https:\\\/\\\/mrnews.com.br\\\/index.php\\\/2022\\\/12\\\/04\\\/jardine-nega-e-barbieri-deve-mesmo-ser-o-novo-treinador-do-vasco\\\/\"]}]},{\"@type\":\"BreadcrumbList\",\"@id\":\"https:\\\/\\\/mrnews.com.br\\\/index.php\\\/2022\\\/12\\\/04\\\/jardine-nega-e-barbieri-deve-mesmo-ser-o-novo-treinador-do-vasco\\\/#breadcrumb\",\"itemListElement\":[{\"@type\":\"ListItem\",\"position\":1,\"name\":\"In\u00edcio\",\"item\":\"https:\\\/\\\/mrnews.com.br\\\/\"},{\"@type\":\"ListItem\",\"position\":2,\"name\":\"JARDINE NEGA E BARBIERI DEVE MESMO SER O NOVO TREINADOR DO VASCO\"}]},{\"@type\":\"WebSite\",\"@id\":\"https:\\\/\\\/mrnews.com.br\\\/#website\",\"url\":\"https:\\\/\\\/mrnews.com.br\\\/\",\"name\":\"MRNews\",\"description\":\"MRNews Jogos de hoje da TV, transmiss\u00f5es ao vivo, Not\u00edcias de futebol, Jogos ao vivo, Lives, resumo de novelas, Programa\u00e7\u00e3o da Globo, A Fazenda e BBB\",\"publisher\":{\"@id\":\"https:\\\/\\\/mrnews.com.br\\\/#organization\"},\"potentialAction\":[{\"@type\":\"SearchAction\",\"target\":{\"@type\":\"EntryPoint\",\"urlTemplate\":\"https:\\\/\\\/mrnews.com.br\\\/?s={search_term_string}\"},\"query-input\":{\"@type\":\"PropertyValueSpecification\",\"valueRequired\":true,\"valueName\":\"search_term_string\"}}],\"inLanguage\":\"pt-BR\"},{\"@type\":\"Organization\",\"@id\":\"https:\\\/\\\/mrnews.com.br\\\/#organization\",\"name\":\"MRNews\",\"url\":\"https:\\\/\\\/mrnews.com.br\\\/\",\"logo\":{\"@type\":\"ImageObject\",\"inLanguage\":\"pt-BR\",\"@id\":\"https:\\\/\\\/mrnews.com.br\\\/#\\\/schema\\\/logo\\\/image\\\/\",\"url\":\"https:\\\/\\\/mrnews.com.br\\\/wp-content\\\/uploads\\\/2019\\\/06\\\/MRNewslogo2.png\",\"contentUrl\":\"https:\\\/\\\/mrnews.com.br\\\/wp-content\\\/uploads\\\/2019\\\/06\\\/MRNewslogo2.png\",\"width\":223,\"height\":58,\"caption\":\"MRNews\"},\"image\":{\"@id\":\"https:\\\/\\\/mrnews.com.br\\\/#\\\/schema\\\/logo\\\/image\\\/\"},\"sameAs\":[\"https:\\\/\\\/www.facebook.com\\\/eaipahpah\\\/?locale2=pt_BR\",\"https:\\\/\\\/x.com\\\/conspirou\",\"https:\\\/\\\/www.instagram.com\\\/eai_pahpah\",\"https:\\\/\\\/br.pinterest.com\\\/mrnewsn\\\/boards\\\/\",\"https:\\\/\\\/www.youtube.com\\\/channel\\\/UCacgnpznQ61fifLWr1tQ-vA?view_as=subscriber\"]},{\"@type\":\"Person\",\"@id\":\"https:\\\/\\\/mrnews.com.br\\\/#\\\/schema\\\/person\\\/be3203154562a9f207407861cef7827b\",\"name\":\"MR News\",\"image\":{\"@type\":\"ImageObject\",\"inLanguage\":\"pt-BR\",\"@id\":\"https:\\\/\\\/secure.gravatar.com\\\/avatar\\\/04084e6d73c042b8646e7c17b494073bf0ede3ea13c7105cfc45cbbbc28385a4?s=96&d=monsterid&r=g\",\"url\":\"https:\\\/\\\/secure.gravatar.com\\\/avatar\\\/04084e6d73c042b8646e7c17b494073bf0ede3ea13c7105cfc45cbbbc28385a4?s=96&d=monsterid&r=g\",\"contentUrl\":\"https:\\\/\\\/secure.gravatar.com\\\/avatar\\\/04084e6d73c042b8646e7c17b494073bf0ede3ea13c7105cfc45cbbbc28385a4?s=96&d=monsterid&r=g\",\"caption\":\"MR News\"},\"description\":\"Especializado em jornalismo colaborativo pela FTP em n\u00edvel de p\u00f3s-gradua\u00e7\u00e3o. suporte@oimeliga.combr\",\"sameAs\":[\"HUGO R.\",\"Admin\"],\"url\":\"https:\\\/\\\/mrnews.com.br\\\/index.php\\\/author\\\/admin\\\/\"}]}<\/script>\n<!-- \/ Yoast SEO plugin. -->","yoast_head_json":{"title":"JARDINE NEGA E BARBIERI DEVE MESMO SER O NOVO TREINADOR DO VASCO","robots":{"index":"index","follow":"follow","max-snippet":"max-snippet:-1","max-image-preview":"max-image-preview:large","max-video-preview":"max-video-preview:-1"},"canonical":"https:\/\/mrnews.com.br\/index.php\/2022\/12\/04\/jardine-nega-e-barbieri-deve-mesmo-ser-o-novo-treinador-do-vasco\/","og_locale":"pt_BR","og_type":"article","og_title":"JARDINE NEGA E BARBIERI DEVE MESMO SER O NOVO TREINADOR DO VASCO","og_description":"Maur\u00edcio Barbieri est\u00e1 mais pr\u00f3ximo do Vasco. A negocia\u00e7\u00e3o, aberta na \u00faltima semana, avan\u00e7ou nos \u00faltimos dias, e o treinador sinalizou positivamente para a proposta do clube. Pessoas envolvidas nas tratativas pregam cautela, mas h\u00e1 um otimismo quanto ao acerto no in\u00edcio da semana, antes da coletiva de imprensa de Paulo Bracks, diretor esportivo do &hellip;","og_url":"https:\/\/mrnews.com.br\/index.php\/2022\/12\/04\/jardine-nega-e-barbieri-deve-mesmo-ser-o-novo-treinador-do-vasco\/","og_site_name":"MRNews","article_publisher":"https:\/\/www.facebook.com\/eaipahpah\/?locale2=pt_BR","article_published_time":"2022-12-04T17:46:59+00:00","article_modified_time":"2022-12-04T17:47:36+00:00","author":"MR News","twitter_card":"summary_large_image","twitter_creator":"@conspirou","twitter_site":"@conspirou","twitter_misc":{"Escrito por":"MR News","Est. tempo de leitura":"2 minutos"},"schema":{"@context":"https:\/\/schema.org","@graph":[{"@type":"Article","@id":"https:\/\/mrnews.com.br\/index.php\/2022\/12\/04\/jardine-nega-e-barbieri-deve-mesmo-ser-o-novo-treinador-do-vasco\/#article","isPartOf":{"@id":"https:\/\/mrnews.com.br\/index.php\/2022\/12\/04\/jardine-nega-e-barbieri-deve-mesmo-ser-o-novo-treinador-do-vasco\/"},"author":{"name":"MR News","@id":"https:\/\/mrnews.com.br\/#\/schema\/person\/be3203154562a9f207407861cef7827b"},"headline":"JARDINE NEGA E BARBIERI DEVE MESMO SER O NOVO TREINADOR DO VASCO","datePublished":"2022-12-04T17:46:59+00:00","dateModified":"2022-12-04T17:47:36+00:00","mainEntityOfPage":{"@id":"https:\/\/mrnews.com.br\/index.php\/2022\/12\/04\/jardine-nega-e-barbieri-deve-mesmo-ser-o-novo-treinador-do-vasco\/"},"wordCount":319,"commentCount":0,"publisher":{"@id":"https:\/\/mrnews.com.br\/#organization"},"articleSection":["ESPORTES","VASCO"],"inLanguage":"pt-BR","potentialAction":[{"@type":"CommentAction","name":"Comment","target":["https:\/\/mrnews.com.br\/index.php\/2022\/12\/04\/jardine-nega-e-barbieri-deve-mesmo-ser-o-novo-treinador-do-vasco\/#respond"]}]},{"@type":"WebPage","@id":"https:\/\/mrnews.com.br\/index.php\/2022\/12\/04\/jardine-nega-e-barbieri-deve-mesmo-ser-o-novo-treinador-do-vasco\/","url":"https:\/\/mrnews.com.br\/index.php\/2022\/12\/04\/jardine-nega-e-barbieri-deve-mesmo-ser-o-novo-treinador-do-vasco\/","name":"JARDINE NEGA E BARBIERI DEVE MESMO SER O NOVO TREINADOR DO VASCO","isPartOf":{"@id":"https:\/\/mrnews.com.br\/#website"},"datePublished":"2022-12-04T17:46:59+00:00","dateModified":"2022-12-04T17:47:36+00:00","breadcrumb":{"@id":"https:\/\/mrnews.com.br\/index.php\/2022\/12\/04\/jardine-nega-e-barbieri-deve-mesmo-ser-o-novo-treinador-do-vasco\/#breadcrumb"},"inLanguage":"pt-BR","potentialAction":[{"@type":"ReadAction","target":["https:\/\/mrnews.com.br\/index.php\/2022\/12\/04\/jardine-nega-e-barbieri-deve-mesmo-ser-o-novo-treinador-do-vasco\/"]}]},{"@type":"BreadcrumbList","@id":"https:\/\/mrnews.com.br\/index.php\/2022\/12\/04\/jardine-nega-e-barbieri-deve-mesmo-ser-o-novo-treinador-do-vasco\/#breadcrumb","itemListElement":[{"@type":"ListItem","position":1,"name":"In\u00edcio","item":"https:\/\/mrnews.com.br\/"},{"@type":"ListItem","position":2,"name":"JARDINE NEGA E BARBIERI DEVE MESMO SER O NOVO TREINADOR DO VASCO"}]},{"@type":"WebSite","@id":"https:\/\/mrnews.com.br\/#website","url":"https:\/\/mrnews.com.br\/","name":"MRNews","description":"MRNews Jogos de hoje da TV, transmiss\u00f5es ao vivo, Not\u00edcias de futebol, Jogos ao vivo, Lives, resumo de novelas, Programa\u00e7\u00e3o da Globo, A Fazenda e BBB","publisher":{"@id":"https:\/\/mrnews.com.br\/#organization"},"potentialAction":[{"@type":"SearchAction","target":{"@type":"EntryPoint","urlTemplate":"https:\/\/mrnews.com.br\/?s={search_term_string}"},"query-input":{"@type":"PropertyValueSpecification","valueRequired":true,"valueName":"search_term_string"}}],"inLanguage":"pt-BR"},{"@type":"Organization","@id":"https:\/\/mrnews.com.br\/#organization","name":"MRNews","url":"https:\/\/mrnews.com.br\/","logo":{"@type":"ImageObject","inLanguage":"pt-BR","@id":"https:\/\/mrnews.com.br\/#\/schema\/logo\/image\/","url":"https:\/\/mrnews.com.br\/wp-content\/uploads\/2019\/06\/MRNewslogo2.png","contentUrl":"https:\/\/mrnews.com.br\/wp-content\/uploads\/2019\/06\/MRNewslogo2.png","width":223,"height":58,"caption":"MRNews"},"image":{"@id":"https:\/\/mrnews.com.br\/#\/schema\/logo\/image\/"},"sameAs":["https:\/\/www.facebook.com\/eaipahpah\/?locale2=pt_BR","https:\/\/x.com\/conspirou","https:\/\/www.instagram.com\/eai_pahpah","https:\/\/br.pinterest.com\/mrnewsn\/boards\/","https:\/\/www.youtube.com\/channel\/UCacgnpznQ61fifLWr1tQ-vA?view_as=subscriber"]},{"@type":"Person","@id":"https:\/\/mrnews.com.br\/#\/schema\/person\/be3203154562a9f207407861cef7827b","name":"MR News","image":{"@type":"ImageObject","inLanguage":"pt-BR","@id":"https:\/\/secure.gravatar.com\/avatar\/04084e6d73c042b8646e7c17b494073bf0ede3ea13c7105cfc45cbbbc28385a4?s=96&d=monsterid&r=g","url":"https:\/\/secure.gravatar.com\/avatar\/04084e6d73c042b8646e7c17b494073bf0ede3ea13c7105cfc45cbbbc28385a4?s=96&d=monsterid&r=g","contentUrl":"https:\/\/secure.gravatar.com\/avatar\/04084e6d73c042b8646e7c17b494073bf0ede3ea13c7105cfc45cbbbc28385a4?s=96&d=monsterid&r=g","caption":"MR News"},"description":"Especializado em jornalismo colaborativo pela FTP em n\u00edvel de p\u00f3s-gradua\u00e7\u00e3o. suporte@oimeliga.combr","sameAs":["HUGO R.","Admin"],"url":"https:\/\/mrnews.com.br\/index.php\/author\/admin\/"}]}},"jetpack_featured_media_url":"","jetpack_sharing_enabled":true,"jetpack_shortlink":"https:\/\/wp.me\/pa2Qf7-1ALa","amp_enabled":true,"_links":{"self":[{"href":"https:\/\/mrnews.com.br\/index.php\/wp-json\/wp\/v2\/posts\/379636","targetHints":{"allow":["GET"]}}],"collection":[{"href":"https:\/\/mrnews.com.br\/index.php\/wp-json\/wp\/v2\/posts"}],"about":[{"href":"https:\/\/mrnews.com.br\/index.php\/wp-json\/wp\/v2\/types\/post"}],"author":[{"embeddable":true,"href":"https:\/\/mrnews.com.br\/index.php\/wp-json\/wp\/v2\/users\/1"}],"replies":[{"embeddable":true,"href":"https:\/\/mrnews.com.br\/index.php\/wp-json\/wp\/v2\/comments?post=379636"}],"version-history":[{"count":1,"href":"https:\/\/mrnews.com.br\/index.php\/wp-json\/wp\/v2\/posts\/379636\/revisions"}],"predecessor-version":[{"id":379639,"href":"https:\/\/mrnews.com.br\/index.php\/wp-json\/wp\/v2\/posts\/379636\/revisions\/379639"}],"wp:attachment":[{"href":"https:\/\/mrnews.com.br\/index.php\/wp-json\/wp\/v2\/media?parent=379636"}],"wp:term":[{"taxonomy":"category","embeddable":true,"href":"https:\/\/mrnews.com.br\/index.php\/wp-json\/wp\/v2\/categories?post=379636"},{"taxonomy":"post_tag","embeddable":true,"href":"https:\/\/mrnews.com.br\/index.php\/wp-json\/wp\/v2\/tags?post=379636"}],"curies":[{"name":"wp","href":"https:\/\/api.w.org\/{rel}","templated":true}]}}