{"id":391583,"date":"2023-04-01T17:31:33","date_gmt":"2023-04-01T20:31:33","guid":{"rendered":"https:\/\/mrnews.com.br\/?p=391583"},"modified":"2023-04-01T17:31:33","modified_gmt":"2023-04-01T20:31:33","slug":"quem-e-o-menino-de-8-anos-que-perdeu-a-vida-de-maneira-brutal-mas-salvara-varias-pessoas-mesmo-apos-partir","status":"publish","type":"post","link":"https:\/\/mrnews.com.br\/index.php\/2023\/04\/01\/quem-e-o-menino-de-8-anos-que-perdeu-a-vida-de-maneira-brutal-mas-salvara-varias-pessoas-mesmo-apos-partir\/","title":{"rendered":"Quem \u00e9 o menino de 8 anos que perdeu a vida de maneira brutal mas salvar\u00e1 v\u00e1rias pessoas mesmo ap\u00f3s partir"},"content":{"rendered":"<p>O caso vem gerando uma enorme como\u00e7\u00e3o.<\/p>\n<p>Um pequeno her\u00f3i partiu de maneira precoce causando uma enorme como\u00e7\u00e3o. Contudo, mesmo depois de sua morte ele poder\u00e1 salvar a vida de muitas pessoas, entenda.<\/p>\n<p>Na quinta-feira (30), foi anunciado que um garotinho de apenas 8 anos havia sofrido morte cerebral ap\u00f3s um acidente de tr\u00e2nsito na BR-470, na cidade de Blumenau, que fica na regi\u00e3o do Vale do Itaja\u00ed, no interior do estado de Santa Catarina, h\u00e1 seis dias atr\u00e1s.<\/p>\n<p>Apesar da tristeza, a fam\u00edlia tomou a corajosa decis\u00e3o de doar os \u00f3rg\u00e3os do pequeno. Os pais do menino, tamb\u00e9m envolvidos na colis\u00e3o e feridos gravemente, permaneciam hospitalizados at\u00e9 a tarde desta sexta-feira (31).<\/p>\n<p>Bruno da Silva que morreu em acidente na BR-470 Foto ReproduoRedes sociais<\/p>\n<p>J\u00e1 faz uma semana desde que o acidente aconteceu. Na ocasi\u00e3o, a fam\u00edlia resolveu sair de carro \u00e0 noite para visitar os av\u00f3s maternos do menino. Infelizmente, houve uma colis\u00e3o com outro ve\u00edculo, mas a motorista saiu ilesa do ocorrido.<\/p>\n<p>De acordo com a Pol\u00edcia Rodovi\u00e1ria Federal, a mulher que acabou invadindo a pista contr\u00e1ria se recusou a realizar o teste do baf\u00f4metro.<\/p>\n<p>O pequeno era o \u00fanico filho do casal, e frequentava a Escola B\u00e1sica Municipal Francisco Lanser. A escola fez um pedido emocionado por ora\u00e7\u00f5es em prol do menino.<\/p>\n<p>Por conta dos processos m\u00e9dicos necess\u00e1rios, o vel\u00f3rio e crema\u00e7\u00e3o do garoto ser\u00e3o agendados para ocorrerem durante o s\u00e1bado (1\u00aa).<\/p>\n<p>A equipe m\u00e9dica do hospital em que os pais do garoto ainda est\u00e3o internados est\u00e1 se organizando para que possam comparecer \u00e0 cerim\u00f4nia de despedida de seu filho no Cremat\u00f3rio Vaticano, situado no bairro Salto do Norte, em Blumenau.<\/p>\n<p>Por enquanto, n\u00e3o h\u00e1 uma data e hor\u00e1rio definidos para que a solenidade aconte\u00e7a, mas espera-se que as pr\u00f3ximas informa\u00e7\u00f5es sejam divulgadas em breve.<\/p>\n<p>Carro fica destrudo aps batida na BR-470 em Blumenau<\/p>\n<p>O acidente deixou Bruno inconsciente e, por isso, ele foi imediatamente socorrido e levado para a Unidade de Terapia Intensiva (UTI). A m\u00e3e do menino tamb\u00e9m precisou ser internada na UTI, mas na sexta-feira (31), ela j\u00e1 havia sido transferida para a enfermaria.<\/p>\n<p>A equipe m\u00e9dica previu que ela precisaria passar por uma cirurgia ainda no mesmo dia. O pai do garoto, que \u00e9 marido da mulher internada, continua hospitalizado junto com ela.<\/p>\n<p>Entregue \u00e0 Pol\u00edcia Civil de Blumenau para investiga\u00e7\u00e3o, um laudo do acidente deve ser produzido, afirmou a Pol\u00edcia Rodovi\u00e1ria Federal.<\/p>\n<p>Segundo a PRF, a motorista de 28 anos que causou a colis\u00e3o n\u00e3o demonstrou sinais de embriaguez, mas se recusou a realizar o teste do baf\u00f4metro.<\/p>\n<p>&nbsp;<\/p>\n<p>&nbsp;<\/p>\n<h2>Quem \u00e9 o m\u00e9dico que perdeu a vida em ataque cruel no Esp\u00edrito Santo: &#8216; ENCONTRO COM&#8230;&#8217;<\/h2>\n<p>A morte de um jovem m\u00e9dico comoveu a popula\u00e7\u00e3o de uma cidade localizada no interior do Estado capixaba.<\/p>\n<p>No Centro de Montanha, situado no Norte do Esp\u00edrito Santo, amigos encontraram o corpo de Alo\u00edsio Vieira Silva, um m\u00e9dico de 29 anos, dentro de seu apartamento na manh\u00e3 deste domingo (26).<\/p>\n<p>Ap\u00f3s dilig\u00eancias, a Pol\u00edcia Civil e a Pol\u00edcia Militar prenderam um homem suspeito de roubar e assassinar o m\u00e9dico. De acordo com as autoridades policiais, o crime foi classificado como latroc\u00ednio, ou seja, roubo seguido de morte.<\/p>\n<p>Durante a manh\u00e3 deste domingo, amigos e colegas de trabalho de Alo\u00edsio acionaram a Pol\u00edcia Militar, pois notaram sua aus\u00eancia em seu servi\u00e7o.<\/p>\n<p>Ao chegarem \u00e0 sua resid\u00eancia, encontraram Alo\u00edsio ca\u00eddo e com sangramento no rosto, sem vida. Ap\u00f3s as dilig\u00eancias, a Pol\u00edcia Civil descobriu que um homem, cuja identidade n\u00e3o foi revelada, matou o m\u00e9dico a facadas e roubou seus pertences pessoais e seu ve\u00edculo, configurando o crime de latroc\u00ednio.<\/p>\n<p>Horas depois do crime, o suspeito de latroc\u00ednio foi detido na cidade de Concei\u00e7\u00e3o da Barra, onde foram encontrados os objetos pessoais da v\u00edtima em sua posse. Aloisio, que se formou em medicina em 2020 pela Universidade Federal do Esp\u00edrito Santo (Ufes), trabalhava em cidades do interior como Pinheiros e Montanha.<\/p>\n<p>Por volta das 9h30, a per\u00edcia foi acionada pela Pol\u00edcia Civil para analisar o crime. O corpo da v\u00edtima foi encaminhado ao Servi\u00e7o M\u00e9dico Legal (SML) de Linhares para ser necropsiado e, posteriormente, liberado para os familiares.<\/p>\n<p>&nbsp;<\/p>\n<p>&nbsp;<\/p>\n","protected":false},"excerpt":{"rendered":"<p>O caso vem gerando uma enorme como\u00e7\u00e3o. Um pequeno her\u00f3i partiu de maneira precoce causando uma enorme como\u00e7\u00e3o. Contudo, mesmo depois de sua morte ele poder\u00e1 salvar a vida de muitas pessoas, entenda. Na quinta-feira (30), foi anunciado que um garotinho de apenas 8 anos havia sofrido morte cerebral ap\u00f3s um acidente de tr\u00e2nsito na &hellip;<\/p>\n","protected":false},"author":1,"featured_media":391585,"comment_status":"open","ping_status":"open","sticky":false,"template":"","format":"standard","meta":{"_jetpack_newsletter_access":"","_jetpack_dont_email_post_to_subs":false,"_jetpack_newsletter_tier_id":0,"_jetpack_memberships_contains_paywalled_content":false,"_jetpack_feature_clip_id":0,"_jetpack_memberships_contains_paid_content":false,"footnotes":"","jetpack_post_was_ever_published":false},"categories":[2],"tags":[],"class_list":["post-391583","post","type-post","status-publish","format-standard","has-post-thumbnail","hentry","category-entretenimento"],"yoast_head":"<!-- This site is optimized with the Yoast SEO plugin v28.3 - https:\/\/yoast.com\/product\/yoast-seo-wordpress\/ -->\n<title>Quem \u00e9 o menino de 8 anos que perdeu a vida de maneira brutal mas salvar\u00e1 v\u00e1rias pessoas mesmo ap\u00f3s partir<\/title>\n<meta name=\"robots\" content=\"index, follow, max-snippet:-1, max-image-preview:large, max-video-preview:-1\" \/>\n<link rel=\"canonical\" href=\"https:\/\/mrnews.com.br\/index.php\/2023\/04\/01\/quem-e-o-menino-de-8-anos-que-perdeu-a-vida-de-maneira-brutal-mas-salvara-varias-pessoas-mesmo-apos-partir\/\" \/>\n<meta property=\"og:locale\" content=\"pt_BR\" \/>\n<meta property=\"og:type\" content=\"article\" \/>\n<meta property=\"og:title\" content=\"Quem \u00e9 o menino de 8 anos que perdeu a vida de maneira brutal mas salvar\u00e1 v\u00e1rias pessoas mesmo ap\u00f3s partir\" \/>\n<meta property=\"og:description\" content=\"O caso vem gerando uma enorme como\u00e7\u00e3o. Um pequeno her\u00f3i partiu de maneira precoce causando uma enorme como\u00e7\u00e3o. Contudo, mesmo depois de sua morte ele poder\u00e1 salvar a vida de muitas pessoas, entenda. Na quinta-feira (30), foi anunciado que um garotinho de apenas 8 anos havia sofrido morte cerebral ap\u00f3s um acidente de tr\u00e2nsito na &hellip;\" \/>\n<meta property=\"og:url\" content=\"https:\/\/mrnews.com.br\/index.php\/2023\/04\/01\/quem-e-o-menino-de-8-anos-que-perdeu-a-vida-de-maneira-brutal-mas-salvara-varias-pessoas-mesmo-apos-partir\/\" \/>\n<meta property=\"og:site_name\" content=\"MRNews\" \/>\n<meta property=\"article:publisher\" content=\"https:\/\/www.facebook.com\/eaipahpah\/?locale2=pt_BR\" \/>\n<meta property=\"article:published_time\" content=\"2023-04-01T20:31:33+00:00\" \/>\n<meta property=\"og:image\" content=\"https:\/\/mrnews.com.br\/wp-content\/uploads\/2023\/04\/FB_IMG_1680380972240.jpg\" \/>\n\t<meta property=\"og:image:width\" content=\"473\" \/>\n\t<meta property=\"og:image:height\" content=\"628\" \/>\n\t<meta property=\"og:image:type\" content=\"image\/jpeg\" \/>\n<meta name=\"author\" content=\"MR News\" \/>\n<meta name=\"twitter:card\" content=\"summary_large_image\" \/>\n<meta name=\"twitter:creator\" content=\"@conspirou\" \/>\n<meta name=\"twitter:site\" content=\"@conspirou\" \/>\n<meta name=\"twitter:label1\" content=\"Escrito por\" \/>\n\t<meta name=\"twitter:data1\" content=\"MR News\" \/>\n\t<meta name=\"twitter:label2\" content=\"Est. tempo de leitura\" \/>\n\t<meta name=\"twitter:data2\" content=\"4 minutos\" \/>\n<script type=\"application\/ld+json\" class=\"yoast-schema-graph\">{\"@context\":\"https:\\\/\\\/schema.org\",\"@graph\":[{\"@type\":\"Article\",\"@id\":\"https:\\\/\\\/mrnews.com.br\\\/index.php\\\/2023\\\/04\\\/01\\\/quem-e-o-menino-de-8-anos-que-perdeu-a-vida-de-maneira-brutal-mas-salvara-varias-pessoas-mesmo-apos-partir\\\/#article\",\"isPartOf\":{\"@id\":\"https:\\\/\\\/mrnews.com.br\\\/index.php\\\/2023\\\/04\\\/01\\\/quem-e-o-menino-de-8-anos-que-perdeu-a-vida-de-maneira-brutal-mas-salvara-varias-pessoas-mesmo-apos-partir\\\/\"},\"author\":{\"name\":\"MR News\",\"@id\":\"https:\\\/\\\/mrnews.com.br\\\/#\\\/schema\\\/person\\\/be3203154562a9f207407861cef7827b\"},\"headline\":\"Quem \u00e9 o menino de 8 anos que perdeu a vida de maneira brutal mas salvar\u00e1 v\u00e1rias pessoas mesmo ap\u00f3s partir\",\"datePublished\":\"2023-04-01T20:31:33+00:00\",\"mainEntityOfPage\":{\"@id\":\"https:\\\/\\\/mrnews.com.br\\\/index.php\\\/2023\\\/04\\\/01\\\/quem-e-o-menino-de-8-anos-que-perdeu-a-vida-de-maneira-brutal-mas-salvara-varias-pessoas-mesmo-apos-partir\\\/\"},\"wordCount\":783,\"commentCount\":0,\"publisher\":{\"@id\":\"https:\\\/\\\/mrnews.com.br\\\/#organization\"},\"image\":{\"@id\":\"https:\\\/\\\/mrnews.com.br\\\/index.php\\\/2023\\\/04\\\/01\\\/quem-e-o-menino-de-8-anos-que-perdeu-a-vida-de-maneira-brutal-mas-salvara-varias-pessoas-mesmo-apos-partir\\\/#primaryimage\"},\"thumbnailUrl\":\"https:\\\/\\\/mrnews.com.br\\\/wp-content\\\/uploads\\\/2023\\\/04\\\/FB_IMG_1680380972240.jpg\",\"articleSection\":[\"ENTRETENIMENTO\"],\"inLanguage\":\"pt-BR\",\"potentialAction\":[{\"@type\":\"CommentAction\",\"name\":\"Comment\",\"target\":[\"https:\\\/\\\/mrnews.com.br\\\/index.php\\\/2023\\\/04\\\/01\\\/quem-e-o-menino-de-8-anos-que-perdeu-a-vida-de-maneira-brutal-mas-salvara-varias-pessoas-mesmo-apos-partir\\\/#respond\"]}]},{\"@type\":\"WebPage\",\"@id\":\"https:\\\/\\\/mrnews.com.br\\\/index.php\\\/2023\\\/04\\\/01\\\/quem-e-o-menino-de-8-anos-que-perdeu-a-vida-de-maneira-brutal-mas-salvara-varias-pessoas-mesmo-apos-partir\\\/\",\"url\":\"https:\\\/\\\/mrnews.com.br\\\/index.php\\\/2023\\\/04\\\/01\\\/quem-e-o-menino-de-8-anos-que-perdeu-a-vida-de-maneira-brutal-mas-salvara-varias-pessoas-mesmo-apos-partir\\\/\",\"name\":\"Quem \u00e9 o menino de 8 anos que perdeu a vida de maneira brutal mas salvar\u00e1 v\u00e1rias pessoas mesmo ap\u00f3s partir\",\"isPartOf\":{\"@id\":\"https:\\\/\\\/mrnews.com.br\\\/#website\"},\"primaryImageOfPage\":{\"@id\":\"https:\\\/\\\/mrnews.com.br\\\/index.php\\\/2023\\\/04\\\/01\\\/quem-e-o-menino-de-8-anos-que-perdeu-a-vida-de-maneira-brutal-mas-salvara-varias-pessoas-mesmo-apos-partir\\\/#primaryimage\"},\"image\":{\"@id\":\"https:\\\/\\\/mrnews.com.br\\\/index.php\\\/2023\\\/04\\\/01\\\/quem-e-o-menino-de-8-anos-que-perdeu-a-vida-de-maneira-brutal-mas-salvara-varias-pessoas-mesmo-apos-partir\\\/#primaryimage\"},\"thumbnailUrl\":\"https:\\\/\\\/mrnews.com.br\\\/wp-content\\\/uploads\\\/2023\\\/04\\\/FB_IMG_1680380972240.jpg\",\"datePublished\":\"2023-04-01T20:31:33+00:00\",\"breadcrumb\":{\"@id\":\"https:\\\/\\\/mrnews.com.br\\\/index.php\\\/2023\\\/04\\\/01\\\/quem-e-o-menino-de-8-anos-que-perdeu-a-vida-de-maneira-brutal-mas-salvara-varias-pessoas-mesmo-apos-partir\\\/#breadcrumb\"},\"inLanguage\":\"pt-BR\",\"potentialAction\":[{\"@type\":\"ReadAction\",\"target\":[\"https:\\\/\\\/mrnews.com.br\\\/index.php\\\/2023\\\/04\\\/01\\\/quem-e-o-menino-de-8-anos-que-perdeu-a-vida-de-maneira-brutal-mas-salvara-varias-pessoas-mesmo-apos-partir\\\/\"]}]},{\"@type\":\"ImageObject\",\"inLanguage\":\"pt-BR\",\"@id\":\"https:\\\/\\\/mrnews.com.br\\\/index.php\\\/2023\\\/04\\\/01\\\/quem-e-o-menino-de-8-anos-que-perdeu-a-vida-de-maneira-brutal-mas-salvara-varias-pessoas-mesmo-apos-partir\\\/#primaryimage\",\"url\":\"https:\\\/\\\/mrnews.com.br\\\/wp-content\\\/uploads\\\/2023\\\/04\\\/FB_IMG_1680380972240.jpg\",\"contentUrl\":\"https:\\\/\\\/mrnews.com.br\\\/wp-content\\\/uploads\\\/2023\\\/04\\\/FB_IMG_1680380972240.jpg\",\"width\":473,\"height\":628},{\"@type\":\"BreadcrumbList\",\"@id\":\"https:\\\/\\\/mrnews.com.br\\\/index.php\\\/2023\\\/04\\\/01\\\/quem-e-o-menino-de-8-anos-que-perdeu-a-vida-de-maneira-brutal-mas-salvara-varias-pessoas-mesmo-apos-partir\\\/#breadcrumb\",\"itemListElement\":[{\"@type\":\"ListItem\",\"position\":1,\"name\":\"In\u00edcio\",\"item\":\"https:\\\/\\\/mrnews.com.br\\\/\"},{\"@type\":\"ListItem\",\"position\":2,\"name\":\"Quem \u00e9 o menino de 8 anos que perdeu a vida de maneira brutal mas salvar\u00e1 v\u00e1rias pessoas mesmo ap\u00f3s partir\"}]},{\"@type\":\"WebSite\",\"@id\":\"https:\\\/\\\/mrnews.com.br\\\/#website\",\"url\":\"https:\\\/\\\/mrnews.com.br\\\/\",\"name\":\"MRNews\",\"description\":\"MRNews Jogos de hoje da TV, transmiss\u00f5es ao vivo, Not\u00edcias de futebol, Jogos ao vivo, Lives, resumo de novelas, Programa\u00e7\u00e3o da Globo, A Fazenda e BBB\",\"publisher\":{\"@id\":\"https:\\\/\\\/mrnews.com.br\\\/#organization\"},\"potentialAction\":[{\"@type\":\"SearchAction\",\"target\":{\"@type\":\"EntryPoint\",\"urlTemplate\":\"https:\\\/\\\/mrnews.com.br\\\/?s={search_term_string}\"},\"query-input\":{\"@type\":\"PropertyValueSpecification\",\"valueRequired\":true,\"valueName\":\"search_term_string\"}}],\"inLanguage\":\"pt-BR\"},{\"@type\":\"Organization\",\"@id\":\"https:\\\/\\\/mrnews.com.br\\\/#organization\",\"name\":\"MRNews\",\"url\":\"https:\\\/\\\/mrnews.com.br\\\/\",\"logo\":{\"@type\":\"ImageObject\",\"inLanguage\":\"pt-BR\",\"@id\":\"https:\\\/\\\/mrnews.com.br\\\/#\\\/schema\\\/logo\\\/image\\\/\",\"url\":\"https:\\\/\\\/mrnews.com.br\\\/wp-content\\\/uploads\\\/2026\\\/08\\\/MRNEws.png\",\"contentUrl\":\"https:\\\/\\\/mrnews.com.br\\\/wp-content\\\/uploads\\\/2026\\\/08\\\/MRNEws.png\",\"width\":1254,\"height\":1254,\"caption\":\"MRNews\"},\"image\":{\"@id\":\"https:\\\/\\\/mrnews.com.br\\\/#\\\/schema\\\/logo\\\/image\\\/\"},\"sameAs\":[\"https:\\\/\\\/www.facebook.com\\\/eaipahpah\\\/?locale2=pt_BR\",\"https:\\\/\\\/x.com\\\/conspirou\",\"https:\\\/\\\/www.instagram.com\\\/eai_pahpah\",\"https:\\\/\\\/br.pinterest.com\\\/mrnewsn\\\/boards\\\/\",\"https:\\\/\\\/www.youtube.com\\\/channel\\\/UCacgnpznQ61fifLWr1tQ-vA?view_as=subscriber\"]},{\"@type\":\"Person\",\"@id\":\"https:\\\/\\\/mrnews.com.br\\\/#\\\/schema\\\/person\\\/be3203154562a9f207407861cef7827b\",\"name\":\"MR News\",\"image\":{\"@type\":\"ImageObject\",\"inLanguage\":\"pt-BR\",\"@id\":\"https:\\\/\\\/secure.gravatar.com\\\/avatar\\\/04084e6d73c042b8646e7c17b494073bf0ede3ea13c7105cfc45cbbbc28385a4?s=96&d=monsterid&r=g\",\"url\":\"https:\\\/\\\/secure.gravatar.com\\\/avatar\\\/04084e6d73c042b8646e7c17b494073bf0ede3ea13c7105cfc45cbbbc28385a4?s=96&d=monsterid&r=g\",\"contentUrl\":\"https:\\\/\\\/secure.gravatar.com\\\/avatar\\\/04084e6d73c042b8646e7c17b494073bf0ede3ea13c7105cfc45cbbbc28385a4?s=96&d=monsterid&r=g\",\"caption\":\"MR News\"},\"description\":\"Especializado em jornalismo colaborativo pela FTP em n\u00edvel de p\u00f3s-gradua\u00e7\u00e3o. suporte@oimeliga.combr\",\"sameAs\":[\"HUGO R.\",\"Admin\"],\"url\":\"https:\\\/\\\/mrnews.com.br\\\/index.php\\\/author\\\/admin\\\/\"}]}<\/script>\n<!-- \/ Yoast SEO plugin. -->","yoast_head_json":{"title":"Quem \u00e9 o menino de 8 anos que perdeu a vida de maneira brutal mas salvar\u00e1 v\u00e1rias pessoas mesmo ap\u00f3s partir","robots":{"index":"index","follow":"follow","max-snippet":"max-snippet:-1","max-image-preview":"max-image-preview:large","max-video-preview":"max-video-preview:-1"},"canonical":"https:\/\/mrnews.com.br\/index.php\/2023\/04\/01\/quem-e-o-menino-de-8-anos-que-perdeu-a-vida-de-maneira-brutal-mas-salvara-varias-pessoas-mesmo-apos-partir\/","og_locale":"pt_BR","og_type":"article","og_title":"Quem \u00e9 o menino de 8 anos que perdeu a vida de maneira brutal mas salvar\u00e1 v\u00e1rias pessoas mesmo ap\u00f3s partir","og_description":"O caso vem gerando uma enorme como\u00e7\u00e3o. Um pequeno her\u00f3i partiu de maneira precoce causando uma enorme como\u00e7\u00e3o. Contudo, mesmo depois de sua morte ele poder\u00e1 salvar a vida de muitas pessoas, entenda. Na quinta-feira (30), foi anunciado que um garotinho de apenas 8 anos havia sofrido morte cerebral ap\u00f3s um acidente de tr\u00e2nsito na &hellip;","og_url":"https:\/\/mrnews.com.br\/index.php\/2023\/04\/01\/quem-e-o-menino-de-8-anos-que-perdeu-a-vida-de-maneira-brutal-mas-salvara-varias-pessoas-mesmo-apos-partir\/","og_site_name":"MRNews","article_publisher":"https:\/\/www.facebook.com\/eaipahpah\/?locale2=pt_BR","article_published_time":"2023-04-01T20:31:33+00:00","og_image":[{"width":473,"height":628,"url":"https:\/\/mrnews.com.br\/wp-content\/uploads\/2023\/04\/FB_IMG_1680380972240.jpg","type":"image\/jpeg"}],"author":"MR News","twitter_card":"summary_large_image","twitter_creator":"@conspirou","twitter_site":"@conspirou","twitter_misc":{"Escrito por":"MR News","Est. tempo de leitura":"4 minutos"},"schema":{"@context":"https:\/\/schema.org","@graph":[{"@type":"Article","@id":"https:\/\/mrnews.com.br\/index.php\/2023\/04\/01\/quem-e-o-menino-de-8-anos-que-perdeu-a-vida-de-maneira-brutal-mas-salvara-varias-pessoas-mesmo-apos-partir\/#article","isPartOf":{"@id":"https:\/\/mrnews.com.br\/index.php\/2023\/04\/01\/quem-e-o-menino-de-8-anos-que-perdeu-a-vida-de-maneira-brutal-mas-salvara-varias-pessoas-mesmo-apos-partir\/"},"author":{"name":"MR News","@id":"https:\/\/mrnews.com.br\/#\/schema\/person\/be3203154562a9f207407861cef7827b"},"headline":"Quem \u00e9 o menino de 8 anos que perdeu a vida de maneira brutal mas salvar\u00e1 v\u00e1rias pessoas mesmo ap\u00f3s partir","datePublished":"2023-04-01T20:31:33+00:00","mainEntityOfPage":{"@id":"https:\/\/mrnews.com.br\/index.php\/2023\/04\/01\/quem-e-o-menino-de-8-anos-que-perdeu-a-vida-de-maneira-brutal-mas-salvara-varias-pessoas-mesmo-apos-partir\/"},"wordCount":783,"commentCount":0,"publisher":{"@id":"https:\/\/mrnews.com.br\/#organization"},"image":{"@id":"https:\/\/mrnews.com.br\/index.php\/2023\/04\/01\/quem-e-o-menino-de-8-anos-que-perdeu-a-vida-de-maneira-brutal-mas-salvara-varias-pessoas-mesmo-apos-partir\/#primaryimage"},"thumbnailUrl":"https:\/\/mrnews.com.br\/wp-content\/uploads\/2023\/04\/FB_IMG_1680380972240.jpg","articleSection":["ENTRETENIMENTO"],"inLanguage":"pt-BR","potentialAction":[{"@type":"CommentAction","name":"Comment","target":["https:\/\/mrnews.com.br\/index.php\/2023\/04\/01\/quem-e-o-menino-de-8-anos-que-perdeu-a-vida-de-maneira-brutal-mas-salvara-varias-pessoas-mesmo-apos-partir\/#respond"]}]},{"@type":"WebPage","@id":"https:\/\/mrnews.com.br\/index.php\/2023\/04\/01\/quem-e-o-menino-de-8-anos-que-perdeu-a-vida-de-maneira-brutal-mas-salvara-varias-pessoas-mesmo-apos-partir\/","url":"https:\/\/mrnews.com.br\/index.php\/2023\/04\/01\/quem-e-o-menino-de-8-anos-que-perdeu-a-vida-de-maneira-brutal-mas-salvara-varias-pessoas-mesmo-apos-partir\/","name":"Quem \u00e9 o menino de 8 anos que perdeu a vida de maneira brutal mas salvar\u00e1 v\u00e1rias pessoas mesmo ap\u00f3s partir","isPartOf":{"@id":"https:\/\/mrnews.com.br\/#website"},"primaryImageOfPage":{"@id":"https:\/\/mrnews.com.br\/index.php\/2023\/04\/01\/quem-e-o-menino-de-8-anos-que-perdeu-a-vida-de-maneira-brutal-mas-salvara-varias-pessoas-mesmo-apos-partir\/#primaryimage"},"image":{"@id":"https:\/\/mrnews.com.br\/index.php\/2023\/04\/01\/quem-e-o-menino-de-8-anos-que-perdeu-a-vida-de-maneira-brutal-mas-salvara-varias-pessoas-mesmo-apos-partir\/#primaryimage"},"thumbnailUrl":"https:\/\/mrnews.com.br\/wp-content\/uploads\/2023\/04\/FB_IMG_1680380972240.jpg","datePublished":"2023-04-01T20:31:33+00:00","breadcrumb":{"@id":"https:\/\/mrnews.com.br\/index.php\/2023\/04\/01\/quem-e-o-menino-de-8-anos-que-perdeu-a-vida-de-maneira-brutal-mas-salvara-varias-pessoas-mesmo-apos-partir\/#breadcrumb"},"inLanguage":"pt-BR","potentialAction":[{"@type":"ReadAction","target":["https:\/\/mrnews.com.br\/index.php\/2023\/04\/01\/quem-e-o-menino-de-8-anos-que-perdeu-a-vida-de-maneira-brutal-mas-salvara-varias-pessoas-mesmo-apos-partir\/"]}]},{"@type":"ImageObject","inLanguage":"pt-BR","@id":"https:\/\/mrnews.com.br\/index.php\/2023\/04\/01\/quem-e-o-menino-de-8-anos-que-perdeu-a-vida-de-maneira-brutal-mas-salvara-varias-pessoas-mesmo-apos-partir\/#primaryimage","url":"https:\/\/mrnews.com.br\/wp-content\/uploads\/2023\/04\/FB_IMG_1680380972240.jpg","contentUrl":"https:\/\/mrnews.com.br\/wp-content\/uploads\/2023\/04\/FB_IMG_1680380972240.jpg","width":473,"height":628},{"@type":"BreadcrumbList","@id":"https:\/\/mrnews.com.br\/index.php\/2023\/04\/01\/quem-e-o-menino-de-8-anos-que-perdeu-a-vida-de-maneira-brutal-mas-salvara-varias-pessoas-mesmo-apos-partir\/#breadcrumb","itemListElement":[{"@type":"ListItem","position":1,"name":"In\u00edcio","item":"https:\/\/mrnews.com.br\/"},{"@type":"ListItem","position":2,"name":"Quem \u00e9 o menino de 8 anos que perdeu a vida de maneira brutal mas salvar\u00e1 v\u00e1rias pessoas mesmo ap\u00f3s partir"}]},{"@type":"WebSite","@id":"https:\/\/mrnews.com.br\/#website","url":"https:\/\/mrnews.com.br\/","name":"MRNews","description":"MRNews Jogos de hoje da TV, transmiss\u00f5es ao vivo, Not\u00edcias de futebol, Jogos ao vivo, Lives, resumo de novelas, Programa\u00e7\u00e3o da Globo, A Fazenda e BBB","publisher":{"@id":"https:\/\/mrnews.com.br\/#organization"},"potentialAction":[{"@type":"SearchAction","target":{"@type":"EntryPoint","urlTemplate":"https:\/\/mrnews.com.br\/?s={search_term_string}"},"query-input":{"@type":"PropertyValueSpecification","valueRequired":true,"valueName":"search_term_string"}}],"inLanguage":"pt-BR"},{"@type":"Organization","@id":"https:\/\/mrnews.com.br\/#organization","name":"MRNews","url":"https:\/\/mrnews.com.br\/","logo":{"@type":"ImageObject","inLanguage":"pt-BR","@id":"https:\/\/mrnews.com.br\/#\/schema\/logo\/image\/","url":"https:\/\/mrnews.com.br\/wp-content\/uploads\/2026\/08\/MRNEws.png","contentUrl":"https:\/\/mrnews.com.br\/wp-content\/uploads\/2026\/08\/MRNEws.png","width":1254,"height":1254,"caption":"MRNews"},"image":{"@id":"https:\/\/mrnews.com.br\/#\/schema\/logo\/image\/"},"sameAs":["https:\/\/www.facebook.com\/eaipahpah\/?locale2=pt_BR","https:\/\/x.com\/conspirou","https:\/\/www.instagram.com\/eai_pahpah","https:\/\/br.pinterest.com\/mrnewsn\/boards\/","https:\/\/www.youtube.com\/channel\/UCacgnpznQ61fifLWr1tQ-vA?view_as=subscriber"]},{"@type":"Person","@id":"https:\/\/mrnews.com.br\/#\/schema\/person\/be3203154562a9f207407861cef7827b","name":"MR News","image":{"@type":"ImageObject","inLanguage":"pt-BR","@id":"https:\/\/secure.gravatar.com\/avatar\/04084e6d73c042b8646e7c17b494073bf0ede3ea13c7105cfc45cbbbc28385a4?s=96&d=monsterid&r=g","url":"https:\/\/secure.gravatar.com\/avatar\/04084e6d73c042b8646e7c17b494073bf0ede3ea13c7105cfc45cbbbc28385a4?s=96&d=monsterid&r=g","contentUrl":"https:\/\/secure.gravatar.com\/avatar\/04084e6d73c042b8646e7c17b494073bf0ede3ea13c7105cfc45cbbbc28385a4?s=96&d=monsterid&r=g","caption":"MR News"},"description":"Especializado em jornalismo colaborativo pela FTP em n\u00edvel de p\u00f3s-gradua\u00e7\u00e3o. suporte@oimeliga.combr","sameAs":["HUGO R.","Admin"],"url":"https:\/\/mrnews.com.br\/index.php\/author\/admin\/"}]}},"jetpack_sharing_enabled":true,"jetpack_shortlink":"https:\/\/wp.me\/pa2Qf7-1DRR","amp_enabled":true,"jetpack_featured_media_url":"https:\/\/mrnews.com.br\/wp-content\/uploads\/2023\/04\/FB_IMG_1680380972240.jpg","_links":{"self":[{"href":"https:\/\/mrnews.com.br\/index.php\/wp-json\/wp\/v2\/posts\/391583","targetHints":{"allow":["GET"]}}],"collection":[{"href":"https:\/\/mrnews.com.br\/index.php\/wp-json\/wp\/v2\/posts"}],"about":[{"href":"https:\/\/mrnews.com.br\/index.php\/wp-json\/wp\/v2\/types\/post"}],"author":[{"embeddable":true,"href":"https:\/\/mrnews.com.br\/index.php\/wp-json\/wp\/v2\/users\/1"}],"replies":[{"embeddable":true,"href":"https:\/\/mrnews.com.br\/index.php\/wp-json\/wp\/v2\/comments?post=391583"}],"version-history":[{"count":1,"href":"https:\/\/mrnews.com.br\/index.php\/wp-json\/wp\/v2\/posts\/391583\/revisions"}],"predecessor-version":[{"id":391586,"href":"https:\/\/mrnews.com.br\/index.php\/wp-json\/wp\/v2\/posts\/391583\/revisions\/391586"}],"wp:featuredmedia":[{"embeddable":true,"href":"https:\/\/mrnews.com.br\/index.php\/wp-json\/wp\/v2\/media\/391585"}],"wp:attachment":[{"href":"https:\/\/mrnews.com.br\/index.php\/wp-json\/wp\/v2\/media?parent=391583"}],"wp:term":[{"taxonomy":"category","embeddable":true,"href":"https:\/\/mrnews.com.br\/index.php\/wp-json\/wp\/v2\/categories?post=391583"},{"taxonomy":"post_tag","embeddable":true,"href":"https:\/\/mrnews.com.br\/index.php\/wp-json\/wp\/v2\/tags?post=391583"}],"curies":[{"name":"wp","href":"https:\/\/api.w.org\/{rel}","templated":true}]}}