{"id":392424,"date":"2023-04-10T00:13:58","date_gmt":"2023-04-10T03:13:58","guid":{"rendered":"https:\/\/mrnews.com.br\/?p=392424"},"modified":"2023-04-10T00:17:15","modified_gmt":"2023-04-10T03:17:15","slug":"bbb23-enquete-uol-revela-quem-sai-entre-fred-bruna-sarah","status":"publish","type":"post","link":"https:\/\/mrnews.com.br\/index.php\/2023\/04\/10\/bbb23-enquete-uol-revela-quem-sai-entre-fred-bruna-sarah\/","title":{"rendered":"BBB23: ENQUETE UOL REVELA QUEM SAI ENTRE FRED, BRUNA, SARAH"},"content":{"rendered":"<div class=\"content-intertitle\">\n<p>O Pared\u00e3o <a href=\"https:\/\/mrnews.com.br\/index.php\/category\/entretenimento\/big-brother-brasil-bbb\/\">BBB23<\/a> desta semana foi formado e o jogo virou mais uma vez.\u00a0 Ap\u00f3s as \u00faltimas elimina\u00e7\u00f5es,\u00a0 principalmente com as \u00faltimas elimina\u00e7\u00f5es, o jogo virou.\u00a0 E agora est\u00e3o no Pared\u00e3o <strong><a href=\"https:\/\/fmrural.com.br\/2023\/04\/10\/enquete-uol-bbb23-revela-quem-fica-no-paredao-fred-bruna-sarah\/\">FRED, BRUNA, SARAH<\/a> .<\/strong> O Pared\u00e3o da semana foi assim formado e a <strong>enquete do UOL<\/strong> j\u00e1 revelou quem vai ficar e quem vai sair.<\/p>\n<p>O l\u00edder da semana \u00e9 <strong>Alface<\/strong>,\u00a0 que conquistou a lideran\u00e7a ap\u00f3s uma prova de resist\u00eancia incr\u00edvel. O anjo foi ganho por <strong>Black<\/strong>.<\/p>\n<p>A din\u00e2mica dessa semana \u00e9 totalmente diferente. At\u00e9 os votos ser\u00e3o para ficar e n\u00e3o para elimina\u00e7\u00e3o.<\/p>\n<div class=\"content-intertitle\">\n<h2><\/h2>\n<\/div>\n<div class=\"content-intertitle\">\n<h2>Saiba como vai ser formado o pr\u00f3ximo Pared\u00e3o:<\/h2>\n<\/div>\n<p>&nbsp;<\/p>\n<p>&nbsp;<\/p>\n<ul class=\"content-unordered-list\">\n<li>Dois emparedados pelo Castigo do Monstro (o L\u00edder n\u00e3o poder\u00e1 ser escolhido para o Monstro essa semana) <strong>Aline e Amanda<\/strong><\/li>\n<li>Anjo autoimune; <strong>Black<\/strong><\/li>\n<li>L\u00edder indica; <strong>FRED<\/strong><\/li>\n<li>Casa vota; BRUNA E SARAH , LIDER DESEMPATOU EM <strong>BRUNA<\/strong><\/li>\n<li>Poder Curinga: Poder da Mistura; o dono do Poder Curinga vai trocar um dos dois emparedados do Monstro por algu\u00e9m ainda dispon\u00edvel na casa; ALINE TROCOU DE LUGAR COM <strong>SARAH<\/strong><\/li>\n<li>Emparedado pelo L\u00edder salva um dos dois com o colar de Emparedado pelo Monstro; <strong>Sarah salva<\/strong><\/li>\n<li>Emparedado do Monstro que continua no Pared\u00e3o puxa algu\u00e9m para a berlinda; Amanda coloca\u00a0<strong>Sarah<\/strong><\/li>\n<li>Prova Bate-Volta; AMANDA SE SAFA<\/li>\n<li>Formado o Pared\u00e3o Triplo.<\/li>\n<\/ul>\n<\/div>\n<h2><\/h2>\n<h2>ENQUETE DO UOL REVELA QUEM DEVE SAIR NO PARED\u00c3O ENTRE <strong>FRED, BRUNA, SARAH E AMANDA NO BBB23<\/strong><\/h2>\n<p>Assim que o programa deste domingo\u00a0 acabou, a enquete do UOL j\u00e1 come\u00e7ou a bombar e dar uma no\u00e7\u00e3o de quem deveria ser eliminado neste Pared\u00e3o , uma din\u00e2mica quase nova no Big Brother Brasil. Veja os n\u00fameros abaixo. A princ\u00edpio, <strong>Este brother<\/strong> deve mesmo ser <strong>O ELIMINADO<\/strong>, e os demais, parecem ter agradado um pouco mais a turma que vota por l\u00e1 e na enquete do UOL.<\/p>\n<h2><strong>FRED 36% &#8211; ELIMINADO<\/strong><\/h2>\n<h2><strong> BRUNA 35%<\/strong><\/h2>\n<h2><strong> SARAH 29%<\/strong><\/h2>\n<h2><\/h2>\n<p>Cabe lembrar que, no <a href=\"https:\/\/mauaagora.com.br\/2023\/03\/06\/bbb23-enquete-uol-revela-quem-sera-eliminado-no-paredao-sarah-aline-key-alves-marvila-domitila-guime\/\"><strong>Big Brother Brasil<\/strong><\/a>, o f\u00e3 vota para ver quem sai do programa, diferente de alguns outros realities, como em A FAZENDA, que vota para ficar no programa.<\/p>\n<p>Cabe lembrar que as enquetes n\u00e3o definem o Pared\u00e3o e tamb\u00e9m n\u00e3o s\u00e3o motivo para definir um eliminado. Certo? Vamos aos n\u00fameros:<\/p>\n<p>&nbsp;<\/p>\n<h1><i class=\"col-sm-22 col-md-22 col-lg-22 custom-title\">ENQUETE UOL BBB 23: Quem voc\u00ea quer eliminar no Pared\u00e3o?<\/i><\/h1>\n<p>&nbsp;<\/p>\n<h2><a href=\"https:\/\/fmrural.com.br\/2023\/04\/03\/enquete-uol-bbb23-revela-quem-sai-no-paredao-domitila-amanda-larissa-cezar-e-marvvila\/\">VEJA AQUI A PARCIAL ATUALIZADA\u00a0<\/a><\/h2>\n<p>&nbsp;<\/p>\n<h2>Onde assistir o BBB23 ao vivo e 24 horas por dia?<\/h2>\n<p>O <a href=\"https:\/\/mauaagora.com.br\/category\/entretenimento\/\">BBB23<\/a> poder\u00e1 ser visto de tr\u00eas formas diferentes e ao vivo, entretanto, apenas uma delas ser\u00e1 24 horas por dia e numa din\u00e2mica de v\u00e1rias c\u00e2meras e varia\u00e7\u00f5es de \u00e2ngulos. Mas vamos falar das outras formas primeiro. A cada noite na Globo TV ao vivo, h\u00e1 uma edi\u00e7\u00e3o ou programa ao vivo, que mostra a din\u00e2mica do dia e fatos relevantes ao longo dos \u00faltimos dias. J\u00e1 em rela\u00e7\u00e3o \u00e0 elimina\u00e7\u00e3o e edi\u00e7\u00f5es especiais, \u00e9 poss\u00edvel ver flashes ao longo da programa\u00e7\u00e3o da Globo, como no programa de Ana Maria Braga ou tamb\u00e9m no Encontro e outros programas de entretenimento.<\/p>\n<p>J\u00e1 no Multishow, \u00e9 poss\u00edvel ver um pouco do \u2018ao vivo\u2019 logo ap\u00f3s finalizada a programa\u00e7\u00e3o da Globo e tamb\u00e9m h\u00e1 um especial de elimina\u00e7\u00e3o e de forma\u00e7\u00e3o de Pared\u00e3o, logo ap\u00f3s a edi\u00e7\u00e3o ao vivo. Por fim, para se assistir 24 horas ao vivo, apenas por meio do servi\u00e7o pago, o GloboPlay, que possui ofertas especiais para o assinante ver o BBB. Acesse o site do app que voc\u00ea poder\u00e1 ver a oferta vigente e poder ver 24 horas por dia ao vivo e sem cortes o Big Brother Brasil 23.<\/p>\n<p>&nbsp;<\/p>\n<h3>Compartilhe isso:<\/h3>\n<h3>Compartilhe isso:<\/h3>\n","protected":false},"excerpt":{"rendered":"<p>O Pared\u00e3o BBB23 desta semana foi formado e o jogo virou mais uma vez.\u00a0 Ap\u00f3s as \u00faltimas elimina\u00e7\u00f5es,\u00a0 principalmente com as \u00faltimas elimina\u00e7\u00f5es, o jogo virou.\u00a0 E agora est\u00e3o no Pared\u00e3o FRED, BRUNA, SARAH . O Pared\u00e3o da semana foi assim formado e a enquete do UOL j\u00e1 revelou quem vai ficar e quem vai &hellip;<\/p>\n","protected":false},"author":1,"featured_media":327943,"comment_status":"open","ping_status":"open","sticky":false,"template":"","format":"standard","meta":{"_jetpack_memberships_contains_paid_content":false,"footnotes":""},"categories":[2302,2],"tags":[],"class_list":["post-392424","post","type-post","status-publish","format-standard","has-post-thumbnail","hentry","category-big-brother-brasil-bbb","category-entretenimento"],"yoast_head":"<!-- This site is optimized with the Yoast SEO plugin v27.5 - https:\/\/yoast.com\/product\/yoast-seo-wordpress\/ -->\n<title>BBB23: ENQUETE UOL REVELA QUEM SAI ENTRE FRED, BRUNA, SARAH<\/title>\n<meta name=\"robots\" content=\"index, follow, max-snippet:-1, max-image-preview:large, max-video-preview:-1\" \/>\n<link rel=\"canonical\" href=\"https:\/\/mrnews.com.br\/index.php\/2023\/04\/10\/bbb23-enquete-uol-revela-quem-sai-entre-fred-bruna-sarah\/\" \/>\n<meta property=\"og:locale\" content=\"pt_BR\" \/>\n<meta property=\"og:type\" content=\"article\" \/>\n<meta property=\"og:title\" content=\"BBB23: ENQUETE UOL REVELA QUEM SAI ENTRE FRED, BRUNA, SARAH\" \/>\n<meta property=\"og:description\" content=\"O Pared\u00e3o BBB23 desta semana foi formado e o jogo virou mais uma vez.\u00a0 Ap\u00f3s as \u00faltimas elimina\u00e7\u00f5es,\u00a0 principalmente com as \u00faltimas elimina\u00e7\u00f5es, o jogo virou.\u00a0 E agora est\u00e3o no Pared\u00e3o FRED, BRUNA, SARAH . O Pared\u00e3o da semana foi assim formado e a enquete do UOL j\u00e1 revelou quem vai ficar e quem vai &hellip;\" \/>\n<meta property=\"og:url\" content=\"https:\/\/mrnews.com.br\/index.php\/2023\/04\/10\/bbb23-enquete-uol-revela-quem-sai-entre-fred-bruna-sarah\/\" \/>\n<meta property=\"og:site_name\" content=\"MRNews\" \/>\n<meta property=\"article:publisher\" content=\"https:\/\/www.facebook.com\/eaipahpah\/?locale2=pt_BR\" \/>\n<meta property=\"article:published_time\" content=\"2023-04-10T03:13:58+00:00\" \/>\n<meta property=\"article:modified_time\" content=\"2023-04-10T03:17:15+00:00\" \/>\n<meta property=\"og:image\" content=\"https:\/\/mrnews.com.br\/wp-content\/uploads\/2022\/02\/tadeu-schmidt.jpeg\" \/>\n\t<meta property=\"og:image:width\" content=\"250\" \/>\n\t<meta property=\"og:image:height\" content=\"200\" \/>\n\t<meta property=\"og:image:type\" content=\"image\/jpeg\" \/>\n<meta name=\"author\" content=\"MR News\" \/>\n<meta name=\"twitter:card\" content=\"summary_large_image\" \/>\n<meta name=\"twitter:creator\" content=\"@conspirou\" \/>\n<meta name=\"twitter:site\" content=\"@conspirou\" \/>\n<meta name=\"twitter:label1\" content=\"Escrito por\" \/>\n\t<meta name=\"twitter:data1\" content=\"MR News\" \/>\n\t<meta name=\"twitter:label2\" content=\"Est. tempo de leitura\" \/>\n\t<meta name=\"twitter:data2\" content=\"4 minutos\" \/>\n<script type=\"application\/ld+json\" class=\"yoast-schema-graph\">{\"@context\":\"https:\\\/\\\/schema.org\",\"@graph\":[{\"@type\":\"Article\",\"@id\":\"https:\\\/\\\/mrnews.com.br\\\/index.php\\\/2023\\\/04\\\/10\\\/bbb23-enquete-uol-revela-quem-sai-entre-fred-bruna-sarah\\\/#article\",\"isPartOf\":{\"@id\":\"https:\\\/\\\/mrnews.com.br\\\/index.php\\\/2023\\\/04\\\/10\\\/bbb23-enquete-uol-revela-quem-sai-entre-fred-bruna-sarah\\\/\"},\"author\":{\"name\":\"MR News\",\"@id\":\"https:\\\/\\\/mrnews.com.br\\\/#\\\/schema\\\/person\\\/be3203154562a9f207407861cef7827b\"},\"headline\":\"BBB23: ENQUETE UOL REVELA QUEM SAI ENTRE FRED, BRUNA, SARAH\",\"datePublished\":\"2023-04-10T03:13:58+00:00\",\"dateModified\":\"2023-04-10T03:17:15+00:00\",\"mainEntityOfPage\":{\"@id\":\"https:\\\/\\\/mrnews.com.br\\\/index.php\\\/2023\\\/04\\\/10\\\/bbb23-enquete-uol-revela-quem-sai-entre-fred-bruna-sarah\\\/\"},\"wordCount\":641,\"commentCount\":0,\"publisher\":{\"@id\":\"https:\\\/\\\/mrnews.com.br\\\/#organization\"},\"image\":{\"@id\":\"https:\\\/\\\/mrnews.com.br\\\/index.php\\\/2023\\\/04\\\/10\\\/bbb23-enquete-uol-revela-quem-sai-entre-fred-bruna-sarah\\\/#primaryimage\"},\"thumbnailUrl\":\"https:\\\/\\\/mrnews.com.br\\\/wp-content\\\/uploads\\\/2022\\\/02\\\/tadeu-schmidt.jpeg\",\"articleSection\":[\"BBB\",\"ENTRETENIMENTO\"],\"inLanguage\":\"pt-BR\",\"potentialAction\":[{\"@type\":\"CommentAction\",\"name\":\"Comment\",\"target\":[\"https:\\\/\\\/mrnews.com.br\\\/index.php\\\/2023\\\/04\\\/10\\\/bbb23-enquete-uol-revela-quem-sai-entre-fred-bruna-sarah\\\/#respond\"]}]},{\"@type\":\"WebPage\",\"@id\":\"https:\\\/\\\/mrnews.com.br\\\/index.php\\\/2023\\\/04\\\/10\\\/bbb23-enquete-uol-revela-quem-sai-entre-fred-bruna-sarah\\\/\",\"url\":\"https:\\\/\\\/mrnews.com.br\\\/index.php\\\/2023\\\/04\\\/10\\\/bbb23-enquete-uol-revela-quem-sai-entre-fred-bruna-sarah\\\/\",\"name\":\"BBB23: ENQUETE UOL REVELA QUEM SAI ENTRE FRED, BRUNA, SARAH\",\"isPartOf\":{\"@id\":\"https:\\\/\\\/mrnews.com.br\\\/#website\"},\"primaryImageOfPage\":{\"@id\":\"https:\\\/\\\/mrnews.com.br\\\/index.php\\\/2023\\\/04\\\/10\\\/bbb23-enquete-uol-revela-quem-sai-entre-fred-bruna-sarah\\\/#primaryimage\"},\"image\":{\"@id\":\"https:\\\/\\\/mrnews.com.br\\\/index.php\\\/2023\\\/04\\\/10\\\/bbb23-enquete-uol-revela-quem-sai-entre-fred-bruna-sarah\\\/#primaryimage\"},\"thumbnailUrl\":\"https:\\\/\\\/mrnews.com.br\\\/wp-content\\\/uploads\\\/2022\\\/02\\\/tadeu-schmidt.jpeg\",\"datePublished\":\"2023-04-10T03:13:58+00:00\",\"dateModified\":\"2023-04-10T03:17:15+00:00\",\"breadcrumb\":{\"@id\":\"https:\\\/\\\/mrnews.com.br\\\/index.php\\\/2023\\\/04\\\/10\\\/bbb23-enquete-uol-revela-quem-sai-entre-fred-bruna-sarah\\\/#breadcrumb\"},\"inLanguage\":\"pt-BR\",\"potentialAction\":[{\"@type\":\"ReadAction\",\"target\":[\"https:\\\/\\\/mrnews.com.br\\\/index.php\\\/2023\\\/04\\\/10\\\/bbb23-enquete-uol-revela-quem-sai-entre-fred-bruna-sarah\\\/\"]}]},{\"@type\":\"ImageObject\",\"inLanguage\":\"pt-BR\",\"@id\":\"https:\\\/\\\/mrnews.com.br\\\/index.php\\\/2023\\\/04\\\/10\\\/bbb23-enquete-uol-revela-quem-sai-entre-fred-bruna-sarah\\\/#primaryimage\",\"url\":\"https:\\\/\\\/mrnews.com.br\\\/wp-content\\\/uploads\\\/2022\\\/02\\\/tadeu-schmidt.jpeg\",\"contentUrl\":\"https:\\\/\\\/mrnews.com.br\\\/wp-content\\\/uploads\\\/2022\\\/02\\\/tadeu-schmidt.jpeg\",\"width\":250,\"height\":200,\"caption\":\"Tadeu Schmidt\"},{\"@type\":\"BreadcrumbList\",\"@id\":\"https:\\\/\\\/mrnews.com.br\\\/index.php\\\/2023\\\/04\\\/10\\\/bbb23-enquete-uol-revela-quem-sai-entre-fred-bruna-sarah\\\/#breadcrumb\",\"itemListElement\":[{\"@type\":\"ListItem\",\"position\":1,\"name\":\"In\u00edcio\",\"item\":\"https:\\\/\\\/mrnews.com.br\\\/\"},{\"@type\":\"ListItem\",\"position\":2,\"name\":\"BBB23: ENQUETE UOL REVELA QUEM SAI ENTRE FRED, BRUNA, SARAH\"}]},{\"@type\":\"WebSite\",\"@id\":\"https:\\\/\\\/mrnews.com.br\\\/#website\",\"url\":\"https:\\\/\\\/mrnews.com.br\\\/\",\"name\":\"MRNews\",\"description\":\"MRNews Jogos de hoje da TV, transmiss\u00f5es ao vivo, Not\u00edcias de futebol, Jogos ao vivo, Lives, resumo de novelas, Programa\u00e7\u00e3o da Globo, A Fazenda e BBB\",\"publisher\":{\"@id\":\"https:\\\/\\\/mrnews.com.br\\\/#organization\"},\"potentialAction\":[{\"@type\":\"SearchAction\",\"target\":{\"@type\":\"EntryPoint\",\"urlTemplate\":\"https:\\\/\\\/mrnews.com.br\\\/?s={search_term_string}\"},\"query-input\":{\"@type\":\"PropertyValueSpecification\",\"valueRequired\":true,\"valueName\":\"search_term_string\"}}],\"inLanguage\":\"pt-BR\"},{\"@type\":\"Organization\",\"@id\":\"https:\\\/\\\/mrnews.com.br\\\/#organization\",\"name\":\"MRNews\",\"url\":\"https:\\\/\\\/mrnews.com.br\\\/\",\"logo\":{\"@type\":\"ImageObject\",\"inLanguage\":\"pt-BR\",\"@id\":\"https:\\\/\\\/mrnews.com.br\\\/#\\\/schema\\\/logo\\\/image\\\/\",\"url\":\"https:\\\/\\\/mrnews.com.br\\\/wp-content\\\/uploads\\\/2019\\\/06\\\/MRNewslogo2.png\",\"contentUrl\":\"https:\\\/\\\/mrnews.com.br\\\/wp-content\\\/uploads\\\/2019\\\/06\\\/MRNewslogo2.png\",\"width\":223,\"height\":58,\"caption\":\"MRNews\"},\"image\":{\"@id\":\"https:\\\/\\\/mrnews.com.br\\\/#\\\/schema\\\/logo\\\/image\\\/\"},\"sameAs\":[\"https:\\\/\\\/www.facebook.com\\\/eaipahpah\\\/?locale2=pt_BR\",\"https:\\\/\\\/x.com\\\/conspirou\",\"https:\\\/\\\/www.instagram.com\\\/eai_pahpah\",\"https:\\\/\\\/br.pinterest.com\\\/mrnewsn\\\/boards\\\/\",\"https:\\\/\\\/www.youtube.com\\\/channel\\\/UCacgnpznQ61fifLWr1tQ-vA?view_as=subscriber\"]},{\"@type\":\"Person\",\"@id\":\"https:\\\/\\\/mrnews.com.br\\\/#\\\/schema\\\/person\\\/be3203154562a9f207407861cef7827b\",\"name\":\"MR News\",\"image\":{\"@type\":\"ImageObject\",\"inLanguage\":\"pt-BR\",\"@id\":\"https:\\\/\\\/secure.gravatar.com\\\/avatar\\\/04084e6d73c042b8646e7c17b494073bf0ede3ea13c7105cfc45cbbbc28385a4?s=96&d=monsterid&r=g\",\"url\":\"https:\\\/\\\/secure.gravatar.com\\\/avatar\\\/04084e6d73c042b8646e7c17b494073bf0ede3ea13c7105cfc45cbbbc28385a4?s=96&d=monsterid&r=g\",\"contentUrl\":\"https:\\\/\\\/secure.gravatar.com\\\/avatar\\\/04084e6d73c042b8646e7c17b494073bf0ede3ea13c7105cfc45cbbbc28385a4?s=96&d=monsterid&r=g\",\"caption\":\"MR News\"},\"description\":\"Especializado em jornalismo colaborativo pela FTP em n\u00edvel de p\u00f3s-gradua\u00e7\u00e3o. suporte@oimeliga.combr\",\"sameAs\":[\"HUGO R.\",\"Admin\"],\"url\":\"https:\\\/\\\/mrnews.com.br\\\/index.php\\\/author\\\/admin\\\/\"}]}<\/script>\n<!-- \/ Yoast SEO plugin. -->","yoast_head_json":{"title":"BBB23: ENQUETE UOL REVELA QUEM SAI ENTRE FRED, BRUNA, SARAH","robots":{"index":"index","follow":"follow","max-snippet":"max-snippet:-1","max-image-preview":"max-image-preview:large","max-video-preview":"max-video-preview:-1"},"canonical":"https:\/\/mrnews.com.br\/index.php\/2023\/04\/10\/bbb23-enquete-uol-revela-quem-sai-entre-fred-bruna-sarah\/","og_locale":"pt_BR","og_type":"article","og_title":"BBB23: ENQUETE UOL REVELA QUEM SAI ENTRE FRED, BRUNA, SARAH","og_description":"O Pared\u00e3o BBB23 desta semana foi formado e o jogo virou mais uma vez.\u00a0 Ap\u00f3s as \u00faltimas elimina\u00e7\u00f5es,\u00a0 principalmente com as \u00faltimas elimina\u00e7\u00f5es, o jogo virou.\u00a0 E agora est\u00e3o no Pared\u00e3o FRED, BRUNA, SARAH . O Pared\u00e3o da semana foi assim formado e a enquete do UOL j\u00e1 revelou quem vai ficar e quem vai &hellip;","og_url":"https:\/\/mrnews.com.br\/index.php\/2023\/04\/10\/bbb23-enquete-uol-revela-quem-sai-entre-fred-bruna-sarah\/","og_site_name":"MRNews","article_publisher":"https:\/\/www.facebook.com\/eaipahpah\/?locale2=pt_BR","article_published_time":"2023-04-10T03:13:58+00:00","article_modified_time":"2023-04-10T03:17:15+00:00","og_image":[{"width":250,"height":200,"url":"https:\/\/mrnews.com.br\/wp-content\/uploads\/2022\/02\/tadeu-schmidt.jpeg","type":"image\/jpeg"}],"author":"MR News","twitter_card":"summary_large_image","twitter_creator":"@conspirou","twitter_site":"@conspirou","twitter_misc":{"Escrito por":"MR News","Est. tempo de leitura":"4 minutos"},"schema":{"@context":"https:\/\/schema.org","@graph":[{"@type":"Article","@id":"https:\/\/mrnews.com.br\/index.php\/2023\/04\/10\/bbb23-enquete-uol-revela-quem-sai-entre-fred-bruna-sarah\/#article","isPartOf":{"@id":"https:\/\/mrnews.com.br\/index.php\/2023\/04\/10\/bbb23-enquete-uol-revela-quem-sai-entre-fred-bruna-sarah\/"},"author":{"name":"MR News","@id":"https:\/\/mrnews.com.br\/#\/schema\/person\/be3203154562a9f207407861cef7827b"},"headline":"BBB23: ENQUETE UOL REVELA QUEM SAI ENTRE FRED, BRUNA, SARAH","datePublished":"2023-04-10T03:13:58+00:00","dateModified":"2023-04-10T03:17:15+00:00","mainEntityOfPage":{"@id":"https:\/\/mrnews.com.br\/index.php\/2023\/04\/10\/bbb23-enquete-uol-revela-quem-sai-entre-fred-bruna-sarah\/"},"wordCount":641,"commentCount":0,"publisher":{"@id":"https:\/\/mrnews.com.br\/#organization"},"image":{"@id":"https:\/\/mrnews.com.br\/index.php\/2023\/04\/10\/bbb23-enquete-uol-revela-quem-sai-entre-fred-bruna-sarah\/#primaryimage"},"thumbnailUrl":"https:\/\/mrnews.com.br\/wp-content\/uploads\/2022\/02\/tadeu-schmidt.jpeg","articleSection":["BBB","ENTRETENIMENTO"],"inLanguage":"pt-BR","potentialAction":[{"@type":"CommentAction","name":"Comment","target":["https:\/\/mrnews.com.br\/index.php\/2023\/04\/10\/bbb23-enquete-uol-revela-quem-sai-entre-fred-bruna-sarah\/#respond"]}]},{"@type":"WebPage","@id":"https:\/\/mrnews.com.br\/index.php\/2023\/04\/10\/bbb23-enquete-uol-revela-quem-sai-entre-fred-bruna-sarah\/","url":"https:\/\/mrnews.com.br\/index.php\/2023\/04\/10\/bbb23-enquete-uol-revela-quem-sai-entre-fred-bruna-sarah\/","name":"BBB23: ENQUETE UOL REVELA QUEM SAI ENTRE FRED, BRUNA, SARAH","isPartOf":{"@id":"https:\/\/mrnews.com.br\/#website"},"primaryImageOfPage":{"@id":"https:\/\/mrnews.com.br\/index.php\/2023\/04\/10\/bbb23-enquete-uol-revela-quem-sai-entre-fred-bruna-sarah\/#primaryimage"},"image":{"@id":"https:\/\/mrnews.com.br\/index.php\/2023\/04\/10\/bbb23-enquete-uol-revela-quem-sai-entre-fred-bruna-sarah\/#primaryimage"},"thumbnailUrl":"https:\/\/mrnews.com.br\/wp-content\/uploads\/2022\/02\/tadeu-schmidt.jpeg","datePublished":"2023-04-10T03:13:58+00:00","dateModified":"2023-04-10T03:17:15+00:00","breadcrumb":{"@id":"https:\/\/mrnews.com.br\/index.php\/2023\/04\/10\/bbb23-enquete-uol-revela-quem-sai-entre-fred-bruna-sarah\/#breadcrumb"},"inLanguage":"pt-BR","potentialAction":[{"@type":"ReadAction","target":["https:\/\/mrnews.com.br\/index.php\/2023\/04\/10\/bbb23-enquete-uol-revela-quem-sai-entre-fred-bruna-sarah\/"]}]},{"@type":"ImageObject","inLanguage":"pt-BR","@id":"https:\/\/mrnews.com.br\/index.php\/2023\/04\/10\/bbb23-enquete-uol-revela-quem-sai-entre-fred-bruna-sarah\/#primaryimage","url":"https:\/\/mrnews.com.br\/wp-content\/uploads\/2022\/02\/tadeu-schmidt.jpeg","contentUrl":"https:\/\/mrnews.com.br\/wp-content\/uploads\/2022\/02\/tadeu-schmidt.jpeg","width":250,"height":200,"caption":"Tadeu Schmidt"},{"@type":"BreadcrumbList","@id":"https:\/\/mrnews.com.br\/index.php\/2023\/04\/10\/bbb23-enquete-uol-revela-quem-sai-entre-fred-bruna-sarah\/#breadcrumb","itemListElement":[{"@type":"ListItem","position":1,"name":"In\u00edcio","item":"https:\/\/mrnews.com.br\/"},{"@type":"ListItem","position":2,"name":"BBB23: ENQUETE UOL REVELA QUEM SAI ENTRE FRED, BRUNA, SARAH"}]},{"@type":"WebSite","@id":"https:\/\/mrnews.com.br\/#website","url":"https:\/\/mrnews.com.br\/","name":"MRNews","description":"MRNews Jogos de hoje da TV, transmiss\u00f5es ao vivo, Not\u00edcias de futebol, Jogos ao vivo, Lives, resumo de novelas, Programa\u00e7\u00e3o da Globo, A Fazenda e BBB","publisher":{"@id":"https:\/\/mrnews.com.br\/#organization"},"potentialAction":[{"@type":"SearchAction","target":{"@type":"EntryPoint","urlTemplate":"https:\/\/mrnews.com.br\/?s={search_term_string}"},"query-input":{"@type":"PropertyValueSpecification","valueRequired":true,"valueName":"search_term_string"}}],"inLanguage":"pt-BR"},{"@type":"Organization","@id":"https:\/\/mrnews.com.br\/#organization","name":"MRNews","url":"https:\/\/mrnews.com.br\/","logo":{"@type":"ImageObject","inLanguage":"pt-BR","@id":"https:\/\/mrnews.com.br\/#\/schema\/logo\/image\/","url":"https:\/\/mrnews.com.br\/wp-content\/uploads\/2019\/06\/MRNewslogo2.png","contentUrl":"https:\/\/mrnews.com.br\/wp-content\/uploads\/2019\/06\/MRNewslogo2.png","width":223,"height":58,"caption":"MRNews"},"image":{"@id":"https:\/\/mrnews.com.br\/#\/schema\/logo\/image\/"},"sameAs":["https:\/\/www.facebook.com\/eaipahpah\/?locale2=pt_BR","https:\/\/x.com\/conspirou","https:\/\/www.instagram.com\/eai_pahpah","https:\/\/br.pinterest.com\/mrnewsn\/boards\/","https:\/\/www.youtube.com\/channel\/UCacgnpznQ61fifLWr1tQ-vA?view_as=subscriber"]},{"@type":"Person","@id":"https:\/\/mrnews.com.br\/#\/schema\/person\/be3203154562a9f207407861cef7827b","name":"MR News","image":{"@type":"ImageObject","inLanguage":"pt-BR","@id":"https:\/\/secure.gravatar.com\/avatar\/04084e6d73c042b8646e7c17b494073bf0ede3ea13c7105cfc45cbbbc28385a4?s=96&d=monsterid&r=g","url":"https:\/\/secure.gravatar.com\/avatar\/04084e6d73c042b8646e7c17b494073bf0ede3ea13c7105cfc45cbbbc28385a4?s=96&d=monsterid&r=g","contentUrl":"https:\/\/secure.gravatar.com\/avatar\/04084e6d73c042b8646e7c17b494073bf0ede3ea13c7105cfc45cbbbc28385a4?s=96&d=monsterid&r=g","caption":"MR News"},"description":"Especializado em jornalismo colaborativo pela FTP em n\u00edvel de p\u00f3s-gradua\u00e7\u00e3o. suporte@oimeliga.combr","sameAs":["HUGO R.","Admin"],"url":"https:\/\/mrnews.com.br\/index.php\/author\/admin\/"}]}},"jetpack_featured_media_url":"https:\/\/mrnews.com.br\/wp-content\/uploads\/2022\/02\/tadeu-schmidt.jpeg","jetpack_sharing_enabled":true,"jetpack_shortlink":"https:\/\/wp.me\/pa2Qf7-1E5q","amp_enabled":true,"_links":{"self":[{"href":"https:\/\/mrnews.com.br\/index.php\/wp-json\/wp\/v2\/posts\/392424","targetHints":{"allow":["GET"]}}],"collection":[{"href":"https:\/\/mrnews.com.br\/index.php\/wp-json\/wp\/v2\/posts"}],"about":[{"href":"https:\/\/mrnews.com.br\/index.php\/wp-json\/wp\/v2\/types\/post"}],"author":[{"embeddable":true,"href":"https:\/\/mrnews.com.br\/index.php\/wp-json\/wp\/v2\/users\/1"}],"replies":[{"embeddable":true,"href":"https:\/\/mrnews.com.br\/index.php\/wp-json\/wp\/v2\/comments?post=392424"}],"version-history":[{"count":1,"href":"https:\/\/mrnews.com.br\/index.php\/wp-json\/wp\/v2\/posts\/392424\/revisions"}],"predecessor-version":[{"id":392426,"href":"https:\/\/mrnews.com.br\/index.php\/wp-json\/wp\/v2\/posts\/392424\/revisions\/392426"}],"wp:featuredmedia":[{"embeddable":true,"href":"https:\/\/mrnews.com.br\/index.php\/wp-json\/wp\/v2\/media\/327943"}],"wp:attachment":[{"href":"https:\/\/mrnews.com.br\/index.php\/wp-json\/wp\/v2\/media?parent=392424"}],"wp:term":[{"taxonomy":"category","embeddable":true,"href":"https:\/\/mrnews.com.br\/index.php\/wp-json\/wp\/v2\/categories?post=392424"},{"taxonomy":"post_tag","embeddable":true,"href":"https:\/\/mrnews.com.br\/index.php\/wp-json\/wp\/v2\/tags?post=392424"}],"curies":[{"name":"wp","href":"https:\/\/api.w.org\/{rel}","templated":true}]}}