{"id":398148,"date":"2023-05-29T08:40:34","date_gmt":"2023-05-29T11:40:34","guid":{"rendered":"https:\/\/mrnews.com.br\/?p=398148"},"modified":"2023-05-29T08:40:34","modified_gmt":"2023-05-29T11:40:34","slug":"777-faz-reuniao-de-urgencia-hoje-no-vasco-para-definir-demissao-de-barbieri","status":"publish","type":"post","link":"https:\/\/mrnews.com.br\/index.php\/2023\/05\/29\/777-faz-reuniao-de-urgencia-hoje-no-vasco-para-definir-demissao-de-barbieri\/","title":{"rendered":"777 FAZ REUNI\u00c3O DE URG\u00caNCIA HOJE NO VASCO PARA DEFINIR DEMISS\u00c3O DE BARBIERI"},"content":{"rendered":"<p>O Club de Regatas Vasco da Gama est\u00e1 enfrentando uma crise profunda no Campeonato Brasileiro, ocupando a antepen\u00faltima posi\u00e7\u00e3o na tabela e tendo conquistado apenas uma vit\u00f3ria em toda a sua campanha. Diante dessa situa\u00e7\u00e3o alarmante, o clube convocou uma reuni\u00e3o crucial para discutir a demiss\u00e3o do t\u00e9cnico Maur\u00edcio Barbieri.<\/p>\n<p>A press\u00e3o sobre Barbieri tem aumentado consideravelmente devido aos resultados decepcionantes da equipe nas \u00faltimas rodadas. A falta de consist\u00eancia nas atua\u00e7\u00f5es, juntamente com uma sequ\u00eancia de derrotas e empates, resultou na queda livre do Vasco na classifica\u00e7\u00e3o do Brasileir\u00e3o. Essa realidade \u00e9 extremamente preocupante para um clube com a tradi\u00e7\u00e3o e a hist\u00f3ria do Vasco, que sempre busca posi\u00e7\u00f5es mais altas no futebol nacional.<\/p>\n<p>A reuni\u00e3o marcada para hoje \u00e9 de extrema import\u00e2ncia, pois a demiss\u00e3o de Barbieri \u00e9 considerada uma op\u00e7\u00e3o vi\u00e1vel para tentar reverter a situa\u00e7\u00e3o cr\u00edtica em que o time se encontra. A diretoria do Vasco reconhece a necessidade urgente de uma mudan\u00e7a radical para reenergizar o elenco e buscar uma recupera\u00e7\u00e3o imediata no campeonato.<\/p>\n<p>No entanto, \u00e9 importante considerar que a demiss\u00e3o de um treinador traz consigo implica\u00e7\u00f5es significativas e levanta questionamentos sobre o futuro do clube. Al\u00e9m disso, \u00e9 crucial ter um plano e uma estrat\u00e9gia bem definidos em caso de sa\u00edda de Barbieri. A substitui\u00e7\u00e3o de um t\u00e9cnico requer uma an\u00e1lise cuidadosa das op\u00e7\u00f5es dispon\u00edveis no mercado e uma abordagem estrat\u00e9gica para garantir que o novo comandante seja capaz de reverter a situa\u00e7\u00e3o e levar o Vasco a um desempenho satisfat\u00f3rio.<\/p>\n<p>Nesse contexto, \u00e9 fundamental que a diretoria do Vasco tome uma decis\u00e3o embasada em crit\u00e9rios t\u00e9cnicos, levando em considera\u00e7\u00e3o n\u00e3o apenas a situa\u00e7\u00e3o atual, mas tamb\u00e9m o futuro do clube. A escolha do novo treinador precisa levar em conta suas caracter\u00edsticas, experi\u00eancia e capacidade de motivar a equipe, al\u00e9m de implementar um estilo de jogo que se adapte \u00e0s habilidades dos jogadores do Vasco.<\/p>\n<p>A demiss\u00e3o de um treinador nunca \u00e9 uma decis\u00e3o f\u00e1cil, mas diante da crise que o Vasco enfrenta atualmente, a diretoria se v\u00ea obrigada a explorar todas as op\u00e7\u00f5es para reverter a situa\u00e7\u00e3o e buscar uma rea\u00e7\u00e3o no Campeonato Brasileiro. Agora, resta aguardar o desfecho dessa importante reuni\u00e3o e acompanhar os pr\u00f3ximos passos do clube, na esperan\u00e7a de que as decis\u00f5es tomadas sejam capazes de promover uma mudan\u00e7a significativa e positiva na trajet\u00f3ria do Vasco na competi\u00e7\u00e3o nacional.<\/p>\n","protected":false},"excerpt":{"rendered":"<p>O Club de Regatas Vasco da Gama est\u00e1 enfrentando uma crise profunda no Campeonato Brasileiro, ocupando a antepen\u00faltima posi\u00e7\u00e3o na tabela e tendo conquistado apenas uma vit\u00f3ria em toda a sua campanha. Diante dessa situa\u00e7\u00e3o alarmante, o clube convocou uma reuni\u00e3o crucial para discutir a demiss\u00e3o do t\u00e9cnico Maur\u00edcio Barbieri. A press\u00e3o sobre Barbieri tem &hellip;<\/p>\n","protected":false},"author":1,"featured_media":327969,"comment_status":"open","ping_status":"open","sticky":false,"template":"","format":"standard","meta":{"_jetpack_memberships_contains_paid_content":false,"footnotes":""},"categories":[3],"tags":[],"class_list":["post-398148","post","type-post","status-publish","format-standard","has-post-thumbnail","hentry","category-esportes1"],"yoast_head":"<!-- This site is optimized with the Yoast SEO plugin v27.5 - https:\/\/yoast.com\/product\/yoast-seo-wordpress\/ -->\n<title>777 FAZ REUNI\u00c3O DE URG\u00caNCIA HOJE NO VASCO PARA DEFINIR DEMISS\u00c3O DE BARBIERI<\/title>\n<meta name=\"robots\" content=\"index, follow, max-snippet:-1, max-image-preview:large, max-video-preview:-1\" \/>\n<link rel=\"canonical\" href=\"https:\/\/mrnews.com.br\/index.php\/2023\/05\/29\/777-faz-reuniao-de-urgencia-hoje-no-vasco-para-definir-demissao-de-barbieri\/\" \/>\n<meta property=\"og:locale\" content=\"pt_BR\" \/>\n<meta property=\"og:type\" content=\"article\" \/>\n<meta property=\"og:title\" content=\"777 FAZ REUNI\u00c3O DE URG\u00caNCIA HOJE NO VASCO PARA DEFINIR DEMISS\u00c3O DE BARBIERI\" \/>\n<meta property=\"og:description\" content=\"O Club de Regatas Vasco da Gama est\u00e1 enfrentando uma crise profunda no Campeonato Brasileiro, ocupando a antepen\u00faltima posi\u00e7\u00e3o na tabela e tendo conquistado apenas uma vit\u00f3ria em toda a sua campanha. Diante dessa situa\u00e7\u00e3o alarmante, o clube convocou uma reuni\u00e3o crucial para discutir a demiss\u00e3o do t\u00e9cnico Maur\u00edcio Barbieri. A press\u00e3o sobre Barbieri tem &hellip;\" \/>\n<meta property=\"og:url\" content=\"https:\/\/mrnews.com.br\/index.php\/2023\/05\/29\/777-faz-reuniao-de-urgencia-hoje-no-vasco-para-definir-demissao-de-barbieri\/\" \/>\n<meta property=\"og:site_name\" content=\"MRNews\" \/>\n<meta property=\"article:publisher\" content=\"https:\/\/www.facebook.com\/eaipahpah\/?locale2=pt_BR\" \/>\n<meta property=\"article:published_time\" content=\"2023-05-29T11:40:34+00:00\" \/>\n<meta property=\"og:image\" content=\"https:\/\/mrnews.com.br\/wp-content\/uploads\/2022\/02\/VASCO-E-777PARTNERS.jpeg\" \/>\n\t<meta property=\"og:image:width\" content=\"1024\" \/>\n\t<meta property=\"og:image:height\" content=\"683\" \/>\n\t<meta property=\"og:image:type\" content=\"image\/jpeg\" \/>\n<meta name=\"author\" content=\"MR News\" \/>\n<meta name=\"twitter:card\" content=\"summary_large_image\" \/>\n<meta name=\"twitter:creator\" content=\"@conspirou\" \/>\n<meta name=\"twitter:site\" content=\"@conspirou\" \/>\n<meta name=\"twitter:label1\" content=\"Escrito por\" \/>\n\t<meta name=\"twitter:data1\" content=\"MR News\" \/>\n\t<meta name=\"twitter:label2\" content=\"Est. tempo de leitura\" \/>\n\t<meta name=\"twitter:data2\" content=\"3 minutos\" \/>\n<script type=\"application\/ld+json\" class=\"yoast-schema-graph\">{\"@context\":\"https:\\\/\\\/schema.org\",\"@graph\":[{\"@type\":\"Article\",\"@id\":\"https:\\\/\\\/mrnews.com.br\\\/index.php\\\/2023\\\/05\\\/29\\\/777-faz-reuniao-de-urgencia-hoje-no-vasco-para-definir-demissao-de-barbieri\\\/#article\",\"isPartOf\":{\"@id\":\"https:\\\/\\\/mrnews.com.br\\\/index.php\\\/2023\\\/05\\\/29\\\/777-faz-reuniao-de-urgencia-hoje-no-vasco-para-definir-demissao-de-barbieri\\\/\"},\"author\":{\"name\":\"MR News\",\"@id\":\"https:\\\/\\\/mrnews.com.br\\\/#\\\/schema\\\/person\\\/be3203154562a9f207407861cef7827b\"},\"headline\":\"777 FAZ REUNI\u00c3O DE URG\u00caNCIA HOJE NO VASCO PARA DEFINIR DEMISS\u00c3O DE BARBIERI\",\"datePublished\":\"2023-05-29T11:40:34+00:00\",\"mainEntityOfPage\":{\"@id\":\"https:\\\/\\\/mrnews.com.br\\\/index.php\\\/2023\\\/05\\\/29\\\/777-faz-reuniao-de-urgencia-hoje-no-vasco-para-definir-demissao-de-barbieri\\\/\"},\"wordCount\":460,\"commentCount\":0,\"publisher\":{\"@id\":\"https:\\\/\\\/mrnews.com.br\\\/#organization\"},\"image\":{\"@id\":\"https:\\\/\\\/mrnews.com.br\\\/index.php\\\/2023\\\/05\\\/29\\\/777-faz-reuniao-de-urgencia-hoje-no-vasco-para-definir-demissao-de-barbieri\\\/#primaryimage\"},\"thumbnailUrl\":\"https:\\\/\\\/mrnews.com.br\\\/wp-content\\\/uploads\\\/2022\\\/02\\\/VASCO-E-777PARTNERS.jpeg\",\"articleSection\":[\"ESPORTES\"],\"inLanguage\":\"pt-BR\",\"potentialAction\":[{\"@type\":\"CommentAction\",\"name\":\"Comment\",\"target\":[\"https:\\\/\\\/mrnews.com.br\\\/index.php\\\/2023\\\/05\\\/29\\\/777-faz-reuniao-de-urgencia-hoje-no-vasco-para-definir-demissao-de-barbieri\\\/#respond\"]}]},{\"@type\":\"WebPage\",\"@id\":\"https:\\\/\\\/mrnews.com.br\\\/index.php\\\/2023\\\/05\\\/29\\\/777-faz-reuniao-de-urgencia-hoje-no-vasco-para-definir-demissao-de-barbieri\\\/\",\"url\":\"https:\\\/\\\/mrnews.com.br\\\/index.php\\\/2023\\\/05\\\/29\\\/777-faz-reuniao-de-urgencia-hoje-no-vasco-para-definir-demissao-de-barbieri\\\/\",\"name\":\"777 FAZ REUNI\u00c3O DE URG\u00caNCIA HOJE NO VASCO PARA DEFINIR DEMISS\u00c3O DE BARBIERI\",\"isPartOf\":{\"@id\":\"https:\\\/\\\/mrnews.com.br\\\/#website\"},\"primaryImageOfPage\":{\"@id\":\"https:\\\/\\\/mrnews.com.br\\\/index.php\\\/2023\\\/05\\\/29\\\/777-faz-reuniao-de-urgencia-hoje-no-vasco-para-definir-demissao-de-barbieri\\\/#primaryimage\"},\"image\":{\"@id\":\"https:\\\/\\\/mrnews.com.br\\\/index.php\\\/2023\\\/05\\\/29\\\/777-faz-reuniao-de-urgencia-hoje-no-vasco-para-definir-demissao-de-barbieri\\\/#primaryimage\"},\"thumbnailUrl\":\"https:\\\/\\\/mrnews.com.br\\\/wp-content\\\/uploads\\\/2022\\\/02\\\/VASCO-E-777PARTNERS.jpeg\",\"datePublished\":\"2023-05-29T11:40:34+00:00\",\"breadcrumb\":{\"@id\":\"https:\\\/\\\/mrnews.com.br\\\/index.php\\\/2023\\\/05\\\/29\\\/777-faz-reuniao-de-urgencia-hoje-no-vasco-para-definir-demissao-de-barbieri\\\/#breadcrumb\"},\"inLanguage\":\"pt-BR\",\"potentialAction\":[{\"@type\":\"ReadAction\",\"target\":[\"https:\\\/\\\/mrnews.com.br\\\/index.php\\\/2023\\\/05\\\/29\\\/777-faz-reuniao-de-urgencia-hoje-no-vasco-para-definir-demissao-de-barbieri\\\/\"]}]},{\"@type\":\"ImageObject\",\"inLanguage\":\"pt-BR\",\"@id\":\"https:\\\/\\\/mrnews.com.br\\\/index.php\\\/2023\\\/05\\\/29\\\/777-faz-reuniao-de-urgencia-hoje-no-vasco-para-definir-demissao-de-barbieri\\\/#primaryimage\",\"url\":\"https:\\\/\\\/mrnews.com.br\\\/wp-content\\\/uploads\\\/2022\\\/02\\\/VASCO-E-777PARTNERS.jpeg\",\"contentUrl\":\"https:\\\/\\\/mrnews.com.br\\\/wp-content\\\/uploads\\\/2022\\\/02\\\/VASCO-E-777PARTNERS.jpeg\",\"width\":1024,\"height\":683,\"caption\":\"VASCO E 777PARTNERS\"},{\"@type\":\"BreadcrumbList\",\"@id\":\"https:\\\/\\\/mrnews.com.br\\\/index.php\\\/2023\\\/05\\\/29\\\/777-faz-reuniao-de-urgencia-hoje-no-vasco-para-definir-demissao-de-barbieri\\\/#breadcrumb\",\"itemListElement\":[{\"@type\":\"ListItem\",\"position\":1,\"name\":\"In\u00edcio\",\"item\":\"https:\\\/\\\/mrnews.com.br\\\/\"},{\"@type\":\"ListItem\",\"position\":2,\"name\":\"777 FAZ REUNI\u00c3O DE URG\u00caNCIA HOJE NO VASCO PARA DEFINIR DEMISS\u00c3O DE BARBIERI\"}]},{\"@type\":\"WebSite\",\"@id\":\"https:\\\/\\\/mrnews.com.br\\\/#website\",\"url\":\"https:\\\/\\\/mrnews.com.br\\\/\",\"name\":\"MRNews\",\"description\":\"MRNews Jogos de hoje da TV, transmiss\u00f5es ao vivo, Not\u00edcias de futebol, Jogos ao vivo, Lives, resumo de novelas, Programa\u00e7\u00e3o da Globo, A Fazenda e BBB\",\"publisher\":{\"@id\":\"https:\\\/\\\/mrnews.com.br\\\/#organization\"},\"potentialAction\":[{\"@type\":\"SearchAction\",\"target\":{\"@type\":\"EntryPoint\",\"urlTemplate\":\"https:\\\/\\\/mrnews.com.br\\\/?s={search_term_string}\"},\"query-input\":{\"@type\":\"PropertyValueSpecification\",\"valueRequired\":true,\"valueName\":\"search_term_string\"}}],\"inLanguage\":\"pt-BR\"},{\"@type\":\"Organization\",\"@id\":\"https:\\\/\\\/mrnews.com.br\\\/#organization\",\"name\":\"MRNews\",\"url\":\"https:\\\/\\\/mrnews.com.br\\\/\",\"logo\":{\"@type\":\"ImageObject\",\"inLanguage\":\"pt-BR\",\"@id\":\"https:\\\/\\\/mrnews.com.br\\\/#\\\/schema\\\/logo\\\/image\\\/\",\"url\":\"https:\\\/\\\/mrnews.com.br\\\/wp-content\\\/uploads\\\/2019\\\/06\\\/MRNewslogo2.png\",\"contentUrl\":\"https:\\\/\\\/mrnews.com.br\\\/wp-content\\\/uploads\\\/2019\\\/06\\\/MRNewslogo2.png\",\"width\":223,\"height\":58,\"caption\":\"MRNews\"},\"image\":{\"@id\":\"https:\\\/\\\/mrnews.com.br\\\/#\\\/schema\\\/logo\\\/image\\\/\"},\"sameAs\":[\"https:\\\/\\\/www.facebook.com\\\/eaipahpah\\\/?locale2=pt_BR\",\"https:\\\/\\\/x.com\\\/conspirou\",\"https:\\\/\\\/www.instagram.com\\\/eai_pahpah\",\"https:\\\/\\\/br.pinterest.com\\\/mrnewsn\\\/boards\\\/\",\"https:\\\/\\\/www.youtube.com\\\/channel\\\/UCacgnpznQ61fifLWr1tQ-vA?view_as=subscriber\"]},{\"@type\":\"Person\",\"@id\":\"https:\\\/\\\/mrnews.com.br\\\/#\\\/schema\\\/person\\\/be3203154562a9f207407861cef7827b\",\"name\":\"MR News\",\"image\":{\"@type\":\"ImageObject\",\"inLanguage\":\"pt-BR\",\"@id\":\"https:\\\/\\\/secure.gravatar.com\\\/avatar\\\/04084e6d73c042b8646e7c17b494073bf0ede3ea13c7105cfc45cbbbc28385a4?s=96&d=monsterid&r=g\",\"url\":\"https:\\\/\\\/secure.gravatar.com\\\/avatar\\\/04084e6d73c042b8646e7c17b494073bf0ede3ea13c7105cfc45cbbbc28385a4?s=96&d=monsterid&r=g\",\"contentUrl\":\"https:\\\/\\\/secure.gravatar.com\\\/avatar\\\/04084e6d73c042b8646e7c17b494073bf0ede3ea13c7105cfc45cbbbc28385a4?s=96&d=monsterid&r=g\",\"caption\":\"MR News\"},\"description\":\"Especializado em jornalismo colaborativo pela FTP em n\u00edvel de p\u00f3s-gradua\u00e7\u00e3o. suporte@oimeliga.combr\",\"sameAs\":[\"HUGO R.\",\"Admin\"],\"url\":\"https:\\\/\\\/mrnews.com.br\\\/index.php\\\/author\\\/admin\\\/\"}]}<\/script>\n<!-- \/ Yoast SEO plugin. -->","yoast_head_json":{"title":"777 FAZ REUNI\u00c3O DE URG\u00caNCIA HOJE NO VASCO PARA DEFINIR DEMISS\u00c3O DE BARBIERI","robots":{"index":"index","follow":"follow","max-snippet":"max-snippet:-1","max-image-preview":"max-image-preview:large","max-video-preview":"max-video-preview:-1"},"canonical":"https:\/\/mrnews.com.br\/index.php\/2023\/05\/29\/777-faz-reuniao-de-urgencia-hoje-no-vasco-para-definir-demissao-de-barbieri\/","og_locale":"pt_BR","og_type":"article","og_title":"777 FAZ REUNI\u00c3O DE URG\u00caNCIA HOJE NO VASCO PARA DEFINIR DEMISS\u00c3O DE BARBIERI","og_description":"O Club de Regatas Vasco da Gama est\u00e1 enfrentando uma crise profunda no Campeonato Brasileiro, ocupando a antepen\u00faltima posi\u00e7\u00e3o na tabela e tendo conquistado apenas uma vit\u00f3ria em toda a sua campanha. Diante dessa situa\u00e7\u00e3o alarmante, o clube convocou uma reuni\u00e3o crucial para discutir a demiss\u00e3o do t\u00e9cnico Maur\u00edcio Barbieri. A press\u00e3o sobre Barbieri tem &hellip;","og_url":"https:\/\/mrnews.com.br\/index.php\/2023\/05\/29\/777-faz-reuniao-de-urgencia-hoje-no-vasco-para-definir-demissao-de-barbieri\/","og_site_name":"MRNews","article_publisher":"https:\/\/www.facebook.com\/eaipahpah\/?locale2=pt_BR","article_published_time":"2023-05-29T11:40:34+00:00","og_image":[{"width":1024,"height":683,"url":"https:\/\/mrnews.com.br\/wp-content\/uploads\/2022\/02\/VASCO-E-777PARTNERS.jpeg","type":"image\/jpeg"}],"author":"MR News","twitter_card":"summary_large_image","twitter_creator":"@conspirou","twitter_site":"@conspirou","twitter_misc":{"Escrito por":"MR News","Est. tempo de leitura":"3 minutos"},"schema":{"@context":"https:\/\/schema.org","@graph":[{"@type":"Article","@id":"https:\/\/mrnews.com.br\/index.php\/2023\/05\/29\/777-faz-reuniao-de-urgencia-hoje-no-vasco-para-definir-demissao-de-barbieri\/#article","isPartOf":{"@id":"https:\/\/mrnews.com.br\/index.php\/2023\/05\/29\/777-faz-reuniao-de-urgencia-hoje-no-vasco-para-definir-demissao-de-barbieri\/"},"author":{"name":"MR News","@id":"https:\/\/mrnews.com.br\/#\/schema\/person\/be3203154562a9f207407861cef7827b"},"headline":"777 FAZ REUNI\u00c3O DE URG\u00caNCIA HOJE NO VASCO PARA DEFINIR DEMISS\u00c3O DE BARBIERI","datePublished":"2023-05-29T11:40:34+00:00","mainEntityOfPage":{"@id":"https:\/\/mrnews.com.br\/index.php\/2023\/05\/29\/777-faz-reuniao-de-urgencia-hoje-no-vasco-para-definir-demissao-de-barbieri\/"},"wordCount":460,"commentCount":0,"publisher":{"@id":"https:\/\/mrnews.com.br\/#organization"},"image":{"@id":"https:\/\/mrnews.com.br\/index.php\/2023\/05\/29\/777-faz-reuniao-de-urgencia-hoje-no-vasco-para-definir-demissao-de-barbieri\/#primaryimage"},"thumbnailUrl":"https:\/\/mrnews.com.br\/wp-content\/uploads\/2022\/02\/VASCO-E-777PARTNERS.jpeg","articleSection":["ESPORTES"],"inLanguage":"pt-BR","potentialAction":[{"@type":"CommentAction","name":"Comment","target":["https:\/\/mrnews.com.br\/index.php\/2023\/05\/29\/777-faz-reuniao-de-urgencia-hoje-no-vasco-para-definir-demissao-de-barbieri\/#respond"]}]},{"@type":"WebPage","@id":"https:\/\/mrnews.com.br\/index.php\/2023\/05\/29\/777-faz-reuniao-de-urgencia-hoje-no-vasco-para-definir-demissao-de-barbieri\/","url":"https:\/\/mrnews.com.br\/index.php\/2023\/05\/29\/777-faz-reuniao-de-urgencia-hoje-no-vasco-para-definir-demissao-de-barbieri\/","name":"777 FAZ REUNI\u00c3O DE URG\u00caNCIA HOJE NO VASCO PARA DEFINIR DEMISS\u00c3O DE BARBIERI","isPartOf":{"@id":"https:\/\/mrnews.com.br\/#website"},"primaryImageOfPage":{"@id":"https:\/\/mrnews.com.br\/index.php\/2023\/05\/29\/777-faz-reuniao-de-urgencia-hoje-no-vasco-para-definir-demissao-de-barbieri\/#primaryimage"},"image":{"@id":"https:\/\/mrnews.com.br\/index.php\/2023\/05\/29\/777-faz-reuniao-de-urgencia-hoje-no-vasco-para-definir-demissao-de-barbieri\/#primaryimage"},"thumbnailUrl":"https:\/\/mrnews.com.br\/wp-content\/uploads\/2022\/02\/VASCO-E-777PARTNERS.jpeg","datePublished":"2023-05-29T11:40:34+00:00","breadcrumb":{"@id":"https:\/\/mrnews.com.br\/index.php\/2023\/05\/29\/777-faz-reuniao-de-urgencia-hoje-no-vasco-para-definir-demissao-de-barbieri\/#breadcrumb"},"inLanguage":"pt-BR","potentialAction":[{"@type":"ReadAction","target":["https:\/\/mrnews.com.br\/index.php\/2023\/05\/29\/777-faz-reuniao-de-urgencia-hoje-no-vasco-para-definir-demissao-de-barbieri\/"]}]},{"@type":"ImageObject","inLanguage":"pt-BR","@id":"https:\/\/mrnews.com.br\/index.php\/2023\/05\/29\/777-faz-reuniao-de-urgencia-hoje-no-vasco-para-definir-demissao-de-barbieri\/#primaryimage","url":"https:\/\/mrnews.com.br\/wp-content\/uploads\/2022\/02\/VASCO-E-777PARTNERS.jpeg","contentUrl":"https:\/\/mrnews.com.br\/wp-content\/uploads\/2022\/02\/VASCO-E-777PARTNERS.jpeg","width":1024,"height":683,"caption":"VASCO E 777PARTNERS"},{"@type":"BreadcrumbList","@id":"https:\/\/mrnews.com.br\/index.php\/2023\/05\/29\/777-faz-reuniao-de-urgencia-hoje-no-vasco-para-definir-demissao-de-barbieri\/#breadcrumb","itemListElement":[{"@type":"ListItem","position":1,"name":"In\u00edcio","item":"https:\/\/mrnews.com.br\/"},{"@type":"ListItem","position":2,"name":"777 FAZ REUNI\u00c3O DE URG\u00caNCIA HOJE NO VASCO PARA DEFINIR DEMISS\u00c3O DE BARBIERI"}]},{"@type":"WebSite","@id":"https:\/\/mrnews.com.br\/#website","url":"https:\/\/mrnews.com.br\/","name":"MRNews","description":"MRNews Jogos de hoje da TV, transmiss\u00f5es ao vivo, Not\u00edcias de futebol, Jogos ao vivo, Lives, resumo de novelas, Programa\u00e7\u00e3o da Globo, A Fazenda e BBB","publisher":{"@id":"https:\/\/mrnews.com.br\/#organization"},"potentialAction":[{"@type":"SearchAction","target":{"@type":"EntryPoint","urlTemplate":"https:\/\/mrnews.com.br\/?s={search_term_string}"},"query-input":{"@type":"PropertyValueSpecification","valueRequired":true,"valueName":"search_term_string"}}],"inLanguage":"pt-BR"},{"@type":"Organization","@id":"https:\/\/mrnews.com.br\/#organization","name":"MRNews","url":"https:\/\/mrnews.com.br\/","logo":{"@type":"ImageObject","inLanguage":"pt-BR","@id":"https:\/\/mrnews.com.br\/#\/schema\/logo\/image\/","url":"https:\/\/mrnews.com.br\/wp-content\/uploads\/2019\/06\/MRNewslogo2.png","contentUrl":"https:\/\/mrnews.com.br\/wp-content\/uploads\/2019\/06\/MRNewslogo2.png","width":223,"height":58,"caption":"MRNews"},"image":{"@id":"https:\/\/mrnews.com.br\/#\/schema\/logo\/image\/"},"sameAs":["https:\/\/www.facebook.com\/eaipahpah\/?locale2=pt_BR","https:\/\/x.com\/conspirou","https:\/\/www.instagram.com\/eai_pahpah","https:\/\/br.pinterest.com\/mrnewsn\/boards\/","https:\/\/www.youtube.com\/channel\/UCacgnpznQ61fifLWr1tQ-vA?view_as=subscriber"]},{"@type":"Person","@id":"https:\/\/mrnews.com.br\/#\/schema\/person\/be3203154562a9f207407861cef7827b","name":"MR News","image":{"@type":"ImageObject","inLanguage":"pt-BR","@id":"https:\/\/secure.gravatar.com\/avatar\/04084e6d73c042b8646e7c17b494073bf0ede3ea13c7105cfc45cbbbc28385a4?s=96&d=monsterid&r=g","url":"https:\/\/secure.gravatar.com\/avatar\/04084e6d73c042b8646e7c17b494073bf0ede3ea13c7105cfc45cbbbc28385a4?s=96&d=monsterid&r=g","contentUrl":"https:\/\/secure.gravatar.com\/avatar\/04084e6d73c042b8646e7c17b494073bf0ede3ea13c7105cfc45cbbbc28385a4?s=96&d=monsterid&r=g","caption":"MR News"},"description":"Especializado em jornalismo colaborativo pela FTP em n\u00edvel de p\u00f3s-gradua\u00e7\u00e3o. suporte@oimeliga.combr","sameAs":["HUGO R.","Admin"],"url":"https:\/\/mrnews.com.br\/index.php\/author\/admin\/"}]}},"jetpack_featured_media_url":"https:\/\/mrnews.com.br\/wp-content\/uploads\/2022\/02\/VASCO-E-777PARTNERS.jpeg","jetpack_sharing_enabled":true,"jetpack_shortlink":"https:\/\/wp.me\/pa2Qf7-1FzK","amp_enabled":true,"_links":{"self":[{"href":"https:\/\/mrnews.com.br\/index.php\/wp-json\/wp\/v2\/posts\/398148","targetHints":{"allow":["GET"]}}],"collection":[{"href":"https:\/\/mrnews.com.br\/index.php\/wp-json\/wp\/v2\/posts"}],"about":[{"href":"https:\/\/mrnews.com.br\/index.php\/wp-json\/wp\/v2\/types\/post"}],"author":[{"embeddable":true,"href":"https:\/\/mrnews.com.br\/index.php\/wp-json\/wp\/v2\/users\/1"}],"replies":[{"embeddable":true,"href":"https:\/\/mrnews.com.br\/index.php\/wp-json\/wp\/v2\/comments?post=398148"}],"version-history":[{"count":1,"href":"https:\/\/mrnews.com.br\/index.php\/wp-json\/wp\/v2\/posts\/398148\/revisions"}],"predecessor-version":[{"id":398149,"href":"https:\/\/mrnews.com.br\/index.php\/wp-json\/wp\/v2\/posts\/398148\/revisions\/398149"}],"wp:featuredmedia":[{"embeddable":true,"href":"https:\/\/mrnews.com.br\/index.php\/wp-json\/wp\/v2\/media\/327969"}],"wp:attachment":[{"href":"https:\/\/mrnews.com.br\/index.php\/wp-json\/wp\/v2\/media?parent=398148"}],"wp:term":[{"taxonomy":"category","embeddable":true,"href":"https:\/\/mrnews.com.br\/index.php\/wp-json\/wp\/v2\/categories?post=398148"},{"taxonomy":"post_tag","embeddable":true,"href":"https:\/\/mrnews.com.br\/index.php\/wp-json\/wp\/v2\/tags?post=398148"}],"curies":[{"name":"wp","href":"https:\/\/api.w.org\/{rel}","templated":true}]}}