{"id":401358,"date":"2023-07-14T22:34:55","date_gmt":"2023-07-15T01:34:55","guid":{"rendered":"https:\/\/mrnews.com.br\/?p=401358"},"modified":"2023-07-14T22:34:55","modified_gmt":"2023-07-15T01:34:55","slug":"ticiane-pinheiro-toma-medida-drastica-e-tira-redes-sociais-de-rafinha-justus-apos-coisas-pesadas","status":"publish","type":"post","link":"https:\/\/mrnews.com.br\/index.php\/2023\/07\/14\/ticiane-pinheiro-toma-medida-drastica-e-tira-redes-sociais-de-rafinha-justus-apos-coisas-pesadas\/","title":{"rendered":"Ticiane Pinheiro toma medida dr\u00e1stica, e tira redes sociais de Rafinha Justus, ap\u00f3s &#8216;COISAS PESADAS&#8217;"},"content":{"rendered":"<p>Rafaella Justus, filha de Ticiane Pinheiro, teve suas redes sociais restringidas como medida dr\u00e1stica ap\u00f3s a ocorr\u00eancia de pol\u00eamicas. A apresentadora decidiu intervir no uso do celular pela adolescente, de 13 anos, devido \u00e0 influ\u00eancia negativa que ela vinha sofrendo. Ticiane assumiu o controle do dispositivo para proteger sua filha dos conte\u00fados problem\u00e1ticos que estavam sendo expostos a ela.<\/p>\n<p>Tendo uma rela\u00e7\u00e3o de confian\u00e7a s\u00f3lida com Rafinha Justus, Ticiane tomou essa atitude para preservar sua filha e evitar que ela fosse afetada negativamente por conte\u00fados inapropriados encontrados nas redes sociais. Em uma entrevista \u00e0 revista Quem, a apresentadora expressou sua preocupa\u00e7\u00e3o.<\/p>\n<p>Durante a entrevista, Ticiane Pinheiro revelou que notou a presen\u00e7a de pessoas desconhecidas nas redes sociais de sua filha, ensinando coisas inadequadas e abordando assuntos delicados. Ela teve uma conversa com Rafinha para explicar a natureza preocupante dos v\u00eddeos e, juntas, m\u00e3e e filha decidiram remover o aplicativo das redes sociais do celular da jovem.<\/p>\n<p>Para manter um ambiente mais seguro e controlado, Ticiane criou uma conta para Rafinha Justus no Instagram, garantindo que ela s\u00f3 recebesse conte\u00fados das pessoas que ela seguia. Al\u00e9m disso, a conta da adolescente em outra plataforma permanece logada no celular da m\u00e3e.<\/p>\n<p>Com essa abordagem, sempre que Rafinha Justus deseja criar algum conte\u00fado, ela utiliza o celular da m\u00e3e, evitando assim o acesso ao feed de not\u00edcias dessa plataforma. Essa medida foi implementada com o objetivo de garantir um ambiente mais monitorado e seguro para sua filha.<\/p>\n<p>&nbsp;<\/p>\n<h2>Lembra dele?<\/h2>\n<p>Chico D\u00edaz, renomado ator da TV Globo, foi flagrado recentemente pegando transporte p\u00fablico no Rio de Janeiro, chamando a aten\u00e7\u00e3o dos paparazzi.<\/p>\n<p>O veterano da teledramaturgia brasileira foi fotografado entrando em um \u00f4nibus ap\u00f3s uma caminhada pelo bairro da G\u00e1vea, demonstrando simplicidade e simpatia.<\/p>\n<p>Mesmo sendo um funcion\u00e1rio da Globo, Chico D\u00edaz n\u00e3o percebeu que estava sendo fotografado e n\u00e3o sorriu para o fot\u00f3grafo. Sua apar\u00eancia tamb\u00e9m chamou a aten\u00e7\u00e3o, pois ele estava vestindo uma camisa azul lisa, cal\u00e7a jeans e t\u00eanis, al\u00e9m de carregar uma blusa de frio na cintura, mostrando preocupa\u00e7\u00e3o com as mudan\u00e7as de temperatura.<\/p>\n<p>Nascido na Cidade do M\u00e9xico em 1959, Chico D\u00edaz, atualmente com 64 anos, come\u00e7ou sua carreira nos anos 1980 na TV Manchete, atuando na novela &#8220;Corpo Santo&#8221; (1987). No ano seguinte, estreou na TV Globo na novela &#8220;Mandala&#8221;.<\/p>\n<p>Ao longo dos anos, Chico D\u00edaz trabalhou em diversas produ\u00e7\u00f5es, incluindo &#8220;Voc\u00ea Decide&#8221; (1993), &#8220;Explode Cora\u00e7\u00e3o&#8221; (1995), &#8220;Salsa e Merengue&#8221; (1996), &#8220;Pecado Capital&#8221; (1999), &#8220;Kubanacan&#8221; (2003), &#8220;Para\u00edso Tropical&#8221; (2007), &#8220;A Favorita&#8221; (2008), &#8220;P\u00e9 na Cova&#8221; (2014) e &#8220;Velho Chico&#8221; (2016).<\/p>\n<p>Atualmente, Chico D\u00edaz pode ser visto na novela &#8220;Todas as Flores&#8221;, exibida pela Globoplay. Ele fez uma participa\u00e7\u00e3o no primeiro cap\u00edtulo da novela, que ser\u00e1 lan\u00e7ada na TV aberta no final deste ano. Na trama, o ator interpreta o personagem Rivaldo Valente. Al\u00e9m de sua carreira na televis\u00e3o, Chico \u00e9 casado com Silvia Buarque h\u00e1 quase 20 anos e tem dois filhos: Irene, fruto de seu relacionamento com Silvia, e Ant\u00f4nio, do casamento com Cec\u00edlia Santana.<\/p>\n<p>&nbsp;<\/p>\n<h2>Qual \u00e9 a pens\u00e3o recebida pelo filho de Neymar? Cr\u00edticas surgem devido ao valor pago pelo jogador<\/h2>\n<p>Neymar, um dos jogadores mais bem remunerados do mundo, tem sido alvo de cr\u00edticas nas m\u00eddias sociais ap\u00f3s a revista Forbes revelar o valor mensal que ele paga como pens\u00e3o aliment\u00edcia para seu filho, Davi Lucca. Segundo a publica\u00e7\u00e3o, o herdeiro do jogador recebe R$ 106 mil por m\u00eas. Internautas t\u00eam questionado esse valor, argumentando que Neymar ganha milh\u00f5es e deveria contribuir mais para o bem-estar de seu filho.<\/p>\n<p>Apesar das cr\u00edticas, \u00e9 importante ressaltar que Neymar e a m\u00e3e de seu filho, Carol Dantas, t\u00eam uma rela\u00e7\u00e3o de amizade e cumplicidade. Mesmo ap\u00f3s o t\u00e9rmino de seu relacionamento amoroso, eles permaneceram amigos e t\u00eam uma boa proximidade. Carol visita o jogador com frequ\u00eancia em Paris, na Fran\u00e7a, e o ex-casal troca mensagens carinhosas nas redes sociais. Al\u00e9m disso, Carol \u00e9 amiga da atual namorada de Neymar, Bruna Biancardi, evidenciando um ambiente de respeito entre todos os envolvidos.<\/p>\n<p>A fortuna de Neymar<br \/>\nA Forbes revelou que Neymar recebe aproximadamente R$ 23 milh\u00f5es por m\u00eas. Esse valor \u00e9 composto por sal\u00e1rios, acordos comerciais e patroc\u00ednios. Aos 30 anos, o jogador ocupa a quarta posi\u00e7\u00e3o na lista dos atletas mais bem pagos do mundo, com uma fortuna estimada em cerca de R$ 1 bilh\u00e3o. \u00c9 importante destacar que, embora possua uma grande riqueza, Neymar n\u00e3o \u00e9 obrigado a pagar uma pens\u00e3o aliment\u00edcia superior \u00e0quela determinada judicialmente.<\/p>\n<p>Internautas t\u00eam questionado se o valor da pens\u00e3o \u00e9 justo, considerando o patrim\u00f4nio de Neymar. Afinal, o bem-estar e a educa\u00e7\u00e3o de seu filho tamb\u00e9m devem ser levados em conta. Muitos seguidores do jogador sugerem que ele poderia reconsiderar o valor e aumentar a pens\u00e3o, a fim de garantir que Davi Lucca tenha todas as oportunidades e recursos necess\u00e1rios para seu crescimento e desenvolvimento.<\/p>\n<p>Alguns internautas defendem Neymar<br \/>\nPor outro lado, alguns internautas argumentam que o jogador n\u00e3o tem a obriga\u00e7\u00e3o de pagar mais do que foi estabelecido legalmente, j\u00e1 que al\u00e9m da pens\u00e3o ele tamb\u00e9m assegura acesso do menino \u00e0 escola, sa\u00fade e lazer. Al\u00e9m disso, muitos ficaram do lado de Neymar, destacando que ele sempre mostrou ser um pai exemplar, e sua boa rela\u00e7\u00e3o com Carol \u00e9 uma clara evid\u00eancia disso.<\/p>\n<p>&nbsp;<\/p>\n<h2>A cantora Joelma, uma das maiores artistas da m\u00fasica brasileira, est\u00e1 enfrentando problemas de sa\u00fade que deixaram seus f\u00e3s arrasados.<\/h2>\n<p>Recentemente, antes de uma apresenta\u00e7\u00e3o, ela passou mal e teve que cancelar o show de \u00faltima hora.<\/p>\n<p>Joelma, de 49 anos, teve dificuldades para respirar e recebeu atendimento de emerg\u00eancia de uma equipe m\u00e9dica do SAMU que estava presente no local. Essa situa\u00e7\u00e3o rapidamente gerou preocupa\u00e7\u00e3o entre os f\u00e3s da cantora, que est\u00e3o preocupados com seu estado de sa\u00fade.<\/p>\n<p>No dia seguinte, a equipe respons\u00e1vel pela carreira de Joelma emitiu um comunicado atrav\u00e9s do perfil oficial da cantora no Instagram. O comunicado informou que os shows agendados para os dias 7 a 9 de julho foram cancelados devido a recomenda\u00e7\u00f5es m\u00e9dicas. Joelma foi diagnosticada com gripe e precisa de repouso para se recuperar adequadamente.<\/p>\n<p>A assessoria pediu compreens\u00e3o ao p\u00fablico nesse momento dif\u00edcil e enfatizou que a sa\u00fade de Joelma \u00e9 a prioridade. Os f\u00e3s est\u00e3o enviando mensagens de apoio e desejando uma r\u00e1pida recupera\u00e7\u00e3o para a querida cantora.<\/p>\n<p>&nbsp;<\/p>\n<h2>Simony emocionou-se ao compartilhar a boa not\u00edcia com seus seguidores nas redes sociais: sua luta contra o c\u00e2ncer chegou ao fim e ela anunciou sua cura.<\/h2>\n<p>A cantora e apresentadora revelou, por meio do Instagram, que seus exames recentes n\u00e3o mostraram mais sinais da doen\u00e7a no intestino, que havia sido diagnosticada em agosto de 2022. Ap\u00f3s um longo e desafiador processo de tratamento oncol\u00f3gico, Simony est\u00e1 prestes a concluir essa fase, restando apenas tr\u00eas sess\u00f5es de tratamento.<\/p>\n<p>Em dezembro do ano passado, Simony j\u00e1 havia compartilhado que estava na reta final do tratamento. No entanto, em abril deste ano, passou por uma nova fase de interna\u00e7\u00e3o que durou um m\u00eas, ap\u00f3s pontos remanescentes da doen\u00e7a terem sido identificados pelo m\u00e9dico oncologista Dr. Fernando Maluf.<\/p>\n<p>Simony comemorou a remiss\u00e3o do c\u00e2ncer ao fazer seu \u00faltimo exame, deixando sua equipe m\u00e9dica emocionada. Em suas palavras: &#8220;Hoje fiz o \u00faltimo exame, n\u00e3o tem mais nada mesmo. Deus, Deus, Deus, gratid\u00e3o \u2013 e Dr. Fernando Maluf, meu anjo na Terra, e toda sua equipe&#8221;. A cantora afirmou que essa experi\u00eancia a fez renascer com uma nova perspectiva de vida, valorizando cada momento e transformando profundamente sua hist\u00f3ria. Ela pretende utilizar sua experi\u00eancia para inspirar outras pessoas que estejam enfrentando desafios semelhantes, afirmando que a cura \u00e9 poss\u00edvel.<\/p>\n<p>Nos coment\u00e1rios, f\u00e3s, celebridades e amigos de Simony celebraram a not\u00edcia e destacaram a for\u00e7a com a qual ela lutou contra a doen\u00e7a, servindo como inspira\u00e7\u00e3o para outros pacientes que enfrentam o c\u00e2ncer.<\/p>\n<h2>LUTO na Globo<\/h2>\n<p>No dia 8 de julho, o mundo recebeu a triste not\u00edcia do falecimento da atriz Neusa Maria Faro aos 78 anos. Neusa teve uma carreira marcante na televis\u00e3o, com pap\u00e9is ic\u00f4nicos, sendo mais conhecida por interpretar a personagem Divina na novela Alma G\u00eamea.<\/p>\n<p>Neste s\u00e1bado, todos acordaram com uma sensa\u00e7\u00e3o de tristeza, pois perdemos uma das grandes atrizes do Brasil, Neusa Maria Faro, que deixou sua marca na Globo, RecordTV e SBT. A not\u00edcia foi divulgada por Pedro Le\u00e3o, amigo e tamb\u00e9m ator, por meio de suas redes sociais. Neusa alcan\u00e7ou grande popularidade ao interpretar a personagem Divina, criada por Walcyr Carrasco, na novela Alma G\u00eamea da Globo.<\/p>\n<p>Um de seus bord\u00f5es, &#8220;Osvaldo, n\u00e3o fale assim com a mam\u00e3e&#8221;, se tornou um sucesso na boca do p\u00fablico. Na postagem feita pelo amigo da atriz, ele enfatiza que Neusa era uma das profissionais mais competentes de sua \u00e1rea e que sua partida representa uma grande perda para a cultura nacional. Al\u00e9m de atuar, Neusa Maria Faro tamb\u00e9m trabalhou como dubladora, sendo respons\u00e1vel por emprestar sua voz ao famoso desenho Jaspion durante os anos 80.<\/p>\n<p>Neusa dedicou sua vida \u00e0 arte, abandonando o curso de piano aos 19 anos para estudar atua\u00e7\u00e3o na Escola de Arte Dram\u00e1tica da USP, em S\u00e3o Paulo. A partir desse momento, ela colheu os frutos de sua escolha, tendo sua primeira oportunidade como atriz em 1974.<\/p>\n<p>Neusa Maria Faro participou de diversas produ\u00e7\u00f5es de Walcyr Carrasco, al\u00e9m de atuar em teleteatros e no Telecurso. Na Globo, seu trabalho foi marcado por seu envolvimento em tramas de sucesso como Alma G\u00eamea, Caras e Bocas, Morde e Assopra e Amor \u00e0 Vida, todas escritas por Walcyr Carrasco. At\u00e9 o momento, a causa de sua morte n\u00e3o foi divulgada.<\/p>\n<h2>MORTE FORJADA EM TERRA E PAIX\u00c3O<\/h2>\n<p>Em Terra e Paix\u00e3o, ocorrer\u00e1 uma reviravolta intensa antes de Daniel (interpretado por Jhonny Massaro) forjar sua pr\u00f3pria morte na novela das nove da Globo. Ele receber\u00e1 um golpe duro ao descobrir, por meio de Aline (interpretada por B\u00e1rbara Reis), que Ant\u00f4nio (interpretado por Tony Ramos) foi respons\u00e1vel pela tr\u00e1gica morte de Samuel (interpretado por \u00cdtalo Martins). Essa revela\u00e7\u00e3o abalar\u00e1 completamente o advogado, destruindo sua confian\u00e7a e sua rela\u00e7\u00e3o com o poderoso fazendeiro.<\/p>\n<p>Aline, a corajosa e determinada protagonista, ter\u00e1 a coragem de revelar a verdade para Daniel, desencadeando uma reviravolta intensa na trama. Esses eventos ocorrem antes da forja da morte de Daniel na novela das nove da Globo.<\/p>\n<p>Aline revelar\u00e1 a Daniel que Ant\u00f4nio, seu pai, est\u00e1 pressionando-a para negociar e vender suas terras, pois ele deseja a \u00e1gua que est\u00e1 em suas propriedades. Ela dir\u00e1 que o rico fazendeiro n\u00e3o age diretamente, mas contrata pessoas para executar seus planos maquiav\u00e9licos. A m\u00e3e de Jo\u00e3o (interpretado por Matheus de Assis) confrontar\u00e1 Ant\u00f4nio com a verdade, expondo a conex\u00e3o entre a trag\u00e9dia que ocorreu durante a festa e os interesses ocultos dele.<\/p>\n<p>Quanto \u00e0 morte forjada na novela das nove da Globo, de acordo com informa\u00e7\u00f5es apuradas por Andr\u00e9 Romano, colunista do Observat\u00f3rio da TV, a morte de Daniel \u00e9 apenas uma mentira. Ele n\u00e3o faleceu no grave acidente em que colidiu com uma \u00e1rvore. Essa farsa \u00e9 elaborada em conluio com Irene (interpretada por Gl\u00f3ria Pires), sua m\u00e3e. Em determinado momento, Irene afirmar\u00e1 que \u00e9 importante declarar seu filho como falecido, uma vez que o corpo n\u00e3o apresentava tantos ferimentos.<\/p>\n<p>&nbsp;<\/p>\n<h2>Rafaella Justus recebeu elogios ap\u00f3s passar por um procedimento no rosto<\/h2>\n<p>e compartilhou o antes e depois em suas redes sociais, em resposta a um f\u00e3. A filha de Ticiane Pinheiro e Roberto Justus costuma compartilhar fotos com seus seguidores no Instagram e foi notada a diferen\u00e7a em seu rosto. Em resposta \u00e0 pergunta de uma internauta, Rafaella confirmou o procedimento e exibiu as imagens comparativas na web.<\/p>\n<p>Sempre interagindo com seus seguidores, Rafaella Justus expressou sua satisfa\u00e7\u00e3o com o resultado do procedimento ao responder \u00e0 d\u00favida da internauta. Al\u00e9m de falar sobre a mudan\u00e7a notada em seu rosto, a filha de Justus e Ticiane tamb\u00e9m abordou outras quest\u00f5es pessoais.<\/p>\n<p><img loading=\"lazy\" decoding=\"async\" class=\"alignnone size-full wp-image-401315\" src=\"https:\/\/mrnews.com.br\/wp-content\/uploads\/2023\/07\/Screenshot_20230706_215450_Facebook.jpg\" alt=\"\" width=\"976\" height=\"1420\" srcset=\"https:\/\/mrnews.com.br\/wp-content\/uploads\/2023\/07\/Screenshot_20230706_215450_Facebook.jpg 976w, https:\/\/mrnews.com.br\/wp-content\/uploads\/2023\/07\/Screenshot_20230706_215450_Facebook-206x300.jpg 206w, https:\/\/mrnews.com.br\/wp-content\/uploads\/2023\/07\/Screenshot_20230706_215450_Facebook-704x1024.jpg 704w, https:\/\/mrnews.com.br\/wp-content\/uploads\/2023\/07\/Screenshot_20230706_215450_Facebook-768x1117.jpg 768w\" sizes=\"auto, (max-width: 976px) 100vw, 976px\" \/><\/p>\n<p>Ap\u00f3s perceber a diferen\u00e7a, uma f\u00e3 elogiou Rafaella Justus e perguntou se ela havia mexido na sobrancelha. A influenciadora de 13 anos prontamente respondeu que sim e compartilhou a imagem do antes e depois com seus seguidores no Instagram. O procedimento foi realizado em uma cl\u00ednica de est\u00e9tica na companhia de sua madrasta.<\/p>\n<p>Em rela\u00e7\u00e3o \u00e0 consulta sobre procedimentos est\u00e9ticos, Ana Paula Siebert, madrasta de Rafaella Justus, foi questionada se consultava Ticiane Pinheiro antes da filha realizar alguma mudan\u00e7a. Ela respondeu \u00e0 internauta dizendo que a decis\u00e3o \u00e9 sempre tomada em conjunto com Ticiane, pois ela \u00e9 a m\u00e3e e tem o direito de decidir o que considera adequado ou n\u00e3o para a filha.<\/p>\n<p>&nbsp;<\/p>\n<p><img loading=\"lazy\" decoding=\"async\" class=\"alignnone size-full wp-image-400012\" src=\"https:\/\/mrnews.com.br\/wp-content\/uploads\/2023\/06\/Screenshot_20230618_220228_Facebook.jpg\" alt=\"\" width=\"980\" height=\"756\" srcset=\"https:\/\/mrnews.com.br\/wp-content\/uploads\/2023\/06\/Screenshot_20230618_220228_Facebook.jpg 980w, https:\/\/mrnews.com.br\/wp-content\/uploads\/2023\/06\/Screenshot_20230618_220228_Facebook-300x231.jpg 300w, https:\/\/mrnews.com.br\/wp-content\/uploads\/2023\/06\/Screenshot_20230618_220228_Facebook-768x592.jpg 768w\" sizes=\"auto, (max-width: 980px) 100vw, 980px\" \/><\/p>\n<h2>Claudia Raia\u00a0 abordou diversos assuntos, incluindo a amamenta\u00e7\u00e3o.<\/h2>\n<p>A atriz compartilhou que seu filho Luca, que completar\u00e1 cinco meses na pr\u00f3xima semana, \u00e9 alimentado exclusivamente com leite materno. Em resposta a um questionamento sobre sua idade, Claudia enfatizou que \u00e9 poss\u00edvel amamentar aos 56 anos e destacou que a produ\u00e7\u00e3o de leite n\u00e3o est\u00e1 ligada \u00e0 idade da m\u00e3e.<\/p>\n<p>Durante a conversa, Claudia Raia e seu marido, Jarbas Homem de Mello, compartilharam detalhes sobre a rotina com o beb\u00ea e a experi\u00eancia de serem pais pela primeira vez juntos. O casal expressou grande felicidade e amor pelo filho Luca, que se tornou o xod\u00f3 da fam\u00edlia.<\/p>\n<p>Al\u00e9m disso, Claudia Raia mencionou que nas redes sociais costumam compartilhar momentos do dia a dia com o filho, assim como muitos pais fazem atualmente.<\/p>\n<p>A atriz ressaltou que, antigamente, as fotos dos filhos eram mostradas \u00e0s visitas, enquanto atualmente a exposi\u00e7\u00e3o nas redes sociais cumpre esse papel.<\/p>\n<p>&nbsp;<\/p>\n<h2>Claudia Raia causa indigna\u00e7\u00e3o com declara\u00e7\u00e3o controversa no programa Mais Voc\u00ea: &#8220;Um grupo de pessoas furiosas&#8221;<\/h2>\n<p>Nesta ter\u00e7a-feira (4), Claudia Raia participou do programa Mais Voc\u00ea e gerou muita pol\u00eamica com uma declara\u00e7\u00e3o durante sua conversa com Ana Maria Braga. Acompanhada de seu marido, a atriz falou sobre o desenvolvimento de seu filho ca\u00e7ula, usando uma express\u00e3o considerada capacitista, o que levou o p\u00fablico que assistia ao programa a se revoltar.<\/p>\n<p>Questionada por Ana Maria Braga sobre o pequeno Luca, Claudia Raia n\u00e3o escondeu que ela e o marido s\u00e3o pais extremamente apaixonados e cuidadosos, mas utilizou um termo considerado ofensivo para descrev\u00ea-los. Imediatamente, telespectadores da Globo manifestaram sua indigna\u00e7\u00e3o nas redes sociais, tecendo duras cr\u00edticas \u00e0 atriz.<\/p>\n<p>Orgulhosa ao falar do crescimento de Luca, que est\u00e1 atualmente com cinco meses de vida, Claudia Raia relatou \u00e0 Ana Maria Braga que o ca\u00e7ula j\u00e1 reconhece os pais e aprendeu a brincar de esconder. &#8220;A gente parece um grupo de pessoas furiosas&#8221;, declarou a atriz, ao se referir ao entrosamento dela e do marido com o filho.<\/p>\n<p>Jarbas de Homem de Mello complementou a fala de Claudia Raia e revelou que Luca j\u00e1 est\u00e1 tagarelando e descobrindo coisas novas a cada dia. &#8220;N\u00f3s vibramos com tudo&#8221;, confessou o artista.<\/p>\n<p>Atriz criticada nas redes sociais<br \/>\nMuitos que assistiram Claudia Raia no Mais Voc\u00ea n\u00e3o ficaram nada satisfeitos com o uso do termo &#8220;furiosas&#8221; para descrever a rela\u00e7\u00e3o dela e do marido com o filho. A express\u00e3o \u00e9 considerada ofensiva, pois \u00e9 frequentemente utilizada de forma pejorativa contra pessoas com defici\u00eancia intelectual. &#8220;\u00c9 uma palavra t\u00e3o pesada&#8221;, apontou uma internauta, ao criticar a artista. &#8220;Sem paci\u00eancia para essa criatura&#8221;, disse outra, deixando clara sua indigna\u00e7\u00e3o.<\/p>\n<h2><\/h2>\n","protected":false},"excerpt":{"rendered":"<p>Rafaella Justus, filha de Ticiane Pinheiro, teve suas redes sociais restringidas como medida dr\u00e1stica ap\u00f3s a ocorr\u00eancia de pol\u00eamicas. A apresentadora decidiu intervir no uso do celular pela adolescente, de 13 anos, devido \u00e0 influ\u00eancia negativa que ela vinha sofrendo. Ticiane assumiu o controle do dispositivo para proteger sua filha dos conte\u00fados problem\u00e1ticos que estavam &hellip;<\/p>\n","protected":false},"author":1,"featured_media":401359,"comment_status":"open","ping_status":"open","sticky":false,"template":"","format":"standard","meta":{"_jetpack_memberships_contains_paid_content":false,"footnotes":""},"categories":[2],"tags":[],"class_list":["post-401358","post","type-post","status-publish","format-standard","has-post-thumbnail","hentry","category-entretenimento"],"yoast_head":"<!-- This site is optimized with the Yoast SEO plugin v27.5 - https:\/\/yoast.com\/product\/yoast-seo-wordpress\/ -->\n<title>Ticiane Pinheiro toma medida dr\u00e1stica, e tira redes sociais de Rafinha Justus, ap\u00f3s &#039;COISAS PESADAS&#039;<\/title>\n<meta name=\"robots\" content=\"index, follow, max-snippet:-1, max-image-preview:large, max-video-preview:-1\" \/>\n<link rel=\"canonical\" href=\"https:\/\/mrnews.com.br\/index.php\/2023\/07\/14\/ticiane-pinheiro-toma-medida-drastica-e-tira-redes-sociais-de-rafinha-justus-apos-coisas-pesadas\/\" \/>\n<meta property=\"og:locale\" content=\"pt_BR\" \/>\n<meta property=\"og:type\" content=\"article\" \/>\n<meta property=\"og:title\" content=\"Ticiane Pinheiro toma medida dr\u00e1stica, e tira redes sociais de Rafinha Justus, ap\u00f3s &#039;COISAS PESADAS&#039;\" \/>\n<meta property=\"og:description\" content=\"Rafaella Justus, filha de Ticiane Pinheiro, teve suas redes sociais restringidas como medida dr\u00e1stica ap\u00f3s a ocorr\u00eancia de pol\u00eamicas. A apresentadora decidiu intervir no uso do celular pela adolescente, de 13 anos, devido \u00e0 influ\u00eancia negativa que ela vinha sofrendo. Ticiane assumiu o controle do dispositivo para proteger sua filha dos conte\u00fados problem\u00e1ticos que estavam &hellip;\" \/>\n<meta property=\"og:url\" content=\"https:\/\/mrnews.com.br\/index.php\/2023\/07\/14\/ticiane-pinheiro-toma-medida-drastica-e-tira-redes-sociais-de-rafinha-justus-apos-coisas-pesadas\/\" \/>\n<meta property=\"og:site_name\" content=\"MRNews\" \/>\n<meta property=\"article:publisher\" content=\"https:\/\/www.facebook.com\/eaipahpah\/?locale2=pt_BR\" \/>\n<meta property=\"article:published_time\" content=\"2023-07-15T01:34:55+00:00\" \/>\n<meta property=\"og:image\" content=\"https:\/\/mrnews.com.br\/wp-content\/uploads\/2023\/07\/FB_IMG_1689384527070.jpg\" \/>\n\t<meta property=\"og:image:width\" content=\"894\" \/>\n\t<meta property=\"og:image:height\" content=\"960\" \/>\n\t<meta property=\"og:image:type\" content=\"image\/jpeg\" \/>\n<meta name=\"author\" content=\"MR News\" \/>\n<meta name=\"twitter:card\" content=\"summary_large_image\" \/>\n<meta name=\"twitter:creator\" content=\"@conspirou\" \/>\n<meta name=\"twitter:site\" content=\"@conspirou\" \/>\n<meta name=\"twitter:label1\" content=\"Escrito por\" \/>\n\t<meta name=\"twitter:data1\" content=\"MR News\" \/>\n\t<meta name=\"twitter:label2\" content=\"Est. tempo de leitura\" \/>\n\t<meta name=\"twitter:data2\" content=\"15 minutos\" \/>\n<script type=\"application\/ld+json\" class=\"yoast-schema-graph\">{\"@context\":\"https:\\\/\\\/schema.org\",\"@graph\":[{\"@type\":\"Article\",\"@id\":\"https:\\\/\\\/mrnews.com.br\\\/index.php\\\/2023\\\/07\\\/14\\\/ticiane-pinheiro-toma-medida-drastica-e-tira-redes-sociais-de-rafinha-justus-apos-coisas-pesadas\\\/#article\",\"isPartOf\":{\"@id\":\"https:\\\/\\\/mrnews.com.br\\\/index.php\\\/2023\\\/07\\\/14\\\/ticiane-pinheiro-toma-medida-drastica-e-tira-redes-sociais-de-rafinha-justus-apos-coisas-pesadas\\\/\"},\"author\":{\"name\":\"MR News\",\"@id\":\"https:\\\/\\\/mrnews.com.br\\\/#\\\/schema\\\/person\\\/be3203154562a9f207407861cef7827b\"},\"headline\":\"Ticiane Pinheiro toma medida dr\u00e1stica, e tira redes sociais de Rafinha Justus, ap\u00f3s &#8216;COISAS PESADAS&#8217;\",\"datePublished\":\"2023-07-15T01:34:55+00:00\",\"mainEntityOfPage\":{\"@id\":\"https:\\\/\\\/mrnews.com.br\\\/index.php\\\/2023\\\/07\\\/14\\\/ticiane-pinheiro-toma-medida-drastica-e-tira-redes-sociais-de-rafinha-justus-apos-coisas-pesadas\\\/\"},\"wordCount\":2717,\"commentCount\":0,\"publisher\":{\"@id\":\"https:\\\/\\\/mrnews.com.br\\\/#organization\"},\"image\":{\"@id\":\"https:\\\/\\\/mrnews.com.br\\\/index.php\\\/2023\\\/07\\\/14\\\/ticiane-pinheiro-toma-medida-drastica-e-tira-redes-sociais-de-rafinha-justus-apos-coisas-pesadas\\\/#primaryimage\"},\"thumbnailUrl\":\"https:\\\/\\\/mrnews.com.br\\\/wp-content\\\/uploads\\\/2023\\\/07\\\/FB_IMG_1689384527070.jpg\",\"articleSection\":[\"ENTRETENIMENTO\"],\"inLanguage\":\"pt-BR\",\"potentialAction\":[{\"@type\":\"CommentAction\",\"name\":\"Comment\",\"target\":[\"https:\\\/\\\/mrnews.com.br\\\/index.php\\\/2023\\\/07\\\/14\\\/ticiane-pinheiro-toma-medida-drastica-e-tira-redes-sociais-de-rafinha-justus-apos-coisas-pesadas\\\/#respond\"]}]},{\"@type\":\"WebPage\",\"@id\":\"https:\\\/\\\/mrnews.com.br\\\/index.php\\\/2023\\\/07\\\/14\\\/ticiane-pinheiro-toma-medida-drastica-e-tira-redes-sociais-de-rafinha-justus-apos-coisas-pesadas\\\/\",\"url\":\"https:\\\/\\\/mrnews.com.br\\\/index.php\\\/2023\\\/07\\\/14\\\/ticiane-pinheiro-toma-medida-drastica-e-tira-redes-sociais-de-rafinha-justus-apos-coisas-pesadas\\\/\",\"name\":\"Ticiane Pinheiro toma medida dr\u00e1stica, e tira redes sociais de Rafinha Justus, ap\u00f3s 'COISAS PESADAS'\",\"isPartOf\":{\"@id\":\"https:\\\/\\\/mrnews.com.br\\\/#website\"},\"primaryImageOfPage\":{\"@id\":\"https:\\\/\\\/mrnews.com.br\\\/index.php\\\/2023\\\/07\\\/14\\\/ticiane-pinheiro-toma-medida-drastica-e-tira-redes-sociais-de-rafinha-justus-apos-coisas-pesadas\\\/#primaryimage\"},\"image\":{\"@id\":\"https:\\\/\\\/mrnews.com.br\\\/index.php\\\/2023\\\/07\\\/14\\\/ticiane-pinheiro-toma-medida-drastica-e-tira-redes-sociais-de-rafinha-justus-apos-coisas-pesadas\\\/#primaryimage\"},\"thumbnailUrl\":\"https:\\\/\\\/mrnews.com.br\\\/wp-content\\\/uploads\\\/2023\\\/07\\\/FB_IMG_1689384527070.jpg\",\"datePublished\":\"2023-07-15T01:34:55+00:00\",\"breadcrumb\":{\"@id\":\"https:\\\/\\\/mrnews.com.br\\\/index.php\\\/2023\\\/07\\\/14\\\/ticiane-pinheiro-toma-medida-drastica-e-tira-redes-sociais-de-rafinha-justus-apos-coisas-pesadas\\\/#breadcrumb\"},\"inLanguage\":\"pt-BR\",\"potentialAction\":[{\"@type\":\"ReadAction\",\"target\":[\"https:\\\/\\\/mrnews.com.br\\\/index.php\\\/2023\\\/07\\\/14\\\/ticiane-pinheiro-toma-medida-drastica-e-tira-redes-sociais-de-rafinha-justus-apos-coisas-pesadas\\\/\"]}]},{\"@type\":\"ImageObject\",\"inLanguage\":\"pt-BR\",\"@id\":\"https:\\\/\\\/mrnews.com.br\\\/index.php\\\/2023\\\/07\\\/14\\\/ticiane-pinheiro-toma-medida-drastica-e-tira-redes-sociais-de-rafinha-justus-apos-coisas-pesadas\\\/#primaryimage\",\"url\":\"https:\\\/\\\/mrnews.com.br\\\/wp-content\\\/uploads\\\/2023\\\/07\\\/FB_IMG_1689384527070.jpg\",\"contentUrl\":\"https:\\\/\\\/mrnews.com.br\\\/wp-content\\\/uploads\\\/2023\\\/07\\\/FB_IMG_1689384527070.jpg\",\"width\":894,\"height\":960},{\"@type\":\"BreadcrumbList\",\"@id\":\"https:\\\/\\\/mrnews.com.br\\\/index.php\\\/2023\\\/07\\\/14\\\/ticiane-pinheiro-toma-medida-drastica-e-tira-redes-sociais-de-rafinha-justus-apos-coisas-pesadas\\\/#breadcrumb\",\"itemListElement\":[{\"@type\":\"ListItem\",\"position\":1,\"name\":\"In\u00edcio\",\"item\":\"https:\\\/\\\/mrnews.com.br\\\/\"},{\"@type\":\"ListItem\",\"position\":2,\"name\":\"Ticiane Pinheiro toma medida dr\u00e1stica, e tira redes sociais de Rafinha Justus, ap\u00f3s &#8216;COISAS PESADAS&#8217;\"}]},{\"@type\":\"WebSite\",\"@id\":\"https:\\\/\\\/mrnews.com.br\\\/#website\",\"url\":\"https:\\\/\\\/mrnews.com.br\\\/\",\"name\":\"MRNews\",\"description\":\"MRNews Jogos de hoje da TV, transmiss\u00f5es ao vivo, Not\u00edcias de futebol, Jogos ao vivo, Lives, resumo de novelas, Programa\u00e7\u00e3o da Globo, A Fazenda e BBB\",\"publisher\":{\"@id\":\"https:\\\/\\\/mrnews.com.br\\\/#organization\"},\"potentialAction\":[{\"@type\":\"SearchAction\",\"target\":{\"@type\":\"EntryPoint\",\"urlTemplate\":\"https:\\\/\\\/mrnews.com.br\\\/?s={search_term_string}\"},\"query-input\":{\"@type\":\"PropertyValueSpecification\",\"valueRequired\":true,\"valueName\":\"search_term_string\"}}],\"inLanguage\":\"pt-BR\"},{\"@type\":\"Organization\",\"@id\":\"https:\\\/\\\/mrnews.com.br\\\/#organization\",\"name\":\"MRNews\",\"url\":\"https:\\\/\\\/mrnews.com.br\\\/\",\"logo\":{\"@type\":\"ImageObject\",\"inLanguage\":\"pt-BR\",\"@id\":\"https:\\\/\\\/mrnews.com.br\\\/#\\\/schema\\\/logo\\\/image\\\/\",\"url\":\"https:\\\/\\\/mrnews.com.br\\\/wp-content\\\/uploads\\\/2019\\\/06\\\/MRNewslogo2.png\",\"contentUrl\":\"https:\\\/\\\/mrnews.com.br\\\/wp-content\\\/uploads\\\/2019\\\/06\\\/MRNewslogo2.png\",\"width\":223,\"height\":58,\"caption\":\"MRNews\"},\"image\":{\"@id\":\"https:\\\/\\\/mrnews.com.br\\\/#\\\/schema\\\/logo\\\/image\\\/\"},\"sameAs\":[\"https:\\\/\\\/www.facebook.com\\\/eaipahpah\\\/?locale2=pt_BR\",\"https:\\\/\\\/x.com\\\/conspirou\",\"https:\\\/\\\/www.instagram.com\\\/eai_pahpah\",\"https:\\\/\\\/br.pinterest.com\\\/mrnewsn\\\/boards\\\/\",\"https:\\\/\\\/www.youtube.com\\\/channel\\\/UCacgnpznQ61fifLWr1tQ-vA?view_as=subscriber\"]},{\"@type\":\"Person\",\"@id\":\"https:\\\/\\\/mrnews.com.br\\\/#\\\/schema\\\/person\\\/be3203154562a9f207407861cef7827b\",\"name\":\"MR News\",\"image\":{\"@type\":\"ImageObject\",\"inLanguage\":\"pt-BR\",\"@id\":\"https:\\\/\\\/secure.gravatar.com\\\/avatar\\\/04084e6d73c042b8646e7c17b494073bf0ede3ea13c7105cfc45cbbbc28385a4?s=96&d=monsterid&r=g\",\"url\":\"https:\\\/\\\/secure.gravatar.com\\\/avatar\\\/04084e6d73c042b8646e7c17b494073bf0ede3ea13c7105cfc45cbbbc28385a4?s=96&d=monsterid&r=g\",\"contentUrl\":\"https:\\\/\\\/secure.gravatar.com\\\/avatar\\\/04084e6d73c042b8646e7c17b494073bf0ede3ea13c7105cfc45cbbbc28385a4?s=96&d=monsterid&r=g\",\"caption\":\"MR News\"},\"description\":\"Especializado em jornalismo colaborativo pela FTP em n\u00edvel de p\u00f3s-gradua\u00e7\u00e3o. suporte@oimeliga.combr\",\"sameAs\":[\"HUGO R.\",\"Admin\"],\"url\":\"https:\\\/\\\/mrnews.com.br\\\/index.php\\\/author\\\/admin\\\/\"}]}<\/script>\n<!-- \/ Yoast SEO plugin. -->","yoast_head_json":{"title":"Ticiane Pinheiro toma medida dr\u00e1stica, e tira redes sociais de Rafinha Justus, ap\u00f3s 'COISAS PESADAS'","robots":{"index":"index","follow":"follow","max-snippet":"max-snippet:-1","max-image-preview":"max-image-preview:large","max-video-preview":"max-video-preview:-1"},"canonical":"https:\/\/mrnews.com.br\/index.php\/2023\/07\/14\/ticiane-pinheiro-toma-medida-drastica-e-tira-redes-sociais-de-rafinha-justus-apos-coisas-pesadas\/","og_locale":"pt_BR","og_type":"article","og_title":"Ticiane Pinheiro toma medida dr\u00e1stica, e tira redes sociais de Rafinha Justus, ap\u00f3s 'COISAS PESADAS'","og_description":"Rafaella Justus, filha de Ticiane Pinheiro, teve suas redes sociais restringidas como medida dr\u00e1stica ap\u00f3s a ocorr\u00eancia de pol\u00eamicas. A apresentadora decidiu intervir no uso do celular pela adolescente, de 13 anos, devido \u00e0 influ\u00eancia negativa que ela vinha sofrendo. Ticiane assumiu o controle do dispositivo para proteger sua filha dos conte\u00fados problem\u00e1ticos que estavam &hellip;","og_url":"https:\/\/mrnews.com.br\/index.php\/2023\/07\/14\/ticiane-pinheiro-toma-medida-drastica-e-tira-redes-sociais-de-rafinha-justus-apos-coisas-pesadas\/","og_site_name":"MRNews","article_publisher":"https:\/\/www.facebook.com\/eaipahpah\/?locale2=pt_BR","article_published_time":"2023-07-15T01:34:55+00:00","og_image":[{"width":894,"height":960,"url":"https:\/\/mrnews.com.br\/wp-content\/uploads\/2023\/07\/FB_IMG_1689384527070.jpg","type":"image\/jpeg"}],"author":"MR News","twitter_card":"summary_large_image","twitter_creator":"@conspirou","twitter_site":"@conspirou","twitter_misc":{"Escrito por":"MR News","Est. tempo de leitura":"15 minutos"},"schema":{"@context":"https:\/\/schema.org","@graph":[{"@type":"Article","@id":"https:\/\/mrnews.com.br\/index.php\/2023\/07\/14\/ticiane-pinheiro-toma-medida-drastica-e-tira-redes-sociais-de-rafinha-justus-apos-coisas-pesadas\/#article","isPartOf":{"@id":"https:\/\/mrnews.com.br\/index.php\/2023\/07\/14\/ticiane-pinheiro-toma-medida-drastica-e-tira-redes-sociais-de-rafinha-justus-apos-coisas-pesadas\/"},"author":{"name":"MR News","@id":"https:\/\/mrnews.com.br\/#\/schema\/person\/be3203154562a9f207407861cef7827b"},"headline":"Ticiane Pinheiro toma medida dr\u00e1stica, e tira redes sociais de Rafinha Justus, ap\u00f3s &#8216;COISAS PESADAS&#8217;","datePublished":"2023-07-15T01:34:55+00:00","mainEntityOfPage":{"@id":"https:\/\/mrnews.com.br\/index.php\/2023\/07\/14\/ticiane-pinheiro-toma-medida-drastica-e-tira-redes-sociais-de-rafinha-justus-apos-coisas-pesadas\/"},"wordCount":2717,"commentCount":0,"publisher":{"@id":"https:\/\/mrnews.com.br\/#organization"},"image":{"@id":"https:\/\/mrnews.com.br\/index.php\/2023\/07\/14\/ticiane-pinheiro-toma-medida-drastica-e-tira-redes-sociais-de-rafinha-justus-apos-coisas-pesadas\/#primaryimage"},"thumbnailUrl":"https:\/\/mrnews.com.br\/wp-content\/uploads\/2023\/07\/FB_IMG_1689384527070.jpg","articleSection":["ENTRETENIMENTO"],"inLanguage":"pt-BR","potentialAction":[{"@type":"CommentAction","name":"Comment","target":["https:\/\/mrnews.com.br\/index.php\/2023\/07\/14\/ticiane-pinheiro-toma-medida-drastica-e-tira-redes-sociais-de-rafinha-justus-apos-coisas-pesadas\/#respond"]}]},{"@type":"WebPage","@id":"https:\/\/mrnews.com.br\/index.php\/2023\/07\/14\/ticiane-pinheiro-toma-medida-drastica-e-tira-redes-sociais-de-rafinha-justus-apos-coisas-pesadas\/","url":"https:\/\/mrnews.com.br\/index.php\/2023\/07\/14\/ticiane-pinheiro-toma-medida-drastica-e-tira-redes-sociais-de-rafinha-justus-apos-coisas-pesadas\/","name":"Ticiane Pinheiro toma medida dr\u00e1stica, e tira redes sociais de Rafinha Justus, ap\u00f3s 'COISAS PESADAS'","isPartOf":{"@id":"https:\/\/mrnews.com.br\/#website"},"primaryImageOfPage":{"@id":"https:\/\/mrnews.com.br\/index.php\/2023\/07\/14\/ticiane-pinheiro-toma-medida-drastica-e-tira-redes-sociais-de-rafinha-justus-apos-coisas-pesadas\/#primaryimage"},"image":{"@id":"https:\/\/mrnews.com.br\/index.php\/2023\/07\/14\/ticiane-pinheiro-toma-medida-drastica-e-tira-redes-sociais-de-rafinha-justus-apos-coisas-pesadas\/#primaryimage"},"thumbnailUrl":"https:\/\/mrnews.com.br\/wp-content\/uploads\/2023\/07\/FB_IMG_1689384527070.jpg","datePublished":"2023-07-15T01:34:55+00:00","breadcrumb":{"@id":"https:\/\/mrnews.com.br\/index.php\/2023\/07\/14\/ticiane-pinheiro-toma-medida-drastica-e-tira-redes-sociais-de-rafinha-justus-apos-coisas-pesadas\/#breadcrumb"},"inLanguage":"pt-BR","potentialAction":[{"@type":"ReadAction","target":["https:\/\/mrnews.com.br\/index.php\/2023\/07\/14\/ticiane-pinheiro-toma-medida-drastica-e-tira-redes-sociais-de-rafinha-justus-apos-coisas-pesadas\/"]}]},{"@type":"ImageObject","inLanguage":"pt-BR","@id":"https:\/\/mrnews.com.br\/index.php\/2023\/07\/14\/ticiane-pinheiro-toma-medida-drastica-e-tira-redes-sociais-de-rafinha-justus-apos-coisas-pesadas\/#primaryimage","url":"https:\/\/mrnews.com.br\/wp-content\/uploads\/2023\/07\/FB_IMG_1689384527070.jpg","contentUrl":"https:\/\/mrnews.com.br\/wp-content\/uploads\/2023\/07\/FB_IMG_1689384527070.jpg","width":894,"height":960},{"@type":"BreadcrumbList","@id":"https:\/\/mrnews.com.br\/index.php\/2023\/07\/14\/ticiane-pinheiro-toma-medida-drastica-e-tira-redes-sociais-de-rafinha-justus-apos-coisas-pesadas\/#breadcrumb","itemListElement":[{"@type":"ListItem","position":1,"name":"In\u00edcio","item":"https:\/\/mrnews.com.br\/"},{"@type":"ListItem","position":2,"name":"Ticiane Pinheiro toma medida dr\u00e1stica, e tira redes sociais de Rafinha Justus, ap\u00f3s &#8216;COISAS PESADAS&#8217;"}]},{"@type":"WebSite","@id":"https:\/\/mrnews.com.br\/#website","url":"https:\/\/mrnews.com.br\/","name":"MRNews","description":"MRNews Jogos de hoje da TV, transmiss\u00f5es ao vivo, Not\u00edcias de futebol, Jogos ao vivo, Lives, resumo de novelas, Programa\u00e7\u00e3o da Globo, A Fazenda e BBB","publisher":{"@id":"https:\/\/mrnews.com.br\/#organization"},"potentialAction":[{"@type":"SearchAction","target":{"@type":"EntryPoint","urlTemplate":"https:\/\/mrnews.com.br\/?s={search_term_string}"},"query-input":{"@type":"PropertyValueSpecification","valueRequired":true,"valueName":"search_term_string"}}],"inLanguage":"pt-BR"},{"@type":"Organization","@id":"https:\/\/mrnews.com.br\/#organization","name":"MRNews","url":"https:\/\/mrnews.com.br\/","logo":{"@type":"ImageObject","inLanguage":"pt-BR","@id":"https:\/\/mrnews.com.br\/#\/schema\/logo\/image\/","url":"https:\/\/mrnews.com.br\/wp-content\/uploads\/2019\/06\/MRNewslogo2.png","contentUrl":"https:\/\/mrnews.com.br\/wp-content\/uploads\/2019\/06\/MRNewslogo2.png","width":223,"height":58,"caption":"MRNews"},"image":{"@id":"https:\/\/mrnews.com.br\/#\/schema\/logo\/image\/"},"sameAs":["https:\/\/www.facebook.com\/eaipahpah\/?locale2=pt_BR","https:\/\/x.com\/conspirou","https:\/\/www.instagram.com\/eai_pahpah","https:\/\/br.pinterest.com\/mrnewsn\/boards\/","https:\/\/www.youtube.com\/channel\/UCacgnpznQ61fifLWr1tQ-vA?view_as=subscriber"]},{"@type":"Person","@id":"https:\/\/mrnews.com.br\/#\/schema\/person\/be3203154562a9f207407861cef7827b","name":"MR News","image":{"@type":"ImageObject","inLanguage":"pt-BR","@id":"https:\/\/secure.gravatar.com\/avatar\/04084e6d73c042b8646e7c17b494073bf0ede3ea13c7105cfc45cbbbc28385a4?s=96&d=monsterid&r=g","url":"https:\/\/secure.gravatar.com\/avatar\/04084e6d73c042b8646e7c17b494073bf0ede3ea13c7105cfc45cbbbc28385a4?s=96&d=monsterid&r=g","contentUrl":"https:\/\/secure.gravatar.com\/avatar\/04084e6d73c042b8646e7c17b494073bf0ede3ea13c7105cfc45cbbbc28385a4?s=96&d=monsterid&r=g","caption":"MR News"},"description":"Especializado em jornalismo colaborativo pela FTP em n\u00edvel de p\u00f3s-gradua\u00e7\u00e3o. suporte@oimeliga.combr","sameAs":["HUGO R.","Admin"],"url":"https:\/\/mrnews.com.br\/index.php\/author\/admin\/"}]}},"jetpack_featured_media_url":"https:\/\/mrnews.com.br\/wp-content\/uploads\/2023\/07\/FB_IMG_1689384527070.jpg","jetpack_sharing_enabled":true,"jetpack_shortlink":"https:\/\/wp.me\/pa2Qf7-1Gpw","amp_enabled":true,"_links":{"self":[{"href":"https:\/\/mrnews.com.br\/index.php\/wp-json\/wp\/v2\/posts\/401358","targetHints":{"allow":["GET"]}}],"collection":[{"href":"https:\/\/mrnews.com.br\/index.php\/wp-json\/wp\/v2\/posts"}],"about":[{"href":"https:\/\/mrnews.com.br\/index.php\/wp-json\/wp\/v2\/types\/post"}],"author":[{"embeddable":true,"href":"https:\/\/mrnews.com.br\/index.php\/wp-json\/wp\/v2\/users\/1"}],"replies":[{"embeddable":true,"href":"https:\/\/mrnews.com.br\/index.php\/wp-json\/wp\/v2\/comments?post=401358"}],"version-history":[{"count":1,"href":"https:\/\/mrnews.com.br\/index.php\/wp-json\/wp\/v2\/posts\/401358\/revisions"}],"predecessor-version":[{"id":401360,"href":"https:\/\/mrnews.com.br\/index.php\/wp-json\/wp\/v2\/posts\/401358\/revisions\/401360"}],"wp:featuredmedia":[{"embeddable":true,"href":"https:\/\/mrnews.com.br\/index.php\/wp-json\/wp\/v2\/media\/401359"}],"wp:attachment":[{"href":"https:\/\/mrnews.com.br\/index.php\/wp-json\/wp\/v2\/media?parent=401358"}],"wp:term":[{"taxonomy":"category","embeddable":true,"href":"https:\/\/mrnews.com.br\/index.php\/wp-json\/wp\/v2\/categories?post=401358"},{"taxonomy":"post_tag","embeddable":true,"href":"https:\/\/mrnews.com.br\/index.php\/wp-json\/wp\/v2\/tags?post=401358"}],"curies":[{"name":"wp","href":"https:\/\/api.w.org\/{rel}","templated":true}]}}