{"id":401452,"date":"2023-07-30T16:51:16","date_gmt":"2023-07-30T19:51:16","guid":{"rendered":"https:\/\/mrnews.com.br\/?p=401452"},"modified":"2023-07-30T16:51:16","modified_gmt":"2023-07-30T19:51:16","slug":"terra-e-paixao-graca-e-abandonada-no-altar-apos-caio-ver-quem-ele-menos-imaginava-no-casamento","status":"publish","type":"post","link":"https:\/\/mrnews.com.br\/index.php\/2023\/07\/30\/terra-e-paixao-graca-e-abandonada-no-altar-apos-caio-ver-quem-ele-menos-imaginava-no-casamento\/","title":{"rendered":"Terra e Paix\u00e3o: Gra\u00e7a \u00e9 abandonada no altar ap\u00f3s Caio ver quem ele menos imaginava no casamento"},"content":{"rendered":"<p>Em Terra e Paix\u00e3o, a vida de Gra\u00e7a (Agatha Moreira) \u00e9 abalada por uma reviravolta surpreendente na v\u00e9spera de seu casamento com Caio (Cau\u00e3 Reymond). A presen\u00e7a inesperada de Aline (Barbara Reis) na igreja pouco antes da cerim\u00f4nia causa um grande impacto nos sentimentos de Caio, levando-o a questionar suas decis\u00f5es e gerando consequ\u00eancias imprevis\u00edveis para todos os envolvidos.<\/p>\n<p>Aline escolhe o dia do casamento de Caio e Gra\u00e7a para finalmente revelar seus verdadeiros sentimentos pelo herdeiro dos La Selva. Sua declara\u00e7\u00e3o de amor deixa Caio perplexo e confuso, gerando um momento de d\u00favida em rela\u00e7\u00e3o a Gra\u00e7a e suas escolhas.<\/p>\n<p>A conversa a s\u00f3s entre Aline e Caio leva a uma mudan\u00e7a significativa na trama. A vi\u00fava, que anteriormente aconselhara Caio a se casar com Gra\u00e7a, agora incentiva que ele siga seu cora\u00e7\u00e3o e seja verdadeiro com seus sentimentos. Ela tamb\u00e9m admite que n\u00e3o estava seguindo seu pr\u00f3prio conselho e finalmente se declara para Caio, revelando que o ama profundamente.<\/p>\n<p>Essa revela\u00e7\u00e3o impactante abala Caio, levando-o a tomar uma decis\u00e3o dif\u00edcil e chocante. Mesmo com a interven\u00e7\u00e3o de Irene (Gl\u00f3ria Pires), ele enfrenta Gra\u00e7a e a multid\u00e3o presente no casamento para expressar suas d\u00favidas e desistir do casamento. Com muita dor, ele pede desculpas a Gra\u00e7a e afirma que n\u00e3o pode se casar com ela, acreditando que essa n\u00e3o seria a melhor escolha para ambos.<\/p>\n<p>Enquanto Gra\u00e7a lida com a decep\u00e7\u00e3o e a trai\u00e7\u00e3o, ela decide seguir um novo plano para se aproximar da fam\u00edlia La Selva e se vingar. Ela se alia a Jonatas (Paulo Lessa) em uma tentativa de separar Caio e Aline, desencadeando uma nova fase da trama repleta de emo\u00e7\u00e3o, vingan\u00e7a e luta por seu lugar na fam\u00edlia que tanto almeja entrar.<\/p>\n<p>Os pr\u00f3ximos cap\u00edtulos de Terra e Paix\u00e3o prometem manter os telespectadores vidrados na tela, ansiosos para acompanhar as reviravoltas e desdobramentos dessa emocionante hist\u00f3ria de amor, trai\u00e7\u00e3o e vingan\u00e7a.<\/p>\n<h2>Em Terra e Paix\u00e3o, uma reviravolta surpreendente est\u00e1 prestes a acontecer,<\/h2>\n<p>trazendo grandes emo\u00e7\u00f5es para os pr\u00f3ximos cap\u00edtulos da trama. Aline, interpretada pela talentosa atriz B\u00e1rbara Reis, decidir\u00e1 lutar pelo amor de Caio, vivido por Cau\u00e3 Reymond, e isso resultar\u00e1 em uma interven\u00e7\u00e3o no casamento do herdeiro dos La Selva com Gra\u00e7a.<\/p>\n<p>Ap\u00f3s inicialmente apoiar o casamento de Caio com Gra\u00e7a, a vi\u00fava repensar\u00e1 sua decis\u00e3o e perceber\u00e1 que n\u00e3o pode mais esconder seus verdadeiros sentimentos pelo amado. Maquiada e elegante, Aline causar\u00e1 uma surpresa ao surgir inesperadamente no casamento, sem avisar a ningu\u00e9m, para ter uma conversa \u00edntima com Caio.<\/p>\n<p>Nesse momento emocionante, Aline revelar\u00e1 corajosamente que ama Caio e n\u00e3o quer v\u00ea-lo se casar com Gra\u00e7a. A protagonista decidir\u00e1 lutar por seu amor e expressar\u00e1 seus sentimentos mais profundos ao herdeiro dos La Selva. Ela tamb\u00e9m afirmar\u00e1 que Caio n\u00e3o precisa se casar com Gra\u00e7a para cuidar do sobrinho, desfazendo os planos da personagem de Agatha Moreira.<\/p>\n<p>A declara\u00e7\u00e3o de amor de Aline mexer\u00e1 com o psicol\u00f3gico de Caio, levando-o a tomar uma decis\u00e3o dr\u00e1stica. Em meio \u00e0 cerim\u00f4nia, ele abandonar\u00e1 Gra\u00e7a no altar diante dos La Selva e da fam\u00edlia da noiva. Caio dir\u00e1 a todos que n\u00e3o pode se casar com ela, impactando a todos os presentes e dando in\u00edcio a uma confus\u00e3o generalizada na cerim\u00f4nia.<\/p>\n<p>Essa reviravolta promete transformar a din\u00e2mica dos personagens e trazer consequ\u00eancias surpreendentes para a trama. O amor e as escolhas de cada um ser\u00e3o colocados \u00e0 prova, e a paix\u00e3o entre Aline e Caio pode mudar o curso da hist\u00f3ria de Terra e Paix\u00e3o. Os telespectadores est\u00e3o ansiosos para descobrir os desdobramentos dessa emocionante reviravolta e acompanhar as consequ\u00eancias dessa decis\u00e3o inesperada.<\/p>\n<p>&nbsp;<\/p>\n<h2>Em Terra e Paix\u00e3o, uma reviravolta inesperada acontece na vida de Lucinda<\/h2>\n<p>interpretada por D\u00e9bora Falabella, trazendo um al\u00edvio tempor\u00e1rio das agress\u00f5es de seu marido, Andrade, vivido por \u00c2ngelo Ant\u00f4nio. O destino dos personagens se entrela\u00e7a com a chegada de Petra, interpretada por Debora Oz\u00f3rio, cujas a\u00e7\u00f5es causar\u00e3o mudan\u00e7as significativas na trama da TV Globo.<\/p>\n<p>Andrade, conhecido por seu hist\u00f3rico de viol\u00eancia dom\u00e9stica contra Lucinda, permanece impune de suas atitudes abusivas. No entanto, o destino reserva a ele um acidente inesperado, pois Petra, sob a influ\u00eancia de medicamentos, sai dirigindo em estado de embriaguez pelas ruas de Nova Esperan\u00e7a.<\/p>\n<p>A agr\u00f4noma perde o controle de seu ve\u00edculo e acaba atropelando Andrade, que agravou seu alcoolismo ap\u00f3s perder o cargo de gerente de uma pousada. O acidente deixa Andrade incapacitado, o que proporciona um momento de al\u00edvio para Lucinda, que deixa de ser v\u00edtima de suas agress\u00f5es.<\/p>\n<p>Com Andrade dependente de Lucinda ap\u00f3s o acidente, a din\u00e2mica do relacionamento muda drasticamente. Enquanto ela precisa enfrentar novos desafios cuidando do marido, Lucinda finalmente se encontra livre dos confrontos constantes e das agress\u00f5es que a assombraram por tanto tempo.<\/p>\n<p>Essa nova fase pode representar uma oportunidade para Lucinda buscar sua vingan\u00e7a contra o agressor, ou talvez abrir caminho para uma poss\u00edvel reden\u00e7\u00e3o e mudan\u00e7a de comportamento por parte de Andrade. Com Petra desempenhando um papel crucial nessa virada de eventos, a novela Terra e Paix\u00e3o promete momentos emocionantes e surpreendentes para os telespectadores. A reviravolta na vida de Lucinda traz uma perspectiva intrigante para o desenvolvimento dos personagens e a evolu\u00e7\u00e3o da trama, mantendo a audi\u00eancia ansiosa por mais reviravoltas e desdobramentos inesperados.<\/p>\n<p>&nbsp;<\/p>\n<h2><\/h2>\n","protected":false},"excerpt":{"rendered":"<p>Em Terra e Paix\u00e3o, a vida de Gra\u00e7a (Agatha Moreira) \u00e9 abalada por uma reviravolta surpreendente na v\u00e9spera de seu casamento com Caio (Cau\u00e3 Reymond). A presen\u00e7a inesperada de Aline (Barbara Reis) na igreja pouco antes da cerim\u00f4nia causa um grande impacto nos sentimentos de Caio, levando-o a questionar suas decis\u00f5es e gerando consequ\u00eancias imprevis\u00edveis &hellip;<\/p>\n","protected":false},"author":1,"featured_media":401453,"comment_status":"open","ping_status":"open","sticky":false,"template":"","format":"standard","meta":{"_jetpack_memberships_contains_paid_content":false,"footnotes":""},"categories":[2],"tags":[],"class_list":["post-401452","post","type-post","status-publish","format-standard","has-post-thumbnail","hentry","category-entretenimento"],"yoast_head":"<!-- This site is optimized with the Yoast SEO plugin v27.5 - https:\/\/yoast.com\/product\/yoast-seo-wordpress\/ -->\n<title>Terra e Paix\u00e3o: Gra\u00e7a \u00e9 abandonada no altar ap\u00f3s Caio ver quem ele menos imaginava no casamento<\/title>\n<meta name=\"robots\" content=\"index, follow, max-snippet:-1, max-image-preview:large, max-video-preview:-1\" \/>\n<link rel=\"canonical\" href=\"https:\/\/mrnews.com.br\/index.php\/2023\/07\/30\/terra-e-paixao-graca-e-abandonada-no-altar-apos-caio-ver-quem-ele-menos-imaginava-no-casamento\/\" \/>\n<meta property=\"og:locale\" content=\"pt_BR\" \/>\n<meta property=\"og:type\" content=\"article\" \/>\n<meta property=\"og:title\" content=\"Terra e Paix\u00e3o: Gra\u00e7a \u00e9 abandonada no altar ap\u00f3s Caio ver quem ele menos imaginava no casamento\" \/>\n<meta property=\"og:description\" content=\"Em Terra e Paix\u00e3o, a vida de Gra\u00e7a (Agatha Moreira) \u00e9 abalada por uma reviravolta surpreendente na v\u00e9spera de seu casamento com Caio (Cau\u00e3 Reymond). A presen\u00e7a inesperada de Aline (Barbara Reis) na igreja pouco antes da cerim\u00f4nia causa um grande impacto nos sentimentos de Caio, levando-o a questionar suas decis\u00f5es e gerando consequ\u00eancias imprevis\u00edveis &hellip;\" \/>\n<meta property=\"og:url\" content=\"https:\/\/mrnews.com.br\/index.php\/2023\/07\/30\/terra-e-paixao-graca-e-abandonada-no-altar-apos-caio-ver-quem-ele-menos-imaginava-no-casamento\/\" \/>\n<meta property=\"og:site_name\" content=\"MRNews\" \/>\n<meta property=\"article:publisher\" content=\"https:\/\/www.facebook.com\/eaipahpah\/?locale2=pt_BR\" \/>\n<meta property=\"article:published_time\" content=\"2023-07-30T19:51:16+00:00\" \/>\n<meta property=\"og:image\" content=\"https:\/\/mrnews.com.br\/wp-content\/uploads\/2023\/07\/FB_IMG_1690746281229.jpg\" \/>\n\t<meta property=\"og:image:width\" content=\"960\" \/>\n\t<meta property=\"og:image:height\" content=\"939\" \/>\n\t<meta property=\"og:image:type\" content=\"image\/jpeg\" \/>\n<meta name=\"author\" content=\"MR News\" \/>\n<meta name=\"twitter:card\" content=\"summary_large_image\" \/>\n<meta name=\"twitter:creator\" content=\"@conspirou\" \/>\n<meta name=\"twitter:site\" content=\"@conspirou\" \/>\n<meta name=\"twitter:label1\" content=\"Escrito por\" \/>\n\t<meta name=\"twitter:data1\" content=\"MR News\" \/>\n\t<meta name=\"twitter:label2\" content=\"Est. tempo de leitura\" \/>\n\t<meta name=\"twitter:data2\" content=\"5 minutos\" \/>\n<script type=\"application\/ld+json\" class=\"yoast-schema-graph\">{\"@context\":\"https:\\\/\\\/schema.org\",\"@graph\":[{\"@type\":\"Article\",\"@id\":\"https:\\\/\\\/mrnews.com.br\\\/index.php\\\/2023\\\/07\\\/30\\\/terra-e-paixao-graca-e-abandonada-no-altar-apos-caio-ver-quem-ele-menos-imaginava-no-casamento\\\/#article\",\"isPartOf\":{\"@id\":\"https:\\\/\\\/mrnews.com.br\\\/index.php\\\/2023\\\/07\\\/30\\\/terra-e-paixao-graca-e-abandonada-no-altar-apos-caio-ver-quem-ele-menos-imaginava-no-casamento\\\/\"},\"author\":{\"name\":\"MR News\",\"@id\":\"https:\\\/\\\/mrnews.com.br\\\/#\\\/schema\\\/person\\\/be3203154562a9f207407861cef7827b\"},\"headline\":\"Terra e Paix\u00e3o: Gra\u00e7a \u00e9 abandonada no altar ap\u00f3s Caio ver quem ele menos imaginava no casamento\",\"datePublished\":\"2023-07-30T19:51:16+00:00\",\"mainEntityOfPage\":{\"@id\":\"https:\\\/\\\/mrnews.com.br\\\/index.php\\\/2023\\\/07\\\/30\\\/terra-e-paixao-graca-e-abandonada-no-altar-apos-caio-ver-quem-ele-menos-imaginava-no-casamento\\\/\"},\"wordCount\":1002,\"commentCount\":0,\"publisher\":{\"@id\":\"https:\\\/\\\/mrnews.com.br\\\/#organization\"},\"image\":{\"@id\":\"https:\\\/\\\/mrnews.com.br\\\/index.php\\\/2023\\\/07\\\/30\\\/terra-e-paixao-graca-e-abandonada-no-altar-apos-caio-ver-quem-ele-menos-imaginava-no-casamento\\\/#primaryimage\"},\"thumbnailUrl\":\"https:\\\/\\\/mrnews.com.br\\\/wp-content\\\/uploads\\\/2023\\\/07\\\/FB_IMG_1690746281229.jpg\",\"articleSection\":[\"ENTRETENIMENTO\"],\"inLanguage\":\"pt-BR\",\"potentialAction\":[{\"@type\":\"CommentAction\",\"name\":\"Comment\",\"target\":[\"https:\\\/\\\/mrnews.com.br\\\/index.php\\\/2023\\\/07\\\/30\\\/terra-e-paixao-graca-e-abandonada-no-altar-apos-caio-ver-quem-ele-menos-imaginava-no-casamento\\\/#respond\"]}]},{\"@type\":\"WebPage\",\"@id\":\"https:\\\/\\\/mrnews.com.br\\\/index.php\\\/2023\\\/07\\\/30\\\/terra-e-paixao-graca-e-abandonada-no-altar-apos-caio-ver-quem-ele-menos-imaginava-no-casamento\\\/\",\"url\":\"https:\\\/\\\/mrnews.com.br\\\/index.php\\\/2023\\\/07\\\/30\\\/terra-e-paixao-graca-e-abandonada-no-altar-apos-caio-ver-quem-ele-menos-imaginava-no-casamento\\\/\",\"name\":\"Terra e Paix\u00e3o: Gra\u00e7a \u00e9 abandonada no altar ap\u00f3s Caio ver quem ele menos imaginava no casamento\",\"isPartOf\":{\"@id\":\"https:\\\/\\\/mrnews.com.br\\\/#website\"},\"primaryImageOfPage\":{\"@id\":\"https:\\\/\\\/mrnews.com.br\\\/index.php\\\/2023\\\/07\\\/30\\\/terra-e-paixao-graca-e-abandonada-no-altar-apos-caio-ver-quem-ele-menos-imaginava-no-casamento\\\/#primaryimage\"},\"image\":{\"@id\":\"https:\\\/\\\/mrnews.com.br\\\/index.php\\\/2023\\\/07\\\/30\\\/terra-e-paixao-graca-e-abandonada-no-altar-apos-caio-ver-quem-ele-menos-imaginava-no-casamento\\\/#primaryimage\"},\"thumbnailUrl\":\"https:\\\/\\\/mrnews.com.br\\\/wp-content\\\/uploads\\\/2023\\\/07\\\/FB_IMG_1690746281229.jpg\",\"datePublished\":\"2023-07-30T19:51:16+00:00\",\"breadcrumb\":{\"@id\":\"https:\\\/\\\/mrnews.com.br\\\/index.php\\\/2023\\\/07\\\/30\\\/terra-e-paixao-graca-e-abandonada-no-altar-apos-caio-ver-quem-ele-menos-imaginava-no-casamento\\\/#breadcrumb\"},\"inLanguage\":\"pt-BR\",\"potentialAction\":[{\"@type\":\"ReadAction\",\"target\":[\"https:\\\/\\\/mrnews.com.br\\\/index.php\\\/2023\\\/07\\\/30\\\/terra-e-paixao-graca-e-abandonada-no-altar-apos-caio-ver-quem-ele-menos-imaginava-no-casamento\\\/\"]}]},{\"@type\":\"ImageObject\",\"inLanguage\":\"pt-BR\",\"@id\":\"https:\\\/\\\/mrnews.com.br\\\/index.php\\\/2023\\\/07\\\/30\\\/terra-e-paixao-graca-e-abandonada-no-altar-apos-caio-ver-quem-ele-menos-imaginava-no-casamento\\\/#primaryimage\",\"url\":\"https:\\\/\\\/mrnews.com.br\\\/wp-content\\\/uploads\\\/2023\\\/07\\\/FB_IMG_1690746281229.jpg\",\"contentUrl\":\"https:\\\/\\\/mrnews.com.br\\\/wp-content\\\/uploads\\\/2023\\\/07\\\/FB_IMG_1690746281229.jpg\",\"width\":960,\"height\":939},{\"@type\":\"BreadcrumbList\",\"@id\":\"https:\\\/\\\/mrnews.com.br\\\/index.php\\\/2023\\\/07\\\/30\\\/terra-e-paixao-graca-e-abandonada-no-altar-apos-caio-ver-quem-ele-menos-imaginava-no-casamento\\\/#breadcrumb\",\"itemListElement\":[{\"@type\":\"ListItem\",\"position\":1,\"name\":\"In\u00edcio\",\"item\":\"https:\\\/\\\/mrnews.com.br\\\/\"},{\"@type\":\"ListItem\",\"position\":2,\"name\":\"Terra e Paix\u00e3o: Gra\u00e7a \u00e9 abandonada no altar ap\u00f3s Caio ver quem ele menos imaginava no casamento\"}]},{\"@type\":\"WebSite\",\"@id\":\"https:\\\/\\\/mrnews.com.br\\\/#website\",\"url\":\"https:\\\/\\\/mrnews.com.br\\\/\",\"name\":\"MRNews\",\"description\":\"MRNews Jogos de hoje da TV, transmiss\u00f5es ao vivo, Not\u00edcias de futebol, Jogos ao vivo, Lives, resumo de novelas, Programa\u00e7\u00e3o da Globo, A Fazenda e BBB\",\"publisher\":{\"@id\":\"https:\\\/\\\/mrnews.com.br\\\/#organization\"},\"potentialAction\":[{\"@type\":\"SearchAction\",\"target\":{\"@type\":\"EntryPoint\",\"urlTemplate\":\"https:\\\/\\\/mrnews.com.br\\\/?s={search_term_string}\"},\"query-input\":{\"@type\":\"PropertyValueSpecification\",\"valueRequired\":true,\"valueName\":\"search_term_string\"}}],\"inLanguage\":\"pt-BR\"},{\"@type\":\"Organization\",\"@id\":\"https:\\\/\\\/mrnews.com.br\\\/#organization\",\"name\":\"MRNews\",\"url\":\"https:\\\/\\\/mrnews.com.br\\\/\",\"logo\":{\"@type\":\"ImageObject\",\"inLanguage\":\"pt-BR\",\"@id\":\"https:\\\/\\\/mrnews.com.br\\\/#\\\/schema\\\/logo\\\/image\\\/\",\"url\":\"https:\\\/\\\/mrnews.com.br\\\/wp-content\\\/uploads\\\/2019\\\/06\\\/MRNewslogo2.png\",\"contentUrl\":\"https:\\\/\\\/mrnews.com.br\\\/wp-content\\\/uploads\\\/2019\\\/06\\\/MRNewslogo2.png\",\"width\":223,\"height\":58,\"caption\":\"MRNews\"},\"image\":{\"@id\":\"https:\\\/\\\/mrnews.com.br\\\/#\\\/schema\\\/logo\\\/image\\\/\"},\"sameAs\":[\"https:\\\/\\\/www.facebook.com\\\/eaipahpah\\\/?locale2=pt_BR\",\"https:\\\/\\\/x.com\\\/conspirou\",\"https:\\\/\\\/www.instagram.com\\\/eai_pahpah\",\"https:\\\/\\\/br.pinterest.com\\\/mrnewsn\\\/boards\\\/\",\"https:\\\/\\\/www.youtube.com\\\/channel\\\/UCacgnpznQ61fifLWr1tQ-vA?view_as=subscriber\"]},{\"@type\":\"Person\",\"@id\":\"https:\\\/\\\/mrnews.com.br\\\/#\\\/schema\\\/person\\\/be3203154562a9f207407861cef7827b\",\"name\":\"MR News\",\"image\":{\"@type\":\"ImageObject\",\"inLanguage\":\"pt-BR\",\"@id\":\"https:\\\/\\\/secure.gravatar.com\\\/avatar\\\/04084e6d73c042b8646e7c17b494073bf0ede3ea13c7105cfc45cbbbc28385a4?s=96&d=monsterid&r=g\",\"url\":\"https:\\\/\\\/secure.gravatar.com\\\/avatar\\\/04084e6d73c042b8646e7c17b494073bf0ede3ea13c7105cfc45cbbbc28385a4?s=96&d=monsterid&r=g\",\"contentUrl\":\"https:\\\/\\\/secure.gravatar.com\\\/avatar\\\/04084e6d73c042b8646e7c17b494073bf0ede3ea13c7105cfc45cbbbc28385a4?s=96&d=monsterid&r=g\",\"caption\":\"MR News\"},\"description\":\"Especializado em jornalismo colaborativo pela FTP em n\u00edvel de p\u00f3s-gradua\u00e7\u00e3o. suporte@oimeliga.combr\",\"sameAs\":[\"HUGO R.\",\"Admin\"],\"url\":\"https:\\\/\\\/mrnews.com.br\\\/index.php\\\/author\\\/admin\\\/\"}]}<\/script>\n<!-- \/ Yoast SEO plugin. -->","yoast_head_json":{"title":"Terra e Paix\u00e3o: Gra\u00e7a \u00e9 abandonada no altar ap\u00f3s Caio ver quem ele menos imaginava no casamento","robots":{"index":"index","follow":"follow","max-snippet":"max-snippet:-1","max-image-preview":"max-image-preview:large","max-video-preview":"max-video-preview:-1"},"canonical":"https:\/\/mrnews.com.br\/index.php\/2023\/07\/30\/terra-e-paixao-graca-e-abandonada-no-altar-apos-caio-ver-quem-ele-menos-imaginava-no-casamento\/","og_locale":"pt_BR","og_type":"article","og_title":"Terra e Paix\u00e3o: Gra\u00e7a \u00e9 abandonada no altar ap\u00f3s Caio ver quem ele menos imaginava no casamento","og_description":"Em Terra e Paix\u00e3o, a vida de Gra\u00e7a (Agatha Moreira) \u00e9 abalada por uma reviravolta surpreendente na v\u00e9spera de seu casamento com Caio (Cau\u00e3 Reymond). A presen\u00e7a inesperada de Aline (Barbara Reis) na igreja pouco antes da cerim\u00f4nia causa um grande impacto nos sentimentos de Caio, levando-o a questionar suas decis\u00f5es e gerando consequ\u00eancias imprevis\u00edveis &hellip;","og_url":"https:\/\/mrnews.com.br\/index.php\/2023\/07\/30\/terra-e-paixao-graca-e-abandonada-no-altar-apos-caio-ver-quem-ele-menos-imaginava-no-casamento\/","og_site_name":"MRNews","article_publisher":"https:\/\/www.facebook.com\/eaipahpah\/?locale2=pt_BR","article_published_time":"2023-07-30T19:51:16+00:00","og_image":[{"width":960,"height":939,"url":"https:\/\/mrnews.com.br\/wp-content\/uploads\/2023\/07\/FB_IMG_1690746281229.jpg","type":"image\/jpeg"}],"author":"MR News","twitter_card":"summary_large_image","twitter_creator":"@conspirou","twitter_site":"@conspirou","twitter_misc":{"Escrito por":"MR News","Est. tempo de leitura":"5 minutos"},"schema":{"@context":"https:\/\/schema.org","@graph":[{"@type":"Article","@id":"https:\/\/mrnews.com.br\/index.php\/2023\/07\/30\/terra-e-paixao-graca-e-abandonada-no-altar-apos-caio-ver-quem-ele-menos-imaginava-no-casamento\/#article","isPartOf":{"@id":"https:\/\/mrnews.com.br\/index.php\/2023\/07\/30\/terra-e-paixao-graca-e-abandonada-no-altar-apos-caio-ver-quem-ele-menos-imaginava-no-casamento\/"},"author":{"name":"MR News","@id":"https:\/\/mrnews.com.br\/#\/schema\/person\/be3203154562a9f207407861cef7827b"},"headline":"Terra e Paix\u00e3o: Gra\u00e7a \u00e9 abandonada no altar ap\u00f3s Caio ver quem ele menos imaginava no casamento","datePublished":"2023-07-30T19:51:16+00:00","mainEntityOfPage":{"@id":"https:\/\/mrnews.com.br\/index.php\/2023\/07\/30\/terra-e-paixao-graca-e-abandonada-no-altar-apos-caio-ver-quem-ele-menos-imaginava-no-casamento\/"},"wordCount":1002,"commentCount":0,"publisher":{"@id":"https:\/\/mrnews.com.br\/#organization"},"image":{"@id":"https:\/\/mrnews.com.br\/index.php\/2023\/07\/30\/terra-e-paixao-graca-e-abandonada-no-altar-apos-caio-ver-quem-ele-menos-imaginava-no-casamento\/#primaryimage"},"thumbnailUrl":"https:\/\/mrnews.com.br\/wp-content\/uploads\/2023\/07\/FB_IMG_1690746281229.jpg","articleSection":["ENTRETENIMENTO"],"inLanguage":"pt-BR","potentialAction":[{"@type":"CommentAction","name":"Comment","target":["https:\/\/mrnews.com.br\/index.php\/2023\/07\/30\/terra-e-paixao-graca-e-abandonada-no-altar-apos-caio-ver-quem-ele-menos-imaginava-no-casamento\/#respond"]}]},{"@type":"WebPage","@id":"https:\/\/mrnews.com.br\/index.php\/2023\/07\/30\/terra-e-paixao-graca-e-abandonada-no-altar-apos-caio-ver-quem-ele-menos-imaginava-no-casamento\/","url":"https:\/\/mrnews.com.br\/index.php\/2023\/07\/30\/terra-e-paixao-graca-e-abandonada-no-altar-apos-caio-ver-quem-ele-menos-imaginava-no-casamento\/","name":"Terra e Paix\u00e3o: Gra\u00e7a \u00e9 abandonada no altar ap\u00f3s Caio ver quem ele menos imaginava no casamento","isPartOf":{"@id":"https:\/\/mrnews.com.br\/#website"},"primaryImageOfPage":{"@id":"https:\/\/mrnews.com.br\/index.php\/2023\/07\/30\/terra-e-paixao-graca-e-abandonada-no-altar-apos-caio-ver-quem-ele-menos-imaginava-no-casamento\/#primaryimage"},"image":{"@id":"https:\/\/mrnews.com.br\/index.php\/2023\/07\/30\/terra-e-paixao-graca-e-abandonada-no-altar-apos-caio-ver-quem-ele-menos-imaginava-no-casamento\/#primaryimage"},"thumbnailUrl":"https:\/\/mrnews.com.br\/wp-content\/uploads\/2023\/07\/FB_IMG_1690746281229.jpg","datePublished":"2023-07-30T19:51:16+00:00","breadcrumb":{"@id":"https:\/\/mrnews.com.br\/index.php\/2023\/07\/30\/terra-e-paixao-graca-e-abandonada-no-altar-apos-caio-ver-quem-ele-menos-imaginava-no-casamento\/#breadcrumb"},"inLanguage":"pt-BR","potentialAction":[{"@type":"ReadAction","target":["https:\/\/mrnews.com.br\/index.php\/2023\/07\/30\/terra-e-paixao-graca-e-abandonada-no-altar-apos-caio-ver-quem-ele-menos-imaginava-no-casamento\/"]}]},{"@type":"ImageObject","inLanguage":"pt-BR","@id":"https:\/\/mrnews.com.br\/index.php\/2023\/07\/30\/terra-e-paixao-graca-e-abandonada-no-altar-apos-caio-ver-quem-ele-menos-imaginava-no-casamento\/#primaryimage","url":"https:\/\/mrnews.com.br\/wp-content\/uploads\/2023\/07\/FB_IMG_1690746281229.jpg","contentUrl":"https:\/\/mrnews.com.br\/wp-content\/uploads\/2023\/07\/FB_IMG_1690746281229.jpg","width":960,"height":939},{"@type":"BreadcrumbList","@id":"https:\/\/mrnews.com.br\/index.php\/2023\/07\/30\/terra-e-paixao-graca-e-abandonada-no-altar-apos-caio-ver-quem-ele-menos-imaginava-no-casamento\/#breadcrumb","itemListElement":[{"@type":"ListItem","position":1,"name":"In\u00edcio","item":"https:\/\/mrnews.com.br\/"},{"@type":"ListItem","position":2,"name":"Terra e Paix\u00e3o: Gra\u00e7a \u00e9 abandonada no altar ap\u00f3s Caio ver quem ele menos imaginava no casamento"}]},{"@type":"WebSite","@id":"https:\/\/mrnews.com.br\/#website","url":"https:\/\/mrnews.com.br\/","name":"MRNews","description":"MRNews Jogos de hoje da TV, transmiss\u00f5es ao vivo, Not\u00edcias de futebol, Jogos ao vivo, Lives, resumo de novelas, Programa\u00e7\u00e3o da Globo, A Fazenda e BBB","publisher":{"@id":"https:\/\/mrnews.com.br\/#organization"},"potentialAction":[{"@type":"SearchAction","target":{"@type":"EntryPoint","urlTemplate":"https:\/\/mrnews.com.br\/?s={search_term_string}"},"query-input":{"@type":"PropertyValueSpecification","valueRequired":true,"valueName":"search_term_string"}}],"inLanguage":"pt-BR"},{"@type":"Organization","@id":"https:\/\/mrnews.com.br\/#organization","name":"MRNews","url":"https:\/\/mrnews.com.br\/","logo":{"@type":"ImageObject","inLanguage":"pt-BR","@id":"https:\/\/mrnews.com.br\/#\/schema\/logo\/image\/","url":"https:\/\/mrnews.com.br\/wp-content\/uploads\/2019\/06\/MRNewslogo2.png","contentUrl":"https:\/\/mrnews.com.br\/wp-content\/uploads\/2019\/06\/MRNewslogo2.png","width":223,"height":58,"caption":"MRNews"},"image":{"@id":"https:\/\/mrnews.com.br\/#\/schema\/logo\/image\/"},"sameAs":["https:\/\/www.facebook.com\/eaipahpah\/?locale2=pt_BR","https:\/\/x.com\/conspirou","https:\/\/www.instagram.com\/eai_pahpah","https:\/\/br.pinterest.com\/mrnewsn\/boards\/","https:\/\/www.youtube.com\/channel\/UCacgnpznQ61fifLWr1tQ-vA?view_as=subscriber"]},{"@type":"Person","@id":"https:\/\/mrnews.com.br\/#\/schema\/person\/be3203154562a9f207407861cef7827b","name":"MR News","image":{"@type":"ImageObject","inLanguage":"pt-BR","@id":"https:\/\/secure.gravatar.com\/avatar\/04084e6d73c042b8646e7c17b494073bf0ede3ea13c7105cfc45cbbbc28385a4?s=96&d=monsterid&r=g","url":"https:\/\/secure.gravatar.com\/avatar\/04084e6d73c042b8646e7c17b494073bf0ede3ea13c7105cfc45cbbbc28385a4?s=96&d=monsterid&r=g","contentUrl":"https:\/\/secure.gravatar.com\/avatar\/04084e6d73c042b8646e7c17b494073bf0ede3ea13c7105cfc45cbbbc28385a4?s=96&d=monsterid&r=g","caption":"MR News"},"description":"Especializado em jornalismo colaborativo pela FTP em n\u00edvel de p\u00f3s-gradua\u00e7\u00e3o. suporte@oimeliga.combr","sameAs":["HUGO R.","Admin"],"url":"https:\/\/mrnews.com.br\/index.php\/author\/admin\/"}]}},"jetpack_featured_media_url":"https:\/\/mrnews.com.br\/wp-content\/uploads\/2023\/07\/FB_IMG_1690746281229.jpg","jetpack_sharing_enabled":true,"jetpack_shortlink":"https:\/\/wp.me\/pa2Qf7-1Gr2","amp_enabled":true,"_links":{"self":[{"href":"https:\/\/mrnews.com.br\/index.php\/wp-json\/wp\/v2\/posts\/401452","targetHints":{"allow":["GET"]}}],"collection":[{"href":"https:\/\/mrnews.com.br\/index.php\/wp-json\/wp\/v2\/posts"}],"about":[{"href":"https:\/\/mrnews.com.br\/index.php\/wp-json\/wp\/v2\/types\/post"}],"author":[{"embeddable":true,"href":"https:\/\/mrnews.com.br\/index.php\/wp-json\/wp\/v2\/users\/1"}],"replies":[{"embeddable":true,"href":"https:\/\/mrnews.com.br\/index.php\/wp-json\/wp\/v2\/comments?post=401452"}],"version-history":[{"count":1,"href":"https:\/\/mrnews.com.br\/index.php\/wp-json\/wp\/v2\/posts\/401452\/revisions"}],"predecessor-version":[{"id":401454,"href":"https:\/\/mrnews.com.br\/index.php\/wp-json\/wp\/v2\/posts\/401452\/revisions\/401454"}],"wp:featuredmedia":[{"embeddable":true,"href":"https:\/\/mrnews.com.br\/index.php\/wp-json\/wp\/v2\/media\/401453"}],"wp:attachment":[{"href":"https:\/\/mrnews.com.br\/index.php\/wp-json\/wp\/v2\/media?parent=401452"}],"wp:term":[{"taxonomy":"category","embeddable":true,"href":"https:\/\/mrnews.com.br\/index.php\/wp-json\/wp\/v2\/categories?post=401452"},{"taxonomy":"post_tag","embeddable":true,"href":"https:\/\/mrnews.com.br\/index.php\/wp-json\/wp\/v2\/tags?post=401452"}],"curies":[{"name":"wp","href":"https:\/\/api.w.org\/{rel}","templated":true}]}}