{"id":402469,"date":"2023-08-12T17:12:19","date_gmt":"2023-08-12T20:12:19","guid":{"rendered":"https:\/\/mrnews.com.br\/?p=402469"},"modified":"2023-08-12T17:12:19","modified_gmt":"2023-08-12T20:12:19","slug":"dimitri-payet-e-do-vasco","status":"publish","type":"post","link":"https:\/\/mrnews.com.br\/index.php\/2023\/08\/12\/dimitri-payet-e-do-vasco\/","title":{"rendered":"Dimitri Payet \u00e9 do Vasco"},"content":{"rendered":"<p>O meio-campista franc\u00eas Dimitri Payet agora faz parte do elenco do Vasco. O jogador, que estava sem clube desde sua sa\u00edda do Olympique de Marselha, oficializou sua transfer\u00eancia para o futebol brasileiro neste s\u00e1bado (12). A not\u00edcia foi revelada em primeira m\u00e3o pelo jornalista Fabrizio Romano.<\/p>\n<p>Conforme informado por Fabrizio, Payet j\u00e1 colocou sua assinatura no contrato com o clube do Rio de Janeiro. O compromisso entre as partes ter\u00e1 validade at\u00e9 2025. O Vasco deve realizar em breve o an\u00fancio oficial sobre essa contrata\u00e7\u00e3o.<\/p>\n<p>A negocia\u00e7\u00e3o entre Payet e Vasco foi r\u00e1pida, sendo noticiada pela primeira vez na noite de sexta-feira (11). Neste s\u00e1bado, as partes avan\u00e7aram sem maiores empecilhos e finalizaram o acordo. Payet descartou times franceses para encarar o \u201cnovo desafio\u201d no Brasil.<\/p>\n<p>&amp;nbsp;<\/p>\n<p>Atualmente com 36 anos, Payet j\u00e1 defendeu as cores de times como West Ham, da Inglaterra, Lille e Marselha, da Fran\u00e7a, sendo o \u00faltimo o clube em que mais se destacou ao longo da carreira. S\u00e3o mais de 300 partidas pelo Olympique, sendo 78 gols e 95 assist\u00eancias.<\/p>\n<blockquote class=\"twitter-tweet\" data-width=\"500\" data-dnt=\"true\">\n<p lang=\"en\" dir=\"ltr\">Dimitri Payet to Vasco da Gama, here we go! French star has just signed contract valid until June 2025 \ud83d\udea8\u26aa\ufe0f\u26ab\ufe0f\ud83d\udca2<\/p>\n<p>Former OM player rejected proposals from France as he wanted to respect Marseille.<\/p>\n<p>He\u2019s ready for new chapter in Brazil \ud83c\udde7\ud83c\uddf7 <a href=\"https:\/\/t.co\/VVJ3GUxXTa\">pic.twitter.com\/VVJ3GUxXTa<\/a><\/p>\n<p>&mdash; Fabrizio Romano (@FabrizioRomano) <a href=\"https:\/\/twitter.com\/FabrizioRomano\/status\/1690447152655253504?ref_src=twsrc%5Etfw\">August 12, 2023<\/a><\/p><\/blockquote>\n<p><script async src=\"https:\/\/platform.twitter.com\/widgets.js\" charset=\"utf-8\"><\/script><\/p>\n<p>&amp;nbsp;<\/p>\n","protected":false},"excerpt":{"rendered":"<p>O meio-campista franc\u00eas Dimitri Payet agora faz parte do elenco do Vasco. O jogador, que estava sem clube desde sua sa\u00edda do Olympique de Marselha, oficializou sua transfer\u00eancia para o futebol brasileiro neste s\u00e1bado (12). A not\u00edcia foi revelada em primeira m\u00e3o pelo jornalista Fabrizio Romano. Conforme informado por Fabrizio, Payet j\u00e1 colocou sua assinatura &hellip;<\/p>\n","protected":false},"author":1,"featured_media":13536,"comment_status":"open","ping_status":"open","sticky":false,"template":"","format":"standard","meta":{"_jetpack_newsletter_access":"","_jetpack_dont_email_post_to_subs":false,"_jetpack_newsletter_tier_id":0,"_jetpack_memberships_contains_paywalled_content":false,"_jetpack_feature_clip_id":0,"_jetpack_memberships_contains_paid_content":false,"footnotes":"","jetpack_post_was_ever_published":false},"categories":[4587,3,9600],"tags":[],"class_list":["post-402469","post","type-post","status-publish","format-standard","has-post-thumbnail","hentry","category-esportes","category-esportes1","category-vasco"],"yoast_head":"<!-- This site is optimized with the Yoast SEO plugin v28.4 - https:\/\/yoast.com\/product\/yoast-seo-wordpress\/ -->\n<title>Dimitri Payet \u00e9 do Vasco<\/title>\n<meta name=\"robots\" content=\"index, follow, max-snippet:-1, max-image-preview:large, max-video-preview:-1\" \/>\n<link rel=\"canonical\" href=\"https:\/\/mrnews.com.br\/index.php\/2023\/08\/12\/dimitri-payet-e-do-vasco\/\" \/>\n<meta property=\"og:locale\" content=\"pt_BR\" \/>\n<meta property=\"og:type\" content=\"article\" \/>\n<meta property=\"og:title\" content=\"Dimitri Payet \u00e9 do Vasco\" \/>\n<meta property=\"og:description\" content=\"O meio-campista franc\u00eas Dimitri Payet agora faz parte do elenco do Vasco. O jogador, que estava sem clube desde sua sa\u00edda do Olympique de Marselha, oficializou sua transfer\u00eancia para o futebol brasileiro neste s\u00e1bado (12). A not\u00edcia foi revelada em primeira m\u00e3o pelo jornalista Fabrizio Romano. Conforme informado por Fabrizio, Payet j\u00e1 colocou sua assinatura &hellip;\" \/>\n<meta property=\"og:url\" content=\"https:\/\/mrnews.com.br\/index.php\/2023\/08\/12\/dimitri-payet-e-do-vasco\/\" \/>\n<meta property=\"og:site_name\" content=\"MRNews\" \/>\n<meta property=\"article:publisher\" content=\"https:\/\/www.facebook.com\/eaipahpah\/?locale2=pt_BR\" \/>\n<meta property=\"article:published_time\" content=\"2023-08-12T20:12:19+00:00\" \/>\n<meta property=\"og:image\" content=\"https:\/\/mrnews.com.br\/wp-content\/uploads\/2020\/01\/Mercado-da-Bola-Vasco2.png\" \/>\n\t<meta property=\"og:image:width\" content=\"1068\" \/>\n\t<meta property=\"og:image:height\" content=\"580\" \/>\n\t<meta property=\"og:image:type\" content=\"image\/png\" \/>\n<meta name=\"author\" content=\"MR News\" \/>\n<meta name=\"twitter:card\" content=\"summary_large_image\" \/>\n<meta name=\"twitter:creator\" content=\"@conspirou\" \/>\n<meta name=\"twitter:site\" content=\"@conspirou\" \/>\n<meta name=\"twitter:label1\" content=\"Escrito por\" \/>\n\t<meta name=\"twitter:data1\" content=\"MR News\" \/>\n\t<meta name=\"twitter:label2\" content=\"Est. tempo de leitura\" \/>\n\t<meta name=\"twitter:data2\" content=\"1 minuto\" \/>\n<script type=\"application\/ld+json\" class=\"yoast-schema-graph\">{\"@context\":\"https:\\\/\\\/schema.org\",\"@graph\":[{\"@type\":\"Article\",\"@id\":\"https:\\\/\\\/mrnews.com.br\\\/index.php\\\/2023\\\/08\\\/12\\\/dimitri-payet-e-do-vasco\\\/#article\",\"isPartOf\":{\"@id\":\"https:\\\/\\\/mrnews.com.br\\\/index.php\\\/2023\\\/08\\\/12\\\/dimitri-payet-e-do-vasco\\\/\"},\"author\":{\"name\":\"MR News\",\"@id\":\"https:\\\/\\\/mrnews.com.br\\\/#\\\/schema\\\/person\\\/be3203154562a9f207407861cef7827b\"},\"headline\":\"Dimitri Payet \u00e9 do Vasco\",\"datePublished\":\"2023-08-12T20:12:19+00:00\",\"mainEntityOfPage\":{\"@id\":\"https:\\\/\\\/mrnews.com.br\\\/index.php\\\/2023\\\/08\\\/12\\\/dimitri-payet-e-do-vasco\\\/\"},\"wordCount\":230,\"commentCount\":0,\"publisher\":{\"@id\":\"https:\\\/\\\/mrnews.com.br\\\/#organization\"},\"image\":{\"@id\":\"https:\\\/\\\/mrnews.com.br\\\/index.php\\\/2023\\\/08\\\/12\\\/dimitri-payet-e-do-vasco\\\/#primaryimage\"},\"thumbnailUrl\":\"https:\\\/\\\/mrnews.com.br\\\/wp-content\\\/uploads\\\/2020\\\/01\\\/Mercado-da-Bola-Vasco2.png\",\"articleSection\":[\"Esportes\",\"ESPORTES\",\"VASCO\"],\"inLanguage\":\"pt-BR\",\"potentialAction\":[{\"@type\":\"CommentAction\",\"name\":\"Comment\",\"target\":[\"https:\\\/\\\/mrnews.com.br\\\/index.php\\\/2023\\\/08\\\/12\\\/dimitri-payet-e-do-vasco\\\/#respond\"]}]},{\"@type\":\"WebPage\",\"@id\":\"https:\\\/\\\/mrnews.com.br\\\/index.php\\\/2023\\\/08\\\/12\\\/dimitri-payet-e-do-vasco\\\/\",\"url\":\"https:\\\/\\\/mrnews.com.br\\\/index.php\\\/2023\\\/08\\\/12\\\/dimitri-payet-e-do-vasco\\\/\",\"name\":\"Dimitri Payet \u00e9 do Vasco\",\"isPartOf\":{\"@id\":\"https:\\\/\\\/mrnews.com.br\\\/#website\"},\"primaryImageOfPage\":{\"@id\":\"https:\\\/\\\/mrnews.com.br\\\/index.php\\\/2023\\\/08\\\/12\\\/dimitri-payet-e-do-vasco\\\/#primaryimage\"},\"image\":{\"@id\":\"https:\\\/\\\/mrnews.com.br\\\/index.php\\\/2023\\\/08\\\/12\\\/dimitri-payet-e-do-vasco\\\/#primaryimage\"},\"thumbnailUrl\":\"https:\\\/\\\/mrnews.com.br\\\/wp-content\\\/uploads\\\/2020\\\/01\\\/Mercado-da-Bola-Vasco2.png\",\"datePublished\":\"2023-08-12T20:12:19+00:00\",\"breadcrumb\":{\"@id\":\"https:\\\/\\\/mrnews.com.br\\\/index.php\\\/2023\\\/08\\\/12\\\/dimitri-payet-e-do-vasco\\\/#breadcrumb\"},\"inLanguage\":\"pt-BR\",\"potentialAction\":[{\"@type\":\"ReadAction\",\"target\":[\"https:\\\/\\\/mrnews.com.br\\\/index.php\\\/2023\\\/08\\\/12\\\/dimitri-payet-e-do-vasco\\\/\"]}]},{\"@type\":\"ImageObject\",\"inLanguage\":\"pt-BR\",\"@id\":\"https:\\\/\\\/mrnews.com.br\\\/index.php\\\/2023\\\/08\\\/12\\\/dimitri-payet-e-do-vasco\\\/#primaryimage\",\"url\":\"https:\\\/\\\/mrnews.com.br\\\/wp-content\\\/uploads\\\/2020\\\/01\\\/Mercado-da-Bola-Vasco2.png\",\"contentUrl\":\"https:\\\/\\\/mrnews.com.br\\\/wp-content\\\/uploads\\\/2020\\\/01\\\/Mercado-da-Bola-Vasco2.png\",\"width\":1068,\"height\":580,\"caption\":\"Mercado da Bola Vasco\"},{\"@type\":\"BreadcrumbList\",\"@id\":\"https:\\\/\\\/mrnews.com.br\\\/index.php\\\/2023\\\/08\\\/12\\\/dimitri-payet-e-do-vasco\\\/#breadcrumb\",\"itemListElement\":[{\"@type\":\"ListItem\",\"position\":1,\"name\":\"In\u00edcio\",\"item\":\"https:\\\/\\\/mrnews.com.br\\\/\"},{\"@type\":\"ListItem\",\"position\":2,\"name\":\"Dimitri Payet \u00e9 do Vasco\"}]},{\"@type\":\"WebSite\",\"@id\":\"https:\\\/\\\/mrnews.com.br\\\/#website\",\"url\":\"https:\\\/\\\/mrnews.com.br\\\/\",\"name\":\"MRNews\",\"description\":\"MRNews Jogos de hoje da TV, transmiss\u00f5es ao vivo, Not\u00edcias de futebol, Jogos ao vivo, Lives, resumo de novelas, Programa\u00e7\u00e3o da Globo, A Fazenda e BBB\",\"publisher\":{\"@id\":\"https:\\\/\\\/mrnews.com.br\\\/#organization\"},\"potentialAction\":[{\"@type\":\"SearchAction\",\"target\":{\"@type\":\"EntryPoint\",\"urlTemplate\":\"https:\\\/\\\/mrnews.com.br\\\/?s={search_term_string}\"},\"query-input\":{\"@type\":\"PropertyValueSpecification\",\"valueRequired\":true,\"valueName\":\"search_term_string\"}}],\"inLanguage\":\"pt-BR\"},{\"@type\":\"Organization\",\"@id\":\"https:\\\/\\\/mrnews.com.br\\\/#organization\",\"name\":\"MRNews\",\"url\":\"https:\\\/\\\/mrnews.com.br\\\/\",\"logo\":{\"@type\":\"ImageObject\",\"inLanguage\":\"pt-BR\",\"@id\":\"https:\\\/\\\/mrnews.com.br\\\/#\\\/schema\\\/logo\\\/image\\\/\",\"url\":\"https:\\\/\\\/mrnews.com.br\\\/wp-content\\\/uploads\\\/2026\\\/08\\\/MRNEws.png\",\"contentUrl\":\"https:\\\/\\\/mrnews.com.br\\\/wp-content\\\/uploads\\\/2026\\\/08\\\/MRNEws.png\",\"width\":1254,\"height\":1254,\"caption\":\"MRNews\"},\"image\":{\"@id\":\"https:\\\/\\\/mrnews.com.br\\\/#\\\/schema\\\/logo\\\/image\\\/\"},\"sameAs\":[\"https:\\\/\\\/www.facebook.com\\\/eaipahpah\\\/?locale2=pt_BR\",\"https:\\\/\\\/x.com\\\/conspirou\",\"https:\\\/\\\/www.instagram.com\\\/eai_pahpah\",\"https:\\\/\\\/br.pinterest.com\\\/mrnewsn\\\/boards\\\/\",\"https:\\\/\\\/www.youtube.com\\\/channel\\\/UCacgnpznQ61fifLWr1tQ-vA?view_as=subscriber\"]},{\"@type\":\"Person\",\"@id\":\"https:\\\/\\\/mrnews.com.br\\\/#\\\/schema\\\/person\\\/be3203154562a9f207407861cef7827b\",\"name\":\"MR News\",\"image\":{\"@type\":\"ImageObject\",\"inLanguage\":\"pt-BR\",\"@id\":\"https:\\\/\\\/secure.gravatar.com\\\/avatar\\\/04084e6d73c042b8646e7c17b494073bf0ede3ea13c7105cfc45cbbbc28385a4?s=96&d=monsterid&r=g\",\"url\":\"https:\\\/\\\/secure.gravatar.com\\\/avatar\\\/04084e6d73c042b8646e7c17b494073bf0ede3ea13c7105cfc45cbbbc28385a4?s=96&d=monsterid&r=g\",\"contentUrl\":\"https:\\\/\\\/secure.gravatar.com\\\/avatar\\\/04084e6d73c042b8646e7c17b494073bf0ede3ea13c7105cfc45cbbbc28385a4?s=96&d=monsterid&r=g\",\"caption\":\"MR News\"},\"description\":\"Especializado em jornalismo colaborativo pela FTP em n\u00edvel de p\u00f3s-gradua\u00e7\u00e3o. suporte@oimeliga.combr\",\"sameAs\":[\"HUGO R.\",\"Admin\"],\"url\":\"https:\\\/\\\/mrnews.com.br\\\/index.php\\\/author\\\/admin\\\/\"}]}<\/script>\n<!-- \/ Yoast SEO plugin. -->","yoast_head_json":{"title":"Dimitri Payet \u00e9 do Vasco","robots":{"index":"index","follow":"follow","max-snippet":"max-snippet:-1","max-image-preview":"max-image-preview:large","max-video-preview":"max-video-preview:-1"},"canonical":"https:\/\/mrnews.com.br\/index.php\/2023\/08\/12\/dimitri-payet-e-do-vasco\/","og_locale":"pt_BR","og_type":"article","og_title":"Dimitri Payet \u00e9 do Vasco","og_description":"O meio-campista franc\u00eas Dimitri Payet agora faz parte do elenco do Vasco. O jogador, que estava sem clube desde sua sa\u00edda do Olympique de Marselha, oficializou sua transfer\u00eancia para o futebol brasileiro neste s\u00e1bado (12). A not\u00edcia foi revelada em primeira m\u00e3o pelo jornalista Fabrizio Romano. Conforme informado por Fabrizio, Payet j\u00e1 colocou sua assinatura &hellip;","og_url":"https:\/\/mrnews.com.br\/index.php\/2023\/08\/12\/dimitri-payet-e-do-vasco\/","og_site_name":"MRNews","article_publisher":"https:\/\/www.facebook.com\/eaipahpah\/?locale2=pt_BR","article_published_time":"2023-08-12T20:12:19+00:00","og_image":[{"width":1068,"height":580,"url":"https:\/\/mrnews.com.br\/wp-content\/uploads\/2020\/01\/Mercado-da-Bola-Vasco2.png","type":"image\/png"}],"author":"MR News","twitter_card":"summary_large_image","twitter_creator":"@conspirou","twitter_site":"@conspirou","twitter_misc":{"Escrito por":"MR News","Est. tempo de leitura":"1 minuto"},"schema":{"@context":"https:\/\/schema.org","@graph":[{"@type":"Article","@id":"https:\/\/mrnews.com.br\/index.php\/2023\/08\/12\/dimitri-payet-e-do-vasco\/#article","isPartOf":{"@id":"https:\/\/mrnews.com.br\/index.php\/2023\/08\/12\/dimitri-payet-e-do-vasco\/"},"author":{"name":"MR News","@id":"https:\/\/mrnews.com.br\/#\/schema\/person\/be3203154562a9f207407861cef7827b"},"headline":"Dimitri Payet \u00e9 do Vasco","datePublished":"2023-08-12T20:12:19+00:00","mainEntityOfPage":{"@id":"https:\/\/mrnews.com.br\/index.php\/2023\/08\/12\/dimitri-payet-e-do-vasco\/"},"wordCount":230,"commentCount":0,"publisher":{"@id":"https:\/\/mrnews.com.br\/#organization"},"image":{"@id":"https:\/\/mrnews.com.br\/index.php\/2023\/08\/12\/dimitri-payet-e-do-vasco\/#primaryimage"},"thumbnailUrl":"https:\/\/mrnews.com.br\/wp-content\/uploads\/2020\/01\/Mercado-da-Bola-Vasco2.png","articleSection":["Esportes","ESPORTES","VASCO"],"inLanguage":"pt-BR","potentialAction":[{"@type":"CommentAction","name":"Comment","target":["https:\/\/mrnews.com.br\/index.php\/2023\/08\/12\/dimitri-payet-e-do-vasco\/#respond"]}]},{"@type":"WebPage","@id":"https:\/\/mrnews.com.br\/index.php\/2023\/08\/12\/dimitri-payet-e-do-vasco\/","url":"https:\/\/mrnews.com.br\/index.php\/2023\/08\/12\/dimitri-payet-e-do-vasco\/","name":"Dimitri Payet \u00e9 do Vasco","isPartOf":{"@id":"https:\/\/mrnews.com.br\/#website"},"primaryImageOfPage":{"@id":"https:\/\/mrnews.com.br\/index.php\/2023\/08\/12\/dimitri-payet-e-do-vasco\/#primaryimage"},"image":{"@id":"https:\/\/mrnews.com.br\/index.php\/2023\/08\/12\/dimitri-payet-e-do-vasco\/#primaryimage"},"thumbnailUrl":"https:\/\/mrnews.com.br\/wp-content\/uploads\/2020\/01\/Mercado-da-Bola-Vasco2.png","datePublished":"2023-08-12T20:12:19+00:00","breadcrumb":{"@id":"https:\/\/mrnews.com.br\/index.php\/2023\/08\/12\/dimitri-payet-e-do-vasco\/#breadcrumb"},"inLanguage":"pt-BR","potentialAction":[{"@type":"ReadAction","target":["https:\/\/mrnews.com.br\/index.php\/2023\/08\/12\/dimitri-payet-e-do-vasco\/"]}]},{"@type":"ImageObject","inLanguage":"pt-BR","@id":"https:\/\/mrnews.com.br\/index.php\/2023\/08\/12\/dimitri-payet-e-do-vasco\/#primaryimage","url":"https:\/\/mrnews.com.br\/wp-content\/uploads\/2020\/01\/Mercado-da-Bola-Vasco2.png","contentUrl":"https:\/\/mrnews.com.br\/wp-content\/uploads\/2020\/01\/Mercado-da-Bola-Vasco2.png","width":1068,"height":580,"caption":"Mercado da Bola Vasco"},{"@type":"BreadcrumbList","@id":"https:\/\/mrnews.com.br\/index.php\/2023\/08\/12\/dimitri-payet-e-do-vasco\/#breadcrumb","itemListElement":[{"@type":"ListItem","position":1,"name":"In\u00edcio","item":"https:\/\/mrnews.com.br\/"},{"@type":"ListItem","position":2,"name":"Dimitri Payet \u00e9 do Vasco"}]},{"@type":"WebSite","@id":"https:\/\/mrnews.com.br\/#website","url":"https:\/\/mrnews.com.br\/","name":"MRNews","description":"MRNews Jogos de hoje da TV, transmiss\u00f5es ao vivo, Not\u00edcias de futebol, Jogos ao vivo, Lives, resumo de novelas, Programa\u00e7\u00e3o da Globo, A Fazenda e BBB","publisher":{"@id":"https:\/\/mrnews.com.br\/#organization"},"potentialAction":[{"@type":"SearchAction","target":{"@type":"EntryPoint","urlTemplate":"https:\/\/mrnews.com.br\/?s={search_term_string}"},"query-input":{"@type":"PropertyValueSpecification","valueRequired":true,"valueName":"search_term_string"}}],"inLanguage":"pt-BR"},{"@type":"Organization","@id":"https:\/\/mrnews.com.br\/#organization","name":"MRNews","url":"https:\/\/mrnews.com.br\/","logo":{"@type":"ImageObject","inLanguage":"pt-BR","@id":"https:\/\/mrnews.com.br\/#\/schema\/logo\/image\/","url":"https:\/\/mrnews.com.br\/wp-content\/uploads\/2026\/08\/MRNEws.png","contentUrl":"https:\/\/mrnews.com.br\/wp-content\/uploads\/2026\/08\/MRNEws.png","width":1254,"height":1254,"caption":"MRNews"},"image":{"@id":"https:\/\/mrnews.com.br\/#\/schema\/logo\/image\/"},"sameAs":["https:\/\/www.facebook.com\/eaipahpah\/?locale2=pt_BR","https:\/\/x.com\/conspirou","https:\/\/www.instagram.com\/eai_pahpah","https:\/\/br.pinterest.com\/mrnewsn\/boards\/","https:\/\/www.youtube.com\/channel\/UCacgnpznQ61fifLWr1tQ-vA?view_as=subscriber"]},{"@type":"Person","@id":"https:\/\/mrnews.com.br\/#\/schema\/person\/be3203154562a9f207407861cef7827b","name":"MR News","image":{"@type":"ImageObject","inLanguage":"pt-BR","@id":"https:\/\/secure.gravatar.com\/avatar\/04084e6d73c042b8646e7c17b494073bf0ede3ea13c7105cfc45cbbbc28385a4?s=96&d=monsterid&r=g","url":"https:\/\/secure.gravatar.com\/avatar\/04084e6d73c042b8646e7c17b494073bf0ede3ea13c7105cfc45cbbbc28385a4?s=96&d=monsterid&r=g","contentUrl":"https:\/\/secure.gravatar.com\/avatar\/04084e6d73c042b8646e7c17b494073bf0ede3ea13c7105cfc45cbbbc28385a4?s=96&d=monsterid&r=g","caption":"MR News"},"description":"Especializado em jornalismo colaborativo pela FTP em n\u00edvel de p\u00f3s-gradua\u00e7\u00e3o. suporte@oimeliga.combr","sameAs":["HUGO R.","Admin"],"url":"https:\/\/mrnews.com.br\/index.php\/author\/admin\/"}]}},"jetpack_sharing_enabled":true,"jetpack_shortlink":"https:\/\/wp.me\/pa2Qf7-1GHr","amp_enabled":true,"jetpack_featured_media_url":"https:\/\/mrnews.com.br\/wp-content\/uploads\/2020\/01\/Mercado-da-Bola-Vasco2.png","_links":{"self":[{"href":"https:\/\/mrnews.com.br\/index.php\/wp-json\/wp\/v2\/posts\/402469","targetHints":{"allow":["GET"]}}],"collection":[{"href":"https:\/\/mrnews.com.br\/index.php\/wp-json\/wp\/v2\/posts"}],"about":[{"href":"https:\/\/mrnews.com.br\/index.php\/wp-json\/wp\/v2\/types\/post"}],"author":[{"embeddable":true,"href":"https:\/\/mrnews.com.br\/index.php\/wp-json\/wp\/v2\/users\/1"}],"replies":[{"embeddable":true,"href":"https:\/\/mrnews.com.br\/index.php\/wp-json\/wp\/v2\/comments?post=402469"}],"version-history":[{"count":1,"href":"https:\/\/mrnews.com.br\/index.php\/wp-json\/wp\/v2\/posts\/402469\/revisions"}],"predecessor-version":[{"id":402470,"href":"https:\/\/mrnews.com.br\/index.php\/wp-json\/wp\/v2\/posts\/402469\/revisions\/402470"}],"wp:featuredmedia":[{"embeddable":true,"href":"https:\/\/mrnews.com.br\/index.php\/wp-json\/wp\/v2\/media\/13536"}],"wp:attachment":[{"href":"https:\/\/mrnews.com.br\/index.php\/wp-json\/wp\/v2\/media?parent=402469"}],"wp:term":[{"taxonomy":"category","embeddable":true,"href":"https:\/\/mrnews.com.br\/index.php\/wp-json\/wp\/v2\/categories?post=402469"},{"taxonomy":"post_tag","embeddable":true,"href":"https:\/\/mrnews.com.br\/index.php\/wp-json\/wp\/v2\/tags?post=402469"}],"curies":[{"name":"wp","href":"https:\/\/api.w.org\/{rel}","templated":true}]}}