{"id":405668,"date":"2023-10-14T03:22:38","date_gmt":"2023-10-14T06:22:38","guid":{"rendered":"https:\/\/mrnews.com.br\/?p=405668"},"modified":"2023-10-14T03:22:38","modified_gmt":"2023-10-14T06:22:38","slug":"projetos-estudantis-recebem-apoio-para-competicoes-cientificas-e-tecnologicas-ifsp-portal-institucional","status":"publish","type":"post","link":"https:\/\/mrnews.com.br\/index.php\/2023\/10\/14\/projetos-estudantis-recebem-apoio-para-competicoes-cientificas-e-tecnologicas-ifsp-portal-institucional\/","title":{"rendered":"Projetos estudantis recebem apoio para competi\u00e7\u00f5es cient\u00edficas e tecnol\u00f3gicas &#8211; IFSP &#8211; Portal Institucional"},"content":{"rendered":"<h1> \t\t\tProjetos estudantis recebem apoio para competi\u00e7\u00f5es cient\u00edficas e tecnol\u00f3gicas\t\t<\/h1>\n<ul> \t\t\t\t\t<\/ul>\n<p>O apoio \u00e0 23 projetos estudantis pretende fortalecer a presen\u00e7a do IFSP em campeonatos nacionais e internacionais<\/p>\n<ul>\n<li> \t\t\t\tPublicado: Quarta, 11 de Outubro de 2023, 16h57\t\t\t<\/li>\n<li> \t\t\t\t\u00daltima atualiza\u00e7\u00e3o em Quarta, 11 de Outubro de 2023, 17h34\t\t\t<\/li>\n<li> \t\t\t\tAcessos: 192\t\t\t<\/li>\n<\/ul>\n<p> \t \t\t\t \t\t\t\t\t\t\t\t\t\t\t\t\t\t\t      Compartilhar  \t  \t                  &nbsp;   \t             \t    \t\tWhatsApp    &nbsp;                Tweetar     &nbsp;   \t          \t\t\t\t\t\t\t \t\t         \t<\/p>\n<p>O Instituto Federal de Educa\u00e7\u00e3o, Ci\u00eancia e Tecnologia de S\u00e3o Paulo (IFSP) divulga os contemplados no Edital n.\u00ba 459\/2023, cujo objetivo \u00e9 apoiar projetos que visam a prepara\u00e7\u00e3o e participa\u00e7\u00e3o de estudantes do IFSP em competi\u00e7\u00f5es de natureza acad\u00eamica, cient\u00edfica ou tecnol\u00f3gica. Este edital, lan\u00e7ado em conjunto pelas Pr\u00f3-reitorias de Pesquisa e P\u00f3s-gradua\u00e7\u00e3o (PRP), de Extens\u00e3o e Cultura (PRX), de Ensino (PRE) e da Ag\u00eancia de Inova\u00e7\u00e3o e Transfer\u00eancia de Tecnologia do IFSP (Inova), representa um passo significativo na promo\u00e7\u00e3o da excel\u00eancia acad\u00eamica e na difus\u00e3o da ci\u00eancia e tecnologia, fortalecendo a presen\u00e7a do IFSP nas competi\u00e7\u00f5es estaduais, regionais, nacionais e internacionais.<\/p>\n<p>Ao todo, 23 projetos foram contemplados nesta edi\u00e7\u00e3o do edital, abrangendo diversas \u00e1reas do conhecimento e competi\u00e7\u00f5es, com a participa\u00e7\u00e3o de 16 campi do IFSP. Ao total ser\u00e3o investidos R$ 267.278,00.\u00a0<\/p>\n<p>Por meio dos projetos contemplados, os estudantes ter\u00e3o a oportunidade de competir e colaborar com outras equipes de diferentes institui\u00e7\u00f5es e localidades. Isso n\u00e3o apenas enriquece a experi\u00eancia educacional dos participantes, mas tamb\u00e9m destaca a excel\u00eancia do ensino, da pesquisa, da inova\u00e7\u00e3o e da extens\u00e3o realizados no IFSP.<\/p>\n<p>A expectativa \u00e9 que essa experi\u00eancia seja enriquecedora e inspire outros estudantes a se envolverem em projetos de competi\u00e7\u00e3o.<\/p>\n<p>Confira abaixo, os projetos contemplados e seus respectivos coordenadores e campus do IFSP.<\/p>\n<\/p>\n<p><b>Projeto<\/b><\/p>\n<p><b>Campus<\/b><\/p>\n<p><b>Coordenador<\/b><\/p>\n<p><b>Linha<\/b><\/p>\n<p><b>Valor<\/b><\/p>\n<p>Projeto de constru\u00e7\u00e3o de um drone<\/p>\n<p>S\u00e3o Jo\u00e3o da Boa Vista<\/p>\n<p>Esdras Nicoletto da Cunha<\/p>\n<p>Aerodesign<\/p>\n<p> R$\u00a0 8.000,00\u00a0<\/p>\n<p>Equipe Aerodesign AROSCORPION IFSP Araraquara<\/p>\n<p>Araraquara<\/p>\n<p>Fernando de Haro Moraes<\/p>\n<p>Aerodesign<\/p>\n<p>R$ 15.000,00<\/p>\n<p>Projeto AERO IFSERT<\/p>\n<p>Sert\u00e3ozinho<\/p>\n<p>Antonio Carlos de Souza<\/p>\n<p>Aerodesign<\/p>\n<p> R$\u00a0 14.979,00\u00a0<\/p>\n<p>Proposta de recursos &#8211; Rob\u00f3tica m\u00f3vel<\/p>\n<p>Registro<\/p>\n<p>Daniel de Carvalho Secco<\/p>\n<p>Rob\u00f3tica<\/p>\n<p> R$\u00a0 8.000,00\u00a0<\/p>\n<p>Estrutura\u00e7\u00e3o de equipes do Campus S\u00e3o Paulo para participa\u00e7\u00e3o em competi\u00e7\u00f5es de rob\u00f3tica para estudantes de n\u00edvel m\u00e9dio integrado ao t\u00e9cnico<\/p>\n<p>S\u00e3o Paulo\u00a0<\/p>\n<p>Alexandre Brincalepe Campo<\/p>\n<p>Rob\u00f3tica<\/p>\n<p>R$ 12.000,00<\/p>\n<p> Sancabots OBR<\/p>\n<p>S\u00e3o Carlos<\/p>\n<p>Ricardo Arai<\/p>\n<p>Rob\u00f3tica<\/p>\n<p> R$\u00a0 11.830,00\u00a0<\/p>\n<p>Participa\u00e7\u00e3o da Equipe Saltobotz do IFSP Campus Salto na Robocore Experience 2024 e 2025<\/p>\n<p>Salto<\/p>\n<p>Erico Pessoa Felix<\/p>\n<p>Rob\u00f3tica<\/p>\n<p>R$ 12.000,00<\/p>\n<p>Competindo na ERA da Rob\u00f3tica<\/p>\n<p>Suzano<\/p>\n<p>Vera Lucia da Silva<\/p>\n<p>Rob\u00f3tica<\/p>\n<p>R$ 12.000,00<\/p>\n<p>Grupo de Estudo em Rob\u00f3tico de Avar\u00e9 &#8211; GERA<\/p>\n<p>Avar\u00e9<\/p>\n<p>Alexandre Menezes de Camargo<\/p>\n<p>Rob\u00f3tica<\/p>\n<p> R$\u00a0 11.999,00\u00a0<\/p>\n<p>Nuclea\u00e7\u00e3o e Treinamento da Equipe de Rob\u00f3tica de Piracicaba &#8211; EBOT<\/p>\n<p>Piracicaba<\/p>\n<p>Giovana Tripoloni Tangerino<\/p>\n<p>Rob\u00f3tica<\/p>\n<p> R$\u00a0 12.000,00\u00a0<\/p>\n<p>Fomento para equipe de competi\u00e7\u00e3o de rob\u00f3tica DragonBotZ<\/p>\n<p>Sorocaba<\/p>\n<p>Heiton Curto Gomes<\/p>\n<p>Rob\u00f3tica<\/p>\n<p>R$ 12.000,00<\/p>\n<p> Equipe de rob\u00f3tica IFSP Campinas para participa\u00e7\u00e3o na OBR<\/p>\n<p>Campinas<\/p>\n<p>Ramon Rodrigues de Souza<\/p>\n<p>Rob\u00f3tica<\/p>\n<p>R$ 12.000,00<\/p>\n<p>Projeto Clube da Rob\u00f3tica<\/p>\n<p>Votuporanga<\/p>\n<p>Isabel Cristina Passos Motta<\/p>\n<p>Rob\u00f3tica<\/p>\n<p> R$\u00a0 12.000,00\u00a0<\/p>\n<p>Fomento para ve\u00edculo Baja Edital 459-2023<\/p>\n<p>Sert\u00e3ozinho<\/p>\n<p>Paulo Donato Frighetto<\/p>\n<p>Baja<\/p>\n<p>R$ 50.000,00<\/p>\n<p> Equipe IFSPeed Baja SAE<\/p>\n<p>Hortol\u00e2ndia<\/p>\n<p>Leonardo Bartalini Baruffaldi<\/p>\n<p>Baja<\/p>\n<p>R$ 25.000,00<\/p>\n<p>Edital de Apoio \u00e0 Equipes de Competi\u00e7\u00e3o &#8211; BAJARQ<\/p>\n<p>Araraquara<\/p>\n<p>Renato de Camargo Bortholin<\/p>\n<p>Baja<\/p>\n<p>R$ 25.000,00<\/p>\n<p>IFSP nas competi\u00e7\u00f5es &#8211; de SP para o mundo\u00a0<\/p>\n<p>Campinas<\/p>\n<p>Edson Anicio Duarte<\/p>\n<p>Outras competi\u00e7\u00f5es\u00a0<\/p>\n<p> R$\u00a0 2.196,00\u00a0<\/p>\n<p>IFSP Campus Jacare\u00ed na Olimp\u00edada Nacional em Hist\u00f3ria do Brasil (ONHB): produ\u00e7\u00e3o de conhecimento e possibilidades no ensino de Hist\u00f3ria<\/p>\n<p>Jacare\u00ed<\/p>\n<p>Flavia Preto de Godoy Oliveira<\/p>\n<p>Outras competi\u00e7\u00f5es<\/p>\n<p>R$ 500,00<\/p>\n<p>Grupo de Treinamento para Maratonas de Programa\u00e7\u00e3o<\/p>\n<p>Piracicaba<\/p>\n<p>Marcio Kassouf Crocomo<\/p>\n<p>Outras competi\u00e7\u00f5es<\/p>\n<p> R$\u00a0 2.188,00\u00a0<\/p>\n<p>FrutIFicando Sa\u00fade<\/p>\n<p>Hortol\u00e2ndia<\/p>\n<p>Luciana de Jesus Jatoba<\/p>\n<p>Outras competi\u00e7\u00f5es<\/p>\n<p> R$\u00a0 1.986,00\u00a0<\/p>\n<p>Estudo, Planejamento e Implementa\u00e7\u00e3o de Competi\u00e7\u00f5es Cient\u00edficas no campus IFSP\/PEP \u2013 E\u03c0C &#8211; Edi\u00e7\u00e3o 2023-2025<\/p>\n<p>Presidente Epit\u00e1cio<\/p>\n<p>Enio Freire de Paula<\/p>\n<p>Outras competi\u00e7\u00f5es<\/p>\n<p> R$\u00a0 2.200,00\u00a0<\/p>\n<p>ONHB no Vale: a Olimp\u00edada Nacional de Hist\u00f3ria do Brasil como possibilidade de trabalho interdisciplinar no IFSP campus Registro<\/p>\n<p>Registro<\/p>\n<p>Ricardo Sorgon Pires<\/p>\n<p>Outras competi\u00e7\u00f5es<\/p>\n<p> R$\u00a0 2.200,00\u00a0<\/p>\n<p>Equipe de Foguetes de Sert\u00e3ozinho<\/p>\n<p>Sert\u00e3ozinho<\/p>\n<p>Ailson Vasconcelos da Cunha<\/p>\n<p>Outras competi\u00e7\u00f5es<\/p>\n<p> R$\u00a0 2.200,00\u00a0<\/p>\n<p>\u00a0<\/p>\n<ul>\n<li> \t\t \t\t\tPr\u00f3ximo \t\t \t<\/li>\n<\/ul>\n","protected":false},"excerpt":{"rendered":"<p>Projetos estudantis recebem apoio para competi\u00e7\u00f5es cient\u00edficas e tecnol\u00f3gicas O apoio \u00e0 23 projetos estudantis pretende fortalecer a presen\u00e7a do IFSP em campeonatos nacionais e internacionais Publicado: Quarta, 11 de Outubro de 2023, 16h57 \u00daltima atualiza\u00e7\u00e3o em Quarta, 11 de Outubro de 2023, 17h34 Acessos: 192 Compartilhar &nbsp; WhatsApp &nbsp; Tweetar &nbsp; O Instituto Federal &hellip;<\/p>\n","protected":false},"author":1,"featured_media":0,"comment_status":"closed","ping_status":"closed","sticky":false,"template":"","format":"standard","meta":{"_jetpack_newsletter_access":"","_jetpack_dont_email_post_to_subs":false,"_jetpack_newsletter_tier_id":0,"_jetpack_memberships_contains_paywalled_content":false,"_jetpack_feature_clip_id":0,"_jetpack_memberships_contains_paid_content":false,"footnotes":"","jetpack_post_was_ever_published":false},"categories":[12225],"tags":[],"class_list":["post-405668","post","type-post","status-publish","format-standard","hentry","category-noticias"],"yoast_head":"<!-- This site is optimized with the Yoast SEO plugin v28.4 - https:\/\/yoast.com\/product\/yoast-seo-wordpress\/ -->\n<title>Projetos estudantis recebem apoio para competi\u00e7\u00f5es cient\u00edficas e tecnol\u00f3gicas - IFSP - Portal Institucional<\/title>\n<meta name=\"robots\" content=\"index, follow, max-snippet:-1, max-image-preview:large, max-video-preview:-1\" \/>\n<link rel=\"canonical\" href=\"https:\/\/mrnews.com.br\/index.php\/2023\/10\/14\/projetos-estudantis-recebem-apoio-para-competicoes-cientificas-e-tecnologicas-ifsp-portal-institucional\/\" \/>\n<meta property=\"og:locale\" content=\"pt_BR\" \/>\n<meta property=\"og:type\" content=\"article\" \/>\n<meta property=\"og:title\" content=\"Projetos estudantis recebem apoio para competi\u00e7\u00f5es cient\u00edficas e tecnol\u00f3gicas - IFSP - Portal Institucional\" \/>\n<meta property=\"og:description\" content=\"Projetos estudantis recebem apoio para competi\u00e7\u00f5es cient\u00edficas e tecnol\u00f3gicas O apoio \u00e0 23 projetos estudantis pretende fortalecer a presen\u00e7a do IFSP em campeonatos nacionais e internacionais Publicado: Quarta, 11 de Outubro de 2023, 16h57 \u00daltima atualiza\u00e7\u00e3o em Quarta, 11 de Outubro de 2023, 17h34 Acessos: 192 Compartilhar &nbsp; WhatsApp &nbsp; Tweetar &nbsp; O Instituto Federal &hellip;\" \/>\n<meta property=\"og:url\" content=\"https:\/\/mrnews.com.br\/index.php\/2023\/10\/14\/projetos-estudantis-recebem-apoio-para-competicoes-cientificas-e-tecnologicas-ifsp-portal-institucional\/\" \/>\n<meta property=\"og:site_name\" content=\"MRNews\" \/>\n<meta property=\"article:publisher\" content=\"https:\/\/www.facebook.com\/eaipahpah\/?locale2=pt_BR\" \/>\n<meta property=\"article:published_time\" content=\"2023-10-14T06:22:38+00:00\" \/>\n<meta name=\"author\" content=\"MR News\" \/>\n<meta name=\"twitter:card\" content=\"summary_large_image\" \/>\n<meta name=\"twitter:creator\" content=\"@conspirou\" \/>\n<meta name=\"twitter:site\" content=\"@conspirou\" \/>\n<meta name=\"twitter:label1\" content=\"Escrito por\" \/>\n\t<meta name=\"twitter:data1\" content=\"MR News\" \/>\n\t<meta name=\"twitter:label2\" content=\"Est. tempo de leitura\" \/>\n\t<meta name=\"twitter:data2\" content=\"4 minutos\" \/>\n<script type=\"application\/ld+json\" class=\"yoast-schema-graph\">{\"@context\":\"https:\\\/\\\/schema.org\",\"@graph\":[{\"@type\":\"Article\",\"@id\":\"https:\\\/\\\/mrnews.com.br\\\/index.php\\\/2023\\\/10\\\/14\\\/projetos-estudantis-recebem-apoio-para-competicoes-cientificas-e-tecnologicas-ifsp-portal-institucional\\\/#article\",\"isPartOf\":{\"@id\":\"https:\\\/\\\/mrnews.com.br\\\/index.php\\\/2023\\\/10\\\/14\\\/projetos-estudantis-recebem-apoio-para-competicoes-cientificas-e-tecnologicas-ifsp-portal-institucional\\\/\"},\"author\":{\"name\":\"MR News\",\"@id\":\"https:\\\/\\\/mrnews.com.br\\\/#\\\/schema\\\/person\\\/be3203154562a9f207407861cef7827b\"},\"headline\":\"Projetos estudantis recebem apoio para competi\u00e7\u00f5es cient\u00edficas e tecnol\u00f3gicas &#8211; IFSP &#8211; Portal Institucional\",\"datePublished\":\"2023-10-14T06:22:38+00:00\",\"mainEntityOfPage\":{\"@id\":\"https:\\\/\\\/mrnews.com.br\\\/index.php\\\/2023\\\/10\\\/14\\\/projetos-estudantis-recebem-apoio-para-competicoes-cientificas-e-tecnologicas-ifsp-portal-institucional\\\/\"},\"wordCount\":745,\"publisher\":{\"@id\":\"https:\\\/\\\/mrnews.com.br\\\/#organization\"},\"articleSection\":[\"NOTICIAS\"],\"inLanguage\":\"pt-BR\"},{\"@type\":\"WebPage\",\"@id\":\"https:\\\/\\\/mrnews.com.br\\\/index.php\\\/2023\\\/10\\\/14\\\/projetos-estudantis-recebem-apoio-para-competicoes-cientificas-e-tecnologicas-ifsp-portal-institucional\\\/\",\"url\":\"https:\\\/\\\/mrnews.com.br\\\/index.php\\\/2023\\\/10\\\/14\\\/projetos-estudantis-recebem-apoio-para-competicoes-cientificas-e-tecnologicas-ifsp-portal-institucional\\\/\",\"name\":\"Projetos estudantis recebem apoio para competi\u00e7\u00f5es cient\u00edficas e tecnol\u00f3gicas - IFSP - Portal Institucional\",\"isPartOf\":{\"@id\":\"https:\\\/\\\/mrnews.com.br\\\/#website\"},\"datePublished\":\"2023-10-14T06:22:38+00:00\",\"breadcrumb\":{\"@id\":\"https:\\\/\\\/mrnews.com.br\\\/index.php\\\/2023\\\/10\\\/14\\\/projetos-estudantis-recebem-apoio-para-competicoes-cientificas-e-tecnologicas-ifsp-portal-institucional\\\/#breadcrumb\"},\"inLanguage\":\"pt-BR\",\"potentialAction\":[{\"@type\":\"ReadAction\",\"target\":[\"https:\\\/\\\/mrnews.com.br\\\/index.php\\\/2023\\\/10\\\/14\\\/projetos-estudantis-recebem-apoio-para-competicoes-cientificas-e-tecnologicas-ifsp-portal-institucional\\\/\"]}]},{\"@type\":\"BreadcrumbList\",\"@id\":\"https:\\\/\\\/mrnews.com.br\\\/index.php\\\/2023\\\/10\\\/14\\\/projetos-estudantis-recebem-apoio-para-competicoes-cientificas-e-tecnologicas-ifsp-portal-institucional\\\/#breadcrumb\",\"itemListElement\":[{\"@type\":\"ListItem\",\"position\":1,\"name\":\"In\u00edcio\",\"item\":\"https:\\\/\\\/mrnews.com.br\\\/\"},{\"@type\":\"ListItem\",\"position\":2,\"name\":\"Projetos estudantis recebem apoio para competi\u00e7\u00f5es cient\u00edficas e tecnol\u00f3gicas &#8211; IFSP &#8211; Portal Institucional\"}]},{\"@type\":\"WebSite\",\"@id\":\"https:\\\/\\\/mrnews.com.br\\\/#website\",\"url\":\"https:\\\/\\\/mrnews.com.br\\\/\",\"name\":\"MRNews\",\"description\":\"MRNews Jogos de hoje da TV, transmiss\u00f5es ao vivo, Not\u00edcias de futebol, Jogos ao vivo, Lives, resumo de novelas, Programa\u00e7\u00e3o da Globo, A Fazenda e BBB\",\"publisher\":{\"@id\":\"https:\\\/\\\/mrnews.com.br\\\/#organization\"},\"potentialAction\":[{\"@type\":\"SearchAction\",\"target\":{\"@type\":\"EntryPoint\",\"urlTemplate\":\"https:\\\/\\\/mrnews.com.br\\\/?s={search_term_string}\"},\"query-input\":{\"@type\":\"PropertyValueSpecification\",\"valueRequired\":true,\"valueName\":\"search_term_string\"}}],\"inLanguage\":\"pt-BR\"},{\"@type\":\"Organization\",\"@id\":\"https:\\\/\\\/mrnews.com.br\\\/#organization\",\"name\":\"MRNews\",\"url\":\"https:\\\/\\\/mrnews.com.br\\\/\",\"logo\":{\"@type\":\"ImageObject\",\"inLanguage\":\"pt-BR\",\"@id\":\"https:\\\/\\\/mrnews.com.br\\\/#\\\/schema\\\/logo\\\/image\\\/\",\"url\":\"https:\\\/\\\/mrnews.com.br\\\/wp-content\\\/uploads\\\/2026\\\/08\\\/MRNEws.png\",\"contentUrl\":\"https:\\\/\\\/mrnews.com.br\\\/wp-content\\\/uploads\\\/2026\\\/08\\\/MRNEws.png\",\"width\":1254,\"height\":1254,\"caption\":\"MRNews\"},\"image\":{\"@id\":\"https:\\\/\\\/mrnews.com.br\\\/#\\\/schema\\\/logo\\\/image\\\/\"},\"sameAs\":[\"https:\\\/\\\/www.facebook.com\\\/eaipahpah\\\/?locale2=pt_BR\",\"https:\\\/\\\/x.com\\\/conspirou\",\"https:\\\/\\\/www.instagram.com\\\/eai_pahpah\",\"https:\\\/\\\/br.pinterest.com\\\/mrnewsn\\\/boards\\\/\",\"https:\\\/\\\/www.youtube.com\\\/channel\\\/UCacgnpznQ61fifLWr1tQ-vA?view_as=subscriber\"]},{\"@type\":\"Person\",\"@id\":\"https:\\\/\\\/mrnews.com.br\\\/#\\\/schema\\\/person\\\/be3203154562a9f207407861cef7827b\",\"name\":\"MR News\",\"image\":{\"@type\":\"ImageObject\",\"inLanguage\":\"pt-BR\",\"@id\":\"https:\\\/\\\/secure.gravatar.com\\\/avatar\\\/04084e6d73c042b8646e7c17b494073bf0ede3ea13c7105cfc45cbbbc28385a4?s=96&d=monsterid&r=g\",\"url\":\"https:\\\/\\\/secure.gravatar.com\\\/avatar\\\/04084e6d73c042b8646e7c17b494073bf0ede3ea13c7105cfc45cbbbc28385a4?s=96&d=monsterid&r=g\",\"contentUrl\":\"https:\\\/\\\/secure.gravatar.com\\\/avatar\\\/04084e6d73c042b8646e7c17b494073bf0ede3ea13c7105cfc45cbbbc28385a4?s=96&d=monsterid&r=g\",\"caption\":\"MR News\"},\"description\":\"Especializado em jornalismo colaborativo pela FTP em n\u00edvel de p\u00f3s-gradua\u00e7\u00e3o. suporte@oimeliga.combr\",\"sameAs\":[\"HUGO R.\",\"Admin\"],\"url\":\"https:\\\/\\\/mrnews.com.br\\\/index.php\\\/author\\\/admin\\\/\"}]}<\/script>\n<!-- \/ Yoast SEO plugin. -->","yoast_head_json":{"title":"Projetos estudantis recebem apoio para competi\u00e7\u00f5es cient\u00edficas e tecnol\u00f3gicas - IFSP - Portal Institucional","robots":{"index":"index","follow":"follow","max-snippet":"max-snippet:-1","max-image-preview":"max-image-preview:large","max-video-preview":"max-video-preview:-1"},"canonical":"https:\/\/mrnews.com.br\/index.php\/2023\/10\/14\/projetos-estudantis-recebem-apoio-para-competicoes-cientificas-e-tecnologicas-ifsp-portal-institucional\/","og_locale":"pt_BR","og_type":"article","og_title":"Projetos estudantis recebem apoio para competi\u00e7\u00f5es cient\u00edficas e tecnol\u00f3gicas - IFSP - Portal Institucional","og_description":"Projetos estudantis recebem apoio para competi\u00e7\u00f5es cient\u00edficas e tecnol\u00f3gicas O apoio \u00e0 23 projetos estudantis pretende fortalecer a presen\u00e7a do IFSP em campeonatos nacionais e internacionais Publicado: Quarta, 11 de Outubro de 2023, 16h57 \u00daltima atualiza\u00e7\u00e3o em Quarta, 11 de Outubro de 2023, 17h34 Acessos: 192 Compartilhar &nbsp; WhatsApp &nbsp; Tweetar &nbsp; O Instituto Federal &hellip;","og_url":"https:\/\/mrnews.com.br\/index.php\/2023\/10\/14\/projetos-estudantis-recebem-apoio-para-competicoes-cientificas-e-tecnologicas-ifsp-portal-institucional\/","og_site_name":"MRNews","article_publisher":"https:\/\/www.facebook.com\/eaipahpah\/?locale2=pt_BR","article_published_time":"2023-10-14T06:22:38+00:00","author":"MR News","twitter_card":"summary_large_image","twitter_creator":"@conspirou","twitter_site":"@conspirou","twitter_misc":{"Escrito por":"MR News","Est. tempo de leitura":"4 minutos"},"schema":{"@context":"https:\/\/schema.org","@graph":[{"@type":"Article","@id":"https:\/\/mrnews.com.br\/index.php\/2023\/10\/14\/projetos-estudantis-recebem-apoio-para-competicoes-cientificas-e-tecnologicas-ifsp-portal-institucional\/#article","isPartOf":{"@id":"https:\/\/mrnews.com.br\/index.php\/2023\/10\/14\/projetos-estudantis-recebem-apoio-para-competicoes-cientificas-e-tecnologicas-ifsp-portal-institucional\/"},"author":{"name":"MR News","@id":"https:\/\/mrnews.com.br\/#\/schema\/person\/be3203154562a9f207407861cef7827b"},"headline":"Projetos estudantis recebem apoio para competi\u00e7\u00f5es cient\u00edficas e tecnol\u00f3gicas &#8211; IFSP &#8211; Portal Institucional","datePublished":"2023-10-14T06:22:38+00:00","mainEntityOfPage":{"@id":"https:\/\/mrnews.com.br\/index.php\/2023\/10\/14\/projetos-estudantis-recebem-apoio-para-competicoes-cientificas-e-tecnologicas-ifsp-portal-institucional\/"},"wordCount":745,"publisher":{"@id":"https:\/\/mrnews.com.br\/#organization"},"articleSection":["NOTICIAS"],"inLanguage":"pt-BR"},{"@type":"WebPage","@id":"https:\/\/mrnews.com.br\/index.php\/2023\/10\/14\/projetos-estudantis-recebem-apoio-para-competicoes-cientificas-e-tecnologicas-ifsp-portal-institucional\/","url":"https:\/\/mrnews.com.br\/index.php\/2023\/10\/14\/projetos-estudantis-recebem-apoio-para-competicoes-cientificas-e-tecnologicas-ifsp-portal-institucional\/","name":"Projetos estudantis recebem apoio para competi\u00e7\u00f5es cient\u00edficas e tecnol\u00f3gicas - IFSP - Portal Institucional","isPartOf":{"@id":"https:\/\/mrnews.com.br\/#website"},"datePublished":"2023-10-14T06:22:38+00:00","breadcrumb":{"@id":"https:\/\/mrnews.com.br\/index.php\/2023\/10\/14\/projetos-estudantis-recebem-apoio-para-competicoes-cientificas-e-tecnologicas-ifsp-portal-institucional\/#breadcrumb"},"inLanguage":"pt-BR","potentialAction":[{"@type":"ReadAction","target":["https:\/\/mrnews.com.br\/index.php\/2023\/10\/14\/projetos-estudantis-recebem-apoio-para-competicoes-cientificas-e-tecnologicas-ifsp-portal-institucional\/"]}]},{"@type":"BreadcrumbList","@id":"https:\/\/mrnews.com.br\/index.php\/2023\/10\/14\/projetos-estudantis-recebem-apoio-para-competicoes-cientificas-e-tecnologicas-ifsp-portal-institucional\/#breadcrumb","itemListElement":[{"@type":"ListItem","position":1,"name":"In\u00edcio","item":"https:\/\/mrnews.com.br\/"},{"@type":"ListItem","position":2,"name":"Projetos estudantis recebem apoio para competi\u00e7\u00f5es cient\u00edficas e tecnol\u00f3gicas &#8211; IFSP &#8211; Portal Institucional"}]},{"@type":"WebSite","@id":"https:\/\/mrnews.com.br\/#website","url":"https:\/\/mrnews.com.br\/","name":"MRNews","description":"MRNews Jogos de hoje da TV, transmiss\u00f5es ao vivo, Not\u00edcias de futebol, Jogos ao vivo, Lives, resumo de novelas, Programa\u00e7\u00e3o da Globo, A Fazenda e BBB","publisher":{"@id":"https:\/\/mrnews.com.br\/#organization"},"potentialAction":[{"@type":"SearchAction","target":{"@type":"EntryPoint","urlTemplate":"https:\/\/mrnews.com.br\/?s={search_term_string}"},"query-input":{"@type":"PropertyValueSpecification","valueRequired":true,"valueName":"search_term_string"}}],"inLanguage":"pt-BR"},{"@type":"Organization","@id":"https:\/\/mrnews.com.br\/#organization","name":"MRNews","url":"https:\/\/mrnews.com.br\/","logo":{"@type":"ImageObject","inLanguage":"pt-BR","@id":"https:\/\/mrnews.com.br\/#\/schema\/logo\/image\/","url":"https:\/\/mrnews.com.br\/wp-content\/uploads\/2026\/08\/MRNEws.png","contentUrl":"https:\/\/mrnews.com.br\/wp-content\/uploads\/2026\/08\/MRNEws.png","width":1254,"height":1254,"caption":"MRNews"},"image":{"@id":"https:\/\/mrnews.com.br\/#\/schema\/logo\/image\/"},"sameAs":["https:\/\/www.facebook.com\/eaipahpah\/?locale2=pt_BR","https:\/\/x.com\/conspirou","https:\/\/www.instagram.com\/eai_pahpah","https:\/\/br.pinterest.com\/mrnewsn\/boards\/","https:\/\/www.youtube.com\/channel\/UCacgnpznQ61fifLWr1tQ-vA?view_as=subscriber"]},{"@type":"Person","@id":"https:\/\/mrnews.com.br\/#\/schema\/person\/be3203154562a9f207407861cef7827b","name":"MR News","image":{"@type":"ImageObject","inLanguage":"pt-BR","@id":"https:\/\/secure.gravatar.com\/avatar\/04084e6d73c042b8646e7c17b494073bf0ede3ea13c7105cfc45cbbbc28385a4?s=96&d=monsterid&r=g","url":"https:\/\/secure.gravatar.com\/avatar\/04084e6d73c042b8646e7c17b494073bf0ede3ea13c7105cfc45cbbbc28385a4?s=96&d=monsterid&r=g","contentUrl":"https:\/\/secure.gravatar.com\/avatar\/04084e6d73c042b8646e7c17b494073bf0ede3ea13c7105cfc45cbbbc28385a4?s=96&d=monsterid&r=g","caption":"MR News"},"description":"Especializado em jornalismo colaborativo pela FTP em n\u00edvel de p\u00f3s-gradua\u00e7\u00e3o. suporte@oimeliga.combr","sameAs":["HUGO R.","Admin"],"url":"https:\/\/mrnews.com.br\/index.php\/author\/admin\/"}]}},"jetpack_sharing_enabled":true,"jetpack_shortlink":"https:\/\/wp.me\/pa2Qf7-1Hx2","amp_enabled":true,"jetpack_featured_media_url":"","_links":{"self":[{"href":"https:\/\/mrnews.com.br\/index.php\/wp-json\/wp\/v2\/posts\/405668","targetHints":{"allow":["GET"]}}],"collection":[{"href":"https:\/\/mrnews.com.br\/index.php\/wp-json\/wp\/v2\/posts"}],"about":[{"href":"https:\/\/mrnews.com.br\/index.php\/wp-json\/wp\/v2\/types\/post"}],"author":[{"embeddable":true,"href":"https:\/\/mrnews.com.br\/index.php\/wp-json\/wp\/v2\/users\/1"}],"replies":[{"embeddable":true,"href":"https:\/\/mrnews.com.br\/index.php\/wp-json\/wp\/v2\/comments?post=405668"}],"version-history":[{"count":1,"href":"https:\/\/mrnews.com.br\/index.php\/wp-json\/wp\/v2\/posts\/405668\/revisions"}],"predecessor-version":[{"id":405669,"href":"https:\/\/mrnews.com.br\/index.php\/wp-json\/wp\/v2\/posts\/405668\/revisions\/405669"}],"wp:attachment":[{"href":"https:\/\/mrnews.com.br\/index.php\/wp-json\/wp\/v2\/media?parent=405668"}],"wp:term":[{"taxonomy":"category","embeddable":true,"href":"https:\/\/mrnews.com.br\/index.php\/wp-json\/wp\/v2\/categories?post=405668"},{"taxonomy":"post_tag","embeddable":true,"href":"https:\/\/mrnews.com.br\/index.php\/wp-json\/wp\/v2\/tags?post=405668"}],"curies":[{"name":"wp","href":"https:\/\/api.w.org\/{rel}","templated":true}]}}