{"id":405680,"date":"2023-10-14T22:06:20","date_gmt":"2023-10-15T01:06:20","guid":{"rendered":"https:\/\/mrnews.com.br\/?p=405680"},"modified":"2023-10-14T22:06:20","modified_gmt":"2023-10-15T01:06:20","slug":"susana-vieira-aos-81-anos-revela-toda-a-verdade-de-sua-vida-pessoal-na-ana-maria-braga","status":"publish","type":"post","link":"https:\/\/mrnews.com.br\/index.php\/2023\/10\/14\/susana-vieira-aos-81-anos-revela-toda-a-verdade-de-sua-vida-pessoal-na-ana-maria-braga\/","title":{"rendered":"Susana Vieira, aos 81 anos,  revela toda a verdade de sua vida pessoal na Ana Maria Braga"},"content":{"rendered":"<p>**Susana Vieira Compartilha sua Sabedoria e Vitalidade no Programa Mais Voc\u00ea**<\/p>\n<p>Na manh\u00e3 desta sexta-feira (13), o programa Mais Voc\u00ea recebeu uma convidada especial para marcar o dia com grande estilo: a renomada atriz Susana Vieira. Aos 81 anos, completados em agosto, a veterana atriz da <a href=\"https:\/\/opiniaoenoticia.com.br\">TV Globo<\/a> compartilhou seu carisma e sabedoria com a apresentadora Ana Maria Braga e a audi\u00eancia.<\/p>\n<p>Durante o caf\u00e9 da manh\u00e3, Susana Vieira foi homenageada por sua not\u00e1vel carreira, que abrange mais de 60 anos no mundo do entretenimento, sendo mais de cinco d\u00e9cadas dedicadas \u00e0 televis\u00e3o. Ana Maria Braga destacou a incr\u00edvel jornada da atriz, que interpretou mais de 90 personagens ao longo dos anos, consolidando-se como uma das artistas mais respeitadas do Brasil.<\/p>\n<p>Em uma conversa descontra\u00edda, Susana Vieira compartilhou sua vis\u00e3o sobre envelhecer com gra\u00e7a e vitalidade. Ela expressou sua gratid\u00e3o pela vida e pela oportunidade de continuar ativa aos 81 anos. Com seu jeito aut\u00eantico e irreverente, Susana falou sobre a import\u00e2ncia de manter o apetite pela vida, a vontade de interagir com o mundo e a alegria de encontrar beleza nas pequenas coisas, como os c\u00e2meras do programa.<\/p>\n<p>Ao abordar sua carreira na TV, Susana Vieira relembrou seus pap\u00e9is marcantes em novelas ic\u00f4nicas da TV Globo. Seu \u00faltimo trabalho na televis\u00e3o foi na novela &#8220;Terra e Paix\u00e3o&#8221;, onde interpretou a personagem C\u00e2ndida. Al\u00e9m disso, os f\u00e3s t\u00eam a oportunidade de reviver suas performances em reprises de cl\u00e1ssicos como &#8220;Mulheres Apaixonadas&#8221; e &#8220;Mulheres de Areia&#8221;, onde seu talento continua encantando o p\u00fablico.<\/p>\n<p>A presen\u00e7a vibrante de Susana Vieira no programa Mais Voc\u00ea n\u00e3o apenas iluminou a manh\u00e3 dos telespectadores, mas tamb\u00e9m serviu como um testemunho inspirador de como a paix\u00e3o pela vida e pelo trabalho pode enriquecer cada fase da jornada. Seu exemplo continua a motivar gera\u00e7\u00f5es, lembrando-nos da import\u00e2ncia de abra\u00e7ar a vida com entusiasmo e gratid\u00e3o, independentemente da idade.<\/p>\n<p>&nbsp;<\/p>\n<h3>**<a href=\"https:\/\/mrnews.com.br\/index.php\/2023\/10\/14\/tassia-camargo-vem-a-publico-implorar-ajuda-para-ator-e-faz-desabafo-ninguem-merece-passar-por-isso\/\">Solidariedade em Tempos Dif\u00edceis: Atores se Unem para Ajudar o Querido Bei\u00e7ola<\/a>**<\/h3>\n<p>&nbsp;<\/p>\n<p>&nbsp;<\/p>\n<h3 style=\"text-align: left;\"><a href=\"https:\/\/mrnews.com.br\/index.php\/2023\/10\/13\/apos-romper-com-helio-petra-conhece-marta-e-comeca-a-viver-uma-nova-historia-em-terra-e-paixao\/\">Uma Nova Jornada para Petra: Superando Traumas e Encontrando a Paz em Terra e Paix\u00e3o<\/a><\/h3>\n<h3><\/h3>\n<h3><a href=\"https:\/\/mrnews.com.br\/index.php\/2023\/10\/12\/terra-e-paixao-petra-descobre-armacao-de-irene-e-com-ajuda-de-jurece-consegue-o-que-mais-precisa\/\">A B\u00ean\u00e7\u00e3o de Jurec\u00ea: Protegendo a Nova Jornada de Petra<\/a><\/h3>\n<h3><\/h3>\n","protected":false},"excerpt":{"rendered":"<p>**Susana Vieira Compartilha sua Sabedoria e Vitalidade no Programa Mais Voc\u00ea** Na manh\u00e3 desta sexta-feira (13), o programa Mais Voc\u00ea recebeu uma convidada especial para marcar o dia com grande estilo: a renomada atriz Susana Vieira. Aos 81 anos, completados em agosto, a veterana atriz da TV Globo compartilhou seu carisma e sabedoria com a &hellip;<\/p>\n","protected":false},"author":1,"featured_media":405681,"comment_status":"open","ping_status":"open","sticky":false,"template":"","format":"standard","meta":{"_jetpack_memberships_contains_paid_content":false,"footnotes":""},"categories":[2,12225],"tags":[],"class_list":["post-405680","post","type-post","status-publish","format-standard","has-post-thumbnail","hentry","category-entretenimento","category-noticias"],"yoast_head":"<!-- This site is optimized with the Yoast SEO plugin v27.5 - https:\/\/yoast.com\/product\/yoast-seo-wordpress\/ -->\n<title>Susana Vieira, aos 81 anos, revela toda a verdade de sua vida pessoal na Ana Maria Braga<\/title>\n<meta name=\"robots\" content=\"index, follow, max-snippet:-1, max-image-preview:large, max-video-preview:-1\" \/>\n<link rel=\"canonical\" href=\"https:\/\/mrnews.com.br\/index.php\/2023\/10\/14\/susana-vieira-aos-81-anos-revela-toda-a-verdade-de-sua-vida-pessoal-na-ana-maria-braga\/\" \/>\n<meta property=\"og:locale\" content=\"pt_BR\" \/>\n<meta property=\"og:type\" content=\"article\" \/>\n<meta property=\"og:title\" content=\"Susana Vieira, aos 81 anos, revela toda a verdade de sua vida pessoal na Ana Maria Braga\" \/>\n<meta property=\"og:description\" content=\"**Susana Vieira Compartilha sua Sabedoria e Vitalidade no Programa Mais Voc\u00ea** Na manh\u00e3 desta sexta-feira (13), o programa Mais Voc\u00ea recebeu uma convidada especial para marcar o dia com grande estilo: a renomada atriz Susana Vieira. Aos 81 anos, completados em agosto, a veterana atriz da TV Globo compartilhou seu carisma e sabedoria com a &hellip;\" \/>\n<meta property=\"og:url\" content=\"https:\/\/mrnews.com.br\/index.php\/2023\/10\/14\/susana-vieira-aos-81-anos-revela-toda-a-verdade-de-sua-vida-pessoal-na-ana-maria-braga\/\" \/>\n<meta property=\"og:site_name\" content=\"MRNews\" \/>\n<meta property=\"article:publisher\" content=\"https:\/\/www.facebook.com\/eaipahpah\/?locale2=pt_BR\" \/>\n<meta property=\"article:published_time\" content=\"2023-10-15T01:06:20+00:00\" \/>\n<meta property=\"og:image\" content=\"https:\/\/mrnews.com.br\/wp-content\/uploads\/2023\/10\/FB_IMG_1697331561579.jpg\" \/>\n\t<meta property=\"og:image:width\" content=\"720\" \/>\n\t<meta property=\"og:image:height\" content=\"890\" \/>\n\t<meta property=\"og:image:type\" content=\"image\/jpeg\" \/>\n<meta name=\"author\" content=\"MR News\" \/>\n<meta name=\"twitter:card\" content=\"summary_large_image\" \/>\n<meta name=\"twitter:creator\" content=\"@conspirou\" \/>\n<meta name=\"twitter:site\" content=\"@conspirou\" \/>\n<meta name=\"twitter:label1\" content=\"Escrito por\" \/>\n\t<meta name=\"twitter:data1\" content=\"MR News\" \/>\n\t<meta name=\"twitter:label2\" content=\"Est. tempo de leitura\" \/>\n\t<meta name=\"twitter:data2\" content=\"2 minutos\" \/>\n<script type=\"application\/ld+json\" class=\"yoast-schema-graph\">{\"@context\":\"https:\\\/\\\/schema.org\",\"@graph\":[{\"@type\":\"Article\",\"@id\":\"https:\\\/\\\/mrnews.com.br\\\/index.php\\\/2023\\\/10\\\/14\\\/susana-vieira-aos-81-anos-revela-toda-a-verdade-de-sua-vida-pessoal-na-ana-maria-braga\\\/#article\",\"isPartOf\":{\"@id\":\"https:\\\/\\\/mrnews.com.br\\\/index.php\\\/2023\\\/10\\\/14\\\/susana-vieira-aos-81-anos-revela-toda-a-verdade-de-sua-vida-pessoal-na-ana-maria-braga\\\/\"},\"author\":{\"name\":\"MR News\",\"@id\":\"https:\\\/\\\/mrnews.com.br\\\/#\\\/schema\\\/person\\\/be3203154562a9f207407861cef7827b\"},\"headline\":\"Susana Vieira, aos 81 anos, revela toda a verdade de sua vida pessoal na Ana Maria Braga\",\"datePublished\":\"2023-10-15T01:06:20+00:00\",\"mainEntityOfPage\":{\"@id\":\"https:\\\/\\\/mrnews.com.br\\\/index.php\\\/2023\\\/10\\\/14\\\/susana-vieira-aos-81-anos-revela-toda-a-verdade-de-sua-vida-pessoal-na-ana-maria-braga\\\/\"},\"wordCount\":396,\"commentCount\":0,\"publisher\":{\"@id\":\"https:\\\/\\\/mrnews.com.br\\\/#organization\"},\"image\":{\"@id\":\"https:\\\/\\\/mrnews.com.br\\\/index.php\\\/2023\\\/10\\\/14\\\/susana-vieira-aos-81-anos-revela-toda-a-verdade-de-sua-vida-pessoal-na-ana-maria-braga\\\/#primaryimage\"},\"thumbnailUrl\":\"https:\\\/\\\/mrnews.com.br\\\/wp-content\\\/uploads\\\/2023\\\/10\\\/FB_IMG_1697331561579.jpg\",\"articleSection\":[\"ENTRETENIMENTO\",\"NOTICIAS\"],\"inLanguage\":\"pt-BR\",\"potentialAction\":[{\"@type\":\"CommentAction\",\"name\":\"Comment\",\"target\":[\"https:\\\/\\\/mrnews.com.br\\\/index.php\\\/2023\\\/10\\\/14\\\/susana-vieira-aos-81-anos-revela-toda-a-verdade-de-sua-vida-pessoal-na-ana-maria-braga\\\/#respond\"]}]},{\"@type\":\"WebPage\",\"@id\":\"https:\\\/\\\/mrnews.com.br\\\/index.php\\\/2023\\\/10\\\/14\\\/susana-vieira-aos-81-anos-revela-toda-a-verdade-de-sua-vida-pessoal-na-ana-maria-braga\\\/\",\"url\":\"https:\\\/\\\/mrnews.com.br\\\/index.php\\\/2023\\\/10\\\/14\\\/susana-vieira-aos-81-anos-revela-toda-a-verdade-de-sua-vida-pessoal-na-ana-maria-braga\\\/\",\"name\":\"Susana Vieira, aos 81 anos, revela toda a verdade de sua vida pessoal na Ana Maria Braga\",\"isPartOf\":{\"@id\":\"https:\\\/\\\/mrnews.com.br\\\/#website\"},\"primaryImageOfPage\":{\"@id\":\"https:\\\/\\\/mrnews.com.br\\\/index.php\\\/2023\\\/10\\\/14\\\/susana-vieira-aos-81-anos-revela-toda-a-verdade-de-sua-vida-pessoal-na-ana-maria-braga\\\/#primaryimage\"},\"image\":{\"@id\":\"https:\\\/\\\/mrnews.com.br\\\/index.php\\\/2023\\\/10\\\/14\\\/susana-vieira-aos-81-anos-revela-toda-a-verdade-de-sua-vida-pessoal-na-ana-maria-braga\\\/#primaryimage\"},\"thumbnailUrl\":\"https:\\\/\\\/mrnews.com.br\\\/wp-content\\\/uploads\\\/2023\\\/10\\\/FB_IMG_1697331561579.jpg\",\"datePublished\":\"2023-10-15T01:06:20+00:00\",\"breadcrumb\":{\"@id\":\"https:\\\/\\\/mrnews.com.br\\\/index.php\\\/2023\\\/10\\\/14\\\/susana-vieira-aos-81-anos-revela-toda-a-verdade-de-sua-vida-pessoal-na-ana-maria-braga\\\/#breadcrumb\"},\"inLanguage\":\"pt-BR\",\"potentialAction\":[{\"@type\":\"ReadAction\",\"target\":[\"https:\\\/\\\/mrnews.com.br\\\/index.php\\\/2023\\\/10\\\/14\\\/susana-vieira-aos-81-anos-revela-toda-a-verdade-de-sua-vida-pessoal-na-ana-maria-braga\\\/\"]}]},{\"@type\":\"ImageObject\",\"inLanguage\":\"pt-BR\",\"@id\":\"https:\\\/\\\/mrnews.com.br\\\/index.php\\\/2023\\\/10\\\/14\\\/susana-vieira-aos-81-anos-revela-toda-a-verdade-de-sua-vida-pessoal-na-ana-maria-braga\\\/#primaryimage\",\"url\":\"https:\\\/\\\/mrnews.com.br\\\/wp-content\\\/uploads\\\/2023\\\/10\\\/FB_IMG_1697331561579.jpg\",\"contentUrl\":\"https:\\\/\\\/mrnews.com.br\\\/wp-content\\\/uploads\\\/2023\\\/10\\\/FB_IMG_1697331561579.jpg\",\"width\":720,\"height\":890},{\"@type\":\"BreadcrumbList\",\"@id\":\"https:\\\/\\\/mrnews.com.br\\\/index.php\\\/2023\\\/10\\\/14\\\/susana-vieira-aos-81-anos-revela-toda-a-verdade-de-sua-vida-pessoal-na-ana-maria-braga\\\/#breadcrumb\",\"itemListElement\":[{\"@type\":\"ListItem\",\"position\":1,\"name\":\"In\u00edcio\",\"item\":\"https:\\\/\\\/mrnews.com.br\\\/\"},{\"@type\":\"ListItem\",\"position\":2,\"name\":\"Susana Vieira, aos 81 anos, revela toda a verdade de sua vida pessoal na Ana Maria Braga\"}]},{\"@type\":\"WebSite\",\"@id\":\"https:\\\/\\\/mrnews.com.br\\\/#website\",\"url\":\"https:\\\/\\\/mrnews.com.br\\\/\",\"name\":\"MRNews\",\"description\":\"MRNews Jogos de hoje da TV, transmiss\u00f5es ao vivo, Not\u00edcias de futebol, Jogos ao vivo, Lives, resumo de novelas, Programa\u00e7\u00e3o da Globo, A Fazenda e BBB\",\"publisher\":{\"@id\":\"https:\\\/\\\/mrnews.com.br\\\/#organization\"},\"potentialAction\":[{\"@type\":\"SearchAction\",\"target\":{\"@type\":\"EntryPoint\",\"urlTemplate\":\"https:\\\/\\\/mrnews.com.br\\\/?s={search_term_string}\"},\"query-input\":{\"@type\":\"PropertyValueSpecification\",\"valueRequired\":true,\"valueName\":\"search_term_string\"}}],\"inLanguage\":\"pt-BR\"},{\"@type\":\"Organization\",\"@id\":\"https:\\\/\\\/mrnews.com.br\\\/#organization\",\"name\":\"MRNews\",\"url\":\"https:\\\/\\\/mrnews.com.br\\\/\",\"logo\":{\"@type\":\"ImageObject\",\"inLanguage\":\"pt-BR\",\"@id\":\"https:\\\/\\\/mrnews.com.br\\\/#\\\/schema\\\/logo\\\/image\\\/\",\"url\":\"https:\\\/\\\/mrnews.com.br\\\/wp-content\\\/uploads\\\/2019\\\/06\\\/MRNewslogo2.png\",\"contentUrl\":\"https:\\\/\\\/mrnews.com.br\\\/wp-content\\\/uploads\\\/2019\\\/06\\\/MRNewslogo2.png\",\"width\":223,\"height\":58,\"caption\":\"MRNews\"},\"image\":{\"@id\":\"https:\\\/\\\/mrnews.com.br\\\/#\\\/schema\\\/logo\\\/image\\\/\"},\"sameAs\":[\"https:\\\/\\\/www.facebook.com\\\/eaipahpah\\\/?locale2=pt_BR\",\"https:\\\/\\\/x.com\\\/conspirou\",\"https:\\\/\\\/www.instagram.com\\\/eai_pahpah\",\"https:\\\/\\\/br.pinterest.com\\\/mrnewsn\\\/boards\\\/\",\"https:\\\/\\\/www.youtube.com\\\/channel\\\/UCacgnpznQ61fifLWr1tQ-vA?view_as=subscriber\"]},{\"@type\":\"Person\",\"@id\":\"https:\\\/\\\/mrnews.com.br\\\/#\\\/schema\\\/person\\\/be3203154562a9f207407861cef7827b\",\"name\":\"MR News\",\"image\":{\"@type\":\"ImageObject\",\"inLanguage\":\"pt-BR\",\"@id\":\"https:\\\/\\\/secure.gravatar.com\\\/avatar\\\/04084e6d73c042b8646e7c17b494073bf0ede3ea13c7105cfc45cbbbc28385a4?s=96&d=monsterid&r=g\",\"url\":\"https:\\\/\\\/secure.gravatar.com\\\/avatar\\\/04084e6d73c042b8646e7c17b494073bf0ede3ea13c7105cfc45cbbbc28385a4?s=96&d=monsterid&r=g\",\"contentUrl\":\"https:\\\/\\\/secure.gravatar.com\\\/avatar\\\/04084e6d73c042b8646e7c17b494073bf0ede3ea13c7105cfc45cbbbc28385a4?s=96&d=monsterid&r=g\",\"caption\":\"MR News\"},\"description\":\"Especializado em jornalismo colaborativo pela FTP em n\u00edvel de p\u00f3s-gradua\u00e7\u00e3o. suporte@oimeliga.combr\",\"sameAs\":[\"HUGO R.\",\"Admin\"],\"url\":\"https:\\\/\\\/mrnews.com.br\\\/index.php\\\/author\\\/admin\\\/\"}]}<\/script>\n<!-- \/ Yoast SEO plugin. -->","yoast_head_json":{"title":"Susana Vieira, aos 81 anos, revela toda a verdade de sua vida pessoal na Ana Maria Braga","robots":{"index":"index","follow":"follow","max-snippet":"max-snippet:-1","max-image-preview":"max-image-preview:large","max-video-preview":"max-video-preview:-1"},"canonical":"https:\/\/mrnews.com.br\/index.php\/2023\/10\/14\/susana-vieira-aos-81-anos-revela-toda-a-verdade-de-sua-vida-pessoal-na-ana-maria-braga\/","og_locale":"pt_BR","og_type":"article","og_title":"Susana Vieira, aos 81 anos, revela toda a verdade de sua vida pessoal na Ana Maria Braga","og_description":"**Susana Vieira Compartilha sua Sabedoria e Vitalidade no Programa Mais Voc\u00ea** Na manh\u00e3 desta sexta-feira (13), o programa Mais Voc\u00ea recebeu uma convidada especial para marcar o dia com grande estilo: a renomada atriz Susana Vieira. Aos 81 anos, completados em agosto, a veterana atriz da TV Globo compartilhou seu carisma e sabedoria com a &hellip;","og_url":"https:\/\/mrnews.com.br\/index.php\/2023\/10\/14\/susana-vieira-aos-81-anos-revela-toda-a-verdade-de-sua-vida-pessoal-na-ana-maria-braga\/","og_site_name":"MRNews","article_publisher":"https:\/\/www.facebook.com\/eaipahpah\/?locale2=pt_BR","article_published_time":"2023-10-15T01:06:20+00:00","og_image":[{"width":720,"height":890,"url":"https:\/\/mrnews.com.br\/wp-content\/uploads\/2023\/10\/FB_IMG_1697331561579.jpg","type":"image\/jpeg"}],"author":"MR News","twitter_card":"summary_large_image","twitter_creator":"@conspirou","twitter_site":"@conspirou","twitter_misc":{"Escrito por":"MR News","Est. tempo de leitura":"2 minutos"},"schema":{"@context":"https:\/\/schema.org","@graph":[{"@type":"Article","@id":"https:\/\/mrnews.com.br\/index.php\/2023\/10\/14\/susana-vieira-aos-81-anos-revela-toda-a-verdade-de-sua-vida-pessoal-na-ana-maria-braga\/#article","isPartOf":{"@id":"https:\/\/mrnews.com.br\/index.php\/2023\/10\/14\/susana-vieira-aos-81-anos-revela-toda-a-verdade-de-sua-vida-pessoal-na-ana-maria-braga\/"},"author":{"name":"MR News","@id":"https:\/\/mrnews.com.br\/#\/schema\/person\/be3203154562a9f207407861cef7827b"},"headline":"Susana Vieira, aos 81 anos, revela toda a verdade de sua vida pessoal na Ana Maria Braga","datePublished":"2023-10-15T01:06:20+00:00","mainEntityOfPage":{"@id":"https:\/\/mrnews.com.br\/index.php\/2023\/10\/14\/susana-vieira-aos-81-anos-revela-toda-a-verdade-de-sua-vida-pessoal-na-ana-maria-braga\/"},"wordCount":396,"commentCount":0,"publisher":{"@id":"https:\/\/mrnews.com.br\/#organization"},"image":{"@id":"https:\/\/mrnews.com.br\/index.php\/2023\/10\/14\/susana-vieira-aos-81-anos-revela-toda-a-verdade-de-sua-vida-pessoal-na-ana-maria-braga\/#primaryimage"},"thumbnailUrl":"https:\/\/mrnews.com.br\/wp-content\/uploads\/2023\/10\/FB_IMG_1697331561579.jpg","articleSection":["ENTRETENIMENTO","NOTICIAS"],"inLanguage":"pt-BR","potentialAction":[{"@type":"CommentAction","name":"Comment","target":["https:\/\/mrnews.com.br\/index.php\/2023\/10\/14\/susana-vieira-aos-81-anos-revela-toda-a-verdade-de-sua-vida-pessoal-na-ana-maria-braga\/#respond"]}]},{"@type":"WebPage","@id":"https:\/\/mrnews.com.br\/index.php\/2023\/10\/14\/susana-vieira-aos-81-anos-revela-toda-a-verdade-de-sua-vida-pessoal-na-ana-maria-braga\/","url":"https:\/\/mrnews.com.br\/index.php\/2023\/10\/14\/susana-vieira-aos-81-anos-revela-toda-a-verdade-de-sua-vida-pessoal-na-ana-maria-braga\/","name":"Susana Vieira, aos 81 anos, revela toda a verdade de sua vida pessoal na Ana Maria Braga","isPartOf":{"@id":"https:\/\/mrnews.com.br\/#website"},"primaryImageOfPage":{"@id":"https:\/\/mrnews.com.br\/index.php\/2023\/10\/14\/susana-vieira-aos-81-anos-revela-toda-a-verdade-de-sua-vida-pessoal-na-ana-maria-braga\/#primaryimage"},"image":{"@id":"https:\/\/mrnews.com.br\/index.php\/2023\/10\/14\/susana-vieira-aos-81-anos-revela-toda-a-verdade-de-sua-vida-pessoal-na-ana-maria-braga\/#primaryimage"},"thumbnailUrl":"https:\/\/mrnews.com.br\/wp-content\/uploads\/2023\/10\/FB_IMG_1697331561579.jpg","datePublished":"2023-10-15T01:06:20+00:00","breadcrumb":{"@id":"https:\/\/mrnews.com.br\/index.php\/2023\/10\/14\/susana-vieira-aos-81-anos-revela-toda-a-verdade-de-sua-vida-pessoal-na-ana-maria-braga\/#breadcrumb"},"inLanguage":"pt-BR","potentialAction":[{"@type":"ReadAction","target":["https:\/\/mrnews.com.br\/index.php\/2023\/10\/14\/susana-vieira-aos-81-anos-revela-toda-a-verdade-de-sua-vida-pessoal-na-ana-maria-braga\/"]}]},{"@type":"ImageObject","inLanguage":"pt-BR","@id":"https:\/\/mrnews.com.br\/index.php\/2023\/10\/14\/susana-vieira-aos-81-anos-revela-toda-a-verdade-de-sua-vida-pessoal-na-ana-maria-braga\/#primaryimage","url":"https:\/\/mrnews.com.br\/wp-content\/uploads\/2023\/10\/FB_IMG_1697331561579.jpg","contentUrl":"https:\/\/mrnews.com.br\/wp-content\/uploads\/2023\/10\/FB_IMG_1697331561579.jpg","width":720,"height":890},{"@type":"BreadcrumbList","@id":"https:\/\/mrnews.com.br\/index.php\/2023\/10\/14\/susana-vieira-aos-81-anos-revela-toda-a-verdade-de-sua-vida-pessoal-na-ana-maria-braga\/#breadcrumb","itemListElement":[{"@type":"ListItem","position":1,"name":"In\u00edcio","item":"https:\/\/mrnews.com.br\/"},{"@type":"ListItem","position":2,"name":"Susana Vieira, aos 81 anos, revela toda a verdade de sua vida pessoal na Ana Maria Braga"}]},{"@type":"WebSite","@id":"https:\/\/mrnews.com.br\/#website","url":"https:\/\/mrnews.com.br\/","name":"MRNews","description":"MRNews Jogos de hoje da TV, transmiss\u00f5es ao vivo, Not\u00edcias de futebol, Jogos ao vivo, Lives, resumo de novelas, Programa\u00e7\u00e3o da Globo, A Fazenda e BBB","publisher":{"@id":"https:\/\/mrnews.com.br\/#organization"},"potentialAction":[{"@type":"SearchAction","target":{"@type":"EntryPoint","urlTemplate":"https:\/\/mrnews.com.br\/?s={search_term_string}"},"query-input":{"@type":"PropertyValueSpecification","valueRequired":true,"valueName":"search_term_string"}}],"inLanguage":"pt-BR"},{"@type":"Organization","@id":"https:\/\/mrnews.com.br\/#organization","name":"MRNews","url":"https:\/\/mrnews.com.br\/","logo":{"@type":"ImageObject","inLanguage":"pt-BR","@id":"https:\/\/mrnews.com.br\/#\/schema\/logo\/image\/","url":"https:\/\/mrnews.com.br\/wp-content\/uploads\/2019\/06\/MRNewslogo2.png","contentUrl":"https:\/\/mrnews.com.br\/wp-content\/uploads\/2019\/06\/MRNewslogo2.png","width":223,"height":58,"caption":"MRNews"},"image":{"@id":"https:\/\/mrnews.com.br\/#\/schema\/logo\/image\/"},"sameAs":["https:\/\/www.facebook.com\/eaipahpah\/?locale2=pt_BR","https:\/\/x.com\/conspirou","https:\/\/www.instagram.com\/eai_pahpah","https:\/\/br.pinterest.com\/mrnewsn\/boards\/","https:\/\/www.youtube.com\/channel\/UCacgnpznQ61fifLWr1tQ-vA?view_as=subscriber"]},{"@type":"Person","@id":"https:\/\/mrnews.com.br\/#\/schema\/person\/be3203154562a9f207407861cef7827b","name":"MR News","image":{"@type":"ImageObject","inLanguage":"pt-BR","@id":"https:\/\/secure.gravatar.com\/avatar\/04084e6d73c042b8646e7c17b494073bf0ede3ea13c7105cfc45cbbbc28385a4?s=96&d=monsterid&r=g","url":"https:\/\/secure.gravatar.com\/avatar\/04084e6d73c042b8646e7c17b494073bf0ede3ea13c7105cfc45cbbbc28385a4?s=96&d=monsterid&r=g","contentUrl":"https:\/\/secure.gravatar.com\/avatar\/04084e6d73c042b8646e7c17b494073bf0ede3ea13c7105cfc45cbbbc28385a4?s=96&d=monsterid&r=g","caption":"MR News"},"description":"Especializado em jornalismo colaborativo pela FTP em n\u00edvel de p\u00f3s-gradua\u00e7\u00e3o. suporte@oimeliga.combr","sameAs":["HUGO R.","Admin"],"url":"https:\/\/mrnews.com.br\/index.php\/author\/admin\/"}]}},"jetpack_featured_media_url":"https:\/\/mrnews.com.br\/wp-content\/uploads\/2023\/10\/FB_IMG_1697331561579.jpg","jetpack_sharing_enabled":true,"jetpack_shortlink":"https:\/\/wp.me\/pa2Qf7-1Hxe","amp_enabled":true,"_links":{"self":[{"href":"https:\/\/mrnews.com.br\/index.php\/wp-json\/wp\/v2\/posts\/405680","targetHints":{"allow":["GET"]}}],"collection":[{"href":"https:\/\/mrnews.com.br\/index.php\/wp-json\/wp\/v2\/posts"}],"about":[{"href":"https:\/\/mrnews.com.br\/index.php\/wp-json\/wp\/v2\/types\/post"}],"author":[{"embeddable":true,"href":"https:\/\/mrnews.com.br\/index.php\/wp-json\/wp\/v2\/users\/1"}],"replies":[{"embeddable":true,"href":"https:\/\/mrnews.com.br\/index.php\/wp-json\/wp\/v2\/comments?post=405680"}],"version-history":[{"count":1,"href":"https:\/\/mrnews.com.br\/index.php\/wp-json\/wp\/v2\/posts\/405680\/revisions"}],"predecessor-version":[{"id":405682,"href":"https:\/\/mrnews.com.br\/index.php\/wp-json\/wp\/v2\/posts\/405680\/revisions\/405682"}],"wp:featuredmedia":[{"embeddable":true,"href":"https:\/\/mrnews.com.br\/index.php\/wp-json\/wp\/v2\/media\/405681"}],"wp:attachment":[{"href":"https:\/\/mrnews.com.br\/index.php\/wp-json\/wp\/v2\/media?parent=405680"}],"wp:term":[{"taxonomy":"category","embeddable":true,"href":"https:\/\/mrnews.com.br\/index.php\/wp-json\/wp\/v2\/categories?post=405680"},{"taxonomy":"post_tag","embeddable":true,"href":"https:\/\/mrnews.com.br\/index.php\/wp-json\/wp\/v2\/tags?post=405680"}],"curies":[{"name":"wp","href":"https:\/\/api.w.org\/{rel}","templated":true}]}}