{"id":406756,"date":"2023-11-15T16:24:24","date_gmt":"2023-11-15T19:24:24","guid":{"rendered":"https:\/\/mrnews.com.br\/index.php\/2023\/11\/15\/ifsp-fortalece-parceria-com-fapesp-em-encontro-estrategico-ifsp\/"},"modified":"2023-11-15T16:24:24","modified_gmt":"2023-11-15T19:24:24","slug":"ifsp-fortalece-parceria-com-fapesp-em-encontro-estrategico-ifsp","status":"publish","type":"post","link":"https:\/\/mrnews.com.br\/index.php\/2023\/11\/15\/ifsp-fortalece-parceria-com-fapesp-em-encontro-estrategico-ifsp\/","title":{"rendered":"IFSP fortalece parceria com Fapesp em encontro estrat\u00e9gico &#8211; IFSP"},"content":{"rendered":"<p><\/p>\n<div>\n<div class=\"subtitle\">\n<p><span style=\"font-weight: 400;\">IFSP apresenta propostas para fortalecer la\u00e7os e impulsionar pesquisa<\/span><\/p>\n<\/div>\n<p><!-- fim .content-header-options-1 --><\/p>\n<p><span style=\"font-weight: 400;\">Uma comitiva do Instituto Federal de Educa\u00e7\u00e3o, Ci\u00eancia e Tecnologia de S\u00e3o Paulo (IFSP) participou de uma reuni\u00e3o estrat\u00e9gica com dois representantes da Funda\u00e7\u00e3o de Amparo \u00e0 Pesquisa de S\u00e3o Paulo (Fapesp): o presidente Marco Antonio Zago e o diretor cient\u00edfico M\u00e1rcio de Castro Silva Filho. O encontro teve como objetivo estreitar la\u00e7os e discutir sugest\u00f5es para editais e fomentos, a fim de superar os desafios enfrentados pelos pesquisadores do IFSP na aprova\u00e7\u00e3o de projetos.<\/span><\/p>\n<p><span style=\"font-weight: 400;\">As demandas apresentadas inclu\u00edram uma nova edi\u00e7\u00e3o da Pesquisa Projeto Inicial (PI) sem exig\u00eancia de tempo m\u00e1ximo na institui\u00e7\u00e3o, modifica\u00e7\u00f5es nas exig\u00eancias para indica\u00e7\u00e3o dos bolsistas de Inicia\u00e7\u00e3o Cient\u00edfica, a cria\u00e7\u00e3o de um programa de Inicia\u00e7\u00e3o Tecnol\u00f3gica, no qual seja valorizada a produ\u00e7\u00e3o t\u00e9cnica e tecnol\u00f3gica; um programa de bolsas voltadas a estudantes ingressantes por a\u00e7\u00f5es afirmativas e a cria\u00e7\u00e3o de editais conjuntos.\u00a0<\/span><\/p>\n<p><span style=\"font-weight: 400;\">A Fapesp demonstrou receptividade \u00e0s sugest\u00f5es, mantendo o canal aberto para futuros pleitos dos pesquisadores do IFSP. A aproxima\u00e7\u00e3o \u00e9 crucial diante da expans\u00e3o das atividades do Instituto, contribuindo para o avan\u00e7o cient\u00edfico em S\u00e3o Paulo e a forma\u00e7\u00e3o de recursos humanos. O presidente da Fapesp elogiou o IFSP como uma institui\u00e7\u00e3o de grande relev\u00e2ncia, destacando seu sucesso nos pilares de Ensino, Pesquisa\/Inova\u00e7\u00e3o e Extens\u00e3o, e ainda ressaltou o potencial not\u00e1vel para o desenvolvimento de projetos em diversos programas e chamadas da ag\u00eancia. Entre eles est\u00e3o o Programa Fapesp para Pesquisa Inovativa em Pequenas Empresas (Pipe), os Centros de Pesquisa em Engenharia\/Centros de Pesquisa Aplicada (CPE\/CPA), os Centros de Ci\u00eancia para o Desenvolvimento (CCD), al\u00e9m de iniciativas em Divulga\u00e7\u00e3o Cient\u00edfica e Inicia\u00e7\u00e3o Cient\u00edfica.<\/span><\/p>\n<p><span style=\"font-weight: 400;\">O reconhecimento da Fapesp refor\u00e7a o comprometimento do IFSP com a excel\u00eancia acad\u00eamica e cient\u00edfica, destacando sua capacidade de contribuir significativamente para o avan\u00e7o da pesquisa e inova\u00e7\u00e3o no cen\u00e1rio estadual e nacional.\u00a0<\/span><\/p>\n<p><span style=\"font-weight: 400;\">A comitiva contou com a presen\u00e7a do reitor, Silm\u00e1rio Santos, do Pr\u00f3-Reitor de Pesquisa e P\u00f3s-Gradua\u00e7\u00e3o, Adalton M. Ozaki, do Pr\u00f3-Reitor de Extens\u00e3o e Cultura, Rafael Alves Scarazzati, do Diretor da Ag\u00eancia de Inova\u00e7\u00e3o, Eder Sacconi, do Assessor de Rela\u00e7\u00f5es Institucionais, Newton Lima Neto, representando a Pr\u00f3-Reitoria de Ensino, o diretor do Centro de Refer\u00eancia EAD, Gabriel Henrique Burnatelli de Antonio. Tamb\u00e9m estiveram presentes o diretor de Pesquisa, Thiago P. Donadon Homem, a diretora Adjunta de Fomento, Luciana C. Maia Santos, e o diretor de Ambientes de Inova\u00e7\u00e3o, Breno T. dos Santos.<\/span><\/p>\n<p>\u00a0<\/p>\n<\/div>\n<p><script>(function(d, s, id) {\n  var js, fjs = d.getElementsByTagName(s)[0];\n  if (d.getElementById(id)) return;\n  js = d.createElement(s); js.id = id;\n  js.src = \"\/\/connect.facebook.net\/pt_BR\/all.js#xfbml=1&appId=509544779073047\";\n  fjs.parentNode.insertBefore(js, fjs);\n }(document, 'script', 'facebook-jssdk'));<\/script><\/p>\n","protected":false},"excerpt":{"rendered":"<p>IFSP apresenta propostas para fortalecer la\u00e7os e impulsionar pesquisa Uma comitiva do Instituto Federal de Educa\u00e7\u00e3o, Ci\u00eancia e Tecnologia de S\u00e3o Paulo (IFSP) participou de uma reuni\u00e3o estrat\u00e9gica com dois representantes da Funda\u00e7\u00e3o de Amparo \u00e0 Pesquisa de S\u00e3o Paulo (Fapesp): o presidente Marco Antonio Zago e o diretor cient\u00edfico M\u00e1rcio de Castro Silva Filho. &hellip;<\/p>\n","protected":false},"author":1,"featured_media":0,"comment_status":"open","ping_status":"open","sticky":false,"template":"","format":"standard","meta":{"_jetpack_memberships_contains_paid_content":false,"footnotes":""},"categories":[12446,12426,12410,12225,12441,12447],"tags":[],"class_list":["post-406756","post","type-post","status-publish","format-standard","hentry","category-alagoas","category-bahia-noticias","category-ms","category-noticias","category-paraiba","category-politica-noticias"],"yoast_head":"<!-- This site is optimized with the Yoast SEO plugin v27.4 - https:\/\/yoast.com\/product\/yoast-seo-wordpress\/ -->\n<title>IFSP fortalece parceria com Fapesp em encontro estrat\u00e9gico - IFSP<\/title>\n<meta name=\"robots\" content=\"index, follow, max-snippet:-1, max-image-preview:large, max-video-preview:-1\" \/>\n<link rel=\"canonical\" href=\"https:\/\/www.ifsp.edu.br\/noticias\/4138-ifsp-fortalece-parceria-com-fapesp-em-encontro-estrategico\" \/>\n<meta property=\"og:locale\" content=\"pt_BR\" \/>\n<meta property=\"og:type\" content=\"article\" \/>\n<meta property=\"og:title\" content=\"IFSP fortalece parceria com Fapesp em encontro estrat\u00e9gico - IFSP\" \/>\n<meta property=\"og:description\" content=\"IFSP apresenta propostas para fortalecer la\u00e7os e impulsionar pesquisa Uma comitiva do Instituto Federal de Educa\u00e7\u00e3o, Ci\u00eancia e Tecnologia de S\u00e3o Paulo (IFSP) participou de uma reuni\u00e3o estrat\u00e9gica com dois representantes da Funda\u00e7\u00e3o de Amparo \u00e0 Pesquisa de S\u00e3o Paulo (Fapesp): o presidente Marco Antonio Zago e o diretor cient\u00edfico M\u00e1rcio de Castro Silva Filho. &hellip;\" \/>\n<meta property=\"og:url\" content=\"https:\/\/www.ifsp.edu.br\/noticias\/4138-ifsp-fortalece-parceria-com-fapesp-em-encontro-estrategico\" \/>\n<meta property=\"og:site_name\" content=\"MRNews\" \/>\n<meta property=\"article:publisher\" content=\"https:\/\/www.facebook.com\/eaipahpah\/?locale2=pt_BR\" \/>\n<meta property=\"article:published_time\" content=\"2023-11-15T19:24:24+00:00\" \/>\n<meta name=\"author\" content=\"MR News\" \/>\n<meta name=\"twitter:card\" content=\"summary_large_image\" \/>\n<meta name=\"twitter:creator\" content=\"@conspirou\" \/>\n<meta name=\"twitter:site\" content=\"@conspirou\" \/>\n<meta name=\"twitter:label1\" content=\"Escrito por\" \/>\n\t<meta name=\"twitter:data1\" content=\"MR News\" \/>\n\t<meta name=\"twitter:label2\" content=\"Est. tempo de leitura\" \/>\n\t<meta name=\"twitter:data2\" content=\"2 minutos\" \/>\n<script type=\"application\/ld+json\" class=\"yoast-schema-graph\">{\"@context\":\"https:\\\/\\\/schema.org\",\"@graph\":[{\"@type\":\"Article\",\"@id\":\"https:\\\/\\\/www.ifsp.edu.br\\\/noticias\\\/4138-ifsp-fortalece-parceria-com-fapesp-em-encontro-estrategico#article\",\"isPartOf\":{\"@id\":\"https:\\\/\\\/mrnews.com.br\\\/index.php\\\/2023\\\/11\\\/15\\\/ifsp-fortalece-parceria-com-fapesp-em-encontro-estrategico-ifsp\\\/\"},\"author\":{\"name\":\"MR News\",\"@id\":\"https:\\\/\\\/mrnews.com.br\\\/#\\\/schema\\\/person\\\/be3203154562a9f207407861cef7827b\"},\"headline\":\"IFSP fortalece parceria com Fapesp em encontro estrat\u00e9gico &#8211; IFSP\",\"datePublished\":\"2023-11-15T19:24:24+00:00\",\"mainEntityOfPage\":{\"@id\":\"https:\\\/\\\/mrnews.com.br\\\/index.php\\\/2023\\\/11\\\/15\\\/ifsp-fortalece-parceria-com-fapesp-em-encontro-estrategico-ifsp\\\/\"},\"wordCount\":479,\"commentCount\":0,\"publisher\":{\"@id\":\"https:\\\/\\\/mrnews.com.br\\\/#organization\"},\"articleSection\":[\"alagoas\",\"Bahia\",\"Mato Grosso do Sul\",\"NOTICIAS\",\"Para\u00edba\",\"Pol\u00edtica\"],\"inLanguage\":\"pt-BR\",\"potentialAction\":[{\"@type\":\"CommentAction\",\"name\":\"Comment\",\"target\":[\"https:\\\/\\\/www.ifsp.edu.br\\\/noticias\\\/4138-ifsp-fortalece-parceria-com-fapesp-em-encontro-estrategico#respond\"]}]},{\"@type\":\"WebPage\",\"@id\":\"https:\\\/\\\/mrnews.com.br\\\/index.php\\\/2023\\\/11\\\/15\\\/ifsp-fortalece-parceria-com-fapesp-em-encontro-estrategico-ifsp\\\/\",\"url\":\"https:\\\/\\\/www.ifsp.edu.br\\\/noticias\\\/4138-ifsp-fortalece-parceria-com-fapesp-em-encontro-estrategico\",\"name\":\"IFSP fortalece parceria com Fapesp em encontro estrat\u00e9gico - IFSP\",\"isPartOf\":{\"@id\":\"https:\\\/\\\/mrnews.com.br\\\/#website\"},\"datePublished\":\"2023-11-15T19:24:24+00:00\",\"breadcrumb\":{\"@id\":\"https:\\\/\\\/www.ifsp.edu.br\\\/noticias\\\/4138-ifsp-fortalece-parceria-com-fapesp-em-encontro-estrategico#breadcrumb\"},\"inLanguage\":\"pt-BR\",\"potentialAction\":[{\"@type\":\"ReadAction\",\"target\":[\"https:\\\/\\\/www.ifsp.edu.br\\\/noticias\\\/4138-ifsp-fortalece-parceria-com-fapesp-em-encontro-estrategico\"]}]},{\"@type\":\"BreadcrumbList\",\"@id\":\"https:\\\/\\\/www.ifsp.edu.br\\\/noticias\\\/4138-ifsp-fortalece-parceria-com-fapesp-em-encontro-estrategico#breadcrumb\",\"itemListElement\":[{\"@type\":\"ListItem\",\"position\":1,\"name\":\"In\u00edcio\",\"item\":\"https:\\\/\\\/mrnews.com.br\\\/\"},{\"@type\":\"ListItem\",\"position\":2,\"name\":\"IFSP fortalece parceria com Fapesp em encontro estrat\u00e9gico &#8211; IFSP\"}]},{\"@type\":\"WebSite\",\"@id\":\"https:\\\/\\\/mrnews.com.br\\\/#website\",\"url\":\"https:\\\/\\\/mrnews.com.br\\\/\",\"name\":\"MRNews\",\"description\":\"MRNews Jogos de hoje da TV, transmiss\u00f5es ao vivo, Not\u00edcias de futebol, Jogos ao vivo, Lives, resumo de novelas, Programa\u00e7\u00e3o da Globo, A Fazenda e BBB\",\"publisher\":{\"@id\":\"https:\\\/\\\/mrnews.com.br\\\/#organization\"},\"potentialAction\":[{\"@type\":\"SearchAction\",\"target\":{\"@type\":\"EntryPoint\",\"urlTemplate\":\"https:\\\/\\\/mrnews.com.br\\\/?s={search_term_string}\"},\"query-input\":{\"@type\":\"PropertyValueSpecification\",\"valueRequired\":true,\"valueName\":\"search_term_string\"}}],\"inLanguage\":\"pt-BR\"},{\"@type\":\"Organization\",\"@id\":\"https:\\\/\\\/mrnews.com.br\\\/#organization\",\"name\":\"MRNews\",\"url\":\"https:\\\/\\\/mrnews.com.br\\\/\",\"logo\":{\"@type\":\"ImageObject\",\"inLanguage\":\"pt-BR\",\"@id\":\"https:\\\/\\\/mrnews.com.br\\\/#\\\/schema\\\/logo\\\/image\\\/\",\"url\":\"https:\\\/\\\/mrnews.com.br\\\/wp-content\\\/uploads\\\/2019\\\/06\\\/MRNewslogo2.png\",\"contentUrl\":\"https:\\\/\\\/mrnews.com.br\\\/wp-content\\\/uploads\\\/2019\\\/06\\\/MRNewslogo2.png\",\"width\":223,\"height\":58,\"caption\":\"MRNews\"},\"image\":{\"@id\":\"https:\\\/\\\/mrnews.com.br\\\/#\\\/schema\\\/logo\\\/image\\\/\"},\"sameAs\":[\"https:\\\/\\\/www.facebook.com\\\/eaipahpah\\\/?locale2=pt_BR\",\"https:\\\/\\\/x.com\\\/conspirou\",\"https:\\\/\\\/www.instagram.com\\\/eai_pahpah\",\"https:\\\/\\\/br.pinterest.com\\\/mrnewsn\\\/boards\\\/\",\"https:\\\/\\\/www.youtube.com\\\/channel\\\/UCacgnpznQ61fifLWr1tQ-vA?view_as=subscriber\"]},{\"@type\":\"Person\",\"@id\":\"https:\\\/\\\/mrnews.com.br\\\/#\\\/schema\\\/person\\\/be3203154562a9f207407861cef7827b\",\"name\":\"MR News\",\"image\":{\"@type\":\"ImageObject\",\"inLanguage\":\"pt-BR\",\"@id\":\"https:\\\/\\\/secure.gravatar.com\\\/avatar\\\/04084e6d73c042b8646e7c17b494073bf0ede3ea13c7105cfc45cbbbc28385a4?s=96&d=monsterid&r=g\",\"url\":\"https:\\\/\\\/secure.gravatar.com\\\/avatar\\\/04084e6d73c042b8646e7c17b494073bf0ede3ea13c7105cfc45cbbbc28385a4?s=96&d=monsterid&r=g\",\"contentUrl\":\"https:\\\/\\\/secure.gravatar.com\\\/avatar\\\/04084e6d73c042b8646e7c17b494073bf0ede3ea13c7105cfc45cbbbc28385a4?s=96&d=monsterid&r=g\",\"caption\":\"MR News\"},\"description\":\"Especializado em jornalismo colaborativo pela FTP em n\u00edvel de p\u00f3s-gradua\u00e7\u00e3o. suporte@oimeliga.combr\",\"sameAs\":[\"HUGO R.\",\"Admin\"],\"url\":\"https:\\\/\\\/mrnews.com.br\\\/index.php\\\/author\\\/admin\\\/\"}]}<\/script>\n<!-- \/ Yoast SEO plugin. -->","yoast_head_json":{"title":"IFSP fortalece parceria com Fapesp em encontro estrat\u00e9gico - IFSP","robots":{"index":"index","follow":"follow","max-snippet":"max-snippet:-1","max-image-preview":"max-image-preview:large","max-video-preview":"max-video-preview:-1"},"canonical":"https:\/\/www.ifsp.edu.br\/noticias\/4138-ifsp-fortalece-parceria-com-fapesp-em-encontro-estrategico","og_locale":"pt_BR","og_type":"article","og_title":"IFSP fortalece parceria com Fapesp em encontro estrat\u00e9gico - IFSP","og_description":"IFSP apresenta propostas para fortalecer la\u00e7os e impulsionar pesquisa Uma comitiva do Instituto Federal de Educa\u00e7\u00e3o, Ci\u00eancia e Tecnologia de S\u00e3o Paulo (IFSP) participou de uma reuni\u00e3o estrat\u00e9gica com dois representantes da Funda\u00e7\u00e3o de Amparo \u00e0 Pesquisa de S\u00e3o Paulo (Fapesp): o presidente Marco Antonio Zago e o diretor cient\u00edfico M\u00e1rcio de Castro Silva Filho. &hellip;","og_url":"https:\/\/www.ifsp.edu.br\/noticias\/4138-ifsp-fortalece-parceria-com-fapesp-em-encontro-estrategico","og_site_name":"MRNews","article_publisher":"https:\/\/www.facebook.com\/eaipahpah\/?locale2=pt_BR","article_published_time":"2023-11-15T19:24:24+00:00","author":"MR News","twitter_card":"summary_large_image","twitter_creator":"@conspirou","twitter_site":"@conspirou","twitter_misc":{"Escrito por":"MR News","Est. tempo de leitura":"2 minutos"},"schema":{"@context":"https:\/\/schema.org","@graph":[{"@type":"Article","@id":"https:\/\/www.ifsp.edu.br\/noticias\/4138-ifsp-fortalece-parceria-com-fapesp-em-encontro-estrategico#article","isPartOf":{"@id":"https:\/\/mrnews.com.br\/index.php\/2023\/11\/15\/ifsp-fortalece-parceria-com-fapesp-em-encontro-estrategico-ifsp\/"},"author":{"name":"MR News","@id":"https:\/\/mrnews.com.br\/#\/schema\/person\/be3203154562a9f207407861cef7827b"},"headline":"IFSP fortalece parceria com Fapesp em encontro estrat\u00e9gico &#8211; IFSP","datePublished":"2023-11-15T19:24:24+00:00","mainEntityOfPage":{"@id":"https:\/\/mrnews.com.br\/index.php\/2023\/11\/15\/ifsp-fortalece-parceria-com-fapesp-em-encontro-estrategico-ifsp\/"},"wordCount":479,"commentCount":0,"publisher":{"@id":"https:\/\/mrnews.com.br\/#organization"},"articleSection":["alagoas","Bahia","Mato Grosso do Sul","NOTICIAS","Para\u00edba","Pol\u00edtica"],"inLanguage":"pt-BR","potentialAction":[{"@type":"CommentAction","name":"Comment","target":["https:\/\/www.ifsp.edu.br\/noticias\/4138-ifsp-fortalece-parceria-com-fapesp-em-encontro-estrategico#respond"]}]},{"@type":"WebPage","@id":"https:\/\/mrnews.com.br\/index.php\/2023\/11\/15\/ifsp-fortalece-parceria-com-fapesp-em-encontro-estrategico-ifsp\/","url":"https:\/\/www.ifsp.edu.br\/noticias\/4138-ifsp-fortalece-parceria-com-fapesp-em-encontro-estrategico","name":"IFSP fortalece parceria com Fapesp em encontro estrat\u00e9gico - IFSP","isPartOf":{"@id":"https:\/\/mrnews.com.br\/#website"},"datePublished":"2023-11-15T19:24:24+00:00","breadcrumb":{"@id":"https:\/\/www.ifsp.edu.br\/noticias\/4138-ifsp-fortalece-parceria-com-fapesp-em-encontro-estrategico#breadcrumb"},"inLanguage":"pt-BR","potentialAction":[{"@type":"ReadAction","target":["https:\/\/www.ifsp.edu.br\/noticias\/4138-ifsp-fortalece-parceria-com-fapesp-em-encontro-estrategico"]}]},{"@type":"BreadcrumbList","@id":"https:\/\/www.ifsp.edu.br\/noticias\/4138-ifsp-fortalece-parceria-com-fapesp-em-encontro-estrategico#breadcrumb","itemListElement":[{"@type":"ListItem","position":1,"name":"In\u00edcio","item":"https:\/\/mrnews.com.br\/"},{"@type":"ListItem","position":2,"name":"IFSP fortalece parceria com Fapesp em encontro estrat\u00e9gico &#8211; IFSP"}]},{"@type":"WebSite","@id":"https:\/\/mrnews.com.br\/#website","url":"https:\/\/mrnews.com.br\/","name":"MRNews","description":"MRNews Jogos de hoje da TV, transmiss\u00f5es ao vivo, Not\u00edcias de futebol, Jogos ao vivo, Lives, resumo de novelas, Programa\u00e7\u00e3o da Globo, A Fazenda e BBB","publisher":{"@id":"https:\/\/mrnews.com.br\/#organization"},"potentialAction":[{"@type":"SearchAction","target":{"@type":"EntryPoint","urlTemplate":"https:\/\/mrnews.com.br\/?s={search_term_string}"},"query-input":{"@type":"PropertyValueSpecification","valueRequired":true,"valueName":"search_term_string"}}],"inLanguage":"pt-BR"},{"@type":"Organization","@id":"https:\/\/mrnews.com.br\/#organization","name":"MRNews","url":"https:\/\/mrnews.com.br\/","logo":{"@type":"ImageObject","inLanguage":"pt-BR","@id":"https:\/\/mrnews.com.br\/#\/schema\/logo\/image\/","url":"https:\/\/mrnews.com.br\/wp-content\/uploads\/2019\/06\/MRNewslogo2.png","contentUrl":"https:\/\/mrnews.com.br\/wp-content\/uploads\/2019\/06\/MRNewslogo2.png","width":223,"height":58,"caption":"MRNews"},"image":{"@id":"https:\/\/mrnews.com.br\/#\/schema\/logo\/image\/"},"sameAs":["https:\/\/www.facebook.com\/eaipahpah\/?locale2=pt_BR","https:\/\/x.com\/conspirou","https:\/\/www.instagram.com\/eai_pahpah","https:\/\/br.pinterest.com\/mrnewsn\/boards\/","https:\/\/www.youtube.com\/channel\/UCacgnpznQ61fifLWr1tQ-vA?view_as=subscriber"]},{"@type":"Person","@id":"https:\/\/mrnews.com.br\/#\/schema\/person\/be3203154562a9f207407861cef7827b","name":"MR News","image":{"@type":"ImageObject","inLanguage":"pt-BR","@id":"https:\/\/secure.gravatar.com\/avatar\/04084e6d73c042b8646e7c17b494073bf0ede3ea13c7105cfc45cbbbc28385a4?s=96&d=monsterid&r=g","url":"https:\/\/secure.gravatar.com\/avatar\/04084e6d73c042b8646e7c17b494073bf0ede3ea13c7105cfc45cbbbc28385a4?s=96&d=monsterid&r=g","contentUrl":"https:\/\/secure.gravatar.com\/avatar\/04084e6d73c042b8646e7c17b494073bf0ede3ea13c7105cfc45cbbbc28385a4?s=96&d=monsterid&r=g","caption":"MR News"},"description":"Especializado em jornalismo colaborativo pela FTP em n\u00edvel de p\u00f3s-gradua\u00e7\u00e3o. suporte@oimeliga.combr","sameAs":["HUGO R.","Admin"],"url":"https:\/\/mrnews.com.br\/index.php\/author\/admin\/"}]}},"jetpack_featured_media_url":"","jetpack_sharing_enabled":true,"jetpack_shortlink":"https:\/\/wp.me\/pa2Qf7-1HOA","amp_enabled":true,"_links":{"self":[{"href":"https:\/\/mrnews.com.br\/index.php\/wp-json\/wp\/v2\/posts\/406756","targetHints":{"allow":["GET"]}}],"collection":[{"href":"https:\/\/mrnews.com.br\/index.php\/wp-json\/wp\/v2\/posts"}],"about":[{"href":"https:\/\/mrnews.com.br\/index.php\/wp-json\/wp\/v2\/types\/post"}],"author":[{"embeddable":true,"href":"https:\/\/mrnews.com.br\/index.php\/wp-json\/wp\/v2\/users\/1"}],"replies":[{"embeddable":true,"href":"https:\/\/mrnews.com.br\/index.php\/wp-json\/wp\/v2\/comments?post=406756"}],"version-history":[{"count":0,"href":"https:\/\/mrnews.com.br\/index.php\/wp-json\/wp\/v2\/posts\/406756\/revisions"}],"wp:attachment":[{"href":"https:\/\/mrnews.com.br\/index.php\/wp-json\/wp\/v2\/media?parent=406756"}],"wp:term":[{"taxonomy":"category","embeddable":true,"href":"https:\/\/mrnews.com.br\/index.php\/wp-json\/wp\/v2\/categories?post=406756"},{"taxonomy":"post_tag","embeddable":true,"href":"https:\/\/mrnews.com.br\/index.php\/wp-json\/wp\/v2\/tags?post=406756"}],"curies":[{"name":"wp","href":"https:\/\/api.w.org\/{rel}","templated":true}]}}