{"id":407940,"date":"2023-12-13T13:43:51","date_gmt":"2023-12-13T16:43:51","guid":{"rendered":"https:\/\/mrnews.com.br\/?p=407940"},"modified":"2023-12-13T13:44:26","modified_gmt":"2023-12-13T16:44:26","slug":"mercado-da-bola-sampaoli-ou-carpini-veja-quem-o-santos-contratou-com-treinador-para-2024","status":"publish","type":"post","link":"https:\/\/mrnews.com.br\/index.php\/2023\/12\/13\/mercado-da-bola-sampaoli-ou-carpini-veja-quem-o-santos-contratou-com-treinador-para-2024\/","title":{"rendered":"MERCADO DA BOLA &#8211; SAMPAOLI OU CARPINI? VEJA QUEM O SANTOS CONTRATOU COM TREINADOR PARA 2024"},"content":{"rendered":"<p>Rumores sobre a poss\u00edvel chegada de <strong>Sampaoli<\/strong> ao Santos em 2024 por <a href=\"https:\/\/fmrural.com.br\">fmrural.com.br<\/a><\/p>\n<p>O universo futebol\u00edstico do Santos Futebol Clube est\u00e1 repleto de especula\u00e7\u00f5es e expectativas \u00e0 medida que a gest\u00e3o de Marcelo Teixeira se prepara para a pr\u00f3xima temporada. Recentemente, surgiram murm\u00farios dentro do grupo de apoio do Presidente eleito, sugerindo a busca pela contrata\u00e7\u00e3o do renomado t\u00e9cnico argentino Jorge Sampaoli.<\/p>\n<blockquote class=\"wp-embedded-content\" data-secret=\"ZIJ7HLgxQq\"><p><a href=\"https:\/\/mrnews.com.br\/index.php\/2023\/12\/12\/mercado-da-bola-vasco-ramon-diaz-recebe-melhor-noticia-e-contrato-ja-esta-assinado\/\">MERCADO DA BOLA VASCO &#8211; RAMON DIAZ RECEBE MELHOR NOT\u00cdCIA E CONTRATO J\u00c1 EST\u00c1 ASSINADO<\/a><\/p><\/blockquote>\n<p><iframe loading=\"lazy\" class=\"wp-embedded-content\" sandbox=\"allow-scripts\" security=\"restricted\" style=\"position: absolute; clip: rect(1px, 1px, 1px, 1px);\" title=\"&#8220;MERCADO DA BOLA VASCO &#8211; RAMON DIAZ RECEBE MELHOR NOT\u00cdCIA E CONTRATO J\u00c1 EST\u00c1 ASSINADO&#8221; &#8212; MRNews\" src=\"https:\/\/mrnews.com.br\/index.php\/2023\/12\/12\/mercado-da-bola-vasco-ramon-diaz-recebe-melhor-noticia-e-contrato-ja-esta-assinado\/embed\/#?secret=BsLvemOOvk#?secret=ZIJ7HLgxQq\" data-secret=\"ZIJ7HLgxQq\" width=\"500\" height=\"282\" frameborder=\"0\" marginwidth=\"0\" marginheight=\"0\" scrolling=\"no\"><\/iframe><\/p>\n<p>A escolha de Sampaoli n\u00e3o \u00e9 isenta de controv\u00e9rsias, especialmente considerando sua sa\u00edda marcante do Flamengo, onde enfrentou desafios de relacionamento e n\u00e3o alcan\u00e7ou os resultados esperados. No entanto, membros pr\u00f3ximos a Teixeira veem em Sampaoli um potencial condutor para um projeto ambicioso no clube, recordando sua bem-sucedida passagem em 2019.<\/p>\n<p>At\u00e9 o momento, n\u00e3o h\u00e1 negocia\u00e7\u00f5es oficiais em andamento com Sampaoli, mas parte do grupo de apoio do Presidente Teixeira acredita que a equipe precisa de um t\u00e9cnico de peso para materializar a promessa eleitoral de tornar o Santos &#8220;grande de novo&#8221;.<\/p>\n<p>As conversas de bastidores indicam que Thiago Carpini \u00e9 o negociador oficial com o Peixe, mas a press\u00e3o do grupo de apoio para a poss\u00edvel contrata\u00e7\u00e3o de Sampaoli est\u00e1 presente. O desafio, entretanto, seria persuadir o t\u00e9cnico a aceitar um projeto que come\u00e7a na S\u00e9rie B do Campeonato Brasileiro, apresentando um obst\u00e1culo adicional na forma de clubes nacionais e at\u00e9 internacionais, como o Lyon-FRA, interessados nos servi\u00e7os de Sampaoli.<\/p>\n<p>A atual ideia de trazer Sampaoli para o Santos permanece apenas como uma proposta em potencial, e a realidade depender\u00e1 de como o clube se posicionar\u00e1 diante desses desafios e da vontade do treinador.<\/p>\n<p>Enquanto o Santos continua as negocia\u00e7\u00f5es com Carpini, a possibilidade de um encontro com Sampaoli se mant\u00e9m no horizonte. O tempo dir\u00e1 se essa ideia se transformar\u00e1 em uma proposta concreta, e os torcedores aguardam com expectativa para descobrir quem liderar\u00e1 o time na pr\u00f3xima jornada.<\/p>\n<p>&nbsp;<\/p>\n<h2>Resumo da Central do Mercado:<\/h2>\n<p>Cruzeiro e Santos em Busca de T\u00e9cnicos por <a href=\"https:\/\/cruzeiroec.com.br\">cruzeiroec.com.br<\/a> e <a href=\"https:\/\/mauaagora.com.br\">Mauaagora.com.br<\/a><\/p>\n<p>Nesta ter\u00e7a-feira, o Cruzeiro e o Santos movimentaram o mercado em busca de t\u00e9cnicos. A Raposa definiu Fernando Gago, ex-volante argentino, como prioridade, enquanto o Santos concentra seus esfor\u00e7os em Thiago Carpini.<\/p>\n<p>Em Belo Horizonte, o Atl\u00e9tico-MG reentrou na disputa por Gustavo Scarpa, enquanto o Palmeiras, em S\u00e3o Paulo, tenta persuadir Cauly a deixar o Bahia.<\/p>\n<p>No Rio de Janeiro, o empres\u00e1rio de Gabigol descartou especula\u00e7\u00f5es sobre o Corinthians, focando na renova\u00e7\u00e3o com o Flamengo. O clube carioca tamb\u00e9m mira o zagueiro L\u00e9o Ortiz, do Bragantino.<\/p>\n<p>A negocia\u00e7\u00e3o entre Cruzeiro e Gago est\u00e1 oficialmente em andamento, aguardando decis\u00e3o do treinador argentino.<\/p>\n<p>&nbsp;<\/p>\n<h2>O Mercado de Transfer\u00eancias Agita o Futebol Brasileiro: Vasco Avalia Tom\u00e1s Ric\u00f3n,<\/h2>\n<p>Interesses Europeus por Piton, e Poss\u00edvel Retorno de Paulo Henrique ao Atl\u00e9tico, POR <a href=\"https:\/\/vasconet.com.br\">VASCONET.COM.BR<\/a><\/p>\n<p>O cen\u00e1rio do futebol brasileiro est\u00e1 repleto de movimenta\u00e7\u00f5es emocionantes no mercado de transfer\u00eancias, e uma das \u00faltimas novidades \u00e9 a avalia\u00e7\u00e3o do volante Tom\u00e1s Ric\u00f3n, atualmente no Santos, pelo Vasco da Gama. H\u00e1 indica\u00e7\u00f5es de que o jogador dificilmente permanecer\u00e1 no Peixe, tornando o Gigante da Colina um dos destinos prov\u00e1veis para o atleta.<\/p>\n<p>Tom\u00e1s Ric\u00f3n n\u00e3o \u00e9 o \u00fanico alvo do interesse dos clubes. Q Piton, que tem se destacado no cen\u00e1rio nacional, j\u00e1 despertou o interesse de clubes europeus. Seu desempenho chamou a aten\u00e7\u00e3o al\u00e9m das fronteiras brasileiras, e agora sua poss\u00edvel mudan\u00e7a para o futebol europeu est\u00e1 sendo cuidadosamente observada.<\/p>\n<p>Outra not\u00edcia agitante no mundo das transfer\u00eancias envolve o lateral Paulo Henrique. Rumores indicam que o jogador pode estar retornando ao Atl\u00e9tico. No entanto, at\u00e9 o momento, n\u00e3o houve confirma\u00e7\u00e3o de negocia\u00e7\u00f5es de compra.<\/p>\n<p>O interesse de m\u00faltiplos clubes em Tom\u00e1s Ric\u00f3n destaca a qualidade e o impacto que o jogador trouxe ao Santos, contribuindo para sua visibilidade no cen\u00e1rio futebol\u00edstico nacional. O Vasco da Gama, reconhecido por sua tradi\u00e7\u00e3o e torcida apaixonada, surge como um dos prov\u00e1veis destinos, prometendo um novo cap\u00edtulo na carreira do volante.<\/p>\n<p>Lucas Piton, por sua vez, vive um momento promissor em sua carreira. O interesse de clubes europeus destaca n\u00e3o apenas o talento do jogador, mas tamb\u00e9m a crescente internacionaliza\u00e7\u00e3o do futebol brasileiro. Sua poss\u00edvel mudan\u00e7a para o exterior representa n\u00e3o apenas uma oportunidade pessoal para o atleta, mas tamb\u00e9m uma vitrine para o talento brasileiro em \u00e2mbito global.<\/p>\n<p>No caso de Paulo Henrique, a possibilidade de seu retorno ao Atl\u00e9tico desperta a curiosidade dos torcedores. Se confirmada, a volta do lateral ao clube seria marcada por uma nova fase, trazendo consigo a experi\u00eancia e habilidades acumuladas ao longo de sua carreira.<\/p>\n<p>Em resumo, o mercado de transfer\u00eancias no futebol brasileiro est\u00e1 fervendo, com jogadores de destaque como Tom\u00e1s Ric\u00f3n, Piton e Paulo Henrique no centro das aten\u00e7\u00f5es. \u00c0 medida que as negocia\u00e7\u00f5es evoluem, os torcedores aguardam ansiosos para ver como essas movimenta\u00e7\u00f5es impactar\u00e3o seus clubes e o cen\u00e1rio esportivo nacional e internacional como um todo.<\/p>\n<p>Por fim,\u00a0 o lateral Jefferson dificilmente deve ficar no time. Ele pertence ao Atl\u00e9tico-GO.<\/p>\n<h2>Paulo Henrique: O Lateral em Destaque no Galo<\/h2>\n<p>Paulo Henrique, atualmente sob contrato com o Atl\u00e9tico Mineiro at\u00e9 dezembro de 2024, surgiu como uma aquisi\u00e7\u00e3o valiosa para o clube. Chegando sem custos de transfer\u00eancia, sua trajet\u00f3ria ganhou um novo cap\u00edtulo quando foi emprestado ao Vasco at\u00e9 dezembro de 2023, sem cl\u00e1usula de passe fixado. Uma jogada estrat\u00e9gica que permitiu ao Vasco n\u00e3o apenas contar com um talentoso lateral, mas tamb\u00e9m assumir integralmente os custos salariais associados.<\/p>\n<p>O Vasco da Gama, reconhecendo o potencial de Paulo Henrique, n\u00e3o apenas arcou com os custos do empr\u00e9stimo, mas tamb\u00e9m cobriu 100% dos sal\u00e1rios do jogador durante o per\u00edodo de empr\u00e9stimo. Esta parceria revelou-se ben\u00e9fica para ambas as partes, proporcionando ao lateral oportunidades cruciais de desenvolvimento e ao Vasco, uma adi\u00e7\u00e3o valiosa ao seu plantel.<\/p>\n<p>Contudo, com o t\u00e9rmino do empr\u00e9stimo \u00e0 vista, o Atl\u00e9tico Mineiro agora est\u00e1 posicionado para avaliar propostas e efetuar a venda do lateral. Esta decis\u00e3o estrat\u00e9gica destaca a gest\u00e3o astuta do clube, buscando otimizar n\u00e3o apenas o desempenho em campo, mas tamb\u00e9m os recursos financeiros associados aos seus jogadores.<\/p>\n<p>A iminente venda de Paulo Henrique representa n\u00e3o apenas um movimento mercadol\u00f3gico, mas tamb\u00e9m uma oportunidade para o Galo maximizar o retorno sobre seu investimento inicial. O jogador, moldado nas cores do Atl\u00e9tico, agora se torna um ativo valioso no mercado de transfer\u00eancias, e sua trajet\u00f3ria continua a ser acompanhada com grande expectativa pelos torcedores do Galo.<\/p>\n<h2>Renova\u00e7\u00e3o de Contrato de Ram\u00f3n \u00c1ngel D\u00edaz com o Vasco da Gama: Um Passo Vital para a Estabilidade<\/h2>\n<p>Em um an\u00fancio exclusivo, foi revelado que Ram\u00f3n \u00c1ngel D\u00edaz est\u00e1 prestes a renovar seu contrato com o Vasco da Gama, proporcionando um suspiro de al\u00edvio aos torcedores ap\u00f3s o treinador argentino ter ajudado o clube a evitar o descenso.<\/p>\n<blockquote class=\"wp-embedded-content\" data-secret=\"IEW3pHicYu\"><p><a href=\"https:\/\/mrnews.com.br\/index.php\/2023\/12\/12\/mercado-da-bola-vasco-ramon-diaz-recebe-melhor-noticia-e-contrato-ja-esta-assinado\/\">MERCADO DA BOLA VASCO &#8211; RAMON DIAZ RECEBE MELHOR NOT\u00cdCIA E CONTRATO J\u00c1 EST\u00c1 ASSINADO<\/a><\/p><\/blockquote>\n<p><iframe loading=\"lazy\" class=\"wp-embedded-content\" sandbox=\"allow-scripts\" security=\"restricted\" style=\"position: absolute; clip: rect(1px, 1px, 1px, 1px);\" title=\"&#8220;MERCADO DA BOLA VASCO &#8211; RAMON DIAZ RECEBE MELHOR NOT\u00cdCIA E CONTRATO J\u00c1 EST\u00c1 ASSINADO&#8221; &#8212; MRNews\" src=\"https:\/\/mrnews.com.br\/index.php\/2023\/12\/12\/mercado-da-bola-vasco-ramon-diaz-recebe-melhor-noticia-e-contrato-ja-esta-assinado\/embed\/#?secret=BsLvemOOvk#?secret=IEW3pHicYu\" data-secret=\"IEW3pHicYu\" width=\"500\" height=\"282\" frameborder=\"0\" marginwidth=\"0\" marginheight=\"0\" scrolling=\"no\"><\/iframe><\/p>\n<p>&nbsp;<\/p>\n<p>De acordo com informa\u00e7\u00f5es obtidas, a renova\u00e7\u00e3o do contrato de Ram\u00f3n \u00c1ngel D\u00edaz est\u00e1 em est\u00e1gio avan\u00e7ado, e se os \u00faltimos detalhes forem ajustados, o t\u00e9cnico estender\u00e1 seu v\u00ednculo at\u00e9 dezembro de 2025. Esta not\u00edcia chega como um sinal positivo para o Vasco, que busca estabilidade e crescimento sob a lideran\u00e7a do experiente treinador.<\/p>\n<p>Ram\u00f3n \u00c1ngel D\u00edaz, conhecido por sua carreira not\u00e1vel no futebol, tem sido uma pe\u00e7a-chave na trajet\u00f3ria recente do Vasco. Sua contribui\u00e7\u00e3o para evitar o descenso foi crucial, e a poss\u00edvel renova\u00e7\u00e3o de contrato destaca a confian\u00e7a m\u00fatua entre o treinador e a dire\u00e7\u00e3o do clube.<\/p>\n<p>A negocia\u00e7\u00e3o, que se encontra em fase avan\u00e7ada, mostra a determina\u00e7\u00e3o das partes envolvidas em manter uma parceria bem-sucedida. Os detalhes finais est\u00e3o sendo ajustados, sinalizando um compromisso m\u00fatuo para os pr\u00f3ximos anos. A estabilidade proporcionada pela continuidade de Ram\u00f3n \u00c1ngel D\u00edaz \u00e9 crucial para a constru\u00e7\u00e3o de uma base s\u00f3lida e para as aspira\u00e7\u00f5es do Vasco da Gama no cen\u00e1rio futebol\u00edstico.<\/p>\n<p>A poss\u00edvel extens\u00e3o do contrato at\u00e9 dezembro de 2025 representa n\u00e3o apenas um compromisso de curto prazo, mas uma vis\u00e3o de longo prazo para o desenvolvimento do clube. Ram\u00f3n D\u00edaz, com sua experi\u00eancia e hist\u00f3rico vitorioso, emerge como uma figura central na busca do Vasco por sucesso e crescimento cont\u00ednuo.<\/p>\n<p>Neste cen\u00e1rio, a renova\u00e7\u00e3o de contrato n\u00e3o \u00e9 apenas um acordo burocr\u00e1tico, mas um passo vital na constru\u00e7\u00e3o de uma base s\u00f3lida para o futuro do Vasco da Gama. Os torcedores agora aguardam ansiosamente o desdobramento final desta negocia\u00e7\u00e3o, esperando que a parceria entre Ram\u00f3n \u00c1ngel D\u00edaz e o Vasco perdure, trazendo conquistas e alegrias nos pr\u00f3ximos anos.<\/p>\n<p style=\"text-align: left;\">Por <a href=\"https:\/\/Vasconet.com.br\">Vasconet.com.br<\/a> Desafios e Prioridades: Alexandre Mattos Assume o Comando no Vasco<\/p>\n<p>Na esteira da nomea\u00e7\u00e3o de Alexandre Mattos como Diretor Executivo de Futebol do Vasco, o clube carioca vislumbra uma reorganiza\u00e7\u00e3o crucial para a temporada de 2024. A entrada de Mattos representa um ponto de virada ap\u00f3s a sa\u00edda de Paulo Bracks na semana passada, e agora o dirigente enfrenta diversas pend\u00eancias que demandam a\u00e7\u00e3o imediata.<\/p>\n<h2>1. Di\u00e1logo com Ram\u00f3n D\u00edaz:<\/h2>\n<p>Mattos inicia sua jornada no Vasco com a necessidade de estabelecer um di\u00e1logo fundamental com o t\u00e9cnico Ram\u00f3n D\u00edaz e seu auxiliar Emiliano D\u00edaz. Ambos manifestaram incertezas sobre suas perman\u00eancias, condicionando-as a garantias quanto ao planejamento do clube para o pr\u00f3ximo ano. O entendimento com a comiss\u00e3o t\u00e9cnica ser\u00e1 crucial para alinhar estrat\u00e9gias e definir o futuro do comando t\u00e9cnico.<\/p>\n<h2>2. Contratos em Fim:<\/h2>\n<p>Com aproximadamente dez contratos prestes a expirar, incluindo nomes como Alex Teixeira, Z\u00e9 Gabriel e Maicon, o Vasco enfrenta decis\u00f5es cruciais. A gest\u00e3o de Mattos ter\u00e1 que avaliar a possibilidade de renova\u00e7\u00f5es, exercer op\u00e7\u00f5es de compra e, em alguns casos, negociar extens\u00f5es de empr\u00e9stimo. O desafio reside em manter o equil\u00edbrio financeiro enquanto refor\u00e7a o elenco.<\/p>\n<h2>3. Defini\u00e7\u00e3o das Car\u00eancias e Refor\u00e7os:<\/h2>\n<p>Alexandre Mattos e a diretoria ter\u00e3o a responsabilidade de identificar as lacunas no elenco e planejar refor\u00e7os para a pr\u00f3xima temporada. Apesar de contar novamente com um or\u00e7amento substancial, espera-se que a abordagem n\u00e3o seja t\u00e3o agressiva quanto no ano anterior. O foco ser\u00e1 na qualidade e n\u00e3o na quantidade, visando evitar uma reconstru\u00e7\u00e3o massiva da equipe.<\/p>\n<h2>4. Ass\u00e9dio do Mercado:<\/h2>\n<p>Al\u00e9m de refor\u00e7ar o elenco, Mattos enfrentar\u00e1 o desafio de gerir poss\u00edveis propostas de outros clubes por jogadores destacados do Vasco. O atacante Gabriel Pec, em particular, despertou interesse ap\u00f3s uma temporada not\u00e1vel. Mattos ter\u00e1 que equilibrar a necessidade de receitas com a manuten\u00e7\u00e3o de pe\u00e7as-chave para fortalecer a equipe.<\/p>\n<p>Em meio a todas essas tarefas, a habilidade de Alexandre Mattos em equilibrar as demandas imediatas com uma vis\u00e3o estrat\u00e9gica ser\u00e1 determinante para o sucesso do Vasco na constru\u00e7\u00e3o de um elenco competitivo e sustent\u00e1vel para a pr\u00f3xima temporada. O torcedor aguarda ansiosamente os desdobramentos dessas movimenta\u00e7\u00f5es nos bastidores do clube.<\/p>\n<p>&nbsp;<\/p>\n<h2>\u00a0William Bigode, de sa\u00edda do Athletico Paranaense, foi oferecido para alguns clubes brasileiros.*<\/h2>\n<p>O mercado de transfer\u00eancias no futebol brasileiro est\u00e1 movimentado, e um nome que surgiu nas \u00faltimas horas \u00e9 o do atacante William Bigode, que est\u00e1 de sa\u00edda do Athletico Paranaense. De acordo com informa\u00e7\u00f5es exclusivas obtidas pela Central da Bola, o jogador foi oferecido a diversos clubes do pa\u00eds, sendo o Vasco Gama um dos times que recebeu a proposta e agora analisa a possibilidade de avan\u00e7ar no neg\u00f3cio.<\/p>\n<p>*\ud83d\udcf8 Jos\u00e9 Tramontin\/Athletico-PR*<\/p>\n<p>O Vasco Gama, atualmente na S\u00e9rie B do Campeonato Brasileiro, est\u00e1 em fase de avalia\u00e7\u00e3o para decidir sobre a contrata\u00e7\u00e3o do atacante. William Bigode, conhecido por sua habilidade e faro de gol, poderia ser uma adi\u00e7\u00e3o valiosa ao elenco, trazendo sua experi\u00eancia e qualidade t\u00e9cnica.<\/p>\n<p>*Pra quem n\u00e3o entendeu: William Bigode foi oferecido ao Vasco e n\u00e3o o Vasco est\u00e1 buscando o William no momento.*<\/p>\n<p>\u00c9 importante esclarecer que a iniciativa partiu da oferta do jogador aos clubes interessados, n\u00e3o sendo uma busca ativa por parte do Vasco neste momento. A din\u00e2mica do mercado muitas vezes envolve agentes e representantes oferecendo jogadores a diversas equipes, buscando a melhor oportunidade para o atleta.<\/p>\n<p>Al\u00e9m do Vasco, informa\u00e7\u00f5es apuradas pelo amigo @OGabrielSa indicam que o jogador tamb\u00e9m foi oferecido ao S\u00e3o Paulo. A situa\u00e7\u00e3o mostra que William Bigode est\u00e1 em busca de um novo destino, e os clubes brasileiros est\u00e3o sendo avaliados como poss\u00edveis destinos para o atacante.<\/p>\n<p>*Fonte: X CENTRAL DA BOLA*<\/p>\n<p>A janela de transfer\u00eancias promete movimentar o cen\u00e1rio do futebol brasileiro, e a poss\u00edvel mudan\u00e7a de William Bigode para um novo clube acrescenta mais um cap\u00edtulo interessante nessa temporada de negocia\u00e7\u00f5es. Os torcedores aguardam ansiosos para saber qual ser\u00e1 o desfecho dessa hist\u00f3ria e se o atacante encontrar\u00e1 um novo lar para brilhar nos gramados brasileiros.<\/p>\n<h2>GUSTAVO SCARPA NO VASCO?<\/h2>\n<p>O Vasco da Gama alimenta grandes expectativas ao sonhar com a poss\u00edvel contrata\u00e7\u00e3o de Gustavo Scarpa. O meia, que atualmente est\u00e1 no Olympiacos por empr\u00e9stimo do Nottingham Forest, \u00e9 alvo de interesse do clube carioca. Com sua habilidade t\u00e9cnica e vis\u00e3o de jogo, Scarpa representaria uma adi\u00e7\u00e3o significativa ao elenco vasca\u00edno, podendo desempenhar um papel crucial no meio-campo. A negocia\u00e7\u00e3o, se concretizada, poderia marcar um passo importante na estrat\u00e9gia de refor\u00e7os do Vasco, elevando as aspira\u00e7\u00f5es da equipe para as competi\u00e7\u00f5es futuras. O desfecho dessa poss\u00edvel transfer\u00eancia est\u00e1 nas m\u00e3os dos dirigentes cruzmaltinos e certamente ser\u00e1 acompanhado de perto pelos torcedores ansiosos por novos talentos no Gigante da Colina.<\/p>\n<p>&nbsp;<\/p>\n","protected":false},"excerpt":{"rendered":"<p>Rumores sobre a poss\u00edvel chegada de Sampaoli ao Santos em 2024 por fmrural.com.br O universo futebol\u00edstico do Santos Futebol Clube est\u00e1 repleto de especula\u00e7\u00f5es e expectativas \u00e0 medida que a gest\u00e3o de Marcelo Teixeira se prepara para a pr\u00f3xima temporada. Recentemente, surgiram murm\u00farios dentro do grupo de apoio do Presidente eleito, sugerindo a busca pela &hellip;<\/p>\n","protected":false},"author":1,"featured_media":12209,"comment_status":"open","ping_status":"open","sticky":false,"template":"","format":"standard","meta":{"_jetpack_memberships_contains_paid_content":false,"footnotes":""},"categories":[9574,9675,12426,9641,9249,9580,9654,12001,3,4587,9606,9573,9611,9646,9576,12511,9579,9613,9612,9600],"tags":[],"class_list":["post-407940","post","type-post","status-publish","format-standard","has-post-thumbnail","hentry","category-athletico-pr","category-bahia","category-bahia-noticias","category-botafogo","category-campeonato-brasileiro","category-corinthians","category-cruzeiro","category-cuiaba","category-esportes1","category-esportes","category-flamengo","category-fortaleza","category-goias","category-gremio","category-internacional","category-mercado-da-bola","category-palmeiras","category-santos","category-sao-paulo","category-vasco"],"yoast_head":"<!-- This site is optimized with the Yoast SEO plugin v27.4 - https:\/\/yoast.com\/product\/yoast-seo-wordpress\/ -->\n<title>MERCADO DA BOLA - SAMPAOLI OU CARPINI? VEJA QUEM O SANTOS CONTRATOU COM TREINADOR PARA 2024<\/title>\n<meta name=\"robots\" content=\"index, follow, max-snippet:-1, max-image-preview:large, max-video-preview:-1\" \/>\n<link rel=\"canonical\" href=\"https:\/\/mrnews.com.br\/index.php\/2023\/12\/13\/mercado-da-bola-sampaoli-ou-carpini-veja-quem-o-santos-contratou-com-treinador-para-2024\/\" \/>\n<meta property=\"og:locale\" content=\"pt_BR\" \/>\n<meta property=\"og:type\" content=\"article\" \/>\n<meta property=\"og:title\" content=\"MERCADO DA BOLA - SAMPAOLI OU CARPINI? VEJA QUEM O SANTOS CONTRATOU COM TREINADOR PARA 2024\" \/>\n<meta property=\"og:description\" content=\"Rumores sobre a poss\u00edvel chegada de Sampaoli ao Santos em 2024 por fmrural.com.br O universo futebol\u00edstico do Santos Futebol Clube est\u00e1 repleto de especula\u00e7\u00f5es e expectativas \u00e0 medida que a gest\u00e3o de Marcelo Teixeira se prepara para a pr\u00f3xima temporada. Recentemente, surgiram murm\u00farios dentro do grupo de apoio do Presidente eleito, sugerindo a busca pela &hellip;\" \/>\n<meta property=\"og:url\" content=\"https:\/\/mrnews.com.br\/index.php\/2023\/12\/13\/mercado-da-bola-sampaoli-ou-carpini-veja-quem-o-santos-contratou-com-treinador-para-2024\/\" \/>\n<meta property=\"og:site_name\" content=\"MRNews\" \/>\n<meta property=\"article:publisher\" content=\"https:\/\/www.facebook.com\/eaipahpah\/?locale2=pt_BR\" \/>\n<meta property=\"article:published_time\" content=\"2023-12-13T16:43:51+00:00\" \/>\n<meta property=\"article:modified_time\" content=\"2023-12-13T16:44:26+00:00\" \/>\n<meta property=\"og:image\" content=\"https:\/\/mrnews.com.br\/wp-content\/uploads\/2020\/01\/Santos-escudo.jpg\" \/>\n\t<meta property=\"og:image:width\" content=\"1200\" \/>\n\t<meta property=\"og:image:height\" content=\"720\" \/>\n\t<meta property=\"og:image:type\" content=\"image\/jpeg\" \/>\n<meta name=\"author\" content=\"MR News\" \/>\n<meta name=\"twitter:card\" content=\"summary_large_image\" \/>\n<meta name=\"twitter:creator\" content=\"@conspirou\" \/>\n<meta name=\"twitter:site\" content=\"@conspirou\" \/>\n<meta name=\"twitter:label1\" content=\"Escrito por\" \/>\n\t<meta name=\"twitter:data1\" content=\"MR News\" \/>\n\t<meta name=\"twitter:label2\" content=\"Est. tempo de leitura\" \/>\n\t<meta name=\"twitter:data2\" content=\"13 minutos\" \/>\n<script type=\"application\/ld+json\" class=\"yoast-schema-graph\">{\"@context\":\"https:\\\/\\\/schema.org\",\"@graph\":[{\"@type\":\"Article\",\"@id\":\"https:\\\/\\\/mrnews.com.br\\\/index.php\\\/2023\\\/12\\\/13\\\/mercado-da-bola-sampaoli-ou-carpini-veja-quem-o-santos-contratou-com-treinador-para-2024\\\/#article\",\"isPartOf\":{\"@id\":\"https:\\\/\\\/mrnews.com.br\\\/index.php\\\/2023\\\/12\\\/13\\\/mercado-da-bola-sampaoli-ou-carpini-veja-quem-o-santos-contratou-com-treinador-para-2024\\\/\"},\"author\":{\"name\":\"MR News\",\"@id\":\"https:\\\/\\\/mrnews.com.br\\\/#\\\/schema\\\/person\\\/be3203154562a9f207407861cef7827b\"},\"headline\":\"MERCADO DA BOLA &#8211; SAMPAOLI OU CARPINI? VEJA QUEM O SANTOS CONTRATOU COM TREINADOR PARA 2024\",\"datePublished\":\"2023-12-13T16:43:51+00:00\",\"dateModified\":\"2023-12-13T16:44:26+00:00\",\"mainEntityOfPage\":{\"@id\":\"https:\\\/\\\/mrnews.com.br\\\/index.php\\\/2023\\\/12\\\/13\\\/mercado-da-bola-sampaoli-ou-carpini-veja-quem-o-santos-contratou-com-treinador-para-2024\\\/\"},\"wordCount\":2451,\"commentCount\":0,\"publisher\":{\"@id\":\"https:\\\/\\\/mrnews.com.br\\\/#organization\"},\"image\":{\"@id\":\"https:\\\/\\\/mrnews.com.br\\\/index.php\\\/2023\\\/12\\\/13\\\/mercado-da-bola-sampaoli-ou-carpini-veja-quem-o-santos-contratou-com-treinador-para-2024\\\/#primaryimage\"},\"thumbnailUrl\":\"https:\\\/\\\/mrnews.com.br\\\/wp-content\\\/uploads\\\/2020\\\/01\\\/Santos-escudo.jpg\",\"articleSection\":[\"Athletico-PR\",\"Bahia\",\"Bahia\",\"Botafogo\",\"Campeonato brasileiro\",\"Corinthians\",\"Cruzeiro\",\"Cuiaba\",\"ESPORTES\",\"Esportes\",\"Flamengo\",\"Fortaleza\",\"Goi\u00e1s\",\"Gr\u00eamio\",\"Internacional\",\"Mercado da Bola\",\"Palmeiras\",\"Santos\",\"S\u00e3o Paulo\",\"VASCO\"],\"inLanguage\":\"pt-BR\",\"potentialAction\":[{\"@type\":\"CommentAction\",\"name\":\"Comment\",\"target\":[\"https:\\\/\\\/mrnews.com.br\\\/index.php\\\/2023\\\/12\\\/13\\\/mercado-da-bola-sampaoli-ou-carpini-veja-quem-o-santos-contratou-com-treinador-para-2024\\\/#respond\"]}]},{\"@type\":\"WebPage\",\"@id\":\"https:\\\/\\\/mrnews.com.br\\\/index.php\\\/2023\\\/12\\\/13\\\/mercado-da-bola-sampaoli-ou-carpini-veja-quem-o-santos-contratou-com-treinador-para-2024\\\/\",\"url\":\"https:\\\/\\\/mrnews.com.br\\\/index.php\\\/2023\\\/12\\\/13\\\/mercado-da-bola-sampaoli-ou-carpini-veja-quem-o-santos-contratou-com-treinador-para-2024\\\/\",\"name\":\"MERCADO DA BOLA - SAMPAOLI OU CARPINI? VEJA QUEM O SANTOS CONTRATOU COM TREINADOR PARA 2024\",\"isPartOf\":{\"@id\":\"https:\\\/\\\/mrnews.com.br\\\/#website\"},\"primaryImageOfPage\":{\"@id\":\"https:\\\/\\\/mrnews.com.br\\\/index.php\\\/2023\\\/12\\\/13\\\/mercado-da-bola-sampaoli-ou-carpini-veja-quem-o-santos-contratou-com-treinador-para-2024\\\/#primaryimage\"},\"image\":{\"@id\":\"https:\\\/\\\/mrnews.com.br\\\/index.php\\\/2023\\\/12\\\/13\\\/mercado-da-bola-sampaoli-ou-carpini-veja-quem-o-santos-contratou-com-treinador-para-2024\\\/#primaryimage\"},\"thumbnailUrl\":\"https:\\\/\\\/mrnews.com.br\\\/wp-content\\\/uploads\\\/2020\\\/01\\\/Santos-escudo.jpg\",\"datePublished\":\"2023-12-13T16:43:51+00:00\",\"dateModified\":\"2023-12-13T16:44:26+00:00\",\"breadcrumb\":{\"@id\":\"https:\\\/\\\/mrnews.com.br\\\/index.php\\\/2023\\\/12\\\/13\\\/mercado-da-bola-sampaoli-ou-carpini-veja-quem-o-santos-contratou-com-treinador-para-2024\\\/#breadcrumb\"},\"inLanguage\":\"pt-BR\",\"potentialAction\":[{\"@type\":\"ReadAction\",\"target\":[\"https:\\\/\\\/mrnews.com.br\\\/index.php\\\/2023\\\/12\\\/13\\\/mercado-da-bola-sampaoli-ou-carpini-veja-quem-o-santos-contratou-com-treinador-para-2024\\\/\"]}]},{\"@type\":\"ImageObject\",\"inLanguage\":\"pt-BR\",\"@id\":\"https:\\\/\\\/mrnews.com.br\\\/index.php\\\/2023\\\/12\\\/13\\\/mercado-da-bola-sampaoli-ou-carpini-veja-quem-o-santos-contratou-com-treinador-para-2024\\\/#primaryimage\",\"url\":\"https:\\\/\\\/mrnews.com.br\\\/wp-content\\\/uploads\\\/2020\\\/01\\\/Santos-escudo.jpg\",\"contentUrl\":\"https:\\\/\\\/mrnews.com.br\\\/wp-content\\\/uploads\\\/2020\\\/01\\\/Santos-escudo.jpg\",\"width\":1200,\"height\":720,\"caption\":\"Santos escudo\"},{\"@type\":\"BreadcrumbList\",\"@id\":\"https:\\\/\\\/mrnews.com.br\\\/index.php\\\/2023\\\/12\\\/13\\\/mercado-da-bola-sampaoli-ou-carpini-veja-quem-o-santos-contratou-com-treinador-para-2024\\\/#breadcrumb\",\"itemListElement\":[{\"@type\":\"ListItem\",\"position\":1,\"name\":\"In\u00edcio\",\"item\":\"https:\\\/\\\/mrnews.com.br\\\/\"},{\"@type\":\"ListItem\",\"position\":2,\"name\":\"MERCADO DA BOLA &#8211; SAMPAOLI OU CARPINI? VEJA QUEM O SANTOS CONTRATOU COM TREINADOR PARA 2024\"}]},{\"@type\":\"WebSite\",\"@id\":\"https:\\\/\\\/mrnews.com.br\\\/#website\",\"url\":\"https:\\\/\\\/mrnews.com.br\\\/\",\"name\":\"MRNews\",\"description\":\"MRNews Jogos de hoje da TV, transmiss\u00f5es ao vivo, Not\u00edcias de futebol, Jogos ao vivo, Lives, resumo de novelas, Programa\u00e7\u00e3o da Globo, A Fazenda e BBB\",\"publisher\":{\"@id\":\"https:\\\/\\\/mrnews.com.br\\\/#organization\"},\"potentialAction\":[{\"@type\":\"SearchAction\",\"target\":{\"@type\":\"EntryPoint\",\"urlTemplate\":\"https:\\\/\\\/mrnews.com.br\\\/?s={search_term_string}\"},\"query-input\":{\"@type\":\"PropertyValueSpecification\",\"valueRequired\":true,\"valueName\":\"search_term_string\"}}],\"inLanguage\":\"pt-BR\"},{\"@type\":\"Organization\",\"@id\":\"https:\\\/\\\/mrnews.com.br\\\/#organization\",\"name\":\"MRNews\",\"url\":\"https:\\\/\\\/mrnews.com.br\\\/\",\"logo\":{\"@type\":\"ImageObject\",\"inLanguage\":\"pt-BR\",\"@id\":\"https:\\\/\\\/mrnews.com.br\\\/#\\\/schema\\\/logo\\\/image\\\/\",\"url\":\"https:\\\/\\\/mrnews.com.br\\\/wp-content\\\/uploads\\\/2019\\\/06\\\/MRNewslogo2.png\",\"contentUrl\":\"https:\\\/\\\/mrnews.com.br\\\/wp-content\\\/uploads\\\/2019\\\/06\\\/MRNewslogo2.png\",\"width\":223,\"height\":58,\"caption\":\"MRNews\"},\"image\":{\"@id\":\"https:\\\/\\\/mrnews.com.br\\\/#\\\/schema\\\/logo\\\/image\\\/\"},\"sameAs\":[\"https:\\\/\\\/www.facebook.com\\\/eaipahpah\\\/?locale2=pt_BR\",\"https:\\\/\\\/x.com\\\/conspirou\",\"https:\\\/\\\/www.instagram.com\\\/eai_pahpah\",\"https:\\\/\\\/br.pinterest.com\\\/mrnewsn\\\/boards\\\/\",\"https:\\\/\\\/www.youtube.com\\\/channel\\\/UCacgnpznQ61fifLWr1tQ-vA?view_as=subscriber\"]},{\"@type\":\"Person\",\"@id\":\"https:\\\/\\\/mrnews.com.br\\\/#\\\/schema\\\/person\\\/be3203154562a9f207407861cef7827b\",\"name\":\"MR News\",\"image\":{\"@type\":\"ImageObject\",\"inLanguage\":\"pt-BR\",\"@id\":\"https:\\\/\\\/secure.gravatar.com\\\/avatar\\\/04084e6d73c042b8646e7c17b494073bf0ede3ea13c7105cfc45cbbbc28385a4?s=96&d=monsterid&r=g\",\"url\":\"https:\\\/\\\/secure.gravatar.com\\\/avatar\\\/04084e6d73c042b8646e7c17b494073bf0ede3ea13c7105cfc45cbbbc28385a4?s=96&d=monsterid&r=g\",\"contentUrl\":\"https:\\\/\\\/secure.gravatar.com\\\/avatar\\\/04084e6d73c042b8646e7c17b494073bf0ede3ea13c7105cfc45cbbbc28385a4?s=96&d=monsterid&r=g\",\"caption\":\"MR News\"},\"description\":\"Especializado em jornalismo colaborativo pela FTP em n\u00edvel de p\u00f3s-gradua\u00e7\u00e3o. suporte@oimeliga.combr\",\"sameAs\":[\"HUGO R.\",\"Admin\"],\"url\":\"https:\\\/\\\/mrnews.com.br\\\/index.php\\\/author\\\/admin\\\/\"}]}<\/script>\n<!-- \/ Yoast SEO plugin. -->","yoast_head_json":{"title":"MERCADO DA BOLA - SAMPAOLI OU CARPINI? VEJA QUEM O SANTOS CONTRATOU COM TREINADOR PARA 2024","robots":{"index":"index","follow":"follow","max-snippet":"max-snippet:-1","max-image-preview":"max-image-preview:large","max-video-preview":"max-video-preview:-1"},"canonical":"https:\/\/mrnews.com.br\/index.php\/2023\/12\/13\/mercado-da-bola-sampaoli-ou-carpini-veja-quem-o-santos-contratou-com-treinador-para-2024\/","og_locale":"pt_BR","og_type":"article","og_title":"MERCADO DA BOLA - SAMPAOLI OU CARPINI? VEJA QUEM O SANTOS CONTRATOU COM TREINADOR PARA 2024","og_description":"Rumores sobre a poss\u00edvel chegada de Sampaoli ao Santos em 2024 por fmrural.com.br O universo futebol\u00edstico do Santos Futebol Clube est\u00e1 repleto de especula\u00e7\u00f5es e expectativas \u00e0 medida que a gest\u00e3o de Marcelo Teixeira se prepara para a pr\u00f3xima temporada. Recentemente, surgiram murm\u00farios dentro do grupo de apoio do Presidente eleito, sugerindo a busca pela &hellip;","og_url":"https:\/\/mrnews.com.br\/index.php\/2023\/12\/13\/mercado-da-bola-sampaoli-ou-carpini-veja-quem-o-santos-contratou-com-treinador-para-2024\/","og_site_name":"MRNews","article_publisher":"https:\/\/www.facebook.com\/eaipahpah\/?locale2=pt_BR","article_published_time":"2023-12-13T16:43:51+00:00","article_modified_time":"2023-12-13T16:44:26+00:00","og_image":[{"width":1200,"height":720,"url":"https:\/\/mrnews.com.br\/wp-content\/uploads\/2020\/01\/Santos-escudo.jpg","type":"image\/jpeg"}],"author":"MR News","twitter_card":"summary_large_image","twitter_creator":"@conspirou","twitter_site":"@conspirou","twitter_misc":{"Escrito por":"MR News","Est. tempo de leitura":"13 minutos"},"schema":{"@context":"https:\/\/schema.org","@graph":[{"@type":"Article","@id":"https:\/\/mrnews.com.br\/index.php\/2023\/12\/13\/mercado-da-bola-sampaoli-ou-carpini-veja-quem-o-santos-contratou-com-treinador-para-2024\/#article","isPartOf":{"@id":"https:\/\/mrnews.com.br\/index.php\/2023\/12\/13\/mercado-da-bola-sampaoli-ou-carpini-veja-quem-o-santos-contratou-com-treinador-para-2024\/"},"author":{"name":"MR News","@id":"https:\/\/mrnews.com.br\/#\/schema\/person\/be3203154562a9f207407861cef7827b"},"headline":"MERCADO DA BOLA &#8211; SAMPAOLI OU CARPINI? VEJA QUEM O SANTOS CONTRATOU COM TREINADOR PARA 2024","datePublished":"2023-12-13T16:43:51+00:00","dateModified":"2023-12-13T16:44:26+00:00","mainEntityOfPage":{"@id":"https:\/\/mrnews.com.br\/index.php\/2023\/12\/13\/mercado-da-bola-sampaoli-ou-carpini-veja-quem-o-santos-contratou-com-treinador-para-2024\/"},"wordCount":2451,"commentCount":0,"publisher":{"@id":"https:\/\/mrnews.com.br\/#organization"},"image":{"@id":"https:\/\/mrnews.com.br\/index.php\/2023\/12\/13\/mercado-da-bola-sampaoli-ou-carpini-veja-quem-o-santos-contratou-com-treinador-para-2024\/#primaryimage"},"thumbnailUrl":"https:\/\/mrnews.com.br\/wp-content\/uploads\/2020\/01\/Santos-escudo.jpg","articleSection":["Athletico-PR","Bahia","Bahia","Botafogo","Campeonato brasileiro","Corinthians","Cruzeiro","Cuiaba","ESPORTES","Esportes","Flamengo","Fortaleza","Goi\u00e1s","Gr\u00eamio","Internacional","Mercado da Bola","Palmeiras","Santos","S\u00e3o Paulo","VASCO"],"inLanguage":"pt-BR","potentialAction":[{"@type":"CommentAction","name":"Comment","target":["https:\/\/mrnews.com.br\/index.php\/2023\/12\/13\/mercado-da-bola-sampaoli-ou-carpini-veja-quem-o-santos-contratou-com-treinador-para-2024\/#respond"]}]},{"@type":"WebPage","@id":"https:\/\/mrnews.com.br\/index.php\/2023\/12\/13\/mercado-da-bola-sampaoli-ou-carpini-veja-quem-o-santos-contratou-com-treinador-para-2024\/","url":"https:\/\/mrnews.com.br\/index.php\/2023\/12\/13\/mercado-da-bola-sampaoli-ou-carpini-veja-quem-o-santos-contratou-com-treinador-para-2024\/","name":"MERCADO DA BOLA - SAMPAOLI OU CARPINI? VEJA QUEM O SANTOS CONTRATOU COM TREINADOR PARA 2024","isPartOf":{"@id":"https:\/\/mrnews.com.br\/#website"},"primaryImageOfPage":{"@id":"https:\/\/mrnews.com.br\/index.php\/2023\/12\/13\/mercado-da-bola-sampaoli-ou-carpini-veja-quem-o-santos-contratou-com-treinador-para-2024\/#primaryimage"},"image":{"@id":"https:\/\/mrnews.com.br\/index.php\/2023\/12\/13\/mercado-da-bola-sampaoli-ou-carpini-veja-quem-o-santos-contratou-com-treinador-para-2024\/#primaryimage"},"thumbnailUrl":"https:\/\/mrnews.com.br\/wp-content\/uploads\/2020\/01\/Santos-escudo.jpg","datePublished":"2023-12-13T16:43:51+00:00","dateModified":"2023-12-13T16:44:26+00:00","breadcrumb":{"@id":"https:\/\/mrnews.com.br\/index.php\/2023\/12\/13\/mercado-da-bola-sampaoli-ou-carpini-veja-quem-o-santos-contratou-com-treinador-para-2024\/#breadcrumb"},"inLanguage":"pt-BR","potentialAction":[{"@type":"ReadAction","target":["https:\/\/mrnews.com.br\/index.php\/2023\/12\/13\/mercado-da-bola-sampaoli-ou-carpini-veja-quem-o-santos-contratou-com-treinador-para-2024\/"]}]},{"@type":"ImageObject","inLanguage":"pt-BR","@id":"https:\/\/mrnews.com.br\/index.php\/2023\/12\/13\/mercado-da-bola-sampaoli-ou-carpini-veja-quem-o-santos-contratou-com-treinador-para-2024\/#primaryimage","url":"https:\/\/mrnews.com.br\/wp-content\/uploads\/2020\/01\/Santos-escudo.jpg","contentUrl":"https:\/\/mrnews.com.br\/wp-content\/uploads\/2020\/01\/Santos-escudo.jpg","width":1200,"height":720,"caption":"Santos escudo"},{"@type":"BreadcrumbList","@id":"https:\/\/mrnews.com.br\/index.php\/2023\/12\/13\/mercado-da-bola-sampaoli-ou-carpini-veja-quem-o-santos-contratou-com-treinador-para-2024\/#breadcrumb","itemListElement":[{"@type":"ListItem","position":1,"name":"In\u00edcio","item":"https:\/\/mrnews.com.br\/"},{"@type":"ListItem","position":2,"name":"MERCADO DA BOLA &#8211; SAMPAOLI OU CARPINI? VEJA QUEM O SANTOS CONTRATOU COM TREINADOR PARA 2024"}]},{"@type":"WebSite","@id":"https:\/\/mrnews.com.br\/#website","url":"https:\/\/mrnews.com.br\/","name":"MRNews","description":"MRNews Jogos de hoje da TV, transmiss\u00f5es ao vivo, Not\u00edcias de futebol, Jogos ao vivo, Lives, resumo de novelas, Programa\u00e7\u00e3o da Globo, A Fazenda e BBB","publisher":{"@id":"https:\/\/mrnews.com.br\/#organization"},"potentialAction":[{"@type":"SearchAction","target":{"@type":"EntryPoint","urlTemplate":"https:\/\/mrnews.com.br\/?s={search_term_string}"},"query-input":{"@type":"PropertyValueSpecification","valueRequired":true,"valueName":"search_term_string"}}],"inLanguage":"pt-BR"},{"@type":"Organization","@id":"https:\/\/mrnews.com.br\/#organization","name":"MRNews","url":"https:\/\/mrnews.com.br\/","logo":{"@type":"ImageObject","inLanguage":"pt-BR","@id":"https:\/\/mrnews.com.br\/#\/schema\/logo\/image\/","url":"https:\/\/mrnews.com.br\/wp-content\/uploads\/2019\/06\/MRNewslogo2.png","contentUrl":"https:\/\/mrnews.com.br\/wp-content\/uploads\/2019\/06\/MRNewslogo2.png","width":223,"height":58,"caption":"MRNews"},"image":{"@id":"https:\/\/mrnews.com.br\/#\/schema\/logo\/image\/"},"sameAs":["https:\/\/www.facebook.com\/eaipahpah\/?locale2=pt_BR","https:\/\/x.com\/conspirou","https:\/\/www.instagram.com\/eai_pahpah","https:\/\/br.pinterest.com\/mrnewsn\/boards\/","https:\/\/www.youtube.com\/channel\/UCacgnpznQ61fifLWr1tQ-vA?view_as=subscriber"]},{"@type":"Person","@id":"https:\/\/mrnews.com.br\/#\/schema\/person\/be3203154562a9f207407861cef7827b","name":"MR News","image":{"@type":"ImageObject","inLanguage":"pt-BR","@id":"https:\/\/secure.gravatar.com\/avatar\/04084e6d73c042b8646e7c17b494073bf0ede3ea13c7105cfc45cbbbc28385a4?s=96&d=monsterid&r=g","url":"https:\/\/secure.gravatar.com\/avatar\/04084e6d73c042b8646e7c17b494073bf0ede3ea13c7105cfc45cbbbc28385a4?s=96&d=monsterid&r=g","contentUrl":"https:\/\/secure.gravatar.com\/avatar\/04084e6d73c042b8646e7c17b494073bf0ede3ea13c7105cfc45cbbbc28385a4?s=96&d=monsterid&r=g","caption":"MR News"},"description":"Especializado em jornalismo colaborativo pela FTP em n\u00edvel de p\u00f3s-gradua\u00e7\u00e3o. suporte@oimeliga.combr","sameAs":["HUGO R.","Admin"],"url":"https:\/\/mrnews.com.br\/index.php\/author\/admin\/"}]}},"jetpack_featured_media_url":"https:\/\/mrnews.com.br\/wp-content\/uploads\/2020\/01\/Santos-escudo.jpg","jetpack_sharing_enabled":true,"jetpack_shortlink":"https:\/\/wp.me\/pa2Qf7-1I7G","amp_enabled":true,"_links":{"self":[{"href":"https:\/\/mrnews.com.br\/index.php\/wp-json\/wp\/v2\/posts\/407940","targetHints":{"allow":["GET"]}}],"collection":[{"href":"https:\/\/mrnews.com.br\/index.php\/wp-json\/wp\/v2\/posts"}],"about":[{"href":"https:\/\/mrnews.com.br\/index.php\/wp-json\/wp\/v2\/types\/post"}],"author":[{"embeddable":true,"href":"https:\/\/mrnews.com.br\/index.php\/wp-json\/wp\/v2\/users\/1"}],"replies":[{"embeddable":true,"href":"https:\/\/mrnews.com.br\/index.php\/wp-json\/wp\/v2\/comments?post=407940"}],"version-history":[{"count":1,"href":"https:\/\/mrnews.com.br\/index.php\/wp-json\/wp\/v2\/posts\/407940\/revisions"}],"predecessor-version":[{"id":407942,"href":"https:\/\/mrnews.com.br\/index.php\/wp-json\/wp\/v2\/posts\/407940\/revisions\/407942"}],"wp:featuredmedia":[{"embeddable":true,"href":"https:\/\/mrnews.com.br\/index.php\/wp-json\/wp\/v2\/media\/12209"}],"wp:attachment":[{"href":"https:\/\/mrnews.com.br\/index.php\/wp-json\/wp\/v2\/media?parent=407940"}],"wp:term":[{"taxonomy":"category","embeddable":true,"href":"https:\/\/mrnews.com.br\/index.php\/wp-json\/wp\/v2\/categories?post=407940"},{"taxonomy":"post_tag","embeddable":true,"href":"https:\/\/mrnews.com.br\/index.php\/wp-json\/wp\/v2\/tags?post=407940"}],"curies":[{"name":"wp","href":"https:\/\/api.w.org\/{rel}","templated":true}]}}