{"id":408104,"date":"2023-12-16T14:58:58","date_gmt":"2023-12-16T17:58:58","guid":{"rendered":"https:\/\/mrnews.com.br\/?p=408104"},"modified":"2023-12-16T15:00:15","modified_gmt":"2023-12-16T18:00:15","slug":"vasco-corre-risco-de-rebaixamento-por-suposta-escalacao-irregular-de-rossi","status":"publish","type":"post","link":"https:\/\/mrnews.com.br\/index.php\/2023\/12\/16\/vasco-corre-risco-de-rebaixamento-por-suposta-escalacao-irregular-de-rossi\/","title":{"rendered":"Vasco Corre Risco de Rebaixamento por Suposta Escala\u00e7\u00e3o Irregular de Rossi?"},"content":{"rendered":"<p>Rumores: Vasco Corre Risco de Rebaixamento por Suposta Escala\u00e7\u00e3o Irregular de Rossi?<\/p>\n<p>Com o t\u00e9rmino do Campeonato Brasileiro, surgiram boatos nas redes sociais sobre o Vasco da Gama enfrentar uma penaliza\u00e7\u00e3o de seis pontos e o risco de rebaixamento devido \u00e0 suposta escala\u00e7\u00e3o irregular de Rossi. Contudo, uma an\u00e1lise cuidadosa dos fatos revela que essas alega\u00e7\u00f5es carecem de fundamentos s\u00f3lidos.<\/p>\n<p>1. <strong>Rebaixamento do Vasco<\/strong>:<\/p>\n<p>N\u00e3o h\u00e1 evid\u00eancias confi\u00e1veis que respaldem a afirma\u00e7\u00e3o de um poss\u00edvel rebaixamento do Vasco para a S\u00e9rie B. Nenhuma den\u00fancia foi apresentada no Superior Tribunal de Justi\u00e7a Desportiva (STJD), desacreditando a veracidade dessa informa\u00e7\u00e3o.<\/p>\n<p>2. <strong>Escala\u00e7\u00e3o Irregular de Rossi<\/strong>: N\u00e3o existem informa\u00e7\u00f5es ver\u00eddicas sobre a escala\u00e7\u00e3o irregular de Rossi no confronto contra o Cruzeiro. Apesar de sua participa\u00e7\u00e3o na partida, n\u00e3o h\u00e1 ind\u00edcios de infra\u00e7\u00f5es \u00e0s regras de escalamento, enfraquecendo as especula\u00e7\u00f5es em torno desse aspecto.<\/p>\n<p>3. <strong>Motiva\u00e7\u00e3o para Compartilhamento<\/strong>: A dissemina\u00e7\u00e3o desses rumores parece ser impulsionada pelo desejo de sensacionalismo e entretenimento. Prints e vers\u00f5es compartilhadas na internet parecem ser cria\u00e7\u00f5es fict\u00edcias, alimentando o clima de zoeira e especula\u00e7\u00e3o.<\/p>\n<p>4. <strong>Desempenho do Vasco na Temporada<\/strong>: Apesar dos rumores infundados que circularam ap\u00f3s o encerramento do Campeonato Brasileiro, \u00e9 crucial reconhecer o desempenho geral do Vasco na temporada. O clube enfrentou desafios significativos, demonstrando resili\u00eancia e competitividade em diversas partidas. Os torcedores devem concentrar-se nos esfor\u00e7os da equipe e aguardar com otimismo as perspectivas para a pr\u00f3xima temporada, em vez de serem influenciados por not\u00edcias falsas que possam abalar a confian\u00e7a na trajet\u00f3ria do time.<\/p>\n<p>5. <strong>Perspectivas Futuras e Unidade da Torcida<\/strong>: \u00c0 medida que o Vasco da Gama se prepara para os desafios futuros, a uni\u00e3o da torcida desempenha um papel vital. A paix\u00e3o e o apoio inabal\u00e1vel dos torcedores s\u00e3o ativos valiosos para o clube. Neste momento, \u00e9 essencial que a comunidade vasca\u00edna permane\u00e7a unida, oferecendo suporte aos jogadores e \u00e0 equipe t\u00e9cnica. A supera\u00e7\u00e3o de adversidades, tanto dentro quanto fora de campo, fortalece os la\u00e7os entre os torcedores e contribui para a constru\u00e7\u00e3o de um futuro promissor para o Vasco no cen\u00e1rio esportivo brasileiro.<\/p>\n<p>&nbsp;<\/p>\n<p>Em conclus\u00e3o, a not\u00edcia de que o Vasco perder\u00e1 seis pontos e ser\u00e1 rebaixado \u00e9 categoricamente falsa. Torcedores podem ficar tranquilos, pois n\u00e3o h\u00e1 base factual para essa afirma\u00e7\u00e3o. Este epis\u00f3dio destaca a import\u00e2ncia de verificar fontes confi\u00e1veis antes de acreditar e compartilhar informa\u00e7\u00f5es relacionadas ao futebol, refor\u00e7ando a necessidade de discernimento diante de boatos infundados.<\/p>\n<p>&nbsp;<\/p>\n","protected":false},"excerpt":{"rendered":"<p>Rumores: Vasco Corre Risco de Rebaixamento por Suposta Escala\u00e7\u00e3o Irregular de Rossi? Com o t\u00e9rmino do Campeonato Brasileiro, surgiram boatos nas redes sociais sobre o Vasco da Gama enfrentar uma penaliza\u00e7\u00e3o de seis pontos e o risco de rebaixamento devido \u00e0 suposta escala\u00e7\u00e3o irregular de Rossi. Contudo, uma an\u00e1lise cuidadosa dos fatos revela que essas &hellip;<\/p>\n","protected":false},"author":1,"featured_media":408080,"comment_status":"open","ping_status":"open","sticky":false,"template":"","format":"standard","meta":{"_jetpack_newsletter_access":"","_jetpack_dont_email_post_to_subs":false,"_jetpack_newsletter_tier_id":0,"_jetpack_memberships_contains_paywalled_content":false,"_jetpack_feature_clip_id":0,"_jetpack_memberships_contains_paid_content":false,"footnotes":"","jetpack_post_was_ever_published":false},"categories":[3,4587,9600],"tags":[],"class_list":["post-408104","post","type-post","status-publish","format-standard","has-post-thumbnail","hentry","category-esportes1","category-esportes","category-vasco"],"yoast_head":"<!-- This site is optimized with the Yoast SEO plugin v28.4 - https:\/\/yoast.com\/product\/yoast-seo-wordpress\/ -->\n<title>Vasco Corre Risco de Rebaixamento por Suposta Escala\u00e7\u00e3o Irregular de Rossi?<\/title>\n<meta name=\"robots\" content=\"index, follow, max-snippet:-1, max-image-preview:large, max-video-preview:-1\" \/>\n<link rel=\"canonical\" href=\"https:\/\/mrnews.com.br\/index.php\/2023\/12\/16\/vasco-corre-risco-de-rebaixamento-por-suposta-escalacao-irregular-de-rossi\/\" \/>\n<meta property=\"og:locale\" content=\"pt_BR\" \/>\n<meta property=\"og:type\" content=\"article\" \/>\n<meta property=\"og:title\" content=\"Vasco Corre Risco de Rebaixamento por Suposta Escala\u00e7\u00e3o Irregular de Rossi?\" \/>\n<meta property=\"og:description\" content=\"Rumores: Vasco Corre Risco de Rebaixamento por Suposta Escala\u00e7\u00e3o Irregular de Rossi? Com o t\u00e9rmino do Campeonato Brasileiro, surgiram boatos nas redes sociais sobre o Vasco da Gama enfrentar uma penaliza\u00e7\u00e3o de seis pontos e o risco de rebaixamento devido \u00e0 suposta escala\u00e7\u00e3o irregular de Rossi. Contudo, uma an\u00e1lise cuidadosa dos fatos revela que essas &hellip;\" \/>\n<meta property=\"og:url\" content=\"https:\/\/mrnews.com.br\/index.php\/2023\/12\/16\/vasco-corre-risco-de-rebaixamento-por-suposta-escalacao-irregular-de-rossi\/\" \/>\n<meta property=\"og:site_name\" content=\"MRNews\" \/>\n<meta property=\"article:publisher\" content=\"https:\/\/www.facebook.com\/eaipahpah\/?locale2=pt_BR\" \/>\n<meta property=\"article:published_time\" content=\"2023-12-16T17:58:58+00:00\" \/>\n<meta property=\"article:modified_time\" content=\"2023-12-16T18:00:15+00:00\" \/>\n<meta property=\"og:image\" content=\"https:\/\/mrnews.com.br\/wp-content\/uploads\/2023\/12\/Screenshot_20231216_103956_Instagram.jpg\" \/>\n\t<meta property=\"og:image:width\" content=\"1079\" \/>\n\t<meta property=\"og:image:height\" content=\"720\" \/>\n\t<meta property=\"og:image:type\" content=\"image\/jpeg\" \/>\n<meta name=\"author\" content=\"MR News\" \/>\n<meta name=\"twitter:card\" content=\"summary_large_image\" \/>\n<meta name=\"twitter:creator\" content=\"@conspirou\" \/>\n<meta name=\"twitter:site\" content=\"@conspirou\" \/>\n<meta name=\"twitter:label1\" content=\"Escrito por\" \/>\n\t<meta name=\"twitter:data1\" content=\"MR News\" \/>\n\t<meta name=\"twitter:label2\" content=\"Est. tempo de leitura\" \/>\n\t<meta name=\"twitter:data2\" content=\"3 minutos\" \/>\n<script type=\"application\/ld+json\" class=\"yoast-schema-graph\">{\"@context\":\"https:\\\/\\\/schema.org\",\"@graph\":[{\"@type\":\"Article\",\"@id\":\"https:\\\/\\\/mrnews.com.br\\\/index.php\\\/2023\\\/12\\\/16\\\/vasco-corre-risco-de-rebaixamento-por-suposta-escalacao-irregular-de-rossi\\\/#article\",\"isPartOf\":{\"@id\":\"https:\\\/\\\/mrnews.com.br\\\/index.php\\\/2023\\\/12\\\/16\\\/vasco-corre-risco-de-rebaixamento-por-suposta-escalacao-irregular-de-rossi\\\/\"},\"author\":{\"name\":\"MR News\",\"@id\":\"https:\\\/\\\/mrnews.com.br\\\/#\\\/schema\\\/person\\\/be3203154562a9f207407861cef7827b\"},\"headline\":\"Vasco Corre Risco de Rebaixamento por Suposta Escala\u00e7\u00e3o Irregular de Rossi?\",\"datePublished\":\"2023-12-16T17:58:58+00:00\",\"dateModified\":\"2023-12-16T18:00:15+00:00\",\"mainEntityOfPage\":{\"@id\":\"https:\\\/\\\/mrnews.com.br\\\/index.php\\\/2023\\\/12\\\/16\\\/vasco-corre-risco-de-rebaixamento-por-suposta-escalacao-irregular-de-rossi\\\/\"},\"wordCount\":459,\"commentCount\":0,\"publisher\":{\"@id\":\"https:\\\/\\\/mrnews.com.br\\\/#organization\"},\"image\":{\"@id\":\"https:\\\/\\\/mrnews.com.br\\\/index.php\\\/2023\\\/12\\\/16\\\/vasco-corre-risco-de-rebaixamento-por-suposta-escalacao-irregular-de-rossi\\\/#primaryimage\"},\"thumbnailUrl\":\"https:\\\/\\\/mrnews.com.br\\\/wp-content\\\/uploads\\\/2023\\\/12\\\/Screenshot_20231216_103956_Instagram.jpg\",\"articleSection\":[\"ESPORTES\",\"Esportes\",\"VASCO\"],\"inLanguage\":\"pt-BR\",\"potentialAction\":[{\"@type\":\"CommentAction\",\"name\":\"Comment\",\"target\":[\"https:\\\/\\\/mrnews.com.br\\\/index.php\\\/2023\\\/12\\\/16\\\/vasco-corre-risco-de-rebaixamento-por-suposta-escalacao-irregular-de-rossi\\\/#respond\"]}]},{\"@type\":\"WebPage\",\"@id\":\"https:\\\/\\\/mrnews.com.br\\\/index.php\\\/2023\\\/12\\\/16\\\/vasco-corre-risco-de-rebaixamento-por-suposta-escalacao-irregular-de-rossi\\\/\",\"url\":\"https:\\\/\\\/mrnews.com.br\\\/index.php\\\/2023\\\/12\\\/16\\\/vasco-corre-risco-de-rebaixamento-por-suposta-escalacao-irregular-de-rossi\\\/\",\"name\":\"Vasco Corre Risco de Rebaixamento por Suposta Escala\u00e7\u00e3o Irregular de Rossi?\",\"isPartOf\":{\"@id\":\"https:\\\/\\\/mrnews.com.br\\\/#website\"},\"primaryImageOfPage\":{\"@id\":\"https:\\\/\\\/mrnews.com.br\\\/index.php\\\/2023\\\/12\\\/16\\\/vasco-corre-risco-de-rebaixamento-por-suposta-escalacao-irregular-de-rossi\\\/#primaryimage\"},\"image\":{\"@id\":\"https:\\\/\\\/mrnews.com.br\\\/index.php\\\/2023\\\/12\\\/16\\\/vasco-corre-risco-de-rebaixamento-por-suposta-escalacao-irregular-de-rossi\\\/#primaryimage\"},\"thumbnailUrl\":\"https:\\\/\\\/mrnews.com.br\\\/wp-content\\\/uploads\\\/2023\\\/12\\\/Screenshot_20231216_103956_Instagram.jpg\",\"datePublished\":\"2023-12-16T17:58:58+00:00\",\"dateModified\":\"2023-12-16T18:00:15+00:00\",\"breadcrumb\":{\"@id\":\"https:\\\/\\\/mrnews.com.br\\\/index.php\\\/2023\\\/12\\\/16\\\/vasco-corre-risco-de-rebaixamento-por-suposta-escalacao-irregular-de-rossi\\\/#breadcrumb\"},\"inLanguage\":\"pt-BR\",\"potentialAction\":[{\"@type\":\"ReadAction\",\"target\":[\"https:\\\/\\\/mrnews.com.br\\\/index.php\\\/2023\\\/12\\\/16\\\/vasco-corre-risco-de-rebaixamento-por-suposta-escalacao-irregular-de-rossi\\\/\"]}]},{\"@type\":\"ImageObject\",\"inLanguage\":\"pt-BR\",\"@id\":\"https:\\\/\\\/mrnews.com.br\\\/index.php\\\/2023\\\/12\\\/16\\\/vasco-corre-risco-de-rebaixamento-por-suposta-escalacao-irregular-de-rossi\\\/#primaryimage\",\"url\":\"https:\\\/\\\/mrnews.com.br\\\/wp-content\\\/uploads\\\/2023\\\/12\\\/Screenshot_20231216_103956_Instagram.jpg\",\"contentUrl\":\"https:\\\/\\\/mrnews.com.br\\\/wp-content\\\/uploads\\\/2023\\\/12\\\/Screenshot_20231216_103956_Instagram.jpg\",\"width\":1079,\"height\":720},{\"@type\":\"BreadcrumbList\",\"@id\":\"https:\\\/\\\/mrnews.com.br\\\/index.php\\\/2023\\\/12\\\/16\\\/vasco-corre-risco-de-rebaixamento-por-suposta-escalacao-irregular-de-rossi\\\/#breadcrumb\",\"itemListElement\":[{\"@type\":\"ListItem\",\"position\":1,\"name\":\"In\u00edcio\",\"item\":\"https:\\\/\\\/mrnews.com.br\\\/\"},{\"@type\":\"ListItem\",\"position\":2,\"name\":\"Vasco Corre Risco de Rebaixamento por Suposta Escala\u00e7\u00e3o Irregular de Rossi?\"}]},{\"@type\":\"WebSite\",\"@id\":\"https:\\\/\\\/mrnews.com.br\\\/#website\",\"url\":\"https:\\\/\\\/mrnews.com.br\\\/\",\"name\":\"MRNews\",\"description\":\"MRNews Jogos de hoje da TV, transmiss\u00f5es ao vivo, Not\u00edcias de futebol, Jogos ao vivo, Lives, resumo de novelas, Programa\u00e7\u00e3o da Globo, A Fazenda e BBB\",\"publisher\":{\"@id\":\"https:\\\/\\\/mrnews.com.br\\\/#organization\"},\"potentialAction\":[{\"@type\":\"SearchAction\",\"target\":{\"@type\":\"EntryPoint\",\"urlTemplate\":\"https:\\\/\\\/mrnews.com.br\\\/?s={search_term_string}\"},\"query-input\":{\"@type\":\"PropertyValueSpecification\",\"valueRequired\":true,\"valueName\":\"search_term_string\"}}],\"inLanguage\":\"pt-BR\"},{\"@type\":\"Organization\",\"@id\":\"https:\\\/\\\/mrnews.com.br\\\/#organization\",\"name\":\"MRNews\",\"url\":\"https:\\\/\\\/mrnews.com.br\\\/\",\"logo\":{\"@type\":\"ImageObject\",\"inLanguage\":\"pt-BR\",\"@id\":\"https:\\\/\\\/mrnews.com.br\\\/#\\\/schema\\\/logo\\\/image\\\/\",\"url\":\"https:\\\/\\\/mrnews.com.br\\\/wp-content\\\/uploads\\\/2026\\\/08\\\/MRNEws.png\",\"contentUrl\":\"https:\\\/\\\/mrnews.com.br\\\/wp-content\\\/uploads\\\/2026\\\/08\\\/MRNEws.png\",\"width\":1254,\"height\":1254,\"caption\":\"MRNews\"},\"image\":{\"@id\":\"https:\\\/\\\/mrnews.com.br\\\/#\\\/schema\\\/logo\\\/image\\\/\"},\"sameAs\":[\"https:\\\/\\\/www.facebook.com\\\/eaipahpah\\\/?locale2=pt_BR\",\"https:\\\/\\\/x.com\\\/conspirou\",\"https:\\\/\\\/www.instagram.com\\\/eai_pahpah\",\"https:\\\/\\\/br.pinterest.com\\\/mrnewsn\\\/boards\\\/\",\"https:\\\/\\\/www.youtube.com\\\/channel\\\/UCacgnpznQ61fifLWr1tQ-vA?view_as=subscriber\"]},{\"@type\":\"Person\",\"@id\":\"https:\\\/\\\/mrnews.com.br\\\/#\\\/schema\\\/person\\\/be3203154562a9f207407861cef7827b\",\"name\":\"MR News\",\"image\":{\"@type\":\"ImageObject\",\"inLanguage\":\"pt-BR\",\"@id\":\"https:\\\/\\\/secure.gravatar.com\\\/avatar\\\/04084e6d73c042b8646e7c17b494073bf0ede3ea13c7105cfc45cbbbc28385a4?s=96&d=monsterid&r=g\",\"url\":\"https:\\\/\\\/secure.gravatar.com\\\/avatar\\\/04084e6d73c042b8646e7c17b494073bf0ede3ea13c7105cfc45cbbbc28385a4?s=96&d=monsterid&r=g\",\"contentUrl\":\"https:\\\/\\\/secure.gravatar.com\\\/avatar\\\/04084e6d73c042b8646e7c17b494073bf0ede3ea13c7105cfc45cbbbc28385a4?s=96&d=monsterid&r=g\",\"caption\":\"MR News\"},\"description\":\"Especializado em jornalismo colaborativo pela FTP em n\u00edvel de p\u00f3s-gradua\u00e7\u00e3o. suporte@oimeliga.combr\",\"sameAs\":[\"HUGO R.\",\"Admin\"],\"url\":\"https:\\\/\\\/mrnews.com.br\\\/index.php\\\/author\\\/admin\\\/\"}]}<\/script>\n<!-- \/ Yoast SEO plugin. -->","yoast_head_json":{"title":"Vasco Corre Risco de Rebaixamento por Suposta Escala\u00e7\u00e3o Irregular de Rossi?","robots":{"index":"index","follow":"follow","max-snippet":"max-snippet:-1","max-image-preview":"max-image-preview:large","max-video-preview":"max-video-preview:-1"},"canonical":"https:\/\/mrnews.com.br\/index.php\/2023\/12\/16\/vasco-corre-risco-de-rebaixamento-por-suposta-escalacao-irregular-de-rossi\/","og_locale":"pt_BR","og_type":"article","og_title":"Vasco Corre Risco de Rebaixamento por Suposta Escala\u00e7\u00e3o Irregular de Rossi?","og_description":"Rumores: Vasco Corre Risco de Rebaixamento por Suposta Escala\u00e7\u00e3o Irregular de Rossi? Com o t\u00e9rmino do Campeonato Brasileiro, surgiram boatos nas redes sociais sobre o Vasco da Gama enfrentar uma penaliza\u00e7\u00e3o de seis pontos e o risco de rebaixamento devido \u00e0 suposta escala\u00e7\u00e3o irregular de Rossi. Contudo, uma an\u00e1lise cuidadosa dos fatos revela que essas &hellip;","og_url":"https:\/\/mrnews.com.br\/index.php\/2023\/12\/16\/vasco-corre-risco-de-rebaixamento-por-suposta-escalacao-irregular-de-rossi\/","og_site_name":"MRNews","article_publisher":"https:\/\/www.facebook.com\/eaipahpah\/?locale2=pt_BR","article_published_time":"2023-12-16T17:58:58+00:00","article_modified_time":"2023-12-16T18:00:15+00:00","og_image":[{"width":1079,"height":720,"url":"https:\/\/mrnews.com.br\/wp-content\/uploads\/2023\/12\/Screenshot_20231216_103956_Instagram.jpg","type":"image\/jpeg"}],"author":"MR News","twitter_card":"summary_large_image","twitter_creator":"@conspirou","twitter_site":"@conspirou","twitter_misc":{"Escrito por":"MR News","Est. tempo de leitura":"3 minutos"},"schema":{"@context":"https:\/\/schema.org","@graph":[{"@type":"Article","@id":"https:\/\/mrnews.com.br\/index.php\/2023\/12\/16\/vasco-corre-risco-de-rebaixamento-por-suposta-escalacao-irregular-de-rossi\/#article","isPartOf":{"@id":"https:\/\/mrnews.com.br\/index.php\/2023\/12\/16\/vasco-corre-risco-de-rebaixamento-por-suposta-escalacao-irregular-de-rossi\/"},"author":{"name":"MR News","@id":"https:\/\/mrnews.com.br\/#\/schema\/person\/be3203154562a9f207407861cef7827b"},"headline":"Vasco Corre Risco de Rebaixamento por Suposta Escala\u00e7\u00e3o Irregular de Rossi?","datePublished":"2023-12-16T17:58:58+00:00","dateModified":"2023-12-16T18:00:15+00:00","mainEntityOfPage":{"@id":"https:\/\/mrnews.com.br\/index.php\/2023\/12\/16\/vasco-corre-risco-de-rebaixamento-por-suposta-escalacao-irregular-de-rossi\/"},"wordCount":459,"commentCount":0,"publisher":{"@id":"https:\/\/mrnews.com.br\/#organization"},"image":{"@id":"https:\/\/mrnews.com.br\/index.php\/2023\/12\/16\/vasco-corre-risco-de-rebaixamento-por-suposta-escalacao-irregular-de-rossi\/#primaryimage"},"thumbnailUrl":"https:\/\/mrnews.com.br\/wp-content\/uploads\/2023\/12\/Screenshot_20231216_103956_Instagram.jpg","articleSection":["ESPORTES","Esportes","VASCO"],"inLanguage":"pt-BR","potentialAction":[{"@type":"CommentAction","name":"Comment","target":["https:\/\/mrnews.com.br\/index.php\/2023\/12\/16\/vasco-corre-risco-de-rebaixamento-por-suposta-escalacao-irregular-de-rossi\/#respond"]}]},{"@type":"WebPage","@id":"https:\/\/mrnews.com.br\/index.php\/2023\/12\/16\/vasco-corre-risco-de-rebaixamento-por-suposta-escalacao-irregular-de-rossi\/","url":"https:\/\/mrnews.com.br\/index.php\/2023\/12\/16\/vasco-corre-risco-de-rebaixamento-por-suposta-escalacao-irregular-de-rossi\/","name":"Vasco Corre Risco de Rebaixamento por Suposta Escala\u00e7\u00e3o Irregular de Rossi?","isPartOf":{"@id":"https:\/\/mrnews.com.br\/#website"},"primaryImageOfPage":{"@id":"https:\/\/mrnews.com.br\/index.php\/2023\/12\/16\/vasco-corre-risco-de-rebaixamento-por-suposta-escalacao-irregular-de-rossi\/#primaryimage"},"image":{"@id":"https:\/\/mrnews.com.br\/index.php\/2023\/12\/16\/vasco-corre-risco-de-rebaixamento-por-suposta-escalacao-irregular-de-rossi\/#primaryimage"},"thumbnailUrl":"https:\/\/mrnews.com.br\/wp-content\/uploads\/2023\/12\/Screenshot_20231216_103956_Instagram.jpg","datePublished":"2023-12-16T17:58:58+00:00","dateModified":"2023-12-16T18:00:15+00:00","breadcrumb":{"@id":"https:\/\/mrnews.com.br\/index.php\/2023\/12\/16\/vasco-corre-risco-de-rebaixamento-por-suposta-escalacao-irregular-de-rossi\/#breadcrumb"},"inLanguage":"pt-BR","potentialAction":[{"@type":"ReadAction","target":["https:\/\/mrnews.com.br\/index.php\/2023\/12\/16\/vasco-corre-risco-de-rebaixamento-por-suposta-escalacao-irregular-de-rossi\/"]}]},{"@type":"ImageObject","inLanguage":"pt-BR","@id":"https:\/\/mrnews.com.br\/index.php\/2023\/12\/16\/vasco-corre-risco-de-rebaixamento-por-suposta-escalacao-irregular-de-rossi\/#primaryimage","url":"https:\/\/mrnews.com.br\/wp-content\/uploads\/2023\/12\/Screenshot_20231216_103956_Instagram.jpg","contentUrl":"https:\/\/mrnews.com.br\/wp-content\/uploads\/2023\/12\/Screenshot_20231216_103956_Instagram.jpg","width":1079,"height":720},{"@type":"BreadcrumbList","@id":"https:\/\/mrnews.com.br\/index.php\/2023\/12\/16\/vasco-corre-risco-de-rebaixamento-por-suposta-escalacao-irregular-de-rossi\/#breadcrumb","itemListElement":[{"@type":"ListItem","position":1,"name":"In\u00edcio","item":"https:\/\/mrnews.com.br\/"},{"@type":"ListItem","position":2,"name":"Vasco Corre Risco de Rebaixamento por Suposta Escala\u00e7\u00e3o Irregular de Rossi?"}]},{"@type":"WebSite","@id":"https:\/\/mrnews.com.br\/#website","url":"https:\/\/mrnews.com.br\/","name":"MRNews","description":"MRNews Jogos de hoje da TV, transmiss\u00f5es ao vivo, Not\u00edcias de futebol, Jogos ao vivo, Lives, resumo de novelas, Programa\u00e7\u00e3o da Globo, A Fazenda e BBB","publisher":{"@id":"https:\/\/mrnews.com.br\/#organization"},"potentialAction":[{"@type":"SearchAction","target":{"@type":"EntryPoint","urlTemplate":"https:\/\/mrnews.com.br\/?s={search_term_string}"},"query-input":{"@type":"PropertyValueSpecification","valueRequired":true,"valueName":"search_term_string"}}],"inLanguage":"pt-BR"},{"@type":"Organization","@id":"https:\/\/mrnews.com.br\/#organization","name":"MRNews","url":"https:\/\/mrnews.com.br\/","logo":{"@type":"ImageObject","inLanguage":"pt-BR","@id":"https:\/\/mrnews.com.br\/#\/schema\/logo\/image\/","url":"https:\/\/mrnews.com.br\/wp-content\/uploads\/2026\/08\/MRNEws.png","contentUrl":"https:\/\/mrnews.com.br\/wp-content\/uploads\/2026\/08\/MRNEws.png","width":1254,"height":1254,"caption":"MRNews"},"image":{"@id":"https:\/\/mrnews.com.br\/#\/schema\/logo\/image\/"},"sameAs":["https:\/\/www.facebook.com\/eaipahpah\/?locale2=pt_BR","https:\/\/x.com\/conspirou","https:\/\/www.instagram.com\/eai_pahpah","https:\/\/br.pinterest.com\/mrnewsn\/boards\/","https:\/\/www.youtube.com\/channel\/UCacgnpznQ61fifLWr1tQ-vA?view_as=subscriber"]},{"@type":"Person","@id":"https:\/\/mrnews.com.br\/#\/schema\/person\/be3203154562a9f207407861cef7827b","name":"MR News","image":{"@type":"ImageObject","inLanguage":"pt-BR","@id":"https:\/\/secure.gravatar.com\/avatar\/04084e6d73c042b8646e7c17b494073bf0ede3ea13c7105cfc45cbbbc28385a4?s=96&d=monsterid&r=g","url":"https:\/\/secure.gravatar.com\/avatar\/04084e6d73c042b8646e7c17b494073bf0ede3ea13c7105cfc45cbbbc28385a4?s=96&d=monsterid&r=g","contentUrl":"https:\/\/secure.gravatar.com\/avatar\/04084e6d73c042b8646e7c17b494073bf0ede3ea13c7105cfc45cbbbc28385a4?s=96&d=monsterid&r=g","caption":"MR News"},"description":"Especializado em jornalismo colaborativo pela FTP em n\u00edvel de p\u00f3s-gradua\u00e7\u00e3o. suporte@oimeliga.combr","sameAs":["HUGO R.","Admin"],"url":"https:\/\/mrnews.com.br\/index.php\/author\/admin\/"}]}},"jetpack_sharing_enabled":true,"jetpack_shortlink":"https:\/\/wp.me\/pa2Qf7-1Iak","amp_enabled":true,"jetpack_featured_media_url":"https:\/\/mrnews.com.br\/wp-content\/uploads\/2023\/12\/Screenshot_20231216_103956_Instagram.jpg","_links":{"self":[{"href":"https:\/\/mrnews.com.br\/index.php\/wp-json\/wp\/v2\/posts\/408104","targetHints":{"allow":["GET"]}}],"collection":[{"href":"https:\/\/mrnews.com.br\/index.php\/wp-json\/wp\/v2\/posts"}],"about":[{"href":"https:\/\/mrnews.com.br\/index.php\/wp-json\/wp\/v2\/types\/post"}],"author":[{"embeddable":true,"href":"https:\/\/mrnews.com.br\/index.php\/wp-json\/wp\/v2\/users\/1"}],"replies":[{"embeddable":true,"href":"https:\/\/mrnews.com.br\/index.php\/wp-json\/wp\/v2\/comments?post=408104"}],"version-history":[{"count":1,"href":"https:\/\/mrnews.com.br\/index.php\/wp-json\/wp\/v2\/posts\/408104\/revisions"}],"predecessor-version":[{"id":408105,"href":"https:\/\/mrnews.com.br\/index.php\/wp-json\/wp\/v2\/posts\/408104\/revisions\/408105"}],"wp:featuredmedia":[{"embeddable":true,"href":"https:\/\/mrnews.com.br\/index.php\/wp-json\/wp\/v2\/media\/408080"}],"wp:attachment":[{"href":"https:\/\/mrnews.com.br\/index.php\/wp-json\/wp\/v2\/media?parent=408104"}],"wp:term":[{"taxonomy":"category","embeddable":true,"href":"https:\/\/mrnews.com.br\/index.php\/wp-json\/wp\/v2\/categories?post=408104"},{"taxonomy":"post_tag","embeddable":true,"href":"https:\/\/mrnews.com.br\/index.php\/wp-json\/wp\/v2\/tags?post=408104"}],"curies":[{"name":"wp","href":"https:\/\/api.w.org\/{rel}","templated":true}]}}