{"id":409144,"date":"2024-01-11T21:22:07","date_gmt":"2024-01-12T00:22:07","guid":{"rendered":"https:\/\/mrnews.com.br\/?p=409144"},"modified":"2024-01-11T21:22:07","modified_gmt":"2024-01-12T00:22:07","slug":"apos-familia-ser-despejada-ator-que-interpretou-cirilo-sofre-reviravolta","status":"publish","type":"post","link":"https:\/\/mrnews.com.br\/index.php\/2024\/01\/11\/apos-familia-ser-despejada-ator-que-interpretou-cirilo-sofre-reviravolta\/","title":{"rendered":"Ap\u00f3s fam\u00edlia ser despejada, ator que interpretou Cirilo sofre reviravolta"},"content":{"rendered":"<p>A Reviravolta na Vida de Jean Paulo Campos, o Eterno Cirilo<\/p>\n<p>Jean Paulo Campos, conhecido por interpretar o inesquec\u00edvel Cirilo na novela infantil &#8216;Carrossel&#8217; do SBT, viu sua vida dar uma guinada marcante ap\u00f3s sua fam\u00edlia ser despejada devido a uma d\u00edvida de R$ 100 mil relacionada a um im\u00f3vel em Guarulhos, na Grande S\u00e3o Paulo.<\/p>\n<p>A not\u00edcia sobre a situa\u00e7\u00e3o financeira dif\u00edcil da fam\u00edlia ganhou destaque, revelando que o processo de inadimpl\u00eancia foi movido por Jo\u00e3o Luiz do Ros\u00e1rio, tramitando no Tribunal de Justi\u00e7a do Estado de S\u00e3o Paulo (TJ-SP). No dia 6 de abril, um juiz determinou o despejo dos pais de Jean Paulo, Alacrino Cl\u00e1udio de Campos Monteiro e Nilza F\u00e1tima Santos.<\/p>\n<p>O imbr\u00f3glio envolve um contrato de loca\u00e7\u00e3o firmado em 2017, com um aluguel mensal de R$ 3.410,09 e uma cau\u00e7\u00e3o de R$ 9 mil. Contudo, os valores referentes aos meses de abril a novembro de 2020 n\u00e3o foram pagos, resultando na a\u00e7\u00e3o de despejo. A defesa alegou que a falta de pagamento se deu devido \u00e0s m\u00e1s condi\u00e7\u00f5es do im\u00f3vel, demandando reparos durante o per\u00edodo de loca\u00e7\u00e3o. O juiz, no entanto, n\u00e3o absolveu a d\u00edvida.<\/p>\n<p>Apesar dos desafios enfrentados, o jovem ator encontrou uma nova oportunidade no universo da Globo. Jean Paulo Campos assinou um contrato para estrelar uma s\u00e9rie na Globoplay, consolidando sua transi\u00e7\u00e3o para a emissora concorrente. Ele interpretar\u00e1 um jovem apaixonado por arte, destinado a mudar a realidade de seu bairro. Outros rostos conhecidos do SBT, como J\u00falia Gomes, tamb\u00e9m foram contratados pela Globo, evidenciando uma mudan\u00e7a significativa na carreira desses artistas.<\/p>\n<p>A reviravolta na vida de Jean Paulo Campos, do despejo \u00e0 perspectiva promissora na Globo, destaca a resili\u00eancia do ator diante das adversidades, mostrando que talento e determina\u00e7\u00e3o podem transformar desafios em oportunidades. O p\u00fablico agora aguarda ansiosamente para ver o ex-Cirilo brilhar em sua nova jornada na telinha da Globoplay, deixando para tr\u00e1s as dificuldades que marcaram seu passado recente.<\/p>\n<h2>&#8220;Terra e Paix\u00e3o: O Milagre de Anivers\u00e1rio de Lucinda&#8221;<\/h2>\n<p>Na trama intensa de Terra e Paix\u00e3o, a personagem Lucinda (D\u00e9bora Falabella) enfrenta uma reviravolta dram\u00e1tica ao ser alvo de um tiro encomendado por Ant\u00f4nio (Tony Ramos), desencadeando um per\u00edodo de coma que deixou o p\u00fablico em suspense.<\/p>\n<p>De acordo com Carla Bittencourt, do Not\u00edcias da TV, a vingan\u00e7a de Ant\u00f4nio contra Lucinda foi motivada por eventos anteriores, incluindo sua pris\u00e3o relacionada aos sequestros envolvendo Aline (B\u00e1rbara Reis). O delegado Marino (Leandro Lima) rapidamente suspeita da conex\u00e3o do magnata com o atentado contra sua esposa, desencadeando uma trama de retalia\u00e7\u00e3o.<\/p>\n<p>A novela reserva momentos emocionantes quando Lucinda inicia um surpreendente despertar, trazendo esperan\u00e7a para seus entes queridos. Este &#8220;milagre de anivers\u00e1rio&#8221; ocorre no antepen\u00faltimo epis\u00f3dio, quando o pequeno Cristian (Felipe Melquiades) faz um pedido especial, clamando para que sua m\u00e3e acorde no dia do seu anivers\u00e1rio.<\/p>\n<p>Comovendo a todos os presentes, Cristian desencadeia um momento tocante, e a trama se desenrola com os primeiros sinais de vida e recupera\u00e7\u00e3o de Lucinda. Movimentando os dedos e, em um momento especialmente emocionante, abrindo os olhos, Lucinda come\u00e7a a chamar pelo filho, proporcionando uma cena repleta de emo\u00e7\u00e3o para os telespectadores.<\/p>\n<p>A narrativa, habilmente constru\u00edda, promete al\u00edvio ao p\u00fablico, enquanto a protagonista demonstra resili\u00eancia diante das adversidades. Esses momentos marcantes destacam a for\u00e7a dos la\u00e7os familiares e a supera\u00e7\u00e3o de desafios, elementos que t\u00eam cativado os f\u00e3s de Terra e Paix\u00e3o.<\/p>\n<p>Em meio a reviravoltas, retalia\u00e7\u00f5es e o poder da esperan\u00e7a, a novela das nove da Globo continua a surpreender seu p\u00fablico, mantendo a tens\u00e3o e o interesse na trama. A recupera\u00e7\u00e3o de Lucinda \u00e9 n\u00e3o apenas um ponto crucial na hist\u00f3ria, mas tamb\u00e9m um exemplo de como a perseveran\u00e7a pode triunfar sobre as adversidades, mesmo em um enredo repleto de intrigas e reviravoltas.<\/p>\n<p>&nbsp;<\/p>\n<h2>Resumo Terra e Paix\u00e3o: Desdobramentos Dram\u00e1ticos na \u00daltima Semana<\/h2>\n<p>Na trama intensa de Terra e Paix\u00e3o, a \u00faltima semana promete reviravoltas emocionantes. Angelina e Ant\u00f4nio enfrentam condena\u00e7\u00f5es relacionadas \u00e0 morte de Agatha, enquanto Irene busca fugir com Vin\u00edcius e Danielzinho, formando uma nova fam\u00edlia.<\/p>\n<p>As pris\u00f5es ocorrem ap\u00f3s a revela\u00e7\u00e3o de participa\u00e7\u00e3o de ambos na morte de Agatha. Ant\u00f4nio, em busca de vingan\u00e7a, tamb\u00e9m \u00e9 envolvido no atentado contra Lucinda, resultando em sua pris\u00e3o. Irene, tornando-se uma fugitiva, procura Vin\u00edcius para uma fuga, desejando assumir a maternidade de Danielzinho.<\/p>\n<p>A trama se complica quando Petra testemunha Irene atirando na madrasta e revela \u00e0 pol\u00edcia. Irene, usando um disfarce, consegue se esquivar das autoridades por um tempo, chamando Vin\u00edcius para fugir juntos. Em um momento estrat\u00e9gico, Vin\u00edcius alerta a pol\u00edcia sobre o paradeiro de Irene, resultando na pris\u00e3o da vil\u00e3.<\/p>\n<p>A narrativa se desenrola com tens\u00e3o, prometendo um desfecho impactante para os personagens centrais de Terra e Paix\u00e3o.<\/p>\n<p>*Artigo publicado em 5 de janeiro de 2024 por Nado C., TV Prime.*<\/p>\n<p>&nbsp;<\/p>\n<h2>Reviravolta Emocionante em Terra e Paix\u00e3o: Lucinda Supera Atentado e Gravidez<\/h2>\n<p>No desfecho eletrizante da novela &#8220;Terra e Paix\u00e3o&#8221;, a personagem Lucinda, interpretada por D\u00e9bora Falabella, enfrenta um momento aterrorizante ao ser alvejada por um tiro na cabe\u00e7a. O atentado, meticulosamente planejado por Ant\u00f4nio, interpretado por Tony Ramos, tem como alvo a m\u00e3e de Cristian, desencadeando um drama intenso.<\/p>\n<p>Segundo informa\u00e7\u00f5es do Observat\u00f3rio da TV, Ant\u00f4nio busca uma vingan\u00e7a medonha contra Lucinda e Marino, agravando ainda mais os conflitos na trama. O plano do antagonista se concretiza, resultando em ferimentos graves para Lucinda, que \u00e9 prontamente levada ao hospital em estado cr\u00edtico.<\/p>\n<p>A reviravolta na hist\u00f3ria ocorre nos cap\u00edtulos finais, quando Lucinda desperta do coma ap\u00f3s um significativo per\u00edodo. Durante esse tempo, diversos personagens visitam a querida personagem, proporcionando um dos momentos mais emocionantes da novela.<\/p>\n<p>A cena tocante acontece no anivers\u00e1rio de Cristian, onde o jovem visita sua progenitora e faz um pedido para que ela acorde. Surpreendentemente, Lucinda abre os olhos, marcando um verdadeiro milagre na trama. Esse momento lindo se desenrola, trazendo al\u00edvio ao p\u00fablico, mas tamb\u00e9m levantando a possibilidade de Lucinda estar gr\u00e1vida do delegado.<\/p>\n<p>A trama intensa promete continuar com o delegado impulsionado pela gravidade do ocorrido, tomando medidas extremadas para confrontar o Rei da Soja. Enquanto Lucinda enfrenta as consequ\u00eancias do atentado, os f\u00e3s aguardam ansiosos para descobrir o desdobramento dessa hist\u00f3ria envolvente.<\/p>\n<p>Em meio a conflitos, reviravoltas e emo\u00e7\u00f5es \u00e0 flor da pele, &#8220;Terra e Paix\u00e3o&#8221; mant\u00e9m o p\u00fablico colado na tela, ansioso por desfechos surpreendentes. A novela das nove da Globo continua a cativar espectadores com sua trama envolvente e personagens marcantes.<\/p>\n<p>*Continue acompanhando as reviravoltas de &#8220;Terra e Paix\u00e3o&#8221; para descobrir o desfecho dessa emocionante hist\u00f3ria, cheia de suspense, amor e surpresas.*<\/p>\n<p>&nbsp;<\/p>\n","protected":false},"excerpt":{"rendered":"<p>A Reviravolta na Vida de Jean Paulo Campos, o Eterno Cirilo Jean Paulo Campos, conhecido por interpretar o inesquec\u00edvel Cirilo na novela infantil &#8216;Carrossel&#8217; do SBT, viu sua vida dar uma guinada marcante ap\u00f3s sua fam\u00edlia ser despejada devido a uma d\u00edvida de R$ 100 mil relacionada a um im\u00f3vel em Guarulhos, na Grande S\u00e3o &hellip;<\/p>\n","protected":false},"author":1,"featured_media":409145,"comment_status":"open","ping_status":"open","sticky":false,"template":"","format":"standard","meta":{"_jetpack_newsletter_access":"","_jetpack_dont_email_post_to_subs":false,"_jetpack_newsletter_tier_id":0,"_jetpack_memberships_contains_paywalled_content":false,"_jetpack_feature_clip_id":0,"_jetpack_memberships_contains_paid_content":false,"footnotes":"","jetpack_post_was_ever_published":false},"categories":[2],"tags":[],"class_list":["post-409144","post","type-post","status-publish","format-standard","has-post-thumbnail","hentry","category-entretenimento"],"yoast_head":"<!-- This site is optimized with the Yoast SEO plugin v28.4 - https:\/\/yoast.com\/product\/yoast-seo-wordpress\/ -->\n<title>Ap\u00f3s fam\u00edlia ser despejada, ator que interpretou Cirilo sofre reviravolta<\/title>\n<meta name=\"robots\" content=\"index, follow, max-snippet:-1, max-image-preview:large, max-video-preview:-1\" \/>\n<link rel=\"canonical\" href=\"https:\/\/mrnews.com.br\/index.php\/2024\/01\/11\/apos-familia-ser-despejada-ator-que-interpretou-cirilo-sofre-reviravolta\/\" \/>\n<meta property=\"og:locale\" content=\"pt_BR\" \/>\n<meta property=\"og:type\" content=\"article\" \/>\n<meta property=\"og:title\" content=\"Ap\u00f3s fam\u00edlia ser despejada, ator que interpretou Cirilo sofre reviravolta\" \/>\n<meta property=\"og:description\" content=\"A Reviravolta na Vida de Jean Paulo Campos, o Eterno Cirilo Jean Paulo Campos, conhecido por interpretar o inesquec\u00edvel Cirilo na novela infantil &#8216;Carrossel&#8217; do SBT, viu sua vida dar uma guinada marcante ap\u00f3s sua fam\u00edlia ser despejada devido a uma d\u00edvida de R$ 100 mil relacionada a um im\u00f3vel em Guarulhos, na Grande S\u00e3o &hellip;\" \/>\n<meta property=\"og:url\" content=\"https:\/\/mrnews.com.br\/index.php\/2024\/01\/11\/apos-familia-ser-despejada-ator-que-interpretou-cirilo-sofre-reviravolta\/\" \/>\n<meta property=\"og:site_name\" content=\"MRNews\" \/>\n<meta property=\"article:publisher\" content=\"https:\/\/www.facebook.com\/eaipahpah\/?locale2=pt_BR\" \/>\n<meta property=\"article:published_time\" content=\"2024-01-12T00:22:07+00:00\" \/>\n<meta property=\"og:image\" content=\"https:\/\/mrnews.com.br\/wp-content\/uploads\/2024\/01\/FB_IMG_1705018642527.jpg\" \/>\n\t<meta property=\"og:image:width\" content=\"768\" \/>\n\t<meta property=\"og:image:height\" content=\"960\" \/>\n\t<meta property=\"og:image:type\" content=\"image\/jpeg\" \/>\n<meta name=\"author\" content=\"MR News\" \/>\n<meta name=\"twitter:card\" content=\"summary_large_image\" \/>\n<meta name=\"twitter:creator\" content=\"@conspirou\" \/>\n<meta name=\"twitter:site\" content=\"@conspirou\" \/>\n<meta name=\"twitter:label1\" content=\"Escrito por\" \/>\n\t<meta name=\"twitter:data1\" content=\"MR News\" \/>\n\t<meta name=\"twitter:label2\" content=\"Est. tempo de leitura\" \/>\n\t<meta name=\"twitter:data2\" content=\"7 minutos\" \/>\n<script type=\"application\/ld+json\" class=\"yoast-schema-graph\">{\"@context\":\"https:\\\/\\\/schema.org\",\"@graph\":[{\"@type\":\"Article\",\"@id\":\"https:\\\/\\\/mrnews.com.br\\\/index.php\\\/2024\\\/01\\\/11\\\/apos-familia-ser-despejada-ator-que-interpretou-cirilo-sofre-reviravolta\\\/#article\",\"isPartOf\":{\"@id\":\"https:\\\/\\\/mrnews.com.br\\\/index.php\\\/2024\\\/01\\\/11\\\/apos-familia-ser-despejada-ator-que-interpretou-cirilo-sofre-reviravolta\\\/\"},\"author\":{\"name\":\"MR News\",\"@id\":\"https:\\\/\\\/mrnews.com.br\\\/#\\\/schema\\\/person\\\/be3203154562a9f207407861cef7827b\"},\"headline\":\"Ap\u00f3s fam\u00edlia ser despejada, ator que interpretou Cirilo sofre reviravolta\",\"datePublished\":\"2024-01-12T00:22:07+00:00\",\"mainEntityOfPage\":{\"@id\":\"https:\\\/\\\/mrnews.com.br\\\/index.php\\\/2024\\\/01\\\/11\\\/apos-familia-ser-despejada-ator-que-interpretou-cirilo-sofre-reviravolta\\\/\"},\"wordCount\":1216,\"commentCount\":0,\"publisher\":{\"@id\":\"https:\\\/\\\/mrnews.com.br\\\/#organization\"},\"image\":{\"@id\":\"https:\\\/\\\/mrnews.com.br\\\/index.php\\\/2024\\\/01\\\/11\\\/apos-familia-ser-despejada-ator-que-interpretou-cirilo-sofre-reviravolta\\\/#primaryimage\"},\"thumbnailUrl\":\"https:\\\/\\\/mrnews.com.br\\\/wp-content\\\/uploads\\\/2024\\\/01\\\/FB_IMG_1705018642527.jpg\",\"articleSection\":[\"ENTRETENIMENTO\"],\"inLanguage\":\"pt-BR\",\"potentialAction\":[{\"@type\":\"CommentAction\",\"name\":\"Comment\",\"target\":[\"https:\\\/\\\/mrnews.com.br\\\/index.php\\\/2024\\\/01\\\/11\\\/apos-familia-ser-despejada-ator-que-interpretou-cirilo-sofre-reviravolta\\\/#respond\"]}]},{\"@type\":\"WebPage\",\"@id\":\"https:\\\/\\\/mrnews.com.br\\\/index.php\\\/2024\\\/01\\\/11\\\/apos-familia-ser-despejada-ator-que-interpretou-cirilo-sofre-reviravolta\\\/\",\"url\":\"https:\\\/\\\/mrnews.com.br\\\/index.php\\\/2024\\\/01\\\/11\\\/apos-familia-ser-despejada-ator-que-interpretou-cirilo-sofre-reviravolta\\\/\",\"name\":\"Ap\u00f3s fam\u00edlia ser despejada, ator que interpretou Cirilo sofre reviravolta\",\"isPartOf\":{\"@id\":\"https:\\\/\\\/mrnews.com.br\\\/#website\"},\"primaryImageOfPage\":{\"@id\":\"https:\\\/\\\/mrnews.com.br\\\/index.php\\\/2024\\\/01\\\/11\\\/apos-familia-ser-despejada-ator-que-interpretou-cirilo-sofre-reviravolta\\\/#primaryimage\"},\"image\":{\"@id\":\"https:\\\/\\\/mrnews.com.br\\\/index.php\\\/2024\\\/01\\\/11\\\/apos-familia-ser-despejada-ator-que-interpretou-cirilo-sofre-reviravolta\\\/#primaryimage\"},\"thumbnailUrl\":\"https:\\\/\\\/mrnews.com.br\\\/wp-content\\\/uploads\\\/2024\\\/01\\\/FB_IMG_1705018642527.jpg\",\"datePublished\":\"2024-01-12T00:22:07+00:00\",\"breadcrumb\":{\"@id\":\"https:\\\/\\\/mrnews.com.br\\\/index.php\\\/2024\\\/01\\\/11\\\/apos-familia-ser-despejada-ator-que-interpretou-cirilo-sofre-reviravolta\\\/#breadcrumb\"},\"inLanguage\":\"pt-BR\",\"potentialAction\":[{\"@type\":\"ReadAction\",\"target\":[\"https:\\\/\\\/mrnews.com.br\\\/index.php\\\/2024\\\/01\\\/11\\\/apos-familia-ser-despejada-ator-que-interpretou-cirilo-sofre-reviravolta\\\/\"]}]},{\"@type\":\"ImageObject\",\"inLanguage\":\"pt-BR\",\"@id\":\"https:\\\/\\\/mrnews.com.br\\\/index.php\\\/2024\\\/01\\\/11\\\/apos-familia-ser-despejada-ator-que-interpretou-cirilo-sofre-reviravolta\\\/#primaryimage\",\"url\":\"https:\\\/\\\/mrnews.com.br\\\/wp-content\\\/uploads\\\/2024\\\/01\\\/FB_IMG_1705018642527.jpg\",\"contentUrl\":\"https:\\\/\\\/mrnews.com.br\\\/wp-content\\\/uploads\\\/2024\\\/01\\\/FB_IMG_1705018642527.jpg\",\"width\":768,\"height\":960},{\"@type\":\"BreadcrumbList\",\"@id\":\"https:\\\/\\\/mrnews.com.br\\\/index.php\\\/2024\\\/01\\\/11\\\/apos-familia-ser-despejada-ator-que-interpretou-cirilo-sofre-reviravolta\\\/#breadcrumb\",\"itemListElement\":[{\"@type\":\"ListItem\",\"position\":1,\"name\":\"In\u00edcio\",\"item\":\"https:\\\/\\\/mrnews.com.br\\\/\"},{\"@type\":\"ListItem\",\"position\":2,\"name\":\"Ap\u00f3s fam\u00edlia ser despejada, ator que interpretou Cirilo sofre reviravolta\"}]},{\"@type\":\"WebSite\",\"@id\":\"https:\\\/\\\/mrnews.com.br\\\/#website\",\"url\":\"https:\\\/\\\/mrnews.com.br\\\/\",\"name\":\"MRNews\",\"description\":\"MRNews Jogos de hoje da TV, transmiss\u00f5es ao vivo, Not\u00edcias de futebol, Jogos ao vivo, Lives, resumo de novelas, Programa\u00e7\u00e3o da Globo, A Fazenda e BBB\",\"publisher\":{\"@id\":\"https:\\\/\\\/mrnews.com.br\\\/#organization\"},\"potentialAction\":[{\"@type\":\"SearchAction\",\"target\":{\"@type\":\"EntryPoint\",\"urlTemplate\":\"https:\\\/\\\/mrnews.com.br\\\/?s={search_term_string}\"},\"query-input\":{\"@type\":\"PropertyValueSpecification\",\"valueRequired\":true,\"valueName\":\"search_term_string\"}}],\"inLanguage\":\"pt-BR\"},{\"@type\":\"Organization\",\"@id\":\"https:\\\/\\\/mrnews.com.br\\\/#organization\",\"name\":\"MRNews\",\"url\":\"https:\\\/\\\/mrnews.com.br\\\/\",\"logo\":{\"@type\":\"ImageObject\",\"inLanguage\":\"pt-BR\",\"@id\":\"https:\\\/\\\/mrnews.com.br\\\/#\\\/schema\\\/logo\\\/image\\\/\",\"url\":\"https:\\\/\\\/mrnews.com.br\\\/wp-content\\\/uploads\\\/2026\\\/08\\\/MRNEws.png\",\"contentUrl\":\"https:\\\/\\\/mrnews.com.br\\\/wp-content\\\/uploads\\\/2026\\\/08\\\/MRNEws.png\",\"width\":1254,\"height\":1254,\"caption\":\"MRNews\"},\"image\":{\"@id\":\"https:\\\/\\\/mrnews.com.br\\\/#\\\/schema\\\/logo\\\/image\\\/\"},\"sameAs\":[\"https:\\\/\\\/www.facebook.com\\\/eaipahpah\\\/?locale2=pt_BR\",\"https:\\\/\\\/x.com\\\/conspirou\",\"https:\\\/\\\/www.instagram.com\\\/eai_pahpah\",\"https:\\\/\\\/br.pinterest.com\\\/mrnewsn\\\/boards\\\/\",\"https:\\\/\\\/www.youtube.com\\\/channel\\\/UCacgnpznQ61fifLWr1tQ-vA?view_as=subscriber\"]},{\"@type\":\"Person\",\"@id\":\"https:\\\/\\\/mrnews.com.br\\\/#\\\/schema\\\/person\\\/be3203154562a9f207407861cef7827b\",\"name\":\"MR News\",\"image\":{\"@type\":\"ImageObject\",\"inLanguage\":\"pt-BR\",\"@id\":\"https:\\\/\\\/secure.gravatar.com\\\/avatar\\\/04084e6d73c042b8646e7c17b494073bf0ede3ea13c7105cfc45cbbbc28385a4?s=96&d=monsterid&r=g\",\"url\":\"https:\\\/\\\/secure.gravatar.com\\\/avatar\\\/04084e6d73c042b8646e7c17b494073bf0ede3ea13c7105cfc45cbbbc28385a4?s=96&d=monsterid&r=g\",\"contentUrl\":\"https:\\\/\\\/secure.gravatar.com\\\/avatar\\\/04084e6d73c042b8646e7c17b494073bf0ede3ea13c7105cfc45cbbbc28385a4?s=96&d=monsterid&r=g\",\"caption\":\"MR News\"},\"description\":\"Especializado em jornalismo colaborativo pela FTP em n\u00edvel de p\u00f3s-gradua\u00e7\u00e3o. suporte@oimeliga.combr\",\"sameAs\":[\"HUGO R.\",\"Admin\"],\"url\":\"https:\\\/\\\/mrnews.com.br\\\/index.php\\\/author\\\/admin\\\/\"}]}<\/script>\n<!-- \/ Yoast SEO plugin. -->","yoast_head_json":{"title":"Ap\u00f3s fam\u00edlia ser despejada, ator que interpretou Cirilo sofre reviravolta","robots":{"index":"index","follow":"follow","max-snippet":"max-snippet:-1","max-image-preview":"max-image-preview:large","max-video-preview":"max-video-preview:-1"},"canonical":"https:\/\/mrnews.com.br\/index.php\/2024\/01\/11\/apos-familia-ser-despejada-ator-que-interpretou-cirilo-sofre-reviravolta\/","og_locale":"pt_BR","og_type":"article","og_title":"Ap\u00f3s fam\u00edlia ser despejada, ator que interpretou Cirilo sofre reviravolta","og_description":"A Reviravolta na Vida de Jean Paulo Campos, o Eterno Cirilo Jean Paulo Campos, conhecido por interpretar o inesquec\u00edvel Cirilo na novela infantil &#8216;Carrossel&#8217; do SBT, viu sua vida dar uma guinada marcante ap\u00f3s sua fam\u00edlia ser despejada devido a uma d\u00edvida de R$ 100 mil relacionada a um im\u00f3vel em Guarulhos, na Grande S\u00e3o &hellip;","og_url":"https:\/\/mrnews.com.br\/index.php\/2024\/01\/11\/apos-familia-ser-despejada-ator-que-interpretou-cirilo-sofre-reviravolta\/","og_site_name":"MRNews","article_publisher":"https:\/\/www.facebook.com\/eaipahpah\/?locale2=pt_BR","article_published_time":"2024-01-12T00:22:07+00:00","og_image":[{"width":768,"height":960,"url":"https:\/\/mrnews.com.br\/wp-content\/uploads\/2024\/01\/FB_IMG_1705018642527.jpg","type":"image\/jpeg"}],"author":"MR News","twitter_card":"summary_large_image","twitter_creator":"@conspirou","twitter_site":"@conspirou","twitter_misc":{"Escrito por":"MR News","Est. tempo de leitura":"7 minutos"},"schema":{"@context":"https:\/\/schema.org","@graph":[{"@type":"Article","@id":"https:\/\/mrnews.com.br\/index.php\/2024\/01\/11\/apos-familia-ser-despejada-ator-que-interpretou-cirilo-sofre-reviravolta\/#article","isPartOf":{"@id":"https:\/\/mrnews.com.br\/index.php\/2024\/01\/11\/apos-familia-ser-despejada-ator-que-interpretou-cirilo-sofre-reviravolta\/"},"author":{"name":"MR News","@id":"https:\/\/mrnews.com.br\/#\/schema\/person\/be3203154562a9f207407861cef7827b"},"headline":"Ap\u00f3s fam\u00edlia ser despejada, ator que interpretou Cirilo sofre reviravolta","datePublished":"2024-01-12T00:22:07+00:00","mainEntityOfPage":{"@id":"https:\/\/mrnews.com.br\/index.php\/2024\/01\/11\/apos-familia-ser-despejada-ator-que-interpretou-cirilo-sofre-reviravolta\/"},"wordCount":1216,"commentCount":0,"publisher":{"@id":"https:\/\/mrnews.com.br\/#organization"},"image":{"@id":"https:\/\/mrnews.com.br\/index.php\/2024\/01\/11\/apos-familia-ser-despejada-ator-que-interpretou-cirilo-sofre-reviravolta\/#primaryimage"},"thumbnailUrl":"https:\/\/mrnews.com.br\/wp-content\/uploads\/2024\/01\/FB_IMG_1705018642527.jpg","articleSection":["ENTRETENIMENTO"],"inLanguage":"pt-BR","potentialAction":[{"@type":"CommentAction","name":"Comment","target":["https:\/\/mrnews.com.br\/index.php\/2024\/01\/11\/apos-familia-ser-despejada-ator-que-interpretou-cirilo-sofre-reviravolta\/#respond"]}]},{"@type":"WebPage","@id":"https:\/\/mrnews.com.br\/index.php\/2024\/01\/11\/apos-familia-ser-despejada-ator-que-interpretou-cirilo-sofre-reviravolta\/","url":"https:\/\/mrnews.com.br\/index.php\/2024\/01\/11\/apos-familia-ser-despejada-ator-que-interpretou-cirilo-sofre-reviravolta\/","name":"Ap\u00f3s fam\u00edlia ser despejada, ator que interpretou Cirilo sofre reviravolta","isPartOf":{"@id":"https:\/\/mrnews.com.br\/#website"},"primaryImageOfPage":{"@id":"https:\/\/mrnews.com.br\/index.php\/2024\/01\/11\/apos-familia-ser-despejada-ator-que-interpretou-cirilo-sofre-reviravolta\/#primaryimage"},"image":{"@id":"https:\/\/mrnews.com.br\/index.php\/2024\/01\/11\/apos-familia-ser-despejada-ator-que-interpretou-cirilo-sofre-reviravolta\/#primaryimage"},"thumbnailUrl":"https:\/\/mrnews.com.br\/wp-content\/uploads\/2024\/01\/FB_IMG_1705018642527.jpg","datePublished":"2024-01-12T00:22:07+00:00","breadcrumb":{"@id":"https:\/\/mrnews.com.br\/index.php\/2024\/01\/11\/apos-familia-ser-despejada-ator-que-interpretou-cirilo-sofre-reviravolta\/#breadcrumb"},"inLanguage":"pt-BR","potentialAction":[{"@type":"ReadAction","target":["https:\/\/mrnews.com.br\/index.php\/2024\/01\/11\/apos-familia-ser-despejada-ator-que-interpretou-cirilo-sofre-reviravolta\/"]}]},{"@type":"ImageObject","inLanguage":"pt-BR","@id":"https:\/\/mrnews.com.br\/index.php\/2024\/01\/11\/apos-familia-ser-despejada-ator-que-interpretou-cirilo-sofre-reviravolta\/#primaryimage","url":"https:\/\/mrnews.com.br\/wp-content\/uploads\/2024\/01\/FB_IMG_1705018642527.jpg","contentUrl":"https:\/\/mrnews.com.br\/wp-content\/uploads\/2024\/01\/FB_IMG_1705018642527.jpg","width":768,"height":960},{"@type":"BreadcrumbList","@id":"https:\/\/mrnews.com.br\/index.php\/2024\/01\/11\/apos-familia-ser-despejada-ator-que-interpretou-cirilo-sofre-reviravolta\/#breadcrumb","itemListElement":[{"@type":"ListItem","position":1,"name":"In\u00edcio","item":"https:\/\/mrnews.com.br\/"},{"@type":"ListItem","position":2,"name":"Ap\u00f3s fam\u00edlia ser despejada, ator que interpretou Cirilo sofre reviravolta"}]},{"@type":"WebSite","@id":"https:\/\/mrnews.com.br\/#website","url":"https:\/\/mrnews.com.br\/","name":"MRNews","description":"MRNews Jogos de hoje da TV, transmiss\u00f5es ao vivo, Not\u00edcias de futebol, Jogos ao vivo, Lives, resumo de novelas, Programa\u00e7\u00e3o da Globo, A Fazenda e BBB","publisher":{"@id":"https:\/\/mrnews.com.br\/#organization"},"potentialAction":[{"@type":"SearchAction","target":{"@type":"EntryPoint","urlTemplate":"https:\/\/mrnews.com.br\/?s={search_term_string}"},"query-input":{"@type":"PropertyValueSpecification","valueRequired":true,"valueName":"search_term_string"}}],"inLanguage":"pt-BR"},{"@type":"Organization","@id":"https:\/\/mrnews.com.br\/#organization","name":"MRNews","url":"https:\/\/mrnews.com.br\/","logo":{"@type":"ImageObject","inLanguage":"pt-BR","@id":"https:\/\/mrnews.com.br\/#\/schema\/logo\/image\/","url":"https:\/\/mrnews.com.br\/wp-content\/uploads\/2026\/08\/MRNEws.png","contentUrl":"https:\/\/mrnews.com.br\/wp-content\/uploads\/2026\/08\/MRNEws.png","width":1254,"height":1254,"caption":"MRNews"},"image":{"@id":"https:\/\/mrnews.com.br\/#\/schema\/logo\/image\/"},"sameAs":["https:\/\/www.facebook.com\/eaipahpah\/?locale2=pt_BR","https:\/\/x.com\/conspirou","https:\/\/www.instagram.com\/eai_pahpah","https:\/\/br.pinterest.com\/mrnewsn\/boards\/","https:\/\/www.youtube.com\/channel\/UCacgnpznQ61fifLWr1tQ-vA?view_as=subscriber"]},{"@type":"Person","@id":"https:\/\/mrnews.com.br\/#\/schema\/person\/be3203154562a9f207407861cef7827b","name":"MR News","image":{"@type":"ImageObject","inLanguage":"pt-BR","@id":"https:\/\/secure.gravatar.com\/avatar\/04084e6d73c042b8646e7c17b494073bf0ede3ea13c7105cfc45cbbbc28385a4?s=96&d=monsterid&r=g","url":"https:\/\/secure.gravatar.com\/avatar\/04084e6d73c042b8646e7c17b494073bf0ede3ea13c7105cfc45cbbbc28385a4?s=96&d=monsterid&r=g","contentUrl":"https:\/\/secure.gravatar.com\/avatar\/04084e6d73c042b8646e7c17b494073bf0ede3ea13c7105cfc45cbbbc28385a4?s=96&d=monsterid&r=g","caption":"MR News"},"description":"Especializado em jornalismo colaborativo pela FTP em n\u00edvel de p\u00f3s-gradua\u00e7\u00e3o. suporte@oimeliga.combr","sameAs":["HUGO R.","Admin"],"url":"https:\/\/mrnews.com.br\/index.php\/author\/admin\/"}]}},"jetpack_sharing_enabled":true,"jetpack_shortlink":"https:\/\/wp.me\/pa2Qf7-1Ir6","amp_enabled":true,"jetpack_featured_media_url":"https:\/\/mrnews.com.br\/wp-content\/uploads\/2024\/01\/FB_IMG_1705018642527.jpg","_links":{"self":[{"href":"https:\/\/mrnews.com.br\/index.php\/wp-json\/wp\/v2\/posts\/409144","targetHints":{"allow":["GET"]}}],"collection":[{"href":"https:\/\/mrnews.com.br\/index.php\/wp-json\/wp\/v2\/posts"}],"about":[{"href":"https:\/\/mrnews.com.br\/index.php\/wp-json\/wp\/v2\/types\/post"}],"author":[{"embeddable":true,"href":"https:\/\/mrnews.com.br\/index.php\/wp-json\/wp\/v2\/users\/1"}],"replies":[{"embeddable":true,"href":"https:\/\/mrnews.com.br\/index.php\/wp-json\/wp\/v2\/comments?post=409144"}],"version-history":[{"count":1,"href":"https:\/\/mrnews.com.br\/index.php\/wp-json\/wp\/v2\/posts\/409144\/revisions"}],"predecessor-version":[{"id":409146,"href":"https:\/\/mrnews.com.br\/index.php\/wp-json\/wp\/v2\/posts\/409144\/revisions\/409146"}],"wp:featuredmedia":[{"embeddable":true,"href":"https:\/\/mrnews.com.br\/index.php\/wp-json\/wp\/v2\/media\/409145"}],"wp:attachment":[{"href":"https:\/\/mrnews.com.br\/index.php\/wp-json\/wp\/v2\/media?parent=409144"}],"wp:term":[{"taxonomy":"category","embeddable":true,"href":"https:\/\/mrnews.com.br\/index.php\/wp-json\/wp\/v2\/categories?post=409144"},{"taxonomy":"post_tag","embeddable":true,"href":"https:\/\/mrnews.com.br\/index.php\/wp-json\/wp\/v2\/tags?post=409144"}],"curies":[{"name":"wp","href":"https:\/\/api.w.org\/{rel}","templated":true}]}}