{"id":409396,"date":"2024-01-14T21:31:56","date_gmt":"2024-01-15T00:31:56","guid":{"rendered":"https:\/\/mrnews.com.br\/?p=409396"},"modified":"2024-01-14T21:31:56","modified_gmt":"2024-01-15T00:31:56","slug":"puma-rodrigues-na-mls-empresarios-se-pronunciam-sobre-suposta-proposta","status":"publish","type":"post","link":"https:\/\/mrnews.com.br\/index.php\/2024\/01\/14\/puma-rodrigues-na-mls-empresarios-se-pronunciam-sobre-suposta-proposta\/","title":{"rendered":"PUMA RODRIGUES NA MLS &#8211; EMPRES\u00c1RIOS SE PRONUNCIAM SOBRE SUPOSTA PROPOSTA"},"content":{"rendered":"<div>\n<div class=\"flex-1 overflow-hidden\">\n<div class=\"react-scroll-to-bottom--css-ouuzg-79elbk h-full\">\n<div class=\"react-scroll-to-bottom--css-ouuzg-1n7m0yu\">\n<div class=\"flex flex-col pb-9 text-sm\">\n<div class=\"w-full text-token-text-primary\" data-testid=\"conversation-turn-3\">\n<div class=\"px-4 py-2 justify-center text-base md:gap-6 m-auto\">\n<div class=\"flex flex-1 text-base mx-auto gap-3 md:px-5 lg:px-1 xl:px-5 md:max-w-3xl lg:max-w-[40rem] xl:max-w-[48rem] group final-completion\">\n<div class=\"relative flex w-full flex-col lg:w-[calc(100%-115px)] agent-turn\">\n<div class=\"flex-col gap-1 md:gap-3\">\n<div class=\"flex flex-grow flex-col max-w-full\">\n<div class=\"min-h-[20px] text-message flex flex-col items-start gap-3 whitespace-pre-wrap break-words [.text-message+&amp;]:mt-5 overflow-x-auto\" data-message-author-role=\"assistant\" data-message-id=\"e6a8af8f-f4ee-4bb9-b04c-4d57cfa13a27\">\n<div class=\"markdown prose w-full break-words dark:prose-invert dark\">\n<p>Os empres\u00e1rios de Puma Rodr\u00edguez, lateral do Vasco da Gama, afirmaram desconhecer qualquer interesse por parte de uma equipe da Major League Soccer (MLS). Em declara\u00e7\u00f5es feitas pelo jornalista Wellington Campos da R\u00e1dio Tupi, os representantes do jogador negaram a exist\u00eancia de propostas de transfer\u00eancia para a liga norte-americana. A not\u00edcia levanta quest\u00f5es sobre a veracidade dos rumores e sugere que, pelo menos at\u00e9 o momento, n\u00e3o h\u00e1 planos concretos para a sa\u00edda do lateral para a MLS.<\/p>\n<p>Essa incerteza em torno do suposto interesse da MLS adiciona uma camada de mist\u00e9rio ao futuro de Puma Rodr\u00edguez no Vasco da Gama, mantendo os torcedores e a m\u00eddia atentos \u00e0s pr\u00f3ximas reviravoltas no cen\u00e1rio de transfer\u00eancias do futebol brasileiro.<\/p>\n<h2><strong>Compromisso Firme: Vasco em Busca da Competitividade em 2024<\/strong><\/h2>\n<p>No \u00faltimo domingo, Josh Wander, s\u00f3cio da <a href=\"https:\/\/carosamigos.com.br\">777<\/a> Partners, enviou uma carta aos vasca\u00ednos reafirmando o compromisso da empresa com o Vasco da Gama. A carta destacou os esfor\u00e7os para tornar o clube mais competitivo em 2024, al\u00e9m de abordar conquistas financeiras e mudan\u00e7as estrat\u00e9gicas.<\/p>\n<p>O texto destaca a carta enviada por Josh Wander, um dos donos da 777 Partners, aos torcedores do <a href=\"https:\/\/Vasconet.com.br\">Vasco<\/a> da Gama. O empres\u00e1rio promete um clube mais competitivo em 2024 e refor\u00e7a o compromisso financeiro da empresa com o time carioca.<\/p>\n<p><strong>Destaques:<\/strong><\/p>\n<ol>\n<li><strong>Vis\u00e3o para 2024:<\/strong> A carta destaca o compromisso em fortalecer o elenco para competi\u00e7\u00f5es como o Carioca, Brasileir\u00e3o e Copa do Brasil de 2024, revelando o trabalho \u00e1rduo nos bastidores.<\/li>\n<li><strong>Conquistas Financeiras:<\/strong> Os resultados financeiros alcan\u00e7ados at\u00e9 o final de 2023 s\u00e3o ressaltados, incluindo um aumento de receitas em mais de 60%, redu\u00e7\u00e3o da d\u00edvida em cerca de R$100 milh\u00f5es e valoriza\u00e7\u00e3o dos jogadores em mais de 200%.<\/li>\n<li><strong>Nova Lideran\u00e7a:<\/strong> A nomea\u00e7\u00e3o de Lucio Barbosa como CEO da SAF do clube \u00e9 confirmada, demonstrando estabilidade na gest\u00e3o.<\/li>\n<li><strong>Colabora\u00e7\u00e3o SAF e Associa\u00e7\u00e3o:<\/strong> Josh destaca a import\u00e2ncia da colabora\u00e7\u00e3o entre a SAF e a Associa\u00e7\u00e3o, ressaltando o compromisso cont\u00ednuo com a parceria.<\/li>\n<\/ol>\n<p><strong>Perspectivas Futuras:<\/strong> A carta conclui com uma vis\u00e3o otimista para o Vasco, enfatizando o compromisso duradouro da 777 Partners em proporcionar uma base financeira s\u00f3lida para o sucesso sustent\u00e1vel do clube nos pr\u00f3ximos anos.<\/p>\n<p>Este artigo oferece uma vis\u00e3o abrangente das promessas e realiza\u00e7\u00f5es da 777 Partners para o Vasco da Gama, transmitindo aos leitores a narrativa positiva em torno do futuro do clube.<\/p>\n<p>&nbsp;<\/p>\n<\/div>\n<\/div>\n<\/div>\n<\/div>\n<\/div>\n<\/div>\n<\/div>\n<\/div>\n<\/div>\n<\/div>\n<\/div>\n<\/div>\n<h2>Vasco Vence Sele\u00e7\u00e3o de Maldonado em Jogo-Treino de Prepara\u00e7\u00e3o em Punta del Este<\/h2>\n<p>No primeiro jogo-treino da prepara\u00e7\u00e3o em Punta del Este, no Uruguai, o Vasco conquistou uma vit\u00f3ria s\u00f3lida sobre a sele\u00e7\u00e3o de Maldonado neste s\u00e1bado. Com tr\u00eas refor\u00e7os iniciando a partida, Rojas, Jo\u00e3o Victor e David, a equipe de Ram\u00f3n D\u00edaz demonstrou um desempenho promissor.<\/p>\n<p>O Vasco alinhou com L\u00e9o Jardim; Rojas, Medel, Jo\u00e3o Victor e Lucas Piton; Z\u00e9 Gabriel, Paulinho e Praxedes; Rossi, David e Vegetti. O gol inicial foi marcado por Rojas, rec\u00e9m-anunciado, no primeiro tempo, que terminou com a vantagem de 1 a 0 para o Vasco.<\/p>\n<p>Na segunda etapa, as altera\u00e7\u00f5es de Ram\u00f3n D\u00edaz surtiram efeito, resultando em uma goleada, com dois gols de Rayan, atuando centralizado, e outro de Payet, que come\u00e7ou no banco de reservas. Destaque tamb\u00e9m para Serginho e Erick Marcus, que chamaram a aten\u00e7\u00e3o com contribui\u00e7\u00f5es significativas.<\/p>\n<p>Ap\u00f3s a vit\u00f3ria, o time ganhou um dia de folga, alguns jogadores exploraram Punta del Este, enquanto outros optaram por relaxar no hotel. O Vasco continuar\u00e1 sua prepara\u00e7\u00e3o no Uruguai at\u00e9 22 de dezembro, com amistosos marcados contra San Lorenzo em 18 de dezembro e Deportivo Maldonado em 21 de dezembro. O resultado positivo no jogo-treino \u00e9 um bom sinal para a equipe cruzmaltina em sua fase preparat\u00f3ria.<\/p>\n<p>&nbsp;<\/p>\n<p>&nbsp;<\/p>\n<\/div>\n<h2 class=\"co8aDb gsrt\" role=\"heading\" aria-level=\"3\"><b>Jogadores\u00a0estrangeiros do Vasco<\/b><\/h2>\n<div class=\"RqBzHd\">\n<ul class=\"i8Z77e\">\n<li class=\"TrT0Xe\">Puma Rodr\u00edguez (lateral-direito)<\/li>\n<li class=\"TrT0Xe\">Capasso (zagueiro)<\/li>\n<li class=\"TrT0Xe\">Medel (zagueiro)<\/li>\n<li class=\"TrT0Xe\">Payet (meia-atacante)<\/li>\n<li class=\"TrT0Xe\">Orellano (atacante)<\/li>\n<li class=\"TrT0Xe\">Rojas (zagueiro)<\/li>\n<li class=\"TrT0Xe\">Vegetti (atacante)<\/li>\n<li>Sforza (meia)<\/li>\n<\/ul>\n<p>Em negocia\u00e7\u00e3o<\/p>\n<ul>\n<li>Cuellar<\/li>\n<li>LUCIANO RODR\u00cdGUEZ<\/li>\n<\/ul>\n<p>DESTA forma. O Vasco precisaria deixar 3 jogadores de fora,\u00a0 a cada jogo.<\/p>\n<\/div>\n<div>\n<h2>Cuellar<\/h2>\n<p>O jornalista Lucas Pedrosa @pedrosa trouxe informa\u00e7\u00f5es sobre a situa\u00e7\u00e3o de Cu\u00e9llar. Atualmente, a comiss\u00e3o t\u00e9cnica e diretoria est\u00e3o interessadas na contrata\u00e7\u00e3o, e o jogador demonstra disposi\u00e7\u00e3o, inclusive considerando reduzir seu sal\u00e1rio anual em compara\u00e7\u00e3o ao que recebe no Al-Shabab.<\/p>\n<p>No entanto, o desafio agora reside na necessidade de convencer a 777 a aprovar o investimento, o que n\u00e3o se mostra uma tarefa f\u00e1cil. A situa\u00e7\u00e3o permanece sem grandes novidades desde a \u00faltima not\u00edcia. Fonte: X do jornalista Lucas Pedrosa\/SBT.<\/p>\n<\/div>\n<div class=\"flex-1 overflow-hidden\">\n<div class=\"react-scroll-to-bottom--css-aaqqb-79elbk h-full\">\n<div class=\"react-scroll-to-bottom--css-aaqqb-1n7m0yu\">\n<div class=\"flex flex-col pb-9 text-sm\">\n<div class=\"w-full text-token-text-primary\" data-testid=\"conversation-turn-3\">\n<div class=\"px-4 py-2 justify-center text-base md:gap-6 m-auto\">\n<div class=\"flex flex-1 text-base mx-auto gap-3 md:px-5 lg:px-1 xl:px-5 md:max-w-3xl lg:max-w-[40rem] xl:max-w-[48rem] group final-completion\">\n<div class=\"relative flex w-full flex-col lg:w-[calc(100%-115px)] agent-turn\">\n<p>. Com Mattos e Diaz \u00e0 frente, a torcida pode esperar um Vasco da Gama mais competitivo, estrategicamente constru\u00eddo para enfrentar os desafios da s\u00e9rie A, sem comprometer a sa\u00fade financeira do clube.<\/p>\n<h2>O Vasco da Gama anunciou a contrata\u00e7\u00e3o de Fernando Leite, ex-Cianorte,<\/h2>\n<p>para assumir o cargo de gerente de sedes na Secretaria de Administra\u00e7\u00e3o de Futebol (SAF) do clube.<\/p>\n<p>Com vasta experi\u00eancia, Fernando ser\u00e1 respons\u00e1vel pela gest\u00e3o das instala\u00e7\u00f5es do Vasco, incluindo os centros de treinamentos e o ic\u00f4nico est\u00e1dio de S\u00e3o Janu\u00e1rio. Sua chegada visa fortalecer a estrutura do clube e otimizar o funcionamento de seus principais espa\u00e7os, contribuindo para o desenvolvimento e sucesso cont\u00ednuo da equipe.<\/p>\n<h2>Botafogo Oficializa Contrata\u00e7\u00e3o do Goleiro John para Substituir Lucas Perri<\/h2>\n<p>O Botafogo, em movimento estrat\u00e9gico, anunciou a contrata\u00e7\u00e3o do goleiro John, proveniente do Valladolid, da Espanha, para assumir o posto deixado por Lucas Perri. O jornalista Andr\u00e9 Hernan revelou que o arqueiro era a primeira op\u00e7\u00e3o do clube cruz-maltino, e a negocia\u00e7\u00e3o foi conclu\u00edda com sucesso.<\/p>\n<p>John, que teve seus direitos econ\u00f4micos ligados ao Santos, agora integra definitivamente o elenco alvinegro. O contrato firmado \u00e9 v\u00e1lido por quatro anos, indo at\u00e9 2028, consolidando a confian\u00e7a do clube no potencial do goleiro.<\/p>\n<p>A decis\u00e3o de adquirir John representa uma aposta firme do Botafogo, visando fortalecer sua defesa e consolidar uma equipe competitiva. Com experi\u00eancia internacional, proveniente de sua passagem pelo futebol espanhol, o goleiro traz consigo uma bagagem valiosa que pode ser crucial para os objetivos do Botafogo.<\/p>\n<p>O compromisso de longo prazo evidencia a vis\u00e3o estrat\u00e9gica do clube em investir n\u00e3o apenas no presente, mas tamb\u00e9m no futuro, mantendo pe\u00e7as-chave no elenco. O torcedor botafoguense, certamente, espera que John se destaque e contribua para o sucesso do time nos pr\u00f3ximos anos.<\/p>\n<p>A aquisi\u00e7\u00e3o de John refor\u00e7a a busca do Botafogo por excel\u00eancia e competitividade, marcando mais um cap\u00edtulo na trajet\u00f3ria do clube carioca no cen\u00e1rio esportivo nacional e internacional. Resta agora aguardar para ver como o goleiro se integrar\u00e1 ao elenco e como sua presen\u00e7a impactar\u00e1 positivamente o desempenho do Botafogo em campo.<\/p>\n<p>&nbsp;<\/p>\n<h2>ROBERT RENAN<\/h2>\n<p>&nbsp;<\/p>\n<p>O Internacional anunciou com sucesso a contrata\u00e7\u00e3o do zagueiro Robert Renan. A chegada do jogador promete refor\u00e7ar a defesa da equipe, trazendo consigo habilidades t\u00e9cnicas e experi\u00eancia que ser\u00e3o fundamentais para os desafios futuros.<\/p>\n<p>A torcida colorada aguarda ansiosamente para ver o desempenho do novo integrante, confiante de que sua contribui\u00e7\u00e3o ser\u00e1 crucial na busca por conquistas e bons resultados na temporada.<\/p>\n<h2>Vasco perde PEC E MARLON GOMES<\/h2>\n<div class=\"flex-col gap-1 md:gap-3\">\n<p>&nbsp;<\/p>\n<p>Com os desfalques iminentes de Gabriel Pec e Marlon Gomes devido \u00e0 participa\u00e7\u00e3o na Sele\u00e7\u00e3o Pr\u00e9-Ol\u00edmpica entre 8 de janeiro e 11 de fevereiro, o Vasco se depara com a necessidade urgente de refor\u00e7ar seu setor ofensivo.<\/p>\n<p>A aus\u00eancia de dois jogadores importantes durante a pr\u00e9-temporada e o in\u00edcio do Campeonato Carioca destaca a car\u00eancia de op\u00e7\u00f5es no ataque. A contrata\u00e7\u00e3o de atacantes de lado torna-se crucial para manter a competitividade e garantir um desempenho consistente nos primeiros compromissos da equipe neste ano. O Vasco precisar\u00e1 agir estrategicamente no mercado para preencher essa lacuna e fortalecer sua for\u00e7a ofensiva.<\/p>\n<p><a href=\"https:\/\/Vasconet.com.br\">Luciano Rodr\u00edguez<\/a> \u00e9 o nome da vez.\u00a0 Ele para baixo e veja quem \u00e9.<\/p>\n<h2>Mercado da bola CRUZEIRO<\/h2>\n<p>O <a href=\"https:\/\/cruzeiroec.com.br\">Cruzeiro<\/a> est\u00e1 agitando o mercado da bola com mais uma contrata\u00e7\u00e3o de peso, acertando a chegada de Mart\u00ednez, ex-jogador do Am\u00e9rica-MG. A transa\u00e7\u00e3o, estimada em cerca de 1,4 milh\u00e3o de d\u00f3lares, ressalta a determina\u00e7\u00e3o do clube em refor\u00e7ar seu elenco visando objetivos futuros.<\/p>\n<p>A experi\u00eancia de Mart\u00ednez, aliada ao seu hist\u00f3rico de atua\u00e7\u00f5es destacadas, promete contribuir significativamente para o Cruzeiro, enquanto os torcedores aguardam ansiosos para ver como o novo refor\u00e7o se integrar\u00e1 ao time estrelado. Essa movimenta\u00e7\u00e3o intensa no mercado evidencia a busca incessante do Cruzeiro por talentos que possam consolidar sua posi\u00e7\u00e3o no cen\u00e1rio futebol\u00edstico.<\/p>\n<div class=\"flex flex-grow flex-col max-w-full\">\n<div class=\"min-h-[20px] text-message flex flex-col items-start gap-3 whitespace-pre-wrap break-words [.text-message+&amp;]:mt-5 overflow-x-auto\" data-message-author-role=\"assistant\" data-message-id=\"dc2dd932-6417-4b3a-baf2-007b992b82da\">\n<div class=\"markdown prose w-full break-words dark:prose-invert dark\">\n<p>&nbsp;<\/p>\n<h2>Marcos Leonardo<\/h2>\n<p>A movimenta\u00e7\u00e3o do mercado da bola tamb\u00e9m destaca a transfer\u00eancia de Marcos Leonardo, atacante do Santos, para o <a href=\"https:\/\/saobernardofc.com.br\">Benfica<\/a>. O clube portugu\u00eas teria garantido a contrata\u00e7\u00e3o do jogador por <strong>18 milh\u00f5es de euros<\/strong>. O desfecho depende de detalhes como a forma de pagamento e a aprova\u00e7\u00e3o do Comit\u00ea de Gest\u00e3o, com uma reuni\u00e3o prevista para esta quarta-feira.<\/p>\n<p>Marcos Leonardo, alvo de clubes brasileiros e europeus, expressou o desejo de jogar na Europa em 2024. Com 20 anos, o jovem atacante foi destaque na \u00faltima temporada, marcando 21 gols em 49 jogos pelo Santos, clube pelo qual foi revelado em 2020.<\/p>\n<p>Essas movimenta\u00e7\u00f5es no mercado da bola refletem a busca constante dos clubes por refor\u00e7os estrat\u00e9gicos, enquanto os torcedores aguardam ansiosos por mais novidades durante a janela de transfer\u00eancias e <a href=\"https:\/\/jblog.com.br\">mercado da bola<\/a>.<\/p>\n<\/div>\n<\/div>\n<\/div>\n<\/div>\n<\/div>\n<\/div>\n<\/div>\n<\/div>\n<\/div>\n<\/div>\n<\/div>\n<\/div>\n<p>&nbsp;<\/p>\n<h2>Ram\u00f3n D\u00edaz Recebe Refor\u00e7os Jovens no Vasco: O Que Esperar da Temporada 2024<\/h2>\n<p>No pr\u00f3ximo s\u00e1bado, o t\u00e9cnico Ram\u00f3n D\u00edaz receber\u00e1 algumas caras novas na reapresenta\u00e7\u00e3o do elenco do Vasco. Entre elas, destacam-se o atacante Rayan, com apenas 17 anos, al\u00e9m de Pablo, Juli\u00e3o e o meia Marlon Santos, que recentemente ultrapassaram a faixa et\u00e1ria do sub-20, agora \u00e0 disposi\u00e7\u00e3o da comiss\u00e3o t\u00e9cnica.<\/p>\n<p>A presen\u00e7a desses jovens talentos promete injetar vitalidade e vigor ao time cruzmaltino. Com Ram\u00f3n D\u00edaz no comando, conhecido por sua habilidade em desenvolver talentos emergentes, a expectativa \u00e9 que esses jogadores contribuam significativamente para a temporada 2024.<\/p>\n<p>Ainda paira a indefini\u00e7\u00e3o sobre a participa\u00e7\u00e3o dos jovens na pr\u00e9-temporada em Punta Del Este. A comiss\u00e3o t\u00e9cnica est\u00e1 ponderando se \u00e9 mais vantajoso que esses talentos em ascens\u00e3o viajem com o elenco para o Uruguai ou permane\u00e7am no Rio de Janeiro para os primeiros confrontos do Campeonato Carioca.<\/p>\n<p>Essa decis\u00e3o estrat\u00e9gica ser\u00e1 crucial para moldar o papel desses jogadores na equipe. A adapta\u00e7\u00e3o ao estilo de jogo e a experi\u00eancia adquirida durante a pr\u00e9-temporada podem ser fundamentais para a integra\u00e7\u00e3o desses jovens ao elenco principal. Por outro lado, manter alguns talentos no cen\u00e1rio local pode ser estrat\u00e9gico para garantir um bom desempenho nos primeiros desafios do Carioca.<\/p>\n<p>\u00c0 medida que a temporada se desenrola, os torcedores do Vasco aguardam ansiosos para ver como esses jovens se destacar\u00e3o sob a orienta\u00e7\u00e3o de Ram\u00f3n D\u00edaz e como contribuir\u00e3o para as ambi\u00e7\u00f5es do clube no cen\u00e1rio esportivo. O futuro promissor do time parece cada vez mais promissor com a combina\u00e7\u00e3o de experi\u00eancia e juventude sob a lideran\u00e7a do renomado treinador argentino.<\/p>\n<p>&nbsp;<\/p>\n<h2>Zenit Avan\u00e7a para Contrata\u00e7\u00e3o do Zagueiro<\/h2>\n<p>Nino do <a href=\"https:\/\/flunews.com.br\">Fluminense<\/a><\/p>\n<p>O zagueiro Nino, do Fluminense, est\u00e1 pr\u00f3ximo de se transferir para o Zenit, conforme avan\u00e7o nas negocia\u00e7\u00f5es, noticiado pelo portal &#8220;UOL&#8221;. Embora os valores ainda n\u00e3o tenham sido revelados, especula-se que o clube russo esteja disposto a desembolsar cerca de cinco milh\u00f5es de euros (aproximadamente R$ 27 milh\u00f5es) para assegurar a contrata\u00e7\u00e3o definitiva do capit\u00e3o tricolor.<\/p>\n<p>Inicialmente vinculado ao Nottingham Forest, Nino viu as negocia\u00e7\u00f5es esfriarem, mesmo com a proposta de aproximadamente 7 milh\u00f5es de euros (cerca de R$ 37,5 milh\u00f5es) com b\u00f4nus, que estava na mesa no final de 2023.<\/p>\n<p>Com contrato at\u00e9 dezembro de 2024, o zagueiro expressou seu desejo de atuar no exterior, despertando interesse de clubes da Turquia, Ar\u00e1bia Saudita, It\u00e1lia e Holanda. O Fluminense det\u00e9m 60% dos direitos econ\u00f4micos de Nino, enquanto os 40% restantes pertencem ao Crici\u00fama, clube onde o jogador foi revelado.<\/p>\n<p>Em 2023, Nino destacou-se, participando de 57 jogos, marcando cinco gols e contribuindo para as conquistas da Libertadores e do Carioca. Sua \u00faltima partida foi na final do Mundial de Clubes, onde o Fluminense foi derrotado pelo Manchester City por 4 a 0, conquistando o vice-campeonato.<\/p>\n<p>O desfecho dessa transfer\u00eancia trar\u00e1 novos rumos para a carreira do talentoso zagueiro brasileiro, consolidando seu passo para o cen\u00e1rio internacional.<\/p>\n<h2>Rodrigo Caetano e os Desafios na Dire\u00e7\u00e3o de Futebol do Atl\u00e9tico: Rumores sobre a Sa\u00edda de Paulinho<\/h2>\n<p>O diretor de futebol do Atl\u00e9tico, Rodrigo Caetano, abordou recentemente a possibilidade de o talentoso atacante Paulinho deixar o clube durante a atual temporada. Em uma entrevista ao SporTV, Caetano expressou seu desejo de que o Atl\u00e9tico passe inc\u00f3lume pela janela de transfer\u00eancias de janeiro, mantendo todos os titulares cruciais para o ano de 2024.<\/p>\n<p>Revelando detalhes dos bastidores da negocia\u00e7\u00e3o que trouxe Paulinho para a Cidade do Galo, Caetano destacou que, mesmo durante sua passagem pelo Vasco, o atacante n\u00e3o desfrutou de um protagonismo t\u00e3o significativo como est\u00e1 experimentando atualmente. Com sua ascens\u00e3o, Paulinho alcan\u00e7a a sele\u00e7\u00e3o principal em uma posi\u00e7\u00e3o altamente competitiva, onde o Brasil \u00e9 conhecido por proliferar talentos no ataque.<\/p>\n<p>Caetano expressou sua esperan\u00e7a de que Paulinho permane\u00e7a no Atl\u00e9tico, reconhecendo que o cen\u00e1rio atual, somado \u00e0 valoriza\u00e7\u00e3o do jogador na sele\u00e7\u00e3o, pode influenciar a decis\u00e3o da fam\u00edlia, do pr\u00f3prio atleta e de seu agente. Destacando a elite da posi\u00e7\u00e3o que Paulinho ocupa, o diretor de futebol sugere que o momento pode n\u00e3o ser prop\u00edcio para um retorno \u00e0 Europa.<\/p>\n<p>Essa narrativa revela os desafios e expectativas enfrentados por Caetano no comando do Atl\u00e9tico, destacando a import\u00e2ncia de manter talentos essenciais para o sucesso da equipe, ao mesmo tempo em que lida com as possibilidades de transfer\u00eancias e o impacto dessas decis\u00f5es no futuro do clube.<\/p>\n<h2>Luca Orellano<\/h2>\n<p>sob o hashtag #ExV\u00e9lez, est\u00e1 buscando sair do cen\u00e1rio do futebol brasileiro, conforme indicado pela imprensa do pa\u00eds vizinho.<\/p>\n<p>A not\u00edcia sugere que o jogador argentino pode estar explorando novas oportunidades ou desafios fora do contexto futebol\u00edstico brasileiro, alimentando especula\u00e7\u00f5es sobre seu pr\u00f3ximo destino ou decis\u00f5es de carreira.<\/p>\n<h2>Vasco Negocia Contrata\u00e7\u00e3o do Atacante Uruguaio Luciano Rodr\u00edguez<\/h2>\n<p>do <a href=\"https:\/\/futeboleuropeu.com.br\">Liverpool<\/a>-URU<\/p>\n<p>O Club de Regatas Vasco da Gama est\u00e1 ativamente buscando refor\u00e7ar seu elenco para a pr\u00f3xima temporada, e o nome do jovem atacante uruguaio, <a href=\"https:\/\/Vasconet.com.br\">Luciano Rodr\u00edguez<\/a>, emerge como uma op\u00e7\u00e3o promissora. A 777 Partners, detentora de 70% da SAF cruz-maltina, aprovou a inclus\u00e3o de Rodr\u00edguez, alinhando-se com o perfil de investimento desejado pela empresa norte-americana.<\/p>\n<p>A Itatiaia relata que os primeiros contatos j\u00e1 foram estabelecidos, e o Vasco planeja agendar conversas com a diretoria uruguaia durante sua pr\u00e9-temporada em Punta Del Este, a partir de 8 de janeiro. Aos 20 anos, Rodr\u00edguez, considerado um dos principais ativos do Liverpool, despertou interesse de outro clube brasileiro n\u00e3o revelado.<\/p>\n<h2>LUCIANO RODR\u00cdGUEZ SER\u00c1 A CONTRATA\u00c7\u00c3O MAIS CARA DO CLUBE<\/h2>\n<p>Os valores estimados est\u00e3o na casa de 7 milh\u00f5es de Euros. Destacando-se no Mundial Sub-20 como her\u00f3i do Uruguai na conquista do t\u00edtulo, Rodr\u00edguez tamb\u00e9m teve um papel significativo no Sul-Americano, sendo vice-artilheiro. Seu desempenho no \u00faltimo Campeonato Uruguaio pelo Liverpool, com nove gols em 34 partidas, refor\u00e7a sua qualidade.<\/p>\n<p>Entretanto, a poss\u00edvel transfer\u00eancia exigir\u00e1 um investimento substancial do Vasco. O Liverpool, competindo no torneio S\u00e9rie Rio de Da Plata em janeiro, poder\u00e1 influenciar as negocia\u00e7\u00f5es. Os torcedores aguardam com expectativa o desdobramento dessa potencial contrata\u00e7\u00e3o, que poderia fortalecer consideravelmente o ataque cruz-maltino.<\/p>\n<h2>ESQUENTOU! #VASCO E LUCIANO RODR\u00cdGUEZ<\/h2>\n<p><iframe title=\"ESQUENTOU! #VASCO E VARGAS, FELIPE ANDERSON, DI MARIA, WANDERSON E LUCIANO RODR\u00cdGUEZ\" width=\"500\" height=\"281\" src=\"https:\/\/www.youtube.com\/embed\/tA7N3U4nwEE?feature=oembed\" frameborder=\"0\" allow=\"accelerometer; autoplay; clipboard-write; encrypted-media; gyroscope; picture-in-picture; web-share\" referrerpolicy=\"strict-origin-when-cross-origin\" allowfullscreen><\/iframe><\/p>\n<p>&nbsp;<\/p>\n<h2>Vasco Fica Perto de Mais Refor\u00e7os para 2024 | Or\u00e7amento Milion\u00e1rio Ajuda<\/h2>\n<p>O Club de Regatas Vasco da Gama est\u00e1 se preparando para fortalecer ainda mais seu elenco visando a temporada de 2024. Com um or\u00e7amento robusto, o clube tem mapeado potenciais refor\u00e7os e j\u00e1 iniciou contatos promissores, especialmente nas \u00e1reas cruciais do meio-campo e ataque.<\/p>\n<p>Um dos fatores-chave para a movimenta\u00e7\u00e3o no mercado de transfer\u00eancias \u00e9 o or\u00e7amento milion\u00e1rio dispon\u00edvel para o Vasco. Com uma gest\u00e3o financeira s\u00f3lida, o clube carioca est\u00e1 em posi\u00e7\u00e3o privilegiada para realizar investimentos estrat\u00e9gicos e garantir a chegada de jogadores de alto n\u00edvel.<\/p>\n<p>O planejamento do Vasco para 2024 est\u00e1 centrado na melhoria do desempenho nas \u00e1reas cr\u00edticas do meio-campo e do ataque. Com a inten\u00e7\u00e3o de refor\u00e7ar o poder de cria\u00e7\u00e3o e a efic\u00e1cia nas finaliza\u00e7\u00f5es, o clube tem nomes mapeados que podem agregar qualidade e experi\u00eancia ao elenco.<\/p>\n<p>O departamento de futebol do Vasco n\u00e3o tem medido esfor\u00e7os na busca por refor\u00e7os de impacto. Contatos iniciais foram feitos, e as negocia\u00e7\u00f5es est\u00e3o em andamento. A diretoria mant\u00e9m sigilo sobre os nomes envolvidos, mas as especula\u00e7\u00f5es indicam que jogadores de renome podem vestir a camisa cruzmaltina na pr\u00f3xima temporada.<\/p>\n<p>Com a expectativa de novas contrata\u00e7\u00f5es, a torcida do Vasco est\u00e1 animada e ansiosa para ver os refor\u00e7os em a\u00e7\u00e3o. A press\u00e3o por resultados positivos \u00e9 constante, e os torcedores esperam que os investimentos se traduzam em conquistas significativas em 2024.<\/p>\n<p>&nbsp;<\/p>\n","protected":false},"excerpt":{"rendered":"<p>Os empres\u00e1rios de Puma Rodr\u00edguez, lateral do Vasco da Gama, afirmaram desconhecer qualquer interesse por parte de uma equipe da Major League Soccer (MLS). Em declara\u00e7\u00f5es feitas pelo jornalista Wellington Campos da R\u00e1dio Tupi, os representantes do jogador negaram a exist\u00eancia de propostas de transfer\u00eancia para a liga norte-americana. A not\u00edcia levanta quest\u00f5es sobre a &hellip;<\/p>\n","protected":false},"author":1,"featured_media":408064,"comment_status":"open","ping_status":"open","sticky":false,"template":"","format":"standard","meta":{"_jetpack_newsletter_access":"","_jetpack_dont_email_post_to_subs":false,"_jetpack_newsletter_tier_id":0,"_jetpack_memberships_contains_paywalled_content":false,"_jetpack_feature_clip_id":0,"_jetpack_memberships_contains_paid_content":false,"footnotes":"","jetpack_post_was_ever_published":false},"categories":[9641,9249,9580,3,4587,9606,12511,9600],"tags":[],"class_list":["post-409396","post","type-post","status-publish","format-standard","has-post-thumbnail","hentry","category-botafogo","category-campeonato-brasileiro","category-corinthians","category-esportes1","category-esportes","category-flamengo","category-mercado-da-bola","category-vasco"],"yoast_head":"<!-- This site is optimized with the Yoast SEO plugin v28.3 - https:\/\/yoast.com\/product\/yoast-seo-wordpress\/ -->\n<title>PUMA RODRIGUES NA MLS - EMPRES\u00c1RIOS SE PRONUNCIAM SOBRE SUPOSTA PROPOSTA<\/title>\n<meta name=\"robots\" content=\"index, follow, max-snippet:-1, max-image-preview:large, max-video-preview:-1\" \/>\n<link rel=\"canonical\" href=\"https:\/\/mrnews.com.br\/index.php\/2024\/01\/14\/puma-rodrigues-na-mls-empresarios-se-pronunciam-sobre-suposta-proposta\/\" \/>\n<meta property=\"og:locale\" content=\"pt_BR\" \/>\n<meta property=\"og:type\" content=\"article\" \/>\n<meta property=\"og:title\" content=\"PUMA RODRIGUES NA MLS - EMPRES\u00c1RIOS SE PRONUNCIAM SOBRE SUPOSTA PROPOSTA\" \/>\n<meta property=\"og:description\" content=\"Os empres\u00e1rios de Puma Rodr\u00edguez, lateral do Vasco da Gama, afirmaram desconhecer qualquer interesse por parte de uma equipe da Major League Soccer (MLS). Em declara\u00e7\u00f5es feitas pelo jornalista Wellington Campos da R\u00e1dio Tupi, os representantes do jogador negaram a exist\u00eancia de propostas de transfer\u00eancia para a liga norte-americana. A not\u00edcia levanta quest\u00f5es sobre a &hellip;\" \/>\n<meta property=\"og:url\" content=\"https:\/\/mrnews.com.br\/index.php\/2024\/01\/14\/puma-rodrigues-na-mls-empresarios-se-pronunciam-sobre-suposta-proposta\/\" \/>\n<meta property=\"og:site_name\" content=\"MRNews\" \/>\n<meta property=\"article:publisher\" content=\"https:\/\/www.facebook.com\/eaipahpah\/?locale2=pt_BR\" \/>\n<meta property=\"article:published_time\" content=\"2024-01-15T00:31:56+00:00\" \/>\n<meta property=\"og:image\" content=\"https:\/\/mrnews.com.br\/wp-content\/uploads\/2023\/12\/Screenshot_20231215_160455_Instagram.jpg\" \/>\n\t<meta property=\"og:image:width\" content=\"1080\" \/>\n\t<meta property=\"og:image:height\" content=\"684\" \/>\n\t<meta property=\"og:image:type\" content=\"image\/jpeg\" \/>\n<meta name=\"author\" content=\"MR News\" \/>\n<meta name=\"twitter:card\" content=\"summary_large_image\" \/>\n<meta name=\"twitter:creator\" content=\"@conspirou\" \/>\n<meta name=\"twitter:site\" content=\"@conspirou\" \/>\n<meta name=\"twitter:label1\" content=\"Escrito por\" \/>\n\t<meta name=\"twitter:data1\" content=\"MR News\" \/>\n\t<meta name=\"twitter:label2\" content=\"Est. tempo de leitura\" \/>\n\t<meta name=\"twitter:data2\" content=\"16 minutos\" \/>\n<script type=\"application\/ld+json\" class=\"yoast-schema-graph\">{\"@context\":\"https:\\\/\\\/schema.org\",\"@graph\":[{\"@type\":\"Article\",\"@id\":\"https:\\\/\\\/mrnews.com.br\\\/index.php\\\/2024\\\/01\\\/14\\\/puma-rodrigues-na-mls-empresarios-se-pronunciam-sobre-suposta-proposta\\\/#article\",\"isPartOf\":{\"@id\":\"https:\\\/\\\/mrnews.com.br\\\/index.php\\\/2024\\\/01\\\/14\\\/puma-rodrigues-na-mls-empresarios-se-pronunciam-sobre-suposta-proposta\\\/\"},\"author\":{\"name\":\"MR News\",\"@id\":\"https:\\\/\\\/mrnews.com.br\\\/#\\\/schema\\\/person\\\/be3203154562a9f207407861cef7827b\"},\"headline\":\"PUMA RODRIGUES NA MLS &#8211; EMPRES\u00c1RIOS SE PRONUNCIAM SOBRE SUPOSTA PROPOSTA\",\"datePublished\":\"2024-01-15T00:31:56+00:00\",\"mainEntityOfPage\":{\"@id\":\"https:\\\/\\\/mrnews.com.br\\\/index.php\\\/2024\\\/01\\\/14\\\/puma-rodrigues-na-mls-empresarios-se-pronunciam-sobre-suposta-proposta\\\/\"},\"wordCount\":3024,\"commentCount\":0,\"publisher\":{\"@id\":\"https:\\\/\\\/mrnews.com.br\\\/#organization\"},\"image\":{\"@id\":\"https:\\\/\\\/mrnews.com.br\\\/index.php\\\/2024\\\/01\\\/14\\\/puma-rodrigues-na-mls-empresarios-se-pronunciam-sobre-suposta-proposta\\\/#primaryimage\"},\"thumbnailUrl\":\"https:\\\/\\\/mrnews.com.br\\\/wp-content\\\/uploads\\\/2023\\\/12\\\/Screenshot_20231215_160455_Instagram.jpg\",\"articleSection\":[\"Botafogo\",\"Campeonato brasileiro\",\"Corinthians\",\"ESPORTES\",\"Esportes\",\"Flamengo\",\"Mercado da Bola\",\"VASCO\"],\"inLanguage\":\"pt-BR\",\"potentialAction\":[{\"@type\":\"CommentAction\",\"name\":\"Comment\",\"target\":[\"https:\\\/\\\/mrnews.com.br\\\/index.php\\\/2024\\\/01\\\/14\\\/puma-rodrigues-na-mls-empresarios-se-pronunciam-sobre-suposta-proposta\\\/#respond\"]}]},{\"@type\":\"WebPage\",\"@id\":\"https:\\\/\\\/mrnews.com.br\\\/index.php\\\/2024\\\/01\\\/14\\\/puma-rodrigues-na-mls-empresarios-se-pronunciam-sobre-suposta-proposta\\\/\",\"url\":\"https:\\\/\\\/mrnews.com.br\\\/index.php\\\/2024\\\/01\\\/14\\\/puma-rodrigues-na-mls-empresarios-se-pronunciam-sobre-suposta-proposta\\\/\",\"name\":\"PUMA RODRIGUES NA MLS - EMPRES\u00c1RIOS SE PRONUNCIAM SOBRE SUPOSTA PROPOSTA\",\"isPartOf\":{\"@id\":\"https:\\\/\\\/mrnews.com.br\\\/#website\"},\"primaryImageOfPage\":{\"@id\":\"https:\\\/\\\/mrnews.com.br\\\/index.php\\\/2024\\\/01\\\/14\\\/puma-rodrigues-na-mls-empresarios-se-pronunciam-sobre-suposta-proposta\\\/#primaryimage\"},\"image\":{\"@id\":\"https:\\\/\\\/mrnews.com.br\\\/index.php\\\/2024\\\/01\\\/14\\\/puma-rodrigues-na-mls-empresarios-se-pronunciam-sobre-suposta-proposta\\\/#primaryimage\"},\"thumbnailUrl\":\"https:\\\/\\\/mrnews.com.br\\\/wp-content\\\/uploads\\\/2023\\\/12\\\/Screenshot_20231215_160455_Instagram.jpg\",\"datePublished\":\"2024-01-15T00:31:56+00:00\",\"breadcrumb\":{\"@id\":\"https:\\\/\\\/mrnews.com.br\\\/index.php\\\/2024\\\/01\\\/14\\\/puma-rodrigues-na-mls-empresarios-se-pronunciam-sobre-suposta-proposta\\\/#breadcrumb\"},\"inLanguage\":\"pt-BR\",\"potentialAction\":[{\"@type\":\"ReadAction\",\"target\":[\"https:\\\/\\\/mrnews.com.br\\\/index.php\\\/2024\\\/01\\\/14\\\/puma-rodrigues-na-mls-empresarios-se-pronunciam-sobre-suposta-proposta\\\/\"]}]},{\"@type\":\"ImageObject\",\"inLanguage\":\"pt-BR\",\"@id\":\"https:\\\/\\\/mrnews.com.br\\\/index.php\\\/2024\\\/01\\\/14\\\/puma-rodrigues-na-mls-empresarios-se-pronunciam-sobre-suposta-proposta\\\/#primaryimage\",\"url\":\"https:\\\/\\\/mrnews.com.br\\\/wp-content\\\/uploads\\\/2023\\\/12\\\/Screenshot_20231215_160455_Instagram.jpg\",\"contentUrl\":\"https:\\\/\\\/mrnews.com.br\\\/wp-content\\\/uploads\\\/2023\\\/12\\\/Screenshot_20231215_160455_Instagram.jpg\",\"width\":1080,\"height\":684,\"caption\":\"Mercado da bola\"},{\"@type\":\"BreadcrumbList\",\"@id\":\"https:\\\/\\\/mrnews.com.br\\\/index.php\\\/2024\\\/01\\\/14\\\/puma-rodrigues-na-mls-empresarios-se-pronunciam-sobre-suposta-proposta\\\/#breadcrumb\",\"itemListElement\":[{\"@type\":\"ListItem\",\"position\":1,\"name\":\"In\u00edcio\",\"item\":\"https:\\\/\\\/mrnews.com.br\\\/\"},{\"@type\":\"ListItem\",\"position\":2,\"name\":\"PUMA RODRIGUES NA MLS &#8211; EMPRES\u00c1RIOS SE PRONUNCIAM SOBRE SUPOSTA PROPOSTA\"}]},{\"@type\":\"WebSite\",\"@id\":\"https:\\\/\\\/mrnews.com.br\\\/#website\",\"url\":\"https:\\\/\\\/mrnews.com.br\\\/\",\"name\":\"MRNews\",\"description\":\"MRNews Jogos de hoje da TV, transmiss\u00f5es ao vivo, Not\u00edcias de futebol, Jogos ao vivo, Lives, resumo de novelas, Programa\u00e7\u00e3o da Globo, A Fazenda e BBB\",\"publisher\":{\"@id\":\"https:\\\/\\\/mrnews.com.br\\\/#organization\"},\"potentialAction\":[{\"@type\":\"SearchAction\",\"target\":{\"@type\":\"EntryPoint\",\"urlTemplate\":\"https:\\\/\\\/mrnews.com.br\\\/?s={search_term_string}\"},\"query-input\":{\"@type\":\"PropertyValueSpecification\",\"valueRequired\":true,\"valueName\":\"search_term_string\"}}],\"inLanguage\":\"pt-BR\"},{\"@type\":\"Organization\",\"@id\":\"https:\\\/\\\/mrnews.com.br\\\/#organization\",\"name\":\"MRNews\",\"url\":\"https:\\\/\\\/mrnews.com.br\\\/\",\"logo\":{\"@type\":\"ImageObject\",\"inLanguage\":\"pt-BR\",\"@id\":\"https:\\\/\\\/mrnews.com.br\\\/#\\\/schema\\\/logo\\\/image\\\/\",\"url\":\"https:\\\/\\\/mrnews.com.br\\\/wp-content\\\/uploads\\\/2026\\\/08\\\/MRNEws.png\",\"contentUrl\":\"https:\\\/\\\/mrnews.com.br\\\/wp-content\\\/uploads\\\/2026\\\/08\\\/MRNEws.png\",\"width\":1254,\"height\":1254,\"caption\":\"MRNews\"},\"image\":{\"@id\":\"https:\\\/\\\/mrnews.com.br\\\/#\\\/schema\\\/logo\\\/image\\\/\"},\"sameAs\":[\"https:\\\/\\\/www.facebook.com\\\/eaipahpah\\\/?locale2=pt_BR\",\"https:\\\/\\\/x.com\\\/conspirou\",\"https:\\\/\\\/www.instagram.com\\\/eai_pahpah\",\"https:\\\/\\\/br.pinterest.com\\\/mrnewsn\\\/boards\\\/\",\"https:\\\/\\\/www.youtube.com\\\/channel\\\/UCacgnpznQ61fifLWr1tQ-vA?view_as=subscriber\"]},{\"@type\":\"Person\",\"@id\":\"https:\\\/\\\/mrnews.com.br\\\/#\\\/schema\\\/person\\\/be3203154562a9f207407861cef7827b\",\"name\":\"MR News\",\"image\":{\"@type\":\"ImageObject\",\"inLanguage\":\"pt-BR\",\"@id\":\"https:\\\/\\\/secure.gravatar.com\\\/avatar\\\/04084e6d73c042b8646e7c17b494073bf0ede3ea13c7105cfc45cbbbc28385a4?s=96&d=monsterid&r=g\",\"url\":\"https:\\\/\\\/secure.gravatar.com\\\/avatar\\\/04084e6d73c042b8646e7c17b494073bf0ede3ea13c7105cfc45cbbbc28385a4?s=96&d=monsterid&r=g\",\"contentUrl\":\"https:\\\/\\\/secure.gravatar.com\\\/avatar\\\/04084e6d73c042b8646e7c17b494073bf0ede3ea13c7105cfc45cbbbc28385a4?s=96&d=monsterid&r=g\",\"caption\":\"MR News\"},\"description\":\"Especializado em jornalismo colaborativo pela FTP em n\u00edvel de p\u00f3s-gradua\u00e7\u00e3o. suporte@oimeliga.combr\",\"sameAs\":[\"HUGO R.\",\"Admin\"],\"url\":\"https:\\\/\\\/mrnews.com.br\\\/index.php\\\/author\\\/admin\\\/\"}]}<\/script>\n<!-- \/ Yoast SEO plugin. -->","yoast_head_json":{"title":"PUMA RODRIGUES NA MLS - EMPRES\u00c1RIOS SE PRONUNCIAM SOBRE SUPOSTA PROPOSTA","robots":{"index":"index","follow":"follow","max-snippet":"max-snippet:-1","max-image-preview":"max-image-preview:large","max-video-preview":"max-video-preview:-1"},"canonical":"https:\/\/mrnews.com.br\/index.php\/2024\/01\/14\/puma-rodrigues-na-mls-empresarios-se-pronunciam-sobre-suposta-proposta\/","og_locale":"pt_BR","og_type":"article","og_title":"PUMA RODRIGUES NA MLS - EMPRES\u00c1RIOS SE PRONUNCIAM SOBRE SUPOSTA PROPOSTA","og_description":"Os empres\u00e1rios de Puma Rodr\u00edguez, lateral do Vasco da Gama, afirmaram desconhecer qualquer interesse por parte de uma equipe da Major League Soccer (MLS). Em declara\u00e7\u00f5es feitas pelo jornalista Wellington Campos da R\u00e1dio Tupi, os representantes do jogador negaram a exist\u00eancia de propostas de transfer\u00eancia para a liga norte-americana. A not\u00edcia levanta quest\u00f5es sobre a &hellip;","og_url":"https:\/\/mrnews.com.br\/index.php\/2024\/01\/14\/puma-rodrigues-na-mls-empresarios-se-pronunciam-sobre-suposta-proposta\/","og_site_name":"MRNews","article_publisher":"https:\/\/www.facebook.com\/eaipahpah\/?locale2=pt_BR","article_published_time":"2024-01-15T00:31:56+00:00","og_image":[{"width":1080,"height":684,"url":"https:\/\/mrnews.com.br\/wp-content\/uploads\/2023\/12\/Screenshot_20231215_160455_Instagram.jpg","type":"image\/jpeg"}],"author":"MR News","twitter_card":"summary_large_image","twitter_creator":"@conspirou","twitter_site":"@conspirou","twitter_misc":{"Escrito por":"MR News","Est. tempo de leitura":"16 minutos"},"schema":{"@context":"https:\/\/schema.org","@graph":[{"@type":"Article","@id":"https:\/\/mrnews.com.br\/index.php\/2024\/01\/14\/puma-rodrigues-na-mls-empresarios-se-pronunciam-sobre-suposta-proposta\/#article","isPartOf":{"@id":"https:\/\/mrnews.com.br\/index.php\/2024\/01\/14\/puma-rodrigues-na-mls-empresarios-se-pronunciam-sobre-suposta-proposta\/"},"author":{"name":"MR News","@id":"https:\/\/mrnews.com.br\/#\/schema\/person\/be3203154562a9f207407861cef7827b"},"headline":"PUMA RODRIGUES NA MLS &#8211; EMPRES\u00c1RIOS SE PRONUNCIAM SOBRE SUPOSTA PROPOSTA","datePublished":"2024-01-15T00:31:56+00:00","mainEntityOfPage":{"@id":"https:\/\/mrnews.com.br\/index.php\/2024\/01\/14\/puma-rodrigues-na-mls-empresarios-se-pronunciam-sobre-suposta-proposta\/"},"wordCount":3024,"commentCount":0,"publisher":{"@id":"https:\/\/mrnews.com.br\/#organization"},"image":{"@id":"https:\/\/mrnews.com.br\/index.php\/2024\/01\/14\/puma-rodrigues-na-mls-empresarios-se-pronunciam-sobre-suposta-proposta\/#primaryimage"},"thumbnailUrl":"https:\/\/mrnews.com.br\/wp-content\/uploads\/2023\/12\/Screenshot_20231215_160455_Instagram.jpg","articleSection":["Botafogo","Campeonato brasileiro","Corinthians","ESPORTES","Esportes","Flamengo","Mercado da Bola","VASCO"],"inLanguage":"pt-BR","potentialAction":[{"@type":"CommentAction","name":"Comment","target":["https:\/\/mrnews.com.br\/index.php\/2024\/01\/14\/puma-rodrigues-na-mls-empresarios-se-pronunciam-sobre-suposta-proposta\/#respond"]}]},{"@type":"WebPage","@id":"https:\/\/mrnews.com.br\/index.php\/2024\/01\/14\/puma-rodrigues-na-mls-empresarios-se-pronunciam-sobre-suposta-proposta\/","url":"https:\/\/mrnews.com.br\/index.php\/2024\/01\/14\/puma-rodrigues-na-mls-empresarios-se-pronunciam-sobre-suposta-proposta\/","name":"PUMA RODRIGUES NA MLS - EMPRES\u00c1RIOS SE PRONUNCIAM SOBRE SUPOSTA PROPOSTA","isPartOf":{"@id":"https:\/\/mrnews.com.br\/#website"},"primaryImageOfPage":{"@id":"https:\/\/mrnews.com.br\/index.php\/2024\/01\/14\/puma-rodrigues-na-mls-empresarios-se-pronunciam-sobre-suposta-proposta\/#primaryimage"},"image":{"@id":"https:\/\/mrnews.com.br\/index.php\/2024\/01\/14\/puma-rodrigues-na-mls-empresarios-se-pronunciam-sobre-suposta-proposta\/#primaryimage"},"thumbnailUrl":"https:\/\/mrnews.com.br\/wp-content\/uploads\/2023\/12\/Screenshot_20231215_160455_Instagram.jpg","datePublished":"2024-01-15T00:31:56+00:00","breadcrumb":{"@id":"https:\/\/mrnews.com.br\/index.php\/2024\/01\/14\/puma-rodrigues-na-mls-empresarios-se-pronunciam-sobre-suposta-proposta\/#breadcrumb"},"inLanguage":"pt-BR","potentialAction":[{"@type":"ReadAction","target":["https:\/\/mrnews.com.br\/index.php\/2024\/01\/14\/puma-rodrigues-na-mls-empresarios-se-pronunciam-sobre-suposta-proposta\/"]}]},{"@type":"ImageObject","inLanguage":"pt-BR","@id":"https:\/\/mrnews.com.br\/index.php\/2024\/01\/14\/puma-rodrigues-na-mls-empresarios-se-pronunciam-sobre-suposta-proposta\/#primaryimage","url":"https:\/\/mrnews.com.br\/wp-content\/uploads\/2023\/12\/Screenshot_20231215_160455_Instagram.jpg","contentUrl":"https:\/\/mrnews.com.br\/wp-content\/uploads\/2023\/12\/Screenshot_20231215_160455_Instagram.jpg","width":1080,"height":684,"caption":"Mercado da bola"},{"@type":"BreadcrumbList","@id":"https:\/\/mrnews.com.br\/index.php\/2024\/01\/14\/puma-rodrigues-na-mls-empresarios-se-pronunciam-sobre-suposta-proposta\/#breadcrumb","itemListElement":[{"@type":"ListItem","position":1,"name":"In\u00edcio","item":"https:\/\/mrnews.com.br\/"},{"@type":"ListItem","position":2,"name":"PUMA RODRIGUES NA MLS &#8211; EMPRES\u00c1RIOS SE PRONUNCIAM SOBRE SUPOSTA PROPOSTA"}]},{"@type":"WebSite","@id":"https:\/\/mrnews.com.br\/#website","url":"https:\/\/mrnews.com.br\/","name":"MRNews","description":"MRNews Jogos de hoje da TV, transmiss\u00f5es ao vivo, Not\u00edcias de futebol, Jogos ao vivo, Lives, resumo de novelas, Programa\u00e7\u00e3o da Globo, A Fazenda e BBB","publisher":{"@id":"https:\/\/mrnews.com.br\/#organization"},"potentialAction":[{"@type":"SearchAction","target":{"@type":"EntryPoint","urlTemplate":"https:\/\/mrnews.com.br\/?s={search_term_string}"},"query-input":{"@type":"PropertyValueSpecification","valueRequired":true,"valueName":"search_term_string"}}],"inLanguage":"pt-BR"},{"@type":"Organization","@id":"https:\/\/mrnews.com.br\/#organization","name":"MRNews","url":"https:\/\/mrnews.com.br\/","logo":{"@type":"ImageObject","inLanguage":"pt-BR","@id":"https:\/\/mrnews.com.br\/#\/schema\/logo\/image\/","url":"https:\/\/mrnews.com.br\/wp-content\/uploads\/2026\/08\/MRNEws.png","contentUrl":"https:\/\/mrnews.com.br\/wp-content\/uploads\/2026\/08\/MRNEws.png","width":1254,"height":1254,"caption":"MRNews"},"image":{"@id":"https:\/\/mrnews.com.br\/#\/schema\/logo\/image\/"},"sameAs":["https:\/\/www.facebook.com\/eaipahpah\/?locale2=pt_BR","https:\/\/x.com\/conspirou","https:\/\/www.instagram.com\/eai_pahpah","https:\/\/br.pinterest.com\/mrnewsn\/boards\/","https:\/\/www.youtube.com\/channel\/UCacgnpznQ61fifLWr1tQ-vA?view_as=subscriber"]},{"@type":"Person","@id":"https:\/\/mrnews.com.br\/#\/schema\/person\/be3203154562a9f207407861cef7827b","name":"MR News","image":{"@type":"ImageObject","inLanguage":"pt-BR","@id":"https:\/\/secure.gravatar.com\/avatar\/04084e6d73c042b8646e7c17b494073bf0ede3ea13c7105cfc45cbbbc28385a4?s=96&d=monsterid&r=g","url":"https:\/\/secure.gravatar.com\/avatar\/04084e6d73c042b8646e7c17b494073bf0ede3ea13c7105cfc45cbbbc28385a4?s=96&d=monsterid&r=g","contentUrl":"https:\/\/secure.gravatar.com\/avatar\/04084e6d73c042b8646e7c17b494073bf0ede3ea13c7105cfc45cbbbc28385a4?s=96&d=monsterid&r=g","caption":"MR News"},"description":"Especializado em jornalismo colaborativo pela FTP em n\u00edvel de p\u00f3s-gradua\u00e7\u00e3o. suporte@oimeliga.combr","sameAs":["HUGO R.","Admin"],"url":"https:\/\/mrnews.com.br\/index.php\/author\/admin\/"}]}},"jetpack_sharing_enabled":true,"jetpack_shortlink":"https:\/\/wp.me\/pa2Qf7-1Iva","amp_enabled":true,"jetpack_featured_media_url":"https:\/\/mrnews.com.br\/wp-content\/uploads\/2023\/12\/Screenshot_20231215_160455_Instagram.jpg","_links":{"self":[{"href":"https:\/\/mrnews.com.br\/index.php\/wp-json\/wp\/v2\/posts\/409396","targetHints":{"allow":["GET"]}}],"collection":[{"href":"https:\/\/mrnews.com.br\/index.php\/wp-json\/wp\/v2\/posts"}],"about":[{"href":"https:\/\/mrnews.com.br\/index.php\/wp-json\/wp\/v2\/types\/post"}],"author":[{"embeddable":true,"href":"https:\/\/mrnews.com.br\/index.php\/wp-json\/wp\/v2\/users\/1"}],"replies":[{"embeddable":true,"href":"https:\/\/mrnews.com.br\/index.php\/wp-json\/wp\/v2\/comments?post=409396"}],"version-history":[{"count":1,"href":"https:\/\/mrnews.com.br\/index.php\/wp-json\/wp\/v2\/posts\/409396\/revisions"}],"predecessor-version":[{"id":409397,"href":"https:\/\/mrnews.com.br\/index.php\/wp-json\/wp\/v2\/posts\/409396\/revisions\/409397"}],"wp:featuredmedia":[{"embeddable":true,"href":"https:\/\/mrnews.com.br\/index.php\/wp-json\/wp\/v2\/media\/408064"}],"wp:attachment":[{"href":"https:\/\/mrnews.com.br\/index.php\/wp-json\/wp\/v2\/media?parent=409396"}],"wp:term":[{"taxonomy":"category","embeddable":true,"href":"https:\/\/mrnews.com.br\/index.php\/wp-json\/wp\/v2\/categories?post=409396"},{"taxonomy":"post_tag","embeddable":true,"href":"https:\/\/mrnews.com.br\/index.php\/wp-json\/wp\/v2\/tags?post=409396"}],"curies":[{"name":"wp","href":"https:\/\/api.w.org\/{rel}","templated":true}]}}