{"id":410133,"date":"2024-01-22T15:52:26","date_gmt":"2024-01-22T18:52:26","guid":{"rendered":"https:\/\/mrnews.com.br\/?p=410133"},"modified":"2024-01-22T15:52:26","modified_gmt":"2024-01-22T18:52:26","slug":"sforza-se-aproxima-do-vasco-mas-clube-ja-mira-campuzano-ou-pablo-galdames","status":"publish","type":"post","link":"https:\/\/mrnews.com.br\/index.php\/2024\/01\/22\/sforza-se-aproxima-do-vasco-mas-clube-ja-mira-campuzano-ou-pablo-galdames\/","title":{"rendered":"SFORZA SE APROXIMA DO VASCO,  MAS CLUBE J\u00c1 MIRA CAMPUZANO OU Pablo Galdames"},"content":{"rendered":"<div>\n<p>Caso o Vasco da Gama n\u00e3o consiga avan\u00e7ar na negocia\u00e7\u00e3o por Sforza, Campuzano emerge como uma poss\u00edvel alternativa para refor\u00e7ar o time.<\/p>\n<p>O jogador foi oferecido ao clube cruzmaltino e recebeu a aprova\u00e7\u00e3o do scout da 777, sinalizando uma potencial oportunidade de fortalecimento no meio-campo. A decis\u00e3o sobre essa op\u00e7\u00e3o depender\u00e1 dos desdobramentos das negocia\u00e7\u00f5es e da estrat\u00e9gia adotada pela equipe para a temporada.<\/p>\n<h2>Plano C<\/h2>\n<p>O Vasco da Gama est\u00e1 atualmente envolvido em negocia\u00e7\u00f5es para a contrata\u00e7\u00e3o do volante Pablo Galdames, jogador de 26 anos que atualmente defende o Genoa, da It\u00e1lia. A poss\u00edvel transfer\u00eancia ganha ainda mais destaque ao saber que o chileno tamb\u00e9m despertou interesse por parte da Universidad Cat\u00f3lica, no Chile, adicionando uma camada de competitividade ao processo de contrata\u00e7\u00e3o. A informa\u00e7\u00e3o foi compartilhada por @gonzalofullu.<\/p>\n<p>&nbsp;<\/p>\n<h2>Shakhtar Donetsk faz proposta milion\u00e1ria por Marlon Gomes do Vasco da Gama<\/h2>\n<p><img loading=\"lazy\" decoding=\"async\" class=\"alignnone size-full wp-image-410128\" src=\"https:\/\/mrnews.com.br\/wp-content\/uploads\/2024\/01\/20240122-152949-1-1-.jpg\" alt=\"\" width=\"1080\" height=\"1155\" \/><\/p>\n<p>O talentoso jogador Marlon Gomes, de 20 anos, est\u00e1 prestes a dar um salto em sua carreira, com o Shakhtar Donetsk apresentando uma proposta consider\u00e1vel ao Vasco da Gama. A oferta, revelada por @FabrizioRomano e confirmada por @pedrosa, pode atingir impressionantes 16 milh\u00f5es de euros, aproximadamente 87 milh\u00f5es de reais, incluindo b\u00f4nus e metas contratuais.<\/p>\n<p>As negocia\u00e7\u00f5es encontram-se em est\u00e1gio avan\u00e7ado, indicando uma forte possibilidade de concretiza\u00e7\u00e3o do neg\u00f3cio. A expectativa \u00e9 de que Marlon Gomes, uma verdadeira joia do Vasco, embarque em uma nova fase em sua carreira, representando um marco tanto para o jogador quanto para os clubes envolvidos.<\/p>\n<p>A foto capturada por @Thiago_porthix ilustra o momento crucial desse epis\u00f3dio no cen\u00e1rio esportivo, deixando os f\u00e3s ansiosos para ver como essa transfer\u00eancia impactar\u00e1 o futuro do promissor atleta. Continue acompanhando #SBTSportsRio e #CanaldoPedrosa para as \u00faltimas atualiza\u00e7\u00f5es sobre essa movimenta\u00e7\u00e3o no mundo do futebol.<\/p>\n<h2>Ivan<\/h2>\n<p>Na sua estreia pelo Internacional, o goleiro Ivan enfrentou contratempos ao deixar a partida no segundo tempo devido a uma les\u00e3o no joelho. Inicialmente diagnosticada como uma entorse, exames posteriores revelaram a ruptura do ligamento cruzado do joelho direito, deixando o atleta fora de combate por tempo indeterminado.<\/p>\n<p>A les\u00e3o representa uma perda significativa para o clube ga\u00facho, que agora se prepara para enfrentar o S\u00e3o Luiz na pr\u00f3xima partida do Campeonato Ga\u00facho.<\/p>\n<h2>SFORZA<\/h2>\n<p>Em entrevista ao canal &#8220;Na Torcida Vasca\u00ednos&#8221;, o presidente do Newell&#8217;s Old Boys, expressou sua insatisfa\u00e7\u00e3o com a situa\u00e7\u00e3o envolvendo o jogador Juan Sforza. O jornalista @fabiotorres92 relatou que o dirigente demonstrou irrita\u00e7\u00e3o, alegando que, enquanto o Vasco n\u00e3o conseguiu adquirir Gustavo Cu\u00e9llar, que seria uma op\u00e7\u00e3o mais econ\u00f4mica, o valor exigido por Sforza \u00e9 ainda mais elevado. A falta de iniciativa por parte do Vasco at\u00e9 \u00e0s 16h30, sem buscar reativar as negocia\u00e7\u00f5es com o clube argentino, deixa a situa\u00e7\u00e3o estagnada e suscita incertezas sobre o desfecho da poss\u00edvel transfer\u00eancia.<\/p>\n<p>A demora em retomar as negocia\u00e7\u00f5es pode gerar impactos significativos para o Vasco, uma vez que o tempo \u00e9 crucial em janelas de transfer\u00eancias, e a persist\u00eancia na ina\u00e7\u00e3o pode comprometer as chances de contrata\u00e7\u00e3o do jogador desejado. O presidente do Newell&#8217;s Old Boys, ao expressar sua frustra\u00e7\u00e3o publicamente, intensifica a press\u00e3o sobre o Vasco, destacando a urg\u00eancia de a\u00e7\u00f5es concretas para evitar poss\u00edveis desfechos indesejados na busca por refor\u00e7os para a equipe.<\/p>\n<p>&nbsp;<\/p>\n<p>O Vasco da Gama tem uma importante janela de oportunidade at\u00e9 o dia 26\/01 para concluir a contrata\u00e7\u00e3o do volante Juan Sforza. Nessa data, encerra-se o prazo estipulado para os clubes argentinos realizarem vendas de jogadores para equipes estrangeiras, tornando crucial para o Vasco finalizar a negocia\u00e7\u00e3o dentro desse per\u00edodo.<\/p>\n<blockquote class=\"twitter-tweet\" data-width=\"500\" data-dnt=\"true\">\n<p lang=\"pt\" dir=\"ltr\">\ud83c\udde6\ud83c\uddf7 Sforza titular na estreia da Argentina no Pr\u00e9-Olimpico. <a href=\"https:\/\/t.co\/Nu4i61Yqx6\">https:\/\/t.co\/Nu4i61Yqx6<\/a><\/p>\n<p>&mdash; Arena Cruzmaltina (@are_cruzmaltina) <a href=\"https:\/\/twitter.com\/are_cruzmaltina\/status\/1749196362573287606?ref_src=twsrc%5Etfw\">January 21, 2024<\/a><\/p><\/blockquote>\n<p><script async src=\"https:\/\/platform.twitter.com\/widgets.js\" charset=\"utf-8\"><\/script><\/p>\n<p>A expectativa \u00e9 alta, e a movimenta\u00e7\u00e3o nos bastidores do futebol se intensifica \u00e0 medida que a data limite se aproxima. Acompanharemos atentamente os desdobramentos desse processo. \ud83d\uddde\ufe0f @CarlosBerbert11<\/p>\n<h2>Luciano Rodr\u00edguez<\/h2>\n<p>O t\u00e9cnico do Vasco da Gama, Ramon D\u00edaz, demonstrou clara prefer\u00eancia por Luciano Rodr\u00edguez como parte fundamental de seus planos para fortalecer a equipe. A busca por refor\u00e7os est\u00e1 sendo conduzida com dedica\u00e7\u00e3o por Andr\u00e9 Mattos, diretor de futebol do clube, que trabalha incansavelmente nos bastidores para viabilizar a chegada do jogador.<\/p>\n<p>A expectativa \u00e9 de que a adi\u00e7\u00e3o de Rodr\u00edguez traga n\u00e3o apenas qualidade t\u00e9cnica, mas tamb\u00e9m um diferencial t\u00e1tico importante para o Vasco, consolidando assim a vis\u00e3o de Ramon D\u00edaz para a temporada \u00e0 frente.<\/p>\n<blockquote class=\"instagram-media\" data-instgrm-captioned data-instgrm-permalink=\"https:\/\/www.instagram.com\/p\/C2SutGqOdIf\/?utm_source=ig_embed&amp;utm_campaign=loading\" data-instgrm-version=\"14\" style=\" background:#FFF; border:0; border-radius:3px; box-shadow:0 0 1px 0 rgba(0,0,0,0.5),0 1px 10px 0 rgba(0,0,0,0.15); margin: 1px; max-width:500px; min-width:326px; padding:0; width:99.375%; width:-webkit-calc(100% - 2px); width:calc(100% - 2px);\">\n<div style=\"padding:16px;\"> <a href=\"https:\/\/www.instagram.com\/p\/C2SutGqOdIf\/?utm_source=ig_embed&amp;utm_campaign=loading\" style=\" background:#FFFFFF; line-height:0; padding:0 0; text-align:center; text-decoration:none; width:100%;\" target=\"_blank\"> <\/p>\n<div style=\" display: flex; flex-direction: row; align-items: center;\">\n<div style=\"background-color: #F4F4F4; border-radius: 50%; flex-grow: 0; height: 40px; margin-right: 14px; width: 40px;\"><\/div>\n<div style=\"display: flex; flex-direction: column; flex-grow: 1; justify-content: center;\">\n<div style=\" background-color: #F4F4F4; border-radius: 4px; flex-grow: 0; height: 14px; margin-bottom: 6px; width: 100px;\"><\/div>\n<div style=\" background-color: #F4F4F4; border-radius: 4px; flex-grow: 0; height: 14px; width: 60px;\"><\/div>\n<\/div>\n<\/div>\n<div style=\"padding: 19% 0;\"><\/div>\n<div style=\"display:block; height:50px; margin:0 auto 12px; width:50px;\"><svg width=\"50px\" height=\"50px\" viewBox=\"0 0 60 60\" version=\"1.1\" xmlns=\"https:\/\/www.w3.org\/2000\/svg\" xmlns:xlink=\"https:\/\/www.w3.org\/1999\/xlink\"><g stroke=\"none\" stroke-width=\"1\" fill=\"none\" fill-rule=\"evenodd\"><g transform=\"translate(-511.000000, -20.000000)\" fill=\"#000000\"><g><path d=\"M556.869,30.41 C554.814,30.41 553.148,32.076 553.148,34.131 C553.148,36.186 554.814,37.852 556.869,37.852 C558.924,37.852 560.59,36.186 560.59,34.131 C560.59,32.076 558.924,30.41 556.869,30.41 M541,60.657 C535.114,60.657 530.342,55.887 530.342,50 C530.342,44.114 535.114,39.342 541,39.342 C546.887,39.342 551.658,44.114 551.658,50 C551.658,55.887 546.887,60.657 541,60.657 M541,33.886 C532.1,33.886 524.886,41.1 524.886,50 C524.886,58.899 532.1,66.113 541,66.113 C549.9,66.113 557.115,58.899 557.115,50 C557.115,41.1 549.9,33.886 541,33.886 M565.378,62.101 C565.244,65.022 564.756,66.606 564.346,67.663 C563.803,69.06 563.154,70.057 562.106,71.106 C561.058,72.155 560.06,72.803 558.662,73.347 C557.607,73.757 556.021,74.244 553.102,74.378 C549.944,74.521 548.997,74.552 541,74.552 C533.003,74.552 532.056,74.521 528.898,74.378 C525.979,74.244 524.393,73.757 523.338,73.347 C521.94,72.803 520.942,72.155 519.894,71.106 C518.846,70.057 518.197,69.06 517.654,67.663 C517.244,66.606 516.755,65.022 516.623,62.101 C516.479,58.943 516.448,57.996 516.448,50 C516.448,42.003 516.479,41.056 516.623,37.899 C516.755,34.978 517.244,33.391 517.654,32.338 C518.197,30.938 518.846,29.942 519.894,28.894 C520.942,27.846 521.94,27.196 523.338,26.654 C524.393,26.244 525.979,25.756 528.898,25.623 C532.057,25.479 533.004,25.448 541,25.448 C548.997,25.448 549.943,25.479 553.102,25.623 C556.021,25.756 557.607,26.244 558.662,26.654 C560.06,27.196 561.058,27.846 562.106,28.894 C563.154,29.942 563.803,30.938 564.346,32.338 C564.756,33.391 565.244,34.978 565.378,37.899 C565.522,41.056 565.552,42.003 565.552,50 C565.552,57.996 565.522,58.943 565.378,62.101 M570.82,37.631 C570.674,34.438 570.167,32.258 569.425,30.349 C568.659,28.377 567.633,26.702 565.965,25.035 C564.297,23.368 562.623,22.342 560.652,21.575 C558.743,20.834 556.562,20.326 553.369,20.18 C550.169,20.033 549.148,20 541,20 C532.853,20 531.831,20.033 528.631,20.18 C525.438,20.326 523.257,20.834 521.349,21.575 C519.376,22.342 517.703,23.368 516.035,25.035 C514.368,26.702 513.342,28.377 512.574,30.349 C511.834,32.258 511.326,34.438 511.181,37.631 C511.035,40.831 511,41.851 511,50 C511,58.147 511.035,59.17 511.181,62.369 C511.326,65.562 511.834,67.743 512.574,69.651 C513.342,71.625 514.368,73.296 516.035,74.965 C517.703,76.634 519.376,77.658 521.349,78.425 C523.257,79.167 525.438,79.673 528.631,79.82 C531.831,79.965 532.853,80.001 541,80.001 C549.148,80.001 550.169,79.965 553.369,79.82 C556.562,79.673 558.743,79.167 560.652,78.425 C562.623,77.658 564.297,76.634 565.965,74.965 C567.633,73.296 568.659,71.625 569.425,69.651 C570.167,67.743 570.674,65.562 570.82,62.369 C570.966,59.17 571,58.147 571,50 C571,41.851 570.966,40.831 570.82,37.631\"><\/path><\/g><\/g><\/g><\/svg><\/div>\n<div style=\"padding-top: 8px;\">\n<div style=\" color:#3897f0; font-family:Arial,sans-serif; font-size:14px; font-style:normal; font-weight:550; line-height:18px;\">View this post on Instagram<\/div>\n<\/div>\n<div style=\"padding: 12.5% 0;\"><\/div>\n<div style=\"display: flex; flex-direction: row; margin-bottom: 14px; align-items: center;\">\n<div>\n<div style=\"background-color: #F4F4F4; border-radius: 50%; height: 12.5px; width: 12.5px; transform: translateX(0px) translateY(7px);\"><\/div>\n<div style=\"background-color: #F4F4F4; height: 12.5px; transform: rotate(-45deg) translateX(3px) translateY(1px); width: 12.5px; flex-grow: 0; margin-right: 14px; margin-left: 2px;\"><\/div>\n<div style=\"background-color: #F4F4F4; border-radius: 50%; height: 12.5px; width: 12.5px; transform: translateX(9px) translateY(-18px);\"><\/div>\n<\/div>\n<div style=\"margin-left: 8px;\">\n<div style=\" background-color: #F4F4F4; border-radius: 50%; flex-grow: 0; height: 20px; width: 20px;\"><\/div>\n<div style=\" width: 0; height: 0; border-top: 2px solid transparent; border-left: 6px solid #f4f4f4; border-bottom: 2px solid transparent; transform: translateX(16px) translateY(-4px) rotate(30deg)\"><\/div>\n<\/div>\n<div style=\"margin-left: auto;\">\n<div style=\" width: 0px; border-top: 8px solid #F4F4F4; border-right: 8px solid transparent; transform: translateY(16px);\"><\/div>\n<div style=\" background-color: #F4F4F4; flex-grow: 0; height: 12px; width: 16px; transform: translateY(-4px);\"><\/div>\n<div style=\" width: 0; height: 0; border-top: 8px solid #F4F4F4; border-left: 8px solid transparent; transform: translateY(-4px) translateX(8px);\"><\/div>\n<\/div>\n<\/div>\n<div style=\"display: flex; flex-direction: column; flex-grow: 1; justify-content: center; margin-bottom: 24px;\">\n<div style=\" background-color: #F4F4F4; border-radius: 4px; flex-grow: 0; height: 14px; margin-bottom: 6px; width: 224px;\"><\/div>\n<div style=\" background-color: #F4F4F4; border-radius: 4px; flex-grow: 0; height: 14px; width: 144px;\"><\/div>\n<\/div>\n<p><\/a><\/p>\n<p style=\" color:#c9c8cd; font-family:Arial,sans-serif; font-size:14px; line-height:17px; margin-bottom:0; margin-top:8px; overflow:hidden; padding:8px 0 7px; text-align:center; text-overflow:ellipsis; white-space:nowrap;\"><a href=\"https:\/\/www.instagram.com\/p\/C2SutGqOdIf\/?utm_source=ig_embed&amp;utm_campaign=loading\" style=\" color:#c9c8cd; font-family:Arial,sans-serif; font-size:14px; font-style:normal; font-weight:normal; line-height:17px; text-decoration:none;\" target=\"_blank\">A post shared by \u2720 Fan\u00e1ticos Por Vasco \u2720 (@fanaticosporvasco)<\/a><\/p>\n<\/div>\n<\/blockquote>\n<p><script async src=\"\/\/platform.instagram.com\/en_US\/embeds.js\"><\/script><\/p>\n<h2>SFORZA NO VASCO<\/h2>\n<p>O jovem volante do Vasco, <a href=\"https:\/\/Vasconet.com.br\">Juan Sforza<\/a>, est\u00e1 prestes a entrar em campo pela Sele\u00e7\u00e3o Argentina Sub-23 em uma partida que ser\u00e1 transmitida pelo SporTv \u00e0s 20h. Com apenas 20 anos, Sforza \u00e9 uma promessa do clube carioca, e sua participa\u00e7\u00e3o no cen\u00e1rio internacional refor\u00e7a sua qualidade.<\/p>\n<p>A expectativa \u00e9 grande entre os torcedores do Vasco, que esperam ver o desempenho promissor do meio-campista durante o jogo, acompanhando cada movimento e passe preciso. Este momento na Sele\u00e7\u00e3o Argentina \u00e9 mais uma oportunidade para Sforza brilhar e contribuir tanto para o clube quanto para sua p\u00e1tria.<\/p>\n<h2>Negocia\u00e7\u00f5es Intensificadas: Vasco da Gama busca refor\u00e7os com Gustavo Cuellar e Juan Sforza<\/h2>\n<p>Ap\u00f3s demonstrar firmeza nas negocia\u00e7\u00f5es, o Al-Shabab agora enfrenta uma fase crucial ao tentar negociar o volante Gustavo Cuellar. A persist\u00eancia do Vasco da Gama em garantir o refor\u00e7o do jogador do Newell\u2019s Old Boys coloca Juan Sforza de volta \u00e0 pauta cruzmaltina.<\/p>\n<p>As negocia\u00e7\u00f5es, inicialmente dif\u00edceis, indicam uma poss\u00edvel reviravolta, com o Vasco da Gama buscando assegurar a chegada de Gustavo Cuellar ao clube. A determina\u00e7\u00e3o do Al-Shabab em fazer jogo duro parece estar cedendo, abrindo espa\u00e7o para uma retomada nas conversas.<\/p>\n<p>A expectativa \u00e9 que, diante da persist\u00eancia e habilidade do Vasco da Gama na mesa de negocia\u00e7\u00f5es, um acordo concreto possa ser alcan\u00e7ado em breve. A presen\u00e7a de Juan Sforza novamente na pauta do clube demonstra uma estrat\u00e9gia multifacetada para fortalecer o elenco.<\/p>\n<p>O volante Gustavo Cuellar, conhecido por sua habilidade t\u00e9cnica e vis\u00e3o de jogo, representa uma pe\u00e7a valiosa que pode agregar qualidade ao meio-campo do Vasco. A possibilidade de sua chegada \u00e9 aguardada com entusiasmo pelos torcedores, ansiosos por refor\u00e7os que elevem o desempenho da equipe.<\/p>\n<p>Com o desenrolar dessas negocia\u00e7\u00f5es, o futebol brasileiro aguarda atentamente para ver se o Vasco da Gama ser\u00e1 bem-sucedido na concretiza\u00e7\u00e3o desses acordos. A movimenta\u00e7\u00e3o no mercado de transfer\u00eancias promete manter os aficionados pelo esporte em constante expectativa, enquanto os clubes buscam fortalecer suas equipes para os desafios que vir\u00e3o.<\/p>\n<p>&nbsp;<\/p>\n<h2>Todas as ofertas por Cu\u00e9llar foram rejeitadas&#8217;, diz setorista do Al-Shabab<\/h2>\n<p>No \u00faltimo domingo, 21 de janeiro de 2024, o setorista do Al-Shabab, @13saeed, revelou informa\u00e7\u00f5es cruciais sobre a situa\u00e7\u00e3o de Gustavo Cu\u00e9llar no clube. Ao ser questionado sobre a possibilidade de Cu\u00e9llar deixar o Al-Shabab em janeiro, o jornalista foi enf\u00e1tico em afirmar que o jogador n\u00e3o ser\u00e1 transferido neste per\u00edodo.<\/p>\n<p>Quando indagado sobre algum contato do Vasco da Gama em rela\u00e7\u00e3o ao jogador, @13saeed n\u00e3o p\u00f4de fornecer informa\u00e7\u00f5es concretas, mas destacou um ponto importante:<\/p>\n<p>\u2014 Todas as ofertas por Cu\u00e9llar foram rejeitadas.<\/p>\n<p>Diante disso, a especula\u00e7\u00e3o sobre a perman\u00eancia de Cu\u00e9llar no Al-Shabab ganha for\u00e7a, uma vez que o setorista afirmou que o clube est\u00e1 fechado para propostas pelo jogador colombiano. O desfecho dessa situa\u00e7\u00e3o continuar\u00e1 a ser acompanhado de perto pelos torcedores e entusiastas do futebol.<\/p>\n<\/div>\n<h2 class=\"manchete\">Presidente do Newell&#8217;s, sobre reviravolta da transfer\u00eancia de Sforza para o Vasco:<\/h2>\n<div><\/div>\n<div class=\"manchete\">&#8216;Ainda n\u00e3o temos novidades&#8217;<\/div>\n<div class=\"data\">Domingo, 21\/01\/2024 &#8211; 15:35<\/div>\n<div class=\"corpo\">Carlos Berbert @CarlosBerbert11<br \/>\nPerguntei ao presidente do Newell&#8217;s, Astore, se o Vasco j\u00e1 sinalizou que vai retomar as negocia\u00e7\u00f5es. A resposta foi:&#8221;Ainda n\u00e3o temos novidades mas o torneio j\u00e1 est\u00e1 come\u00e7ando aqui e mesmo o Sforza estando na sele\u00e7\u00e3o tenho que fechar o elenco&#8221;<\/p>\n<div id=\"galeria2 list-group gallery\" class=\"galeria\">\n<table>\n<tbody>\n<tr>\n<td><a class=\"thickbox fancybox\" title=\"\" href=\"https:\/\/www.netvasco.com.br\/news\/noticias16\/arquivos\/20240121-153410-1-1-.jpg\" rel=\"ligthbox\"><img decoding=\"async\" class=\"imagemgaleria img-responsive\" src=\"https:\/\/www.netvasco.com.br\/news\/noticias16\/arquivos\/20240121-153410-1-1-.jpg\" alt=\"\" \/><\/a><\/td>\n<\/tr>\n<\/tbody>\n<\/table>\n<\/div>\n<p>Fonte: X do jornalista Carlos Berbert\/Na Torcida Vasca\u00ednos<\/p>\n<\/div>\n<h2>Al-Shabab N\u00e3o Libera Cu\u00e9llar e Sforza Volta \u00e0 Pauta do Vasco<\/h2>\n<p>No domingo, 21 de janeiro de 2024, o Vasco da Gama se viu diante de desafios na busca por refor\u00e7ar seu elenco. A tentativa de contratar Gustavo Cuellar, atualmente no Al-Shabab, esbarrou na resist\u00eancia do clube \u00e1rabe, que n\u00e3o est\u00e1 disposto a liberar o volante colombiano de 31 anos, mesmo diante da vontade do jogador de retornar ao Brasil e trabalhar novamente com Ramon Diaz.<\/p>\n<p>Mesmo com Cuellar demonstrando flexibilidade ao aceitar uma redu\u00e7\u00e3o salarial para concretizar o retorno ao Vasco, o Al-Shabab, com contrato vigente at\u00e9 julho de 2026, mant\u00e9m uma postura inflex\u00edvel, recusando-se a negociar o experiente meio-campista.<\/p>\n<p>Diante dessa negativa, o Vasco agora volta seus esfor\u00e7os para outra op\u00e7\u00e3o que j\u00e1 estava nos planos: Juan Sforza. O jovem volante argentino de 21 anos estava verbalmente acertado com o clube cruz-maltino, mas as negocia\u00e7\u00f5es haviam sido interrompidas devido \u00e0 prioridade dada \u00e0 contrata\u00e7\u00e3o de Cuellar.<\/p>\n<p>Embora as conversas com o Newell&#8217;s Old Boys indicassem que a transfer\u00eancia de Sforza para o Vasco era iminente, o clube brasileiro optou por recuar temporariamente para focar em Cuellar. Com as dificuldades nessa frente, a tend\u00eancia agora \u00e9 que as negocia\u00e7\u00f5es com a promissora joia argentina sejam retomadas, com boas perspectivas de um desfecho positivo.<\/p>\n<p>A comiss\u00e3o t\u00e9cnica, embora tenha manifestado prefer\u00eancia por Cuellar devido \u00e0 sua experi\u00eancia e qualidade j\u00e1 consolidadas, n\u00e3o descarta a habilidade de lapidar o talento promissor de Sforza. O volante argentino \u00e9 visto como uma aposta para o futuro, e a confian\u00e7a na capacidade de desenvolv\u00ea-lo permanece.<\/p>\n<p>A situa\u00e7\u00e3o atual deixa o Vasco da Gama em um momento estrat\u00e9gico de decis\u00f5es, buscando equilibrar experi\u00eancia e juventude na constru\u00e7\u00e3o de seu elenco para as pr\u00f3ximas temporadas.<\/p>\n<p>*Fonte: X do jornalista Lucas Pedrosa\/SBT*<\/p>\n<p>&nbsp;<\/p>\n<p>Segundo a imprensa uruguaia, o Vasco continua esperan\u00e7oso na contrata\u00e7\u00e3o de Luciano Rodr\u00edguez.<\/p>\n<div class=\"postage-texto\">\n<blockquote class=\"twitter-tweet\" data-dnt=\"true\">\n<p dir=\"ltr\" lang=\"es\">\ud83d\udea8\ud83c\udde7\ud83c\uddf7 Vasco Da Gama sigue con esperanzas para fichar a Luciano Rodr\u00edguez.<\/p>\n<p>V\u00eda:<\/p>\n<div class=\"share\"><\/div>\n<\/blockquote>\n<p><iframe loading=\"lazy\" class=\"i-amphtml-fill-content\" title=\"Twitter\" src=\"https:\/\/d-41963076843561201671.ampproject.net\/2312191621000\/frame.html\" name=\"{&quot;host&quot;:&quot;d-41963076843561201671.ampproject.net&quot;,&quot;bootstrap&quot;:&quot;https:\/\/3p.ampproject.net\/2312191621000\/vendor\/twitter.mjs&quot;,&quot;type&quot;:&quot;twitter&quot;,&quot;count&quot;:1,&quot;attributes&quot;:{&quot;tweetid&quot;:&quot;1747995867603231162&quot;,&quot;width&quot;:375,&quot;height&quot;:472,&quot;_context&quot;:{&quot;ampcontextVersion&quot;:&quot;2312191621000&quot;,&quot;ampcontextFilepath&quot;:&quot;https:\/\/3p.ampproject.net\/2312191621000\/ampcontext-v0.js&quot;,&quot;sourceUrl&quot;:&quot;https:\/\/m.supervasco.com\/noticias\/amp\/vasco-ainda-estaria-esperancoso-na-contratacao-de-luciano-rodriguez-383798.html#origin=https%3A%2F%2Fwww.google.com&amp;prerenderSize=1&amp;visibilityState=visible&amp;paddingTop=32&amp;p2r=0&amp;csi=1&amp;aoh=17057019104485&amp;viewerUrl=https%3A%2F%2Fwww.google.com%2Famp%2Fs%2Fm.supervasco.com%2Fnoticias%2Famp%2Fvasco-ainda-estaria-esperancoso-na-contratacao-de-luciano-rodriguez-383798.html&amp;history=1&amp;storage=1&amp;cid=1&amp;cap=navigateTo%2Ccid%2CfullReplaceHistory%2Ceducation%2Cfragment%2CreplaceUrl%2CiframeScroll&quot;,&quot;referrer&quot;:&quot;https:\/\/www.google.com\/&quot;,&quot;canonicalUrl&quot;:&quot;https:\/\/www.supervasco.com\/noticias\/vasco-ainda-estaria-esperancoso-na-contratacao-de-luciano-rodriguez-383798.html&quot;,&quot;pageViewId&quot;:&quot;4061&quot;,&quot;location&quot;:{&quot;href&quot;:&quot;https:\/\/m-supervasco-com.cdn.ampproject.org\/v\/s\/m.supervasco.com\/noticias\/amp\/vasco-ainda-estaria-esperancoso-na-contratacao-de-luciano-rodriguez-383798.html?amp_js_v=0.1&amp;usqp=mq331AQIUAKwASCAAgM%3D#origin=https%3A%2F%2Fwww.google.com&amp;prerenderSize=1&amp;visibilityState=visible&amp;paddingTop=32&amp;p2r=0&amp;csi=1&amp;aoh=17057019104485&amp;viewerUrl=https%3A%2F%2Fwww.google.com%2Famp%2Fs%2Fm.supervasco.com%2Fnoticias%2Famp%2Fvasco-ainda-estaria-esperancoso-na-contratacao-de-luciano-rodriguez-383798.html&amp;history=1&amp;storage=1&amp;cid=1&amp;cap=navigateTo%2Ccid%2CfullReplaceHistory%2Ceducation%2Cfragment%2CreplaceUrl%2CiframeScroll&quot;},&quot;startTime&quot;:1705701957124,&quot;tagName&quot;:&quot;AMP-TWITTER&quot;,&quot;mode&quot;:{&quot;localDev&quot;:false,&quot;development&quot;:false,&quot;esm&quot;:true,&quot;test&quot;:false,&quot;rtvVersion&quot;:&quot;012312191621000&quot;},&quot;canary&quot;:false,&quot;hidden&quot;:false,&quot;initialLayoutRect&quot;:{&quot;left&quot;:15,&quot;top&quot;:601,&quot;width&quot;:382,&quot;height&quot;:765},&quot;domFingerprint&quot;:&quot;1344557092&quot;,&quot;experimentToggles&quot;:{&quot;canary&quot;:false,&quot;a4aProfilingRate&quot;:false,&quot;doubleclickSraExp&quot;:false,&quot;doubleclickSraReportExcludedBlock&quot;:false,&quot;flexAdSlots&quot;:false,&quot;flexible-bitrate&quot;:false,&quot;ios-fixed-no-transfer&quot;:false,&quot;story-ad-placements&quot;:false,&quot;story-disable-animations-first-page&quot;:true,&quot;story-load-inactive-outside-viewport&quot;:true,&quot;amp-sticky-ad-to-amp-ad-v4&quot;:false,&quot;story-video-cache-apply-audio&quot;:false,&quot;amp-story-subscriptions&quot;:true,&quot;interaction-to-next-paint&quot;:true,&quot;esm&quot;:true,&quot;amp-story-first-page-max-bitrate&quot;:false,&quot;story-load-first-page-only&quot;:true,&quot;story-ad-page-outlink&quot;:false,&quot;amp-geo-ssr&quot;:true,&quot;story-remote-localization&quot;:true,&quot;attribution-reporting&quot;:false},&quot;sentinel&quot;:&quot;1-2883454517854924133&quot;},&quot;type&quot;:&quot;twitter&quot;}}\" width=\"375\" height=\"472\" scrolling=\"no\" sandbox=\"allow-top-navigation-by-user-activation allow-popups-to-escape-sandbox allow-forms allow-modals allow-pointer-lock allow-popups allow-same-origin allow-scripts\" allowfullscreen=\"allowfullscreen\" data-amp-3p-sentinel=\"1-2883454517854924133\" data-mce-fragment=\"1\"><\/iframe><\/p>\n<\/div>\n<div class=\"amp_ads\"><\/div>\n<h2><\/h2>\n<blockquote class=\"wp-embedded-content\" data-secret=\"bU07I4aUlK\"><p><a href=\"https:\/\/mrnews.com.br\/index.php\/2024\/01\/19\/vasco-mantem-negociacoes-ativas-com-luciano-rodriguez-el-lucho\/\">VASCO MANT\u00c9M NEGOCIA\u00c7\u00d5ES ATIVAS COM LUCIANO RODR\u00cdGUEZ, EL LUCHO<\/a><\/p><\/blockquote>\n<p><iframe loading=\"lazy\" class=\"wp-embedded-content\" sandbox=\"allow-scripts\" security=\"restricted\" style=\"position: absolute; clip: rect(1px, 1px, 1px, 1px);\" title=\"&#8220;VASCO MANT\u00c9M NEGOCIA\u00c7\u00d5ES ATIVAS COM LUCIANO RODR\u00cdGUEZ, EL LUCHO&#8221; &#8212; MRNews\" src=\"https:\/\/mrnews.com.br\/index.php\/2024\/01\/19\/vasco-mantem-negociacoes-ativas-com-luciano-rodriguez-el-lucho\/embed\/#?secret=R48Pj5p0BJ#?secret=bU07I4aUlK\" data-secret=\"bU07I4aUlK\" width=\"500\" height=\"282\" frameborder=\"0\" marginwidth=\"0\" marginheight=\"0\" scrolling=\"no\"><\/iframe><\/p>\n<p>&nbsp;<\/p>\n","protected":false},"excerpt":{"rendered":"<p>Caso o Vasco da Gama n\u00e3o consiga avan\u00e7ar na negocia\u00e7\u00e3o por Sforza, Campuzano emerge como uma poss\u00edvel alternativa para refor\u00e7ar o time. O jogador foi oferecido ao clube cruzmaltino e recebeu a aprova\u00e7\u00e3o do scout da 777, sinalizando uma potencial oportunidade de fortalecimento no meio-campo. A decis\u00e3o sobre essa op\u00e7\u00e3o depender\u00e1 dos desdobramentos das negocia\u00e7\u00f5es &hellip;<\/p>\n","protected":false},"author":1,"featured_media":408064,"comment_status":"open","ping_status":"open","sticky":false,"template":"","format":"standard","meta":{"_jetpack_memberships_contains_paid_content":false,"footnotes":""},"categories":[9641,9249,9580,3,4587,9606,9576,12511,9600],"tags":[],"class_list":["post-410133","post","type-post","status-publish","format-standard","has-post-thumbnail","hentry","category-botafogo","category-campeonato-brasileiro","category-corinthians","category-esportes1","category-esportes","category-flamengo","category-internacional","category-mercado-da-bola","category-vasco"],"yoast_head":"<!-- This site is optimized with the Yoast SEO plugin v27.5 - https:\/\/yoast.com\/product\/yoast-seo-wordpress\/ -->\n<title>SFORZA SE APROXIMA DO VASCO, MAS CLUBE J\u00c1 MIRA CAMPUZANO OU Pablo Galdames<\/title>\n<meta name=\"robots\" content=\"index, follow, max-snippet:-1, max-image-preview:large, max-video-preview:-1\" \/>\n<link rel=\"canonical\" href=\"https:\/\/mrnews.com.br\/index.php\/2024\/01\/22\/sforza-se-aproxima-do-vasco-mas-clube-ja-mira-campuzano-ou-pablo-galdames\/\" \/>\n<meta property=\"og:locale\" content=\"pt_BR\" \/>\n<meta property=\"og:type\" content=\"article\" \/>\n<meta property=\"og:title\" content=\"SFORZA SE APROXIMA DO VASCO, MAS CLUBE J\u00c1 MIRA CAMPUZANO OU Pablo Galdames\" \/>\n<meta property=\"og:description\" content=\"Caso o Vasco da Gama n\u00e3o consiga avan\u00e7ar na negocia\u00e7\u00e3o por Sforza, Campuzano emerge como uma poss\u00edvel alternativa para refor\u00e7ar o time. O jogador foi oferecido ao clube cruzmaltino e recebeu a aprova\u00e7\u00e3o do scout da 777, sinalizando uma potencial oportunidade de fortalecimento no meio-campo. A decis\u00e3o sobre essa op\u00e7\u00e3o depender\u00e1 dos desdobramentos das negocia\u00e7\u00f5es &hellip;\" \/>\n<meta property=\"og:url\" content=\"https:\/\/mrnews.com.br\/index.php\/2024\/01\/22\/sforza-se-aproxima-do-vasco-mas-clube-ja-mira-campuzano-ou-pablo-galdames\/\" \/>\n<meta property=\"og:site_name\" content=\"MRNews\" \/>\n<meta property=\"article:publisher\" content=\"https:\/\/www.facebook.com\/eaipahpah\/?locale2=pt_BR\" \/>\n<meta property=\"article:published_time\" content=\"2024-01-22T18:52:26+00:00\" \/>\n<meta property=\"og:image\" content=\"https:\/\/mrnews.com.br\/wp-content\/uploads\/2023\/12\/Screenshot_20231215_160455_Instagram.jpg\" \/>\n\t<meta property=\"og:image:width\" content=\"1080\" \/>\n\t<meta property=\"og:image:height\" content=\"684\" \/>\n\t<meta property=\"og:image:type\" content=\"image\/jpeg\" \/>\n<meta name=\"author\" content=\"MR News\" \/>\n<meta name=\"twitter:card\" content=\"summary_large_image\" \/>\n<meta name=\"twitter:creator\" content=\"@conspirou\" \/>\n<meta name=\"twitter:site\" content=\"@conspirou\" \/>\n<meta name=\"twitter:label1\" content=\"Escrito por\" \/>\n\t<meta name=\"twitter:data1\" content=\"MR News\" \/>\n\t<meta name=\"twitter:label2\" content=\"Est. tempo de leitura\" \/>\n\t<meta name=\"twitter:data2\" content=\"10 minutos\" \/>\n<script type=\"application\/ld+json\" class=\"yoast-schema-graph\">{\"@context\":\"https:\\\/\\\/schema.org\",\"@graph\":[{\"@type\":\"Article\",\"@id\":\"https:\\\/\\\/mrnews.com.br\\\/index.php\\\/2024\\\/01\\\/22\\\/sforza-se-aproxima-do-vasco-mas-clube-ja-mira-campuzano-ou-pablo-galdames\\\/#article\",\"isPartOf\":{\"@id\":\"https:\\\/\\\/mrnews.com.br\\\/index.php\\\/2024\\\/01\\\/22\\\/sforza-se-aproxima-do-vasco-mas-clube-ja-mira-campuzano-ou-pablo-galdames\\\/\"},\"author\":{\"name\":\"MR News\",\"@id\":\"https:\\\/\\\/mrnews.com.br\\\/#\\\/schema\\\/person\\\/be3203154562a9f207407861cef7827b\"},\"headline\":\"SFORZA SE APROXIMA DO VASCO, MAS CLUBE J\u00c1 MIRA CAMPUZANO OU Pablo Galdames\",\"datePublished\":\"2024-01-22T18:52:26+00:00\",\"mainEntityOfPage\":{\"@id\":\"https:\\\/\\\/mrnews.com.br\\\/index.php\\\/2024\\\/01\\\/22\\\/sforza-se-aproxima-do-vasco-mas-clube-ja-mira-campuzano-ou-pablo-galdames\\\/\"},\"wordCount\":1751,\"commentCount\":0,\"publisher\":{\"@id\":\"https:\\\/\\\/mrnews.com.br\\\/#organization\"},\"image\":{\"@id\":\"https:\\\/\\\/mrnews.com.br\\\/index.php\\\/2024\\\/01\\\/22\\\/sforza-se-aproxima-do-vasco-mas-clube-ja-mira-campuzano-ou-pablo-galdames\\\/#primaryimage\"},\"thumbnailUrl\":\"https:\\\/\\\/mrnews.com.br\\\/wp-content\\\/uploads\\\/2023\\\/12\\\/Screenshot_20231215_160455_Instagram.jpg\",\"articleSection\":[\"Botafogo\",\"Campeonato brasileiro\",\"Corinthians\",\"ESPORTES\",\"Esportes\",\"Flamengo\",\"Internacional\",\"Mercado da Bola\",\"VASCO\"],\"inLanguage\":\"pt-BR\",\"potentialAction\":[{\"@type\":\"CommentAction\",\"name\":\"Comment\",\"target\":[\"https:\\\/\\\/mrnews.com.br\\\/index.php\\\/2024\\\/01\\\/22\\\/sforza-se-aproxima-do-vasco-mas-clube-ja-mira-campuzano-ou-pablo-galdames\\\/#respond\"]}]},{\"@type\":\"WebPage\",\"@id\":\"https:\\\/\\\/mrnews.com.br\\\/index.php\\\/2024\\\/01\\\/22\\\/sforza-se-aproxima-do-vasco-mas-clube-ja-mira-campuzano-ou-pablo-galdames\\\/\",\"url\":\"https:\\\/\\\/mrnews.com.br\\\/index.php\\\/2024\\\/01\\\/22\\\/sforza-se-aproxima-do-vasco-mas-clube-ja-mira-campuzano-ou-pablo-galdames\\\/\",\"name\":\"SFORZA SE APROXIMA DO VASCO, MAS CLUBE J\u00c1 MIRA CAMPUZANO OU Pablo Galdames\",\"isPartOf\":{\"@id\":\"https:\\\/\\\/mrnews.com.br\\\/#website\"},\"primaryImageOfPage\":{\"@id\":\"https:\\\/\\\/mrnews.com.br\\\/index.php\\\/2024\\\/01\\\/22\\\/sforza-se-aproxima-do-vasco-mas-clube-ja-mira-campuzano-ou-pablo-galdames\\\/#primaryimage\"},\"image\":{\"@id\":\"https:\\\/\\\/mrnews.com.br\\\/index.php\\\/2024\\\/01\\\/22\\\/sforza-se-aproxima-do-vasco-mas-clube-ja-mira-campuzano-ou-pablo-galdames\\\/#primaryimage\"},\"thumbnailUrl\":\"https:\\\/\\\/mrnews.com.br\\\/wp-content\\\/uploads\\\/2023\\\/12\\\/Screenshot_20231215_160455_Instagram.jpg\",\"datePublished\":\"2024-01-22T18:52:26+00:00\",\"breadcrumb\":{\"@id\":\"https:\\\/\\\/mrnews.com.br\\\/index.php\\\/2024\\\/01\\\/22\\\/sforza-se-aproxima-do-vasco-mas-clube-ja-mira-campuzano-ou-pablo-galdames\\\/#breadcrumb\"},\"inLanguage\":\"pt-BR\",\"potentialAction\":[{\"@type\":\"ReadAction\",\"target\":[\"https:\\\/\\\/mrnews.com.br\\\/index.php\\\/2024\\\/01\\\/22\\\/sforza-se-aproxima-do-vasco-mas-clube-ja-mira-campuzano-ou-pablo-galdames\\\/\"]}]},{\"@type\":\"ImageObject\",\"inLanguage\":\"pt-BR\",\"@id\":\"https:\\\/\\\/mrnews.com.br\\\/index.php\\\/2024\\\/01\\\/22\\\/sforza-se-aproxima-do-vasco-mas-clube-ja-mira-campuzano-ou-pablo-galdames\\\/#primaryimage\",\"url\":\"https:\\\/\\\/mrnews.com.br\\\/wp-content\\\/uploads\\\/2023\\\/12\\\/Screenshot_20231215_160455_Instagram.jpg\",\"contentUrl\":\"https:\\\/\\\/mrnews.com.br\\\/wp-content\\\/uploads\\\/2023\\\/12\\\/Screenshot_20231215_160455_Instagram.jpg\",\"width\":1080,\"height\":684,\"caption\":\"Mercado da bola\"},{\"@type\":\"BreadcrumbList\",\"@id\":\"https:\\\/\\\/mrnews.com.br\\\/index.php\\\/2024\\\/01\\\/22\\\/sforza-se-aproxima-do-vasco-mas-clube-ja-mira-campuzano-ou-pablo-galdames\\\/#breadcrumb\",\"itemListElement\":[{\"@type\":\"ListItem\",\"position\":1,\"name\":\"In\u00edcio\",\"item\":\"https:\\\/\\\/mrnews.com.br\\\/\"},{\"@type\":\"ListItem\",\"position\":2,\"name\":\"SFORZA SE APROXIMA DO VASCO, MAS CLUBE J\u00c1 MIRA CAMPUZANO OU Pablo Galdames\"}]},{\"@type\":\"WebSite\",\"@id\":\"https:\\\/\\\/mrnews.com.br\\\/#website\",\"url\":\"https:\\\/\\\/mrnews.com.br\\\/\",\"name\":\"MRNews\",\"description\":\"MRNews Jogos de hoje da TV, transmiss\u00f5es ao vivo, Not\u00edcias de futebol, Jogos ao vivo, Lives, resumo de novelas, Programa\u00e7\u00e3o da Globo, A Fazenda e BBB\",\"publisher\":{\"@id\":\"https:\\\/\\\/mrnews.com.br\\\/#organization\"},\"potentialAction\":[{\"@type\":\"SearchAction\",\"target\":{\"@type\":\"EntryPoint\",\"urlTemplate\":\"https:\\\/\\\/mrnews.com.br\\\/?s={search_term_string}\"},\"query-input\":{\"@type\":\"PropertyValueSpecification\",\"valueRequired\":true,\"valueName\":\"search_term_string\"}}],\"inLanguage\":\"pt-BR\"},{\"@type\":\"Organization\",\"@id\":\"https:\\\/\\\/mrnews.com.br\\\/#organization\",\"name\":\"MRNews\",\"url\":\"https:\\\/\\\/mrnews.com.br\\\/\",\"logo\":{\"@type\":\"ImageObject\",\"inLanguage\":\"pt-BR\",\"@id\":\"https:\\\/\\\/mrnews.com.br\\\/#\\\/schema\\\/logo\\\/image\\\/\",\"url\":\"https:\\\/\\\/mrnews.com.br\\\/wp-content\\\/uploads\\\/2019\\\/06\\\/MRNewslogo2.png\",\"contentUrl\":\"https:\\\/\\\/mrnews.com.br\\\/wp-content\\\/uploads\\\/2019\\\/06\\\/MRNewslogo2.png\",\"width\":223,\"height\":58,\"caption\":\"MRNews\"},\"image\":{\"@id\":\"https:\\\/\\\/mrnews.com.br\\\/#\\\/schema\\\/logo\\\/image\\\/\"},\"sameAs\":[\"https:\\\/\\\/www.facebook.com\\\/eaipahpah\\\/?locale2=pt_BR\",\"https:\\\/\\\/x.com\\\/conspirou\",\"https:\\\/\\\/www.instagram.com\\\/eai_pahpah\",\"https:\\\/\\\/br.pinterest.com\\\/mrnewsn\\\/boards\\\/\",\"https:\\\/\\\/www.youtube.com\\\/channel\\\/UCacgnpznQ61fifLWr1tQ-vA?view_as=subscriber\"]},{\"@type\":\"Person\",\"@id\":\"https:\\\/\\\/mrnews.com.br\\\/#\\\/schema\\\/person\\\/be3203154562a9f207407861cef7827b\",\"name\":\"MR News\",\"image\":{\"@type\":\"ImageObject\",\"inLanguage\":\"pt-BR\",\"@id\":\"https:\\\/\\\/secure.gravatar.com\\\/avatar\\\/04084e6d73c042b8646e7c17b494073bf0ede3ea13c7105cfc45cbbbc28385a4?s=96&d=monsterid&r=g\",\"url\":\"https:\\\/\\\/secure.gravatar.com\\\/avatar\\\/04084e6d73c042b8646e7c17b494073bf0ede3ea13c7105cfc45cbbbc28385a4?s=96&d=monsterid&r=g\",\"contentUrl\":\"https:\\\/\\\/secure.gravatar.com\\\/avatar\\\/04084e6d73c042b8646e7c17b494073bf0ede3ea13c7105cfc45cbbbc28385a4?s=96&d=monsterid&r=g\",\"caption\":\"MR News\"},\"description\":\"Especializado em jornalismo colaborativo pela FTP em n\u00edvel de p\u00f3s-gradua\u00e7\u00e3o. suporte@oimeliga.combr\",\"sameAs\":[\"HUGO R.\",\"Admin\"],\"url\":\"https:\\\/\\\/mrnews.com.br\\\/index.php\\\/author\\\/admin\\\/\"}]}<\/script>\n<!-- \/ Yoast SEO plugin. -->","yoast_head_json":{"title":"SFORZA SE APROXIMA DO VASCO, MAS CLUBE J\u00c1 MIRA CAMPUZANO OU Pablo Galdames","robots":{"index":"index","follow":"follow","max-snippet":"max-snippet:-1","max-image-preview":"max-image-preview:large","max-video-preview":"max-video-preview:-1"},"canonical":"https:\/\/mrnews.com.br\/index.php\/2024\/01\/22\/sforza-se-aproxima-do-vasco-mas-clube-ja-mira-campuzano-ou-pablo-galdames\/","og_locale":"pt_BR","og_type":"article","og_title":"SFORZA SE APROXIMA DO VASCO, MAS CLUBE J\u00c1 MIRA CAMPUZANO OU Pablo Galdames","og_description":"Caso o Vasco da Gama n\u00e3o consiga avan\u00e7ar na negocia\u00e7\u00e3o por Sforza, Campuzano emerge como uma poss\u00edvel alternativa para refor\u00e7ar o time. O jogador foi oferecido ao clube cruzmaltino e recebeu a aprova\u00e7\u00e3o do scout da 777, sinalizando uma potencial oportunidade de fortalecimento no meio-campo. A decis\u00e3o sobre essa op\u00e7\u00e3o depender\u00e1 dos desdobramentos das negocia\u00e7\u00f5es &hellip;","og_url":"https:\/\/mrnews.com.br\/index.php\/2024\/01\/22\/sforza-se-aproxima-do-vasco-mas-clube-ja-mira-campuzano-ou-pablo-galdames\/","og_site_name":"MRNews","article_publisher":"https:\/\/www.facebook.com\/eaipahpah\/?locale2=pt_BR","article_published_time":"2024-01-22T18:52:26+00:00","og_image":[{"width":1080,"height":684,"url":"https:\/\/mrnews.com.br\/wp-content\/uploads\/2023\/12\/Screenshot_20231215_160455_Instagram.jpg","type":"image\/jpeg"}],"author":"MR News","twitter_card":"summary_large_image","twitter_creator":"@conspirou","twitter_site":"@conspirou","twitter_misc":{"Escrito por":"MR News","Est. tempo de leitura":"10 minutos"},"schema":{"@context":"https:\/\/schema.org","@graph":[{"@type":"Article","@id":"https:\/\/mrnews.com.br\/index.php\/2024\/01\/22\/sforza-se-aproxima-do-vasco-mas-clube-ja-mira-campuzano-ou-pablo-galdames\/#article","isPartOf":{"@id":"https:\/\/mrnews.com.br\/index.php\/2024\/01\/22\/sforza-se-aproxima-do-vasco-mas-clube-ja-mira-campuzano-ou-pablo-galdames\/"},"author":{"name":"MR News","@id":"https:\/\/mrnews.com.br\/#\/schema\/person\/be3203154562a9f207407861cef7827b"},"headline":"SFORZA SE APROXIMA DO VASCO, MAS CLUBE J\u00c1 MIRA CAMPUZANO OU Pablo Galdames","datePublished":"2024-01-22T18:52:26+00:00","mainEntityOfPage":{"@id":"https:\/\/mrnews.com.br\/index.php\/2024\/01\/22\/sforza-se-aproxima-do-vasco-mas-clube-ja-mira-campuzano-ou-pablo-galdames\/"},"wordCount":1751,"commentCount":0,"publisher":{"@id":"https:\/\/mrnews.com.br\/#organization"},"image":{"@id":"https:\/\/mrnews.com.br\/index.php\/2024\/01\/22\/sforza-se-aproxima-do-vasco-mas-clube-ja-mira-campuzano-ou-pablo-galdames\/#primaryimage"},"thumbnailUrl":"https:\/\/mrnews.com.br\/wp-content\/uploads\/2023\/12\/Screenshot_20231215_160455_Instagram.jpg","articleSection":["Botafogo","Campeonato brasileiro","Corinthians","ESPORTES","Esportes","Flamengo","Internacional","Mercado da Bola","VASCO"],"inLanguage":"pt-BR","potentialAction":[{"@type":"CommentAction","name":"Comment","target":["https:\/\/mrnews.com.br\/index.php\/2024\/01\/22\/sforza-se-aproxima-do-vasco-mas-clube-ja-mira-campuzano-ou-pablo-galdames\/#respond"]}]},{"@type":"WebPage","@id":"https:\/\/mrnews.com.br\/index.php\/2024\/01\/22\/sforza-se-aproxima-do-vasco-mas-clube-ja-mira-campuzano-ou-pablo-galdames\/","url":"https:\/\/mrnews.com.br\/index.php\/2024\/01\/22\/sforza-se-aproxima-do-vasco-mas-clube-ja-mira-campuzano-ou-pablo-galdames\/","name":"SFORZA SE APROXIMA DO VASCO, MAS CLUBE J\u00c1 MIRA CAMPUZANO OU Pablo Galdames","isPartOf":{"@id":"https:\/\/mrnews.com.br\/#website"},"primaryImageOfPage":{"@id":"https:\/\/mrnews.com.br\/index.php\/2024\/01\/22\/sforza-se-aproxima-do-vasco-mas-clube-ja-mira-campuzano-ou-pablo-galdames\/#primaryimage"},"image":{"@id":"https:\/\/mrnews.com.br\/index.php\/2024\/01\/22\/sforza-se-aproxima-do-vasco-mas-clube-ja-mira-campuzano-ou-pablo-galdames\/#primaryimage"},"thumbnailUrl":"https:\/\/mrnews.com.br\/wp-content\/uploads\/2023\/12\/Screenshot_20231215_160455_Instagram.jpg","datePublished":"2024-01-22T18:52:26+00:00","breadcrumb":{"@id":"https:\/\/mrnews.com.br\/index.php\/2024\/01\/22\/sforza-se-aproxima-do-vasco-mas-clube-ja-mira-campuzano-ou-pablo-galdames\/#breadcrumb"},"inLanguage":"pt-BR","potentialAction":[{"@type":"ReadAction","target":["https:\/\/mrnews.com.br\/index.php\/2024\/01\/22\/sforza-se-aproxima-do-vasco-mas-clube-ja-mira-campuzano-ou-pablo-galdames\/"]}]},{"@type":"ImageObject","inLanguage":"pt-BR","@id":"https:\/\/mrnews.com.br\/index.php\/2024\/01\/22\/sforza-se-aproxima-do-vasco-mas-clube-ja-mira-campuzano-ou-pablo-galdames\/#primaryimage","url":"https:\/\/mrnews.com.br\/wp-content\/uploads\/2023\/12\/Screenshot_20231215_160455_Instagram.jpg","contentUrl":"https:\/\/mrnews.com.br\/wp-content\/uploads\/2023\/12\/Screenshot_20231215_160455_Instagram.jpg","width":1080,"height":684,"caption":"Mercado da bola"},{"@type":"BreadcrumbList","@id":"https:\/\/mrnews.com.br\/index.php\/2024\/01\/22\/sforza-se-aproxima-do-vasco-mas-clube-ja-mira-campuzano-ou-pablo-galdames\/#breadcrumb","itemListElement":[{"@type":"ListItem","position":1,"name":"In\u00edcio","item":"https:\/\/mrnews.com.br\/"},{"@type":"ListItem","position":2,"name":"SFORZA SE APROXIMA DO VASCO, MAS CLUBE J\u00c1 MIRA CAMPUZANO OU Pablo Galdames"}]},{"@type":"WebSite","@id":"https:\/\/mrnews.com.br\/#website","url":"https:\/\/mrnews.com.br\/","name":"MRNews","description":"MRNews Jogos de hoje da TV, transmiss\u00f5es ao vivo, Not\u00edcias de futebol, Jogos ao vivo, Lives, resumo de novelas, Programa\u00e7\u00e3o da Globo, A Fazenda e BBB","publisher":{"@id":"https:\/\/mrnews.com.br\/#organization"},"potentialAction":[{"@type":"SearchAction","target":{"@type":"EntryPoint","urlTemplate":"https:\/\/mrnews.com.br\/?s={search_term_string}"},"query-input":{"@type":"PropertyValueSpecification","valueRequired":true,"valueName":"search_term_string"}}],"inLanguage":"pt-BR"},{"@type":"Organization","@id":"https:\/\/mrnews.com.br\/#organization","name":"MRNews","url":"https:\/\/mrnews.com.br\/","logo":{"@type":"ImageObject","inLanguage":"pt-BR","@id":"https:\/\/mrnews.com.br\/#\/schema\/logo\/image\/","url":"https:\/\/mrnews.com.br\/wp-content\/uploads\/2019\/06\/MRNewslogo2.png","contentUrl":"https:\/\/mrnews.com.br\/wp-content\/uploads\/2019\/06\/MRNewslogo2.png","width":223,"height":58,"caption":"MRNews"},"image":{"@id":"https:\/\/mrnews.com.br\/#\/schema\/logo\/image\/"},"sameAs":["https:\/\/www.facebook.com\/eaipahpah\/?locale2=pt_BR","https:\/\/x.com\/conspirou","https:\/\/www.instagram.com\/eai_pahpah","https:\/\/br.pinterest.com\/mrnewsn\/boards\/","https:\/\/www.youtube.com\/channel\/UCacgnpznQ61fifLWr1tQ-vA?view_as=subscriber"]},{"@type":"Person","@id":"https:\/\/mrnews.com.br\/#\/schema\/person\/be3203154562a9f207407861cef7827b","name":"MR News","image":{"@type":"ImageObject","inLanguage":"pt-BR","@id":"https:\/\/secure.gravatar.com\/avatar\/04084e6d73c042b8646e7c17b494073bf0ede3ea13c7105cfc45cbbbc28385a4?s=96&d=monsterid&r=g","url":"https:\/\/secure.gravatar.com\/avatar\/04084e6d73c042b8646e7c17b494073bf0ede3ea13c7105cfc45cbbbc28385a4?s=96&d=monsterid&r=g","contentUrl":"https:\/\/secure.gravatar.com\/avatar\/04084e6d73c042b8646e7c17b494073bf0ede3ea13c7105cfc45cbbbc28385a4?s=96&d=monsterid&r=g","caption":"MR News"},"description":"Especializado em jornalismo colaborativo pela FTP em n\u00edvel de p\u00f3s-gradua\u00e7\u00e3o. suporte@oimeliga.combr","sameAs":["HUGO R.","Admin"],"url":"https:\/\/mrnews.com.br\/index.php\/author\/admin\/"}]}},"jetpack_featured_media_url":"https:\/\/mrnews.com.br\/wp-content\/uploads\/2023\/12\/Screenshot_20231215_160455_Instagram.jpg","jetpack_sharing_enabled":true,"jetpack_shortlink":"https:\/\/wp.me\/pa2Qf7-1IH3","amp_enabled":true,"_links":{"self":[{"href":"https:\/\/mrnews.com.br\/index.php\/wp-json\/wp\/v2\/posts\/410133","targetHints":{"allow":["GET"]}}],"collection":[{"href":"https:\/\/mrnews.com.br\/index.php\/wp-json\/wp\/v2\/posts"}],"about":[{"href":"https:\/\/mrnews.com.br\/index.php\/wp-json\/wp\/v2\/types\/post"}],"author":[{"embeddable":true,"href":"https:\/\/mrnews.com.br\/index.php\/wp-json\/wp\/v2\/users\/1"}],"replies":[{"embeddable":true,"href":"https:\/\/mrnews.com.br\/index.php\/wp-json\/wp\/v2\/comments?post=410133"}],"version-history":[{"count":1,"href":"https:\/\/mrnews.com.br\/index.php\/wp-json\/wp\/v2\/posts\/410133\/revisions"}],"predecessor-version":[{"id":410134,"href":"https:\/\/mrnews.com.br\/index.php\/wp-json\/wp\/v2\/posts\/410133\/revisions\/410134"}],"wp:featuredmedia":[{"embeddable":true,"href":"https:\/\/mrnews.com.br\/index.php\/wp-json\/wp\/v2\/media\/408064"}],"wp:attachment":[{"href":"https:\/\/mrnews.com.br\/index.php\/wp-json\/wp\/v2\/media?parent=410133"}],"wp:term":[{"taxonomy":"category","embeddable":true,"href":"https:\/\/mrnews.com.br\/index.php\/wp-json\/wp\/v2\/categories?post=410133"},{"taxonomy":"post_tag","embeddable":true,"href":"https:\/\/mrnews.com.br\/index.php\/wp-json\/wp\/v2\/tags?post=410133"}],"curies":[{"name":"wp","href":"https:\/\/api.w.org\/{rel}","templated":true}]}}