{"id":410439,"date":"2024-01-27T11:54:19","date_gmt":"2024-01-27T14:54:19","guid":{"rendered":"https:\/\/mrnews.com.br\/?p=410439"},"modified":"2024-01-27T11:54:19","modified_gmt":"2024-01-27T14:54:19","slug":"vasco-e-penarol-orellano-pode-ser-envolvido-em-troca-por-luciano-rodriguez","status":"publish","type":"post","link":"https:\/\/mrnews.com.br\/index.php\/2024\/01\/27\/vasco-e-penarol-orellano-pode-ser-envolvido-em-troca-por-luciano-rodriguez\/","title":{"rendered":"VASCO E PENAROL &#8211; ORELLANO PODE SER ENVOLVIDO EM TROCA POR LUCIANO RODR\u00cdGUEZ"},"content":{"rendered":"<p>A poss\u00edvel inclus\u00e3o de Orellano na negocia\u00e7\u00e3o por Luciano Rodr\u00edguez \u00e9 uma perspectiva interessante. Enquanto o Penarol expressa interesse no jogador, Orellano manifesta o desejo de retornar \u00e0 Argentina. A din\u00e2mica dessa negocia\u00e7\u00e3o, portanto, fica marcada pela interse\u00e7\u00e3o dos interesses do clube uruguaio e das aspira\u00e7\u00f5es pessoais do jogador argentino. O desfecho dessa situa\u00e7\u00e3o permanece incerto, e aguardemos para ver como as negocia\u00e7\u00f5es se desdobram.<\/p>\n<h2>Tet\u00ea do Galatasaray<\/h2>\n<p>O Bahia est\u00e1 observando o atacante Tet\u00ea, ponta direita de 23 anos do Galatasaray. Um clube do Brasil j\u00e1 fez uma oferta de 4 milh\u00f5es de euros pelo jogador.<\/p>\n<p>O clube seria o Vasco,\u00a0 segundo site de <a href=\"https:\/\/Vasconet.com.br\">Vasconet.com.br<\/a><\/p>\n<p>O Bahia encontra-se atento \u00e0s habilidades do promissor atacante Tet\u00ea, um ponta direita de 23 anos que atualmente integra o elenco do Galatasaray. O clube brasileiro demonstrou seu interesse de forma concreta ao apresentar uma oferta financeira significativa, propondo a cifra de 4 milh\u00f5es de euros para adquirir os servi\u00e7os do jogador. Essa movimenta\u00e7\u00e3o sugere uma estrat\u00e9gia assertiva por parte do Bahia para refor\u00e7ar seu elenco, apostando em talentos emergentes para fortalecer sua presen\u00e7a no cen\u00e1rio futebol\u00edstico.<\/p>\n<p>A oferta de 4 milh\u00f5es de euros por Tet\u00ea destaca a determina\u00e7\u00e3o do clube brasileiro em assegurar a contrata\u00e7\u00e3o do talentoso atacante. Este movimento n\u00e3o apenas ressalta a busca por refor\u00e7os de qualidade, mas tamb\u00e9m evidencia a competitividade do mercado de transfer\u00eancias no futebol, onde clubes est\u00e3o dispostos a investir consider\u00e1veis quantias para garantir a presen\u00e7a de jogadores capazes de fazer a diferen\u00e7a em campo. O desenrolar dessa negocia\u00e7\u00e3o certamente captura a aten\u00e7\u00e3o dos torcedores e adiciona uma dose extra de expectativa ao cen\u00e1rio esportivo local.<\/p>\n<blockquote class=\"twitter-tweet\" data-width=\"500\" data-dnt=\"true\">\n<p lang=\"pt\" dir=\"ltr\">O Bahia est\u00e1 observando o atacante Tet\u00ea, ponta direita de 23 anos do Galatasaray. Um clube do Brasil j\u00e1 fez uma oferta de 4 milh\u00f5es de euros pelo jogador.<\/p>\n<p>(JULIO MIGUEL NETO \/ Ertan S\u00fczg\u00fcn) <a href=\"https:\/\/t.co\/FOZHqEktOa\">pic.twitter.com\/FOZHqEktOa<\/a><\/p>\n<p>&mdash; Palco do Esporte (@PalcoDoEsporte) <a href=\"https:\/\/twitter.com\/PalcoDoEsporte\/status\/1751050855153877351?ref_src=twsrc%5Etfw\">January 27, 2024<\/a><\/p><\/blockquote>\n<p><script async src=\"https:\/\/platform.twitter.com\/widgets.js\" charset=\"utf-8\"><\/script><\/p>\n<h2>Ponta esquerda no Vasco<\/h2>\n<p>A comiss\u00e3o t\u00e9cnica do Vasco da Gama avaliou que o elenco atual carece de refor\u00e7os na posi\u00e7\u00e3o de ponta-esquerda, identificando a necessidade de um jogador mais adequado para desempenhar essa fun\u00e7\u00e3o espec\u00edfica. Dentro desse contexto, o entendimento \u00e9 de que David n\u00e3o preenche totalmente os requisitos desejados para o papel, motivando a busca por novas op\u00e7\u00f5es para fortalecer o time.<\/p>\n<p>Nesse sentido, Alexandre Mattos, respons\u00e1vel pela gest\u00e3o do departamento de futebol, est\u00e1 empenhado em encontrar o jogador ideal para a posi\u00e7\u00e3o. Ele j\u00e1 apresentou alguns nomes \u00e0 777, aguardando o aval dessa inst\u00e2ncia para prosseguir com as negocia\u00e7\u00f5es e garantir a contrata\u00e7\u00e3o que atenda \u00e0s expectativas da comiss\u00e3o t\u00e9cnica e contribua para o fortalecimento do Vasco no cen\u00e1rio esportivo.<\/p>\n<p>&nbsp;<\/p>\n<h2>O Retorno de Pablo Galdames: Uma Perspectiva Exclusiva do Jornalista Fernandez Puma<\/h2>\n<p>Entrevistamos o jornalista @fernandez_puma do &#8220;Di\u00e1rio AS&#8221;, do Chile, para obter insights exclusivos sobre Pablo Galdames, jogador que est\u00e1 buscando retomar sua carreira no Brasil, mais precisamente no Vasco da Gama.<\/p>\n<p>*Estilo de Jogo de Pablo Galdames:*<br \/>\nSegundo Fernandez Puma, Galdames \u00e9 um jogador vers\u00e1til com boa vis\u00e3o de jogo e destreza nos dois p\u00e9s. Ao longo de sua carreira, destacou-se em posi\u00e7\u00f5es mais defensivas no meio-campo, sendo seu desempenho diretamente ligado \u00e0 confian\u00e7a.<\/p>\n<p>*Caracter\u00edsticas Positivas e Negativas:*<br \/>\nAs principais caracter\u00edsticas positivas de Galdames incluem posicionamento, qualidade nos passes e habilidade de finaliza\u00e7\u00e3o. No entanto, sua contribui\u00e7\u00e3o est\u00e1 condicionada \u00e0 conquista de confian\u00e7a. Paci\u00eancia \u00e9 a palavra-chave para os torcedores.<\/p>\n<p>*\u00daltimas Temporadas:*<br \/>\nAp\u00f3s um per\u00edodo discreto, Galdames tenta ressurgir no futebol brasileiro, vindo de um empr\u00e9stimo no Genoa. Embora tenha somado minutos ap\u00f3s seu retorno, n\u00e3o joga desde dezembro, buscando agora consolidar-se no Brasil.<\/p>\n<p>*Destaque no Futebol Brasileiro aos 27 anos:*<br \/>\nFernandez Puma acredita que, se Galdames focar no futebol e ganhar confian\u00e7a, pode destacar-se no Brasil. Contudo, alerta que os torcedores precisar\u00e3o ter paci\u00eancia durante esse processo.<\/p>\n<p>Infelizmente, o torcedor chileno costuma criticar Galdames, muitas vezes comparando-o ao seu pai, um ex-jogador. O jornalista considera essa avalia\u00e7\u00e3o injusta e destaca a necessidade de compreens\u00e3o por parte dos f\u00e3s.<\/p>\n<p>Fernandez Puma expressa otimismo sobre a possibilidade de Galdames retornar \u00e0 Sele\u00e7\u00e3o Chilena, especialmente se repetir o desempenho que teve no V\u00e9lez. Treinadores anteriores contribu\u00edram para seu progresso.<\/p>\n<p>A torcida do Vasco pode esperar um jogador tecnicamente habilidoso, mas a palavra-chave \u00e9 paci\u00eancia. Galdames precisa reconectar-se com o futebol e ganhar confian\u00e7a, o que exigir\u00e1 um ambiente favor\u00e1vel.<\/p>\n<p>Essa entrevista oferece uma vis\u00e3o \u00fanica sobre a trajet\u00f3ria e potencial de Pablo Galdames no futebol brasileiro, destacando desafios e expectativas para sua carreira no Vasco da Gama. \ud83e\uddf6<\/p>\n<p>&nbsp;<\/p>\n<h2>Por que Pablo Galdames n\u00e3o era titular no Genoa 777? Uma an\u00e1lise t\u00e1tica<\/h2>\n<p>Pablo Galdames, o novo refor\u00e7o do Vasco, \u00e9 reconhecido por suas habilidades na sa\u00edda de bola, caracter\u00edstica essencial para um volante moderno. Entretanto, sua aus\u00eancia frequente na equipe titular do Genoa 777 pode ser atribu\u00edda a uma prefer\u00eancia t\u00e1tica do time italiano.<\/p>\n<p>Segundo as palavras de Novalis, o jogador \u00e9 not\u00e1vel na distribui\u00e7\u00e3o do jogo, algo que pode n\u00e3o ser t\u00e3o valorizado em equipes que optam por um estilo mais f\u00edsico e direto. No futebol italiano, especialmente em equipes como o Genoa 777, onde o jogo \u00e9 muitas vezes intenso e marcado por confrontos f\u00edsicos, a prefer\u00eancia por volantes mais robustos e focados na marca\u00e7\u00e3o \u00e9 comum.<\/p>\n<p><iframe loading=\"lazy\" title=\"POR QUE PABLO GALDAMES ERA RESERVA NO GENOVA? ENTENDA #VASCO #GENOA #777\" width=\"500\" height=\"281\" src=\"https:\/\/www.youtube.com\/embed\/se6aCHk_KVY?feature=oembed\" frameborder=\"0\" allow=\"accelerometer; autoplay; clipboard-write; encrypted-media; gyroscope; picture-in-picture; web-share\" referrerpolicy=\"strict-origin-when-cross-origin\" allowfullscreen><\/iframe><\/p>\n<p>A posi\u00e7\u00e3o de volante em times que pressionam intensamente e buscam for\u00e7ar erros do advers\u00e1rio muitas vezes exige jogadores mais especializados na conten\u00e7\u00e3o e na disputa f\u00edsica. Volantes pesados de marca\u00e7\u00e3o s\u00e3o frequentemente escolhidos para desempenhar um papel mais defensivo, interrompendo jogadas advers\u00e1rias e proporcionando solidez defensiva.<\/p>\n<p>Assim, embora as habilidades de Galdames se destaquem na sa\u00edda de bola, podem n\u00e3o se alinhar totalmente com a filosofia de jogo adotada pelo Genoa 777. A prefer\u00eancia por volantes mais robustos pode explicar a raz\u00e3o pela qual ele n\u00e3o era titular regularmente na equipe italiana.<\/p>\n<p>Ao se transferir para o Vasco, Galdames pode encontrar um ambiente mais adequado ao seu estilo de jogo, especialmente se a equipe carioca priorizar a constru\u00e7\u00e3o de jogo desde a defesa. Sua habilidade na sa\u00edda de bola pode ser um diferencial valioso para a equipe brasileira, proporcionando uma transi\u00e7\u00e3o mais suave entre defesa e ataque.<\/p>\n<h2>BOCA E PALACIOS<\/h2>\n<p>O Boca Juniors est\u00e1 prestes a fortalecer ainda mais seu elenco com a iminente contrata\u00e7\u00e3o do atacante chileno Carlos Palacios, encontrando-se em negocia\u00e7\u00f5es avan\u00e7adas que devem ser conclu\u00eddas nos pr\u00f3ximos dias. Caso a transa\u00e7\u00e3o seja bem-sucedida, Palacios se tornar\u00e1 o quarto refor\u00e7o do clube argentino nesta janela de transfer\u00eancias, juntando-se a outros nomes j\u00e1 confirmados, como Lema, Blanco e Zen\u00f3n. Essas adi\u00e7\u00f5es demonstram a determina\u00e7\u00e3o do Boca em refor\u00e7ar sua equipe e manter-se competitivo nas competi\u00e7\u00f5es futuras.<\/p>\n<p>&nbsp;<\/p>\n","protected":false},"excerpt":{"rendered":"<p>A poss\u00edvel inclus\u00e3o de Orellano na negocia\u00e7\u00e3o por Luciano Rodr\u00edguez \u00e9 uma perspectiva interessante. Enquanto o Penarol expressa interesse no jogador, Orellano manifesta o desejo de retornar \u00e0 Argentina. A din\u00e2mica dessa negocia\u00e7\u00e3o, portanto, fica marcada pela interse\u00e7\u00e3o dos interesses do clube uruguaio e das aspira\u00e7\u00f5es pessoais do jogador argentino. O desfecho dessa situa\u00e7\u00e3o permanece &hellip;<\/p>\n","protected":false},"author":1,"featured_media":408738,"comment_status":"open","ping_status":"open","sticky":false,"template":"","format":"standard","meta":{"_jetpack_memberships_contains_paid_content":false,"footnotes":""},"categories":[9641,9249,9580,3,4587,9606,9576,12511,10183,9600],"tags":[],"class_list":["post-410439","post","type-post","status-publish","format-standard","has-post-thumbnail","hentry","category-botafogo","category-campeonato-brasileiro","category-corinthians","category-esportes1","category-esportes","category-flamengo","category-internacional","category-mercado-da-bola","category-river-plate","category-vasco"],"yoast_head":"<!-- This site is optimized with the Yoast SEO plugin v27.5 - https:\/\/yoast.com\/product\/yoast-seo-wordpress\/ -->\n<title>VASCO E PENAROL - ORELLANO PODE SER ENVOLVIDO EM TROCA POR LUCIANO RODR\u00cdGUEZ<\/title>\n<meta name=\"robots\" content=\"index, follow, max-snippet:-1, max-image-preview:large, max-video-preview:-1\" \/>\n<link rel=\"canonical\" href=\"https:\/\/mrnews.com.br\/index.php\/2024\/01\/27\/vasco-e-penarol-orellano-pode-ser-envolvido-em-troca-por-luciano-rodriguez\/\" \/>\n<meta property=\"og:locale\" content=\"pt_BR\" \/>\n<meta property=\"og:type\" content=\"article\" \/>\n<meta property=\"og:title\" content=\"VASCO E PENAROL - ORELLANO PODE SER ENVOLVIDO EM TROCA POR LUCIANO RODR\u00cdGUEZ\" \/>\n<meta property=\"og:description\" content=\"A poss\u00edvel inclus\u00e3o de Orellano na negocia\u00e7\u00e3o por Luciano Rodr\u00edguez \u00e9 uma perspectiva interessante. Enquanto o Penarol expressa interesse no jogador, Orellano manifesta o desejo de retornar \u00e0 Argentina. A din\u00e2mica dessa negocia\u00e7\u00e3o, portanto, fica marcada pela interse\u00e7\u00e3o dos interesses do clube uruguaio e das aspira\u00e7\u00f5es pessoais do jogador argentino. O desfecho dessa situa\u00e7\u00e3o permanece &hellip;\" \/>\n<meta property=\"og:url\" content=\"https:\/\/mrnews.com.br\/index.php\/2024\/01\/27\/vasco-e-penarol-orellano-pode-ser-envolvido-em-troca-por-luciano-rodriguez\/\" \/>\n<meta property=\"og:site_name\" content=\"MRNews\" \/>\n<meta property=\"article:publisher\" content=\"https:\/\/www.facebook.com\/eaipahpah\/?locale2=pt_BR\" \/>\n<meta property=\"article:published_time\" content=\"2024-01-27T14:54:19+00:00\" \/>\n<meta property=\"og:image\" content=\"https:\/\/mrnews.com.br\/wp-content\/uploads\/2024\/01\/20240102-144132-1-luciano-rodriguez-do-liverpool-uru-interessa-ao-vasco-foto-divulgacaoselecao-do-uruguai.webp\" \/>\n\t<meta property=\"og:image:width\" content=\"1000\" \/>\n\t<meta property=\"og:image:height\" content=\"563\" \/>\n\t<meta property=\"og:image:type\" content=\"image\/webp\" \/>\n<meta name=\"author\" content=\"MR News\" \/>\n<meta name=\"twitter:card\" content=\"summary_large_image\" \/>\n<meta name=\"twitter:creator\" content=\"@conspirou\" \/>\n<meta name=\"twitter:site\" content=\"@conspirou\" \/>\n<meta name=\"twitter:label1\" content=\"Escrito por\" \/>\n\t<meta name=\"twitter:data1\" content=\"MR News\" \/>\n\t<meta name=\"twitter:label2\" content=\"Est. tempo de leitura\" \/>\n\t<meta name=\"twitter:data2\" content=\"7 minutos\" \/>\n<script type=\"application\/ld+json\" class=\"yoast-schema-graph\">{\"@context\":\"https:\\\/\\\/schema.org\",\"@graph\":[{\"@type\":\"Article\",\"@id\":\"https:\\\/\\\/mrnews.com.br\\\/index.php\\\/2024\\\/01\\\/27\\\/vasco-e-penarol-orellano-pode-ser-envolvido-em-troca-por-luciano-rodriguez\\\/#article\",\"isPartOf\":{\"@id\":\"https:\\\/\\\/mrnews.com.br\\\/index.php\\\/2024\\\/01\\\/27\\\/vasco-e-penarol-orellano-pode-ser-envolvido-em-troca-por-luciano-rodriguez\\\/\"},\"author\":{\"name\":\"MR News\",\"@id\":\"https:\\\/\\\/mrnews.com.br\\\/#\\\/schema\\\/person\\\/be3203154562a9f207407861cef7827b\"},\"headline\":\"VASCO E PENAROL &#8211; ORELLANO PODE SER ENVOLVIDO EM TROCA POR LUCIANO RODR\u00cdGUEZ\",\"datePublished\":\"2024-01-27T14:54:19+00:00\",\"mainEntityOfPage\":{\"@id\":\"https:\\\/\\\/mrnews.com.br\\\/index.php\\\/2024\\\/01\\\/27\\\/vasco-e-penarol-orellano-pode-ser-envolvido-em-troca-por-luciano-rodriguez\\\/\"},\"wordCount\":1192,\"commentCount\":0,\"publisher\":{\"@id\":\"https:\\\/\\\/mrnews.com.br\\\/#organization\"},\"image\":{\"@id\":\"https:\\\/\\\/mrnews.com.br\\\/index.php\\\/2024\\\/01\\\/27\\\/vasco-e-penarol-orellano-pode-ser-envolvido-em-troca-por-luciano-rodriguez\\\/#primaryimage\"},\"thumbnailUrl\":\"https:\\\/\\\/mrnews.com.br\\\/wp-content\\\/uploads\\\/2024\\\/01\\\/20240102-144132-1-luciano-rodriguez-do-liverpool-uru-interessa-ao-vasco-foto-divulgacaoselecao-do-uruguai.webp\",\"articleSection\":[\"Botafogo\",\"Campeonato brasileiro\",\"Corinthians\",\"ESPORTES\",\"Esportes\",\"Flamengo\",\"Internacional\",\"Mercado da Bola\",\"River Plate\",\"VASCO\"],\"inLanguage\":\"pt-BR\",\"potentialAction\":[{\"@type\":\"CommentAction\",\"name\":\"Comment\",\"target\":[\"https:\\\/\\\/mrnews.com.br\\\/index.php\\\/2024\\\/01\\\/27\\\/vasco-e-penarol-orellano-pode-ser-envolvido-em-troca-por-luciano-rodriguez\\\/#respond\"]}]},{\"@type\":\"WebPage\",\"@id\":\"https:\\\/\\\/mrnews.com.br\\\/index.php\\\/2024\\\/01\\\/27\\\/vasco-e-penarol-orellano-pode-ser-envolvido-em-troca-por-luciano-rodriguez\\\/\",\"url\":\"https:\\\/\\\/mrnews.com.br\\\/index.php\\\/2024\\\/01\\\/27\\\/vasco-e-penarol-orellano-pode-ser-envolvido-em-troca-por-luciano-rodriguez\\\/\",\"name\":\"VASCO E PENAROL - ORELLANO PODE SER ENVOLVIDO EM TROCA POR LUCIANO RODR\u00cdGUEZ\",\"isPartOf\":{\"@id\":\"https:\\\/\\\/mrnews.com.br\\\/#website\"},\"primaryImageOfPage\":{\"@id\":\"https:\\\/\\\/mrnews.com.br\\\/index.php\\\/2024\\\/01\\\/27\\\/vasco-e-penarol-orellano-pode-ser-envolvido-em-troca-por-luciano-rodriguez\\\/#primaryimage\"},\"image\":{\"@id\":\"https:\\\/\\\/mrnews.com.br\\\/index.php\\\/2024\\\/01\\\/27\\\/vasco-e-penarol-orellano-pode-ser-envolvido-em-troca-por-luciano-rodriguez\\\/#primaryimage\"},\"thumbnailUrl\":\"https:\\\/\\\/mrnews.com.br\\\/wp-content\\\/uploads\\\/2024\\\/01\\\/20240102-144132-1-luciano-rodriguez-do-liverpool-uru-interessa-ao-vasco-foto-divulgacaoselecao-do-uruguai.webp\",\"datePublished\":\"2024-01-27T14:54:19+00:00\",\"breadcrumb\":{\"@id\":\"https:\\\/\\\/mrnews.com.br\\\/index.php\\\/2024\\\/01\\\/27\\\/vasco-e-penarol-orellano-pode-ser-envolvido-em-troca-por-luciano-rodriguez\\\/#breadcrumb\"},\"inLanguage\":\"pt-BR\",\"potentialAction\":[{\"@type\":\"ReadAction\",\"target\":[\"https:\\\/\\\/mrnews.com.br\\\/index.php\\\/2024\\\/01\\\/27\\\/vasco-e-penarol-orellano-pode-ser-envolvido-em-troca-por-luciano-rodriguez\\\/\"]}]},{\"@type\":\"ImageObject\",\"inLanguage\":\"pt-BR\",\"@id\":\"https:\\\/\\\/mrnews.com.br\\\/index.php\\\/2024\\\/01\\\/27\\\/vasco-e-penarol-orellano-pode-ser-envolvido-em-troca-por-luciano-rodriguez\\\/#primaryimage\",\"url\":\"https:\\\/\\\/mrnews.com.br\\\/wp-content\\\/uploads\\\/2024\\\/01\\\/20240102-144132-1-luciano-rodriguez-do-liverpool-uru-interessa-ao-vasco-foto-divulgacaoselecao-do-uruguai.webp\",\"contentUrl\":\"https:\\\/\\\/mrnews.com.br\\\/wp-content\\\/uploads\\\/2024\\\/01\\\/20240102-144132-1-luciano-rodriguez-do-liverpool-uru-interessa-ao-vasco-foto-divulgacaoselecao-do-uruguai.webp\",\"width\":1000,\"height\":563},{\"@type\":\"BreadcrumbList\",\"@id\":\"https:\\\/\\\/mrnews.com.br\\\/index.php\\\/2024\\\/01\\\/27\\\/vasco-e-penarol-orellano-pode-ser-envolvido-em-troca-por-luciano-rodriguez\\\/#breadcrumb\",\"itemListElement\":[{\"@type\":\"ListItem\",\"position\":1,\"name\":\"In\u00edcio\",\"item\":\"https:\\\/\\\/mrnews.com.br\\\/\"},{\"@type\":\"ListItem\",\"position\":2,\"name\":\"VASCO E PENAROL &#8211; ORELLANO PODE SER ENVOLVIDO EM TROCA POR LUCIANO RODR\u00cdGUEZ\"}]},{\"@type\":\"WebSite\",\"@id\":\"https:\\\/\\\/mrnews.com.br\\\/#website\",\"url\":\"https:\\\/\\\/mrnews.com.br\\\/\",\"name\":\"MRNews\",\"description\":\"MRNews Jogos de hoje da TV, transmiss\u00f5es ao vivo, Not\u00edcias de futebol, Jogos ao vivo, Lives, resumo de novelas, Programa\u00e7\u00e3o da Globo, A Fazenda e BBB\",\"publisher\":{\"@id\":\"https:\\\/\\\/mrnews.com.br\\\/#organization\"},\"potentialAction\":[{\"@type\":\"SearchAction\",\"target\":{\"@type\":\"EntryPoint\",\"urlTemplate\":\"https:\\\/\\\/mrnews.com.br\\\/?s={search_term_string}\"},\"query-input\":{\"@type\":\"PropertyValueSpecification\",\"valueRequired\":true,\"valueName\":\"search_term_string\"}}],\"inLanguage\":\"pt-BR\"},{\"@type\":\"Organization\",\"@id\":\"https:\\\/\\\/mrnews.com.br\\\/#organization\",\"name\":\"MRNews\",\"url\":\"https:\\\/\\\/mrnews.com.br\\\/\",\"logo\":{\"@type\":\"ImageObject\",\"inLanguage\":\"pt-BR\",\"@id\":\"https:\\\/\\\/mrnews.com.br\\\/#\\\/schema\\\/logo\\\/image\\\/\",\"url\":\"https:\\\/\\\/mrnews.com.br\\\/wp-content\\\/uploads\\\/2019\\\/06\\\/MRNewslogo2.png\",\"contentUrl\":\"https:\\\/\\\/mrnews.com.br\\\/wp-content\\\/uploads\\\/2019\\\/06\\\/MRNewslogo2.png\",\"width\":223,\"height\":58,\"caption\":\"MRNews\"},\"image\":{\"@id\":\"https:\\\/\\\/mrnews.com.br\\\/#\\\/schema\\\/logo\\\/image\\\/\"},\"sameAs\":[\"https:\\\/\\\/www.facebook.com\\\/eaipahpah\\\/?locale2=pt_BR\",\"https:\\\/\\\/x.com\\\/conspirou\",\"https:\\\/\\\/www.instagram.com\\\/eai_pahpah\",\"https:\\\/\\\/br.pinterest.com\\\/mrnewsn\\\/boards\\\/\",\"https:\\\/\\\/www.youtube.com\\\/channel\\\/UCacgnpznQ61fifLWr1tQ-vA?view_as=subscriber\"]},{\"@type\":\"Person\",\"@id\":\"https:\\\/\\\/mrnews.com.br\\\/#\\\/schema\\\/person\\\/be3203154562a9f207407861cef7827b\",\"name\":\"MR News\",\"image\":{\"@type\":\"ImageObject\",\"inLanguage\":\"pt-BR\",\"@id\":\"https:\\\/\\\/secure.gravatar.com\\\/avatar\\\/04084e6d73c042b8646e7c17b494073bf0ede3ea13c7105cfc45cbbbc28385a4?s=96&d=monsterid&r=g\",\"url\":\"https:\\\/\\\/secure.gravatar.com\\\/avatar\\\/04084e6d73c042b8646e7c17b494073bf0ede3ea13c7105cfc45cbbbc28385a4?s=96&d=monsterid&r=g\",\"contentUrl\":\"https:\\\/\\\/secure.gravatar.com\\\/avatar\\\/04084e6d73c042b8646e7c17b494073bf0ede3ea13c7105cfc45cbbbc28385a4?s=96&d=monsterid&r=g\",\"caption\":\"MR News\"},\"description\":\"Especializado em jornalismo colaborativo pela FTP em n\u00edvel de p\u00f3s-gradua\u00e7\u00e3o. suporte@oimeliga.combr\",\"sameAs\":[\"HUGO R.\",\"Admin\"],\"url\":\"https:\\\/\\\/mrnews.com.br\\\/index.php\\\/author\\\/admin\\\/\"}]}<\/script>\n<!-- \/ Yoast SEO plugin. -->","yoast_head_json":{"title":"VASCO E PENAROL - ORELLANO PODE SER ENVOLVIDO EM TROCA POR LUCIANO RODR\u00cdGUEZ","robots":{"index":"index","follow":"follow","max-snippet":"max-snippet:-1","max-image-preview":"max-image-preview:large","max-video-preview":"max-video-preview:-1"},"canonical":"https:\/\/mrnews.com.br\/index.php\/2024\/01\/27\/vasco-e-penarol-orellano-pode-ser-envolvido-em-troca-por-luciano-rodriguez\/","og_locale":"pt_BR","og_type":"article","og_title":"VASCO E PENAROL - ORELLANO PODE SER ENVOLVIDO EM TROCA POR LUCIANO RODR\u00cdGUEZ","og_description":"A poss\u00edvel inclus\u00e3o de Orellano na negocia\u00e7\u00e3o por Luciano Rodr\u00edguez \u00e9 uma perspectiva interessante. Enquanto o Penarol expressa interesse no jogador, Orellano manifesta o desejo de retornar \u00e0 Argentina. A din\u00e2mica dessa negocia\u00e7\u00e3o, portanto, fica marcada pela interse\u00e7\u00e3o dos interesses do clube uruguaio e das aspira\u00e7\u00f5es pessoais do jogador argentino. O desfecho dessa situa\u00e7\u00e3o permanece &hellip;","og_url":"https:\/\/mrnews.com.br\/index.php\/2024\/01\/27\/vasco-e-penarol-orellano-pode-ser-envolvido-em-troca-por-luciano-rodriguez\/","og_site_name":"MRNews","article_publisher":"https:\/\/www.facebook.com\/eaipahpah\/?locale2=pt_BR","article_published_time":"2024-01-27T14:54:19+00:00","og_image":[{"width":1000,"height":563,"url":"https:\/\/mrnews.com.br\/wp-content\/uploads\/2024\/01\/20240102-144132-1-luciano-rodriguez-do-liverpool-uru-interessa-ao-vasco-foto-divulgacaoselecao-do-uruguai.webp","type":"image\/webp"}],"author":"MR News","twitter_card":"summary_large_image","twitter_creator":"@conspirou","twitter_site":"@conspirou","twitter_misc":{"Escrito por":"MR News","Est. tempo de leitura":"7 minutos"},"schema":{"@context":"https:\/\/schema.org","@graph":[{"@type":"Article","@id":"https:\/\/mrnews.com.br\/index.php\/2024\/01\/27\/vasco-e-penarol-orellano-pode-ser-envolvido-em-troca-por-luciano-rodriguez\/#article","isPartOf":{"@id":"https:\/\/mrnews.com.br\/index.php\/2024\/01\/27\/vasco-e-penarol-orellano-pode-ser-envolvido-em-troca-por-luciano-rodriguez\/"},"author":{"name":"MR News","@id":"https:\/\/mrnews.com.br\/#\/schema\/person\/be3203154562a9f207407861cef7827b"},"headline":"VASCO E PENAROL &#8211; ORELLANO PODE SER ENVOLVIDO EM TROCA POR LUCIANO RODR\u00cdGUEZ","datePublished":"2024-01-27T14:54:19+00:00","mainEntityOfPage":{"@id":"https:\/\/mrnews.com.br\/index.php\/2024\/01\/27\/vasco-e-penarol-orellano-pode-ser-envolvido-em-troca-por-luciano-rodriguez\/"},"wordCount":1192,"commentCount":0,"publisher":{"@id":"https:\/\/mrnews.com.br\/#organization"},"image":{"@id":"https:\/\/mrnews.com.br\/index.php\/2024\/01\/27\/vasco-e-penarol-orellano-pode-ser-envolvido-em-troca-por-luciano-rodriguez\/#primaryimage"},"thumbnailUrl":"https:\/\/mrnews.com.br\/wp-content\/uploads\/2024\/01\/20240102-144132-1-luciano-rodriguez-do-liverpool-uru-interessa-ao-vasco-foto-divulgacaoselecao-do-uruguai.webp","articleSection":["Botafogo","Campeonato brasileiro","Corinthians","ESPORTES","Esportes","Flamengo","Internacional","Mercado da Bola","River Plate","VASCO"],"inLanguage":"pt-BR","potentialAction":[{"@type":"CommentAction","name":"Comment","target":["https:\/\/mrnews.com.br\/index.php\/2024\/01\/27\/vasco-e-penarol-orellano-pode-ser-envolvido-em-troca-por-luciano-rodriguez\/#respond"]}]},{"@type":"WebPage","@id":"https:\/\/mrnews.com.br\/index.php\/2024\/01\/27\/vasco-e-penarol-orellano-pode-ser-envolvido-em-troca-por-luciano-rodriguez\/","url":"https:\/\/mrnews.com.br\/index.php\/2024\/01\/27\/vasco-e-penarol-orellano-pode-ser-envolvido-em-troca-por-luciano-rodriguez\/","name":"VASCO E PENAROL - ORELLANO PODE SER ENVOLVIDO EM TROCA POR LUCIANO RODR\u00cdGUEZ","isPartOf":{"@id":"https:\/\/mrnews.com.br\/#website"},"primaryImageOfPage":{"@id":"https:\/\/mrnews.com.br\/index.php\/2024\/01\/27\/vasco-e-penarol-orellano-pode-ser-envolvido-em-troca-por-luciano-rodriguez\/#primaryimage"},"image":{"@id":"https:\/\/mrnews.com.br\/index.php\/2024\/01\/27\/vasco-e-penarol-orellano-pode-ser-envolvido-em-troca-por-luciano-rodriguez\/#primaryimage"},"thumbnailUrl":"https:\/\/mrnews.com.br\/wp-content\/uploads\/2024\/01\/20240102-144132-1-luciano-rodriguez-do-liverpool-uru-interessa-ao-vasco-foto-divulgacaoselecao-do-uruguai.webp","datePublished":"2024-01-27T14:54:19+00:00","breadcrumb":{"@id":"https:\/\/mrnews.com.br\/index.php\/2024\/01\/27\/vasco-e-penarol-orellano-pode-ser-envolvido-em-troca-por-luciano-rodriguez\/#breadcrumb"},"inLanguage":"pt-BR","potentialAction":[{"@type":"ReadAction","target":["https:\/\/mrnews.com.br\/index.php\/2024\/01\/27\/vasco-e-penarol-orellano-pode-ser-envolvido-em-troca-por-luciano-rodriguez\/"]}]},{"@type":"ImageObject","inLanguage":"pt-BR","@id":"https:\/\/mrnews.com.br\/index.php\/2024\/01\/27\/vasco-e-penarol-orellano-pode-ser-envolvido-em-troca-por-luciano-rodriguez\/#primaryimage","url":"https:\/\/mrnews.com.br\/wp-content\/uploads\/2024\/01\/20240102-144132-1-luciano-rodriguez-do-liverpool-uru-interessa-ao-vasco-foto-divulgacaoselecao-do-uruguai.webp","contentUrl":"https:\/\/mrnews.com.br\/wp-content\/uploads\/2024\/01\/20240102-144132-1-luciano-rodriguez-do-liverpool-uru-interessa-ao-vasco-foto-divulgacaoselecao-do-uruguai.webp","width":1000,"height":563},{"@type":"BreadcrumbList","@id":"https:\/\/mrnews.com.br\/index.php\/2024\/01\/27\/vasco-e-penarol-orellano-pode-ser-envolvido-em-troca-por-luciano-rodriguez\/#breadcrumb","itemListElement":[{"@type":"ListItem","position":1,"name":"In\u00edcio","item":"https:\/\/mrnews.com.br\/"},{"@type":"ListItem","position":2,"name":"VASCO E PENAROL &#8211; ORELLANO PODE SER ENVOLVIDO EM TROCA POR LUCIANO RODR\u00cdGUEZ"}]},{"@type":"WebSite","@id":"https:\/\/mrnews.com.br\/#website","url":"https:\/\/mrnews.com.br\/","name":"MRNews","description":"MRNews Jogos de hoje da TV, transmiss\u00f5es ao vivo, Not\u00edcias de futebol, Jogos ao vivo, Lives, resumo de novelas, Programa\u00e7\u00e3o da Globo, A Fazenda e BBB","publisher":{"@id":"https:\/\/mrnews.com.br\/#organization"},"potentialAction":[{"@type":"SearchAction","target":{"@type":"EntryPoint","urlTemplate":"https:\/\/mrnews.com.br\/?s={search_term_string}"},"query-input":{"@type":"PropertyValueSpecification","valueRequired":true,"valueName":"search_term_string"}}],"inLanguage":"pt-BR"},{"@type":"Organization","@id":"https:\/\/mrnews.com.br\/#organization","name":"MRNews","url":"https:\/\/mrnews.com.br\/","logo":{"@type":"ImageObject","inLanguage":"pt-BR","@id":"https:\/\/mrnews.com.br\/#\/schema\/logo\/image\/","url":"https:\/\/mrnews.com.br\/wp-content\/uploads\/2019\/06\/MRNewslogo2.png","contentUrl":"https:\/\/mrnews.com.br\/wp-content\/uploads\/2019\/06\/MRNewslogo2.png","width":223,"height":58,"caption":"MRNews"},"image":{"@id":"https:\/\/mrnews.com.br\/#\/schema\/logo\/image\/"},"sameAs":["https:\/\/www.facebook.com\/eaipahpah\/?locale2=pt_BR","https:\/\/x.com\/conspirou","https:\/\/www.instagram.com\/eai_pahpah","https:\/\/br.pinterest.com\/mrnewsn\/boards\/","https:\/\/www.youtube.com\/channel\/UCacgnpznQ61fifLWr1tQ-vA?view_as=subscriber"]},{"@type":"Person","@id":"https:\/\/mrnews.com.br\/#\/schema\/person\/be3203154562a9f207407861cef7827b","name":"MR News","image":{"@type":"ImageObject","inLanguage":"pt-BR","@id":"https:\/\/secure.gravatar.com\/avatar\/04084e6d73c042b8646e7c17b494073bf0ede3ea13c7105cfc45cbbbc28385a4?s=96&d=monsterid&r=g","url":"https:\/\/secure.gravatar.com\/avatar\/04084e6d73c042b8646e7c17b494073bf0ede3ea13c7105cfc45cbbbc28385a4?s=96&d=monsterid&r=g","contentUrl":"https:\/\/secure.gravatar.com\/avatar\/04084e6d73c042b8646e7c17b494073bf0ede3ea13c7105cfc45cbbbc28385a4?s=96&d=monsterid&r=g","caption":"MR News"},"description":"Especializado em jornalismo colaborativo pela FTP em n\u00edvel de p\u00f3s-gradua\u00e7\u00e3o. suporte@oimeliga.combr","sameAs":["HUGO R.","Admin"],"url":"https:\/\/mrnews.com.br\/index.php\/author\/admin\/"}]}},"jetpack_featured_media_url":"https:\/\/mrnews.com.br\/wp-content\/uploads\/2024\/01\/20240102-144132-1-luciano-rodriguez-do-liverpool-uru-interessa-ao-vasco-foto-divulgacaoselecao-do-uruguai.webp","jetpack_sharing_enabled":true,"jetpack_shortlink":"https:\/\/wp.me\/pa2Qf7-1ILZ","amp_enabled":true,"_links":{"self":[{"href":"https:\/\/mrnews.com.br\/index.php\/wp-json\/wp\/v2\/posts\/410439","targetHints":{"allow":["GET"]}}],"collection":[{"href":"https:\/\/mrnews.com.br\/index.php\/wp-json\/wp\/v2\/posts"}],"about":[{"href":"https:\/\/mrnews.com.br\/index.php\/wp-json\/wp\/v2\/types\/post"}],"author":[{"embeddable":true,"href":"https:\/\/mrnews.com.br\/index.php\/wp-json\/wp\/v2\/users\/1"}],"replies":[{"embeddable":true,"href":"https:\/\/mrnews.com.br\/index.php\/wp-json\/wp\/v2\/comments?post=410439"}],"version-history":[{"count":1,"href":"https:\/\/mrnews.com.br\/index.php\/wp-json\/wp\/v2\/posts\/410439\/revisions"}],"predecessor-version":[{"id":410440,"href":"https:\/\/mrnews.com.br\/index.php\/wp-json\/wp\/v2\/posts\/410439\/revisions\/410440"}],"wp:featuredmedia":[{"embeddable":true,"href":"https:\/\/mrnews.com.br\/index.php\/wp-json\/wp\/v2\/media\/408738"}],"wp:attachment":[{"href":"https:\/\/mrnews.com.br\/index.php\/wp-json\/wp\/v2\/media?parent=410439"}],"wp:term":[{"taxonomy":"category","embeddable":true,"href":"https:\/\/mrnews.com.br\/index.php\/wp-json\/wp\/v2\/categories?post=410439"},{"taxonomy":"post_tag","embeddable":true,"href":"https:\/\/mrnews.com.br\/index.php\/wp-json\/wp\/v2\/tags?post=410439"}],"curies":[{"name":"wp","href":"https:\/\/api.w.org\/{rel}","templated":true}]}}