{"id":425190,"date":"2024-07-18T07:12:53","date_gmt":"2024-07-18T10:12:53","guid":{"rendered":"https:\/\/mrnews.com.br\/?p=425190"},"modified":"2024-07-18T07:12:53","modified_gmt":"2024-07-18T10:12:53","slug":"programacao-globo-hoje-quinta-18-07-e-amanha-que-horas-comeca-renacer-e-os-outros","status":"publish","type":"post","link":"https:\/\/mrnews.com.br\/index.php\/2024\/07\/18\/programacao-globo-hoje-quinta-18-07-e-amanha-que-horas-comeca-renacer-e-os-outros\/","title":{"rendered":"Programa\u00e7\u00e3o Globo HOJE Quinta (18\/07) E Amanh\u00e3: Que horas come\u00e7a Renacer e Os Outros?"},"content":{"rendered":"<p>A Rede Globo de Televis\u00e3o divulgou sua grade desta<strong> semana. FILMES, NOVELAS E JORNALISMO<\/strong>\u00a0e toda a grade de programa\u00e7\u00e3o <strong>de hoje, 18\/07.<\/strong><\/p>\n<div>\n<p>Quinta-feira, 18\/07\/2024<\/p>\n<p>04:00 Hora Um<\/p>\n<p>06:00 Bom Dia Pra\u00e7a<\/p>\n<p>08:30 Bom Dia Brasil<\/p>\n<p>09:30 Encontro Com Patr\u00edcia Poeta<\/p>\n<p>10:35 Mais Voc\u00ea<\/p>\n<p>11:45 Pra\u00e7a TV &#8211; 1\u00aa Edi\u00e7\u00e3o<\/p>\n<p>13:00 Globo Esporte<\/p>\n<p>13:25 Jornal Hoje<\/p>\n<p>14:45 Cheias de Charme<\/p>\n<p>15:25 Sess\u00e3o da Tarde &#8211; McFarland dos EUA<\/p>\n<p>17:05 Vale a Pena Ver de Novo &#8211; Alma G\u00eamea<\/p>\n<p>18:25 No Rancho Fundo<\/p>\n<p>19:10 Pra\u00e7a TV &#8211; 2\u00aa Edi\u00e7\u00e3o<\/p>\n<p>19:40 Fam\u00edlia \u00e9 Tudo<\/p>\n<p>20:30 Jornal Nacional<\/p>\n<p>21:20 Renascer<\/p>\n<p>22:25 Os Outros<\/p>\n<p>23:10 The Good Doctor: O Bom Doutor<\/p>\n<p>23:55 Jornal da Globo<\/p>\n<p>00:45 Conversa com Bial<\/p>\n<p>01:25 Fam\u00edlia \u00e9 Tudo<\/p>\n<p>02:10 Com\u00e9dia Na Madruga I<\/p>\n<p>03:0## Programa\u00e7\u00e3o da TV Globo para Quinta-feira, 18\/07\/2024<\/p>\n<p>&nbsp;<\/p>\n<h3>Manh\u00e3<\/h3>\n<p>&nbsp;<\/p>\n<p>**04:00 &#8211; Hora Um**<\/p>\n<p>In\u00edcio da programa\u00e7\u00e3o com as principais not\u00edcias do Brasil e do mundo, trazendo reportagens exclusivas e an\u00e1lises aprofundadas.<\/p>\n<p>&nbsp;<\/p>\n<p>**06:00 &#8211; Bom Dia Pra\u00e7a**<\/p>\n<p>Notici\u00e1rio local com foco nas principais not\u00edcias e acontecimentos da regi\u00e3o, al\u00e9m de informa\u00e7\u00f5es de utilidade p\u00fablica.<\/p>\n<p>&nbsp;<\/p>\n<p>**08:30 &#8211; Bom Dia Brasil**<\/p>\n<p>Programa matinal que cobre as not\u00edcias mais importantes do dia, com reportagens especiais e coment\u00e1rios de especialistas.<\/p>\n<p>&nbsp;<\/p>\n<p>**09:30 &#8211; Encontro Com Patr\u00edcia Poeta**<\/p>\n<p>Patr\u00edcia Poeta recebe convidados para discuss\u00f5es sobre temas diversos, al\u00e9m de atra\u00e7\u00f5es musicais e hist\u00f3rias inspiradoras.<\/p>\n<p>&nbsp;<\/p>\n<p>**10:35 &#8211; Mais Voc\u00ea**<\/p>\n<p>Ana Maria Braga e Louro Man\u00e9 apresentam receitas, dicas de bem-estar e entrevistas, abordando temas do cotidiano com leveza e descontra\u00e7\u00e3o.<\/p>\n<p>&nbsp;<\/p>\n<h3>Tarde<\/h3>\n<p>&nbsp;<\/p>\n<p>**11:45 &#8211; Pra\u00e7a TV &#8211; 1\u00aa Edi\u00e7\u00e3o**<\/p>\n<p>Telejornal local que traz as not\u00edcias mais importantes da manh\u00e3, com destaque para eventos da regi\u00e3o e presta\u00e7\u00e3o de servi\u00e7os.<\/p>\n<p>&nbsp;<\/p>\n<p>**13:00 &#8211; Globo Esporte**<\/p>\n<p>Cobertura das not\u00edcias do esporte, com destaques para campeonatos, entrevistas com atletas e an\u00e1lises de especialistas.<\/p>\n<p>&nbsp;<\/p>\n<p>**13:25 &#8211; Jornal Hoje**<\/p>\n<p>Notici\u00e1rio que apresenta as not\u00edcias mais relevantes do Brasil e do mundo, com reportagens especiais e an\u00e1lises dos principais acontecimentos.<\/p>\n<p>&nbsp;<\/p>\n<p>**14:45 &#8211; Cheias de Charme**<\/p>\n<p>Reprise da novela que conta a hist\u00f3ria das empreguetes que se tornam estrelas da m\u00fasica, em uma trama cheia de humor e emo\u00e7\u00e3o.<\/p>\n<p>&nbsp;<\/p>\n<p>**15:25 &#8211; Sess\u00e3o da Tarde &#8211; McFarland dos EUA**<\/p>\n<p>Exibi\u00e7\u00e3o do filme &#8220;McFarland dos EUA&#8221;, que conta a inspiradora hist\u00f3ria de um time de corrida de uma escola de uma pequena cidade americana.<\/p>\n<p>&nbsp;<\/p>\n<p>**17:05 &#8211; Vale a Pena Ver de Novo &#8211; Alma G\u00eamea**<\/p>\n<p>Reprise da novela que narra a emocionante hist\u00f3ria de amor e reencarna\u00e7\u00e3o entre Rafael e Serena.<\/p>\n<p>&nbsp;<\/p>\n<h3>Noite<\/h3>\n<p>&nbsp;<\/p>\n<p>**18:25 &#8211; No Rancho Fundo**<\/p>\n<p>Novela que retrata o cotidiano e os desafios de uma fam\u00edlia que administra um rancho no interior do Brasil.<\/p>\n<p>&nbsp;<\/p>\n<p>**19:10 &#8211; Pra\u00e7a TV &#8211; 2\u00aa Edi\u00e7\u00e3o**<\/p>\n<p>Atualiza\u00e7\u00e3o das not\u00edcias locais, com reportagens exclusivas e as informa\u00e7\u00f5es mais recentes da regi\u00e3o.<\/p>\n<p>&nbsp;<\/p>\n<p>**19:40 &#8211; Fam\u00edlia \u00e9 Tudo**<\/p>\n<p>S\u00e9rie que aborda, de forma divertida e leve, os desafios e as alegrias da vida em fam\u00edlia.<\/p>\n<p>&nbsp;<\/p>\n<p>**20:30 &#8211; Jornal Nacional**<\/p>\n<p>Principal telejornal do pa\u00eds, apresentando as not\u00edcias mais importantes do Brasil e do mundo, com reportagens e an\u00e1lises aprofundadas.<\/p>\n<p>&nbsp;<\/p>\n<p>**21:20 &#8211; Renascer**<\/p>\n<p>Novela das nove que traz uma trama intensa, cheia de reviravoltas e emo\u00e7\u00f5es, envolvendo personagens complexos e cativantes.<\/p>\n<p>&nbsp;<\/p>\n<p>**22:25 &#8211; Os Outros**<\/p>\n<p>S\u00e9rie que explora hist\u00f3rias de diferentes personagens, com foco em temas sociais e psicol\u00f3gicos, trazendo \u00e0 tona quest\u00f5es profundas e reflexivas.<\/p>\n<p>&nbsp;<\/p>\n<p>**23:10 &#8211; The Good Doctor: O Bom Doutor**<\/p>\n<p>Epis\u00f3dio da s\u00e9rie que acompanha a vida de Shaun Murphy, um jovem cirurgi\u00e3o com autismo e s\u00edndrome de Savant, enquanto ele enfrenta desafios pessoais e profissionais.<\/p>\n<p>&nbsp;<\/p>\n<h3>Madrugada<\/h3>\n<p>&nbsp;<\/p>\n<p>&nbsp;<\/p>\n<p>**23:55 &#8211; Jornal da Globo**<\/p>\n<p>Telejornal que traz um resumo dos principais acontecimentos do dia, com an\u00e1lises e reportagens especiais.<\/p>\n<p>&nbsp;<\/p>\n<p>**00:45 &#8211; Conversa com Bial**<\/p>\n<p>Pedro Bial entrevista personalidades de diversas \u00e1reas, discutindo temas atuais e relevantes de forma profunda e descontra\u00edda.<\/p>\n<p>&nbsp;<\/p>\n<p>**01:25 &#8211; Fam\u00edlia \u00e9 Tudo (reprise)**<\/p>\n<p>Reprise da s\u00e9rie que mostra, de maneira divertida, os desafios e as alegrias da vida em fam\u00edlia.<\/p>\n<p>&nbsp;<\/p>\n<p>**02:10 &#8211; Com\u00e9dia Na Madruga I**<\/p>\n<p>Bloco de com\u00e9dia com epis\u00f3dios das melhores s\u00e9ries e programas humor\u00edsticos, trazendo divers\u00e3o para a madrugada.<\/p>\n<p>&nbsp;<\/p>\n<p>**03:00 &#8211; Com\u00e9dia Na Madruga II**<\/p>\n<p>Continua\u00e7\u00e3o do bloco de com\u00e9dia, com mais epis\u00f3dios de s\u00e9ries e programas humor\u00edsticos para encerrar a programa\u00e7\u00e3o da madrugada com leveza e risadas.0 Com\u00e9dia Na Madruga II<\/p>\n<\/div>\n","protected":false},"excerpt":{"rendered":"<p>A Rede Globo de Televis\u00e3o divulgou sua grade desta semana. FILMES, NOVELAS E JORNALISMO\u00a0e toda a grade de programa\u00e7\u00e3o de hoje, 18\/07. Quinta-feira, 18\/07\/2024 04:00 Hora Um 06:00 Bom Dia Pra\u00e7a 08:30 Bom Dia Brasil 09:30 Encontro Com Patr\u00edcia Poeta 10:35 Mais Voc\u00ea 11:45 Pra\u00e7a TV &#8211; 1\u00aa Edi\u00e7\u00e3o 13:00 Globo Esporte 13:25 Jornal Hoje &hellip;<\/p>\n","protected":false},"author":1,"featured_media":9565,"comment_status":"open","ping_status":"open","sticky":false,"template":"","format":"standard","meta":{"_jetpack_memberships_contains_paid_content":false,"footnotes":""},"categories":[2,3,4587,8441,7147,4252,4365,6363,5564],"tags":[],"class_list":["post-425190","post","type-post","status-publish","format-standard","has-post-thumbnail","hentry","category-entretenimento","category-esportes1","category-esportes","category-lives","category-globo","category-sessao-da-tarde","category-supercine","category-tela-quente","category-temperatura-maxima"],"yoast_head":"<!-- This site is optimized with the Yoast SEO plugin v27.5 - https:\/\/yoast.com\/product\/yoast-seo-wordpress\/ -->\n<title>Programa\u00e7\u00e3o Globo HOJE Quinta (18\/07) E Amanh\u00e3: Que horas come\u00e7a Renacer e Os Outros?<\/title>\n<meta name=\"robots\" content=\"index, follow, max-snippet:-1, max-image-preview:large, max-video-preview:-1\" \/>\n<link rel=\"canonical\" href=\"https:\/\/mrnews.com.br\/index.php\/2024\/07\/18\/programacao-globo-hoje-quinta-18-07-e-amanha-que-horas-comeca-renacer-e-os-outros\/\" \/>\n<meta property=\"og:locale\" content=\"pt_BR\" \/>\n<meta property=\"og:type\" content=\"article\" \/>\n<meta property=\"og:title\" content=\"Programa\u00e7\u00e3o Globo HOJE Quinta (18\/07) E Amanh\u00e3: Que horas come\u00e7a Renacer e Os Outros?\" \/>\n<meta property=\"og:description\" content=\"A Rede Globo de Televis\u00e3o divulgou sua grade desta semana. FILMES, NOVELAS E JORNALISMO\u00a0e toda a grade de programa\u00e7\u00e3o de hoje, 18\/07. Quinta-feira, 18\/07\/2024 04:00 Hora Um 06:00 Bom Dia Pra\u00e7a 08:30 Bom Dia Brasil 09:30 Encontro Com Patr\u00edcia Poeta 10:35 Mais Voc\u00ea 11:45 Pra\u00e7a TV &#8211; 1\u00aa Edi\u00e7\u00e3o 13:00 Globo Esporte 13:25 Jornal Hoje &hellip;\" \/>\n<meta property=\"og:url\" content=\"https:\/\/mrnews.com.br\/index.php\/2024\/07\/18\/programacao-globo-hoje-quinta-18-07-e-amanha-que-horas-comeca-renacer-e-os-outros\/\" \/>\n<meta property=\"og:site_name\" content=\"MRNews\" \/>\n<meta property=\"article:publisher\" content=\"https:\/\/www.facebook.com\/eaipahpah\/?locale2=pt_BR\" \/>\n<meta property=\"article:published_time\" content=\"2024-07-18T10:12:53+00:00\" \/>\n<meta property=\"og:image\" content=\"https:\/\/mrnews.com.br\/wp-content\/uploads\/2019\/11\/Globo.jpeg\" \/>\n\t<meta property=\"og:image:width\" content=\"730\" \/>\n\t<meta property=\"og:image:height\" content=\"410\" \/>\n\t<meta property=\"og:image:type\" content=\"image\/jpeg\" \/>\n<meta name=\"author\" content=\"MR News\" \/>\n<meta name=\"twitter:card\" content=\"summary_large_image\" \/>\n<meta name=\"twitter:creator\" content=\"@conspirou\" \/>\n<meta name=\"twitter:site\" content=\"@conspirou\" \/>\n<meta name=\"twitter:label1\" content=\"Escrito por\" \/>\n\t<meta name=\"twitter:data1\" content=\"MR News\" \/>\n\t<meta name=\"twitter:label2\" content=\"Est. tempo de leitura\" \/>\n\t<meta name=\"twitter:data2\" content=\"4 minutos\" \/>\n<script type=\"application\/ld+json\" class=\"yoast-schema-graph\">{\"@context\":\"https:\\\/\\\/schema.org\",\"@graph\":[{\"@type\":\"Article\",\"@id\":\"https:\\\/\\\/mrnews.com.br\\\/index.php\\\/2024\\\/07\\\/18\\\/programacao-globo-hoje-quinta-18-07-e-amanha-que-horas-comeca-renacer-e-os-outros\\\/#article\",\"isPartOf\":{\"@id\":\"https:\\\/\\\/mrnews.com.br\\\/index.php\\\/2024\\\/07\\\/18\\\/programacao-globo-hoje-quinta-18-07-e-amanha-que-horas-comeca-renacer-e-os-outros\\\/\"},\"author\":{\"name\":\"MR News\",\"@id\":\"https:\\\/\\\/mrnews.com.br\\\/#\\\/schema\\\/person\\\/be3203154562a9f207407861cef7827b\"},\"headline\":\"Programa\u00e7\u00e3o Globo HOJE Quinta (18\\\/07) E Amanh\u00e3: Que horas come\u00e7a Renacer e Os Outros?\",\"datePublished\":\"2024-07-18T10:12:53+00:00\",\"mainEntityOfPage\":{\"@id\":\"https:\\\/\\\/mrnews.com.br\\\/index.php\\\/2024\\\/07\\\/18\\\/programacao-globo-hoje-quinta-18-07-e-amanha-que-horas-comeca-renacer-e-os-outros\\\/\"},\"wordCount\":778,\"commentCount\":0,\"publisher\":{\"@id\":\"https:\\\/\\\/mrnews.com.br\\\/#organization\"},\"image\":{\"@id\":\"https:\\\/\\\/mrnews.com.br\\\/index.php\\\/2024\\\/07\\\/18\\\/programacao-globo-hoje-quinta-18-07-e-amanha-que-horas-comeca-renacer-e-os-outros\\\/#primaryimage\"},\"thumbnailUrl\":\"https:\\\/\\\/mrnews.com.br\\\/wp-content\\\/uploads\\\/2019\\\/11\\\/Globo.jpeg\",\"articleSection\":[\"ENTRETENIMENTO\",\"ESPORTES\",\"Esportes\",\"LIVES DE HOJE\",\"Programa\u00e7\u00e3o da Globo\",\"Sess\u00e3o da Tarde\",\"Supercine\",\"Tela Quente\",\"TEMPERATURA M\u00c1XIMA\"],\"inLanguage\":\"pt-BR\",\"potentialAction\":[{\"@type\":\"CommentAction\",\"name\":\"Comment\",\"target\":[\"https:\\\/\\\/mrnews.com.br\\\/index.php\\\/2024\\\/07\\\/18\\\/programacao-globo-hoje-quinta-18-07-e-amanha-que-horas-comeca-renacer-e-os-outros\\\/#respond\"]}]},{\"@type\":\"WebPage\",\"@id\":\"https:\\\/\\\/mrnews.com.br\\\/index.php\\\/2024\\\/07\\\/18\\\/programacao-globo-hoje-quinta-18-07-e-amanha-que-horas-comeca-renacer-e-os-outros\\\/\",\"url\":\"https:\\\/\\\/mrnews.com.br\\\/index.php\\\/2024\\\/07\\\/18\\\/programacao-globo-hoje-quinta-18-07-e-amanha-que-horas-comeca-renacer-e-os-outros\\\/\",\"name\":\"Programa\u00e7\u00e3o Globo HOJE Quinta (18\\\/07) E Amanh\u00e3: Que horas come\u00e7a Renacer e Os Outros?\",\"isPartOf\":{\"@id\":\"https:\\\/\\\/mrnews.com.br\\\/#website\"},\"primaryImageOfPage\":{\"@id\":\"https:\\\/\\\/mrnews.com.br\\\/index.php\\\/2024\\\/07\\\/18\\\/programacao-globo-hoje-quinta-18-07-e-amanha-que-horas-comeca-renacer-e-os-outros\\\/#primaryimage\"},\"image\":{\"@id\":\"https:\\\/\\\/mrnews.com.br\\\/index.php\\\/2024\\\/07\\\/18\\\/programacao-globo-hoje-quinta-18-07-e-amanha-que-horas-comeca-renacer-e-os-outros\\\/#primaryimage\"},\"thumbnailUrl\":\"https:\\\/\\\/mrnews.com.br\\\/wp-content\\\/uploads\\\/2019\\\/11\\\/Globo.jpeg\",\"datePublished\":\"2024-07-18T10:12:53+00:00\",\"breadcrumb\":{\"@id\":\"https:\\\/\\\/mrnews.com.br\\\/index.php\\\/2024\\\/07\\\/18\\\/programacao-globo-hoje-quinta-18-07-e-amanha-que-horas-comeca-renacer-e-os-outros\\\/#breadcrumb\"},\"inLanguage\":\"pt-BR\",\"potentialAction\":[{\"@type\":\"ReadAction\",\"target\":[\"https:\\\/\\\/mrnews.com.br\\\/index.php\\\/2024\\\/07\\\/18\\\/programacao-globo-hoje-quinta-18-07-e-amanha-que-horas-comeca-renacer-e-os-outros\\\/\"]}]},{\"@type\":\"ImageObject\",\"inLanguage\":\"pt-BR\",\"@id\":\"https:\\\/\\\/mrnews.com.br\\\/index.php\\\/2024\\\/07\\\/18\\\/programacao-globo-hoje-quinta-18-07-e-amanha-que-horas-comeca-renacer-e-os-outros\\\/#primaryimage\",\"url\":\"https:\\\/\\\/mrnews.com.br\\\/wp-content\\\/uploads\\\/2019\\\/11\\\/Globo.jpeg\",\"contentUrl\":\"https:\\\/\\\/mrnews.com.br\\\/wp-content\\\/uploads\\\/2019\\\/11\\\/Globo.jpeg\",\"width\":730,\"height\":410,\"caption\":\"Logotipo da Globo (reprodu\u00e7\u00e3o Globo)\"},{\"@type\":\"BreadcrumbList\",\"@id\":\"https:\\\/\\\/mrnews.com.br\\\/index.php\\\/2024\\\/07\\\/18\\\/programacao-globo-hoje-quinta-18-07-e-amanha-que-horas-comeca-renacer-e-os-outros\\\/#breadcrumb\",\"itemListElement\":[{\"@type\":\"ListItem\",\"position\":1,\"name\":\"In\u00edcio\",\"item\":\"https:\\\/\\\/mrnews.com.br\\\/\"},{\"@type\":\"ListItem\",\"position\":2,\"name\":\"Programa\u00e7\u00e3o Globo HOJE Quinta (18\\\/07) E Amanh\u00e3: Que horas come\u00e7a Renacer e Os Outros?\"}]},{\"@type\":\"WebSite\",\"@id\":\"https:\\\/\\\/mrnews.com.br\\\/#website\",\"url\":\"https:\\\/\\\/mrnews.com.br\\\/\",\"name\":\"MRNews\",\"description\":\"MRNews Jogos de hoje da TV, transmiss\u00f5es ao vivo, Not\u00edcias de futebol, Jogos ao vivo, Lives, resumo de novelas, Programa\u00e7\u00e3o da Globo, A Fazenda e BBB\",\"publisher\":{\"@id\":\"https:\\\/\\\/mrnews.com.br\\\/#organization\"},\"potentialAction\":[{\"@type\":\"SearchAction\",\"target\":{\"@type\":\"EntryPoint\",\"urlTemplate\":\"https:\\\/\\\/mrnews.com.br\\\/?s={search_term_string}\"},\"query-input\":{\"@type\":\"PropertyValueSpecification\",\"valueRequired\":true,\"valueName\":\"search_term_string\"}}],\"inLanguage\":\"pt-BR\"},{\"@type\":\"Organization\",\"@id\":\"https:\\\/\\\/mrnews.com.br\\\/#organization\",\"name\":\"MRNews\",\"url\":\"https:\\\/\\\/mrnews.com.br\\\/\",\"logo\":{\"@type\":\"ImageObject\",\"inLanguage\":\"pt-BR\",\"@id\":\"https:\\\/\\\/mrnews.com.br\\\/#\\\/schema\\\/logo\\\/image\\\/\",\"url\":\"https:\\\/\\\/mrnews.com.br\\\/wp-content\\\/uploads\\\/2019\\\/06\\\/MRNewslogo2.png\",\"contentUrl\":\"https:\\\/\\\/mrnews.com.br\\\/wp-content\\\/uploads\\\/2019\\\/06\\\/MRNewslogo2.png\",\"width\":223,\"height\":58,\"caption\":\"MRNews\"},\"image\":{\"@id\":\"https:\\\/\\\/mrnews.com.br\\\/#\\\/schema\\\/logo\\\/image\\\/\"},\"sameAs\":[\"https:\\\/\\\/www.facebook.com\\\/eaipahpah\\\/?locale2=pt_BR\",\"https:\\\/\\\/x.com\\\/conspirou\",\"https:\\\/\\\/www.instagram.com\\\/eai_pahpah\",\"https:\\\/\\\/br.pinterest.com\\\/mrnewsn\\\/boards\\\/\",\"https:\\\/\\\/www.youtube.com\\\/channel\\\/UCacgnpznQ61fifLWr1tQ-vA?view_as=subscriber\"]},{\"@type\":\"Person\",\"@id\":\"https:\\\/\\\/mrnews.com.br\\\/#\\\/schema\\\/person\\\/be3203154562a9f207407861cef7827b\",\"name\":\"MR News\",\"image\":{\"@type\":\"ImageObject\",\"inLanguage\":\"pt-BR\",\"@id\":\"https:\\\/\\\/secure.gravatar.com\\\/avatar\\\/04084e6d73c042b8646e7c17b494073bf0ede3ea13c7105cfc45cbbbc28385a4?s=96&d=monsterid&r=g\",\"url\":\"https:\\\/\\\/secure.gravatar.com\\\/avatar\\\/04084e6d73c042b8646e7c17b494073bf0ede3ea13c7105cfc45cbbbc28385a4?s=96&d=monsterid&r=g\",\"contentUrl\":\"https:\\\/\\\/secure.gravatar.com\\\/avatar\\\/04084e6d73c042b8646e7c17b494073bf0ede3ea13c7105cfc45cbbbc28385a4?s=96&d=monsterid&r=g\",\"caption\":\"MR News\"},\"description\":\"Especializado em jornalismo colaborativo pela FTP em n\u00edvel de p\u00f3s-gradua\u00e7\u00e3o. suporte@oimeliga.combr\",\"sameAs\":[\"HUGO R.\",\"Admin\"],\"url\":\"https:\\\/\\\/mrnews.com.br\\\/index.php\\\/author\\\/admin\\\/\"}]}<\/script>\n<!-- \/ Yoast SEO plugin. -->","yoast_head_json":{"title":"Programa\u00e7\u00e3o Globo HOJE Quinta (18\/07) E Amanh\u00e3: Que horas come\u00e7a Renacer e Os Outros?","robots":{"index":"index","follow":"follow","max-snippet":"max-snippet:-1","max-image-preview":"max-image-preview:large","max-video-preview":"max-video-preview:-1"},"canonical":"https:\/\/mrnews.com.br\/index.php\/2024\/07\/18\/programacao-globo-hoje-quinta-18-07-e-amanha-que-horas-comeca-renacer-e-os-outros\/","og_locale":"pt_BR","og_type":"article","og_title":"Programa\u00e7\u00e3o Globo HOJE Quinta (18\/07) E Amanh\u00e3: Que horas come\u00e7a Renacer e Os Outros?","og_description":"A Rede Globo de Televis\u00e3o divulgou sua grade desta semana. FILMES, NOVELAS E JORNALISMO\u00a0e toda a grade de programa\u00e7\u00e3o de hoje, 18\/07. Quinta-feira, 18\/07\/2024 04:00 Hora Um 06:00 Bom Dia Pra\u00e7a 08:30 Bom Dia Brasil 09:30 Encontro Com Patr\u00edcia Poeta 10:35 Mais Voc\u00ea 11:45 Pra\u00e7a TV &#8211; 1\u00aa Edi\u00e7\u00e3o 13:00 Globo Esporte 13:25 Jornal Hoje &hellip;","og_url":"https:\/\/mrnews.com.br\/index.php\/2024\/07\/18\/programacao-globo-hoje-quinta-18-07-e-amanha-que-horas-comeca-renacer-e-os-outros\/","og_site_name":"MRNews","article_publisher":"https:\/\/www.facebook.com\/eaipahpah\/?locale2=pt_BR","article_published_time":"2024-07-18T10:12:53+00:00","og_image":[{"width":730,"height":410,"url":"https:\/\/mrnews.com.br\/wp-content\/uploads\/2019\/11\/Globo.jpeg","type":"image\/jpeg"}],"author":"MR News","twitter_card":"summary_large_image","twitter_creator":"@conspirou","twitter_site":"@conspirou","twitter_misc":{"Escrito por":"MR News","Est. tempo de leitura":"4 minutos"},"schema":{"@context":"https:\/\/schema.org","@graph":[{"@type":"Article","@id":"https:\/\/mrnews.com.br\/index.php\/2024\/07\/18\/programacao-globo-hoje-quinta-18-07-e-amanha-que-horas-comeca-renacer-e-os-outros\/#article","isPartOf":{"@id":"https:\/\/mrnews.com.br\/index.php\/2024\/07\/18\/programacao-globo-hoje-quinta-18-07-e-amanha-que-horas-comeca-renacer-e-os-outros\/"},"author":{"name":"MR News","@id":"https:\/\/mrnews.com.br\/#\/schema\/person\/be3203154562a9f207407861cef7827b"},"headline":"Programa\u00e7\u00e3o Globo HOJE Quinta (18\/07) E Amanh\u00e3: Que horas come\u00e7a Renacer e Os Outros?","datePublished":"2024-07-18T10:12:53+00:00","mainEntityOfPage":{"@id":"https:\/\/mrnews.com.br\/index.php\/2024\/07\/18\/programacao-globo-hoje-quinta-18-07-e-amanha-que-horas-comeca-renacer-e-os-outros\/"},"wordCount":778,"commentCount":0,"publisher":{"@id":"https:\/\/mrnews.com.br\/#organization"},"image":{"@id":"https:\/\/mrnews.com.br\/index.php\/2024\/07\/18\/programacao-globo-hoje-quinta-18-07-e-amanha-que-horas-comeca-renacer-e-os-outros\/#primaryimage"},"thumbnailUrl":"https:\/\/mrnews.com.br\/wp-content\/uploads\/2019\/11\/Globo.jpeg","articleSection":["ENTRETENIMENTO","ESPORTES","Esportes","LIVES DE HOJE","Programa\u00e7\u00e3o da Globo","Sess\u00e3o da Tarde","Supercine","Tela Quente","TEMPERATURA M\u00c1XIMA"],"inLanguage":"pt-BR","potentialAction":[{"@type":"CommentAction","name":"Comment","target":["https:\/\/mrnews.com.br\/index.php\/2024\/07\/18\/programacao-globo-hoje-quinta-18-07-e-amanha-que-horas-comeca-renacer-e-os-outros\/#respond"]}]},{"@type":"WebPage","@id":"https:\/\/mrnews.com.br\/index.php\/2024\/07\/18\/programacao-globo-hoje-quinta-18-07-e-amanha-que-horas-comeca-renacer-e-os-outros\/","url":"https:\/\/mrnews.com.br\/index.php\/2024\/07\/18\/programacao-globo-hoje-quinta-18-07-e-amanha-que-horas-comeca-renacer-e-os-outros\/","name":"Programa\u00e7\u00e3o Globo HOJE Quinta (18\/07) E Amanh\u00e3: Que horas come\u00e7a Renacer e Os Outros?","isPartOf":{"@id":"https:\/\/mrnews.com.br\/#website"},"primaryImageOfPage":{"@id":"https:\/\/mrnews.com.br\/index.php\/2024\/07\/18\/programacao-globo-hoje-quinta-18-07-e-amanha-que-horas-comeca-renacer-e-os-outros\/#primaryimage"},"image":{"@id":"https:\/\/mrnews.com.br\/index.php\/2024\/07\/18\/programacao-globo-hoje-quinta-18-07-e-amanha-que-horas-comeca-renacer-e-os-outros\/#primaryimage"},"thumbnailUrl":"https:\/\/mrnews.com.br\/wp-content\/uploads\/2019\/11\/Globo.jpeg","datePublished":"2024-07-18T10:12:53+00:00","breadcrumb":{"@id":"https:\/\/mrnews.com.br\/index.php\/2024\/07\/18\/programacao-globo-hoje-quinta-18-07-e-amanha-que-horas-comeca-renacer-e-os-outros\/#breadcrumb"},"inLanguage":"pt-BR","potentialAction":[{"@type":"ReadAction","target":["https:\/\/mrnews.com.br\/index.php\/2024\/07\/18\/programacao-globo-hoje-quinta-18-07-e-amanha-que-horas-comeca-renacer-e-os-outros\/"]}]},{"@type":"ImageObject","inLanguage":"pt-BR","@id":"https:\/\/mrnews.com.br\/index.php\/2024\/07\/18\/programacao-globo-hoje-quinta-18-07-e-amanha-que-horas-comeca-renacer-e-os-outros\/#primaryimage","url":"https:\/\/mrnews.com.br\/wp-content\/uploads\/2019\/11\/Globo.jpeg","contentUrl":"https:\/\/mrnews.com.br\/wp-content\/uploads\/2019\/11\/Globo.jpeg","width":730,"height":410,"caption":"Logotipo da Globo (reprodu\u00e7\u00e3o Globo)"},{"@type":"BreadcrumbList","@id":"https:\/\/mrnews.com.br\/index.php\/2024\/07\/18\/programacao-globo-hoje-quinta-18-07-e-amanha-que-horas-comeca-renacer-e-os-outros\/#breadcrumb","itemListElement":[{"@type":"ListItem","position":1,"name":"In\u00edcio","item":"https:\/\/mrnews.com.br\/"},{"@type":"ListItem","position":2,"name":"Programa\u00e7\u00e3o Globo HOJE Quinta (18\/07) E Amanh\u00e3: Que horas come\u00e7a Renacer e Os Outros?"}]},{"@type":"WebSite","@id":"https:\/\/mrnews.com.br\/#website","url":"https:\/\/mrnews.com.br\/","name":"MRNews","description":"MRNews Jogos de hoje da TV, transmiss\u00f5es ao vivo, Not\u00edcias de futebol, Jogos ao vivo, Lives, resumo de novelas, Programa\u00e7\u00e3o da Globo, A Fazenda e BBB","publisher":{"@id":"https:\/\/mrnews.com.br\/#organization"},"potentialAction":[{"@type":"SearchAction","target":{"@type":"EntryPoint","urlTemplate":"https:\/\/mrnews.com.br\/?s={search_term_string}"},"query-input":{"@type":"PropertyValueSpecification","valueRequired":true,"valueName":"search_term_string"}}],"inLanguage":"pt-BR"},{"@type":"Organization","@id":"https:\/\/mrnews.com.br\/#organization","name":"MRNews","url":"https:\/\/mrnews.com.br\/","logo":{"@type":"ImageObject","inLanguage":"pt-BR","@id":"https:\/\/mrnews.com.br\/#\/schema\/logo\/image\/","url":"https:\/\/mrnews.com.br\/wp-content\/uploads\/2019\/06\/MRNewslogo2.png","contentUrl":"https:\/\/mrnews.com.br\/wp-content\/uploads\/2019\/06\/MRNewslogo2.png","width":223,"height":58,"caption":"MRNews"},"image":{"@id":"https:\/\/mrnews.com.br\/#\/schema\/logo\/image\/"},"sameAs":["https:\/\/www.facebook.com\/eaipahpah\/?locale2=pt_BR","https:\/\/x.com\/conspirou","https:\/\/www.instagram.com\/eai_pahpah","https:\/\/br.pinterest.com\/mrnewsn\/boards\/","https:\/\/www.youtube.com\/channel\/UCacgnpznQ61fifLWr1tQ-vA?view_as=subscriber"]},{"@type":"Person","@id":"https:\/\/mrnews.com.br\/#\/schema\/person\/be3203154562a9f207407861cef7827b","name":"MR News","image":{"@type":"ImageObject","inLanguage":"pt-BR","@id":"https:\/\/secure.gravatar.com\/avatar\/04084e6d73c042b8646e7c17b494073bf0ede3ea13c7105cfc45cbbbc28385a4?s=96&d=monsterid&r=g","url":"https:\/\/secure.gravatar.com\/avatar\/04084e6d73c042b8646e7c17b494073bf0ede3ea13c7105cfc45cbbbc28385a4?s=96&d=monsterid&r=g","contentUrl":"https:\/\/secure.gravatar.com\/avatar\/04084e6d73c042b8646e7c17b494073bf0ede3ea13c7105cfc45cbbbc28385a4?s=96&d=monsterid&r=g","caption":"MR News"},"description":"Especializado em jornalismo colaborativo pela FTP em n\u00edvel de p\u00f3s-gradua\u00e7\u00e3o. suporte@oimeliga.combr","sameAs":["HUGO R.","Admin"],"url":"https:\/\/mrnews.com.br\/index.php\/author\/admin\/"}]}},"jetpack_featured_media_url":"https:\/\/mrnews.com.br\/wp-content\/uploads\/2019\/11\/Globo.jpeg","jetpack_sharing_enabled":true,"jetpack_shortlink":"https:\/\/wp.me\/pa2Qf7-1MBU","amp_enabled":true,"_links":{"self":[{"href":"https:\/\/mrnews.com.br\/index.php\/wp-json\/wp\/v2\/posts\/425190","targetHints":{"allow":["GET"]}}],"collection":[{"href":"https:\/\/mrnews.com.br\/index.php\/wp-json\/wp\/v2\/posts"}],"about":[{"href":"https:\/\/mrnews.com.br\/index.php\/wp-json\/wp\/v2\/types\/post"}],"author":[{"embeddable":true,"href":"https:\/\/mrnews.com.br\/index.php\/wp-json\/wp\/v2\/users\/1"}],"replies":[{"embeddable":true,"href":"https:\/\/mrnews.com.br\/index.php\/wp-json\/wp\/v2\/comments?post=425190"}],"version-history":[{"count":1,"href":"https:\/\/mrnews.com.br\/index.php\/wp-json\/wp\/v2\/posts\/425190\/revisions"}],"predecessor-version":[{"id":425191,"href":"https:\/\/mrnews.com.br\/index.php\/wp-json\/wp\/v2\/posts\/425190\/revisions\/425191"}],"wp:featuredmedia":[{"embeddable":true,"href":"https:\/\/mrnews.com.br\/index.php\/wp-json\/wp\/v2\/media\/9565"}],"wp:attachment":[{"href":"https:\/\/mrnews.com.br\/index.php\/wp-json\/wp\/v2\/media?parent=425190"}],"wp:term":[{"taxonomy":"category","embeddable":true,"href":"https:\/\/mrnews.com.br\/index.php\/wp-json\/wp\/v2\/categories?post=425190"},{"taxonomy":"post_tag","embeddable":true,"href":"https:\/\/mrnews.com.br\/index.php\/wp-json\/wp\/v2\/tags?post=425190"}],"curies":[{"name":"wp","href":"https:\/\/api.w.org\/{rel}","templated":true}]}}