{"id":428691,"date":"2024-09-13T08:00:38","date_gmt":"2024-09-13T11:00:38","guid":{"rendered":"https:\/\/mrnews.com.br\/?p=428691"},"modified":"2024-09-13T08:00:38","modified_gmt":"2024-09-13T11:00:38","slug":"programacao-globo-hoje-segunda-16-09-e-amanha-que-horas-comeca-mania-de-voce-e-sessao-da-tarde","status":"publish","type":"post","link":"https:\/\/mrnews.com.br\/index.php\/2024\/09\/13\/programacao-globo-hoje-segunda-16-09-e-amanha-que-horas-comeca-mania-de-voce-e-sessao-da-tarde\/","title":{"rendered":"Programa\u00e7\u00e3o Globo HOJE Segunda (16\/09) E AMANH\u00c3: QUE HORAS COME\u00c7A Mania de Voc\u00ea E Sess\u00e3o da Tarde?"},"content":{"rendered":"<p>A Rede Globo de Televis\u00e3o divulgou sua grade desta<strong> semana. FILMES, NOVELAS E JORNALISMO<\/strong>\u00a0e toda a grade de programa\u00e7\u00e3o <strong>de hoje, 16\/09.<\/strong><br \/>\nSegunda-feira, 16\/09\/2024<br \/>\n04:00 Hora Um<br \/>\n06:00 Bom Dia Pra\u00e7a<br \/>\n08:30 Bom Dia Brasil<br \/>\n09:30 Encontro Com Patr\u00edcia Poeta<br \/>\n10:40 Mais Voc\u00ea<br \/>\n11:45 Pra\u00e7a TV &#8211; 1\u00aa Edi\u00e7\u00e3o<br \/>\n13:00 Hor\u00e1rio Pol\u00edtico 2024<br \/>\n13:10 Pra\u00e7a TV &#8211; 1\u00aa Edi\u00e7\u00e3o<br \/>\n13:20 Globo Esporte<br \/>\n13:45 Jornal Hoje<br \/>\n14:45 Edi\u00e7\u00e3o Especial &#8211; Cabocla<br \/>\n15:20 Sess\u00e3o da Tarde &#8211; Max: O C\u00e3o Her\u00f3i<br \/>\n17:05 Vale a Pena Ver de Novo &#8211; Alma G\u00eamea<br \/>\n18:25 No Rancho Fundo<br \/>\n19:10 Pra\u00e7a TV &#8211; 2\u00aa Edi\u00e7\u00e3o<br \/>\n19:40 Fam\u00edlia \u00e9 Tudo<br \/>\n20:30 Hor\u00e1rio Pol\u00edtico 2024<br \/>\n20:40 Jornal Nacional<br \/>\n21:30 Mania de Voc\u00ea<br \/>\n22:40 Estrela da Casa<br \/>\n23:25 Tela Quente &#8211; Legado Explosivo<br \/>\n01:10 Jornal da Globo<br \/>\n02:00 Conversa com Bial<br \/>\n02:40 Fam\u00edlia \u00e9 Tudo<br \/>\n03:25 Com\u00e9dia Na Madruga I<\/p>\n<div>Programa\u00e7\u00e3o de Segunda-feira, 16 de Setembro de 2024 na TV Globo<\/div>\n<h2>Programa\u00e7\u00e3o de Segunda-feira, 16 de Setembro de 2024 na TV Globo<\/h2>\n<p>A TV Globo preparou uma programa\u00e7\u00e3o diversificada para esta segunda-feira, 16 de setembro de 2024, com uma variedade de conte\u00fados que v\u00e3o do jornalismo ao entretenimento, passando por novelas, filmes e programas de entrevistas. Confira abaixo os destaques do dia e se programe para n\u00e3o perder nada!<\/p>\n<h3>**04:00 &#8211; Hora Um**<\/h3>\n<p>A manh\u00e3 come\u00e7a com o *Hora Um*, que traz as primeiras not\u00edcias do dia para quem acorda cedo. O programa apresenta os principais acontecimentos do Brasil e do mundo, informa\u00e7\u00f5es de tr\u00e2nsito e previs\u00e3o do tempo.<\/p>\n<h3>**06:00 &#8211; Bom Dia Pra\u00e7a*<\/h3>\n<p>A partir das 6h, o *Bom Dia Pra\u00e7a* oferece uma cobertura jornal\u00edstica local com as principais not\u00edcias e acontecimentos da sua regi\u00e3o, informando sobre o que \u00e9 relevante para os moradores.<\/p>\n<h3>**08:30 &#8211; Bom Dia Brasil**<\/h3>\n<p>Logo em seguida, o *Bom Dia Brasil* traz uma vis\u00e3o abrangente das not\u00edcias nacionais e internacionais, com coment\u00e1rios e an\u00e1lises dos principais fatos que est\u00e3o movimentando o pa\u00eds e o mundo.<\/p>\n<h3>**09:30 &#8211; Encontro com Patr\u00edcia Poeta**<\/h3>\n<p>No *Encontro com Patr\u00edcia Poeta*, assuntos variados s\u00e3o discutidos em um clima descontra\u00eddo e din\u00e2mico, com a participa\u00e7\u00e3o de convidados especiais, m\u00fasica, entretenimento e debates sobre temas da atualidade.<\/p>\n<h3>**10:40 &#8211; Mais Voc\u00ea**<\/h3>\n<p>Ana Maria Braga chega com o *Mais Voc\u00ea*, trazendo receitas deliciosas, dicas de culin\u00e1ria, entrevistas e reportagens que inspiram o seu dia a dia, al\u00e9m de hist\u00f3rias emocionantes e quadros divertidos.<\/p>\n<h3>**11:45 &#8211; Pra\u00e7a TV &#8211; 1\u00aa Edi\u00e7\u00e3o**<\/h3>\n<p>O *Pra\u00e7a TV &#8211; 1\u00aa Edi\u00e7\u00e3o* \u00e9 a edi\u00e7\u00e3o regional do telejornal que cobre as principais not\u00edcias locais, com reportagens ao vivo, informa\u00e7\u00f5es de tr\u00e2nsito, seguran\u00e7a p\u00fablica, cultura e muito mais.<\/p>\n<h3>**13:00 &#8211; Hor\u00e1rio Pol\u00edtico 2024**<\/h3>\n<p>A programa\u00e7\u00e3o d\u00e1 espa\u00e7o para o *Hor\u00e1rio Pol\u00edtico 2024*, com exibi\u00e7\u00e3o obrigat\u00f3ria das campanhas dos candidatos nas pr\u00f3ximas elei\u00e7\u00f5es.<\/p>\n<h3>**13:10 &#8211; Pra\u00e7a TV &#8211; 1\u00aa Edi\u00e7\u00e3o (continua\u00e7\u00e3o)**<\/h3>\n<p>Logo ap\u00f3s o hor\u00e1rio pol\u00edtico, o *Pra\u00e7a TV &#8211; 1\u00aa Edi\u00e7\u00e3o* retorna para completar a cobertura das not\u00edcias locais.<\/p>\n<h3>**13:20 &#8211; Globo Esporte**<\/h3>\n<p>O *Globo Esporte* traz todas as informa\u00e7\u00f5es sobre o mundo do esporte, com destaque para os campeonatos de futebol, entrevistas com atletas, an\u00e1lises de jogos e os principais eventos esportivos nacionais e internacionais.<\/p>\n<h3>**13:45 &#8211; Jornal Hoje**<\/h3>\n<p>O *Jornal Hoje* apresenta um resumo das not\u00edcias mais importantes da manh\u00e3 e do in\u00edcio da tarde, com reportagens especiais, entrevistas, an\u00e1lises e informa\u00e7\u00f5es ao vivo de todo o Brasil.<\/p>\n<h3>**14:45 &#8211; Edi\u00e7\u00e3o Especial &#8211; &#8220;Cabocla&#8221;**<\/h3>\n<p>\u00c0 tarde, o p\u00fablico relembra a cl\u00e1ssica novela *Cabocla*, que volta em uma edi\u00e7\u00e3o especial para mostrar as hist\u00f3rias de amor, conflitos e desafios vividos no interior do Brasil.<\/p>\n<h3>**15:20 &#8211; Sess\u00e3o da Tarde &#8211; &#8220;Max: O C\u00e3o Her\u00f3i&#8221;**<\/h3>\n<p>A *Sess\u00e3o da Tarde* apresenta o filme &#8220;Max: O C\u00e3o Her\u00f3i&#8221; (2015), uma emocionante aventura para toda a fam\u00edlia. O filme conta a hist\u00f3ria de Max, um c\u00e3o treinado para opera\u00e7\u00f5es militares que, ap\u00f3s a morte de seu dono, forma um forte la\u00e7o com o irm\u00e3o do soldado, e juntos eles tentam desvendar as circunst\u00e2ncias da trag\u00e9dia.<\/p>\n<h3>**17:05 &#8211; Vale a Pena Ver de Novo &#8211; &#8220;Alma G\u00eamea&#8221;**<\/h3>\n<p>No *Vale a Pena Ver de Novo*, os telespectadores podem reviver a emocionante hist\u00f3ria de amor e reencarna\u00e7\u00e3o da novela &#8220;Alma G\u00eamea&#8221;. Uma oportunidade para matar a saudade dos personagens que marcaram \u00e9poca na televis\u00e3o brasileira.<\/p>\n<h3>**18:25 &#8211; No Rancho Fundo**<\/h3>\n<p>Com\u00e9dia e drama se misturam em *No Rancho Fundo*, uma s\u00e9rie que explora as din\u00e2micas e desafios da vida rural, trazendo humor, romance e muita aventura.<\/p>\n<h3>**19:10 &#8211; Pra\u00e7a TV &#8211; 2\u00aa Edi\u00e7\u00e3o**<\/h3>\n<p>A segunda edi\u00e7\u00e3o do *Pra\u00e7a TV* traz as \u00faltimas not\u00edcias do dia na sua regi\u00e3o, com informa\u00e7\u00f5es atualizadas sobre o tr\u00e2nsito, previs\u00e3o do tempo e os principais acontecimentos locais.<\/p>\n<h3>**19:40 &#8211; Fam\u00edlia \u00e9 Tudo**<\/h3>\n<p>A com\u00e9dia *Fam\u00edlia \u00e9 Tudo* chega para divertir a audi\u00eancia com situa\u00e7\u00f5es cotidianas hil\u00e1rias e personagens carism\u00e1ticos que conquistam o p\u00fablico com suas hist\u00f3rias engra\u00e7adas e emocionantes.<\/p>\n<h3>**20:30 &#8211; Hor\u00e1rio Pol\u00edtico 2024**<\/h3>\n<p>Mais uma exibi\u00e7\u00e3o do *Hor\u00e1rio Pol\u00edtico 2024* para a apresenta\u00e7\u00e3o das campanhas eleitorais dos candidatos.<\/p>\n<h3>**20:40 &#8211; Jornal Nacional**<\/h3>\n<p>O *Jornal Nacional* traz uma cobertura completa dos principais fatos do Brasil e do mundo, com reportagens exclusivas, an\u00e1lises e informa\u00e7\u00f5es ao vivo.<\/p>\n<h3>**21:30 &#8211; Mania de Voc\u00ea**<\/h3>\n<p>A novela das nove, *Mania de Voc\u00ea*, segue surpreendendo com seus enredos envolventes, trazendo reviravoltas, romances e mist\u00e9rios que prendem a aten\u00e7\u00e3o do p\u00fablico.<\/p>\n<h3>**22:40 &#8211; Estrela da Casa**<\/h3>\n<p>No reality *Estrela da Casa*, os participantes enfrentam desafios di\u00e1rios para se destacar e conquistar pr\u00eamios, garantindo muita emo\u00e7\u00e3o e surpresas ao longo da noite.<\/p>\n<h3>**23:25 &#8211; Tela Quente &#8211; &#8220;Legado Explosivo&#8221;**<\/h3>\n<p>Na *Tela Quente*, o thriller de a\u00e7\u00e3o &#8220;Legado Explosivo&#8221; (2020) promete muita adrenalina. Estrelado por Liam Neeson, o filme conta a hist\u00f3ria de um ladr\u00e3o que deseja se entregar e recome\u00e7ar sua vida, mas acaba sendo alvo de uma ca\u00e7ada implac\u00e1vel.<\/p>\n<h3>**01:10 &#8211; Jornal da Globo**<\/h3>\n<p>O *Jornal da Globo* traz um resumo dos principais acontecimentos do dia, com reportagens investigativas, an\u00e1lises e coment\u00e1rios sobre pol\u00edtica, economia e cultura.<\/p>\n<h3>**02:00 &#8211; Conversa com Bial**<\/h3>\n<p>No *Conversa com Bial*, Pedro Bial recebe convidados especiais para entrevistas aprofundadas e debates sobre temas variados, sempre com muito carisma e intelig\u00eancia.<\/p>\n<h3>**02:40 &#8211; Fam\u00edlia \u00e9 Tudo (reprise)**<\/h3>\n<p>A reprise de *Fam\u00edlia \u00e9 Tudo* para aqueles que perderam o epis\u00f3dio anterior ou desejam rever os melhores momentos da com\u00e9dia.<\/p>\n<h3>**03:25 &#8211; Com\u00e9dia na Madruga I**<\/h3>\n<p>Para fechar a madrugada, a *Com\u00e9dia na Madruga I* traz momentos engra\u00e7ados com s\u00e9ries e programas humor\u00edsticos que garantem risadas at\u00e9 o amanhecer.<\/p>\n<p>&#8212;<\/p>\n<p>**Programe-se para Segunda-feira!**<br \/>\nCom op\u00e7\u00f5es para todos os gostos, a TV Globo promete entreter e informar com uma programa\u00e7\u00e3o diversificada. N\u00e3o perca nenhum momento!<\/p>\n","protected":false},"excerpt":{"rendered":"<p>A Rede Globo de Televis\u00e3o divulgou sua grade desta semana. FILMES, NOVELAS E JORNALISMO\u00a0e toda a grade de programa\u00e7\u00e3o de hoje, 16\/09. Segunda-feira, 16\/09\/2024 04:00 Hora Um 06:00 Bom Dia Pra\u00e7a 08:30 Bom Dia Brasil 09:30 Encontro Com Patr\u00edcia Poeta 10:40 Mais Voc\u00ea 11:45 Pra\u00e7a TV &#8211; 1\u00aa Edi\u00e7\u00e3o 13:00 Hor\u00e1rio Pol\u00edtico 2024 13:10 Pra\u00e7a &hellip;<\/p>\n","protected":false},"author":1,"featured_media":9565,"comment_status":"open","ping_status":"open","sticky":false,"template":"","format":"standard","meta":{"_jetpack_newsletter_access":"","_jetpack_dont_email_post_to_subs":false,"_jetpack_newsletter_tier_id":0,"_jetpack_memberships_contains_paywalled_content":false,"_jetpack_feature_clip_id":0,"_jetpack_memberships_contains_paid_content":false,"footnotes":"","jetpack_post_was_ever_published":false},"categories":[2,4587,3,8441,7147,4252,4365,6363,5564],"tags":[],"class_list":["post-428691","post","type-post","status-publish","format-standard","has-post-thumbnail","hentry","category-entretenimento","category-esportes","category-esportes1","category-lives","category-globo","category-sessao-da-tarde","category-supercine","category-tela-quente","category-temperatura-maxima"],"yoast_head":"<!-- This site is optimized with the Yoast SEO plugin v28.3 - https:\/\/yoast.com\/product\/yoast-seo-wordpress\/ -->\n<title>Programa\u00e7\u00e3o Globo HOJE Segunda (16\/09) E AMANH\u00c3: QUE HORAS COME\u00c7A Mania de Voc\u00ea E Sess\u00e3o da Tarde?<\/title>\n<meta name=\"robots\" content=\"index, follow, max-snippet:-1, max-image-preview:large, max-video-preview:-1\" \/>\n<link rel=\"canonical\" href=\"https:\/\/mrnews.com.br\/index.php\/2024\/09\/13\/programacao-globo-hoje-segunda-16-09-e-amanha-que-horas-comeca-mania-de-voce-e-sessao-da-tarde\/\" \/>\n<meta property=\"og:locale\" content=\"pt_BR\" \/>\n<meta property=\"og:type\" content=\"article\" \/>\n<meta property=\"og:title\" content=\"Programa\u00e7\u00e3o Globo HOJE Segunda (16\/09) E AMANH\u00c3: QUE HORAS COME\u00c7A Mania de Voc\u00ea E Sess\u00e3o da Tarde?\" \/>\n<meta property=\"og:description\" content=\"A Rede Globo de Televis\u00e3o divulgou sua grade desta semana. FILMES, NOVELAS E JORNALISMO\u00a0e toda a grade de programa\u00e7\u00e3o de hoje, 16\/09. Segunda-feira, 16\/09\/2024 04:00 Hora Um 06:00 Bom Dia Pra\u00e7a 08:30 Bom Dia Brasil 09:30 Encontro Com Patr\u00edcia Poeta 10:40 Mais Voc\u00ea 11:45 Pra\u00e7a TV &#8211; 1\u00aa Edi\u00e7\u00e3o 13:00 Hor\u00e1rio Pol\u00edtico 2024 13:10 Pra\u00e7a &hellip;\" \/>\n<meta property=\"og:url\" content=\"https:\/\/mrnews.com.br\/index.php\/2024\/09\/13\/programacao-globo-hoje-segunda-16-09-e-amanha-que-horas-comeca-mania-de-voce-e-sessao-da-tarde\/\" \/>\n<meta property=\"og:site_name\" content=\"MRNews\" \/>\n<meta property=\"article:publisher\" content=\"https:\/\/www.facebook.com\/eaipahpah\/?locale2=pt_BR\" \/>\n<meta property=\"article:published_time\" content=\"2024-09-13T11:00:38+00:00\" \/>\n<meta property=\"og:image\" content=\"https:\/\/mrnews.com.br\/wp-content\/uploads\/2019\/11\/Globo.jpeg\" \/>\n\t<meta property=\"og:image:width\" content=\"730\" \/>\n\t<meta property=\"og:image:height\" content=\"410\" \/>\n\t<meta property=\"og:image:type\" content=\"image\/jpeg\" \/>\n<meta name=\"author\" content=\"MR News\" \/>\n<meta name=\"twitter:card\" content=\"summary_large_image\" \/>\n<meta name=\"twitter:creator\" content=\"@conspirou\" \/>\n<meta name=\"twitter:site\" content=\"@conspirou\" \/>\n<meta name=\"twitter:label1\" content=\"Escrito por\" \/>\n\t<meta name=\"twitter:data1\" content=\"MR News\" \/>\n\t<meta name=\"twitter:label2\" content=\"Est. tempo de leitura\" \/>\n\t<meta name=\"twitter:data2\" content=\"7 minutos\" \/>\n<script type=\"application\/ld+json\" class=\"yoast-schema-graph\">{\"@context\":\"https:\\\/\\\/schema.org\",\"@graph\":[{\"@type\":\"Article\",\"@id\":\"https:\\\/\\\/mrnews.com.br\\\/index.php\\\/2024\\\/09\\\/13\\\/programacao-globo-hoje-segunda-16-09-e-amanha-que-horas-comeca-mania-de-voce-e-sessao-da-tarde\\\/#article\",\"isPartOf\":{\"@id\":\"https:\\\/\\\/mrnews.com.br\\\/index.php\\\/2024\\\/09\\\/13\\\/programacao-globo-hoje-segunda-16-09-e-amanha-que-horas-comeca-mania-de-voce-e-sessao-da-tarde\\\/\"},\"author\":{\"name\":\"MR News\",\"@id\":\"https:\\\/\\\/mrnews.com.br\\\/#\\\/schema\\\/person\\\/be3203154562a9f207407861cef7827b\"},\"headline\":\"Programa\u00e7\u00e3o Globo HOJE Segunda (16\\\/09) E AMANH\u00c3: QUE HORAS COME\u00c7A Mania de Voc\u00ea E Sess\u00e3o da Tarde?\",\"datePublished\":\"2024-09-13T11:00:38+00:00\",\"mainEntityOfPage\":{\"@id\":\"https:\\\/\\\/mrnews.com.br\\\/index.php\\\/2024\\\/09\\\/13\\\/programacao-globo-hoje-segunda-16-09-e-amanha-que-horas-comeca-mania-de-voce-e-sessao-da-tarde\\\/\"},\"wordCount\":1200,\"commentCount\":0,\"publisher\":{\"@id\":\"https:\\\/\\\/mrnews.com.br\\\/#organization\"},\"image\":{\"@id\":\"https:\\\/\\\/mrnews.com.br\\\/index.php\\\/2024\\\/09\\\/13\\\/programacao-globo-hoje-segunda-16-09-e-amanha-que-horas-comeca-mania-de-voce-e-sessao-da-tarde\\\/#primaryimage\"},\"thumbnailUrl\":\"https:\\\/\\\/mrnews.com.br\\\/wp-content\\\/uploads\\\/2019\\\/11\\\/Globo.jpeg\",\"articleSection\":[\"ENTRETENIMENTO\",\"Esportes\",\"ESPORTES\",\"LIVES DE HOJE\",\"Programa\u00e7\u00e3o da Globo\",\"Sess\u00e3o da Tarde\",\"Supercine\",\"Tela Quente\",\"TEMPERATURA M\u00c1XIMA\"],\"inLanguage\":\"pt-BR\",\"potentialAction\":[{\"@type\":\"CommentAction\",\"name\":\"Comment\",\"target\":[\"https:\\\/\\\/mrnews.com.br\\\/index.php\\\/2024\\\/09\\\/13\\\/programacao-globo-hoje-segunda-16-09-e-amanha-que-horas-comeca-mania-de-voce-e-sessao-da-tarde\\\/#respond\"]}]},{\"@type\":\"WebPage\",\"@id\":\"https:\\\/\\\/mrnews.com.br\\\/index.php\\\/2024\\\/09\\\/13\\\/programacao-globo-hoje-segunda-16-09-e-amanha-que-horas-comeca-mania-de-voce-e-sessao-da-tarde\\\/\",\"url\":\"https:\\\/\\\/mrnews.com.br\\\/index.php\\\/2024\\\/09\\\/13\\\/programacao-globo-hoje-segunda-16-09-e-amanha-que-horas-comeca-mania-de-voce-e-sessao-da-tarde\\\/\",\"name\":\"Programa\u00e7\u00e3o Globo HOJE Segunda (16\\\/09) E AMANH\u00c3: QUE HORAS COME\u00c7A Mania de Voc\u00ea E Sess\u00e3o da Tarde?\",\"isPartOf\":{\"@id\":\"https:\\\/\\\/mrnews.com.br\\\/#website\"},\"primaryImageOfPage\":{\"@id\":\"https:\\\/\\\/mrnews.com.br\\\/index.php\\\/2024\\\/09\\\/13\\\/programacao-globo-hoje-segunda-16-09-e-amanha-que-horas-comeca-mania-de-voce-e-sessao-da-tarde\\\/#primaryimage\"},\"image\":{\"@id\":\"https:\\\/\\\/mrnews.com.br\\\/index.php\\\/2024\\\/09\\\/13\\\/programacao-globo-hoje-segunda-16-09-e-amanha-que-horas-comeca-mania-de-voce-e-sessao-da-tarde\\\/#primaryimage\"},\"thumbnailUrl\":\"https:\\\/\\\/mrnews.com.br\\\/wp-content\\\/uploads\\\/2019\\\/11\\\/Globo.jpeg\",\"datePublished\":\"2024-09-13T11:00:38+00:00\",\"breadcrumb\":{\"@id\":\"https:\\\/\\\/mrnews.com.br\\\/index.php\\\/2024\\\/09\\\/13\\\/programacao-globo-hoje-segunda-16-09-e-amanha-que-horas-comeca-mania-de-voce-e-sessao-da-tarde\\\/#breadcrumb\"},\"inLanguage\":\"pt-BR\",\"potentialAction\":[{\"@type\":\"ReadAction\",\"target\":[\"https:\\\/\\\/mrnews.com.br\\\/index.php\\\/2024\\\/09\\\/13\\\/programacao-globo-hoje-segunda-16-09-e-amanha-que-horas-comeca-mania-de-voce-e-sessao-da-tarde\\\/\"]}]},{\"@type\":\"ImageObject\",\"inLanguage\":\"pt-BR\",\"@id\":\"https:\\\/\\\/mrnews.com.br\\\/index.php\\\/2024\\\/09\\\/13\\\/programacao-globo-hoje-segunda-16-09-e-amanha-que-horas-comeca-mania-de-voce-e-sessao-da-tarde\\\/#primaryimage\",\"url\":\"https:\\\/\\\/mrnews.com.br\\\/wp-content\\\/uploads\\\/2019\\\/11\\\/Globo.jpeg\",\"contentUrl\":\"https:\\\/\\\/mrnews.com.br\\\/wp-content\\\/uploads\\\/2019\\\/11\\\/Globo.jpeg\",\"width\":730,\"height\":410,\"caption\":\"Logotipo da Globo (reprodu\u00e7\u00e3o Globo)\"},{\"@type\":\"BreadcrumbList\",\"@id\":\"https:\\\/\\\/mrnews.com.br\\\/index.php\\\/2024\\\/09\\\/13\\\/programacao-globo-hoje-segunda-16-09-e-amanha-que-horas-comeca-mania-de-voce-e-sessao-da-tarde\\\/#breadcrumb\",\"itemListElement\":[{\"@type\":\"ListItem\",\"position\":1,\"name\":\"In\u00edcio\",\"item\":\"https:\\\/\\\/mrnews.com.br\\\/\"},{\"@type\":\"ListItem\",\"position\":2,\"name\":\"Programa\u00e7\u00e3o Globo HOJE Segunda (16\\\/09) E AMANH\u00c3: QUE HORAS COME\u00c7A Mania de Voc\u00ea E Sess\u00e3o da Tarde?\"}]},{\"@type\":\"WebSite\",\"@id\":\"https:\\\/\\\/mrnews.com.br\\\/#website\",\"url\":\"https:\\\/\\\/mrnews.com.br\\\/\",\"name\":\"MRNews\",\"description\":\"MRNews Jogos de hoje da TV, transmiss\u00f5es ao vivo, Not\u00edcias de futebol, Jogos ao vivo, Lives, resumo de novelas, Programa\u00e7\u00e3o da Globo, A Fazenda e BBB\",\"publisher\":{\"@id\":\"https:\\\/\\\/mrnews.com.br\\\/#organization\"},\"potentialAction\":[{\"@type\":\"SearchAction\",\"target\":{\"@type\":\"EntryPoint\",\"urlTemplate\":\"https:\\\/\\\/mrnews.com.br\\\/?s={search_term_string}\"},\"query-input\":{\"@type\":\"PropertyValueSpecification\",\"valueRequired\":true,\"valueName\":\"search_term_string\"}}],\"inLanguage\":\"pt-BR\"},{\"@type\":\"Organization\",\"@id\":\"https:\\\/\\\/mrnews.com.br\\\/#organization\",\"name\":\"MRNews\",\"url\":\"https:\\\/\\\/mrnews.com.br\\\/\",\"logo\":{\"@type\":\"ImageObject\",\"inLanguage\":\"pt-BR\",\"@id\":\"https:\\\/\\\/mrnews.com.br\\\/#\\\/schema\\\/logo\\\/image\\\/\",\"url\":\"https:\\\/\\\/mrnews.com.br\\\/wp-content\\\/uploads\\\/2026\\\/08\\\/MRNEws.png\",\"contentUrl\":\"https:\\\/\\\/mrnews.com.br\\\/wp-content\\\/uploads\\\/2026\\\/08\\\/MRNEws.png\",\"width\":1254,\"height\":1254,\"caption\":\"MRNews\"},\"image\":{\"@id\":\"https:\\\/\\\/mrnews.com.br\\\/#\\\/schema\\\/logo\\\/image\\\/\"},\"sameAs\":[\"https:\\\/\\\/www.facebook.com\\\/eaipahpah\\\/?locale2=pt_BR\",\"https:\\\/\\\/x.com\\\/conspirou\",\"https:\\\/\\\/www.instagram.com\\\/eai_pahpah\",\"https:\\\/\\\/br.pinterest.com\\\/mrnewsn\\\/boards\\\/\",\"https:\\\/\\\/www.youtube.com\\\/channel\\\/UCacgnpznQ61fifLWr1tQ-vA?view_as=subscriber\"]},{\"@type\":\"Person\",\"@id\":\"https:\\\/\\\/mrnews.com.br\\\/#\\\/schema\\\/person\\\/be3203154562a9f207407861cef7827b\",\"name\":\"MR News\",\"image\":{\"@type\":\"ImageObject\",\"inLanguage\":\"pt-BR\",\"@id\":\"https:\\\/\\\/secure.gravatar.com\\\/avatar\\\/04084e6d73c042b8646e7c17b494073bf0ede3ea13c7105cfc45cbbbc28385a4?s=96&d=monsterid&r=g\",\"url\":\"https:\\\/\\\/secure.gravatar.com\\\/avatar\\\/04084e6d73c042b8646e7c17b494073bf0ede3ea13c7105cfc45cbbbc28385a4?s=96&d=monsterid&r=g\",\"contentUrl\":\"https:\\\/\\\/secure.gravatar.com\\\/avatar\\\/04084e6d73c042b8646e7c17b494073bf0ede3ea13c7105cfc45cbbbc28385a4?s=96&d=monsterid&r=g\",\"caption\":\"MR News\"},\"description\":\"Especializado em jornalismo colaborativo pela FTP em n\u00edvel de p\u00f3s-gradua\u00e7\u00e3o. suporte@oimeliga.combr\",\"sameAs\":[\"HUGO R.\",\"Admin\"],\"url\":\"https:\\\/\\\/mrnews.com.br\\\/index.php\\\/author\\\/admin\\\/\"}]}<\/script>\n<!-- \/ Yoast SEO plugin. -->","yoast_head_json":{"title":"Programa\u00e7\u00e3o Globo HOJE Segunda (16\/09) E AMANH\u00c3: QUE HORAS COME\u00c7A Mania de Voc\u00ea E Sess\u00e3o da Tarde?","robots":{"index":"index","follow":"follow","max-snippet":"max-snippet:-1","max-image-preview":"max-image-preview:large","max-video-preview":"max-video-preview:-1"},"canonical":"https:\/\/mrnews.com.br\/index.php\/2024\/09\/13\/programacao-globo-hoje-segunda-16-09-e-amanha-que-horas-comeca-mania-de-voce-e-sessao-da-tarde\/","og_locale":"pt_BR","og_type":"article","og_title":"Programa\u00e7\u00e3o Globo HOJE Segunda (16\/09) E AMANH\u00c3: QUE HORAS COME\u00c7A Mania de Voc\u00ea E Sess\u00e3o da Tarde?","og_description":"A Rede Globo de Televis\u00e3o divulgou sua grade desta semana. FILMES, NOVELAS E JORNALISMO\u00a0e toda a grade de programa\u00e7\u00e3o de hoje, 16\/09. Segunda-feira, 16\/09\/2024 04:00 Hora Um 06:00 Bom Dia Pra\u00e7a 08:30 Bom Dia Brasil 09:30 Encontro Com Patr\u00edcia Poeta 10:40 Mais Voc\u00ea 11:45 Pra\u00e7a TV &#8211; 1\u00aa Edi\u00e7\u00e3o 13:00 Hor\u00e1rio Pol\u00edtico 2024 13:10 Pra\u00e7a &hellip;","og_url":"https:\/\/mrnews.com.br\/index.php\/2024\/09\/13\/programacao-globo-hoje-segunda-16-09-e-amanha-que-horas-comeca-mania-de-voce-e-sessao-da-tarde\/","og_site_name":"MRNews","article_publisher":"https:\/\/www.facebook.com\/eaipahpah\/?locale2=pt_BR","article_published_time":"2024-09-13T11:00:38+00:00","og_image":[{"width":730,"height":410,"url":"https:\/\/mrnews.com.br\/wp-content\/uploads\/2019\/11\/Globo.jpeg","type":"image\/jpeg"}],"author":"MR News","twitter_card":"summary_large_image","twitter_creator":"@conspirou","twitter_site":"@conspirou","twitter_misc":{"Escrito por":"MR News","Est. tempo de leitura":"7 minutos"},"schema":{"@context":"https:\/\/schema.org","@graph":[{"@type":"Article","@id":"https:\/\/mrnews.com.br\/index.php\/2024\/09\/13\/programacao-globo-hoje-segunda-16-09-e-amanha-que-horas-comeca-mania-de-voce-e-sessao-da-tarde\/#article","isPartOf":{"@id":"https:\/\/mrnews.com.br\/index.php\/2024\/09\/13\/programacao-globo-hoje-segunda-16-09-e-amanha-que-horas-comeca-mania-de-voce-e-sessao-da-tarde\/"},"author":{"name":"MR News","@id":"https:\/\/mrnews.com.br\/#\/schema\/person\/be3203154562a9f207407861cef7827b"},"headline":"Programa\u00e7\u00e3o Globo HOJE Segunda (16\/09) E AMANH\u00c3: QUE HORAS COME\u00c7A Mania de Voc\u00ea E Sess\u00e3o da Tarde?","datePublished":"2024-09-13T11:00:38+00:00","mainEntityOfPage":{"@id":"https:\/\/mrnews.com.br\/index.php\/2024\/09\/13\/programacao-globo-hoje-segunda-16-09-e-amanha-que-horas-comeca-mania-de-voce-e-sessao-da-tarde\/"},"wordCount":1200,"commentCount":0,"publisher":{"@id":"https:\/\/mrnews.com.br\/#organization"},"image":{"@id":"https:\/\/mrnews.com.br\/index.php\/2024\/09\/13\/programacao-globo-hoje-segunda-16-09-e-amanha-que-horas-comeca-mania-de-voce-e-sessao-da-tarde\/#primaryimage"},"thumbnailUrl":"https:\/\/mrnews.com.br\/wp-content\/uploads\/2019\/11\/Globo.jpeg","articleSection":["ENTRETENIMENTO","Esportes","ESPORTES","LIVES DE HOJE","Programa\u00e7\u00e3o da Globo","Sess\u00e3o da Tarde","Supercine","Tela Quente","TEMPERATURA M\u00c1XIMA"],"inLanguage":"pt-BR","potentialAction":[{"@type":"CommentAction","name":"Comment","target":["https:\/\/mrnews.com.br\/index.php\/2024\/09\/13\/programacao-globo-hoje-segunda-16-09-e-amanha-que-horas-comeca-mania-de-voce-e-sessao-da-tarde\/#respond"]}]},{"@type":"WebPage","@id":"https:\/\/mrnews.com.br\/index.php\/2024\/09\/13\/programacao-globo-hoje-segunda-16-09-e-amanha-que-horas-comeca-mania-de-voce-e-sessao-da-tarde\/","url":"https:\/\/mrnews.com.br\/index.php\/2024\/09\/13\/programacao-globo-hoje-segunda-16-09-e-amanha-que-horas-comeca-mania-de-voce-e-sessao-da-tarde\/","name":"Programa\u00e7\u00e3o Globo HOJE Segunda (16\/09) E AMANH\u00c3: QUE HORAS COME\u00c7A Mania de Voc\u00ea E Sess\u00e3o da Tarde?","isPartOf":{"@id":"https:\/\/mrnews.com.br\/#website"},"primaryImageOfPage":{"@id":"https:\/\/mrnews.com.br\/index.php\/2024\/09\/13\/programacao-globo-hoje-segunda-16-09-e-amanha-que-horas-comeca-mania-de-voce-e-sessao-da-tarde\/#primaryimage"},"image":{"@id":"https:\/\/mrnews.com.br\/index.php\/2024\/09\/13\/programacao-globo-hoje-segunda-16-09-e-amanha-que-horas-comeca-mania-de-voce-e-sessao-da-tarde\/#primaryimage"},"thumbnailUrl":"https:\/\/mrnews.com.br\/wp-content\/uploads\/2019\/11\/Globo.jpeg","datePublished":"2024-09-13T11:00:38+00:00","breadcrumb":{"@id":"https:\/\/mrnews.com.br\/index.php\/2024\/09\/13\/programacao-globo-hoje-segunda-16-09-e-amanha-que-horas-comeca-mania-de-voce-e-sessao-da-tarde\/#breadcrumb"},"inLanguage":"pt-BR","potentialAction":[{"@type":"ReadAction","target":["https:\/\/mrnews.com.br\/index.php\/2024\/09\/13\/programacao-globo-hoje-segunda-16-09-e-amanha-que-horas-comeca-mania-de-voce-e-sessao-da-tarde\/"]}]},{"@type":"ImageObject","inLanguage":"pt-BR","@id":"https:\/\/mrnews.com.br\/index.php\/2024\/09\/13\/programacao-globo-hoje-segunda-16-09-e-amanha-que-horas-comeca-mania-de-voce-e-sessao-da-tarde\/#primaryimage","url":"https:\/\/mrnews.com.br\/wp-content\/uploads\/2019\/11\/Globo.jpeg","contentUrl":"https:\/\/mrnews.com.br\/wp-content\/uploads\/2019\/11\/Globo.jpeg","width":730,"height":410,"caption":"Logotipo da Globo (reprodu\u00e7\u00e3o Globo)"},{"@type":"BreadcrumbList","@id":"https:\/\/mrnews.com.br\/index.php\/2024\/09\/13\/programacao-globo-hoje-segunda-16-09-e-amanha-que-horas-comeca-mania-de-voce-e-sessao-da-tarde\/#breadcrumb","itemListElement":[{"@type":"ListItem","position":1,"name":"In\u00edcio","item":"https:\/\/mrnews.com.br\/"},{"@type":"ListItem","position":2,"name":"Programa\u00e7\u00e3o Globo HOJE Segunda (16\/09) E AMANH\u00c3: QUE HORAS COME\u00c7A Mania de Voc\u00ea E Sess\u00e3o da Tarde?"}]},{"@type":"WebSite","@id":"https:\/\/mrnews.com.br\/#website","url":"https:\/\/mrnews.com.br\/","name":"MRNews","description":"MRNews Jogos de hoje da TV, transmiss\u00f5es ao vivo, Not\u00edcias de futebol, Jogos ao vivo, Lives, resumo de novelas, Programa\u00e7\u00e3o da Globo, A Fazenda e BBB","publisher":{"@id":"https:\/\/mrnews.com.br\/#organization"},"potentialAction":[{"@type":"SearchAction","target":{"@type":"EntryPoint","urlTemplate":"https:\/\/mrnews.com.br\/?s={search_term_string}"},"query-input":{"@type":"PropertyValueSpecification","valueRequired":true,"valueName":"search_term_string"}}],"inLanguage":"pt-BR"},{"@type":"Organization","@id":"https:\/\/mrnews.com.br\/#organization","name":"MRNews","url":"https:\/\/mrnews.com.br\/","logo":{"@type":"ImageObject","inLanguage":"pt-BR","@id":"https:\/\/mrnews.com.br\/#\/schema\/logo\/image\/","url":"https:\/\/mrnews.com.br\/wp-content\/uploads\/2026\/08\/MRNEws.png","contentUrl":"https:\/\/mrnews.com.br\/wp-content\/uploads\/2026\/08\/MRNEws.png","width":1254,"height":1254,"caption":"MRNews"},"image":{"@id":"https:\/\/mrnews.com.br\/#\/schema\/logo\/image\/"},"sameAs":["https:\/\/www.facebook.com\/eaipahpah\/?locale2=pt_BR","https:\/\/x.com\/conspirou","https:\/\/www.instagram.com\/eai_pahpah","https:\/\/br.pinterest.com\/mrnewsn\/boards\/","https:\/\/www.youtube.com\/channel\/UCacgnpznQ61fifLWr1tQ-vA?view_as=subscriber"]},{"@type":"Person","@id":"https:\/\/mrnews.com.br\/#\/schema\/person\/be3203154562a9f207407861cef7827b","name":"MR News","image":{"@type":"ImageObject","inLanguage":"pt-BR","@id":"https:\/\/secure.gravatar.com\/avatar\/04084e6d73c042b8646e7c17b494073bf0ede3ea13c7105cfc45cbbbc28385a4?s=96&d=monsterid&r=g","url":"https:\/\/secure.gravatar.com\/avatar\/04084e6d73c042b8646e7c17b494073bf0ede3ea13c7105cfc45cbbbc28385a4?s=96&d=monsterid&r=g","contentUrl":"https:\/\/secure.gravatar.com\/avatar\/04084e6d73c042b8646e7c17b494073bf0ede3ea13c7105cfc45cbbbc28385a4?s=96&d=monsterid&r=g","caption":"MR News"},"description":"Especializado em jornalismo colaborativo pela FTP em n\u00edvel de p\u00f3s-gradua\u00e7\u00e3o. suporte@oimeliga.combr","sameAs":["HUGO R.","Admin"],"url":"https:\/\/mrnews.com.br\/index.php\/author\/admin\/"}]}},"jetpack_sharing_enabled":true,"jetpack_shortlink":"https:\/\/wp.me\/pa2Qf7-1Nwn","amp_enabled":true,"jetpack_featured_media_url":"https:\/\/mrnews.com.br\/wp-content\/uploads\/2019\/11\/Globo.jpeg","_links":{"self":[{"href":"https:\/\/mrnews.com.br\/index.php\/wp-json\/wp\/v2\/posts\/428691","targetHints":{"allow":["GET"]}}],"collection":[{"href":"https:\/\/mrnews.com.br\/index.php\/wp-json\/wp\/v2\/posts"}],"about":[{"href":"https:\/\/mrnews.com.br\/index.php\/wp-json\/wp\/v2\/types\/post"}],"author":[{"embeddable":true,"href":"https:\/\/mrnews.com.br\/index.php\/wp-json\/wp\/v2\/users\/1"}],"replies":[{"embeddable":true,"href":"https:\/\/mrnews.com.br\/index.php\/wp-json\/wp\/v2\/comments?post=428691"}],"version-history":[{"count":1,"href":"https:\/\/mrnews.com.br\/index.php\/wp-json\/wp\/v2\/posts\/428691\/revisions"}],"predecessor-version":[{"id":428692,"href":"https:\/\/mrnews.com.br\/index.php\/wp-json\/wp\/v2\/posts\/428691\/revisions\/428692"}],"wp:featuredmedia":[{"embeddable":true,"href":"https:\/\/mrnews.com.br\/index.php\/wp-json\/wp\/v2\/media\/9565"}],"wp:attachment":[{"href":"https:\/\/mrnews.com.br\/index.php\/wp-json\/wp\/v2\/media?parent=428691"}],"wp:term":[{"taxonomy":"category","embeddable":true,"href":"https:\/\/mrnews.com.br\/index.php\/wp-json\/wp\/v2\/categories?post=428691"},{"taxonomy":"post_tag","embeddable":true,"href":"https:\/\/mrnews.com.br\/index.php\/wp-json\/wp\/v2\/tags?post=428691"}],"curies":[{"name":"wp","href":"https:\/\/api.w.org\/{rel}","templated":true}]}}