{"id":428694,"date":"2024-09-13T08:02:13","date_gmt":"2024-09-13T11:02:13","guid":{"rendered":"https:\/\/mrnews.com.br\/?p=428694"},"modified":"2024-09-13T08:02:13","modified_gmt":"2024-09-13T11:02:13","slug":"quais-filmes-vao-passar-segunda-16-09-na-globo-sessao-da-tarde-e-tela-quente-que-horas-comeca","status":"publish","type":"post","link":"https:\/\/mrnews.com.br\/index.php\/2024\/09\/13\/quais-filmes-vao-passar-segunda-16-09-na-globo-sessao-da-tarde-e-tela-quente-que-horas-comeca\/","title":{"rendered":"Quais filmes v\u00e3o passar Segunda (16\/09) na Globo? SESS\u00c3O DA TARDE E TELA QUENTE &#8211; QUE HORAS COME\u00c7A"},"content":{"rendered":"<p>COnfira a programa\u00e7\u00e3o da Globo\u00a0 <strong>hoje, 16\/09\/<\/strong><strong>2024 e que horas come\u00e7am os filmes de hoje.\u00a0<\/strong><\/p>\n<p>Segunda-feira, 16\/09\/2024<\/p>\n<p>04:00 Hora Um<\/p>\n<p>06:00 Bom Dia Pra\u00e7a<\/p>\n<p>08:30 Bom Dia Brasil<\/p>\n<p>09:30 Encontro Com Patr\u00edcia Poeta<\/p>\n<p>10:40 Mais Voc\u00ea<\/p>\n<p>11:45 Pra\u00e7a TV &#8211; 1\u00aa Edi\u00e7\u00e3o<\/p>\n<p>13:00 Hor\u00e1rio Pol\u00edtico 2024<\/p>\n<p>13:10 Pra\u00e7a TV &#8211; 1\u00aa Edi\u00e7\u00e3o<\/p>\n<p>13:20 Globo Esporte<\/p>\n<p>13:45 Jornal Hoje<\/p>\n<p>14:45 Edi\u00e7\u00e3o Especial &#8211; Cabocla<\/p>\n<p>15:20 Sess\u00e3o da Tarde &#8211; Max: O C\u00e3o Her\u00f3i<\/p>\n<p>17:05 Vale a Pena Ver de Novo &#8211; Alma G\u00eamea<\/p>\n<p>18:25 No Rancho Fundo<\/p>\n<p>19:10 Pra\u00e7a TV &#8211; 2\u00aa Edi\u00e7\u00e3o<\/p>\n<p>19:40 Fam\u00edlia \u00e9 Tudo<\/p>\n<p>20:30 Hor\u00e1rio Pol\u00edtico 2024<\/p>\n<p>20:40 Jornal Nacional<\/p>\n<p>21:30 Mania de Voc\u00ea<\/p>\n<p>22:40 Estrela da Casa<\/p>\n<p>23:25 Tela Quente &#8211; Legado Explosivo<\/p>\n<p>01:10 Jornal da Globo<\/p>\n<p>02:00 Conversa com Bial<\/p>\n<p>02:40 Fam\u00edlia \u00e9 Tudo<\/p>\n<p>03:25 Com\u00e9dia Na Madruga I<\/p>\n<h2>Programa\u00e7\u00e3o de Filmes na TV: Segunda-feira, 16 de Setembro de 2024<\/h2>\n<p>&nbsp;<\/p>\n<p>Se voc\u00ea \u00e9 f\u00e3 de filmes emocionantes e comoventes, n\u00e3o pode perder a programa\u00e7\u00e3o desta segunda-feira, 16 de setembro, na TV Globo. A *Sess\u00e3o da Tarde* e a *Tela Quente* trazem duas grandes produ\u00e7\u00f5es que prometem conquistar o p\u00fablico com hist\u00f3rias envolventes e cheias de a\u00e7\u00e3o. Confira abaixo os destaques do dia.<\/p>\n<p>&nbsp;<\/p>\n<h3>**Sess\u00e3o da Tarde &#8211; &#8220;Max: O C\u00e3o Her\u00f3i&#8221;**<\/h3>\n<p>&nbsp;<\/p>\n<p>Na *Sess\u00e3o da Tarde*, \u00e0s 15h30, prepare-se para se emocionar com &#8220;Max: O C\u00e3o Her\u00f3i&#8221; (2015). O filme, dirigido por Boaz Yakin, \u00e9 uma tocante aventura de fam\u00edlia que explora temas de lealdade, amizade e supera\u00e7\u00e3o.<\/p>\n<p>&nbsp;<\/p>\n<p>A trama gira em torno de Max, um c\u00e3o altamente treinado que servia ao lado do soldado Kyle no Afeganist\u00e3o. Ap\u00f3s a tr\u00e1gica morte de Kyle, Max \u00e9 levado de volta aos Estados Unidos, onde encontra ref\u00fagio na casa da fam\u00edlia do soldado. L\u00e1, ele forma um la\u00e7o especial com Justin (Robbie Amell), o irm\u00e3o mais novo de Kyle, que inicialmente reluta em se aproximar do c\u00e3o.<\/p>\n<p>&nbsp;<\/p>\n<p>Juntos, Justin e Max embarcam em uma jornada para desvendar o mist\u00e9rio por tr\u00e1s da morte do soldado, enfrentando desafios e perigos que testam sua coragem e lealdade. Com um elenco estrelado que inclui Thomas Haden Church, Lauren Graham e Luke Kleintank, &#8220;Max: O C\u00e3o Her\u00f3i&#8221; \u00e9 uma emocionante hist\u00f3ria de amizade e resili\u00eancia, perfeita para assistir com toda a fam\u00edlia.<\/p>\n<p>&nbsp;<\/p>\n<h3>**Tela Quente &#8211; &#8220;Legado Explosivo&#8221;**<\/h3>\n<p>&nbsp;<\/p>\n<p>\u00c0 noite, \u00e0s 22h30, a *Tela Quente* exibe &#8220;Legado Explosivo&#8221; (2020), um eletrizante thriller de a\u00e7\u00e3o estrelado por Liam Neeson. Sob a dire\u00e7\u00e3o de Marcos Williams, o filme promete prender a aten\u00e7\u00e3o do p\u00fablico do in\u00edcio ao fim.<\/p>\n<p>&nbsp;<\/p>\n<p>Na trama, Tom Carter (Liam Neeson) \u00e9 um assaltante de bancos que decide deixar para tr\u00e1s sua vida de crimes e se entregar \u00e0s autoridades para limpar sua ficha, ap\u00f3s se apaixonar por Annie (Kate Walsh). Contudo, ao tentar fazer um acordo com o FBI para devolver todo o dinheiro que roubou, Tom descobre que os agentes designados para prend\u00ea-lo n\u00e3o s\u00e3o exatamente confi\u00e1veis. Eles planejam incrimin\u00e1-lo e manter o dinheiro para si mesmos.<\/p>\n<p>&nbsp;<\/p>\n<p>Determinado a provar sua inoc\u00eancia e proteger sua amada, Tom se envolve em uma persegui\u00e7\u00e3o alucinante, enfrentando uma perigosa rede de corrup\u00e7\u00e3o e trai\u00e7\u00f5es. O filme conta ainda com um elenco de peso, incluindo Jeffrey Donovan, Jai Courtney e Anthony Ramos, que d\u00e3o vida a personagens intensos e cheios de nuances.<\/p>\n<p>&nbsp;<\/p>\n<h3>**Prepare-se para uma segunda-feira emocionante!**<\/h3>\n<p>&nbsp;<\/p>\n<p>A *Sess\u00e3o da Tarde* e a *Tela Quente* desta segunda-feira s\u00e3o uma excelente pedida para quem busca divers\u00e3o e adrenalina. &#8220;Max: O C\u00e3o Her\u00f3i&#8221; \u00e9 perfeito para quem deseja uma hist\u00f3ria emocionante e inspiradora, enquanto &#8220;Legado Explosivo&#8221; oferece a\u00e7\u00e3o de tirar o f\u00f4lego com um toque de suspense. N\u00e3o perca essas grandes atra\u00e7\u00f5es da TV Globo!<\/p>\n<p>&nbsp;<\/p>\n<p>&#8212;<\/p>\n<p>&nbsp;<\/p>\n<p>Aproveite a programa\u00e7\u00e3o e prepare a pipoca para uma noite cheia de emo\u00e7\u00f5es!<\/p>\n","protected":false},"excerpt":{"rendered":"<p>COnfira a programa\u00e7\u00e3o da Globo\u00a0 hoje, 16\/09\/2024 e que horas come\u00e7am os filmes de hoje.\u00a0 Segunda-feira, 16\/09\/2024 04:00 Hora Um 06:00 Bom Dia Pra\u00e7a 08:30 Bom Dia Brasil 09:30 Encontro Com Patr\u00edcia Poeta 10:40 Mais Voc\u00ea 11:45 Pra\u00e7a TV &#8211; 1\u00aa Edi\u00e7\u00e3o 13:00 Hor\u00e1rio Pol\u00edtico 2024 13:10 Pra\u00e7a TV &#8211; 1\u00aa Edi\u00e7\u00e3o 13:20 Globo Esporte &hellip;<\/p>\n","protected":false},"author":1,"featured_media":229430,"comment_status":"open","ping_status":"open","sticky":false,"template":"","format":"standard","meta":{"_jetpack_newsletter_access":"","_jetpack_dont_email_post_to_subs":false,"_jetpack_newsletter_tier_id":0,"_jetpack_memberships_contains_paywalled_content":false,"_jetpack_feature_clip_id":0,"_jetpack_memberships_contains_paid_content":false,"footnotes":"","jetpack_post_was_ever_published":false},"categories":[7147,4365,6363,5564],"tags":[],"class_list":["post-428694","post","type-post","status-publish","format-standard","has-post-thumbnail","hentry","category-globo","category-supercine","category-tela-quente","category-temperatura-maxima"],"yoast_head":"<!-- This site is optimized with the Yoast SEO plugin v28.3 - https:\/\/yoast.com\/product\/yoast-seo-wordpress\/ -->\n<title>Quais filmes v\u00e3o passar Segunda (16\/09) na Globo? SESS\u00c3O DA TARDE E TELA QUENTE - QUE HORAS COME\u00c7A<\/title>\n<meta name=\"robots\" content=\"index, follow, max-snippet:-1, max-image-preview:large, max-video-preview:-1\" \/>\n<link rel=\"canonical\" href=\"https:\/\/mrnews.com.br\/index.php\/2024\/09\/13\/quais-filmes-vao-passar-segunda-16-09-na-globo-sessao-da-tarde-e-tela-quente-que-horas-comeca\/\" \/>\n<meta property=\"og:locale\" content=\"pt_BR\" \/>\n<meta property=\"og:type\" content=\"article\" \/>\n<meta property=\"og:title\" content=\"Quais filmes v\u00e3o passar Segunda (16\/09) na Globo? SESS\u00c3O DA TARDE E TELA QUENTE - QUE HORAS COME\u00c7A\" \/>\n<meta property=\"og:description\" content=\"COnfira a programa\u00e7\u00e3o da Globo\u00a0 hoje, 16\/09\/2024 e que horas come\u00e7am os filmes de hoje.\u00a0 Segunda-feira, 16\/09\/2024 04:00 Hora Um 06:00 Bom Dia Pra\u00e7a 08:30 Bom Dia Brasil 09:30 Encontro Com Patr\u00edcia Poeta 10:40 Mais Voc\u00ea 11:45 Pra\u00e7a TV &#8211; 1\u00aa Edi\u00e7\u00e3o 13:00 Hor\u00e1rio Pol\u00edtico 2024 13:10 Pra\u00e7a TV &#8211; 1\u00aa Edi\u00e7\u00e3o 13:20 Globo Esporte &hellip;\" \/>\n<meta property=\"og:url\" content=\"https:\/\/mrnews.com.br\/index.php\/2024\/09\/13\/quais-filmes-vao-passar-segunda-16-09-na-globo-sessao-da-tarde-e-tela-quente-que-horas-comeca\/\" \/>\n<meta property=\"og:site_name\" content=\"MRNews\" \/>\n<meta property=\"article:publisher\" content=\"https:\/\/www.facebook.com\/eaipahpah\/?locale2=pt_BR\" \/>\n<meta property=\"article:published_time\" content=\"2024-09-13T11:02:13+00:00\" \/>\n<meta property=\"og:image\" content=\"https:\/\/mrnews.com.br\/wp-content\/uploads\/2020\/07\/Tela-Quente-SEss\u00e3o-da-Tarde-e-Coruj\u00e3o-filmes-desta-segunda-feira-na-Globo.jpg\" \/>\n\t<meta property=\"og:image:width\" content=\"1488\" \/>\n\t<meta property=\"og:image:height\" content=\"878\" \/>\n\t<meta property=\"og:image:type\" content=\"image\/jpeg\" \/>\n<meta name=\"author\" content=\"MR News\" \/>\n<meta name=\"twitter:card\" content=\"summary_large_image\" \/>\n<meta name=\"twitter:creator\" content=\"@conspirou\" \/>\n<meta name=\"twitter:site\" content=\"@conspirou\" \/>\n<meta name=\"twitter:label1\" content=\"Escrito por\" \/>\n\t<meta name=\"twitter:data1\" content=\"MR News\" \/>\n\t<meta name=\"twitter:label2\" content=\"Est. tempo de leitura\" \/>\n\t<meta name=\"twitter:data2\" content=\"4 minutos\" \/>\n<script type=\"application\/ld+json\" class=\"yoast-schema-graph\">{\"@context\":\"https:\\\/\\\/schema.org\",\"@graph\":[{\"@type\":\"Article\",\"@id\":\"https:\\\/\\\/mrnews.com.br\\\/index.php\\\/2024\\\/09\\\/13\\\/quais-filmes-vao-passar-segunda-16-09-na-globo-sessao-da-tarde-e-tela-quente-que-horas-comeca\\\/#article\",\"isPartOf\":{\"@id\":\"https:\\\/\\\/mrnews.com.br\\\/index.php\\\/2024\\\/09\\\/13\\\/quais-filmes-vao-passar-segunda-16-09-na-globo-sessao-da-tarde-e-tela-quente-que-horas-comeca\\\/\"},\"author\":{\"name\":\"MR News\",\"@id\":\"https:\\\/\\\/mrnews.com.br\\\/#\\\/schema\\\/person\\\/be3203154562a9f207407861cef7827b\"},\"headline\":\"Quais filmes v\u00e3o passar Segunda (16\\\/09) na Globo? SESS\u00c3O DA TARDE E TELA QUENTE &#8211; QUE HORAS COME\u00c7A\",\"datePublished\":\"2024-09-13T11:02:13+00:00\",\"mainEntityOfPage\":{\"@id\":\"https:\\\/\\\/mrnews.com.br\\\/index.php\\\/2024\\\/09\\\/13\\\/quais-filmes-vao-passar-segunda-16-09-na-globo-sessao-da-tarde-e-tela-quente-que-horas-comeca\\\/\"},\"wordCount\":682,\"commentCount\":0,\"publisher\":{\"@id\":\"https:\\\/\\\/mrnews.com.br\\\/#organization\"},\"image\":{\"@id\":\"https:\\\/\\\/mrnews.com.br\\\/index.php\\\/2024\\\/09\\\/13\\\/quais-filmes-vao-passar-segunda-16-09-na-globo-sessao-da-tarde-e-tela-quente-que-horas-comeca\\\/#primaryimage\"},\"thumbnailUrl\":\"https:\\\/\\\/mrnews.com.br\\\/wp-content\\\/uploads\\\/2020\\\/07\\\/Tela-Quente-SEss\u00e3o-da-Tarde-e-Coruj\u00e3o-filmes-desta-segunda-feira-na-Globo.jpg\",\"articleSection\":[\"Programa\u00e7\u00e3o da Globo\",\"Supercine\",\"Tela Quente\",\"TEMPERATURA M\u00c1XIMA\"],\"inLanguage\":\"pt-BR\",\"potentialAction\":[{\"@type\":\"CommentAction\",\"name\":\"Comment\",\"target\":[\"https:\\\/\\\/mrnews.com.br\\\/index.php\\\/2024\\\/09\\\/13\\\/quais-filmes-vao-passar-segunda-16-09-na-globo-sessao-da-tarde-e-tela-quente-que-horas-comeca\\\/#respond\"]}]},{\"@type\":\"WebPage\",\"@id\":\"https:\\\/\\\/mrnews.com.br\\\/index.php\\\/2024\\\/09\\\/13\\\/quais-filmes-vao-passar-segunda-16-09-na-globo-sessao-da-tarde-e-tela-quente-que-horas-comeca\\\/\",\"url\":\"https:\\\/\\\/mrnews.com.br\\\/index.php\\\/2024\\\/09\\\/13\\\/quais-filmes-vao-passar-segunda-16-09-na-globo-sessao-da-tarde-e-tela-quente-que-horas-comeca\\\/\",\"name\":\"Quais filmes v\u00e3o passar Segunda (16\\\/09) na Globo? SESS\u00c3O DA TARDE E TELA QUENTE - QUE HORAS COME\u00c7A\",\"isPartOf\":{\"@id\":\"https:\\\/\\\/mrnews.com.br\\\/#website\"},\"primaryImageOfPage\":{\"@id\":\"https:\\\/\\\/mrnews.com.br\\\/index.php\\\/2024\\\/09\\\/13\\\/quais-filmes-vao-passar-segunda-16-09-na-globo-sessao-da-tarde-e-tela-quente-que-horas-comeca\\\/#primaryimage\"},\"image\":{\"@id\":\"https:\\\/\\\/mrnews.com.br\\\/index.php\\\/2024\\\/09\\\/13\\\/quais-filmes-vao-passar-segunda-16-09-na-globo-sessao-da-tarde-e-tela-quente-que-horas-comeca\\\/#primaryimage\"},\"thumbnailUrl\":\"https:\\\/\\\/mrnews.com.br\\\/wp-content\\\/uploads\\\/2020\\\/07\\\/Tela-Quente-SEss\u00e3o-da-Tarde-e-Coruj\u00e3o-filmes-desta-segunda-feira-na-Globo.jpg\",\"datePublished\":\"2024-09-13T11:02:13+00:00\",\"breadcrumb\":{\"@id\":\"https:\\\/\\\/mrnews.com.br\\\/index.php\\\/2024\\\/09\\\/13\\\/quais-filmes-vao-passar-segunda-16-09-na-globo-sessao-da-tarde-e-tela-quente-que-horas-comeca\\\/#breadcrumb\"},\"inLanguage\":\"pt-BR\",\"potentialAction\":[{\"@type\":\"ReadAction\",\"target\":[\"https:\\\/\\\/mrnews.com.br\\\/index.php\\\/2024\\\/09\\\/13\\\/quais-filmes-vao-passar-segunda-16-09-na-globo-sessao-da-tarde-e-tela-quente-que-horas-comeca\\\/\"]}]},{\"@type\":\"ImageObject\",\"inLanguage\":\"pt-BR\",\"@id\":\"https:\\\/\\\/mrnews.com.br\\\/index.php\\\/2024\\\/09\\\/13\\\/quais-filmes-vao-passar-segunda-16-09-na-globo-sessao-da-tarde-e-tela-quente-que-horas-comeca\\\/#primaryimage\",\"url\":\"https:\\\/\\\/mrnews.com.br\\\/wp-content\\\/uploads\\\/2020\\\/07\\\/Tela-Quente-SEss\u00e3o-da-Tarde-e-Coruj\u00e3o-filmes-desta-segunda-feira-na-Globo.jpg\",\"contentUrl\":\"https:\\\/\\\/mrnews.com.br\\\/wp-content\\\/uploads\\\/2020\\\/07\\\/Tela-Quente-SEss\u00e3o-da-Tarde-e-Coruj\u00e3o-filmes-desta-segunda-feira-na-Globo.jpg\",\"width\":1488,\"height\":878,\"caption\":\"Tela Quente SEss\u00e3o da Tarde e Coruj\u00e3o, filmes desta segunda-feira na Globo\"},{\"@type\":\"BreadcrumbList\",\"@id\":\"https:\\\/\\\/mrnews.com.br\\\/index.php\\\/2024\\\/09\\\/13\\\/quais-filmes-vao-passar-segunda-16-09-na-globo-sessao-da-tarde-e-tela-quente-que-horas-comeca\\\/#breadcrumb\",\"itemListElement\":[{\"@type\":\"ListItem\",\"position\":1,\"name\":\"In\u00edcio\",\"item\":\"https:\\\/\\\/mrnews.com.br\\\/\"},{\"@type\":\"ListItem\",\"position\":2,\"name\":\"Quais filmes v\u00e3o passar Segunda (16\\\/09) na Globo? SESS\u00c3O DA TARDE E TELA QUENTE &#8211; QUE HORAS COME\u00c7A\"}]},{\"@type\":\"WebSite\",\"@id\":\"https:\\\/\\\/mrnews.com.br\\\/#website\",\"url\":\"https:\\\/\\\/mrnews.com.br\\\/\",\"name\":\"MRNews\",\"description\":\"MRNews Jogos de hoje da TV, transmiss\u00f5es ao vivo, Not\u00edcias de futebol, Jogos ao vivo, Lives, resumo de novelas, Programa\u00e7\u00e3o da Globo, A Fazenda e BBB\",\"publisher\":{\"@id\":\"https:\\\/\\\/mrnews.com.br\\\/#organization\"},\"potentialAction\":[{\"@type\":\"SearchAction\",\"target\":{\"@type\":\"EntryPoint\",\"urlTemplate\":\"https:\\\/\\\/mrnews.com.br\\\/?s={search_term_string}\"},\"query-input\":{\"@type\":\"PropertyValueSpecification\",\"valueRequired\":true,\"valueName\":\"search_term_string\"}}],\"inLanguage\":\"pt-BR\"},{\"@type\":\"Organization\",\"@id\":\"https:\\\/\\\/mrnews.com.br\\\/#organization\",\"name\":\"MRNews\",\"url\":\"https:\\\/\\\/mrnews.com.br\\\/\",\"logo\":{\"@type\":\"ImageObject\",\"inLanguage\":\"pt-BR\",\"@id\":\"https:\\\/\\\/mrnews.com.br\\\/#\\\/schema\\\/logo\\\/image\\\/\",\"url\":\"https:\\\/\\\/mrnews.com.br\\\/wp-content\\\/uploads\\\/2026\\\/08\\\/MRNEws.png\",\"contentUrl\":\"https:\\\/\\\/mrnews.com.br\\\/wp-content\\\/uploads\\\/2026\\\/08\\\/MRNEws.png\",\"width\":1254,\"height\":1254,\"caption\":\"MRNews\"},\"image\":{\"@id\":\"https:\\\/\\\/mrnews.com.br\\\/#\\\/schema\\\/logo\\\/image\\\/\"},\"sameAs\":[\"https:\\\/\\\/www.facebook.com\\\/eaipahpah\\\/?locale2=pt_BR\",\"https:\\\/\\\/x.com\\\/conspirou\",\"https:\\\/\\\/www.instagram.com\\\/eai_pahpah\",\"https:\\\/\\\/br.pinterest.com\\\/mrnewsn\\\/boards\\\/\",\"https:\\\/\\\/www.youtube.com\\\/channel\\\/UCacgnpznQ61fifLWr1tQ-vA?view_as=subscriber\"]},{\"@type\":\"Person\",\"@id\":\"https:\\\/\\\/mrnews.com.br\\\/#\\\/schema\\\/person\\\/be3203154562a9f207407861cef7827b\",\"name\":\"MR News\",\"image\":{\"@type\":\"ImageObject\",\"inLanguage\":\"pt-BR\",\"@id\":\"https:\\\/\\\/secure.gravatar.com\\\/avatar\\\/04084e6d73c042b8646e7c17b494073bf0ede3ea13c7105cfc45cbbbc28385a4?s=96&d=monsterid&r=g\",\"url\":\"https:\\\/\\\/secure.gravatar.com\\\/avatar\\\/04084e6d73c042b8646e7c17b494073bf0ede3ea13c7105cfc45cbbbc28385a4?s=96&d=monsterid&r=g\",\"contentUrl\":\"https:\\\/\\\/secure.gravatar.com\\\/avatar\\\/04084e6d73c042b8646e7c17b494073bf0ede3ea13c7105cfc45cbbbc28385a4?s=96&d=monsterid&r=g\",\"caption\":\"MR News\"},\"description\":\"Especializado em jornalismo colaborativo pela FTP em n\u00edvel de p\u00f3s-gradua\u00e7\u00e3o. suporte@oimeliga.combr\",\"sameAs\":[\"HUGO R.\",\"Admin\"],\"url\":\"https:\\\/\\\/mrnews.com.br\\\/index.php\\\/author\\\/admin\\\/\"}]}<\/script>\n<!-- \/ Yoast SEO plugin. -->","yoast_head_json":{"title":"Quais filmes v\u00e3o passar Segunda (16\/09) na Globo? SESS\u00c3O DA TARDE E TELA QUENTE - QUE HORAS COME\u00c7A","robots":{"index":"index","follow":"follow","max-snippet":"max-snippet:-1","max-image-preview":"max-image-preview:large","max-video-preview":"max-video-preview:-1"},"canonical":"https:\/\/mrnews.com.br\/index.php\/2024\/09\/13\/quais-filmes-vao-passar-segunda-16-09-na-globo-sessao-da-tarde-e-tela-quente-que-horas-comeca\/","og_locale":"pt_BR","og_type":"article","og_title":"Quais filmes v\u00e3o passar Segunda (16\/09) na Globo? SESS\u00c3O DA TARDE E TELA QUENTE - QUE HORAS COME\u00c7A","og_description":"COnfira a programa\u00e7\u00e3o da Globo\u00a0 hoje, 16\/09\/2024 e que horas come\u00e7am os filmes de hoje.\u00a0 Segunda-feira, 16\/09\/2024 04:00 Hora Um 06:00 Bom Dia Pra\u00e7a 08:30 Bom Dia Brasil 09:30 Encontro Com Patr\u00edcia Poeta 10:40 Mais Voc\u00ea 11:45 Pra\u00e7a TV &#8211; 1\u00aa Edi\u00e7\u00e3o 13:00 Hor\u00e1rio Pol\u00edtico 2024 13:10 Pra\u00e7a TV &#8211; 1\u00aa Edi\u00e7\u00e3o 13:20 Globo Esporte &hellip;","og_url":"https:\/\/mrnews.com.br\/index.php\/2024\/09\/13\/quais-filmes-vao-passar-segunda-16-09-na-globo-sessao-da-tarde-e-tela-quente-que-horas-comeca\/","og_site_name":"MRNews","article_publisher":"https:\/\/www.facebook.com\/eaipahpah\/?locale2=pt_BR","article_published_time":"2024-09-13T11:02:13+00:00","og_image":[{"width":1488,"height":878,"url":"https:\/\/mrnews.com.br\/wp-content\/uploads\/2020\/07\/Tela-Quente-SEss\u00e3o-da-Tarde-e-Coruj\u00e3o-filmes-desta-segunda-feira-na-Globo.jpg","type":"image\/jpeg"}],"author":"MR News","twitter_card":"summary_large_image","twitter_creator":"@conspirou","twitter_site":"@conspirou","twitter_misc":{"Escrito por":"MR News","Est. tempo de leitura":"4 minutos"},"schema":{"@context":"https:\/\/schema.org","@graph":[{"@type":"Article","@id":"https:\/\/mrnews.com.br\/index.php\/2024\/09\/13\/quais-filmes-vao-passar-segunda-16-09-na-globo-sessao-da-tarde-e-tela-quente-que-horas-comeca\/#article","isPartOf":{"@id":"https:\/\/mrnews.com.br\/index.php\/2024\/09\/13\/quais-filmes-vao-passar-segunda-16-09-na-globo-sessao-da-tarde-e-tela-quente-que-horas-comeca\/"},"author":{"name":"MR News","@id":"https:\/\/mrnews.com.br\/#\/schema\/person\/be3203154562a9f207407861cef7827b"},"headline":"Quais filmes v\u00e3o passar Segunda (16\/09) na Globo? SESS\u00c3O DA TARDE E TELA QUENTE &#8211; QUE HORAS COME\u00c7A","datePublished":"2024-09-13T11:02:13+00:00","mainEntityOfPage":{"@id":"https:\/\/mrnews.com.br\/index.php\/2024\/09\/13\/quais-filmes-vao-passar-segunda-16-09-na-globo-sessao-da-tarde-e-tela-quente-que-horas-comeca\/"},"wordCount":682,"commentCount":0,"publisher":{"@id":"https:\/\/mrnews.com.br\/#organization"},"image":{"@id":"https:\/\/mrnews.com.br\/index.php\/2024\/09\/13\/quais-filmes-vao-passar-segunda-16-09-na-globo-sessao-da-tarde-e-tela-quente-que-horas-comeca\/#primaryimage"},"thumbnailUrl":"https:\/\/mrnews.com.br\/wp-content\/uploads\/2020\/07\/Tela-Quente-SEss\u00e3o-da-Tarde-e-Coruj\u00e3o-filmes-desta-segunda-feira-na-Globo.jpg","articleSection":["Programa\u00e7\u00e3o da Globo","Supercine","Tela Quente","TEMPERATURA M\u00c1XIMA"],"inLanguage":"pt-BR","potentialAction":[{"@type":"CommentAction","name":"Comment","target":["https:\/\/mrnews.com.br\/index.php\/2024\/09\/13\/quais-filmes-vao-passar-segunda-16-09-na-globo-sessao-da-tarde-e-tela-quente-que-horas-comeca\/#respond"]}]},{"@type":"WebPage","@id":"https:\/\/mrnews.com.br\/index.php\/2024\/09\/13\/quais-filmes-vao-passar-segunda-16-09-na-globo-sessao-da-tarde-e-tela-quente-que-horas-comeca\/","url":"https:\/\/mrnews.com.br\/index.php\/2024\/09\/13\/quais-filmes-vao-passar-segunda-16-09-na-globo-sessao-da-tarde-e-tela-quente-que-horas-comeca\/","name":"Quais filmes v\u00e3o passar Segunda (16\/09) na Globo? SESS\u00c3O DA TARDE E TELA QUENTE - QUE HORAS COME\u00c7A","isPartOf":{"@id":"https:\/\/mrnews.com.br\/#website"},"primaryImageOfPage":{"@id":"https:\/\/mrnews.com.br\/index.php\/2024\/09\/13\/quais-filmes-vao-passar-segunda-16-09-na-globo-sessao-da-tarde-e-tela-quente-que-horas-comeca\/#primaryimage"},"image":{"@id":"https:\/\/mrnews.com.br\/index.php\/2024\/09\/13\/quais-filmes-vao-passar-segunda-16-09-na-globo-sessao-da-tarde-e-tela-quente-que-horas-comeca\/#primaryimage"},"thumbnailUrl":"https:\/\/mrnews.com.br\/wp-content\/uploads\/2020\/07\/Tela-Quente-SEss\u00e3o-da-Tarde-e-Coruj\u00e3o-filmes-desta-segunda-feira-na-Globo.jpg","datePublished":"2024-09-13T11:02:13+00:00","breadcrumb":{"@id":"https:\/\/mrnews.com.br\/index.php\/2024\/09\/13\/quais-filmes-vao-passar-segunda-16-09-na-globo-sessao-da-tarde-e-tela-quente-que-horas-comeca\/#breadcrumb"},"inLanguage":"pt-BR","potentialAction":[{"@type":"ReadAction","target":["https:\/\/mrnews.com.br\/index.php\/2024\/09\/13\/quais-filmes-vao-passar-segunda-16-09-na-globo-sessao-da-tarde-e-tela-quente-que-horas-comeca\/"]}]},{"@type":"ImageObject","inLanguage":"pt-BR","@id":"https:\/\/mrnews.com.br\/index.php\/2024\/09\/13\/quais-filmes-vao-passar-segunda-16-09-na-globo-sessao-da-tarde-e-tela-quente-que-horas-comeca\/#primaryimage","url":"https:\/\/mrnews.com.br\/wp-content\/uploads\/2020\/07\/Tela-Quente-SEss\u00e3o-da-Tarde-e-Coruj\u00e3o-filmes-desta-segunda-feira-na-Globo.jpg","contentUrl":"https:\/\/mrnews.com.br\/wp-content\/uploads\/2020\/07\/Tela-Quente-SEss\u00e3o-da-Tarde-e-Coruj\u00e3o-filmes-desta-segunda-feira-na-Globo.jpg","width":1488,"height":878,"caption":"Tela Quente SEss\u00e3o da Tarde e Coruj\u00e3o, filmes desta segunda-feira na Globo"},{"@type":"BreadcrumbList","@id":"https:\/\/mrnews.com.br\/index.php\/2024\/09\/13\/quais-filmes-vao-passar-segunda-16-09-na-globo-sessao-da-tarde-e-tela-quente-que-horas-comeca\/#breadcrumb","itemListElement":[{"@type":"ListItem","position":1,"name":"In\u00edcio","item":"https:\/\/mrnews.com.br\/"},{"@type":"ListItem","position":2,"name":"Quais filmes v\u00e3o passar Segunda (16\/09) na Globo? SESS\u00c3O DA TARDE E TELA QUENTE &#8211; QUE HORAS COME\u00c7A"}]},{"@type":"WebSite","@id":"https:\/\/mrnews.com.br\/#website","url":"https:\/\/mrnews.com.br\/","name":"MRNews","description":"MRNews Jogos de hoje da TV, transmiss\u00f5es ao vivo, Not\u00edcias de futebol, Jogos ao vivo, Lives, resumo de novelas, Programa\u00e7\u00e3o da Globo, A Fazenda e BBB","publisher":{"@id":"https:\/\/mrnews.com.br\/#organization"},"potentialAction":[{"@type":"SearchAction","target":{"@type":"EntryPoint","urlTemplate":"https:\/\/mrnews.com.br\/?s={search_term_string}"},"query-input":{"@type":"PropertyValueSpecification","valueRequired":true,"valueName":"search_term_string"}}],"inLanguage":"pt-BR"},{"@type":"Organization","@id":"https:\/\/mrnews.com.br\/#organization","name":"MRNews","url":"https:\/\/mrnews.com.br\/","logo":{"@type":"ImageObject","inLanguage":"pt-BR","@id":"https:\/\/mrnews.com.br\/#\/schema\/logo\/image\/","url":"https:\/\/mrnews.com.br\/wp-content\/uploads\/2026\/08\/MRNEws.png","contentUrl":"https:\/\/mrnews.com.br\/wp-content\/uploads\/2026\/08\/MRNEws.png","width":1254,"height":1254,"caption":"MRNews"},"image":{"@id":"https:\/\/mrnews.com.br\/#\/schema\/logo\/image\/"},"sameAs":["https:\/\/www.facebook.com\/eaipahpah\/?locale2=pt_BR","https:\/\/x.com\/conspirou","https:\/\/www.instagram.com\/eai_pahpah","https:\/\/br.pinterest.com\/mrnewsn\/boards\/","https:\/\/www.youtube.com\/channel\/UCacgnpznQ61fifLWr1tQ-vA?view_as=subscriber"]},{"@type":"Person","@id":"https:\/\/mrnews.com.br\/#\/schema\/person\/be3203154562a9f207407861cef7827b","name":"MR News","image":{"@type":"ImageObject","inLanguage":"pt-BR","@id":"https:\/\/secure.gravatar.com\/avatar\/04084e6d73c042b8646e7c17b494073bf0ede3ea13c7105cfc45cbbbc28385a4?s=96&d=monsterid&r=g","url":"https:\/\/secure.gravatar.com\/avatar\/04084e6d73c042b8646e7c17b494073bf0ede3ea13c7105cfc45cbbbc28385a4?s=96&d=monsterid&r=g","contentUrl":"https:\/\/secure.gravatar.com\/avatar\/04084e6d73c042b8646e7c17b494073bf0ede3ea13c7105cfc45cbbbc28385a4?s=96&d=monsterid&r=g","caption":"MR News"},"description":"Especializado em jornalismo colaborativo pela FTP em n\u00edvel de p\u00f3s-gradua\u00e7\u00e3o. suporte@oimeliga.combr","sameAs":["HUGO R.","Admin"],"url":"https:\/\/mrnews.com.br\/index.php\/author\/admin\/"}]}},"jetpack_sharing_enabled":true,"jetpack_shortlink":"https:\/\/wp.me\/pa2Qf7-1Nwq","amp_enabled":true,"jetpack_featured_media_url":"https:\/\/mrnews.com.br\/wp-content\/uploads\/2020\/07\/Tela-Quente-SEss\u00e3o-da-Tarde-e-Coruj\u00e3o-filmes-desta-segunda-feira-na-Globo.jpg","_links":{"self":[{"href":"https:\/\/mrnews.com.br\/index.php\/wp-json\/wp\/v2\/posts\/428694","targetHints":{"allow":["GET"]}}],"collection":[{"href":"https:\/\/mrnews.com.br\/index.php\/wp-json\/wp\/v2\/posts"}],"about":[{"href":"https:\/\/mrnews.com.br\/index.php\/wp-json\/wp\/v2\/types\/post"}],"author":[{"embeddable":true,"href":"https:\/\/mrnews.com.br\/index.php\/wp-json\/wp\/v2\/users\/1"}],"replies":[{"embeddable":true,"href":"https:\/\/mrnews.com.br\/index.php\/wp-json\/wp\/v2\/comments?post=428694"}],"version-history":[{"count":1,"href":"https:\/\/mrnews.com.br\/index.php\/wp-json\/wp\/v2\/posts\/428694\/revisions"}],"predecessor-version":[{"id":428695,"href":"https:\/\/mrnews.com.br\/index.php\/wp-json\/wp\/v2\/posts\/428694\/revisions\/428695"}],"wp:featuredmedia":[{"embeddable":true,"href":"https:\/\/mrnews.com.br\/index.php\/wp-json\/wp\/v2\/media\/229430"}],"wp:attachment":[{"href":"https:\/\/mrnews.com.br\/index.php\/wp-json\/wp\/v2\/media?parent=428694"}],"wp:term":[{"taxonomy":"category","embeddable":true,"href":"https:\/\/mrnews.com.br\/index.php\/wp-json\/wp\/v2\/categories?post=428694"},{"taxonomy":"post_tag","embeddable":true,"href":"https:\/\/mrnews.com.br\/index.php\/wp-json\/wp\/v2\/tags?post=428694"}],"curies":[{"name":"wp","href":"https:\/\/api.w.org\/{rel}","templated":true}]}}