{"id":429958,"date":"2024-10-01T01:10:21","date_gmt":"2024-10-01T04:10:21","guid":{"rendered":"https:\/\/mrnews.com.br\/index.php\/2024\/10\/01\/fundo-social-promove-leiloes-para-arrecadar-verbas-e-fomentar-projetos\/"},"modified":"2024-10-01T01:10:21","modified_gmt":"2024-10-01T04:10:21","slug":"fundo-social-promove-leiloes-para-arrecadar-verbas-e-fomentar-projetos","status":"publish","type":"post","link":"https:\/\/mrnews.com.br\/index.php\/2024\/10\/01\/fundo-social-promove-leiloes-para-arrecadar-verbas-e-fomentar-projetos\/","title":{"rendered":"Fundo Social promove leil\u00f5es para arrecadar verbas e fomentar projetos"},"content":{"rendered":"<div id=\"\">&#13;<br \/>\n                                <!-- Title -->&#13;<br \/>\n                                &#13;<br \/>\n&#13;<br \/>\n                                <!-- Excerpt -->&#13;<\/p>\n<p class=\"excerpt\">Equipamentos eletr\u00f4nicos, m\u00f3veis, pneus, pap\u00e9is e outros itens foram doados por \u00f3rg\u00e3os p\u00fablicos de SP e ser\u00e3o leiloados em 197 lotes<\/p>\n<p>&#13;<br \/>\n&#13;<br \/>\n                                &#13;\n                            <\/p><\/div>\n<div id=\"\">&#13;<\/p>\n<figure id=\"attachment_6321794\" style=\"width: 100%;max-width: 773px\" class=\"wp-caption alignnone\"><figcaption class=\"wp-caption-text\">Entre os destaques dos leil\u00f5es est\u00e3o diversos materiais que podem ser reciclados, consertados ou reaproveitados, incentivando pr\u00e1ticas sustent\u00e1veis e de responsabilidade ambiental. Foto: Governo de SP<\/figcaption><\/figure>\n<p>O Fundo Social de S\u00e3o Paulo realizar\u00e1, nos dias 3 e 10 de outubro, dois leil\u00f5es com o objetivo de arrecadar verbas e dar a destina\u00e7\u00e3o correta a materiais inserv\u00edveis que n\u00e3o possuem mais condi\u00e7\u00f5es de uso, mas podem ser reaproveitados. Equipamentos eletr\u00f4nicos, m\u00f3veis, pneus, pap\u00e9is e outros itens foram doados por \u00f3rg\u00e3os p\u00fablicos do Estado de S\u00e3o Paulo e ser\u00e3o leiloados em um total de 197 lotes distribu\u00eddos pela capital e 43 munic\u00edpios paulistas.<\/p>\n<p>Entre os destaques dos leil\u00f5es est\u00e3o diversos materiais que podem ser reciclados, consertados ou reaproveitados, incentivando pr\u00e1ticas sustent\u00e1veis e de responsabilidade ambiental. Ao participar, os compradores assumem o compromisso de garantir a destina\u00e7\u00e3o correta dos bens adquiridos, conforme normas de sa\u00fade, meio ambiente e outras.<\/p>\n<p><strong>Leia reportagem completa na Ag\u00eancia SP<\/strong><\/p>\n<\/p><\/div>\n","protected":false},"excerpt":{"rendered":"<p>&#13; &#13; &#13; &#13; &#13; Equipamentos eletr\u00f4nicos, m\u00f3veis, pneus, pap\u00e9is e outros itens foram doados por \u00f3rg\u00e3os p\u00fablicos de SP e ser\u00e3o leiloados em 197 lotes &#13; &#13; &#13; &#13; Entre os destaques dos leil\u00f5es est\u00e3o diversos materiais que podem ser reciclados, consertados ou reaproveitados, incentivando pr\u00e1ticas sustent\u00e1veis e de responsabilidade ambiental. Foto: Governo de &hellip;<\/p>\n","protected":false},"author":1,"featured_media":0,"comment_status":"open","ping_status":"open","sticky":false,"template":"","format":"standard","meta":{"_jetpack_newsletter_access":"","_jetpack_dont_email_post_to_subs":false,"_jetpack_newsletter_tier_id":0,"_jetpack_memberships_contains_paywalled_content":false,"_jetpack_feature_clip_id":0,"_jetpack_memberships_contains_paid_content":false,"footnotes":"","jetpack_post_was_ever_published":false},"categories":[4],"tags":[],"class_list":["post-429958","post","type-post","status-publish","format-standard","hentry","category-servicos"],"yoast_head":"<!-- This site is optimized with the Yoast SEO plugin v28.4 - https:\/\/yoast.com\/product\/yoast-seo-wordpress\/ -->\n<title>Fundo Social promove leil\u00f5es para arrecadar verbas e fomentar projetos<\/title>\n<meta name=\"robots\" content=\"index, follow, max-snippet:-1, max-image-preview:large, max-video-preview:-1\" \/>\n<link rel=\"canonical\" href=\"https:\/\/www.saopaulo.sp.gov.br\/spnoticias\/ultimas-noticias\/fundo-social-de-sp-promove-leiloes-para-arrecadar-verbas-e-fomentar-projetos\/\" \/>\n<meta property=\"og:locale\" content=\"pt_BR\" \/>\n<meta property=\"og:type\" content=\"article\" \/>\n<meta property=\"og:title\" content=\"Fundo Social promove leil\u00f5es para arrecadar verbas e fomentar projetos\" \/>\n<meta property=\"og:description\" content=\"&#013; &#013; &#013; &#013; &#013; Equipamentos eletr\u00f4nicos, m\u00f3veis, pneus, pap\u00e9is e outros itens foram doados por \u00f3rg\u00e3os p\u00fablicos de SP e ser\u00e3o leiloados em 197 lotes &#013; &#013; &#013; &#013; Entre os destaques dos leil\u00f5es est\u00e3o diversos materiais que podem ser reciclados, consertados ou reaproveitados, incentivando pr\u00e1ticas sustent\u00e1veis e de responsabilidade ambiental. Foto: Governo de &hellip;\" \/>\n<meta property=\"og:url\" content=\"https:\/\/www.saopaulo.sp.gov.br\/spnoticias\/ultimas-noticias\/fundo-social-de-sp-promove-leiloes-para-arrecadar-verbas-e-fomentar-projetos\/\" \/>\n<meta property=\"og:site_name\" content=\"MRNews\" \/>\n<meta property=\"article:publisher\" content=\"https:\/\/www.facebook.com\/eaipahpah\/?locale2=pt_BR\" \/>\n<meta property=\"article:published_time\" content=\"2024-10-01T04:10:21+00:00\" \/>\n<meta name=\"author\" content=\"MR News\" \/>\n<meta name=\"twitter:card\" content=\"summary_large_image\" \/>\n<meta name=\"twitter:creator\" content=\"@conspirou\" \/>\n<meta name=\"twitter:site\" content=\"@conspirou\" \/>\n<meta name=\"twitter:label1\" content=\"Escrito por\" \/>\n\t<meta name=\"twitter:data1\" content=\"MR News\" \/>\n\t<meta name=\"twitter:label2\" content=\"Est. tempo de leitura\" \/>\n\t<meta name=\"twitter:data2\" content=\"1 minuto\" \/>\n<script type=\"application\/ld+json\" class=\"yoast-schema-graph\">{\"@context\":\"https:\\\/\\\/schema.org\",\"@graph\":[{\"@type\":\"Article\",\"@id\":\"https:\\\/\\\/www.saopaulo.sp.gov.br\\\/spnoticias\\\/ultimas-noticias\\\/fundo-social-de-sp-promove-leiloes-para-arrecadar-verbas-e-fomentar-projetos\\\/#article\",\"isPartOf\":{\"@id\":\"https:\\\/\\\/mrnews.com.br\\\/index.php\\\/2024\\\/10\\\/01\\\/fundo-social-promove-leiloes-para-arrecadar-verbas-e-fomentar-projetos\\\/\"},\"author\":{\"name\":\"MR News\",\"@id\":\"https:\\\/\\\/mrnews.com.br\\\/#\\\/schema\\\/person\\\/be3203154562a9f207407861cef7827b\"},\"headline\":\"Fundo Social promove leil\u00f5es para arrecadar verbas e fomentar projetos\",\"datePublished\":\"2024-10-01T04:10:21+00:00\",\"mainEntityOfPage\":{\"@id\":\"https:\\\/\\\/mrnews.com.br\\\/index.php\\\/2024\\\/10\\\/01\\\/fundo-social-promove-leiloes-para-arrecadar-verbas-e-fomentar-projetos\\\/\"},\"wordCount\":211,\"commentCount\":0,\"publisher\":{\"@id\":\"https:\\\/\\\/mrnews.com.br\\\/#organization\"},\"articleSection\":[\"SERVI\u00c7OS\"],\"inLanguage\":\"pt-BR\",\"potentialAction\":[{\"@type\":\"CommentAction\",\"name\":\"Comment\",\"target\":[\"https:\\\/\\\/www.saopaulo.sp.gov.br\\\/spnoticias\\\/ultimas-noticias\\\/fundo-social-de-sp-promove-leiloes-para-arrecadar-verbas-e-fomentar-projetos\\\/#respond\"]}]},{\"@type\":\"WebPage\",\"@id\":\"https:\\\/\\\/mrnews.com.br\\\/index.php\\\/2024\\\/10\\\/01\\\/fundo-social-promove-leiloes-para-arrecadar-verbas-e-fomentar-projetos\\\/\",\"url\":\"https:\\\/\\\/www.saopaulo.sp.gov.br\\\/spnoticias\\\/ultimas-noticias\\\/fundo-social-de-sp-promove-leiloes-para-arrecadar-verbas-e-fomentar-projetos\\\/\",\"name\":\"Fundo Social promove leil\u00f5es para arrecadar verbas e fomentar projetos\",\"isPartOf\":{\"@id\":\"https:\\\/\\\/mrnews.com.br\\\/#website\"},\"datePublished\":\"2024-10-01T04:10:21+00:00\",\"breadcrumb\":{\"@id\":\"https:\\\/\\\/www.saopaulo.sp.gov.br\\\/spnoticias\\\/ultimas-noticias\\\/fundo-social-de-sp-promove-leiloes-para-arrecadar-verbas-e-fomentar-projetos\\\/#breadcrumb\"},\"inLanguage\":\"pt-BR\",\"potentialAction\":[{\"@type\":\"ReadAction\",\"target\":[\"https:\\\/\\\/www.saopaulo.sp.gov.br\\\/spnoticias\\\/ultimas-noticias\\\/fundo-social-de-sp-promove-leiloes-para-arrecadar-verbas-e-fomentar-projetos\\\/\"]}]},{\"@type\":\"BreadcrumbList\",\"@id\":\"https:\\\/\\\/www.saopaulo.sp.gov.br\\\/spnoticias\\\/ultimas-noticias\\\/fundo-social-de-sp-promove-leiloes-para-arrecadar-verbas-e-fomentar-projetos\\\/#breadcrumb\",\"itemListElement\":[{\"@type\":\"ListItem\",\"position\":1,\"name\":\"In\u00edcio\",\"item\":\"https:\\\/\\\/mrnews.com.br\\\/\"},{\"@type\":\"ListItem\",\"position\":2,\"name\":\"Fundo Social promove leil\u00f5es para arrecadar verbas e fomentar projetos\"}]},{\"@type\":\"WebSite\",\"@id\":\"https:\\\/\\\/mrnews.com.br\\\/#website\",\"url\":\"https:\\\/\\\/mrnews.com.br\\\/\",\"name\":\"MRNews\",\"description\":\"MRNews Jogos de hoje da TV, transmiss\u00f5es ao vivo, Not\u00edcias de futebol, Jogos ao vivo, Lives, resumo de novelas, Programa\u00e7\u00e3o da Globo, A Fazenda e BBB\",\"publisher\":{\"@id\":\"https:\\\/\\\/mrnews.com.br\\\/#organization\"},\"potentialAction\":[{\"@type\":\"SearchAction\",\"target\":{\"@type\":\"EntryPoint\",\"urlTemplate\":\"https:\\\/\\\/mrnews.com.br\\\/?s={search_term_string}\"},\"query-input\":{\"@type\":\"PropertyValueSpecification\",\"valueRequired\":true,\"valueName\":\"search_term_string\"}}],\"inLanguage\":\"pt-BR\"},{\"@type\":\"Organization\",\"@id\":\"https:\\\/\\\/mrnews.com.br\\\/#organization\",\"name\":\"MRNews\",\"url\":\"https:\\\/\\\/mrnews.com.br\\\/\",\"logo\":{\"@type\":\"ImageObject\",\"inLanguage\":\"pt-BR\",\"@id\":\"https:\\\/\\\/mrnews.com.br\\\/#\\\/schema\\\/logo\\\/image\\\/\",\"url\":\"https:\\\/\\\/mrnews.com.br\\\/wp-content\\\/uploads\\\/2026\\\/08\\\/MRNEws.png\",\"contentUrl\":\"https:\\\/\\\/mrnews.com.br\\\/wp-content\\\/uploads\\\/2026\\\/08\\\/MRNEws.png\",\"width\":1254,\"height\":1254,\"caption\":\"MRNews\"},\"image\":{\"@id\":\"https:\\\/\\\/mrnews.com.br\\\/#\\\/schema\\\/logo\\\/image\\\/\"},\"sameAs\":[\"https:\\\/\\\/www.facebook.com\\\/eaipahpah\\\/?locale2=pt_BR\",\"https:\\\/\\\/x.com\\\/conspirou\",\"https:\\\/\\\/www.instagram.com\\\/eai_pahpah\",\"https:\\\/\\\/br.pinterest.com\\\/mrnewsn\\\/boards\\\/\",\"https:\\\/\\\/www.youtube.com\\\/channel\\\/UCacgnpznQ61fifLWr1tQ-vA?view_as=subscriber\"]},{\"@type\":\"Person\",\"@id\":\"https:\\\/\\\/mrnews.com.br\\\/#\\\/schema\\\/person\\\/be3203154562a9f207407861cef7827b\",\"name\":\"MR News\",\"image\":{\"@type\":\"ImageObject\",\"inLanguage\":\"pt-BR\",\"@id\":\"https:\\\/\\\/secure.gravatar.com\\\/avatar\\\/04084e6d73c042b8646e7c17b494073bf0ede3ea13c7105cfc45cbbbc28385a4?s=96&d=monsterid&r=g\",\"url\":\"https:\\\/\\\/secure.gravatar.com\\\/avatar\\\/04084e6d73c042b8646e7c17b494073bf0ede3ea13c7105cfc45cbbbc28385a4?s=96&d=monsterid&r=g\",\"contentUrl\":\"https:\\\/\\\/secure.gravatar.com\\\/avatar\\\/04084e6d73c042b8646e7c17b494073bf0ede3ea13c7105cfc45cbbbc28385a4?s=96&d=monsterid&r=g\",\"caption\":\"MR News\"},\"description\":\"Especializado em jornalismo colaborativo pela FTP em n\u00edvel de p\u00f3s-gradua\u00e7\u00e3o. suporte@oimeliga.combr\",\"sameAs\":[\"HUGO R.\",\"Admin\"],\"url\":\"https:\\\/\\\/mrnews.com.br\\\/index.php\\\/author\\\/admin\\\/\"}]}<\/script>\n<!-- \/ Yoast SEO plugin. -->","yoast_head_json":{"title":"Fundo Social promove leil\u00f5es para arrecadar verbas e fomentar projetos","robots":{"index":"index","follow":"follow","max-snippet":"max-snippet:-1","max-image-preview":"max-image-preview:large","max-video-preview":"max-video-preview:-1"},"canonical":"https:\/\/www.saopaulo.sp.gov.br\/spnoticias\/ultimas-noticias\/fundo-social-de-sp-promove-leiloes-para-arrecadar-verbas-e-fomentar-projetos\/","og_locale":"pt_BR","og_type":"article","og_title":"Fundo Social promove leil\u00f5es para arrecadar verbas e fomentar projetos","og_description":"&#13; &#13; &#13; &#13; &#13; Equipamentos eletr\u00f4nicos, m\u00f3veis, pneus, pap\u00e9is e outros itens foram doados por \u00f3rg\u00e3os p\u00fablicos de SP e ser\u00e3o leiloados em 197 lotes &#13; &#13; &#13; &#13; Entre os destaques dos leil\u00f5es est\u00e3o diversos materiais que podem ser reciclados, consertados ou reaproveitados, incentivando pr\u00e1ticas sustent\u00e1veis e de responsabilidade ambiental. Foto: Governo de &hellip;","og_url":"https:\/\/www.saopaulo.sp.gov.br\/spnoticias\/ultimas-noticias\/fundo-social-de-sp-promove-leiloes-para-arrecadar-verbas-e-fomentar-projetos\/","og_site_name":"MRNews","article_publisher":"https:\/\/www.facebook.com\/eaipahpah\/?locale2=pt_BR","article_published_time":"2024-10-01T04:10:21+00:00","author":"MR News","twitter_card":"summary_large_image","twitter_creator":"@conspirou","twitter_site":"@conspirou","twitter_misc":{"Escrito por":"MR News","Est. tempo de leitura":"1 minuto"},"schema":{"@context":"https:\/\/schema.org","@graph":[{"@type":"Article","@id":"https:\/\/www.saopaulo.sp.gov.br\/spnoticias\/ultimas-noticias\/fundo-social-de-sp-promove-leiloes-para-arrecadar-verbas-e-fomentar-projetos\/#article","isPartOf":{"@id":"https:\/\/mrnews.com.br\/index.php\/2024\/10\/01\/fundo-social-promove-leiloes-para-arrecadar-verbas-e-fomentar-projetos\/"},"author":{"name":"MR News","@id":"https:\/\/mrnews.com.br\/#\/schema\/person\/be3203154562a9f207407861cef7827b"},"headline":"Fundo Social promove leil\u00f5es para arrecadar verbas e fomentar projetos","datePublished":"2024-10-01T04:10:21+00:00","mainEntityOfPage":{"@id":"https:\/\/mrnews.com.br\/index.php\/2024\/10\/01\/fundo-social-promove-leiloes-para-arrecadar-verbas-e-fomentar-projetos\/"},"wordCount":211,"commentCount":0,"publisher":{"@id":"https:\/\/mrnews.com.br\/#organization"},"articleSection":["SERVI\u00c7OS"],"inLanguage":"pt-BR","potentialAction":[{"@type":"CommentAction","name":"Comment","target":["https:\/\/www.saopaulo.sp.gov.br\/spnoticias\/ultimas-noticias\/fundo-social-de-sp-promove-leiloes-para-arrecadar-verbas-e-fomentar-projetos\/#respond"]}]},{"@type":"WebPage","@id":"https:\/\/mrnews.com.br\/index.php\/2024\/10\/01\/fundo-social-promove-leiloes-para-arrecadar-verbas-e-fomentar-projetos\/","url":"https:\/\/www.saopaulo.sp.gov.br\/spnoticias\/ultimas-noticias\/fundo-social-de-sp-promove-leiloes-para-arrecadar-verbas-e-fomentar-projetos\/","name":"Fundo Social promove leil\u00f5es para arrecadar verbas e fomentar projetos","isPartOf":{"@id":"https:\/\/mrnews.com.br\/#website"},"datePublished":"2024-10-01T04:10:21+00:00","breadcrumb":{"@id":"https:\/\/www.saopaulo.sp.gov.br\/spnoticias\/ultimas-noticias\/fundo-social-de-sp-promove-leiloes-para-arrecadar-verbas-e-fomentar-projetos\/#breadcrumb"},"inLanguage":"pt-BR","potentialAction":[{"@type":"ReadAction","target":["https:\/\/www.saopaulo.sp.gov.br\/spnoticias\/ultimas-noticias\/fundo-social-de-sp-promove-leiloes-para-arrecadar-verbas-e-fomentar-projetos\/"]}]},{"@type":"BreadcrumbList","@id":"https:\/\/www.saopaulo.sp.gov.br\/spnoticias\/ultimas-noticias\/fundo-social-de-sp-promove-leiloes-para-arrecadar-verbas-e-fomentar-projetos\/#breadcrumb","itemListElement":[{"@type":"ListItem","position":1,"name":"In\u00edcio","item":"https:\/\/mrnews.com.br\/"},{"@type":"ListItem","position":2,"name":"Fundo Social promove leil\u00f5es para arrecadar verbas e fomentar projetos"}]},{"@type":"WebSite","@id":"https:\/\/mrnews.com.br\/#website","url":"https:\/\/mrnews.com.br\/","name":"MRNews","description":"MRNews Jogos de hoje da TV, transmiss\u00f5es ao vivo, Not\u00edcias de futebol, Jogos ao vivo, Lives, resumo de novelas, Programa\u00e7\u00e3o da Globo, A Fazenda e BBB","publisher":{"@id":"https:\/\/mrnews.com.br\/#organization"},"potentialAction":[{"@type":"SearchAction","target":{"@type":"EntryPoint","urlTemplate":"https:\/\/mrnews.com.br\/?s={search_term_string}"},"query-input":{"@type":"PropertyValueSpecification","valueRequired":true,"valueName":"search_term_string"}}],"inLanguage":"pt-BR"},{"@type":"Organization","@id":"https:\/\/mrnews.com.br\/#organization","name":"MRNews","url":"https:\/\/mrnews.com.br\/","logo":{"@type":"ImageObject","inLanguage":"pt-BR","@id":"https:\/\/mrnews.com.br\/#\/schema\/logo\/image\/","url":"https:\/\/mrnews.com.br\/wp-content\/uploads\/2026\/08\/MRNEws.png","contentUrl":"https:\/\/mrnews.com.br\/wp-content\/uploads\/2026\/08\/MRNEws.png","width":1254,"height":1254,"caption":"MRNews"},"image":{"@id":"https:\/\/mrnews.com.br\/#\/schema\/logo\/image\/"},"sameAs":["https:\/\/www.facebook.com\/eaipahpah\/?locale2=pt_BR","https:\/\/x.com\/conspirou","https:\/\/www.instagram.com\/eai_pahpah","https:\/\/br.pinterest.com\/mrnewsn\/boards\/","https:\/\/www.youtube.com\/channel\/UCacgnpznQ61fifLWr1tQ-vA?view_as=subscriber"]},{"@type":"Person","@id":"https:\/\/mrnews.com.br\/#\/schema\/person\/be3203154562a9f207407861cef7827b","name":"MR News","image":{"@type":"ImageObject","inLanguage":"pt-BR","@id":"https:\/\/secure.gravatar.com\/avatar\/04084e6d73c042b8646e7c17b494073bf0ede3ea13c7105cfc45cbbbc28385a4?s=96&d=monsterid&r=g","url":"https:\/\/secure.gravatar.com\/avatar\/04084e6d73c042b8646e7c17b494073bf0ede3ea13c7105cfc45cbbbc28385a4?s=96&d=monsterid&r=g","contentUrl":"https:\/\/secure.gravatar.com\/avatar\/04084e6d73c042b8646e7c17b494073bf0ede3ea13c7105cfc45cbbbc28385a4?s=96&d=monsterid&r=g","caption":"MR News"},"description":"Especializado em jornalismo colaborativo pela FTP em n\u00edvel de p\u00f3s-gradua\u00e7\u00e3o. suporte@oimeliga.combr","sameAs":["HUGO R.","Admin"],"url":"https:\/\/mrnews.com.br\/index.php\/author\/admin\/"}]}},"jetpack_sharing_enabled":true,"jetpack_shortlink":"https:\/\/wp.me\/pa2Qf7-1NQO","amp_enabled":true,"jetpack_featured_media_url":"","_links":{"self":[{"href":"https:\/\/mrnews.com.br\/index.php\/wp-json\/wp\/v2\/posts\/429958","targetHints":{"allow":["GET"]}}],"collection":[{"href":"https:\/\/mrnews.com.br\/index.php\/wp-json\/wp\/v2\/posts"}],"about":[{"href":"https:\/\/mrnews.com.br\/index.php\/wp-json\/wp\/v2\/types\/post"}],"author":[{"embeddable":true,"href":"https:\/\/mrnews.com.br\/index.php\/wp-json\/wp\/v2\/users\/1"}],"replies":[{"embeddable":true,"href":"https:\/\/mrnews.com.br\/index.php\/wp-json\/wp\/v2\/comments?post=429958"}],"version-history":[{"count":0,"href":"https:\/\/mrnews.com.br\/index.php\/wp-json\/wp\/v2\/posts\/429958\/revisions"}],"wp:attachment":[{"href":"https:\/\/mrnews.com.br\/index.php\/wp-json\/wp\/v2\/media?parent=429958"}],"wp:term":[{"taxonomy":"category","embeddable":true,"href":"https:\/\/mrnews.com.br\/index.php\/wp-json\/wp\/v2\/categories?post=429958"},{"taxonomy":"post_tag","embeddable":true,"href":"https:\/\/mrnews.com.br\/index.php\/wp-json\/wp\/v2\/tags?post=429958"}],"curies":[{"name":"wp","href":"https:\/\/api.w.org\/{rel}","templated":true}]}}