{"id":431677,"date":"2024-11-01T01:11:59","date_gmt":"2024-11-01T04:11:59","guid":{"rendered":"https:\/\/mrnews.com.br\/index.php\/2024\/11\/01\/plano-de-dados-abertos-fsp-disponibiliza-relatorio-referente-a-consulta-publica-do-pda-2025-2026-ifsp\/"},"modified":"2024-11-01T01:11:59","modified_gmt":"2024-11-01T04:11:59","slug":"plano-de-dados-abertos-fsp-disponibiliza-relatorio-referente-a-consulta-publica-do-pda-2025-2026-ifsp","status":"publish","type":"post","link":"https:\/\/mrnews.com.br\/index.php\/2024\/11\/01\/plano-de-dados-abertos-fsp-disponibiliza-relatorio-referente-a-consulta-publica-do-pda-2025-2026-ifsp\/","title":{"rendered":"Plano de Dados Abertos: FSP disponibiliza relat\u00f3rio referente \u00e0 consulta p\u00fablica do PDA 2025-2026\u00a0 &#8211; IFSP"},"content":{"rendered":"<p><\/p>\n<div>\n<div class=\"subtitle\">\n<p><span data-contrast=\"auto\">Acesse aqui o documento<\/span><span data-ccp-props=\"{}\">\u00a0<\/span><\/p>\n<\/div>\n<p><!-- fim .content-header-options-1 --><\/p>\n<p><span data-contrast=\"auto\">A consulta p\u00fablica sobre o Plano de Dados Abertos (PDA) do IFSP esteve aberta no per\u00edodo de 1\u00ba a 16 de outubro, por meio de question\u00e1rio online, sendo amplamente divulgada atrav\u00e9s do painel de not\u00edcias no site do IFSP, pela Comiss\u00e3o atrav\u00e9s de e-mails, banner rotativo, de grupos de WhatsApp e demais meios de comunica\u00e7\u00e3o ativos. <\/span><span data-ccp-props=\"{}\">\u00a0<\/span><\/p>\n<p><span data-contrast=\"auto\">A consulta obteve 260 registros de respondentes, divididos nas seguintes categorias: docentes, t\u00e9cnicos administrativos, estudantes e comunidade externa (sociedade civil e egressos) com uma participa\u00e7\u00e3o mais expressiva da \u00e1rea discente. Os 260 participantes responderam a todas as quest\u00f5es do formul\u00e1rio.<\/span><span data-ccp-props=\"{}\">\u00a0<\/span><\/p>\n<p><span data-contrast=\"auto\">O formul\u00e1rio continha quest\u00f5es em que o participante poderia indicar um ou mais dados referentes a cada grupo dispon\u00edvel no Portal de Dados Abertos: Administra\u00e7\u00e3o, Assuntos Estudantis, Ensino, Extens\u00e3o, Gest\u00e3o de Pessoas, Inova\u00e7\u00e3o e Pesquisa e P\u00f3s-Gradua\u00e7\u00e3o. Al\u00e9m dessas quest\u00f5es fechadas, havia a op\u00e7\u00e3o de uma quest\u00e3o aberta em que os participantes poderiam sugerir descritivamente a abertura de dados que n\u00e3o estivessem listados no question\u00e1rio.\u00a0<\/span><span data-ccp-props=\"{}\">\u00a0<\/span><\/p>\n<p><span data-contrast=\"auto\">Em rela\u00e7\u00e3o aos resultados, observou-se que a prioridade dos respondentes ocorre\u00a0em dados alusivos \u00e0 \u00e1rea da educa\u00e7\u00e3o. As quest\u00f5es foram divididas em op\u00e7\u00f5es de m\u00faltipla escolha e os conjuntos em grandes \u00e1reas, visando mensurar quais as \u00e1reas de maior interesse aos pesquisados. Os percentuais de maior interesse foram\u00a0Ensino (68,5%), Pesquisa e P\u00f3s-Gradua\u00e7\u00e3o (62,7%), Assuntos Estudantis e Extens\u00e3o, com o mesmo percentual (57,7%), Inova\u00e7\u00e3o (51,9%), Desenvolvimento Institucional (44,6%) e Gest\u00e3o de Pessoas (39,2%).<\/span><span data-ccp-props=\"{}\">\u00a0<\/span><\/p>\n<p><span data-contrast=\"auto\">J\u00e1 na quest\u00e3o aberta, os dados mais solicitados foram sobre a evas\u00e3o escolar; acessibilidade; diversidade: afastamentos; alimenta\u00e7\u00e3o escolar; autoavalia\u00e7\u00e3o institucional; sustentabilidade; desenvolvimento institucional e gest\u00e3o de custos.<\/span><span data-ccp-props=\"{}\">\u00a0<\/span><\/p>\n<p><span data-contrast=\"auto\">Acesse aqui a\u00a0devolutiva da consulta p\u00fablica PDA 2025-2026.\u00a0 <\/span><span data-ccp-props=\"{}\">\u00a0<\/span><\/p>\n<\/div>\n","protected":false},"excerpt":{"rendered":"<p>Acesse aqui o documento\u00a0 A consulta p\u00fablica sobre o Plano de Dados Abertos (PDA) do IFSP esteve aberta no per\u00edodo de 1\u00ba a 16 de outubro, por meio de question\u00e1rio online, sendo amplamente divulgada atrav\u00e9s do painel de not\u00edcias no site do IFSP, pela Comiss\u00e3o atrav\u00e9s de e-mails, banner rotativo, de grupos de WhatsApp e &hellip;<\/p>\n","protected":false},"author":1,"featured_media":0,"comment_status":"open","ping_status":"open","sticky":false,"template":"","format":"standard","meta":{"_jetpack_memberships_contains_paid_content":false,"footnotes":""},"categories":[4],"tags":[],"class_list":["post-431677","post","type-post","status-publish","format-standard","hentry","category-servicos"],"yoast_head":"<!-- This site is optimized with the Yoast SEO plugin v27.4 - https:\/\/yoast.com\/product\/yoast-seo-wordpress\/ -->\n<title>Plano de Dados Abertos: FSP disponibiliza relat\u00f3rio referente \u00e0 consulta p\u00fablica do PDA 2025-2026\u00a0 - IFSP<\/title>\n<meta name=\"robots\" content=\"index, follow, max-snippet:-1, max-image-preview:large, max-video-preview:-1\" \/>\n<link rel=\"canonical\" href=\"https:\/\/www.ifsp.edu.br\/noticias\/4738-plano-de-dados-abertos-fsp-disponibiliza-relatorio-referente-a-consulta-publica-do-pda-2025-2026\" \/>\n<meta property=\"og:locale\" content=\"pt_BR\" \/>\n<meta property=\"og:type\" content=\"article\" \/>\n<meta property=\"og:title\" content=\"Plano de Dados Abertos: FSP disponibiliza relat\u00f3rio referente \u00e0 consulta p\u00fablica do PDA 2025-2026\u00a0 - IFSP\" \/>\n<meta property=\"og:description\" content=\"Acesse aqui o documento\u00a0 A consulta p\u00fablica sobre o Plano de Dados Abertos (PDA) do IFSP esteve aberta no per\u00edodo de 1\u00ba a 16 de outubro, por meio de question\u00e1rio online, sendo amplamente divulgada atrav\u00e9s do painel de not\u00edcias no site do IFSP, pela Comiss\u00e3o atrav\u00e9s de e-mails, banner rotativo, de grupos de WhatsApp e &hellip;\" \/>\n<meta property=\"og:url\" content=\"https:\/\/www.ifsp.edu.br\/noticias\/4738-plano-de-dados-abertos-fsp-disponibiliza-relatorio-referente-a-consulta-publica-do-pda-2025-2026\" \/>\n<meta property=\"og:site_name\" content=\"MRNews\" \/>\n<meta property=\"article:publisher\" content=\"https:\/\/www.facebook.com\/eaipahpah\/?locale2=pt_BR\" \/>\n<meta property=\"article:published_time\" content=\"2024-11-01T04:11:59+00:00\" \/>\n<meta name=\"author\" content=\"MR News\" \/>\n<meta name=\"twitter:card\" content=\"summary_large_image\" \/>\n<meta name=\"twitter:creator\" content=\"@conspirou\" \/>\n<meta name=\"twitter:site\" content=\"@conspirou\" \/>\n<meta name=\"twitter:label1\" content=\"Escrito por\" \/>\n\t<meta name=\"twitter:data1\" content=\"MR News\" \/>\n\t<meta name=\"twitter:label2\" content=\"Est. tempo de leitura\" \/>\n\t<meta name=\"twitter:data2\" content=\"2 minutos\" \/>\n<script type=\"application\/ld+json\" class=\"yoast-schema-graph\">{\"@context\":\"https:\\\/\\\/schema.org\",\"@graph\":[{\"@type\":\"Article\",\"@id\":\"https:\\\/\\\/www.ifsp.edu.br\\\/noticias\\\/4738-plano-de-dados-abertos-fsp-disponibiliza-relatorio-referente-a-consulta-publica-do-pda-2025-2026#article\",\"isPartOf\":{\"@id\":\"https:\\\/\\\/mrnews.com.br\\\/index.php\\\/2024\\\/11\\\/01\\\/plano-de-dados-abertos-fsp-disponibiliza-relatorio-referente-a-consulta-publica-do-pda-2025-2026-ifsp\\\/\"},\"author\":{\"name\":\"MR News\",\"@id\":\"https:\\\/\\\/mrnews.com.br\\\/#\\\/schema\\\/person\\\/be3203154562a9f207407861cef7827b\"},\"headline\":\"Plano de Dados Abertos: FSP disponibiliza relat\u00f3rio referente \u00e0 consulta p\u00fablica do PDA 2025-2026\u00a0 &#8211; IFSP\",\"datePublished\":\"2024-11-01T04:11:59+00:00\",\"mainEntityOfPage\":{\"@id\":\"https:\\\/\\\/mrnews.com.br\\\/index.php\\\/2024\\\/11\\\/01\\\/plano-de-dados-abertos-fsp-disponibiliza-relatorio-referente-a-consulta-publica-do-pda-2025-2026-ifsp\\\/\"},\"wordCount\":324,\"commentCount\":0,\"publisher\":{\"@id\":\"https:\\\/\\\/mrnews.com.br\\\/#organization\"},\"articleSection\":[\"SERVI\u00c7OS\"],\"inLanguage\":\"pt-BR\",\"potentialAction\":[{\"@type\":\"CommentAction\",\"name\":\"Comment\",\"target\":[\"https:\\\/\\\/www.ifsp.edu.br\\\/noticias\\\/4738-plano-de-dados-abertos-fsp-disponibiliza-relatorio-referente-a-consulta-publica-do-pda-2025-2026#respond\"]}]},{\"@type\":\"WebPage\",\"@id\":\"https:\\\/\\\/mrnews.com.br\\\/index.php\\\/2024\\\/11\\\/01\\\/plano-de-dados-abertos-fsp-disponibiliza-relatorio-referente-a-consulta-publica-do-pda-2025-2026-ifsp\\\/\",\"url\":\"https:\\\/\\\/www.ifsp.edu.br\\\/noticias\\\/4738-plano-de-dados-abertos-fsp-disponibiliza-relatorio-referente-a-consulta-publica-do-pda-2025-2026\",\"name\":\"Plano de Dados Abertos: FSP disponibiliza relat\u00f3rio referente \u00e0 consulta p\u00fablica do PDA 2025-2026\u00a0 - IFSP\",\"isPartOf\":{\"@id\":\"https:\\\/\\\/mrnews.com.br\\\/#website\"},\"datePublished\":\"2024-11-01T04:11:59+00:00\",\"breadcrumb\":{\"@id\":\"https:\\\/\\\/www.ifsp.edu.br\\\/noticias\\\/4738-plano-de-dados-abertos-fsp-disponibiliza-relatorio-referente-a-consulta-publica-do-pda-2025-2026#breadcrumb\"},\"inLanguage\":\"pt-BR\",\"potentialAction\":[{\"@type\":\"ReadAction\",\"target\":[\"https:\\\/\\\/www.ifsp.edu.br\\\/noticias\\\/4738-plano-de-dados-abertos-fsp-disponibiliza-relatorio-referente-a-consulta-publica-do-pda-2025-2026\"]}]},{\"@type\":\"BreadcrumbList\",\"@id\":\"https:\\\/\\\/www.ifsp.edu.br\\\/noticias\\\/4738-plano-de-dados-abertos-fsp-disponibiliza-relatorio-referente-a-consulta-publica-do-pda-2025-2026#breadcrumb\",\"itemListElement\":[{\"@type\":\"ListItem\",\"position\":1,\"name\":\"In\u00edcio\",\"item\":\"https:\\\/\\\/mrnews.com.br\\\/\"},{\"@type\":\"ListItem\",\"position\":2,\"name\":\"Plano de Dados Abertos: FSP disponibiliza relat\u00f3rio referente \u00e0 consulta p\u00fablica do PDA 2025-2026\u00a0 &#8211; IFSP\"}]},{\"@type\":\"WebSite\",\"@id\":\"https:\\\/\\\/mrnews.com.br\\\/#website\",\"url\":\"https:\\\/\\\/mrnews.com.br\\\/\",\"name\":\"MRNews\",\"description\":\"MRNews Jogos de hoje da TV, transmiss\u00f5es ao vivo, Not\u00edcias de futebol, Jogos ao vivo, Lives, resumo de novelas, Programa\u00e7\u00e3o da Globo, A Fazenda e BBB\",\"publisher\":{\"@id\":\"https:\\\/\\\/mrnews.com.br\\\/#organization\"},\"potentialAction\":[{\"@type\":\"SearchAction\",\"target\":{\"@type\":\"EntryPoint\",\"urlTemplate\":\"https:\\\/\\\/mrnews.com.br\\\/?s={search_term_string}\"},\"query-input\":{\"@type\":\"PropertyValueSpecification\",\"valueRequired\":true,\"valueName\":\"search_term_string\"}}],\"inLanguage\":\"pt-BR\"},{\"@type\":\"Organization\",\"@id\":\"https:\\\/\\\/mrnews.com.br\\\/#organization\",\"name\":\"MRNews\",\"url\":\"https:\\\/\\\/mrnews.com.br\\\/\",\"logo\":{\"@type\":\"ImageObject\",\"inLanguage\":\"pt-BR\",\"@id\":\"https:\\\/\\\/mrnews.com.br\\\/#\\\/schema\\\/logo\\\/image\\\/\",\"url\":\"https:\\\/\\\/mrnews.com.br\\\/wp-content\\\/uploads\\\/2019\\\/06\\\/MRNewslogo2.png\",\"contentUrl\":\"https:\\\/\\\/mrnews.com.br\\\/wp-content\\\/uploads\\\/2019\\\/06\\\/MRNewslogo2.png\",\"width\":223,\"height\":58,\"caption\":\"MRNews\"},\"image\":{\"@id\":\"https:\\\/\\\/mrnews.com.br\\\/#\\\/schema\\\/logo\\\/image\\\/\"},\"sameAs\":[\"https:\\\/\\\/www.facebook.com\\\/eaipahpah\\\/?locale2=pt_BR\",\"https:\\\/\\\/x.com\\\/conspirou\",\"https:\\\/\\\/www.instagram.com\\\/eai_pahpah\",\"https:\\\/\\\/br.pinterest.com\\\/mrnewsn\\\/boards\\\/\",\"https:\\\/\\\/www.youtube.com\\\/channel\\\/UCacgnpznQ61fifLWr1tQ-vA?view_as=subscriber\"]},{\"@type\":\"Person\",\"@id\":\"https:\\\/\\\/mrnews.com.br\\\/#\\\/schema\\\/person\\\/be3203154562a9f207407861cef7827b\",\"name\":\"MR News\",\"image\":{\"@type\":\"ImageObject\",\"inLanguage\":\"pt-BR\",\"@id\":\"https:\\\/\\\/secure.gravatar.com\\\/avatar\\\/04084e6d73c042b8646e7c17b494073bf0ede3ea13c7105cfc45cbbbc28385a4?s=96&d=monsterid&r=g\",\"url\":\"https:\\\/\\\/secure.gravatar.com\\\/avatar\\\/04084e6d73c042b8646e7c17b494073bf0ede3ea13c7105cfc45cbbbc28385a4?s=96&d=monsterid&r=g\",\"contentUrl\":\"https:\\\/\\\/secure.gravatar.com\\\/avatar\\\/04084e6d73c042b8646e7c17b494073bf0ede3ea13c7105cfc45cbbbc28385a4?s=96&d=monsterid&r=g\",\"caption\":\"MR News\"},\"description\":\"Especializado em jornalismo colaborativo pela FTP em n\u00edvel de p\u00f3s-gradua\u00e7\u00e3o. suporte@oimeliga.combr\",\"sameAs\":[\"HUGO R.\",\"Admin\"],\"url\":\"https:\\\/\\\/mrnews.com.br\\\/index.php\\\/author\\\/admin\\\/\"}]}<\/script>\n<!-- \/ Yoast SEO plugin. -->","yoast_head_json":{"title":"Plano de Dados Abertos: FSP disponibiliza relat\u00f3rio referente \u00e0 consulta p\u00fablica do PDA 2025-2026\u00a0 - IFSP","robots":{"index":"index","follow":"follow","max-snippet":"max-snippet:-1","max-image-preview":"max-image-preview:large","max-video-preview":"max-video-preview:-1"},"canonical":"https:\/\/www.ifsp.edu.br\/noticias\/4738-plano-de-dados-abertos-fsp-disponibiliza-relatorio-referente-a-consulta-publica-do-pda-2025-2026","og_locale":"pt_BR","og_type":"article","og_title":"Plano de Dados Abertos: FSP disponibiliza relat\u00f3rio referente \u00e0 consulta p\u00fablica do PDA 2025-2026\u00a0 - IFSP","og_description":"Acesse aqui o documento\u00a0 A consulta p\u00fablica sobre o Plano de Dados Abertos (PDA) do IFSP esteve aberta no per\u00edodo de 1\u00ba a 16 de outubro, por meio de question\u00e1rio online, sendo amplamente divulgada atrav\u00e9s do painel de not\u00edcias no site do IFSP, pela Comiss\u00e3o atrav\u00e9s de e-mails, banner rotativo, de grupos de WhatsApp e &hellip;","og_url":"https:\/\/www.ifsp.edu.br\/noticias\/4738-plano-de-dados-abertos-fsp-disponibiliza-relatorio-referente-a-consulta-publica-do-pda-2025-2026","og_site_name":"MRNews","article_publisher":"https:\/\/www.facebook.com\/eaipahpah\/?locale2=pt_BR","article_published_time":"2024-11-01T04:11:59+00:00","author":"MR News","twitter_card":"summary_large_image","twitter_creator":"@conspirou","twitter_site":"@conspirou","twitter_misc":{"Escrito por":"MR News","Est. tempo de leitura":"2 minutos"},"schema":{"@context":"https:\/\/schema.org","@graph":[{"@type":"Article","@id":"https:\/\/www.ifsp.edu.br\/noticias\/4738-plano-de-dados-abertos-fsp-disponibiliza-relatorio-referente-a-consulta-publica-do-pda-2025-2026#article","isPartOf":{"@id":"https:\/\/mrnews.com.br\/index.php\/2024\/11\/01\/plano-de-dados-abertos-fsp-disponibiliza-relatorio-referente-a-consulta-publica-do-pda-2025-2026-ifsp\/"},"author":{"name":"MR News","@id":"https:\/\/mrnews.com.br\/#\/schema\/person\/be3203154562a9f207407861cef7827b"},"headline":"Plano de Dados Abertos: FSP disponibiliza relat\u00f3rio referente \u00e0 consulta p\u00fablica do PDA 2025-2026\u00a0 &#8211; IFSP","datePublished":"2024-11-01T04:11:59+00:00","mainEntityOfPage":{"@id":"https:\/\/mrnews.com.br\/index.php\/2024\/11\/01\/plano-de-dados-abertos-fsp-disponibiliza-relatorio-referente-a-consulta-publica-do-pda-2025-2026-ifsp\/"},"wordCount":324,"commentCount":0,"publisher":{"@id":"https:\/\/mrnews.com.br\/#organization"},"articleSection":["SERVI\u00c7OS"],"inLanguage":"pt-BR","potentialAction":[{"@type":"CommentAction","name":"Comment","target":["https:\/\/www.ifsp.edu.br\/noticias\/4738-plano-de-dados-abertos-fsp-disponibiliza-relatorio-referente-a-consulta-publica-do-pda-2025-2026#respond"]}]},{"@type":"WebPage","@id":"https:\/\/mrnews.com.br\/index.php\/2024\/11\/01\/plano-de-dados-abertos-fsp-disponibiliza-relatorio-referente-a-consulta-publica-do-pda-2025-2026-ifsp\/","url":"https:\/\/www.ifsp.edu.br\/noticias\/4738-plano-de-dados-abertos-fsp-disponibiliza-relatorio-referente-a-consulta-publica-do-pda-2025-2026","name":"Plano de Dados Abertos: FSP disponibiliza relat\u00f3rio referente \u00e0 consulta p\u00fablica do PDA 2025-2026\u00a0 - IFSP","isPartOf":{"@id":"https:\/\/mrnews.com.br\/#website"},"datePublished":"2024-11-01T04:11:59+00:00","breadcrumb":{"@id":"https:\/\/www.ifsp.edu.br\/noticias\/4738-plano-de-dados-abertos-fsp-disponibiliza-relatorio-referente-a-consulta-publica-do-pda-2025-2026#breadcrumb"},"inLanguage":"pt-BR","potentialAction":[{"@type":"ReadAction","target":["https:\/\/www.ifsp.edu.br\/noticias\/4738-plano-de-dados-abertos-fsp-disponibiliza-relatorio-referente-a-consulta-publica-do-pda-2025-2026"]}]},{"@type":"BreadcrumbList","@id":"https:\/\/www.ifsp.edu.br\/noticias\/4738-plano-de-dados-abertos-fsp-disponibiliza-relatorio-referente-a-consulta-publica-do-pda-2025-2026#breadcrumb","itemListElement":[{"@type":"ListItem","position":1,"name":"In\u00edcio","item":"https:\/\/mrnews.com.br\/"},{"@type":"ListItem","position":2,"name":"Plano de Dados Abertos: FSP disponibiliza relat\u00f3rio referente \u00e0 consulta p\u00fablica do PDA 2025-2026\u00a0 &#8211; IFSP"}]},{"@type":"WebSite","@id":"https:\/\/mrnews.com.br\/#website","url":"https:\/\/mrnews.com.br\/","name":"MRNews","description":"MRNews Jogos de hoje da TV, transmiss\u00f5es ao vivo, Not\u00edcias de futebol, Jogos ao vivo, Lives, resumo de novelas, Programa\u00e7\u00e3o da Globo, A Fazenda e BBB","publisher":{"@id":"https:\/\/mrnews.com.br\/#organization"},"potentialAction":[{"@type":"SearchAction","target":{"@type":"EntryPoint","urlTemplate":"https:\/\/mrnews.com.br\/?s={search_term_string}"},"query-input":{"@type":"PropertyValueSpecification","valueRequired":true,"valueName":"search_term_string"}}],"inLanguage":"pt-BR"},{"@type":"Organization","@id":"https:\/\/mrnews.com.br\/#organization","name":"MRNews","url":"https:\/\/mrnews.com.br\/","logo":{"@type":"ImageObject","inLanguage":"pt-BR","@id":"https:\/\/mrnews.com.br\/#\/schema\/logo\/image\/","url":"https:\/\/mrnews.com.br\/wp-content\/uploads\/2019\/06\/MRNewslogo2.png","contentUrl":"https:\/\/mrnews.com.br\/wp-content\/uploads\/2019\/06\/MRNewslogo2.png","width":223,"height":58,"caption":"MRNews"},"image":{"@id":"https:\/\/mrnews.com.br\/#\/schema\/logo\/image\/"},"sameAs":["https:\/\/www.facebook.com\/eaipahpah\/?locale2=pt_BR","https:\/\/x.com\/conspirou","https:\/\/www.instagram.com\/eai_pahpah","https:\/\/br.pinterest.com\/mrnewsn\/boards\/","https:\/\/www.youtube.com\/channel\/UCacgnpznQ61fifLWr1tQ-vA?view_as=subscriber"]},{"@type":"Person","@id":"https:\/\/mrnews.com.br\/#\/schema\/person\/be3203154562a9f207407861cef7827b","name":"MR News","image":{"@type":"ImageObject","inLanguage":"pt-BR","@id":"https:\/\/secure.gravatar.com\/avatar\/04084e6d73c042b8646e7c17b494073bf0ede3ea13c7105cfc45cbbbc28385a4?s=96&d=monsterid&r=g","url":"https:\/\/secure.gravatar.com\/avatar\/04084e6d73c042b8646e7c17b494073bf0ede3ea13c7105cfc45cbbbc28385a4?s=96&d=monsterid&r=g","contentUrl":"https:\/\/secure.gravatar.com\/avatar\/04084e6d73c042b8646e7c17b494073bf0ede3ea13c7105cfc45cbbbc28385a4?s=96&d=monsterid&r=g","caption":"MR News"},"description":"Especializado em jornalismo colaborativo pela FTP em n\u00edvel de p\u00f3s-gradua\u00e7\u00e3o. suporte@oimeliga.combr","sameAs":["HUGO R.","Admin"],"url":"https:\/\/mrnews.com.br\/index.php\/author\/admin\/"}]}},"jetpack_featured_media_url":"","jetpack_sharing_enabled":true,"jetpack_shortlink":"https:\/\/wp.me\/pa2Qf7-1Oix","amp_enabled":true,"_links":{"self":[{"href":"https:\/\/mrnews.com.br\/index.php\/wp-json\/wp\/v2\/posts\/431677","targetHints":{"allow":["GET"]}}],"collection":[{"href":"https:\/\/mrnews.com.br\/index.php\/wp-json\/wp\/v2\/posts"}],"about":[{"href":"https:\/\/mrnews.com.br\/index.php\/wp-json\/wp\/v2\/types\/post"}],"author":[{"embeddable":true,"href":"https:\/\/mrnews.com.br\/index.php\/wp-json\/wp\/v2\/users\/1"}],"replies":[{"embeddable":true,"href":"https:\/\/mrnews.com.br\/index.php\/wp-json\/wp\/v2\/comments?post=431677"}],"version-history":[{"count":0,"href":"https:\/\/mrnews.com.br\/index.php\/wp-json\/wp\/v2\/posts\/431677\/revisions"}],"wp:attachment":[{"href":"https:\/\/mrnews.com.br\/index.php\/wp-json\/wp\/v2\/media?parent=431677"}],"wp:term":[{"taxonomy":"category","embeddable":true,"href":"https:\/\/mrnews.com.br\/index.php\/wp-json\/wp\/v2\/categories?post=431677"},{"taxonomy":"post_tag","embeddable":true,"href":"https:\/\/mrnews.com.br\/index.php\/wp-json\/wp\/v2\/tags?post=431677"}],"curies":[{"name":"wp","href":"https:\/\/api.w.org\/{rel}","templated":true}]}}