{"id":434198,"date":"2024-12-31T10:03:07","date_gmt":"2024-12-31T13:03:07","guid":{"rendered":"https:\/\/mrnews.com.br\/?p=434198"},"modified":"2024-12-31T10:03:07","modified_gmt":"2024-12-31T13:03:07","slug":"vizinha-vem-a-publico-e-faz-revelacao-sobre-a-mulher-que-preparou-bolo-ela-disse","status":"publish","type":"post","link":"https:\/\/mrnews.com.br\/index.php\/2024\/12\/31\/vizinha-vem-a-publico-e-faz-revelacao-sobre-a-mulher-que-preparou-bolo-ela-disse\/","title":{"rendered":"Vizinha vem a p\u00fablico e faz revela\u00e7\u00e3o sobre a mulher que preparou bolo, Ela disse"},"content":{"rendered":"<p><strong>Trag\u00e9dia em Torres: Intoxica\u00e7\u00e3o por bolo de Natal mata tr\u00eas pessoas da mesma fam\u00edlia<\/strong><\/p>\n<p>Uma trag\u00e9dia abalou o litoral ga\u00facho nesta semana, ap\u00f3s uma confraterniza\u00e7\u00e3o de Natal resultar na morte de tr\u00eas mulheres da mesma fam\u00edlia em Torres. O caso est\u00e1 sendo investigado pela pol\u00edcia, que busca entender como o bolo preparado por Zeli dos Anjos, de 61 anos, pode ter causado as mortes e sintomas de intoxica\u00e7\u00e3o em outros familiares.<\/p>\n<h3><strong>A vizinha e os h\u00e1bitos de Zeli<\/strong><\/h3>\n<p>Marila dos Santos, vizinha de Zeli, relatou ao programa <em>Fant\u00e1stico<\/em> que a aposentada sempre preparava o mesmo bolo de reis para as festas de final de ano, apesar de se considerar uma cozinheira limitada. Segundo Marila, a maior parte das refei\u00e7\u00f5es da casa era preparada pelo marido de Zeli, Paulo, falecido em setembro deste ano.<\/p>\n<blockquote><p>&#8220;Ela disse que nunca foi boa de cozinha. Sempre foi o marido que cozinhava&#8221;, contou a vizinha.<\/p><\/blockquote>\n<p>A morte de Paulo, que na \u00e9poca foi tratada como natural, agora est\u00e1 sendo reexaminada pelas autoridades, levantando a suspeita de poss\u00edvel envenenamento.<\/p>\n<h3><strong>Resultados preliminares e novas suspeitas<\/strong><\/h3>\n<p>A investiga\u00e7\u00e3o apontou a presen\u00e7a de ars\u00eanio no sangue de Zeli, de uma irm\u00e3 e de uma sobrinha, refor\u00e7ando a hip\u00f3tese de intoxica\u00e7\u00e3o. De acordo com o delegado Marcos Vinicius Veloso, os ingredientes usados no bolo, como uvas-passas e frutas cristalizadas, podem ter sido reaproveitados ap\u00f3s um apag\u00e3o que estragou alimentos na casa de Zeli.<\/p>\n<blockquote><p>&#8220;Quem comia, logo sentia o gosto estranho. As pessoas come\u00e7aram a passar mal naquele momento&#8221;, declarou o delegado.<\/p><\/blockquote>\n<p>O bolo foi consumido durante a ceia de Natal, e as v\u00edtimas come\u00e7aram a apresentar sintomas graves logo ap\u00f3s a ingest\u00e3o.<\/p>\n<h3><strong>Repercuss\u00e3o e pr\u00f3ximos passos<\/strong><\/h3>\n<p>A hist\u00f3ria tem gerado como\u00e7\u00e3o na comunidade local e nas redes sociais, enquanto a pol\u00edcia trabalha para concluir as an\u00e1lises toxicol\u00f3gicas e determinar se houve neglig\u00eancia ou inten\u00e7\u00e3o criminosa.<\/p>\n<p>O caso tamb\u00e9m reacendeu debates sobre os cuidados com o armazenamento de alimentos, especialmente em situa\u00e7\u00f5es de falta de energia, e a import\u00e2ncia de verificar a proced\u00eancia de ingredientes.<\/p>\n<p>Enquanto as investiga\u00e7\u00f5es prosseguem, Zeli permanece sob observa\u00e7\u00e3o m\u00e9dica e policial, sendo pe\u00e7a-chave na elucida\u00e7\u00e3o de uma das hist\u00f3rias mais tr\u00e1gicas deste Natal.<\/p>\n<p><strong>Isabel Veloso d\u00e1 \u00e0 luz em meio \u00e0 luta contra c\u00e2ncer: um relato de for\u00e7a e determina\u00e7\u00e3o<\/strong><\/p>\n<p>A influenciadora Isabel Veloso, de apenas 18 anos, viveu um dos momentos mais emocionantes de sua vida no \u00faltimo domingo (29). Em meio \u00e0 luta contra um Linfoma de Hodgkin, diagnosticado em 2021, ela deu \u00e0 luz seu primeiro filho, Arthur, em um parto prematuro de 32 semanas, realizado em Cascavel, Paran\u00e1.<\/p>\n<h3><strong>Um parto antecipado por raz\u00f5es m\u00e9dicas<\/strong><\/h3>\n<p>Devido \u00e0 gravidade de seu quadro de sa\u00fade, os m\u00e9dicos optaram por antecipar o nascimento de Arthur para garantir a seguran\u00e7a tanto da m\u00e3e quanto do beb\u00ea. O parto cesariano foi anunciado pelo pai da crian\u00e7a, Lucas Veloso Borbas, que compartilhou nas redes sociais uma foto do casal na sala de parto com a mensagem:<\/p>\n<blockquote><p>&#8220;Obrigado, Deus.&#8221;<\/p><\/blockquote>\n<p>Horas depois, Lucas publicou outro desabafo emocionado, declarando:<\/p>\n<blockquote><p>&#8220;Eu sou pai.&#8221;<\/p><\/blockquote>\n<h3><strong>A batalha de Isabel contra o c\u00e2ncer<\/strong><\/h3>\n<p>Desde o diagn\u00f3stico do linfoma aos 15 anos, Isabel enfrentou momentos dif\u00edceis, incluindo a necessidade de retomar sess\u00f5es de quimioterapia durante a gravidez, quando estava com 21 semanas. Mesmo diante das adversidades, a influenciadora se manteve firme, sempre enfatizando que lutaria pela vida de seu filho.<\/p>\n<p>Em um desabafo recente, Isabel falou sobre a decis\u00e3o m\u00e9dica de antecipar o parto:<\/p>\n<blockquote><p>&#8220;N\u00e3o foi escolha minha ter o nen\u00e9m agora, e eu me culpei muito por ele nascer antes, s\u00f3 que n\u00e3o \u00e9 culpa minha. Eu tamb\u00e9m n\u00e3o posso querer esperar at\u00e9 40 ou 38 semanas e eu n\u00e3o estar bem.&#8221;<\/p><\/blockquote>\n<h3><strong>Preparativos para a chegada de Arthur<\/strong><\/h3>\n<p>Mesmo enfrentando uma rotina exaustiva de tratamentos, Isabel encontrou for\u00e7as para compartilhar com seus seguidores os preparativos para a chegada de Arthur. No dia do nascimento, ela exibiu nas redes sociais o quarto do beb\u00ea, cuidadosamente decorado.<\/p>\n<h3><strong>Um s\u00edmbolo de amor e perseveran\u00e7a<\/strong><\/h3>\n<p>O nascimento de Arthur representa mais do que a realiza\u00e7\u00e3o de um sonho para Isabel; ele \u00e9 um marco de sua for\u00e7a e determina\u00e7\u00e3o em meio a um cen\u00e1rio t\u00e3o desafiador. Sua hist\u00f3ria tem inspirado milhares de pessoas, que acompanham sua jornada desde o diagn\u00f3stico do c\u00e2ncer at\u00e9 esse momento especial.<\/p>\n<p>Isabel Veloso continua a demonstrar resili\u00eancia, sendo um exemplo de coragem e amor \u00e0 vida, mesmo diante de circunst\u00e2ncias t\u00e3o adversas.<\/p>\n<p><strong>Vidente Chaline Grazik revela n\u00fameros vencedores da Mega da Virada 2024<\/strong><\/p>\n<p>A famosa vidente Chaline Grazik, conhecida como a &#8220;sensitiva das estrelas,&#8221; surpreendeu seus seguidores ao divulgar as seis dezenas que, segundo ela, ser\u00e3o sorteadas na Mega da Virada. O sorteio, marcado para o dia 31 de dezembro, promete uma premia\u00e7\u00e3o hist\u00f3rica de R$ 600 milh\u00f5es, que ser\u00e1 transmitida ao vivo pelo canal oficial da Caixa Econ\u00f4mica Federal no YouTube, \u00e0s 20h.<\/p>\n<h3><strong>Os n\u00fameros revelados pela vidente<\/strong><\/h3>\n<p>Chaline anunciou em seu perfil oficial do Instagram que os n\u00fameros sorteados ser\u00e3o: <strong>03 \u2013 13 \u2013 27 \u2013 29 \u2013 34 \u2013 35<\/strong>. A previs\u00e3o causou alvoro\u00e7o nas redes sociais, gerando debates entre os internautas. Enquanto alguns expressaram cren\u00e7a e gratid\u00e3o pela vidente, outros demonstraram ceticismo.<\/p>\n<p>Em sua publica\u00e7\u00e3o, Chaline deixou um recado provocativo:<\/p>\n<blockquote><p>&#8220;Os mimizentos nunca ter\u00e3o sorte. Afinal, o universo n\u00e3o ecoa nos descrentes.&#8221;<\/p><\/blockquote>\n<h3><strong>Quem \u00e9 Chaline Grazik?<\/strong><\/h3>\n<p>Com mais de 15 milh\u00f5es de seguidores no Instagram, Chaline \u00e9 reconhecida por suas previs\u00f5es espirituais e conte\u00fados motivacionais. A sensitiva conquistou a confian\u00e7a de f\u00e3s e celebridades, consolidando sua reputa\u00e7\u00e3o como uma figura influente no mundo esot\u00e9rico.<\/p>\n<h3><strong>A Mega da Virada e suas probabilidades<\/strong><\/h3>\n<p>A Mega da Virada, maior pr\u00eamio da loteria brasileira, \u00e9 tradicionalmente realizada no \u00faltimo dia do ano. O pr\u00eamio de R$ 600 milh\u00f5es n\u00e3o acumula, garantindo que haver\u00e1 ganhadores. No entanto, as chances de uma aposta simples (R$ 5,00) levar o pr\u00eamio s\u00e3o de apenas <strong>1 em 50.063.860<\/strong>, tornando o evento um verdadeiro jogo de sorte.<\/p>\n<h3><strong>Rea\u00e7\u00f5es dos seguidores<\/strong><\/h3>\n<p>Nos coment\u00e1rios da postagem, muitos seguidores demonstraram f\u00e9 nas palavras da vidente:<\/p>\n<blockquote><p>&#8220;Eu creio, eu tomo posse, am\u00e9m!&#8221; escreveu um internauta.<br \/>\nOutros, mais cautelosos, preferiram aguardar o resultado para tirar suas pr\u00f3prias conclus\u00f5es.<\/p><\/blockquote>\n<h3><strong>O que esperar do sorteio?<\/strong><\/h3>\n<p>Independentemente de cren\u00e7as, a Mega da Virada segue sendo um evento aguardado por milh\u00f5es de brasileiros, representando esperan\u00e7a e a possibilidade de um recome\u00e7o financeiro. Se a previs\u00e3o de Chaline se concretizar, certamente ser\u00e1 um marco em sua carreira e na hist\u00f3ria da loteria brasileira.<\/p>\n<p>Agora, resta acompanhar o sorteio e conferir se as palavras da vidente realmente ir\u00e3o mudar o destino de algu\u00e9m na virada do ano.<\/p>\n<p><strong>Graciele Lacerda celebra a chegada da filha com Zez\u00e9 Di Camargo, apesar dos desafios iniciais da maternidade<\/strong><\/p>\n<p>Graciele Lacerda, esposa do cantor Zez\u00e9 Di Camargo, vive um momento especial com o nascimento de sua primeira filha, Clara Camargo. A pequena nasceu no dia 25 de dezembro, no Hospital ProMatre, em S\u00e3o Paulo, uma data que inicialmente Graciele desejava evitar por coincidir com o Natal.<\/p>\n<h3><strong>Uma nova fase repleta de emo\u00e7\u00f5es<\/strong><\/h3>\n<p>Ap\u00f3s tr\u00eas dias no hospital, Graciele deixou a maternidade no \u00faltimo s\u00e1bado (28), acompanhada de Zez\u00e9 e da rec\u00e9m-nascida. Durante esse per\u00edodo, ela aproveitou para participar de um curso de amamenta\u00e7\u00e3o e realizar sess\u00f5es de laserterapia p\u00f3s-parto, se preparando para os desafios da maternidade.<\/p>\n<p>Nas redes sociais, a influenciadora expressou sua emo\u00e7\u00e3o:<\/p>\n<blockquote><p>\u201cEstou sonhando acordada. Est\u00e1 sendo t\u00e3o m\u00e1gico. N\u00e3o sei nem o que dizer, \u00e9 incr\u00edvel.\u201d<\/p><\/blockquote>\n<p>Apesar do encantamento, Graciele compartilhou os desafios iniciais, incluindo as dificuldades na amamenta\u00e7\u00e3o. Ela revelou que chegou a machucar o peito nas primeiras tentativas, mas agradeceu \u00e0 equipe m\u00e9dica pelo apoio cont\u00ednuo.<\/p>\n<h3><strong>Import\u00e2ncia da prepara\u00e7\u00e3o para a maternidade<\/strong><\/h3>\n<p>Graciele destacou a import\u00e2ncia do curso de amamenta\u00e7\u00e3o e incentivou outras gestantes a buscarem esse aprendizado:<\/p>\n<blockquote><p>\u201cQuem est\u00e1 gr\u00e1vida, fa\u00e7a um curso de amamenta\u00e7\u00e3o. Tem gente que acha que \u00e9 besteira, mas n\u00e3o \u00e9.\u201d<\/p><\/blockquote>\n<p>Para lidar com os cuidados de Clara e se adaptar \u00e0 nova rotina, Graciele revelou que contar\u00e1 com o suporte de uma bab\u00e1 em casa.<\/p>\n<h3><strong>Momentos de aprendizado e amor<\/strong><\/h3>\n<p>Graciele tamb\u00e9m falou sobre a intensidade dos \u00faltimos dias:<\/p>\n<blockquote><p>\u201cFoi tudo muito de supet\u00e3o, e eu estou vivenciando isso aqui com muita vontade, com intensidade. S\u00e3o muitas coisas acontecendo, muitas informa\u00e7\u00f5es.\u201d<\/p><\/blockquote>\n<p>Zez\u00e9 Di Camargo, que j\u00e1 \u00e9 pai de outros filhos, demonstrou estar ao lado da esposa nesse novo cap\u00edtulo de suas vidas. A chegada de Clara Camargo marca um momento especial para a fam\u00edlia, repleto de amor, aprendizado e expectativas.<\/p>\n<p>A maternidade trouxe novos desafios, mas Graciele enfrenta cada etapa com coragem e dedica\u00e7\u00e3o, vivendo intensamente essa experi\u00eancia \u00fanica.<\/p>\n<p><strong>Globo antecipa o final de <em>Mania de Voc\u00ea<\/em> e planeja estreia de <em>Vale Tudo<\/em><\/strong><\/p>\n<p>A novela das nove <em>Mania de Voc\u00ea<\/em>, da TV Globo, pode ter seu final antecipado devido \u00e0 baixa audi\u00eancia. A informa\u00e7\u00e3o foi confirmada pelo colunista Valmir Moratelli, que revelou que a emissora j\u00e1 discute oficialmente reduzir a dura\u00e7\u00e3o da trama. Segundo ele, o enredo n\u00e3o conseguiu engajar o p\u00fablico como esperado, tornando invi\u00e1vel sustentar a novela por mais tr\u00eas meses.<\/p>\n<h3><strong>Por que antecipar o final?<\/strong><\/h3>\n<p>A decis\u00e3o vem ap\u00f3s tentativas de revitalizar a hist\u00f3ria, como mudan\u00e7as na trama e inser\u00e7\u00e3o de novos personagens, que n\u00e3o surtiram o efeito desejado. Fontes internas indicam que a emissora estuda encerrar <em>Mania de Voc\u00ea<\/em> uma ou duas semanas antes do previsto e antecipar a estreia da aguardada novela <em>Vale Tudo<\/em> para mar\u00e7o de 2025.<\/p>\n<p>O objetivo \u00e9 recuperar a audi\u00eancia do hor\u00e1rio nobre e refor\u00e7ar a grade de programa\u00e7\u00e3o com uma trama que promete maior apelo popular.<\/p>\n<h3><strong>Hist\u00f3rico de mudan\u00e7as na Globo<\/strong><\/h3>\n<p>Essa n\u00e3o \u00e9 a primeira vez que a Globo opta por encurtar uma novela. Tramas como <em>Babil\u00f4nia<\/em> e <em>Gera\u00e7\u00e3o Brasil<\/em> tamb\u00e9m sofreram ajustes semelhantes devido \u00e0 baixa aceita\u00e7\u00e3o do p\u00fablico. A estrat\u00e9gia busca acelerar o desfecho e atrair aten\u00e7\u00e3o para os cap\u00edtulos finais, al\u00e9m de criar expectativa para a nova produ\u00e7\u00e3o.<\/p>\n<h3><strong>Expectativa para <em>Vale Tudo<\/em><\/strong><\/h3>\n<p>A pr\u00f3xima novela das nove, <em>Vale Tudo<\/em>, j\u00e1 \u00e9 cercada de expectativa. Escrita por autores consagrados, promete uma trama envolvente com temas sociais e personagens cativantes. A emissora aposta alto em seu potencial para reconquistar o p\u00fablico e elevar os \u00edndices de audi\u00eancia.<\/p>\n<h3><strong>Repercuss\u00e3o nas redes sociais<\/strong><\/h3>\n<p>A poss\u00edvel antecipa\u00e7\u00e3o do final de <em>Mania de Voc\u00ea<\/em> gerou debates entre os telespectadores. Alguns apoiam a decis\u00e3o, argumentando que a novela perdeu o ritmo e n\u00e3o consegue mais prender a aten\u00e7\u00e3o. Outros lamentam, destacando que ainda acreditam em um desfecho impactante para a trama.<\/p>\n<p>Agora, resta esperar pelos pr\u00f3ximos cap\u00edtulos para ver como a Globo conduzir\u00e1 o encerramento de <em>Mania de Voc\u00ea<\/em> e a transi\u00e7\u00e3o para sua nova aposta.<\/p>\n<p><strong>Esposa do cantor Flavinho, do Pagod\u2019art, falece aos 43 anos no Natal<\/strong><\/p>\n<p>O Natal de 2024 foi marcado por uma perda comovente para o cantor Flavinho, vocalista do grupo baiano Pagod\u2019art. Sua esposa, Ana Paula Barbosa, faleceu na madrugada do dia 25 de dezembro, aos 43 anos, ap\u00f3s uma luta de quase dois anos contra um c\u00e2ncer no reto. Ana Paula estava internada desde o dia 21 no Hospital Aristides Maltez, em Salvador, devido a complica\u00e7\u00f5es em seu quadro de sa\u00fade.<\/p>\n<h3><strong>Uma Luta de Coragem e Esperan\u00e7a<\/strong><\/h3>\n<p>Ana Paula foi diagnosticada com c\u00e2ncer em fevereiro de 2023 e enfrentou sess\u00f5es de quimioterapia com for\u00e7a e determina\u00e7\u00e3o. Em agosto do mesmo ano, ela emocionou amigos e seguidores ao relatar sua jornada de supera\u00e7\u00e3o nas redes sociais. \u201cPrimeiro vieram o medo e as incertezas, mas eu n\u00e3o fugi da batalha\u201d, declarou em uma de suas publica\u00e7\u00f5es, onde tamb\u00e9m compartilhou mensagens de esperan\u00e7a e f\u00e9.<\/p>\n<h3><strong>Uma Fam\u00edlia Marcada pela Uni\u00e3o<\/strong><\/h3>\n<p>Ana Paula e Flavinho foram casados por 25 anos, construindo juntos uma fam\u00edlia s\u00f3lida e amorosa. Eles tiveram tr\u00eas filhos, com idades entre 19 e 24 anos. A rela\u00e7\u00e3o do casal era marcada por apoio m\u00fatuo, especialmente nos momentos mais dif\u00edceis. Nas redes sociais, o cantor recebeu in\u00fameras mensagens de conforto de amigos, f\u00e3s e colegas do meio art\u00edstico.<\/p>\n<h3><strong>Homenagens e Legado<\/strong><\/h3>\n<p>A banda Pagod\u2019art emitiu um comunicado oficial lamentando a perda de Ana Paula, carinhosamente chamada de Paulinha por amigos e familiares. \u201c\u00c9 com imenso pesar que comunicamos o falecimento de Paulinha, uma mulher que deixou um legado de amor e dedica\u00e7\u00e3o \u00e0 sua fam\u00edlia e aos amigos. Sua for\u00e7a e resili\u00eancia ser\u00e3o sempre lembradas\u201d, destacou a nota.<\/p>\n<h3><strong>O Adeus em Meio \u00e0 Dor<\/strong><\/h3>\n<p>O vel\u00f3rio de Ana Paula foi realizado em Salvador, com a presen\u00e7a de amigos e familiares, que se reuniram para prestar suas \u00faltimas homenagens. A cerim\u00f4nia foi marcada por palavras emocionadas e celebra\u00e7\u00f5es da vida de uma mulher que tocou profundamente aqueles ao seu redor.<\/p>\n<p>Ana Paula deixa uma mensagem de for\u00e7a e coragem, lembrando a import\u00e2ncia de viver cada momento com amor e determina\u00e7\u00e3o, mesmo diante das adversidades.<\/p>\n<p><strong>Destino da Heran\u00e7a de Ney Latorraca Gera Surpresa: Marido e Fam\u00edlia do Ator Est\u00e3o Fora do Testamento<\/strong><\/p>\n<p>Ney Latorraca, um dos maiores nomes das artes c\u00eanicas brasileiras, voltou aos holofotes com a revela\u00e7\u00e3o de detalhes sobre seu testamento. O ator, que sempre foi muito reservado sobre sua vida pessoal, teria exclu\u00eddo tanto seu marido quanto seus familiares do destino de sua heran\u00e7a, priorizando institui\u00e7\u00f5es de caridade.<\/p>\n<h3><strong>Uma Decis\u00e3o Planejada<\/strong><\/h3>\n<p>Em entrevista concedida ao jornal <em>Extra<\/em> em 2021, Ney afirmou que sua vontade sempre foi destinar os frutos de sua carreira para causas sociais. Entre as institui\u00e7\u00f5es escolhidas pelo ator est\u00e3o o Retiro dos Artistas e a Associa\u00e7\u00e3o Brasileira Beneficente de Reabilita\u00e7\u00e3o (ABBR).<\/p>\n<p>\u201c\u00c9 um desejo da minha m\u00e3e tamb\u00e9m. Acho que \u00e9 assim que tem que ser. O que eu ganhei com o teatro tem que voltar para essas causas. Essa \u00e9 a miss\u00e3o do artista, pelo menos para mim\u201d, declarou o ator na \u00e9poca, justificando sua decis\u00e3o como um gesto de retribui\u00e7\u00e3o \u00e0 sociedade que tanto o acolheu.<\/p>\n<h3><strong>Surpresa Entre Amigos e F\u00e3s<\/strong><\/h3>\n<p>A exclus\u00e3o do marido no testamento causou espanto entre amigos pr\u00f3ximos e admiradores, j\u00e1 que Ney sempre demonstrou ter uma rela\u00e7\u00e3o harmoniosa e p\u00fablica com o companheiro. Essa decis\u00e3o reacendeu debates sobre heran\u00e7as em uni\u00f5es afetivas, direitos de c\u00f4njuges em relacionamentos n\u00e3o formalizados e as escolhas individuais em rela\u00e7\u00e3o ao patrim\u00f4nio pessoal.<\/p>\n<p>Fontes pr\u00f3ximas ao casal indicam que, apesar da escolha surpreendente, a rela\u00e7\u00e3o entre Ney e o marido sempre foi de respeito e compreens\u00e3o. No entanto, a not\u00edcia trouxe \u00e0 tona questionamentos sobre como o amor e os la\u00e7os familiares se manifestam em decis\u00f5es patrimoniais.<\/p>\n<h3><strong>Uma Carreira Memor\u00e1vel<\/strong><\/h3>\n<p>Nascido em Santos, S\u00e3o Paulo, Ney Latorraca dedicou sua vida \u00e0s artes, com uma trajet\u00f3ria marcada por atua\u00e7\u00f5es memor\u00e1veis no teatro, na televis\u00e3o e no cinema. Formado na Escola de Arte Dram\u00e1tica da Universidade de S\u00e3o Paulo (USP), o ator consolidou-se como um dos grandes nomes da dramaturgia brasileira.<\/p>\n<p>Seja no humor, como nos cl\u00e1ssicos da TV Globo, ou em pap\u00e9is dram\u00e1ticos no teatro, Ney conquistou o p\u00fablico com seu talento e carisma. O ator sempre destacou a import\u00e2ncia de retribuir ao meio art\u00edstico e \u00e0 sociedade o sucesso que alcan\u00e7ou ao longo de sua carreira.<\/p>\n<h3><strong>Discuss\u00f5es em Torno da Decis\u00e3o<\/strong><\/h3>\n<p>A escolha de Ney Latorraca de priorizar causas sociais em detrimento de sua fam\u00edlia ou c\u00f4njuge levanta reflex\u00f5es sobre autonomia e valores. Para alguns, trata-se de uma atitude altru\u00edsta, que reflete o esp\u00edrito generoso do ator. Para outros, a decis\u00e3o pode ser vista como controversa, especialmente considerando a proximidade com o marido.<\/p>\n<p>Independente das opini\u00f5es, a postura de Ney refor\u00e7a sua vis\u00e3o sobre a arte e a vida: retribuir \u00e9 um ato de amor. Sua decis\u00e3o, certamente, continuar\u00e1 gerando discuss\u00f5es e reflex\u00f5es sobre heran\u00e7a, rela\u00e7\u00f5es familiares e escolhas de vida.<\/p>\n<p>Nos resta acompanhar os desdobramentos dessa hist\u00f3ria e celebrar o legado art\u00edstico e humano de Ney Latorraca.<\/p>\n","protected":false},"excerpt":{"rendered":"<p>Trag\u00e9dia em Torres: Intoxica\u00e7\u00e3o por bolo de Natal mata tr\u00eas pessoas da mesma fam\u00edlia Uma trag\u00e9dia abalou o litoral ga\u00facho nesta semana, ap\u00f3s uma confraterniza\u00e7\u00e3o de Natal resultar na morte de tr\u00eas mulheres da mesma fam\u00edlia em Torres. O caso est\u00e1 sendo investigado pela pol\u00edcia, que busca entender como o bolo preparado por Zeli dos &hellip;<\/p>\n","protected":false},"author":1,"featured_media":434199,"comment_status":"open","ping_status":"open","sticky":false,"template":"","format":"standard","meta":{"_jetpack_memberships_contains_paid_content":false,"footnotes":""},"categories":[2517,2,3937],"tags":[],"class_list":["post-434198","post","type-post","status-publish","format-standard","has-post-thumbnail","hentry","category-a-fazenda","category-entretenimento","category-resumo-de-novelas"],"yoast_head":"<!-- This site is optimized with the Yoast SEO plugin v27.5 - https:\/\/yoast.com\/product\/yoast-seo-wordpress\/ -->\n<title>Vizinha vem a p\u00fablico e faz revela\u00e7\u00e3o sobre a mulher que preparou bolo, Ela disse<\/title>\n<meta name=\"robots\" content=\"index, follow, max-snippet:-1, max-image-preview:large, max-video-preview:-1\" \/>\n<link rel=\"canonical\" href=\"https:\/\/mrnews.com.br\/index.php\/2024\/12\/31\/vizinha-vem-a-publico-e-faz-revelacao-sobre-a-mulher-que-preparou-bolo-ela-disse\/\" \/>\n<meta property=\"og:locale\" content=\"pt_BR\" \/>\n<meta property=\"og:type\" content=\"article\" \/>\n<meta property=\"og:title\" content=\"Vizinha vem a p\u00fablico e faz revela\u00e7\u00e3o sobre a mulher que preparou bolo, Ela disse\" \/>\n<meta property=\"og:description\" content=\"Trag\u00e9dia em Torres: Intoxica\u00e7\u00e3o por bolo de Natal mata tr\u00eas pessoas da mesma fam\u00edlia Uma trag\u00e9dia abalou o litoral ga\u00facho nesta semana, ap\u00f3s uma confraterniza\u00e7\u00e3o de Natal resultar na morte de tr\u00eas mulheres da mesma fam\u00edlia em Torres. O caso est\u00e1 sendo investigado pela pol\u00edcia, que busca entender como o bolo preparado por Zeli dos &hellip;\" \/>\n<meta property=\"og:url\" content=\"https:\/\/mrnews.com.br\/index.php\/2024\/12\/31\/vizinha-vem-a-publico-e-faz-revelacao-sobre-a-mulher-que-preparou-bolo-ela-disse\/\" \/>\n<meta property=\"og:site_name\" content=\"MRNews\" \/>\n<meta property=\"article:publisher\" content=\"https:\/\/www.facebook.com\/eaipahpah\/?locale2=pt_BR\" \/>\n<meta property=\"article:published_time\" content=\"2024-12-31T13:03:07+00:00\" \/>\n<meta property=\"og:image\" content=\"https:\/\/mrnews.com.br\/wp-content\/uploads\/2024\/12\/FB_IMG_1735649863713.jpg\" \/>\n\t<meta property=\"og:image:width\" content=\"686\" \/>\n\t<meta property=\"og:image:height\" content=\"960\" \/>\n\t<meta property=\"og:image:type\" content=\"image\/jpeg\" \/>\n<meta name=\"author\" content=\"MR News\" \/>\n<meta name=\"twitter:card\" content=\"summary_large_image\" \/>\n<meta name=\"twitter:creator\" content=\"@conspirou\" \/>\n<meta name=\"twitter:site\" content=\"@conspirou\" \/>\n<meta name=\"twitter:label1\" content=\"Escrito por\" \/>\n\t<meta name=\"twitter:data1\" content=\"MR News\" \/>\n\t<meta name=\"twitter:label2\" content=\"Est. tempo de leitura\" \/>\n\t<meta name=\"twitter:data2\" content=\"14 minutos\" \/>\n<script type=\"application\/ld+json\" class=\"yoast-schema-graph\">{\"@context\":\"https:\\\/\\\/schema.org\",\"@graph\":[{\"@type\":\"Article\",\"@id\":\"https:\\\/\\\/mrnews.com.br\\\/index.php\\\/2024\\\/12\\\/31\\\/vizinha-vem-a-publico-e-faz-revelacao-sobre-a-mulher-que-preparou-bolo-ela-disse\\\/#article\",\"isPartOf\":{\"@id\":\"https:\\\/\\\/mrnews.com.br\\\/index.php\\\/2024\\\/12\\\/31\\\/vizinha-vem-a-publico-e-faz-revelacao-sobre-a-mulher-que-preparou-bolo-ela-disse\\\/\"},\"author\":{\"name\":\"MR News\",\"@id\":\"https:\\\/\\\/mrnews.com.br\\\/#\\\/schema\\\/person\\\/be3203154562a9f207407861cef7827b\"},\"headline\":\"Vizinha vem a p\u00fablico e faz revela\u00e7\u00e3o sobre a mulher que preparou bolo, Ela disse\",\"datePublished\":\"2024-12-31T13:03:07+00:00\",\"mainEntityOfPage\":{\"@id\":\"https:\\\/\\\/mrnews.com.br\\\/index.php\\\/2024\\\/12\\\/31\\\/vizinha-vem-a-publico-e-faz-revelacao-sobre-a-mulher-que-preparou-bolo-ela-disse\\\/\"},\"wordCount\":2837,\"commentCount\":0,\"publisher\":{\"@id\":\"https:\\\/\\\/mrnews.com.br\\\/#organization\"},\"image\":{\"@id\":\"https:\\\/\\\/mrnews.com.br\\\/index.php\\\/2024\\\/12\\\/31\\\/vizinha-vem-a-publico-e-faz-revelacao-sobre-a-mulher-que-preparou-bolo-ela-disse\\\/#primaryimage\"},\"thumbnailUrl\":\"https:\\\/\\\/mrnews.com.br\\\/wp-content\\\/uploads\\\/2024\\\/12\\\/FB_IMG_1735649863713.jpg\",\"articleSection\":[\"A Fazenda\",\"ENTRETENIMENTO\",\"Resumo de novelas\"],\"inLanguage\":\"pt-BR\",\"potentialAction\":[{\"@type\":\"CommentAction\",\"name\":\"Comment\",\"target\":[\"https:\\\/\\\/mrnews.com.br\\\/index.php\\\/2024\\\/12\\\/31\\\/vizinha-vem-a-publico-e-faz-revelacao-sobre-a-mulher-que-preparou-bolo-ela-disse\\\/#respond\"]}]},{\"@type\":\"WebPage\",\"@id\":\"https:\\\/\\\/mrnews.com.br\\\/index.php\\\/2024\\\/12\\\/31\\\/vizinha-vem-a-publico-e-faz-revelacao-sobre-a-mulher-que-preparou-bolo-ela-disse\\\/\",\"url\":\"https:\\\/\\\/mrnews.com.br\\\/index.php\\\/2024\\\/12\\\/31\\\/vizinha-vem-a-publico-e-faz-revelacao-sobre-a-mulher-que-preparou-bolo-ela-disse\\\/\",\"name\":\"Vizinha vem a p\u00fablico e faz revela\u00e7\u00e3o sobre a mulher que preparou bolo, Ela disse\",\"isPartOf\":{\"@id\":\"https:\\\/\\\/mrnews.com.br\\\/#website\"},\"primaryImageOfPage\":{\"@id\":\"https:\\\/\\\/mrnews.com.br\\\/index.php\\\/2024\\\/12\\\/31\\\/vizinha-vem-a-publico-e-faz-revelacao-sobre-a-mulher-que-preparou-bolo-ela-disse\\\/#primaryimage\"},\"image\":{\"@id\":\"https:\\\/\\\/mrnews.com.br\\\/index.php\\\/2024\\\/12\\\/31\\\/vizinha-vem-a-publico-e-faz-revelacao-sobre-a-mulher-que-preparou-bolo-ela-disse\\\/#primaryimage\"},\"thumbnailUrl\":\"https:\\\/\\\/mrnews.com.br\\\/wp-content\\\/uploads\\\/2024\\\/12\\\/FB_IMG_1735649863713.jpg\",\"datePublished\":\"2024-12-31T13:03:07+00:00\",\"breadcrumb\":{\"@id\":\"https:\\\/\\\/mrnews.com.br\\\/index.php\\\/2024\\\/12\\\/31\\\/vizinha-vem-a-publico-e-faz-revelacao-sobre-a-mulher-que-preparou-bolo-ela-disse\\\/#breadcrumb\"},\"inLanguage\":\"pt-BR\",\"potentialAction\":[{\"@type\":\"ReadAction\",\"target\":[\"https:\\\/\\\/mrnews.com.br\\\/index.php\\\/2024\\\/12\\\/31\\\/vizinha-vem-a-publico-e-faz-revelacao-sobre-a-mulher-que-preparou-bolo-ela-disse\\\/\"]}]},{\"@type\":\"ImageObject\",\"inLanguage\":\"pt-BR\",\"@id\":\"https:\\\/\\\/mrnews.com.br\\\/index.php\\\/2024\\\/12\\\/31\\\/vizinha-vem-a-publico-e-faz-revelacao-sobre-a-mulher-que-preparou-bolo-ela-disse\\\/#primaryimage\",\"url\":\"https:\\\/\\\/mrnews.com.br\\\/wp-content\\\/uploads\\\/2024\\\/12\\\/FB_IMG_1735649863713.jpg\",\"contentUrl\":\"https:\\\/\\\/mrnews.com.br\\\/wp-content\\\/uploads\\\/2024\\\/12\\\/FB_IMG_1735649863713.jpg\",\"width\":686,\"height\":960},{\"@type\":\"BreadcrumbList\",\"@id\":\"https:\\\/\\\/mrnews.com.br\\\/index.php\\\/2024\\\/12\\\/31\\\/vizinha-vem-a-publico-e-faz-revelacao-sobre-a-mulher-que-preparou-bolo-ela-disse\\\/#breadcrumb\",\"itemListElement\":[{\"@type\":\"ListItem\",\"position\":1,\"name\":\"In\u00edcio\",\"item\":\"https:\\\/\\\/mrnews.com.br\\\/\"},{\"@type\":\"ListItem\",\"position\":2,\"name\":\"Vizinha vem a p\u00fablico e faz revela\u00e7\u00e3o sobre a mulher que preparou bolo, Ela disse\"}]},{\"@type\":\"WebSite\",\"@id\":\"https:\\\/\\\/mrnews.com.br\\\/#website\",\"url\":\"https:\\\/\\\/mrnews.com.br\\\/\",\"name\":\"MRNews\",\"description\":\"MRNews Jogos de hoje da TV, transmiss\u00f5es ao vivo, Not\u00edcias de futebol, Jogos ao vivo, Lives, resumo de novelas, Programa\u00e7\u00e3o da Globo, A Fazenda e BBB\",\"publisher\":{\"@id\":\"https:\\\/\\\/mrnews.com.br\\\/#organization\"},\"potentialAction\":[{\"@type\":\"SearchAction\",\"target\":{\"@type\":\"EntryPoint\",\"urlTemplate\":\"https:\\\/\\\/mrnews.com.br\\\/?s={search_term_string}\"},\"query-input\":{\"@type\":\"PropertyValueSpecification\",\"valueRequired\":true,\"valueName\":\"search_term_string\"}}],\"inLanguage\":\"pt-BR\"},{\"@type\":\"Organization\",\"@id\":\"https:\\\/\\\/mrnews.com.br\\\/#organization\",\"name\":\"MRNews\",\"url\":\"https:\\\/\\\/mrnews.com.br\\\/\",\"logo\":{\"@type\":\"ImageObject\",\"inLanguage\":\"pt-BR\",\"@id\":\"https:\\\/\\\/mrnews.com.br\\\/#\\\/schema\\\/logo\\\/image\\\/\",\"url\":\"https:\\\/\\\/mrnews.com.br\\\/wp-content\\\/uploads\\\/2019\\\/06\\\/MRNewslogo2.png\",\"contentUrl\":\"https:\\\/\\\/mrnews.com.br\\\/wp-content\\\/uploads\\\/2019\\\/06\\\/MRNewslogo2.png\",\"width\":223,\"height\":58,\"caption\":\"MRNews\"},\"image\":{\"@id\":\"https:\\\/\\\/mrnews.com.br\\\/#\\\/schema\\\/logo\\\/image\\\/\"},\"sameAs\":[\"https:\\\/\\\/www.facebook.com\\\/eaipahpah\\\/?locale2=pt_BR\",\"https:\\\/\\\/x.com\\\/conspirou\",\"https:\\\/\\\/www.instagram.com\\\/eai_pahpah\",\"https:\\\/\\\/br.pinterest.com\\\/mrnewsn\\\/boards\\\/\",\"https:\\\/\\\/www.youtube.com\\\/channel\\\/UCacgnpznQ61fifLWr1tQ-vA?view_as=subscriber\"]},{\"@type\":\"Person\",\"@id\":\"https:\\\/\\\/mrnews.com.br\\\/#\\\/schema\\\/person\\\/be3203154562a9f207407861cef7827b\",\"name\":\"MR News\",\"image\":{\"@type\":\"ImageObject\",\"inLanguage\":\"pt-BR\",\"@id\":\"https:\\\/\\\/secure.gravatar.com\\\/avatar\\\/04084e6d73c042b8646e7c17b494073bf0ede3ea13c7105cfc45cbbbc28385a4?s=96&d=monsterid&r=g\",\"url\":\"https:\\\/\\\/secure.gravatar.com\\\/avatar\\\/04084e6d73c042b8646e7c17b494073bf0ede3ea13c7105cfc45cbbbc28385a4?s=96&d=monsterid&r=g\",\"contentUrl\":\"https:\\\/\\\/secure.gravatar.com\\\/avatar\\\/04084e6d73c042b8646e7c17b494073bf0ede3ea13c7105cfc45cbbbc28385a4?s=96&d=monsterid&r=g\",\"caption\":\"MR News\"},\"description\":\"Especializado em jornalismo colaborativo pela FTP em n\u00edvel de p\u00f3s-gradua\u00e7\u00e3o. suporte@oimeliga.combr\",\"sameAs\":[\"HUGO R.\",\"Admin\"],\"url\":\"https:\\\/\\\/mrnews.com.br\\\/index.php\\\/author\\\/admin\\\/\"}]}<\/script>\n<!-- \/ Yoast SEO plugin. -->","yoast_head_json":{"title":"Vizinha vem a p\u00fablico e faz revela\u00e7\u00e3o sobre a mulher que preparou bolo, Ela disse","robots":{"index":"index","follow":"follow","max-snippet":"max-snippet:-1","max-image-preview":"max-image-preview:large","max-video-preview":"max-video-preview:-1"},"canonical":"https:\/\/mrnews.com.br\/index.php\/2024\/12\/31\/vizinha-vem-a-publico-e-faz-revelacao-sobre-a-mulher-que-preparou-bolo-ela-disse\/","og_locale":"pt_BR","og_type":"article","og_title":"Vizinha vem a p\u00fablico e faz revela\u00e7\u00e3o sobre a mulher que preparou bolo, Ela disse","og_description":"Trag\u00e9dia em Torres: Intoxica\u00e7\u00e3o por bolo de Natal mata tr\u00eas pessoas da mesma fam\u00edlia Uma trag\u00e9dia abalou o litoral ga\u00facho nesta semana, ap\u00f3s uma confraterniza\u00e7\u00e3o de Natal resultar na morte de tr\u00eas mulheres da mesma fam\u00edlia em Torres. O caso est\u00e1 sendo investigado pela pol\u00edcia, que busca entender como o bolo preparado por Zeli dos &hellip;","og_url":"https:\/\/mrnews.com.br\/index.php\/2024\/12\/31\/vizinha-vem-a-publico-e-faz-revelacao-sobre-a-mulher-que-preparou-bolo-ela-disse\/","og_site_name":"MRNews","article_publisher":"https:\/\/www.facebook.com\/eaipahpah\/?locale2=pt_BR","article_published_time":"2024-12-31T13:03:07+00:00","og_image":[{"width":686,"height":960,"url":"https:\/\/mrnews.com.br\/wp-content\/uploads\/2024\/12\/FB_IMG_1735649863713.jpg","type":"image\/jpeg"}],"author":"MR News","twitter_card":"summary_large_image","twitter_creator":"@conspirou","twitter_site":"@conspirou","twitter_misc":{"Escrito por":"MR News","Est. tempo de leitura":"14 minutos"},"schema":{"@context":"https:\/\/schema.org","@graph":[{"@type":"Article","@id":"https:\/\/mrnews.com.br\/index.php\/2024\/12\/31\/vizinha-vem-a-publico-e-faz-revelacao-sobre-a-mulher-que-preparou-bolo-ela-disse\/#article","isPartOf":{"@id":"https:\/\/mrnews.com.br\/index.php\/2024\/12\/31\/vizinha-vem-a-publico-e-faz-revelacao-sobre-a-mulher-que-preparou-bolo-ela-disse\/"},"author":{"name":"MR News","@id":"https:\/\/mrnews.com.br\/#\/schema\/person\/be3203154562a9f207407861cef7827b"},"headline":"Vizinha vem a p\u00fablico e faz revela\u00e7\u00e3o sobre a mulher que preparou bolo, Ela disse","datePublished":"2024-12-31T13:03:07+00:00","mainEntityOfPage":{"@id":"https:\/\/mrnews.com.br\/index.php\/2024\/12\/31\/vizinha-vem-a-publico-e-faz-revelacao-sobre-a-mulher-que-preparou-bolo-ela-disse\/"},"wordCount":2837,"commentCount":0,"publisher":{"@id":"https:\/\/mrnews.com.br\/#organization"},"image":{"@id":"https:\/\/mrnews.com.br\/index.php\/2024\/12\/31\/vizinha-vem-a-publico-e-faz-revelacao-sobre-a-mulher-que-preparou-bolo-ela-disse\/#primaryimage"},"thumbnailUrl":"https:\/\/mrnews.com.br\/wp-content\/uploads\/2024\/12\/FB_IMG_1735649863713.jpg","articleSection":["A Fazenda","ENTRETENIMENTO","Resumo de novelas"],"inLanguage":"pt-BR","potentialAction":[{"@type":"CommentAction","name":"Comment","target":["https:\/\/mrnews.com.br\/index.php\/2024\/12\/31\/vizinha-vem-a-publico-e-faz-revelacao-sobre-a-mulher-que-preparou-bolo-ela-disse\/#respond"]}]},{"@type":"WebPage","@id":"https:\/\/mrnews.com.br\/index.php\/2024\/12\/31\/vizinha-vem-a-publico-e-faz-revelacao-sobre-a-mulher-que-preparou-bolo-ela-disse\/","url":"https:\/\/mrnews.com.br\/index.php\/2024\/12\/31\/vizinha-vem-a-publico-e-faz-revelacao-sobre-a-mulher-que-preparou-bolo-ela-disse\/","name":"Vizinha vem a p\u00fablico e faz revela\u00e7\u00e3o sobre a mulher que preparou bolo, Ela disse","isPartOf":{"@id":"https:\/\/mrnews.com.br\/#website"},"primaryImageOfPage":{"@id":"https:\/\/mrnews.com.br\/index.php\/2024\/12\/31\/vizinha-vem-a-publico-e-faz-revelacao-sobre-a-mulher-que-preparou-bolo-ela-disse\/#primaryimage"},"image":{"@id":"https:\/\/mrnews.com.br\/index.php\/2024\/12\/31\/vizinha-vem-a-publico-e-faz-revelacao-sobre-a-mulher-que-preparou-bolo-ela-disse\/#primaryimage"},"thumbnailUrl":"https:\/\/mrnews.com.br\/wp-content\/uploads\/2024\/12\/FB_IMG_1735649863713.jpg","datePublished":"2024-12-31T13:03:07+00:00","breadcrumb":{"@id":"https:\/\/mrnews.com.br\/index.php\/2024\/12\/31\/vizinha-vem-a-publico-e-faz-revelacao-sobre-a-mulher-que-preparou-bolo-ela-disse\/#breadcrumb"},"inLanguage":"pt-BR","potentialAction":[{"@type":"ReadAction","target":["https:\/\/mrnews.com.br\/index.php\/2024\/12\/31\/vizinha-vem-a-publico-e-faz-revelacao-sobre-a-mulher-que-preparou-bolo-ela-disse\/"]}]},{"@type":"ImageObject","inLanguage":"pt-BR","@id":"https:\/\/mrnews.com.br\/index.php\/2024\/12\/31\/vizinha-vem-a-publico-e-faz-revelacao-sobre-a-mulher-que-preparou-bolo-ela-disse\/#primaryimage","url":"https:\/\/mrnews.com.br\/wp-content\/uploads\/2024\/12\/FB_IMG_1735649863713.jpg","contentUrl":"https:\/\/mrnews.com.br\/wp-content\/uploads\/2024\/12\/FB_IMG_1735649863713.jpg","width":686,"height":960},{"@type":"BreadcrumbList","@id":"https:\/\/mrnews.com.br\/index.php\/2024\/12\/31\/vizinha-vem-a-publico-e-faz-revelacao-sobre-a-mulher-que-preparou-bolo-ela-disse\/#breadcrumb","itemListElement":[{"@type":"ListItem","position":1,"name":"In\u00edcio","item":"https:\/\/mrnews.com.br\/"},{"@type":"ListItem","position":2,"name":"Vizinha vem a p\u00fablico e faz revela\u00e7\u00e3o sobre a mulher que preparou bolo, Ela disse"}]},{"@type":"WebSite","@id":"https:\/\/mrnews.com.br\/#website","url":"https:\/\/mrnews.com.br\/","name":"MRNews","description":"MRNews Jogos de hoje da TV, transmiss\u00f5es ao vivo, Not\u00edcias de futebol, Jogos ao vivo, Lives, resumo de novelas, Programa\u00e7\u00e3o da Globo, A Fazenda e BBB","publisher":{"@id":"https:\/\/mrnews.com.br\/#organization"},"potentialAction":[{"@type":"SearchAction","target":{"@type":"EntryPoint","urlTemplate":"https:\/\/mrnews.com.br\/?s={search_term_string}"},"query-input":{"@type":"PropertyValueSpecification","valueRequired":true,"valueName":"search_term_string"}}],"inLanguage":"pt-BR"},{"@type":"Organization","@id":"https:\/\/mrnews.com.br\/#organization","name":"MRNews","url":"https:\/\/mrnews.com.br\/","logo":{"@type":"ImageObject","inLanguage":"pt-BR","@id":"https:\/\/mrnews.com.br\/#\/schema\/logo\/image\/","url":"https:\/\/mrnews.com.br\/wp-content\/uploads\/2019\/06\/MRNewslogo2.png","contentUrl":"https:\/\/mrnews.com.br\/wp-content\/uploads\/2019\/06\/MRNewslogo2.png","width":223,"height":58,"caption":"MRNews"},"image":{"@id":"https:\/\/mrnews.com.br\/#\/schema\/logo\/image\/"},"sameAs":["https:\/\/www.facebook.com\/eaipahpah\/?locale2=pt_BR","https:\/\/x.com\/conspirou","https:\/\/www.instagram.com\/eai_pahpah","https:\/\/br.pinterest.com\/mrnewsn\/boards\/","https:\/\/www.youtube.com\/channel\/UCacgnpznQ61fifLWr1tQ-vA?view_as=subscriber"]},{"@type":"Person","@id":"https:\/\/mrnews.com.br\/#\/schema\/person\/be3203154562a9f207407861cef7827b","name":"MR News","image":{"@type":"ImageObject","inLanguage":"pt-BR","@id":"https:\/\/secure.gravatar.com\/avatar\/04084e6d73c042b8646e7c17b494073bf0ede3ea13c7105cfc45cbbbc28385a4?s=96&d=monsterid&r=g","url":"https:\/\/secure.gravatar.com\/avatar\/04084e6d73c042b8646e7c17b494073bf0ede3ea13c7105cfc45cbbbc28385a4?s=96&d=monsterid&r=g","contentUrl":"https:\/\/secure.gravatar.com\/avatar\/04084e6d73c042b8646e7c17b494073bf0ede3ea13c7105cfc45cbbbc28385a4?s=96&d=monsterid&r=g","caption":"MR News"},"description":"Especializado em jornalismo colaborativo pela FTP em n\u00edvel de p\u00f3s-gradua\u00e7\u00e3o. suporte@oimeliga.combr","sameAs":["HUGO R.","Admin"],"url":"https:\/\/mrnews.com.br\/index.php\/author\/admin\/"}]}},"jetpack_featured_media_url":"https:\/\/mrnews.com.br\/wp-content\/uploads\/2024\/12\/FB_IMG_1735649863713.jpg","jetpack_sharing_enabled":true,"jetpack_shortlink":"https:\/\/wp.me\/pa2Qf7-1OXc","amp_enabled":true,"_links":{"self":[{"href":"https:\/\/mrnews.com.br\/index.php\/wp-json\/wp\/v2\/posts\/434198","targetHints":{"allow":["GET"]}}],"collection":[{"href":"https:\/\/mrnews.com.br\/index.php\/wp-json\/wp\/v2\/posts"}],"about":[{"href":"https:\/\/mrnews.com.br\/index.php\/wp-json\/wp\/v2\/types\/post"}],"author":[{"embeddable":true,"href":"https:\/\/mrnews.com.br\/index.php\/wp-json\/wp\/v2\/users\/1"}],"replies":[{"embeddable":true,"href":"https:\/\/mrnews.com.br\/index.php\/wp-json\/wp\/v2\/comments?post=434198"}],"version-history":[{"count":1,"href":"https:\/\/mrnews.com.br\/index.php\/wp-json\/wp\/v2\/posts\/434198\/revisions"}],"predecessor-version":[{"id":434200,"href":"https:\/\/mrnews.com.br\/index.php\/wp-json\/wp\/v2\/posts\/434198\/revisions\/434200"}],"wp:featuredmedia":[{"embeddable":true,"href":"https:\/\/mrnews.com.br\/index.php\/wp-json\/wp\/v2\/media\/434199"}],"wp:attachment":[{"href":"https:\/\/mrnews.com.br\/index.php\/wp-json\/wp\/v2\/media?parent=434198"}],"wp:term":[{"taxonomy":"category","embeddable":true,"href":"https:\/\/mrnews.com.br\/index.php\/wp-json\/wp\/v2\/categories?post=434198"},{"taxonomy":"post_tag","embeddable":true,"href":"https:\/\/mrnews.com.br\/index.php\/wp-json\/wp\/v2\/tags?post=434198"}],"curies":[{"name":"wp","href":"https:\/\/api.w.org\/{rel}","templated":true}]}}