{"id":434304,"date":"2025-01-15T18:30:19","date_gmt":"2025-01-15T21:30:19","guid":{"rendered":"https:\/\/mrnews.com.br\/?p=434304"},"modified":"2025-01-15T18:30:19","modified_gmt":"2025-01-15T21:30:19","slug":"vasco-negocia-com-ponta-direita-que-atua-em-selecao-sul-americana","status":"publish","type":"post","link":"https:\/\/mrnews.com.br\/index.php\/2025\/01\/15\/vasco-negocia-com-ponta-direita-que-atua-em-selecao-sul-americana\/","title":{"rendered":"Vasco negocia com ponta-direita que atua em sele\u00e7\u00e3o sul-americana"},"content":{"rendered":"<p><strong>Vasco negocia com ponta-direita que atua em sele\u00e7\u00e3o sul-americana<\/strong><\/p>\n<p>O <strong>Vasco da Gama<\/strong> segue atento ao mercado de transfer\u00eancias e, de acordo com informa\u00e7\u00f5es do jornalista <strong>Fl\u00e1vio Dias<\/strong>, o clube est\u00e1 em negocia\u00e7\u00f5es avan\u00e7adas com um ponta-direita que defende uma <strong>sele\u00e7\u00e3o sul-americana<\/strong>. O jogador, que tamb\u00e9m tem participa\u00e7\u00e3o nas <strong>eliminat\u00f3rias<\/strong> de sua sele\u00e7\u00e3o, seria uma adi\u00e7\u00e3o importante ao elenco, atendendo a uma das principais demandas do t\u00e9cnico <strong>F\u00e1bio Carille<\/strong>.<\/p>\n<p>O interesse do <strong>Vasco<\/strong> em refor\u00e7ar o setor ofensivo com jogadores de qualidade \u00e9 claro, especialmente ap\u00f3s o in\u00edcio da temporada de 2025, em que o time disputa o <strong>Campeonato Carioca<\/strong>. A posi\u00e7\u00e3o de ponta-direita tem sido uma das mais cobi\u00e7adas pela diretoria, buscando atletas que possam oferecer profundidade e qualidade nas jogadas de linha de fundo e finaliza\u00e7\u00f5es.<\/p>\n<p>Embora o nome do jogador ainda n\u00e3o tenha sido revelado oficialmente, o fato de ele j\u00e1 estar envolvido em competi\u00e7\u00f5es de alto n\u00edvel, como as <strong>eliminat\u00f3rias<\/strong> da <strong>Copa do Mundo<\/strong>, aumenta as expectativas de que o <strong>Vasco<\/strong> est\u00e1 buscando um atleta de n\u00edvel internacional.<\/p>\n<p>Al\u00e9m disso, o clube tamb\u00e9m tem mostrado interesse por <strong>extremos e gringos<\/strong>, com uma tend\u00eancia de focar em jogadores do exterior, o que inclui atletas que j\u00e1 demonstraram destaque em suas sele\u00e7\u00f5es nacionais.<\/p>\n<p>Essa movimenta\u00e7\u00e3o no mercado indica que o <strong>Vasco<\/strong> est\u00e1 determinado a fortalecer seu elenco e, ao mesmo tempo, garantir um bom desempenho tanto no <strong>Campeonato Carioca<\/strong> quanto nas competi\u00e7\u00f5es futuras, com um time cada vez mais competitivo.<\/p>\n<h2>Edmundo comenta sobre a poss\u00edvel contrata\u00e7\u00e3o de Rony pelo Vasco<\/h2>\n<p>&nbsp;<\/p>\n<p>O Vasco da Gama continua atento ao mercado de transfer\u00eancias, \u00e0 medida que a temporada de 2025 come\u00e7a com o time disputando o Campeonato Carioca. Entre os nomes especulados nos bastidores, um que chamou a aten\u00e7\u00e3o foi o atacante Rony, do Palmeiras. No entanto, a negocia\u00e7\u00e3o n\u00e3o avan\u00e7ou, e o ex-jogador e \u00eddolo do Vasco, Edmundo, comentou sobre a possibilidade da contrata\u00e7\u00e3o.<\/p>\n<p>&nbsp;<\/p>\n<p>Em uma entrevista, Edmundo afirmou que a contrata\u00e7\u00e3o de Rony seria uma excelente adi\u00e7\u00e3o ao elenco, destacando as qualidades do jogador. &#8220;A contrata\u00e7\u00e3o do Rony seria bem bacana, ele tem a cara do Vasco, porque corre, luta, vibra e a torcida gosta desse estilo de jogador&#8221;, disse o \u00eddolo. Para Edmundo, Rony se encaixaria bem no perfil de jogador que o clube busca, j\u00e1 que sua entrega em campo e estilo combativo s\u00e3o caracter\u00edsticas apreciadas pela torcida vasca\u00edna.<\/p>\n<p>&nbsp;<\/p>\n<p>Entretanto, Edmundo tamb\u00e9m levantou um ponto crucial: a situa\u00e7\u00e3o financeira do clube. Segundo ele, o principal obst\u00e1culo para a contrata\u00e7\u00e3o de Rony seria o alto sal\u00e1rio do jogador. &#8220;N\u00e3o sei se o Vasco, neste momento, tem bala para suportar o sal\u00e1rio de jogadores como Rony, Payet ou Coutinho, que ganham bem&#8221;, explicou. O ex-jogador ressaltou que, caso o clube tivesse mais recursos financeiros, a contrata\u00e7\u00e3o de grandes jogadores seria mais vi\u00e1vel.<\/p>\n<p>&nbsp;<\/p>\n<p>Al\u00e9m de Rony, outros atacantes, como Vargas e Wanderson, tamb\u00e9m foram especulados para o Vasco, mas, at\u00e9 o momento, sem avan\u00e7os significativos nas negocia\u00e7\u00f5es.<\/p>\n<p>&nbsp;<\/p>\n<p>Rony, com sua postura aguerrida e dedica\u00e7\u00e3o em campo, segue sendo um nome de destaque no futebol brasileiro, e, para muitos, seria uma adi\u00e7\u00e3o valiosa ao Vasco. No entanto, a quest\u00e3o financeira pode ser um obst\u00e1culo dif\u00edcil de superar para o clube neste momento.<\/p>\n<p>&nbsp;<\/p>\n<p>Vasco n\u00e3o fez proposta por Rodrigo Castillo, diz jornalista<\/p>\n<p>&nbsp;<\/p>\n<p>O Vasco da Gama foi recentemente mencionado no mercado como poss\u00edvel destino do atacante Rodrigo Castillo, mas, de acordo com o jornalista Lucas Pedrosa, o clube n\u00e3o fez uma proposta oficial pelo jogador. Castillo, que foi oferecido ao Vasco, n\u00e3o passou disso, e o clube n\u00e3o avan\u00e7ou nas negocia\u00e7\u00f5es.<\/p>\n<p>&nbsp;<\/p>\n<p>O Vasco busca um centroavante mais m\u00f3vel, conforme o pedido do t\u00e9cnico F\u00e1bio Carille, para ser o reserva de Vegetti. O estilo de jogo de Rodrigo Castillo, no entanto, \u00e9 semelhante ao do pr\u00f3prio Vegetti, que possui caracter\u00edsticas mais fixas no ataque, o que pode ter influenciado na decis\u00e3o do clube de n\u00e3o seguir com a negocia\u00e7\u00e3o. Al\u00e9m disso, o Vasco conta com o jogador Rayan, que desempenhou a fun\u00e7\u00e3o de centroavante em 2024 e teve boas atua\u00e7\u00f5es, especialmente em jogos contra Crici\u00fama e Bahia.<\/p>\n<p>&nbsp;<\/p>\n<p>O clube ainda est\u00e1 focado em encontrar a melhor op\u00e7\u00e3o para o setor ofensivo, mas a negocia\u00e7\u00e3o com Castillo n\u00e3o deve seguir adiante, pelo menos por enquanto. O planejamento do Vasco continua em busca de pe\u00e7as que se encaixem nas necessidades do elenco e nas ideias de Carille para a temporada de 2025.<\/p>\n<p>&nbsp;<\/p>\n<p>Vasco segue negociando a contrata\u00e7\u00e3o do atacante angolano Loide Augusto<\/p>\n<p>&nbsp;<\/p>\n<p>O Vasco da Gama est\u00e1 em negocia\u00e7\u00f5es avan\u00e7adas para contratar o atacante angolano Loide Augusto, de 24 anos, atualmente vinculado ao Alanyaspor, da Turquia. O jogador, que atua principalmente como ponta direita e esquerda, \u00e9 uma das op\u00e7\u00f5es solicitadas pelo t\u00e9cnico F\u00e1bio Carille para refor\u00e7ar o elenco vasca\u00edno. O clube busca um atleta que possa disputar posi\u00e7\u00e3o com Adson, e Loide \u00e9 visto como uma pe\u00e7a estrat\u00e9gica para esse objetivo.<\/p>\n<p>&nbsp;<\/p>\n<p>O modelo de neg\u00f3cio proposto pelo Vasco \u00e9 um empr\u00e9stimo com op\u00e7\u00e3o de compra, com metas estipuladas para que o clube adquira o passe do jogador no futuro. Loide, que come\u00e7ou sua carreira no Sporting, de Portugal, passou por clubes como Feirense e Mafra, e desde 2023 est\u00e1 no futebol turco, tem se destacado pela sua versatilidade. Embora n\u00e3o seja o &#8220;ponta esquerda titular&#8221; que o Vasco procura, suas habilidades nas duas pontas e como ala direita oferecem flexibilidade ao t\u00e9cnico Carille.<\/p>\n<p>&nbsp;<\/p>\n<p>A negocia\u00e7\u00e3o est\u00e1 em andamento h\u00e1 algumas semanas, e o Vasco se mant\u00e9m confiante em um desfecho positivo. Loide tamb\u00e9m demonstra entusiasmo com a possibilidade de jogar no Brasil, especialmente em um grande clube como o Vasco. A l\u00edngua portuguesa tem sido um facilitador para a transi\u00e7\u00e3o, e o jogador, inclusive, conversou com o angolano Bastos, defensor do Botafogo, sobre sua adapta\u00e7\u00e3o ao Rio de Janeiro.<\/p>\n<p>&nbsp;<\/p>\n<p>Loide Augusto, com 1,83m de altura, traz consigo a experi\u00eancia adquirida no futebol europeu e uma grande oportunidade de brilhar no futebol brasileiro, o que tem gerado boas expectativas tanto para o clube quanto para os torcedores.<\/p>\n<p>&nbsp;<\/p>\n<p>O Vasco espera concluir as negocia\u00e7\u00f5es em breve, fortalecendo ainda mais o elenco para a temporada de 2025.<\/p>\n<p>&nbsp;<\/p>\n<p>Vasco tenta a contrata\u00e7\u00e3o do zagueiro Fabi\u00e1n Balbuena, do Dinamo-RUS<\/p>\n<p>&nbsp;<\/p>\n<p>O Vasco segue se refor\u00e7ando para a temporada 2025 e est\u00e1 em negocia\u00e7\u00f5es para contratar o experiente zagueiro Fabi\u00e1n Balbuena, atualmente no Dinamo Moscou, da R\u00fassia. A informa\u00e7\u00e3o foi confirmada por fontes pr\u00f3ximas ao clube carioca, que indicam otimismo nas conversas, apesar de estarem ainda nos est\u00e1gios iniciais. O defensor paraguaio, de 33 anos, tem contrato com o time russo at\u00e9 junho de 2025 e se tornou uma das prioridades para a defesa vasca\u00edna, sendo uma indica\u00e7\u00e3o direta do novo t\u00e9cnico F\u00e1bio Carille.<\/p>\n<p>&nbsp;<\/p>\n<p>Fabi\u00e1n Balbuena: experi\u00eancia e lideran\u00e7a para a zaga do Vasco<\/p>\n<p>&nbsp;<\/p>\n<p>Fabi\u00e1n Balbuena \u00e9 um nome de peso para a defesa do Vasco. Com passagens por grandes clubes, como o Corinthians, onde se destacou, o zagueiro tem uma carreira consolidada, marcada por sua lideran\u00e7a, for\u00e7a no jogo a\u00e9reo e solidez defensiva. Sua experi\u00eancia internacional, incluindo atua\u00e7\u00f5es nas eliminat\u00f3rias da Copa do Mundo com a sele\u00e7\u00e3o paraguaia, seria um grande trunfo para o Gigante da Colina, que busca refor\u00e7ar seu setor defensivo para as competi\u00e7\u00f5es de 2025.<\/p>\n<p>&nbsp;<\/p>\n<p>Carille e a busca por refor\u00e7os<\/p>\n<p>&nbsp;<\/p>\n<p>A chegada de F\u00e1bio Carille ao Vasco trouxe uma mudan\u00e7a no planejamento do clube para a temporada que se aproxima. O t\u00e9cnico, conhecido por sua disciplina t\u00e1tica e foco em sistemas defensivos s\u00f3lidos, tem indicado nomes espec\u00edficos para melhorar a estrutura do time. Al\u00e9m de Balbuena, o clube tamb\u00e9m tem investido em outras contrata\u00e7\u00f5es para a defesa, incluindo o zagueiro Lucas Freitas, ex-Flamengo, e ainda estuda nomes para o ataque e o meio-campo.<\/p>\n<p>&nbsp;<\/p>\n<p>Negocia\u00e7\u00f5es iniciais e otimismo<\/p>\n<p>&nbsp;<\/p>\n<p>Embora as conversas com o Dinamo Moscou estejam em est\u00e1gios iniciais, o Vasco demonstra confian\u00e7a na negocia\u00e7\u00e3o. A experi\u00eancia de Balbuena e sua vontade de retornar ao futebol brasileiro, onde j\u00e1 teve bons momentos com o Corinthians, podem facilitar um acordo, mesmo com o v\u00ednculo do jogador ainda vigente com o time russo at\u00e9 meados de 2025. O contrato do zagueiro \u00e9 um fator importante, mas a diretoria vasca\u00edna est\u00e1 otimista quanto \u00e0 possibilidade de viabilizar a transfer\u00eancia.<\/p>\n<p>&nbsp;<\/p>\n<p>Vasco e o mercado de transfer\u00eancias<\/p>\n<p>&nbsp;<\/p>\n<p>Com a chegada de Carille e o foco em refor\u00e7os pontuais, o Vasco n\u00e3o est\u00e1 apenas observando o mercado de zagueiros, mas tamb\u00e9m buscando outras op\u00e7\u00f5es para fortalecer o elenco. A diretoria j\u00e1 tem mostrado interesse em outros nomes, tanto defensivos quanto ofensivos, e pretende anunciar mais contrata\u00e7\u00f5es nos pr\u00f3ximos dias. O objetivo \u00e9 montar uma equipe competitiva para 2025, que possa brigar por t\u00edtulos e conquistar boas coloca\u00e7\u00f5es no Campeonato Brasileiro e nas outras competi\u00e7\u00f5es em que o clube estar\u00e1 envolvido.<\/p>\n<p>&nbsp;<\/p>\n<p>Pr\u00f3ximos passos da negocia\u00e7\u00e3o<\/p>\n<p>&nbsp;<\/p>\n<p>O futuro de Fabi\u00e1n Balbuena no Vasco depender\u00e1 da evolu\u00e7\u00e3o das conversas com o Dinamo Moscou. Se o clube conseguir superar as barreiras econ\u00f4micas e a concorr\u00eancia por outros clubes interessados, o zagueiro poder\u00e1 ser uma das principais contrata\u00e7\u00f5es do Vasco para a temporada. A torcida vasca\u00edna, que j\u00e1 se anima com a vinda de outros refor\u00e7os, aguarda ansiosamente por mais detalhes sobre essa negocia\u00e7\u00e3o e a chegada do defensor paraguaio.<\/p>\n<p>&nbsp;<\/p>\n<p>Fique atento \u00e0s atualiza\u00e7\u00f5es sobre o mercado de transfer\u00eancias do Vasco e as novidades sobre as contrata\u00e7\u00f5es para 2025!<\/p>\n<p>&nbsp;<\/p>\n<p>Empres\u00e1rio revela se Cuello, do Athletico-PR, vai para o Vasco<\/p>\n<p>&nbsp;<\/p>\n<p>O Vasco segue ativo no mercado de transfer\u00eancias visando refor\u00e7ar a equipe para a temporada 2025. No entanto, uma das especula\u00e7\u00f5es recentes envolvendo o clube foi descartada diretamente pela fonte: o empres\u00e1rio do meio-campista Tom\u00e1s Cuello, do Athletico-PR, esclareceu a situa\u00e7\u00e3o do jogador em rela\u00e7\u00e3o ao interesse do Vasco.<\/p>\n<p>&nbsp;<\/p>\n<p>Vasco ainda n\u00e3o fez proposta por Cuello<\/p>\n<p>&nbsp;<\/p>\n<p>Em entrevista divulgada pelo canal Detetives Vasca\u00ednos, o representante de Cuello afirmou que o Vasco n\u00e3o apresentou nenhuma proposta oficial pelo atleta. Apesar dos rumores sobre uma poss\u00edvel negocia\u00e7\u00e3o, o empres\u00e1rio destacou que n\u00e3o houve qualquer tipo de contato formal por parte do clube carioca.<\/p>\n<p>&nbsp;<\/p>\n<p>Cuello, que \u00e9 uma das pe\u00e7as importantes do elenco do Athletico-PR, despertou interesse de v\u00e1rias equipes nos \u00faltimos meses. Com 25 anos, o meia-atacante argentino tem se destacado por sua versatilidade, velocidade e capacidade de criar jogadas ofensivas.<\/p>\n<p>&nbsp;<\/p>\n<p>Refor\u00e7os para 2025: o que o Vasco busca?<\/p>\n<p>&nbsp;<\/p>\n<p>Ap\u00f3s a confirma\u00e7\u00e3o de F\u00e1bio Carille como treinador, a diretoria do Vasco intensificou os esfor\u00e7os para a contrata\u00e7\u00e3o de novos refor\u00e7os. Entre as prioridades est\u00e3o nomes para o setor defensivo e ofensivo. Lucas Freitas, zagueiro revelado na base do Flamengo, j\u00e1 foi anunciado como o primeiro refor\u00e7o, enquanto outros nomes est\u00e3o sendo analisados, como Guilherme, do Santos.<\/p>\n<p>&nbsp;<\/p>\n<p>Mercado de transfer\u00eancias agitado<\/p>\n<p>&nbsp;<\/p>\n<p>Com a chegada de Carille, espera-se que as negocia\u00e7\u00f5es com refor\u00e7os ganhem ritmo. O Vasco, que busca melhorar seu desempenho em 2025, mira contrata\u00e7\u00f5es que possam fortalecer o elenco para competi\u00e7\u00f5es nacionais e internacionais.<\/p>\n<p>&nbsp;<\/p>\n<p>No entanto, em rela\u00e7\u00e3o a Cuello, a possibilidade de transfer\u00eancia parece distante neste momento. O jogador segue como parte dos planos do Athletico-PR, e seu empres\u00e1rio n\u00e3o descartou outras oportunidades para o atleta, mas refor\u00e7ou que o Vasco n\u00e3o est\u00e1 entre os clubes interessados at\u00e9 agora.<\/p>\n<p>&nbsp;<\/p>\n<p>Pr\u00f3ximos passos do Vasco<\/p>\n<p>&nbsp;<\/p>\n<p>Os torcedores vasca\u00ednos aguardam ansiosos pelos pr\u00f3ximos an\u00fancios da diretoria. A expectativa \u00e9 que o clube apresente mais refor\u00e7os nas pr\u00f3ximas semanas, especialmente para as posi\u00e7\u00f5es priorit\u00e1rias indicadas por Carille. Enquanto isso, o nome de Cuello permanece apenas como especula\u00e7\u00e3o, sem movimenta\u00e7\u00f5es concretas por parte do Gigante da Colina.<\/p>\n<p>&nbsp;<\/p>\n<p>Fique de olho nas atualiza\u00e7\u00f5es sobre o mercado de transfer\u00eancias e acompanhe tudo sobre o Vasco!<\/p>\n<p>&nbsp;<\/p>\n<p>Vasco anuncia F\u00e1bio Carille como novo t\u00e9cnico para 2025<\/p>\n<p>&nbsp;<\/p>\n<p>O Vasco da Gama oficializou a contrata\u00e7\u00e3o de F\u00e1bio Carille como treinador para a temporada 2025. Aos 51 anos, o t\u00e9cnico traz no curr\u00edculo conquistas importantes, como o Campeonato Brasileiro de 2017 e os t\u00edtulos paulistas de 2017, 2018 e 2019. Al\u00e9m de passagens por Corinthians e Santos, Carille comandou equipes internacionais como Al-Wehda e Al-Ittihad (Ar\u00e1bia Saudita), al\u00e9m do V-Varen Nagasaki (Jap\u00e3o). A data de sua apresenta\u00e7\u00e3o oficial ser\u00e1 anunciada em breve.<\/p>\n<p>&nbsp;<\/p>\n<p>#VascoDaGama<\/p>\n<p>&nbsp;<\/p>\n<p>F\u00e1bio Carille \u00e9 o novo t\u00e9cnico do Vasco<\/p>\n<p>&nbsp;<\/p>\n<p>O Vasco da Gama acertou a contrata\u00e7\u00e3o de F\u00e1bio Carille como treinador para a temporada 2025. O t\u00e9cnico de 51 anos assinou contrato v\u00e1lido por um ano, ap\u00f3s negocia\u00e7\u00f5es r\u00e1pidas que se intensificaram na tarde desta quinta-feira (19).<\/p>\n<p>&nbsp;<\/p>\n<p>Carille, que recentemente comandou o Santos, possui experi\u00eancia de destaque no futebol brasileiro, incluindo conquistas como a S\u00e9rie B e finais estaduais. A chegada do treinador ao Cruzmaltino ocorre ap\u00f3s tentativas frustradas de contratar outros nomes, como Renato Ga\u00facho e t\u00e9cnicos portugueses.<\/p>\n<p>&nbsp;<\/p>\n<p>O an\u00fancio oficial est\u00e1 previsto para breve.<\/p>\n<p>&nbsp;<\/p>\n<p>&nbsp;<\/p>\n<p>&nbsp;<\/p>\n<p>&nbsp;<\/p>\n<p>Vasco acerta com o zagueiro Lucas Freitas para refor\u00e7ar o elenco<\/p>\n<p>&nbsp;<\/p>\n<p>O Vasco da Gama fechou a contrata\u00e7\u00e3o do zagueiro Lucas Freitas, que estava emprestado ao Juventude pelo Palmeiras. O jogador, de 22 anos, assinar\u00e1 contrato v\u00e1lido por tr\u00eas anos com o clube carioca, chegando em definitivo ap\u00f3s as negocia\u00e7\u00f5es avan\u00e7arem rapidamente.<\/p>\n<p>&nbsp;<\/p>\n<p>Formado na base do Flamengo, Lucas Freitas teve passagens pelo futebol europeu antes de retornar ao Brasil. Ele \u00e9 visto como uma pe\u00e7a importante para o setor defensivo vasca\u00edno na pr\u00f3xima temporada. A diretoria j\u00e1 finaliza a troca de documentos para oficializar o acordo.<\/p>\n<p>&nbsp;<\/p>\n<p>Vasco e Marinakis avan\u00e7am nas negocia\u00e7\u00f5es pela SAF com in\u00edcio de due diligence<\/p>\n<p>&nbsp;<\/p>\n<p>O Vasco da Gama deu mais um passo nas tratativas com o empres\u00e1rio grego Evangelos Marinakis para a venda da SAF. O processo de due diligence come\u00e7ou ap\u00f3s a troca de documentos confidenciais entre as partes. Essa etapa inicial analisa finan\u00e7as, patrim\u00f4nio e d\u00edvidas do clube.<\/p>\n<p>&nbsp;<\/p>\n<p>Representado pelos empres\u00e1rios Giuliano Bertolucci e Giuseppe Dioguardi, Marinakis demonstra interesse pela hist\u00f3ria e torcida do Vasco. A negocia\u00e7\u00e3o ainda depende da an\u00e1lise detalhada e da proposta oficial, mas o clube segue avaliando outras op\u00e7\u00f5es, como Andrea Radrizzani.<\/p>\n<p>&nbsp;<\/p>\n<p>Vasco descarta Renato Ga\u00facho e mira Gustavo Quinteros como alternativa<\/p>\n<p>&nbsp;<\/p>\n<p>Ap\u00f3s tentativas frustradas de negociar com Renato Ga\u00facho, o Vasco j\u00e1 trabalha com outro nome para o comando t\u00e9cnico. O treinador recusou a oferta de R$ 750 mil mensais, solicitando um sal\u00e1rio pr\u00f3ximo a R$ 1 milh\u00e3o, o que inviabilizou o acordo.<\/p>\n<p>&nbsp;<\/p>\n<p>O plano B da diretoria vasca\u00edna \u00e9 Gustavo Quinteros, t\u00e9cnico argentino que atualmente lidera o V\u00e9lez. Reconhecido por sua capacidade t\u00e1tica, Quinteros estava pr\u00f3ximo de fechar com o Santos, mas o neg\u00f3cio esfriou.<\/p>\n<p>&nbsp;<\/p>\n<p>O presidente Pedrinho busca definir rapidamente a situa\u00e7\u00e3o, priorizando o planejamento da pr\u00f3xima temporada.<\/p>\n<p>&nbsp;<\/p>\n<p>Qual sal\u00e1rio de Renato Ga\u00facho no Gr\u00eamio?<\/p>\n<p>&nbsp;<\/p>\n<p>Renato Ga\u00facho, t\u00e9cnico do Gr\u00eamio, apresentou sua exig\u00eancia financeira para seguir no clube em 2024. Atualmente, o treinador recebe um sal\u00e1rio de R$ 1,2 milh\u00e3o por m\u00eas, mas solicitou um aumento de 50% para renovar seu contrato, o que elevaria seus ganhos para R$ 1,8 milh\u00e3o mensais.<\/p>\n<p>&nbsp;<\/p>\n<p>O impacto do pedido de Renato<\/p>\n<p>&nbsp;<\/p>\n<p>O pedido reflete n\u00e3o apenas a valoriza\u00e7\u00e3o do t\u00e9cnico no mercado, mas tamb\u00e9m os resultados alcan\u00e7ados pelo Gr\u00eamio sob seu comando. Com um hist\u00f3rico de conquistas, incluindo t\u00edtulos importantes como a Copa do Brasil e a Libertadores, Renato continua sendo um dos nomes mais respeitados no cen\u00e1rio do futebol brasileiro.<\/p>\n<p>&nbsp;<\/p>\n<p>O Gr\u00eamio, no entanto, encara a solicita\u00e7\u00e3o com cautela. Apesar do reconhecimento pelo trabalho de Renato, a diretoria precisa avaliar o impacto financeiro de um reajuste t\u00e3o significativo. O clube busca equilibrar suas contas enquanto planeja investimentos para refor\u00e7ar o elenco para 2024.<\/p>\n<p>&nbsp;<\/p>\n<p>Concorr\u00eancia no mercado<\/p>\n<p>&nbsp;<\/p>\n<p>Enquanto o Gr\u00eamio analisa a proposta, outros clubes demonstram interesse no t\u00e9cnico. O Vasco, por exemplo, j\u00e1 iniciou conversas para tentar levar Renato Ga\u00facho para S\u00e3o Janu\u00e1rio. A disputa por seu comando t\u00e9cnico pode influenciar na decis\u00e3o do Gr\u00eamio em atender ou n\u00e3o \u00e0s exig\u00eancias do treinador.<\/p>\n<p>&nbsp;<\/p>\n<p>O que est\u00e1 em jogo?<\/p>\n<p>&nbsp;<\/p>\n<p>A perman\u00eancia de Renato no Gr\u00eamio vai al\u00e9m da quest\u00e3o salarial. O t\u00e9cnico \u00e9 conhecido por seu bom relacionamento com os jogadores e sua capacidade de motivar o elenco. No entanto, o pedido de aumento pode abrir espa\u00e7o para discuss\u00f5es sobre alternativas no mercado, caso o clube opte por n\u00e3o renovar o contrato.<\/p>\n<p>&nbsp;<\/p>\n<p>O desfecho das negocia\u00e7\u00f5es deve ser decisivo para o planejamento do Gr\u00eamio em 2024. Se Renato permanecer, o clube contar\u00e1 com a continuidade de um trabalho consolidado. Caso contr\u00e1rio, ter\u00e1 o desafio de encontrar um substituto \u00e0 altura para manter o alto n\u00edvel de desempenho da equipe.<\/p>\n<p>&nbsp;<\/p>\n<p>Nos pr\u00f3ximos dias, a diretoria gremista deve tomar uma decis\u00e3o sobre o futuro do t\u00e9cnico, com impacto direto no mercado de transfer\u00eancias e na estrutura do time para a pr\u00f3xima temporada.<\/p>\n<p>&nbsp;<\/p>\n<p>Vasco agenda reuni\u00e3o com Renato Ga\u00facho para discutir comando t\u00e9cnico em 2025<\/p>\n<p>&nbsp;<\/p>\n<p>O Vasco da Gama e Renato Ga\u00facho t\u00eam um encontro marcado para esta segunda-feira, 16 de dezembro, para discutir os termos de uma poss\u00edvel parceria visando a temporada de 2025. O clube carioca quer o ex-t\u00e9cnico do Gr\u00eamio como o principal nome para liderar o elenco no pr\u00f3ximo ano, considerando sua experi\u00eancia e perfil vencedor.<\/p>\n<p>&nbsp;<\/p>\n<p>Negocia\u00e7\u00f5es avan\u00e7adas<\/p>\n<p>&nbsp;<\/p>\n<p>As conversas entre as partes come\u00e7aram na quinta-feira e ganharam for\u00e7a nas \u00faltimas 24 horas. Renato, que est\u00e1 no Rio de Janeiro desde o t\u00e9rmino do Campeonato Brasileiro, mostrou interesse no projeto apresentado pelo Vasco. Caso o acordo se concretize, esta ser\u00e1 a terceira passagem do t\u00e9cnico pelo clube, ap\u00f3s comandar o time entre 2005-2007 e em 2008.<\/p>\n<p>&nbsp;<\/p>\n<p>Perfil de Renato agrada \u00e0 diretoria<\/p>\n<p>&nbsp;<\/p>\n<p>Renato \u00e9 o principal alvo do presidente Pedrinho e sua equipe, que buscam um t\u00e9cnico com experi\u00eancia no futebol brasileiro e capacidade de lideran\u00e7a no vesti\u00e1rio. Al\u00e9m disso, o perfil &#8220;copeiro&#8221; do treinador \u00e9 considerado ideal para as competi\u00e7\u00f5es que o Vasco disputar\u00e1 em 2025, como a Copa do Brasil e a Copa Sul-Americana.<\/p>\n<p>&nbsp;<\/p>\n<p>Internamente, a diretoria entende que a passagem de Ram\u00f3n D\u00edaz deixou o elenco dividido entre brasileiros e estrangeiros, prejudicando o desempenho coletivo. Com Renato, o clube espera superar esses desafios e construir um ambiente mais coeso e competitivo.<\/p>\n<p>&nbsp;<\/p>\n<p>Urge definir o comando t\u00e9cnico<\/p>\n<p>&nbsp;<\/p>\n<p>A contrata\u00e7\u00e3o de um t\u00e9cnico \u00e9 tratada como prioridade no Vasco, pois influencia diretamente o planejamento da pr\u00f3xima temporada. A escolha do treinador impactar\u00e1 na defini\u00e7\u00e3o de refor\u00e7os, prepara\u00e7\u00e3o do elenco e estrat\u00e9gias para as competi\u00e7\u00f5es.<\/p>\n<p>&nbsp;<\/p>\n<p>Expectativa pelo desfecho<\/p>\n<p>&nbsp;<\/p>\n<p>A reuni\u00e3o de segunda-feira pode selar o retorno de Renato Ga\u00facho ao Vasco ap\u00f3s 16 anos. Caso o acordo seja fechado, o clube ter\u00e1 um treinador experiente para conduzir o time em busca de melhores resultados e fortalecer seu protagonismo no futebol brasileiro.<\/p>\n<p>&nbsp;<\/p>\n<p>Fique ligado para mais atualiza\u00e7\u00f5es sobre as negocia\u00e7\u00f5es entre Renato Ga\u00facho e Vasco da Gama.<\/p>\n<p>&nbsp;<\/p>\n<p>Riquelme confirma que vai se reapresentar ao Vasco;<\/p>\n<p>&nbsp;<\/p>\n<p>&nbsp;<\/p>\n<p>S\u00e1bado, 14\/12\/2024 &#8211; 23:37<\/p>\n<p>BTB SPORTS @btbsportsbr_<\/p>\n<p>\ud83d\udea8 RIQUELME FICA NO VASC\u00c3O? \ud83d\udea8<\/p>\n<p>Lateral cria vai voltar e pode ser re-emprestado<\/p>\n<p>&nbsp;<\/p>\n<p>Vasco mira Cuello, mas cl\u00e1usula de venda do atacante pode complicar negocia\u00e7\u00e3o<\/p>\n<p>&nbsp;<\/p>\n<p>O Vasco da Gama segue em busca de refor\u00e7os para a temporada de 2025, e um dos nomes na mira do clube \u00e9 o do atacante Cuello, atualmente no Atl\u00e9tico Tucum\u00e1n, da Argentina. No entanto, a negocia\u00e7\u00e3o pode n\u00e3o ser simples devido \u00e0 cl\u00e1usula estabelecida no contrato do jogador.<\/p>\n<p>&nbsp;<\/p>\n<p>Cl\u00e1usula m\u00ednima de US$ 8 milh\u00f5es<\/p>\n<p>&nbsp;<\/p>\n<p>De acordo com informa\u00e7\u00f5es divulgadas pelo portal Na Torcida Vasca\u00ednos, o Atl\u00e9tico Tucum\u00e1n det\u00e9m 50% dos direitos econ\u00f4micos do jogador e incluiu uma cl\u00e1usula que impede a venda de Cuello por menos de 8 milh\u00f5es de d\u00f3lares (aproximadamente R$ 40 milh\u00f5es na cota\u00e7\u00e3o atual). Esse valor coloca o atleta em uma faixa elevada de mercado, tornando o interesse do Vasco um desafio financeiro significativo.<\/p>\n<p>&nbsp;<\/p>\n<p>Cuello: um jogador em ascens\u00e3o<\/p>\n<p>&nbsp;<\/p>\n<p>Cuello tem sido destaque no futebol argentino, com atua\u00e7\u00f5es que chamaram a aten\u00e7\u00e3o de clubes internacionais. Sua capacidade ofensiva e versatilidade no ataque fazem dele um nome cobi\u00e7ado por equipes que buscam fortalecer seus setores ofensivos.<\/p>\n<p>&nbsp;<\/p>\n<p>A estrat\u00e9gia do Vasco<\/p>\n<p>&nbsp;<\/p>\n<p>Com a chegada de Paulo Bracks \u00e0 gest\u00e3o esportiva, o Vasco tem adotado uma postura mais ativa no mercado, buscando nomes capazes de agregar valor t\u00e9cnico ao elenco. A diretoria ainda n\u00e3o se manifestou oficialmente sobre o interesse em Cuello, mas o clube precisar\u00e1 avaliar se consegue atender \u00e0s exig\u00eancias financeiras do Tucum\u00e1n.<\/p>\n<p>&nbsp;<\/p>\n<p>Pr\u00f3ximos passos<\/p>\n<p>&nbsp;<\/p>\n<p>Embora o valor estipulado seja alto, \u00e9 poss\u00edvel que o Vasco negocie formas alternativas de pagamento ou at\u00e9 mesmo a inclus\u00e3o de jogadores em uma poss\u00edvel troca. No entanto, at\u00e9 o momento, n\u00e3o h\u00e1 confirma\u00e7\u00f5es de propostas oficiais.<\/p>\n<p>&nbsp;<\/p>\n<p>Fique atento para mais informa\u00e7\u00f5es sobre a movimenta\u00e7\u00e3o do Vasco no mercado de transfer\u00eancias e os pr\u00f3ximos cap\u00edtulos envolvendo Cuello e outros refor\u00e7os.<\/p>\n<p>&nbsp;<\/p>\n<p>Vasco Sonda Zagueiro Z\u00e9 Ivaldo, do Cruzeiro, Mas Empres\u00e1rio Adota Posi\u00e7\u00e3o Reservada<\/p>\n<p>&nbsp;<\/p>\n<p>Por cruzeiroec.com.br<\/p>\n<p>&nbsp;<\/p>\n<p>No \u00faltimo domingo (15), o interesse do Vasco da Gama pelo zagueiro Z\u00e9 Ivaldo, atualmente no Cruzeiro, veio \u00e0 tona. Segundo informa\u00e7\u00f5es divulgadas pelo portal &#8220;No Ataque&#8221;, o Gigante da Colina fez uma sondagem pelo defensor, que, neste momento, ocupa a reserva na equipe comandada por Fernando Diniz.<\/p>\n<p>&nbsp;<\/p>\n<p>Declara\u00e7\u00e3o do Empres\u00e1rio<\/p>\n<p>&nbsp;<\/p>\n<p>Diante da especula\u00e7\u00e3o, o portal Vascaino.net entrou em contato com o empres\u00e1rio de Z\u00e9 Ivaldo, que preferiu n\u00e3o entrar em detalhes sobre poss\u00edveis negocia\u00e7\u00f5es. &#8220;Z\u00e9 Ivaldo s\u00f3 sai do Cruzeiro mediante venda. Sobre sondagens e consultas, eu n\u00e3o me manifesto. Deixo para os clubes assim fazerem&#8221;, afirmou o agente, destacando que qualquer movimenta\u00e7\u00e3o depende de uma proposta oficial.<\/p>\n<p>&nbsp;<\/p>\n<p>Valor de Mercado<\/p>\n<p>&nbsp;<\/p>\n<p>Aos 27 anos, Z\u00e9 Ivaldo possui um valor de mercado estimado em 4 milh\u00f5es de euros (cerca de R$ 24 milh\u00f5es na cota\u00e7\u00e3o atual), segundo dados do Transfermarkt. Esse montante representa um desafio financeiro para o Vasco, que segue buscando refor\u00e7os para o elenco de 2025.<\/p>\n<p>&nbsp;<\/p>\n<p>Situa\u00e7\u00e3o no Cruzeiro<\/p>\n<p>&nbsp;<\/p>\n<p>Z\u00e9 Ivaldo tem sido uma pe\u00e7a importante no elenco celeste, mas atualmente figura entre as op\u00e7\u00f5es de reserva. Apesar disso, a diretoria do Cruzeiro n\u00e3o parece disposta a liberar o atleta facilmente, considerando seu potencial e valor estrat\u00e9gico.<\/p>\n<p>&nbsp;<\/p>\n<p>Pr\u00f3ximos Passos<\/p>\n<p>&nbsp;<\/p>\n<p>Com o mercado de transfer\u00eancias em andamento, a sondagem do Vasco pode ser apenas o in\u00edcio de uma negocia\u00e7\u00e3o mais concreta. Caso o clube carioca decida avan\u00e7ar, ser\u00e1 necess\u00e1rio apresentar uma proposta \u00e0 altura das exig\u00eancias do Cruzeiro e do jogador.<\/p>\n<p>&nbsp;<\/p>\n<p>Resta saber se o Gigante da Colina conseguir\u00e1 viabilizar a contrata\u00e7\u00e3o e refor\u00e7ar seu setor defensivo para a pr\u00f3xima temporada. Enquanto isso, o empres\u00e1rio de Z\u00e9 Ivaldo segue reservado, deixando o desenrolar das tratativas a cargo dos clubes envolvidos.<\/p>\n<p>&nbsp;<\/p>\n<p>Vasco Sonda Tom\u00e1s Cuello, do Athletico-PR, para Refor\u00e7ar o Elenco em 2025<\/p>\n<p>&nbsp;<\/p>\n<p>O Vasco da Gama iniciou conversas preliminares para avaliar a possibilidade de contratar o atacante Tom\u00e1s Cuello, do Athletico-PR, visando a temporada de 2025. O jogador argentino, de 23 anos, ainda tem contrato com o clube paranaense at\u00e9 o final de 2025 e est\u00e1 sendo observado pelo Gigante da Colina, que busca refor\u00e7ar seu elenco ap\u00f3s uma temporada de altos e baixos.<\/p>\n<p>&nbsp;<\/p>\n<p>Cuello: Investimento de Alto Custo<\/p>\n<p>&nbsp;<\/p>\n<p>Contratado em 2022 pelo Athletico-PR por 2,5 milh\u00f5es de d\u00f3lares (aproximadamente R$ 12,8 milh\u00f5es na cota\u00e7\u00e3o da \u00e9poca), Cuello \u00e9 a aquisi\u00e7\u00e3o mais cara da hist\u00f3ria do clube. O Furac\u00e3o adquiriu 50% dos direitos econ\u00f4micos do jogador, enquanto o restante permanece com o Atl\u00e9tico Tucum\u00e1n, da Argentina.<\/p>\n<p>&nbsp;<\/p>\n<p>O atacante teve uma participa\u00e7\u00e3o consistente no Athletico-PR, mas o rebaixamento do clube para a S\u00e9rie B abriu possibilidades de negocia\u00e7\u00f5es para reduzir a folha salarial. Ainda assim, qualquer movimento para contratar Cuello envolver\u00e1 custos significativos, considerando seu hist\u00f3rico como uma pe\u00e7a valiosa no elenco paranaense.<\/p>\n<p>&nbsp;<\/p>\n<p>Situa\u00e7\u00e3o Atual e Concorr\u00eancia<\/p>\n<p>&nbsp;<\/p>\n<p>Embora o Athletico-PR n\u00e3o tenha recebido propostas oficiais at\u00e9 o momento, v\u00e1rios clubes demonstraram interesse em Cuello. A diretoria do Furac\u00e3o n\u00e3o descarta um empr\u00e9stimo com pagamento integral dos sal\u00e1rios pelo novo clube, o que permitiria ao jogador retornar em 2026, quando o Athletico-PR planeja disputar novamente a S\u00e9rie A.<\/p>\n<p>&nbsp;<\/p>\n<p>O Vasco precisa agir rapidamente caso decida avan\u00e7ar com uma proposta oficial. O clube carioca ainda est\u00e1 ajustando sua estrutura para a pr\u00f3xima temporada, buscando um novo t\u00e9cnico e reorganizando a folha salarial.<\/p>\n<p>&nbsp;<\/p>\n<p>Planejamento Vasca\u00edno<\/p>\n<p>&nbsp;<\/p>\n<p>Com a meta de montar um elenco competitivo para 2025, o Vasco est\u00e1 focado em contrata\u00e7\u00f5es estrat\u00e9gicas e experientes. Tom\u00e1s Cuello, com sua habilidade t\u00e9cnica e versatilidade no ataque, se encaixa no perfil desejado pelo clube.<\/p>\n<p>&nbsp;<\/p>\n<p>No entanto, antes de concretizar qualquer negocia\u00e7\u00e3o, o Vasco precisar\u00e1 avaliar sua capacidade financeira para viabilizar a contrata\u00e7\u00e3o, considerando o investimento necess\u00e1rio e a concorr\u00eancia no mercado.<\/p>\n<p>&nbsp;<\/p>\n<p>Refor\u00e7os e Expectativas da Torcida<\/p>\n<p>&nbsp;<\/p>\n<p>A chegada de Cuello seria vista como um passo importante para refor\u00e7ar o setor ofensivo do Vasco, que busca voltar a ser protagonista no futebol brasileiro. Enquanto isso, a torcida aguarda ansiosa pelas defini\u00e7\u00f5es sobre o novo treinador e outros nomes que possam compor o elenco na pr\u00f3xima temporada.<\/p>\n<p>&nbsp;<\/p>\n<p>A movimenta\u00e7\u00e3o do mercado da bola segue intensa, e o Vasco da Gama parece decidido a aproveitar as oportunidades para fortalecer sua equipe. Resta saber se Tom\u00e1s Cuello ser\u00e1 o pr\u00f3ximo a vestir a camisa cruzmaltina.<\/p>\n<p>&nbsp;<\/p>\n<p>Vasco e Nike Fecham Acordo para Fornecimento de Material Esportivo de 2026 a 2028<\/p>\n<p>&nbsp;<\/p>\n<p>Ap\u00f3s um longo per\u00edodo de negocia\u00e7\u00f5es, o Vasco da Gama anunciou um novo acordo com a Nike como fornecedora oficial de material esportivo. O contrato, que ser\u00e1 v\u00e1lido de 2026 a 2028, marca o retorno da gigante americana aos uniformes de clubes brasileiros, consolidando uma parceria estrat\u00e9gica que promete impactar o mercado esportivo nacional.<\/p>\n<p>&nbsp;<\/p>\n<p>Kappa Seguir\u00e1 at\u00e9 2025<\/p>\n<p>&nbsp;<\/p>\n<p>A Kappa, atual fornecedora do Vasco, ter\u00e1 seu contrato estendido at\u00e9 o final de 2025. Originalmente, o v\u00ednculo terminaria no fim de dezembro deste ano, mas a extens\u00e3o foi necess\u00e1ria para garantir tempo h\u00e1bil para o desenvolvimento de um novo enxoval pela Nike e outras poss\u00edveis interessadas.<\/p>\n<p>&nbsp;<\/p>\n<p>Essa decis\u00e3o tamb\u00e9m assegura a continuidade no fornecimento de materiais de alta qualidade ao clube durante a transi\u00e7\u00e3o para a nova parceria.<\/p>\n<p>&nbsp;<\/p>\n<p>Nike Volta ao Futebol Brasileiro<\/p>\n<p>&nbsp;<\/p>\n<p>O retorno da Nike ao futebol brasileiro \u00e9 um movimento significativo. Nos \u00faltimos anos, a marca vinha se concentrando principalmente na Sele\u00e7\u00e3o Brasileira, com a qual renovou recentemente seu contrato at\u00e9 2038. A parceria com o Vasco faz parte de uma nova estrat\u00e9gia da Nike, que tamb\u00e9m busca acordos com outros dois grandes clubes brasileiros, previstos para iniciar em 2026.<\/p>\n<p>&nbsp;<\/p>\n<p>Acordo Estrat\u00e9gico<\/p>\n<p>&nbsp;<\/p>\n<p>O contrato entre Vasco e Nike ser\u00e1 de tr\u00eas anos, abrangendo o per\u00edodo de 2026 a 2028. A escolha do Vasco reflete o potencial de marketing do clube, que busca ampliar sua exposi\u00e7\u00e3o global e atrair novos torcedores e investidores.<\/p>\n<p>&nbsp;<\/p>\n<p>Al\u00e9m disso, a Nike traz consigo o prest\u00edgio de uma marca internacionalmente reconhecida, o que pode alavancar a venda de produtos licenciados e fortalecer a identidade do clube.<\/p>\n<p>&nbsp;<\/p>\n<p>Expectativas da Torcida<\/p>\n<p>&nbsp;<\/p>\n<p>A torcida vasca\u00edna recebeu a not\u00edcia com entusiasmo. A Nike \u00e9 associada a uniformes modernos e de alta qualidade, e h\u00e1 grande expectativa em rela\u00e7\u00e3o aos novos designs que ser\u00e3o desenvolvidos para o clube.<\/p>\n<p>&nbsp;<\/p>\n<p>Impacto no Mercado Esportivo<\/p>\n<p>&nbsp;<\/p>\n<p>A entrada da Nike em parcerias com clubes brasileiros pode inaugurar uma nova era de investimentos no futebol nacional. Para o Vasco, essa uni\u00e3o representa uma oportunidade de consolidar sua marca e retomar o protagonismo no cen\u00e1rio esportivo.<\/p>\n<p>&nbsp;<\/p>\n<p>Com o acordo firmado, resta agora aguardar os detalhes do lan\u00e7amento oficial dos uniformes a partir de 2026 e os pr\u00f3ximos passos dessa parceria hist\u00f3rica.<\/p>\n","protected":false},"excerpt":{"rendered":"<p>Vasco negocia com ponta-direita que atua em sele\u00e7\u00e3o sul-americana O Vasco da Gama segue atento ao mercado de transfer\u00eancias e, de acordo com informa\u00e7\u00f5es do jornalista Fl\u00e1vio Dias, o clube est\u00e1 em negocia\u00e7\u00f5es avan\u00e7adas com um ponta-direita que defende uma sele\u00e7\u00e3o sul-americana. O jogador, que tamb\u00e9m tem participa\u00e7\u00e3o nas eliminat\u00f3rias de sua sele\u00e7\u00e3o, seria uma &hellip;<\/p>\n","protected":false},"author":1,"featured_media":428120,"comment_status":"open","ping_status":"open","sticky":false,"template":"","format":"standard","meta":{"_jetpack_memberships_contains_paid_content":false,"footnotes":""},"categories":[9574,9677,9607,9675,9641,9249,9580,12423,9654,12001,3,4587,9606,9645,9573,9646,9576,9759,9579,9614,9612,9600,9662],"tags":[12557,7429,12434,12435],"class_list":["post-434304","post","type-post","status-publish","format-standard","has-post-thumbnail","hentry","category-athletico-pr","category-atletico-go","category-atletico-mg","category-bahia","category-botafogo","category-campeonato-brasileiro","category-corinthians","category-criciuma","category-cruzeiro","category-cuiaba","category-esportes1","category-esportes","category-flamengo","category-fluminense","category-fortaleza","category-gremio","category-internacional","category-juventude","category-palmeiras","category-rb-bragantino","category-sao-paulo","category-vasco","category-vitoria","tag-cuiaba-x-corinthians","tag-futemax","tag-futmax-jogos-de-hoje-ao-vivo","tag-jogos-de-amanha-na-tv"],"yoast_head":"<!-- This site is optimized with the Yoast SEO plugin v27.4 - https:\/\/yoast.com\/product\/yoast-seo-wordpress\/ -->\n<title>Vasco negocia com ponta-direita que atua em sele\u00e7\u00e3o sul-americana<\/title>\n<meta name=\"robots\" content=\"index, follow, max-snippet:-1, max-image-preview:large, max-video-preview:-1\" \/>\n<link rel=\"canonical\" href=\"https:\/\/mrnews.com.br\/index.php\/2025\/01\/15\/vasco-negocia-com-ponta-direita-que-atua-em-selecao-sul-americana\/\" \/>\n<meta property=\"og:locale\" content=\"pt_BR\" \/>\n<meta property=\"og:type\" content=\"article\" \/>\n<meta property=\"og:title\" content=\"Vasco negocia com ponta-direita que atua em sele\u00e7\u00e3o sul-americana\" \/>\n<meta property=\"og:description\" content=\"Vasco negocia com ponta-direita que atua em sele\u00e7\u00e3o sul-americana O Vasco da Gama segue atento ao mercado de transfer\u00eancias e, de acordo com informa\u00e7\u00f5es do jornalista Fl\u00e1vio Dias, o clube est\u00e1 em negocia\u00e7\u00f5es avan\u00e7adas com um ponta-direita que defende uma sele\u00e7\u00e3o sul-americana. O jogador, que tamb\u00e9m tem participa\u00e7\u00e3o nas eliminat\u00f3rias de sua sele\u00e7\u00e3o, seria uma &hellip;\" \/>\n<meta property=\"og:url\" content=\"https:\/\/mrnews.com.br\/index.php\/2025\/01\/15\/vasco-negocia-com-ponta-direita-que-atua-em-selecao-sul-americana\/\" \/>\n<meta property=\"og:site_name\" content=\"MRNews\" \/>\n<meta property=\"article:publisher\" content=\"https:\/\/www.facebook.com\/eaipahpah\/?locale2=pt_BR\" \/>\n<meta property=\"article:published_time\" content=\"2025-01-15T21:30:19+00:00\" \/>\n<meta property=\"og:image\" content=\"https:\/\/mrnews.com.br\/wp-content\/uploads\/2024\/09\/45cc27a5-ff33-446e-bbae-75533c908841.webp\" \/>\n\t<meta property=\"og:image:width\" content=\"1024\" \/>\n\t<meta property=\"og:image:height\" content=\"1024\" \/>\n\t<meta property=\"og:image:type\" content=\"image\/webp\" \/>\n<meta name=\"author\" content=\"MR News\" \/>\n<meta name=\"twitter:card\" content=\"summary_large_image\" \/>\n<meta name=\"twitter:creator\" content=\"@conspirou\" \/>\n<meta name=\"twitter:site\" content=\"@conspirou\" \/>\n<meta name=\"twitter:label1\" content=\"Escrito por\" \/>\n\t<meta name=\"twitter:data1\" content=\"MR News\" \/>\n\t<meta name=\"twitter:label2\" content=\"Est. tempo de leitura\" \/>\n\t<meta name=\"twitter:data2\" content=\"25 minutos\" \/>\n<script type=\"application\/ld+json\" class=\"yoast-schema-graph\">{\"@context\":\"https:\\\/\\\/schema.org\",\"@graph\":[{\"@type\":\"Article\",\"@id\":\"https:\\\/\\\/mrnews.com.br\\\/index.php\\\/2025\\\/01\\\/15\\\/vasco-negocia-com-ponta-direita-que-atua-em-selecao-sul-americana\\\/#article\",\"isPartOf\":{\"@id\":\"https:\\\/\\\/mrnews.com.br\\\/index.php\\\/2025\\\/01\\\/15\\\/vasco-negocia-com-ponta-direita-que-atua-em-selecao-sul-americana\\\/\"},\"author\":{\"name\":\"MR News\",\"@id\":\"https:\\\/\\\/mrnews.com.br\\\/#\\\/schema\\\/person\\\/be3203154562a9f207407861cef7827b\"},\"headline\":\"Vasco negocia com ponta-direita que atua em sele\u00e7\u00e3o sul-americana\",\"datePublished\":\"2025-01-15T21:30:19+00:00\",\"mainEntityOfPage\":{\"@id\":\"https:\\\/\\\/mrnews.com.br\\\/index.php\\\/2025\\\/01\\\/15\\\/vasco-negocia-com-ponta-direita-que-atua-em-selecao-sul-americana\\\/\"},\"wordCount\":5031,\"commentCount\":0,\"publisher\":{\"@id\":\"https:\\\/\\\/mrnews.com.br\\\/#organization\"},\"image\":{\"@id\":\"https:\\\/\\\/mrnews.com.br\\\/index.php\\\/2025\\\/01\\\/15\\\/vasco-negocia-com-ponta-direita-que-atua-em-selecao-sul-americana\\\/#primaryimage\"},\"thumbnailUrl\":\"https:\\\/\\\/mrnews.com.br\\\/wp-content\\\/uploads\\\/2024\\\/09\\\/45cc27a5-ff33-446e-bbae-75533c908841.webp\",\"keywords\":[\"Cuiab\u00e1 x Corinthians\",\"futemax\",\"futmax jogos de hoje ao vivo\",\"jogos de amanh\u00e3 na tv\"],\"articleSection\":[\"Athletico-PR\",\"Atl\u00e9tico-GO\",\"Atl\u00e9tico-MG\",\"Bahia\",\"Botafogo\",\"Campeonato brasileiro\",\"Corinthians\",\"Crici\u00fama\",\"Cruzeiro\",\"Cuiaba\",\"ESPORTES\",\"Esportes\",\"Flamengo\",\"Fluminense\",\"Fortaleza\",\"Gr\u00eamio\",\"Internacional\",\"Juventude\",\"Palmeiras\",\"RB Bragantino\",\"S\u00e3o Paulo\",\"VASCO\",\"Vit\u00f3ria\"],\"inLanguage\":\"pt-BR\",\"potentialAction\":[{\"@type\":\"CommentAction\",\"name\":\"Comment\",\"target\":[\"https:\\\/\\\/mrnews.com.br\\\/index.php\\\/2025\\\/01\\\/15\\\/vasco-negocia-com-ponta-direita-que-atua-em-selecao-sul-americana\\\/#respond\"]}]},{\"@type\":\"WebPage\",\"@id\":\"https:\\\/\\\/mrnews.com.br\\\/index.php\\\/2025\\\/01\\\/15\\\/vasco-negocia-com-ponta-direita-que-atua-em-selecao-sul-americana\\\/\",\"url\":\"https:\\\/\\\/mrnews.com.br\\\/index.php\\\/2025\\\/01\\\/15\\\/vasco-negocia-com-ponta-direita-que-atua-em-selecao-sul-americana\\\/\",\"name\":\"Vasco negocia com ponta-direita que atua em sele\u00e7\u00e3o sul-americana\",\"isPartOf\":{\"@id\":\"https:\\\/\\\/mrnews.com.br\\\/#website\"},\"primaryImageOfPage\":{\"@id\":\"https:\\\/\\\/mrnews.com.br\\\/index.php\\\/2025\\\/01\\\/15\\\/vasco-negocia-com-ponta-direita-que-atua-em-selecao-sul-americana\\\/#primaryimage\"},\"image\":{\"@id\":\"https:\\\/\\\/mrnews.com.br\\\/index.php\\\/2025\\\/01\\\/15\\\/vasco-negocia-com-ponta-direita-que-atua-em-selecao-sul-americana\\\/#primaryimage\"},\"thumbnailUrl\":\"https:\\\/\\\/mrnews.com.br\\\/wp-content\\\/uploads\\\/2024\\\/09\\\/45cc27a5-ff33-446e-bbae-75533c908841.webp\",\"datePublished\":\"2025-01-15T21:30:19+00:00\",\"breadcrumb\":{\"@id\":\"https:\\\/\\\/mrnews.com.br\\\/index.php\\\/2025\\\/01\\\/15\\\/vasco-negocia-com-ponta-direita-que-atua-em-selecao-sul-americana\\\/#breadcrumb\"},\"inLanguage\":\"pt-BR\",\"potentialAction\":[{\"@type\":\"ReadAction\",\"target\":[\"https:\\\/\\\/mrnews.com.br\\\/index.php\\\/2025\\\/01\\\/15\\\/vasco-negocia-com-ponta-direita-que-atua-em-selecao-sul-americana\\\/\"]}]},{\"@type\":\"ImageObject\",\"inLanguage\":\"pt-BR\",\"@id\":\"https:\\\/\\\/mrnews.com.br\\\/index.php\\\/2025\\\/01\\\/15\\\/vasco-negocia-com-ponta-direita-que-atua-em-selecao-sul-americana\\\/#primaryimage\",\"url\":\"https:\\\/\\\/mrnews.com.br\\\/wp-content\\\/uploads\\\/2024\\\/09\\\/45cc27a5-ff33-446e-bbae-75533c908841.webp\",\"contentUrl\":\"https:\\\/\\\/mrnews.com.br\\\/wp-content\\\/uploads\\\/2024\\\/09\\\/45cc27a5-ff33-446e-bbae-75533c908841.webp\",\"width\":1024,\"height\":1024},{\"@type\":\"BreadcrumbList\",\"@id\":\"https:\\\/\\\/mrnews.com.br\\\/index.php\\\/2025\\\/01\\\/15\\\/vasco-negocia-com-ponta-direita-que-atua-em-selecao-sul-americana\\\/#breadcrumb\",\"itemListElement\":[{\"@type\":\"ListItem\",\"position\":1,\"name\":\"In\u00edcio\",\"item\":\"https:\\\/\\\/mrnews.com.br\\\/\"},{\"@type\":\"ListItem\",\"position\":2,\"name\":\"Vasco negocia com ponta-direita que atua em sele\u00e7\u00e3o sul-americana\"}]},{\"@type\":\"WebSite\",\"@id\":\"https:\\\/\\\/mrnews.com.br\\\/#website\",\"url\":\"https:\\\/\\\/mrnews.com.br\\\/\",\"name\":\"MRNews\",\"description\":\"MRNews Jogos de hoje da TV, transmiss\u00f5es ao vivo, Not\u00edcias de futebol, Jogos ao vivo, Lives, resumo de novelas, Programa\u00e7\u00e3o da Globo, A Fazenda e BBB\",\"publisher\":{\"@id\":\"https:\\\/\\\/mrnews.com.br\\\/#organization\"},\"potentialAction\":[{\"@type\":\"SearchAction\",\"target\":{\"@type\":\"EntryPoint\",\"urlTemplate\":\"https:\\\/\\\/mrnews.com.br\\\/?s={search_term_string}\"},\"query-input\":{\"@type\":\"PropertyValueSpecification\",\"valueRequired\":true,\"valueName\":\"search_term_string\"}}],\"inLanguage\":\"pt-BR\"},{\"@type\":\"Organization\",\"@id\":\"https:\\\/\\\/mrnews.com.br\\\/#organization\",\"name\":\"MRNews\",\"url\":\"https:\\\/\\\/mrnews.com.br\\\/\",\"logo\":{\"@type\":\"ImageObject\",\"inLanguage\":\"pt-BR\",\"@id\":\"https:\\\/\\\/mrnews.com.br\\\/#\\\/schema\\\/logo\\\/image\\\/\",\"url\":\"https:\\\/\\\/mrnews.com.br\\\/wp-content\\\/uploads\\\/2019\\\/06\\\/MRNewslogo2.png\",\"contentUrl\":\"https:\\\/\\\/mrnews.com.br\\\/wp-content\\\/uploads\\\/2019\\\/06\\\/MRNewslogo2.png\",\"width\":223,\"height\":58,\"caption\":\"MRNews\"},\"image\":{\"@id\":\"https:\\\/\\\/mrnews.com.br\\\/#\\\/schema\\\/logo\\\/image\\\/\"},\"sameAs\":[\"https:\\\/\\\/www.facebook.com\\\/eaipahpah\\\/?locale2=pt_BR\",\"https:\\\/\\\/x.com\\\/conspirou\",\"https:\\\/\\\/www.instagram.com\\\/eai_pahpah\",\"https:\\\/\\\/br.pinterest.com\\\/mrnewsn\\\/boards\\\/\",\"https:\\\/\\\/www.youtube.com\\\/channel\\\/UCacgnpznQ61fifLWr1tQ-vA?view_as=subscriber\"]},{\"@type\":\"Person\",\"@id\":\"https:\\\/\\\/mrnews.com.br\\\/#\\\/schema\\\/person\\\/be3203154562a9f207407861cef7827b\",\"name\":\"MR News\",\"image\":{\"@type\":\"ImageObject\",\"inLanguage\":\"pt-BR\",\"@id\":\"https:\\\/\\\/secure.gravatar.com\\\/avatar\\\/04084e6d73c042b8646e7c17b494073bf0ede3ea13c7105cfc45cbbbc28385a4?s=96&d=monsterid&r=g\",\"url\":\"https:\\\/\\\/secure.gravatar.com\\\/avatar\\\/04084e6d73c042b8646e7c17b494073bf0ede3ea13c7105cfc45cbbbc28385a4?s=96&d=monsterid&r=g\",\"contentUrl\":\"https:\\\/\\\/secure.gravatar.com\\\/avatar\\\/04084e6d73c042b8646e7c17b494073bf0ede3ea13c7105cfc45cbbbc28385a4?s=96&d=monsterid&r=g\",\"caption\":\"MR News\"},\"description\":\"Especializado em jornalismo colaborativo pela FTP em n\u00edvel de p\u00f3s-gradua\u00e7\u00e3o. suporte@oimeliga.combr\",\"sameAs\":[\"HUGO R.\",\"Admin\"],\"url\":\"https:\\\/\\\/mrnews.com.br\\\/index.php\\\/author\\\/admin\\\/\"}]}<\/script>\n<!-- \/ Yoast SEO plugin. -->","yoast_head_json":{"title":"Vasco negocia com ponta-direita que atua em sele\u00e7\u00e3o sul-americana","robots":{"index":"index","follow":"follow","max-snippet":"max-snippet:-1","max-image-preview":"max-image-preview:large","max-video-preview":"max-video-preview:-1"},"canonical":"https:\/\/mrnews.com.br\/index.php\/2025\/01\/15\/vasco-negocia-com-ponta-direita-que-atua-em-selecao-sul-americana\/","og_locale":"pt_BR","og_type":"article","og_title":"Vasco negocia com ponta-direita que atua em sele\u00e7\u00e3o sul-americana","og_description":"Vasco negocia com ponta-direita que atua em sele\u00e7\u00e3o sul-americana O Vasco da Gama segue atento ao mercado de transfer\u00eancias e, de acordo com informa\u00e7\u00f5es do jornalista Fl\u00e1vio Dias, o clube est\u00e1 em negocia\u00e7\u00f5es avan\u00e7adas com um ponta-direita que defende uma sele\u00e7\u00e3o sul-americana. O jogador, que tamb\u00e9m tem participa\u00e7\u00e3o nas eliminat\u00f3rias de sua sele\u00e7\u00e3o, seria uma &hellip;","og_url":"https:\/\/mrnews.com.br\/index.php\/2025\/01\/15\/vasco-negocia-com-ponta-direita-que-atua-em-selecao-sul-americana\/","og_site_name":"MRNews","article_publisher":"https:\/\/www.facebook.com\/eaipahpah\/?locale2=pt_BR","article_published_time":"2025-01-15T21:30:19+00:00","og_image":[{"width":1024,"height":1024,"url":"https:\/\/mrnews.com.br\/wp-content\/uploads\/2024\/09\/45cc27a5-ff33-446e-bbae-75533c908841.webp","type":"image\/webp"}],"author":"MR News","twitter_card":"summary_large_image","twitter_creator":"@conspirou","twitter_site":"@conspirou","twitter_misc":{"Escrito por":"MR News","Est. tempo de leitura":"25 minutos"},"schema":{"@context":"https:\/\/schema.org","@graph":[{"@type":"Article","@id":"https:\/\/mrnews.com.br\/index.php\/2025\/01\/15\/vasco-negocia-com-ponta-direita-que-atua-em-selecao-sul-americana\/#article","isPartOf":{"@id":"https:\/\/mrnews.com.br\/index.php\/2025\/01\/15\/vasco-negocia-com-ponta-direita-que-atua-em-selecao-sul-americana\/"},"author":{"name":"MR News","@id":"https:\/\/mrnews.com.br\/#\/schema\/person\/be3203154562a9f207407861cef7827b"},"headline":"Vasco negocia com ponta-direita que atua em sele\u00e7\u00e3o sul-americana","datePublished":"2025-01-15T21:30:19+00:00","mainEntityOfPage":{"@id":"https:\/\/mrnews.com.br\/index.php\/2025\/01\/15\/vasco-negocia-com-ponta-direita-que-atua-em-selecao-sul-americana\/"},"wordCount":5031,"commentCount":0,"publisher":{"@id":"https:\/\/mrnews.com.br\/#organization"},"image":{"@id":"https:\/\/mrnews.com.br\/index.php\/2025\/01\/15\/vasco-negocia-com-ponta-direita-que-atua-em-selecao-sul-americana\/#primaryimage"},"thumbnailUrl":"https:\/\/mrnews.com.br\/wp-content\/uploads\/2024\/09\/45cc27a5-ff33-446e-bbae-75533c908841.webp","keywords":["Cuiab\u00e1 x Corinthians","futemax","futmax jogos de hoje ao vivo","jogos de amanh\u00e3 na tv"],"articleSection":["Athletico-PR","Atl\u00e9tico-GO","Atl\u00e9tico-MG","Bahia","Botafogo","Campeonato brasileiro","Corinthians","Crici\u00fama","Cruzeiro","Cuiaba","ESPORTES","Esportes","Flamengo","Fluminense","Fortaleza","Gr\u00eamio","Internacional","Juventude","Palmeiras","RB Bragantino","S\u00e3o Paulo","VASCO","Vit\u00f3ria"],"inLanguage":"pt-BR","potentialAction":[{"@type":"CommentAction","name":"Comment","target":["https:\/\/mrnews.com.br\/index.php\/2025\/01\/15\/vasco-negocia-com-ponta-direita-que-atua-em-selecao-sul-americana\/#respond"]}]},{"@type":"WebPage","@id":"https:\/\/mrnews.com.br\/index.php\/2025\/01\/15\/vasco-negocia-com-ponta-direita-que-atua-em-selecao-sul-americana\/","url":"https:\/\/mrnews.com.br\/index.php\/2025\/01\/15\/vasco-negocia-com-ponta-direita-que-atua-em-selecao-sul-americana\/","name":"Vasco negocia com ponta-direita que atua em sele\u00e7\u00e3o sul-americana","isPartOf":{"@id":"https:\/\/mrnews.com.br\/#website"},"primaryImageOfPage":{"@id":"https:\/\/mrnews.com.br\/index.php\/2025\/01\/15\/vasco-negocia-com-ponta-direita-que-atua-em-selecao-sul-americana\/#primaryimage"},"image":{"@id":"https:\/\/mrnews.com.br\/index.php\/2025\/01\/15\/vasco-negocia-com-ponta-direita-que-atua-em-selecao-sul-americana\/#primaryimage"},"thumbnailUrl":"https:\/\/mrnews.com.br\/wp-content\/uploads\/2024\/09\/45cc27a5-ff33-446e-bbae-75533c908841.webp","datePublished":"2025-01-15T21:30:19+00:00","breadcrumb":{"@id":"https:\/\/mrnews.com.br\/index.php\/2025\/01\/15\/vasco-negocia-com-ponta-direita-que-atua-em-selecao-sul-americana\/#breadcrumb"},"inLanguage":"pt-BR","potentialAction":[{"@type":"ReadAction","target":["https:\/\/mrnews.com.br\/index.php\/2025\/01\/15\/vasco-negocia-com-ponta-direita-que-atua-em-selecao-sul-americana\/"]}]},{"@type":"ImageObject","inLanguage":"pt-BR","@id":"https:\/\/mrnews.com.br\/index.php\/2025\/01\/15\/vasco-negocia-com-ponta-direita-que-atua-em-selecao-sul-americana\/#primaryimage","url":"https:\/\/mrnews.com.br\/wp-content\/uploads\/2024\/09\/45cc27a5-ff33-446e-bbae-75533c908841.webp","contentUrl":"https:\/\/mrnews.com.br\/wp-content\/uploads\/2024\/09\/45cc27a5-ff33-446e-bbae-75533c908841.webp","width":1024,"height":1024},{"@type":"BreadcrumbList","@id":"https:\/\/mrnews.com.br\/index.php\/2025\/01\/15\/vasco-negocia-com-ponta-direita-que-atua-em-selecao-sul-americana\/#breadcrumb","itemListElement":[{"@type":"ListItem","position":1,"name":"In\u00edcio","item":"https:\/\/mrnews.com.br\/"},{"@type":"ListItem","position":2,"name":"Vasco negocia com ponta-direita que atua em sele\u00e7\u00e3o sul-americana"}]},{"@type":"WebSite","@id":"https:\/\/mrnews.com.br\/#website","url":"https:\/\/mrnews.com.br\/","name":"MRNews","description":"MRNews Jogos de hoje da TV, transmiss\u00f5es ao vivo, Not\u00edcias de futebol, Jogos ao vivo, Lives, resumo de novelas, Programa\u00e7\u00e3o da Globo, A Fazenda e BBB","publisher":{"@id":"https:\/\/mrnews.com.br\/#organization"},"potentialAction":[{"@type":"SearchAction","target":{"@type":"EntryPoint","urlTemplate":"https:\/\/mrnews.com.br\/?s={search_term_string}"},"query-input":{"@type":"PropertyValueSpecification","valueRequired":true,"valueName":"search_term_string"}}],"inLanguage":"pt-BR"},{"@type":"Organization","@id":"https:\/\/mrnews.com.br\/#organization","name":"MRNews","url":"https:\/\/mrnews.com.br\/","logo":{"@type":"ImageObject","inLanguage":"pt-BR","@id":"https:\/\/mrnews.com.br\/#\/schema\/logo\/image\/","url":"https:\/\/mrnews.com.br\/wp-content\/uploads\/2019\/06\/MRNewslogo2.png","contentUrl":"https:\/\/mrnews.com.br\/wp-content\/uploads\/2019\/06\/MRNewslogo2.png","width":223,"height":58,"caption":"MRNews"},"image":{"@id":"https:\/\/mrnews.com.br\/#\/schema\/logo\/image\/"},"sameAs":["https:\/\/www.facebook.com\/eaipahpah\/?locale2=pt_BR","https:\/\/x.com\/conspirou","https:\/\/www.instagram.com\/eai_pahpah","https:\/\/br.pinterest.com\/mrnewsn\/boards\/","https:\/\/www.youtube.com\/channel\/UCacgnpznQ61fifLWr1tQ-vA?view_as=subscriber"]},{"@type":"Person","@id":"https:\/\/mrnews.com.br\/#\/schema\/person\/be3203154562a9f207407861cef7827b","name":"MR News","image":{"@type":"ImageObject","inLanguage":"pt-BR","@id":"https:\/\/secure.gravatar.com\/avatar\/04084e6d73c042b8646e7c17b494073bf0ede3ea13c7105cfc45cbbbc28385a4?s=96&d=monsterid&r=g","url":"https:\/\/secure.gravatar.com\/avatar\/04084e6d73c042b8646e7c17b494073bf0ede3ea13c7105cfc45cbbbc28385a4?s=96&d=monsterid&r=g","contentUrl":"https:\/\/secure.gravatar.com\/avatar\/04084e6d73c042b8646e7c17b494073bf0ede3ea13c7105cfc45cbbbc28385a4?s=96&d=monsterid&r=g","caption":"MR News"},"description":"Especializado em jornalismo colaborativo pela FTP em n\u00edvel de p\u00f3s-gradua\u00e7\u00e3o. suporte@oimeliga.combr","sameAs":["HUGO R.","Admin"],"url":"https:\/\/mrnews.com.br\/index.php\/author\/admin\/"}]}},"jetpack_featured_media_url":"https:\/\/mrnews.com.br\/wp-content\/uploads\/2024\/09\/45cc27a5-ff33-446e-bbae-75533c908841.webp","jetpack_sharing_enabled":true,"jetpack_shortlink":"https:\/\/wp.me\/pa2Qf7-1OYU","amp_enabled":true,"_links":{"self":[{"href":"https:\/\/mrnews.com.br\/index.php\/wp-json\/wp\/v2\/posts\/434304","targetHints":{"allow":["GET"]}}],"collection":[{"href":"https:\/\/mrnews.com.br\/index.php\/wp-json\/wp\/v2\/posts"}],"about":[{"href":"https:\/\/mrnews.com.br\/index.php\/wp-json\/wp\/v2\/types\/post"}],"author":[{"embeddable":true,"href":"https:\/\/mrnews.com.br\/index.php\/wp-json\/wp\/v2\/users\/1"}],"replies":[{"embeddable":true,"href":"https:\/\/mrnews.com.br\/index.php\/wp-json\/wp\/v2\/comments?post=434304"}],"version-history":[{"count":1,"href":"https:\/\/mrnews.com.br\/index.php\/wp-json\/wp\/v2\/posts\/434304\/revisions"}],"predecessor-version":[{"id":434305,"href":"https:\/\/mrnews.com.br\/index.php\/wp-json\/wp\/v2\/posts\/434304\/revisions\/434305"}],"wp:featuredmedia":[{"embeddable":true,"href":"https:\/\/mrnews.com.br\/index.php\/wp-json\/wp\/v2\/media\/428120"}],"wp:attachment":[{"href":"https:\/\/mrnews.com.br\/index.php\/wp-json\/wp\/v2\/media?parent=434304"}],"wp:term":[{"taxonomy":"category","embeddable":true,"href":"https:\/\/mrnews.com.br\/index.php\/wp-json\/wp\/v2\/categories?post=434304"},{"taxonomy":"post_tag","embeddable":true,"href":"https:\/\/mrnews.com.br\/index.php\/wp-json\/wp\/v2\/tags?post=434304"}],"curies":[{"name":"wp","href":"https:\/\/api.w.org\/{rel}","templated":true}]}}