{"id":434919,"date":"2025-02-02T07:00:48","date_gmt":"2025-02-02T10:00:48","guid":{"rendered":"https:\/\/mrnews.com.br\/?p=434919"},"modified":"2025-02-02T07:00:48","modified_gmt":"2025-02-02T10:00:48","slug":"quais-filmes-vao-passar-segunda-03-02-na-globo-sessao-da-tarde-e-tela-quente-que-horas-comeca-sinopse","status":"publish","type":"post","link":"https:\/\/mrnews.com.br\/index.php\/2025\/02\/02\/quais-filmes-vao-passar-segunda-03-02-na-globo-sessao-da-tarde-e-tela-quente-que-horas-comeca-sinopse\/","title":{"rendered":"Quais filmes v\u00e3o passar Segunda (03\/02) na Globo? SESS\u00c3O DA TARDE E TELA QUENTE &#8211; QUE HORAS COME\u00c7A, Sinopse"},"content":{"rendered":"<p>COnfira a programa\u00e7\u00e3o da Globo\u00a0 <strong>hoje, 03\/02\/<\/strong><strong>2024 e que horas come\u00e7am os filmes de hoje.\u00a0<\/strong><\/p>\n<h2><strong>Filmes da Globo nesta segunda-feira (03\/02\/2025): Sess\u00e3o da Tarde e Tela Quente<\/strong><\/h2>\n<p>A <strong>Globo<\/strong> preparou uma programa\u00e7\u00e3o especial para esta <strong>segunda-feira, 3 de fevereiro de 2025<\/strong>, com filmes emocionantes na <strong>Sess\u00e3o da Tarde<\/strong> e na <strong>Tela Quente<\/strong>. O p\u00fablico poder\u00e1 se emocionar com um drama m\u00e1gico na parte da tarde e curtir uma com\u00e9dia brasileira in\u00e9dita no hor\u00e1rio nobre.<\/p>\n<h2><strong>Sess\u00e3o da Tarde \u2013 &#8220;A Estranha Vida de Timothy Green&#8221;<\/strong><\/h2>\n<ul>\n<li><strong>T\u00edtulo Original:<\/strong> The Odd Life of Timothy Green<\/li>\n<li><strong>Pa\u00eds de Origem:<\/strong> Estados Unidos<\/li>\n<li><strong>Ano de Produ\u00e7\u00e3o:<\/strong> 2012<\/li>\n<li><strong>Dire\u00e7\u00e3o:<\/strong> Peter Hedges<\/li>\n<li><strong>Elenco:<\/strong> Jennifer Garner, Joel Edgerton, CJ Adams, Dianne Wiest, Rosemarie Dewitt, Odeya Rush<\/li>\n<li><strong>G\u00eanero:<\/strong> Drama<\/li>\n<\/ul>\n<h3><strong>Sinopse<\/strong><\/h3>\n<p>O casal <strong>Cindy<\/strong> (Jennifer Garner) e <strong>Jim Green<\/strong> (Joel Edgerton) est\u00e1 devastado ao descobrir que n\u00e3o pode ter filhos. Em um momento de tristeza, eles escrevem os desejos de como seria seu filho ideal e enterram as anota\u00e7\u00f5es no quintal. Na manh\u00e3 seguinte, um menino misterioso chamado <strong>Timothy<\/strong> (CJ Adams) surge em sua casa, transformando suas vidas de maneira inesperada.<\/p>\n<p>O longa mistura <strong>fantasia e emo\u00e7\u00e3o<\/strong>, trazendo uma mensagem inspiradora sobre fam\u00edlia, amor e aceita\u00e7\u00e3o.<\/p>\n<hr \/>\n<h2><strong>Tela Quente \u2013 &#8220;Vatap\u00e1 Ou Mani\u00e7oba&#8221;<\/strong><\/h2>\n<ul>\n<li><strong>T\u00edtulo Original:<\/strong> Vatap\u00e1 Ou Mani\u00e7oba<\/li>\n<li><strong>Pa\u00eds de Origem:<\/strong> Brasil<\/li>\n<li><strong>Ano de Produ\u00e7\u00e3o:<\/strong> 2024<\/li>\n<li><strong>Dire\u00e7\u00e3o:<\/strong> Fernando Segtowick<\/li>\n<li><strong>Elenco:<\/strong> Iza Moreira, Adriano Barroso, Astrea Lucena<\/li>\n<li><strong>G\u00eanero:<\/strong> Drama, Com\u00e9dia<\/li>\n<\/ul>\n<h3><strong>Sinopse<\/strong><\/h3>\n<p>No centro da trama est\u00e1 <strong>Marcely<\/strong> (Iza Moreira), uma jovem que se muda para a casa do pai <strong>Jurandir<\/strong> (Adriano Barroso) e da av\u00f3 <strong>Ana<\/strong> (Astrea Lucena). Al\u00e9m dos desafios da nova rotina familiar, ela est\u00e1 determinada a se destacar em sua <strong>primeira batalha de MCs<\/strong>, mergulhando no universo do rap enquanto enfrenta quest\u00f5es culturais e familiares.<\/p>\n<p>O filme mistura <strong>drama e com\u00e9dia<\/strong>, trazendo uma abordagem leve e emocionante sobre <strong>identidade, pertencimento e sonhos<\/strong>.<\/p>\n<hr \/>\n<p>A Globo aposta em <strong>hist\u00f3rias emocionantes e inspiradoras<\/strong> para a programa\u00e7\u00e3o desta segunda-feira. Enquanto a <strong>Sess\u00e3o da Tarde<\/strong> traz um drama m\u00e1gico e reflexivo, a <strong>Tela Quente<\/strong> apresenta uma produ\u00e7\u00e3o nacional que promete encantar o p\u00fablico com m\u00fasica, cultura e rela\u00e7\u00f5es familiares.<\/p>\n<p>Prepare a pipoca e aproveite os filmes do dia!<\/p>\n","protected":false},"excerpt":{"rendered":"<p>COnfira a programa\u00e7\u00e3o da Globo\u00a0 hoje, 03\/02\/2024 e que horas come\u00e7am os filmes de hoje.\u00a0 Filmes da Globo nesta segunda-feira (03\/02\/2025): Sess\u00e3o da Tarde e Tela Quente A Globo preparou uma programa\u00e7\u00e3o especial para esta segunda-feira, 3 de fevereiro de 2025, com filmes emocionantes na Sess\u00e3o da Tarde e na Tela Quente. O p\u00fablico poder\u00e1 &hellip;<\/p>\n","protected":false},"author":1,"featured_media":229430,"comment_status":"open","ping_status":"open","sticky":false,"template":"","format":"standard","meta":{"_jetpack_memberships_contains_paid_content":false,"footnotes":""},"categories":[7147,4365,6363,5564],"tags":[],"class_list":["post-434919","post","type-post","status-publish","format-standard","has-post-thumbnail","hentry","category-globo","category-supercine","category-tela-quente","category-temperatura-maxima"],"yoast_head":"<!-- This site is optimized with the Yoast SEO plugin v27.5 - https:\/\/yoast.com\/product\/yoast-seo-wordpress\/ -->\n<title>Quais filmes v\u00e3o passar Segunda (03\/02) na Globo? SESS\u00c3O DA TARDE E TELA QUENTE - QUE HORAS COME\u00c7A, Sinopse<\/title>\n<meta name=\"robots\" content=\"index, follow, max-snippet:-1, max-image-preview:large, max-video-preview:-1\" \/>\n<link rel=\"canonical\" href=\"https:\/\/mrnews.com.br\/index.php\/2025\/02\/02\/quais-filmes-vao-passar-segunda-03-02-na-globo-sessao-da-tarde-e-tela-quente-que-horas-comeca-sinopse\/\" \/>\n<meta property=\"og:locale\" content=\"pt_BR\" \/>\n<meta property=\"og:type\" content=\"article\" \/>\n<meta property=\"og:title\" content=\"Quais filmes v\u00e3o passar Segunda (03\/02) na Globo? SESS\u00c3O DA TARDE E TELA QUENTE - QUE HORAS COME\u00c7A, Sinopse\" \/>\n<meta property=\"og:description\" content=\"COnfira a programa\u00e7\u00e3o da Globo\u00a0 hoje, 03\/02\/2024 e que horas come\u00e7am os filmes de hoje.\u00a0 Filmes da Globo nesta segunda-feira (03\/02\/2025): Sess\u00e3o da Tarde e Tela Quente A Globo preparou uma programa\u00e7\u00e3o especial para esta segunda-feira, 3 de fevereiro de 2025, com filmes emocionantes na Sess\u00e3o da Tarde e na Tela Quente. O p\u00fablico poder\u00e1 &hellip;\" \/>\n<meta property=\"og:url\" content=\"https:\/\/mrnews.com.br\/index.php\/2025\/02\/02\/quais-filmes-vao-passar-segunda-03-02-na-globo-sessao-da-tarde-e-tela-quente-que-horas-comeca-sinopse\/\" \/>\n<meta property=\"og:site_name\" content=\"MRNews\" \/>\n<meta property=\"article:publisher\" content=\"https:\/\/www.facebook.com\/eaipahpah\/?locale2=pt_BR\" \/>\n<meta property=\"article:published_time\" content=\"2025-02-02T10:00:48+00:00\" \/>\n<meta property=\"og:image\" content=\"https:\/\/mrnews.com.br\/wp-content\/uploads\/2020\/07\/Tela-Quente-SEss\u00e3o-da-Tarde-e-Coruj\u00e3o-filmes-desta-segunda-feira-na-Globo.jpg\" \/>\n\t<meta property=\"og:image:width\" content=\"1488\" \/>\n\t<meta property=\"og:image:height\" content=\"878\" \/>\n\t<meta property=\"og:image:type\" content=\"image\/jpeg\" \/>\n<meta name=\"author\" content=\"MR News\" \/>\n<meta name=\"twitter:card\" content=\"summary_large_image\" \/>\n<meta name=\"twitter:creator\" content=\"@conspirou\" \/>\n<meta name=\"twitter:site\" content=\"@conspirou\" \/>\n<meta name=\"twitter:label1\" content=\"Escrito por\" \/>\n\t<meta name=\"twitter:data1\" content=\"MR News\" \/>\n\t<meta name=\"twitter:label2\" content=\"Est. tempo de leitura\" \/>\n\t<meta name=\"twitter:data2\" content=\"3 minutos\" \/>\n<script type=\"application\/ld+json\" class=\"yoast-schema-graph\">{\"@context\":\"https:\\\/\\\/schema.org\",\"@graph\":[{\"@type\":\"Article\",\"@id\":\"https:\\\/\\\/mrnews.com.br\\\/index.php\\\/2025\\\/02\\\/02\\\/quais-filmes-vao-passar-segunda-03-02-na-globo-sessao-da-tarde-e-tela-quente-que-horas-comeca-sinopse\\\/#article\",\"isPartOf\":{\"@id\":\"https:\\\/\\\/mrnews.com.br\\\/index.php\\\/2025\\\/02\\\/02\\\/quais-filmes-vao-passar-segunda-03-02-na-globo-sessao-da-tarde-e-tela-quente-que-horas-comeca-sinopse\\\/\"},\"author\":{\"name\":\"MR News\",\"@id\":\"https:\\\/\\\/mrnews.com.br\\\/#\\\/schema\\\/person\\\/be3203154562a9f207407861cef7827b\"},\"headline\":\"Quais filmes v\u00e3o passar Segunda (03\\\/02) na Globo? SESS\u00c3O DA TARDE E TELA QUENTE &#8211; QUE HORAS COME\u00c7A, Sinopse\",\"datePublished\":\"2025-02-02T10:00:48+00:00\",\"mainEntityOfPage\":{\"@id\":\"https:\\\/\\\/mrnews.com.br\\\/index.php\\\/2025\\\/02\\\/02\\\/quais-filmes-vao-passar-segunda-03-02-na-globo-sessao-da-tarde-e-tela-quente-que-horas-comeca-sinopse\\\/\"},\"wordCount\":406,\"commentCount\":0,\"publisher\":{\"@id\":\"https:\\\/\\\/mrnews.com.br\\\/#organization\"},\"image\":{\"@id\":\"https:\\\/\\\/mrnews.com.br\\\/index.php\\\/2025\\\/02\\\/02\\\/quais-filmes-vao-passar-segunda-03-02-na-globo-sessao-da-tarde-e-tela-quente-que-horas-comeca-sinopse\\\/#primaryimage\"},\"thumbnailUrl\":\"https:\\\/\\\/mrnews.com.br\\\/wp-content\\\/uploads\\\/2020\\\/07\\\/Tela-Quente-SEss\u00e3o-da-Tarde-e-Coruj\u00e3o-filmes-desta-segunda-feira-na-Globo.jpg\",\"articleSection\":[\"Programa\u00e7\u00e3o da Globo\",\"Supercine\",\"Tela Quente\",\"TEMPERATURA M\u00c1XIMA\"],\"inLanguage\":\"pt-BR\",\"potentialAction\":[{\"@type\":\"CommentAction\",\"name\":\"Comment\",\"target\":[\"https:\\\/\\\/mrnews.com.br\\\/index.php\\\/2025\\\/02\\\/02\\\/quais-filmes-vao-passar-segunda-03-02-na-globo-sessao-da-tarde-e-tela-quente-que-horas-comeca-sinopse\\\/#respond\"]}]},{\"@type\":\"WebPage\",\"@id\":\"https:\\\/\\\/mrnews.com.br\\\/index.php\\\/2025\\\/02\\\/02\\\/quais-filmes-vao-passar-segunda-03-02-na-globo-sessao-da-tarde-e-tela-quente-que-horas-comeca-sinopse\\\/\",\"url\":\"https:\\\/\\\/mrnews.com.br\\\/index.php\\\/2025\\\/02\\\/02\\\/quais-filmes-vao-passar-segunda-03-02-na-globo-sessao-da-tarde-e-tela-quente-que-horas-comeca-sinopse\\\/\",\"name\":\"Quais filmes v\u00e3o passar Segunda (03\\\/02) na Globo? SESS\u00c3O DA TARDE E TELA QUENTE - QUE HORAS COME\u00c7A, Sinopse\",\"isPartOf\":{\"@id\":\"https:\\\/\\\/mrnews.com.br\\\/#website\"},\"primaryImageOfPage\":{\"@id\":\"https:\\\/\\\/mrnews.com.br\\\/index.php\\\/2025\\\/02\\\/02\\\/quais-filmes-vao-passar-segunda-03-02-na-globo-sessao-da-tarde-e-tela-quente-que-horas-comeca-sinopse\\\/#primaryimage\"},\"image\":{\"@id\":\"https:\\\/\\\/mrnews.com.br\\\/index.php\\\/2025\\\/02\\\/02\\\/quais-filmes-vao-passar-segunda-03-02-na-globo-sessao-da-tarde-e-tela-quente-que-horas-comeca-sinopse\\\/#primaryimage\"},\"thumbnailUrl\":\"https:\\\/\\\/mrnews.com.br\\\/wp-content\\\/uploads\\\/2020\\\/07\\\/Tela-Quente-SEss\u00e3o-da-Tarde-e-Coruj\u00e3o-filmes-desta-segunda-feira-na-Globo.jpg\",\"datePublished\":\"2025-02-02T10:00:48+00:00\",\"breadcrumb\":{\"@id\":\"https:\\\/\\\/mrnews.com.br\\\/index.php\\\/2025\\\/02\\\/02\\\/quais-filmes-vao-passar-segunda-03-02-na-globo-sessao-da-tarde-e-tela-quente-que-horas-comeca-sinopse\\\/#breadcrumb\"},\"inLanguage\":\"pt-BR\",\"potentialAction\":[{\"@type\":\"ReadAction\",\"target\":[\"https:\\\/\\\/mrnews.com.br\\\/index.php\\\/2025\\\/02\\\/02\\\/quais-filmes-vao-passar-segunda-03-02-na-globo-sessao-da-tarde-e-tela-quente-que-horas-comeca-sinopse\\\/\"]}]},{\"@type\":\"ImageObject\",\"inLanguage\":\"pt-BR\",\"@id\":\"https:\\\/\\\/mrnews.com.br\\\/index.php\\\/2025\\\/02\\\/02\\\/quais-filmes-vao-passar-segunda-03-02-na-globo-sessao-da-tarde-e-tela-quente-que-horas-comeca-sinopse\\\/#primaryimage\",\"url\":\"https:\\\/\\\/mrnews.com.br\\\/wp-content\\\/uploads\\\/2020\\\/07\\\/Tela-Quente-SEss\u00e3o-da-Tarde-e-Coruj\u00e3o-filmes-desta-segunda-feira-na-Globo.jpg\",\"contentUrl\":\"https:\\\/\\\/mrnews.com.br\\\/wp-content\\\/uploads\\\/2020\\\/07\\\/Tela-Quente-SEss\u00e3o-da-Tarde-e-Coruj\u00e3o-filmes-desta-segunda-feira-na-Globo.jpg\",\"width\":1488,\"height\":878,\"caption\":\"Tela Quente SEss\u00e3o da Tarde e Coruj\u00e3o, filmes desta segunda-feira na Globo\"},{\"@type\":\"BreadcrumbList\",\"@id\":\"https:\\\/\\\/mrnews.com.br\\\/index.php\\\/2025\\\/02\\\/02\\\/quais-filmes-vao-passar-segunda-03-02-na-globo-sessao-da-tarde-e-tela-quente-que-horas-comeca-sinopse\\\/#breadcrumb\",\"itemListElement\":[{\"@type\":\"ListItem\",\"position\":1,\"name\":\"In\u00edcio\",\"item\":\"https:\\\/\\\/mrnews.com.br\\\/\"},{\"@type\":\"ListItem\",\"position\":2,\"name\":\"Quais filmes v\u00e3o passar Segunda (03\\\/02) na Globo? SESS\u00c3O DA TARDE E TELA QUENTE &#8211; QUE HORAS COME\u00c7A, Sinopse\"}]},{\"@type\":\"WebSite\",\"@id\":\"https:\\\/\\\/mrnews.com.br\\\/#website\",\"url\":\"https:\\\/\\\/mrnews.com.br\\\/\",\"name\":\"MRNews\",\"description\":\"MRNews Jogos de hoje da TV, transmiss\u00f5es ao vivo, Not\u00edcias de futebol, Jogos ao vivo, Lives, resumo de novelas, Programa\u00e7\u00e3o da Globo, A Fazenda e BBB\",\"publisher\":{\"@id\":\"https:\\\/\\\/mrnews.com.br\\\/#organization\"},\"potentialAction\":[{\"@type\":\"SearchAction\",\"target\":{\"@type\":\"EntryPoint\",\"urlTemplate\":\"https:\\\/\\\/mrnews.com.br\\\/?s={search_term_string}\"},\"query-input\":{\"@type\":\"PropertyValueSpecification\",\"valueRequired\":true,\"valueName\":\"search_term_string\"}}],\"inLanguage\":\"pt-BR\"},{\"@type\":\"Organization\",\"@id\":\"https:\\\/\\\/mrnews.com.br\\\/#organization\",\"name\":\"MRNews\",\"url\":\"https:\\\/\\\/mrnews.com.br\\\/\",\"logo\":{\"@type\":\"ImageObject\",\"inLanguage\":\"pt-BR\",\"@id\":\"https:\\\/\\\/mrnews.com.br\\\/#\\\/schema\\\/logo\\\/image\\\/\",\"url\":\"https:\\\/\\\/mrnews.com.br\\\/wp-content\\\/uploads\\\/2019\\\/06\\\/MRNewslogo2.png\",\"contentUrl\":\"https:\\\/\\\/mrnews.com.br\\\/wp-content\\\/uploads\\\/2019\\\/06\\\/MRNewslogo2.png\",\"width\":223,\"height\":58,\"caption\":\"MRNews\"},\"image\":{\"@id\":\"https:\\\/\\\/mrnews.com.br\\\/#\\\/schema\\\/logo\\\/image\\\/\"},\"sameAs\":[\"https:\\\/\\\/www.facebook.com\\\/eaipahpah\\\/?locale2=pt_BR\",\"https:\\\/\\\/x.com\\\/conspirou\",\"https:\\\/\\\/www.instagram.com\\\/eai_pahpah\",\"https:\\\/\\\/br.pinterest.com\\\/mrnewsn\\\/boards\\\/\",\"https:\\\/\\\/www.youtube.com\\\/channel\\\/UCacgnpznQ61fifLWr1tQ-vA?view_as=subscriber\"]},{\"@type\":\"Person\",\"@id\":\"https:\\\/\\\/mrnews.com.br\\\/#\\\/schema\\\/person\\\/be3203154562a9f207407861cef7827b\",\"name\":\"MR News\",\"image\":{\"@type\":\"ImageObject\",\"inLanguage\":\"pt-BR\",\"@id\":\"https:\\\/\\\/secure.gravatar.com\\\/avatar\\\/04084e6d73c042b8646e7c17b494073bf0ede3ea13c7105cfc45cbbbc28385a4?s=96&d=monsterid&r=g\",\"url\":\"https:\\\/\\\/secure.gravatar.com\\\/avatar\\\/04084e6d73c042b8646e7c17b494073bf0ede3ea13c7105cfc45cbbbc28385a4?s=96&d=monsterid&r=g\",\"contentUrl\":\"https:\\\/\\\/secure.gravatar.com\\\/avatar\\\/04084e6d73c042b8646e7c17b494073bf0ede3ea13c7105cfc45cbbbc28385a4?s=96&d=monsterid&r=g\",\"caption\":\"MR News\"},\"description\":\"Especializado em jornalismo colaborativo pela FTP em n\u00edvel de p\u00f3s-gradua\u00e7\u00e3o. suporte@oimeliga.combr\",\"sameAs\":[\"HUGO R.\",\"Admin\"],\"url\":\"https:\\\/\\\/mrnews.com.br\\\/index.php\\\/author\\\/admin\\\/\"}]}<\/script>\n<!-- \/ Yoast SEO plugin. -->","yoast_head_json":{"title":"Quais filmes v\u00e3o passar Segunda (03\/02) na Globo? SESS\u00c3O DA TARDE E TELA QUENTE - QUE HORAS COME\u00c7A, Sinopse","robots":{"index":"index","follow":"follow","max-snippet":"max-snippet:-1","max-image-preview":"max-image-preview:large","max-video-preview":"max-video-preview:-1"},"canonical":"https:\/\/mrnews.com.br\/index.php\/2025\/02\/02\/quais-filmes-vao-passar-segunda-03-02-na-globo-sessao-da-tarde-e-tela-quente-que-horas-comeca-sinopse\/","og_locale":"pt_BR","og_type":"article","og_title":"Quais filmes v\u00e3o passar Segunda (03\/02) na Globo? SESS\u00c3O DA TARDE E TELA QUENTE - QUE HORAS COME\u00c7A, Sinopse","og_description":"COnfira a programa\u00e7\u00e3o da Globo\u00a0 hoje, 03\/02\/2024 e que horas come\u00e7am os filmes de hoje.\u00a0 Filmes da Globo nesta segunda-feira (03\/02\/2025): Sess\u00e3o da Tarde e Tela Quente A Globo preparou uma programa\u00e7\u00e3o especial para esta segunda-feira, 3 de fevereiro de 2025, com filmes emocionantes na Sess\u00e3o da Tarde e na Tela Quente. O p\u00fablico poder\u00e1 &hellip;","og_url":"https:\/\/mrnews.com.br\/index.php\/2025\/02\/02\/quais-filmes-vao-passar-segunda-03-02-na-globo-sessao-da-tarde-e-tela-quente-que-horas-comeca-sinopse\/","og_site_name":"MRNews","article_publisher":"https:\/\/www.facebook.com\/eaipahpah\/?locale2=pt_BR","article_published_time":"2025-02-02T10:00:48+00:00","og_image":[{"width":1488,"height":878,"url":"https:\/\/mrnews.com.br\/wp-content\/uploads\/2020\/07\/Tela-Quente-SEss\u00e3o-da-Tarde-e-Coruj\u00e3o-filmes-desta-segunda-feira-na-Globo.jpg","type":"image\/jpeg"}],"author":"MR News","twitter_card":"summary_large_image","twitter_creator":"@conspirou","twitter_site":"@conspirou","twitter_misc":{"Escrito por":"MR News","Est. tempo de leitura":"3 minutos"},"schema":{"@context":"https:\/\/schema.org","@graph":[{"@type":"Article","@id":"https:\/\/mrnews.com.br\/index.php\/2025\/02\/02\/quais-filmes-vao-passar-segunda-03-02-na-globo-sessao-da-tarde-e-tela-quente-que-horas-comeca-sinopse\/#article","isPartOf":{"@id":"https:\/\/mrnews.com.br\/index.php\/2025\/02\/02\/quais-filmes-vao-passar-segunda-03-02-na-globo-sessao-da-tarde-e-tela-quente-que-horas-comeca-sinopse\/"},"author":{"name":"MR News","@id":"https:\/\/mrnews.com.br\/#\/schema\/person\/be3203154562a9f207407861cef7827b"},"headline":"Quais filmes v\u00e3o passar Segunda (03\/02) na Globo? SESS\u00c3O DA TARDE E TELA QUENTE &#8211; QUE HORAS COME\u00c7A, Sinopse","datePublished":"2025-02-02T10:00:48+00:00","mainEntityOfPage":{"@id":"https:\/\/mrnews.com.br\/index.php\/2025\/02\/02\/quais-filmes-vao-passar-segunda-03-02-na-globo-sessao-da-tarde-e-tela-quente-que-horas-comeca-sinopse\/"},"wordCount":406,"commentCount":0,"publisher":{"@id":"https:\/\/mrnews.com.br\/#organization"},"image":{"@id":"https:\/\/mrnews.com.br\/index.php\/2025\/02\/02\/quais-filmes-vao-passar-segunda-03-02-na-globo-sessao-da-tarde-e-tela-quente-que-horas-comeca-sinopse\/#primaryimage"},"thumbnailUrl":"https:\/\/mrnews.com.br\/wp-content\/uploads\/2020\/07\/Tela-Quente-SEss\u00e3o-da-Tarde-e-Coruj\u00e3o-filmes-desta-segunda-feira-na-Globo.jpg","articleSection":["Programa\u00e7\u00e3o da Globo","Supercine","Tela Quente","TEMPERATURA M\u00c1XIMA"],"inLanguage":"pt-BR","potentialAction":[{"@type":"CommentAction","name":"Comment","target":["https:\/\/mrnews.com.br\/index.php\/2025\/02\/02\/quais-filmes-vao-passar-segunda-03-02-na-globo-sessao-da-tarde-e-tela-quente-que-horas-comeca-sinopse\/#respond"]}]},{"@type":"WebPage","@id":"https:\/\/mrnews.com.br\/index.php\/2025\/02\/02\/quais-filmes-vao-passar-segunda-03-02-na-globo-sessao-da-tarde-e-tela-quente-que-horas-comeca-sinopse\/","url":"https:\/\/mrnews.com.br\/index.php\/2025\/02\/02\/quais-filmes-vao-passar-segunda-03-02-na-globo-sessao-da-tarde-e-tela-quente-que-horas-comeca-sinopse\/","name":"Quais filmes v\u00e3o passar Segunda (03\/02) na Globo? SESS\u00c3O DA TARDE E TELA QUENTE - QUE HORAS COME\u00c7A, Sinopse","isPartOf":{"@id":"https:\/\/mrnews.com.br\/#website"},"primaryImageOfPage":{"@id":"https:\/\/mrnews.com.br\/index.php\/2025\/02\/02\/quais-filmes-vao-passar-segunda-03-02-na-globo-sessao-da-tarde-e-tela-quente-que-horas-comeca-sinopse\/#primaryimage"},"image":{"@id":"https:\/\/mrnews.com.br\/index.php\/2025\/02\/02\/quais-filmes-vao-passar-segunda-03-02-na-globo-sessao-da-tarde-e-tela-quente-que-horas-comeca-sinopse\/#primaryimage"},"thumbnailUrl":"https:\/\/mrnews.com.br\/wp-content\/uploads\/2020\/07\/Tela-Quente-SEss\u00e3o-da-Tarde-e-Coruj\u00e3o-filmes-desta-segunda-feira-na-Globo.jpg","datePublished":"2025-02-02T10:00:48+00:00","breadcrumb":{"@id":"https:\/\/mrnews.com.br\/index.php\/2025\/02\/02\/quais-filmes-vao-passar-segunda-03-02-na-globo-sessao-da-tarde-e-tela-quente-que-horas-comeca-sinopse\/#breadcrumb"},"inLanguage":"pt-BR","potentialAction":[{"@type":"ReadAction","target":["https:\/\/mrnews.com.br\/index.php\/2025\/02\/02\/quais-filmes-vao-passar-segunda-03-02-na-globo-sessao-da-tarde-e-tela-quente-que-horas-comeca-sinopse\/"]}]},{"@type":"ImageObject","inLanguage":"pt-BR","@id":"https:\/\/mrnews.com.br\/index.php\/2025\/02\/02\/quais-filmes-vao-passar-segunda-03-02-na-globo-sessao-da-tarde-e-tela-quente-que-horas-comeca-sinopse\/#primaryimage","url":"https:\/\/mrnews.com.br\/wp-content\/uploads\/2020\/07\/Tela-Quente-SEss\u00e3o-da-Tarde-e-Coruj\u00e3o-filmes-desta-segunda-feira-na-Globo.jpg","contentUrl":"https:\/\/mrnews.com.br\/wp-content\/uploads\/2020\/07\/Tela-Quente-SEss\u00e3o-da-Tarde-e-Coruj\u00e3o-filmes-desta-segunda-feira-na-Globo.jpg","width":1488,"height":878,"caption":"Tela Quente SEss\u00e3o da Tarde e Coruj\u00e3o, filmes desta segunda-feira na Globo"},{"@type":"BreadcrumbList","@id":"https:\/\/mrnews.com.br\/index.php\/2025\/02\/02\/quais-filmes-vao-passar-segunda-03-02-na-globo-sessao-da-tarde-e-tela-quente-que-horas-comeca-sinopse\/#breadcrumb","itemListElement":[{"@type":"ListItem","position":1,"name":"In\u00edcio","item":"https:\/\/mrnews.com.br\/"},{"@type":"ListItem","position":2,"name":"Quais filmes v\u00e3o passar Segunda (03\/02) na Globo? SESS\u00c3O DA TARDE E TELA QUENTE &#8211; QUE HORAS COME\u00c7A, Sinopse"}]},{"@type":"WebSite","@id":"https:\/\/mrnews.com.br\/#website","url":"https:\/\/mrnews.com.br\/","name":"MRNews","description":"MRNews Jogos de hoje da TV, transmiss\u00f5es ao vivo, Not\u00edcias de futebol, Jogos ao vivo, Lives, resumo de novelas, Programa\u00e7\u00e3o da Globo, A Fazenda e BBB","publisher":{"@id":"https:\/\/mrnews.com.br\/#organization"},"potentialAction":[{"@type":"SearchAction","target":{"@type":"EntryPoint","urlTemplate":"https:\/\/mrnews.com.br\/?s={search_term_string}"},"query-input":{"@type":"PropertyValueSpecification","valueRequired":true,"valueName":"search_term_string"}}],"inLanguage":"pt-BR"},{"@type":"Organization","@id":"https:\/\/mrnews.com.br\/#organization","name":"MRNews","url":"https:\/\/mrnews.com.br\/","logo":{"@type":"ImageObject","inLanguage":"pt-BR","@id":"https:\/\/mrnews.com.br\/#\/schema\/logo\/image\/","url":"https:\/\/mrnews.com.br\/wp-content\/uploads\/2019\/06\/MRNewslogo2.png","contentUrl":"https:\/\/mrnews.com.br\/wp-content\/uploads\/2019\/06\/MRNewslogo2.png","width":223,"height":58,"caption":"MRNews"},"image":{"@id":"https:\/\/mrnews.com.br\/#\/schema\/logo\/image\/"},"sameAs":["https:\/\/www.facebook.com\/eaipahpah\/?locale2=pt_BR","https:\/\/x.com\/conspirou","https:\/\/www.instagram.com\/eai_pahpah","https:\/\/br.pinterest.com\/mrnewsn\/boards\/","https:\/\/www.youtube.com\/channel\/UCacgnpznQ61fifLWr1tQ-vA?view_as=subscriber"]},{"@type":"Person","@id":"https:\/\/mrnews.com.br\/#\/schema\/person\/be3203154562a9f207407861cef7827b","name":"MR News","image":{"@type":"ImageObject","inLanguage":"pt-BR","@id":"https:\/\/secure.gravatar.com\/avatar\/04084e6d73c042b8646e7c17b494073bf0ede3ea13c7105cfc45cbbbc28385a4?s=96&d=monsterid&r=g","url":"https:\/\/secure.gravatar.com\/avatar\/04084e6d73c042b8646e7c17b494073bf0ede3ea13c7105cfc45cbbbc28385a4?s=96&d=monsterid&r=g","contentUrl":"https:\/\/secure.gravatar.com\/avatar\/04084e6d73c042b8646e7c17b494073bf0ede3ea13c7105cfc45cbbbc28385a4?s=96&d=monsterid&r=g","caption":"MR News"},"description":"Especializado em jornalismo colaborativo pela FTP em n\u00edvel de p\u00f3s-gradua\u00e7\u00e3o. suporte@oimeliga.combr","sameAs":["HUGO R.","Admin"],"url":"https:\/\/mrnews.com.br\/index.php\/author\/admin\/"}]}},"jetpack_featured_media_url":"https:\/\/mrnews.com.br\/wp-content\/uploads\/2020\/07\/Tela-Quente-SEss\u00e3o-da-Tarde-e-Coruj\u00e3o-filmes-desta-segunda-feira-na-Globo.jpg","jetpack_sharing_enabled":true,"jetpack_shortlink":"https:\/\/wp.me\/pa2Qf7-1P8P","amp_enabled":true,"_links":{"self":[{"href":"https:\/\/mrnews.com.br\/index.php\/wp-json\/wp\/v2\/posts\/434919","targetHints":{"allow":["GET"]}}],"collection":[{"href":"https:\/\/mrnews.com.br\/index.php\/wp-json\/wp\/v2\/posts"}],"about":[{"href":"https:\/\/mrnews.com.br\/index.php\/wp-json\/wp\/v2\/types\/post"}],"author":[{"embeddable":true,"href":"https:\/\/mrnews.com.br\/index.php\/wp-json\/wp\/v2\/users\/1"}],"replies":[{"embeddable":true,"href":"https:\/\/mrnews.com.br\/index.php\/wp-json\/wp\/v2\/comments?post=434919"}],"version-history":[{"count":1,"href":"https:\/\/mrnews.com.br\/index.php\/wp-json\/wp\/v2\/posts\/434919\/revisions"}],"predecessor-version":[{"id":434920,"href":"https:\/\/mrnews.com.br\/index.php\/wp-json\/wp\/v2\/posts\/434919\/revisions\/434920"}],"wp:featuredmedia":[{"embeddable":true,"href":"https:\/\/mrnews.com.br\/index.php\/wp-json\/wp\/v2\/media\/229430"}],"wp:attachment":[{"href":"https:\/\/mrnews.com.br\/index.php\/wp-json\/wp\/v2\/media?parent=434919"}],"wp:term":[{"taxonomy":"category","embeddable":true,"href":"https:\/\/mrnews.com.br\/index.php\/wp-json\/wp\/v2\/categories?post=434919"},{"taxonomy":"post_tag","embeddable":true,"href":"https:\/\/mrnews.com.br\/index.php\/wp-json\/wp\/v2\/tags?post=434919"}],"curies":[{"name":"wp","href":"https:\/\/api.w.org\/{rel}","templated":true}]}}