{"id":436002,"date":"2025-02-22T14:25:29","date_gmt":"2025-02-22T17:25:29","guid":{"rendered":"https:\/\/mrnews.com.br\/?p=436002"},"modified":"2025-02-22T14:25:29","modified_gmt":"2025-02-22T17:25:29","slug":"novo-reforco-e-novo-patrocinador-benjamin-garre-apresenta-nova-parceria-do-vasco","status":"publish","type":"post","link":"https:\/\/mrnews.com.br\/index.php\/2025\/02\/22\/novo-reforco-e-novo-patrocinador-benjamin-garre-apresenta-nova-parceria-do-vasco\/","title":{"rendered":"Novo Refor\u00e7o e Novo Patrocinador, Benjamin Garr\u00e9 Apresenta nova Parceria do Vasco"},"content":{"rendered":"<p>Fonte: <a href=\"https:\/\/vasconet.com.br\">Site de Not\u00edcias do Vasco<\/a><\/p>\n<p><strong>&#8220;Novo Refor\u00e7o e Novo Patrocinador: Benjamin Garr\u00e9 Apresenta Parceria do Vasco com Moto Chefe&#8221;<\/strong><\/p>\n<p>A chegada do atacante <strong>Benjam\u00edn Garr\u00e9<\/strong> ao Vasco da Gama trouxe uma novidade al\u00e9m do refor\u00e7o dentro de campo. Durante sua apresenta\u00e7\u00e3o oficial, chamou aten\u00e7\u00e3o o detalhe no ombro da camisa do jogador: o <strong>novo patrocinador do clube, a Moto Chefe<\/strong>.<\/p>\n<p>A empresa, especializada na venda de <strong>motos el\u00e9tricas<\/strong>, firmou parceria com o Cruzmaltino e agora estampa sua marca no uniforme da equipe. A novidade foi inicialmente antecipada pelo perfil <strong>@juninho_mdg<\/strong>, e p\u00f4de ser confirmada nas imagens de Garr\u00e9 vestindo a camisa vasca\u00edna.<\/p>\n<h3><strong>Moto Chefe e Vasco: Sustentabilidade e Mobilidade<\/strong><\/h3>\n<p>A Moto Chefe \u00e9 uma marca focada em solu\u00e7\u00f5es de mobilidade sustent\u00e1vel, com a comercializa\u00e7\u00e3o de <strong>motos el\u00e9tricas<\/strong> que oferecem alternativas econ\u00f4micas e ecologicamente corretas. A parceria com o Vasco demonstra um novo posicionamento do clube, que busca atrair patrocinadores alinhados com o futuro da tecnologia e da sustentabilidade.<\/p>\n<h3><strong>Benjamin Garr\u00e9 e as Expectativas no Vasco<\/strong><\/h3>\n<p>Al\u00e9m do novo patrocinador, o nome de <strong>Benjamin Garr\u00e9<\/strong> gera grandes expectativas na torcida. O argentino chega ao clube ap\u00f3s boa passagem pelo <strong>Krylya Sovetov, da R\u00fassia<\/strong>, onde teve <strong>12 participa\u00e7\u00f5es em gols na temporada 2023\/2024<\/strong>. Formado no V\u00e9lez e com passagem pelo <strong>Manchester City<\/strong>, o ponta-esquerda de 24 anos espera refor\u00e7ar o setor ofensivo do Vasco em 2025.<\/p>\n<p>A chegada de <strong>Garre e da Moto Chefe<\/strong> marca um novo momento no Vasco, tanto no futebol quanto fora dele. Agora, resta aos torcedores acompanharem de perto o impacto dessa parceria dentro e fora dos gramados.<\/p>\n<p><strong>&#8220;Benjamin Garre no Vasco: Um Novo Cap\u00edtulo ou Destino Tra\u00e7ado?&#8221;<\/strong><\/p>\n<p>O Vasco da Gama confirmou a contrata\u00e7\u00e3o do atacante <strong>Benjam\u00edn Garre<\/strong>, de 24 anos, em um contrato v\u00e1lido at\u00e9 dezembro de 2027. O argentino, que j\u00e1 passou por clubes importantes como V\u00e9lez Sarsfield, Racing e Manchester City, chega para refor\u00e7ar o setor ofensivo do Gigante da Colina na temporada de 2025.<\/p>\n<h3><strong>Trajet\u00f3ria Promissora<\/strong><\/h3>\n<p>Garre vem de uma linhagem de campe\u00f5es. Seu av\u00f4, <strong>Oscar Garre<\/strong>, fez parte da sele\u00e7\u00e3o argentina vencedora da Copa do Mundo de 1986. Seguindo os passos da fam\u00edlia, Benjam\u00edn iniciou sua forma\u00e7\u00e3o no V\u00e9lez Sarsfield antes de se transferir para o <strong>Manchester City<\/strong>, onde aprimorou suas habilidades.<\/p>\n<p>Como profissional, atuou no <strong>Racing e no Hurac\u00e1n<\/strong>, ambos da Argentina, antes de ser adquirido pelo <strong>Krylya Sovetov<\/strong>, da R\u00fassia. Foi no futebol russo que viveu a melhor fase da carreira, com <strong>12 participa\u00e7\u00f5es em gols na temporada 2023\/2024<\/strong>.<\/p>\n<h3><strong>O Que Esperar de Garre no Vasco?<\/strong><\/h3>\n<p>Com sua experi\u00eancia internacional e passagem por grandes clubes, Garre chega como uma aposta para fortalecer o ataque vasca\u00edno. Sua velocidade, dribles e capacidade de finaliza\u00e7\u00e3o podem ser diferenciais importantes para a equipe na busca por melhores resultados na temporada.<\/p>\n<p>A torcida, sempre exigente, aguarda para ver se o jogador ser\u00e1 apenas mais um refor\u00e7o ou se marcar\u00e1 seu nome na hist\u00f3ria do clube. O destino est\u00e1 tra\u00e7ado, ou ele escrever\u00e1 um novo cap\u00edtulo com a camisa cruzmaltina?<\/p>\n<h3><strong>Ficha T\u00e9cnica<\/strong><\/h3>\n<ul>\n<li><strong>Nome completo:<\/strong> Benjam\u00edn Ant\u00f4nio Garre<\/li>\n<li><strong>Data de nascimento:<\/strong> 11\/07\/2000 (24 anos)<\/li>\n<li><strong>Local de nascimento:<\/strong> Buenos Aires, Argentina<\/li>\n<li><strong>Posi\u00e7\u00e3o:<\/strong> Atacante \u2013 Ponta Esquerda<\/li>\n<li><strong>Clubes anteriores:<\/strong> V\u00e9lez Sarsfield (ARG), Manchester City (ING), Racing (ARG), Hurac\u00e1n (ARG), Krylya Sovetov (RUS)<\/li>\n<\/ul>\n<p>Agora, resta aos vasca\u00ednos acompanharem de perto se Benjam\u00edn Garre ser\u00e1 uma pe\u00e7a-chave na temporada ou mais um nome na longa lista de contrata\u00e7\u00f5es do clube.<\/p>\n<h3>Vasco negocia empr\u00e9stimo de Pedrinho com o Shakhtar Donetsk<\/h3>\n<p>O Vasco da Gama est\u00e1 em negocia\u00e7\u00f5es avan\u00e7adas com o Shakhtar Donetsk para contratar o atacante Pedrinho por empr\u00e9stimo de um ano. O clube ucraniano sinaliza positivamente para a libera\u00e7\u00e3o do jogador, mas exige uma cl\u00e1usula de obriga\u00e7\u00e3o de compra, que pode ultrapassar os 5 milh\u00f5es de euros.<\/p>\n<p>As tratativas est\u00e3o sendo conduzidas pela diretoria cruzmaltina em conjunto com os representantes do jogador. Aos 26 anos, Pedrinho n\u00e3o \u00e9 uma das principais op\u00e7\u00f5es do t\u00e9cnico Marino Pusic no Shakhtar e busca uma oportunidade para retornar ao futebol brasileiro.<\/p>\n<p>Mesmo tendo renovado recentemente seu contrato com o clube ucraniano, o atacante v\u00ea com bons olhos a possibilidade de atuar pelo Vasco. O interesse do Cruzmaltino no jogador j\u00e1 vinha sendo especulado, e a negocia\u00e7\u00e3o pode ser fechada nos pr\u00f3ximos dias.<\/p>\n<p>Caso a transfer\u00eancia se concretize, Pedrinho refor\u00e7aria o setor ofensivo do Vasco, que busca pe\u00e7as para fortalecer a equipe na temporada. A torcida aguarda ansiosamente pelo desfecho da negocia\u00e7\u00e3o.<\/p>\n<p>Acompanhe mais atualiza\u00e7\u00f5es sobre essa e outras movimenta\u00e7\u00f5es do mercado da bola.<\/p>\n<p style=\"text-align: left;\"><strong>Atualiza\u00e7\u00e3o das Negocia\u00e7\u00f5es: Garr\u00e9, Nuno Moreira e Loide Augusto Perto do Vasco<\/strong><\/p>\n<p>O Vasco da Gama segue ativo no mercado e avan\u00e7a nas tratativas para refor\u00e7ar seu elenco. De acordo com o jornalista Lucas Pedrosa, algumas negocia\u00e7\u00f5es j\u00e1 est\u00e3o em est\u00e1gio avan\u00e7ado, enquanto outras ainda enfrentam obst\u00e1culos. Confira a situa\u00e7\u00e3o de cada jogador:<\/p>\n<h3><strong>Garr\u00e9 j\u00e1 assinou e chega ao Brasil em breve<\/strong><\/h3>\n<p>O meia argentino Garr\u00e9 j\u00e1 tem contrato assinado com o Vasco e deve desembarcar no Brasil at\u00e9 o fim da semana. O jogador, que vinha sendo monitorado pelo clube, agora est\u00e1 confirmado como refor\u00e7o e ser\u00e1 integrado ao elenco nos pr\u00f3ximos dias.<\/p>\n<h3><strong>Casa Pia se aproxima de acerto por Nuno Moreira<\/strong><\/h3>\n<p>O Vasco est\u00e1 cada vez mais pr\u00f3ximo de fechar a contrata\u00e7\u00e3o de Nuno Moreira, meia portugu\u00eas que pertence ao Casa Pia. O clube portugu\u00eas tem flexibilizado suas exig\u00eancias ap\u00f3s garantias apresentadas pelos cariocas, e o desfecho positivo da negocia\u00e7\u00e3o pode ocorrer em breve.<\/p>\n<h3><strong>Loide Augusto quer vir, mas Alanyaspor trava negocia\u00e7\u00e3o<\/strong><\/h3>\n<p>A situa\u00e7\u00e3o do atacante Loide Augusto \u00e9 mais complicada. O Vasco j\u00e1 chegou ao valor pedido pelo Alanyaspor e tem um acerto com o jogador, que deseja atuar em S\u00e3o Janu\u00e1rio. No entanto, o clube turco vem dificultando a finaliza\u00e7\u00e3o do neg\u00f3cio, o que mant\u00e9m a transfer\u00eancia indefinida.<\/p>\n<h3><strong>Pr\u00f3ximos passos<\/strong><\/h3>\n<p>Com o fechamento da janela de transfer\u00eancias se aproximando, o Vasco busca concluir rapidamente as negocia\u00e7\u00f5es para refor\u00e7ar o elenco de Ram\u00f3n D\u00edaz. A torcida aguarda ansiosamente a oficializa\u00e7\u00e3o das contrata\u00e7\u00f5es e a chegada dos novos jogadores para a sequ\u00eancia da temporada.<\/p>\n<p>Fique ligado para mais atualiza\u00e7\u00f5es sobre o mercado da bola vasca\u00edno!<\/p>\n","protected":false},"excerpt":{"rendered":"<p>Fonte: Site de Not\u00edcias do Vasco &#8220;Novo Refor\u00e7o e Novo Patrocinador: Benjamin Garr\u00e9 Apresenta Parceria do Vasco com Moto Chefe&#8221; A chegada do atacante Benjam\u00edn Garr\u00e9 ao Vasco da Gama trouxe uma novidade al\u00e9m do refor\u00e7o dentro de campo. Durante sua apresenta\u00e7\u00e3o oficial, chamou aten\u00e7\u00e3o o detalhe no ombro da camisa do jogador: o novo &hellip;<\/p>\n","protected":false},"author":1,"featured_media":436003,"comment_status":"open","ping_status":"open","sticky":false,"template":"","format":"standard","meta":{"_jetpack_newsletter_access":"","_jetpack_dont_email_post_to_subs":false,"_jetpack_newsletter_tier_id":0,"_jetpack_memberships_contains_paywalled_content":false,"_jetpack_feature_clip_id":0,"_jetpack_memberships_contains_paid_content":false,"footnotes":"","jetpack_post_was_ever_published":false},"categories":[11607,9574,12426,9641,9249,9578,9580,12287,9654,12001,3,4587,9606,9645,9573,9576,12511,10183,9600,9662],"tags":[],"class_list":["post-436002","post","type-post","status-publish","format-standard","has-post-thumbnail","hentry","category-america-mg","category-athletico-pr","category-bahia-noticias","category-botafogo","category-campeonato-brasileiro","category-ceara","category-corinthians","category-crb","category-cruzeiro","category-cuiaba","category-esportes1","category-esportes","category-flamengo","category-fluminense","category-fortaleza","category-internacional","category-mercado-da-bola","category-river-plate","category-vasco","category-vitoria"],"yoast_head":"<!-- This site is optimized with the Yoast SEO plugin v28.4 - https:\/\/yoast.com\/product\/yoast-seo-wordpress\/ -->\n<title>Novo Refor\u00e7o e Novo Patrocinador, Benjamin Garr\u00e9 Apresenta nova Parceria do Vasco<\/title>\n<meta name=\"robots\" content=\"index, follow, max-snippet:-1, max-image-preview:large, max-video-preview:-1\" \/>\n<link rel=\"canonical\" href=\"https:\/\/mrnews.com.br\/index.php\/2025\/02\/22\/novo-reforco-e-novo-patrocinador-benjamin-garre-apresenta-nova-parceria-do-vasco\/\" \/>\n<meta property=\"og:locale\" content=\"pt_BR\" \/>\n<meta property=\"og:type\" content=\"article\" \/>\n<meta property=\"og:title\" content=\"Novo Refor\u00e7o e Novo Patrocinador, Benjamin Garr\u00e9 Apresenta nova Parceria do Vasco\" \/>\n<meta property=\"og:description\" content=\"Fonte: Site de Not\u00edcias do Vasco &#8220;Novo Refor\u00e7o e Novo Patrocinador: Benjamin Garr\u00e9 Apresenta Parceria do Vasco com Moto Chefe&#8221; A chegada do atacante Benjam\u00edn Garr\u00e9 ao Vasco da Gama trouxe uma novidade al\u00e9m do refor\u00e7o dentro de campo. Durante sua apresenta\u00e7\u00e3o oficial, chamou aten\u00e7\u00e3o o detalhe no ombro da camisa do jogador: o novo &hellip;\" \/>\n<meta property=\"og:url\" content=\"https:\/\/mrnews.com.br\/index.php\/2025\/02\/22\/novo-reforco-e-novo-patrocinador-benjamin-garre-apresenta-nova-parceria-do-vasco\/\" \/>\n<meta property=\"og:site_name\" content=\"MRNews\" \/>\n<meta property=\"article:publisher\" content=\"https:\/\/www.facebook.com\/eaipahpah\/?locale2=pt_BR\" \/>\n<meta property=\"article:published_time\" content=\"2025-02-22T17:25:29+00:00\" \/>\n<meta property=\"og:image\" content=\"https:\/\/mrnews.com.br\/wp-content\/uploads\/2025\/02\/20250222-140630-2-1-.jpg\" \/>\n\t<meta property=\"og:image:width\" content=\"1199\" \/>\n\t<meta property=\"og:image:height\" content=\"800\" \/>\n\t<meta property=\"og:image:type\" content=\"image\/jpeg\" \/>\n<meta name=\"author\" content=\"MR News\" \/>\n<meta name=\"twitter:card\" content=\"summary_large_image\" \/>\n<meta name=\"twitter:creator\" content=\"@conspirou\" \/>\n<meta name=\"twitter:site\" content=\"@conspirou\" \/>\n<meta name=\"twitter:label1\" content=\"Escrito por\" \/>\n\t<meta name=\"twitter:data1\" content=\"MR News\" \/>\n\t<meta name=\"twitter:label2\" content=\"Est. tempo de leitura\" \/>\n\t<meta name=\"twitter:data2\" content=\"6 minutos\" \/>\n<script type=\"application\/ld+json\" class=\"yoast-schema-graph\">{\"@context\":\"https:\\\/\\\/schema.org\",\"@graph\":[{\"@type\":\"Article\",\"@id\":\"https:\\\/\\\/mrnews.com.br\\\/index.php\\\/2025\\\/02\\\/22\\\/novo-reforco-e-novo-patrocinador-benjamin-garre-apresenta-nova-parceria-do-vasco\\\/#article\",\"isPartOf\":{\"@id\":\"https:\\\/\\\/mrnews.com.br\\\/index.php\\\/2025\\\/02\\\/22\\\/novo-reforco-e-novo-patrocinador-benjamin-garre-apresenta-nova-parceria-do-vasco\\\/\"},\"author\":{\"name\":\"MR News\",\"@id\":\"https:\\\/\\\/mrnews.com.br\\\/#\\\/schema\\\/person\\\/be3203154562a9f207407861cef7827b\"},\"headline\":\"Novo Refor\u00e7o e Novo Patrocinador, Benjamin Garr\u00e9 Apresenta nova Parceria do Vasco\",\"datePublished\":\"2025-02-22T17:25:29+00:00\",\"mainEntityOfPage\":{\"@id\":\"https:\\\/\\\/mrnews.com.br\\\/index.php\\\/2025\\\/02\\\/22\\\/novo-reforco-e-novo-patrocinador-benjamin-garre-apresenta-nova-parceria-do-vasco\\\/\"},\"wordCount\":1115,\"commentCount\":0,\"publisher\":{\"@id\":\"https:\\\/\\\/mrnews.com.br\\\/#organization\"},\"image\":{\"@id\":\"https:\\\/\\\/mrnews.com.br\\\/index.php\\\/2025\\\/02\\\/22\\\/novo-reforco-e-novo-patrocinador-benjamin-garre-apresenta-nova-parceria-do-vasco\\\/#primaryimage\"},\"thumbnailUrl\":\"https:\\\/\\\/mrnews.com.br\\\/wp-content\\\/uploads\\\/2025\\\/02\\\/20250222-140630-2-1-.jpg\",\"articleSection\":[\"Am\u00e9rica-MG\",\"Athletico-PR\",\"Bahia\",\"Botafogo\",\"Campeonato brasileiro\",\"Cear\u00e1\",\"Corinthians\",\"CRB\",\"Cruzeiro\",\"Cuiaba\",\"ESPORTES\",\"Esportes\",\"Flamengo\",\"Fluminense\",\"Fortaleza\",\"Internacional\",\"Mercado da Bola\",\"River Plate\",\"VASCO\",\"Vit\u00f3ria\"],\"inLanguage\":\"pt-BR\",\"potentialAction\":[{\"@type\":\"CommentAction\",\"name\":\"Comment\",\"target\":[\"https:\\\/\\\/mrnews.com.br\\\/index.php\\\/2025\\\/02\\\/22\\\/novo-reforco-e-novo-patrocinador-benjamin-garre-apresenta-nova-parceria-do-vasco\\\/#respond\"]}]},{\"@type\":\"WebPage\",\"@id\":\"https:\\\/\\\/mrnews.com.br\\\/index.php\\\/2025\\\/02\\\/22\\\/novo-reforco-e-novo-patrocinador-benjamin-garre-apresenta-nova-parceria-do-vasco\\\/\",\"url\":\"https:\\\/\\\/mrnews.com.br\\\/index.php\\\/2025\\\/02\\\/22\\\/novo-reforco-e-novo-patrocinador-benjamin-garre-apresenta-nova-parceria-do-vasco\\\/\",\"name\":\"Novo Refor\u00e7o e Novo Patrocinador, Benjamin Garr\u00e9 Apresenta nova Parceria do Vasco\",\"isPartOf\":{\"@id\":\"https:\\\/\\\/mrnews.com.br\\\/#website\"},\"primaryImageOfPage\":{\"@id\":\"https:\\\/\\\/mrnews.com.br\\\/index.php\\\/2025\\\/02\\\/22\\\/novo-reforco-e-novo-patrocinador-benjamin-garre-apresenta-nova-parceria-do-vasco\\\/#primaryimage\"},\"image\":{\"@id\":\"https:\\\/\\\/mrnews.com.br\\\/index.php\\\/2025\\\/02\\\/22\\\/novo-reforco-e-novo-patrocinador-benjamin-garre-apresenta-nova-parceria-do-vasco\\\/#primaryimage\"},\"thumbnailUrl\":\"https:\\\/\\\/mrnews.com.br\\\/wp-content\\\/uploads\\\/2025\\\/02\\\/20250222-140630-2-1-.jpg\",\"datePublished\":\"2025-02-22T17:25:29+00:00\",\"breadcrumb\":{\"@id\":\"https:\\\/\\\/mrnews.com.br\\\/index.php\\\/2025\\\/02\\\/22\\\/novo-reforco-e-novo-patrocinador-benjamin-garre-apresenta-nova-parceria-do-vasco\\\/#breadcrumb\"},\"inLanguage\":\"pt-BR\",\"potentialAction\":[{\"@type\":\"ReadAction\",\"target\":[\"https:\\\/\\\/mrnews.com.br\\\/index.php\\\/2025\\\/02\\\/22\\\/novo-reforco-e-novo-patrocinador-benjamin-garre-apresenta-nova-parceria-do-vasco\\\/\"]}]},{\"@type\":\"ImageObject\",\"inLanguage\":\"pt-BR\",\"@id\":\"https:\\\/\\\/mrnews.com.br\\\/index.php\\\/2025\\\/02\\\/22\\\/novo-reforco-e-novo-patrocinador-benjamin-garre-apresenta-nova-parceria-do-vasco\\\/#primaryimage\",\"url\":\"https:\\\/\\\/mrnews.com.br\\\/wp-content\\\/uploads\\\/2025\\\/02\\\/20250222-140630-2-1-.jpg\",\"contentUrl\":\"https:\\\/\\\/mrnews.com.br\\\/wp-content\\\/uploads\\\/2025\\\/02\\\/20250222-140630-2-1-.jpg\",\"width\":1199,\"height\":800},{\"@type\":\"BreadcrumbList\",\"@id\":\"https:\\\/\\\/mrnews.com.br\\\/index.php\\\/2025\\\/02\\\/22\\\/novo-reforco-e-novo-patrocinador-benjamin-garre-apresenta-nova-parceria-do-vasco\\\/#breadcrumb\",\"itemListElement\":[{\"@type\":\"ListItem\",\"position\":1,\"name\":\"In\u00edcio\",\"item\":\"https:\\\/\\\/mrnews.com.br\\\/\"},{\"@type\":\"ListItem\",\"position\":2,\"name\":\"Novo Refor\u00e7o e Novo Patrocinador, Benjamin Garr\u00e9 Apresenta nova Parceria do Vasco\"}]},{\"@type\":\"WebSite\",\"@id\":\"https:\\\/\\\/mrnews.com.br\\\/#website\",\"url\":\"https:\\\/\\\/mrnews.com.br\\\/\",\"name\":\"MRNews\",\"description\":\"MRNews Jogos de hoje da TV, transmiss\u00f5es ao vivo, Not\u00edcias de futebol, Jogos ao vivo, Lives, resumo de novelas, Programa\u00e7\u00e3o da Globo, A Fazenda e BBB\",\"publisher\":{\"@id\":\"https:\\\/\\\/mrnews.com.br\\\/#organization\"},\"potentialAction\":[{\"@type\":\"SearchAction\",\"target\":{\"@type\":\"EntryPoint\",\"urlTemplate\":\"https:\\\/\\\/mrnews.com.br\\\/?s={search_term_string}\"},\"query-input\":{\"@type\":\"PropertyValueSpecification\",\"valueRequired\":true,\"valueName\":\"search_term_string\"}}],\"inLanguage\":\"pt-BR\"},{\"@type\":\"Organization\",\"@id\":\"https:\\\/\\\/mrnews.com.br\\\/#organization\",\"name\":\"MRNews\",\"url\":\"https:\\\/\\\/mrnews.com.br\\\/\",\"logo\":{\"@type\":\"ImageObject\",\"inLanguage\":\"pt-BR\",\"@id\":\"https:\\\/\\\/mrnews.com.br\\\/#\\\/schema\\\/logo\\\/image\\\/\",\"url\":\"https:\\\/\\\/mrnews.com.br\\\/wp-content\\\/uploads\\\/2026\\\/08\\\/MRNEws.png\",\"contentUrl\":\"https:\\\/\\\/mrnews.com.br\\\/wp-content\\\/uploads\\\/2026\\\/08\\\/MRNEws.png\",\"width\":1254,\"height\":1254,\"caption\":\"MRNews\"},\"image\":{\"@id\":\"https:\\\/\\\/mrnews.com.br\\\/#\\\/schema\\\/logo\\\/image\\\/\"},\"sameAs\":[\"https:\\\/\\\/www.facebook.com\\\/eaipahpah\\\/?locale2=pt_BR\",\"https:\\\/\\\/x.com\\\/conspirou\",\"https:\\\/\\\/www.instagram.com\\\/eai_pahpah\",\"https:\\\/\\\/br.pinterest.com\\\/mrnewsn\\\/boards\\\/\",\"https:\\\/\\\/www.youtube.com\\\/channel\\\/UCacgnpznQ61fifLWr1tQ-vA?view_as=subscriber\"]},{\"@type\":\"Person\",\"@id\":\"https:\\\/\\\/mrnews.com.br\\\/#\\\/schema\\\/person\\\/be3203154562a9f207407861cef7827b\",\"name\":\"MR News\",\"image\":{\"@type\":\"ImageObject\",\"inLanguage\":\"pt-BR\",\"@id\":\"https:\\\/\\\/secure.gravatar.com\\\/avatar\\\/04084e6d73c042b8646e7c17b494073bf0ede3ea13c7105cfc45cbbbc28385a4?s=96&d=monsterid&r=g\",\"url\":\"https:\\\/\\\/secure.gravatar.com\\\/avatar\\\/04084e6d73c042b8646e7c17b494073bf0ede3ea13c7105cfc45cbbbc28385a4?s=96&d=monsterid&r=g\",\"contentUrl\":\"https:\\\/\\\/secure.gravatar.com\\\/avatar\\\/04084e6d73c042b8646e7c17b494073bf0ede3ea13c7105cfc45cbbbc28385a4?s=96&d=monsterid&r=g\",\"caption\":\"MR News\"},\"description\":\"Especializado em jornalismo colaborativo pela FTP em n\u00edvel de p\u00f3s-gradua\u00e7\u00e3o. suporte@oimeliga.combr\",\"sameAs\":[\"HUGO R.\",\"Admin\"],\"url\":\"https:\\\/\\\/mrnews.com.br\\\/index.php\\\/author\\\/admin\\\/\"}]}<\/script>\n<!-- \/ Yoast SEO plugin. -->","yoast_head_json":{"title":"Novo Refor\u00e7o e Novo Patrocinador, Benjamin Garr\u00e9 Apresenta nova Parceria do Vasco","robots":{"index":"index","follow":"follow","max-snippet":"max-snippet:-1","max-image-preview":"max-image-preview:large","max-video-preview":"max-video-preview:-1"},"canonical":"https:\/\/mrnews.com.br\/index.php\/2025\/02\/22\/novo-reforco-e-novo-patrocinador-benjamin-garre-apresenta-nova-parceria-do-vasco\/","og_locale":"pt_BR","og_type":"article","og_title":"Novo Refor\u00e7o e Novo Patrocinador, Benjamin Garr\u00e9 Apresenta nova Parceria do Vasco","og_description":"Fonte: Site de Not\u00edcias do Vasco &#8220;Novo Refor\u00e7o e Novo Patrocinador: Benjamin Garr\u00e9 Apresenta Parceria do Vasco com Moto Chefe&#8221; A chegada do atacante Benjam\u00edn Garr\u00e9 ao Vasco da Gama trouxe uma novidade al\u00e9m do refor\u00e7o dentro de campo. Durante sua apresenta\u00e7\u00e3o oficial, chamou aten\u00e7\u00e3o o detalhe no ombro da camisa do jogador: o novo &hellip;","og_url":"https:\/\/mrnews.com.br\/index.php\/2025\/02\/22\/novo-reforco-e-novo-patrocinador-benjamin-garre-apresenta-nova-parceria-do-vasco\/","og_site_name":"MRNews","article_publisher":"https:\/\/www.facebook.com\/eaipahpah\/?locale2=pt_BR","article_published_time":"2025-02-22T17:25:29+00:00","og_image":[{"width":1199,"height":800,"url":"https:\/\/mrnews.com.br\/wp-content\/uploads\/2025\/02\/20250222-140630-2-1-.jpg","type":"image\/jpeg"}],"author":"MR News","twitter_card":"summary_large_image","twitter_creator":"@conspirou","twitter_site":"@conspirou","twitter_misc":{"Escrito por":"MR News","Est. tempo de leitura":"6 minutos"},"schema":{"@context":"https:\/\/schema.org","@graph":[{"@type":"Article","@id":"https:\/\/mrnews.com.br\/index.php\/2025\/02\/22\/novo-reforco-e-novo-patrocinador-benjamin-garre-apresenta-nova-parceria-do-vasco\/#article","isPartOf":{"@id":"https:\/\/mrnews.com.br\/index.php\/2025\/02\/22\/novo-reforco-e-novo-patrocinador-benjamin-garre-apresenta-nova-parceria-do-vasco\/"},"author":{"name":"MR News","@id":"https:\/\/mrnews.com.br\/#\/schema\/person\/be3203154562a9f207407861cef7827b"},"headline":"Novo Refor\u00e7o e Novo Patrocinador, Benjamin Garr\u00e9 Apresenta nova Parceria do Vasco","datePublished":"2025-02-22T17:25:29+00:00","mainEntityOfPage":{"@id":"https:\/\/mrnews.com.br\/index.php\/2025\/02\/22\/novo-reforco-e-novo-patrocinador-benjamin-garre-apresenta-nova-parceria-do-vasco\/"},"wordCount":1115,"commentCount":0,"publisher":{"@id":"https:\/\/mrnews.com.br\/#organization"},"image":{"@id":"https:\/\/mrnews.com.br\/index.php\/2025\/02\/22\/novo-reforco-e-novo-patrocinador-benjamin-garre-apresenta-nova-parceria-do-vasco\/#primaryimage"},"thumbnailUrl":"https:\/\/mrnews.com.br\/wp-content\/uploads\/2025\/02\/20250222-140630-2-1-.jpg","articleSection":["Am\u00e9rica-MG","Athletico-PR","Bahia","Botafogo","Campeonato brasileiro","Cear\u00e1","Corinthians","CRB","Cruzeiro","Cuiaba","ESPORTES","Esportes","Flamengo","Fluminense","Fortaleza","Internacional","Mercado da Bola","River Plate","VASCO","Vit\u00f3ria"],"inLanguage":"pt-BR","potentialAction":[{"@type":"CommentAction","name":"Comment","target":["https:\/\/mrnews.com.br\/index.php\/2025\/02\/22\/novo-reforco-e-novo-patrocinador-benjamin-garre-apresenta-nova-parceria-do-vasco\/#respond"]}]},{"@type":"WebPage","@id":"https:\/\/mrnews.com.br\/index.php\/2025\/02\/22\/novo-reforco-e-novo-patrocinador-benjamin-garre-apresenta-nova-parceria-do-vasco\/","url":"https:\/\/mrnews.com.br\/index.php\/2025\/02\/22\/novo-reforco-e-novo-patrocinador-benjamin-garre-apresenta-nova-parceria-do-vasco\/","name":"Novo Refor\u00e7o e Novo Patrocinador, Benjamin Garr\u00e9 Apresenta nova Parceria do Vasco","isPartOf":{"@id":"https:\/\/mrnews.com.br\/#website"},"primaryImageOfPage":{"@id":"https:\/\/mrnews.com.br\/index.php\/2025\/02\/22\/novo-reforco-e-novo-patrocinador-benjamin-garre-apresenta-nova-parceria-do-vasco\/#primaryimage"},"image":{"@id":"https:\/\/mrnews.com.br\/index.php\/2025\/02\/22\/novo-reforco-e-novo-patrocinador-benjamin-garre-apresenta-nova-parceria-do-vasco\/#primaryimage"},"thumbnailUrl":"https:\/\/mrnews.com.br\/wp-content\/uploads\/2025\/02\/20250222-140630-2-1-.jpg","datePublished":"2025-02-22T17:25:29+00:00","breadcrumb":{"@id":"https:\/\/mrnews.com.br\/index.php\/2025\/02\/22\/novo-reforco-e-novo-patrocinador-benjamin-garre-apresenta-nova-parceria-do-vasco\/#breadcrumb"},"inLanguage":"pt-BR","potentialAction":[{"@type":"ReadAction","target":["https:\/\/mrnews.com.br\/index.php\/2025\/02\/22\/novo-reforco-e-novo-patrocinador-benjamin-garre-apresenta-nova-parceria-do-vasco\/"]}]},{"@type":"ImageObject","inLanguage":"pt-BR","@id":"https:\/\/mrnews.com.br\/index.php\/2025\/02\/22\/novo-reforco-e-novo-patrocinador-benjamin-garre-apresenta-nova-parceria-do-vasco\/#primaryimage","url":"https:\/\/mrnews.com.br\/wp-content\/uploads\/2025\/02\/20250222-140630-2-1-.jpg","contentUrl":"https:\/\/mrnews.com.br\/wp-content\/uploads\/2025\/02\/20250222-140630-2-1-.jpg","width":1199,"height":800},{"@type":"BreadcrumbList","@id":"https:\/\/mrnews.com.br\/index.php\/2025\/02\/22\/novo-reforco-e-novo-patrocinador-benjamin-garre-apresenta-nova-parceria-do-vasco\/#breadcrumb","itemListElement":[{"@type":"ListItem","position":1,"name":"In\u00edcio","item":"https:\/\/mrnews.com.br\/"},{"@type":"ListItem","position":2,"name":"Novo Refor\u00e7o e Novo Patrocinador, Benjamin Garr\u00e9 Apresenta nova Parceria do Vasco"}]},{"@type":"WebSite","@id":"https:\/\/mrnews.com.br\/#website","url":"https:\/\/mrnews.com.br\/","name":"MRNews","description":"MRNews Jogos de hoje da TV, transmiss\u00f5es ao vivo, Not\u00edcias de futebol, Jogos ao vivo, Lives, resumo de novelas, Programa\u00e7\u00e3o da Globo, A Fazenda e BBB","publisher":{"@id":"https:\/\/mrnews.com.br\/#organization"},"potentialAction":[{"@type":"SearchAction","target":{"@type":"EntryPoint","urlTemplate":"https:\/\/mrnews.com.br\/?s={search_term_string}"},"query-input":{"@type":"PropertyValueSpecification","valueRequired":true,"valueName":"search_term_string"}}],"inLanguage":"pt-BR"},{"@type":"Organization","@id":"https:\/\/mrnews.com.br\/#organization","name":"MRNews","url":"https:\/\/mrnews.com.br\/","logo":{"@type":"ImageObject","inLanguage":"pt-BR","@id":"https:\/\/mrnews.com.br\/#\/schema\/logo\/image\/","url":"https:\/\/mrnews.com.br\/wp-content\/uploads\/2026\/08\/MRNEws.png","contentUrl":"https:\/\/mrnews.com.br\/wp-content\/uploads\/2026\/08\/MRNEws.png","width":1254,"height":1254,"caption":"MRNews"},"image":{"@id":"https:\/\/mrnews.com.br\/#\/schema\/logo\/image\/"},"sameAs":["https:\/\/www.facebook.com\/eaipahpah\/?locale2=pt_BR","https:\/\/x.com\/conspirou","https:\/\/www.instagram.com\/eai_pahpah","https:\/\/br.pinterest.com\/mrnewsn\/boards\/","https:\/\/www.youtube.com\/channel\/UCacgnpznQ61fifLWr1tQ-vA?view_as=subscriber"]},{"@type":"Person","@id":"https:\/\/mrnews.com.br\/#\/schema\/person\/be3203154562a9f207407861cef7827b","name":"MR News","image":{"@type":"ImageObject","inLanguage":"pt-BR","@id":"https:\/\/secure.gravatar.com\/avatar\/04084e6d73c042b8646e7c17b494073bf0ede3ea13c7105cfc45cbbbc28385a4?s=96&d=monsterid&r=g","url":"https:\/\/secure.gravatar.com\/avatar\/04084e6d73c042b8646e7c17b494073bf0ede3ea13c7105cfc45cbbbc28385a4?s=96&d=monsterid&r=g","contentUrl":"https:\/\/secure.gravatar.com\/avatar\/04084e6d73c042b8646e7c17b494073bf0ede3ea13c7105cfc45cbbbc28385a4?s=96&d=monsterid&r=g","caption":"MR News"},"description":"Especializado em jornalismo colaborativo pela FTP em n\u00edvel de p\u00f3s-gradua\u00e7\u00e3o. suporte@oimeliga.combr","sameAs":["HUGO R.","Admin"],"url":"https:\/\/mrnews.com.br\/index.php\/author\/admin\/"}]}},"jetpack_sharing_enabled":true,"jetpack_shortlink":"https:\/\/wp.me\/pa2Qf7-1Pqi","amp_enabled":true,"jetpack_featured_media_url":"https:\/\/mrnews.com.br\/wp-content\/uploads\/2025\/02\/20250222-140630-2-1-.jpg","_links":{"self":[{"href":"https:\/\/mrnews.com.br\/index.php\/wp-json\/wp\/v2\/posts\/436002","targetHints":{"allow":["GET"]}}],"collection":[{"href":"https:\/\/mrnews.com.br\/index.php\/wp-json\/wp\/v2\/posts"}],"about":[{"href":"https:\/\/mrnews.com.br\/index.php\/wp-json\/wp\/v2\/types\/post"}],"author":[{"embeddable":true,"href":"https:\/\/mrnews.com.br\/index.php\/wp-json\/wp\/v2\/users\/1"}],"replies":[{"embeddable":true,"href":"https:\/\/mrnews.com.br\/index.php\/wp-json\/wp\/v2\/comments?post=436002"}],"version-history":[{"count":1,"href":"https:\/\/mrnews.com.br\/index.php\/wp-json\/wp\/v2\/posts\/436002\/revisions"}],"predecessor-version":[{"id":436004,"href":"https:\/\/mrnews.com.br\/index.php\/wp-json\/wp\/v2\/posts\/436002\/revisions\/436004"}],"wp:featuredmedia":[{"embeddable":true,"href":"https:\/\/mrnews.com.br\/index.php\/wp-json\/wp\/v2\/media\/436003"}],"wp:attachment":[{"href":"https:\/\/mrnews.com.br\/index.php\/wp-json\/wp\/v2\/media?parent=436002"}],"wp:term":[{"taxonomy":"category","embeddable":true,"href":"https:\/\/mrnews.com.br\/index.php\/wp-json\/wp\/v2\/categories?post=436002"},{"taxonomy":"post_tag","embeddable":true,"href":"https:\/\/mrnews.com.br\/index.php\/wp-json\/wp\/v2\/tags?post=436002"}],"curies":[{"name":"wp","href":"https:\/\/api.w.org\/{rel}","templated":true}]}}