{"id":436346,"date":"2025-02-26T18:23:22","date_gmt":"2025-02-26T21:23:22","guid":{"rendered":"https:\/\/mrnews.com.br\/?p=436346"},"modified":"2025-02-26T18:23:22","modified_gmt":"2025-02-26T21:23:22","slug":"periquitos-cara-suja-foram-soltos-no-parque-nacional-de-ubajara","status":"publish","type":"post","link":"https:\/\/mrnews.com.br\/index.php\/2025\/02\/26\/periquitos-cara-suja-foram-soltos-no-parque-nacional-de-ubajara\/","title":{"rendered":"Periquitos cara-suja foram soltos no Parque Nacional de Ubajara"},"content":{"rendered":"<p>Por <a href=\"https:\/\/ubajaranoticias.com.br\">Noticias de Ubajara<\/a><\/p>\n<p>No \u00faltimo dia 27 de janeiro de 2025, 17 periquitos cara-suja foram soltos no Parque Nacional de Ubajara, ap\u00f3s seis meses de adapta\u00e7\u00e3o. Essa a\u00e7\u00e3o de reintrodu\u00e7\u00e3o da esp\u00e9cie, que estava ausente da regi\u00e3o por mais de 100 anos, visa restaurar o equil\u00edbrio ecol\u00f3gico e promover o turismo ecol\u00f3gico. A iniciativa \u00e9 fruto de uma parceria entre o ICMBio e a ONG Aquasis, e faz parte de um projeto de preserva\u00e7\u00e3o das esp\u00e9cies amea\u00e7adas no Cear\u00e1, contribuindo para a biodiversidade local.<\/p>\n<p><strong>Bondinho de Ubajara amplia funcionamento e estar\u00e1 aberto todos os dias no Carnaval<\/strong><\/p>\n<p>Nem s\u00f3 de folia vive o Carnaval! Pensando nos turistas que buscam alternativas al\u00e9m das festas, o bondinho de Ubajara estar\u00e1 em funcionamento excepcionalmente durante todos os dias da folia, garantindo uma op\u00e7\u00e3o diferenciada para quem deseja explorar a natureza e desfrutar das belas paisagens da regi\u00e3o.<\/p>\n<p>Al\u00e9m disso, a partir da pr\u00f3xima semana, o equipamento passar\u00e1 a operar em novo hor\u00e1rio: de ter\u00e7a a domingo, das 8h \u00e0s 16h. Antes, o funcionamento era de quarta a domingo, das 9h \u00e0s 16h, e agora os visitantes ter\u00e3o mais tempo e um dia extra para aproveitar o passeio.<\/p>\n<p>O secret\u00e1rio do Turismo do Cear\u00e1, Eduardo Bismarck, destacou a import\u00e2ncia da amplia\u00e7\u00e3o do funcionamento. \u201cO bondinho de Ubajara \u00e9 um dos atrativos mais ic\u00f4nicos do estado. Essa mudan\u00e7a refor\u00e7a o compromisso do Governo do Cear\u00e1, seguindo as diretrizes do governador Elmano de Freitas, em impulsionar o turismo e melhorar a experi\u00eancia dos visitantes\u201d, afirmou.<\/p>\n<p>Com a novidade, turistas e aventureiros ganham mais um motivo para incluir Ubajara no roteiro e conhecer o Parque Nacional de Ubajara, um dos destinos naturais mais impressionantes do estado. O bondinho segue operando com toda a estrutura e seguran\u00e7a para proporcionar um passeio inesquec\u00edvel.<\/p>\n<h3>Acesso e ingressos<\/h3>\n<p>Para utilizar o equipamento, \u00e9 necess\u00e1rio doar 3 kg de alimentos n\u00e3o perec\u00edveis, que ser\u00e3o destinados ao Programa Cear\u00e1 Sem Fome. Mais informa\u00e7\u00f5es sobre funcionamento e ingressos podem ser encontradas nos canais oficiais da Secretaria do Turismo do Cear\u00e1 e do Bondinho de Ubajara.<\/p>\n<header class=\"entry-header\"><strong>IFCE Ubajara realiza pr\u00e9-matr\u00edculas do Sisu 2025 presencialmente<\/strong>Os candidatos aprovados no Sistema de Sele\u00e7\u00e3o Unificada (Sisu) 2025 para os cursos superiores do Instituto Federal de Educa\u00e7\u00e3o, Ci\u00eancia e Tecnologia do Cear\u00e1 (IFCE), campus Ubajara, devem realizar a pr\u00e9-matr\u00edcula presencialmente at\u00e9 o dia <strong>3 de fevereiro de 2025<\/strong>.Ubajaranoticias.com.br<\/p>\n<h3><strong>Procedimentos para a pr\u00e9-matr\u00edcula<\/strong><\/h3>\n<p>Para garantir a vaga no curso escolhido, \u00e9 essencial comparecer ao campus portando toda a documenta\u00e7\u00e3o exigida no edital do Sisu 2025. O atendimento ser\u00e1 realizado no <strong>Audit\u00f3rio do campus<\/strong>, localizado na <strong>Rua Lu\u00eds Cunha, 178, Monte Castelo, Ubajara-CE (CEP 62350-000)<\/strong>, nos seguintes hor\u00e1rios:<\/p>\n<ul>\n<li><strong>Manh\u00e3:<\/strong> 08h \u00e0s 12h<\/li>\n<li><strong>Tarde:<\/strong> 14h \u00e0s 17h<\/li>\n<\/ul>\n<p>Os candidatos devem levar <strong>c\u00f3pias leg\u00edveis acompanhadas dos documentos originais<\/strong>. Aqueles aprovados nas vagas reservadas para cotas precisam apresentar tamb\u00e9m a documenta\u00e7\u00e3o espec\u00edfica referente \u00e0 sua categoria.<\/p>\n<h3><strong>Aten\u00e7\u00e3o ao prazo!<\/strong><\/h3>\n<p>Caso o candidato n\u00e3o realize a pr\u00e9-matr\u00edcula dentro do per\u00edodo estipulado, perder\u00e1 o direito \u00e0 vaga. Por isso, \u00e9 fundamental que todos os aprovados confiram a lista de documentos exigidos no edital e compare\u00e7am ao campus dentro do prazo.<\/p>\n<p>A equipe do IFCE Ubajara aguarda os novos alunos para dar in\u00edcio a essa importante jornada acad\u00eamica!<\/p>\n<p>Para mais informa\u00e7\u00f5es, os candidatos podem entrar em contato com a <strong>Coordenadoria de Controle Acad\u00eamico do IFCE campus Ubajara (CCA)<\/strong>.<\/p>\n<\/header>\n","protected":false},"excerpt":{"rendered":"<p>Por Noticias de Ubajara No \u00faltimo dia 27 de janeiro de 2025, 17 periquitos cara-suja foram soltos no Parque Nacional de Ubajara, ap\u00f3s seis meses de adapta\u00e7\u00e3o. Essa a\u00e7\u00e3o de reintrodu\u00e7\u00e3o da esp\u00e9cie, que estava ausente da regi\u00e3o por mais de 100 anos, visa restaurar o equil\u00edbrio ecol\u00f3gico e promover o turismo ecol\u00f3gico. A iniciativa &hellip;<\/p>\n","protected":false},"author":1,"featured_media":7020,"comment_status":"open","ping_status":"open","sticky":false,"template":"","format":"standard","meta":{"_jetpack_memberships_contains_paid_content":false,"footnotes":""},"categories":[2517,2,3937],"tags":[],"class_list":["post-436346","post","type-post","status-publish","format-standard","has-post-thumbnail","hentry","category-a-fazenda","category-entretenimento","category-resumo-de-novelas"],"yoast_head":"<!-- This site is optimized with the Yoast SEO plugin v27.5 - https:\/\/yoast.com\/product\/yoast-seo-wordpress\/ -->\n<title>Periquitos cara-suja foram soltos no Parque Nacional de Ubajara<\/title>\n<meta name=\"robots\" content=\"index, follow, max-snippet:-1, max-image-preview:large, max-video-preview:-1\" \/>\n<link rel=\"canonical\" href=\"https:\/\/mrnews.com.br\/index.php\/2025\/02\/26\/periquitos-cara-suja-foram-soltos-no-parque-nacional-de-ubajara\/\" \/>\n<meta property=\"og:locale\" content=\"pt_BR\" \/>\n<meta property=\"og:type\" content=\"article\" \/>\n<meta property=\"og:title\" content=\"Periquitos cara-suja foram soltos no Parque Nacional de Ubajara\" \/>\n<meta property=\"og:description\" content=\"Por Noticias de Ubajara No \u00faltimo dia 27 de janeiro de 2025, 17 periquitos cara-suja foram soltos no Parque Nacional de Ubajara, ap\u00f3s seis meses de adapta\u00e7\u00e3o. Essa a\u00e7\u00e3o de reintrodu\u00e7\u00e3o da esp\u00e9cie, que estava ausente da regi\u00e3o por mais de 100 anos, visa restaurar o equil\u00edbrio ecol\u00f3gico e promover o turismo ecol\u00f3gico. A iniciativa &hellip;\" \/>\n<meta property=\"og:url\" content=\"https:\/\/mrnews.com.br\/index.php\/2025\/02\/26\/periquitos-cara-suja-foram-soltos-no-parque-nacional-de-ubajara\/\" \/>\n<meta property=\"og:site_name\" content=\"MRNews\" \/>\n<meta property=\"article:publisher\" content=\"https:\/\/www.facebook.com\/eaipahpah\/?locale2=pt_BR\" \/>\n<meta property=\"article:published_time\" content=\"2025-02-26T21:23:22+00:00\" \/>\n<meta property=\"og:image\" content=\"https:\/\/mrnews.com.br\/wp-content\/uploads\/2019\/01\/Maiores-cidades-do-mundo.jpg\" \/>\n\t<meta property=\"og:image:width\" content=\"765\" \/>\n\t<meta property=\"og:image:height\" content=\"360\" \/>\n\t<meta property=\"og:image:type\" content=\"image\/jpeg\" \/>\n<meta name=\"author\" content=\"MR News\" \/>\n<meta name=\"twitter:card\" content=\"summary_large_image\" \/>\n<meta name=\"twitter:creator\" content=\"@conspirou\" \/>\n<meta name=\"twitter:site\" content=\"@conspirou\" \/>\n<meta name=\"twitter:label1\" content=\"Escrito por\" \/>\n\t<meta name=\"twitter:data1\" content=\"MR News\" \/>\n\t<meta name=\"twitter:label2\" content=\"Est. tempo de leitura\" \/>\n\t<meta name=\"twitter:data2\" content=\"4 minutos\" \/>\n<script type=\"application\/ld+json\" class=\"yoast-schema-graph\">{\"@context\":\"https:\\\/\\\/schema.org\",\"@graph\":[{\"@type\":\"Article\",\"@id\":\"https:\\\/\\\/mrnews.com.br\\\/index.php\\\/2025\\\/02\\\/26\\\/periquitos-cara-suja-foram-soltos-no-parque-nacional-de-ubajara\\\/#article\",\"isPartOf\":{\"@id\":\"https:\\\/\\\/mrnews.com.br\\\/index.php\\\/2025\\\/02\\\/26\\\/periquitos-cara-suja-foram-soltos-no-parque-nacional-de-ubajara\\\/\"},\"author\":{\"name\":\"MR News\",\"@id\":\"https:\\\/\\\/mrnews.com.br\\\/#\\\/schema\\\/person\\\/be3203154562a9f207407861cef7827b\"},\"headline\":\"Periquitos cara-suja foram soltos no Parque Nacional de Ubajara\",\"datePublished\":\"2025-02-26T21:23:22+00:00\",\"mainEntityOfPage\":{\"@id\":\"https:\\\/\\\/mrnews.com.br\\\/index.php\\\/2025\\\/02\\\/26\\\/periquitos-cara-suja-foram-soltos-no-parque-nacional-de-ubajara\\\/\"},\"wordCount\":607,\"commentCount\":0,\"publisher\":{\"@id\":\"https:\\\/\\\/mrnews.com.br\\\/#organization\"},\"image\":{\"@id\":\"https:\\\/\\\/mrnews.com.br\\\/index.php\\\/2025\\\/02\\\/26\\\/periquitos-cara-suja-foram-soltos-no-parque-nacional-de-ubajara\\\/#primaryimage\"},\"thumbnailUrl\":\"https:\\\/\\\/mrnews.com.br\\\/wp-content\\\/uploads\\\/2019\\\/01\\\/Maiores-cidades-do-mundo.jpg\",\"articleSection\":[\"A Fazenda\",\"ENTRETENIMENTO\",\"Resumo de novelas\"],\"inLanguage\":\"pt-BR\",\"potentialAction\":[{\"@type\":\"CommentAction\",\"name\":\"Comment\",\"target\":[\"https:\\\/\\\/mrnews.com.br\\\/index.php\\\/2025\\\/02\\\/26\\\/periquitos-cara-suja-foram-soltos-no-parque-nacional-de-ubajara\\\/#respond\"]}]},{\"@type\":\"WebPage\",\"@id\":\"https:\\\/\\\/mrnews.com.br\\\/index.php\\\/2025\\\/02\\\/26\\\/periquitos-cara-suja-foram-soltos-no-parque-nacional-de-ubajara\\\/\",\"url\":\"https:\\\/\\\/mrnews.com.br\\\/index.php\\\/2025\\\/02\\\/26\\\/periquitos-cara-suja-foram-soltos-no-parque-nacional-de-ubajara\\\/\",\"name\":\"Periquitos cara-suja foram soltos no Parque Nacional de Ubajara\",\"isPartOf\":{\"@id\":\"https:\\\/\\\/mrnews.com.br\\\/#website\"},\"primaryImageOfPage\":{\"@id\":\"https:\\\/\\\/mrnews.com.br\\\/index.php\\\/2025\\\/02\\\/26\\\/periquitos-cara-suja-foram-soltos-no-parque-nacional-de-ubajara\\\/#primaryimage\"},\"image\":{\"@id\":\"https:\\\/\\\/mrnews.com.br\\\/index.php\\\/2025\\\/02\\\/26\\\/periquitos-cara-suja-foram-soltos-no-parque-nacional-de-ubajara\\\/#primaryimage\"},\"thumbnailUrl\":\"https:\\\/\\\/mrnews.com.br\\\/wp-content\\\/uploads\\\/2019\\\/01\\\/Maiores-cidades-do-mundo.jpg\",\"datePublished\":\"2025-02-26T21:23:22+00:00\",\"breadcrumb\":{\"@id\":\"https:\\\/\\\/mrnews.com.br\\\/index.php\\\/2025\\\/02\\\/26\\\/periquitos-cara-suja-foram-soltos-no-parque-nacional-de-ubajara\\\/#breadcrumb\"},\"inLanguage\":\"pt-BR\",\"potentialAction\":[{\"@type\":\"ReadAction\",\"target\":[\"https:\\\/\\\/mrnews.com.br\\\/index.php\\\/2025\\\/02\\\/26\\\/periquitos-cara-suja-foram-soltos-no-parque-nacional-de-ubajara\\\/\"]}]},{\"@type\":\"ImageObject\",\"inLanguage\":\"pt-BR\",\"@id\":\"https:\\\/\\\/mrnews.com.br\\\/index.php\\\/2025\\\/02\\\/26\\\/periquitos-cara-suja-foram-soltos-no-parque-nacional-de-ubajara\\\/#primaryimage\",\"url\":\"https:\\\/\\\/mrnews.com.br\\\/wp-content\\\/uploads\\\/2019\\\/01\\\/Maiores-cidades-do-mundo.jpg\",\"contentUrl\":\"https:\\\/\\\/mrnews.com.br\\\/wp-content\\\/uploads\\\/2019\\\/01\\\/Maiores-cidades-do-mundo.jpg\",\"width\":765,\"height\":360,\"caption\":\"Maiores cidades do mundo\"},{\"@type\":\"BreadcrumbList\",\"@id\":\"https:\\\/\\\/mrnews.com.br\\\/index.php\\\/2025\\\/02\\\/26\\\/periquitos-cara-suja-foram-soltos-no-parque-nacional-de-ubajara\\\/#breadcrumb\",\"itemListElement\":[{\"@type\":\"ListItem\",\"position\":1,\"name\":\"In\u00edcio\",\"item\":\"https:\\\/\\\/mrnews.com.br\\\/\"},{\"@type\":\"ListItem\",\"position\":2,\"name\":\"Periquitos cara-suja foram soltos no Parque Nacional de Ubajara\"}]},{\"@type\":\"WebSite\",\"@id\":\"https:\\\/\\\/mrnews.com.br\\\/#website\",\"url\":\"https:\\\/\\\/mrnews.com.br\\\/\",\"name\":\"MRNews\",\"description\":\"MRNews Jogos de hoje da TV, transmiss\u00f5es ao vivo, Not\u00edcias de futebol, Jogos ao vivo, Lives, resumo de novelas, Programa\u00e7\u00e3o da Globo, A Fazenda e BBB\",\"publisher\":{\"@id\":\"https:\\\/\\\/mrnews.com.br\\\/#organization\"},\"potentialAction\":[{\"@type\":\"SearchAction\",\"target\":{\"@type\":\"EntryPoint\",\"urlTemplate\":\"https:\\\/\\\/mrnews.com.br\\\/?s={search_term_string}\"},\"query-input\":{\"@type\":\"PropertyValueSpecification\",\"valueRequired\":true,\"valueName\":\"search_term_string\"}}],\"inLanguage\":\"pt-BR\"},{\"@type\":\"Organization\",\"@id\":\"https:\\\/\\\/mrnews.com.br\\\/#organization\",\"name\":\"MRNews\",\"url\":\"https:\\\/\\\/mrnews.com.br\\\/\",\"logo\":{\"@type\":\"ImageObject\",\"inLanguage\":\"pt-BR\",\"@id\":\"https:\\\/\\\/mrnews.com.br\\\/#\\\/schema\\\/logo\\\/image\\\/\",\"url\":\"https:\\\/\\\/mrnews.com.br\\\/wp-content\\\/uploads\\\/2019\\\/06\\\/MRNewslogo2.png\",\"contentUrl\":\"https:\\\/\\\/mrnews.com.br\\\/wp-content\\\/uploads\\\/2019\\\/06\\\/MRNewslogo2.png\",\"width\":223,\"height\":58,\"caption\":\"MRNews\"},\"image\":{\"@id\":\"https:\\\/\\\/mrnews.com.br\\\/#\\\/schema\\\/logo\\\/image\\\/\"},\"sameAs\":[\"https:\\\/\\\/www.facebook.com\\\/eaipahpah\\\/?locale2=pt_BR\",\"https:\\\/\\\/x.com\\\/conspirou\",\"https:\\\/\\\/www.instagram.com\\\/eai_pahpah\",\"https:\\\/\\\/br.pinterest.com\\\/mrnewsn\\\/boards\\\/\",\"https:\\\/\\\/www.youtube.com\\\/channel\\\/UCacgnpznQ61fifLWr1tQ-vA?view_as=subscriber\"]},{\"@type\":\"Person\",\"@id\":\"https:\\\/\\\/mrnews.com.br\\\/#\\\/schema\\\/person\\\/be3203154562a9f207407861cef7827b\",\"name\":\"MR News\",\"image\":{\"@type\":\"ImageObject\",\"inLanguage\":\"pt-BR\",\"@id\":\"https:\\\/\\\/secure.gravatar.com\\\/avatar\\\/04084e6d73c042b8646e7c17b494073bf0ede3ea13c7105cfc45cbbbc28385a4?s=96&d=monsterid&r=g\",\"url\":\"https:\\\/\\\/secure.gravatar.com\\\/avatar\\\/04084e6d73c042b8646e7c17b494073bf0ede3ea13c7105cfc45cbbbc28385a4?s=96&d=monsterid&r=g\",\"contentUrl\":\"https:\\\/\\\/secure.gravatar.com\\\/avatar\\\/04084e6d73c042b8646e7c17b494073bf0ede3ea13c7105cfc45cbbbc28385a4?s=96&d=monsterid&r=g\",\"caption\":\"MR News\"},\"description\":\"Especializado em jornalismo colaborativo pela FTP em n\u00edvel de p\u00f3s-gradua\u00e7\u00e3o. suporte@oimeliga.combr\",\"sameAs\":[\"HUGO R.\",\"Admin\"],\"url\":\"https:\\\/\\\/mrnews.com.br\\\/index.php\\\/author\\\/admin\\\/\"}]}<\/script>\n<!-- \/ Yoast SEO plugin. -->","yoast_head_json":{"title":"Periquitos cara-suja foram soltos no Parque Nacional de Ubajara","robots":{"index":"index","follow":"follow","max-snippet":"max-snippet:-1","max-image-preview":"max-image-preview:large","max-video-preview":"max-video-preview:-1"},"canonical":"https:\/\/mrnews.com.br\/index.php\/2025\/02\/26\/periquitos-cara-suja-foram-soltos-no-parque-nacional-de-ubajara\/","og_locale":"pt_BR","og_type":"article","og_title":"Periquitos cara-suja foram soltos no Parque Nacional de Ubajara","og_description":"Por Noticias de Ubajara No \u00faltimo dia 27 de janeiro de 2025, 17 periquitos cara-suja foram soltos no Parque Nacional de Ubajara, ap\u00f3s seis meses de adapta\u00e7\u00e3o. Essa a\u00e7\u00e3o de reintrodu\u00e7\u00e3o da esp\u00e9cie, que estava ausente da regi\u00e3o por mais de 100 anos, visa restaurar o equil\u00edbrio ecol\u00f3gico e promover o turismo ecol\u00f3gico. A iniciativa &hellip;","og_url":"https:\/\/mrnews.com.br\/index.php\/2025\/02\/26\/periquitos-cara-suja-foram-soltos-no-parque-nacional-de-ubajara\/","og_site_name":"MRNews","article_publisher":"https:\/\/www.facebook.com\/eaipahpah\/?locale2=pt_BR","article_published_time":"2025-02-26T21:23:22+00:00","og_image":[{"width":765,"height":360,"url":"https:\/\/mrnews.com.br\/wp-content\/uploads\/2019\/01\/Maiores-cidades-do-mundo.jpg","type":"image\/jpeg"}],"author":"MR News","twitter_card":"summary_large_image","twitter_creator":"@conspirou","twitter_site":"@conspirou","twitter_misc":{"Escrito por":"MR News","Est. tempo de leitura":"4 minutos"},"schema":{"@context":"https:\/\/schema.org","@graph":[{"@type":"Article","@id":"https:\/\/mrnews.com.br\/index.php\/2025\/02\/26\/periquitos-cara-suja-foram-soltos-no-parque-nacional-de-ubajara\/#article","isPartOf":{"@id":"https:\/\/mrnews.com.br\/index.php\/2025\/02\/26\/periquitos-cara-suja-foram-soltos-no-parque-nacional-de-ubajara\/"},"author":{"name":"MR News","@id":"https:\/\/mrnews.com.br\/#\/schema\/person\/be3203154562a9f207407861cef7827b"},"headline":"Periquitos cara-suja foram soltos no Parque Nacional de Ubajara","datePublished":"2025-02-26T21:23:22+00:00","mainEntityOfPage":{"@id":"https:\/\/mrnews.com.br\/index.php\/2025\/02\/26\/periquitos-cara-suja-foram-soltos-no-parque-nacional-de-ubajara\/"},"wordCount":607,"commentCount":0,"publisher":{"@id":"https:\/\/mrnews.com.br\/#organization"},"image":{"@id":"https:\/\/mrnews.com.br\/index.php\/2025\/02\/26\/periquitos-cara-suja-foram-soltos-no-parque-nacional-de-ubajara\/#primaryimage"},"thumbnailUrl":"https:\/\/mrnews.com.br\/wp-content\/uploads\/2019\/01\/Maiores-cidades-do-mundo.jpg","articleSection":["A Fazenda","ENTRETENIMENTO","Resumo de novelas"],"inLanguage":"pt-BR","potentialAction":[{"@type":"CommentAction","name":"Comment","target":["https:\/\/mrnews.com.br\/index.php\/2025\/02\/26\/periquitos-cara-suja-foram-soltos-no-parque-nacional-de-ubajara\/#respond"]}]},{"@type":"WebPage","@id":"https:\/\/mrnews.com.br\/index.php\/2025\/02\/26\/periquitos-cara-suja-foram-soltos-no-parque-nacional-de-ubajara\/","url":"https:\/\/mrnews.com.br\/index.php\/2025\/02\/26\/periquitos-cara-suja-foram-soltos-no-parque-nacional-de-ubajara\/","name":"Periquitos cara-suja foram soltos no Parque Nacional de Ubajara","isPartOf":{"@id":"https:\/\/mrnews.com.br\/#website"},"primaryImageOfPage":{"@id":"https:\/\/mrnews.com.br\/index.php\/2025\/02\/26\/periquitos-cara-suja-foram-soltos-no-parque-nacional-de-ubajara\/#primaryimage"},"image":{"@id":"https:\/\/mrnews.com.br\/index.php\/2025\/02\/26\/periquitos-cara-suja-foram-soltos-no-parque-nacional-de-ubajara\/#primaryimage"},"thumbnailUrl":"https:\/\/mrnews.com.br\/wp-content\/uploads\/2019\/01\/Maiores-cidades-do-mundo.jpg","datePublished":"2025-02-26T21:23:22+00:00","breadcrumb":{"@id":"https:\/\/mrnews.com.br\/index.php\/2025\/02\/26\/periquitos-cara-suja-foram-soltos-no-parque-nacional-de-ubajara\/#breadcrumb"},"inLanguage":"pt-BR","potentialAction":[{"@type":"ReadAction","target":["https:\/\/mrnews.com.br\/index.php\/2025\/02\/26\/periquitos-cara-suja-foram-soltos-no-parque-nacional-de-ubajara\/"]}]},{"@type":"ImageObject","inLanguage":"pt-BR","@id":"https:\/\/mrnews.com.br\/index.php\/2025\/02\/26\/periquitos-cara-suja-foram-soltos-no-parque-nacional-de-ubajara\/#primaryimage","url":"https:\/\/mrnews.com.br\/wp-content\/uploads\/2019\/01\/Maiores-cidades-do-mundo.jpg","contentUrl":"https:\/\/mrnews.com.br\/wp-content\/uploads\/2019\/01\/Maiores-cidades-do-mundo.jpg","width":765,"height":360,"caption":"Maiores cidades do mundo"},{"@type":"BreadcrumbList","@id":"https:\/\/mrnews.com.br\/index.php\/2025\/02\/26\/periquitos-cara-suja-foram-soltos-no-parque-nacional-de-ubajara\/#breadcrumb","itemListElement":[{"@type":"ListItem","position":1,"name":"In\u00edcio","item":"https:\/\/mrnews.com.br\/"},{"@type":"ListItem","position":2,"name":"Periquitos cara-suja foram soltos no Parque Nacional de Ubajara"}]},{"@type":"WebSite","@id":"https:\/\/mrnews.com.br\/#website","url":"https:\/\/mrnews.com.br\/","name":"MRNews","description":"MRNews Jogos de hoje da TV, transmiss\u00f5es ao vivo, Not\u00edcias de futebol, Jogos ao vivo, Lives, resumo de novelas, Programa\u00e7\u00e3o da Globo, A Fazenda e BBB","publisher":{"@id":"https:\/\/mrnews.com.br\/#organization"},"potentialAction":[{"@type":"SearchAction","target":{"@type":"EntryPoint","urlTemplate":"https:\/\/mrnews.com.br\/?s={search_term_string}"},"query-input":{"@type":"PropertyValueSpecification","valueRequired":true,"valueName":"search_term_string"}}],"inLanguage":"pt-BR"},{"@type":"Organization","@id":"https:\/\/mrnews.com.br\/#organization","name":"MRNews","url":"https:\/\/mrnews.com.br\/","logo":{"@type":"ImageObject","inLanguage":"pt-BR","@id":"https:\/\/mrnews.com.br\/#\/schema\/logo\/image\/","url":"https:\/\/mrnews.com.br\/wp-content\/uploads\/2019\/06\/MRNewslogo2.png","contentUrl":"https:\/\/mrnews.com.br\/wp-content\/uploads\/2019\/06\/MRNewslogo2.png","width":223,"height":58,"caption":"MRNews"},"image":{"@id":"https:\/\/mrnews.com.br\/#\/schema\/logo\/image\/"},"sameAs":["https:\/\/www.facebook.com\/eaipahpah\/?locale2=pt_BR","https:\/\/x.com\/conspirou","https:\/\/www.instagram.com\/eai_pahpah","https:\/\/br.pinterest.com\/mrnewsn\/boards\/","https:\/\/www.youtube.com\/channel\/UCacgnpznQ61fifLWr1tQ-vA?view_as=subscriber"]},{"@type":"Person","@id":"https:\/\/mrnews.com.br\/#\/schema\/person\/be3203154562a9f207407861cef7827b","name":"MR News","image":{"@type":"ImageObject","inLanguage":"pt-BR","@id":"https:\/\/secure.gravatar.com\/avatar\/04084e6d73c042b8646e7c17b494073bf0ede3ea13c7105cfc45cbbbc28385a4?s=96&d=monsterid&r=g","url":"https:\/\/secure.gravatar.com\/avatar\/04084e6d73c042b8646e7c17b494073bf0ede3ea13c7105cfc45cbbbc28385a4?s=96&d=monsterid&r=g","contentUrl":"https:\/\/secure.gravatar.com\/avatar\/04084e6d73c042b8646e7c17b494073bf0ede3ea13c7105cfc45cbbbc28385a4?s=96&d=monsterid&r=g","caption":"MR News"},"description":"Especializado em jornalismo colaborativo pela FTP em n\u00edvel de p\u00f3s-gradua\u00e7\u00e3o. suporte@oimeliga.combr","sameAs":["HUGO R.","Admin"],"url":"https:\/\/mrnews.com.br\/index.php\/author\/admin\/"}]}},"jetpack_featured_media_url":"https:\/\/mrnews.com.br\/wp-content\/uploads\/2019\/01\/Maiores-cidades-do-mundo.jpg","jetpack_sharing_enabled":true,"jetpack_shortlink":"https:\/\/wp.me\/pa2Qf7-1PvQ","amp_enabled":true,"_links":{"self":[{"href":"https:\/\/mrnews.com.br\/index.php\/wp-json\/wp\/v2\/posts\/436346","targetHints":{"allow":["GET"]}}],"collection":[{"href":"https:\/\/mrnews.com.br\/index.php\/wp-json\/wp\/v2\/posts"}],"about":[{"href":"https:\/\/mrnews.com.br\/index.php\/wp-json\/wp\/v2\/types\/post"}],"author":[{"embeddable":true,"href":"https:\/\/mrnews.com.br\/index.php\/wp-json\/wp\/v2\/users\/1"}],"replies":[{"embeddable":true,"href":"https:\/\/mrnews.com.br\/index.php\/wp-json\/wp\/v2\/comments?post=436346"}],"version-history":[{"count":1,"href":"https:\/\/mrnews.com.br\/index.php\/wp-json\/wp\/v2\/posts\/436346\/revisions"}],"predecessor-version":[{"id":436347,"href":"https:\/\/mrnews.com.br\/index.php\/wp-json\/wp\/v2\/posts\/436346\/revisions\/436347"}],"wp:featuredmedia":[{"embeddable":true,"href":"https:\/\/mrnews.com.br\/index.php\/wp-json\/wp\/v2\/media\/7020"}],"wp:attachment":[{"href":"https:\/\/mrnews.com.br\/index.php\/wp-json\/wp\/v2\/media?parent=436346"}],"wp:term":[{"taxonomy":"category","embeddable":true,"href":"https:\/\/mrnews.com.br\/index.php\/wp-json\/wp\/v2\/categories?post=436346"},{"taxonomy":"post_tag","embeddable":true,"href":"https:\/\/mrnews.com.br\/index.php\/wp-json\/wp\/v2\/tags?post=436346"}],"curies":[{"name":"wp","href":"https:\/\/api.w.org\/{rel}","templated":true}]}}