{"id":437242,"date":"2025-03-08T16:02:38","date_gmt":"2025-03-08T19:02:38","guid":{"rendered":"https:\/\/mrnews.com.br\/?p=437242"},"modified":"2025-03-08T16:02:38","modified_gmt":"2025-03-08T19:02:38","slug":"vasco-atualiza-situacao-medica-de-tche-tche-estrella-adson-e-david","status":"publish","type":"post","link":"https:\/\/mrnews.com.br\/index.php\/2025\/03\/08\/vasco-atualiza-situacao-medica-de-tche-tche-estrella-adson-e-david\/","title":{"rendered":"Vasco Atualiza Situa\u00e7\u00e3o M\u00e9dica de Tch\u00ea Tch\u00ea, Estrella, Adson e David"},"content":{"rendered":"<p><strong>Vasco Atualiza Situa\u00e7\u00e3o M\u00e9dica de Atletas Importantes<\/strong><\/p>\n<p>O Departamento M\u00e9dico do Vasco da Gama divulgou, em 8 de mar\u00e7o de 2025, informa\u00e7\u00f5es atualizadas sobre o estado cl\u00ednico de quatro jogadores-chave: Tch\u00ea Tch\u00ea, Estrella, Adson e David.<\/p>\n<p><strong>Tch\u00ea Tch\u00ea<\/strong><\/p>\n<p>O meio-campista est\u00e1 em fase de recupera\u00e7\u00e3o de uma les\u00e3o no ligamento colateral medial do joelho direito. Atualmente, Tch\u00ea Tch\u00ea participa de atividades no campo, demonstrando progresso em sua recupera\u00e7\u00e3o. \ue200cite\ue202turn0search0\ue201 No entanto, sua presen\u00e7a no cl\u00e1ssico contra o Flamengo \u00e9 incerta, sendo considerado d\u00favida para a partida. \ue200cite\ue202turn0search7\ue201<\/p>\n<p><strong>Estrella e Adson<\/strong><\/p>\n<p>Ambos os jogadores est\u00e3o em fase avan\u00e7ada de recondicionamento f\u00edsico. Estrella j\u00e1 realiza atividades com o grupo, enquanto Adson deve se juntar aos companheiros nos pr\u00f3ximos dias. Estes avan\u00e7os aumentam as expectativas de retorno dos atletas aos gramados em breve. \ue200cite\ue202turn0search0\ue201<\/p>\n<p><strong>David<\/strong><\/p>\n<p>O atacante David, que sofreu uma ruptura do ligamento cruzado anterior (LCA) do joelho esquerdo no final de setembro de 2024, est\u00e1 apresentando evolu\u00e7\u00e3o positiva em sua recupera\u00e7\u00e3o p\u00f3s-cir\u00fargica. Os testes realizados at\u00e9 o momento indicam \u00f3timos resultados, embora o jogador ainda esteja em fase final de recupera\u00e7\u00e3o e n\u00e3o esteja dispon\u00edvel para as pr\u00f3ximas partidas. \ue200cite\ue202turn0search0\ue201<\/p>\n<p><strong>Pr\u00f3ximos Desafios<\/strong><\/p>\n<p>Neste s\u00e1bado, 8 de mar\u00e7o de 2025, o Vasco enfrentar\u00e1 o Flamengo no Est\u00e1dio do Maracan\u00e3, \u00e0s 17h45, pelo segundo jogo da semifinal do Campeonato Carioca. Com desvantagem no confronto, o Vasco busca reverter o placar agregado para garantir uma vaga na final. \ue200cite\ue202turn0search4\ue201<\/p>\n<p>A torcida acompanha atentamente a evolu\u00e7\u00e3o dos jogadores mencionados, na esperan\u00e7a de v\u00ea-los contribuindo com suas habilidades em breve, fortalecendo o elenco vasca\u00edno nas competi\u00e7\u00f5es em andamento.<\/p>\n<h3><strong>Vasco estreia no Brasileir\u00e3o contra o Santos em S\u00e3o Janu\u00e1rio<\/strong><\/h3>\n<p>O <strong>Vasco da Gama<\/strong> far\u00e1 sua estreia no <strong>Campeonato Brasileiro 2025<\/strong> contra o <strong>Santos<\/strong>, no dia <strong>30 de mar\u00e7o (domingo), \u00e0s 18h30<\/strong>, em <strong>S\u00e3o Janu\u00e1rio<\/strong>. A informa\u00e7\u00e3o foi divulgada pelo jornalista <strong>Wellington Campos<\/strong>, da R\u00e1dio Tupi.<\/p>\n<p>A primeira rodada do Brasileir\u00e3o j\u00e1 teve seu desmembramento confirmado, com datas e hor\u00e1rios definidos. O Gigante da Colina busca come\u00e7ar bem a competi\u00e7\u00e3o, especialmente jogando em casa, diante de sua torcida.<\/p>\n<p>A expectativa \u00e9 de casa cheia para esse confronto, que marca o reencontro do Vasco com a elite do futebol brasileiro ap\u00f3s uma temporada de altos e baixos.<\/p>\n<p>&nbsp;<\/p>\n<p>Confira a classifica\u00e7\u00e3o do Campeonato aqui no <a href=\"https:\/\/mrnews.com.br\">MRNews<\/a><\/p>\n<p>&nbsp;<\/p>\n<div id=\"scoreaxis-widget-c4abd\" data-reactroot=\"\"><iframe id=\"Iframe\" style=\"width: 600px; height: 600px; border: none; transition: all 300ms ease;\" src=\"https:\/\/www.scoreaxis.com\/widget\/standings-widget\/648?autoHeight=0&amp;font=0&amp;lang=pt&amp;inst=c4abd\" data-mce-fragment=\"1\"><\/iframe><script>window.addEventListener(\"DOMContentLoaded\",event=>{window.addEventListener(\"message\",event=>{if(event.data.appHeight&&\"c4abd\"==event.data.inst){let container=document.querySelector(\"#scoreaxis-widget-c4abd iframe\");container&&(container.style.height=parseInt(event.data.appHeight)+\"px\")}},!1)});<\/script><\/div>\n<p>TAGS<\/p>\n<p><a href=\"https:\/\/mrnews.com.br\/index.php\/category\/esportes\/times\/vasco\/\">Vasco<\/a>, <a href=\"https:\/\/mrnews.com.br\/index.php\/category\/esportes\/times\/cruzeiro\/\">Cruzeiro<\/a> e <a href=\"https:\/\/mrnews.com.br\/index.php\/category\/esportes\/times\/gremio\/\">Gr\u00eamio<\/a>, e <a href=\"https:\/\/mrnews.com.br\/index.php\/category\/esportes\/times\/bahia\/\">Bahia<\/a> \u00a0<a href=\"https:\/\/mrnews.com.br\/index.php\/category\/esportes\/times\/flamengo\/\">Flamengo<\/a>, <a href=\"https:\/\/mrnews.com.br\/index.php\/category\/esportes\/times\/atletico-mg\/\">Atl\u00e9tico-MG<\/a> e <a href=\"https:\/\/mrnews.com.br\/index.php\/category\/esportes\/times\/palmeiras\/\">Palmeiras<\/a> . <a href=\"https:\/\/mrnews.com.br\/index.php\/category\/esportes\/times\/athletico-pr\/\">Athl\u00e9tico-PR<\/a>, <a href=\"https:\/\/mrnews.com.br\/index.php\/category\/esportes\/times\/sao-paulo\/\">S\u00e3o Paulo<\/a>, <a href=\"https:\/\/mrnews.com.br\/index.php\/category\/esportes\/times\/corinthians\/\">Corinthians<\/a>,\u00a0 <a href=\"https:\/\/mrnews.com.br\/index.php\/category\/esportes\/times\/botafogo\/\">Botafogo<\/a> e \u00a0<a href=\"https:\/\/mrnews.com.br\/index.php\/category\/esportes\/times\/rb-bragantino\/\">RB Bragantino<\/a>,<\/p>\n","protected":false},"excerpt":{"rendered":"<p>Vasco Atualiza Situa\u00e7\u00e3o M\u00e9dica de Atletas Importantes O Departamento M\u00e9dico do Vasco da Gama divulgou, em 8 de mar\u00e7o de 2025, informa\u00e7\u00f5es atualizadas sobre o estado cl\u00ednico de quatro jogadores-chave: Tch\u00ea Tch\u00ea, Estrella, Adson e David. Tch\u00ea Tch\u00ea O meio-campista est\u00e1 em fase de recupera\u00e7\u00e3o de uma les\u00e3o no ligamento colateral medial do joelho direito. &hellip;<\/p>\n","protected":false},"author":1,"featured_media":425924,"comment_status":"open","ping_status":"open","sticky":false,"template":"","format":"standard","meta":{"_jetpack_memberships_contains_paid_content":false,"footnotes":""},"categories":[9574,9677,9607,9675,9641,9249,9580,12423,9654,12001,3,4587,9606,9645,9573,9646,9576,9759,9579,9614,9612,9600,9662],"tags":[12557,7429,12434,12435],"class_list":["post-437242","post","type-post","status-publish","format-standard","has-post-thumbnail","hentry","category-athletico-pr","category-atletico-go","category-atletico-mg","category-bahia","category-botafogo","category-campeonato-brasileiro","category-corinthians","category-criciuma","category-cruzeiro","category-cuiaba","category-esportes1","category-esportes","category-flamengo","category-fluminense","category-fortaleza","category-gremio","category-internacional","category-juventude","category-palmeiras","category-rb-bragantino","category-sao-paulo","category-vasco","category-vitoria","tag-cuiaba-x-corinthians","tag-futemax","tag-futmax-jogos-de-hoje-ao-vivo","tag-jogos-de-amanha-na-tv"],"yoast_head":"<!-- This site is optimized with the Yoast SEO plugin v27.5 - https:\/\/yoast.com\/product\/yoast-seo-wordpress\/ -->\n<title>Vasco Atualiza Situa\u00e7\u00e3o M\u00e9dica de Tch\u00ea Tch\u00ea, Estrella, Adson e David<\/title>\n<meta name=\"robots\" content=\"index, follow, max-snippet:-1, max-image-preview:large, max-video-preview:-1\" \/>\n<link rel=\"canonical\" href=\"https:\/\/mrnews.com.br\/index.php\/2025\/03\/08\/vasco-atualiza-situacao-medica-de-tche-tche-estrella-adson-e-david\/\" \/>\n<meta property=\"og:locale\" content=\"pt_BR\" \/>\n<meta property=\"og:type\" content=\"article\" \/>\n<meta property=\"og:title\" content=\"Vasco Atualiza Situa\u00e7\u00e3o M\u00e9dica de Tch\u00ea Tch\u00ea, Estrella, Adson e David\" \/>\n<meta property=\"og:description\" content=\"Vasco Atualiza Situa\u00e7\u00e3o M\u00e9dica de Atletas Importantes O Departamento M\u00e9dico do Vasco da Gama divulgou, em 8 de mar\u00e7o de 2025, informa\u00e7\u00f5es atualizadas sobre o estado cl\u00ednico de quatro jogadores-chave: Tch\u00ea Tch\u00ea, Estrella, Adson e David. Tch\u00ea Tch\u00ea O meio-campista est\u00e1 em fase de recupera\u00e7\u00e3o de uma les\u00e3o no ligamento colateral medial do joelho direito. &hellip;\" \/>\n<meta property=\"og:url\" content=\"https:\/\/mrnews.com.br\/index.php\/2025\/03\/08\/vasco-atualiza-situacao-medica-de-tche-tche-estrella-adson-e-david\/\" \/>\n<meta property=\"og:site_name\" content=\"MRNews\" \/>\n<meta property=\"article:publisher\" content=\"https:\/\/www.facebook.com\/eaipahpah\/?locale2=pt_BR\" \/>\n<meta property=\"article:published_time\" content=\"2025-03-08T19:02:38+00:00\" \/>\n<meta property=\"og:image\" content=\"https:\/\/mrnews.com.br\/wp-content\/uploads\/2024\/08\/20240806-141827-1-philippe-coutinho-foto-matheus-limavasco.jpg\" \/>\n\t<meta property=\"og:image:width\" content=\"888\" \/>\n\t<meta property=\"og:image:height\" content=\"592\" \/>\n\t<meta property=\"og:image:type\" content=\"image\/jpeg\" \/>\n<meta name=\"author\" content=\"MR News\" \/>\n<meta name=\"twitter:card\" content=\"summary_large_image\" \/>\n<meta name=\"twitter:creator\" content=\"@conspirou\" \/>\n<meta name=\"twitter:site\" content=\"@conspirou\" \/>\n<meta name=\"twitter:label1\" content=\"Escrito por\" \/>\n\t<meta name=\"twitter:data1\" content=\"MR News\" \/>\n\t<meta name=\"twitter:label2\" content=\"Est. tempo de leitura\" \/>\n\t<meta name=\"twitter:data2\" content=\"3 minutos\" \/>\n<script type=\"application\/ld+json\" class=\"yoast-schema-graph\">{\"@context\":\"https:\\\/\\\/schema.org\",\"@graph\":[{\"@type\":\"Article\",\"@id\":\"https:\\\/\\\/mrnews.com.br\\\/index.php\\\/2025\\\/03\\\/08\\\/vasco-atualiza-situacao-medica-de-tche-tche-estrella-adson-e-david\\\/#article\",\"isPartOf\":{\"@id\":\"https:\\\/\\\/mrnews.com.br\\\/index.php\\\/2025\\\/03\\\/08\\\/vasco-atualiza-situacao-medica-de-tche-tche-estrella-adson-e-david\\\/\"},\"author\":{\"name\":\"MR News\",\"@id\":\"https:\\\/\\\/mrnews.com.br\\\/#\\\/schema\\\/person\\\/be3203154562a9f207407861cef7827b\"},\"headline\":\"Vasco Atualiza Situa\u00e7\u00e3o M\u00e9dica de Tch\u00ea Tch\u00ea, Estrella, Adson e David\",\"datePublished\":\"2025-03-08T19:02:38+00:00\",\"mainEntityOfPage\":{\"@id\":\"https:\\\/\\\/mrnews.com.br\\\/index.php\\\/2025\\\/03\\\/08\\\/vasco-atualiza-situacao-medica-de-tche-tche-estrella-adson-e-david\\\/\"},\"wordCount\":463,\"commentCount\":0,\"publisher\":{\"@id\":\"https:\\\/\\\/mrnews.com.br\\\/#organization\"},\"image\":{\"@id\":\"https:\\\/\\\/mrnews.com.br\\\/index.php\\\/2025\\\/03\\\/08\\\/vasco-atualiza-situacao-medica-de-tche-tche-estrella-adson-e-david\\\/#primaryimage\"},\"thumbnailUrl\":\"https:\\\/\\\/mrnews.com.br\\\/wp-content\\\/uploads\\\/2024\\\/08\\\/20240806-141827-1-philippe-coutinho-foto-matheus-limavasco.jpg\",\"keywords\":[\"Cuiab\u00e1 x Corinthians\",\"futemax\",\"futmax jogos de hoje ao vivo\",\"jogos de amanh\u00e3 na tv\"],\"articleSection\":[\"Athletico-PR\",\"Atl\u00e9tico-GO\",\"Atl\u00e9tico-MG\",\"Bahia\",\"Botafogo\",\"Campeonato brasileiro\",\"Corinthians\",\"Crici\u00fama\",\"Cruzeiro\",\"Cuiaba\",\"ESPORTES\",\"Esportes\",\"Flamengo\",\"Fluminense\",\"Fortaleza\",\"Gr\u00eamio\",\"Internacional\",\"Juventude\",\"Palmeiras\",\"RB Bragantino\",\"S\u00e3o Paulo\",\"VASCO\",\"Vit\u00f3ria\"],\"inLanguage\":\"pt-BR\",\"potentialAction\":[{\"@type\":\"CommentAction\",\"name\":\"Comment\",\"target\":[\"https:\\\/\\\/mrnews.com.br\\\/index.php\\\/2025\\\/03\\\/08\\\/vasco-atualiza-situacao-medica-de-tche-tche-estrella-adson-e-david\\\/#respond\"]}]},{\"@type\":\"WebPage\",\"@id\":\"https:\\\/\\\/mrnews.com.br\\\/index.php\\\/2025\\\/03\\\/08\\\/vasco-atualiza-situacao-medica-de-tche-tche-estrella-adson-e-david\\\/\",\"url\":\"https:\\\/\\\/mrnews.com.br\\\/index.php\\\/2025\\\/03\\\/08\\\/vasco-atualiza-situacao-medica-de-tche-tche-estrella-adson-e-david\\\/\",\"name\":\"Vasco Atualiza Situa\u00e7\u00e3o M\u00e9dica de Tch\u00ea Tch\u00ea, Estrella, Adson e David\",\"isPartOf\":{\"@id\":\"https:\\\/\\\/mrnews.com.br\\\/#website\"},\"primaryImageOfPage\":{\"@id\":\"https:\\\/\\\/mrnews.com.br\\\/index.php\\\/2025\\\/03\\\/08\\\/vasco-atualiza-situacao-medica-de-tche-tche-estrella-adson-e-david\\\/#primaryimage\"},\"image\":{\"@id\":\"https:\\\/\\\/mrnews.com.br\\\/index.php\\\/2025\\\/03\\\/08\\\/vasco-atualiza-situacao-medica-de-tche-tche-estrella-adson-e-david\\\/#primaryimage\"},\"thumbnailUrl\":\"https:\\\/\\\/mrnews.com.br\\\/wp-content\\\/uploads\\\/2024\\\/08\\\/20240806-141827-1-philippe-coutinho-foto-matheus-limavasco.jpg\",\"datePublished\":\"2025-03-08T19:02:38+00:00\",\"breadcrumb\":{\"@id\":\"https:\\\/\\\/mrnews.com.br\\\/index.php\\\/2025\\\/03\\\/08\\\/vasco-atualiza-situacao-medica-de-tche-tche-estrella-adson-e-david\\\/#breadcrumb\"},\"inLanguage\":\"pt-BR\",\"potentialAction\":[{\"@type\":\"ReadAction\",\"target\":[\"https:\\\/\\\/mrnews.com.br\\\/index.php\\\/2025\\\/03\\\/08\\\/vasco-atualiza-situacao-medica-de-tche-tche-estrella-adson-e-david\\\/\"]}]},{\"@type\":\"ImageObject\",\"inLanguage\":\"pt-BR\",\"@id\":\"https:\\\/\\\/mrnews.com.br\\\/index.php\\\/2025\\\/03\\\/08\\\/vasco-atualiza-situacao-medica-de-tche-tche-estrella-adson-e-david\\\/#primaryimage\",\"url\":\"https:\\\/\\\/mrnews.com.br\\\/wp-content\\\/uploads\\\/2024\\\/08\\\/20240806-141827-1-philippe-coutinho-foto-matheus-limavasco.jpg\",\"contentUrl\":\"https:\\\/\\\/mrnews.com.br\\\/wp-content\\\/uploads\\\/2024\\\/08\\\/20240806-141827-1-philippe-coutinho-foto-matheus-limavasco.jpg\",\"width\":888,\"height\":592},{\"@type\":\"BreadcrumbList\",\"@id\":\"https:\\\/\\\/mrnews.com.br\\\/index.php\\\/2025\\\/03\\\/08\\\/vasco-atualiza-situacao-medica-de-tche-tche-estrella-adson-e-david\\\/#breadcrumb\",\"itemListElement\":[{\"@type\":\"ListItem\",\"position\":1,\"name\":\"In\u00edcio\",\"item\":\"https:\\\/\\\/mrnews.com.br\\\/\"},{\"@type\":\"ListItem\",\"position\":2,\"name\":\"Vasco Atualiza Situa\u00e7\u00e3o M\u00e9dica de Tch\u00ea Tch\u00ea, Estrella, Adson e David\"}]},{\"@type\":\"WebSite\",\"@id\":\"https:\\\/\\\/mrnews.com.br\\\/#website\",\"url\":\"https:\\\/\\\/mrnews.com.br\\\/\",\"name\":\"MRNews\",\"description\":\"MRNews Jogos de hoje da TV, transmiss\u00f5es ao vivo, Not\u00edcias de futebol, Jogos ao vivo, Lives, resumo de novelas, Programa\u00e7\u00e3o da Globo, A Fazenda e BBB\",\"publisher\":{\"@id\":\"https:\\\/\\\/mrnews.com.br\\\/#organization\"},\"potentialAction\":[{\"@type\":\"SearchAction\",\"target\":{\"@type\":\"EntryPoint\",\"urlTemplate\":\"https:\\\/\\\/mrnews.com.br\\\/?s={search_term_string}\"},\"query-input\":{\"@type\":\"PropertyValueSpecification\",\"valueRequired\":true,\"valueName\":\"search_term_string\"}}],\"inLanguage\":\"pt-BR\"},{\"@type\":\"Organization\",\"@id\":\"https:\\\/\\\/mrnews.com.br\\\/#organization\",\"name\":\"MRNews\",\"url\":\"https:\\\/\\\/mrnews.com.br\\\/\",\"logo\":{\"@type\":\"ImageObject\",\"inLanguage\":\"pt-BR\",\"@id\":\"https:\\\/\\\/mrnews.com.br\\\/#\\\/schema\\\/logo\\\/image\\\/\",\"url\":\"https:\\\/\\\/mrnews.com.br\\\/wp-content\\\/uploads\\\/2019\\\/06\\\/MRNewslogo2.png\",\"contentUrl\":\"https:\\\/\\\/mrnews.com.br\\\/wp-content\\\/uploads\\\/2019\\\/06\\\/MRNewslogo2.png\",\"width\":223,\"height\":58,\"caption\":\"MRNews\"},\"image\":{\"@id\":\"https:\\\/\\\/mrnews.com.br\\\/#\\\/schema\\\/logo\\\/image\\\/\"},\"sameAs\":[\"https:\\\/\\\/www.facebook.com\\\/eaipahpah\\\/?locale2=pt_BR\",\"https:\\\/\\\/x.com\\\/conspirou\",\"https:\\\/\\\/www.instagram.com\\\/eai_pahpah\",\"https:\\\/\\\/br.pinterest.com\\\/mrnewsn\\\/boards\\\/\",\"https:\\\/\\\/www.youtube.com\\\/channel\\\/UCacgnpznQ61fifLWr1tQ-vA?view_as=subscriber\"]},{\"@type\":\"Person\",\"@id\":\"https:\\\/\\\/mrnews.com.br\\\/#\\\/schema\\\/person\\\/be3203154562a9f207407861cef7827b\",\"name\":\"MR News\",\"image\":{\"@type\":\"ImageObject\",\"inLanguage\":\"pt-BR\",\"@id\":\"https:\\\/\\\/secure.gravatar.com\\\/avatar\\\/04084e6d73c042b8646e7c17b494073bf0ede3ea13c7105cfc45cbbbc28385a4?s=96&d=monsterid&r=g\",\"url\":\"https:\\\/\\\/secure.gravatar.com\\\/avatar\\\/04084e6d73c042b8646e7c17b494073bf0ede3ea13c7105cfc45cbbbc28385a4?s=96&d=monsterid&r=g\",\"contentUrl\":\"https:\\\/\\\/secure.gravatar.com\\\/avatar\\\/04084e6d73c042b8646e7c17b494073bf0ede3ea13c7105cfc45cbbbc28385a4?s=96&d=monsterid&r=g\",\"caption\":\"MR News\"},\"description\":\"Especializado em jornalismo colaborativo pela FTP em n\u00edvel de p\u00f3s-gradua\u00e7\u00e3o. suporte@oimeliga.combr\",\"sameAs\":[\"HUGO R.\",\"Admin\"],\"url\":\"https:\\\/\\\/mrnews.com.br\\\/index.php\\\/author\\\/admin\\\/\"}]}<\/script>\n<!-- \/ Yoast SEO plugin. -->","yoast_head_json":{"title":"Vasco Atualiza Situa\u00e7\u00e3o M\u00e9dica de Tch\u00ea Tch\u00ea, Estrella, Adson e David","robots":{"index":"index","follow":"follow","max-snippet":"max-snippet:-1","max-image-preview":"max-image-preview:large","max-video-preview":"max-video-preview:-1"},"canonical":"https:\/\/mrnews.com.br\/index.php\/2025\/03\/08\/vasco-atualiza-situacao-medica-de-tche-tche-estrella-adson-e-david\/","og_locale":"pt_BR","og_type":"article","og_title":"Vasco Atualiza Situa\u00e7\u00e3o M\u00e9dica de Tch\u00ea Tch\u00ea, Estrella, Adson e David","og_description":"Vasco Atualiza Situa\u00e7\u00e3o M\u00e9dica de Atletas Importantes O Departamento M\u00e9dico do Vasco da Gama divulgou, em 8 de mar\u00e7o de 2025, informa\u00e7\u00f5es atualizadas sobre o estado cl\u00ednico de quatro jogadores-chave: Tch\u00ea Tch\u00ea, Estrella, Adson e David. Tch\u00ea Tch\u00ea O meio-campista est\u00e1 em fase de recupera\u00e7\u00e3o de uma les\u00e3o no ligamento colateral medial do joelho direito. &hellip;","og_url":"https:\/\/mrnews.com.br\/index.php\/2025\/03\/08\/vasco-atualiza-situacao-medica-de-tche-tche-estrella-adson-e-david\/","og_site_name":"MRNews","article_publisher":"https:\/\/www.facebook.com\/eaipahpah\/?locale2=pt_BR","article_published_time":"2025-03-08T19:02:38+00:00","og_image":[{"width":888,"height":592,"url":"https:\/\/mrnews.com.br\/wp-content\/uploads\/2024\/08\/20240806-141827-1-philippe-coutinho-foto-matheus-limavasco.jpg","type":"image\/jpeg"}],"author":"MR News","twitter_card":"summary_large_image","twitter_creator":"@conspirou","twitter_site":"@conspirou","twitter_misc":{"Escrito por":"MR News","Est. tempo de leitura":"3 minutos"},"schema":{"@context":"https:\/\/schema.org","@graph":[{"@type":"Article","@id":"https:\/\/mrnews.com.br\/index.php\/2025\/03\/08\/vasco-atualiza-situacao-medica-de-tche-tche-estrella-adson-e-david\/#article","isPartOf":{"@id":"https:\/\/mrnews.com.br\/index.php\/2025\/03\/08\/vasco-atualiza-situacao-medica-de-tche-tche-estrella-adson-e-david\/"},"author":{"name":"MR News","@id":"https:\/\/mrnews.com.br\/#\/schema\/person\/be3203154562a9f207407861cef7827b"},"headline":"Vasco Atualiza Situa\u00e7\u00e3o M\u00e9dica de Tch\u00ea Tch\u00ea, Estrella, Adson e David","datePublished":"2025-03-08T19:02:38+00:00","mainEntityOfPage":{"@id":"https:\/\/mrnews.com.br\/index.php\/2025\/03\/08\/vasco-atualiza-situacao-medica-de-tche-tche-estrella-adson-e-david\/"},"wordCount":463,"commentCount":0,"publisher":{"@id":"https:\/\/mrnews.com.br\/#organization"},"image":{"@id":"https:\/\/mrnews.com.br\/index.php\/2025\/03\/08\/vasco-atualiza-situacao-medica-de-tche-tche-estrella-adson-e-david\/#primaryimage"},"thumbnailUrl":"https:\/\/mrnews.com.br\/wp-content\/uploads\/2024\/08\/20240806-141827-1-philippe-coutinho-foto-matheus-limavasco.jpg","keywords":["Cuiab\u00e1 x Corinthians","futemax","futmax jogos de hoje ao vivo","jogos de amanh\u00e3 na tv"],"articleSection":["Athletico-PR","Atl\u00e9tico-GO","Atl\u00e9tico-MG","Bahia","Botafogo","Campeonato brasileiro","Corinthians","Crici\u00fama","Cruzeiro","Cuiaba","ESPORTES","Esportes","Flamengo","Fluminense","Fortaleza","Gr\u00eamio","Internacional","Juventude","Palmeiras","RB Bragantino","S\u00e3o Paulo","VASCO","Vit\u00f3ria"],"inLanguage":"pt-BR","potentialAction":[{"@type":"CommentAction","name":"Comment","target":["https:\/\/mrnews.com.br\/index.php\/2025\/03\/08\/vasco-atualiza-situacao-medica-de-tche-tche-estrella-adson-e-david\/#respond"]}]},{"@type":"WebPage","@id":"https:\/\/mrnews.com.br\/index.php\/2025\/03\/08\/vasco-atualiza-situacao-medica-de-tche-tche-estrella-adson-e-david\/","url":"https:\/\/mrnews.com.br\/index.php\/2025\/03\/08\/vasco-atualiza-situacao-medica-de-tche-tche-estrella-adson-e-david\/","name":"Vasco Atualiza Situa\u00e7\u00e3o M\u00e9dica de Tch\u00ea Tch\u00ea, Estrella, Adson e David","isPartOf":{"@id":"https:\/\/mrnews.com.br\/#website"},"primaryImageOfPage":{"@id":"https:\/\/mrnews.com.br\/index.php\/2025\/03\/08\/vasco-atualiza-situacao-medica-de-tche-tche-estrella-adson-e-david\/#primaryimage"},"image":{"@id":"https:\/\/mrnews.com.br\/index.php\/2025\/03\/08\/vasco-atualiza-situacao-medica-de-tche-tche-estrella-adson-e-david\/#primaryimage"},"thumbnailUrl":"https:\/\/mrnews.com.br\/wp-content\/uploads\/2024\/08\/20240806-141827-1-philippe-coutinho-foto-matheus-limavasco.jpg","datePublished":"2025-03-08T19:02:38+00:00","breadcrumb":{"@id":"https:\/\/mrnews.com.br\/index.php\/2025\/03\/08\/vasco-atualiza-situacao-medica-de-tche-tche-estrella-adson-e-david\/#breadcrumb"},"inLanguage":"pt-BR","potentialAction":[{"@type":"ReadAction","target":["https:\/\/mrnews.com.br\/index.php\/2025\/03\/08\/vasco-atualiza-situacao-medica-de-tche-tche-estrella-adson-e-david\/"]}]},{"@type":"ImageObject","inLanguage":"pt-BR","@id":"https:\/\/mrnews.com.br\/index.php\/2025\/03\/08\/vasco-atualiza-situacao-medica-de-tche-tche-estrella-adson-e-david\/#primaryimage","url":"https:\/\/mrnews.com.br\/wp-content\/uploads\/2024\/08\/20240806-141827-1-philippe-coutinho-foto-matheus-limavasco.jpg","contentUrl":"https:\/\/mrnews.com.br\/wp-content\/uploads\/2024\/08\/20240806-141827-1-philippe-coutinho-foto-matheus-limavasco.jpg","width":888,"height":592},{"@type":"BreadcrumbList","@id":"https:\/\/mrnews.com.br\/index.php\/2025\/03\/08\/vasco-atualiza-situacao-medica-de-tche-tche-estrella-adson-e-david\/#breadcrumb","itemListElement":[{"@type":"ListItem","position":1,"name":"In\u00edcio","item":"https:\/\/mrnews.com.br\/"},{"@type":"ListItem","position":2,"name":"Vasco Atualiza Situa\u00e7\u00e3o M\u00e9dica de Tch\u00ea Tch\u00ea, Estrella, Adson e David"}]},{"@type":"WebSite","@id":"https:\/\/mrnews.com.br\/#website","url":"https:\/\/mrnews.com.br\/","name":"MRNews","description":"MRNews Jogos de hoje da TV, transmiss\u00f5es ao vivo, Not\u00edcias de futebol, Jogos ao vivo, Lives, resumo de novelas, Programa\u00e7\u00e3o da Globo, A Fazenda e BBB","publisher":{"@id":"https:\/\/mrnews.com.br\/#organization"},"potentialAction":[{"@type":"SearchAction","target":{"@type":"EntryPoint","urlTemplate":"https:\/\/mrnews.com.br\/?s={search_term_string}"},"query-input":{"@type":"PropertyValueSpecification","valueRequired":true,"valueName":"search_term_string"}}],"inLanguage":"pt-BR"},{"@type":"Organization","@id":"https:\/\/mrnews.com.br\/#organization","name":"MRNews","url":"https:\/\/mrnews.com.br\/","logo":{"@type":"ImageObject","inLanguage":"pt-BR","@id":"https:\/\/mrnews.com.br\/#\/schema\/logo\/image\/","url":"https:\/\/mrnews.com.br\/wp-content\/uploads\/2019\/06\/MRNewslogo2.png","contentUrl":"https:\/\/mrnews.com.br\/wp-content\/uploads\/2019\/06\/MRNewslogo2.png","width":223,"height":58,"caption":"MRNews"},"image":{"@id":"https:\/\/mrnews.com.br\/#\/schema\/logo\/image\/"},"sameAs":["https:\/\/www.facebook.com\/eaipahpah\/?locale2=pt_BR","https:\/\/x.com\/conspirou","https:\/\/www.instagram.com\/eai_pahpah","https:\/\/br.pinterest.com\/mrnewsn\/boards\/","https:\/\/www.youtube.com\/channel\/UCacgnpznQ61fifLWr1tQ-vA?view_as=subscriber"]},{"@type":"Person","@id":"https:\/\/mrnews.com.br\/#\/schema\/person\/be3203154562a9f207407861cef7827b","name":"MR News","image":{"@type":"ImageObject","inLanguage":"pt-BR","@id":"https:\/\/secure.gravatar.com\/avatar\/04084e6d73c042b8646e7c17b494073bf0ede3ea13c7105cfc45cbbbc28385a4?s=96&d=monsterid&r=g","url":"https:\/\/secure.gravatar.com\/avatar\/04084e6d73c042b8646e7c17b494073bf0ede3ea13c7105cfc45cbbbc28385a4?s=96&d=monsterid&r=g","contentUrl":"https:\/\/secure.gravatar.com\/avatar\/04084e6d73c042b8646e7c17b494073bf0ede3ea13c7105cfc45cbbbc28385a4?s=96&d=monsterid&r=g","caption":"MR News"},"description":"Especializado em jornalismo colaborativo pela FTP em n\u00edvel de p\u00f3s-gradua\u00e7\u00e3o. suporte@oimeliga.combr","sameAs":["HUGO R.","Admin"],"url":"https:\/\/mrnews.com.br\/index.php\/author\/admin\/"}]}},"jetpack_featured_media_url":"https:\/\/mrnews.com.br\/wp-content\/uploads\/2024\/08\/20240806-141827-1-philippe-coutinho-foto-matheus-limavasco.jpg","jetpack_sharing_enabled":true,"jetpack_shortlink":"https:\/\/wp.me\/pa2Qf7-1PKi","amp_enabled":true,"_links":{"self":[{"href":"https:\/\/mrnews.com.br\/index.php\/wp-json\/wp\/v2\/posts\/437242","targetHints":{"allow":["GET"]}}],"collection":[{"href":"https:\/\/mrnews.com.br\/index.php\/wp-json\/wp\/v2\/posts"}],"about":[{"href":"https:\/\/mrnews.com.br\/index.php\/wp-json\/wp\/v2\/types\/post"}],"author":[{"embeddable":true,"href":"https:\/\/mrnews.com.br\/index.php\/wp-json\/wp\/v2\/users\/1"}],"replies":[{"embeddable":true,"href":"https:\/\/mrnews.com.br\/index.php\/wp-json\/wp\/v2\/comments?post=437242"}],"version-history":[{"count":1,"href":"https:\/\/mrnews.com.br\/index.php\/wp-json\/wp\/v2\/posts\/437242\/revisions"}],"predecessor-version":[{"id":437245,"href":"https:\/\/mrnews.com.br\/index.php\/wp-json\/wp\/v2\/posts\/437242\/revisions\/437245"}],"wp:featuredmedia":[{"embeddable":true,"href":"https:\/\/mrnews.com.br\/index.php\/wp-json\/wp\/v2\/media\/425924"}],"wp:attachment":[{"href":"https:\/\/mrnews.com.br\/index.php\/wp-json\/wp\/v2\/media?parent=437242"}],"wp:term":[{"taxonomy":"category","embeddable":true,"href":"https:\/\/mrnews.com.br\/index.php\/wp-json\/wp\/v2\/categories?post=437242"},{"taxonomy":"post_tag","embeddable":true,"href":"https:\/\/mrnews.com.br\/index.php\/wp-json\/wp\/v2\/tags?post=437242"}],"curies":[{"name":"wp","href":"https:\/\/api.w.org\/{rel}","templated":true}]}}