{"id":437713,"date":"2025-03-12T16:59:17","date_gmt":"2025-03-12T19:59:17","guid":{"rendered":"https:\/\/mrnews.com.br\/?p=437713"},"modified":"2025-03-12T16:59:17","modified_gmt":"2025-03-12T19:59:17","slug":"caso-vitoria-resultado-de-laudo-preliminar-choca-policia","status":"publish","type":"post","link":"https:\/\/mrnews.com.br\/index.php\/2025\/03\/12\/caso-vitoria-resultado-de-laudo-preliminar-choca-policia\/","title":{"rendered":"Caso Vit\u00f3ria, resultado de laudo preliminar choca pol\u00edcia"},"content":{"rendered":"<p>Vit\u00f3ria Regina de Sousa, de 17 anos, desapareceu em 26 de fevereiro de 2025, em Cajamar, na Grande S\u00e3o Paulo. Seu corpo foi encontrado em 5 de mar\u00e7o, em uma \u00e1rea de mata, apresentando sinais de viol\u00eancia extrema.<\/p>\n<p>O laudo preliminar do Instituto M\u00e9dico Legal revelou detalhes perturbadores sobre as circunst\u00e2ncias de sua morte. Vit\u00f3ria foi mantida em cativeiro por aproximadamente 48 horas, per\u00edodo durante o qual sofreu abuso sexual por m\u00faltiplos agressores. Al\u00e9m disso, exames toxicol\u00f3gicos indicam que ela foi for\u00e7ada a ingerir subst\u00e2ncias entorpecentes. A causa da morte foi estrangulamento, seguido de facadas no t\u00f3rax, pesco\u00e7o e rosto ap\u00f3s o \u00f3bito.<\/p>\n<p>Maicol Ant\u00f4nio Sales dos Santos, principal suspeito do crime, est\u00e1 preso. Investiga\u00e7\u00f5es apontam que, em seu celular, foram encontradas pesquisas sobre &#8220;como limpar cena de crime&#8221;. Al\u00e9m disso, vest\u00edgios de sangue humano foram detectados em seu banheiro, e exames est\u00e3o sendo realizados para confirmar se o material \u00e9 compat\u00edvel com o de Vit\u00f3ria. \ue200cite\ue202turn0search2\ue201<\/p>\n<p>A pol\u00edcia continua a busca por outros poss\u00edveis envolvidos, com a Justi\u00e7a j\u00e1 tendo negado pedidos de pris\u00e3o para dois suspeitos adicionais, incluindo Gustavo Vin\u00edcius, ex-namorado de Vit\u00f3ria. Gustavo nega qualquer envolvimento no crime e expressa temor por sua seguran\u00e7a devido \u00e0s amea\u00e7as recebidas ap\u00f3s a divulga\u00e7\u00e3o de seu nome. \ue200cite\ue202turn0search0\ue201<\/p>\n<p>As autoridades seguem coletando evid\u00eancias para elucidar completamente o caso e responsabilizar os envolvidos.<\/p>\n<p>\ue200video\ue202Laudo preliminar aponta tortura e abuso em cativeiro no caso Vit\u00f3ria\ue202turn0search1\ue201<\/p>\n<p><strong>Caso Vit\u00f3ria: Maicol Pode Confessar o Crime e Revelar Detalhes Importantes<\/strong><\/p>\n<p>O <strong>Cidade Alerta<\/strong> revelou que Maicol, principal suspeito pela morte de Vit\u00f3ria Regina de Souza, est\u00e1 cogitando confessar o crime e revelar todas as informa\u00e7\u00f5es que possui sobre o caso. De acordo com as apura\u00e7\u00f5es, Maicol teria se mostrado indignado e afirmou que n\u00e3o agiu sozinho. Ele tamb\u00e9m declarou que pretende expor a verdade sobre o ocorrido. Al\u00e9m disso, o suspeito teme pela pr\u00f3pria seguran\u00e7a caso seja condenado como o \u00fanico respons\u00e1vel pela morte de <a href=\"https:\/\/mybb.com.br\">Caso Vit\u00f3ria<\/a>.<\/p>\n<p>A jovem Vit\u00f3ria foi brutalmente assassinada em <strong>Cajamar<\/strong>, com ind\u00edcios de abuso sexual e estrangulamento, conforme o laudo preliminar da pol\u00edcia. Durante a investiga\u00e7\u00e3o, foram encontrados objetos pr\u00f3ximos ao local do crime, como uma enxada, uma p\u00e1 e luvas, que podem estar relacionados ao assassinato.<\/p>\n<p>Maicol, ao admitir que n\u00e3o esteve sozinho no crime, parece tentar se proteger, revelando a possibilidade de outras pessoas estarem envolvidas. Ele tamb\u00e9m expressou medo por sua vida caso a condena\u00e7\u00e3o recaia exclusivamente sobre ele.<\/p>\n<p>A pol\u00edcia continua a investiga\u00e7\u00e3o, buscando novas pistas e aguardando a confirma\u00e7\u00e3o da poss\u00edvel confiss\u00e3o do suspeito, que pode ser crucial para esclarecer todos os detalhes do caso.<\/p>\n<p><strong>Para mais atualiza\u00e7\u00f5es, continue acompanhando as informa\u00e7\u00f5es sobre o caso Vit\u00f3ria no portal R7 e no programa Cidade Alerta.<\/strong><\/p>\n<p><iframe loading=\"lazy\" title=\"R7 Video Player\" src=\"https:\/\/record.r7.com\/player\/5cee2ec3-e7ad-4043-9f22-2665a776f539\/\" width=\"640\" height=\"360\" frameborder=\"0\" allowfullscreen=\"allowfullscreen\"><\/iframe><\/p>\n<p><strong>Caso Vit\u00f3ria: Pol\u00edcia Descobre Cativeiro Onde Jovem Foi Mantida Antes do Crime<\/strong><\/p>\n<p>A investiga\u00e7\u00e3o sobre o assassinato de Vit\u00f3ria Regina de Souza, de 17 anos, ganhou um novo desdobramento com a descoberta de que a jovem foi mantida em cativeiro antes de sua morte. Inicialmente, acreditava-se que o crime ocorreu no local onde o corpo foi encontrado, mas a Pol\u00edcia Civil de Cajamar, na Grande S\u00e3o Paulo, revelou que ela ficou presa por pelo menos dois dias antes de ser brutalmente assassinada.<\/p>\n<p>Os investigadores indicam que o homic\u00eddio foi cometido por mais de uma pessoa e envolveu atos de tortura. No local onde o corpo foi localizado, havia sinais claros de viol\u00eancia, incluindo a cabe\u00e7a raspada da v\u00edtima e pe\u00e7as de roupa espalhadas, que agora passar\u00e3o por an\u00e1lise pericial para coletar evid\u00eancias sobre o caso.<\/p>\n<p>A descoberta do cativeiro sugere que Vit\u00f3ria pode ter sofrido agress\u00f5es antes de ser morta. A pol\u00edcia trabalha com a hip\u00f3tese de que o crime tenha sido motivado por vingan\u00e7a ou desaven\u00e7as pessoais. As autoridades continuam coletando depoimentos e reunindo provas para identificar e prender todos os envolvidos.<\/p>\n<p>A pol\u00edcia solicita que qualquer pessoa com informa\u00e7\u00f5es sobre o crime entre em contato para auxiliar nas investiga\u00e7\u00f5es. O caso segue mobilizando os investigadores, que buscam esclarecer os detalhes do crime e garantir justi\u00e7a para a jovem Vit\u00f3ria.<\/p>\n<h3><strong>Caso Vit\u00f3ria: Pai teria pedido \u2018present\u00e3o\u2019 ao prefeito enquanto filha estava desaparecida<\/strong><\/h3>\n<p>O caso do desaparecimento da pequena Vit\u00f3ria ganhou um novo e surpreendente cap\u00edtulo. Segundo informa\u00e7\u00f5es reveladas recentemente, o pai da menina teria solicitado um \u201cpresent\u00e3o\u201d ao prefeito da cidade enquanto sua filha ainda estava desaparecida. A revela\u00e7\u00e3o causou indigna\u00e7\u00e3o e levantou questionamentos sobre o comportamento do homem durante as buscas pela crian\u00e7a.<\/p>\n<h3><strong>Pedido pol\u00eamico<\/strong><\/h3>\n<p>De acordo com fontes pr\u00f3ximas \u00e0 investiga\u00e7\u00e3o, o pai de Vit\u00f3ria teria feito o pedido ao prefeito em um momento cr\u00edtico, quando as buscas pela menina estavam em andamento. O teor exato do \u201cpresent\u00e3o\u201d n\u00e3o foi divulgado oficialmente, mas a atitude gerou desconfian\u00e7a tanto entre as autoridades quanto na opini\u00e3o p\u00fablica.<\/p>\n<p>A postura do pai j\u00e1 vinha sendo questionada devido a algumas contradi\u00e7\u00f5es em seus depoimentos e ao comportamento considerado frio em momentos-chave do caso. A nova revela\u00e7\u00e3o refor\u00e7a as suspeitas de que ele poderia estar mais preocupado com benef\u00edcios pr\u00f3prios do que com o paradeiro da filha.<\/p>\n<h3><strong>Investiga\u00e7\u00f5es continuam<\/strong><\/h3>\n<p>A pol\u00edcia segue analisando todos os elementos do caso para entender o que realmente aconteceu com Vit\u00f3ria. O comportamento dos familiares continua sendo investigado, assim como poss\u00edveis interesses ocultos por tr\u00e1s de suas a\u00e7\u00f5es durante o desaparecimento da menina.<\/p>\n<p>A popula\u00e7\u00e3o, que acompanhou com apreens\u00e3o o sumi\u00e7o da crian\u00e7a, agora cobra respostas e justi\u00e7a. Novas informa\u00e7\u00f5es devem surgir nos pr\u00f3ximos dias, podendo esclarecer se o pedido do pai ao prefeito teve alguma rela\u00e7\u00e3o com o caso ou se foi apenas uma atitude inoportuna em um momento de crise.<\/p>\n<p>&nbsp;<\/p>\n","protected":false},"excerpt":{"rendered":"<p>Vit\u00f3ria Regina de Sousa, de 17 anos, desapareceu em 26 de fevereiro de 2025, em Cajamar, na Grande S\u00e3o Paulo. Seu corpo foi encontrado em 5 de mar\u00e7o, em uma \u00e1rea de mata, apresentando sinais de viol\u00eancia extrema. O laudo preliminar do Instituto M\u00e9dico Legal revelou detalhes perturbadores sobre as circunst\u00e2ncias de sua morte. Vit\u00f3ria &hellip;<\/p>\n","protected":false},"author":1,"featured_media":437009,"comment_status":"open","ping_status":"open","sticky":false,"template":"","format":"standard","meta":{"_jetpack_memberships_contains_paid_content":false,"footnotes":""},"categories":[2517,2,3937],"tags":[],"class_list":["post-437713","post","type-post","status-publish","format-standard","has-post-thumbnail","hentry","category-a-fazenda","category-entretenimento","category-resumo-de-novelas"],"yoast_head":"<!-- This site is optimized with the Yoast SEO plugin v27.5 - https:\/\/yoast.com\/product\/yoast-seo-wordpress\/ -->\n<title>Caso Vit\u00f3ria, resultado de laudo preliminar choca pol\u00edcia<\/title>\n<meta name=\"robots\" content=\"index, follow, max-snippet:-1, max-image-preview:large, max-video-preview:-1\" \/>\n<link rel=\"canonical\" href=\"https:\/\/mrnews.com.br\/index.php\/2025\/03\/12\/caso-vitoria-resultado-de-laudo-preliminar-choca-policia\/\" \/>\n<meta property=\"og:locale\" content=\"pt_BR\" \/>\n<meta property=\"og:type\" content=\"article\" \/>\n<meta property=\"og:title\" content=\"Caso Vit\u00f3ria, resultado de laudo preliminar choca pol\u00edcia\" \/>\n<meta property=\"og:description\" content=\"Vit\u00f3ria Regina de Sousa, de 17 anos, desapareceu em 26 de fevereiro de 2025, em Cajamar, na Grande S\u00e3o Paulo. Seu corpo foi encontrado em 5 de mar\u00e7o, em uma \u00e1rea de mata, apresentando sinais de viol\u00eancia extrema. O laudo preliminar do Instituto M\u00e9dico Legal revelou detalhes perturbadores sobre as circunst\u00e2ncias de sua morte. Vit\u00f3ria &hellip;\" \/>\n<meta property=\"og:url\" content=\"https:\/\/mrnews.com.br\/index.php\/2025\/03\/12\/caso-vitoria-resultado-de-laudo-preliminar-choca-policia\/\" \/>\n<meta property=\"og:site_name\" content=\"MRNews\" \/>\n<meta property=\"article:publisher\" content=\"https:\/\/www.facebook.com\/eaipahpah\/?locale2=pt_BR\" \/>\n<meta property=\"article:published_time\" content=\"2025-03-12T19:59:17+00:00\" \/>\n<meta property=\"og:image\" content=\"https:\/\/mrnews.com.br\/wp-content\/uploads\/2025\/03\/Screenshot_20250306_155331_Chrome.jpg\" \/>\n\t<meta property=\"og:image:width\" content=\"764\" \/>\n\t<meta property=\"og:image:height\" content=\"562\" \/>\n\t<meta property=\"og:image:type\" content=\"image\/jpeg\" \/>\n<meta name=\"author\" content=\"MR News\" \/>\n<meta name=\"twitter:card\" content=\"summary_large_image\" \/>\n<meta name=\"twitter:creator\" content=\"@conspirou\" \/>\n<meta name=\"twitter:site\" content=\"@conspirou\" \/>\n<meta name=\"twitter:label1\" content=\"Escrito por\" \/>\n\t<meta name=\"twitter:data1\" content=\"MR News\" \/>\n\t<meta name=\"twitter:label2\" content=\"Est. tempo de leitura\" \/>\n\t<meta name=\"twitter:data2\" content=\"6 minutos\" \/>\n<script type=\"application\/ld+json\" class=\"yoast-schema-graph\">{\"@context\":\"https:\\\/\\\/schema.org\",\"@graph\":[{\"@type\":\"Article\",\"@id\":\"https:\\\/\\\/mrnews.com.br\\\/index.php\\\/2025\\\/03\\\/12\\\/caso-vitoria-resultado-de-laudo-preliminar-choca-policia\\\/#article\",\"isPartOf\":{\"@id\":\"https:\\\/\\\/mrnews.com.br\\\/index.php\\\/2025\\\/03\\\/12\\\/caso-vitoria-resultado-de-laudo-preliminar-choca-policia\\\/\"},\"author\":{\"name\":\"MR News\",\"@id\":\"https:\\\/\\\/mrnews.com.br\\\/#\\\/schema\\\/person\\\/be3203154562a9f207407861cef7827b\"},\"headline\":\"Caso Vit\u00f3ria, resultado de laudo preliminar choca pol\u00edcia\",\"datePublished\":\"2025-03-12T19:59:17+00:00\",\"mainEntityOfPage\":{\"@id\":\"https:\\\/\\\/mrnews.com.br\\\/index.php\\\/2025\\\/03\\\/12\\\/caso-vitoria-resultado-de-laudo-preliminar-choca-policia\\\/\"},\"wordCount\":1058,\"commentCount\":0,\"publisher\":{\"@id\":\"https:\\\/\\\/mrnews.com.br\\\/#organization\"},\"image\":{\"@id\":\"https:\\\/\\\/mrnews.com.br\\\/index.php\\\/2025\\\/03\\\/12\\\/caso-vitoria-resultado-de-laudo-preliminar-choca-policia\\\/#primaryimage\"},\"thumbnailUrl\":\"https:\\\/\\\/mrnews.com.br\\\/wp-content\\\/uploads\\\/2025\\\/03\\\/Screenshot_20250306_155331_Chrome.jpg\",\"articleSection\":[\"A Fazenda\",\"ENTRETENIMENTO\",\"Resumo de novelas\"],\"inLanguage\":\"pt-BR\",\"potentialAction\":[{\"@type\":\"CommentAction\",\"name\":\"Comment\",\"target\":[\"https:\\\/\\\/mrnews.com.br\\\/index.php\\\/2025\\\/03\\\/12\\\/caso-vitoria-resultado-de-laudo-preliminar-choca-policia\\\/#respond\"]}]},{\"@type\":\"WebPage\",\"@id\":\"https:\\\/\\\/mrnews.com.br\\\/index.php\\\/2025\\\/03\\\/12\\\/caso-vitoria-resultado-de-laudo-preliminar-choca-policia\\\/\",\"url\":\"https:\\\/\\\/mrnews.com.br\\\/index.php\\\/2025\\\/03\\\/12\\\/caso-vitoria-resultado-de-laudo-preliminar-choca-policia\\\/\",\"name\":\"Caso Vit\u00f3ria, resultado de laudo preliminar choca pol\u00edcia\",\"isPartOf\":{\"@id\":\"https:\\\/\\\/mrnews.com.br\\\/#website\"},\"primaryImageOfPage\":{\"@id\":\"https:\\\/\\\/mrnews.com.br\\\/index.php\\\/2025\\\/03\\\/12\\\/caso-vitoria-resultado-de-laudo-preliminar-choca-policia\\\/#primaryimage\"},\"image\":{\"@id\":\"https:\\\/\\\/mrnews.com.br\\\/index.php\\\/2025\\\/03\\\/12\\\/caso-vitoria-resultado-de-laudo-preliminar-choca-policia\\\/#primaryimage\"},\"thumbnailUrl\":\"https:\\\/\\\/mrnews.com.br\\\/wp-content\\\/uploads\\\/2025\\\/03\\\/Screenshot_20250306_155331_Chrome.jpg\",\"datePublished\":\"2025-03-12T19:59:17+00:00\",\"breadcrumb\":{\"@id\":\"https:\\\/\\\/mrnews.com.br\\\/index.php\\\/2025\\\/03\\\/12\\\/caso-vitoria-resultado-de-laudo-preliminar-choca-policia\\\/#breadcrumb\"},\"inLanguage\":\"pt-BR\",\"potentialAction\":[{\"@type\":\"ReadAction\",\"target\":[\"https:\\\/\\\/mrnews.com.br\\\/index.php\\\/2025\\\/03\\\/12\\\/caso-vitoria-resultado-de-laudo-preliminar-choca-policia\\\/\"]}]},{\"@type\":\"ImageObject\",\"inLanguage\":\"pt-BR\",\"@id\":\"https:\\\/\\\/mrnews.com.br\\\/index.php\\\/2025\\\/03\\\/12\\\/caso-vitoria-resultado-de-laudo-preliminar-choca-policia\\\/#primaryimage\",\"url\":\"https:\\\/\\\/mrnews.com.br\\\/wp-content\\\/uploads\\\/2025\\\/03\\\/Screenshot_20250306_155331_Chrome.jpg\",\"contentUrl\":\"https:\\\/\\\/mrnews.com.br\\\/wp-content\\\/uploads\\\/2025\\\/03\\\/Screenshot_20250306_155331_Chrome.jpg\",\"width\":764,\"height\":562},{\"@type\":\"BreadcrumbList\",\"@id\":\"https:\\\/\\\/mrnews.com.br\\\/index.php\\\/2025\\\/03\\\/12\\\/caso-vitoria-resultado-de-laudo-preliminar-choca-policia\\\/#breadcrumb\",\"itemListElement\":[{\"@type\":\"ListItem\",\"position\":1,\"name\":\"In\u00edcio\",\"item\":\"https:\\\/\\\/mrnews.com.br\\\/\"},{\"@type\":\"ListItem\",\"position\":2,\"name\":\"Caso Vit\u00f3ria, resultado de laudo preliminar choca pol\u00edcia\"}]},{\"@type\":\"WebSite\",\"@id\":\"https:\\\/\\\/mrnews.com.br\\\/#website\",\"url\":\"https:\\\/\\\/mrnews.com.br\\\/\",\"name\":\"MRNews\",\"description\":\"MRNews Jogos de hoje da TV, transmiss\u00f5es ao vivo, Not\u00edcias de futebol, Jogos ao vivo, Lives, resumo de novelas, Programa\u00e7\u00e3o da Globo, A Fazenda e BBB\",\"publisher\":{\"@id\":\"https:\\\/\\\/mrnews.com.br\\\/#organization\"},\"potentialAction\":[{\"@type\":\"SearchAction\",\"target\":{\"@type\":\"EntryPoint\",\"urlTemplate\":\"https:\\\/\\\/mrnews.com.br\\\/?s={search_term_string}\"},\"query-input\":{\"@type\":\"PropertyValueSpecification\",\"valueRequired\":true,\"valueName\":\"search_term_string\"}}],\"inLanguage\":\"pt-BR\"},{\"@type\":\"Organization\",\"@id\":\"https:\\\/\\\/mrnews.com.br\\\/#organization\",\"name\":\"MRNews\",\"url\":\"https:\\\/\\\/mrnews.com.br\\\/\",\"logo\":{\"@type\":\"ImageObject\",\"inLanguage\":\"pt-BR\",\"@id\":\"https:\\\/\\\/mrnews.com.br\\\/#\\\/schema\\\/logo\\\/image\\\/\",\"url\":\"https:\\\/\\\/mrnews.com.br\\\/wp-content\\\/uploads\\\/2019\\\/06\\\/MRNewslogo2.png\",\"contentUrl\":\"https:\\\/\\\/mrnews.com.br\\\/wp-content\\\/uploads\\\/2019\\\/06\\\/MRNewslogo2.png\",\"width\":223,\"height\":58,\"caption\":\"MRNews\"},\"image\":{\"@id\":\"https:\\\/\\\/mrnews.com.br\\\/#\\\/schema\\\/logo\\\/image\\\/\"},\"sameAs\":[\"https:\\\/\\\/www.facebook.com\\\/eaipahpah\\\/?locale2=pt_BR\",\"https:\\\/\\\/x.com\\\/conspirou\",\"https:\\\/\\\/www.instagram.com\\\/eai_pahpah\",\"https:\\\/\\\/br.pinterest.com\\\/mrnewsn\\\/boards\\\/\",\"https:\\\/\\\/www.youtube.com\\\/channel\\\/UCacgnpznQ61fifLWr1tQ-vA?view_as=subscriber\"]},{\"@type\":\"Person\",\"@id\":\"https:\\\/\\\/mrnews.com.br\\\/#\\\/schema\\\/person\\\/be3203154562a9f207407861cef7827b\",\"name\":\"MR News\",\"image\":{\"@type\":\"ImageObject\",\"inLanguage\":\"pt-BR\",\"@id\":\"https:\\\/\\\/secure.gravatar.com\\\/avatar\\\/04084e6d73c042b8646e7c17b494073bf0ede3ea13c7105cfc45cbbbc28385a4?s=96&d=monsterid&r=g\",\"url\":\"https:\\\/\\\/secure.gravatar.com\\\/avatar\\\/04084e6d73c042b8646e7c17b494073bf0ede3ea13c7105cfc45cbbbc28385a4?s=96&d=monsterid&r=g\",\"contentUrl\":\"https:\\\/\\\/secure.gravatar.com\\\/avatar\\\/04084e6d73c042b8646e7c17b494073bf0ede3ea13c7105cfc45cbbbc28385a4?s=96&d=monsterid&r=g\",\"caption\":\"MR News\"},\"description\":\"Especializado em jornalismo colaborativo pela FTP em n\u00edvel de p\u00f3s-gradua\u00e7\u00e3o. suporte@oimeliga.combr\",\"sameAs\":[\"HUGO R.\",\"Admin\"],\"url\":\"https:\\\/\\\/mrnews.com.br\\\/index.php\\\/author\\\/admin\\\/\"}]}<\/script>\n<!-- \/ Yoast SEO plugin. -->","yoast_head_json":{"title":"Caso Vit\u00f3ria, resultado de laudo preliminar choca pol\u00edcia","robots":{"index":"index","follow":"follow","max-snippet":"max-snippet:-1","max-image-preview":"max-image-preview:large","max-video-preview":"max-video-preview:-1"},"canonical":"https:\/\/mrnews.com.br\/index.php\/2025\/03\/12\/caso-vitoria-resultado-de-laudo-preliminar-choca-policia\/","og_locale":"pt_BR","og_type":"article","og_title":"Caso Vit\u00f3ria, resultado de laudo preliminar choca pol\u00edcia","og_description":"Vit\u00f3ria Regina de Sousa, de 17 anos, desapareceu em 26 de fevereiro de 2025, em Cajamar, na Grande S\u00e3o Paulo. Seu corpo foi encontrado em 5 de mar\u00e7o, em uma \u00e1rea de mata, apresentando sinais de viol\u00eancia extrema. O laudo preliminar do Instituto M\u00e9dico Legal revelou detalhes perturbadores sobre as circunst\u00e2ncias de sua morte. Vit\u00f3ria &hellip;","og_url":"https:\/\/mrnews.com.br\/index.php\/2025\/03\/12\/caso-vitoria-resultado-de-laudo-preliminar-choca-policia\/","og_site_name":"MRNews","article_publisher":"https:\/\/www.facebook.com\/eaipahpah\/?locale2=pt_BR","article_published_time":"2025-03-12T19:59:17+00:00","og_image":[{"width":764,"height":562,"url":"https:\/\/mrnews.com.br\/wp-content\/uploads\/2025\/03\/Screenshot_20250306_155331_Chrome.jpg","type":"image\/jpeg"}],"author":"MR News","twitter_card":"summary_large_image","twitter_creator":"@conspirou","twitter_site":"@conspirou","twitter_misc":{"Escrito por":"MR News","Est. tempo de leitura":"6 minutos"},"schema":{"@context":"https:\/\/schema.org","@graph":[{"@type":"Article","@id":"https:\/\/mrnews.com.br\/index.php\/2025\/03\/12\/caso-vitoria-resultado-de-laudo-preliminar-choca-policia\/#article","isPartOf":{"@id":"https:\/\/mrnews.com.br\/index.php\/2025\/03\/12\/caso-vitoria-resultado-de-laudo-preliminar-choca-policia\/"},"author":{"name":"MR News","@id":"https:\/\/mrnews.com.br\/#\/schema\/person\/be3203154562a9f207407861cef7827b"},"headline":"Caso Vit\u00f3ria, resultado de laudo preliminar choca pol\u00edcia","datePublished":"2025-03-12T19:59:17+00:00","mainEntityOfPage":{"@id":"https:\/\/mrnews.com.br\/index.php\/2025\/03\/12\/caso-vitoria-resultado-de-laudo-preliminar-choca-policia\/"},"wordCount":1058,"commentCount":0,"publisher":{"@id":"https:\/\/mrnews.com.br\/#organization"},"image":{"@id":"https:\/\/mrnews.com.br\/index.php\/2025\/03\/12\/caso-vitoria-resultado-de-laudo-preliminar-choca-policia\/#primaryimage"},"thumbnailUrl":"https:\/\/mrnews.com.br\/wp-content\/uploads\/2025\/03\/Screenshot_20250306_155331_Chrome.jpg","articleSection":["A Fazenda","ENTRETENIMENTO","Resumo de novelas"],"inLanguage":"pt-BR","potentialAction":[{"@type":"CommentAction","name":"Comment","target":["https:\/\/mrnews.com.br\/index.php\/2025\/03\/12\/caso-vitoria-resultado-de-laudo-preliminar-choca-policia\/#respond"]}]},{"@type":"WebPage","@id":"https:\/\/mrnews.com.br\/index.php\/2025\/03\/12\/caso-vitoria-resultado-de-laudo-preliminar-choca-policia\/","url":"https:\/\/mrnews.com.br\/index.php\/2025\/03\/12\/caso-vitoria-resultado-de-laudo-preliminar-choca-policia\/","name":"Caso Vit\u00f3ria, resultado de laudo preliminar choca pol\u00edcia","isPartOf":{"@id":"https:\/\/mrnews.com.br\/#website"},"primaryImageOfPage":{"@id":"https:\/\/mrnews.com.br\/index.php\/2025\/03\/12\/caso-vitoria-resultado-de-laudo-preliminar-choca-policia\/#primaryimage"},"image":{"@id":"https:\/\/mrnews.com.br\/index.php\/2025\/03\/12\/caso-vitoria-resultado-de-laudo-preliminar-choca-policia\/#primaryimage"},"thumbnailUrl":"https:\/\/mrnews.com.br\/wp-content\/uploads\/2025\/03\/Screenshot_20250306_155331_Chrome.jpg","datePublished":"2025-03-12T19:59:17+00:00","breadcrumb":{"@id":"https:\/\/mrnews.com.br\/index.php\/2025\/03\/12\/caso-vitoria-resultado-de-laudo-preliminar-choca-policia\/#breadcrumb"},"inLanguage":"pt-BR","potentialAction":[{"@type":"ReadAction","target":["https:\/\/mrnews.com.br\/index.php\/2025\/03\/12\/caso-vitoria-resultado-de-laudo-preliminar-choca-policia\/"]}]},{"@type":"ImageObject","inLanguage":"pt-BR","@id":"https:\/\/mrnews.com.br\/index.php\/2025\/03\/12\/caso-vitoria-resultado-de-laudo-preliminar-choca-policia\/#primaryimage","url":"https:\/\/mrnews.com.br\/wp-content\/uploads\/2025\/03\/Screenshot_20250306_155331_Chrome.jpg","contentUrl":"https:\/\/mrnews.com.br\/wp-content\/uploads\/2025\/03\/Screenshot_20250306_155331_Chrome.jpg","width":764,"height":562},{"@type":"BreadcrumbList","@id":"https:\/\/mrnews.com.br\/index.php\/2025\/03\/12\/caso-vitoria-resultado-de-laudo-preliminar-choca-policia\/#breadcrumb","itemListElement":[{"@type":"ListItem","position":1,"name":"In\u00edcio","item":"https:\/\/mrnews.com.br\/"},{"@type":"ListItem","position":2,"name":"Caso Vit\u00f3ria, resultado de laudo preliminar choca pol\u00edcia"}]},{"@type":"WebSite","@id":"https:\/\/mrnews.com.br\/#website","url":"https:\/\/mrnews.com.br\/","name":"MRNews","description":"MRNews Jogos de hoje da TV, transmiss\u00f5es ao vivo, Not\u00edcias de futebol, Jogos ao vivo, Lives, resumo de novelas, Programa\u00e7\u00e3o da Globo, A Fazenda e BBB","publisher":{"@id":"https:\/\/mrnews.com.br\/#organization"},"potentialAction":[{"@type":"SearchAction","target":{"@type":"EntryPoint","urlTemplate":"https:\/\/mrnews.com.br\/?s={search_term_string}"},"query-input":{"@type":"PropertyValueSpecification","valueRequired":true,"valueName":"search_term_string"}}],"inLanguage":"pt-BR"},{"@type":"Organization","@id":"https:\/\/mrnews.com.br\/#organization","name":"MRNews","url":"https:\/\/mrnews.com.br\/","logo":{"@type":"ImageObject","inLanguage":"pt-BR","@id":"https:\/\/mrnews.com.br\/#\/schema\/logo\/image\/","url":"https:\/\/mrnews.com.br\/wp-content\/uploads\/2019\/06\/MRNewslogo2.png","contentUrl":"https:\/\/mrnews.com.br\/wp-content\/uploads\/2019\/06\/MRNewslogo2.png","width":223,"height":58,"caption":"MRNews"},"image":{"@id":"https:\/\/mrnews.com.br\/#\/schema\/logo\/image\/"},"sameAs":["https:\/\/www.facebook.com\/eaipahpah\/?locale2=pt_BR","https:\/\/x.com\/conspirou","https:\/\/www.instagram.com\/eai_pahpah","https:\/\/br.pinterest.com\/mrnewsn\/boards\/","https:\/\/www.youtube.com\/channel\/UCacgnpznQ61fifLWr1tQ-vA?view_as=subscriber"]},{"@type":"Person","@id":"https:\/\/mrnews.com.br\/#\/schema\/person\/be3203154562a9f207407861cef7827b","name":"MR News","image":{"@type":"ImageObject","inLanguage":"pt-BR","@id":"https:\/\/secure.gravatar.com\/avatar\/04084e6d73c042b8646e7c17b494073bf0ede3ea13c7105cfc45cbbbc28385a4?s=96&d=monsterid&r=g","url":"https:\/\/secure.gravatar.com\/avatar\/04084e6d73c042b8646e7c17b494073bf0ede3ea13c7105cfc45cbbbc28385a4?s=96&d=monsterid&r=g","contentUrl":"https:\/\/secure.gravatar.com\/avatar\/04084e6d73c042b8646e7c17b494073bf0ede3ea13c7105cfc45cbbbc28385a4?s=96&d=monsterid&r=g","caption":"MR News"},"description":"Especializado em jornalismo colaborativo pela FTP em n\u00edvel de p\u00f3s-gradua\u00e7\u00e3o. suporte@oimeliga.combr","sameAs":["HUGO R.","Admin"],"url":"https:\/\/mrnews.com.br\/index.php\/author\/admin\/"}]}},"jetpack_featured_media_url":"https:\/\/mrnews.com.br\/wp-content\/uploads\/2025\/03\/Screenshot_20250306_155331_Chrome.jpg","jetpack_sharing_enabled":true,"jetpack_shortlink":"https:\/\/wp.me\/pa2Qf7-1PRT","amp_enabled":true,"_links":{"self":[{"href":"https:\/\/mrnews.com.br\/index.php\/wp-json\/wp\/v2\/posts\/437713","targetHints":{"allow":["GET"]}}],"collection":[{"href":"https:\/\/mrnews.com.br\/index.php\/wp-json\/wp\/v2\/posts"}],"about":[{"href":"https:\/\/mrnews.com.br\/index.php\/wp-json\/wp\/v2\/types\/post"}],"author":[{"embeddable":true,"href":"https:\/\/mrnews.com.br\/index.php\/wp-json\/wp\/v2\/users\/1"}],"replies":[{"embeddable":true,"href":"https:\/\/mrnews.com.br\/index.php\/wp-json\/wp\/v2\/comments?post=437713"}],"version-history":[{"count":1,"href":"https:\/\/mrnews.com.br\/index.php\/wp-json\/wp\/v2\/posts\/437713\/revisions"}],"predecessor-version":[{"id":437714,"href":"https:\/\/mrnews.com.br\/index.php\/wp-json\/wp\/v2\/posts\/437713\/revisions\/437714"}],"wp:featuredmedia":[{"embeddable":true,"href":"https:\/\/mrnews.com.br\/index.php\/wp-json\/wp\/v2\/media\/437009"}],"wp:attachment":[{"href":"https:\/\/mrnews.com.br\/index.php\/wp-json\/wp\/v2\/media?parent=437713"}],"wp:term":[{"taxonomy":"category","embeddable":true,"href":"https:\/\/mrnews.com.br\/index.php\/wp-json\/wp\/v2\/categories?post=437713"},{"taxonomy":"post_tag","embeddable":true,"href":"https:\/\/mrnews.com.br\/index.php\/wp-json\/wp\/v2\/tags?post=437713"}],"curies":[{"name":"wp","href":"https:\/\/api.w.org\/{rel}","templated":true}]}}