{"id":437756,"date":"2025-03-13T09:07:22","date_gmt":"2025-03-13T12:07:22","guid":{"rendered":"https:\/\/mrnews.com.br\/index.php\/2025\/03\/13\/mesmo-com-vitoria-em-casa-corinthians-e-eliminado-da-libertadores\/"},"modified":"2025-03-13T09:07:22","modified_gmt":"2025-03-13T12:07:22","slug":"mesmo-com-vitoria-em-casa-corinthians-e-eliminado-da-libertadores","status":"publish","type":"post","link":"https:\/\/mrnews.com.br\/index.php\/2025\/03\/13\/mesmo-com-vitoria-em-casa-corinthians-e-eliminado-da-libertadores\/","title":{"rendered":"Mesmo com vit\u00f3ria em casa, Corinthians \u00e9 eliminado da Libertadores"},"content":{"rendered":"<p><\/p>\n<div>\n<p>Empurrado por sua Fiel torcida, o Corinthians conseguiu derrotar o Barcelona de Guayaquil (Equador) por 2 a 0, na noite desta quarta-feira (12) em Itaquera, e acabou sendo desclassificado da Copa Libertadores. Agora o Tim\u00e3o disputar\u00e1 a Copa Sul-Americana.<\/p>\n<blockquote class=\"twitter-tweet\">\n<p dir=\"ltr\" lang=\"pt\" xml:lang=\"pt\">\ud83c\udde7\ud83c\uddf7\ud83c\udfc6\ud83c\uddea\ud83c\udde8 O <a href=\"https:\/\/twitter.com\/Corinthians?ref_src=twsrc%5Etfw\">@Corinthians<\/a> venceu em casa, mas o <a href=\"https:\/\/twitter.com\/BarcelonaSC?ref_src=twsrc%5Etfw\">@BarcelonaSC<\/a> avan\u00e7ou para a Fase de Grupos da CONMEBOL <a href=\"https:\/\/twitter.com\/hashtag\/Libertadores?src=hash&amp;ref_src=twsrc%5Etfw\">#Libertadores<\/a>!<a href=\"https:\/\/twitter.com\/hashtag\/GloriaEterna?src=hash&amp;ref_src=twsrc%5Etfw\">#GloriaEterna<\/a> <a href=\"https:\/\/t.co\/Tzrf87opSh\">pic.twitter.com\/Tzrf87opSh<\/a><\/p>\n<p>\u2014 CONMEBOL Libertadores (@LibertadoresBR) <a href=\"https:\/\/twitter.com\/LibertadoresBR\/status\/1900010403381366903?ref_src=twsrc%5Etfw\">March 13, 2025<\/a><\/p><\/blockquote>\n<p>A equipe brasileira foi eliminada da principal competi\u00e7\u00e3o de clubes da Am\u00e9rica do Sul porque, no confronto de ida da terceira fase pr\u00e9via da Copa Libertadores (a \u00faltima antes da etapa de grupos da competi\u00e7\u00e3o continental), perdeu de 3 a 0 para os equatorianos. Assim, precisava ao menos de um triunfo com tr\u00eas gols de diferen\u00e7a para decidir nas penalidades m\u00e1ximas.<\/p>\n<p>Jogando em casa, o Corinthians pressionou muito o Barcelona, mas o primeiro gol saiu apenas aos 39 minutos do primeiro tempo, gra\u00e7as a cabe\u00e7ada do zagueiro F\u00e9lix Torres. Aos 16 minutos da etapa final a tarefa do Tim\u00e3o ficou um pouco mais simples, ap\u00f3s a expuls\u00e3o de Leonai. Por\u00e9m, a equipe comandada pelo t\u00e9cnico argentino Ram\u00f3n D\u00edaz conseguiu marcar apenas mais uma vez, aos 42 minutos com Carrillo. Desta forma a equipe brasileira cai da Libertadores e segue para a Sul-Americana.<\/p>\n<p>      <!-- Relacionada --><\/p>\n<p>            <!-- Relacionada -->\n    <\/div>\n<p><script async src=\"\/\/platform.twitter.com\/widgets.js\" charset=\"utf-8\"><\/script><\/p>\n","protected":false},"excerpt":{"rendered":"<p>Empurrado por sua Fiel torcida, o Corinthians conseguiu derrotar o Barcelona de Guayaquil (Equador) por 2 a 0, na noite desta quarta-feira (12) em Itaquera, e acabou sendo desclassificado da Copa Libertadores. Agora o Tim\u00e3o disputar\u00e1 a Copa Sul-Americana. \ud83c\udde7\ud83c\uddf7\ud83c\udfc6\ud83c\uddea\ud83c\udde8 O @Corinthians venceu em casa, mas o @BarcelonaSC avan\u00e7ou para a Fase de Grupos da &hellip;<\/p>\n","protected":false},"author":1,"featured_media":0,"comment_status":"open","ping_status":"open","sticky":false,"template":"","format":"standard","meta":{"_jetpack_memberships_contains_paid_content":false,"footnotes":""},"categories":[3,4587,4],"tags":[],"class_list":["post-437756","post","type-post","status-publish","format-standard","hentry","category-esportes1","category-esportes","category-servicos"],"yoast_head":"<!-- This site is optimized with the Yoast SEO plugin v27.5 - https:\/\/yoast.com\/product\/yoast-seo-wordpress\/ -->\n<title>Mesmo com vit\u00f3ria em casa, Corinthians \u00e9 eliminado da Libertadores<\/title>\n<meta name=\"robots\" content=\"index, follow, max-snippet:-1, max-image-preview:large, max-video-preview:-1\" \/>\n<link rel=\"canonical\" href=\"https:\/\/agenciabrasil.ebc.com.br\/esportes\/noticia\/2025-03\/mesmo-com-vitoria-em-casa-corinthians-e-eliminado-da-libertadores\" \/>\n<meta property=\"og:locale\" content=\"pt_BR\" \/>\n<meta property=\"og:type\" content=\"article\" \/>\n<meta property=\"og:title\" content=\"Mesmo com vit\u00f3ria em casa, Corinthians \u00e9 eliminado da Libertadores\" \/>\n<meta property=\"og:description\" content=\"Empurrado por sua Fiel torcida, o Corinthians conseguiu derrotar o Barcelona de Guayaquil (Equador) por 2 a 0, na noite desta quarta-feira (12) em Itaquera, e acabou sendo desclassificado da Copa Libertadores. Agora o Tim\u00e3o disputar\u00e1 a Copa Sul-Americana. \ud83c\udde7\ud83c\uddf7\ud83c\udfc6\ud83c\uddea\ud83c\udde8 O @Corinthians venceu em casa, mas o @BarcelonaSC avan\u00e7ou para a Fase de Grupos da &hellip;\" \/>\n<meta property=\"og:url\" content=\"https:\/\/agenciabrasil.ebc.com.br\/esportes\/noticia\/2025-03\/mesmo-com-vitoria-em-casa-corinthians-e-eliminado-da-libertadores\" \/>\n<meta property=\"og:site_name\" content=\"MRNews\" \/>\n<meta property=\"article:publisher\" content=\"https:\/\/www.facebook.com\/eaipahpah\/?locale2=pt_BR\" \/>\n<meta property=\"article:published_time\" content=\"2025-03-13T12:07:22+00:00\" \/>\n<meta name=\"author\" content=\"MR News\" \/>\n<meta name=\"twitter:card\" content=\"summary_large_image\" \/>\n<meta name=\"twitter:creator\" content=\"@conspirou\" \/>\n<meta name=\"twitter:site\" content=\"@conspirou\" \/>\n<meta name=\"twitter:label1\" content=\"Escrito por\" \/>\n\t<meta name=\"twitter:data1\" content=\"MR News\" \/>\n\t<meta name=\"twitter:label2\" content=\"Est. tempo de leitura\" \/>\n\t<meta name=\"twitter:data2\" content=\"1 minuto\" \/>\n<script type=\"application\/ld+json\" class=\"yoast-schema-graph\">{\"@context\":\"https:\\\/\\\/schema.org\",\"@graph\":[{\"@type\":\"Article\",\"@id\":\"https:\\\/\\\/agenciabrasil.ebc.com.br\\\/esportes\\\/noticia\\\/2025-03\\\/mesmo-com-vitoria-em-casa-corinthians-e-eliminado-da-libertadores#article\",\"isPartOf\":{\"@id\":\"https:\\\/\\\/mrnews.com.br\\\/index.php\\\/2025\\\/03\\\/13\\\/mesmo-com-vitoria-em-casa-corinthians-e-eliminado-da-libertadores\\\/\"},\"author\":{\"name\":\"MR News\",\"@id\":\"https:\\\/\\\/mrnews.com.br\\\/#\\\/schema\\\/person\\\/be3203154562a9f207407861cef7827b\"},\"headline\":\"Mesmo com vit\u00f3ria em casa, Corinthians \u00e9 eliminado da Libertadores\",\"datePublished\":\"2025-03-13T12:07:22+00:00\",\"mainEntityOfPage\":{\"@id\":\"https:\\\/\\\/mrnews.com.br\\\/index.php\\\/2025\\\/03\\\/13\\\/mesmo-com-vitoria-em-casa-corinthians-e-eliminado-da-libertadores\\\/\"},\"wordCount\":229,\"commentCount\":0,\"publisher\":{\"@id\":\"https:\\\/\\\/mrnews.com.br\\\/#organization\"},\"articleSection\":[\"ESPORTES\",\"Esportes\",\"SERVI\u00c7OS\"],\"inLanguage\":\"pt-BR\",\"potentialAction\":[{\"@type\":\"CommentAction\",\"name\":\"Comment\",\"target\":[\"https:\\\/\\\/agenciabrasil.ebc.com.br\\\/esportes\\\/noticia\\\/2025-03\\\/mesmo-com-vitoria-em-casa-corinthians-e-eliminado-da-libertadores#respond\"]}]},{\"@type\":\"WebPage\",\"@id\":\"https:\\\/\\\/mrnews.com.br\\\/index.php\\\/2025\\\/03\\\/13\\\/mesmo-com-vitoria-em-casa-corinthians-e-eliminado-da-libertadores\\\/\",\"url\":\"https:\\\/\\\/agenciabrasil.ebc.com.br\\\/esportes\\\/noticia\\\/2025-03\\\/mesmo-com-vitoria-em-casa-corinthians-e-eliminado-da-libertadores\",\"name\":\"Mesmo com vit\u00f3ria em casa, Corinthians \u00e9 eliminado da Libertadores\",\"isPartOf\":{\"@id\":\"https:\\\/\\\/mrnews.com.br\\\/#website\"},\"datePublished\":\"2025-03-13T12:07:22+00:00\",\"breadcrumb\":{\"@id\":\"https:\\\/\\\/agenciabrasil.ebc.com.br\\\/esportes\\\/noticia\\\/2025-03\\\/mesmo-com-vitoria-em-casa-corinthians-e-eliminado-da-libertadores#breadcrumb\"},\"inLanguage\":\"pt-BR\",\"potentialAction\":[{\"@type\":\"ReadAction\",\"target\":[\"https:\\\/\\\/agenciabrasil.ebc.com.br\\\/esportes\\\/noticia\\\/2025-03\\\/mesmo-com-vitoria-em-casa-corinthians-e-eliminado-da-libertadores\"]}]},{\"@type\":\"BreadcrumbList\",\"@id\":\"https:\\\/\\\/agenciabrasil.ebc.com.br\\\/esportes\\\/noticia\\\/2025-03\\\/mesmo-com-vitoria-em-casa-corinthians-e-eliminado-da-libertadores#breadcrumb\",\"itemListElement\":[{\"@type\":\"ListItem\",\"position\":1,\"name\":\"In\u00edcio\",\"item\":\"https:\\\/\\\/mrnews.com.br\\\/\"},{\"@type\":\"ListItem\",\"position\":2,\"name\":\"Mesmo com vit\u00f3ria em casa, Corinthians \u00e9 eliminado da Libertadores\"}]},{\"@type\":\"WebSite\",\"@id\":\"https:\\\/\\\/mrnews.com.br\\\/#website\",\"url\":\"https:\\\/\\\/mrnews.com.br\\\/\",\"name\":\"MRNews\",\"description\":\"MRNews Jogos de hoje da TV, transmiss\u00f5es ao vivo, Not\u00edcias de futebol, Jogos ao vivo, Lives, resumo de novelas, Programa\u00e7\u00e3o da Globo, A Fazenda e BBB\",\"publisher\":{\"@id\":\"https:\\\/\\\/mrnews.com.br\\\/#organization\"},\"potentialAction\":[{\"@type\":\"SearchAction\",\"target\":{\"@type\":\"EntryPoint\",\"urlTemplate\":\"https:\\\/\\\/mrnews.com.br\\\/?s={search_term_string}\"},\"query-input\":{\"@type\":\"PropertyValueSpecification\",\"valueRequired\":true,\"valueName\":\"search_term_string\"}}],\"inLanguage\":\"pt-BR\"},{\"@type\":\"Organization\",\"@id\":\"https:\\\/\\\/mrnews.com.br\\\/#organization\",\"name\":\"MRNews\",\"url\":\"https:\\\/\\\/mrnews.com.br\\\/\",\"logo\":{\"@type\":\"ImageObject\",\"inLanguage\":\"pt-BR\",\"@id\":\"https:\\\/\\\/mrnews.com.br\\\/#\\\/schema\\\/logo\\\/image\\\/\",\"url\":\"https:\\\/\\\/mrnews.com.br\\\/wp-content\\\/uploads\\\/2019\\\/06\\\/MRNewslogo2.png\",\"contentUrl\":\"https:\\\/\\\/mrnews.com.br\\\/wp-content\\\/uploads\\\/2019\\\/06\\\/MRNewslogo2.png\",\"width\":223,\"height\":58,\"caption\":\"MRNews\"},\"image\":{\"@id\":\"https:\\\/\\\/mrnews.com.br\\\/#\\\/schema\\\/logo\\\/image\\\/\"},\"sameAs\":[\"https:\\\/\\\/www.facebook.com\\\/eaipahpah\\\/?locale2=pt_BR\",\"https:\\\/\\\/x.com\\\/conspirou\",\"https:\\\/\\\/www.instagram.com\\\/eai_pahpah\",\"https:\\\/\\\/br.pinterest.com\\\/mrnewsn\\\/boards\\\/\",\"https:\\\/\\\/www.youtube.com\\\/channel\\\/UCacgnpznQ61fifLWr1tQ-vA?view_as=subscriber\"]},{\"@type\":\"Person\",\"@id\":\"https:\\\/\\\/mrnews.com.br\\\/#\\\/schema\\\/person\\\/be3203154562a9f207407861cef7827b\",\"name\":\"MR News\",\"image\":{\"@type\":\"ImageObject\",\"inLanguage\":\"pt-BR\",\"@id\":\"https:\\\/\\\/secure.gravatar.com\\\/avatar\\\/04084e6d73c042b8646e7c17b494073bf0ede3ea13c7105cfc45cbbbc28385a4?s=96&d=monsterid&r=g\",\"url\":\"https:\\\/\\\/secure.gravatar.com\\\/avatar\\\/04084e6d73c042b8646e7c17b494073bf0ede3ea13c7105cfc45cbbbc28385a4?s=96&d=monsterid&r=g\",\"contentUrl\":\"https:\\\/\\\/secure.gravatar.com\\\/avatar\\\/04084e6d73c042b8646e7c17b494073bf0ede3ea13c7105cfc45cbbbc28385a4?s=96&d=monsterid&r=g\",\"caption\":\"MR News\"},\"description\":\"Especializado em jornalismo colaborativo pela FTP em n\u00edvel de p\u00f3s-gradua\u00e7\u00e3o. suporte@oimeliga.combr\",\"sameAs\":[\"HUGO R.\",\"Admin\"],\"url\":\"https:\\\/\\\/mrnews.com.br\\\/index.php\\\/author\\\/admin\\\/\"}]}<\/script>\n<!-- \/ Yoast SEO plugin. -->","yoast_head_json":{"title":"Mesmo com vit\u00f3ria em casa, Corinthians \u00e9 eliminado da Libertadores","robots":{"index":"index","follow":"follow","max-snippet":"max-snippet:-1","max-image-preview":"max-image-preview:large","max-video-preview":"max-video-preview:-1"},"canonical":"https:\/\/agenciabrasil.ebc.com.br\/esportes\/noticia\/2025-03\/mesmo-com-vitoria-em-casa-corinthians-e-eliminado-da-libertadores","og_locale":"pt_BR","og_type":"article","og_title":"Mesmo com vit\u00f3ria em casa, Corinthians \u00e9 eliminado da Libertadores","og_description":"Empurrado por sua Fiel torcida, o Corinthians conseguiu derrotar o Barcelona de Guayaquil (Equador) por 2 a 0, na noite desta quarta-feira (12) em Itaquera, e acabou sendo desclassificado da Copa Libertadores. Agora o Tim\u00e3o disputar\u00e1 a Copa Sul-Americana. \ud83c\udde7\ud83c\uddf7\ud83c\udfc6\ud83c\uddea\ud83c\udde8 O @Corinthians venceu em casa, mas o @BarcelonaSC avan\u00e7ou para a Fase de Grupos da &hellip;","og_url":"https:\/\/agenciabrasil.ebc.com.br\/esportes\/noticia\/2025-03\/mesmo-com-vitoria-em-casa-corinthians-e-eliminado-da-libertadores","og_site_name":"MRNews","article_publisher":"https:\/\/www.facebook.com\/eaipahpah\/?locale2=pt_BR","article_published_time":"2025-03-13T12:07:22+00:00","author":"MR News","twitter_card":"summary_large_image","twitter_creator":"@conspirou","twitter_site":"@conspirou","twitter_misc":{"Escrito por":"MR News","Est. tempo de leitura":"1 minuto"},"schema":{"@context":"https:\/\/schema.org","@graph":[{"@type":"Article","@id":"https:\/\/agenciabrasil.ebc.com.br\/esportes\/noticia\/2025-03\/mesmo-com-vitoria-em-casa-corinthians-e-eliminado-da-libertadores#article","isPartOf":{"@id":"https:\/\/mrnews.com.br\/index.php\/2025\/03\/13\/mesmo-com-vitoria-em-casa-corinthians-e-eliminado-da-libertadores\/"},"author":{"name":"MR News","@id":"https:\/\/mrnews.com.br\/#\/schema\/person\/be3203154562a9f207407861cef7827b"},"headline":"Mesmo com vit\u00f3ria em casa, Corinthians \u00e9 eliminado da Libertadores","datePublished":"2025-03-13T12:07:22+00:00","mainEntityOfPage":{"@id":"https:\/\/mrnews.com.br\/index.php\/2025\/03\/13\/mesmo-com-vitoria-em-casa-corinthians-e-eliminado-da-libertadores\/"},"wordCount":229,"commentCount":0,"publisher":{"@id":"https:\/\/mrnews.com.br\/#organization"},"articleSection":["ESPORTES","Esportes","SERVI\u00c7OS"],"inLanguage":"pt-BR","potentialAction":[{"@type":"CommentAction","name":"Comment","target":["https:\/\/agenciabrasil.ebc.com.br\/esportes\/noticia\/2025-03\/mesmo-com-vitoria-em-casa-corinthians-e-eliminado-da-libertadores#respond"]}]},{"@type":"WebPage","@id":"https:\/\/mrnews.com.br\/index.php\/2025\/03\/13\/mesmo-com-vitoria-em-casa-corinthians-e-eliminado-da-libertadores\/","url":"https:\/\/agenciabrasil.ebc.com.br\/esportes\/noticia\/2025-03\/mesmo-com-vitoria-em-casa-corinthians-e-eliminado-da-libertadores","name":"Mesmo com vit\u00f3ria em casa, Corinthians \u00e9 eliminado da Libertadores","isPartOf":{"@id":"https:\/\/mrnews.com.br\/#website"},"datePublished":"2025-03-13T12:07:22+00:00","breadcrumb":{"@id":"https:\/\/agenciabrasil.ebc.com.br\/esportes\/noticia\/2025-03\/mesmo-com-vitoria-em-casa-corinthians-e-eliminado-da-libertadores#breadcrumb"},"inLanguage":"pt-BR","potentialAction":[{"@type":"ReadAction","target":["https:\/\/agenciabrasil.ebc.com.br\/esportes\/noticia\/2025-03\/mesmo-com-vitoria-em-casa-corinthians-e-eliminado-da-libertadores"]}]},{"@type":"BreadcrumbList","@id":"https:\/\/agenciabrasil.ebc.com.br\/esportes\/noticia\/2025-03\/mesmo-com-vitoria-em-casa-corinthians-e-eliminado-da-libertadores#breadcrumb","itemListElement":[{"@type":"ListItem","position":1,"name":"In\u00edcio","item":"https:\/\/mrnews.com.br\/"},{"@type":"ListItem","position":2,"name":"Mesmo com vit\u00f3ria em casa, Corinthians \u00e9 eliminado da Libertadores"}]},{"@type":"WebSite","@id":"https:\/\/mrnews.com.br\/#website","url":"https:\/\/mrnews.com.br\/","name":"MRNews","description":"MRNews Jogos de hoje da TV, transmiss\u00f5es ao vivo, Not\u00edcias de futebol, Jogos ao vivo, Lives, resumo de novelas, Programa\u00e7\u00e3o da Globo, A Fazenda e BBB","publisher":{"@id":"https:\/\/mrnews.com.br\/#organization"},"potentialAction":[{"@type":"SearchAction","target":{"@type":"EntryPoint","urlTemplate":"https:\/\/mrnews.com.br\/?s={search_term_string}"},"query-input":{"@type":"PropertyValueSpecification","valueRequired":true,"valueName":"search_term_string"}}],"inLanguage":"pt-BR"},{"@type":"Organization","@id":"https:\/\/mrnews.com.br\/#organization","name":"MRNews","url":"https:\/\/mrnews.com.br\/","logo":{"@type":"ImageObject","inLanguage":"pt-BR","@id":"https:\/\/mrnews.com.br\/#\/schema\/logo\/image\/","url":"https:\/\/mrnews.com.br\/wp-content\/uploads\/2019\/06\/MRNewslogo2.png","contentUrl":"https:\/\/mrnews.com.br\/wp-content\/uploads\/2019\/06\/MRNewslogo2.png","width":223,"height":58,"caption":"MRNews"},"image":{"@id":"https:\/\/mrnews.com.br\/#\/schema\/logo\/image\/"},"sameAs":["https:\/\/www.facebook.com\/eaipahpah\/?locale2=pt_BR","https:\/\/x.com\/conspirou","https:\/\/www.instagram.com\/eai_pahpah","https:\/\/br.pinterest.com\/mrnewsn\/boards\/","https:\/\/www.youtube.com\/channel\/UCacgnpznQ61fifLWr1tQ-vA?view_as=subscriber"]},{"@type":"Person","@id":"https:\/\/mrnews.com.br\/#\/schema\/person\/be3203154562a9f207407861cef7827b","name":"MR News","image":{"@type":"ImageObject","inLanguage":"pt-BR","@id":"https:\/\/secure.gravatar.com\/avatar\/04084e6d73c042b8646e7c17b494073bf0ede3ea13c7105cfc45cbbbc28385a4?s=96&d=monsterid&r=g","url":"https:\/\/secure.gravatar.com\/avatar\/04084e6d73c042b8646e7c17b494073bf0ede3ea13c7105cfc45cbbbc28385a4?s=96&d=monsterid&r=g","contentUrl":"https:\/\/secure.gravatar.com\/avatar\/04084e6d73c042b8646e7c17b494073bf0ede3ea13c7105cfc45cbbbc28385a4?s=96&d=monsterid&r=g","caption":"MR News"},"description":"Especializado em jornalismo colaborativo pela FTP em n\u00edvel de p\u00f3s-gradua\u00e7\u00e3o. suporte@oimeliga.combr","sameAs":["HUGO R.","Admin"],"url":"https:\/\/mrnews.com.br\/index.php\/author\/admin\/"}]}},"jetpack_featured_media_url":"","jetpack_sharing_enabled":true,"jetpack_shortlink":"https:\/\/wp.me\/pa2Qf7-1PSA","amp_enabled":true,"_links":{"self":[{"href":"https:\/\/mrnews.com.br\/index.php\/wp-json\/wp\/v2\/posts\/437756","targetHints":{"allow":["GET"]}}],"collection":[{"href":"https:\/\/mrnews.com.br\/index.php\/wp-json\/wp\/v2\/posts"}],"about":[{"href":"https:\/\/mrnews.com.br\/index.php\/wp-json\/wp\/v2\/types\/post"}],"author":[{"embeddable":true,"href":"https:\/\/mrnews.com.br\/index.php\/wp-json\/wp\/v2\/users\/1"}],"replies":[{"embeddable":true,"href":"https:\/\/mrnews.com.br\/index.php\/wp-json\/wp\/v2\/comments?post=437756"}],"version-history":[{"count":0,"href":"https:\/\/mrnews.com.br\/index.php\/wp-json\/wp\/v2\/posts\/437756\/revisions"}],"wp:attachment":[{"href":"https:\/\/mrnews.com.br\/index.php\/wp-json\/wp\/v2\/media?parent=437756"}],"wp:term":[{"taxonomy":"category","embeddable":true,"href":"https:\/\/mrnews.com.br\/index.php\/wp-json\/wp\/v2\/categories?post=437756"},{"taxonomy":"post_tag","embeddable":true,"href":"https:\/\/mrnews.com.br\/index.php\/wp-json\/wp\/v2\/tags?post=437756"}],"curies":[{"name":"wp","href":"https:\/\/api.w.org\/{rel}","templated":true}]}}