{"id":438195,"date":"2025-03-16T15:10:49","date_gmt":"2025-03-16T18:10:49","guid":{"rendered":"https:\/\/mrnews.com.br\/?p=438195"},"modified":"2025-03-16T15:13:12","modified_gmt":"2025-03-16T18:13:12","slug":"the-masked-singer-brasil-5-descobrimos-quem-e-a-sol-cantora-e-atriz","status":"publish","type":"post","link":"https:\/\/mrnews.com.br\/index.php\/2025\/03\/16\/the-masked-singer-brasil-5-descobrimos-quem-e-a-sol-cantora-e-atriz\/","title":{"rendered":"The Masked Singer Brasil 5, Descobrimos Quem \u00e9 a Sol, cantora e atriz"},"content":{"rendered":"<p>\ue200i\ue202turn0image0\ue202turn0image2\ue202turn0image4\ue202turn0image5\ue201No vibrante universo do &#8220;The Masked Singer Brasil 2025&#8221;, a personagem Sol emerge como uma homenagem \u00e0 protagonista da novela &#8220;Vai na F\u00e9&#8221; (2023), interpretada por Sheron Menezzes. A fantasia de Sol captura a ess\u00eancia da personagem original, refletindo sua profunda liga\u00e7\u00e3o com a m\u00fasica gospel e simbolizando f\u00e9 e for\u00e7a. Descrita como uma mulher batalhadora e evang\u00e9lica, Sol equilibra sua paix\u00e3o pela m\u00fasica com o cuidado dedicado \u00e0 fam\u00edlia, inspirando o p\u00fablico com sua energia e determina\u00e7\u00e3o.<\/p>\n<p>Especula\u00e7\u00f5es fervilham nas redes sociais e entre os jurados sobre a identidade por tr\u00e1s da m\u00e1scara de Sol. Muitos apontam para a atriz e cantora Jeniffer Nascimento como a poss\u00edvel artista mascarada. Nascimento, que j\u00e1 foi rep\u00f3rter do &#8220;The Voice Brasil&#8221; e vencedora do reality &#8220;F\u00e1brica de Estrelas&#8221; do Multishow, possui uma carreira s\u00f3lida tanto na atua\u00e7\u00e3o quanto na m\u00fasica. Sua participa\u00e7\u00e3o em musicais como &#8220;Mamma Mia!&#8221; e pap\u00e9is de destaque na televis\u00e3o refor\u00e7am as suspeitas de que ela seja a voz por tr\u00e1s da personagem Sol. \ue200cite\ue202turn0search3\ue201<\/p>\n<p>A performance de Sol no programa tem sido amplamente elogiada, com apresenta\u00e7\u00f5es que destacam sua pot\u00eancia vocal e presen\u00e7a de palco. Um v\u00eddeo compartilhado no perfil oficial do &#8220;The Masked Singer Brasil&#8221; no TikTok mostra Sol brilhando em sua performance, acumulando milhares de curtidas e coment\u00e1rios de f\u00e3s que tentam desvendar sua identidade. \ue200cite\ue202turn0search6\ue201<\/p>\n<p style=\"padding-left: 40px;\">Enquanto o mist\u00e9rio sobre quem \u00e9 Sol permanece, a personagem continua a encantar o p\u00fablico com apresenta\u00e7\u00f5es emocionantes, mantendo todos ansiosos para a revela\u00e7\u00e3o final.<\/p>\n<p><strong>Quem \u00e9 a Sol do The Masked Singer Brasil 5?<\/strong><\/p>\n<p>O <strong>The Masked Singer Brasil 5<\/strong> continua surpreendendo o p\u00fablico com performances marcantes e identidades misteriosas. Uma das fantasias que mais geraram especula\u00e7\u00f5es nesta temporada foi a <strong>Sol<\/strong>, que encantou com sua presen\u00e7a de palco e pot\u00eancia vocal.<\/p>\n<p>Agora, o mist\u00e9rio parece ter chegado ao fim! Se nada mudar, a <strong>atriz e cantora Jeniffer Nascimento<\/strong> \u00e9 a celebridade por tr\u00e1s da fantasia de <strong>Sol<\/strong> no <strong>The Masked Singer Brasil<\/strong>.<\/p>\n<h2><strong>As pistas que levaram a Jeniffer Nascimento<\/strong><\/h2>\n<p>Desde sua primeira apresenta\u00e7\u00e3o, Sol chamou aten\u00e7\u00e3o por sua voz marcante e versatilidade no palco. As dicas fornecidas ao longo do programa indicavam uma artista com experi\u00eancia no teatro musical, passagem por realities musicais e uma trajet\u00f3ria de sucesso na televis\u00e3o.<\/p>\n<p>Jeniffer Nascimento se encaixa perfeitamente nesse perfil. A atriz e cantora come\u00e7ou sua carreira no teatro, participou de musicais e ganhou proje\u00e7\u00e3o nacional ao vencer a terceira edi\u00e7\u00e3o do <strong>Popstar<\/strong>, reality musical da TV Globo. Al\u00e9m disso, atuou em novelas como <strong>Malha\u00e7\u00e3o, Ver\u00e3o 90<\/strong> e <strong>Vai na F\u00e9<\/strong>, onde tamb\u00e9m mostrou seu talento vocal.<\/p>\n<h2><strong>Reta final do The Masked Singer Brasil 5<\/strong><\/h2>\n<p>Com <strong>Eliana<\/strong> no comando e um j\u00fari composto por <strong>Tony Ramos, Belo, Sabrina Sato e Tat\u00e1 Werneck<\/strong>, a disputa pelo t\u00edtulo da temporada est\u00e1 cada vez mais emocionante. A revela\u00e7\u00e3o da identidade de Sol ser\u00e1 um dos momentos mais aguardados, refor\u00e7ando o mist\u00e9rio e a expectativa entre os f\u00e3s.<\/p>\n<p>Al\u00e9m de Sol, outras fantasias ainda intrigam o p\u00fablico, como <strong>Nazar\u00e9 Tedesco, Tieta, Foguinho e Odete Roitman<\/strong>, todas com performances envolventes e cheias de personalidade.<\/p>\n<h2><strong>O fen\u00f4meno The Masked Singer Brasil<\/strong><\/h2>\n<p>Inspirado no formato sul-coreano da <strong>Mun Hwa Broadcasting Corp<\/strong>, o <strong>The Masked Singer Brasil<\/strong> \u00e9 uma coprodu\u00e7\u00e3o da <strong>TV Globo<\/strong> e <strong>Endemol Shine Brasil<\/strong>, com dire\u00e7\u00e3o de <strong>Marcelo Amiky<\/strong>. Desde sua estreia, o reality show se consolidou como um grande sucesso de audi\u00eancia, combinando m\u00fasica, mist\u00e9rio e entretenimento.<\/p>\n<p>Agora, resta aguardar a confirma\u00e7\u00e3o oficial: ser\u00e1 mesmo Jeniffer Nascimento por tr\u00e1s da fantasia de Sol? <strong>Acompanhe o The Masked Singer Brasil 5 e descubra todas as surpresas desta temporada eletrizante!<\/strong><\/p>\n","protected":false},"excerpt":{"rendered":"<p>\ue200i\ue202turn0image0\ue202turn0image2\ue202turn0image4\ue202turn0image5\ue201No vibrante universo do &#8220;The Masked Singer Brasil 2025&#8221;, a personagem Sol emerge como uma homenagem \u00e0 protagonista da novela &#8220;Vai na F\u00e9&#8221; (2023), interpretada por Sheron Menezzes. A fantasia de Sol captura a ess\u00eancia da personagem original, refletindo sua profunda liga\u00e7\u00e3o com a m\u00fasica gospel e simbolizando f\u00e9 e for\u00e7a. Descrita como uma mulher &hellip;<\/p>\n","protected":false},"author":1,"featured_media":436655,"comment_status":"open","ping_status":"open","sticky":false,"template":"","format":"standard","meta":{"_jetpack_memberships_contains_paid_content":false,"footnotes":""},"categories":[2,8441,7147,4252,4365],"tags":[],"class_list":["post-438195","post","type-post","status-publish","format-standard","has-post-thumbnail","hentry","category-entretenimento","category-lives","category-globo","category-sessao-da-tarde","category-supercine"],"yoast_head":"<!-- This site is optimized with the Yoast SEO plugin v27.4 - https:\/\/yoast.com\/product\/yoast-seo-wordpress\/ -->\n<title>The Masked Singer Brasil 5, Descobrimos Quem \u00e9 a Sol, cantora e atriz<\/title>\n<meta name=\"robots\" content=\"index, follow, max-snippet:-1, max-image-preview:large, max-video-preview:-1\" \/>\n<link rel=\"canonical\" href=\"https:\/\/mrnews.com.br\/index.php\/2025\/03\/16\/the-masked-singer-brasil-5-descobrimos-quem-e-a-sol-cantora-e-atriz\/\" \/>\n<meta property=\"og:locale\" content=\"pt_BR\" \/>\n<meta property=\"og:type\" content=\"article\" \/>\n<meta property=\"og:title\" content=\"The Masked Singer Brasil 5, Descobrimos Quem \u00e9 a Sol, cantora e atriz\" \/>\n<meta property=\"og:description\" content=\"\ue200i\ue202turn0image0\ue202turn0image2\ue202turn0image4\ue202turn0image5\ue201No vibrante universo do &#8220;The Masked Singer Brasil 2025&#8221;, a personagem Sol emerge como uma homenagem \u00e0 protagonista da novela &#8220;Vai na F\u00e9&#8221; (2023), interpretada por Sheron Menezzes. A fantasia de Sol captura a ess\u00eancia da personagem original, refletindo sua profunda liga\u00e7\u00e3o com a m\u00fasica gospel e simbolizando f\u00e9 e for\u00e7a. Descrita como uma mulher &hellip;\" \/>\n<meta property=\"og:url\" content=\"https:\/\/mrnews.com.br\/index.php\/2025\/03\/16\/the-masked-singer-brasil-5-descobrimos-quem-e-a-sol-cantora-e-atriz\/\" \/>\n<meta property=\"og:site_name\" content=\"MRNews\" \/>\n<meta property=\"article:publisher\" content=\"https:\/\/www.facebook.com\/eaipahpah\/?locale2=pt_BR\" \/>\n<meta property=\"article:published_time\" content=\"2025-03-16T18:10:49+00:00\" \/>\n<meta property=\"article:modified_time\" content=\"2025-03-16T18:13:12+00:00\" \/>\n<meta property=\"og:image\" content=\"https:\/\/mrnews.com.br\/wp-content\/uploads\/2025\/03\/FOCO-NA-TV-COM-ANDRE-ROMANO-2646-1536x1086.jpeg.jpeg\" \/>\n\t<meta property=\"og:image:width\" content=\"1536\" \/>\n\t<meta property=\"og:image:height\" content=\"1086\" \/>\n\t<meta property=\"og:image:type\" content=\"image\/jpeg\" \/>\n<meta name=\"author\" content=\"MR News\" \/>\n<meta name=\"twitter:card\" content=\"summary_large_image\" \/>\n<meta name=\"twitter:creator\" content=\"@conspirou\" \/>\n<meta name=\"twitter:site\" content=\"@conspirou\" \/>\n<meta name=\"twitter:label1\" content=\"Escrito por\" \/>\n\t<meta name=\"twitter:data1\" content=\"MR News\" \/>\n\t<meta name=\"twitter:label2\" content=\"Est. tempo de leitura\" \/>\n\t<meta name=\"twitter:data2\" content=\"4 minutos\" \/>\n<script type=\"application\/ld+json\" class=\"yoast-schema-graph\">{\"@context\":\"https:\\\/\\\/schema.org\",\"@graph\":[{\"@type\":\"Article\",\"@id\":\"https:\\\/\\\/mrnews.com.br\\\/index.php\\\/2025\\\/03\\\/16\\\/the-masked-singer-brasil-5-descobrimos-quem-e-a-sol-cantora-e-atriz\\\/#article\",\"isPartOf\":{\"@id\":\"https:\\\/\\\/mrnews.com.br\\\/index.php\\\/2025\\\/03\\\/16\\\/the-masked-singer-brasil-5-descobrimos-quem-e-a-sol-cantora-e-atriz\\\/\"},\"author\":{\"name\":\"MR News\",\"@id\":\"https:\\\/\\\/mrnews.com.br\\\/#\\\/schema\\\/person\\\/be3203154562a9f207407861cef7827b\"},\"headline\":\"The Masked Singer Brasil 5, Descobrimos Quem \u00e9 a Sol, cantora e atriz\",\"datePublished\":\"2025-03-16T18:10:49+00:00\",\"dateModified\":\"2025-03-16T18:13:12+00:00\",\"mainEntityOfPage\":{\"@id\":\"https:\\\/\\\/mrnews.com.br\\\/index.php\\\/2025\\\/03\\\/16\\\/the-masked-singer-brasil-5-descobrimos-quem-e-a-sol-cantora-e-atriz\\\/\"},\"wordCount\":672,\"commentCount\":0,\"publisher\":{\"@id\":\"https:\\\/\\\/mrnews.com.br\\\/#organization\"},\"image\":{\"@id\":\"https:\\\/\\\/mrnews.com.br\\\/index.php\\\/2025\\\/03\\\/16\\\/the-masked-singer-brasil-5-descobrimos-quem-e-a-sol-cantora-e-atriz\\\/#primaryimage\"},\"thumbnailUrl\":\"https:\\\/\\\/mrnews.com.br\\\/wp-content\\\/uploads\\\/2025\\\/03\\\/FOCO-NA-TV-COM-ANDRE-ROMANO-2646-1536x1086.jpeg.jpeg\",\"articleSection\":[\"ENTRETENIMENTO\",\"LIVES DE HOJE\",\"Programa\u00e7\u00e3o da Globo\",\"Sess\u00e3o da Tarde\",\"Supercine\"],\"inLanguage\":\"pt-BR\",\"potentialAction\":[{\"@type\":\"CommentAction\",\"name\":\"Comment\",\"target\":[\"https:\\\/\\\/mrnews.com.br\\\/index.php\\\/2025\\\/03\\\/16\\\/the-masked-singer-brasil-5-descobrimos-quem-e-a-sol-cantora-e-atriz\\\/#respond\"]}]},{\"@type\":\"WebPage\",\"@id\":\"https:\\\/\\\/mrnews.com.br\\\/index.php\\\/2025\\\/03\\\/16\\\/the-masked-singer-brasil-5-descobrimos-quem-e-a-sol-cantora-e-atriz\\\/\",\"url\":\"https:\\\/\\\/mrnews.com.br\\\/index.php\\\/2025\\\/03\\\/16\\\/the-masked-singer-brasil-5-descobrimos-quem-e-a-sol-cantora-e-atriz\\\/\",\"name\":\"The Masked Singer Brasil 5, Descobrimos Quem \u00e9 a Sol, cantora e atriz\",\"isPartOf\":{\"@id\":\"https:\\\/\\\/mrnews.com.br\\\/#website\"},\"primaryImageOfPage\":{\"@id\":\"https:\\\/\\\/mrnews.com.br\\\/index.php\\\/2025\\\/03\\\/16\\\/the-masked-singer-brasil-5-descobrimos-quem-e-a-sol-cantora-e-atriz\\\/#primaryimage\"},\"image\":{\"@id\":\"https:\\\/\\\/mrnews.com.br\\\/index.php\\\/2025\\\/03\\\/16\\\/the-masked-singer-brasil-5-descobrimos-quem-e-a-sol-cantora-e-atriz\\\/#primaryimage\"},\"thumbnailUrl\":\"https:\\\/\\\/mrnews.com.br\\\/wp-content\\\/uploads\\\/2025\\\/03\\\/FOCO-NA-TV-COM-ANDRE-ROMANO-2646-1536x1086.jpeg.jpeg\",\"datePublished\":\"2025-03-16T18:10:49+00:00\",\"dateModified\":\"2025-03-16T18:13:12+00:00\",\"breadcrumb\":{\"@id\":\"https:\\\/\\\/mrnews.com.br\\\/index.php\\\/2025\\\/03\\\/16\\\/the-masked-singer-brasil-5-descobrimos-quem-e-a-sol-cantora-e-atriz\\\/#breadcrumb\"},\"inLanguage\":\"pt-BR\",\"potentialAction\":[{\"@type\":\"ReadAction\",\"target\":[\"https:\\\/\\\/mrnews.com.br\\\/index.php\\\/2025\\\/03\\\/16\\\/the-masked-singer-brasil-5-descobrimos-quem-e-a-sol-cantora-e-atriz\\\/\"]}]},{\"@type\":\"ImageObject\",\"inLanguage\":\"pt-BR\",\"@id\":\"https:\\\/\\\/mrnews.com.br\\\/index.php\\\/2025\\\/03\\\/16\\\/the-masked-singer-brasil-5-descobrimos-quem-e-a-sol-cantora-e-atriz\\\/#primaryimage\",\"url\":\"https:\\\/\\\/mrnews.com.br\\\/wp-content\\\/uploads\\\/2025\\\/03\\\/FOCO-NA-TV-COM-ANDRE-ROMANO-2646-1536x1086.jpeg.jpeg\",\"contentUrl\":\"https:\\\/\\\/mrnews.com.br\\\/wp-content\\\/uploads\\\/2025\\\/03\\\/FOCO-NA-TV-COM-ANDRE-ROMANO-2646-1536x1086.jpeg.jpeg\",\"width\":1536,\"height\":1086},{\"@type\":\"BreadcrumbList\",\"@id\":\"https:\\\/\\\/mrnews.com.br\\\/index.php\\\/2025\\\/03\\\/16\\\/the-masked-singer-brasil-5-descobrimos-quem-e-a-sol-cantora-e-atriz\\\/#breadcrumb\",\"itemListElement\":[{\"@type\":\"ListItem\",\"position\":1,\"name\":\"In\u00edcio\",\"item\":\"https:\\\/\\\/mrnews.com.br\\\/\"},{\"@type\":\"ListItem\",\"position\":2,\"name\":\"The Masked Singer Brasil 5, Descobrimos Quem \u00e9 a Sol, cantora e atriz\"}]},{\"@type\":\"WebSite\",\"@id\":\"https:\\\/\\\/mrnews.com.br\\\/#website\",\"url\":\"https:\\\/\\\/mrnews.com.br\\\/\",\"name\":\"MRNews\",\"description\":\"MRNews Jogos de hoje da TV, transmiss\u00f5es ao vivo, Not\u00edcias de futebol, Jogos ao vivo, Lives, resumo de novelas, Programa\u00e7\u00e3o da Globo, A Fazenda e BBB\",\"publisher\":{\"@id\":\"https:\\\/\\\/mrnews.com.br\\\/#organization\"},\"potentialAction\":[{\"@type\":\"SearchAction\",\"target\":{\"@type\":\"EntryPoint\",\"urlTemplate\":\"https:\\\/\\\/mrnews.com.br\\\/?s={search_term_string}\"},\"query-input\":{\"@type\":\"PropertyValueSpecification\",\"valueRequired\":true,\"valueName\":\"search_term_string\"}}],\"inLanguage\":\"pt-BR\"},{\"@type\":\"Organization\",\"@id\":\"https:\\\/\\\/mrnews.com.br\\\/#organization\",\"name\":\"MRNews\",\"url\":\"https:\\\/\\\/mrnews.com.br\\\/\",\"logo\":{\"@type\":\"ImageObject\",\"inLanguage\":\"pt-BR\",\"@id\":\"https:\\\/\\\/mrnews.com.br\\\/#\\\/schema\\\/logo\\\/image\\\/\",\"url\":\"https:\\\/\\\/mrnews.com.br\\\/wp-content\\\/uploads\\\/2019\\\/06\\\/MRNewslogo2.png\",\"contentUrl\":\"https:\\\/\\\/mrnews.com.br\\\/wp-content\\\/uploads\\\/2019\\\/06\\\/MRNewslogo2.png\",\"width\":223,\"height\":58,\"caption\":\"MRNews\"},\"image\":{\"@id\":\"https:\\\/\\\/mrnews.com.br\\\/#\\\/schema\\\/logo\\\/image\\\/\"},\"sameAs\":[\"https:\\\/\\\/www.facebook.com\\\/eaipahpah\\\/?locale2=pt_BR\",\"https:\\\/\\\/x.com\\\/conspirou\",\"https:\\\/\\\/www.instagram.com\\\/eai_pahpah\",\"https:\\\/\\\/br.pinterest.com\\\/mrnewsn\\\/boards\\\/\",\"https:\\\/\\\/www.youtube.com\\\/channel\\\/UCacgnpznQ61fifLWr1tQ-vA?view_as=subscriber\"]},{\"@type\":\"Person\",\"@id\":\"https:\\\/\\\/mrnews.com.br\\\/#\\\/schema\\\/person\\\/be3203154562a9f207407861cef7827b\",\"name\":\"MR News\",\"image\":{\"@type\":\"ImageObject\",\"inLanguage\":\"pt-BR\",\"@id\":\"https:\\\/\\\/secure.gravatar.com\\\/avatar\\\/04084e6d73c042b8646e7c17b494073bf0ede3ea13c7105cfc45cbbbc28385a4?s=96&d=monsterid&r=g\",\"url\":\"https:\\\/\\\/secure.gravatar.com\\\/avatar\\\/04084e6d73c042b8646e7c17b494073bf0ede3ea13c7105cfc45cbbbc28385a4?s=96&d=monsterid&r=g\",\"contentUrl\":\"https:\\\/\\\/secure.gravatar.com\\\/avatar\\\/04084e6d73c042b8646e7c17b494073bf0ede3ea13c7105cfc45cbbbc28385a4?s=96&d=monsterid&r=g\",\"caption\":\"MR News\"},\"description\":\"Especializado em jornalismo colaborativo pela FTP em n\u00edvel de p\u00f3s-gradua\u00e7\u00e3o. suporte@oimeliga.combr\",\"sameAs\":[\"HUGO R.\",\"Admin\"],\"url\":\"https:\\\/\\\/mrnews.com.br\\\/index.php\\\/author\\\/admin\\\/\"}]}<\/script>\n<!-- \/ Yoast SEO plugin. -->","yoast_head_json":{"title":"The Masked Singer Brasil 5, Descobrimos Quem \u00e9 a Sol, cantora e atriz","robots":{"index":"index","follow":"follow","max-snippet":"max-snippet:-1","max-image-preview":"max-image-preview:large","max-video-preview":"max-video-preview:-1"},"canonical":"https:\/\/mrnews.com.br\/index.php\/2025\/03\/16\/the-masked-singer-brasil-5-descobrimos-quem-e-a-sol-cantora-e-atriz\/","og_locale":"pt_BR","og_type":"article","og_title":"The Masked Singer Brasil 5, Descobrimos Quem \u00e9 a Sol, cantora e atriz","og_description":"\ue200i\ue202turn0image0\ue202turn0image2\ue202turn0image4\ue202turn0image5\ue201No vibrante universo do &#8220;The Masked Singer Brasil 2025&#8221;, a personagem Sol emerge como uma homenagem \u00e0 protagonista da novela &#8220;Vai na F\u00e9&#8221; (2023), interpretada por Sheron Menezzes. A fantasia de Sol captura a ess\u00eancia da personagem original, refletindo sua profunda liga\u00e7\u00e3o com a m\u00fasica gospel e simbolizando f\u00e9 e for\u00e7a. Descrita como uma mulher &hellip;","og_url":"https:\/\/mrnews.com.br\/index.php\/2025\/03\/16\/the-masked-singer-brasil-5-descobrimos-quem-e-a-sol-cantora-e-atriz\/","og_site_name":"MRNews","article_publisher":"https:\/\/www.facebook.com\/eaipahpah\/?locale2=pt_BR","article_published_time":"2025-03-16T18:10:49+00:00","article_modified_time":"2025-03-16T18:13:12+00:00","og_image":[{"width":1536,"height":1086,"url":"https:\/\/mrnews.com.br\/wp-content\/uploads\/2025\/03\/FOCO-NA-TV-COM-ANDRE-ROMANO-2646-1536x1086.jpeg.jpeg","type":"image\/jpeg"}],"author":"MR News","twitter_card":"summary_large_image","twitter_creator":"@conspirou","twitter_site":"@conspirou","twitter_misc":{"Escrito por":"MR News","Est. tempo de leitura":"4 minutos"},"schema":{"@context":"https:\/\/schema.org","@graph":[{"@type":"Article","@id":"https:\/\/mrnews.com.br\/index.php\/2025\/03\/16\/the-masked-singer-brasil-5-descobrimos-quem-e-a-sol-cantora-e-atriz\/#article","isPartOf":{"@id":"https:\/\/mrnews.com.br\/index.php\/2025\/03\/16\/the-masked-singer-brasil-5-descobrimos-quem-e-a-sol-cantora-e-atriz\/"},"author":{"name":"MR News","@id":"https:\/\/mrnews.com.br\/#\/schema\/person\/be3203154562a9f207407861cef7827b"},"headline":"The Masked Singer Brasil 5, Descobrimos Quem \u00e9 a Sol, cantora e atriz","datePublished":"2025-03-16T18:10:49+00:00","dateModified":"2025-03-16T18:13:12+00:00","mainEntityOfPage":{"@id":"https:\/\/mrnews.com.br\/index.php\/2025\/03\/16\/the-masked-singer-brasil-5-descobrimos-quem-e-a-sol-cantora-e-atriz\/"},"wordCount":672,"commentCount":0,"publisher":{"@id":"https:\/\/mrnews.com.br\/#organization"},"image":{"@id":"https:\/\/mrnews.com.br\/index.php\/2025\/03\/16\/the-masked-singer-brasil-5-descobrimos-quem-e-a-sol-cantora-e-atriz\/#primaryimage"},"thumbnailUrl":"https:\/\/mrnews.com.br\/wp-content\/uploads\/2025\/03\/FOCO-NA-TV-COM-ANDRE-ROMANO-2646-1536x1086.jpeg.jpeg","articleSection":["ENTRETENIMENTO","LIVES DE HOJE","Programa\u00e7\u00e3o da Globo","Sess\u00e3o da Tarde","Supercine"],"inLanguage":"pt-BR","potentialAction":[{"@type":"CommentAction","name":"Comment","target":["https:\/\/mrnews.com.br\/index.php\/2025\/03\/16\/the-masked-singer-brasil-5-descobrimos-quem-e-a-sol-cantora-e-atriz\/#respond"]}]},{"@type":"WebPage","@id":"https:\/\/mrnews.com.br\/index.php\/2025\/03\/16\/the-masked-singer-brasil-5-descobrimos-quem-e-a-sol-cantora-e-atriz\/","url":"https:\/\/mrnews.com.br\/index.php\/2025\/03\/16\/the-masked-singer-brasil-5-descobrimos-quem-e-a-sol-cantora-e-atriz\/","name":"The Masked Singer Brasil 5, Descobrimos Quem \u00e9 a Sol, cantora e atriz","isPartOf":{"@id":"https:\/\/mrnews.com.br\/#website"},"primaryImageOfPage":{"@id":"https:\/\/mrnews.com.br\/index.php\/2025\/03\/16\/the-masked-singer-brasil-5-descobrimos-quem-e-a-sol-cantora-e-atriz\/#primaryimage"},"image":{"@id":"https:\/\/mrnews.com.br\/index.php\/2025\/03\/16\/the-masked-singer-brasil-5-descobrimos-quem-e-a-sol-cantora-e-atriz\/#primaryimage"},"thumbnailUrl":"https:\/\/mrnews.com.br\/wp-content\/uploads\/2025\/03\/FOCO-NA-TV-COM-ANDRE-ROMANO-2646-1536x1086.jpeg.jpeg","datePublished":"2025-03-16T18:10:49+00:00","dateModified":"2025-03-16T18:13:12+00:00","breadcrumb":{"@id":"https:\/\/mrnews.com.br\/index.php\/2025\/03\/16\/the-masked-singer-brasil-5-descobrimos-quem-e-a-sol-cantora-e-atriz\/#breadcrumb"},"inLanguage":"pt-BR","potentialAction":[{"@type":"ReadAction","target":["https:\/\/mrnews.com.br\/index.php\/2025\/03\/16\/the-masked-singer-brasil-5-descobrimos-quem-e-a-sol-cantora-e-atriz\/"]}]},{"@type":"ImageObject","inLanguage":"pt-BR","@id":"https:\/\/mrnews.com.br\/index.php\/2025\/03\/16\/the-masked-singer-brasil-5-descobrimos-quem-e-a-sol-cantora-e-atriz\/#primaryimage","url":"https:\/\/mrnews.com.br\/wp-content\/uploads\/2025\/03\/FOCO-NA-TV-COM-ANDRE-ROMANO-2646-1536x1086.jpeg.jpeg","contentUrl":"https:\/\/mrnews.com.br\/wp-content\/uploads\/2025\/03\/FOCO-NA-TV-COM-ANDRE-ROMANO-2646-1536x1086.jpeg.jpeg","width":1536,"height":1086},{"@type":"BreadcrumbList","@id":"https:\/\/mrnews.com.br\/index.php\/2025\/03\/16\/the-masked-singer-brasil-5-descobrimos-quem-e-a-sol-cantora-e-atriz\/#breadcrumb","itemListElement":[{"@type":"ListItem","position":1,"name":"In\u00edcio","item":"https:\/\/mrnews.com.br\/"},{"@type":"ListItem","position":2,"name":"The Masked Singer Brasil 5, Descobrimos Quem \u00e9 a Sol, cantora e atriz"}]},{"@type":"WebSite","@id":"https:\/\/mrnews.com.br\/#website","url":"https:\/\/mrnews.com.br\/","name":"MRNews","description":"MRNews Jogos de hoje da TV, transmiss\u00f5es ao vivo, Not\u00edcias de futebol, Jogos ao vivo, Lives, resumo de novelas, Programa\u00e7\u00e3o da Globo, A Fazenda e BBB","publisher":{"@id":"https:\/\/mrnews.com.br\/#organization"},"potentialAction":[{"@type":"SearchAction","target":{"@type":"EntryPoint","urlTemplate":"https:\/\/mrnews.com.br\/?s={search_term_string}"},"query-input":{"@type":"PropertyValueSpecification","valueRequired":true,"valueName":"search_term_string"}}],"inLanguage":"pt-BR"},{"@type":"Organization","@id":"https:\/\/mrnews.com.br\/#organization","name":"MRNews","url":"https:\/\/mrnews.com.br\/","logo":{"@type":"ImageObject","inLanguage":"pt-BR","@id":"https:\/\/mrnews.com.br\/#\/schema\/logo\/image\/","url":"https:\/\/mrnews.com.br\/wp-content\/uploads\/2019\/06\/MRNewslogo2.png","contentUrl":"https:\/\/mrnews.com.br\/wp-content\/uploads\/2019\/06\/MRNewslogo2.png","width":223,"height":58,"caption":"MRNews"},"image":{"@id":"https:\/\/mrnews.com.br\/#\/schema\/logo\/image\/"},"sameAs":["https:\/\/www.facebook.com\/eaipahpah\/?locale2=pt_BR","https:\/\/x.com\/conspirou","https:\/\/www.instagram.com\/eai_pahpah","https:\/\/br.pinterest.com\/mrnewsn\/boards\/","https:\/\/www.youtube.com\/channel\/UCacgnpznQ61fifLWr1tQ-vA?view_as=subscriber"]},{"@type":"Person","@id":"https:\/\/mrnews.com.br\/#\/schema\/person\/be3203154562a9f207407861cef7827b","name":"MR News","image":{"@type":"ImageObject","inLanguage":"pt-BR","@id":"https:\/\/secure.gravatar.com\/avatar\/04084e6d73c042b8646e7c17b494073bf0ede3ea13c7105cfc45cbbbc28385a4?s=96&d=monsterid&r=g","url":"https:\/\/secure.gravatar.com\/avatar\/04084e6d73c042b8646e7c17b494073bf0ede3ea13c7105cfc45cbbbc28385a4?s=96&d=monsterid&r=g","contentUrl":"https:\/\/secure.gravatar.com\/avatar\/04084e6d73c042b8646e7c17b494073bf0ede3ea13c7105cfc45cbbbc28385a4?s=96&d=monsterid&r=g","caption":"MR News"},"description":"Especializado em jornalismo colaborativo pela FTP em n\u00edvel de p\u00f3s-gradua\u00e7\u00e3o. suporte@oimeliga.combr","sameAs":["HUGO R.","Admin"],"url":"https:\/\/mrnews.com.br\/index.php\/author\/admin\/"}]}},"jetpack_featured_media_url":"https:\/\/mrnews.com.br\/wp-content\/uploads\/2025\/03\/FOCO-NA-TV-COM-ANDRE-ROMANO-2646-1536x1086.jpeg.jpeg","jetpack_sharing_enabled":true,"jetpack_shortlink":"https:\/\/wp.me\/pa2Qf7-1PZF","amp_enabled":true,"_links":{"self":[{"href":"https:\/\/mrnews.com.br\/index.php\/wp-json\/wp\/v2\/posts\/438195","targetHints":{"allow":["GET"]}}],"collection":[{"href":"https:\/\/mrnews.com.br\/index.php\/wp-json\/wp\/v2\/posts"}],"about":[{"href":"https:\/\/mrnews.com.br\/index.php\/wp-json\/wp\/v2\/types\/post"}],"author":[{"embeddable":true,"href":"https:\/\/mrnews.com.br\/index.php\/wp-json\/wp\/v2\/users\/1"}],"replies":[{"embeddable":true,"href":"https:\/\/mrnews.com.br\/index.php\/wp-json\/wp\/v2\/comments?post=438195"}],"version-history":[{"count":1,"href":"https:\/\/mrnews.com.br\/index.php\/wp-json\/wp\/v2\/posts\/438195\/revisions"}],"predecessor-version":[{"id":438197,"href":"https:\/\/mrnews.com.br\/index.php\/wp-json\/wp\/v2\/posts\/438195\/revisions\/438197"}],"wp:featuredmedia":[{"embeddable":true,"href":"https:\/\/mrnews.com.br\/index.php\/wp-json\/wp\/v2\/media\/436655"}],"wp:attachment":[{"href":"https:\/\/mrnews.com.br\/index.php\/wp-json\/wp\/v2\/media?parent=438195"}],"wp:term":[{"taxonomy":"category","embeddable":true,"href":"https:\/\/mrnews.com.br\/index.php\/wp-json\/wp\/v2\/categories?post=438195"},{"taxonomy":"post_tag","embeddable":true,"href":"https:\/\/mrnews.com.br\/index.php\/wp-json\/wp\/v2\/tags?post=438195"}],"curies":[{"name":"wp","href":"https:\/\/api.w.org\/{rel}","templated":true}]}}