{"id":438198,"date":"2025-03-16T15:16:05","date_gmt":"2025-03-16T18:16:05","guid":{"rendered":"https:\/\/mrnews.com.br\/?p=438198"},"modified":"2025-03-16T15:17:25","modified_gmt":"2025-03-16T18:17:25","slug":"the-masked-singer-brasil-2025-descobrimos-quem-e-odete-roitman-e-um-cantor-e-ator","status":"publish","type":"post","link":"https:\/\/mrnews.com.br\/index.php\/2025\/03\/16\/the-masked-singer-brasil-2025-descobrimos-quem-e-odete-roitman-e-um-cantor-e-ator\/","title":{"rendered":"The Masked Singer Brasil 2025, Descobrimos Quem \u00e9 Odete Roitman, \u00e9 um cantor e ator"},"content":{"rendered":"<p>No The Masked Singer Brasil 2025, ainda h\u00e1 v\u00e1rios mascarados n\u00e3o revelados, como Odete Roitman, Nazar\u00e9 Tedesco, Carminha, Tieta, Sol, Foguinho, conde Vlad<\/p>\n<p><a href=\"https:\/\/mrnews.com.br\/index.php\/2025\/03\/16\/the-masked-singer-brasil-5-descobrimos-quem-e-a-sol-cantora-e-atriz\/\">The Masked Singer Brasil 5, Descobrimos Quem \u00e9 a Sol, cantora e atriz<\/a><\/p>\n<p>No universo vibrante do The Masked Singer Brasil 2025, a personagem Sol emerge como uma homenagem \u00e0 figura hom\u00f4nima da novela Vai na F\u00e9 (2023), interpretada por Sheron Menezzes. Com uma fantasia que capta perfeitamente a ess\u00eancia da personagem, Sol reflete sua profunda liga\u00e7\u00e3o com a m\u00fasica gospel, simbolizando a f\u00e9 e a for\u00e7a que a caracterizam. Mulher batalhadora e evang\u00e9lica, ela equilibra com maestria sua paix\u00e3o pela m\u00fasica com o cuidado dedicado \u00e0 fam\u00edlia, inspirando o p\u00fablico com sua energia e determina\u00e7\u00e3o.<\/p>\n<p>Al\u00e9m de Sol, outros mascarados como Odete Roitman, Nazar\u00e9 Tedesco, Carminha, Tieta, Foguinho e Conde Vlad permanecem n\u00e3o revelados, aumentando a expectativa do p\u00fablico. Recentemente, os f\u00e3s ficaram em \u00eaxtase ao descobrir que Diego Martins era o talento por tr\u00e1s da m\u00e1scara de Odete Roitman, entregando performances marcantes ao longo da competi\u00e7\u00e3o. Conhecido por sua versatilidade art\u00edstica, o ator impressionou os jurados com sua presen\u00e7a de palco e habilidade vocal, mantendo o mist\u00e9rio at\u00e9 o \u00faltimo momento. A revela\u00e7\u00e3o gerou grande repercuss\u00e3o nas redes sociais, com f\u00e3s elogiando sua interpreta\u00e7\u00e3o e destacando a escolha criativa do personagem ic\u00f4nico da teledramaturgia brasileira.<\/p>\n<p>A presen\u00e7a de personagens emblem\u00e1ticos das novelas brasileiras no The Masked Singer Brasil 2025 trouxe uma nova dimens\u00e3o ao programa, permitindo que o p\u00fablico reviva mem\u00f3rias afetivas e crie novas conex\u00f5es com essas figuras. A cada apresenta\u00e7\u00e3o, os telespectadores s\u00e3o transportados para o universo das telenovelas, enquanto tentam desvendar quem s\u00e3o os artistas por tr\u00e1s das m\u00e1scaras. Essa din\u00e2mica tem sido um dos fatores de sucesso da temporada, mantendo altos \u00edndices de audi\u00eancia e engajamento nas redes sociais.<\/p>\n<p>A expectativa agora se volta para as pr\u00f3ximas revela\u00e7\u00f5es e para as performances dos mascarados ainda n\u00e3o desvendados. Quem ser\u00e1 o pr\u00f3ximo a surpreender o p\u00fablico e os jurados com sua identidade oculta? Enquanto isso, os f\u00e3s continuam a especular e a torcer por seus favoritos, tornando o The Masked Singer Brasil 2025 um verdadeiro fen\u00f4meno cultural.<\/p>\n<p>Para relembrar uma das performances marcantes de Odete Roitman, confira o v\u00eddeo abaixo:<\/p>\n<p><a href=\"https:\/\/mrnews.com.br\/index.php\/2025\/03\/16\/the-masked-singer-brasil-2025-descobrimos-quem-e-odete-roitman-e-um-cantor-e-ator\/\">Quem \u00e9 a Odete Roitman do The Masked Singer Brasil 5?<\/a><\/p>\n<p>O &#8220;The Masked Singer Brasil&#8221; 5 segue surpreendendo os telespectadores com suas revela\u00e7\u00f5es e performances. Na edi\u00e7\u00e3o de 02 de fevereiro de 2025, um dos grandes mist\u00e9rios do programa envolve a identidade da famosa Odete Roitman, personagem ic\u00f4nica da novela <em>Vale Tudo<\/em>. A grande expectativa foi finalmente revelada: por tr\u00e1s da m\u00e1scara de Odete Roitman est\u00e1 o ator <strong>Diego Martins<\/strong>.<\/p>\n<p>Diego, que se tornou conhecido por seu trabalho na televis\u00e3o, escondeu sua identidade sob a fantasia da vil\u00e3 imortalizada por Beatriz Segall, em <em>Vale Tudo<\/em>, em 1988. A personagem Odete Roitman \u00e9 considerada uma das mais lembradas pela audi\u00eancia, e a escolha de um ator para interpret\u00e1-la no programa \u00e9 uma homenagem clara a essa figura marcante da teledramaturgia brasileira.<\/p>\n<p>O epis\u00f3dio do <em>The Masked Singer Brasil<\/em> tamb\u00e9m celebrou o legado do <em>Video Show<\/em>, ic\u00f4nico programa da TV Globo, com a presen\u00e7a de duas ex-apresentadoras que fizeram hist\u00f3ria na atra\u00e7\u00e3o: Ang\u00e9lica e Cissa Guimar\u00e3es. Elas se juntaram ao j\u00fari, composto por Belo, Tata Werneck, Tony Ramos e Sabrina Sato, na miss\u00e3o de adivinhar as identidades por tr\u00e1s das fantasias de grandes personagens das novelas que marcaram os 60 anos da TV Globo.<\/p>\n<p>Al\u00e9m de Odete Roitman, outros personagens tamb\u00e9m chamaram aten\u00e7\u00e3o, como Bruno Mezenga, Foguinho e Tieta, que abrilhantaram as apresenta\u00e7\u00f5es do reality. A din\u00e2mica do programa envolveu performances musicais seguidas de vota\u00e7\u00e3o do p\u00fablico e um duelo entre os dois participantes com menor pontua\u00e7\u00e3o. O j\u00fari, ent\u00e3o, teve a responsabilidade de desmascarar um deles, mantendo o outro na competi\u00e7\u00e3o.<\/p>\n<p>A revela\u00e7\u00e3o de Diego Martins como a Odete Roitman foi um dos momentos mais aguardados da temporada, que, at\u00e9 o momento, continua a emocionar e divertir o p\u00fablico com suas surpresas e homenagens \u00e0 cultura pop brasileira.<\/p>\n<p>A competi\u00e7\u00e3o seguir\u00e1 at\u00e9 o dia 06 de abril de 2025, e os f\u00e3s podem esperar mais performances incr\u00edveis e revela\u00e7\u00f5es de outras personalidades mascaradas nas pr\u00f3ximas semanas.<\/p>\n<p>Se nada mudar, o ator <strong>Diego Martins<\/strong> ser\u00e1 o respons\u00e1vel por dar vida \u00e0 ic\u00f4nica fantasia de Odete Roitman na quinta temporada do <em>The Masked Singer Brasil 5<\/em>. Conhecido por sua versatilidade e carisma, Diego promete encantar o p\u00fablico ao homenagear uma das vil\u00e3s mais marcantes da teledramaturgia nacional, trazendo uma interpreta\u00e7\u00e3o que une irrever\u00eancia e eleg\u00e2ncia, e reafirmando o compromisso do programa em mesclar entretenimento de alta qualidade com refer\u00eancias inesquec\u00edveis da nossa cultura televisiva.<\/p>\n<p>.<\/p>\n","protected":false},"excerpt":{"rendered":"<p>No The Masked Singer Brasil 2025, ainda h\u00e1 v\u00e1rios mascarados n\u00e3o revelados, como Odete Roitman, Nazar\u00e9 Tedesco, Carminha, Tieta, Sol, Foguinho, conde Vlad The Masked Singer Brasil 5, Descobrimos Quem \u00e9 a Sol, cantora e atriz No universo vibrante do The Masked Singer Brasil 2025, a personagem Sol emerge como uma homenagem \u00e0 figura hom\u00f4nima &hellip;<\/p>\n","protected":false},"author":1,"featured_media":434982,"comment_status":"open","ping_status":"open","sticky":false,"template":"","format":"standard","meta":{"_jetpack_memberships_contains_paid_content":false,"footnotes":""},"categories":[2,8441,7147,4252,4365],"tags":[],"class_list":["post-438198","post","type-post","status-publish","format-standard","has-post-thumbnail","hentry","category-entretenimento","category-lives","category-globo","category-sessao-da-tarde","category-supercine"],"yoast_head":"<!-- This site is optimized with the Yoast SEO plugin v27.4 - https:\/\/yoast.com\/product\/yoast-seo-wordpress\/ -->\n<title>The Masked Singer Brasil 2025, Descobrimos Quem \u00e9 Odete Roitman, \u00e9 um cantor e ator<\/title>\n<meta name=\"robots\" content=\"index, follow, max-snippet:-1, max-image-preview:large, max-video-preview:-1\" \/>\n<link rel=\"canonical\" href=\"https:\/\/mrnews.com.br\/index.php\/2025\/03\/16\/the-masked-singer-brasil-2025-descobrimos-quem-e-odete-roitman-e-um-cantor-e-ator\/\" \/>\n<meta property=\"og:locale\" content=\"pt_BR\" \/>\n<meta property=\"og:type\" content=\"article\" \/>\n<meta property=\"og:title\" content=\"The Masked Singer Brasil 2025, Descobrimos Quem \u00e9 Odete Roitman, \u00e9 um cantor e ator\" \/>\n<meta property=\"og:description\" content=\"No The Masked Singer Brasil 2025, ainda h\u00e1 v\u00e1rios mascarados n\u00e3o revelados, como Odete Roitman, Nazar\u00e9 Tedesco, Carminha, Tieta, Sol, Foguinho, conde Vlad The Masked Singer Brasil 5, Descobrimos Quem \u00e9 a Sol, cantora e atriz No universo vibrante do The Masked Singer Brasil 2025, a personagem Sol emerge como uma homenagem \u00e0 figura hom\u00f4nima &hellip;\" \/>\n<meta property=\"og:url\" content=\"https:\/\/mrnews.com.br\/index.php\/2025\/03\/16\/the-masked-singer-brasil-2025-descobrimos-quem-e-odete-roitman-e-um-cantor-e-ator\/\" \/>\n<meta property=\"og:site_name\" content=\"MRNews\" \/>\n<meta property=\"article:publisher\" content=\"https:\/\/www.facebook.com\/eaipahpah\/?locale2=pt_BR\" \/>\n<meta property=\"article:published_time\" content=\"2025-03-16T18:16:05+00:00\" \/>\n<meta property=\"article:modified_time\" content=\"2025-03-16T18:17:25+00:00\" \/>\n<meta property=\"og:image\" content=\"https:\/\/mrnews.com.br\/wp-content\/uploads\/2025\/02\/Captura-de-Tela-2024-09-22-as-16.47.17.jpeg.jpeg\" \/>\n\t<meta property=\"og:image:width\" content=\"1707\" \/>\n\t<meta property=\"og:image:height\" content=\"1214\" \/>\n\t<meta property=\"og:image:type\" content=\"image\/jpeg\" \/>\n<meta name=\"author\" content=\"MR News\" \/>\n<meta name=\"twitter:card\" content=\"summary_large_image\" \/>\n<meta name=\"twitter:creator\" content=\"@conspirou\" \/>\n<meta name=\"twitter:site\" content=\"@conspirou\" \/>\n<meta name=\"twitter:label1\" content=\"Escrito por\" \/>\n\t<meta name=\"twitter:data1\" content=\"MR News\" \/>\n\t<meta name=\"twitter:label2\" content=\"Est. tempo de leitura\" \/>\n\t<meta name=\"twitter:data2\" content=\"5 minutos\" \/>\n<script type=\"application\/ld+json\" class=\"yoast-schema-graph\">{\"@context\":\"https:\\\/\\\/schema.org\",\"@graph\":[{\"@type\":\"Article\",\"@id\":\"https:\\\/\\\/mrnews.com.br\\\/index.php\\\/2025\\\/03\\\/16\\\/the-masked-singer-brasil-2025-descobrimos-quem-e-odete-roitman-e-um-cantor-e-ator\\\/#article\",\"isPartOf\":{\"@id\":\"https:\\\/\\\/mrnews.com.br\\\/index.php\\\/2025\\\/03\\\/16\\\/the-masked-singer-brasil-2025-descobrimos-quem-e-odete-roitman-e-um-cantor-e-ator\\\/\"},\"author\":{\"name\":\"MR News\",\"@id\":\"https:\\\/\\\/mrnews.com.br\\\/#\\\/schema\\\/person\\\/be3203154562a9f207407861cef7827b\"},\"headline\":\"The Masked Singer Brasil 2025, Descobrimos Quem \u00e9 Odete Roitman, \u00e9 um cantor e ator\",\"datePublished\":\"2025-03-16T18:16:05+00:00\",\"dateModified\":\"2025-03-16T18:17:25+00:00\",\"mainEntityOfPage\":{\"@id\":\"https:\\\/\\\/mrnews.com.br\\\/index.php\\\/2025\\\/03\\\/16\\\/the-masked-singer-brasil-2025-descobrimos-quem-e-odete-roitman-e-um-cantor-e-ator\\\/\"},\"wordCount\":855,\"commentCount\":0,\"publisher\":{\"@id\":\"https:\\\/\\\/mrnews.com.br\\\/#organization\"},\"image\":{\"@id\":\"https:\\\/\\\/mrnews.com.br\\\/index.php\\\/2025\\\/03\\\/16\\\/the-masked-singer-brasil-2025-descobrimos-quem-e-odete-roitman-e-um-cantor-e-ator\\\/#primaryimage\"},\"thumbnailUrl\":\"https:\\\/\\\/mrnews.com.br\\\/wp-content\\\/uploads\\\/2025\\\/02\\\/Captura-de-Tela-2024-09-22-as-16.47.17.jpeg.jpeg\",\"articleSection\":[\"ENTRETENIMENTO\",\"LIVES DE HOJE\",\"Programa\u00e7\u00e3o da Globo\",\"Sess\u00e3o da Tarde\",\"Supercine\"],\"inLanguage\":\"pt-BR\",\"potentialAction\":[{\"@type\":\"CommentAction\",\"name\":\"Comment\",\"target\":[\"https:\\\/\\\/mrnews.com.br\\\/index.php\\\/2025\\\/03\\\/16\\\/the-masked-singer-brasil-2025-descobrimos-quem-e-odete-roitman-e-um-cantor-e-ator\\\/#respond\"]}]},{\"@type\":\"WebPage\",\"@id\":\"https:\\\/\\\/mrnews.com.br\\\/index.php\\\/2025\\\/03\\\/16\\\/the-masked-singer-brasil-2025-descobrimos-quem-e-odete-roitman-e-um-cantor-e-ator\\\/\",\"url\":\"https:\\\/\\\/mrnews.com.br\\\/index.php\\\/2025\\\/03\\\/16\\\/the-masked-singer-brasil-2025-descobrimos-quem-e-odete-roitman-e-um-cantor-e-ator\\\/\",\"name\":\"The Masked Singer Brasil 2025, Descobrimos Quem \u00e9 Odete Roitman, \u00e9 um cantor e ator\",\"isPartOf\":{\"@id\":\"https:\\\/\\\/mrnews.com.br\\\/#website\"},\"primaryImageOfPage\":{\"@id\":\"https:\\\/\\\/mrnews.com.br\\\/index.php\\\/2025\\\/03\\\/16\\\/the-masked-singer-brasil-2025-descobrimos-quem-e-odete-roitman-e-um-cantor-e-ator\\\/#primaryimage\"},\"image\":{\"@id\":\"https:\\\/\\\/mrnews.com.br\\\/index.php\\\/2025\\\/03\\\/16\\\/the-masked-singer-brasil-2025-descobrimos-quem-e-odete-roitman-e-um-cantor-e-ator\\\/#primaryimage\"},\"thumbnailUrl\":\"https:\\\/\\\/mrnews.com.br\\\/wp-content\\\/uploads\\\/2025\\\/02\\\/Captura-de-Tela-2024-09-22-as-16.47.17.jpeg.jpeg\",\"datePublished\":\"2025-03-16T18:16:05+00:00\",\"dateModified\":\"2025-03-16T18:17:25+00:00\",\"breadcrumb\":{\"@id\":\"https:\\\/\\\/mrnews.com.br\\\/index.php\\\/2025\\\/03\\\/16\\\/the-masked-singer-brasil-2025-descobrimos-quem-e-odete-roitman-e-um-cantor-e-ator\\\/#breadcrumb\"},\"inLanguage\":\"pt-BR\",\"potentialAction\":[{\"@type\":\"ReadAction\",\"target\":[\"https:\\\/\\\/mrnews.com.br\\\/index.php\\\/2025\\\/03\\\/16\\\/the-masked-singer-brasil-2025-descobrimos-quem-e-odete-roitman-e-um-cantor-e-ator\\\/\"]}]},{\"@type\":\"ImageObject\",\"inLanguage\":\"pt-BR\",\"@id\":\"https:\\\/\\\/mrnews.com.br\\\/index.php\\\/2025\\\/03\\\/16\\\/the-masked-singer-brasil-2025-descobrimos-quem-e-odete-roitman-e-um-cantor-e-ator\\\/#primaryimage\",\"url\":\"https:\\\/\\\/mrnews.com.br\\\/wp-content\\\/uploads\\\/2025\\\/02\\\/Captura-de-Tela-2024-09-22-as-16.47.17.jpeg.jpeg\",\"contentUrl\":\"https:\\\/\\\/mrnews.com.br\\\/wp-content\\\/uploads\\\/2025\\\/02\\\/Captura-de-Tela-2024-09-22-as-16.47.17.jpeg.jpeg\",\"width\":1707,\"height\":1214},{\"@type\":\"BreadcrumbList\",\"@id\":\"https:\\\/\\\/mrnews.com.br\\\/index.php\\\/2025\\\/03\\\/16\\\/the-masked-singer-brasil-2025-descobrimos-quem-e-odete-roitman-e-um-cantor-e-ator\\\/#breadcrumb\",\"itemListElement\":[{\"@type\":\"ListItem\",\"position\":1,\"name\":\"In\u00edcio\",\"item\":\"https:\\\/\\\/mrnews.com.br\\\/\"},{\"@type\":\"ListItem\",\"position\":2,\"name\":\"The Masked Singer Brasil 2025, Descobrimos Quem \u00e9 Odete Roitman, \u00e9 um cantor e ator\"}]},{\"@type\":\"WebSite\",\"@id\":\"https:\\\/\\\/mrnews.com.br\\\/#website\",\"url\":\"https:\\\/\\\/mrnews.com.br\\\/\",\"name\":\"MRNews\",\"description\":\"MRNews Jogos de hoje da TV, transmiss\u00f5es ao vivo, Not\u00edcias de futebol, Jogos ao vivo, Lives, resumo de novelas, Programa\u00e7\u00e3o da Globo, A Fazenda e BBB\",\"publisher\":{\"@id\":\"https:\\\/\\\/mrnews.com.br\\\/#organization\"},\"potentialAction\":[{\"@type\":\"SearchAction\",\"target\":{\"@type\":\"EntryPoint\",\"urlTemplate\":\"https:\\\/\\\/mrnews.com.br\\\/?s={search_term_string}\"},\"query-input\":{\"@type\":\"PropertyValueSpecification\",\"valueRequired\":true,\"valueName\":\"search_term_string\"}}],\"inLanguage\":\"pt-BR\"},{\"@type\":\"Organization\",\"@id\":\"https:\\\/\\\/mrnews.com.br\\\/#organization\",\"name\":\"MRNews\",\"url\":\"https:\\\/\\\/mrnews.com.br\\\/\",\"logo\":{\"@type\":\"ImageObject\",\"inLanguage\":\"pt-BR\",\"@id\":\"https:\\\/\\\/mrnews.com.br\\\/#\\\/schema\\\/logo\\\/image\\\/\",\"url\":\"https:\\\/\\\/mrnews.com.br\\\/wp-content\\\/uploads\\\/2019\\\/06\\\/MRNewslogo2.png\",\"contentUrl\":\"https:\\\/\\\/mrnews.com.br\\\/wp-content\\\/uploads\\\/2019\\\/06\\\/MRNewslogo2.png\",\"width\":223,\"height\":58,\"caption\":\"MRNews\"},\"image\":{\"@id\":\"https:\\\/\\\/mrnews.com.br\\\/#\\\/schema\\\/logo\\\/image\\\/\"},\"sameAs\":[\"https:\\\/\\\/www.facebook.com\\\/eaipahpah\\\/?locale2=pt_BR\",\"https:\\\/\\\/x.com\\\/conspirou\",\"https:\\\/\\\/www.instagram.com\\\/eai_pahpah\",\"https:\\\/\\\/br.pinterest.com\\\/mrnewsn\\\/boards\\\/\",\"https:\\\/\\\/www.youtube.com\\\/channel\\\/UCacgnpznQ61fifLWr1tQ-vA?view_as=subscriber\"]},{\"@type\":\"Person\",\"@id\":\"https:\\\/\\\/mrnews.com.br\\\/#\\\/schema\\\/person\\\/be3203154562a9f207407861cef7827b\",\"name\":\"MR News\",\"image\":{\"@type\":\"ImageObject\",\"inLanguage\":\"pt-BR\",\"@id\":\"https:\\\/\\\/secure.gravatar.com\\\/avatar\\\/04084e6d73c042b8646e7c17b494073bf0ede3ea13c7105cfc45cbbbc28385a4?s=96&d=monsterid&r=g\",\"url\":\"https:\\\/\\\/secure.gravatar.com\\\/avatar\\\/04084e6d73c042b8646e7c17b494073bf0ede3ea13c7105cfc45cbbbc28385a4?s=96&d=monsterid&r=g\",\"contentUrl\":\"https:\\\/\\\/secure.gravatar.com\\\/avatar\\\/04084e6d73c042b8646e7c17b494073bf0ede3ea13c7105cfc45cbbbc28385a4?s=96&d=monsterid&r=g\",\"caption\":\"MR News\"},\"description\":\"Especializado em jornalismo colaborativo pela FTP em n\u00edvel de p\u00f3s-gradua\u00e7\u00e3o. suporte@oimeliga.combr\",\"sameAs\":[\"HUGO R.\",\"Admin\"],\"url\":\"https:\\\/\\\/mrnews.com.br\\\/index.php\\\/author\\\/admin\\\/\"}]}<\/script>\n<!-- \/ Yoast SEO plugin. -->","yoast_head_json":{"title":"The Masked Singer Brasil 2025, Descobrimos Quem \u00e9 Odete Roitman, \u00e9 um cantor e ator","robots":{"index":"index","follow":"follow","max-snippet":"max-snippet:-1","max-image-preview":"max-image-preview:large","max-video-preview":"max-video-preview:-1"},"canonical":"https:\/\/mrnews.com.br\/index.php\/2025\/03\/16\/the-masked-singer-brasil-2025-descobrimos-quem-e-odete-roitman-e-um-cantor-e-ator\/","og_locale":"pt_BR","og_type":"article","og_title":"The Masked Singer Brasil 2025, Descobrimos Quem \u00e9 Odete Roitman, \u00e9 um cantor e ator","og_description":"No The Masked Singer Brasil 2025, ainda h\u00e1 v\u00e1rios mascarados n\u00e3o revelados, como Odete Roitman, Nazar\u00e9 Tedesco, Carminha, Tieta, Sol, Foguinho, conde Vlad The Masked Singer Brasil 5, Descobrimos Quem \u00e9 a Sol, cantora e atriz No universo vibrante do The Masked Singer Brasil 2025, a personagem Sol emerge como uma homenagem \u00e0 figura hom\u00f4nima &hellip;","og_url":"https:\/\/mrnews.com.br\/index.php\/2025\/03\/16\/the-masked-singer-brasil-2025-descobrimos-quem-e-odete-roitman-e-um-cantor-e-ator\/","og_site_name":"MRNews","article_publisher":"https:\/\/www.facebook.com\/eaipahpah\/?locale2=pt_BR","article_published_time":"2025-03-16T18:16:05+00:00","article_modified_time":"2025-03-16T18:17:25+00:00","og_image":[{"width":1707,"height":1214,"url":"https:\/\/mrnews.com.br\/wp-content\/uploads\/2025\/02\/Captura-de-Tela-2024-09-22-as-16.47.17.jpeg.jpeg","type":"image\/jpeg"}],"author":"MR News","twitter_card":"summary_large_image","twitter_creator":"@conspirou","twitter_site":"@conspirou","twitter_misc":{"Escrito por":"MR News","Est. tempo de leitura":"5 minutos"},"schema":{"@context":"https:\/\/schema.org","@graph":[{"@type":"Article","@id":"https:\/\/mrnews.com.br\/index.php\/2025\/03\/16\/the-masked-singer-brasil-2025-descobrimos-quem-e-odete-roitman-e-um-cantor-e-ator\/#article","isPartOf":{"@id":"https:\/\/mrnews.com.br\/index.php\/2025\/03\/16\/the-masked-singer-brasil-2025-descobrimos-quem-e-odete-roitman-e-um-cantor-e-ator\/"},"author":{"name":"MR News","@id":"https:\/\/mrnews.com.br\/#\/schema\/person\/be3203154562a9f207407861cef7827b"},"headline":"The Masked Singer Brasil 2025, Descobrimos Quem \u00e9 Odete Roitman, \u00e9 um cantor e ator","datePublished":"2025-03-16T18:16:05+00:00","dateModified":"2025-03-16T18:17:25+00:00","mainEntityOfPage":{"@id":"https:\/\/mrnews.com.br\/index.php\/2025\/03\/16\/the-masked-singer-brasil-2025-descobrimos-quem-e-odete-roitman-e-um-cantor-e-ator\/"},"wordCount":855,"commentCount":0,"publisher":{"@id":"https:\/\/mrnews.com.br\/#organization"},"image":{"@id":"https:\/\/mrnews.com.br\/index.php\/2025\/03\/16\/the-masked-singer-brasil-2025-descobrimos-quem-e-odete-roitman-e-um-cantor-e-ator\/#primaryimage"},"thumbnailUrl":"https:\/\/mrnews.com.br\/wp-content\/uploads\/2025\/02\/Captura-de-Tela-2024-09-22-as-16.47.17.jpeg.jpeg","articleSection":["ENTRETENIMENTO","LIVES DE HOJE","Programa\u00e7\u00e3o da Globo","Sess\u00e3o da Tarde","Supercine"],"inLanguage":"pt-BR","potentialAction":[{"@type":"CommentAction","name":"Comment","target":["https:\/\/mrnews.com.br\/index.php\/2025\/03\/16\/the-masked-singer-brasil-2025-descobrimos-quem-e-odete-roitman-e-um-cantor-e-ator\/#respond"]}]},{"@type":"WebPage","@id":"https:\/\/mrnews.com.br\/index.php\/2025\/03\/16\/the-masked-singer-brasil-2025-descobrimos-quem-e-odete-roitman-e-um-cantor-e-ator\/","url":"https:\/\/mrnews.com.br\/index.php\/2025\/03\/16\/the-masked-singer-brasil-2025-descobrimos-quem-e-odete-roitman-e-um-cantor-e-ator\/","name":"The Masked Singer Brasil 2025, Descobrimos Quem \u00e9 Odete Roitman, \u00e9 um cantor e ator","isPartOf":{"@id":"https:\/\/mrnews.com.br\/#website"},"primaryImageOfPage":{"@id":"https:\/\/mrnews.com.br\/index.php\/2025\/03\/16\/the-masked-singer-brasil-2025-descobrimos-quem-e-odete-roitman-e-um-cantor-e-ator\/#primaryimage"},"image":{"@id":"https:\/\/mrnews.com.br\/index.php\/2025\/03\/16\/the-masked-singer-brasil-2025-descobrimos-quem-e-odete-roitman-e-um-cantor-e-ator\/#primaryimage"},"thumbnailUrl":"https:\/\/mrnews.com.br\/wp-content\/uploads\/2025\/02\/Captura-de-Tela-2024-09-22-as-16.47.17.jpeg.jpeg","datePublished":"2025-03-16T18:16:05+00:00","dateModified":"2025-03-16T18:17:25+00:00","breadcrumb":{"@id":"https:\/\/mrnews.com.br\/index.php\/2025\/03\/16\/the-masked-singer-brasil-2025-descobrimos-quem-e-odete-roitman-e-um-cantor-e-ator\/#breadcrumb"},"inLanguage":"pt-BR","potentialAction":[{"@type":"ReadAction","target":["https:\/\/mrnews.com.br\/index.php\/2025\/03\/16\/the-masked-singer-brasil-2025-descobrimos-quem-e-odete-roitman-e-um-cantor-e-ator\/"]}]},{"@type":"ImageObject","inLanguage":"pt-BR","@id":"https:\/\/mrnews.com.br\/index.php\/2025\/03\/16\/the-masked-singer-brasil-2025-descobrimos-quem-e-odete-roitman-e-um-cantor-e-ator\/#primaryimage","url":"https:\/\/mrnews.com.br\/wp-content\/uploads\/2025\/02\/Captura-de-Tela-2024-09-22-as-16.47.17.jpeg.jpeg","contentUrl":"https:\/\/mrnews.com.br\/wp-content\/uploads\/2025\/02\/Captura-de-Tela-2024-09-22-as-16.47.17.jpeg.jpeg","width":1707,"height":1214},{"@type":"BreadcrumbList","@id":"https:\/\/mrnews.com.br\/index.php\/2025\/03\/16\/the-masked-singer-brasil-2025-descobrimos-quem-e-odete-roitman-e-um-cantor-e-ator\/#breadcrumb","itemListElement":[{"@type":"ListItem","position":1,"name":"In\u00edcio","item":"https:\/\/mrnews.com.br\/"},{"@type":"ListItem","position":2,"name":"The Masked Singer Brasil 2025, Descobrimos Quem \u00e9 Odete Roitman, \u00e9 um cantor e ator"}]},{"@type":"WebSite","@id":"https:\/\/mrnews.com.br\/#website","url":"https:\/\/mrnews.com.br\/","name":"MRNews","description":"MRNews Jogos de hoje da TV, transmiss\u00f5es ao vivo, Not\u00edcias de futebol, Jogos ao vivo, Lives, resumo de novelas, Programa\u00e7\u00e3o da Globo, A Fazenda e BBB","publisher":{"@id":"https:\/\/mrnews.com.br\/#organization"},"potentialAction":[{"@type":"SearchAction","target":{"@type":"EntryPoint","urlTemplate":"https:\/\/mrnews.com.br\/?s={search_term_string}"},"query-input":{"@type":"PropertyValueSpecification","valueRequired":true,"valueName":"search_term_string"}}],"inLanguage":"pt-BR"},{"@type":"Organization","@id":"https:\/\/mrnews.com.br\/#organization","name":"MRNews","url":"https:\/\/mrnews.com.br\/","logo":{"@type":"ImageObject","inLanguage":"pt-BR","@id":"https:\/\/mrnews.com.br\/#\/schema\/logo\/image\/","url":"https:\/\/mrnews.com.br\/wp-content\/uploads\/2019\/06\/MRNewslogo2.png","contentUrl":"https:\/\/mrnews.com.br\/wp-content\/uploads\/2019\/06\/MRNewslogo2.png","width":223,"height":58,"caption":"MRNews"},"image":{"@id":"https:\/\/mrnews.com.br\/#\/schema\/logo\/image\/"},"sameAs":["https:\/\/www.facebook.com\/eaipahpah\/?locale2=pt_BR","https:\/\/x.com\/conspirou","https:\/\/www.instagram.com\/eai_pahpah","https:\/\/br.pinterest.com\/mrnewsn\/boards\/","https:\/\/www.youtube.com\/channel\/UCacgnpznQ61fifLWr1tQ-vA?view_as=subscriber"]},{"@type":"Person","@id":"https:\/\/mrnews.com.br\/#\/schema\/person\/be3203154562a9f207407861cef7827b","name":"MR News","image":{"@type":"ImageObject","inLanguage":"pt-BR","@id":"https:\/\/secure.gravatar.com\/avatar\/04084e6d73c042b8646e7c17b494073bf0ede3ea13c7105cfc45cbbbc28385a4?s=96&d=monsterid&r=g","url":"https:\/\/secure.gravatar.com\/avatar\/04084e6d73c042b8646e7c17b494073bf0ede3ea13c7105cfc45cbbbc28385a4?s=96&d=monsterid&r=g","contentUrl":"https:\/\/secure.gravatar.com\/avatar\/04084e6d73c042b8646e7c17b494073bf0ede3ea13c7105cfc45cbbbc28385a4?s=96&d=monsterid&r=g","caption":"MR News"},"description":"Especializado em jornalismo colaborativo pela FTP em n\u00edvel de p\u00f3s-gradua\u00e7\u00e3o. suporte@oimeliga.combr","sameAs":["HUGO R.","Admin"],"url":"https:\/\/mrnews.com.br\/index.php\/author\/admin\/"}]}},"jetpack_featured_media_url":"https:\/\/mrnews.com.br\/wp-content\/uploads\/2025\/02\/Captura-de-Tela-2024-09-22-as-16.47.17.jpeg.jpeg","jetpack_sharing_enabled":true,"jetpack_shortlink":"https:\/\/wp.me\/pa2Qf7-1PZI","amp_enabled":true,"_links":{"self":[{"href":"https:\/\/mrnews.com.br\/index.php\/wp-json\/wp\/v2\/posts\/438198","targetHints":{"allow":["GET"]}}],"collection":[{"href":"https:\/\/mrnews.com.br\/index.php\/wp-json\/wp\/v2\/posts"}],"about":[{"href":"https:\/\/mrnews.com.br\/index.php\/wp-json\/wp\/v2\/types\/post"}],"author":[{"embeddable":true,"href":"https:\/\/mrnews.com.br\/index.php\/wp-json\/wp\/v2\/users\/1"}],"replies":[{"embeddable":true,"href":"https:\/\/mrnews.com.br\/index.php\/wp-json\/wp\/v2\/comments?post=438198"}],"version-history":[{"count":1,"href":"https:\/\/mrnews.com.br\/index.php\/wp-json\/wp\/v2\/posts\/438198\/revisions"}],"predecessor-version":[{"id":438201,"href":"https:\/\/mrnews.com.br\/index.php\/wp-json\/wp\/v2\/posts\/438198\/revisions\/438201"}],"wp:featuredmedia":[{"embeddable":true,"href":"https:\/\/mrnews.com.br\/index.php\/wp-json\/wp\/v2\/media\/434982"}],"wp:attachment":[{"href":"https:\/\/mrnews.com.br\/index.php\/wp-json\/wp\/v2\/media?parent=438198"}],"wp:term":[{"taxonomy":"category","embeddable":true,"href":"https:\/\/mrnews.com.br\/index.php\/wp-json\/wp\/v2\/categories?post=438198"},{"taxonomy":"post_tag","embeddable":true,"href":"https:\/\/mrnews.com.br\/index.php\/wp-json\/wp\/v2\/tags?post=438198"}],"curies":[{"name":"wp","href":"https:\/\/api.w.org\/{rel}","templated":true}]}}