{"id":438500,"date":"2025-03-18T16:20:31","date_gmt":"2025-03-18T19:20:31","guid":{"rendered":"https:\/\/mrnews.com.br\/?p=438500"},"modified":"2025-03-18T16:20:31","modified_gmt":"2025-03-18T19:20:31","slug":"botafogo-anuncia-contratacao-de-lucas-caniggia-para-o-sub-20","status":"publish","type":"post","link":"https:\/\/mrnews.com.br\/index.php\/2025\/03\/18\/botafogo-anuncia-contratacao-de-lucas-caniggia-para-o-sub-20\/","title":{"rendered":"Botafogo Anuncia Contrata\u00e7\u00e3o de Lucas Caniggia para o Sub-20"},"content":{"rendered":"<p><strong>Botafogo Anuncia Contrata\u00e7\u00e3o de Lucas Caniggia para o Sub-20: Um Novo Refor\u00e7o para o Futuro do Glorioso<\/strong><\/p>\n<p>O <strong>Botafogo<\/strong> deu um passo importante para o fortalecimento de sua equipe de base ao anunciar, nesta segunda-feira (17\/3), a contrata\u00e7\u00e3o do atacante <strong>Lucas Caniggia<\/strong>, de 20 anos, ex-Gr\u00eamio. O jovem atleta chega ao <strong>Glorioso<\/strong> para integrar o time <strong>Sub-20<\/strong> e assinou contrato definitivo at\u00e9 abril de 2026.<\/p>\n<p><a href=\"https:\/\/mrnews.com.br\/index.php\/2025\/03\/18\/assistir-botafogo-x-america-mg-ao-vivo-com-imagens-brasileiro-sub-20-2025-hoje-19-03-palpites-escalacoes\/\">ASSISTIR Botafogo x Am\u00e9rica-MG AO VIVO COM IMAGENS BRASILEIRO Sub-20 2025, HOJE (19\/03), PALPITES, ESCALA\u00c7\u00d5ES<\/a><\/p>\n<h3><strong>Quem \u00e9 Lucas Caniggia?<\/strong><\/h3>\n<p>Com uma trajet\u00f3ria promissora nas categorias de base, <strong>Lucas Magalh\u00e3es Pereira<\/strong> se destacou por sua habilidade e desempenho em competi\u00e7\u00f5es juvenis. Natural de <strong>10 de janeiro de 2005<\/strong>, o atacante teve grande \u00eaxito no <strong>Campeonato Brasileiro Sub-17<\/strong>, onde se destacou como vice-artilheiro, mostrando sua habilidade com a bola e seu \u00f3timo posicionamento dentro da \u00e1rea.<\/p>\n<p>Caniggia \u00e9 um atacante de refer\u00eancia, com grande poder de finaliza\u00e7\u00e3o e um bom senso de posicionamento. Essas caracter\u00edsticas fazem dele uma promessa importante para o futuro da equipe de base do Botafogo, que vem apostando forte em jovens talentos para garantir um elenco competitivo e com potencial para se destacar nas principais competi\u00e7\u00f5es nacionais.<\/p>\n<h3><strong>Expectativas para o Novo Desafio<\/strong><\/h3>\n<p>Em sua apresenta\u00e7\u00e3o, Lucas Caniggia expressou seu entusiasmo por vestir a <strong>camisa alvinegra<\/strong> e honrar a tradi\u00e7\u00e3o do <strong>Botafogo<\/strong>. Ele ressaltou a motiva\u00e7\u00e3o para o novo desafio e a chance de defender um clube de tamanha import\u00e2ncia e grandeza. O atacante prometeu muito esfor\u00e7o e dedica\u00e7\u00e3o, afirmando que dar\u00e1 o melhor de si em cada treino e em cada partida para ajudar o time a conquistar os objetivos.<\/p>\n<p>\u201cEstou muito motivado para este novo desafio e poder defender o clube de tamanha grandeza e import\u00e2ncia \u00e9 muito gratificante! A torcida pode esperar muita dedica\u00e7\u00e3o e trabalho, estarei sempre buscando marcar gols, ajudar meus companheiros e dar a vida pelo Glorioso\u201d, declarou Caniggia.<\/p>\n<h3><strong>Informa\u00e7\u00f5es do Refor\u00e7o Alvinegro<\/strong><\/h3>\n<ul>\n<li><strong>Nome<\/strong>: Lucas Magalh\u00e3es Pereira<\/li>\n<li><strong>Data de Nascimento<\/strong>: 10\/01\/2005<\/li>\n<li><strong>Posi\u00e7\u00e3o<\/strong>: Atacante<\/li>\n<li><strong>P\u00e9 Dominante<\/strong>: Direito<\/li>\n<li><strong>Altura<\/strong>: 1,80m<\/li>\n<li><strong>\u00daltimo Clube<\/strong>: Gr\u00eamio<\/li>\n<\/ul>\n<p>Com um estilo de jogo din\u00e2mico e focado em finaliza\u00e7\u00f5es, Lucas pode ser a chave para fortalecer o ataque da equipe Sub-20 do Botafogo, que se prepara para enfrentar os desafios da temporada de 2025.<\/p>\n<h3><strong>Expectativas da Torcida e Pr\u00f3ximos Passos<\/strong><\/h3>\n<p>A torcida do <strong>Botafogo<\/strong> j\u00e1 est\u00e1 ansiosa para ver o novo refor\u00e7o em campo e acompanhar o desenvolvimento de Caniggia com a camisa alvinegra. A equipe Sub-20 tem compromissos importantes, como a <strong>Copa Rio Sub-20<\/strong> e o <strong>Campeonato Brasileiro Sub-20<\/strong>, competi\u00e7\u00f5es que exigir\u00e3o o m\u00e1ximo de empenho dos jogadores, incluindo o jovem atacante.<\/p>\n<p>Com a contrata\u00e7\u00e3o de Lucas Caniggia, o Botafogo refor\u00e7a sua estrat\u00e9gia de investir no talento jovem e na forma\u00e7\u00e3o de jogadores para o futuro. O clube continua focado em seu crescimento nas categorias de base, preparando novos atletas para a equipe principal e visando sempre o sucesso a longo prazo.<\/p>\n<h3><strong>Conclus\u00e3o<\/strong><\/h3>\n<p>A chegada de <strong>Lucas Caniggia<\/strong> ao Botafogo \u00e9 uma excelente not\u00edcia para a torcida alvinegra, que agora conta com um atacante talentoso e promissor em seu elenco Sub-20. O jogador, com sua garra e dedica\u00e7\u00e3o, tem tudo para fazer hist\u00f3ria no clube e contribuir para os futuros \u00eaxitos da equipe. A temporada de 2025 promete grandes momentos para o Botafogo, com muito talento e a promessa de um futebol competitivo e de qualidade.<\/p>\n<p>Come\u00e7ou o Campeonato <a href=\"https:\/\/mrnews.com.br\/index.php\/category\/noticias\/esportes\/brasileiro-sub-20\/\"><strong>Brasileir\u00e3o Sub-20<\/strong><\/a>\u00a0\u00a0partida <strong>entre Botafogo x Am\u00e9rica-MG <\/strong>Brasileir\u00e3o SUB-20 acontece hoje,<strong> HOJE (19<\/strong><strong>) \u00e0s 15 hs.\u00a0<\/strong> A partida acontece sob o mando de campo <strong>do Botafogo<\/strong><strong>, <\/strong>que busca a vit\u00f3ria sob seus dom\u00ednios.<\/p>\n<p>Por <a href=\"https:\/\/fortalezasempre.com.br\">fortalezasempre.com.br<\/a><\/p>\n<h3><strong>Botafogo x Am\u00e9rica-MG Palpite e Onde Assistir \u2013 Brasileir\u00e3o Sub-20<\/strong><\/h3>\n<p>Botafogo U20 e Am\u00e9rica Mineiro U20 se enfrentam nesta ter\u00e7a-feira (19\/03), \u00e0s <strong>15h (de Bras\u00edlia)<\/strong>, pela segunda rodada do Campeonato Brasileiro Sub-20. A partida acontece com os times buscando pontos importantes para a classifica\u00e7\u00e3o. Confira abaixo a an\u00e1lise do confronto, palpite e onde assistir ao jogo ao vivo.<\/p>\n<h2><strong>Onde assistir Botafogo U20 x Am\u00e9rica-MG U20 ao vivo<\/strong><\/h2>\n<p>A partida entre Botafogo U20 e Am\u00e9rica-MG U20 ter\u00e1 transmiss\u00e3o ao vivo atrav\u00e9s dos seguintes canais:<\/p>\n<ul>\n<li><strong>CBF TV (YouTube e Eleven Sports)<\/strong><\/li>\n<li><strong>Sportv (a confirmar)<\/strong><\/li>\n<\/ul>\n<p>Al\u00e9m disso, plataformas como <strong>Sofascore e Flashscore<\/strong> disponibilizam estat\u00edsticas em tempo real e atualiza\u00e7\u00e3o do placar ao vivo.<\/p>\n<h2><strong>An\u00e1lise e Palpite para Botafogo U20 x Am\u00e9rica-MG U20<\/strong><\/h2>\n<p>O Botafogo U20 chega pressionado ap\u00f3s um come\u00e7o de campeonato irregular, ocupando a <strong>17\u00aa posi\u00e7\u00e3o<\/strong> na tabela. O time carioca precisa vencer para se recuperar e subir na classifica\u00e7\u00e3o. J\u00e1 o Am\u00e9rica-MG U20, na <strong>8\u00aa coloca\u00e7\u00e3o<\/strong>, vem motivado e busca manter a boa fase para brigar pelas primeiras posi\u00e7\u00f5es.<\/p>\n<p>Nos \u00faltimos confrontos diretos entre as equipes, o Am\u00e9rica-MG leva vantagem, com <strong>cinco vit\u00f3rias nos \u00faltimos oito jogos<\/strong>, enquanto o Botafogo venceu apenas uma vez.<\/p>\n<h3><strong>Palpite<\/strong><\/h3>\n<ul>\n<li><strong>Resultado Final:<\/strong> Vit\u00f3ria do Am\u00e9rica-MG U20 ou empate<\/li>\n<li><strong>Ambos marcam:<\/strong> Sim<\/li>\n<li><strong>Total de gols:<\/strong> Mais de 2,5 gols<\/li>\n<\/ul>\n<p>O Am\u00e9rica-MG U20 apresenta um futebol mais consistente, e, apesar do Botafogo jogar em casa, a equipe mineira tem chances de sair com um bom resultado.<\/p>\n<p>Fique ligado para acompanhar essa grande partida e conferir como os times v\u00e3o se sair nesta segunda rodada do Brasileir\u00e3o Sub-20!<\/p>\n<h3><\/h3>\n<h3><strong>Onde Assistir aos Jogos do Brasileir\u00e3o Sub-20?<\/strong><\/h3>\n<p>Os jogos desta segunda-feira ter\u00e3o transmiss\u00e3o ao vivo pelo <strong>SporTV<\/strong>, enquanto outras partidas da rodada ainda n\u00e3o tiveram suas transmiss\u00f5es confirmadas. Confira a programa\u00e7\u00e3o:<\/p>\n<table>\n<thead>\n<tr>\n<th><strong>Data<\/strong><\/th>\n<th><strong>Hor\u00e1rio<\/strong><\/th>\n<th><strong>Jogo<\/strong><\/th>\n<th><strong>Transmiss\u00e3o<\/strong><\/th>\n<\/tr>\n<\/thead>\n<tbody>\n<tr>\n<td>Segunda-feira, 10\/03<\/td>\n<td>19h<\/td>\n<td>Gr\u00eamio x S\u00e3o Paulo<\/td>\n<td>SporTV<\/td>\n<\/tr>\n<tr>\n<td>Segunda-feira, 10\/03<\/td>\n<td>21h30<\/td>\n<td>Fluminense x Atl\u00e9tico-MG<\/td>\n<td>SporTV<\/td>\n<\/tr>\n<tr>\n<td>Quarta-feira, 12\/03<\/td>\n<td>15h<\/td>\n<td>Atl\u00e9tico-GO x Inter<\/td>\n<td>Sem transmiss\u00e3o<\/td>\n<\/tr>\n<tr>\n<td>Quarta-feira, 12\/03<\/td>\n<td>15h<\/td>\n<td>Am\u00e9rica-MG x Vasco<\/td>\n<td>Sem transmiss\u00e3o<\/td>\n<\/tr>\n<tr>\n<td>Quarta-feira, 12\/03<\/td>\n<td>15h<\/td>\n<td>Red Bull Bragantino x Athletico<\/td>\n<td>Sem transmiss\u00e3o<\/td>\n<\/tr>\n<tr>\n<td>Quarta-feira, 12\/03<\/td>\n<td>15h<\/td>\n<td>Cruzeiro x Fortaleza<\/td>\n<td>Sem transmiss\u00e3o<\/td>\n<\/tr>\n<tr>\n<td>Quarta-feira, 12\/03<\/td>\n<td>15h<\/td>\n<td>Santos x Botafogo<\/td>\n<td>Sem transmiss\u00e3o<\/td>\n<\/tr>\n<tr>\n<td>Sexta-feira, 14\/03<\/td>\n<td>20h30<\/td>\n<td>Bahia x Corinthians<\/td>\n<td>SporTV<\/td>\n<\/tr>\n<\/tbody>\n<\/table>\n<p>Os jogos do <strong>Palmeiras e Flamengo<\/strong>, contra Juventude e Cuiab\u00e1, respectivamente, ser\u00e3o remarcados devido \u00e0 participa\u00e7\u00e3o dos clubes na <strong>Libertadores Sub-20.<\/strong><\/p>\n<hr \/>\n<h2><strong>Regulamento do Brasileir\u00e3o Sub-20 2025<\/strong><\/h2>\n<p>A competi\u00e7\u00e3o re\u00fane <strong>20 times<\/strong> que disputam uma primeira fase em <strong>turno \u00fanico<\/strong>, totalizando 19 rodadas. Os <strong>oito melhores avan\u00e7am \u00e0s quartas de final<\/strong>, enquanto os <strong>tr\u00eas \u00faltimos s\u00e3o rebaixados<\/strong> para a S\u00e9rie B.<\/p>\n<h3><strong>Crit\u00e9rios de desempate:<\/strong><\/h3>\n<ol>\n<li>Mais vit\u00f3rias<\/li>\n<li>Melhor saldo de gols<\/li>\n<li>Mais gols marcados<\/li>\n<li>Menos cart\u00f5es vermelhos<\/li>\n<li>Menos cart\u00f5es amarelos<\/li>\n<li>Sorteio<\/li>\n<\/ol>\n<p>A fase de <strong>quartas de final e semifinais<\/strong> ser\u00e1 em jogo \u00fanico, enquanto a <strong>final ter\u00e1 ida e volta.<\/strong> Em caso de empate, a decis\u00e3o ser\u00e1 nos p\u00eanaltis, sem prorroga\u00e7\u00e3o.<\/p>\n<hr \/>\n<h2><strong>Times Participantes do Brasileir\u00e3o Sub-20 2025<\/strong><\/h2>\n<ul>\n<li><strong>Am\u00e9rica-MG<\/strong><\/li>\n<li><strong>Athletico-PR<\/strong><\/li>\n<li><strong>Atl\u00e9tico-GO<\/strong><\/li>\n<li><strong>Atl\u00e9tico-MG<\/strong><\/li>\n<li><strong>Bahia<\/strong><\/li>\n<li><strong>Botafogo<\/strong><\/li>\n<li><strong>Bragantino<\/strong><\/li>\n<li><strong>Corinthians<\/strong><\/li>\n<li><strong>Cruzeiro<\/strong><\/li>\n<li><strong>Cuiab\u00e1<\/strong><\/li>\n<li><strong>Flamengo<\/strong><\/li>\n<li><strong>Fluminense<\/strong><\/li>\n<li><strong>Fortaleza<\/strong><\/li>\n<li><strong>Gr\u00eamio<\/strong><\/li>\n<li><strong>Internacional<\/strong><\/li>\n<li><strong>Juventude<\/strong><\/li>\n<li><strong>Palmeiras<\/strong><\/li>\n<li><strong>Santos<\/strong><\/li>\n<li><strong>S\u00e3o Paulo<\/strong><\/li>\n<li><strong>Vasco<\/strong><\/li>\n<\/ul>\n<hr \/>\n<h2><strong>Campe\u00f5es e Vices do Brasileir\u00e3o Sub-20<\/strong><\/h2>\n<p>O <strong>Palmeiras<\/strong> \u00e9 o maior campe\u00e3o, com <strong>tr\u00eas t\u00edtulos (2018, 2022 e 2024)<\/strong>, seguido pelo <strong>Flamengo<\/strong>, que venceu <strong>duas vezes (2019 e 2023).<\/strong> Cruzeiro, Internacional, Fluminense, Atl\u00e9tico-MG e Botafogo t\u00eam um t\u00edtulo cada.<\/p>\n<table>\n<thead>\n<tr>\n<th><strong>Ano<\/strong><\/th>\n<th><strong>Campe\u00e3o<\/strong><\/th>\n<th><strong>Vice-campe\u00e3o<\/strong><\/th>\n<\/tr>\n<\/thead>\n<tbody>\n<tr>\n<td>2015<\/td>\n<td>Fluminense<\/td>\n<td>Vit\u00f3ria<\/td>\n<\/tr>\n<tr>\n<td>2016<\/td>\n<td>Botafogo<\/td>\n<td>Corinthians<\/td>\n<\/tr>\n<tr>\n<td>2017<\/td>\n<td>Cruzeiro<\/td>\n<td>Coritiba<\/td>\n<\/tr>\n<tr>\n<td>2018<\/td>\n<td>Palmeiras<\/td>\n<td>Vit\u00f3ria<\/td>\n<\/tr>\n<tr>\n<td>2019<\/td>\n<td>Flamengo<\/td>\n<td>Palmeiras<\/td>\n<\/tr>\n<tr>\n<td>2020<\/td>\n<td>Atl\u00e9tico-MG<\/td>\n<td>Athletico-PR<\/td>\n<\/tr>\n<tr>\n<td>2021<\/td>\n<td>Internacional<\/td>\n<td>S\u00e3o Paulo<\/td>\n<\/tr>\n<tr>\n<td>2022<\/td>\n<td>Palmeiras<\/td>\n<td>Corinthians<\/td>\n<\/tr>\n<tr>\n<td>2023<\/td>\n<td>Flamengo<\/td>\n<td>Palmeiras<\/td>\n<\/tr>\n<tr>\n<td>2024<\/td>\n<td>Palmeiras<\/td>\n<td>Cruzeiro<\/td>\n<\/tr>\n<\/tbody>\n<\/table>\n<hr \/>\n<p>O <strong>Brasileir\u00e3o Sub-20<\/strong> \u00e9 um dos torneios de base mais importantes do futebol brasileiro e um celeiro de futuros craques. <strong>Quem ser\u00e1 o campe\u00e3o em 2025?<\/strong><\/p>\n","protected":false},"excerpt":{"rendered":"<p>Botafogo Anuncia Contrata\u00e7\u00e3o de Lucas Caniggia para o Sub-20: Um Novo Refor\u00e7o para o Futuro do Glorioso O Botafogo deu um passo importante para o fortalecimento de sua equipe de base ao anunciar, nesta segunda-feira (17\/3), a contrata\u00e7\u00e3o do atacante Lucas Caniggia, de 20 anos, ex-Gr\u00eamio. O jovem atleta chega ao Glorioso para integrar o &hellip;<\/p>\n","protected":false},"author":1,"featured_media":243850,"comment_status":"open","ping_status":"open","sticky":false,"template":"","format":"standard","meta":{"_jetpack_memberships_contains_paid_content":false,"footnotes":""},"categories":[11607,9677,9607,9675,9641,10356,9578,9580,9575,9654,12001,3,4587,9606,9645,9573,9611,9646,9576,9579,9614,9613,9612],"tags":[9859,7429,12484],"class_list":["post-438500","post","type-post","status-publish","format-standard","has-post-thumbnail","hentry","category-america-mg","category-atletico-go","category-atletico-mg","category-bahia","category-botafogo","category-brasileiro-sub-20","category-ceara","category-corinthians","category-coritiba","category-cruzeiro","category-cuiaba","category-esportes1","category-esportes","category-flamengo","category-fluminense","category-fortaleza","category-goias","category-gremio","category-internacional","category-palmeiras","category-rb-bragantino","category-santos","category-sao-paulo","tag-canaismax","tag-futemax","tag-futmax-jogos-de-hoje"],"yoast_head":"<!-- This site is optimized with the Yoast SEO plugin v27.5 - https:\/\/yoast.com\/product\/yoast-seo-wordpress\/ -->\n<title>Botafogo Anuncia Contrata\u00e7\u00e3o de Lucas Caniggia para o Sub-20<\/title>\n<meta name=\"robots\" content=\"index, follow, max-snippet:-1, max-image-preview:large, max-video-preview:-1\" \/>\n<link rel=\"canonical\" href=\"https:\/\/mrnews.com.br\/index.php\/2025\/03\/18\/botafogo-anuncia-contratacao-de-lucas-caniggia-para-o-sub-20\/\" \/>\n<meta property=\"og:locale\" content=\"pt_BR\" \/>\n<meta property=\"og:type\" content=\"article\" \/>\n<meta property=\"og:title\" content=\"Botafogo Anuncia Contrata\u00e7\u00e3o de Lucas Caniggia para o Sub-20\" \/>\n<meta property=\"og:description\" content=\"Botafogo Anuncia Contrata\u00e7\u00e3o de Lucas Caniggia para o Sub-20: Um Novo Refor\u00e7o para o Futuro do Glorioso O Botafogo deu um passo importante para o fortalecimento de sua equipe de base ao anunciar, nesta segunda-feira (17\/3), a contrata\u00e7\u00e3o do atacante Lucas Caniggia, de 20 anos, ex-Gr\u00eamio. O jovem atleta chega ao Glorioso para integrar o &hellip;\" \/>\n<meta property=\"og:url\" content=\"https:\/\/mrnews.com.br\/index.php\/2025\/03\/18\/botafogo-anuncia-contratacao-de-lucas-caniggia-para-o-sub-20\/\" \/>\n<meta property=\"og:site_name\" content=\"MRNews\" \/>\n<meta property=\"article:publisher\" content=\"https:\/\/www.facebook.com\/eaipahpah\/?locale2=pt_BR\" \/>\n<meta property=\"article:published_time\" content=\"2025-03-18T19:20:31+00:00\" \/>\n<meta property=\"og:image\" content=\"https:\/\/mrnews.com.br\/wp-content\/uploads\/2020\/10\/copa-do-brasil-sub-20-ao-vivo-assista-aqui.jpg\" \/>\n\t<meta property=\"og:image:width\" content=\"1241\" \/>\n\t<meta property=\"og:image:height\" content=\"764\" \/>\n\t<meta property=\"og:image:type\" content=\"image\/jpeg\" \/>\n<meta name=\"author\" content=\"MR News\" \/>\n<meta name=\"twitter:card\" content=\"summary_large_image\" \/>\n<meta name=\"twitter:creator\" content=\"@conspirou\" \/>\n<meta name=\"twitter:site\" content=\"@conspirou\" \/>\n<meta name=\"twitter:label1\" content=\"Escrito por\" \/>\n\t<meta name=\"twitter:data1\" content=\"MR News\" \/>\n\t<meta name=\"twitter:label2\" content=\"Est. tempo de leitura\" \/>\n\t<meta name=\"twitter:data2\" content=\"7 minutos\" \/>\n<script type=\"application\/ld+json\" class=\"yoast-schema-graph\">{\"@context\":\"https:\\\/\\\/schema.org\",\"@graph\":[{\"@type\":\"Article\",\"@id\":\"https:\\\/\\\/mrnews.com.br\\\/index.php\\\/2025\\\/03\\\/18\\\/botafogo-anuncia-contratacao-de-lucas-caniggia-para-o-sub-20\\\/#article\",\"isPartOf\":{\"@id\":\"https:\\\/\\\/mrnews.com.br\\\/index.php\\\/2025\\\/03\\\/18\\\/botafogo-anuncia-contratacao-de-lucas-caniggia-para-o-sub-20\\\/\"},\"author\":{\"name\":\"MR News\",\"@id\":\"https:\\\/\\\/mrnews.com.br\\\/#\\\/schema\\\/person\\\/be3203154562a9f207407861cef7827b\"},\"headline\":\"Botafogo Anuncia Contrata\u00e7\u00e3o de Lucas Caniggia para o Sub-20\",\"datePublished\":\"2025-03-18T19:20:31+00:00\",\"mainEntityOfPage\":{\"@id\":\"https:\\\/\\\/mrnews.com.br\\\/index.php\\\/2025\\\/03\\\/18\\\/botafogo-anuncia-contratacao-de-lucas-caniggia-para-o-sub-20\\\/\"},\"wordCount\":1275,\"commentCount\":0,\"publisher\":{\"@id\":\"https:\\\/\\\/mrnews.com.br\\\/#organization\"},\"image\":{\"@id\":\"https:\\\/\\\/mrnews.com.br\\\/index.php\\\/2025\\\/03\\\/18\\\/botafogo-anuncia-contratacao-de-lucas-caniggia-para-o-sub-20\\\/#primaryimage\"},\"thumbnailUrl\":\"https:\\\/\\\/mrnews.com.br\\\/wp-content\\\/uploads\\\/2020\\\/10\\\/copa-do-brasil-sub-20-ao-vivo-assista-aqui.jpg\",\"keywords\":[\"canaismax\",\"futemax\",\"futmax jogos de hoje\"],\"articleSection\":[\"Am\u00e9rica-MG\",\"Atl\u00e9tico-GO\",\"Atl\u00e9tico-MG\",\"Bahia\",\"Botafogo\",\"BRASILEIRO SUB-20\",\"Cear\u00e1\",\"Corinthians\",\"Coritiba\",\"Cruzeiro\",\"Cuiaba\",\"ESPORTES\",\"Esportes\",\"Flamengo\",\"Fluminense\",\"Fortaleza\",\"Goi\u00e1s\",\"Gr\u00eamio\",\"Internacional\",\"Palmeiras\",\"RB Bragantino\",\"Santos\",\"S\u00e3o Paulo\"],\"inLanguage\":\"pt-BR\",\"potentialAction\":[{\"@type\":\"CommentAction\",\"name\":\"Comment\",\"target\":[\"https:\\\/\\\/mrnews.com.br\\\/index.php\\\/2025\\\/03\\\/18\\\/botafogo-anuncia-contratacao-de-lucas-caniggia-para-o-sub-20\\\/#respond\"]}]},{\"@type\":\"WebPage\",\"@id\":\"https:\\\/\\\/mrnews.com.br\\\/index.php\\\/2025\\\/03\\\/18\\\/botafogo-anuncia-contratacao-de-lucas-caniggia-para-o-sub-20\\\/\",\"url\":\"https:\\\/\\\/mrnews.com.br\\\/index.php\\\/2025\\\/03\\\/18\\\/botafogo-anuncia-contratacao-de-lucas-caniggia-para-o-sub-20\\\/\",\"name\":\"Botafogo Anuncia Contrata\u00e7\u00e3o de Lucas Caniggia para o Sub-20\",\"isPartOf\":{\"@id\":\"https:\\\/\\\/mrnews.com.br\\\/#website\"},\"primaryImageOfPage\":{\"@id\":\"https:\\\/\\\/mrnews.com.br\\\/index.php\\\/2025\\\/03\\\/18\\\/botafogo-anuncia-contratacao-de-lucas-caniggia-para-o-sub-20\\\/#primaryimage\"},\"image\":{\"@id\":\"https:\\\/\\\/mrnews.com.br\\\/index.php\\\/2025\\\/03\\\/18\\\/botafogo-anuncia-contratacao-de-lucas-caniggia-para-o-sub-20\\\/#primaryimage\"},\"thumbnailUrl\":\"https:\\\/\\\/mrnews.com.br\\\/wp-content\\\/uploads\\\/2020\\\/10\\\/copa-do-brasil-sub-20-ao-vivo-assista-aqui.jpg\",\"datePublished\":\"2025-03-18T19:20:31+00:00\",\"breadcrumb\":{\"@id\":\"https:\\\/\\\/mrnews.com.br\\\/index.php\\\/2025\\\/03\\\/18\\\/botafogo-anuncia-contratacao-de-lucas-caniggia-para-o-sub-20\\\/#breadcrumb\"},\"inLanguage\":\"pt-BR\",\"potentialAction\":[{\"@type\":\"ReadAction\",\"target\":[\"https:\\\/\\\/mrnews.com.br\\\/index.php\\\/2025\\\/03\\\/18\\\/botafogo-anuncia-contratacao-de-lucas-caniggia-para-o-sub-20\\\/\"]}]},{\"@type\":\"ImageObject\",\"inLanguage\":\"pt-BR\",\"@id\":\"https:\\\/\\\/mrnews.com.br\\\/index.php\\\/2025\\\/03\\\/18\\\/botafogo-anuncia-contratacao-de-lucas-caniggia-para-o-sub-20\\\/#primaryimage\",\"url\":\"https:\\\/\\\/mrnews.com.br\\\/wp-content\\\/uploads\\\/2020\\\/10\\\/copa-do-brasil-sub-20-ao-vivo-assista-aqui.jpg\",\"contentUrl\":\"https:\\\/\\\/mrnews.com.br\\\/wp-content\\\/uploads\\\/2020\\\/10\\\/copa-do-brasil-sub-20-ao-vivo-assista-aqui.jpg\",\"width\":1241,\"height\":764,\"caption\":\"copa do brasil sub-20 ao vivo assista aqui\"},{\"@type\":\"BreadcrumbList\",\"@id\":\"https:\\\/\\\/mrnews.com.br\\\/index.php\\\/2025\\\/03\\\/18\\\/botafogo-anuncia-contratacao-de-lucas-caniggia-para-o-sub-20\\\/#breadcrumb\",\"itemListElement\":[{\"@type\":\"ListItem\",\"position\":1,\"name\":\"In\u00edcio\",\"item\":\"https:\\\/\\\/mrnews.com.br\\\/\"},{\"@type\":\"ListItem\",\"position\":2,\"name\":\"Botafogo Anuncia Contrata\u00e7\u00e3o de Lucas Caniggia para o Sub-20\"}]},{\"@type\":\"WebSite\",\"@id\":\"https:\\\/\\\/mrnews.com.br\\\/#website\",\"url\":\"https:\\\/\\\/mrnews.com.br\\\/\",\"name\":\"MRNews\",\"description\":\"MRNews Jogos de hoje da TV, transmiss\u00f5es ao vivo, Not\u00edcias de futebol, Jogos ao vivo, Lives, resumo de novelas, Programa\u00e7\u00e3o da Globo, A Fazenda e BBB\",\"publisher\":{\"@id\":\"https:\\\/\\\/mrnews.com.br\\\/#organization\"},\"potentialAction\":[{\"@type\":\"SearchAction\",\"target\":{\"@type\":\"EntryPoint\",\"urlTemplate\":\"https:\\\/\\\/mrnews.com.br\\\/?s={search_term_string}\"},\"query-input\":{\"@type\":\"PropertyValueSpecification\",\"valueRequired\":true,\"valueName\":\"search_term_string\"}}],\"inLanguage\":\"pt-BR\"},{\"@type\":\"Organization\",\"@id\":\"https:\\\/\\\/mrnews.com.br\\\/#organization\",\"name\":\"MRNews\",\"url\":\"https:\\\/\\\/mrnews.com.br\\\/\",\"logo\":{\"@type\":\"ImageObject\",\"inLanguage\":\"pt-BR\",\"@id\":\"https:\\\/\\\/mrnews.com.br\\\/#\\\/schema\\\/logo\\\/image\\\/\",\"url\":\"https:\\\/\\\/mrnews.com.br\\\/wp-content\\\/uploads\\\/2019\\\/06\\\/MRNewslogo2.png\",\"contentUrl\":\"https:\\\/\\\/mrnews.com.br\\\/wp-content\\\/uploads\\\/2019\\\/06\\\/MRNewslogo2.png\",\"width\":223,\"height\":58,\"caption\":\"MRNews\"},\"image\":{\"@id\":\"https:\\\/\\\/mrnews.com.br\\\/#\\\/schema\\\/logo\\\/image\\\/\"},\"sameAs\":[\"https:\\\/\\\/www.facebook.com\\\/eaipahpah\\\/?locale2=pt_BR\",\"https:\\\/\\\/x.com\\\/conspirou\",\"https:\\\/\\\/www.instagram.com\\\/eai_pahpah\",\"https:\\\/\\\/br.pinterest.com\\\/mrnewsn\\\/boards\\\/\",\"https:\\\/\\\/www.youtube.com\\\/channel\\\/UCacgnpznQ61fifLWr1tQ-vA?view_as=subscriber\"]},{\"@type\":\"Person\",\"@id\":\"https:\\\/\\\/mrnews.com.br\\\/#\\\/schema\\\/person\\\/be3203154562a9f207407861cef7827b\",\"name\":\"MR News\",\"image\":{\"@type\":\"ImageObject\",\"inLanguage\":\"pt-BR\",\"@id\":\"https:\\\/\\\/secure.gravatar.com\\\/avatar\\\/04084e6d73c042b8646e7c17b494073bf0ede3ea13c7105cfc45cbbbc28385a4?s=96&d=monsterid&r=g\",\"url\":\"https:\\\/\\\/secure.gravatar.com\\\/avatar\\\/04084e6d73c042b8646e7c17b494073bf0ede3ea13c7105cfc45cbbbc28385a4?s=96&d=monsterid&r=g\",\"contentUrl\":\"https:\\\/\\\/secure.gravatar.com\\\/avatar\\\/04084e6d73c042b8646e7c17b494073bf0ede3ea13c7105cfc45cbbbc28385a4?s=96&d=monsterid&r=g\",\"caption\":\"MR News\"},\"description\":\"Especializado em jornalismo colaborativo pela FTP em n\u00edvel de p\u00f3s-gradua\u00e7\u00e3o. suporte@oimeliga.combr\",\"sameAs\":[\"HUGO R.\",\"Admin\"],\"url\":\"https:\\\/\\\/mrnews.com.br\\\/index.php\\\/author\\\/admin\\\/\"}]}<\/script>\n<!-- \/ Yoast SEO plugin. -->","yoast_head_json":{"title":"Botafogo Anuncia Contrata\u00e7\u00e3o de Lucas Caniggia para o Sub-20","robots":{"index":"index","follow":"follow","max-snippet":"max-snippet:-1","max-image-preview":"max-image-preview:large","max-video-preview":"max-video-preview:-1"},"canonical":"https:\/\/mrnews.com.br\/index.php\/2025\/03\/18\/botafogo-anuncia-contratacao-de-lucas-caniggia-para-o-sub-20\/","og_locale":"pt_BR","og_type":"article","og_title":"Botafogo Anuncia Contrata\u00e7\u00e3o de Lucas Caniggia para o Sub-20","og_description":"Botafogo Anuncia Contrata\u00e7\u00e3o de Lucas Caniggia para o Sub-20: Um Novo Refor\u00e7o para o Futuro do Glorioso O Botafogo deu um passo importante para o fortalecimento de sua equipe de base ao anunciar, nesta segunda-feira (17\/3), a contrata\u00e7\u00e3o do atacante Lucas Caniggia, de 20 anos, ex-Gr\u00eamio. O jovem atleta chega ao Glorioso para integrar o &hellip;","og_url":"https:\/\/mrnews.com.br\/index.php\/2025\/03\/18\/botafogo-anuncia-contratacao-de-lucas-caniggia-para-o-sub-20\/","og_site_name":"MRNews","article_publisher":"https:\/\/www.facebook.com\/eaipahpah\/?locale2=pt_BR","article_published_time":"2025-03-18T19:20:31+00:00","og_image":[{"width":1241,"height":764,"url":"https:\/\/mrnews.com.br\/wp-content\/uploads\/2020\/10\/copa-do-brasil-sub-20-ao-vivo-assista-aqui.jpg","type":"image\/jpeg"}],"author":"MR News","twitter_card":"summary_large_image","twitter_creator":"@conspirou","twitter_site":"@conspirou","twitter_misc":{"Escrito por":"MR News","Est. tempo de leitura":"7 minutos"},"schema":{"@context":"https:\/\/schema.org","@graph":[{"@type":"Article","@id":"https:\/\/mrnews.com.br\/index.php\/2025\/03\/18\/botafogo-anuncia-contratacao-de-lucas-caniggia-para-o-sub-20\/#article","isPartOf":{"@id":"https:\/\/mrnews.com.br\/index.php\/2025\/03\/18\/botafogo-anuncia-contratacao-de-lucas-caniggia-para-o-sub-20\/"},"author":{"name":"MR News","@id":"https:\/\/mrnews.com.br\/#\/schema\/person\/be3203154562a9f207407861cef7827b"},"headline":"Botafogo Anuncia Contrata\u00e7\u00e3o de Lucas Caniggia para o Sub-20","datePublished":"2025-03-18T19:20:31+00:00","mainEntityOfPage":{"@id":"https:\/\/mrnews.com.br\/index.php\/2025\/03\/18\/botafogo-anuncia-contratacao-de-lucas-caniggia-para-o-sub-20\/"},"wordCount":1275,"commentCount":0,"publisher":{"@id":"https:\/\/mrnews.com.br\/#organization"},"image":{"@id":"https:\/\/mrnews.com.br\/index.php\/2025\/03\/18\/botafogo-anuncia-contratacao-de-lucas-caniggia-para-o-sub-20\/#primaryimage"},"thumbnailUrl":"https:\/\/mrnews.com.br\/wp-content\/uploads\/2020\/10\/copa-do-brasil-sub-20-ao-vivo-assista-aqui.jpg","keywords":["canaismax","futemax","futmax jogos de hoje"],"articleSection":["Am\u00e9rica-MG","Atl\u00e9tico-GO","Atl\u00e9tico-MG","Bahia","Botafogo","BRASILEIRO SUB-20","Cear\u00e1","Corinthians","Coritiba","Cruzeiro","Cuiaba","ESPORTES","Esportes","Flamengo","Fluminense","Fortaleza","Goi\u00e1s","Gr\u00eamio","Internacional","Palmeiras","RB Bragantino","Santos","S\u00e3o Paulo"],"inLanguage":"pt-BR","potentialAction":[{"@type":"CommentAction","name":"Comment","target":["https:\/\/mrnews.com.br\/index.php\/2025\/03\/18\/botafogo-anuncia-contratacao-de-lucas-caniggia-para-o-sub-20\/#respond"]}]},{"@type":"WebPage","@id":"https:\/\/mrnews.com.br\/index.php\/2025\/03\/18\/botafogo-anuncia-contratacao-de-lucas-caniggia-para-o-sub-20\/","url":"https:\/\/mrnews.com.br\/index.php\/2025\/03\/18\/botafogo-anuncia-contratacao-de-lucas-caniggia-para-o-sub-20\/","name":"Botafogo Anuncia Contrata\u00e7\u00e3o de Lucas Caniggia para o Sub-20","isPartOf":{"@id":"https:\/\/mrnews.com.br\/#website"},"primaryImageOfPage":{"@id":"https:\/\/mrnews.com.br\/index.php\/2025\/03\/18\/botafogo-anuncia-contratacao-de-lucas-caniggia-para-o-sub-20\/#primaryimage"},"image":{"@id":"https:\/\/mrnews.com.br\/index.php\/2025\/03\/18\/botafogo-anuncia-contratacao-de-lucas-caniggia-para-o-sub-20\/#primaryimage"},"thumbnailUrl":"https:\/\/mrnews.com.br\/wp-content\/uploads\/2020\/10\/copa-do-brasil-sub-20-ao-vivo-assista-aqui.jpg","datePublished":"2025-03-18T19:20:31+00:00","breadcrumb":{"@id":"https:\/\/mrnews.com.br\/index.php\/2025\/03\/18\/botafogo-anuncia-contratacao-de-lucas-caniggia-para-o-sub-20\/#breadcrumb"},"inLanguage":"pt-BR","potentialAction":[{"@type":"ReadAction","target":["https:\/\/mrnews.com.br\/index.php\/2025\/03\/18\/botafogo-anuncia-contratacao-de-lucas-caniggia-para-o-sub-20\/"]}]},{"@type":"ImageObject","inLanguage":"pt-BR","@id":"https:\/\/mrnews.com.br\/index.php\/2025\/03\/18\/botafogo-anuncia-contratacao-de-lucas-caniggia-para-o-sub-20\/#primaryimage","url":"https:\/\/mrnews.com.br\/wp-content\/uploads\/2020\/10\/copa-do-brasil-sub-20-ao-vivo-assista-aqui.jpg","contentUrl":"https:\/\/mrnews.com.br\/wp-content\/uploads\/2020\/10\/copa-do-brasil-sub-20-ao-vivo-assista-aqui.jpg","width":1241,"height":764,"caption":"copa do brasil sub-20 ao vivo assista aqui"},{"@type":"BreadcrumbList","@id":"https:\/\/mrnews.com.br\/index.php\/2025\/03\/18\/botafogo-anuncia-contratacao-de-lucas-caniggia-para-o-sub-20\/#breadcrumb","itemListElement":[{"@type":"ListItem","position":1,"name":"In\u00edcio","item":"https:\/\/mrnews.com.br\/"},{"@type":"ListItem","position":2,"name":"Botafogo Anuncia Contrata\u00e7\u00e3o de Lucas Caniggia para o Sub-20"}]},{"@type":"WebSite","@id":"https:\/\/mrnews.com.br\/#website","url":"https:\/\/mrnews.com.br\/","name":"MRNews","description":"MRNews Jogos de hoje da TV, transmiss\u00f5es ao vivo, Not\u00edcias de futebol, Jogos ao vivo, Lives, resumo de novelas, Programa\u00e7\u00e3o da Globo, A Fazenda e BBB","publisher":{"@id":"https:\/\/mrnews.com.br\/#organization"},"potentialAction":[{"@type":"SearchAction","target":{"@type":"EntryPoint","urlTemplate":"https:\/\/mrnews.com.br\/?s={search_term_string}"},"query-input":{"@type":"PropertyValueSpecification","valueRequired":true,"valueName":"search_term_string"}}],"inLanguage":"pt-BR"},{"@type":"Organization","@id":"https:\/\/mrnews.com.br\/#organization","name":"MRNews","url":"https:\/\/mrnews.com.br\/","logo":{"@type":"ImageObject","inLanguage":"pt-BR","@id":"https:\/\/mrnews.com.br\/#\/schema\/logo\/image\/","url":"https:\/\/mrnews.com.br\/wp-content\/uploads\/2019\/06\/MRNewslogo2.png","contentUrl":"https:\/\/mrnews.com.br\/wp-content\/uploads\/2019\/06\/MRNewslogo2.png","width":223,"height":58,"caption":"MRNews"},"image":{"@id":"https:\/\/mrnews.com.br\/#\/schema\/logo\/image\/"},"sameAs":["https:\/\/www.facebook.com\/eaipahpah\/?locale2=pt_BR","https:\/\/x.com\/conspirou","https:\/\/www.instagram.com\/eai_pahpah","https:\/\/br.pinterest.com\/mrnewsn\/boards\/","https:\/\/www.youtube.com\/channel\/UCacgnpznQ61fifLWr1tQ-vA?view_as=subscriber"]},{"@type":"Person","@id":"https:\/\/mrnews.com.br\/#\/schema\/person\/be3203154562a9f207407861cef7827b","name":"MR News","image":{"@type":"ImageObject","inLanguage":"pt-BR","@id":"https:\/\/secure.gravatar.com\/avatar\/04084e6d73c042b8646e7c17b494073bf0ede3ea13c7105cfc45cbbbc28385a4?s=96&d=monsterid&r=g","url":"https:\/\/secure.gravatar.com\/avatar\/04084e6d73c042b8646e7c17b494073bf0ede3ea13c7105cfc45cbbbc28385a4?s=96&d=monsterid&r=g","contentUrl":"https:\/\/secure.gravatar.com\/avatar\/04084e6d73c042b8646e7c17b494073bf0ede3ea13c7105cfc45cbbbc28385a4?s=96&d=monsterid&r=g","caption":"MR News"},"description":"Especializado em jornalismo colaborativo pela FTP em n\u00edvel de p\u00f3s-gradua\u00e7\u00e3o. suporte@oimeliga.combr","sameAs":["HUGO R.","Admin"],"url":"https:\/\/mrnews.com.br\/index.php\/author\/admin\/"}]}},"jetpack_featured_media_url":"https:\/\/mrnews.com.br\/wp-content\/uploads\/2020\/10\/copa-do-brasil-sub-20-ao-vivo-assista-aqui.jpg","jetpack_sharing_enabled":true,"jetpack_shortlink":"https:\/\/wp.me\/pa2Qf7-1Q4A","amp_enabled":true,"_links":{"self":[{"href":"https:\/\/mrnews.com.br\/index.php\/wp-json\/wp\/v2\/posts\/438500","targetHints":{"allow":["GET"]}}],"collection":[{"href":"https:\/\/mrnews.com.br\/index.php\/wp-json\/wp\/v2\/posts"}],"about":[{"href":"https:\/\/mrnews.com.br\/index.php\/wp-json\/wp\/v2\/types\/post"}],"author":[{"embeddable":true,"href":"https:\/\/mrnews.com.br\/index.php\/wp-json\/wp\/v2\/users\/1"}],"replies":[{"embeddable":true,"href":"https:\/\/mrnews.com.br\/index.php\/wp-json\/wp\/v2\/comments?post=438500"}],"version-history":[{"count":1,"href":"https:\/\/mrnews.com.br\/index.php\/wp-json\/wp\/v2\/posts\/438500\/revisions"}],"predecessor-version":[{"id":438501,"href":"https:\/\/mrnews.com.br\/index.php\/wp-json\/wp\/v2\/posts\/438500\/revisions\/438501"}],"wp:featuredmedia":[{"embeddable":true,"href":"https:\/\/mrnews.com.br\/index.php\/wp-json\/wp\/v2\/media\/243850"}],"wp:attachment":[{"href":"https:\/\/mrnews.com.br\/index.php\/wp-json\/wp\/v2\/media?parent=438500"}],"wp:term":[{"taxonomy":"category","embeddable":true,"href":"https:\/\/mrnews.com.br\/index.php\/wp-json\/wp\/v2\/categories?post=438500"},{"taxonomy":"post_tag","embeddable":true,"href":"https:\/\/mrnews.com.br\/index.php\/wp-json\/wp\/v2\/tags?post=438500"}],"curies":[{"name":"wp","href":"https:\/\/api.w.org\/{rel}","templated":true}]}}