{"id":438529,"date":"2025-03-19T07:26:46","date_gmt":"2025-03-19T10:26:46","guid":{"rendered":"https:\/\/mrnews.com.br\/?p=438529"},"modified":"2025-03-19T07:26:46","modified_gmt":"2025-03-19T10:26:46","slug":"bombeiros-civis-de-batatais-iniciaram-uma-campanha-de-arrecadacao-para-reformar-a-sede","status":"publish","type":"post","link":"https:\/\/mrnews.com.br\/index.php\/2025\/03\/19\/bombeiros-civis-de-batatais-iniciaram-uma-campanha-de-arrecadacao-para-reformar-a-sede\/","title":{"rendered":"Bombeiros Civis de Batatais iniciaram uma campanha de arrecada\u00e7\u00e3o para reformar a sede"},"content":{"rendered":"<p>Fonte <a href=\"https:\/\/ojornaldebatatais.com.br\">Noticias de Batatais <\/a>ojornaldebatatais.com.br<\/p>\n<p>Os Bombeiros Civis de Batatais iniciaram uma campanha de arrecada\u00e7\u00e3o para reformar a sede conquistada ap\u00f3s 10 anos de luta. Localizada no Terminal Rodovi\u00e1rio, o espa\u00e7o foi cedido pela Prefeitura e servir\u00e1 como base para os trabalhos volunt\u00e1rios da corpora\u00e7\u00e3o, al\u00e9m de ser um ponto estrat\u00e9gico para a cidade.<\/p>\n<p>De acordo com os bombeiros, o local estava em total abandono e agora ser\u00e1 revitalizado e preservado. A nova sede proporcionar\u00e1 um espa\u00e7o adequado para o armazenamento de equipamentos, que antes ficavam espalhados nas casas dos volunt\u00e1rios, al\u00e9m de contribuir para a seguran\u00e7a da regi\u00e3o, prevenindo atos de vandalismo.<\/p>\n<p>Atualmente, a principal necessidade \u00e9 a aquisi\u00e7\u00e3o de tinta vermelha para a pintura do espa\u00e7o. \u201cJ\u00e1 conseguimos a tinta branca, mas precisamos da tinta vermelha para padronizar as cores com a identidade dos bombeiros e garantir que o local esteja bem identificado\u201d, explicam os organizadores.<\/p>\n<p>Para tornar a reforma poss\u00edvel, os bombeiros est\u00e3o arrecadando doa\u00e7\u00f5es por meio de uma vaquinha online:<\/p>\n<p><a href=\"https:\/\/www.vakinha.com.br\/vaquinha\/ajude-na-reforma-da-sede-dos-bombeiros-civis-de-batatais\">https:\/\/www.vakinha.com.br\/vaquinha\/ajude-na-reforma-da-sede-dos-bombeiros-civis-de-batatais<\/a><\/p>\n<p>Al\u00e9m disso, a equipe busca apoio para a aquisi\u00e7\u00e3o de novos equipamentos, como cadeiras, um computador e a fia\u00e7\u00e3o necess\u00e1ria para a instala\u00e7\u00e3o de c\u00e2meras de seguran\u00e7a, algumas das quais j\u00e1 foram doadas.<\/p>\n<p>Quem deseja contribuir pode entrar em contato pelos canais oficiais dos Bombeiros Civis de Batatais:<\/p>\n<ul>\n<li>Telefone\/WhatsApp: (16) 99235-4199<\/li>\n<li>Instagram: <a href=\"https:\/\/www.instagram.com\/bombeiroscivilbtts\">@bombeiroscivilbtts<\/a><\/li>\n<li>Facebook: <a href=\"https:\/\/www.facebook.com\/BpcBatatais\">Bpc Batatais<\/a><\/li>\n<\/ul>\n<p>A nova sede j\u00e1 est\u00e1 sendo utilizada para treinamentos e apoio em eventos. Os bombeiros convidam a popula\u00e7\u00e3o a conhecer a base e refor\u00e7am que, apesar de todos os membros serem volunt\u00e1rios e possu\u00edrem outros empregos, a meta \u00e9 em breve manter o posto funcionando 24 horas por dia. \u201cEstamos nos organizando e, com o apoio da comunidade, poderemos garantir ainda mais seguran\u00e7a para Batatais!\u201d, concluem.<\/p>\n","protected":false},"excerpt":{"rendered":"<p>Fonte Noticias de Batatais ojornaldebatatais.com.br Os Bombeiros Civis de Batatais iniciaram uma campanha de arrecada\u00e7\u00e3o para reformar a sede conquistada ap\u00f3s 10 anos de luta. Localizada no Terminal Rodovi\u00e1rio, o espa\u00e7o foi cedido pela Prefeitura e servir\u00e1 como base para os trabalhos volunt\u00e1rios da corpora\u00e7\u00e3o, al\u00e9m de ser um ponto estrat\u00e9gico para a cidade. De &hellip;<\/p>\n","protected":false},"author":1,"featured_media":329963,"comment_status":"open","ping_status":"open","sticky":false,"template":"","format":"standard","meta":{"_jetpack_memberships_contains_paid_content":false,"footnotes":""},"categories":[3,4587],"tags":[],"class_list":["post-438529","post","type-post","status-publish","format-standard","has-post-thumbnail","hentry","category-esportes1","category-esportes"],"yoast_head":"<!-- This site is optimized with the Yoast SEO plugin v27.4 - https:\/\/yoast.com\/product\/yoast-seo-wordpress\/ -->\n<title>Bombeiros Civis de Batatais iniciaram uma campanha de arrecada\u00e7\u00e3o para reformar a sede<\/title>\n<meta name=\"robots\" content=\"index, follow, max-snippet:-1, max-image-preview:large, max-video-preview:-1\" \/>\n<link rel=\"canonical\" href=\"https:\/\/mrnews.com.br\/index.php\/2025\/03\/19\/bombeiros-civis-de-batatais-iniciaram-uma-campanha-de-arrecadacao-para-reformar-a-sede\/\" \/>\n<meta property=\"og:locale\" content=\"pt_BR\" \/>\n<meta property=\"og:type\" content=\"article\" \/>\n<meta property=\"og:title\" content=\"Bombeiros Civis de Batatais iniciaram uma campanha de arrecada\u00e7\u00e3o para reformar a sede\" \/>\n<meta property=\"og:description\" content=\"Fonte Noticias de Batatais ojornaldebatatais.com.br Os Bombeiros Civis de Batatais iniciaram uma campanha de arrecada\u00e7\u00e3o para reformar a sede conquistada ap\u00f3s 10 anos de luta. Localizada no Terminal Rodovi\u00e1rio, o espa\u00e7o foi cedido pela Prefeitura e servir\u00e1 como base para os trabalhos volunt\u00e1rios da corpora\u00e7\u00e3o, al\u00e9m de ser um ponto estrat\u00e9gico para a cidade. De &hellip;\" \/>\n<meta property=\"og:url\" content=\"https:\/\/mrnews.com.br\/index.php\/2025\/03\/19\/bombeiros-civis-de-batatais-iniciaram-uma-campanha-de-arrecadacao-para-reformar-a-sede\/\" \/>\n<meta property=\"og:site_name\" content=\"MRNews\" \/>\n<meta property=\"article:publisher\" content=\"https:\/\/www.facebook.com\/eaipahpah\/?locale2=pt_BR\" \/>\n<meta property=\"article:published_time\" content=\"2025-03-19T10:26:46+00:00\" \/>\n<meta property=\"og:image\" content=\"https:\/\/mrnews.com.br\/wp-content\/uploads\/2022\/03\/google-news-siga-nos-1.png\" \/>\n\t<meta property=\"og:image:width\" content=\"250\" \/>\n\t<meta property=\"og:image:height\" content=\"200\" \/>\n\t<meta property=\"og:image:type\" content=\"image\/png\" \/>\n<meta name=\"author\" content=\"MR News\" \/>\n<meta name=\"twitter:card\" content=\"summary_large_image\" \/>\n<meta name=\"twitter:creator\" content=\"@conspirou\" \/>\n<meta name=\"twitter:site\" content=\"@conspirou\" \/>\n<meta name=\"twitter:label1\" content=\"Escrito por\" \/>\n\t<meta name=\"twitter:data1\" content=\"MR News\" \/>\n\t<meta name=\"twitter:label2\" content=\"Est. tempo de leitura\" \/>\n\t<meta name=\"twitter:data2\" content=\"2 minutos\" \/>\n<script type=\"application\/ld+json\" class=\"yoast-schema-graph\">{\"@context\":\"https:\\\/\\\/schema.org\",\"@graph\":[{\"@type\":\"Article\",\"@id\":\"https:\\\/\\\/mrnews.com.br\\\/index.php\\\/2025\\\/03\\\/19\\\/bombeiros-civis-de-batatais-iniciaram-uma-campanha-de-arrecadacao-para-reformar-a-sede\\\/#article\",\"isPartOf\":{\"@id\":\"https:\\\/\\\/mrnews.com.br\\\/index.php\\\/2025\\\/03\\\/19\\\/bombeiros-civis-de-batatais-iniciaram-uma-campanha-de-arrecadacao-para-reformar-a-sede\\\/\"},\"author\":{\"name\":\"MR News\",\"@id\":\"https:\\\/\\\/mrnews.com.br\\\/#\\\/schema\\\/person\\\/be3203154562a9f207407861cef7827b\"},\"headline\":\"Bombeiros Civis de Batatais iniciaram uma campanha de arrecada\u00e7\u00e3o para reformar a sede\",\"datePublished\":\"2025-03-19T10:26:46+00:00\",\"mainEntityOfPage\":{\"@id\":\"https:\\\/\\\/mrnews.com.br\\\/index.php\\\/2025\\\/03\\\/19\\\/bombeiros-civis-de-batatais-iniciaram-uma-campanha-de-arrecadacao-para-reformar-a-sede\\\/\"},\"wordCount\":335,\"commentCount\":0,\"publisher\":{\"@id\":\"https:\\\/\\\/mrnews.com.br\\\/#organization\"},\"image\":{\"@id\":\"https:\\\/\\\/mrnews.com.br\\\/index.php\\\/2025\\\/03\\\/19\\\/bombeiros-civis-de-batatais-iniciaram-uma-campanha-de-arrecadacao-para-reformar-a-sede\\\/#primaryimage\"},\"thumbnailUrl\":\"https:\\\/\\\/mrnews.com.br\\\/wp-content\\\/uploads\\\/2022\\\/03\\\/google-news-siga-nos-1.png\",\"articleSection\":[\"ESPORTES\",\"Esportes\"],\"inLanguage\":\"pt-BR\",\"potentialAction\":[{\"@type\":\"CommentAction\",\"name\":\"Comment\",\"target\":[\"https:\\\/\\\/mrnews.com.br\\\/index.php\\\/2025\\\/03\\\/19\\\/bombeiros-civis-de-batatais-iniciaram-uma-campanha-de-arrecadacao-para-reformar-a-sede\\\/#respond\"]}]},{\"@type\":\"WebPage\",\"@id\":\"https:\\\/\\\/mrnews.com.br\\\/index.php\\\/2025\\\/03\\\/19\\\/bombeiros-civis-de-batatais-iniciaram-uma-campanha-de-arrecadacao-para-reformar-a-sede\\\/\",\"url\":\"https:\\\/\\\/mrnews.com.br\\\/index.php\\\/2025\\\/03\\\/19\\\/bombeiros-civis-de-batatais-iniciaram-uma-campanha-de-arrecadacao-para-reformar-a-sede\\\/\",\"name\":\"Bombeiros Civis de Batatais iniciaram uma campanha de arrecada\u00e7\u00e3o para reformar a sede\",\"isPartOf\":{\"@id\":\"https:\\\/\\\/mrnews.com.br\\\/#website\"},\"primaryImageOfPage\":{\"@id\":\"https:\\\/\\\/mrnews.com.br\\\/index.php\\\/2025\\\/03\\\/19\\\/bombeiros-civis-de-batatais-iniciaram-uma-campanha-de-arrecadacao-para-reformar-a-sede\\\/#primaryimage\"},\"image\":{\"@id\":\"https:\\\/\\\/mrnews.com.br\\\/index.php\\\/2025\\\/03\\\/19\\\/bombeiros-civis-de-batatais-iniciaram-uma-campanha-de-arrecadacao-para-reformar-a-sede\\\/#primaryimage\"},\"thumbnailUrl\":\"https:\\\/\\\/mrnews.com.br\\\/wp-content\\\/uploads\\\/2022\\\/03\\\/google-news-siga-nos-1.png\",\"datePublished\":\"2025-03-19T10:26:46+00:00\",\"breadcrumb\":{\"@id\":\"https:\\\/\\\/mrnews.com.br\\\/index.php\\\/2025\\\/03\\\/19\\\/bombeiros-civis-de-batatais-iniciaram-uma-campanha-de-arrecadacao-para-reformar-a-sede\\\/#breadcrumb\"},\"inLanguage\":\"pt-BR\",\"potentialAction\":[{\"@type\":\"ReadAction\",\"target\":[\"https:\\\/\\\/mrnews.com.br\\\/index.php\\\/2025\\\/03\\\/19\\\/bombeiros-civis-de-batatais-iniciaram-uma-campanha-de-arrecadacao-para-reformar-a-sede\\\/\"]}]},{\"@type\":\"ImageObject\",\"inLanguage\":\"pt-BR\",\"@id\":\"https:\\\/\\\/mrnews.com.br\\\/index.php\\\/2025\\\/03\\\/19\\\/bombeiros-civis-de-batatais-iniciaram-uma-campanha-de-arrecadacao-para-reformar-a-sede\\\/#primaryimage\",\"url\":\"https:\\\/\\\/mrnews.com.br\\\/wp-content\\\/uploads\\\/2022\\\/03\\\/google-news-siga-nos-1.png\",\"contentUrl\":\"https:\\\/\\\/mrnews.com.br\\\/wp-content\\\/uploads\\\/2022\\\/03\\\/google-news-siga-nos-1.png\",\"width\":250,\"height\":200,\"caption\":\"google news siga nos\"},{\"@type\":\"BreadcrumbList\",\"@id\":\"https:\\\/\\\/mrnews.com.br\\\/index.php\\\/2025\\\/03\\\/19\\\/bombeiros-civis-de-batatais-iniciaram-uma-campanha-de-arrecadacao-para-reformar-a-sede\\\/#breadcrumb\",\"itemListElement\":[{\"@type\":\"ListItem\",\"position\":1,\"name\":\"In\u00edcio\",\"item\":\"https:\\\/\\\/mrnews.com.br\\\/\"},{\"@type\":\"ListItem\",\"position\":2,\"name\":\"Bombeiros Civis de Batatais iniciaram uma campanha de arrecada\u00e7\u00e3o para reformar a sede\"}]},{\"@type\":\"WebSite\",\"@id\":\"https:\\\/\\\/mrnews.com.br\\\/#website\",\"url\":\"https:\\\/\\\/mrnews.com.br\\\/\",\"name\":\"MRNews\",\"description\":\"MRNews Jogos de hoje da TV, transmiss\u00f5es ao vivo, Not\u00edcias de futebol, Jogos ao vivo, Lives, resumo de novelas, Programa\u00e7\u00e3o da Globo, A Fazenda e BBB\",\"publisher\":{\"@id\":\"https:\\\/\\\/mrnews.com.br\\\/#organization\"},\"potentialAction\":[{\"@type\":\"SearchAction\",\"target\":{\"@type\":\"EntryPoint\",\"urlTemplate\":\"https:\\\/\\\/mrnews.com.br\\\/?s={search_term_string}\"},\"query-input\":{\"@type\":\"PropertyValueSpecification\",\"valueRequired\":true,\"valueName\":\"search_term_string\"}}],\"inLanguage\":\"pt-BR\"},{\"@type\":\"Organization\",\"@id\":\"https:\\\/\\\/mrnews.com.br\\\/#organization\",\"name\":\"MRNews\",\"url\":\"https:\\\/\\\/mrnews.com.br\\\/\",\"logo\":{\"@type\":\"ImageObject\",\"inLanguage\":\"pt-BR\",\"@id\":\"https:\\\/\\\/mrnews.com.br\\\/#\\\/schema\\\/logo\\\/image\\\/\",\"url\":\"https:\\\/\\\/mrnews.com.br\\\/wp-content\\\/uploads\\\/2019\\\/06\\\/MRNewslogo2.png\",\"contentUrl\":\"https:\\\/\\\/mrnews.com.br\\\/wp-content\\\/uploads\\\/2019\\\/06\\\/MRNewslogo2.png\",\"width\":223,\"height\":58,\"caption\":\"MRNews\"},\"image\":{\"@id\":\"https:\\\/\\\/mrnews.com.br\\\/#\\\/schema\\\/logo\\\/image\\\/\"},\"sameAs\":[\"https:\\\/\\\/www.facebook.com\\\/eaipahpah\\\/?locale2=pt_BR\",\"https:\\\/\\\/x.com\\\/conspirou\",\"https:\\\/\\\/www.instagram.com\\\/eai_pahpah\",\"https:\\\/\\\/br.pinterest.com\\\/mrnewsn\\\/boards\\\/\",\"https:\\\/\\\/www.youtube.com\\\/channel\\\/UCacgnpznQ61fifLWr1tQ-vA?view_as=subscriber\"]},{\"@type\":\"Person\",\"@id\":\"https:\\\/\\\/mrnews.com.br\\\/#\\\/schema\\\/person\\\/be3203154562a9f207407861cef7827b\",\"name\":\"MR News\",\"image\":{\"@type\":\"ImageObject\",\"inLanguage\":\"pt-BR\",\"@id\":\"https:\\\/\\\/secure.gravatar.com\\\/avatar\\\/04084e6d73c042b8646e7c17b494073bf0ede3ea13c7105cfc45cbbbc28385a4?s=96&d=monsterid&r=g\",\"url\":\"https:\\\/\\\/secure.gravatar.com\\\/avatar\\\/04084e6d73c042b8646e7c17b494073bf0ede3ea13c7105cfc45cbbbc28385a4?s=96&d=monsterid&r=g\",\"contentUrl\":\"https:\\\/\\\/secure.gravatar.com\\\/avatar\\\/04084e6d73c042b8646e7c17b494073bf0ede3ea13c7105cfc45cbbbc28385a4?s=96&d=monsterid&r=g\",\"caption\":\"MR News\"},\"description\":\"Especializado em jornalismo colaborativo pela FTP em n\u00edvel de p\u00f3s-gradua\u00e7\u00e3o. suporte@oimeliga.combr\",\"sameAs\":[\"HUGO R.\",\"Admin\"],\"url\":\"https:\\\/\\\/mrnews.com.br\\\/index.php\\\/author\\\/admin\\\/\"}]}<\/script>\n<!-- \/ Yoast SEO plugin. -->","yoast_head_json":{"title":"Bombeiros Civis de Batatais iniciaram uma campanha de arrecada\u00e7\u00e3o para reformar a sede","robots":{"index":"index","follow":"follow","max-snippet":"max-snippet:-1","max-image-preview":"max-image-preview:large","max-video-preview":"max-video-preview:-1"},"canonical":"https:\/\/mrnews.com.br\/index.php\/2025\/03\/19\/bombeiros-civis-de-batatais-iniciaram-uma-campanha-de-arrecadacao-para-reformar-a-sede\/","og_locale":"pt_BR","og_type":"article","og_title":"Bombeiros Civis de Batatais iniciaram uma campanha de arrecada\u00e7\u00e3o para reformar a sede","og_description":"Fonte Noticias de Batatais ojornaldebatatais.com.br Os Bombeiros Civis de Batatais iniciaram uma campanha de arrecada\u00e7\u00e3o para reformar a sede conquistada ap\u00f3s 10 anos de luta. Localizada no Terminal Rodovi\u00e1rio, o espa\u00e7o foi cedido pela Prefeitura e servir\u00e1 como base para os trabalhos volunt\u00e1rios da corpora\u00e7\u00e3o, al\u00e9m de ser um ponto estrat\u00e9gico para a cidade. De &hellip;","og_url":"https:\/\/mrnews.com.br\/index.php\/2025\/03\/19\/bombeiros-civis-de-batatais-iniciaram-uma-campanha-de-arrecadacao-para-reformar-a-sede\/","og_site_name":"MRNews","article_publisher":"https:\/\/www.facebook.com\/eaipahpah\/?locale2=pt_BR","article_published_time":"2025-03-19T10:26:46+00:00","og_image":[{"width":250,"height":200,"url":"https:\/\/mrnews.com.br\/wp-content\/uploads\/2022\/03\/google-news-siga-nos-1.png","type":"image\/png"}],"author":"MR News","twitter_card":"summary_large_image","twitter_creator":"@conspirou","twitter_site":"@conspirou","twitter_misc":{"Escrito por":"MR News","Est. tempo de leitura":"2 minutos"},"schema":{"@context":"https:\/\/schema.org","@graph":[{"@type":"Article","@id":"https:\/\/mrnews.com.br\/index.php\/2025\/03\/19\/bombeiros-civis-de-batatais-iniciaram-uma-campanha-de-arrecadacao-para-reformar-a-sede\/#article","isPartOf":{"@id":"https:\/\/mrnews.com.br\/index.php\/2025\/03\/19\/bombeiros-civis-de-batatais-iniciaram-uma-campanha-de-arrecadacao-para-reformar-a-sede\/"},"author":{"name":"MR News","@id":"https:\/\/mrnews.com.br\/#\/schema\/person\/be3203154562a9f207407861cef7827b"},"headline":"Bombeiros Civis de Batatais iniciaram uma campanha de arrecada\u00e7\u00e3o para reformar a sede","datePublished":"2025-03-19T10:26:46+00:00","mainEntityOfPage":{"@id":"https:\/\/mrnews.com.br\/index.php\/2025\/03\/19\/bombeiros-civis-de-batatais-iniciaram-uma-campanha-de-arrecadacao-para-reformar-a-sede\/"},"wordCount":335,"commentCount":0,"publisher":{"@id":"https:\/\/mrnews.com.br\/#organization"},"image":{"@id":"https:\/\/mrnews.com.br\/index.php\/2025\/03\/19\/bombeiros-civis-de-batatais-iniciaram-uma-campanha-de-arrecadacao-para-reformar-a-sede\/#primaryimage"},"thumbnailUrl":"https:\/\/mrnews.com.br\/wp-content\/uploads\/2022\/03\/google-news-siga-nos-1.png","articleSection":["ESPORTES","Esportes"],"inLanguage":"pt-BR","potentialAction":[{"@type":"CommentAction","name":"Comment","target":["https:\/\/mrnews.com.br\/index.php\/2025\/03\/19\/bombeiros-civis-de-batatais-iniciaram-uma-campanha-de-arrecadacao-para-reformar-a-sede\/#respond"]}]},{"@type":"WebPage","@id":"https:\/\/mrnews.com.br\/index.php\/2025\/03\/19\/bombeiros-civis-de-batatais-iniciaram-uma-campanha-de-arrecadacao-para-reformar-a-sede\/","url":"https:\/\/mrnews.com.br\/index.php\/2025\/03\/19\/bombeiros-civis-de-batatais-iniciaram-uma-campanha-de-arrecadacao-para-reformar-a-sede\/","name":"Bombeiros Civis de Batatais iniciaram uma campanha de arrecada\u00e7\u00e3o para reformar a sede","isPartOf":{"@id":"https:\/\/mrnews.com.br\/#website"},"primaryImageOfPage":{"@id":"https:\/\/mrnews.com.br\/index.php\/2025\/03\/19\/bombeiros-civis-de-batatais-iniciaram-uma-campanha-de-arrecadacao-para-reformar-a-sede\/#primaryimage"},"image":{"@id":"https:\/\/mrnews.com.br\/index.php\/2025\/03\/19\/bombeiros-civis-de-batatais-iniciaram-uma-campanha-de-arrecadacao-para-reformar-a-sede\/#primaryimage"},"thumbnailUrl":"https:\/\/mrnews.com.br\/wp-content\/uploads\/2022\/03\/google-news-siga-nos-1.png","datePublished":"2025-03-19T10:26:46+00:00","breadcrumb":{"@id":"https:\/\/mrnews.com.br\/index.php\/2025\/03\/19\/bombeiros-civis-de-batatais-iniciaram-uma-campanha-de-arrecadacao-para-reformar-a-sede\/#breadcrumb"},"inLanguage":"pt-BR","potentialAction":[{"@type":"ReadAction","target":["https:\/\/mrnews.com.br\/index.php\/2025\/03\/19\/bombeiros-civis-de-batatais-iniciaram-uma-campanha-de-arrecadacao-para-reformar-a-sede\/"]}]},{"@type":"ImageObject","inLanguage":"pt-BR","@id":"https:\/\/mrnews.com.br\/index.php\/2025\/03\/19\/bombeiros-civis-de-batatais-iniciaram-uma-campanha-de-arrecadacao-para-reformar-a-sede\/#primaryimage","url":"https:\/\/mrnews.com.br\/wp-content\/uploads\/2022\/03\/google-news-siga-nos-1.png","contentUrl":"https:\/\/mrnews.com.br\/wp-content\/uploads\/2022\/03\/google-news-siga-nos-1.png","width":250,"height":200,"caption":"google news siga nos"},{"@type":"BreadcrumbList","@id":"https:\/\/mrnews.com.br\/index.php\/2025\/03\/19\/bombeiros-civis-de-batatais-iniciaram-uma-campanha-de-arrecadacao-para-reformar-a-sede\/#breadcrumb","itemListElement":[{"@type":"ListItem","position":1,"name":"In\u00edcio","item":"https:\/\/mrnews.com.br\/"},{"@type":"ListItem","position":2,"name":"Bombeiros Civis de Batatais iniciaram uma campanha de arrecada\u00e7\u00e3o para reformar a sede"}]},{"@type":"WebSite","@id":"https:\/\/mrnews.com.br\/#website","url":"https:\/\/mrnews.com.br\/","name":"MRNews","description":"MRNews Jogos de hoje da TV, transmiss\u00f5es ao vivo, Not\u00edcias de futebol, Jogos ao vivo, Lives, resumo de novelas, Programa\u00e7\u00e3o da Globo, A Fazenda e BBB","publisher":{"@id":"https:\/\/mrnews.com.br\/#organization"},"potentialAction":[{"@type":"SearchAction","target":{"@type":"EntryPoint","urlTemplate":"https:\/\/mrnews.com.br\/?s={search_term_string}"},"query-input":{"@type":"PropertyValueSpecification","valueRequired":true,"valueName":"search_term_string"}}],"inLanguage":"pt-BR"},{"@type":"Organization","@id":"https:\/\/mrnews.com.br\/#organization","name":"MRNews","url":"https:\/\/mrnews.com.br\/","logo":{"@type":"ImageObject","inLanguage":"pt-BR","@id":"https:\/\/mrnews.com.br\/#\/schema\/logo\/image\/","url":"https:\/\/mrnews.com.br\/wp-content\/uploads\/2019\/06\/MRNewslogo2.png","contentUrl":"https:\/\/mrnews.com.br\/wp-content\/uploads\/2019\/06\/MRNewslogo2.png","width":223,"height":58,"caption":"MRNews"},"image":{"@id":"https:\/\/mrnews.com.br\/#\/schema\/logo\/image\/"},"sameAs":["https:\/\/www.facebook.com\/eaipahpah\/?locale2=pt_BR","https:\/\/x.com\/conspirou","https:\/\/www.instagram.com\/eai_pahpah","https:\/\/br.pinterest.com\/mrnewsn\/boards\/","https:\/\/www.youtube.com\/channel\/UCacgnpznQ61fifLWr1tQ-vA?view_as=subscriber"]},{"@type":"Person","@id":"https:\/\/mrnews.com.br\/#\/schema\/person\/be3203154562a9f207407861cef7827b","name":"MR News","image":{"@type":"ImageObject","inLanguage":"pt-BR","@id":"https:\/\/secure.gravatar.com\/avatar\/04084e6d73c042b8646e7c17b494073bf0ede3ea13c7105cfc45cbbbc28385a4?s=96&d=monsterid&r=g","url":"https:\/\/secure.gravatar.com\/avatar\/04084e6d73c042b8646e7c17b494073bf0ede3ea13c7105cfc45cbbbc28385a4?s=96&d=monsterid&r=g","contentUrl":"https:\/\/secure.gravatar.com\/avatar\/04084e6d73c042b8646e7c17b494073bf0ede3ea13c7105cfc45cbbbc28385a4?s=96&d=monsterid&r=g","caption":"MR News"},"description":"Especializado em jornalismo colaborativo pela FTP em n\u00edvel de p\u00f3s-gradua\u00e7\u00e3o. suporte@oimeliga.combr","sameAs":["HUGO R.","Admin"],"url":"https:\/\/mrnews.com.br\/index.php\/author\/admin\/"}]}},"jetpack_featured_media_url":"https:\/\/mrnews.com.br\/wp-content\/uploads\/2022\/03\/google-news-siga-nos-1.png","jetpack_sharing_enabled":true,"jetpack_shortlink":"https:\/\/wp.me\/pa2Qf7-1Q53","amp_enabled":true,"_links":{"self":[{"href":"https:\/\/mrnews.com.br\/index.php\/wp-json\/wp\/v2\/posts\/438529","targetHints":{"allow":["GET"]}}],"collection":[{"href":"https:\/\/mrnews.com.br\/index.php\/wp-json\/wp\/v2\/posts"}],"about":[{"href":"https:\/\/mrnews.com.br\/index.php\/wp-json\/wp\/v2\/types\/post"}],"author":[{"embeddable":true,"href":"https:\/\/mrnews.com.br\/index.php\/wp-json\/wp\/v2\/users\/1"}],"replies":[{"embeddable":true,"href":"https:\/\/mrnews.com.br\/index.php\/wp-json\/wp\/v2\/comments?post=438529"}],"version-history":[{"count":1,"href":"https:\/\/mrnews.com.br\/index.php\/wp-json\/wp\/v2\/posts\/438529\/revisions"}],"predecessor-version":[{"id":438530,"href":"https:\/\/mrnews.com.br\/index.php\/wp-json\/wp\/v2\/posts\/438529\/revisions\/438530"}],"wp:featuredmedia":[{"embeddable":true,"href":"https:\/\/mrnews.com.br\/index.php\/wp-json\/wp\/v2\/media\/329963"}],"wp:attachment":[{"href":"https:\/\/mrnews.com.br\/index.php\/wp-json\/wp\/v2\/media?parent=438529"}],"wp:term":[{"taxonomy":"category","embeddable":true,"href":"https:\/\/mrnews.com.br\/index.php\/wp-json\/wp\/v2\/categories?post=438529"},{"taxonomy":"post_tag","embeddable":true,"href":"https:\/\/mrnews.com.br\/index.php\/wp-json\/wp\/v2\/tags?post=438529"}],"curies":[{"name":"wp","href":"https:\/\/api.w.org\/{rel}","templated":true}]}}