{"id":440941,"date":"2025-04-15T10:35:48","date_gmt":"2025-04-15T13:35:48","guid":{"rendered":"https:\/\/mrnews.com.br\/index.php\/2025\/04\/15\/fifa-define-arbitros-e-inclui-cameras-corporais-no-mundial-de-clubes\/"},"modified":"2025-04-15T10:35:48","modified_gmt":"2025-04-15T13:35:48","slug":"fifa-define-arbitros-e-inclui-cameras-corporais-no-mundial-de-clubes","status":"publish","type":"post","link":"https:\/\/mrnews.com.br\/index.php\/2025\/04\/15\/fifa-define-arbitros-e-inclui-cameras-corporais-no-mundial-de-clubes\/","title":{"rendered":"Fifa define \u00e1rbitros e inclui c\u00e2meras corporais no Mundial de Clubes"},"content":{"rendered":"<p><\/p>\n<div>\n<p>A edi\u00e7\u00e3o inaugural do Super Mundial de Clubes da Fifa contar\u00e1 com um total de 35 \u00e1rbitros, entre eles estar\u00e3o o catarinense Ramon Abatti Abel e o goiano Wilton Pereira Sampaio. Al\u00e9m dos nomes divulgados nesta segunda-feira (14), a Fifa anunciou novidades como o uso de c\u00e2meras corporais pelos \u00e1rbitros e aplica\u00e7\u00e3o de regras mais r\u00edgidas aos goleiros. O Super Mundial,\u00a0o primeiro com 32 times \u2013 incluindo Botafogo, Flamengo, Fluminense e Palmeiras &#8211; . ocorrer\u00e1 de 14 de junho a 13 de julho, nos Estados Unidos.<\/p>\n<blockquote>\n<p>&#8220;Achamos que \u00e9 uma boa chance de oferecer aos espectadores uma nova experi\u00eancia, em termos de imagens feitas de uma perspectiva, de um \u00e2ngulo de vis\u00e3o nunca oferecido antes&#8221;, esclareceu Pierluigi Collina, presidente do Comit\u00ea de \u00c1rbitros da Fifa. \u201cTamb\u00e9m tem um prop\u00f3sito em termos de treinamento de \u00e1rbitros porque, \u00e9 claro, ver o que o \u00e1rbitro v\u00ea \u00e9 importante na revis\u00e3o p\u00f3s-jogo.&#8221;<\/p>\n<\/blockquote>\n<blockquote class=\"twitter-tweet\">\n<p dir=\"ltr\" lang=\"en\" xml:lang=\"en\">Congratulations to the 117 match officials who will be heading to the <a href=\"https:\/\/twitter.com\/FIFACWC?ref_src=twsrc%5Etfw\">@FIFACWC<\/a>! \ud83d\udc4f<a href=\"https:\/\/twitter.com\/hashtag\/TakeItToTheWorld?src=hash&amp;ref_src=twsrc%5Etfw\">#TakeItToTheWorld<\/a> <a href=\"https:\/\/t.co\/FeOMqBEDx1\">pic.twitter.com\/FeOMqBEDx1<\/a><\/p>\n<p>\u2014 FIFA (@FIFAcom) <a href=\"https:\/\/twitter.com\/FIFAcom\/status\/1911817162303434834?ref_src=twsrc%5Etfw\">April 14, 2025<\/a><\/p><\/blockquote>\n<p>O Super Mundial ser\u00e1 a primeira competi\u00e7\u00e3o profissional da Fifa na carreira do catarinense Ramon Abatti Abel, de 35 anos. Em 2023, ele entrou em campo em quatro partidas do Mundial Sub 20, na Argentina. J\u00e1 o goiano Wilton Pereira Sampaio, de 43 anos, j\u00e1 apitou quatro jogos da Copa do Mundo do Catar (2022), entre eles, o duelo Fran\u00e7a x Inglaterra, nas quartas de final, vencido pelos Les Blues\u00a0 por 2 a 1. Antes, Wilton Pereira j\u00e1 trabalhara em \u00a0uma partida do Mundial de Clubes, nos Emirados \u00c1rabes Unidos, em 2018.<\/p>\n<div class=\"dnd-widget-wrapper context-cheio_8colunas type-image\">\n<div class=\"dnd-atom-rendered\"><!-- scald=288663:cheio_8colunas --><\/p>\n<p>    <!-- END scald=288663 --><\/div>\n<div class=\"dnd-caption-wrapper\">\n<p><!--copyright=288663-->O \u00e1rbitro goiano Wilton Pereira Sampaio, de 43 anos, j\u00e1 apitou quatro jogos da Copa do Mundo do Catar (2022), entre eles, a vit\u00f3ria da\u00a0Fran\u00e7a sobre a\u00a0\u00a0Inglaterra (2 a 1) \u00a0nas quartas de final. &#8211; <strong>Cesar Greco\/Ag.Palmeiras\/Direitos Reservados<\/strong><!--END copyright=288663--><\/p>\n<\/div>\n<\/div>\n<p>A arbitragem do Mundial ter\u00e1 ainda 58 \u00e1rbitros assistentes, sendo quatro deles brasileiros: Rafael Alves, Bruno Boschilia, Danilo Manis e Bruno Pires. J\u00e1 na rela\u00e7\u00e3o de \u00e1rbitros de v\u00eddeo, est\u00e3o 24 profissionais, nenhum do Brasil.<\/p>\n<blockquote>\n<p>&#8220;Dentre os selecionados est\u00e3o aqueles que t\u00eam o privil\u00e9gio de fazer parte disso pela primeira vez, por isso tenho certeza de que todos os \u00e1rbitros ficar\u00e3o entusiasmados&#8221;, afirmou Pierluigi Collina.<\/p>\n<\/blockquote>\n<p>Quanto \u00e0s novas normas estabelecidas aos goleiros, est\u00e1 a proibi\u00e7\u00e3o de segurarem a bola por mais de oito segundos na reposi\u00e7\u00e3o. Caso desrespeitem a regra haver\u00e1 puni\u00e7\u00e3o: o time advers\u00e1rio ganhar\u00e1 o direito de cobrar um escanteio.<\/p>\n<p><em>* Com informa\u00e7\u00f5es da Reuters.<\/em><\/p>\n<p>      <!-- Relacionada --><\/p>\n<p>            <!-- Relacionada -->\n    <\/div>\n<p><script async src=\"\/\/platform.twitter.com\/widgets.js\" charset=\"utf-8\"><\/script><\/p>\n","protected":false},"excerpt":{"rendered":"<p>A edi\u00e7\u00e3o inaugural do Super Mundial de Clubes da Fifa contar\u00e1 com um total de 35 \u00e1rbitros, entre eles estar\u00e3o o catarinense Ramon Abatti Abel e o goiano Wilton Pereira Sampaio. Al\u00e9m dos nomes divulgados nesta segunda-feira (14), a Fifa anunciou novidades como o uso de c\u00e2meras corporais pelos \u00e1rbitros e aplica\u00e7\u00e3o de regras mais &hellip;<\/p>\n","protected":false},"author":1,"featured_media":0,"comment_status":"open","ping_status":"open","sticky":false,"template":"","format":"standard","meta":{"_jetpack_memberships_contains_paid_content":false,"footnotes":""},"categories":[3,4587,4],"tags":[13273,13272,13274],"class_list":["post-440941","post","type-post","status-publish","format-standard","hentry","category-esportes1","category-esportes","category-servicos","tag-arbitros","tag-mundial","tag-wilton"],"yoast_head":"<!-- This site is optimized with the Yoast SEO plugin v27.4 - https:\/\/yoast.com\/product\/yoast-seo-wordpress\/ -->\n<title>Fifa define \u00e1rbitros e inclui c\u00e2meras corporais no Mundial de Clubes<\/title>\n<meta name=\"robots\" content=\"index, follow, max-snippet:-1, max-image-preview:large, max-video-preview:-1\" \/>\n<link rel=\"canonical\" href=\"https:\/\/agenciabrasil.ebc.com.br\/esportes\/noticia\/2025-04\/fifa-define-arbitros-e-inclui-cameras-corporais-no-mundial-de-clubes\" \/>\n<meta property=\"og:locale\" content=\"pt_BR\" \/>\n<meta property=\"og:type\" content=\"article\" \/>\n<meta property=\"og:title\" content=\"Fifa define \u00e1rbitros e inclui c\u00e2meras corporais no Mundial de Clubes\" \/>\n<meta property=\"og:description\" content=\"A edi\u00e7\u00e3o inaugural do Super Mundial de Clubes da Fifa contar\u00e1 com um total de 35 \u00e1rbitros, entre eles estar\u00e3o o catarinense Ramon Abatti Abel e o goiano Wilton Pereira Sampaio. Al\u00e9m dos nomes divulgados nesta segunda-feira (14), a Fifa anunciou novidades como o uso de c\u00e2meras corporais pelos \u00e1rbitros e aplica\u00e7\u00e3o de regras mais &hellip;\" \/>\n<meta property=\"og:url\" content=\"https:\/\/agenciabrasil.ebc.com.br\/esportes\/noticia\/2025-04\/fifa-define-arbitros-e-inclui-cameras-corporais-no-mundial-de-clubes\" \/>\n<meta property=\"og:site_name\" content=\"MRNews\" \/>\n<meta property=\"article:publisher\" content=\"https:\/\/www.facebook.com\/eaipahpah\/?locale2=pt_BR\" \/>\n<meta property=\"article:published_time\" content=\"2025-04-15T13:35:48+00:00\" \/>\n<meta name=\"author\" content=\"MR News\" \/>\n<meta name=\"twitter:card\" content=\"summary_large_image\" \/>\n<meta name=\"twitter:creator\" content=\"@conspirou\" \/>\n<meta name=\"twitter:site\" content=\"@conspirou\" \/>\n<meta name=\"twitter:label1\" content=\"Escrito por\" \/>\n\t<meta name=\"twitter:data1\" content=\"MR News\" \/>\n\t<meta name=\"twitter:label2\" content=\"Est. tempo de leitura\" \/>\n\t<meta name=\"twitter:data2\" content=\"2 minutos\" \/>\n<script type=\"application\/ld+json\" class=\"yoast-schema-graph\">{\"@context\":\"https:\\\/\\\/schema.org\",\"@graph\":[{\"@type\":\"Article\",\"@id\":\"https:\\\/\\\/agenciabrasil.ebc.com.br\\\/esportes\\\/noticia\\\/2025-04\\\/fifa-define-arbitros-e-inclui-cameras-corporais-no-mundial-de-clubes#article\",\"isPartOf\":{\"@id\":\"https:\\\/\\\/mrnews.com.br\\\/index.php\\\/2025\\\/04\\\/15\\\/fifa-define-arbitros-e-inclui-cameras-corporais-no-mundial-de-clubes\\\/\"},\"author\":{\"name\":\"MR News\",\"@id\":\"https:\\\/\\\/mrnews.com.br\\\/#\\\/schema\\\/person\\\/be3203154562a9f207407861cef7827b\"},\"headline\":\"Fifa define \u00e1rbitros e inclui c\u00e2meras corporais no Mundial de Clubes\",\"datePublished\":\"2025-04-15T13:35:48+00:00\",\"mainEntityOfPage\":{\"@id\":\"https:\\\/\\\/mrnews.com.br\\\/index.php\\\/2025\\\/04\\\/15\\\/fifa-define-arbitros-e-inclui-cameras-corporais-no-mundial-de-clubes\\\/\"},\"wordCount\":427,\"commentCount\":0,\"publisher\":{\"@id\":\"https:\\\/\\\/mrnews.com.br\\\/#organization\"},\"keywords\":[\"\u00e1rbitros\",\"mundial\",\"wilton\"],\"articleSection\":[\"ESPORTES\",\"Esportes\",\"SERVI\u00c7OS\"],\"inLanguage\":\"pt-BR\",\"potentialAction\":[{\"@type\":\"CommentAction\",\"name\":\"Comment\",\"target\":[\"https:\\\/\\\/agenciabrasil.ebc.com.br\\\/esportes\\\/noticia\\\/2025-04\\\/fifa-define-arbitros-e-inclui-cameras-corporais-no-mundial-de-clubes#respond\"]}]},{\"@type\":\"WebPage\",\"@id\":\"https:\\\/\\\/mrnews.com.br\\\/index.php\\\/2025\\\/04\\\/15\\\/fifa-define-arbitros-e-inclui-cameras-corporais-no-mundial-de-clubes\\\/\",\"url\":\"https:\\\/\\\/agenciabrasil.ebc.com.br\\\/esportes\\\/noticia\\\/2025-04\\\/fifa-define-arbitros-e-inclui-cameras-corporais-no-mundial-de-clubes\",\"name\":\"Fifa define \u00e1rbitros e inclui c\u00e2meras corporais no Mundial de Clubes\",\"isPartOf\":{\"@id\":\"https:\\\/\\\/mrnews.com.br\\\/#website\"},\"datePublished\":\"2025-04-15T13:35:48+00:00\",\"breadcrumb\":{\"@id\":\"https:\\\/\\\/agenciabrasil.ebc.com.br\\\/esportes\\\/noticia\\\/2025-04\\\/fifa-define-arbitros-e-inclui-cameras-corporais-no-mundial-de-clubes#breadcrumb\"},\"inLanguage\":\"pt-BR\",\"potentialAction\":[{\"@type\":\"ReadAction\",\"target\":[\"https:\\\/\\\/agenciabrasil.ebc.com.br\\\/esportes\\\/noticia\\\/2025-04\\\/fifa-define-arbitros-e-inclui-cameras-corporais-no-mundial-de-clubes\"]}]},{\"@type\":\"BreadcrumbList\",\"@id\":\"https:\\\/\\\/agenciabrasil.ebc.com.br\\\/esportes\\\/noticia\\\/2025-04\\\/fifa-define-arbitros-e-inclui-cameras-corporais-no-mundial-de-clubes#breadcrumb\",\"itemListElement\":[{\"@type\":\"ListItem\",\"position\":1,\"name\":\"In\u00edcio\",\"item\":\"https:\\\/\\\/mrnews.com.br\\\/\"},{\"@type\":\"ListItem\",\"position\":2,\"name\":\"Fifa define \u00e1rbitros e inclui c\u00e2meras corporais no Mundial de Clubes\"}]},{\"@type\":\"WebSite\",\"@id\":\"https:\\\/\\\/mrnews.com.br\\\/#website\",\"url\":\"https:\\\/\\\/mrnews.com.br\\\/\",\"name\":\"MRNews\",\"description\":\"MRNews Jogos de hoje da TV, transmiss\u00f5es ao vivo, Not\u00edcias de futebol, Jogos ao vivo, Lives, resumo de novelas, Programa\u00e7\u00e3o da Globo, A Fazenda e BBB\",\"publisher\":{\"@id\":\"https:\\\/\\\/mrnews.com.br\\\/#organization\"},\"potentialAction\":[{\"@type\":\"SearchAction\",\"target\":{\"@type\":\"EntryPoint\",\"urlTemplate\":\"https:\\\/\\\/mrnews.com.br\\\/?s={search_term_string}\"},\"query-input\":{\"@type\":\"PropertyValueSpecification\",\"valueRequired\":true,\"valueName\":\"search_term_string\"}}],\"inLanguage\":\"pt-BR\"},{\"@type\":\"Organization\",\"@id\":\"https:\\\/\\\/mrnews.com.br\\\/#organization\",\"name\":\"MRNews\",\"url\":\"https:\\\/\\\/mrnews.com.br\\\/\",\"logo\":{\"@type\":\"ImageObject\",\"inLanguage\":\"pt-BR\",\"@id\":\"https:\\\/\\\/mrnews.com.br\\\/#\\\/schema\\\/logo\\\/image\\\/\",\"url\":\"https:\\\/\\\/mrnews.com.br\\\/wp-content\\\/uploads\\\/2019\\\/06\\\/MRNewslogo2.png\",\"contentUrl\":\"https:\\\/\\\/mrnews.com.br\\\/wp-content\\\/uploads\\\/2019\\\/06\\\/MRNewslogo2.png\",\"width\":223,\"height\":58,\"caption\":\"MRNews\"},\"image\":{\"@id\":\"https:\\\/\\\/mrnews.com.br\\\/#\\\/schema\\\/logo\\\/image\\\/\"},\"sameAs\":[\"https:\\\/\\\/www.facebook.com\\\/eaipahpah\\\/?locale2=pt_BR\",\"https:\\\/\\\/x.com\\\/conspirou\",\"https:\\\/\\\/www.instagram.com\\\/eai_pahpah\",\"https:\\\/\\\/br.pinterest.com\\\/mrnewsn\\\/boards\\\/\",\"https:\\\/\\\/www.youtube.com\\\/channel\\\/UCacgnpznQ61fifLWr1tQ-vA?view_as=subscriber\"]},{\"@type\":\"Person\",\"@id\":\"https:\\\/\\\/mrnews.com.br\\\/#\\\/schema\\\/person\\\/be3203154562a9f207407861cef7827b\",\"name\":\"MR News\",\"image\":{\"@type\":\"ImageObject\",\"inLanguage\":\"pt-BR\",\"@id\":\"https:\\\/\\\/secure.gravatar.com\\\/avatar\\\/04084e6d73c042b8646e7c17b494073bf0ede3ea13c7105cfc45cbbbc28385a4?s=96&d=monsterid&r=g\",\"url\":\"https:\\\/\\\/secure.gravatar.com\\\/avatar\\\/04084e6d73c042b8646e7c17b494073bf0ede3ea13c7105cfc45cbbbc28385a4?s=96&d=monsterid&r=g\",\"contentUrl\":\"https:\\\/\\\/secure.gravatar.com\\\/avatar\\\/04084e6d73c042b8646e7c17b494073bf0ede3ea13c7105cfc45cbbbc28385a4?s=96&d=monsterid&r=g\",\"caption\":\"MR News\"},\"description\":\"Especializado em jornalismo colaborativo pela FTP em n\u00edvel de p\u00f3s-gradua\u00e7\u00e3o. suporte@oimeliga.combr\",\"sameAs\":[\"HUGO R.\",\"Admin\"],\"url\":\"https:\\\/\\\/mrnews.com.br\\\/index.php\\\/author\\\/admin\\\/\"}]}<\/script>\n<!-- \/ Yoast SEO plugin. -->","yoast_head_json":{"title":"Fifa define \u00e1rbitros e inclui c\u00e2meras corporais no Mundial de Clubes","robots":{"index":"index","follow":"follow","max-snippet":"max-snippet:-1","max-image-preview":"max-image-preview:large","max-video-preview":"max-video-preview:-1"},"canonical":"https:\/\/agenciabrasil.ebc.com.br\/esportes\/noticia\/2025-04\/fifa-define-arbitros-e-inclui-cameras-corporais-no-mundial-de-clubes","og_locale":"pt_BR","og_type":"article","og_title":"Fifa define \u00e1rbitros e inclui c\u00e2meras corporais no Mundial de Clubes","og_description":"A edi\u00e7\u00e3o inaugural do Super Mundial de Clubes da Fifa contar\u00e1 com um total de 35 \u00e1rbitros, entre eles estar\u00e3o o catarinense Ramon Abatti Abel e o goiano Wilton Pereira Sampaio. Al\u00e9m dos nomes divulgados nesta segunda-feira (14), a Fifa anunciou novidades como o uso de c\u00e2meras corporais pelos \u00e1rbitros e aplica\u00e7\u00e3o de regras mais &hellip;","og_url":"https:\/\/agenciabrasil.ebc.com.br\/esportes\/noticia\/2025-04\/fifa-define-arbitros-e-inclui-cameras-corporais-no-mundial-de-clubes","og_site_name":"MRNews","article_publisher":"https:\/\/www.facebook.com\/eaipahpah\/?locale2=pt_BR","article_published_time":"2025-04-15T13:35:48+00:00","author":"MR News","twitter_card":"summary_large_image","twitter_creator":"@conspirou","twitter_site":"@conspirou","twitter_misc":{"Escrito por":"MR News","Est. tempo de leitura":"2 minutos"},"schema":{"@context":"https:\/\/schema.org","@graph":[{"@type":"Article","@id":"https:\/\/agenciabrasil.ebc.com.br\/esportes\/noticia\/2025-04\/fifa-define-arbitros-e-inclui-cameras-corporais-no-mundial-de-clubes#article","isPartOf":{"@id":"https:\/\/mrnews.com.br\/index.php\/2025\/04\/15\/fifa-define-arbitros-e-inclui-cameras-corporais-no-mundial-de-clubes\/"},"author":{"name":"MR News","@id":"https:\/\/mrnews.com.br\/#\/schema\/person\/be3203154562a9f207407861cef7827b"},"headline":"Fifa define \u00e1rbitros e inclui c\u00e2meras corporais no Mundial de Clubes","datePublished":"2025-04-15T13:35:48+00:00","mainEntityOfPage":{"@id":"https:\/\/mrnews.com.br\/index.php\/2025\/04\/15\/fifa-define-arbitros-e-inclui-cameras-corporais-no-mundial-de-clubes\/"},"wordCount":427,"commentCount":0,"publisher":{"@id":"https:\/\/mrnews.com.br\/#organization"},"keywords":["\u00e1rbitros","mundial","wilton"],"articleSection":["ESPORTES","Esportes","SERVI\u00c7OS"],"inLanguage":"pt-BR","potentialAction":[{"@type":"CommentAction","name":"Comment","target":["https:\/\/agenciabrasil.ebc.com.br\/esportes\/noticia\/2025-04\/fifa-define-arbitros-e-inclui-cameras-corporais-no-mundial-de-clubes#respond"]}]},{"@type":"WebPage","@id":"https:\/\/mrnews.com.br\/index.php\/2025\/04\/15\/fifa-define-arbitros-e-inclui-cameras-corporais-no-mundial-de-clubes\/","url":"https:\/\/agenciabrasil.ebc.com.br\/esportes\/noticia\/2025-04\/fifa-define-arbitros-e-inclui-cameras-corporais-no-mundial-de-clubes","name":"Fifa define \u00e1rbitros e inclui c\u00e2meras corporais no Mundial de Clubes","isPartOf":{"@id":"https:\/\/mrnews.com.br\/#website"},"datePublished":"2025-04-15T13:35:48+00:00","breadcrumb":{"@id":"https:\/\/agenciabrasil.ebc.com.br\/esportes\/noticia\/2025-04\/fifa-define-arbitros-e-inclui-cameras-corporais-no-mundial-de-clubes#breadcrumb"},"inLanguage":"pt-BR","potentialAction":[{"@type":"ReadAction","target":["https:\/\/agenciabrasil.ebc.com.br\/esportes\/noticia\/2025-04\/fifa-define-arbitros-e-inclui-cameras-corporais-no-mundial-de-clubes"]}]},{"@type":"BreadcrumbList","@id":"https:\/\/agenciabrasil.ebc.com.br\/esportes\/noticia\/2025-04\/fifa-define-arbitros-e-inclui-cameras-corporais-no-mundial-de-clubes#breadcrumb","itemListElement":[{"@type":"ListItem","position":1,"name":"In\u00edcio","item":"https:\/\/mrnews.com.br\/"},{"@type":"ListItem","position":2,"name":"Fifa define \u00e1rbitros e inclui c\u00e2meras corporais no Mundial de Clubes"}]},{"@type":"WebSite","@id":"https:\/\/mrnews.com.br\/#website","url":"https:\/\/mrnews.com.br\/","name":"MRNews","description":"MRNews Jogos de hoje da TV, transmiss\u00f5es ao vivo, Not\u00edcias de futebol, Jogos ao vivo, Lives, resumo de novelas, Programa\u00e7\u00e3o da Globo, A Fazenda e BBB","publisher":{"@id":"https:\/\/mrnews.com.br\/#organization"},"potentialAction":[{"@type":"SearchAction","target":{"@type":"EntryPoint","urlTemplate":"https:\/\/mrnews.com.br\/?s={search_term_string}"},"query-input":{"@type":"PropertyValueSpecification","valueRequired":true,"valueName":"search_term_string"}}],"inLanguage":"pt-BR"},{"@type":"Organization","@id":"https:\/\/mrnews.com.br\/#organization","name":"MRNews","url":"https:\/\/mrnews.com.br\/","logo":{"@type":"ImageObject","inLanguage":"pt-BR","@id":"https:\/\/mrnews.com.br\/#\/schema\/logo\/image\/","url":"https:\/\/mrnews.com.br\/wp-content\/uploads\/2019\/06\/MRNewslogo2.png","contentUrl":"https:\/\/mrnews.com.br\/wp-content\/uploads\/2019\/06\/MRNewslogo2.png","width":223,"height":58,"caption":"MRNews"},"image":{"@id":"https:\/\/mrnews.com.br\/#\/schema\/logo\/image\/"},"sameAs":["https:\/\/www.facebook.com\/eaipahpah\/?locale2=pt_BR","https:\/\/x.com\/conspirou","https:\/\/www.instagram.com\/eai_pahpah","https:\/\/br.pinterest.com\/mrnewsn\/boards\/","https:\/\/www.youtube.com\/channel\/UCacgnpznQ61fifLWr1tQ-vA?view_as=subscriber"]},{"@type":"Person","@id":"https:\/\/mrnews.com.br\/#\/schema\/person\/be3203154562a9f207407861cef7827b","name":"MR News","image":{"@type":"ImageObject","inLanguage":"pt-BR","@id":"https:\/\/secure.gravatar.com\/avatar\/04084e6d73c042b8646e7c17b494073bf0ede3ea13c7105cfc45cbbbc28385a4?s=96&d=monsterid&r=g","url":"https:\/\/secure.gravatar.com\/avatar\/04084e6d73c042b8646e7c17b494073bf0ede3ea13c7105cfc45cbbbc28385a4?s=96&d=monsterid&r=g","contentUrl":"https:\/\/secure.gravatar.com\/avatar\/04084e6d73c042b8646e7c17b494073bf0ede3ea13c7105cfc45cbbbc28385a4?s=96&d=monsterid&r=g","caption":"MR News"},"description":"Especializado em jornalismo colaborativo pela FTP em n\u00edvel de p\u00f3s-gradua\u00e7\u00e3o. suporte@oimeliga.combr","sameAs":["HUGO R.","Admin"],"url":"https:\/\/mrnews.com.br\/index.php\/author\/admin\/"}]}},"jetpack_featured_media_url":"","jetpack_sharing_enabled":true,"jetpack_shortlink":"https:\/\/wp.me\/pa2Qf7-1QHX","amp_enabled":true,"_links":{"self":[{"href":"https:\/\/mrnews.com.br\/index.php\/wp-json\/wp\/v2\/posts\/440941","targetHints":{"allow":["GET"]}}],"collection":[{"href":"https:\/\/mrnews.com.br\/index.php\/wp-json\/wp\/v2\/posts"}],"about":[{"href":"https:\/\/mrnews.com.br\/index.php\/wp-json\/wp\/v2\/types\/post"}],"author":[{"embeddable":true,"href":"https:\/\/mrnews.com.br\/index.php\/wp-json\/wp\/v2\/users\/1"}],"replies":[{"embeddable":true,"href":"https:\/\/mrnews.com.br\/index.php\/wp-json\/wp\/v2\/comments?post=440941"}],"version-history":[{"count":0,"href":"https:\/\/mrnews.com.br\/index.php\/wp-json\/wp\/v2\/posts\/440941\/revisions"}],"wp:attachment":[{"href":"https:\/\/mrnews.com.br\/index.php\/wp-json\/wp\/v2\/media?parent=440941"}],"wp:term":[{"taxonomy":"category","embeddable":true,"href":"https:\/\/mrnews.com.br\/index.php\/wp-json\/wp\/v2\/categories?post=440941"},{"taxonomy":"post_tag","embeddable":true,"href":"https:\/\/mrnews.com.br\/index.php\/wp-json\/wp\/v2\/tags?post=440941"}],"curies":[{"name":"wp","href":"https:\/\/api.w.org\/{rel}","templated":true}]}}