{"id":441375,"date":"2025-04-22T15:14:37","date_gmt":"2025-04-22T18:14:37","guid":{"rendered":"https:\/\/mrnews.com.br\/index.php\/2025\/04\/22\/calderano-vence-a-copa-do-mundo-de-tenis-de-mesa\/"},"modified":"2025-04-22T15:14:37","modified_gmt":"2025-04-22T18:14:37","slug":"calderano-vence-a-copa-do-mundo-de-tenis-de-mesa","status":"publish","type":"post","link":"https:\/\/mrnews.com.br\/index.php\/2025\/04\/22\/calderano-vence-a-copa-do-mundo-de-tenis-de-mesa\/","title":{"rendered":"Calderano vence a Copa do Mundo de t\u00eanis de mesa"},"content":{"rendered":"<p><\/p>\n<div>\n<p>O mesatenista brasileiro Hugo Calderano venceu a Copa do Mundo de t\u00eanis de mesa, neste domingo (20), em Macau, na China. \u00c9 o primeiro atleta n\u00e3o asi\u00e1tico ou europeu a conquistar o t\u00edtulo. \u201c\u00c9 uma sensa\u00e7\u00e3o incr\u00edvel ganhar esse t\u00edtulo\u201d, disse Calderano em entrevista \u00e0 Federa\u00e7\u00e3o Internacional de T\u00eanis de Mesa ap\u00f3s o jogo.<\/p>\n<blockquote>\n<p>\u201cEu comecei n\u00e3o muito confort\u00e1vel, perdi o primeiro set, mas consegui fazer alguns ajustes t\u00e1ticos e tamb\u00e9m estava muito pronto mentalmente quando a chance apareceu. Estou muito orgulhoso tamb\u00e9m de conseguir representar t\u00e3o bem o Brasil e trazer um t\u00edtulo desse tamanho para o nosso pa\u00eds\u201d, comemorou.<\/p>\n<\/blockquote>\n<p><strong>Na final, o carioca de 28 anos derrotou o chin\u00eas Lin Shidong, n\u00famero 1 do <em>ranking<\/em> mundial, por 4 sets a 1. No caminho, superou o chin\u00eas n\u00famero 2 do mundo, Wang Chuqin e o japon\u00eas n\u00famero 3, Tomokazu Harimoto.<\/strong><\/p>\n<p>Tamb\u00e9m no p\u00f3s-jogo, Calderano lembrou o per\u00edodo duro que atravessou ap\u00f3s os Jogos Ol\u00edmpicos de Paris, em 2024, quando chegou \u00e0s semifinais e ficou perto da medalha, mas perdeu para o sueco Truls\u00a0 M\u00f6reg\u00e5rdh na semifinal e perdeu o bronze para o franc\u00eas Felix Lebrun. Ainda assim, na ocasi\u00e3o, ele obteve a melhor campanha de um atleta das Am\u00e9ricas na hist\u00f3ria da modalidade na competi\u00e7\u00e3o.<\/p>\n<blockquote>\n<p>\u201cEu nunca poderia imaginar conseguir um t\u00edtulo dessa magnitude [hoje], principalmente come\u00e7ando nessa competi\u00e7\u00e3o, n\u00e3o vinha performando na minha melhor forma, mas fiz um jogo incr\u00edvel na final contra o n\u00famero 1 do mundo, que tem ganhado\u00a0a maioria dos t\u00edtulos recentemente, est\u00e1 jogando no n\u00edvel alt\u00edssimo e eu consegui dominar o jogo em quase todas as partes\u201d, contou Calderano.<\/p>\n<\/blockquote>\n<p><strong>O presidente Luiz In\u00e1cio Lula da Silva homenageou o brasileiro, que h\u00e1 quase 15 anos tem o suporte do programa Bolsa Atleta do governo federal.<\/strong><\/p>\n<blockquote>\n<p>\u201cDesempenho incr\u00edvel do atleta top 5 do mundo\u201d, escreveu Lula, em publica\u00e7\u00e3o nas redes sociais.\u00a0\u201cNum torneio com 48 dos melhores competidores internacionais, o brasileiro levou pela primeira vez um jogador das Am\u00e9ricas \u00e0 decis\u00e3o e ao t\u00edtulo\u201d, destacou.<\/p>\n<\/blockquote>\n<p><strong>A \u00faltima vez que um atleta n\u00e3o chin\u00eas conquistou o t\u00edtulo da Copa do Mundo foi em 2017, com o alem\u00e3o Dimitrij Ovtcharov. Antes de 2025, a melhor campanha de Calderano na competi\u00e7\u00e3o foi em 2019, quando alcan\u00e7ou as quartas de final.<\/strong><\/p>\n<p>Com o resultado, brasileiro sobe da quinta para a quarta posi\u00e7\u00e3o no <em>ranking mundial<\/em>. Ele, que \u00e9 tricampe\u00e3o individual dos Jogos Pan-Americanos e semifinalista ol\u00edmpico, acumula 25 t\u00edtulos no circuito internacional do t\u00eanis de mesa.<\/p>\n<p>O Bolsa Atleta \u00e9 um programa do Minist\u00e9rio do Esporte, criado em 2005, que patrocina individualmente atletas e paratletas de alto rendimento em competi\u00e7\u00f5es nacionais e internacionais de sua modalidade. Ele garante condi\u00e7\u00f5es m\u00ednimas para que se dediquem, com exclusividade e tranquilidade, ao treinamento e a competi\u00e7\u00f5es locais, sul-americanas, pan-americanas, mundiais, ol\u00edmpicas e paral\u00edmpicas.<\/p>\n<p>      <!-- Relacionada --><\/p>\n<p>            <!-- Relacionada -->\n    <\/div>\n<p><script async src=\"\/\/www.instagram.com\/embed.js\"><\/script><\/p>\n","protected":false},"excerpt":{"rendered":"<p>O mesatenista brasileiro Hugo Calderano venceu a Copa do Mundo de t\u00eanis de mesa, neste domingo (20), em Macau, na China. \u00c9 o primeiro atleta n\u00e3o asi\u00e1tico ou europeu a conquistar o t\u00edtulo. \u201c\u00c9 uma sensa\u00e7\u00e3o incr\u00edvel ganhar esse t\u00edtulo\u201d, disse Calderano em entrevista \u00e0 Federa\u00e7\u00e3o Internacional de T\u00eanis de Mesa ap\u00f3s o jogo. \u201cEu &hellip;<\/p>\n","protected":false},"author":1,"featured_media":0,"comment_status":"open","ping_status":"open","sticky":false,"template":"","format":"standard","meta":{"_jetpack_memberships_contains_paid_content":false,"footnotes":""},"categories":[3,4587,4],"tags":[],"class_list":["post-441375","post","type-post","status-publish","format-standard","hentry","category-esportes1","category-esportes","category-servicos"],"yoast_head":"<!-- This site is optimized with the Yoast SEO plugin v27.4 - https:\/\/yoast.com\/product\/yoast-seo-wordpress\/ -->\n<title>Calderano vence a Copa do Mundo de t\u00eanis de mesa<\/title>\n<meta name=\"robots\" content=\"index, follow, max-snippet:-1, max-image-preview:large, max-video-preview:-1\" \/>\n<link rel=\"canonical\" href=\"https:\/\/mrnews.com.br\/index.php\/2025\/04\/22\/calderano-vence-a-copa-do-mundo-de-tenis-de-mesa\/\" \/>\n<meta property=\"og:locale\" content=\"pt_BR\" \/>\n<meta property=\"og:type\" content=\"article\" \/>\n<meta property=\"og:title\" content=\"Calderano vence a Copa do Mundo de t\u00eanis de mesa\" \/>\n<meta property=\"og:description\" content=\"O mesatenista brasileiro Hugo Calderano venceu a Copa do Mundo de t\u00eanis de mesa, neste domingo (20), em Macau, na China. \u00c9 o primeiro atleta n\u00e3o asi\u00e1tico ou europeu a conquistar o t\u00edtulo. \u201c\u00c9 uma sensa\u00e7\u00e3o incr\u00edvel ganhar esse t\u00edtulo\u201d, disse Calderano em entrevista \u00e0 Federa\u00e7\u00e3o Internacional de T\u00eanis de Mesa ap\u00f3s o jogo. \u201cEu &hellip;\" \/>\n<meta property=\"og:url\" content=\"https:\/\/mrnews.com.br\/index.php\/2025\/04\/22\/calderano-vence-a-copa-do-mundo-de-tenis-de-mesa\/\" \/>\n<meta property=\"og:site_name\" content=\"MRNews\" \/>\n<meta property=\"article:publisher\" content=\"https:\/\/www.facebook.com\/eaipahpah\/?locale2=pt_BR\" \/>\n<meta property=\"article:published_time\" content=\"2025-04-22T18:14:37+00:00\" \/>\n<meta name=\"author\" content=\"MR News\" \/>\n<meta name=\"twitter:card\" content=\"summary_large_image\" \/>\n<meta name=\"twitter:creator\" content=\"@conspirou\" \/>\n<meta name=\"twitter:site\" content=\"@conspirou\" \/>\n<meta name=\"twitter:label1\" content=\"Escrito por\" \/>\n\t<meta name=\"twitter:data1\" content=\"MR News\" \/>\n\t<meta name=\"twitter:label2\" content=\"Est. tempo de leitura\" \/>\n\t<meta name=\"twitter:data2\" content=\"3 minutos\" \/>\n<script type=\"application\/ld+json\" class=\"yoast-schema-graph\">{\"@context\":\"https:\\\/\\\/schema.org\",\"@graph\":[{\"@type\":\"Article\",\"@id\":\"https:\\\/\\\/mrnews.com.br\\\/index.php\\\/2025\\\/04\\\/22\\\/calderano-vence-a-copa-do-mundo-de-tenis-de-mesa\\\/#article\",\"isPartOf\":{\"@id\":\"https:\\\/\\\/mrnews.com.br\\\/index.php\\\/2025\\\/04\\\/22\\\/calderano-vence-a-copa-do-mundo-de-tenis-de-mesa\\\/\"},\"author\":{\"name\":\"MR News\",\"@id\":\"https:\\\/\\\/mrnews.com.br\\\/#\\\/schema\\\/person\\\/be3203154562a9f207407861cef7827b\"},\"headline\":\"Calderano vence a Copa do Mundo de t\u00eanis de mesa\",\"datePublished\":\"2025-04-22T18:14:37+00:00\",\"mainEntityOfPage\":{\"@id\":\"https:\\\/\\\/mrnews.com.br\\\/index.php\\\/2025\\\/04\\\/22\\\/calderano-vence-a-copa-do-mundo-de-tenis-de-mesa\\\/\"},\"wordCount\":518,\"commentCount\":0,\"publisher\":{\"@id\":\"https:\\\/\\\/mrnews.com.br\\\/#organization\"},\"articleSection\":[\"ESPORTES\",\"Esportes\",\"SERVI\u00c7OS\"],\"inLanguage\":\"pt-BR\",\"potentialAction\":[{\"@type\":\"CommentAction\",\"name\":\"Comment\",\"target\":[\"https:\\\/\\\/mrnews.com.br\\\/index.php\\\/2025\\\/04\\\/22\\\/calderano-vence-a-copa-do-mundo-de-tenis-de-mesa\\\/#respond\"]}]},{\"@type\":\"WebPage\",\"@id\":\"https:\\\/\\\/mrnews.com.br\\\/index.php\\\/2025\\\/04\\\/22\\\/calderano-vence-a-copa-do-mundo-de-tenis-de-mesa\\\/\",\"url\":\"https:\\\/\\\/mrnews.com.br\\\/index.php\\\/2025\\\/04\\\/22\\\/calderano-vence-a-copa-do-mundo-de-tenis-de-mesa\\\/\",\"name\":\"Calderano vence a Copa do Mundo de t\u00eanis de mesa\",\"isPartOf\":{\"@id\":\"https:\\\/\\\/mrnews.com.br\\\/#website\"},\"datePublished\":\"2025-04-22T18:14:37+00:00\",\"breadcrumb\":{\"@id\":\"https:\\\/\\\/mrnews.com.br\\\/index.php\\\/2025\\\/04\\\/22\\\/calderano-vence-a-copa-do-mundo-de-tenis-de-mesa\\\/#breadcrumb\"},\"inLanguage\":\"pt-BR\",\"potentialAction\":[{\"@type\":\"ReadAction\",\"target\":[\"https:\\\/\\\/mrnews.com.br\\\/index.php\\\/2025\\\/04\\\/22\\\/calderano-vence-a-copa-do-mundo-de-tenis-de-mesa\\\/\"]}]},{\"@type\":\"BreadcrumbList\",\"@id\":\"https:\\\/\\\/mrnews.com.br\\\/index.php\\\/2025\\\/04\\\/22\\\/calderano-vence-a-copa-do-mundo-de-tenis-de-mesa\\\/#breadcrumb\",\"itemListElement\":[{\"@type\":\"ListItem\",\"position\":1,\"name\":\"In\u00edcio\",\"item\":\"https:\\\/\\\/mrnews.com.br\\\/\"},{\"@type\":\"ListItem\",\"position\":2,\"name\":\"Calderano vence a Copa do Mundo de t\u00eanis de mesa\"}]},{\"@type\":\"WebSite\",\"@id\":\"https:\\\/\\\/mrnews.com.br\\\/#website\",\"url\":\"https:\\\/\\\/mrnews.com.br\\\/\",\"name\":\"MRNews\",\"description\":\"MRNews Jogos de hoje da TV, transmiss\u00f5es ao vivo, Not\u00edcias de futebol, Jogos ao vivo, Lives, resumo de novelas, Programa\u00e7\u00e3o da Globo, A Fazenda e BBB\",\"publisher\":{\"@id\":\"https:\\\/\\\/mrnews.com.br\\\/#organization\"},\"potentialAction\":[{\"@type\":\"SearchAction\",\"target\":{\"@type\":\"EntryPoint\",\"urlTemplate\":\"https:\\\/\\\/mrnews.com.br\\\/?s={search_term_string}\"},\"query-input\":{\"@type\":\"PropertyValueSpecification\",\"valueRequired\":true,\"valueName\":\"search_term_string\"}}],\"inLanguage\":\"pt-BR\"},{\"@type\":\"Organization\",\"@id\":\"https:\\\/\\\/mrnews.com.br\\\/#organization\",\"name\":\"MRNews\",\"url\":\"https:\\\/\\\/mrnews.com.br\\\/\",\"logo\":{\"@type\":\"ImageObject\",\"inLanguage\":\"pt-BR\",\"@id\":\"https:\\\/\\\/mrnews.com.br\\\/#\\\/schema\\\/logo\\\/image\\\/\",\"url\":\"https:\\\/\\\/mrnews.com.br\\\/wp-content\\\/uploads\\\/2019\\\/06\\\/MRNewslogo2.png\",\"contentUrl\":\"https:\\\/\\\/mrnews.com.br\\\/wp-content\\\/uploads\\\/2019\\\/06\\\/MRNewslogo2.png\",\"width\":223,\"height\":58,\"caption\":\"MRNews\"},\"image\":{\"@id\":\"https:\\\/\\\/mrnews.com.br\\\/#\\\/schema\\\/logo\\\/image\\\/\"},\"sameAs\":[\"https:\\\/\\\/www.facebook.com\\\/eaipahpah\\\/?locale2=pt_BR\",\"https:\\\/\\\/x.com\\\/conspirou\",\"https:\\\/\\\/www.instagram.com\\\/eai_pahpah\",\"https:\\\/\\\/br.pinterest.com\\\/mrnewsn\\\/boards\\\/\",\"https:\\\/\\\/www.youtube.com\\\/channel\\\/UCacgnpznQ61fifLWr1tQ-vA?view_as=subscriber\"]},{\"@type\":\"Person\",\"@id\":\"https:\\\/\\\/mrnews.com.br\\\/#\\\/schema\\\/person\\\/be3203154562a9f207407861cef7827b\",\"name\":\"MR News\",\"image\":{\"@type\":\"ImageObject\",\"inLanguage\":\"pt-BR\",\"@id\":\"https:\\\/\\\/secure.gravatar.com\\\/avatar\\\/04084e6d73c042b8646e7c17b494073bf0ede3ea13c7105cfc45cbbbc28385a4?s=96&d=monsterid&r=g\",\"url\":\"https:\\\/\\\/secure.gravatar.com\\\/avatar\\\/04084e6d73c042b8646e7c17b494073bf0ede3ea13c7105cfc45cbbbc28385a4?s=96&d=monsterid&r=g\",\"contentUrl\":\"https:\\\/\\\/secure.gravatar.com\\\/avatar\\\/04084e6d73c042b8646e7c17b494073bf0ede3ea13c7105cfc45cbbbc28385a4?s=96&d=monsterid&r=g\",\"caption\":\"MR News\"},\"description\":\"Especializado em jornalismo colaborativo pela FTP em n\u00edvel de p\u00f3s-gradua\u00e7\u00e3o. suporte@oimeliga.combr\",\"sameAs\":[\"HUGO R.\",\"Admin\"],\"url\":\"https:\\\/\\\/mrnews.com.br\\\/index.php\\\/author\\\/admin\\\/\"}]}<\/script>\n<!-- \/ Yoast SEO plugin. -->","yoast_head_json":{"title":"Calderano vence a Copa do Mundo de t\u00eanis de mesa","robots":{"index":"index","follow":"follow","max-snippet":"max-snippet:-1","max-image-preview":"max-image-preview:large","max-video-preview":"max-video-preview:-1"},"canonical":"https:\/\/mrnews.com.br\/index.php\/2025\/04\/22\/calderano-vence-a-copa-do-mundo-de-tenis-de-mesa\/","og_locale":"pt_BR","og_type":"article","og_title":"Calderano vence a Copa do Mundo de t\u00eanis de mesa","og_description":"O mesatenista brasileiro Hugo Calderano venceu a Copa do Mundo de t\u00eanis de mesa, neste domingo (20), em Macau, na China. \u00c9 o primeiro atleta n\u00e3o asi\u00e1tico ou europeu a conquistar o t\u00edtulo. \u201c\u00c9 uma sensa\u00e7\u00e3o incr\u00edvel ganhar esse t\u00edtulo\u201d, disse Calderano em entrevista \u00e0 Federa\u00e7\u00e3o Internacional de T\u00eanis de Mesa ap\u00f3s o jogo. \u201cEu &hellip;","og_url":"https:\/\/mrnews.com.br\/index.php\/2025\/04\/22\/calderano-vence-a-copa-do-mundo-de-tenis-de-mesa\/","og_site_name":"MRNews","article_publisher":"https:\/\/www.facebook.com\/eaipahpah\/?locale2=pt_BR","article_published_time":"2025-04-22T18:14:37+00:00","author":"MR News","twitter_card":"summary_large_image","twitter_creator":"@conspirou","twitter_site":"@conspirou","twitter_misc":{"Escrito por":"MR News","Est. tempo de leitura":"3 minutos"},"schema":{"@context":"https:\/\/schema.org","@graph":[{"@type":"Article","@id":"https:\/\/mrnews.com.br\/index.php\/2025\/04\/22\/calderano-vence-a-copa-do-mundo-de-tenis-de-mesa\/#article","isPartOf":{"@id":"https:\/\/mrnews.com.br\/index.php\/2025\/04\/22\/calderano-vence-a-copa-do-mundo-de-tenis-de-mesa\/"},"author":{"name":"MR News","@id":"https:\/\/mrnews.com.br\/#\/schema\/person\/be3203154562a9f207407861cef7827b"},"headline":"Calderano vence a Copa do Mundo de t\u00eanis de mesa","datePublished":"2025-04-22T18:14:37+00:00","mainEntityOfPage":{"@id":"https:\/\/mrnews.com.br\/index.php\/2025\/04\/22\/calderano-vence-a-copa-do-mundo-de-tenis-de-mesa\/"},"wordCount":518,"commentCount":0,"publisher":{"@id":"https:\/\/mrnews.com.br\/#organization"},"articleSection":["ESPORTES","Esportes","SERVI\u00c7OS"],"inLanguage":"pt-BR","potentialAction":[{"@type":"CommentAction","name":"Comment","target":["https:\/\/mrnews.com.br\/index.php\/2025\/04\/22\/calderano-vence-a-copa-do-mundo-de-tenis-de-mesa\/#respond"]}]},{"@type":"WebPage","@id":"https:\/\/mrnews.com.br\/index.php\/2025\/04\/22\/calderano-vence-a-copa-do-mundo-de-tenis-de-mesa\/","url":"https:\/\/mrnews.com.br\/index.php\/2025\/04\/22\/calderano-vence-a-copa-do-mundo-de-tenis-de-mesa\/","name":"Calderano vence a Copa do Mundo de t\u00eanis de mesa","isPartOf":{"@id":"https:\/\/mrnews.com.br\/#website"},"datePublished":"2025-04-22T18:14:37+00:00","breadcrumb":{"@id":"https:\/\/mrnews.com.br\/index.php\/2025\/04\/22\/calderano-vence-a-copa-do-mundo-de-tenis-de-mesa\/#breadcrumb"},"inLanguage":"pt-BR","potentialAction":[{"@type":"ReadAction","target":["https:\/\/mrnews.com.br\/index.php\/2025\/04\/22\/calderano-vence-a-copa-do-mundo-de-tenis-de-mesa\/"]}]},{"@type":"BreadcrumbList","@id":"https:\/\/mrnews.com.br\/index.php\/2025\/04\/22\/calderano-vence-a-copa-do-mundo-de-tenis-de-mesa\/#breadcrumb","itemListElement":[{"@type":"ListItem","position":1,"name":"In\u00edcio","item":"https:\/\/mrnews.com.br\/"},{"@type":"ListItem","position":2,"name":"Calderano vence a Copa do Mundo de t\u00eanis de mesa"}]},{"@type":"WebSite","@id":"https:\/\/mrnews.com.br\/#website","url":"https:\/\/mrnews.com.br\/","name":"MRNews","description":"MRNews Jogos de hoje da TV, transmiss\u00f5es ao vivo, Not\u00edcias de futebol, Jogos ao vivo, Lives, resumo de novelas, Programa\u00e7\u00e3o da Globo, A Fazenda e BBB","publisher":{"@id":"https:\/\/mrnews.com.br\/#organization"},"potentialAction":[{"@type":"SearchAction","target":{"@type":"EntryPoint","urlTemplate":"https:\/\/mrnews.com.br\/?s={search_term_string}"},"query-input":{"@type":"PropertyValueSpecification","valueRequired":true,"valueName":"search_term_string"}}],"inLanguage":"pt-BR"},{"@type":"Organization","@id":"https:\/\/mrnews.com.br\/#organization","name":"MRNews","url":"https:\/\/mrnews.com.br\/","logo":{"@type":"ImageObject","inLanguage":"pt-BR","@id":"https:\/\/mrnews.com.br\/#\/schema\/logo\/image\/","url":"https:\/\/mrnews.com.br\/wp-content\/uploads\/2019\/06\/MRNewslogo2.png","contentUrl":"https:\/\/mrnews.com.br\/wp-content\/uploads\/2019\/06\/MRNewslogo2.png","width":223,"height":58,"caption":"MRNews"},"image":{"@id":"https:\/\/mrnews.com.br\/#\/schema\/logo\/image\/"},"sameAs":["https:\/\/www.facebook.com\/eaipahpah\/?locale2=pt_BR","https:\/\/x.com\/conspirou","https:\/\/www.instagram.com\/eai_pahpah","https:\/\/br.pinterest.com\/mrnewsn\/boards\/","https:\/\/www.youtube.com\/channel\/UCacgnpznQ61fifLWr1tQ-vA?view_as=subscriber"]},{"@type":"Person","@id":"https:\/\/mrnews.com.br\/#\/schema\/person\/be3203154562a9f207407861cef7827b","name":"MR News","image":{"@type":"ImageObject","inLanguage":"pt-BR","@id":"https:\/\/secure.gravatar.com\/avatar\/04084e6d73c042b8646e7c17b494073bf0ede3ea13c7105cfc45cbbbc28385a4?s=96&d=monsterid&r=g","url":"https:\/\/secure.gravatar.com\/avatar\/04084e6d73c042b8646e7c17b494073bf0ede3ea13c7105cfc45cbbbc28385a4?s=96&d=monsterid&r=g","contentUrl":"https:\/\/secure.gravatar.com\/avatar\/04084e6d73c042b8646e7c17b494073bf0ede3ea13c7105cfc45cbbbc28385a4?s=96&d=monsterid&r=g","caption":"MR News"},"description":"Especializado em jornalismo colaborativo pela FTP em n\u00edvel de p\u00f3s-gradua\u00e7\u00e3o. suporte@oimeliga.combr","sameAs":["HUGO R.","Admin"],"url":"https:\/\/mrnews.com.br\/index.php\/author\/admin\/"}]}},"jetpack_featured_media_url":"","jetpack_sharing_enabled":true,"jetpack_shortlink":"https:\/\/wp.me\/pa2Qf7-1QOX","amp_enabled":true,"_links":{"self":[{"href":"https:\/\/mrnews.com.br\/index.php\/wp-json\/wp\/v2\/posts\/441375","targetHints":{"allow":["GET"]}}],"collection":[{"href":"https:\/\/mrnews.com.br\/index.php\/wp-json\/wp\/v2\/posts"}],"about":[{"href":"https:\/\/mrnews.com.br\/index.php\/wp-json\/wp\/v2\/types\/post"}],"author":[{"embeddable":true,"href":"https:\/\/mrnews.com.br\/index.php\/wp-json\/wp\/v2\/users\/1"}],"replies":[{"embeddable":true,"href":"https:\/\/mrnews.com.br\/index.php\/wp-json\/wp\/v2\/comments?post=441375"}],"version-history":[{"count":0,"href":"https:\/\/mrnews.com.br\/index.php\/wp-json\/wp\/v2\/posts\/441375\/revisions"}],"wp:attachment":[{"href":"https:\/\/mrnews.com.br\/index.php\/wp-json\/wp\/v2\/media?parent=441375"}],"wp:term":[{"taxonomy":"category","embeddable":true,"href":"https:\/\/mrnews.com.br\/index.php\/wp-json\/wp\/v2\/categories?post=441375"},{"taxonomy":"post_tag","embeddable":true,"href":"https:\/\/mrnews.com.br\/index.php\/wp-json\/wp\/v2\/tags?post=441375"}],"curies":[{"name":"wp","href":"https:\/\/api.w.org\/{rel}","templated":true}]}}