{"id":441875,"date":"2025-04-26T20:05:16","date_gmt":"2025-04-26T23:05:16","guid":{"rendered":"https:\/\/mrnews.com.br\/?p=441875"},"modified":"2025-04-26T20:05:16","modified_gmt":"2025-04-26T23:05:16","slug":"renata-vai-dividir-o-premio-do-bbb25-com-eva-campea-se-pronuncia","status":"publish","type":"post","link":"https:\/\/mrnews.com.br\/index.php\/2025\/04\/26\/renata-vai-dividir-o-premio-do-bbb25-com-eva-campea-se-pronuncia\/","title":{"rendered":"Renata vai dividir o pr\u00eamio do BBB25 com Eva? Campe\u00e3 se pronuncia"},"content":{"rendered":"<h2>Renata vai dividir o pr\u00eamio do BBB25 com Eva? Campe\u00e3 se pronuncia<\/h2>\n<p><strong>Renata Saldanha<\/strong> \u00e9 a grande campe\u00e3 do <strong>BBB25<\/strong>, conquistando 51,90% dos votos do p\u00fablico e levando para casa um pr\u00eamio de <strong>R$ 2,7 milh\u00f5es<\/strong> e um carro zero quil\u00f4metro. A bailarina, que viveu uma trajet\u00f3ria emocionante dentro do reality show ao lado da amiga de inf\u00e2ncia <strong>Eva<\/strong>, agora revelou seus planos para o futuro e se pretende ou n\u00e3o dividir o pr\u00eamio com a companheira de jornada.<\/p>\n<p>Logo ap\u00f3s a grande final, Renata participou do tradicional <strong>Bate-Papo BBB<\/strong>, comandado por <strong>Gil do Vigor<\/strong> e <strong>Ceci Ribeiro<\/strong>, e respondeu \u00e0 pergunta que muitos f\u00e3s queriam saber: <strong>ela vai dividir o pr\u00eamio com Eva?<\/strong><\/p>\n<h3>&#8220;Vamos fazer algo juntas&#8221;, garante Renata<\/h3>\n<p>De maneira sincera, Renata afirmou que, independentemente da vit\u00f3ria, j\u00e1 existiam planos em conjunto com Eva. \u201cVamos sim fazer algo juntas. Temos muitos projetos. Uma das nossas vontades, desde sempre \u2014 independentemente de eu ganhar ou n\u00e3o \u2014 era apoiar o projeto de onde viemos\u201d, revelou, referindo-se \u00e0 escola de dan\u00e7a onde se conheceram.<\/p>\n<p>A campe\u00e3 tamb\u00e9m relembrou sua trajet\u00f3ria de luta e esfor\u00e7o para chegar ao topo:<\/p>\n<blockquote><p>\u201cSei como \u00e9 dif\u00edcil. Nunca ganhei nada de gra\u00e7a, tudo foi na base do esfor\u00e7o. E sei o quanto isso significou para mim. Quero que outras meninas tamb\u00e9m tenham essa oportunidade\u201d.<\/p><\/blockquote>\n<p>Sobre a amizade com Eva, Renata se emocionou ao falar:<\/p>\n<blockquote><p>\u201cA Eva \u00e9 como uma alma g\u00eamea. N\u00e3o consigo enxergar de outra forma. \u00c9 incr\u00edvel ter algu\u00e9m que te conhece de verdade, que entende seu cora\u00e7\u00e3o e suas inten\u00e7\u00f5es. Em muitos momentos, s\u00f3 de olhar pra ela, eu me sentia em paz\u201d.<\/p><\/blockquote>\n<h3>E Eva, o que diz?<\/h3>\n<p>Durante sua participa\u00e7\u00e3o no <strong>MesaCast<\/strong> com <strong>Vitor Di Castro<\/strong>, Eva tamb\u00e9m comentou o assunto, com muito bom humor. Questionada se havia um acordo para dividir o pr\u00eamio, ela brincou:<\/p>\n<blockquote><p>&#8220;Se ela quiser dividir comigo, eu aceito! Mas a gente n\u00e3o combinou nada.&#8221;<\/p><\/blockquote>\n<p>Eva tamb\u00e9m fez quest\u00e3o de reconhecer o m\u00e9rito da amiga:<\/p>\n<blockquote><p>&#8220;O m\u00e9rito \u00e9 todo dela, foi ela quem chegou \u00e0 final&#8221;.<\/p><\/blockquote>\n<h3>A vit\u00f3ria de Renata no BBB25<\/h3>\n<p>Renata entrou no BBB25 sem grandes favoritismos, mas conquistou o p\u00fablico com sua autenticidade, for\u00e7a e amizade verdadeira com Eva. Sua trajet\u00f3ria foi marcada por vit\u00f3rias em provas, momentos emocionantes e, claro, muita dan\u00e7a \u2014 paix\u00e3o que as duas carregam desde a inf\u00e2ncia.<\/p>\n<p>Agora, al\u00e9m do pr\u00eamio milion\u00e1rio, Renata tamb\u00e9m sai do programa como s\u00edmbolo de perseveran\u00e7a e amizade verdadeira, mostrando que o BBB pode ser muito mais do que apenas competi\u00e7\u00e3o.<\/p>\n<p><strong>Gostou da vit\u00f3ria de Renata?<\/strong><br \/>\nDeixe seu coment\u00e1rio!<\/p>\n<hr \/>\n<p><strong>Categorized in<\/strong>: BBB<br \/>\n<strong>Tagged in<\/strong>: bbb25, Eva, pr\u00eamio, reality, Renata<\/p>\n<p>&nbsp;<\/p>\n<p><strong>Nem tudo \u00e9 festa para Renata: campe\u00e3 do BBB25 \u2018perde\u2019 fatia gorda do pr\u00eamio milion\u00e1rio<\/strong><\/p>\n<p>Renata Saldanha sagrou-se campe\u00e3 do <em>Big Brother Brasil 25<\/em> com uma vit\u00f3ria emocionante e conquistou o pr\u00eamio de R$ 2,720 milh\u00f5es. Mas, apesar da euforia pela vit\u00f3ria e da chance de mudar de vida, a cearense j\u00e1 sabe que uma parte consider\u00e1vel do valor n\u00e3o ficar\u00e1 em sua conta por muito tempo.<\/p>\n<p>Durante sua trajet\u00f3ria no reality, Renata emocionou o p\u00fablico ao revelar que entrou no programa com o objetivo principal de quitar um antigo financiamento estudantil. Professora de bal\u00e9 e formada em Educa\u00e7\u00e3o F\u00edsica com a ajuda do Fies (Fundo de Financiamento Estudantil), a campe\u00e3 contou, ainda no in\u00edcio do confinamento, que nunca conseguiu pagar as parcelas do empr\u00e9stimo, conseguindo arcar apenas com os juros nos \u00faltimos anos.<\/p>\n<p>A d\u00edvida, que deixou o nome da dan\u00e7arina negativado, foi compartilhada com a colega Eva durante uma conversa no confinamento. Renata confessou que, mesmo que ganhasse apenas uma quantia simb\u00f3lica no programa, j\u00e1 se sentiria vitoriosa por poder renegociar ou quitar o d\u00e9bito com o governo.<\/p>\n<p>Agora, com os bolsos mais cheios, Renata finalmente poder\u00e1 p\u00f4r fim a essa pend\u00eancia. Apesar de n\u00e3o ter revelado o valor exato da d\u00edvida, especula-se que ela consiga quit\u00e1-la com sobras, mesmo ap\u00f3s pagar os impostos. Isso porque, do pr\u00eamio total, cerca de R$ 748 mil ser\u00e3o descontados a t\u00edtulo de Imposto de Renda, j\u00e1 que a al\u00edquota para esse tipo de premia\u00e7\u00e3o \u00e9 de 27,5%.<\/p>\n<p>Em entrevista ao <em>Mais Voc\u00ea<\/em>, programa matinal da TV Globo, a campe\u00e3 do BBB25 destacou que pretende usar o dinheiro com responsabilidade. Al\u00e9m de quitar o Fies, Renata contou que planeja investir no projeto social que foi sua grande inspira\u00e7\u00e3o para seguir carreira como bailarina. A ideia \u00e9 expandir a iniciativa e dar oportunidades a outros jovens de comunidades carentes, oferecendo aulas de dan\u00e7a e incentivo \u00e0 educa\u00e7\u00e3o.<\/p>\n<p>O sucesso de Renata no BBB25 \u00e9 mais do que uma vit\u00f3ria televisiva: \u00e9 o reflexo de uma trajet\u00f3ria marcada por esfor\u00e7o, supera\u00e7\u00e3o e sonhos que agora est\u00e3o muito mais pr\u00f3ximos de se realizarem.<\/p>\n<p><strong>Tags:<\/strong> BBB25, Renata, pr\u00eamio, Fies, Imposto de Renda, projeto social, TV Globo, Mais Voc\u00ea, Ana Maria Braga.<\/p>\n<p><strong>Renata Saldanha, vencedora do BBB 25, leva muito mais que todos os colegas em pr\u00eamios<\/strong><\/p>\n<p>A bailarina cearense Renata Saldanha consagrou-se campe\u00e3 do <em>Big Brother Brasil 25<\/em>, encerrado no dia 22 de abril de 2025. Com 51,90% dos votos do p\u00fablico, ela garantiu n\u00e3o apenas o t\u00edtulo, mas tamb\u00e9m uma das maiores premia\u00e7\u00f5es da hist\u00f3ria do reality show: mais de R$ 3,3 milh\u00f5es em pr\u00eamios, entre dinheiro, bens e recompensas promocionais acumuladas ao longo da temporada.<\/p>\n<h3>\ud83c\udfc6 Pr\u00eamio principal &#8211; Quanto ganha o vencedor do BBB<\/h3>\n<ul>\n<li><strong>R$ 2,72 milh\u00f5es em dinheiro<\/strong>: valor final acumulado ao longo do programa, livre de impostos e resultado de uma nova din\u00e2mica de ac\u00famulo adotada nesta edi\u00e7\u00e3o.<\/li>\n<\/ul>\n<h3>\ud83c\udfe0 Bens conquistados<\/h3>\n<ul>\n<li><strong>Apartamento avaliado em R$ 260 mil<\/strong>: pr\u00eamio pela vit\u00f3ria na nona Prova do L\u00edder, entregue oficialmente durante o programa ao vivo.<\/li>\n<li><strong>Chevrolet S10 zero-quil\u00f4metro<\/strong>: avaliado em cerca de R$ 325 mil, o ve\u00edculo foi anunciado na grande final, surpreendendo a campe\u00e3.<\/li>\n<\/ul>\n<h3>\ud83d\udcb0 Recompensas adicionais<\/h3>\n<ul>\n<li><strong>R$ 10 mil em dinheiro<\/strong>: ganhos em a\u00e7\u00f5es promocionais e din\u00e2micas especiais ao longo do reality.<\/li>\n<li><strong>R$ 10 mil em compras online<\/strong>: obtidos como parte de uma campanha realizada com patrocinadores durante a temporada.<\/li>\n<\/ul>\n<p>Com esse montante, Renata Saldanha entra para a hist\u00f3ria do <em>Big Brother Brasil<\/em> como uma das campe\u00e3s mais bem premiadas de todas as edi\u00e7\u00f5es, coroando uma trajet\u00f3ria marcada por carisma, resili\u00eancia e forte conex\u00e3o com o p\u00fablico.<\/p>\n<hr \/>\n<p><strong>Tags<\/strong>: Renata Saldanha, BBB 25, Campe\u00e3 BBB, Pr\u00eamios BBB 25, Carro BBB, Apartamento BBB, Big Brother Brasil 2025<\/p>\n<p><strong>Guilherme Faz An\u00fancio ao Lado da Esposa Logo Ap\u00f3s o BBB25: &#8216;Minha Sogra Pediu&#8230;&#8217;<\/strong><\/p>\n<p>Ap\u00f3s a grande repercuss\u00e3o de sua participa\u00e7\u00e3o no <em>Big Brother Brasil 25<\/em> (BBB25), o ex-brother Guilherme, que conquistou o p\u00fablico com seu jeito espont\u00e2neo e carisma, agora ganha os holofotes novamente, mas dessa vez ao lado de sua esposa. Em um an\u00fancio que deixou muitos seguidores curiosos e ansiosos, Guilherme compartilhou nas redes sociais uma novidade ao lado de sua esposa, revelando uma surpresa que vem agradando sua fam\u00edlia \u2013 e sua sogra, em especial.<\/p>\n<p><strong>O An\u00fancio de Guilherme<\/strong><\/p>\n<p>Logo ap\u00f3s a sua sa\u00edda do <em>BBB25<\/em>, Guilherme fez um post nas redes sociais que gerou grande expectativa entre os f\u00e3s e seguidores. O ex-participante publicou um v\u00eddeo ao lado de sua esposa, com um clima descontra\u00eddo e familiar. No v\u00eddeo, ele aparece sorrindo e brincando com a esposa, dizendo: \u201cMinha sogra pediu\u2026 ent\u00e3o estamos aqui para contar para voc\u00eas.\u201d<\/p>\n<p>A declara\u00e7\u00e3o enigm\u00e1tica de Guilherme deixou seus f\u00e3s e a m\u00eddia curiosos sobre o que ele e sua esposa estariam anunciando. A revela\u00e7\u00e3o foi feita de maneira leve e com muito bom humor, caracter\u00edstica que Guilherme demonstrou ao longo de sua participa\u00e7\u00e3o no reality show.<\/p>\n<p><strong>A Rea\u00e7\u00e3o da Fam\u00edlia e dos F\u00e3s<\/strong><\/p>\n<p>Ap\u00f3s o post, os f\u00e3s de Guilherme n\u00e3o demoraram para reagir. Nos coment\u00e1rios, muitos manifestaram entusiasmo e brincadeiras, questionando o que seria o pedido da sogra que teria levado o casal a compartilhar o momento. A intera\u00e7\u00e3o com os seguidores, uma marca forte nas redes sociais de Guilherme, foi marcada por uma mistura de curiosidade e alegria dos f\u00e3s, que estavam ansiosos para saber mais sobre o que estava por vir.<\/p>\n<p>A esposa de Guilherme, que aparece ao seu lado no v\u00eddeo, tamb\u00e9m gerou rea\u00e7\u00f5es positivas. Muitos elogiaram a qu\u00edmica do casal, que j\u00e1 demonstrava ser bastante unido durante a participa\u00e7\u00e3o no programa. A figura da sogra, que foi mencionada de forma engra\u00e7ada, tamb\u00e9m gerou um clima descontra\u00eddo, fazendo com que o an\u00fancio fosse ainda mais carism\u00e1tico.<\/p>\n<p><strong>O Que Vir\u00e1 a Seguir?<\/strong><\/p>\n<p>Embora o v\u00eddeo tenha sido bastante divertido e leve, muitos est\u00e3o se perguntando: o que exatamente o casal est\u00e1 planejando? Ser\u00e1 que Guilherme e sua esposa est\u00e3o preparando um novo projeto em conjunto? Estar\u00edamos diante de um an\u00fancio de uma nova fase na carreira do ex-participante do <em>BBB<\/em>?<\/p>\n<p>F\u00e3s especulam que pode ser o in\u00edcio de um novo empreendimento, um projeto de m\u00eddia, ou quem sabe algo relacionado ao universo digital, no qual Guilherme j\u00e1 est\u00e1 bastante inserido. Como o pedido de sua sogra foi mencionado de forma engra\u00e7ada, muitos acreditam que a novidade seja algo que envolva a fam\u00edlia e seja pr\u00f3ximo \u00e0 vida pessoal de Guilherme.<\/p>\n<p><strong>Conclus\u00e3o<\/strong><\/p>\n<p>A expectativa \u00e9 grande em torno do que Guilherme e sua esposa est\u00e3o preparando para o futuro, e os f\u00e3s, com certeza, est\u00e3o atentos para mais novidades. O ex-brother, que se destacou no <em>BBB25<\/em>, parece ter encontrado um novo caminho para explorar sua visibilidade, e com o apoio da esposa e da fam\u00edlia, o sucesso parece ser uma certeza. Aguardaremos ansiosos para saber o que vem por a\u00ed \u2013 e, claro, o que mais a sogra pediu.<\/p>\n<h2><strong>Um lar simples, cheio de mem\u00f3rias de Renata do BBB25<\/strong><\/h2>\n<p>O apartamento modesto, com c\u00f4modos pequenos e decora\u00e7\u00e3o singela, tornou-se s\u00edmbolo das ra\u00edzes de Renata. Dona Eul\u00e1lia guiou os rep\u00f3rteres pelos ambientes repletos de lembran\u00e7as afetivas, como o quarto da filha, ainda com uma boneca de inf\u00e2ncia guardada com carinho, e a cozinha, onde Renata aprendeu a preparar suas primeiras refei\u00e7\u00f5es saud\u00e1veis \u2014 h\u00e1bito que levou para dentro da casa do BBB.<\/p>\n<p><strong>Inf\u00e2ncia marcada pelo amor familiar<\/strong><\/p>\n<p>Durante a visita, dona Eul\u00e1lia relembrou momentos marcantes da inf\u00e2ncia da filha. Mostrou a pra\u00e7a onde Renata brincava com os amigos do bairro, o pr\u00e9dio em que nasceu e cresceu, e destacou o quanto a filha sempre manteve os p\u00e9s no ch\u00e3o, mesmo ap\u00f3s ganhar visibilidade nacional.<\/p>\n<p>\u201cO que a gente sempre ensinou para a Renata foi que a humildade e o respeito \u00e0s nossas ra\u00edzes s\u00e3o o que nos mant\u00eam fortes. Aqui, ela aprendeu o valor da fam\u00edlia, do trabalho e dos sonhos\u201d, contou emocionada.<\/p>\n<p><strong>Do Barroso para o Brasil<\/strong><\/p>\n<p>Apesar de hoje ser milion\u00e1ria ap\u00f3s vencer o BBB25, Renata continua ligada ao seu passado e \u00e0 comunidade do Barroso. Sua hist\u00f3ria tem inspirado milhares de f\u00e3s pelo pa\u00eds, refor\u00e7ando que a for\u00e7a de vontade e o apoio familiar s\u00e3o pe\u00e7as fundamentais na constru\u00e7\u00e3o de qualquer sucesso.<\/p>\n<p>O apartamento que antes era apenas o lar de uma jovem sonhadora agora se tornou um s\u00edmbolo de conquista e perseveran\u00e7a. A hist\u00f3ria de Renata \u00e9 um lembrete de que \u00e9 poss\u00edvel alcan\u00e7ar grandes feitos sem perder a ess\u00eancia \u2014 e que os sonhos mais altos muitas vezes nascem dos lugares mais simples.<\/p>\n<p><strong>Tags:<\/strong> #BBB25, Renata, Cear\u00e1, Dona Eul\u00e1lia, Bairro do Barroso, Apartamento Simples, Gshow, Campe\u00e3 BBB25, Realidade e Fama, TV Globo<\/p>\n<h2>Quanto ganha o vice-campe\u00e3o do BBB? Veja a bolada que Guilherme levou no BBB25<\/h2>\n<p>O <em>Big Brother Brasil 25<\/em> chegou ao fim, mas uma d\u00favida ainda movimenta os f\u00e3s: <strong>quanto ganha o vice-campe\u00e3o do BBB?<\/strong> No caso da edi\u00e7\u00e3o de 2025, Guilherme, que ficou com o segundo lugar, saiu da casa mais vigiada do pa\u00eds com um valor surpreendente. Apesar de n\u00e3o ter conquistado os R$ 3 milh\u00f5es da grande vencedora Renata, ele acumulou uma s\u00e9rie de pr\u00eamios que somam mais de meio milh\u00e3o de reais.<\/p>\n<h3>Vice-campe\u00e3o do BBB25 levou R$ 150 mil em dinheiro<\/h3>\n<p>Guilherme garantiu a <strong>segunda coloca\u00e7\u00e3o na final contra Renata e Jo\u00e3o Pedro<\/strong> e, por isso, levou <strong>R$ 150 mil em dinheiro<\/strong> como pr\u00eamio oficial. Por\u00e9m, essa quantia foi apenas uma parte do total conquistado por ele ao longo do reality.<\/p>\n<h3>Pr\u00eamios que Guilherme conquistou no BBB25<\/h3>\n<p>Durante as din\u00e2micas patrocinadas e provas especiais do programa, o vice-campe\u00e3o tamb\u00e9m garantiu diversos pr\u00eamios. Confira:<\/p>\n<ul>\n<li><strong>Apartamento de R$ 260 mil<\/strong> \u2014 ganho ao vencer a Prova do L\u00edder da 9\u00aa semana.<\/li>\n<li><strong>Carro zero quil\u00f4metro (Chevrolet Spark)<\/strong> \u2014 vencido na Prova do Finalista, avaliado em cerca de R$ 160 mil.<\/li>\n<li><strong>R$ 30 mil em dinheiro<\/strong>, em din\u00e2micas patrocinadas.<\/li>\n<li><strong>R$ 5 mil em cr\u00e9ditos em aplicativo de delivery<\/strong>.<\/li>\n<\/ul>\n<p>Somando tudo, Guilherme deixou o reality com <strong>mais de R$ 600 mil em pr\u00eamios<\/strong>. Isso mostra que ser vice-campe\u00e3o no BBB pode render muito mais do que a simples premia\u00e7\u00e3o em dinheiro anunciada na final.<\/p>\n<h3>Sucesso fora da casa: Guilherme ganha mais de 1 milh\u00e3o de seguidores<\/h3>\n<p>Al\u00e9m da bolada, Guilherme tamb\u00e9m saiu do BBB25 com um enorme capital social. No Instagram, o vice-campe\u00e3o ultrapassou <strong>1 milh\u00e3o de seguidores<\/strong>, o que aumenta seu valor no mercado publicit\u00e1rio e o coloca entre os ex-BBBs mais promissores da edi\u00e7\u00e3o.<\/p>\n<h3>Ser vice-campe\u00e3o vale a pena?<\/h3>\n<p>A pergunta que n\u00e3o quer calar: <em>vale a pena ser vice no BBB?<\/em> Para Guilherme, a resposta \u00e9 clara. Com pr\u00eamios acumulados, visibilidade nacional e o in\u00edcio de uma nova carreira no entretenimento, ele mostra que <strong>n\u00e3o \u00e9 preciso vencer o reality para sair ganhando<\/strong>.<\/p>\n<hr \/>\n<p><strong>Leia tamb\u00e9m no MRNews:<\/strong><\/p>\n<ul>\n<li><a href=\"https:\/\/mrnews.com.br\/\">Quem \u00e9 Renata, campe\u00e3 do BBB25? Veja curiosidades e trajet\u00f3ria<\/a><\/li>\n<li><a href=\"https:\/\/mrnews.com.br\/\">Veja todos os pr\u00eamios que os finalistas do BBB25 levaram para casa<\/a><\/li>\n<li><a href=\"https:\/\/mrnews.com.br\/\">BBB25: quanto ganha o terceiro colocado? Saiba o valor<\/a><\/li>\n<\/ul>\n<hr \/>\n<p><strong>Palavra-chave SEO:<\/strong> <em>quanto ganha o vice campe\u00e3o do bbb<\/em><br \/>\n<strong>Tags:<\/strong> #BBB25 #GuilhermeBBB25 #ViceCampe\u00e3oBBB #Pr\u00eamiosBBB25 #RealityShow #MRNews<\/p>\n<p>&nbsp;<\/p>\n","protected":false},"excerpt":{"rendered":"<p>Renata vai dividir o pr\u00eamio do BBB25 com Eva? Campe\u00e3 se pronuncia Renata Saldanha \u00e9 a grande campe\u00e3 do BBB25, conquistando 51,90% dos votos do p\u00fablico e levando para casa um pr\u00eamio de R$ 2,7 milh\u00f5es e um carro zero quil\u00f4metro. A bailarina, que viveu uma trajet\u00f3ria emocionante dentro do reality show ao lado da &hellip;<\/p>\n","protected":false},"author":1,"featured_media":441876,"comment_status":"open","ping_status":"open","sticky":false,"template":"","format":"standard","meta":{"_jetpack_memberships_contains_paid_content":false,"footnotes":""},"categories":[2517,2302,2,3937],"tags":[13071,13069,13070,13353,13359,13075,13372,13072,12914,13073,13074],"class_list":["post-441875","post","type-post","status-publish","format-standard","has-post-thumbnail","hentry","category-a-fazenda","category-big-brother-brasil-bbb","category-entretenimento","category-resumo-de-novelas","tag-16o-paredao","tag-bbb-25","tag-enquete-bbb","tag-enquete-bbb25","tag-quanto-ganha-o-vice-campeao-do-bbb","tag-reality-show","tag-renata-do-bbb25","tag-renata-saldanha","tag-tv-globo","tag-vinicius-nascimento","tag-vitoria-strada"],"yoast_head":"<!-- This site is optimized with the Yoast SEO plugin v27.5 - https:\/\/yoast.com\/product\/yoast-seo-wordpress\/ -->\n<title>Renata vai dividir o pr\u00eamio do BBB25 com Eva? Campe\u00e3 se pronuncia<\/title>\n<meta name=\"robots\" content=\"index, follow, max-snippet:-1, max-image-preview:large, max-video-preview:-1\" \/>\n<link rel=\"canonical\" href=\"https:\/\/mrnews.com.br\/index.php\/2025\/04\/26\/renata-vai-dividir-o-premio-do-bbb25-com-eva-campea-se-pronuncia\/\" \/>\n<meta property=\"og:locale\" content=\"pt_BR\" \/>\n<meta property=\"og:type\" content=\"article\" \/>\n<meta property=\"og:title\" content=\"Renata vai dividir o pr\u00eamio do BBB25 com Eva? Campe\u00e3 se pronuncia\" \/>\n<meta property=\"og:description\" content=\"Renata vai dividir o pr\u00eamio do BBB25 com Eva? Campe\u00e3 se pronuncia Renata Saldanha \u00e9 a grande campe\u00e3 do BBB25, conquistando 51,90% dos votos do p\u00fablico e levando para casa um pr\u00eamio de R$ 2,7 milh\u00f5es e um carro zero quil\u00f4metro. A bailarina, que viveu uma trajet\u00f3ria emocionante dentro do reality show ao lado da &hellip;\" \/>\n<meta property=\"og:url\" content=\"https:\/\/mrnews.com.br\/index.php\/2025\/04\/26\/renata-vai-dividir-o-premio-do-bbb25-com-eva-campea-se-pronuncia\/\" \/>\n<meta property=\"og:site_name\" content=\"MRNews\" \/>\n<meta property=\"article:publisher\" content=\"https:\/\/www.facebook.com\/eaipahpah\/?locale2=pt_BR\" \/>\n<meta property=\"article:published_time\" content=\"2025-04-26T23:05:16+00:00\" \/>\n<meta property=\"og:image\" content=\"https:\/\/mrnews.com.br\/wp-content\/uploads\/2025\/04\/FB_IMG_1745708343203.jpg\" \/>\n\t<meta property=\"og:image:width\" content=\"1080\" \/>\n\t<meta property=\"og:image:height\" content=\"1350\" \/>\n\t<meta property=\"og:image:type\" content=\"image\/jpeg\" \/>\n<meta name=\"author\" content=\"MR News\" \/>\n<meta name=\"twitter:card\" content=\"summary_large_image\" \/>\n<meta name=\"twitter:creator\" content=\"@conspirou\" \/>\n<meta name=\"twitter:site\" content=\"@conspirou\" \/>\n<meta name=\"twitter:label1\" content=\"Escrito por\" \/>\n\t<meta name=\"twitter:data1\" content=\"MR News\" \/>\n\t<meta name=\"twitter:label2\" content=\"Est. tempo de leitura\" \/>\n\t<meta name=\"twitter:data2\" content=\"12 minutos\" \/>\n<script type=\"application\/ld+json\" class=\"yoast-schema-graph\">{\"@context\":\"https:\\\/\\\/schema.org\",\"@graph\":[{\"@type\":\"Article\",\"@id\":\"https:\\\/\\\/mrnews.com.br\\\/index.php\\\/2025\\\/04\\\/26\\\/renata-vai-dividir-o-premio-do-bbb25-com-eva-campea-se-pronuncia\\\/#article\",\"isPartOf\":{\"@id\":\"https:\\\/\\\/mrnews.com.br\\\/index.php\\\/2025\\\/04\\\/26\\\/renata-vai-dividir-o-premio-do-bbb25-com-eva-campea-se-pronuncia\\\/\"},\"author\":{\"name\":\"MR News\",\"@id\":\"https:\\\/\\\/mrnews.com.br\\\/#\\\/schema\\\/person\\\/be3203154562a9f207407861cef7827b\"},\"headline\":\"Renata vai dividir o pr\u00eamio do BBB25 com Eva? Campe\u00e3 se pronuncia\",\"datePublished\":\"2025-04-26T23:05:16+00:00\",\"mainEntityOfPage\":{\"@id\":\"https:\\\/\\\/mrnews.com.br\\\/index.php\\\/2025\\\/04\\\/26\\\/renata-vai-dividir-o-premio-do-bbb25-com-eva-campea-se-pronuncia\\\/\"},\"wordCount\":2471,\"commentCount\":0,\"publisher\":{\"@id\":\"https:\\\/\\\/mrnews.com.br\\\/#organization\"},\"image\":{\"@id\":\"https:\\\/\\\/mrnews.com.br\\\/index.php\\\/2025\\\/04\\\/26\\\/renata-vai-dividir-o-premio-do-bbb25-com-eva-campea-se-pronuncia\\\/#primaryimage\"},\"thumbnailUrl\":\"https:\\\/\\\/mrnews.com.br\\\/wp-content\\\/uploads\\\/2025\\\/04\\\/FB_IMG_1745708343203.jpg\",\"keywords\":[\"16\u00ba Pared\u00e3o\",\"BBB 25\",\"Enquete BBB\",\"Enquete bbb25\",\"quanto ganha o vice campe\u00e3o do bbb\",\"Reality Show\",\"Renata do BBB25\",\"Renata Saldanha\",\"TV Globo\",\"Vin\u00edcius Nascimento\",\"Vit\u00f3ria Strada\"],\"articleSection\":[\"A Fazenda\",\"BBB\",\"ENTRETENIMENTO\",\"Resumo de novelas\"],\"inLanguage\":\"pt-BR\",\"potentialAction\":[{\"@type\":\"CommentAction\",\"name\":\"Comment\",\"target\":[\"https:\\\/\\\/mrnews.com.br\\\/index.php\\\/2025\\\/04\\\/26\\\/renata-vai-dividir-o-premio-do-bbb25-com-eva-campea-se-pronuncia\\\/#respond\"]}]},{\"@type\":\"WebPage\",\"@id\":\"https:\\\/\\\/mrnews.com.br\\\/index.php\\\/2025\\\/04\\\/26\\\/renata-vai-dividir-o-premio-do-bbb25-com-eva-campea-se-pronuncia\\\/\",\"url\":\"https:\\\/\\\/mrnews.com.br\\\/index.php\\\/2025\\\/04\\\/26\\\/renata-vai-dividir-o-premio-do-bbb25-com-eva-campea-se-pronuncia\\\/\",\"name\":\"Renata vai dividir o pr\u00eamio do BBB25 com Eva? Campe\u00e3 se pronuncia\",\"isPartOf\":{\"@id\":\"https:\\\/\\\/mrnews.com.br\\\/#website\"},\"primaryImageOfPage\":{\"@id\":\"https:\\\/\\\/mrnews.com.br\\\/index.php\\\/2025\\\/04\\\/26\\\/renata-vai-dividir-o-premio-do-bbb25-com-eva-campea-se-pronuncia\\\/#primaryimage\"},\"image\":{\"@id\":\"https:\\\/\\\/mrnews.com.br\\\/index.php\\\/2025\\\/04\\\/26\\\/renata-vai-dividir-o-premio-do-bbb25-com-eva-campea-se-pronuncia\\\/#primaryimage\"},\"thumbnailUrl\":\"https:\\\/\\\/mrnews.com.br\\\/wp-content\\\/uploads\\\/2025\\\/04\\\/FB_IMG_1745708343203.jpg\",\"datePublished\":\"2025-04-26T23:05:16+00:00\",\"breadcrumb\":{\"@id\":\"https:\\\/\\\/mrnews.com.br\\\/index.php\\\/2025\\\/04\\\/26\\\/renata-vai-dividir-o-premio-do-bbb25-com-eva-campea-se-pronuncia\\\/#breadcrumb\"},\"inLanguage\":\"pt-BR\",\"potentialAction\":[{\"@type\":\"ReadAction\",\"target\":[\"https:\\\/\\\/mrnews.com.br\\\/index.php\\\/2025\\\/04\\\/26\\\/renata-vai-dividir-o-premio-do-bbb25-com-eva-campea-se-pronuncia\\\/\"]}]},{\"@type\":\"ImageObject\",\"inLanguage\":\"pt-BR\",\"@id\":\"https:\\\/\\\/mrnews.com.br\\\/index.php\\\/2025\\\/04\\\/26\\\/renata-vai-dividir-o-premio-do-bbb25-com-eva-campea-se-pronuncia\\\/#primaryimage\",\"url\":\"https:\\\/\\\/mrnews.com.br\\\/wp-content\\\/uploads\\\/2025\\\/04\\\/FB_IMG_1745708343203.jpg\",\"contentUrl\":\"https:\\\/\\\/mrnews.com.br\\\/wp-content\\\/uploads\\\/2025\\\/04\\\/FB_IMG_1745708343203.jpg\",\"width\":1080,\"height\":1350},{\"@type\":\"BreadcrumbList\",\"@id\":\"https:\\\/\\\/mrnews.com.br\\\/index.php\\\/2025\\\/04\\\/26\\\/renata-vai-dividir-o-premio-do-bbb25-com-eva-campea-se-pronuncia\\\/#breadcrumb\",\"itemListElement\":[{\"@type\":\"ListItem\",\"position\":1,\"name\":\"In\u00edcio\",\"item\":\"https:\\\/\\\/mrnews.com.br\\\/\"},{\"@type\":\"ListItem\",\"position\":2,\"name\":\"Renata vai dividir o pr\u00eamio do BBB25 com Eva? Campe\u00e3 se pronuncia\"}]},{\"@type\":\"WebSite\",\"@id\":\"https:\\\/\\\/mrnews.com.br\\\/#website\",\"url\":\"https:\\\/\\\/mrnews.com.br\\\/\",\"name\":\"MRNews\",\"description\":\"MRNews Jogos de hoje da TV, transmiss\u00f5es ao vivo, Not\u00edcias de futebol, Jogos ao vivo, Lives, resumo de novelas, Programa\u00e7\u00e3o da Globo, A Fazenda e BBB\",\"publisher\":{\"@id\":\"https:\\\/\\\/mrnews.com.br\\\/#organization\"},\"potentialAction\":[{\"@type\":\"SearchAction\",\"target\":{\"@type\":\"EntryPoint\",\"urlTemplate\":\"https:\\\/\\\/mrnews.com.br\\\/?s={search_term_string}\"},\"query-input\":{\"@type\":\"PropertyValueSpecification\",\"valueRequired\":true,\"valueName\":\"search_term_string\"}}],\"inLanguage\":\"pt-BR\"},{\"@type\":\"Organization\",\"@id\":\"https:\\\/\\\/mrnews.com.br\\\/#organization\",\"name\":\"MRNews\",\"url\":\"https:\\\/\\\/mrnews.com.br\\\/\",\"logo\":{\"@type\":\"ImageObject\",\"inLanguage\":\"pt-BR\",\"@id\":\"https:\\\/\\\/mrnews.com.br\\\/#\\\/schema\\\/logo\\\/image\\\/\",\"url\":\"https:\\\/\\\/mrnews.com.br\\\/wp-content\\\/uploads\\\/2019\\\/06\\\/MRNewslogo2.png\",\"contentUrl\":\"https:\\\/\\\/mrnews.com.br\\\/wp-content\\\/uploads\\\/2019\\\/06\\\/MRNewslogo2.png\",\"width\":223,\"height\":58,\"caption\":\"MRNews\"},\"image\":{\"@id\":\"https:\\\/\\\/mrnews.com.br\\\/#\\\/schema\\\/logo\\\/image\\\/\"},\"sameAs\":[\"https:\\\/\\\/www.facebook.com\\\/eaipahpah\\\/?locale2=pt_BR\",\"https:\\\/\\\/x.com\\\/conspirou\",\"https:\\\/\\\/www.instagram.com\\\/eai_pahpah\",\"https:\\\/\\\/br.pinterest.com\\\/mrnewsn\\\/boards\\\/\",\"https:\\\/\\\/www.youtube.com\\\/channel\\\/UCacgnpznQ61fifLWr1tQ-vA?view_as=subscriber\"]},{\"@type\":\"Person\",\"@id\":\"https:\\\/\\\/mrnews.com.br\\\/#\\\/schema\\\/person\\\/be3203154562a9f207407861cef7827b\",\"name\":\"MR News\",\"image\":{\"@type\":\"ImageObject\",\"inLanguage\":\"pt-BR\",\"@id\":\"https:\\\/\\\/secure.gravatar.com\\\/avatar\\\/04084e6d73c042b8646e7c17b494073bf0ede3ea13c7105cfc45cbbbc28385a4?s=96&d=monsterid&r=g\",\"url\":\"https:\\\/\\\/secure.gravatar.com\\\/avatar\\\/04084e6d73c042b8646e7c17b494073bf0ede3ea13c7105cfc45cbbbc28385a4?s=96&d=monsterid&r=g\",\"contentUrl\":\"https:\\\/\\\/secure.gravatar.com\\\/avatar\\\/04084e6d73c042b8646e7c17b494073bf0ede3ea13c7105cfc45cbbbc28385a4?s=96&d=monsterid&r=g\",\"caption\":\"MR News\"},\"description\":\"Especializado em jornalismo colaborativo pela FTP em n\u00edvel de p\u00f3s-gradua\u00e7\u00e3o. suporte@oimeliga.combr\",\"sameAs\":[\"HUGO R.\",\"Admin\"],\"url\":\"https:\\\/\\\/mrnews.com.br\\\/index.php\\\/author\\\/admin\\\/\"}]}<\/script>\n<!-- \/ Yoast SEO plugin. -->","yoast_head_json":{"title":"Renata vai dividir o pr\u00eamio do BBB25 com Eva? Campe\u00e3 se pronuncia","robots":{"index":"index","follow":"follow","max-snippet":"max-snippet:-1","max-image-preview":"max-image-preview:large","max-video-preview":"max-video-preview:-1"},"canonical":"https:\/\/mrnews.com.br\/index.php\/2025\/04\/26\/renata-vai-dividir-o-premio-do-bbb25-com-eva-campea-se-pronuncia\/","og_locale":"pt_BR","og_type":"article","og_title":"Renata vai dividir o pr\u00eamio do BBB25 com Eva? Campe\u00e3 se pronuncia","og_description":"Renata vai dividir o pr\u00eamio do BBB25 com Eva? Campe\u00e3 se pronuncia Renata Saldanha \u00e9 a grande campe\u00e3 do BBB25, conquistando 51,90% dos votos do p\u00fablico e levando para casa um pr\u00eamio de R$ 2,7 milh\u00f5es e um carro zero quil\u00f4metro. A bailarina, que viveu uma trajet\u00f3ria emocionante dentro do reality show ao lado da &hellip;","og_url":"https:\/\/mrnews.com.br\/index.php\/2025\/04\/26\/renata-vai-dividir-o-premio-do-bbb25-com-eva-campea-se-pronuncia\/","og_site_name":"MRNews","article_publisher":"https:\/\/www.facebook.com\/eaipahpah\/?locale2=pt_BR","article_published_time":"2025-04-26T23:05:16+00:00","og_image":[{"width":1080,"height":1350,"url":"https:\/\/mrnews.com.br\/wp-content\/uploads\/2025\/04\/FB_IMG_1745708343203.jpg","type":"image\/jpeg"}],"author":"MR News","twitter_card":"summary_large_image","twitter_creator":"@conspirou","twitter_site":"@conspirou","twitter_misc":{"Escrito por":"MR News","Est. tempo de leitura":"12 minutos"},"schema":{"@context":"https:\/\/schema.org","@graph":[{"@type":"Article","@id":"https:\/\/mrnews.com.br\/index.php\/2025\/04\/26\/renata-vai-dividir-o-premio-do-bbb25-com-eva-campea-se-pronuncia\/#article","isPartOf":{"@id":"https:\/\/mrnews.com.br\/index.php\/2025\/04\/26\/renata-vai-dividir-o-premio-do-bbb25-com-eva-campea-se-pronuncia\/"},"author":{"name":"MR News","@id":"https:\/\/mrnews.com.br\/#\/schema\/person\/be3203154562a9f207407861cef7827b"},"headline":"Renata vai dividir o pr\u00eamio do BBB25 com Eva? Campe\u00e3 se pronuncia","datePublished":"2025-04-26T23:05:16+00:00","mainEntityOfPage":{"@id":"https:\/\/mrnews.com.br\/index.php\/2025\/04\/26\/renata-vai-dividir-o-premio-do-bbb25-com-eva-campea-se-pronuncia\/"},"wordCount":2471,"commentCount":0,"publisher":{"@id":"https:\/\/mrnews.com.br\/#organization"},"image":{"@id":"https:\/\/mrnews.com.br\/index.php\/2025\/04\/26\/renata-vai-dividir-o-premio-do-bbb25-com-eva-campea-se-pronuncia\/#primaryimage"},"thumbnailUrl":"https:\/\/mrnews.com.br\/wp-content\/uploads\/2025\/04\/FB_IMG_1745708343203.jpg","keywords":["16\u00ba Pared\u00e3o","BBB 25","Enquete BBB","Enquete bbb25","quanto ganha o vice campe\u00e3o do bbb","Reality Show","Renata do BBB25","Renata Saldanha","TV Globo","Vin\u00edcius Nascimento","Vit\u00f3ria Strada"],"articleSection":["A Fazenda","BBB","ENTRETENIMENTO","Resumo de novelas"],"inLanguage":"pt-BR","potentialAction":[{"@type":"CommentAction","name":"Comment","target":["https:\/\/mrnews.com.br\/index.php\/2025\/04\/26\/renata-vai-dividir-o-premio-do-bbb25-com-eva-campea-se-pronuncia\/#respond"]}]},{"@type":"WebPage","@id":"https:\/\/mrnews.com.br\/index.php\/2025\/04\/26\/renata-vai-dividir-o-premio-do-bbb25-com-eva-campea-se-pronuncia\/","url":"https:\/\/mrnews.com.br\/index.php\/2025\/04\/26\/renata-vai-dividir-o-premio-do-bbb25-com-eva-campea-se-pronuncia\/","name":"Renata vai dividir o pr\u00eamio do BBB25 com Eva? Campe\u00e3 se pronuncia","isPartOf":{"@id":"https:\/\/mrnews.com.br\/#website"},"primaryImageOfPage":{"@id":"https:\/\/mrnews.com.br\/index.php\/2025\/04\/26\/renata-vai-dividir-o-premio-do-bbb25-com-eva-campea-se-pronuncia\/#primaryimage"},"image":{"@id":"https:\/\/mrnews.com.br\/index.php\/2025\/04\/26\/renata-vai-dividir-o-premio-do-bbb25-com-eva-campea-se-pronuncia\/#primaryimage"},"thumbnailUrl":"https:\/\/mrnews.com.br\/wp-content\/uploads\/2025\/04\/FB_IMG_1745708343203.jpg","datePublished":"2025-04-26T23:05:16+00:00","breadcrumb":{"@id":"https:\/\/mrnews.com.br\/index.php\/2025\/04\/26\/renata-vai-dividir-o-premio-do-bbb25-com-eva-campea-se-pronuncia\/#breadcrumb"},"inLanguage":"pt-BR","potentialAction":[{"@type":"ReadAction","target":["https:\/\/mrnews.com.br\/index.php\/2025\/04\/26\/renata-vai-dividir-o-premio-do-bbb25-com-eva-campea-se-pronuncia\/"]}]},{"@type":"ImageObject","inLanguage":"pt-BR","@id":"https:\/\/mrnews.com.br\/index.php\/2025\/04\/26\/renata-vai-dividir-o-premio-do-bbb25-com-eva-campea-se-pronuncia\/#primaryimage","url":"https:\/\/mrnews.com.br\/wp-content\/uploads\/2025\/04\/FB_IMG_1745708343203.jpg","contentUrl":"https:\/\/mrnews.com.br\/wp-content\/uploads\/2025\/04\/FB_IMG_1745708343203.jpg","width":1080,"height":1350},{"@type":"BreadcrumbList","@id":"https:\/\/mrnews.com.br\/index.php\/2025\/04\/26\/renata-vai-dividir-o-premio-do-bbb25-com-eva-campea-se-pronuncia\/#breadcrumb","itemListElement":[{"@type":"ListItem","position":1,"name":"In\u00edcio","item":"https:\/\/mrnews.com.br\/"},{"@type":"ListItem","position":2,"name":"Renata vai dividir o pr\u00eamio do BBB25 com Eva? Campe\u00e3 se pronuncia"}]},{"@type":"WebSite","@id":"https:\/\/mrnews.com.br\/#website","url":"https:\/\/mrnews.com.br\/","name":"MRNews","description":"MRNews Jogos de hoje da TV, transmiss\u00f5es ao vivo, Not\u00edcias de futebol, Jogos ao vivo, Lives, resumo de novelas, Programa\u00e7\u00e3o da Globo, A Fazenda e BBB","publisher":{"@id":"https:\/\/mrnews.com.br\/#organization"},"potentialAction":[{"@type":"SearchAction","target":{"@type":"EntryPoint","urlTemplate":"https:\/\/mrnews.com.br\/?s={search_term_string}"},"query-input":{"@type":"PropertyValueSpecification","valueRequired":true,"valueName":"search_term_string"}}],"inLanguage":"pt-BR"},{"@type":"Organization","@id":"https:\/\/mrnews.com.br\/#organization","name":"MRNews","url":"https:\/\/mrnews.com.br\/","logo":{"@type":"ImageObject","inLanguage":"pt-BR","@id":"https:\/\/mrnews.com.br\/#\/schema\/logo\/image\/","url":"https:\/\/mrnews.com.br\/wp-content\/uploads\/2019\/06\/MRNewslogo2.png","contentUrl":"https:\/\/mrnews.com.br\/wp-content\/uploads\/2019\/06\/MRNewslogo2.png","width":223,"height":58,"caption":"MRNews"},"image":{"@id":"https:\/\/mrnews.com.br\/#\/schema\/logo\/image\/"},"sameAs":["https:\/\/www.facebook.com\/eaipahpah\/?locale2=pt_BR","https:\/\/x.com\/conspirou","https:\/\/www.instagram.com\/eai_pahpah","https:\/\/br.pinterest.com\/mrnewsn\/boards\/","https:\/\/www.youtube.com\/channel\/UCacgnpznQ61fifLWr1tQ-vA?view_as=subscriber"]},{"@type":"Person","@id":"https:\/\/mrnews.com.br\/#\/schema\/person\/be3203154562a9f207407861cef7827b","name":"MR News","image":{"@type":"ImageObject","inLanguage":"pt-BR","@id":"https:\/\/secure.gravatar.com\/avatar\/04084e6d73c042b8646e7c17b494073bf0ede3ea13c7105cfc45cbbbc28385a4?s=96&d=monsterid&r=g","url":"https:\/\/secure.gravatar.com\/avatar\/04084e6d73c042b8646e7c17b494073bf0ede3ea13c7105cfc45cbbbc28385a4?s=96&d=monsterid&r=g","contentUrl":"https:\/\/secure.gravatar.com\/avatar\/04084e6d73c042b8646e7c17b494073bf0ede3ea13c7105cfc45cbbbc28385a4?s=96&d=monsterid&r=g","caption":"MR News"},"description":"Especializado em jornalismo colaborativo pela FTP em n\u00edvel de p\u00f3s-gradua\u00e7\u00e3o. suporte@oimeliga.combr","sameAs":["HUGO R.","Admin"],"url":"https:\/\/mrnews.com.br\/index.php\/author\/admin\/"}]}},"jetpack_featured_media_url":"https:\/\/mrnews.com.br\/wp-content\/uploads\/2025\/04\/FB_IMG_1745708343203.jpg","jetpack_sharing_enabled":true,"jetpack_shortlink":"https:\/\/wp.me\/pa2Qf7-1QX1","amp_enabled":true,"_links":{"self":[{"href":"https:\/\/mrnews.com.br\/index.php\/wp-json\/wp\/v2\/posts\/441875","targetHints":{"allow":["GET"]}}],"collection":[{"href":"https:\/\/mrnews.com.br\/index.php\/wp-json\/wp\/v2\/posts"}],"about":[{"href":"https:\/\/mrnews.com.br\/index.php\/wp-json\/wp\/v2\/types\/post"}],"author":[{"embeddable":true,"href":"https:\/\/mrnews.com.br\/index.php\/wp-json\/wp\/v2\/users\/1"}],"replies":[{"embeddable":true,"href":"https:\/\/mrnews.com.br\/index.php\/wp-json\/wp\/v2\/comments?post=441875"}],"version-history":[{"count":1,"href":"https:\/\/mrnews.com.br\/index.php\/wp-json\/wp\/v2\/posts\/441875\/revisions"}],"predecessor-version":[{"id":441877,"href":"https:\/\/mrnews.com.br\/index.php\/wp-json\/wp\/v2\/posts\/441875\/revisions\/441877"}],"wp:featuredmedia":[{"embeddable":true,"href":"https:\/\/mrnews.com.br\/index.php\/wp-json\/wp\/v2\/media\/441876"}],"wp:attachment":[{"href":"https:\/\/mrnews.com.br\/index.php\/wp-json\/wp\/v2\/media?parent=441875"}],"wp:term":[{"taxonomy":"category","embeddable":true,"href":"https:\/\/mrnews.com.br\/index.php\/wp-json\/wp\/v2\/categories?post=441875"},{"taxonomy":"post_tag","embeddable":true,"href":"https:\/\/mrnews.com.br\/index.php\/wp-json\/wp\/v2\/tags?post=441875"}],"curies":[{"name":"wp","href":"https:\/\/api.w.org\/{rel}","templated":true}]}}