{"id":441885,"date":"2025-04-26T22:28:43","date_gmt":"2025-04-27T01:28:43","guid":{"rendered":"https:\/\/mrnews.com.br\/index.php\/2025\/04\/26\/tariff-and-environmental-fund-are-brics-chancealers-priorities\/"},"modified":"2025-04-26T22:28:43","modified_gmt":"2025-04-27T01:28:43","slug":"tariff-and-environmental-fund-are-brics-chancealers-priorities","status":"publish","type":"post","link":"https:\/\/mrnews.com.br\/index.php\/2025\/04\/26\/tariff-and-environmental-fund-are-brics-chancealers-priorities\/","title":{"rendered":"Tariff and Environmental Fund are BRICS Chancealers Priorities"},"content":{"rendered":"<p>Por EBC, <\/p>\n<div>\n<p>Face the commercial and tariff crisis, and press rich countries to increase investments in climate change funds. These are two priority themes for the Brazilian presidency of BRICS to be addressed in the <strong>Meeting between the chancelors of the countries that make up the bloc, on the 28th and 29th, in Rio de Janeiro.<\/strong><\/p>\n<p>So far, the<strong> Group consists of 11 members: South Africa, Brazil, China, Egypt, United Arab Emirates, Ethiopia, Indonesia, India, Iran, Russia and Saudi Arabia<\/strong>. The latter has the status of a invited member, as it has not yet completed the last step in adhesion. In addition to these, other countries are attended by meetings as guests.<\/p>\n<p>A preview of the matters that will be dealt with at next week&#39;s meeting was presented on Saturday (26) by the Secretary of Economic and Financial Affairs of the Ministry of Foreign Affairs and Sherpa do Brasil at BRICS, ambassador Mauricio Carvalho Lyrio.<\/p>\n<blockquote>\n<p>&#8220;Our support is full to the multilateral trade system, based on concessions made by different countries. Ministers are negotiating to issue a statement reaffirming the centrality of multilateral trade negotiations. And they should reinforce, as they always did, criticism of the unilateral measures of any origin,&#8221; said Lyrio.<\/p>\n<\/blockquote>\n<h2>Tariff war<\/h2>\n<p>Even without specifically citing the United States, the ambassador referred to the current tariff impositions of Donald Trump&#39;s government on other countries, with a special focus on China. <\/p>\n<p><strong>Brazil sees BRICS as another opportunity to oppose this kind of American measure.<\/strong><\/p>\n<p><strong>Lyrio highlighted the importance of strengthening the World Trade Organization (WTO), as a mediator of global conflicts<\/strong>. He considered a &#8220;chronic problem&#8221; that the appeal body (OA), responsible for decisions in the second instance, has been paralyzed since 2019, when the US began to block nominations of new judges.<\/p>\n<p>&#8220;This deprives the multilateral system of the instrument used to resolve controversy. This does not prevent countries that are interested in solutions in two instances organize. Brazil is part of a group that has weight partners such as Japan, Canada and the European Union, which is committed to having an appeal with judges indicated by the countries themselves. Unfortunately we only have this parallel system. Lyrio.<\/p>\n<h2>Environmental Fund<\/h2>\n<p>As headquarters of the 30th United Nations Conference on Climate Change of 2025 (COP30), the <strong>Brazil also intends to bring to the center of the BRICS discussions of climate change financing issues<\/strong>.<\/p>\n<p><strong>Among the proposals is the creation of the Fund Forests Forever (TFFF), aiming to move low carbon economies. <\/strong>Rich countries, with a polluting history far superior to the others, would have to commit to investing more resources in maintaining the fund.<\/p>\n<blockquote>\n<p>\u201cWe are negotiating to BRICS leaders a statement about financing the fight against climate change,\u201d said Lyrio. <\/p>\n<\/blockquote>\n<p>&#8220;The TFFF is a theme we have been discussing. What is not on the agenda is the revision of the model that predicts some countries formally pay for the energy transition, while the others can voluntarily finance. This distinction is fundamental. And Brazil is sympathetic to emerging countries, because the Paris agreement predicts that rich countries, which have more polluted over time, assume financial obligation to combat climate change.&#8221;<\/p>\n<h2>Brazilian presidency<\/h2>\n<p>Under the Brazilian presidency, BRICS has held four ministerial meetings and about 80 technical meetings so far. <strong>The BRICS summit meeting in 2025 is scheduled for July 6 and 7, also in Rio de Janeiro.<\/strong><\/p>\n<p>April 28 and 29 sessions will be chaired by the Minister of Foreign Affairs, Mauro Vieira. <strong>Three sessions are foreseen, in which the chancers have the role of preparing the decisions that will be made by the leaders of the member countries the final summit.<\/strong><\/p>\n<p><strong>Among the expected themes are the role of BRICS in global challenges and regional crises, the commitment to work for peace and resolution of geopolitical conflicts, reform of global governance and international regimes, the role of the global south in the reinforcement of multilateralism, health, trade, climate change and poverty confrontation.<\/strong><\/p>\n<p>Minister Mauro Vieira also has an agenda full of bilateral meetings with chancers from other countries such as Indonesia, Russia, Thailand, China, Cuba, Nigeria and Ethiopia.<\/p>\n<\/p>\n<p>      <!-- Relacionada --><\/p>\n<p>            <!-- Relacionada -->\n    <\/div>\n","protected":false},"excerpt":{"rendered":"<p>Por EBC, Face the commercial and tariff crisis, and press rich countries to increase investments in climate change funds. These are two priority themes for the Brazilian presidency of BRICS to be addressed in the Meeting between the chancelors of the countries that make up the bloc, on the 28th and 29th, in Rio de &hellip;<\/p>\n","protected":false},"author":1,"featured_media":0,"comment_status":"open","ping_status":"open","sticky":false,"template":"","format":"standard","meta":{"_jetpack_memberships_contains_paid_content":false,"footnotes":""},"categories":[2,12225,4],"tags":[],"class_list":["post-441885","post","type-post","status-publish","format-standard","hentry","category-entretenimento","category-noticias","category-servicos"],"yoast_head":"<!-- This site is optimized with the Yoast SEO plugin v27.5 - https:\/\/yoast.com\/product\/yoast-seo-wordpress\/ -->\n<title>Tariff and Environmental Fund are BRICS Chancealers Priorities<\/title>\n<meta name=\"robots\" content=\"index, follow, max-snippet:-1, max-image-preview:large, max-video-preview:-1\" \/>\n<link rel=\"canonical\" href=\"https:\/\/mrnews.com.br\/index.php\/2025\/04\/26\/tariff-and-environmental-fund-are-brics-chancealers-priorities\/\" \/>\n<meta property=\"og:locale\" content=\"pt_BR\" \/>\n<meta property=\"og:type\" content=\"article\" \/>\n<meta property=\"og:title\" content=\"Tariff and Environmental Fund are BRICS Chancealers Priorities\" \/>\n<meta property=\"og:description\" content=\"Por EBC, Face the commercial and tariff crisis, and press rich countries to increase investments in climate change funds. These are two priority themes for the Brazilian presidency of BRICS to be addressed in the Meeting between the chancelors of the countries that make up the bloc, on the 28th and 29th, in Rio de &hellip;\" \/>\n<meta property=\"og:url\" content=\"https:\/\/mrnews.com.br\/index.php\/2025\/04\/26\/tariff-and-environmental-fund-are-brics-chancealers-priorities\/\" \/>\n<meta property=\"og:site_name\" content=\"MRNews\" \/>\n<meta property=\"article:publisher\" content=\"https:\/\/www.facebook.com\/eaipahpah\/?locale2=pt_BR\" \/>\n<meta property=\"article:published_time\" content=\"2025-04-27T01:28:43+00:00\" \/>\n<meta name=\"author\" content=\"MR News\" \/>\n<meta name=\"twitter:card\" content=\"summary_large_image\" \/>\n<meta name=\"twitter:creator\" content=\"@conspirou\" \/>\n<meta name=\"twitter:site\" content=\"@conspirou\" \/>\n<meta name=\"twitter:label1\" content=\"Escrito por\" \/>\n\t<meta name=\"twitter:data1\" content=\"MR News\" \/>\n\t<meta name=\"twitter:label2\" content=\"Est. tempo de leitura\" \/>\n\t<meta name=\"twitter:data2\" content=\"3 minutos\" \/>\n<script type=\"application\/ld+json\" class=\"yoast-schema-graph\">{\"@context\":\"https:\\\/\\\/schema.org\",\"@graph\":[{\"@type\":\"Article\",\"@id\":\"https:\\\/\\\/mrnews.com.br\\\/index.php\\\/2025\\\/04\\\/26\\\/tariff-and-environmental-fund-are-brics-chancealers-priorities\\\/#article\",\"isPartOf\":{\"@id\":\"https:\\\/\\\/mrnews.com.br\\\/index.php\\\/2025\\\/04\\\/26\\\/tariff-and-environmental-fund-are-brics-chancealers-priorities\\\/\"},\"author\":{\"name\":\"MR News\",\"@id\":\"https:\\\/\\\/mrnews.com.br\\\/#\\\/schema\\\/person\\\/be3203154562a9f207407861cef7827b\"},\"headline\":\"Tariff and Environmental Fund are BRICS Chancealers Priorities\",\"datePublished\":\"2025-04-27T01:28:43+00:00\",\"mainEntityOfPage\":{\"@id\":\"https:\\\/\\\/mrnews.com.br\\\/index.php\\\/2025\\\/04\\\/26\\\/tariff-and-environmental-fund-are-brics-chancealers-priorities\\\/\"},\"wordCount\":681,\"commentCount\":0,\"publisher\":{\"@id\":\"https:\\\/\\\/mrnews.com.br\\\/#organization\"},\"articleSection\":[\"ENTRETENIMENTO\",\"NOTICIAS\",\"SERVI\u00c7OS\"],\"inLanguage\":\"pt-BR\",\"potentialAction\":[{\"@type\":\"CommentAction\",\"name\":\"Comment\",\"target\":[\"https:\\\/\\\/mrnews.com.br\\\/index.php\\\/2025\\\/04\\\/26\\\/tariff-and-environmental-fund-are-brics-chancealers-priorities\\\/#respond\"]}]},{\"@type\":\"WebPage\",\"@id\":\"https:\\\/\\\/mrnews.com.br\\\/index.php\\\/2025\\\/04\\\/26\\\/tariff-and-environmental-fund-are-brics-chancealers-priorities\\\/\",\"url\":\"https:\\\/\\\/mrnews.com.br\\\/index.php\\\/2025\\\/04\\\/26\\\/tariff-and-environmental-fund-are-brics-chancealers-priorities\\\/\",\"name\":\"Tariff and Environmental Fund are BRICS Chancealers Priorities\",\"isPartOf\":{\"@id\":\"https:\\\/\\\/mrnews.com.br\\\/#website\"},\"datePublished\":\"2025-04-27T01:28:43+00:00\",\"breadcrumb\":{\"@id\":\"https:\\\/\\\/mrnews.com.br\\\/index.php\\\/2025\\\/04\\\/26\\\/tariff-and-environmental-fund-are-brics-chancealers-priorities\\\/#breadcrumb\"},\"inLanguage\":\"pt-BR\",\"potentialAction\":[{\"@type\":\"ReadAction\",\"target\":[\"https:\\\/\\\/mrnews.com.br\\\/index.php\\\/2025\\\/04\\\/26\\\/tariff-and-environmental-fund-are-brics-chancealers-priorities\\\/\"]}]},{\"@type\":\"BreadcrumbList\",\"@id\":\"https:\\\/\\\/mrnews.com.br\\\/index.php\\\/2025\\\/04\\\/26\\\/tariff-and-environmental-fund-are-brics-chancealers-priorities\\\/#breadcrumb\",\"itemListElement\":[{\"@type\":\"ListItem\",\"position\":1,\"name\":\"In\u00edcio\",\"item\":\"https:\\\/\\\/mrnews.com.br\\\/\"},{\"@type\":\"ListItem\",\"position\":2,\"name\":\"Tariff and Environmental Fund are BRICS Chancealers Priorities\"}]},{\"@type\":\"WebSite\",\"@id\":\"https:\\\/\\\/mrnews.com.br\\\/#website\",\"url\":\"https:\\\/\\\/mrnews.com.br\\\/\",\"name\":\"MRNews\",\"description\":\"MRNews Jogos de hoje da TV, transmiss\u00f5es ao vivo, Not\u00edcias de futebol, Jogos ao vivo, Lives, resumo de novelas, Programa\u00e7\u00e3o da Globo, A Fazenda e BBB\",\"publisher\":{\"@id\":\"https:\\\/\\\/mrnews.com.br\\\/#organization\"},\"potentialAction\":[{\"@type\":\"SearchAction\",\"target\":{\"@type\":\"EntryPoint\",\"urlTemplate\":\"https:\\\/\\\/mrnews.com.br\\\/?s={search_term_string}\"},\"query-input\":{\"@type\":\"PropertyValueSpecification\",\"valueRequired\":true,\"valueName\":\"search_term_string\"}}],\"inLanguage\":\"pt-BR\"},{\"@type\":\"Organization\",\"@id\":\"https:\\\/\\\/mrnews.com.br\\\/#organization\",\"name\":\"MRNews\",\"url\":\"https:\\\/\\\/mrnews.com.br\\\/\",\"logo\":{\"@type\":\"ImageObject\",\"inLanguage\":\"pt-BR\",\"@id\":\"https:\\\/\\\/mrnews.com.br\\\/#\\\/schema\\\/logo\\\/image\\\/\",\"url\":\"https:\\\/\\\/mrnews.com.br\\\/wp-content\\\/uploads\\\/2019\\\/06\\\/MRNewslogo2.png\",\"contentUrl\":\"https:\\\/\\\/mrnews.com.br\\\/wp-content\\\/uploads\\\/2019\\\/06\\\/MRNewslogo2.png\",\"width\":223,\"height\":58,\"caption\":\"MRNews\"},\"image\":{\"@id\":\"https:\\\/\\\/mrnews.com.br\\\/#\\\/schema\\\/logo\\\/image\\\/\"},\"sameAs\":[\"https:\\\/\\\/www.facebook.com\\\/eaipahpah\\\/?locale2=pt_BR\",\"https:\\\/\\\/x.com\\\/conspirou\",\"https:\\\/\\\/www.instagram.com\\\/eai_pahpah\",\"https:\\\/\\\/br.pinterest.com\\\/mrnewsn\\\/boards\\\/\",\"https:\\\/\\\/www.youtube.com\\\/channel\\\/UCacgnpznQ61fifLWr1tQ-vA?view_as=subscriber\"]},{\"@type\":\"Person\",\"@id\":\"https:\\\/\\\/mrnews.com.br\\\/#\\\/schema\\\/person\\\/be3203154562a9f207407861cef7827b\",\"name\":\"MR News\",\"image\":{\"@type\":\"ImageObject\",\"inLanguage\":\"pt-BR\",\"@id\":\"https:\\\/\\\/secure.gravatar.com\\\/avatar\\\/04084e6d73c042b8646e7c17b494073bf0ede3ea13c7105cfc45cbbbc28385a4?s=96&d=monsterid&r=g\",\"url\":\"https:\\\/\\\/secure.gravatar.com\\\/avatar\\\/04084e6d73c042b8646e7c17b494073bf0ede3ea13c7105cfc45cbbbc28385a4?s=96&d=monsterid&r=g\",\"contentUrl\":\"https:\\\/\\\/secure.gravatar.com\\\/avatar\\\/04084e6d73c042b8646e7c17b494073bf0ede3ea13c7105cfc45cbbbc28385a4?s=96&d=monsterid&r=g\",\"caption\":\"MR News\"},\"description\":\"Especializado em jornalismo colaborativo pela FTP em n\u00edvel de p\u00f3s-gradua\u00e7\u00e3o. suporte@oimeliga.combr\",\"sameAs\":[\"HUGO R.\",\"Admin\"],\"url\":\"https:\\\/\\\/mrnews.com.br\\\/index.php\\\/author\\\/admin\\\/\"}]}<\/script>\n<!-- \/ Yoast SEO plugin. -->","yoast_head_json":{"title":"Tariff and Environmental Fund are BRICS Chancealers Priorities","robots":{"index":"index","follow":"follow","max-snippet":"max-snippet:-1","max-image-preview":"max-image-preview:large","max-video-preview":"max-video-preview:-1"},"canonical":"https:\/\/mrnews.com.br\/index.php\/2025\/04\/26\/tariff-and-environmental-fund-are-brics-chancealers-priorities\/","og_locale":"pt_BR","og_type":"article","og_title":"Tariff and Environmental Fund are BRICS Chancealers Priorities","og_description":"Por EBC, Face the commercial and tariff crisis, and press rich countries to increase investments in climate change funds. These are two priority themes for the Brazilian presidency of BRICS to be addressed in the Meeting between the chancelors of the countries that make up the bloc, on the 28th and 29th, in Rio de &hellip;","og_url":"https:\/\/mrnews.com.br\/index.php\/2025\/04\/26\/tariff-and-environmental-fund-are-brics-chancealers-priorities\/","og_site_name":"MRNews","article_publisher":"https:\/\/www.facebook.com\/eaipahpah\/?locale2=pt_BR","article_published_time":"2025-04-27T01:28:43+00:00","author":"MR News","twitter_card":"summary_large_image","twitter_creator":"@conspirou","twitter_site":"@conspirou","twitter_misc":{"Escrito por":"MR News","Est. tempo de leitura":"3 minutos"},"schema":{"@context":"https:\/\/schema.org","@graph":[{"@type":"Article","@id":"https:\/\/mrnews.com.br\/index.php\/2025\/04\/26\/tariff-and-environmental-fund-are-brics-chancealers-priorities\/#article","isPartOf":{"@id":"https:\/\/mrnews.com.br\/index.php\/2025\/04\/26\/tariff-and-environmental-fund-are-brics-chancealers-priorities\/"},"author":{"name":"MR News","@id":"https:\/\/mrnews.com.br\/#\/schema\/person\/be3203154562a9f207407861cef7827b"},"headline":"Tariff and Environmental Fund are BRICS Chancealers Priorities","datePublished":"2025-04-27T01:28:43+00:00","mainEntityOfPage":{"@id":"https:\/\/mrnews.com.br\/index.php\/2025\/04\/26\/tariff-and-environmental-fund-are-brics-chancealers-priorities\/"},"wordCount":681,"commentCount":0,"publisher":{"@id":"https:\/\/mrnews.com.br\/#organization"},"articleSection":["ENTRETENIMENTO","NOTICIAS","SERVI\u00c7OS"],"inLanguage":"pt-BR","potentialAction":[{"@type":"CommentAction","name":"Comment","target":["https:\/\/mrnews.com.br\/index.php\/2025\/04\/26\/tariff-and-environmental-fund-are-brics-chancealers-priorities\/#respond"]}]},{"@type":"WebPage","@id":"https:\/\/mrnews.com.br\/index.php\/2025\/04\/26\/tariff-and-environmental-fund-are-brics-chancealers-priorities\/","url":"https:\/\/mrnews.com.br\/index.php\/2025\/04\/26\/tariff-and-environmental-fund-are-brics-chancealers-priorities\/","name":"Tariff and Environmental Fund are BRICS Chancealers Priorities","isPartOf":{"@id":"https:\/\/mrnews.com.br\/#website"},"datePublished":"2025-04-27T01:28:43+00:00","breadcrumb":{"@id":"https:\/\/mrnews.com.br\/index.php\/2025\/04\/26\/tariff-and-environmental-fund-are-brics-chancealers-priorities\/#breadcrumb"},"inLanguage":"pt-BR","potentialAction":[{"@type":"ReadAction","target":["https:\/\/mrnews.com.br\/index.php\/2025\/04\/26\/tariff-and-environmental-fund-are-brics-chancealers-priorities\/"]}]},{"@type":"BreadcrumbList","@id":"https:\/\/mrnews.com.br\/index.php\/2025\/04\/26\/tariff-and-environmental-fund-are-brics-chancealers-priorities\/#breadcrumb","itemListElement":[{"@type":"ListItem","position":1,"name":"In\u00edcio","item":"https:\/\/mrnews.com.br\/"},{"@type":"ListItem","position":2,"name":"Tariff and Environmental Fund are BRICS Chancealers Priorities"}]},{"@type":"WebSite","@id":"https:\/\/mrnews.com.br\/#website","url":"https:\/\/mrnews.com.br\/","name":"MRNews","description":"MRNews Jogos de hoje da TV, transmiss\u00f5es ao vivo, Not\u00edcias de futebol, Jogos ao vivo, Lives, resumo de novelas, Programa\u00e7\u00e3o da Globo, A Fazenda e BBB","publisher":{"@id":"https:\/\/mrnews.com.br\/#organization"},"potentialAction":[{"@type":"SearchAction","target":{"@type":"EntryPoint","urlTemplate":"https:\/\/mrnews.com.br\/?s={search_term_string}"},"query-input":{"@type":"PropertyValueSpecification","valueRequired":true,"valueName":"search_term_string"}}],"inLanguage":"pt-BR"},{"@type":"Organization","@id":"https:\/\/mrnews.com.br\/#organization","name":"MRNews","url":"https:\/\/mrnews.com.br\/","logo":{"@type":"ImageObject","inLanguage":"pt-BR","@id":"https:\/\/mrnews.com.br\/#\/schema\/logo\/image\/","url":"https:\/\/mrnews.com.br\/wp-content\/uploads\/2019\/06\/MRNewslogo2.png","contentUrl":"https:\/\/mrnews.com.br\/wp-content\/uploads\/2019\/06\/MRNewslogo2.png","width":223,"height":58,"caption":"MRNews"},"image":{"@id":"https:\/\/mrnews.com.br\/#\/schema\/logo\/image\/"},"sameAs":["https:\/\/www.facebook.com\/eaipahpah\/?locale2=pt_BR","https:\/\/x.com\/conspirou","https:\/\/www.instagram.com\/eai_pahpah","https:\/\/br.pinterest.com\/mrnewsn\/boards\/","https:\/\/www.youtube.com\/channel\/UCacgnpznQ61fifLWr1tQ-vA?view_as=subscriber"]},{"@type":"Person","@id":"https:\/\/mrnews.com.br\/#\/schema\/person\/be3203154562a9f207407861cef7827b","name":"MR News","image":{"@type":"ImageObject","inLanguage":"pt-BR","@id":"https:\/\/secure.gravatar.com\/avatar\/04084e6d73c042b8646e7c17b494073bf0ede3ea13c7105cfc45cbbbc28385a4?s=96&d=monsterid&r=g","url":"https:\/\/secure.gravatar.com\/avatar\/04084e6d73c042b8646e7c17b494073bf0ede3ea13c7105cfc45cbbbc28385a4?s=96&d=monsterid&r=g","contentUrl":"https:\/\/secure.gravatar.com\/avatar\/04084e6d73c042b8646e7c17b494073bf0ede3ea13c7105cfc45cbbbc28385a4?s=96&d=monsterid&r=g","caption":"MR News"},"description":"Especializado em jornalismo colaborativo pela FTP em n\u00edvel de p\u00f3s-gradua\u00e7\u00e3o. suporte@oimeliga.combr","sameAs":["HUGO R.","Admin"],"url":"https:\/\/mrnews.com.br\/index.php\/author\/admin\/"}]}},"jetpack_featured_media_url":"","jetpack_sharing_enabled":true,"jetpack_shortlink":"https:\/\/wp.me\/pa2Qf7-1QXb","amp_enabled":true,"_links":{"self":[{"href":"https:\/\/mrnews.com.br\/index.php\/wp-json\/wp\/v2\/posts\/441885","targetHints":{"allow":["GET"]}}],"collection":[{"href":"https:\/\/mrnews.com.br\/index.php\/wp-json\/wp\/v2\/posts"}],"about":[{"href":"https:\/\/mrnews.com.br\/index.php\/wp-json\/wp\/v2\/types\/post"}],"author":[{"embeddable":true,"href":"https:\/\/mrnews.com.br\/index.php\/wp-json\/wp\/v2\/users\/1"}],"replies":[{"embeddable":true,"href":"https:\/\/mrnews.com.br\/index.php\/wp-json\/wp\/v2\/comments?post=441885"}],"version-history":[{"count":0,"href":"https:\/\/mrnews.com.br\/index.php\/wp-json\/wp\/v2\/posts\/441885\/revisions"}],"wp:attachment":[{"href":"https:\/\/mrnews.com.br\/index.php\/wp-json\/wp\/v2\/media?parent=441885"}],"wp:term":[{"taxonomy":"category","embeddable":true,"href":"https:\/\/mrnews.com.br\/index.php\/wp-json\/wp\/v2\/categories?post=441885"},{"taxonomy":"post_tag","embeddable":true,"href":"https:\/\/mrnews.com.br\/index.php\/wp-json\/wp\/v2\/tags?post=441885"}],"curies":[{"name":"wp","href":"https:\/\/api.w.org\/{rel}","templated":true}]}}