{"id":442828,"date":"2025-05-10T09:42:17","date_gmt":"2025-05-10T12:42:17","guid":{"rendered":"https:\/\/mrnews.com.br\/index.php\/2025\/05\/10\/selecao-feminina-sera-convocada-na-terca-para-amistosos-contra-o-japao\/"},"modified":"2025-05-10T09:42:17","modified_gmt":"2025-05-10T12:42:17","slug":"selecao-feminina-sera-convocada-na-terca-para-amistosos-contra-o-japao","status":"publish","type":"post","link":"https:\/\/mrnews.com.br\/index.php\/2025\/05\/10\/selecao-feminina-sera-convocada-na-terca-para-amistosos-contra-o-japao\/","title":{"rendered":"Sele\u00e7\u00e3o feminina ser\u00e1 convocada na ter\u00e7a para amistosos contra o Jap\u00e3o"},"content":{"rendered":"<p><\/p>\n<div>\n<p>O t\u00e9cnico Arthur Elias convocar\u00e1 a sele\u00e7\u00e3o brasileira feminina de futebol na pr\u00f3xima ter\u00e7a-feira (13) para dois amistosos contra o Jap\u00e3o, que far\u00e3o parte da prepara\u00e7\u00e3o da equipe para a Copa Am\u00e9rica, principal competi\u00e7\u00e3o do ano.\u00a0Os nomes das jogadoras ser\u00e3o revelados a partir de meio-dia (hor\u00e1rio de Bras\u00edlia), com transmiss\u00e3o ao vivo na <strong>CBF TV.<\/strong> \u00a0As duas partidas ocorrer\u00e3o em S\u00e3o Paulo: a primeira em 30 de maio, \u00e0s 21h30 (hor\u00e1rio de Bras\u00edlia), na Neo Qu\u00edmica Arena, na zona leste da capital; e a \u00a0segunda, em 2 de junho, \u00e0s 20h, no rec\u00e9m-reformado Est\u00e1dio Cicero de Souza Marques, na cidade de \u00a0Bragan\u00e7a Paulista.<\/p>\n<p>A equipe japonesa subiu para a quinta posi\u00e7\u00e3o no ranking mundial da Fifa, ap\u00f3s conquistar o t\u00edtulo da She Believes Cup em fevereiro, com vit\u00f3ria na final contra os Estados Unidos (2 a 1). \u00a0A sele\u00e7\u00e3o (8\u00aa) chegar\u00e1 com moral alto na partida: em abril, as brasileiras obtiveram uma vit\u00f3ria hist\u00f3rica (2 a 1) contra as norte-americanas, no estado da Calif\u00f3rnia (EUA).<\/p>\n<p>Brasil e Jap\u00e3o j\u00e1 se enfrentaram em 16 oportunidades. As asi\u00e1ticas somam sete vit\u00f3rias contra seis das brasileiras. Tr\u00eas confrontos terminaram empatados.<\/p>\n<p>A sele\u00e7\u00e3o finaliza a prepara\u00e7\u00e3o para a Copa Am\u00e9rica em 27 de junho, em amistoso contra a Fran\u00e7a, atual n\u00famero nove do mundo, no Est\u00e1dio dos Alpes, na cidade de Grenoble. Ser\u00e1 o primeiro embate entre as duas equipes desde a elimina\u00e7\u00e3o das francesas nas quartas de final da Olimp\u00edada de Paris, em agosto do ano passado. Gabi Portilho marcou o \u00fanico gol da vit\u00f3ria in\u00e9dita da Amarelinha contra as Les Bleus.<\/p>\n<p>A Copa Am\u00e9rica est\u00e1 programada para o per\u00edodo de\u00a012 de julho a 2 de agosto, no Equador. <strong>O Brasil, atual campe\u00e3o, caiu na Chave B<\/strong>, junto com\u00a0Col\u00f4mbia &#8211;\u00a0rival derrotada na final na edi\u00e7\u00e3o passada (2022) -, Paraguai, Venezuela e Bol\u00edvia.\u00a0<\/p>\n<p>      <!-- Relacionada --><\/p>\n<p>            <!-- Relacionada -->\n    <\/div>\n","protected":false},"excerpt":{"rendered":"<p>O t\u00e9cnico Arthur Elias convocar\u00e1 a sele\u00e7\u00e3o brasileira feminina de futebol na pr\u00f3xima ter\u00e7a-feira (13) para dois amistosos contra o Jap\u00e3o, que far\u00e3o parte da prepara\u00e7\u00e3o da equipe para a Copa Am\u00e9rica, principal competi\u00e7\u00e3o do ano.\u00a0Os nomes das jogadoras ser\u00e3o revelados a partir de meio-dia (hor\u00e1rio de Bras\u00edlia), com transmiss\u00e3o ao vivo na CBF TV. &hellip;<\/p>\n","protected":false},"author":1,"featured_media":0,"comment_status":"open","ping_status":"open","sticky":false,"template":"","format":"standard","meta":{"_jetpack_memberships_contains_paid_content":false,"footnotes":""},"categories":[3,4587,4],"tags":[],"class_list":["post-442828","post","type-post","status-publish","format-standard","hentry","category-esportes1","category-esportes","category-servicos"],"yoast_head":"<!-- This site is optimized with the Yoast SEO plugin v27.5 - https:\/\/yoast.com\/product\/yoast-seo-wordpress\/ -->\n<title>Sele\u00e7\u00e3o feminina ser\u00e1 convocada na ter\u00e7a para amistosos contra o Jap\u00e3o<\/title>\n<meta name=\"robots\" content=\"index, follow, max-snippet:-1, max-image-preview:large, max-video-preview:-1\" \/>\n<link rel=\"canonical\" href=\"https:\/\/mrnews.com.br\/index.php\/2025\/05\/10\/selecao-feminina-sera-convocada-na-terca-para-amistosos-contra-o-japao\/\" \/>\n<meta property=\"og:locale\" content=\"pt_BR\" \/>\n<meta property=\"og:type\" content=\"article\" \/>\n<meta property=\"og:title\" content=\"Sele\u00e7\u00e3o feminina ser\u00e1 convocada na ter\u00e7a para amistosos contra o Jap\u00e3o\" \/>\n<meta property=\"og:description\" content=\"O t\u00e9cnico Arthur Elias convocar\u00e1 a sele\u00e7\u00e3o brasileira feminina de futebol na pr\u00f3xima ter\u00e7a-feira (13) para dois amistosos contra o Jap\u00e3o, que far\u00e3o parte da prepara\u00e7\u00e3o da equipe para a Copa Am\u00e9rica, principal competi\u00e7\u00e3o do ano.\u00a0Os nomes das jogadoras ser\u00e3o revelados a partir de meio-dia (hor\u00e1rio de Bras\u00edlia), com transmiss\u00e3o ao vivo na CBF TV. &hellip;\" \/>\n<meta property=\"og:url\" content=\"https:\/\/mrnews.com.br\/index.php\/2025\/05\/10\/selecao-feminina-sera-convocada-na-terca-para-amistosos-contra-o-japao\/\" \/>\n<meta property=\"og:site_name\" content=\"MRNews\" \/>\n<meta property=\"article:publisher\" content=\"https:\/\/www.facebook.com\/eaipahpah\/?locale2=pt_BR\" \/>\n<meta property=\"article:published_time\" content=\"2025-05-10T12:42:17+00:00\" \/>\n<meta name=\"author\" content=\"MR News\" \/>\n<meta name=\"twitter:card\" content=\"summary_large_image\" \/>\n<meta name=\"twitter:creator\" content=\"@conspirou\" \/>\n<meta name=\"twitter:site\" content=\"@conspirou\" \/>\n<meta name=\"twitter:label1\" content=\"Escrito por\" \/>\n\t<meta name=\"twitter:data1\" content=\"MR News\" \/>\n\t<meta name=\"twitter:label2\" content=\"Est. tempo de leitura\" \/>\n\t<meta name=\"twitter:data2\" content=\"2 minutos\" \/>\n<script type=\"application\/ld+json\" class=\"yoast-schema-graph\">{\"@context\":\"https:\\\/\\\/schema.org\",\"@graph\":[{\"@type\":\"Article\",\"@id\":\"https:\\\/\\\/mrnews.com.br\\\/index.php\\\/2025\\\/05\\\/10\\\/selecao-feminina-sera-convocada-na-terca-para-amistosos-contra-o-japao\\\/#article\",\"isPartOf\":{\"@id\":\"https:\\\/\\\/mrnews.com.br\\\/index.php\\\/2025\\\/05\\\/10\\\/selecao-feminina-sera-convocada-na-terca-para-amistosos-contra-o-japao\\\/\"},\"author\":{\"name\":\"MR News\",\"@id\":\"https:\\\/\\\/mrnews.com.br\\\/#\\\/schema\\\/person\\\/be3203154562a9f207407861cef7827b\"},\"headline\":\"Sele\u00e7\u00e3o feminina ser\u00e1 convocada na ter\u00e7a para amistosos contra o Jap\u00e3o\",\"datePublished\":\"2025-05-10T12:42:17+00:00\",\"mainEntityOfPage\":{\"@id\":\"https:\\\/\\\/mrnews.com.br\\\/index.php\\\/2025\\\/05\\\/10\\\/selecao-feminina-sera-convocada-na-terca-para-amistosos-contra-o-japao\\\/\"},\"wordCount\":353,\"commentCount\":0,\"publisher\":{\"@id\":\"https:\\\/\\\/mrnews.com.br\\\/#organization\"},\"articleSection\":[\"ESPORTES\",\"Esportes\",\"SERVI\u00c7OS\"],\"inLanguage\":\"pt-BR\",\"potentialAction\":[{\"@type\":\"CommentAction\",\"name\":\"Comment\",\"target\":[\"https:\\\/\\\/mrnews.com.br\\\/index.php\\\/2025\\\/05\\\/10\\\/selecao-feminina-sera-convocada-na-terca-para-amistosos-contra-o-japao\\\/#respond\"]}]},{\"@type\":\"WebPage\",\"@id\":\"https:\\\/\\\/mrnews.com.br\\\/index.php\\\/2025\\\/05\\\/10\\\/selecao-feminina-sera-convocada-na-terca-para-amistosos-contra-o-japao\\\/\",\"url\":\"https:\\\/\\\/mrnews.com.br\\\/index.php\\\/2025\\\/05\\\/10\\\/selecao-feminina-sera-convocada-na-terca-para-amistosos-contra-o-japao\\\/\",\"name\":\"Sele\u00e7\u00e3o feminina ser\u00e1 convocada na ter\u00e7a para amistosos contra o Jap\u00e3o\",\"isPartOf\":{\"@id\":\"https:\\\/\\\/mrnews.com.br\\\/#website\"},\"datePublished\":\"2025-05-10T12:42:17+00:00\",\"breadcrumb\":{\"@id\":\"https:\\\/\\\/mrnews.com.br\\\/index.php\\\/2025\\\/05\\\/10\\\/selecao-feminina-sera-convocada-na-terca-para-amistosos-contra-o-japao\\\/#breadcrumb\"},\"inLanguage\":\"pt-BR\",\"potentialAction\":[{\"@type\":\"ReadAction\",\"target\":[\"https:\\\/\\\/mrnews.com.br\\\/index.php\\\/2025\\\/05\\\/10\\\/selecao-feminina-sera-convocada-na-terca-para-amistosos-contra-o-japao\\\/\"]}]},{\"@type\":\"BreadcrumbList\",\"@id\":\"https:\\\/\\\/mrnews.com.br\\\/index.php\\\/2025\\\/05\\\/10\\\/selecao-feminina-sera-convocada-na-terca-para-amistosos-contra-o-japao\\\/#breadcrumb\",\"itemListElement\":[{\"@type\":\"ListItem\",\"position\":1,\"name\":\"In\u00edcio\",\"item\":\"https:\\\/\\\/mrnews.com.br\\\/\"},{\"@type\":\"ListItem\",\"position\":2,\"name\":\"Sele\u00e7\u00e3o feminina ser\u00e1 convocada na ter\u00e7a para amistosos contra o Jap\u00e3o\"}]},{\"@type\":\"WebSite\",\"@id\":\"https:\\\/\\\/mrnews.com.br\\\/#website\",\"url\":\"https:\\\/\\\/mrnews.com.br\\\/\",\"name\":\"MRNews\",\"description\":\"MRNews Jogos de hoje da TV, transmiss\u00f5es ao vivo, Not\u00edcias de futebol, Jogos ao vivo, Lives, resumo de novelas, Programa\u00e7\u00e3o da Globo, A Fazenda e BBB\",\"publisher\":{\"@id\":\"https:\\\/\\\/mrnews.com.br\\\/#organization\"},\"potentialAction\":[{\"@type\":\"SearchAction\",\"target\":{\"@type\":\"EntryPoint\",\"urlTemplate\":\"https:\\\/\\\/mrnews.com.br\\\/?s={search_term_string}\"},\"query-input\":{\"@type\":\"PropertyValueSpecification\",\"valueRequired\":true,\"valueName\":\"search_term_string\"}}],\"inLanguage\":\"pt-BR\"},{\"@type\":\"Organization\",\"@id\":\"https:\\\/\\\/mrnews.com.br\\\/#organization\",\"name\":\"MRNews\",\"url\":\"https:\\\/\\\/mrnews.com.br\\\/\",\"logo\":{\"@type\":\"ImageObject\",\"inLanguage\":\"pt-BR\",\"@id\":\"https:\\\/\\\/mrnews.com.br\\\/#\\\/schema\\\/logo\\\/image\\\/\",\"url\":\"https:\\\/\\\/mrnews.com.br\\\/wp-content\\\/uploads\\\/2019\\\/06\\\/MRNewslogo2.png\",\"contentUrl\":\"https:\\\/\\\/mrnews.com.br\\\/wp-content\\\/uploads\\\/2019\\\/06\\\/MRNewslogo2.png\",\"width\":223,\"height\":58,\"caption\":\"MRNews\"},\"image\":{\"@id\":\"https:\\\/\\\/mrnews.com.br\\\/#\\\/schema\\\/logo\\\/image\\\/\"},\"sameAs\":[\"https:\\\/\\\/www.facebook.com\\\/eaipahpah\\\/?locale2=pt_BR\",\"https:\\\/\\\/x.com\\\/conspirou\",\"https:\\\/\\\/www.instagram.com\\\/eai_pahpah\",\"https:\\\/\\\/br.pinterest.com\\\/mrnewsn\\\/boards\\\/\",\"https:\\\/\\\/www.youtube.com\\\/channel\\\/UCacgnpznQ61fifLWr1tQ-vA?view_as=subscriber\"]},{\"@type\":\"Person\",\"@id\":\"https:\\\/\\\/mrnews.com.br\\\/#\\\/schema\\\/person\\\/be3203154562a9f207407861cef7827b\",\"name\":\"MR News\",\"image\":{\"@type\":\"ImageObject\",\"inLanguage\":\"pt-BR\",\"@id\":\"https:\\\/\\\/secure.gravatar.com\\\/avatar\\\/04084e6d73c042b8646e7c17b494073bf0ede3ea13c7105cfc45cbbbc28385a4?s=96&d=monsterid&r=g\",\"url\":\"https:\\\/\\\/secure.gravatar.com\\\/avatar\\\/04084e6d73c042b8646e7c17b494073bf0ede3ea13c7105cfc45cbbbc28385a4?s=96&d=monsterid&r=g\",\"contentUrl\":\"https:\\\/\\\/secure.gravatar.com\\\/avatar\\\/04084e6d73c042b8646e7c17b494073bf0ede3ea13c7105cfc45cbbbc28385a4?s=96&d=monsterid&r=g\",\"caption\":\"MR News\"},\"description\":\"Especializado em jornalismo colaborativo pela FTP em n\u00edvel de p\u00f3s-gradua\u00e7\u00e3o. suporte@oimeliga.combr\",\"sameAs\":[\"HUGO R.\",\"Admin\"],\"url\":\"https:\\\/\\\/mrnews.com.br\\\/index.php\\\/author\\\/admin\\\/\"}]}<\/script>\n<!-- \/ Yoast SEO plugin. -->","yoast_head_json":{"title":"Sele\u00e7\u00e3o feminina ser\u00e1 convocada na ter\u00e7a para amistosos contra o Jap\u00e3o","robots":{"index":"index","follow":"follow","max-snippet":"max-snippet:-1","max-image-preview":"max-image-preview:large","max-video-preview":"max-video-preview:-1"},"canonical":"https:\/\/mrnews.com.br\/index.php\/2025\/05\/10\/selecao-feminina-sera-convocada-na-terca-para-amistosos-contra-o-japao\/","og_locale":"pt_BR","og_type":"article","og_title":"Sele\u00e7\u00e3o feminina ser\u00e1 convocada na ter\u00e7a para amistosos contra o Jap\u00e3o","og_description":"O t\u00e9cnico Arthur Elias convocar\u00e1 a sele\u00e7\u00e3o brasileira feminina de futebol na pr\u00f3xima ter\u00e7a-feira (13) para dois amistosos contra o Jap\u00e3o, que far\u00e3o parte da prepara\u00e7\u00e3o da equipe para a Copa Am\u00e9rica, principal competi\u00e7\u00e3o do ano.\u00a0Os nomes das jogadoras ser\u00e3o revelados a partir de meio-dia (hor\u00e1rio de Bras\u00edlia), com transmiss\u00e3o ao vivo na CBF TV. &hellip;","og_url":"https:\/\/mrnews.com.br\/index.php\/2025\/05\/10\/selecao-feminina-sera-convocada-na-terca-para-amistosos-contra-o-japao\/","og_site_name":"MRNews","article_publisher":"https:\/\/www.facebook.com\/eaipahpah\/?locale2=pt_BR","article_published_time":"2025-05-10T12:42:17+00:00","author":"MR News","twitter_card":"summary_large_image","twitter_creator":"@conspirou","twitter_site":"@conspirou","twitter_misc":{"Escrito por":"MR News","Est. tempo de leitura":"2 minutos"},"schema":{"@context":"https:\/\/schema.org","@graph":[{"@type":"Article","@id":"https:\/\/mrnews.com.br\/index.php\/2025\/05\/10\/selecao-feminina-sera-convocada-na-terca-para-amistosos-contra-o-japao\/#article","isPartOf":{"@id":"https:\/\/mrnews.com.br\/index.php\/2025\/05\/10\/selecao-feminina-sera-convocada-na-terca-para-amistosos-contra-o-japao\/"},"author":{"name":"MR News","@id":"https:\/\/mrnews.com.br\/#\/schema\/person\/be3203154562a9f207407861cef7827b"},"headline":"Sele\u00e7\u00e3o feminina ser\u00e1 convocada na ter\u00e7a para amistosos contra o Jap\u00e3o","datePublished":"2025-05-10T12:42:17+00:00","mainEntityOfPage":{"@id":"https:\/\/mrnews.com.br\/index.php\/2025\/05\/10\/selecao-feminina-sera-convocada-na-terca-para-amistosos-contra-o-japao\/"},"wordCount":353,"commentCount":0,"publisher":{"@id":"https:\/\/mrnews.com.br\/#organization"},"articleSection":["ESPORTES","Esportes","SERVI\u00c7OS"],"inLanguage":"pt-BR","potentialAction":[{"@type":"CommentAction","name":"Comment","target":["https:\/\/mrnews.com.br\/index.php\/2025\/05\/10\/selecao-feminina-sera-convocada-na-terca-para-amistosos-contra-o-japao\/#respond"]}]},{"@type":"WebPage","@id":"https:\/\/mrnews.com.br\/index.php\/2025\/05\/10\/selecao-feminina-sera-convocada-na-terca-para-amistosos-contra-o-japao\/","url":"https:\/\/mrnews.com.br\/index.php\/2025\/05\/10\/selecao-feminina-sera-convocada-na-terca-para-amistosos-contra-o-japao\/","name":"Sele\u00e7\u00e3o feminina ser\u00e1 convocada na ter\u00e7a para amistosos contra o Jap\u00e3o","isPartOf":{"@id":"https:\/\/mrnews.com.br\/#website"},"datePublished":"2025-05-10T12:42:17+00:00","breadcrumb":{"@id":"https:\/\/mrnews.com.br\/index.php\/2025\/05\/10\/selecao-feminina-sera-convocada-na-terca-para-amistosos-contra-o-japao\/#breadcrumb"},"inLanguage":"pt-BR","potentialAction":[{"@type":"ReadAction","target":["https:\/\/mrnews.com.br\/index.php\/2025\/05\/10\/selecao-feminina-sera-convocada-na-terca-para-amistosos-contra-o-japao\/"]}]},{"@type":"BreadcrumbList","@id":"https:\/\/mrnews.com.br\/index.php\/2025\/05\/10\/selecao-feminina-sera-convocada-na-terca-para-amistosos-contra-o-japao\/#breadcrumb","itemListElement":[{"@type":"ListItem","position":1,"name":"In\u00edcio","item":"https:\/\/mrnews.com.br\/"},{"@type":"ListItem","position":2,"name":"Sele\u00e7\u00e3o feminina ser\u00e1 convocada na ter\u00e7a para amistosos contra o Jap\u00e3o"}]},{"@type":"WebSite","@id":"https:\/\/mrnews.com.br\/#website","url":"https:\/\/mrnews.com.br\/","name":"MRNews","description":"MRNews Jogos de hoje da TV, transmiss\u00f5es ao vivo, Not\u00edcias de futebol, Jogos ao vivo, Lives, resumo de novelas, Programa\u00e7\u00e3o da Globo, A Fazenda e BBB","publisher":{"@id":"https:\/\/mrnews.com.br\/#organization"},"potentialAction":[{"@type":"SearchAction","target":{"@type":"EntryPoint","urlTemplate":"https:\/\/mrnews.com.br\/?s={search_term_string}"},"query-input":{"@type":"PropertyValueSpecification","valueRequired":true,"valueName":"search_term_string"}}],"inLanguage":"pt-BR"},{"@type":"Organization","@id":"https:\/\/mrnews.com.br\/#organization","name":"MRNews","url":"https:\/\/mrnews.com.br\/","logo":{"@type":"ImageObject","inLanguage":"pt-BR","@id":"https:\/\/mrnews.com.br\/#\/schema\/logo\/image\/","url":"https:\/\/mrnews.com.br\/wp-content\/uploads\/2019\/06\/MRNewslogo2.png","contentUrl":"https:\/\/mrnews.com.br\/wp-content\/uploads\/2019\/06\/MRNewslogo2.png","width":223,"height":58,"caption":"MRNews"},"image":{"@id":"https:\/\/mrnews.com.br\/#\/schema\/logo\/image\/"},"sameAs":["https:\/\/www.facebook.com\/eaipahpah\/?locale2=pt_BR","https:\/\/x.com\/conspirou","https:\/\/www.instagram.com\/eai_pahpah","https:\/\/br.pinterest.com\/mrnewsn\/boards\/","https:\/\/www.youtube.com\/channel\/UCacgnpznQ61fifLWr1tQ-vA?view_as=subscriber"]},{"@type":"Person","@id":"https:\/\/mrnews.com.br\/#\/schema\/person\/be3203154562a9f207407861cef7827b","name":"MR News","image":{"@type":"ImageObject","inLanguage":"pt-BR","@id":"https:\/\/secure.gravatar.com\/avatar\/04084e6d73c042b8646e7c17b494073bf0ede3ea13c7105cfc45cbbbc28385a4?s=96&d=monsterid&r=g","url":"https:\/\/secure.gravatar.com\/avatar\/04084e6d73c042b8646e7c17b494073bf0ede3ea13c7105cfc45cbbbc28385a4?s=96&d=monsterid&r=g","contentUrl":"https:\/\/secure.gravatar.com\/avatar\/04084e6d73c042b8646e7c17b494073bf0ede3ea13c7105cfc45cbbbc28385a4?s=96&d=monsterid&r=g","caption":"MR News"},"description":"Especializado em jornalismo colaborativo pela FTP em n\u00edvel de p\u00f3s-gradua\u00e7\u00e3o. suporte@oimeliga.combr","sameAs":["HUGO R.","Admin"],"url":"https:\/\/mrnews.com.br\/index.php\/author\/admin\/"}]}},"jetpack_featured_media_url":"","jetpack_sharing_enabled":true,"jetpack_shortlink":"https:\/\/wp.me\/pa2Qf7-1Rco","amp_enabled":true,"_links":{"self":[{"href":"https:\/\/mrnews.com.br\/index.php\/wp-json\/wp\/v2\/posts\/442828","targetHints":{"allow":["GET"]}}],"collection":[{"href":"https:\/\/mrnews.com.br\/index.php\/wp-json\/wp\/v2\/posts"}],"about":[{"href":"https:\/\/mrnews.com.br\/index.php\/wp-json\/wp\/v2\/types\/post"}],"author":[{"embeddable":true,"href":"https:\/\/mrnews.com.br\/index.php\/wp-json\/wp\/v2\/users\/1"}],"replies":[{"embeddable":true,"href":"https:\/\/mrnews.com.br\/index.php\/wp-json\/wp\/v2\/comments?post=442828"}],"version-history":[{"count":0,"href":"https:\/\/mrnews.com.br\/index.php\/wp-json\/wp\/v2\/posts\/442828\/revisions"}],"wp:attachment":[{"href":"https:\/\/mrnews.com.br\/index.php\/wp-json\/wp\/v2\/media?parent=442828"}],"wp:term":[{"taxonomy":"category","embeddable":true,"href":"https:\/\/mrnews.com.br\/index.php\/wp-json\/wp\/v2\/categories?post=442828"},{"taxonomy":"post_tag","embeddable":true,"href":"https:\/\/mrnews.com.br\/index.php\/wp-json\/wp\/v2\/tags?post=442828"}],"curies":[{"name":"wp","href":"https:\/\/api.w.org\/{rel}","templated":true}]}}