{"id":443969,"date":"2025-05-26T20:32:51","date_gmt":"2025-05-26T23:32:51","guid":{"rendered":"https:\/\/mrnews.com.br\/index.php\/2025\/05\/26\/roubo-de-veiculos-caiu-24-em-abril-no-rio-de-janeiro-diz-isp\/"},"modified":"2025-05-26T20:32:51","modified_gmt":"2025-05-26T23:32:51","slug":"roubo-de-veiculos-caiu-24-em-abril-no-rio-de-janeiro-diz-isp","status":"publish","type":"post","link":"https:\/\/mrnews.com.br\/index.php\/2025\/05\/26\/roubo-de-veiculos-caiu-24-em-abril-no-rio-de-janeiro-diz-isp\/","title":{"rendered":"Roubo de ve\u00edculos caiu 24% em abril no Rio de Janeiro, diz ISP"},"content":{"rendered":"<p>Por EBC, <\/p>\n<div>\n<p><strong>Dados divulgados nesta segunda-feira (26) pelo Instituto de Seguran\u00e7a P\u00fablica (ISP) do Rio de Janeiro mostram que o roubo de ve\u00edculos caiu 24% em abril, na compara\u00e7\u00e3o com o mesmo m\u00eas do ano passado.\u00a0<\/strong><\/p>\n<p>Foram 1.579 ocorr\u00eancias no per\u00edodo analisado, 490 a menos que em abril de 2024, quando houve 2.069 registros. Com esses dados, o quarto m\u00eas do ano apresentou o menor n\u00famero de roubos para o m\u00eas desde 2011. No acumulado do ano, entre janeiro e abril, houve 8.160 registros de roubo de ve\u00edculos, contra 8.361 no mesmo per\u00edodo de 2024, uma redu\u00e7\u00e3o de 2%.<\/p>\n<blockquote>\n<p>\u201cEsse resultado \u00e9 fruto das a\u00e7\u00f5es que as for\u00e7as de seguran\u00e7a v\u00eam realizando em todo o estado. Os indicadores estrat\u00e9gicos est\u00e3o melhorando, mas vamos atr\u00e1s de resultados ainda melhores\u201d, afirmou o governador Cl\u00e1udio Castro.<\/p>\n<\/blockquote>\n<p>Outros crimes tamb\u00e9m ca\u00edram no m\u00eas de abril: foram 205 v\u00edtimas de homic\u00eddio doloso, 23 casos a menos (10%) que em abril de 2024, que registrou 228 mortes. De janeiro a abril, agentes de seguran\u00e7a retiraram das ruas 2.185 armas, alta de 7,3% em rela\u00e7\u00e3o ao mesmo per\u00edodo de 2024, equivalente a uma m\u00e9dia de 18 por dia.<\/p>\n<p>As apreens\u00f5es de fuzis tamb\u00e9m cresceram em abril: foram 263 no per\u00edodo analisado em 2025, aumento de 10% em compara\u00e7\u00e3o com os 239 registrados no ano passado. Houve ainda crescimento nas apreens\u00f5es de drogas, que somaram 8.242 ocorr\u00eancias \u2014 aumento de 6% em rela\u00e7\u00e3o a 2024, com m\u00e9dia de quase 69 por dia. As pris\u00f5es em flagrante subiram 2%, com 14.344 ocorr\u00eancias no per\u00edodo, o equivalente a uma m\u00e9dia di\u00e1ria de 119 registros.<\/p>\n<p><strong>Para a diretora-presidente do ISP, Marcela Ortiz, a redu\u00e7\u00e3o no roubo de ve\u00edculos e o aumento nas apreens\u00f5es de armas, fuzis, drogas e pris\u00f5es em flagrante demonstra o compromisso das institui\u00e7\u00f5es com o enfrentamento qualificado da criminalidade.<\/strong>\u00a0<\/p>\n<blockquote>\n<p>\u201cEsses resultados positivos, aliados \u00e0 queda nos \u00edndices de crimes violentos como homic\u00eddios dolosos, refor\u00e7am a import\u00e2ncia do monitoramento constante dos dados\u201d, disse Marcela.<\/p>\n<\/blockquote>\n<p>      <!-- Relacionada --><\/p>\n<p>            <!-- Relacionada -->\n    <\/div>\n","protected":false},"excerpt":{"rendered":"<p>Por EBC, Dados divulgados nesta segunda-feira (26) pelo Instituto de Seguran\u00e7a P\u00fablica (ISP) do Rio de Janeiro mostram que o roubo de ve\u00edculos caiu 24% em abril, na compara\u00e7\u00e3o com o mesmo m\u00eas do ano passado.\u00a0 Foram 1.579 ocorr\u00eancias no per\u00edodo analisado, 490 a menos que em abril de 2024, quando houve 2.069 registros. Com &hellip;<\/p>\n","protected":false},"author":1,"featured_media":0,"comment_status":"open","ping_status":"open","sticky":false,"template":"","format":"standard","meta":{"_jetpack_memberships_contains_paid_content":false,"footnotes":""},"categories":[2,12225,4],"tags":[],"class_list":["post-443969","post","type-post","status-publish","format-standard","hentry","category-entretenimento","category-noticias","category-servicos"],"yoast_head":"<!-- This site is optimized with the Yoast SEO plugin v27.4 - https:\/\/yoast.com\/product\/yoast-seo-wordpress\/ -->\n<title>Roubo de ve\u00edculos caiu 24% em abril no Rio de Janeiro, diz ISP<\/title>\n<meta name=\"robots\" content=\"index, follow, max-snippet:-1, max-image-preview:large, max-video-preview:-1\" \/>\n<link rel=\"canonical\" href=\"https:\/\/mrnews.com.br\/index.php\/2025\/05\/26\/roubo-de-veiculos-caiu-24-em-abril-no-rio-de-janeiro-diz-isp\/\" \/>\n<meta property=\"og:locale\" content=\"pt_BR\" \/>\n<meta property=\"og:type\" content=\"article\" \/>\n<meta property=\"og:title\" content=\"Roubo de ve\u00edculos caiu 24% em abril no Rio de Janeiro, diz ISP\" \/>\n<meta property=\"og:description\" content=\"Por EBC, Dados divulgados nesta segunda-feira (26) pelo Instituto de Seguran\u00e7a P\u00fablica (ISP) do Rio de Janeiro mostram que o roubo de ve\u00edculos caiu 24% em abril, na compara\u00e7\u00e3o com o mesmo m\u00eas do ano passado.\u00a0 Foram 1.579 ocorr\u00eancias no per\u00edodo analisado, 490 a menos que em abril de 2024, quando houve 2.069 registros. Com &hellip;\" \/>\n<meta property=\"og:url\" content=\"https:\/\/mrnews.com.br\/index.php\/2025\/05\/26\/roubo-de-veiculos-caiu-24-em-abril-no-rio-de-janeiro-diz-isp\/\" \/>\n<meta property=\"og:site_name\" content=\"MRNews\" \/>\n<meta property=\"article:publisher\" content=\"https:\/\/www.facebook.com\/eaipahpah\/?locale2=pt_BR\" \/>\n<meta property=\"article:published_time\" content=\"2025-05-26T23:32:51+00:00\" \/>\n<meta name=\"author\" content=\"MR News\" \/>\n<meta name=\"twitter:card\" content=\"summary_large_image\" \/>\n<meta name=\"twitter:creator\" content=\"@conspirou\" \/>\n<meta name=\"twitter:site\" content=\"@conspirou\" \/>\n<meta name=\"twitter:label1\" content=\"Escrito por\" \/>\n\t<meta name=\"twitter:data1\" content=\"MR News\" \/>\n\t<meta name=\"twitter:label2\" content=\"Est. tempo de leitura\" \/>\n\t<meta name=\"twitter:data2\" content=\"2 minutos\" \/>\n<script type=\"application\/ld+json\" class=\"yoast-schema-graph\">{\"@context\":\"https:\\\/\\\/schema.org\",\"@graph\":[{\"@type\":\"Article\",\"@id\":\"https:\\\/\\\/mrnews.com.br\\\/index.php\\\/2025\\\/05\\\/26\\\/roubo-de-veiculos-caiu-24-em-abril-no-rio-de-janeiro-diz-isp\\\/#article\",\"isPartOf\":{\"@id\":\"https:\\\/\\\/mrnews.com.br\\\/index.php\\\/2025\\\/05\\\/26\\\/roubo-de-veiculos-caiu-24-em-abril-no-rio-de-janeiro-diz-isp\\\/\"},\"author\":{\"name\":\"MR News\",\"@id\":\"https:\\\/\\\/mrnews.com.br\\\/#\\\/schema\\\/person\\\/be3203154562a9f207407861cef7827b\"},\"headline\":\"Roubo de ve\u00edculos caiu 24% em abril no Rio de Janeiro, diz ISP\",\"datePublished\":\"2025-05-26T23:32:51+00:00\",\"mainEntityOfPage\":{\"@id\":\"https:\\\/\\\/mrnews.com.br\\\/index.php\\\/2025\\\/05\\\/26\\\/roubo-de-veiculos-caiu-24-em-abril-no-rio-de-janeiro-diz-isp\\\/\"},\"wordCount\":355,\"commentCount\":0,\"publisher\":{\"@id\":\"https:\\\/\\\/mrnews.com.br\\\/#organization\"},\"articleSection\":[\"ENTRETENIMENTO\",\"NOTICIAS\",\"SERVI\u00c7OS\"],\"inLanguage\":\"pt-BR\",\"potentialAction\":[{\"@type\":\"CommentAction\",\"name\":\"Comment\",\"target\":[\"https:\\\/\\\/mrnews.com.br\\\/index.php\\\/2025\\\/05\\\/26\\\/roubo-de-veiculos-caiu-24-em-abril-no-rio-de-janeiro-diz-isp\\\/#respond\"]}]},{\"@type\":\"WebPage\",\"@id\":\"https:\\\/\\\/mrnews.com.br\\\/index.php\\\/2025\\\/05\\\/26\\\/roubo-de-veiculos-caiu-24-em-abril-no-rio-de-janeiro-diz-isp\\\/\",\"url\":\"https:\\\/\\\/mrnews.com.br\\\/index.php\\\/2025\\\/05\\\/26\\\/roubo-de-veiculos-caiu-24-em-abril-no-rio-de-janeiro-diz-isp\\\/\",\"name\":\"Roubo de ve\u00edculos caiu 24% em abril no Rio de Janeiro, diz ISP\",\"isPartOf\":{\"@id\":\"https:\\\/\\\/mrnews.com.br\\\/#website\"},\"datePublished\":\"2025-05-26T23:32:51+00:00\",\"breadcrumb\":{\"@id\":\"https:\\\/\\\/mrnews.com.br\\\/index.php\\\/2025\\\/05\\\/26\\\/roubo-de-veiculos-caiu-24-em-abril-no-rio-de-janeiro-diz-isp\\\/#breadcrumb\"},\"inLanguage\":\"pt-BR\",\"potentialAction\":[{\"@type\":\"ReadAction\",\"target\":[\"https:\\\/\\\/mrnews.com.br\\\/index.php\\\/2025\\\/05\\\/26\\\/roubo-de-veiculos-caiu-24-em-abril-no-rio-de-janeiro-diz-isp\\\/\"]}]},{\"@type\":\"BreadcrumbList\",\"@id\":\"https:\\\/\\\/mrnews.com.br\\\/index.php\\\/2025\\\/05\\\/26\\\/roubo-de-veiculos-caiu-24-em-abril-no-rio-de-janeiro-diz-isp\\\/#breadcrumb\",\"itemListElement\":[{\"@type\":\"ListItem\",\"position\":1,\"name\":\"In\u00edcio\",\"item\":\"https:\\\/\\\/mrnews.com.br\\\/\"},{\"@type\":\"ListItem\",\"position\":2,\"name\":\"Roubo de ve\u00edculos caiu 24% em abril no Rio de Janeiro, diz ISP\"}]},{\"@type\":\"WebSite\",\"@id\":\"https:\\\/\\\/mrnews.com.br\\\/#website\",\"url\":\"https:\\\/\\\/mrnews.com.br\\\/\",\"name\":\"MRNews\",\"description\":\"MRNews Jogos de hoje da TV, transmiss\u00f5es ao vivo, Not\u00edcias de futebol, Jogos ao vivo, Lives, resumo de novelas, Programa\u00e7\u00e3o da Globo, A Fazenda e BBB\",\"publisher\":{\"@id\":\"https:\\\/\\\/mrnews.com.br\\\/#organization\"},\"potentialAction\":[{\"@type\":\"SearchAction\",\"target\":{\"@type\":\"EntryPoint\",\"urlTemplate\":\"https:\\\/\\\/mrnews.com.br\\\/?s={search_term_string}\"},\"query-input\":{\"@type\":\"PropertyValueSpecification\",\"valueRequired\":true,\"valueName\":\"search_term_string\"}}],\"inLanguage\":\"pt-BR\"},{\"@type\":\"Organization\",\"@id\":\"https:\\\/\\\/mrnews.com.br\\\/#organization\",\"name\":\"MRNews\",\"url\":\"https:\\\/\\\/mrnews.com.br\\\/\",\"logo\":{\"@type\":\"ImageObject\",\"inLanguage\":\"pt-BR\",\"@id\":\"https:\\\/\\\/mrnews.com.br\\\/#\\\/schema\\\/logo\\\/image\\\/\",\"url\":\"https:\\\/\\\/mrnews.com.br\\\/wp-content\\\/uploads\\\/2019\\\/06\\\/MRNewslogo2.png\",\"contentUrl\":\"https:\\\/\\\/mrnews.com.br\\\/wp-content\\\/uploads\\\/2019\\\/06\\\/MRNewslogo2.png\",\"width\":223,\"height\":58,\"caption\":\"MRNews\"},\"image\":{\"@id\":\"https:\\\/\\\/mrnews.com.br\\\/#\\\/schema\\\/logo\\\/image\\\/\"},\"sameAs\":[\"https:\\\/\\\/www.facebook.com\\\/eaipahpah\\\/?locale2=pt_BR\",\"https:\\\/\\\/x.com\\\/conspirou\",\"https:\\\/\\\/www.instagram.com\\\/eai_pahpah\",\"https:\\\/\\\/br.pinterest.com\\\/mrnewsn\\\/boards\\\/\",\"https:\\\/\\\/www.youtube.com\\\/channel\\\/UCacgnpznQ61fifLWr1tQ-vA?view_as=subscriber\"]},{\"@type\":\"Person\",\"@id\":\"https:\\\/\\\/mrnews.com.br\\\/#\\\/schema\\\/person\\\/be3203154562a9f207407861cef7827b\",\"name\":\"MR News\",\"image\":{\"@type\":\"ImageObject\",\"inLanguage\":\"pt-BR\",\"@id\":\"https:\\\/\\\/secure.gravatar.com\\\/avatar\\\/04084e6d73c042b8646e7c17b494073bf0ede3ea13c7105cfc45cbbbc28385a4?s=96&d=monsterid&r=g\",\"url\":\"https:\\\/\\\/secure.gravatar.com\\\/avatar\\\/04084e6d73c042b8646e7c17b494073bf0ede3ea13c7105cfc45cbbbc28385a4?s=96&d=monsterid&r=g\",\"contentUrl\":\"https:\\\/\\\/secure.gravatar.com\\\/avatar\\\/04084e6d73c042b8646e7c17b494073bf0ede3ea13c7105cfc45cbbbc28385a4?s=96&d=monsterid&r=g\",\"caption\":\"MR News\"},\"description\":\"Especializado em jornalismo colaborativo pela FTP em n\u00edvel de p\u00f3s-gradua\u00e7\u00e3o. suporte@oimeliga.combr\",\"sameAs\":[\"HUGO R.\",\"Admin\"],\"url\":\"https:\\\/\\\/mrnews.com.br\\\/index.php\\\/author\\\/admin\\\/\"}]}<\/script>\n<!-- \/ Yoast SEO plugin. -->","yoast_head_json":{"title":"Roubo de ve\u00edculos caiu 24% em abril no Rio de Janeiro, diz ISP","robots":{"index":"index","follow":"follow","max-snippet":"max-snippet:-1","max-image-preview":"max-image-preview:large","max-video-preview":"max-video-preview:-1"},"canonical":"https:\/\/mrnews.com.br\/index.php\/2025\/05\/26\/roubo-de-veiculos-caiu-24-em-abril-no-rio-de-janeiro-diz-isp\/","og_locale":"pt_BR","og_type":"article","og_title":"Roubo de ve\u00edculos caiu 24% em abril no Rio de Janeiro, diz ISP","og_description":"Por EBC, Dados divulgados nesta segunda-feira (26) pelo Instituto de Seguran\u00e7a P\u00fablica (ISP) do Rio de Janeiro mostram que o roubo de ve\u00edculos caiu 24% em abril, na compara\u00e7\u00e3o com o mesmo m\u00eas do ano passado.\u00a0 Foram 1.579 ocorr\u00eancias no per\u00edodo analisado, 490 a menos que em abril de 2024, quando houve 2.069 registros. Com &hellip;","og_url":"https:\/\/mrnews.com.br\/index.php\/2025\/05\/26\/roubo-de-veiculos-caiu-24-em-abril-no-rio-de-janeiro-diz-isp\/","og_site_name":"MRNews","article_publisher":"https:\/\/www.facebook.com\/eaipahpah\/?locale2=pt_BR","article_published_time":"2025-05-26T23:32:51+00:00","author":"MR News","twitter_card":"summary_large_image","twitter_creator":"@conspirou","twitter_site":"@conspirou","twitter_misc":{"Escrito por":"MR News","Est. tempo de leitura":"2 minutos"},"schema":{"@context":"https:\/\/schema.org","@graph":[{"@type":"Article","@id":"https:\/\/mrnews.com.br\/index.php\/2025\/05\/26\/roubo-de-veiculos-caiu-24-em-abril-no-rio-de-janeiro-diz-isp\/#article","isPartOf":{"@id":"https:\/\/mrnews.com.br\/index.php\/2025\/05\/26\/roubo-de-veiculos-caiu-24-em-abril-no-rio-de-janeiro-diz-isp\/"},"author":{"name":"MR News","@id":"https:\/\/mrnews.com.br\/#\/schema\/person\/be3203154562a9f207407861cef7827b"},"headline":"Roubo de ve\u00edculos caiu 24% em abril no Rio de Janeiro, diz ISP","datePublished":"2025-05-26T23:32:51+00:00","mainEntityOfPage":{"@id":"https:\/\/mrnews.com.br\/index.php\/2025\/05\/26\/roubo-de-veiculos-caiu-24-em-abril-no-rio-de-janeiro-diz-isp\/"},"wordCount":355,"commentCount":0,"publisher":{"@id":"https:\/\/mrnews.com.br\/#organization"},"articleSection":["ENTRETENIMENTO","NOTICIAS","SERVI\u00c7OS"],"inLanguage":"pt-BR","potentialAction":[{"@type":"CommentAction","name":"Comment","target":["https:\/\/mrnews.com.br\/index.php\/2025\/05\/26\/roubo-de-veiculos-caiu-24-em-abril-no-rio-de-janeiro-diz-isp\/#respond"]}]},{"@type":"WebPage","@id":"https:\/\/mrnews.com.br\/index.php\/2025\/05\/26\/roubo-de-veiculos-caiu-24-em-abril-no-rio-de-janeiro-diz-isp\/","url":"https:\/\/mrnews.com.br\/index.php\/2025\/05\/26\/roubo-de-veiculos-caiu-24-em-abril-no-rio-de-janeiro-diz-isp\/","name":"Roubo de ve\u00edculos caiu 24% em abril no Rio de Janeiro, diz ISP","isPartOf":{"@id":"https:\/\/mrnews.com.br\/#website"},"datePublished":"2025-05-26T23:32:51+00:00","breadcrumb":{"@id":"https:\/\/mrnews.com.br\/index.php\/2025\/05\/26\/roubo-de-veiculos-caiu-24-em-abril-no-rio-de-janeiro-diz-isp\/#breadcrumb"},"inLanguage":"pt-BR","potentialAction":[{"@type":"ReadAction","target":["https:\/\/mrnews.com.br\/index.php\/2025\/05\/26\/roubo-de-veiculos-caiu-24-em-abril-no-rio-de-janeiro-diz-isp\/"]}]},{"@type":"BreadcrumbList","@id":"https:\/\/mrnews.com.br\/index.php\/2025\/05\/26\/roubo-de-veiculos-caiu-24-em-abril-no-rio-de-janeiro-diz-isp\/#breadcrumb","itemListElement":[{"@type":"ListItem","position":1,"name":"In\u00edcio","item":"https:\/\/mrnews.com.br\/"},{"@type":"ListItem","position":2,"name":"Roubo de ve\u00edculos caiu 24% em abril no Rio de Janeiro, diz ISP"}]},{"@type":"WebSite","@id":"https:\/\/mrnews.com.br\/#website","url":"https:\/\/mrnews.com.br\/","name":"MRNews","description":"MRNews Jogos de hoje da TV, transmiss\u00f5es ao vivo, Not\u00edcias de futebol, Jogos ao vivo, Lives, resumo de novelas, Programa\u00e7\u00e3o da Globo, A Fazenda e BBB","publisher":{"@id":"https:\/\/mrnews.com.br\/#organization"},"potentialAction":[{"@type":"SearchAction","target":{"@type":"EntryPoint","urlTemplate":"https:\/\/mrnews.com.br\/?s={search_term_string}"},"query-input":{"@type":"PropertyValueSpecification","valueRequired":true,"valueName":"search_term_string"}}],"inLanguage":"pt-BR"},{"@type":"Organization","@id":"https:\/\/mrnews.com.br\/#organization","name":"MRNews","url":"https:\/\/mrnews.com.br\/","logo":{"@type":"ImageObject","inLanguage":"pt-BR","@id":"https:\/\/mrnews.com.br\/#\/schema\/logo\/image\/","url":"https:\/\/mrnews.com.br\/wp-content\/uploads\/2019\/06\/MRNewslogo2.png","contentUrl":"https:\/\/mrnews.com.br\/wp-content\/uploads\/2019\/06\/MRNewslogo2.png","width":223,"height":58,"caption":"MRNews"},"image":{"@id":"https:\/\/mrnews.com.br\/#\/schema\/logo\/image\/"},"sameAs":["https:\/\/www.facebook.com\/eaipahpah\/?locale2=pt_BR","https:\/\/x.com\/conspirou","https:\/\/www.instagram.com\/eai_pahpah","https:\/\/br.pinterest.com\/mrnewsn\/boards\/","https:\/\/www.youtube.com\/channel\/UCacgnpznQ61fifLWr1tQ-vA?view_as=subscriber"]},{"@type":"Person","@id":"https:\/\/mrnews.com.br\/#\/schema\/person\/be3203154562a9f207407861cef7827b","name":"MR News","image":{"@type":"ImageObject","inLanguage":"pt-BR","@id":"https:\/\/secure.gravatar.com\/avatar\/04084e6d73c042b8646e7c17b494073bf0ede3ea13c7105cfc45cbbbc28385a4?s=96&d=monsterid&r=g","url":"https:\/\/secure.gravatar.com\/avatar\/04084e6d73c042b8646e7c17b494073bf0ede3ea13c7105cfc45cbbbc28385a4?s=96&d=monsterid&r=g","contentUrl":"https:\/\/secure.gravatar.com\/avatar\/04084e6d73c042b8646e7c17b494073bf0ede3ea13c7105cfc45cbbbc28385a4?s=96&d=monsterid&r=g","caption":"MR News"},"description":"Especializado em jornalismo colaborativo pela FTP em n\u00edvel de p\u00f3s-gradua\u00e7\u00e3o. suporte@oimeliga.combr","sameAs":["HUGO R.","Admin"],"url":"https:\/\/mrnews.com.br\/index.php\/author\/admin\/"}]}},"jetpack_featured_media_url":"","jetpack_sharing_enabled":true,"jetpack_shortlink":"https:\/\/wp.me\/pa2Qf7-1RuN","amp_enabled":true,"_links":{"self":[{"href":"https:\/\/mrnews.com.br\/index.php\/wp-json\/wp\/v2\/posts\/443969","targetHints":{"allow":["GET"]}}],"collection":[{"href":"https:\/\/mrnews.com.br\/index.php\/wp-json\/wp\/v2\/posts"}],"about":[{"href":"https:\/\/mrnews.com.br\/index.php\/wp-json\/wp\/v2\/types\/post"}],"author":[{"embeddable":true,"href":"https:\/\/mrnews.com.br\/index.php\/wp-json\/wp\/v2\/users\/1"}],"replies":[{"embeddable":true,"href":"https:\/\/mrnews.com.br\/index.php\/wp-json\/wp\/v2\/comments?post=443969"}],"version-history":[{"count":0,"href":"https:\/\/mrnews.com.br\/index.php\/wp-json\/wp\/v2\/posts\/443969\/revisions"}],"wp:attachment":[{"href":"https:\/\/mrnews.com.br\/index.php\/wp-json\/wp\/v2\/media?parent=443969"}],"wp:term":[{"taxonomy":"category","embeddable":true,"href":"https:\/\/mrnews.com.br\/index.php\/wp-json\/wp\/v2\/categories?post=443969"},{"taxonomy":"post_tag","embeddable":true,"href":"https:\/\/mrnews.com.br\/index.php\/wp-json\/wp\/v2\/tags?post=443969"}],"curies":[{"name":"wp","href":"https:\/\/api.w.org\/{rel}","templated":true}]}}